{"id":634528,"date":"2026-04-21T10:45:59","date_gmt":"2026-04-21T08:45:59","guid":{"rendered":"https:\/\/kohenavocats.com\/tribunal-judiciaire-de-aix-en-provence-le-13-octobre-2025-n22-05437\/"},"modified":"2026-04-21T10:45:59","modified_gmt":"2026-04-21T08:45:59","slug":"tribunal-judiciaire-de-aix-en-provence-le-13-octobre-2025-n22-05437","status":"publish","type":"post","link":"https:\/\/kohenavocats.com\/zh-hans\/tribunal-judiciaire-de-aix-en-provence-le-13-octobre-2025-n22-05437\/","title":{"rendered":"Tribunal judiciaire de Aix-en-Provence, le 13 octobre 2025, n\u00b022\/05437"},"content":{"rendered":"<div class=\"article-content\">\n<p>Le tribunal judiciaire d&#8217;Aix-en-Provence, le 13 octobre 2025, statue sur un litige entre acqu\u00e9reurs et vendeurs d&#8217;un bien immobilier. Les premiers invoquent la garantie des vices cach\u00e9s en raison de fissures. Les d\u00e9fendeurs opposent l&#8217;irrecevabilit\u00e9 des conclusions tardives et une fin de non-recevoir tir\u00e9e de la prescription. La juridiction rejette l&#8217;ensemble des demandes des acqu\u00e9reurs et condamne ceux-ci aux d\u00e9pens et \u00e0 une indemnit\u00e9 sur le fondement de l&#8217;article 700 du code de proc\u00e9dure civile.<\/p>\n<p>La r\u00e9gularit\u00e9 proc\u00e9durale des d\u00e9bats<\/p>\n<p>La recevabilit\u00e9 des conclusions d\u00e9pos\u00e9es avant cl\u00f4ture. Les d\u00e9fendeurs soutenaient l&#8217;irrecevabilit\u00e9 de conclusions notifi\u00e9es le jour m\u00eame de l&#8217;ordonnance de cl\u00f4ture. Le tribunal \u00e9carte ce moyen en relevant que ces \u00e9critures ont \u00e9t\u00e9 communiqu\u00e9es avant la cl\u00f4ture. Il estime que le principe du contradictoire n&#8217;a pas \u00e9t\u00e9 viol\u00e9, les autres parties n&#8217;ayant pas sollicit\u00e9 de d\u00e9lai suppl\u00e9mentaire. Cette solution rappelle que la communication pr\u00e9alable \u00e0 la cl\u00f4ture est le crit\u00e8re principal de recevabilit\u00e9. Elle confirme une application stricte des r\u00e8gles de mise en \u00e9tat, privil\u00e9giant la c\u00e9l\u00e9rit\u00e9 de la proc\u00e9dure d\u00e8s lors que les droits de la d\u00e9fense sont pr\u00e9serv\u00e9s.<\/p>\n<p>L&#8217;irrecevabilit\u00e9 d&#8217;une fin de non-recevoir soulev\u00e9e tardivement. Les vendeurs invoquaient la prescription de l&#8217;action en garantie devant le juge du fond. Le tribunal rappelle que la prescription constitue une fin de non-recevoir. Il souligne que &#8220;faute d\u2019avoir saisi le juge de la mise en \u00e9tat par des \u00e9critures sp\u00e9cialement adress\u00e9es et distinctes des conclusions de fond, la prescription soulev\u00e9e (&#8230;) devant le juge du fond est irrecevable&#8221;. Cette d\u00e9cision r\u00e9affirme la r\u00e9partition des comp\u00e9tences entre juge de la mise en \u00e9tat et juge du fond. Elle sanctionne le non-respect des formes requises pour soulever une telle exception, garantissant ainsi l&#8217;efficacit\u00e9 de la phase d&#8217;instruction.<\/p>\n<p>L&#8217;exigence probatoire de la connaissance du vice par le vendeur<\/p>\n<p>L&#8217;application d&#8217;une clause exon\u00e9ratoire de garantie. Le tribunal reconna\u00eet l&#8217;existence de d\u00e9sordres importants post\u00e9rieurs \u00e0 la vente, dont un arr\u00eat\u00e9 de p\u00e9ril. Il constate cependant que la vente comprenait une clause exon\u00e9ratoire de garantie des vices cach\u00e9s. Il rappelle que cette clause est valable sauf si le vendeur connaissait le vice. La charge de la preuve p\u00e8se sur l&#8217;acqu\u00e9reur. En l&#8217;esp\u00e8ce, il n&#8217;est pas \u00e9tabli que les vendeurs avaient une connaissance certaine de la gravit\u00e9 des fissures avant la vente. Cette analyse souligne la force obligatoire des clauses contractuelles, sous r\u00e9serve de la bonne foi.<\/p>\n<p>L&#8217;insuffisance des indices pour caract\u00e9riser la connaissance du vice. Les juges rel\u00e8vent plusieurs \u00e9l\u00e9ments ant\u00e9rieurs \u00e0 la vente : un \u00e9tat des lieux locatif mentionnant une fissure et une \u00e9tude de l&#8217;architecte du syndicat. Ils estiment que ces indices ne suffisent pas \u00e0 prouver que les vendeurs connaissaient la nature et l&#8217;ampleur exactes du vice. &#8220;Les \u00e9l\u00e9ments de cette \u00e9tude ne permettent pas d\u2019\u00e9tablir que l\u2019architecte est entr\u00e9 en contact avec les propri\u00e9taires&#8221;. Cette exigence d&#8217;une preuve certaine de la connaissance subjective prot\u00e8ge le vendeur de bonne foi. Elle rend tr\u00e8s difficile la mise en \u0153uvre de la garantie en pr\u00e9sence d&#8217;une clause d&#8217;exon\u00e9ration, renfor\u00e7ant la s\u00e9curit\u00e9 des transactions.<\/p>\n<\/div>\n","protected":false},"excerpt":{"rendered":"<p>Le tribunal judiciaire d&#8217;Aix-en-Provence, le 13 octobre 2025, statue sur un litige entre acqu\u00e9reurs et vendeurs d&#8217;un bien immobilier. Les premiers invoquent &#8230;<\/p>\n","protected":false},"author":232070755,"featured_media":9591,"comment_status":"open","ping_status":"open","sticky":false,"template":"","format":"standard","meta":{"_crdt_document":"","_jetpack_newsletter_access":"","_jetpack_dont_email_post_to_subs":false,"_jetpack_newsletter_tier_id":0,"_jetpack_memberships_contains_paywalled_content":false,"_kj_source_type":"judilibre","_kj_official_id":"691714d6e097417ee1bfdfdd","_kj_official_url":"https:\/\/www.courdecassation.fr\/decision\/691714d6e097417ee1bfdfdd","_kj_judilibre_id":"691714d6e097417ee1bfdfdd","_kj_jur":"Tribunal judiciaire","_kj_lieu":"Tribunal judiciaire d'Aix-en-Provence","_kj_chambre":"CH GENERALISTE A","_kj_rg":"22\/05437","_kj_date":"2025-10-13","_jetpack_memberships_contains_paid_content":false,"footnotes":"","jetpack_post_was_ever_published":false},"categories":[7597],"tags":[],"class_list":["post-634528","post","type-post","status-publish","format-standard","has-post-thumbnail","hentry","category-jurisprudence"],"yoast_head":"<!-- This site is optimized with the Yoast SEO Premium plugin v27.5 (Yoast SEO v27.5) - https:\/\/yoast.com\/product\/yoast-seo-premium-wordpress\/ -->\n<title>Tribunal judiciaire de Aix-en-Provence, le 13 octobre 2025, n\u00b022\/05437 - Ma\u00eetre Hassan Kohen, avocat en droit p\u00e9nal \u00e0 Paris<\/title>\n<meta name=\"description\" content=\"Le tribunal judiciaire d&#039;Aix-en-Provence, le 13 octobre 2025, statue sur un litige entre acqu\u00e9reurs et vendeurs d&#039;un bien immobilier. Les premiers invoquent ...\" \/>\n<meta name=\"robots\" content=\"index, follow, max-snippet:-1, max-image-preview:large, max-video-preview:-1\" \/>\n<link rel=\"canonical\" href=\"https:\/\/kohenavocats.com\/zh-hans\/tribunal-judiciaire-de-aix-en-provence-le-13-octobre-2025-n22-05437\/\" \/>\n<meta property=\"og:locale\" content=\"zh_CN\" \/>\n<meta property=\"og:type\" content=\"article\" \/>\n<meta property=\"og:title\" content=\"Tribunal judiciaire de Aix-en-Provence, le 13 octobre 2025, n\u00b022\/05437\" \/>\n<meta property=\"og:description\" content=\"Le tribunal judiciaire d&#039;Aix-en-Provence, le 13 octobre 2025, statue sur un litige entre acqu\u00e9reurs et vendeurs d&#039;un bien immobilier. Les premiers invoquent ...\" \/>\n<meta property=\"og:url\" content=\"https:\/\/kohenavocats.com\/zh-hans\/tribunal-judiciaire-de-aix-en-provence-le-13-octobre-2025-n22-05437\/\" \/>\n<meta property=\"og:site_name\" content=\"Ma\u00eetre Hassan Kohen, avocat en droit p\u00e9nal \u00e0 Paris\" \/>\n<meta property=\"article:published_time\" content=\"2026-04-21T08:45:59+00:00\" \/>\n<meta property=\"og:image\" content=\"https:\/\/kohenavocats.com\/wp-content\/uploads\/2024\/11\/mohamed-nohassi-vGTXy8FS7b0-unsplash.webp\" \/>\n\t<meta property=\"og:image:width\" content=\"3000\" \/>\n\t<meta property=\"og:image:height\" content=\"4108\" \/>\n\t<meta property=\"og:image:type\" content=\"image\/webp\" \/>\n<meta name=\"author\" content=\"Kohen\" \/>\n<meta name=\"twitter:card\" content=\"summary_large_image\" \/>\n<meta name=\"twitter:label1\" content=\"\u4f5c\u8005\" \/>\n\t<meta name=\"twitter:data1\" content=\"Kohen\" \/>\n\t<meta name=\"twitter:label2\" content=\"\u9884\u8ba1\u9605\u8bfb\u65f6\u95f4\" \/>\n\t<meta name=\"twitter:data2\" content=\"3 \u5206\" \/>\n<script type=\"application\/ld+json\" class=\"yoast-schema-graph\">{\"@context\":\"https:\\\/\\\/schema.org\",\"@graph\":[{\"@type\":\"Article\",\"@id\":\"https:\\\/\\\/kohenavocats.com\\\/zh-hans\\\/tribunal-judiciaire-de-aix-en-provence-le-13-octobre-2025-n22-05437\\\/#article\",\"isPartOf\":{\"@id\":\"https:\\\/\\\/kohenavocats.com\\\/zh-hans\\\/tribunal-judiciaire-de-aix-en-provence-le-13-octobre-2025-n22-05437\\\/\"},\"author\":{\"name\":\"Kohen\",\"@id\":\"https:\\\/\\\/kohenavocats.com\\\/zh-hans\\\/#\\\/schema\\\/person\\\/761c9ba54fa1ca84d405cef0831ff751\"},\"headline\":\"Tribunal judiciaire de Aix-en-Provence, le 13 octobre 2025, n\u00b022\\\/05437\",\"datePublished\":\"2026-04-21T08:45:59+00:00\",\"mainEntityOfPage\":{\"@id\":\"https:\\\/\\\/kohenavocats.com\\\/zh-hans\\\/tribunal-judiciaire-de-aix-en-provence-le-13-octobre-2025-n22-05437\\\/\"},\"wordCount\":590,\"commentCount\":0,\"publisher\":{\"@id\":\"https:\\\/\\\/kohenavocats.com\\\/zh-hans\\\/#organization\"},\"image\":{\"@id\":\"https:\\\/\\\/kohenavocats.com\\\/zh-hans\\\/tribunal-judiciaire-de-aix-en-provence-le-13-octobre-2025-n22-05437\\\/#primaryimage\"},\"thumbnailUrl\":\"https:\\\/\\\/kohenavocats.com\\\/wp-content\\\/uploads\\\/2024\\\/11\\\/mohamed-nohassi-vGTXy8FS7b0-unsplash.webp\",\"articleSection\":[\"Jurisprudence\"],\"inLanguage\":\"zh-Hans\",\"potentialAction\":[{\"@type\":\"CommentAction\",\"name\":\"Comment\",\"target\":[\"https:\\\/\\\/kohenavocats.com\\\/zh-hans\\\/tribunal-judiciaire-de-aix-en-provence-le-13-octobre-2025-n22-05437\\\/#respond\"]}],\"citation\":\"Tribunal judiciaire de Aix-en-Provence, le 13 octobre 2025, n\u00b022\\\/05437\",\"about\":[{\"@type\":\"Thing\",\"name\":\"Jurisprudence\"}],\"dateModified\":\"2026-04-21T08:45:59+00:00\",\"speakable\":{\"@type\":\"SpeakableSpecification\",\"cssSelector\":[\".article-content > p:first-of-type\"]}},{\"@type\":\"WebPage\",\"@id\":\"https:\\\/\\\/kohenavocats.com\\\/zh-hans\\\/tribunal-judiciaire-de-aix-en-provence-le-13-octobre-2025-n22-05437\\\/\",\"url\":\"https:\\\/\\\/kohenavocats.com\\\/zh-hans\\\/tribunal-judiciaire-de-aix-en-provence-le-13-octobre-2025-n22-05437\\\/\",\"name\":\"Tribunal judiciaire de Aix-en-Provence, le 13 octobre 2025, n\u00b022\\\/05437 - Ma\u00eetre Hassan Kohen, avocat en droit p\u00e9nal \u00e0 Paris\",\"isPartOf\":{\"@id\":\"https:\\\/\\\/kohenavocats.com\\\/zh-hans\\\/#website\"},\"primaryImageOfPage\":{\"@id\":\"https:\\\/\\\/kohenavocats.com\\\/zh-hans\\\/tribunal-judiciaire-de-aix-en-provence-le-13-octobre-2025-n22-05437\\\/#primaryimage\"},\"image\":{\"@id\":\"https:\\\/\\\/kohenavocats.com\\\/zh-hans\\\/tribunal-judiciaire-de-aix-en-provence-le-13-octobre-2025-n22-05437\\\/#primaryimage\"},\"thumbnailUrl\":\"https:\\\/\\\/kohenavocats.com\\\/wp-content\\\/uploads\\\/2024\\\/11\\\/mohamed-nohassi-vGTXy8FS7b0-unsplash.webp\",\"datePublished\":\"2026-04-21T08:45:59+00:00\",\"description\":\"Le tribunal judiciaire d'Aix-en-Provence, le 13 octobre 2025, statue sur un litige entre acqu\u00e9reurs et vendeurs d'un bien immobilier. Les premiers invoquent ...\",\"breadcrumb\":{\"@id\":\"https:\\\/\\\/kohenavocats.com\\\/zh-hans\\\/tribunal-judiciaire-de-aix-en-provence-le-13-octobre-2025-n22-05437\\\/#breadcrumb\"},\"inLanguage\":\"zh-Hans\",\"potentialAction\":[{\"@type\":\"ReadAction\",\"target\":[\"https:\\\/\\\/kohenavocats.com\\\/zh-hans\\\/tribunal-judiciaire-de-aix-en-provence-le-13-octobre-2025-n22-05437\\\/\"]}]},{\"@type\":\"ImageObject\",\"inLanguage\":\"zh-Hans\",\"@id\":\"https:\\\/\\\/kohenavocats.com\\\/zh-hans\\\/tribunal-judiciaire-de-aix-en-provence-le-13-octobre-2025-n22-05437\\\/#primaryimage\",\"url\":\"https:\\\/\\\/kohenavocats.com\\\/wp-content\\\/uploads\\\/2024\\\/11\\\/mohamed-nohassi-vGTXy8FS7b0-unsplash.webp\",\"contentUrl\":\"https:\\\/\\\/kohenavocats.com\\\/wp-content\\\/uploads\\\/2024\\\/11\\\/mohamed-nohassi-vGTXy8FS7b0-unsplash.webp\",\"width\":3000,\"height\":4108},{\"@type\":\"BreadcrumbList\",\"@id\":\"https:\\\/\\\/kohenavocats.com\\\/zh-hans\\\/tribunal-judiciaire-de-aix-en-provence-le-13-octobre-2025-n22-05437\\\/#breadcrumb\",\"itemListElement\":[{\"@type\":\"ListItem\",\"position\":1,\"name\":\"Home\",\"item\":\"https:\\\/\\\/kohenavocats.com\\\/zh-hans\\\/\"},{\"@type\":\"ListItem\",\"position\":2,\"name\":\"Tribunal judiciaire de Aix-en-Provence, le 13 octobre 2025, n\u00b022\\\/05437\"}]},{\"@type\":\"WebSite\",\"@id\":\"https:\\\/\\\/kohenavocats.com\\\/zh-hans\\\/#website\",\"url\":\"https:\\\/\\\/kohenavocats.com\\\/zh-hans\\\/\",\"name\":\"Kohen Avocats\",\"description\":\"Ma\u00eetre Hassan Kohen, avocat p\u00e9naliste \u00e0 Paris, intervient exclusivement en droit p\u00e9nal pour la d\u00e9fense des particuliers, notamment en mati\u00e8re d\u2019accusations de viol. Il assure un accompagnement rigoureux d\u00e8s la garde \u00e0 vue jusqu\u2019\u00e0 la Cour d\u2019assises, veillant au strict respect des garanties proc\u00e9durales.\",\"publisher\":{\"@id\":\"https:\\\/\\\/kohenavocats.com\\\/zh-hans\\\/#organization\"},\"potentialAction\":[{\"@type\":\"SearchAction\",\"target\":{\"@type\":\"EntryPoint\",\"urlTemplate\":\"https:\\\/\\\/kohenavocats.com\\\/zh-hans\\\/?s={search_term_string}\"},\"query-input\":{\"@type\":\"PropertyValueSpecification\",\"valueRequired\":true,\"valueName\":\"search_term_string\"}}],\"inLanguage\":\"zh-Hans\"},{\"@type\":\"Organization\",\"@id\":\"https:\\\/\\\/kohenavocats.com\\\/zh-hans\\\/#organization\",\"name\":\"Kohen Avocats\",\"url\":\"https:\\\/\\\/kohenavocats.com\\\/zh-hans\\\/\",\"logo\":{\"@type\":\"ImageObject\",\"inLanguage\":\"zh-Hans\",\"@id\":\"https:\\\/\\\/kohenavocats.com\\\/zh-hans\\\/#\\\/schema\\\/logo\\\/image\\\/\",\"url\":\"https:\\\/\\\/kohenavocats.com\\\/wp-content\\\/uploads\\\/2026\\\/01\\\/Logo-2-1.webp\",\"contentUrl\":\"https:\\\/\\\/kohenavocats.com\\\/wp-content\\\/uploads\\\/2026\\\/01\\\/Logo-2-1.webp\",\"width\":2114,\"height\":1253,\"caption\":\"Kohen Avocats\"},\"image\":{\"@id\":\"https:\\\/\\\/kohenavocats.com\\\/zh-hans\\\/#\\\/schema\\\/logo\\\/image\\\/\"}},{\"@type\":\"Person\",\"@id\":\"https:\\\/\\\/kohenavocats.com\\\/zh-hans\\\/#\\\/schema\\\/person\\\/761c9ba54fa1ca84d405cef0831ff751\",\"name\":\"Kohen\",\"image\":{\"@type\":\"ImageObject\",\"inLanguage\":\"zh-Hans\",\"@id\":\"https:\\\/\\\/secure.gravatar.com\\\/avatar\\\/1c5e76ef76bbbfdd2b4da984e2bf2fa4056fd51a27d25ce2c332047f1dfd6e00?s=96&d=identicon&r=g\",\"url\":\"https:\\\/\\\/secure.gravatar.com\\\/avatar\\\/1c5e76ef76bbbfdd2b4da984e2bf2fa4056fd51a27d25ce2c332047f1dfd6e00?s=96&d=identicon&r=g\",\"contentUrl\":\"https:\\\/\\\/secure.gravatar.com\\\/avatar\\\/1c5e76ef76bbbfdd2b4da984e2bf2fa4056fd51a27d25ce2c332047f1dfd6e00?s=96&d=identicon&r=g\",\"caption\":\"Kohen\"},\"sameAs\":[\"https:\\\/\\\/www.linkedin.com\\\/in\\\/hassan-kohen-448548192\\\/\",\"https:\\\/\\\/www.youtube.com\\\/@Kohen-Avocats\"],\"url\":\"https:\\\/\\\/kohenavocats.com\\\/zh-hans\\\/author\\\/kohenmlk\\\/\"}]}<\/script>\n<!-- \/ Yoast SEO Premium plugin. -->","yoast_head_json":{"title":"Tribunal judiciaire de Aix-en-Provence, le 13 octobre 2025, n\u00b022\/05437 - Ma\u00eetre Hassan Kohen, avocat en droit p\u00e9nal \u00e0 Paris","description":"Le tribunal judiciaire d'Aix-en-Provence, le 13 octobre 2025, statue sur un litige entre acqu\u00e9reurs et vendeurs d'un bien immobilier. Les premiers invoquent ...","robots":{"index":"index","follow":"follow","max-snippet":"max-snippet:-1","max-image-preview":"max-image-preview:large","max-video-preview":"max-video-preview:-1"},"canonical":"https:\/\/kohenavocats.com\/zh-hans\/tribunal-judiciaire-de-aix-en-provence-le-13-octobre-2025-n22-05437\/","og_locale":"zh_CN","og_type":"article","og_title":"Tribunal judiciaire de Aix-en-Provence, le 13 octobre 2025, n\u00b022\/05437","og_description":"Le tribunal judiciaire d'Aix-en-Provence, le 13 octobre 2025, statue sur un litige entre acqu\u00e9reurs et vendeurs d'un bien immobilier. Les premiers invoquent ...","og_url":"https:\/\/kohenavocats.com\/zh-hans\/tribunal-judiciaire-de-aix-en-provence-le-13-octobre-2025-n22-05437\/","og_site_name":"Ma\u00eetre Hassan Kohen, avocat en droit p\u00e9nal \u00e0 Paris","article_published_time":"2026-04-21T08:45:59+00:00","og_image":[{"width":3000,"height":4108,"url":"https:\/\/kohenavocats.com\/wp-content\/uploads\/2024\/11\/mohamed-nohassi-vGTXy8FS7b0-unsplash.webp","type":"image\/webp"}],"author":"Kohen","twitter_card":"summary_large_image","twitter_misc":{"\u4f5c\u8005":"Kohen","\u9884\u8ba1\u9605\u8bfb\u65f6\u95f4":"3 \u5206"},"schema":{"@context":"https:\/\/schema.org","@graph":[{"@type":"Article","@id":"https:\/\/kohenavocats.com\/zh-hans\/tribunal-judiciaire-de-aix-en-provence-le-13-octobre-2025-n22-05437\/#article","isPartOf":{"@id":"https:\/\/kohenavocats.com\/zh-hans\/tribunal-judiciaire-de-aix-en-provence-le-13-octobre-2025-n22-05437\/"},"author":{"name":"Kohen","@id":"https:\/\/kohenavocats.com\/zh-hans\/#\/schema\/person\/761c9ba54fa1ca84d405cef0831ff751"},"headline":"Tribunal judiciaire de Aix-en-Provence, le 13 octobre 2025, n\u00b022\/05437","datePublished":"2026-04-21T08:45:59+00:00","mainEntityOfPage":{"@id":"https:\/\/kohenavocats.com\/zh-hans\/tribunal-judiciaire-de-aix-en-provence-le-13-octobre-2025-n22-05437\/"},"wordCount":590,"commentCount":0,"publisher":{"@id":"https:\/\/kohenavocats.com\/zh-hans\/#organization"},"image":{"@id":"https:\/\/kohenavocats.com\/zh-hans\/tribunal-judiciaire-de-aix-en-provence-le-13-octobre-2025-n22-05437\/#primaryimage"},"thumbnailUrl":"https:\/\/kohenavocats.com\/wp-content\/uploads\/2024\/11\/mohamed-nohassi-vGTXy8FS7b0-unsplash.webp","articleSection":["Jurisprudence"],"inLanguage":"zh-Hans","potentialAction":[{"@type":"CommentAction","name":"Comment","target":["https:\/\/kohenavocats.com\/zh-hans\/tribunal-judiciaire-de-aix-en-provence-le-13-octobre-2025-n22-05437\/#respond"]}],"citation":"Tribunal judiciaire de Aix-en-Provence, le 13 octobre 2025, n\u00b022\/05437","about":[{"@type":"Thing","name":"Jurisprudence"}],"dateModified":"2026-04-21T08:45:59+00:00","speakable":{"@type":"SpeakableSpecification","cssSelector":[".article-content > p:first-of-type"]}},{"@type":"WebPage","@id":"https:\/\/kohenavocats.com\/zh-hans\/tribunal-judiciaire-de-aix-en-provence-le-13-octobre-2025-n22-05437\/","url":"https:\/\/kohenavocats.com\/zh-hans\/tribunal-judiciaire-de-aix-en-provence-le-13-octobre-2025-n22-05437\/","name":"Tribunal judiciaire de Aix-en-Provence, le 13 octobre 2025, n\u00b022\/05437 - Ma\u00eetre Hassan Kohen, avocat en droit p\u00e9nal \u00e0 Paris","isPartOf":{"@id":"https:\/\/kohenavocats.com\/zh-hans\/#website"},"primaryImageOfPage":{"@id":"https:\/\/kohenavocats.com\/zh-hans\/tribunal-judiciaire-de-aix-en-provence-le-13-octobre-2025-n22-05437\/#primaryimage"},"image":{"@id":"https:\/\/kohenavocats.com\/zh-hans\/tribunal-judiciaire-de-aix-en-provence-le-13-octobre-2025-n22-05437\/#primaryimage"},"thumbnailUrl":"https:\/\/kohenavocats.com\/wp-content\/uploads\/2024\/11\/mohamed-nohassi-vGTXy8FS7b0-unsplash.webp","datePublished":"2026-04-21T08:45:59+00:00","description":"Le tribunal judiciaire d'Aix-en-Provence, le 13 octobre 2025, statue sur un litige entre acqu\u00e9reurs et vendeurs d'un bien immobilier. Les premiers invoquent ...","breadcrumb":{"@id":"https:\/\/kohenavocats.com\/zh-hans\/tribunal-judiciaire-de-aix-en-provence-le-13-octobre-2025-n22-05437\/#breadcrumb"},"inLanguage":"zh-Hans","potentialAction":[{"@type":"ReadAction","target":["https:\/\/kohenavocats.com\/zh-hans\/tribunal-judiciaire-de-aix-en-provence-le-13-octobre-2025-n22-05437\/"]}]},{"@type":"ImageObject","inLanguage":"zh-Hans","@id":"https:\/\/kohenavocats.com\/zh-hans\/tribunal-judiciaire-de-aix-en-provence-le-13-octobre-2025-n22-05437\/#primaryimage","url":"https:\/\/kohenavocats.com\/wp-content\/uploads\/2024\/11\/mohamed-nohassi-vGTXy8FS7b0-unsplash.webp","contentUrl":"https:\/\/kohenavocats.com\/wp-content\/uploads\/2024\/11\/mohamed-nohassi-vGTXy8FS7b0-unsplash.webp","width":3000,"height":4108},{"@type":"BreadcrumbList","@id":"https:\/\/kohenavocats.com\/zh-hans\/tribunal-judiciaire-de-aix-en-provence-le-13-octobre-2025-n22-05437\/#breadcrumb","itemListElement":[{"@type":"ListItem","position":1,"name":"Home","item":"https:\/\/kohenavocats.com\/zh-hans\/"},{"@type":"ListItem","position":2,"name":"Tribunal judiciaire de Aix-en-Provence, le 13 octobre 2025, n\u00b022\/05437"}]},{"@type":"WebSite","@id":"https:\/\/kohenavocats.com\/zh-hans\/#website","url":"https:\/\/kohenavocats.com\/zh-hans\/","name":"Kohen Avocats","description":"Ma\u00eetre Hassan Kohen, avocat p\u00e9naliste \u00e0 Paris, intervient exclusivement en droit p\u00e9nal pour la d\u00e9fense des particuliers, notamment en mati\u00e8re d\u2019accusations de viol. Il assure un accompagnement rigoureux d\u00e8s la garde \u00e0 vue jusqu\u2019\u00e0 la Cour d\u2019assises, veillant au strict respect des garanties proc\u00e9durales.","publisher":{"@id":"https:\/\/kohenavocats.com\/zh-hans\/#organization"},"potentialAction":[{"@type":"SearchAction","target":{"@type":"EntryPoint","urlTemplate":"https:\/\/kohenavocats.com\/zh-hans\/?s={search_term_string}"},"query-input":{"@type":"PropertyValueSpecification","valueRequired":true,"valueName":"search_term_string"}}],"inLanguage":"zh-Hans"},{"@type":"Organization","@id":"https:\/\/kohenavocats.com\/zh-hans\/#organization","name":"Kohen Avocats","url":"https:\/\/kohenavocats.com\/zh-hans\/","logo":{"@type":"ImageObject","inLanguage":"zh-Hans","@id":"https:\/\/kohenavocats.com\/zh-hans\/#\/schema\/logo\/image\/","url":"https:\/\/kohenavocats.com\/wp-content\/uploads\/2026\/01\/Logo-2-1.webp","contentUrl":"https:\/\/kohenavocats.com\/wp-content\/uploads\/2026\/01\/Logo-2-1.webp","width":2114,"height":1253,"caption":"Kohen Avocats"},"image":{"@id":"https:\/\/kohenavocats.com\/zh-hans\/#\/schema\/logo\/image\/"}},{"@type":"Person","@id":"https:\/\/kohenavocats.com\/zh-hans\/#\/schema\/person\/761c9ba54fa1ca84d405cef0831ff751","name":"Kohen","image":{"@type":"ImageObject","inLanguage":"zh-Hans","@id":"https:\/\/secure.gravatar.com\/avatar\/1c5e76ef76bbbfdd2b4da984e2bf2fa4056fd51a27d25ce2c332047f1dfd6e00?s=96&d=identicon&r=g","url":"https:\/\/secure.gravatar.com\/avatar\/1c5e76ef76bbbfdd2b4da984e2bf2fa4056fd51a27d25ce2c332047f1dfd6e00?s=96&d=identicon&r=g","contentUrl":"https:\/\/secure.gravatar.com\/avatar\/1c5e76ef76bbbfdd2b4da984e2bf2fa4056fd51a27d25ce2c332047f1dfd6e00?s=96&d=identicon&r=g","caption":"Kohen"},"sameAs":["https:\/\/www.linkedin.com\/in\/hassan-kohen-448548192\/","https:\/\/www.youtube.com\/@Kohen-Avocats"],"url":"https:\/\/kohenavocats.com\/zh-hans\/author\/kohenmlk\/"}]}},"jetpack_featured_media_url":"https:\/\/kohenavocats.com\/wp-content\/uploads\/2024\/11\/mohamed-nohassi-vGTXy8FS7b0-unsplash.webp","jetpack_likes_enabled":false,"jetpack_shortlink":"https:\/\/wp.me\/peCrII-2F4k","jetpack-related-posts":[{"id":660828,"url":"https:\/\/kohenavocats.com\/zh-hans\/cour-dappel-de-aix-en-provence-le-10-juillet-2025-n24-01833\/","url_meta":{"origin":634528,"position":0},"title":"Cour d&#8217;appel de Aix-en-Provence, le 10 juillet 2025, n\u00b024\/01833","author":"Kohen","date":"2026\u5e744\u670823\u65e5","format":false,"excerpt":"La cour d'appel d'Aix-en-Provence, le 10 juillet 2\u2026","rel":"","context":"\u5728\u201cJurisprudence\u201d\u4e2d","block_context":{"text":"Jurisprudence","link":"https:\/\/kohenavocats.com\/category\/jurisprudence\/"},"img":{"alt_text":"","src":"https:\/\/i0.wp.com\/kohenavocats.com\/wp-content\/uploads\/2024\/08\/diane-picchiottino-wQiJxPvRk5U-unsplash.webp?resize=350%2C200&ssl=1","width":350,"height":200,"srcset":"https:\/\/i0.wp.com\/kohenavocats.com\/wp-content\/uploads\/2024\/08\/diane-picchiottino-wQiJxPvRk5U-unsplash.webp?resize=350%2C200&ssl=1 1x, https:\/\/i0.wp.com\/kohenavocats.com\/wp-content\/uploads\/2024\/08\/diane-picchiottino-wQiJxPvRk5U-unsplash.webp?resize=525%2C300&ssl=1 1.5x, https:\/\/i0.wp.com\/kohenavocats.com\/wp-content\/uploads\/2024\/08\/diane-picchiottino-wQiJxPvRk5U-unsplash.webp?resize=700%2C400&ssl=1 2x, https:\/\/i0.wp.com\/kohenavocats.com\/wp-content\/uploads\/2024\/08\/diane-picchiottino-wQiJxPvRk5U-unsplash.webp?resize=1050%2C600&ssl=1 3x, https:\/\/i0.wp.com\/kohenavocats.com\/wp-content\/uploads\/2024\/08\/diane-picchiottino-wQiJxPvRk5U-unsplash.webp?resize=1400%2C800&ssl=1 4x"},"classes":[]},{"id":664499,"url":"https:\/\/kohenavocats.com\/zh-hans\/cour-dappel-de-aix-en-provence-le-19-juin-2025-n24-14430\/","url_meta":{"origin":634528,"position":1},"title":"Cour d&#8217;appel de Aix-en-Provence, le 19 juin 2025, n\u00b024\/14430","author":"Kohen","date":"2026\u5e744\u670823\u65e5","format":false,"excerpt":"La cour d'appel d'Aix-en-Provence, statuant en for\u2026","rel":"","context":"\u5728\u201cJurisprudence\u201d\u4e2d","block_context":{"text":"Jurisprudence","link":"https:\/\/kohenavocats.com\/category\/jurisprudence\/"},"img":{"alt_text":"","src":"https:\/\/i0.wp.com\/kohenavocats.com\/wp-content\/uploads\/2024\/11\/ave-calvar-clKiaVaiROM-unsplash.webp?resize=350%2C200&ssl=1","width":350,"height":200,"srcset":"https:\/\/i0.wp.com\/kohenavocats.com\/wp-content\/uploads\/2024\/11\/ave-calvar-clKiaVaiROM-unsplash.webp?resize=350%2C200&ssl=1 1x, https:\/\/i0.wp.com\/kohenavocats.com\/wp-content\/uploads\/2024\/11\/ave-calvar-clKiaVaiROM-unsplash.webp?resize=525%2C300&ssl=1 1.5x, https:\/\/i0.wp.com\/kohenavocats.com\/wp-content\/uploads\/2024\/11\/ave-calvar-clKiaVaiROM-unsplash.webp?resize=700%2C400&ssl=1 2x, https:\/\/i0.wp.com\/kohenavocats.com\/wp-content\/uploads\/2024\/11\/ave-calvar-clKiaVaiROM-unsplash.webp?resize=1050%2C600&ssl=1 3x, https:\/\/i0.wp.com\/kohenavocats.com\/wp-content\/uploads\/2024\/11\/ave-calvar-clKiaVaiROM-unsplash.webp?resize=1400%2C800&ssl=1 4x"},"classes":[]},{"id":685668,"url":"https:\/\/kohenavocats.com\/zh-hans\/cour-dappel-de-aix-en-provence-le-12-aout-2025-n21-06034\/","url_meta":{"origin":634528,"position":2},"title":"Cour d&#8217;appel de Aix-en-Provence, le 12 ao\u00fbt 2025, n\u00b021\/06034","author":"Kohen","date":"2026\u5e744\u670825\u65e5","format":false,"excerpt":"La Cour d'appel d'Aix-en-Provence, 12 ao\u00fbt 2025, s\u2026","rel":"","context":"\u5728\u201cJurisprudence\u201d\u4e2d","block_context":{"text":"Jurisprudence","link":"https:\/\/kohenavocats.com\/category\/jurisprudence\/"},"img":{"alt_text":"","src":"https:\/\/i0.wp.com\/kohenavocats.com\/wp-content\/uploads\/2024\/08\/sofia-vila-flor-iX4r2YviN8E-unsplash.webp?resize=350%2C200&ssl=1","width":350,"height":200,"srcset":"https:\/\/i0.wp.com\/kohenavocats.com\/wp-content\/uploads\/2024\/08\/sofia-vila-flor-iX4r2YviN8E-unsplash.webp?resize=350%2C200&ssl=1 1x, https:\/\/i0.wp.com\/kohenavocats.com\/wp-content\/uploads\/2024\/08\/sofia-vila-flor-iX4r2YviN8E-unsplash.webp?resize=525%2C300&ssl=1 1.5x, https:\/\/i0.wp.com\/kohenavocats.com\/wp-content\/uploads\/2024\/08\/sofia-vila-flor-iX4r2YviN8E-unsplash.webp?resize=700%2C400&ssl=1 2x, https:\/\/i0.wp.com\/kohenavocats.com\/wp-content\/uploads\/2024\/08\/sofia-vila-flor-iX4r2YviN8E-unsplash.webp?resize=1050%2C600&ssl=1 3x, https:\/\/i0.wp.com\/kohenavocats.com\/wp-content\/uploads\/2024\/08\/sofia-vila-flor-iX4r2YviN8E-unsplash.webp?resize=1400%2C800&ssl=1 4x"},"classes":[]},{"id":630891,"url":"https:\/\/kohenavocats.com\/zh-hans\/cour-dappel-de-aix-en-provence-le-15-octobre-2025-n25-02402\/","url_meta":{"origin":634528,"position":3},"title":"Cour d&#8217;appel de Aix-en-Provence, le 15 octobre 2025, n\u00b025\/02402","author":"Kohen","date":"2026\u5e744\u670821\u65e5","format":false,"excerpt":"La Cour d\u2019appel d\u2019Aix-en-Provence, le 15 octobre 2\u2026","rel":"","context":"\u5728\u201cJurisprudence\u201d\u4e2d","block_context":{"text":"Jurisprudence","link":"https:\/\/kohenavocats.com\/category\/jurisprudence\/"},"img":{"alt_text":"","src":"https:\/\/i0.wp.com\/kohenavocats.com\/wp-content\/uploads\/2024\/11\/getty-images-qZQ7l1FLcgI-unsplash.webp?resize=350%2C200&ssl=1","width":350,"height":200,"srcset":"https:\/\/i0.wp.com\/kohenavocats.com\/wp-content\/uploads\/2024\/11\/getty-images-qZQ7l1FLcgI-unsplash.webp?resize=350%2C200&ssl=1 1x, https:\/\/i0.wp.com\/kohenavocats.com\/wp-content\/uploads\/2024\/11\/getty-images-qZQ7l1FLcgI-unsplash.webp?resize=525%2C300&ssl=1 1.5x, https:\/\/i0.wp.com\/kohenavocats.com\/wp-content\/uploads\/2024\/11\/getty-images-qZQ7l1FLcgI-unsplash.webp?resize=700%2C400&ssl=1 2x, https:\/\/i0.wp.com\/kohenavocats.com\/wp-content\/uploads\/2024\/11\/getty-images-qZQ7l1FLcgI-unsplash.webp?resize=1050%2C600&ssl=1 3x, https:\/\/i0.wp.com\/kohenavocats.com\/wp-content\/uploads\/2024\/11\/getty-images-qZQ7l1FLcgI-unsplash.webp?resize=1400%2C800&ssl=1 4x"},"classes":[]},{"id":621329,"url":"https:\/\/kohenavocats.com\/zh-hans\/tribunal-judiciaire-de-aix-en-provence-le-20-octobre-2025-n24-02921\/","url_meta":{"origin":634528,"position":4},"title":"Tribunal judiciaire de Aix-en-Provence, le 20 octobre 2025, n\u00b024\/02921","author":"Kohen","date":"2026\u5e744\u670820\u65e5","format":false,"excerpt":"Le tribunal judiciaire d\u2019Aix-en-Provence, statuant\u2026","rel":"","context":"\u5728\u201cJurisprudence\u201d\u4e2d","block_context":{"text":"Jurisprudence","link":"https:\/\/kohenavocats.com\/category\/jurisprudence\/"},"img":{"alt_text":"","src":"https:\/\/i0.wp.com\/kohenavocats.com\/wp-content\/uploads\/2024\/11\/virginia-marinova-3UfkjHxVch0-unsplash.webp?resize=350%2C200&ssl=1","width":350,"height":200,"srcset":"https:\/\/i0.wp.com\/kohenavocats.com\/wp-content\/uploads\/2024\/11\/virginia-marinova-3UfkjHxVch0-unsplash.webp?resize=350%2C200&ssl=1 1x, https:\/\/i0.wp.com\/kohenavocats.com\/wp-content\/uploads\/2024\/11\/virginia-marinova-3UfkjHxVch0-unsplash.webp?resize=525%2C300&ssl=1 1.5x, https:\/\/i0.wp.com\/kohenavocats.com\/wp-content\/uploads\/2024\/11\/virginia-marinova-3UfkjHxVch0-unsplash.webp?resize=700%2C400&ssl=1 2x, https:\/\/i0.wp.com\/kohenavocats.com\/wp-content\/uploads\/2024\/11\/virginia-marinova-3UfkjHxVch0-unsplash.webp?resize=1050%2C600&ssl=1 3x, https:\/\/i0.wp.com\/kohenavocats.com\/wp-content\/uploads\/2024\/11\/virginia-marinova-3UfkjHxVch0-unsplash.webp?resize=1400%2C800&ssl=1 4x"},"classes":[]},{"id":57551,"url":"https:\/\/kohenavocats.com\/zh-hans\/cour-dappel-de-aix-en-provence-le-29-aout-2025-n21-14348\/","url_meta":{"origin":634528,"position":5},"title":"Cour d&#8217;appel de Aix-en-Provence, le 29 ao\u00fbt 2025, n\u00b021\/14348","author":"Kohen","date":"2025\u5e7411\u67088\u65e5","format":false,"excerpt":"Par un arr\u00eat de la Cour d'appel d'Aix-en-Provence \u2026","rel":"","context":"\u5728\u201cCour d'appel\u201d\u4e2d","block_context":{"text":"Cour d'appel","link":"https:\/\/kohenavocats.com\/category\/cour-dappel\/"},"img":{"alt_text":"","src":"https:\/\/i0.wp.com\/kohenavocats.com\/wp-content\/uploads\/2024\/11\/ave-calvar-o6Zd8_PweIA-unsplash.webp?resize=350%2C200&ssl=1","width":350,"height":200,"srcset":"https:\/\/i0.wp.com\/kohenavocats.com\/wp-content\/uploads\/2024\/11\/ave-calvar-o6Zd8_PweIA-unsplash.webp?resize=350%2C200&ssl=1 1x, https:\/\/i0.wp.com\/kohenavocats.com\/wp-content\/uploads\/2024\/11\/ave-calvar-o6Zd8_PweIA-unsplash.webp?resize=525%2C300&ssl=1 1.5x, https:\/\/i0.wp.com\/kohenavocats.com\/wp-content\/uploads\/2024\/11\/ave-calvar-o6Zd8_PweIA-unsplash.webp?resize=700%2C400&ssl=1 2x, https:\/\/i0.wp.com\/kohenavocats.com\/wp-content\/uploads\/2024\/11\/ave-calvar-o6Zd8_PweIA-unsplash.webp?resize=1050%2C600&ssl=1 3x, https:\/\/i0.wp.com\/kohenavocats.com\/wp-content\/uploads\/2024\/11\/ave-calvar-o6Zd8_PweIA-unsplash.webp?resize=1400%2C800&ssl=1 4x"},"classes":[]}],"jetpack_sharing_enabled":true,"_links":{"self":[{"href":"https:\/\/kohenavocats.com\/zh-hans\/wp-json\/wp\/v2\/posts\/634528","targetHints":{"allow":["GET"]}}],"collection":[{"href":"https:\/\/kohenavocats.com\/zh-hans\/wp-json\/wp\/v2\/posts"}],"about":[{"href":"https:\/\/kohenavocats.com\/zh-hans\/wp-json\/wp\/v2\/types\/post"}],"author":[{"embeddable":true,"href":"https:\/\/kohenavocats.com\/zh-hans\/wp-json\/wp\/v2\/users\/232070755"}],"replies":[{"embeddable":true,"href":"https:\/\/kohenavocats.com\/zh-hans\/wp-json\/wp\/v2\/comments?post=634528"}],"version-history":[{"count":0,"href":"https:\/\/kohenavocats.com\/zh-hans\/wp-json\/wp\/v2\/posts\/634528\/revisions"}],"wp:featuredmedia":[{"embeddable":true,"href":"https:\/\/kohenavocats.com\/zh-hans\/wp-json\/wp\/v2\/media\/9591"}],"wp:attachment":[{"href":"https:\/\/kohenavocats.com\/zh-hans\/wp-json\/wp\/v2\/media?parent=634528"}],"wp:term":[{"taxonomy":"category","embeddable":true,"href":"https:\/\/kohenavocats.com\/zh-hans\/wp-json\/wp\/v2\/categories?post=634528"},{"taxonomy":"post_tag","embeddable":true,"href":"https:\/\/kohenavocats.com\/zh-hans\/wp-json\/wp\/v2\/tags?post=634528"}],"curies":[{"name":"wp","href":"https:\/\/api.w.org\/{rel}","templated":true}]}}