{"id":645129,"date":"2026-04-22T07:11:22","date_gmt":"2026-04-22T05:11:22","guid":{"rendered":"https:\/\/kohenavocats.com\/temoin-assiste-mise-en-examen-difference-droits-recours-10-jours\/"},"modified":"2026-04-22T07:11:22","modified_gmt":"2026-04-22T05:11:22","slug":"temoin-assiste-mise-en-examen-difference-droits-recours-10-jours","status":"publish","type":"post","link":"https:\/\/kohenavocats.com\/zh-hans\/temoin-assiste-mise-en-examen-difference-droits-recours-10-jours\/","title":{"rendered":"T\u00e9moin assist\u00e9 ou mise en examen : quelle diff\u00e9rence, quels droits et quel recours dans les 10 jours ?"},"content":{"rendered":"<p>Le moment le plus dangereux n&#8217;est pas toujours l&#8217;audience. C&#8217;est souvent le basculement, beaucoup plus discret, entre deux statuts que l&#8217;on confond sans cesse : t\u00e9moin assist\u00e9 et mise en examen. Or la diff\u00e9rence est pratique. Elle commande le niveau de contrainte possible, le type de d\u00e9fense \u00e0 engager tout de suite, et surtout le calendrier. Depuis la r\u00e9forme entr\u00e9e en vigueur le 30 septembre 2024, contester utilement une mise en examen au fond ne se traite plus comme avant. Le d\u00e9lai de dix jours est devenu une vraie fen\u00eatre de tir.<\/p>\n<p>Le benchmark criminal-defense am\u00e9ricain, britannique, canadien et australien converge sur une id\u00e9e simple. Les pages qui convertissent ne tournent pas autour d&#8217;une th\u00e9orie abstraite de la proc\u00e9dure. Elles r\u00e9pondent \u00e0 la question de crise : qu&#8217;est-ce qui m&#8217;arrive maintenant, qu&#8217;est-ce que je risque imm\u00e9diatement, et qu&#8217;est-ce qu&#8217;il faut faire avant de laisser filer le premier d\u00e9lai utile ? En droit fran\u00e7ais, la meilleure traduction de cette intention n&#8217;est pas une page vague sur &#8220;l&#8217;instruction&#8221;. C&#8217;est la diff\u00e9rence entre t\u00e9moin assist\u00e9 et mise en examen, puis le recours \u00e0 d\u00e9clencher dans les dix jours si le statut est contestable.<\/p>\n<h2>1. La vraie diff\u00e9rence ne tient pas seulement au vocabulaire<\/h2>\n<p>Le <a href=\"https:\/\/www.legifrance.gouv.fr\/codes\/article_lc\/LEGIARTI000006575278\">CPP, article 113-2<\/a>, permet qu&#8217;une personne soit entendue comme t\u00e9moin assist\u00e9 lorsqu&#8217;elle est nomm\u00e9ment vis\u00e9e par une plainte, mise en cause par la victime, ou lorsqu&#8217;il existe d\u00e9j\u00e0 des indices rendant vraisemblable sa participation aux faits<sup id=\"fnref:1\"><a class=\"footnote-ref\" href=\"#fn:1\">1<\/a><\/sup>. Le <a href=\"https:\/\/www.legifrance.gouv.fr\/codes\/article_lc\/LEGIARTI000048441900\">CPP, article 80-1<\/a>, vise un degr\u00e9 sup\u00e9rieur : le juge d&#8217;instruction ne peut mettre en examen qu&#8217;en pr\u00e9sence d&#8217;indices graves ou concordants et seulement s&#8217;il estime ne pas pouvoir recourir \u00e0 la proc\u00e9dure de t\u00e9moin assist\u00e9<sup id=\"fnref:2\"><a class=\"footnote-ref\" href=\"#fn:2\">2<\/a><\/sup>.<\/p>\n<p>La premi\u00e8re cons\u00e9quence est donc nette. Le t\u00e9moin assist\u00e9 n&#8217;est pas un simple t\u00e9moin ordinaire. Il est d\u00e9j\u00e0 dans la zone de mise en cause. Mais il n&#8217;est pas encore au niveau de gravit\u00e9 proc\u00e9durale qui ouvre la mise en examen.<\/p>\n<p>La seconde cons\u00e9quence est encore plus concr\u00e8te. Le t\u00e9moin assist\u00e9 b\u00e9n\u00e9ficie d\u00e9j\u00e0 d&#8217;une partie importante des droits de la d\u00e9fense. Le <a href=\"https:\/\/www.legifrance.gouv.fr\/codes\/article_lc\/LEGIARTI000029000916\">CPP, article 113-3<\/a>, lui donne un avocat, l&#8217;acc\u00e8s au dossier dans les conditions des articles 114 et 114-1, la possibilit\u00e9 de demander une confrontation, et m\u00eame de former des requ\u00eates en nullit\u00e9 sur le fondement de l&#8217;article 173<sup id=\"fnref:3\"><a class=\"footnote-ref\" href=\"#fn:3\">3<\/a><\/sup>. La diff\u00e9rence avec la mise en examen ne se r\u00e9sume donc pas \u00e0 &#8220;avoir ou non un avocat&#8221;. Elle tient surtout au degr\u00e9 de mise en cause, au risque de mesures de s\u00fbret\u00e9 et \u00e0 la place exacte occup\u00e9e dans l&#8217;information judiciaire.<\/p>\n<h2>2. Ce qui se passe au moment de la premi\u00e8re comparution<\/h2>\n<p>Le <a href=\"https:\/\/www.legifrance.gouv.fr\/codes\/article_lc\/LEGIARTI000048442080\">CPP, article 116<\/a>, organise l&#8217;interrogatoire de premi\u00e8re comparution quand le juge envisage une mise en examen<sup id=\"fnref:4\"><a class=\"footnote-ref\" href=\"#fn:4\">4<\/a><\/sup>. Le juge doit notifier les faits, leur qualification, le droit \u00e0 un avocat, puis le droit de faire des d\u00e9clarations, de r\u00e9pondre aux questions ou de se taire. Ensuite seulement, apr\u00e8s les observations utiles, il d\u00e9cide soit que la personne n&#8217;est pas mise en examen et b\u00e9n\u00e9ficie alors des droits du t\u00e9moin assist\u00e9, soit qu&#8217;elle est mise en examen.<\/p>\n<p>Le t\u00e9moin assist\u00e9 a lui aussi un formalisme propre. Le <a href=\"https:\/\/www.legifrance.gouv.fr\/codes\/article_lc\/LEGIARTI000029000912\">CPP, article 113-4<\/a>, impose qu&#8217;\u00e0 sa premi\u00e8re audition le juge lui rappelle son droit de se taire, ses droits \u00e0 l&#8217;avocat, \u00e0 l&#8217;acc\u00e8s au dossier et aux demandes pr\u00e9vues par l&#8217;article 113-3<sup id=\"fnref:5\"><a class=\"footnote-ref\" href=\"#fn:5\">5<\/a><\/sup>.<\/p>\n<p>Ce point compte beaucoup en pratique. Beaucoup de personnes entendent &#8220;t\u00e9moin assist\u00e9&#8221; comme un statut l\u00e9ger et &#8220;mise en examen&#8221; comme une condamnation cach\u00e9e. Les deux lectures sont fausses. Le t\u00e9moin assist\u00e9 est d\u00e9j\u00e0 dans l&#8217;information. La mise en examen n&#8217;est pas une d\u00e9claration de culpabilit\u00e9. La vraie question est proc\u00e9durale : \u00e0 quel niveau de soup\u00e7on le juge vous place-t-il, et qu&#8217;est-ce que ce niveau autorise imm\u00e9diatement ?<\/p>\n<h2>3. Pourquoi la mise en examen change vraiment la donne<\/h2>\n<p>Le <a href=\"https:\/\/www.legifrance.gouv.fr\/codes\/article_lc\/LEGIARTI000021331521\">CPP, article 137<\/a>, pose le principe suivant : toute personne mise en examen, pr\u00e9sum\u00e9e innocente, demeure libre, mais elle peut \u00eatre soumise \u00e0 un contr\u00f4le judiciaire, \u00e0 une assignation \u00e0 r\u00e9sidence avec surveillance \u00e9lectronique, voire, \u00e0 titre exceptionnel, \u00e0 une d\u00e9tention provisoire<sup id=\"fnref:6\"><a class=\"footnote-ref\" href=\"#fn:6\">6<\/a><\/sup>.<\/p>\n<p>Autrement dit, la mise en examen n&#8217;est pas seulement un statut symbolique. Elle ouvre la porte aux mesures de s\u00fbret\u00e9.<\/p>\n<p>Le <a href=\"https:\/\/www.legifrance.gouv.fr\/codes\/article_lc\/LEGIARTI000049571599\">CPP, article 138<\/a>, \u00e9num\u00e8re ensuite des obligations qui peuvent bouleverser la vie r\u00e9elle : pointage, interdiction de rencontrer certaines personnes, remise du passeport, restrictions de d\u00e9placement, cautionnement, interdiction d&#8217;exercer certaines activit\u00e9s professionnelles, voire limitation de conduite<sup id=\"fnref:7\"><a class=\"footnote-ref\" href=\"#fn:7\">7<\/a><\/sup>.<\/p>\n<p>Le t\u00e9moin assist\u00e9, lui, n&#8217;est pas dans cette configuration. Il peut \u00eatre entendu, confront\u00e9, mis en cause, mais il n&#8217;encourt pas, au titre de ce seul statut, un contr\u00f4le judiciaire ou une d\u00e9tention provisoire. C&#8217;est pour cela que le choix entre les deux statuts n&#8217;est pas un d\u00e9tail lexical. C&#8217;est un sujet de libert\u00e9, de strat\u00e9gie et parfois de survie professionnelle.<\/p>\n<h2>4. Le d\u00e9lai de dix jours n&#8217;est plus un d\u00e9lai d\u00e9coratif<\/h2>\n<p>Le <a href=\"https:\/\/www.legifrance.gouv.fr\/codes\/article_lc\/LEGIARTI000048441889\">CPP, article 80-1-1<\/a>, a pris une place centrale depuis la r\u00e9forme issue de la loi du 20 novembre 2023. La personne mise en examen peut demander au juge d&#8217;instruction de revenir sur sa d\u00e9cision et de lui accorder le statut de t\u00e9moin assist\u00e9. Cette demande peut \u00eatre faite au moment m\u00eame de la mise en examen ou dans les dix jours qui suivent<sup id=\"fnref:8\"><a class=\"footnote-ref\" href=\"#fn:8\">8<\/a><\/sup>.<\/p>\n<p>Ce n&#8217;est pas une option th\u00e9orique. C&#8217;est d\u00e9sormais la bonne voie lorsque la contestation porte sur l&#8217;absence ou l&#8217;insuffisance d&#8217;indices graves ou concordants.<\/p>\n<p>La chambre criminelle l&#8217;a dit clairement dans l&#8217;arr\u00eat du <a href=\"https:\/\/www.courdecassation.fr\/decision\/691c4bf88b6588a4f898c4b7\">18 novembre 2025, n\u00b0 25-82.829<\/a>, v\u00e9rifi\u00e9 via Voyage<sup id=\"fnref:9\"><a class=\"footnote-ref\" href=\"#fn:9\">9<\/a><\/sup>. Depuis la r\u00e9forme, on ne demande plus l&#8217;annulation de la mise en examen par une requ\u00eate en nullit\u00e9 au seul motif que les indices graves ou concordants feraient d\u00e9faut. Le bon terrain est la demande de placement sous le statut de t\u00e9moin assist\u00e9 dans le d\u00e9lai de dix jours, puis l&#8217;appel de l&#8217;ordonnance rendue.<\/p>\n<p>La le\u00e7on pratique est s\u00e9v\u00e8re. Si la d\u00e9fense veut discuter le fondement m\u00eame du statut, elle doit r\u00e9agir tr\u00e8s vite. Attendre en pensant qu&#8217;une nullit\u00e9 g\u00e9n\u00e9rale r\u00e9parera tout plus tard est devenu une erreur.<\/p>\n<h2>5. La nullit\u00e9 n&#8217;a pas disparu, mais elle a chang\u00e9 de terrain<\/h2>\n<p>Il faut \u00e9viter un contresens fr\u00e9quent. Dire que la contestation du statut passe d\u00e9sormais par l&#8217;article 80-1-1 ne signifie pas que les nullit\u00e9s ont disparu.<\/p>\n<p>Le m\u00eame arr\u00eat du <a href=\"https:\/\/www.courdecassation.fr\/decision\/691c4bf88b6588a4f898c4b7\">18 novembre 2025, n\u00b0 25-82.829<\/a>, rappelle au contraire que les requ\u00eates pr\u00e9vues par le <a href=\"https:\/\/www.legifrance.gouv.fr\/codes\/article_lc\/LEGIARTI000051743085\">CPP, article 173<\/a>, restent ouvertes pour les violations d&#8217;autres r\u00e8gles de proc\u00e9dure<sup id=\"fnref:10\"><a class=\"footnote-ref\" href=\"#fn:10\">10<\/a><\/sup>. En clair, le fond du statut suit le circuit de l&#8217;article 80-1-1 ; les vices proc\u00e9duraux continuent, eux, \u00e0 relever du contentieux de la nullit\u00e9.<\/p>\n<p>Deux d\u00e9cisions r\u00e9centes montrent la diff\u00e9rence.<\/p>\n<p>Dans l&#8217;arr\u00eat du <a href=\"https:\/\/www.courdecassation.fr\/decision\/65bc93951c5fe00008493409\">31 janvier 2024, n\u00b0 23-86.556<\/a>, la chambre criminelle pr\u00e9cise que les formalit\u00e9s de l&#8217;article 115 ne s&#8217;appliquent pas comme telles \u00e0 la commission d&#8217;office, mais que la d\u00e9signation n&#8217;emporte effet pour les convocations et notifications que lorsqu&#8217;elle a \u00e9t\u00e9 port\u00e9e \u00e0 la connaissance du juge d&#8217;instruction par la production de la d\u00e9cision<sup id=\"fnref:11\"><a class=\"footnote-ref\" href=\"#fn:11\">11<\/a><\/sup>. La mati\u00e8re est technique, mais l&#8217;id\u00e9e est simple : les droits de la d\u00e9fense se perdent souvent sur des questions de preuve et de notification, pas seulement sur de grands principes.<\/p>\n<p>Dans l&#8217;arr\u00eat du <a href=\"https:\/\/www.courdecassation.fr\/decision\/67d1313aa74c455c1adcabd3\">12 mars 2025, n\u00b0 24-85.004<\/a>, la chambre criminelle casse partiellement une d\u00e9cision parce que le curateur d&#8217;un majeur prot\u00e9g\u00e9 n&#8217;avait pas \u00e9t\u00e9 avis\u00e9 de la comparution devant le juge d&#8217;instruction, en violation du <a href=\"https:\/\/www.legifrance.gouv.fr\/codes\/article_lc\/LEGIARTI000051821783\">CPP, article 706-113<\/a><sup id=\"fnref:12\"><a class=\"footnote-ref\" href=\"#fn:12\">12<\/a><\/sup>.<\/p>\n<p>La strat\u00e9gie utile est donc en deux temps :<\/p>\n<ul>\n<li>contester le statut lui-m\u00eame, vite, par l&#8217;article 80-1-1 si le d\u00e9bat porte sur les indices et la n\u00e9cessit\u00e9 de la mise en examen ;<\/li>\n<li>contester les irr\u00e9gularit\u00e9s propres \u00e0 la proc\u00e9dure par la voie de la nullit\u00e9 lorsqu&#8217;un texte protecteur a \u00e9t\u00e9 viol\u00e9.<\/li>\n<\/ul>\n<h2>6. Peut-on rester t\u00e9moin assist\u00e9, ou m\u00eame demander \u00e0 \u00eatre mis en examen ?<\/h2>\n<p>Oui, et c&#8217;est l&#8217;un des aspects les plus contre-intuitifs de l&#8217;information judiciaire.<\/p>\n<p>Le <a href=\"https:\/\/www.legifrance.gouv.fr\/codes\/article_lc\/LEGIARTI000029000872\">CPP, article 113-8<\/a>, permet au juge de mettre en examen un t\u00e9moin assist\u00e9 si, au cours de la proc\u00e9dure, apparaissent des indices graves ou concordants. Cette mise en examen peut intervenir au cours d&#8217;un interrogatoire ou m\u00eame par lettre recommand\u00e9e dans certaines hypoth\u00e8ses<sup id=\"fnref:13\"><a class=\"footnote-ref\" href=\"#fn:13\">13<\/a><\/sup>.<\/p>\n<p>\u00c0 l&#8217;inverse, le <a href=\"https:\/\/www.legifrance.gouv.fr\/codes\/article_lc\/LEGIARTI000006575283\">CPP, article 113-6<\/a>, permet au t\u00e9moin assist\u00e9 de demander lui-m\u00eame sa mise en examen ; il b\u00e9n\u00e9ficie alors de l&#8217;ensemble des droits de la d\u00e9fense d\u00e8s sa demande<sup id=\"fnref:14\"><a class=\"footnote-ref\" href=\"#fn:14\">14<\/a><\/sup>.<\/p>\n<p>Ce texte surprend souvent. Pourquoi demander \u00e0 \u00eatre mis en examen ? Parce qu&#8217;il existe des dossiers o\u00f9 la d\u00e9fense pr\u00e9f\u00e8re un statut clair, avec tous les leviers proc\u00e9duraux attach\u00e9s, plut\u00f4t qu&#8217;une mise en cause flottante sous statut de t\u00e9moin assist\u00e9. Ce n&#8217;est pas un r\u00e9flexe automatique. C&#8217;est une option de strat\u00e9gie. Elle suppose de mesurer le co\u00fbt r\u00e9el du statut demand\u00e9, surtout si une mesure de s\u00fbret\u00e9 devient envisageable.<\/p>\n<h2>7. Le droit au silence ne se rejoue pas n\u00e9cessairement \u00e0 chaque acte<\/h2>\n<p>Il faut \u00e9galement se m\u00e9fier des automatismes sur les notifications.<\/p>\n<p>Dans l&#8217;arr\u00eat du <a href=\"https:\/\/www.courdecassation.fr\/decision\/5fca2c3af58f461c14b50547\">4 novembre 2020, n\u00b0 20-84.046<\/a>, v\u00e9rifi\u00e9 via Voyage, la chambre criminelle juge que la notification du droit de se taire faite au t\u00e9moin assist\u00e9 lors de son interrogatoire de premi\u00e8re comparution n&#8217;a pas \u00e0 \u00eatre renouvel\u00e9e \u00e0 l&#8217;occasion de sa mise en examen ult\u00e9rieure<sup id=\"fnref:15\"><a class=\"footnote-ref\" href=\"#fn:15\">15<\/a><\/sup>.<\/p>\n<p>Cela ne signifie pas que les droits deviennent secondaires. Cela signifie qu&#8217;une strat\u00e9gie de nullit\u00e9 s\u00e9rieuse doit partir des textes et des actes r\u00e9ellement exig\u00e9s, pas d&#8217;une intuition approximative selon laquelle &#8220;tout devrait \u00eatre redit&#8221;.<\/p>\n<h2>8. Ce qu&#8217;il faut faire dans les dix premiers jours<\/h2>\n<p>Le d\u00e9lai utile commence tout de suite. Il faut donc traiter le dossier comme une urgence proc\u00e9durale, m\u00eame si l&#8217;information para\u00eet devoir durer longtemps.<\/p>\n<p>En pratique, il faut :<\/p>\n<ul>\n<li>r\u00e9cup\u00e9rer imm\u00e9diatement le proc\u00e8s-verbal de premi\u00e8re comparution ou d&#8217;audition utile ;<\/li>\n<li>isoler le fond du d\u00e9bat : manque d&#8217;indices graves ou concordants, ou irr\u00e9gularit\u00e9 de proc\u00e9dure ;<\/li>\n<li>v\u00e9rifier si une demande de placement sous le statut de t\u00e9moin assist\u00e9 doit \u00eatre d\u00e9pos\u00e9e dans les dix jours ;<\/li>\n<li>recenser les effets imm\u00e9diats possibles d&#8217;une mise en examen : contr\u00f4le judiciaire, d\u00e9placement, activit\u00e9, contacts, passeport ;<\/li>\n<li>pr\u00e9parer, si n\u00e9cessaire, les arguments et pi\u00e8ces permettant de combattre une mesure de s\u00fbret\u00e9 ;<\/li>\n<li>et, lorsque la personne est vuln\u00e9rable ou prot\u00e9g\u00e9e, contr\u00f4ler sans d\u00e9lai que les avis exig\u00e9s ont bien \u00e9t\u00e9 donn\u00e9s.<\/li>\n<\/ul>\n<p>Le mauvais r\u00e9flexe consiste \u00e0 plaider tout en bloc. Le bon consiste \u00e0 s\u00e9parer les terrains : le statut, la proc\u00e9dure, puis les mesures de s\u00fbret\u00e9.<\/p>\n<h2>9. Questions fr\u00e9quentes<\/h2>\n<h3>Le t\u00e9moin assist\u00e9 est-il d\u00e9j\u00e0 &#8220;accus\u00e9&#8221; ?<\/h3>\n<p>Il est d\u00e9j\u00e0 mis en cause, oui. Mais il n&#8217;est pas plac\u00e9 au m\u00eame niveau proc\u00e9dural qu&#8217;une personne mise en examen, notamment pour les mesures de contrainte.<\/p>\n<h3>La mise en examen veut-elle dire que le dossier est perdu ?<\/h3>\n<p>Non. Elle ne vaut ni condamnation, ni preuve de culpabilit\u00e9. Elle signifie que le juge estime le seuil de l&#8217;article 80-1 franchi et qu&#8217;il ne retient pas, \u00e0 ce stade, la solution du t\u00e9moin assist\u00e9.<\/p>\n<h3>Peut-on encore agir apr\u00e8s les dix jours ?<\/h3>\n<p>Oui, mais pas de la m\u00eame mani\u00e8re. Le d\u00e9lai de dix jours est le premier moment utile pour demander le statut de t\u00e9moin assist\u00e9 au titre de l&#8217;article 80-1-1. Pass\u00e9 ce cap, d&#8217;autres demandes restent possibles, y compris tous les six mois selon le texte, mais le premier levier rapide aura \u00e9t\u00e9 perdu.<\/p>\n<h3>Peut-on demander une nullit\u00e9 si l&#8217;on est seulement t\u00e9moin assist\u00e9 ?<\/h3>\n<p>Oui. L&#8217;article 113-3 le pr\u00e9voit express\u00e9ment, sous le r\u00e9gime de l&#8217;article 173.<\/p>\n<h3>Le vrai sujet est-il toujours le statut ?<\/h3>\n<p>Non. Parfois, le vrai sujet devient imm\u00e9diatement le contr\u00f4le judiciaire, l&#8217;activit\u00e9 professionnelle, le passeport, les contacts interdits ou la d\u00e9tention. Mais c&#8217;est pr\u00e9cis\u00e9ment pour cela qu&#8217;il faut raisonner sur le statut d\u00e8s le d\u00e9part.<\/p>\n<h2>10. Ce qu&#8217;il faut retenir<\/h2>\n<p>Le droit positif actuel impose de cesser de poser la mauvaise question.<\/p>\n<p>La mauvaise question est : &#8220;suis-je d\u00e9j\u00e0 condamn\u00e9 parce que je suis mis en examen ?&#8221;<\/p>\n<p>La bonne est : &#8220;pourquoi ai-je ce statut, quels droits m&#8217;ouvre-t-il, que permet-il au juge, et quel levier dois-je utiliser dans les dix jours ?&#8221;<\/p>\n<p>Le <a href=\"https:\/\/www.legifrance.gouv.fr\/codes\/article_lc\/LEGIARTI000006575278\">t\u00e9moin assist\u00e9<\/a>, n&#8217;est ni un t\u00e9moin neutre ni une coquille vide. La <a href=\"https:\/\/www.legifrance.gouv.fr\/codes\/article_lc\/LEGIARTI000048441900\">mise en examen<\/a>, n&#8217;est ni une condamnation ni une simple \u00e9tiquette. Entre les deux, le <a href=\"https:\/\/www.legifrance.gouv.fr\/codes\/article_lc\/LEGIARTI000048441889\">CPP, article 80-1-1<\/a>, a remis le calendrier au centre du jeu.<\/p>\n<p>Pour le d\u00e9tail technique de l&#8217;interrogatoire de premi\u00e8re comparution, on peut aussi relire notre analyse sur la mise en examen au regard de l&#8217;article 116 du code de proc\u00e9dure p\u00e9nale. Mais l&#8217;essentiel tient en une ligne : en mati\u00e8re d&#8217;instruction, les dix premiers jours ne servent pas \u00e0 se rassurer. Ils servent \u00e0 choisir le bon combat.<\/p>\n<div class=\"footnote\">\n<hr>\n<ol>\n<li id=\"fn:1\">\n<p>CPP, art. 113-2, Legifrance : <a href=\"https:\/\/www.legifrance.gouv.fr\/codes\/article_lc\/LEGIARTI000006575278&#038;#160\" rel=\"nofollow\">https:\/\/www.legifrance.gouv.fr\/codes\/article_lc\/LEGIARTI000006575278&#038;#160<\/a>;<a class=\"footnote-backref\" href=\"#fnref:1\" title=\"Jump back to footnote 1 in the text\">&#8617;<\/a><\/p>\n<\/li>\n<li id=\"fn:2\">\n<p>CPP, art. 80-1, Legifrance : <a href=\"https:\/\/www.legifrance.gouv.fr\/codes\/article_lc\/LEGIARTI000048441900&#038;#160\" rel=\"nofollow\">https:\/\/www.legifrance.gouv.fr\/codes\/article_lc\/LEGIARTI000048441900&#038;#160<\/a>;<a class=\"footnote-backref\" href=\"#fnref:2\" title=\"Jump back to footnote 2 in the text\">&#8617;<\/a><\/p>\n<\/li>\n<li id=\"fn:3\">\n<p>CPP, art. 113-3, Legifrance : <a href=\"https:\/\/www.legifrance.gouv.fr\/codes\/article_lc\/LEGIARTI000029000916&#038;#160\" rel=\"nofollow\">https:\/\/www.legifrance.gouv.fr\/codes\/article_lc\/LEGIARTI000029000916&#038;#160<\/a>;<a class=\"footnote-backref\" href=\"#fnref:3\" title=\"Jump back to footnote 3 in the text\">&#8617;<\/a><\/p>\n<\/li>\n<li id=\"fn:4\">\n<p>CPP, art. 116, Legifrance : <a href=\"https:\/\/www.legifrance.gouv.fr\/codes\/article_lc\/LEGIARTI000048442080&#038;#160\" rel=\"nofollow\">https:\/\/www.legifrance.gouv.fr\/codes\/article_lc\/LEGIARTI000048442080&#038;#160<\/a>;<a class=\"footnote-backref\" href=\"#fnref:4\" title=\"Jump back to footnote 4 in the text\">&#8617;<\/a><\/p>\n<\/li>\n<li id=\"fn:5\">\n<p>CPP, art. 113-4, Legifrance : <a href=\"https:\/\/www.legifrance.gouv.fr\/codes\/article_lc\/LEGIARTI000029000912&#038;#160\" rel=\"nofollow\">https:\/\/www.legifrance.gouv.fr\/codes\/article_lc\/LEGIARTI000029000912&#038;#160<\/a>;<a class=\"footnote-backref\" href=\"#fnref:5\" title=\"Jump back to footnote 5 in the text\">&#8617;<\/a><\/p>\n<\/li>\n<li id=\"fn:6\">\n<p>CPP, art. 137, Legifrance : <a href=\"https:\/\/www.legifrance.gouv.fr\/codes\/article_lc\/LEGIARTI000021331521&#038;#160\" rel=\"nofollow\">https:\/\/www.legifrance.gouv.fr\/codes\/article_lc\/LEGIARTI000021331521&#038;#160<\/a>;<a class=\"footnote-backref\" href=\"#fnref:6\" title=\"Jump back to footnote 6 in the text\">&#8617;<\/a><\/p>\n<\/li>\n<li id=\"fn:7\">\n<p>CPP, art. 138, Legifrance : <a href=\"https:\/\/www.legifrance.gouv.fr\/codes\/article_lc\/LEGIARTI000049571599&#038;#160\" rel=\"nofollow\">https:\/\/www.legifrance.gouv.fr\/codes\/article_lc\/LEGIARTI000049571599&#038;#160<\/a>;<a class=\"footnote-backref\" href=\"#fnref:7\" title=\"Jump back to footnote 7 in the text\">&#8617;<\/a><\/p>\n<\/li>\n<li id=\"fn:8\">\n<p>CPP, art. 80-1-1, Legifrance : <a href=\"https:\/\/www.legifrance.gouv.fr\/codes\/article_lc\/LEGIARTI000048441889&#038;#160\" rel=\"nofollow\">https:\/\/www.legifrance.gouv.fr\/codes\/article_lc\/LEGIARTI000048441889&#038;#160<\/a>;<a class=\"footnote-backref\" href=\"#fnref:8\" title=\"Jump back to footnote 8 in the text\">&#8617;<\/a><\/p>\n<\/li>\n<li id=\"fn:9\">\n<p>Cass. crim., 18 nov. 2025, n\u00b0 25-82.829, Cour de cassation : <a href=\"https:\/\/www.courdecassation.fr\/decision\/691c4bf88b6588a4f898c4b7&#038;#160\" rel=\"nofollow\">https:\/\/www.courdecassation.fr\/decision\/691c4bf88b6588a4f898c4b7&#038;#160<\/a>;<a class=\"footnote-backref\" href=\"#fnref:9\" title=\"Jump back to footnote 9 in the text\">&#8617;<\/a><\/p>\n<\/li>\n<li id=\"fn:10\">\n<p>CPP, art. 173, Legifrance : <a href=\"https:\/\/www.legifrance.gouv.fr\/codes\/article_lc\/LEGIARTI000051743085&#038;#160\" rel=\"nofollow\">https:\/\/www.legifrance.gouv.fr\/codes\/article_lc\/LEGIARTI000051743085&#038;#160<\/a>;<a class=\"footnote-backref\" href=\"#fnref:10\" title=\"Jump back to footnote 10 in the text\">&#8617;<\/a><\/p>\n<\/li>\n<li id=\"fn:11\">\n<p>Cass. crim., 31 janv. 2024, n\u00b0 23-86.556, Cour de cassation : <a href=\"https:\/\/www.courdecassation.fr\/decision\/65bc93951c5fe00008493409&#038;#160\" rel=\"nofollow\">https:\/\/www.courdecassation.fr\/decision\/65bc93951c5fe00008493409&#038;#160<\/a>;<a class=\"footnote-backref\" href=\"#fnref:11\" title=\"Jump back to footnote 11 in the text\">&#8617;<\/a><\/p>\n<\/li>\n<li id=\"fn:12\">\n<p>Cass. crim., 12 mars 2025, n\u00b0 24-85.004, Cour de cassation : <a href=\"https:\/\/www.courdecassation.fr\/decision\/67d1313aa74c455c1adcabd3\" rel=\"nofollow\">https:\/\/www.courdecassation.fr\/decision\/67d1313aa74c455c1adcabd3<\/a> ; CPP, art. 706-113, Legifrance : <a href=\"https:\/\/www.legifrance.gouv.fr\/codes\/article_lc\/LEGIARTI000051821783&#038;#160\" rel=\"nofollow\">https:\/\/www.legifrance.gouv.fr\/codes\/article_lc\/LEGIARTI000051821783&#038;#160<\/a>;<a class=\"footnote-backref\" href=\"#fnref:12\" title=\"Jump back to footnote 12 in the text\">&#8617;<\/a><\/p>\n<\/li>\n<li id=\"fn:13\">\n<p>CPP, art. 113-8, Legifrance : <a href=\"https:\/\/www.legifrance.gouv.fr\/codes\/article_lc\/LEGIARTI000029000872&#038;#160\" rel=\"nofollow\">https:\/\/www.legifrance.gouv.fr\/codes\/article_lc\/LEGIARTI000029000872&#038;#160<\/a>;<a class=\"footnote-backref\" href=\"#fnref:13\" title=\"Jump back to footnote 13 in the text\">&#8617;<\/a><\/p>\n<\/li>\n<li id=\"fn:14\">\n<p>CPP, art. 113-6, Legifrance : <a href=\"https:\/\/www.legifrance.gouv.fr\/codes\/article_lc\/LEGIARTI000006575283&#038;#160\" rel=\"nofollow\">https:\/\/www.legifrance.gouv.fr\/codes\/article_lc\/LEGIARTI000006575283&#038;#160<\/a>;<a class=\"footnote-backref\" href=\"#fnref:14\" title=\"Jump back to footnote 14 in the text\">&#8617;<\/a><\/p>\n<\/li>\n<li id=\"fn:15\">\n<p>Cass. crim., 4 nov. 2020, n\u00b0 20-84.046, Cour de cassation : <a href=\"https:\/\/www.courdecassation.fr\/decision\/5fca2c3af58f461c14b50547&#038;#160\" rel=\"nofollow\">https:\/\/www.courdecassation.fr\/decision\/5fca2c3af58f461c14b50547&#038;#160<\/a>;<a class=\"footnote-backref\" href=\"#fnref:15\" title=\"Jump back to footnote 15 in the text\">&#8617;<\/a><\/p>\n<\/li>\n<\/ol>\n<\/div>\n","protected":false},"excerpt":{"rendered":"<p>Premier interrogatoire, droit au silence, contr\u00f4le judiciaire, nullit\u00e9s et recours dans les dix jours : la vraie diff\u00e9rence entre t\u00e9moin assist\u00e9 et mise en examen.<\/p>\n","protected":false},"author":232070755,"featured_media":9696,"comment_status":"open","ping_status":"open","sticky":false,"template":"","format":"standard","meta":{"_crdt_document":"","_jetpack_newsletter_access":"","_jetpack_dont_email_post_to_subs":false,"_jetpack_newsletter_tier_id":0,"_jetpack_memberships_contains_paywalled_content":false,"_kj_source_type":"","_kj_official_id":"","_kj_official_url":"","_kj_judilibre_id":"","_kj_jur":"","_kj_lieu":"","_kj_chambre":"","_kj_rg":"","_kj_date":"","_jetpack_memberships_contains_paid_content":false,"footnotes":"","jetpack_post_was_ever_published":false},"categories":[6325],"tags":[],"class_list":["post-645129","post","type-post","status-publish","format-standard","has-post-thumbnail","hentry","category-non-categorise"],"yoast_head":"<!-- This site is optimized with the Yoast SEO Premium plugin v27.5 (Yoast SEO v27.5) - https:\/\/yoast.com\/product\/yoast-seo-premium-wordpress\/ -->\n<title>T\u00e9moin assist\u00e9 ou mise en examen : quelle diff\u00e9rence, quels droits et quel recours dans les 10 jours ? - Ma\u00eetre Hassan Kohen, avocat en droit p\u00e9nal \u00e0 Paris<\/title>\n<meta name=\"robots\" content=\"index, follow, max-snippet:-1, max-image-preview:large, max-video-preview:-1\" \/>\n<link rel=\"canonical\" href=\"https:\/\/kohenavocats.com\/zh-hans\/temoin-assiste-mise-en-examen-difference-droits-recours-10-jours\/\" \/>\n<meta property=\"og:locale\" content=\"zh_CN\" \/>\n<meta property=\"og:type\" content=\"article\" \/>\n<meta property=\"og:title\" content=\"T\u00e9moin assist\u00e9 ou mise en examen : quelle diff\u00e9rence, quels droits et quel recours dans les 10 jours ?\" \/>\n<meta property=\"og:description\" content=\"Premier interrogatoire, droit au silence, contr\u00f4le judiciaire, nullit\u00e9s et recours dans les dix jours : la vraie diff\u00e9rence entre t\u00e9moin assist\u00e9 et mise en examen.\" \/>\n<meta property=\"og:url\" content=\"https:\/\/kohenavocats.com\/zh-hans\/temoin-assiste-mise-en-examen-difference-droits-recours-10-jours\/\" \/>\n<meta property=\"og:site_name\" content=\"Ma\u00eetre Hassan Kohen, avocat en droit p\u00e9nal \u00e0 Paris\" \/>\n<meta property=\"article:published_time\" content=\"2026-04-22T05:11:22+00:00\" \/>\n<meta name=\"author\" content=\"Kohen\" \/>\n<meta name=\"twitter:card\" content=\"summary_large_image\" \/>\n<meta name=\"twitter:label1\" content=\"\u4f5c\u8005\" \/>\n\t<meta name=\"twitter:data1\" content=\"Kohen\" \/>\n\t<meta name=\"twitter:label2\" content=\"\u9884\u8ba1\u9605\u8bfb\u65f6\u95f4\" \/>\n\t<meta name=\"twitter:data2\" content=\"12 \u5206\" \/>\n<script type=\"application\/ld+json\" class=\"yoast-schema-graph\">{\"@context\":\"https:\\\/\\\/schema.org\",\"@graph\":[{\"@type\":\"Article\",\"@id\":\"https:\\\/\\\/kohenavocats.com\\\/zh-hans\\\/temoin-assiste-mise-en-examen-difference-droits-recours-10-jours\\\/#article\",\"isPartOf\":{\"@id\":\"https:\\\/\\\/kohenavocats.com\\\/zh-hans\\\/temoin-assiste-mise-en-examen-difference-droits-recours-10-jours\\\/\"},\"author\":{\"name\":\"Kohen\",\"@id\":\"https:\\\/\\\/kohenavocats.com\\\/zh-hans\\\/#\\\/schema\\\/person\\\/761c9ba54fa1ca84d405cef0831ff751\"},\"headline\":\"T\u00e9moin assist\u00e9 ou mise en examen : quelle diff\u00e9rence, quels droits et quel recours dans les 10 jours ?\",\"datePublished\":\"2026-04-22T05:11:22+00:00\",\"mainEntityOfPage\":{\"@id\":\"https:\\\/\\\/kohenavocats.com\\\/zh-hans\\\/temoin-assiste-mise-en-examen-difference-droits-recours-10-jours\\\/\"},\"wordCount\":2576,\"commentCount\":0,\"publisher\":{\"@id\":\"https:\\\/\\\/kohenavocats.com\\\/zh-hans\\\/#organization\"},\"image\":{\"@id\":\"https:\\\/\\\/kohenavocats.com\\\/zh-hans\\\/temoin-assiste-mise-en-examen-difference-droits-recours-10-jours\\\/#primaryimage\"},\"thumbnailUrl\":\"https:\\\/\\\/kohenavocats.com\\\/wp-content\\\/uploads\\\/2024\\\/11\\\/jsb-co-sz1m9nwdXKw-unsplash.webp\",\"articleSection\":[\"Non cat\u00e9goris\u00e9\"],\"inLanguage\":\"zh-Hans\",\"potentialAction\":[{\"@type\":\"CommentAction\",\"name\":\"Comment\",\"target\":[\"https:\\\/\\\/kohenavocats.com\\\/zh-hans\\\/temoin-assiste-mise-en-examen-difference-droits-recours-10-jours\\\/#respond\"]}],\"citation\":\"T\u00e9moin assist\u00e9 ou mise en examen : quelle diff\u00e9rence, quels droits et quel recours dans les 10 jours ?\",\"about\":[{\"@type\":\"Thing\",\"name\":\"Non cat\u00e9goris\u00e9\"}],\"dateModified\":\"2026-04-22T05:11:22+00:00\",\"speakable\":{\"@type\":\"SpeakableSpecification\",\"cssSelector\":[\".article-content > p:first-of-type\"]}},{\"@type\":\"WebPage\",\"@id\":\"https:\\\/\\\/kohenavocats.com\\\/zh-hans\\\/temoin-assiste-mise-en-examen-difference-droits-recours-10-jours\\\/\",\"url\":\"https:\\\/\\\/kohenavocats.com\\\/zh-hans\\\/temoin-assiste-mise-en-examen-difference-droits-recours-10-jours\\\/\",\"name\":\"T\u00e9moin assist\u00e9 ou mise en examen : quelle diff\u00e9rence, quels droits et quel recours dans les 10 jours ? - Ma\u00eetre Hassan Kohen, avocat en droit p\u00e9nal \u00e0 Paris\",\"isPartOf\":{\"@id\":\"https:\\\/\\\/kohenavocats.com\\\/zh-hans\\\/#website\"},\"primaryImageOfPage\":{\"@id\":\"https:\\\/\\\/kohenavocats.com\\\/zh-hans\\\/temoin-assiste-mise-en-examen-difference-droits-recours-10-jours\\\/#primaryimage\"},\"image\":{\"@id\":\"https:\\\/\\\/kohenavocats.com\\\/zh-hans\\\/temoin-assiste-mise-en-examen-difference-droits-recours-10-jours\\\/#primaryimage\"},\"thumbnailUrl\":\"https:\\\/\\\/kohenavocats.com\\\/wp-content\\\/uploads\\\/2024\\\/11\\\/jsb-co-sz1m9nwdXKw-unsplash.webp\",\"datePublished\":\"2026-04-22T05:11:22+00:00\",\"breadcrumb\":{\"@id\":\"https:\\\/\\\/kohenavocats.com\\\/zh-hans\\\/temoin-assiste-mise-en-examen-difference-droits-recours-10-jours\\\/#breadcrumb\"},\"inLanguage\":\"zh-Hans\",\"potentialAction\":[{\"@type\":\"ReadAction\",\"target\":[\"https:\\\/\\\/kohenavocats.com\\\/zh-hans\\\/temoin-assiste-mise-en-examen-difference-droits-recours-10-jours\\\/\"]}]},{\"@type\":\"ImageObject\",\"inLanguage\":\"zh-Hans\",\"@id\":\"https:\\\/\\\/kohenavocats.com\\\/zh-hans\\\/temoin-assiste-mise-en-examen-difference-droits-recours-10-jours\\\/#primaryimage\",\"url\":\"https:\\\/\\\/kohenavocats.com\\\/wp-content\\\/uploads\\\/2024\\\/11\\\/jsb-co-sz1m9nwdXKw-unsplash.webp\",\"contentUrl\":\"https:\\\/\\\/kohenavocats.com\\\/wp-content\\\/uploads\\\/2024\\\/11\\\/jsb-co-sz1m9nwdXKw-unsplash.webp\",\"width\":5000,\"height\":3333},{\"@type\":\"BreadcrumbList\",\"@id\":\"https:\\\/\\\/kohenavocats.com\\\/zh-hans\\\/temoin-assiste-mise-en-examen-difference-droits-recours-10-jours\\\/#breadcrumb\",\"itemListElement\":[{\"@type\":\"ListItem\",\"position\":1,\"name\":\"Home\",\"item\":\"https:\\\/\\\/kohenavocats.com\\\/zh-hans\\\/\"},{\"@type\":\"ListItem\",\"position\":2,\"name\":\"T\u00e9moin assist\u00e9 ou mise en examen : quelle diff\u00e9rence, quels droits et quel recours dans les 10 jours ?\"}]},{\"@type\":\"WebSite\",\"@id\":\"https:\\\/\\\/kohenavocats.com\\\/zh-hans\\\/#website\",\"url\":\"https:\\\/\\\/kohenavocats.com\\\/zh-hans\\\/\",\"name\":\"Kohen Avocats\",\"description\":\"Ma\u00eetre Hassan Kohen, avocat p\u00e9naliste \u00e0 Paris, intervient exclusivement en droit p\u00e9nal pour la d\u00e9fense des particuliers, notamment en mati\u00e8re d\u2019accusations de viol. Il assure un accompagnement rigoureux d\u00e8s la garde \u00e0 vue jusqu\u2019\u00e0 la Cour d\u2019assises, veillant au strict respect des garanties proc\u00e9durales.\",\"publisher\":{\"@id\":\"https:\\\/\\\/kohenavocats.com\\\/zh-hans\\\/#organization\"},\"potentialAction\":[{\"@type\":\"SearchAction\",\"target\":{\"@type\":\"EntryPoint\",\"urlTemplate\":\"https:\\\/\\\/kohenavocats.com\\\/zh-hans\\\/?s={search_term_string}\"},\"query-input\":{\"@type\":\"PropertyValueSpecification\",\"valueRequired\":true,\"valueName\":\"search_term_string\"}}],\"inLanguage\":\"zh-Hans\"},{\"@type\":\"Organization\",\"@id\":\"https:\\\/\\\/kohenavocats.com\\\/zh-hans\\\/#organization\",\"name\":\"Kohen Avocats\",\"url\":\"https:\\\/\\\/kohenavocats.com\\\/zh-hans\\\/\",\"logo\":{\"@type\":\"ImageObject\",\"inLanguage\":\"zh-Hans\",\"@id\":\"https:\\\/\\\/kohenavocats.com\\\/zh-hans\\\/#\\\/schema\\\/logo\\\/image\\\/\",\"url\":\"https:\\\/\\\/kohenavocats.com\\\/wp-content\\\/uploads\\\/2026\\\/01\\\/Logo-2-1.webp\",\"contentUrl\":\"https:\\\/\\\/kohenavocats.com\\\/wp-content\\\/uploads\\\/2026\\\/01\\\/Logo-2-1.webp\",\"width\":2114,\"height\":1253,\"caption\":\"Kohen Avocats\"},\"image\":{\"@id\":\"https:\\\/\\\/kohenavocats.com\\\/zh-hans\\\/#\\\/schema\\\/logo\\\/image\\\/\"}},{\"@type\":\"Person\",\"@id\":\"https:\\\/\\\/kohenavocats.com\\\/zh-hans\\\/#\\\/schema\\\/person\\\/761c9ba54fa1ca84d405cef0831ff751\",\"name\":\"Kohen\",\"image\":{\"@type\":\"ImageObject\",\"inLanguage\":\"zh-Hans\",\"@id\":\"https:\\\/\\\/secure.gravatar.com\\\/avatar\\\/1c5e76ef76bbbfdd2b4da984e2bf2fa4056fd51a27d25ce2c332047f1dfd6e00?s=96&d=identicon&r=g\",\"url\":\"https:\\\/\\\/secure.gravatar.com\\\/avatar\\\/1c5e76ef76bbbfdd2b4da984e2bf2fa4056fd51a27d25ce2c332047f1dfd6e00?s=96&d=identicon&r=g\",\"contentUrl\":\"https:\\\/\\\/secure.gravatar.com\\\/avatar\\\/1c5e76ef76bbbfdd2b4da984e2bf2fa4056fd51a27d25ce2c332047f1dfd6e00?s=96&d=identicon&r=g\",\"caption\":\"Kohen\"},\"sameAs\":[\"https:\\\/\\\/www.linkedin.com\\\/in\\\/hassan-kohen-448548192\\\/\",\"https:\\\/\\\/www.youtube.com\\\/@Kohen-Avocats\"],\"url\":\"https:\\\/\\\/kohenavocats.com\\\/zh-hans\\\/author\\\/kohenmlk\\\/\"}]}<\/script>\n<!-- \/ Yoast SEO Premium plugin. -->","yoast_head_json":{"title":"T\u00e9moin assist\u00e9 ou mise en examen : quelle diff\u00e9rence, quels droits et quel recours dans les 10 jours ? - Ma\u00eetre Hassan Kohen, avocat en droit p\u00e9nal \u00e0 Paris","robots":{"index":"index","follow":"follow","max-snippet":"max-snippet:-1","max-image-preview":"max-image-preview:large","max-video-preview":"max-video-preview:-1"},"canonical":"https:\/\/kohenavocats.com\/zh-hans\/temoin-assiste-mise-en-examen-difference-droits-recours-10-jours\/","og_locale":"zh_CN","og_type":"article","og_title":"T\u00e9moin assist\u00e9 ou mise en examen : quelle diff\u00e9rence, quels droits et quel recours dans les 10 jours ?","og_description":"Premier interrogatoire, droit au silence, contr\u00f4le judiciaire, nullit\u00e9s et recours dans les dix jours : la vraie diff\u00e9rence entre t\u00e9moin assist\u00e9 et mise en examen.","og_url":"https:\/\/kohenavocats.com\/zh-hans\/temoin-assiste-mise-en-examen-difference-droits-recours-10-jours\/","og_site_name":"Ma\u00eetre Hassan Kohen, avocat en droit p\u00e9nal \u00e0 Paris","article_published_time":"2026-04-22T05:11:22+00:00","author":"Kohen","twitter_card":"summary_large_image","twitter_misc":{"\u4f5c\u8005":"Kohen","\u9884\u8ba1\u9605\u8bfb\u65f6\u95f4":"12 \u5206"},"schema":{"@context":"https:\/\/schema.org","@graph":[{"@type":"Article","@id":"https:\/\/kohenavocats.com\/zh-hans\/temoin-assiste-mise-en-examen-difference-droits-recours-10-jours\/#article","isPartOf":{"@id":"https:\/\/kohenavocats.com\/zh-hans\/temoin-assiste-mise-en-examen-difference-droits-recours-10-jours\/"},"author":{"name":"Kohen","@id":"https:\/\/kohenavocats.com\/zh-hans\/#\/schema\/person\/761c9ba54fa1ca84d405cef0831ff751"},"headline":"T\u00e9moin assist\u00e9 ou mise en examen : quelle diff\u00e9rence, quels droits et quel recours dans les 10 jours ?","datePublished":"2026-04-22T05:11:22+00:00","mainEntityOfPage":{"@id":"https:\/\/kohenavocats.com\/zh-hans\/temoin-assiste-mise-en-examen-difference-droits-recours-10-jours\/"},"wordCount":2576,"commentCount":0,"publisher":{"@id":"https:\/\/kohenavocats.com\/zh-hans\/#organization"},"image":{"@id":"https:\/\/kohenavocats.com\/zh-hans\/temoin-assiste-mise-en-examen-difference-droits-recours-10-jours\/#primaryimage"},"thumbnailUrl":"https:\/\/kohenavocats.com\/wp-content\/uploads\/2024\/11\/jsb-co-sz1m9nwdXKw-unsplash.webp","articleSection":["Non cat\u00e9goris\u00e9"],"inLanguage":"zh-Hans","potentialAction":[{"@type":"CommentAction","name":"Comment","target":["https:\/\/kohenavocats.com\/zh-hans\/temoin-assiste-mise-en-examen-difference-droits-recours-10-jours\/#respond"]}],"citation":"T\u00e9moin assist\u00e9 ou mise en examen : quelle diff\u00e9rence, quels droits et quel recours dans les 10 jours ?","about":[{"@type":"Thing","name":"Non cat\u00e9goris\u00e9"}],"dateModified":"2026-04-22T05:11:22+00:00","speakable":{"@type":"SpeakableSpecification","cssSelector":[".article-content > p:first-of-type"]}},{"@type":"WebPage","@id":"https:\/\/kohenavocats.com\/zh-hans\/temoin-assiste-mise-en-examen-difference-droits-recours-10-jours\/","url":"https:\/\/kohenavocats.com\/zh-hans\/temoin-assiste-mise-en-examen-difference-droits-recours-10-jours\/","name":"T\u00e9moin assist\u00e9 ou mise en examen : quelle diff\u00e9rence, quels droits et quel recours dans les 10 jours ? - Ma\u00eetre Hassan Kohen, avocat en droit p\u00e9nal \u00e0 Paris","isPartOf":{"@id":"https:\/\/kohenavocats.com\/zh-hans\/#website"},"primaryImageOfPage":{"@id":"https:\/\/kohenavocats.com\/zh-hans\/temoin-assiste-mise-en-examen-difference-droits-recours-10-jours\/#primaryimage"},"image":{"@id":"https:\/\/kohenavocats.com\/zh-hans\/temoin-assiste-mise-en-examen-difference-droits-recours-10-jours\/#primaryimage"},"thumbnailUrl":"https:\/\/kohenavocats.com\/wp-content\/uploads\/2024\/11\/jsb-co-sz1m9nwdXKw-unsplash.webp","datePublished":"2026-04-22T05:11:22+00:00","breadcrumb":{"@id":"https:\/\/kohenavocats.com\/zh-hans\/temoin-assiste-mise-en-examen-difference-droits-recours-10-jours\/#breadcrumb"},"inLanguage":"zh-Hans","potentialAction":[{"@type":"ReadAction","target":["https:\/\/kohenavocats.com\/zh-hans\/temoin-assiste-mise-en-examen-difference-droits-recours-10-jours\/"]}]},{"@type":"ImageObject","inLanguage":"zh-Hans","@id":"https:\/\/kohenavocats.com\/zh-hans\/temoin-assiste-mise-en-examen-difference-droits-recours-10-jours\/#primaryimage","url":"https:\/\/kohenavocats.com\/wp-content\/uploads\/2024\/11\/jsb-co-sz1m9nwdXKw-unsplash.webp","contentUrl":"https:\/\/kohenavocats.com\/wp-content\/uploads\/2024\/11\/jsb-co-sz1m9nwdXKw-unsplash.webp","width":5000,"height":3333},{"@type":"BreadcrumbList","@id":"https:\/\/kohenavocats.com\/zh-hans\/temoin-assiste-mise-en-examen-difference-droits-recours-10-jours\/#breadcrumb","itemListElement":[{"@type":"ListItem","position":1,"name":"Home","item":"https:\/\/kohenavocats.com\/zh-hans\/"},{"@type":"ListItem","position":2,"name":"T\u00e9moin assist\u00e9 ou mise en examen : quelle diff\u00e9rence, quels droits et quel recours dans les 10 jours ?"}]},{"@type":"WebSite","@id":"https:\/\/kohenavocats.com\/zh-hans\/#website","url":"https:\/\/kohenavocats.com\/zh-hans\/","name":"Kohen Avocats","description":"Ma\u00eetre Hassan Kohen, avocat p\u00e9naliste \u00e0 Paris, intervient exclusivement en droit p\u00e9nal pour la d\u00e9fense des particuliers, notamment en mati\u00e8re d\u2019accusations de viol. Il assure un accompagnement rigoureux d\u00e8s la garde \u00e0 vue jusqu\u2019\u00e0 la Cour d\u2019assises, veillant au strict respect des garanties proc\u00e9durales.","publisher":{"@id":"https:\/\/kohenavocats.com\/zh-hans\/#organization"},"potentialAction":[{"@type":"SearchAction","target":{"@type":"EntryPoint","urlTemplate":"https:\/\/kohenavocats.com\/zh-hans\/?s={search_term_string}"},"query-input":{"@type":"PropertyValueSpecification","valueRequired":true,"valueName":"search_term_string"}}],"inLanguage":"zh-Hans"},{"@type":"Organization","@id":"https:\/\/kohenavocats.com\/zh-hans\/#organization","name":"Kohen Avocats","url":"https:\/\/kohenavocats.com\/zh-hans\/","logo":{"@type":"ImageObject","inLanguage":"zh-Hans","@id":"https:\/\/kohenavocats.com\/zh-hans\/#\/schema\/logo\/image\/","url":"https:\/\/kohenavocats.com\/wp-content\/uploads\/2026\/01\/Logo-2-1.webp","contentUrl":"https:\/\/kohenavocats.com\/wp-content\/uploads\/2026\/01\/Logo-2-1.webp","width":2114,"height":1253,"caption":"Kohen Avocats"},"image":{"@id":"https:\/\/kohenavocats.com\/zh-hans\/#\/schema\/logo\/image\/"}},{"@type":"Person","@id":"https:\/\/kohenavocats.com\/zh-hans\/#\/schema\/person\/761c9ba54fa1ca84d405cef0831ff751","name":"Kohen","image":{"@type":"ImageObject","inLanguage":"zh-Hans","@id":"https:\/\/secure.gravatar.com\/avatar\/1c5e76ef76bbbfdd2b4da984e2bf2fa4056fd51a27d25ce2c332047f1dfd6e00?s=96&d=identicon&r=g","url":"https:\/\/secure.gravatar.com\/avatar\/1c5e76ef76bbbfdd2b4da984e2bf2fa4056fd51a27d25ce2c332047f1dfd6e00?s=96&d=identicon&r=g","contentUrl":"https:\/\/secure.gravatar.com\/avatar\/1c5e76ef76bbbfdd2b4da984e2bf2fa4056fd51a27d25ce2c332047f1dfd6e00?s=96&d=identicon&r=g","caption":"Kohen"},"sameAs":["https:\/\/www.linkedin.com\/in\/hassan-kohen-448548192\/","https:\/\/www.youtube.com\/@Kohen-Avocats"],"url":"https:\/\/kohenavocats.com\/zh-hans\/author\/kohenmlk\/"}]}},"jetpack_featured_media_url":"https:\/\/kohenavocats.com\/wp-content\/uploads\/2024\/11\/jsb-co-sz1m9nwdXKw-unsplash.webp","jetpack_likes_enabled":false,"jetpack_shortlink":"https:\/\/wp.me\/peCrII-2HPj","jetpack-related-posts":[{"id":234377,"url":"https:\/\/kohenavocats.com\/zh-hans\/temoin-assiste\/","url_meta":{"origin":645129,"position":0},"title":"T\u00e9moin assist\u00e9","author":"Kohen","date":"2026\u5e744\u670822\u65e5","format":false,"excerpt":"Information : Cette fiche presente les regles gene\u2026","rel":"","context":"\u5728\u201cDroit penal\u201d\u4e2d","block_context":{"text":"Droit penal","link":"https:\/\/kohenavocats.com\/category\/droit-penal\/"},"img":{"alt_text":"","src":"https:\/\/i0.wp.com\/kohenavocats.com\/wp-content\/uploads\/2024\/11\/chris-barbalis-axkgSXdeD98-unsplash.webp?resize=350%2C200&ssl=1","width":350,"height":200,"srcset":"https:\/\/i0.wp.com\/kohenavocats.com\/wp-content\/uploads\/2024\/11\/chris-barbalis-axkgSXdeD98-unsplash.webp?resize=350%2C200&ssl=1 1x, https:\/\/i0.wp.com\/kohenavocats.com\/wp-content\/uploads\/2024\/11\/chris-barbalis-axkgSXdeD98-unsplash.webp?resize=525%2C300&ssl=1 1.5x, https:\/\/i0.wp.com\/kohenavocats.com\/wp-content\/uploads\/2024\/11\/chris-barbalis-axkgSXdeD98-unsplash.webp?resize=700%2C400&ssl=1 2x, https:\/\/i0.wp.com\/kohenavocats.com\/wp-content\/uploads\/2024\/11\/chris-barbalis-axkgSXdeD98-unsplash.webp?resize=1050%2C600&ssl=1 3x, https:\/\/i0.wp.com\/kohenavocats.com\/wp-content\/uploads\/2024\/11\/chris-barbalis-axkgSXdeD98-unsplash.webp?resize=1400%2C800&ssl=1 4x"},"classes":[]},{"id":236665,"url":"https:\/\/kohenavocats.com\/zh-hans\/conseil-constitutionnel-decision-n-2022-999-qpc-du-17-juin-2022\/","url_meta":{"origin":645129,"position":1},"title":"Conseil constitutionnel, D\u00e9cision n\u00b0 2022-999 QPC du 17 juin 2022","author":"Kohen","date":"2025\u5e7412\u670829\u65e5","format":false,"excerpt":"Le Conseil constitutionnel, par une d\u00e9cision du 17\u2026","rel":"","context":"\u5728\u201cConseil constitutionnel\u201d\u4e2d","block_context":{"text":"Conseil constitutionnel","link":"https:\/\/kohenavocats.com\/category\/jurisprudence-constitutionnelle\/"},"img":{"alt_text":"","src":"https:\/\/i0.wp.com\/kohenavocats.com\/wp-content\/uploads\/2024\/07\/aleix-ventayol-yPoM-wmzKMM-unsplash-2.webp?resize=350%2C200&ssl=1","width":350,"height":200,"srcset":"https:\/\/i0.wp.com\/kohenavocats.com\/wp-content\/uploads\/2024\/07\/aleix-ventayol-yPoM-wmzKMM-unsplash-2.webp?resize=350%2C200&ssl=1 1x, https:\/\/i0.wp.com\/kohenavocats.com\/wp-content\/uploads\/2024\/07\/aleix-ventayol-yPoM-wmzKMM-unsplash-2.webp?resize=525%2C300&ssl=1 1.5x, https:\/\/i0.wp.com\/kohenavocats.com\/wp-content\/uploads\/2024\/07\/aleix-ventayol-yPoM-wmzKMM-unsplash-2.webp?resize=700%2C400&ssl=1 2x, https:\/\/i0.wp.com\/kohenavocats.com\/wp-content\/uploads\/2024\/07\/aleix-ventayol-yPoM-wmzKMM-unsplash-2.webp?resize=1050%2C600&ssl=1 3x, https:\/\/i0.wp.com\/kohenavocats.com\/wp-content\/uploads\/2024\/07\/aleix-ventayol-yPoM-wmzKMM-unsplash-2.webp?resize=1400%2C800&ssl=1 4x"},"classes":[]},{"id":234012,"url":"https:\/\/kohenavocats.com\/zh-hans\/information-judiciaire-instruction-preparatoire\/","url_meta":{"origin":645129,"position":2},"title":"Information judiciaire (instruction pr\u00e9paratoire)","author":"Kohen","date":"2026\u5e744\u67084\u65e5","format":false,"excerpt":"Information : Cette fiche presente les regles gene\u2026","rel":"","context":"\u5728\u201cDroit penal\u201d\u4e2d","block_context":{"text":"Droit penal","link":"https:\/\/kohenavocats.com\/category\/droit-penal\/"},"img":{"alt_text":"","src":"https:\/\/i0.wp.com\/kohenavocats.com\/wp-content\/uploads\/2024\/11\/mohamed-nohassi-2UZMc83XJ8I-unsplash.webp?resize=350%2C200&ssl=1","width":350,"height":200,"srcset":"https:\/\/i0.wp.com\/kohenavocats.com\/wp-content\/uploads\/2024\/11\/mohamed-nohassi-2UZMc83XJ8I-unsplash.webp?resize=350%2C200&ssl=1 1x, https:\/\/i0.wp.com\/kohenavocats.com\/wp-content\/uploads\/2024\/11\/mohamed-nohassi-2UZMc83XJ8I-unsplash.webp?resize=525%2C300&ssl=1 1.5x, https:\/\/i0.wp.com\/kohenavocats.com\/wp-content\/uploads\/2024\/11\/mohamed-nohassi-2UZMc83XJ8I-unsplash.webp?resize=700%2C400&ssl=1 2x, https:\/\/i0.wp.com\/kohenavocats.com\/wp-content\/uploads\/2024\/11\/mohamed-nohassi-2UZMc83XJ8I-unsplash.webp?resize=1050%2C600&ssl=1 3x, https:\/\/i0.wp.com\/kohenavocats.com\/wp-content\/uploads\/2024\/11\/mohamed-nohassi-2UZMc83XJ8I-unsplash.webp?resize=1400%2C800&ssl=1 4x"},"classes":[]},{"id":234047,"url":"https:\/\/kohenavocats.com\/zh-hans\/perquisition\/","url_meta":{"origin":645129,"position":3},"title":"Perquisition","author":"Kohen","date":"2025\u5e7412\u670828\u65e5","format":false,"excerpt":"Information : Cette fiche presente les regles gene\u2026","rel":"","context":"\u5728\u201cDroit penal\u201d\u4e2d","block_context":{"text":"Droit penal","link":"https:\/\/kohenavocats.com\/category\/droit-penal\/"},"img":{"alt_text":"","src":"https:\/\/i0.wp.com\/kohenavocats.com\/wp-content\/uploads\/2024\/11\/ave-calvar-JCzi4IDosxM-unsplash.webp?resize=350%2C200&ssl=1","width":350,"height":200,"srcset":"https:\/\/i0.wp.com\/kohenavocats.com\/wp-content\/uploads\/2024\/11\/ave-calvar-JCzi4IDosxM-unsplash.webp?resize=350%2C200&ssl=1 1x, https:\/\/i0.wp.com\/kohenavocats.com\/wp-content\/uploads\/2024\/11\/ave-calvar-JCzi4IDosxM-unsplash.webp?resize=525%2C300&ssl=1 1.5x, https:\/\/i0.wp.com\/kohenavocats.com\/wp-content\/uploads\/2024\/11\/ave-calvar-JCzi4IDosxM-unsplash.webp?resize=700%2C400&ssl=1 2x, https:\/\/i0.wp.com\/kohenavocats.com\/wp-content\/uploads\/2024\/11\/ave-calvar-JCzi4IDosxM-unsplash.webp?resize=1050%2C600&ssl=1 3x, https:\/\/i0.wp.com\/kohenavocats.com\/wp-content\/uploads\/2024\/11\/ave-calvar-JCzi4IDosxM-unsplash.webp?resize=1400%2C800&ssl=1 4x"},"classes":[]},{"id":649820,"url":"https:\/\/kohenavocats.com\/zh-hans\/confrontation-penale-commissariat-juge-refuser-report-avocat\/","url_meta":{"origin":645129,"position":4},"title":"Confrontation p\u00e9nale au commissariat ou chez le juge : peut-on la refuser, demander un report et \u00eatre assist\u00e9 par un avocat ?","author":"Kohen","date":"2026\u5e744\u670822\u65e5","format":false,"excerpt":"Audition libre, garde \u00e0 vue ou instruction : quand\u2026","rel":"","context":"\u5728\u201cNon cat\u00e9goris\u00e9\u201d\u4e2d","block_context":{"text":"Non cat\u00e9goris\u00e9","link":"https:\/\/kohenavocats.com\/category\/non-categorise\/"},"img":{"alt_text":"","src":"https:\/\/i0.wp.com\/kohenavocats.com\/wp-content\/uploads\/2024\/11\/pawel-czerwinski-ibx3hNM2eMc-unsplash.webp?resize=350%2C200&ssl=1","width":350,"height":200,"srcset":"https:\/\/i0.wp.com\/kohenavocats.com\/wp-content\/uploads\/2024\/11\/pawel-czerwinski-ibx3hNM2eMc-unsplash.webp?resize=350%2C200&ssl=1 1x, https:\/\/i0.wp.com\/kohenavocats.com\/wp-content\/uploads\/2024\/11\/pawel-czerwinski-ibx3hNM2eMc-unsplash.webp?resize=525%2C300&ssl=1 1.5x, https:\/\/i0.wp.com\/kohenavocats.com\/wp-content\/uploads\/2024\/11\/pawel-czerwinski-ibx3hNM2eMc-unsplash.webp?resize=700%2C400&ssl=1 2x, https:\/\/i0.wp.com\/kohenavocats.com\/wp-content\/uploads\/2024\/11\/pawel-czerwinski-ibx3hNM2eMc-unsplash.webp?resize=1050%2C600&ssl=1 3x, https:\/\/i0.wp.com\/kohenavocats.com\/wp-content\/uploads\/2024\/11\/pawel-czerwinski-ibx3hNM2eMc-unsplash.webp?resize=1400%2C800&ssl=1 4x"},"classes":[]}],"jetpack_sharing_enabled":true,"_links":{"self":[{"href":"https:\/\/kohenavocats.com\/zh-hans\/wp-json\/wp\/v2\/posts\/645129","targetHints":{"allow":["GET"]}}],"collection":[{"href":"https:\/\/kohenavocats.com\/zh-hans\/wp-json\/wp\/v2\/posts"}],"about":[{"href":"https:\/\/kohenavocats.com\/zh-hans\/wp-json\/wp\/v2\/types\/post"}],"author":[{"embeddable":true,"href":"https:\/\/kohenavocats.com\/zh-hans\/wp-json\/wp\/v2\/users\/232070755"}],"replies":[{"embeddable":true,"href":"https:\/\/kohenavocats.com\/zh-hans\/wp-json\/wp\/v2\/comments?post=645129"}],"version-history":[{"count":0,"href":"https:\/\/kohenavocats.com\/zh-hans\/wp-json\/wp\/v2\/posts\/645129\/revisions"}],"wp:featuredmedia":[{"embeddable":true,"href":"https:\/\/kohenavocats.com\/zh-hans\/wp-json\/wp\/v2\/media\/9696"}],"wp:attachment":[{"href":"https:\/\/kohenavocats.com\/zh-hans\/wp-json\/wp\/v2\/media?parent=645129"}],"wp:term":[{"taxonomy":"category","embeddable":true,"href":"https:\/\/kohenavocats.com\/zh-hans\/wp-json\/wp\/v2\/categories?post=645129"},{"taxonomy":"post_tag","embeddable":true,"href":"https:\/\/kohenavocats.com\/zh-hans\/wp-json\/wp\/v2\/tags?post=645129"}],"curies":[{"name":"wp","href":"https:\/\/api.w.org\/{rel}","templated":true}]}}