{"id":647563,"date":"2026-04-22T12:24:25","date_gmt":"2026-04-22T10:24:25","guid":{"rendered":"https:\/\/kohenavocats.com\/tribunal-judiciaire-de-paris-le-3-octobre-2025-n25-03111\/"},"modified":"2026-04-22T12:24:25","modified_gmt":"2026-04-22T10:24:25","slug":"tribunal-judiciaire-de-paris-le-3-octobre-2025-n25-03111","status":"publish","type":"post","link":"https:\/\/kohenavocats.com\/zh-hans\/tribunal-judiciaire-de-paris-le-3-octobre-2025-n25-03111\/","title":{"rendered":"Tribunal judiciaire de Paris, le 3 octobre 2025, n\u00b025\/03111"},"content":{"rendered":"<div class=\"article-content\">\n<p>La juge des contentieux de la protection, statuant par ordonnance le 3 octobre 2025, a \u00e9t\u00e9 saisie d&#8217;une demande en expulsion et indemnit\u00e9 d&#8217;occupation. Suite au d\u00e9sistement partiel du demandeur, elle a statu\u00e9 sur les frais de proc\u00e9dure et le r\u00e9gime d&#8217;ex\u00e9cution de sa d\u00e9cision. L&#8217;ordonnance condamne le d\u00e9fendeur \u00e0 payer une somme au titre de l&#8217;article 700 du code de proc\u00e9dure civile et assortit la d\u00e9cision de l&#8217;ex\u00e9cution provisoire de droit.<\/p>\n<p>La condamnation aux frais de proc\u00e9dure et son \u00e9quit\u00e9<\/p>\n<p>Le juge applique strictement les textes relatifs aux frais irr\u00e9p\u00e9tibles. Il condamne la partie perdante aux d\u00e9pens conform\u00e9ment \u00e0 l&#8217;article 696 du code de proc\u00e9dure civile. Il alloue \u00e9galement une somme forfaitaire au demandeur au titre des frais non compris dans les d\u00e9pens. &#8220;L\u2019\u00e9quit\u00e9 commande par ailleurs de faire droit \u00e0 hauteur de 300 euros \u00e0 la demande&#8221; (Motifs). Cette d\u00e9cision illustre le pouvoir souverain d&#8217;appr\u00e9ciation des juges pour ce type de frais. Ils doivent concilier l&#8217;indemnisation de la partie victorieuse avec la situation \u00e9conomique de la partie condamn\u00e9e, comme le pr\u00e9voit l&#8217;article 700.<\/p>\n<p>La port\u00e9e de cette disposition est ainsi confirm\u00e9e dans son double objectif. Elle vise \u00e0 compenser partiellement les frais d&#8217;avocat expos\u00e9s par la partie gagnante. Elle impose aussi au juge de mod\u00e9rer sa condamnation en consid\u00e9ration de l&#8217;\u00e9quit\u00e9 et des ressources du d\u00e9biteur. Cette approche garantit une justice accessible en \u00e9vitant des condamnations excessives. Elle maintient n\u00e9anmoins une contribution aux frais n\u00e9cessaires \u00e0 la d\u00e9fense des droits.<\/p>\n<p>Le r\u00e9gime imp\u00e9ratif de l&#8217;ex\u00e9cution provisoire en mati\u00e8re de r\u00e9f\u00e9r\u00e9<\/p>\n<p>Le juge rappelle le principe de l&#8217;ex\u00e9cution provisoire de droit en premi\u00e8re instance. Il \u00e9nonce que &#8220;les d\u00e9cisions de premi\u00e8re instance sont de droit ex\u00e9cutoires \u00e0 titre provisoire&#8221; (Motifs). Il rel\u00e8ve ensuite l&#8217;exception pr\u00e9vue par l&#8217;article 514-1 du code de proc\u00e9dure civile. &#8220;Le juge ne peut toutefois pas \u00e9carter l&#8217;ex\u00e9cution provisoire de droit lorsqu&#8217;il statue en r\u00e9f\u00e9r\u00e9&#8221; (Motifs). La d\u00e9cision comment\u00e9e rejoint ainsi une jurisprudence constante sur ce point. &#8220;Par exception, le juge ne peut \u00e9carter l&#8217;ex\u00e9cution provisoire de droit lorsqu&#8217;il statue en r\u00e9f\u00e9r\u00e9&#8221; (Cour d&#8217;appel de Bordeaux, le 27 mars 2025, n\u00b025\/00013).<\/p>\n<p>La valeur de cette solution est de garantir l&#8217;efficacit\u00e9 des d\u00e9cisions rendues en urgence. Le l\u00e9gislateur a entendu pr\u00e9server l&#8217;effectivit\u00e9 des ordonnances de r\u00e9f\u00e9r\u00e9. Il interdit donc au juge de priver ces d\u00e9cisions de leur force ex\u00e9cutoire imm\u00e9diate. Cette r\u00e8gle imp\u00e9rative s&#8217;applique quel que soit le fond du litige ou la situation des parties. Elle assure la coh\u00e9rence du syst\u00e8me en \u00e9vitant toute contradiction entre le jugement au fond et l&#8217;urgence.<\/p>\n<\/div>\n","protected":false},"excerpt":{"rendered":"<p>La juge des contentieux de la protection, statuant par ordonnance le 3 octobre 2025, a \u00e9t\u00e9 saisie d&#8217;une demande en expulsion et indemnit\u00e9 d&#8217;occupation. Suite&#8230;<\/p>\n","protected":false},"author":232070755,"featured_media":4899,"comment_status":"open","ping_status":"open","sticky":false,"template":"","format":"standard","meta":{"_crdt_document":"","_jetpack_newsletter_access":"","_jetpack_dont_email_post_to_subs":false,"_jetpack_newsletter_tier_id":0,"_jetpack_memberships_contains_paywalled_content":false,"_jetpack_memberships_contains_paid_content":false,"footnotes":"","jetpack_post_was_ever_published":false},"categories":[7597],"tags":[],"class_list":["post-647563","post","type-post","status-publish","format-standard","has-post-thumbnail","hentry","category-jurisprudence"],"yoast_head":"<!-- This site is optimized with the Yoast SEO Premium plugin v27.4 (Yoast SEO v27.4) - https:\/\/yoast.com\/product\/yoast-seo-premium-wordpress\/ -->\n<title>Tribunal judiciaire de Paris, le 3 octobre 2025, n\u00b025\/03111 - Ma\u00eetre Hassan Kohen, avocat en droit p\u00e9nal \u00e0 Paris<\/title>\n<meta name=\"description\" content=\"La juge des contentieux de la protection, statuant par ordonnance le 3 octobre 2025, a \u00e9t\u00e9 saisie d&#039;une demande en expulsion et indemnit\u00e9 d&#039;occupation. Suite...\" \/>\n<meta name=\"robots\" content=\"index, follow, max-snippet:-1, max-image-preview:large, max-video-preview:-1\" \/>\n<link rel=\"canonical\" href=\"https:\/\/kohenavocats.com\/zh-hans\/tribunal-judiciaire-de-paris-le-3-octobre-2025-n25-03111\/\" \/>\n<meta property=\"og:locale\" content=\"zh_CN\" \/>\n<meta property=\"og:type\" content=\"article\" \/>\n<meta property=\"og:title\" content=\"Tribunal judiciaire de Paris, le 3 octobre 2025, n\u00b025\/03111\" \/>\n<meta property=\"og:description\" content=\"La juge des contentieux de la protection, statuant par ordonnance le 3 octobre 2025, a \u00e9t\u00e9 saisie d&#039;une demande en expulsion et indemnit\u00e9 d&#039;occupation. Suite...\" \/>\n<meta property=\"og:url\" content=\"https:\/\/kohenavocats.com\/zh-hans\/tribunal-judiciaire-de-paris-le-3-octobre-2025-n25-03111\/\" \/>\n<meta property=\"og:site_name\" content=\"Ma\u00eetre Hassan Kohen, avocat en droit p\u00e9nal \u00e0 Paris\" \/>\n<meta property=\"article:published_time\" content=\"2026-04-22T10:24:25+00:00\" \/>\n<meta property=\"og:image\" content=\"https:\/\/kohenavocats.com\/wp-content\/uploads\/2024\/08\/nicolas-hippert-xcIwC9TZnL4-unsplash.webp\" \/>\n\t<meta property=\"og:image:width\" content=\"5676\" \/>\n\t<meta property=\"og:image:height\" content=\"3068\" \/>\n\t<meta property=\"og:image:type\" content=\"image\/webp\" \/>\n<meta name=\"author\" content=\"Kohen\" \/>\n<meta name=\"twitter:card\" content=\"summary_large_image\" \/>\n<meta name=\"twitter:label1\" content=\"\u4f5c\u8005\" \/>\n\t<meta name=\"twitter:data1\" content=\"Kohen\" \/>\n\t<meta name=\"twitter:label2\" content=\"\u9884\u8ba1\u9605\u8bfb\u65f6\u95f4\" \/>\n\t<meta name=\"twitter:data2\" content=\"2 \u5206\" \/>\n<script type=\"application\/ld+json\" class=\"yoast-schema-graph\">{\"@context\":\"https:\\\/\\\/schema.org\",\"@graph\":[{\"@type\":\"Article\",\"@id\":\"https:\\\/\\\/kohenavocats.com\\\/zh-hans\\\/tribunal-judiciaire-de-paris-le-3-octobre-2025-n25-03111\\\/#article\",\"isPartOf\":{\"@id\":\"https:\\\/\\\/kohenavocats.com\\\/zh-hans\\\/tribunal-judiciaire-de-paris-le-3-octobre-2025-n25-03111\\\/\"},\"author\":{\"name\":\"Kohen\",\"@id\":\"https:\\\/\\\/kohenavocats.com\\\/zh-hans\\\/#\\\/schema\\\/person\\\/761c9ba54fa1ca84d405cef0831ff751\"},\"headline\":\"Tribunal judiciaire de Paris, le 3 octobre 2025, n\u00b025\\\/03111\",\"datePublished\":\"2026-04-22T10:24:25+00:00\",\"mainEntityOfPage\":{\"@id\":\"https:\\\/\\\/kohenavocats.com\\\/zh-hans\\\/tribunal-judiciaire-de-paris-le-3-octobre-2025-n25-03111\\\/\"},\"wordCount\":497,\"commentCount\":0,\"publisher\":{\"@id\":\"https:\\\/\\\/kohenavocats.com\\\/zh-hans\\\/#organization\"},\"image\":{\"@id\":\"https:\\\/\\\/kohenavocats.com\\\/zh-hans\\\/tribunal-judiciaire-de-paris-le-3-octobre-2025-n25-03111\\\/#primaryimage\"},\"thumbnailUrl\":\"https:\\\/\\\/kohenavocats.com\\\/wp-content\\\/uploads\\\/2024\\\/08\\\/nicolas-hippert-xcIwC9TZnL4-unsplash.webp\",\"articleSection\":[\"Jurisprudence\"],\"inLanguage\":\"zh-Hans\",\"potentialAction\":[{\"@type\":\"CommentAction\",\"name\":\"Comment\",\"target\":[\"https:\\\/\\\/kohenavocats.com\\\/zh-hans\\\/tribunal-judiciaire-de-paris-le-3-octobre-2025-n25-03111\\\/#respond\"]}],\"citation\":\"Tribunal judiciaire de Paris, le 3 octobre 2025, n\u00b025\\\/03111\",\"about\":[{\"@type\":\"Thing\",\"name\":\"Jurisprudence\"}],\"dateModified\":\"2026-04-22T10:24:25+00:00\",\"speakable\":{\"@type\":\"SpeakableSpecification\",\"cssSelector\":[\".article-content > p:first-of-type\"]}},{\"@type\":\"WebPage\",\"@id\":\"https:\\\/\\\/kohenavocats.com\\\/zh-hans\\\/tribunal-judiciaire-de-paris-le-3-octobre-2025-n25-03111\\\/\",\"url\":\"https:\\\/\\\/kohenavocats.com\\\/zh-hans\\\/tribunal-judiciaire-de-paris-le-3-octobre-2025-n25-03111\\\/\",\"name\":\"Tribunal judiciaire de Paris, le 3 octobre 2025, n\u00b025\\\/03111 - Ma\u00eetre Hassan Kohen, avocat en droit p\u00e9nal \u00e0 Paris\",\"isPartOf\":{\"@id\":\"https:\\\/\\\/kohenavocats.com\\\/zh-hans\\\/#website\"},\"primaryImageOfPage\":{\"@id\":\"https:\\\/\\\/kohenavocats.com\\\/zh-hans\\\/tribunal-judiciaire-de-paris-le-3-octobre-2025-n25-03111\\\/#primaryimage\"},\"image\":{\"@id\":\"https:\\\/\\\/kohenavocats.com\\\/zh-hans\\\/tribunal-judiciaire-de-paris-le-3-octobre-2025-n25-03111\\\/#primaryimage\"},\"thumbnailUrl\":\"https:\\\/\\\/kohenavocats.com\\\/wp-content\\\/uploads\\\/2024\\\/08\\\/nicolas-hippert-xcIwC9TZnL4-unsplash.webp\",\"datePublished\":\"2026-04-22T10:24:25+00:00\",\"description\":\"La juge des contentieux de la protection, statuant par ordonnance le 3 octobre 2025, a \u00e9t\u00e9 saisie d'une demande en expulsion et indemnit\u00e9 d'occupation. Suite...\",\"breadcrumb\":{\"@id\":\"https:\\\/\\\/kohenavocats.com\\\/zh-hans\\\/tribunal-judiciaire-de-paris-le-3-octobre-2025-n25-03111\\\/#breadcrumb\"},\"inLanguage\":\"zh-Hans\",\"potentialAction\":[{\"@type\":\"ReadAction\",\"target\":[\"https:\\\/\\\/kohenavocats.com\\\/zh-hans\\\/tribunal-judiciaire-de-paris-le-3-octobre-2025-n25-03111\\\/\"]}]},{\"@type\":\"ImageObject\",\"inLanguage\":\"zh-Hans\",\"@id\":\"https:\\\/\\\/kohenavocats.com\\\/zh-hans\\\/tribunal-judiciaire-de-paris-le-3-octobre-2025-n25-03111\\\/#primaryimage\",\"url\":\"https:\\\/\\\/kohenavocats.com\\\/wp-content\\\/uploads\\\/2024\\\/08\\\/nicolas-hippert-xcIwC9TZnL4-unsplash.webp\",\"contentUrl\":\"https:\\\/\\\/kohenavocats.com\\\/wp-content\\\/uploads\\\/2024\\\/08\\\/nicolas-hippert-xcIwC9TZnL4-unsplash.webp\",\"width\":5676,\"height\":3068},{\"@type\":\"BreadcrumbList\",\"@id\":\"https:\\\/\\\/kohenavocats.com\\\/zh-hans\\\/tribunal-judiciaire-de-paris-le-3-octobre-2025-n25-03111\\\/#breadcrumb\",\"itemListElement\":[{\"@type\":\"ListItem\",\"position\":1,\"name\":\"Home\",\"item\":\"https:\\\/\\\/kohenavocats.com\\\/zh-hans\\\/\"},{\"@type\":\"ListItem\",\"position\":2,\"name\":\"Tribunal judiciaire de Paris, le 3 octobre 2025, n\u00b025\\\/03111\"}]},{\"@type\":\"WebSite\",\"@id\":\"https:\\\/\\\/kohenavocats.com\\\/zh-hans\\\/#website\",\"url\":\"https:\\\/\\\/kohenavocats.com\\\/zh-hans\\\/\",\"name\":\"Kohen Avocats\",\"description\":\"Ma\u00eetre Hassan Kohen, avocat p\u00e9naliste \u00e0 Paris, intervient exclusivement en droit p\u00e9nal pour la d\u00e9fense des particuliers, notamment en mati\u00e8re d\u2019accusations de viol. Il assure un accompagnement rigoureux d\u00e8s la garde \u00e0 vue jusqu\u2019\u00e0 la Cour d\u2019assises, veillant au strict respect des garanties proc\u00e9durales.\",\"publisher\":{\"@id\":\"https:\\\/\\\/kohenavocats.com\\\/zh-hans\\\/#organization\"},\"potentialAction\":[{\"@type\":\"SearchAction\",\"target\":{\"@type\":\"EntryPoint\",\"urlTemplate\":\"https:\\\/\\\/kohenavocats.com\\\/zh-hans\\\/?s={search_term_string}\"},\"query-input\":{\"@type\":\"PropertyValueSpecification\",\"valueRequired\":true,\"valueName\":\"search_term_string\"}}],\"inLanguage\":\"zh-Hans\"},{\"@type\":\"Organization\",\"@id\":\"https:\\\/\\\/kohenavocats.com\\\/zh-hans\\\/#organization\",\"name\":\"Kohen Avocats\",\"url\":\"https:\\\/\\\/kohenavocats.com\\\/zh-hans\\\/\",\"logo\":{\"@type\":\"ImageObject\",\"inLanguage\":\"zh-Hans\",\"@id\":\"https:\\\/\\\/kohenavocats.com\\\/zh-hans\\\/#\\\/schema\\\/logo\\\/image\\\/\",\"url\":\"https:\\\/\\\/kohenavocats.com\\\/wp-content\\\/uploads\\\/2026\\\/01\\\/Logo-2-1.webp\",\"contentUrl\":\"https:\\\/\\\/kohenavocats.com\\\/wp-content\\\/uploads\\\/2026\\\/01\\\/Logo-2-1.webp\",\"width\":2114,\"height\":1253,\"caption\":\"Kohen Avocats\"},\"image\":{\"@id\":\"https:\\\/\\\/kohenavocats.com\\\/zh-hans\\\/#\\\/schema\\\/logo\\\/image\\\/\"}},{\"@type\":\"Person\",\"@id\":\"https:\\\/\\\/kohenavocats.com\\\/zh-hans\\\/#\\\/schema\\\/person\\\/761c9ba54fa1ca84d405cef0831ff751\",\"name\":\"Kohen\",\"image\":{\"@type\":\"ImageObject\",\"inLanguage\":\"zh-Hans\",\"@id\":\"https:\\\/\\\/secure.gravatar.com\\\/avatar\\\/1c5e76ef76bbbfdd2b4da984e2bf2fa4056fd51a27d25ce2c332047f1dfd6e00?s=96&d=identicon&r=g\",\"url\":\"https:\\\/\\\/secure.gravatar.com\\\/avatar\\\/1c5e76ef76bbbfdd2b4da984e2bf2fa4056fd51a27d25ce2c332047f1dfd6e00?s=96&d=identicon&r=g\",\"contentUrl\":\"https:\\\/\\\/secure.gravatar.com\\\/avatar\\\/1c5e76ef76bbbfdd2b4da984e2bf2fa4056fd51a27d25ce2c332047f1dfd6e00?s=96&d=identicon&r=g\",\"caption\":\"Kohen\"},\"sameAs\":[\"https:\\\/\\\/www.linkedin.com\\\/in\\\/hassan-kohen-448548192\\\/\",\"https:\\\/\\\/www.youtube.com\\\/@Kohen-Avocats\"],\"url\":\"https:\\\/\\\/kohenavocats.com\\\/zh-hans\\\/author\\\/kohenmlk\\\/\"}]}<\/script>\n<!-- \/ Yoast SEO Premium plugin. -->","yoast_head_json":{"title":"Tribunal judiciaire de Paris, le 3 octobre 2025, n\u00b025\/03111 - Ma\u00eetre Hassan Kohen, avocat en droit p\u00e9nal \u00e0 Paris","description":"La juge des contentieux de la protection, statuant par ordonnance le 3 octobre 2025, a \u00e9t\u00e9 saisie d'une demande en expulsion et indemnit\u00e9 d'occupation. Suite...","robots":{"index":"index","follow":"follow","max-snippet":"max-snippet:-1","max-image-preview":"max-image-preview:large","max-video-preview":"max-video-preview:-1"},"canonical":"https:\/\/kohenavocats.com\/zh-hans\/tribunal-judiciaire-de-paris-le-3-octobre-2025-n25-03111\/","og_locale":"zh_CN","og_type":"article","og_title":"Tribunal judiciaire de Paris, le 3 octobre 2025, n\u00b025\/03111","og_description":"La juge des contentieux de la protection, statuant par ordonnance le 3 octobre 2025, a \u00e9t\u00e9 saisie d'une demande en expulsion et indemnit\u00e9 d'occupation. Suite...","og_url":"https:\/\/kohenavocats.com\/zh-hans\/tribunal-judiciaire-de-paris-le-3-octobre-2025-n25-03111\/","og_site_name":"Ma\u00eetre Hassan Kohen, avocat en droit p\u00e9nal \u00e0 Paris","article_published_time":"2026-04-22T10:24:25+00:00","og_image":[{"width":5676,"height":3068,"url":"https:\/\/kohenavocats.com\/wp-content\/uploads\/2024\/08\/nicolas-hippert-xcIwC9TZnL4-unsplash.webp","type":"image\/webp"}],"author":"Kohen","twitter_card":"summary_large_image","twitter_misc":{"\u4f5c\u8005":"Kohen","\u9884\u8ba1\u9605\u8bfb\u65f6\u95f4":"2 \u5206"},"schema":{"@context":"https:\/\/schema.org","@graph":[{"@type":"Article","@id":"https:\/\/kohenavocats.com\/zh-hans\/tribunal-judiciaire-de-paris-le-3-octobre-2025-n25-03111\/#article","isPartOf":{"@id":"https:\/\/kohenavocats.com\/zh-hans\/tribunal-judiciaire-de-paris-le-3-octobre-2025-n25-03111\/"},"author":{"name":"Kohen","@id":"https:\/\/kohenavocats.com\/zh-hans\/#\/schema\/person\/761c9ba54fa1ca84d405cef0831ff751"},"headline":"Tribunal judiciaire de Paris, le 3 octobre 2025, n\u00b025\/03111","datePublished":"2026-04-22T10:24:25+00:00","mainEntityOfPage":{"@id":"https:\/\/kohenavocats.com\/zh-hans\/tribunal-judiciaire-de-paris-le-3-octobre-2025-n25-03111\/"},"wordCount":497,"commentCount":0,"publisher":{"@id":"https:\/\/kohenavocats.com\/zh-hans\/#organization"},"image":{"@id":"https:\/\/kohenavocats.com\/zh-hans\/tribunal-judiciaire-de-paris-le-3-octobre-2025-n25-03111\/#primaryimage"},"thumbnailUrl":"https:\/\/kohenavocats.com\/wp-content\/uploads\/2024\/08\/nicolas-hippert-xcIwC9TZnL4-unsplash.webp","articleSection":["Jurisprudence"],"inLanguage":"zh-Hans","potentialAction":[{"@type":"CommentAction","name":"Comment","target":["https:\/\/kohenavocats.com\/zh-hans\/tribunal-judiciaire-de-paris-le-3-octobre-2025-n25-03111\/#respond"]}],"citation":"Tribunal judiciaire de Paris, le 3 octobre 2025, n\u00b025\/03111","about":[{"@type":"Thing","name":"Jurisprudence"}],"dateModified":"2026-04-22T10:24:25+00:00","speakable":{"@type":"SpeakableSpecification","cssSelector":[".article-content > p:first-of-type"]}},{"@type":"WebPage","@id":"https:\/\/kohenavocats.com\/zh-hans\/tribunal-judiciaire-de-paris-le-3-octobre-2025-n25-03111\/","url":"https:\/\/kohenavocats.com\/zh-hans\/tribunal-judiciaire-de-paris-le-3-octobre-2025-n25-03111\/","name":"Tribunal judiciaire de Paris, le 3 octobre 2025, n\u00b025\/03111 - Ma\u00eetre Hassan Kohen, avocat en droit p\u00e9nal \u00e0 Paris","isPartOf":{"@id":"https:\/\/kohenavocats.com\/zh-hans\/#website"},"primaryImageOfPage":{"@id":"https:\/\/kohenavocats.com\/zh-hans\/tribunal-judiciaire-de-paris-le-3-octobre-2025-n25-03111\/#primaryimage"},"image":{"@id":"https:\/\/kohenavocats.com\/zh-hans\/tribunal-judiciaire-de-paris-le-3-octobre-2025-n25-03111\/#primaryimage"},"thumbnailUrl":"https:\/\/kohenavocats.com\/wp-content\/uploads\/2024\/08\/nicolas-hippert-xcIwC9TZnL4-unsplash.webp","datePublished":"2026-04-22T10:24:25+00:00","description":"La juge des contentieux de la protection, statuant par ordonnance le 3 octobre 2025, a \u00e9t\u00e9 saisie d'une demande en expulsion et indemnit\u00e9 d'occupation. Suite...","breadcrumb":{"@id":"https:\/\/kohenavocats.com\/zh-hans\/tribunal-judiciaire-de-paris-le-3-octobre-2025-n25-03111\/#breadcrumb"},"inLanguage":"zh-Hans","potentialAction":[{"@type":"ReadAction","target":["https:\/\/kohenavocats.com\/zh-hans\/tribunal-judiciaire-de-paris-le-3-octobre-2025-n25-03111\/"]}]},{"@type":"ImageObject","inLanguage":"zh-Hans","@id":"https:\/\/kohenavocats.com\/zh-hans\/tribunal-judiciaire-de-paris-le-3-octobre-2025-n25-03111\/#primaryimage","url":"https:\/\/kohenavocats.com\/wp-content\/uploads\/2024\/08\/nicolas-hippert-xcIwC9TZnL4-unsplash.webp","contentUrl":"https:\/\/kohenavocats.com\/wp-content\/uploads\/2024\/08\/nicolas-hippert-xcIwC9TZnL4-unsplash.webp","width":5676,"height":3068},{"@type":"BreadcrumbList","@id":"https:\/\/kohenavocats.com\/zh-hans\/tribunal-judiciaire-de-paris-le-3-octobre-2025-n25-03111\/#breadcrumb","itemListElement":[{"@type":"ListItem","position":1,"name":"Home","item":"https:\/\/kohenavocats.com\/zh-hans\/"},{"@type":"ListItem","position":2,"name":"Tribunal judiciaire de Paris, le 3 octobre 2025, n\u00b025\/03111"}]},{"@type":"WebSite","@id":"https:\/\/kohenavocats.com\/zh-hans\/#website","url":"https:\/\/kohenavocats.com\/zh-hans\/","name":"Kohen Avocats","description":"Ma\u00eetre Hassan Kohen, avocat p\u00e9naliste \u00e0 Paris, intervient exclusivement en droit p\u00e9nal pour la d\u00e9fense des particuliers, notamment en mati\u00e8re d\u2019accusations de viol. Il assure un accompagnement rigoureux d\u00e8s la garde \u00e0 vue jusqu\u2019\u00e0 la Cour d\u2019assises, veillant au strict respect des garanties proc\u00e9durales.","publisher":{"@id":"https:\/\/kohenavocats.com\/zh-hans\/#organization"},"potentialAction":[{"@type":"SearchAction","target":{"@type":"EntryPoint","urlTemplate":"https:\/\/kohenavocats.com\/zh-hans\/?s={search_term_string}"},"query-input":{"@type":"PropertyValueSpecification","valueRequired":true,"valueName":"search_term_string"}}],"inLanguage":"zh-Hans"},{"@type":"Organization","@id":"https:\/\/kohenavocats.com\/zh-hans\/#organization","name":"Kohen Avocats","url":"https:\/\/kohenavocats.com\/zh-hans\/","logo":{"@type":"ImageObject","inLanguage":"zh-Hans","@id":"https:\/\/kohenavocats.com\/zh-hans\/#\/schema\/logo\/image\/","url":"https:\/\/kohenavocats.com\/wp-content\/uploads\/2026\/01\/Logo-2-1.webp","contentUrl":"https:\/\/kohenavocats.com\/wp-content\/uploads\/2026\/01\/Logo-2-1.webp","width":2114,"height":1253,"caption":"Kohen Avocats"},"image":{"@id":"https:\/\/kohenavocats.com\/zh-hans\/#\/schema\/logo\/image\/"}},{"@type":"Person","@id":"https:\/\/kohenavocats.com\/zh-hans\/#\/schema\/person\/761c9ba54fa1ca84d405cef0831ff751","name":"Kohen","image":{"@type":"ImageObject","inLanguage":"zh-Hans","@id":"https:\/\/secure.gravatar.com\/avatar\/1c5e76ef76bbbfdd2b4da984e2bf2fa4056fd51a27d25ce2c332047f1dfd6e00?s=96&d=identicon&r=g","url":"https:\/\/secure.gravatar.com\/avatar\/1c5e76ef76bbbfdd2b4da984e2bf2fa4056fd51a27d25ce2c332047f1dfd6e00?s=96&d=identicon&r=g","contentUrl":"https:\/\/secure.gravatar.com\/avatar\/1c5e76ef76bbbfdd2b4da984e2bf2fa4056fd51a27d25ce2c332047f1dfd6e00?s=96&d=identicon&r=g","caption":"Kohen"},"sameAs":["https:\/\/www.linkedin.com\/in\/hassan-kohen-448548192\/","https:\/\/www.youtube.com\/@Kohen-Avocats"],"url":"https:\/\/kohenavocats.com\/zh-hans\/author\/kohenmlk\/"}]}},"jetpack_featured_media_url":"https:\/\/kohenavocats.com\/wp-content\/uploads\/2024\/08\/nicolas-hippert-xcIwC9TZnL4-unsplash.webp","jetpack_likes_enabled":false,"jetpack_shortlink":"https:\/\/wp.me\/peCrII-2Isz","jetpack-related-posts":[{"id":228691,"url":"https:\/\/kohenavocats.com\/zh-hans\/tribunal-judiciaire-de-toulouse-le-17-juin-2025-n24-04544\/","url_meta":{"origin":647563,"position":0},"title":"Tribunal judiciaire de Toulouse, le 17 juin 2025, n\u00b024\/04544","author":"Kohen","date":"2025\u5e7412\u670827\u65e5","format":false,"excerpt":"Par un jugement rendu le 17 juin 2025 par le tribu\u2026","rel":"","context":"\u5728\u201cD\u00e9cisions juridiques\u201d\u4e2d","block_context":{"text":"D\u00e9cisions juridiques","link":"https:\/\/kohenavocats.com\/category\/decisions-juridiques\/"},"img":{"alt_text":"","src":"https:\/\/i0.wp.com\/kohenavocats.com\/wp-content\/uploads\/2024\/11\/getty-images-TVMKiNPHZTE-unsplash.webp?resize=350%2C200&ssl=1","width":350,"height":200,"srcset":"https:\/\/i0.wp.com\/kohenavocats.com\/wp-content\/uploads\/2024\/11\/getty-images-TVMKiNPHZTE-unsplash.webp?resize=350%2C200&ssl=1 1x, https:\/\/i0.wp.com\/kohenavocats.com\/wp-content\/uploads\/2024\/11\/getty-images-TVMKiNPHZTE-unsplash.webp?resize=525%2C300&ssl=1 1.5x, https:\/\/i0.wp.com\/kohenavocats.com\/wp-content\/uploads\/2024\/11\/getty-images-TVMKiNPHZTE-unsplash.webp?resize=700%2C400&ssl=1 2x, https:\/\/i0.wp.com\/kohenavocats.com\/wp-content\/uploads\/2024\/11\/getty-images-TVMKiNPHZTE-unsplash.webp?resize=1050%2C600&ssl=1 3x, https:\/\/i0.wp.com\/kohenavocats.com\/wp-content\/uploads\/2024\/11\/getty-images-TVMKiNPHZTE-unsplash.webp?resize=1400%2C800&ssl=1 4x"},"classes":[]},{"id":228950,"url":"https:\/\/kohenavocats.com\/zh-hans\/tribunal-judiciaire-de-bourgoin-jallieu-le-17-juin-2025-n25-00048\/","url_meta":{"origin":647563,"position":1},"title":"Tribunal judiciaire de Bourgoin-Jallieu, le 17 juin 2025, n\u00b025\/00048","author":"Kohen","date":"2025\u5e7412\u670827\u65e5","format":false,"excerpt":"Now using node v22.15.1 (npm v10.8.2)Utilisation d\u2026","rel":"","context":"\u5728\u201cD\u00e9cisions juridiques\u201d\u4e2d","block_context":{"text":"D\u00e9cisions juridiques","link":"https:\/\/kohenavocats.com\/category\/decisions-juridiques\/"},"img":{"alt_text":"","src":"https:\/\/i0.wp.com\/kohenavocats.com\/wp-content\/uploads\/2024\/08\/clement-dellandrea-2racULxVpbw-unsplash.webp?resize=350%2C200&ssl=1","width":350,"height":200,"srcset":"https:\/\/i0.wp.com\/kohenavocats.com\/wp-content\/uploads\/2024\/08\/clement-dellandrea-2racULxVpbw-unsplash.webp?resize=350%2C200&ssl=1 1x, https:\/\/i0.wp.com\/kohenavocats.com\/wp-content\/uploads\/2024\/08\/clement-dellandrea-2racULxVpbw-unsplash.webp?resize=525%2C300&ssl=1 1.5x, https:\/\/i0.wp.com\/kohenavocats.com\/wp-content\/uploads\/2024\/08\/clement-dellandrea-2racULxVpbw-unsplash.webp?resize=700%2C400&ssl=1 2x, https:\/\/i0.wp.com\/kohenavocats.com\/wp-content\/uploads\/2024\/08\/clement-dellandrea-2racULxVpbw-unsplash.webp?resize=1050%2C600&ssl=1 3x, https:\/\/i0.wp.com\/kohenavocats.com\/wp-content\/uploads\/2024\/08\/clement-dellandrea-2racULxVpbw-unsplash.webp?resize=1400%2C800&ssl=1 4x"},"classes":[]},{"id":33044,"url":"https:\/\/kohenavocats.com\/zh-hans\/cour-dappel-de-noumea-le-4-aout-2025-n24-00322\/","url_meta":{"origin":647563,"position":2},"title":"Cour d&#8217;appel de Noum\u00e9a, le 4 ao\u00fbt 2025, n\u00b024\/00322","author":"Kohen","date":"2025\u5e7411\u67085\u65e5","format":false,"excerpt":"Cour d'appel de Noum\u00e9a, 4 ao\u00fbt 2025, chambre civil\u2026","rel":"","context":"\u5728\u201cCour d'appel\u201d\u4e2d","block_context":{"text":"Cour d'appel","link":"https:\/\/kohenavocats.com\/category\/cour-dappel\/"},"img":{"alt_text":"","src":"https:\/\/i0.wp.com\/kohenavocats.com\/wp-content\/uploads\/2024\/08\/stephanie-leblanc-5dZBzZxISXE-unsplash.webp?resize=350%2C200&ssl=1","width":350,"height":200,"srcset":"https:\/\/i0.wp.com\/kohenavocats.com\/wp-content\/uploads\/2024\/08\/stephanie-leblanc-5dZBzZxISXE-unsplash.webp?resize=350%2C200&ssl=1 1x, https:\/\/i0.wp.com\/kohenavocats.com\/wp-content\/uploads\/2024\/08\/stephanie-leblanc-5dZBzZxISXE-unsplash.webp?resize=525%2C300&ssl=1 1.5x, https:\/\/i0.wp.com\/kohenavocats.com\/wp-content\/uploads\/2024\/08\/stephanie-leblanc-5dZBzZxISXE-unsplash.webp?resize=700%2C400&ssl=1 2x, https:\/\/i0.wp.com\/kohenavocats.com\/wp-content\/uploads\/2024\/08\/stephanie-leblanc-5dZBzZxISXE-unsplash.webp?resize=1050%2C600&ssl=1 3x, https:\/\/i0.wp.com\/kohenavocats.com\/wp-content\/uploads\/2024\/08\/stephanie-leblanc-5dZBzZxISXE-unsplash.webp?resize=1400%2C800&ssl=1 4x"},"classes":[]},{"id":305116,"url":"https:\/\/kohenavocats.com\/zh-hans\/tribunal-judiciaire-de-toulouse-le-16-juillet-2025-n25-00625\/","url_meta":{"origin":647563,"position":3},"title":"Tribunal judiciaire de Toulouse, le 16 juillet 2025, n\u00b025\/00625","author":"Kohen","date":"2026\u5e742\u67085\u65e5","format":false,"excerpt":"La pr\u00e9sente ordonnance de r\u00e9f\u00e9r\u00e9 statue sur les co\u2026","rel":"","context":"\u5728\u201cD\u00e9cisions juridiques\u201d\u4e2d","block_context":{"text":"D\u00e9cisions juridiques","link":"https:\/\/kohenavocats.com\/category\/decisions-juridiques\/"},"img":{"alt_text":"","src":"https:\/\/i0.wp.com\/kohenavocats.com\/wp-content\/uploads\/2024\/08\/pierre-antona-ir9dYEOvx5s-unsplash-1.webp?resize=350%2C200&ssl=1","width":350,"height":200,"srcset":"https:\/\/i0.wp.com\/kohenavocats.com\/wp-content\/uploads\/2024\/08\/pierre-antona-ir9dYEOvx5s-unsplash-1.webp?resize=350%2C200&ssl=1 1x, https:\/\/i0.wp.com\/kohenavocats.com\/wp-content\/uploads\/2024\/08\/pierre-antona-ir9dYEOvx5s-unsplash-1.webp?resize=525%2C300&ssl=1 1.5x, https:\/\/i0.wp.com\/kohenavocats.com\/wp-content\/uploads\/2024\/08\/pierre-antona-ir9dYEOvx5s-unsplash-1.webp?resize=700%2C400&ssl=1 2x, https:\/\/i0.wp.com\/kohenavocats.com\/wp-content\/uploads\/2024\/08\/pierre-antona-ir9dYEOvx5s-unsplash-1.webp?resize=1050%2C600&ssl=1 3x, https:\/\/i0.wp.com\/kohenavocats.com\/wp-content\/uploads\/2024\/08\/pierre-antona-ir9dYEOvx5s-unsplash-1.webp?resize=1400%2C800&ssl=1 4x"},"classes":[]},{"id":205792,"url":"https:\/\/kohenavocats.com\/zh-hans\/juge-des-referes-du-conseil-detat-le-14-avril-2025-n502307\/","url_meta":{"origin":647563,"position":4},"title":"Juge des r\u00e9f\u00e9r\u00e9s du Conseil d&#8217;\u00c9tat, le 14 avril 2025, n\u00b0502307","author":"Kohen","date":"2025\u5e7412\u670822\u65e5","format":false,"excerpt":"Par une ordonnance en date du 14 avril 2025, le ju\u2026","rel":"","context":"\u5728\u201cConseil d'\u00c9tat\u201d\u4e2d","block_context":{"text":"Conseil d'\u00c9tat","link":"https:\/\/kohenavocats.com\/category\/conseil-detat\/"},"img":{"alt_text":"","src":"https:\/\/i0.wp.com\/kohenavocats.com\/wp-content\/uploads\/2024\/11\/kedar-gadge-qNbe1RLo06M-unsplash.webp?resize=350%2C200&ssl=1","width":350,"height":200,"srcset":"https:\/\/i0.wp.com\/kohenavocats.com\/wp-content\/uploads\/2024\/11\/kedar-gadge-qNbe1RLo06M-unsplash.webp?resize=350%2C200&ssl=1 1x, https:\/\/i0.wp.com\/kohenavocats.com\/wp-content\/uploads\/2024\/11\/kedar-gadge-qNbe1RLo06M-unsplash.webp?resize=525%2C300&ssl=1 1.5x, https:\/\/i0.wp.com\/kohenavocats.com\/wp-content\/uploads\/2024\/11\/kedar-gadge-qNbe1RLo06M-unsplash.webp?resize=700%2C400&ssl=1 2x, https:\/\/i0.wp.com\/kohenavocats.com\/wp-content\/uploads\/2024\/11\/kedar-gadge-qNbe1RLo06M-unsplash.webp?resize=1050%2C600&ssl=1 3x, https:\/\/i0.wp.com\/kohenavocats.com\/wp-content\/uploads\/2024\/11\/kedar-gadge-qNbe1RLo06M-unsplash.webp?resize=1400%2C800&ssl=1 4x"},"classes":[]},{"id":33063,"url":"https:\/\/kohenavocats.com\/zh-hans\/tribunal-judiciaire-de-bobigny-le-23-juin-2025-n21-12148\/","url_meta":{"origin":647563,"position":5},"title":"Tribunal judiciaire de Bobigny, le 23 juin 2025, n\u00b021\/12148","author":"Kohen","date":"2025\u5e7411\u67085\u65e5","format":false,"excerpt":"Tribunal judiciaire de [Localit\u00e9 12], 23 juin 2025\u2026","rel":"","context":"\u5728\u201cD\u00e9cisions juridiques\u201d\u4e2d","block_context":{"text":"D\u00e9cisions juridiques","link":"https:\/\/kohenavocats.com\/category\/decisions-juridiques\/"},"img":{"alt_text":"","src":"https:\/\/i0.wp.com\/kohenavocats.com\/wp-content\/uploads\/2024\/11\/virginia-marinova-3UfkjHxVch0-unsplash-1.webp?resize=350%2C200&ssl=1","width":350,"height":200,"srcset":"https:\/\/i0.wp.com\/kohenavocats.com\/wp-content\/uploads\/2024\/11\/virginia-marinova-3UfkjHxVch0-unsplash-1.webp?resize=350%2C200&ssl=1 1x, https:\/\/i0.wp.com\/kohenavocats.com\/wp-content\/uploads\/2024\/11\/virginia-marinova-3UfkjHxVch0-unsplash-1.webp?resize=525%2C300&ssl=1 1.5x, https:\/\/i0.wp.com\/kohenavocats.com\/wp-content\/uploads\/2024\/11\/virginia-marinova-3UfkjHxVch0-unsplash-1.webp?resize=700%2C400&ssl=1 2x, https:\/\/i0.wp.com\/kohenavocats.com\/wp-content\/uploads\/2024\/11\/virginia-marinova-3UfkjHxVch0-unsplash-1.webp?resize=1050%2C600&ssl=1 3x, https:\/\/i0.wp.com\/kohenavocats.com\/wp-content\/uploads\/2024\/11\/virginia-marinova-3UfkjHxVch0-unsplash-1.webp?resize=1400%2C800&ssl=1 4x"},"classes":[]}],"jetpack_sharing_enabled":true,"_links":{"self":[{"href":"https:\/\/kohenavocats.com\/zh-hans\/wp-json\/wp\/v2\/posts\/647563","targetHints":{"allow":["GET"]}}],"collection":[{"href":"https:\/\/kohenavocats.com\/zh-hans\/wp-json\/wp\/v2\/posts"}],"about":[{"href":"https:\/\/kohenavocats.com\/zh-hans\/wp-json\/wp\/v2\/types\/post"}],"author":[{"embeddable":true,"href":"https:\/\/kohenavocats.com\/zh-hans\/wp-json\/wp\/v2\/users\/232070755"}],"replies":[{"embeddable":true,"href":"https:\/\/kohenavocats.com\/zh-hans\/wp-json\/wp\/v2\/comments?post=647563"}],"version-history":[{"count":0,"href":"https:\/\/kohenavocats.com\/zh-hans\/wp-json\/wp\/v2\/posts\/647563\/revisions"}],"wp:featuredmedia":[{"embeddable":true,"href":"https:\/\/kohenavocats.com\/zh-hans\/wp-json\/wp\/v2\/media\/4899"}],"wp:attachment":[{"href":"https:\/\/kohenavocats.com\/zh-hans\/wp-json\/wp\/v2\/media?parent=647563"}],"wp:term":[{"taxonomy":"category","embeddable":true,"href":"https:\/\/kohenavocats.com\/zh-hans\/wp-json\/wp\/v2\/categories?post=647563"},{"taxonomy":"post_tag","embeddable":true,"href":"https:\/\/kohenavocats.com\/zh-hans\/wp-json\/wp\/v2\/tags?post=647563"}],"curies":[{"name":"wp","href":"https:\/\/api.w.org\/{rel}","templated":true}]}}