{"id":648119,"date":"2026-04-22T13:24:30","date_gmt":"2026-04-22T11:24:30","guid":{"rendered":"https:\/\/kohenavocats.com\/tribunal-judiciaire-de-bobigny-le-3-octobre-2025-n25-01840\/"},"modified":"2026-04-22T13:24:30","modified_gmt":"2026-04-22T11:24:30","slug":"tribunal-judiciaire-de-bobigny-le-3-octobre-2025-n25-01840","status":"publish","type":"post","link":"https:\/\/kohenavocats.com\/zh-hans\/tribunal-judiciaire-de-bobigny-le-3-octobre-2025-n25-01840\/","title":{"rendered":"Tribunal judiciaire de Bobigny, le 3 octobre 2025, n\u00b025\/01840"},"content":{"rendered":"<div class=\"article-content\">\n<p>Le Tribunal judiciaire de Bobigny, statuant en r\u00e9f\u00e9r\u00e9 le 3 octobre 2025, est saisi d&#8217;une demande de r\u00e9siliation de bail pour impay\u00e9s. Le bailleur sollicite l&#8217;expulsion des locataires d\u00e9faillants, non comparants \u00e0 l&#8217;audience. Une partie d\u00e9fenderesse demande ensuite la r\u00e9ouverture des d\u00e9bats pour avoir manqu\u00e9 l&#8217;audience. Le juge des contentieux de la protection doit d\u00e9terminer si les conditions de cette r\u00e9ouverture sont r\u00e9unies. Il ordonne finalement la r\u00e9ouverture des d\u00e9bats pour garantir un d\u00e9bat contradictoire.<\/p>\n<p>Le principe de la contradiction justifie la r\u00e9ouverture des d\u00e9bats.<\/p>\n<p>Le juge rappelle d&#8217;abord son obligation g\u00e9n\u00e9rale de respecter le principe du contradictoire. L&#8217;article 16 du code de proc\u00e9dure civile impose cette observance en toutes circonstances par le magistrat. Ce fondement g\u00e9n\u00e9ral guide l&#8217;interpr\u00e9tation des textes sp\u00e9cifiques sur la r\u00e9ouverture. Il souligne l&#8217;importance proc\u00e9durale d&#8217;un d\u00e9bat \u00e9quitable entre toutes les parties concern\u00e9es. La m\u00e9connaissance de ce principe pourrait vicier la r\u00e9gularit\u00e9 de la d\u00e9cision rendue.<\/p>\n<p>La condition l\u00e9gale de l&#8217;impossibilit\u00e9 de s&#8217;expliquer est ensuite v\u00e9rifi\u00e9e. Le juge applique l&#8217;alin\u00e9a 1er de l&#8217;article 444 du code de proc\u00e9dure civile. Il constate que la d\u00e9fenderesse &#8220;n&#8217;a pas pu s&#8217;expliquer contradictoirement sur les faits et le droit&#8221;. Cette impossibilit\u00e9 pratique d\u00e9coule de sa pr\u00e9sence apr\u00e8s la cl\u00f4ture des d\u00e9bats. La jurisprudence confirme cette exigence en des termes identiques. &#8220;Il doit le faire chaque fois que les parties n&#8217;ont pas \u00e9t\u00e9 \u00e0 m\u00eame de s&#8217;expliquer contradictoirement sur les \u00e9claircissements de droit ou de fait qui leur avaient \u00e9t\u00e9 demand\u00e9s&#8221; (Tribunal judiciaire de Troyes, le 2 f\u00e9vrier 2026, n\u00b025\/02444). La condition l\u00e9gale est donc pleinement satisfaite.<\/p>\n<p>La port\u00e9e de la d\u00e9cision renforce les droits de la d\u00e9fense.<\/p>\n<p>L&#8217;ordonnance pr\u00e9serve d&#8217;abord la possibilit\u00e9 pour le locataire de former des demandes utiles. Le juge note l&#8217;absence de comparution a emp\u00each\u00e9 de savoir si elle &#8220;souhaitait obtenir des d\u00e9lais de paiement&#8221;. Elle ne pouvait pas non plus solliciter &#8220;la suspension de la clause r\u00e9solutoire&#8221;. Ces demandes potentielles rel\u00e8vent de m\u00e9canismes protecteurs pr\u00e9vus par la loi. Leur invocation pourrait \u00eatre r\u00e9gie par des conditions pr\u00e9cises \u00e9voqu\u00e9es ailleurs. &#8220;Lorsque le juge est saisi en ce sens par le bailleur ou par le locataire, et \u00e0 la condition que celui-ci ait repris le versement int\u00e9gral du loyer courant avant la date de l&#8217;audience, les effets de la clause de r\u00e9siliation de plein droit peuvent \u00eatre suspendus&#8221; (Cour d&#8217;appel de Toulouse, le 1 juillet 2025, n\u00b024\/03098). La r\u00e9ouverture permet ainsi l&#8217;exercice complet des droits.<\/p>\n<p>La mesure ordonn\u00e9e assure enfin une administration sereine de la preuve. Le juge fixe une nouvelle date d&#8217;audience pour permettre aux parties de s&#8217;expliquer. Cette d\u00e9cision proc\u00e9durale diff\u00e8re le fond du litige sur les impay\u00e9s et l&#8217;expulsion. Elle illustre la ma\u00eetrise du juge des r\u00e9f\u00e9r\u00e9s sur le d\u00e9roulement de l&#8217;instance. La solution privil\u00e9gie la r\u00e9gularit\u00e9 formelle au d\u00e9triment de la c\u00e9l\u00e9rit\u00e9 proc\u00e9durale. Elle consacre la primaut\u00e9 des garanties fondamentales du proc\u00e8s \u00e9quitable dans le contentieux locatif.<\/p>\n<\/div>\n","protected":false},"excerpt":{"rendered":"<p>Le Tribunal judiciaire de Bobigny, statuant en r\u00e9f\u00e9r\u00e9 le 3 octobre 2025, est saisi d&#8217;une demande de r\u00e9siliation de bail pour impay\u00e9s. Le bailleur sollicite l&#8230;<\/p>\n","protected":false},"author":232070755,"featured_media":3887,"comment_status":"open","ping_status":"open","sticky":false,"template":"","format":"standard","meta":{"_crdt_document":"","_jetpack_newsletter_access":"","_jetpack_dont_email_post_to_subs":false,"_jetpack_newsletter_tier_id":0,"_jetpack_memberships_contains_paywalled_content":false,"_jetpack_memberships_contains_paid_content":false,"footnotes":"","jetpack_post_was_ever_published":false},"categories":[7597],"tags":[],"class_list":["post-648119","post","type-post","status-publish","format-standard","has-post-thumbnail","hentry","category-jurisprudence"],"yoast_head":"<!-- This site is optimized with the Yoast SEO Premium plugin v27.4 (Yoast SEO v27.4) - https:\/\/yoast.com\/product\/yoast-seo-premium-wordpress\/ -->\n<title>Tribunal judiciaire de Bobigny, le 3 octobre 2025, n\u00b025\/01840 - Ma\u00eetre Hassan Kohen, avocat en droit p\u00e9nal \u00e0 Paris<\/title>\n<meta name=\"description\" content=\"Le Tribunal judiciaire de Bobigny, statuant en r\u00e9f\u00e9r\u00e9 le 3 octobre 2025, est saisi d&#039;une demande de r\u00e9siliation de bail pour impay\u00e9s. Le bailleur sollicite l...\" \/>\n<meta name=\"robots\" content=\"index, follow, max-snippet:-1, max-image-preview:large, max-video-preview:-1\" \/>\n<link rel=\"canonical\" href=\"https:\/\/kohenavocats.com\/zh-hans\/tribunal-judiciaire-de-bobigny-le-3-octobre-2025-n25-01840\/\" \/>\n<meta property=\"og:locale\" content=\"zh_CN\" \/>\n<meta property=\"og:type\" content=\"article\" \/>\n<meta property=\"og:title\" content=\"Tribunal judiciaire de Bobigny, le 3 octobre 2025, n\u00b025\/01840\" \/>\n<meta property=\"og:description\" content=\"Le Tribunal judiciaire de Bobigny, statuant en r\u00e9f\u00e9r\u00e9 le 3 octobre 2025, est saisi d&#039;une demande de r\u00e9siliation de bail pour impay\u00e9s. Le bailleur sollicite l...\" \/>\n<meta property=\"og:url\" content=\"https:\/\/kohenavocats.com\/zh-hans\/tribunal-judiciaire-de-bobigny-le-3-octobre-2025-n25-01840\/\" \/>\n<meta property=\"og:site_name\" content=\"Ma\u00eetre Hassan Kohen, avocat en droit p\u00e9nal \u00e0 Paris\" \/>\n<meta property=\"article:published_time\" content=\"2026-04-22T11:24:30+00:00\" \/>\n<meta property=\"og:image\" content=\"https:\/\/kohenavocats.com\/wp-content\/uploads\/2024\/07\/alex-block-PdDBTrkGYLo-unsplash-2.webp\" \/>\n\t<meta property=\"og:image:width\" content=\"4288\" \/>\n\t<meta property=\"og:image:height\" content=\"2848\" \/>\n\t<meta property=\"og:image:type\" content=\"image\/webp\" \/>\n<meta name=\"author\" content=\"Kohen\" \/>\n<meta name=\"twitter:card\" content=\"summary_large_image\" \/>\n<meta name=\"twitter:label1\" content=\"\u4f5c\u8005\" \/>\n\t<meta name=\"twitter:data1\" content=\"Kohen\" \/>\n\t<meta name=\"twitter:label2\" content=\"\u9884\u8ba1\u9605\u8bfb\u65f6\u95f4\" \/>\n\t<meta name=\"twitter:data2\" content=\"3 \u5206\" \/>\n<script type=\"application\/ld+json\" class=\"yoast-schema-graph\">{\"@context\":\"https:\\\/\\\/schema.org\",\"@graph\":[{\"@type\":\"Article\",\"@id\":\"https:\\\/\\\/kohenavocats.com\\\/zh-hans\\\/tribunal-judiciaire-de-bobigny-le-3-octobre-2025-n25-01840\\\/#article\",\"isPartOf\":{\"@id\":\"https:\\\/\\\/kohenavocats.com\\\/zh-hans\\\/tribunal-judiciaire-de-bobigny-le-3-octobre-2025-n25-01840\\\/\"},\"author\":{\"name\":\"Kohen\",\"@id\":\"https:\\\/\\\/kohenavocats.com\\\/zh-hans\\\/#\\\/schema\\\/person\\\/761c9ba54fa1ca84d405cef0831ff751\"},\"headline\":\"Tribunal judiciaire de Bobigny, le 3 octobre 2025, n\u00b025\\\/01840\",\"datePublished\":\"2026-04-22T11:24:30+00:00\",\"mainEntityOfPage\":{\"@id\":\"https:\\\/\\\/kohenavocats.com\\\/zh-hans\\\/tribunal-judiciaire-de-bobigny-le-3-octobre-2025-n25-01840\\\/\"},\"wordCount\":574,\"commentCount\":0,\"publisher\":{\"@id\":\"https:\\\/\\\/kohenavocats.com\\\/zh-hans\\\/#organization\"},\"image\":{\"@id\":\"https:\\\/\\\/kohenavocats.com\\\/zh-hans\\\/tribunal-judiciaire-de-bobigny-le-3-octobre-2025-n25-01840\\\/#primaryimage\"},\"thumbnailUrl\":\"https:\\\/\\\/kohenavocats.com\\\/wp-content\\\/uploads\\\/2024\\\/07\\\/alex-block-PdDBTrkGYLo-unsplash-2.webp\",\"articleSection\":[\"Jurisprudence\"],\"inLanguage\":\"zh-Hans\",\"potentialAction\":[{\"@type\":\"CommentAction\",\"name\":\"Comment\",\"target\":[\"https:\\\/\\\/kohenavocats.com\\\/zh-hans\\\/tribunal-judiciaire-de-bobigny-le-3-octobre-2025-n25-01840\\\/#respond\"]}],\"citation\":\"Tribunal judiciaire de Bobigny, le 3 octobre 2025, n\u00b025\\\/01840\",\"about\":[{\"@type\":\"Thing\",\"name\":\"Jurisprudence\"}],\"dateModified\":\"2026-04-22T11:24:30+00:00\",\"speakable\":{\"@type\":\"SpeakableSpecification\",\"cssSelector\":[\".article-content > p:first-of-type\"]}},{\"@type\":\"WebPage\",\"@id\":\"https:\\\/\\\/kohenavocats.com\\\/zh-hans\\\/tribunal-judiciaire-de-bobigny-le-3-octobre-2025-n25-01840\\\/\",\"url\":\"https:\\\/\\\/kohenavocats.com\\\/zh-hans\\\/tribunal-judiciaire-de-bobigny-le-3-octobre-2025-n25-01840\\\/\",\"name\":\"Tribunal judiciaire de Bobigny, le 3 octobre 2025, n\u00b025\\\/01840 - Ma\u00eetre Hassan Kohen, avocat en droit p\u00e9nal \u00e0 Paris\",\"isPartOf\":{\"@id\":\"https:\\\/\\\/kohenavocats.com\\\/zh-hans\\\/#website\"},\"primaryImageOfPage\":{\"@id\":\"https:\\\/\\\/kohenavocats.com\\\/zh-hans\\\/tribunal-judiciaire-de-bobigny-le-3-octobre-2025-n25-01840\\\/#primaryimage\"},\"image\":{\"@id\":\"https:\\\/\\\/kohenavocats.com\\\/zh-hans\\\/tribunal-judiciaire-de-bobigny-le-3-octobre-2025-n25-01840\\\/#primaryimage\"},\"thumbnailUrl\":\"https:\\\/\\\/kohenavocats.com\\\/wp-content\\\/uploads\\\/2024\\\/07\\\/alex-block-PdDBTrkGYLo-unsplash-2.webp\",\"datePublished\":\"2026-04-22T11:24:30+00:00\",\"description\":\"Le Tribunal judiciaire de Bobigny, statuant en r\u00e9f\u00e9r\u00e9 le 3 octobre 2025, est saisi d'une demande de r\u00e9siliation de bail pour impay\u00e9s. Le bailleur sollicite l...\",\"breadcrumb\":{\"@id\":\"https:\\\/\\\/kohenavocats.com\\\/zh-hans\\\/tribunal-judiciaire-de-bobigny-le-3-octobre-2025-n25-01840\\\/#breadcrumb\"},\"inLanguage\":\"zh-Hans\",\"potentialAction\":[{\"@type\":\"ReadAction\",\"target\":[\"https:\\\/\\\/kohenavocats.com\\\/zh-hans\\\/tribunal-judiciaire-de-bobigny-le-3-octobre-2025-n25-01840\\\/\"]}]},{\"@type\":\"ImageObject\",\"inLanguage\":\"zh-Hans\",\"@id\":\"https:\\\/\\\/kohenavocats.com\\\/zh-hans\\\/tribunal-judiciaire-de-bobigny-le-3-octobre-2025-n25-01840\\\/#primaryimage\",\"url\":\"https:\\\/\\\/kohenavocats.com\\\/wp-content\\\/uploads\\\/2024\\\/07\\\/alex-block-PdDBTrkGYLo-unsplash-2.webp\",\"contentUrl\":\"https:\\\/\\\/kohenavocats.com\\\/wp-content\\\/uploads\\\/2024\\\/07\\\/alex-block-PdDBTrkGYLo-unsplash-2.webp\",\"width\":4288,\"height\":2848},{\"@type\":\"BreadcrumbList\",\"@id\":\"https:\\\/\\\/kohenavocats.com\\\/zh-hans\\\/tribunal-judiciaire-de-bobigny-le-3-octobre-2025-n25-01840\\\/#breadcrumb\",\"itemListElement\":[{\"@type\":\"ListItem\",\"position\":1,\"name\":\"Home\",\"item\":\"https:\\\/\\\/kohenavocats.com\\\/zh-hans\\\/\"},{\"@type\":\"ListItem\",\"position\":2,\"name\":\"Tribunal judiciaire de Bobigny, le 3 octobre 2025, n\u00b025\\\/01840\"}]},{\"@type\":\"WebSite\",\"@id\":\"https:\\\/\\\/kohenavocats.com\\\/zh-hans\\\/#website\",\"url\":\"https:\\\/\\\/kohenavocats.com\\\/zh-hans\\\/\",\"name\":\"Kohen Avocats\",\"description\":\"Ma\u00eetre Hassan Kohen, avocat p\u00e9naliste \u00e0 Paris, intervient exclusivement en droit p\u00e9nal pour la d\u00e9fense des particuliers, notamment en mati\u00e8re d\u2019accusations de viol. Il assure un accompagnement rigoureux d\u00e8s la garde \u00e0 vue jusqu\u2019\u00e0 la Cour d\u2019assises, veillant au strict respect des garanties proc\u00e9durales.\",\"publisher\":{\"@id\":\"https:\\\/\\\/kohenavocats.com\\\/zh-hans\\\/#organization\"},\"potentialAction\":[{\"@type\":\"SearchAction\",\"target\":{\"@type\":\"EntryPoint\",\"urlTemplate\":\"https:\\\/\\\/kohenavocats.com\\\/zh-hans\\\/?s={search_term_string}\"},\"query-input\":{\"@type\":\"PropertyValueSpecification\",\"valueRequired\":true,\"valueName\":\"search_term_string\"}}],\"inLanguage\":\"zh-Hans\"},{\"@type\":\"Organization\",\"@id\":\"https:\\\/\\\/kohenavocats.com\\\/zh-hans\\\/#organization\",\"name\":\"Kohen Avocats\",\"url\":\"https:\\\/\\\/kohenavocats.com\\\/zh-hans\\\/\",\"logo\":{\"@type\":\"ImageObject\",\"inLanguage\":\"zh-Hans\",\"@id\":\"https:\\\/\\\/kohenavocats.com\\\/zh-hans\\\/#\\\/schema\\\/logo\\\/image\\\/\",\"url\":\"https:\\\/\\\/kohenavocats.com\\\/wp-content\\\/uploads\\\/2026\\\/01\\\/Logo-2-1.webp\",\"contentUrl\":\"https:\\\/\\\/kohenavocats.com\\\/wp-content\\\/uploads\\\/2026\\\/01\\\/Logo-2-1.webp\",\"width\":2114,\"height\":1253,\"caption\":\"Kohen Avocats\"},\"image\":{\"@id\":\"https:\\\/\\\/kohenavocats.com\\\/zh-hans\\\/#\\\/schema\\\/logo\\\/image\\\/\"}},{\"@type\":\"Person\",\"@id\":\"https:\\\/\\\/kohenavocats.com\\\/zh-hans\\\/#\\\/schema\\\/person\\\/761c9ba54fa1ca84d405cef0831ff751\",\"name\":\"Kohen\",\"image\":{\"@type\":\"ImageObject\",\"inLanguage\":\"zh-Hans\",\"@id\":\"https:\\\/\\\/secure.gravatar.com\\\/avatar\\\/1c5e76ef76bbbfdd2b4da984e2bf2fa4056fd51a27d25ce2c332047f1dfd6e00?s=96&d=identicon&r=g\",\"url\":\"https:\\\/\\\/secure.gravatar.com\\\/avatar\\\/1c5e76ef76bbbfdd2b4da984e2bf2fa4056fd51a27d25ce2c332047f1dfd6e00?s=96&d=identicon&r=g\",\"contentUrl\":\"https:\\\/\\\/secure.gravatar.com\\\/avatar\\\/1c5e76ef76bbbfdd2b4da984e2bf2fa4056fd51a27d25ce2c332047f1dfd6e00?s=96&d=identicon&r=g\",\"caption\":\"Kohen\"},\"sameAs\":[\"https:\\\/\\\/www.linkedin.com\\\/in\\\/hassan-kohen-448548192\\\/\",\"https:\\\/\\\/www.youtube.com\\\/@Kohen-Avocats\"],\"url\":\"https:\\\/\\\/kohenavocats.com\\\/zh-hans\\\/author\\\/kohenmlk\\\/\"}]}<\/script>\n<!-- \/ Yoast SEO Premium plugin. -->","yoast_head_json":{"title":"Tribunal judiciaire de Bobigny, le 3 octobre 2025, n\u00b025\/01840 - Ma\u00eetre Hassan Kohen, avocat en droit p\u00e9nal \u00e0 Paris","description":"Le Tribunal judiciaire de Bobigny, statuant en r\u00e9f\u00e9r\u00e9 le 3 octobre 2025, est saisi d'une demande de r\u00e9siliation de bail pour impay\u00e9s. Le bailleur sollicite l...","robots":{"index":"index","follow":"follow","max-snippet":"max-snippet:-1","max-image-preview":"max-image-preview:large","max-video-preview":"max-video-preview:-1"},"canonical":"https:\/\/kohenavocats.com\/zh-hans\/tribunal-judiciaire-de-bobigny-le-3-octobre-2025-n25-01840\/","og_locale":"zh_CN","og_type":"article","og_title":"Tribunal judiciaire de Bobigny, le 3 octobre 2025, n\u00b025\/01840","og_description":"Le Tribunal judiciaire de Bobigny, statuant en r\u00e9f\u00e9r\u00e9 le 3 octobre 2025, est saisi d'une demande de r\u00e9siliation de bail pour impay\u00e9s. Le bailleur sollicite l...","og_url":"https:\/\/kohenavocats.com\/zh-hans\/tribunal-judiciaire-de-bobigny-le-3-octobre-2025-n25-01840\/","og_site_name":"Ma\u00eetre Hassan Kohen, avocat en droit p\u00e9nal \u00e0 Paris","article_published_time":"2026-04-22T11:24:30+00:00","og_image":[{"width":4288,"height":2848,"url":"https:\/\/kohenavocats.com\/wp-content\/uploads\/2024\/07\/alex-block-PdDBTrkGYLo-unsplash-2.webp","type":"image\/webp"}],"author":"Kohen","twitter_card":"summary_large_image","twitter_misc":{"\u4f5c\u8005":"Kohen","\u9884\u8ba1\u9605\u8bfb\u65f6\u95f4":"3 \u5206"},"schema":{"@context":"https:\/\/schema.org","@graph":[{"@type":"Article","@id":"https:\/\/kohenavocats.com\/zh-hans\/tribunal-judiciaire-de-bobigny-le-3-octobre-2025-n25-01840\/#article","isPartOf":{"@id":"https:\/\/kohenavocats.com\/zh-hans\/tribunal-judiciaire-de-bobigny-le-3-octobre-2025-n25-01840\/"},"author":{"name":"Kohen","@id":"https:\/\/kohenavocats.com\/zh-hans\/#\/schema\/person\/761c9ba54fa1ca84d405cef0831ff751"},"headline":"Tribunal judiciaire de Bobigny, le 3 octobre 2025, n\u00b025\/01840","datePublished":"2026-04-22T11:24:30+00:00","mainEntityOfPage":{"@id":"https:\/\/kohenavocats.com\/zh-hans\/tribunal-judiciaire-de-bobigny-le-3-octobre-2025-n25-01840\/"},"wordCount":574,"commentCount":0,"publisher":{"@id":"https:\/\/kohenavocats.com\/zh-hans\/#organization"},"image":{"@id":"https:\/\/kohenavocats.com\/zh-hans\/tribunal-judiciaire-de-bobigny-le-3-octobre-2025-n25-01840\/#primaryimage"},"thumbnailUrl":"https:\/\/kohenavocats.com\/wp-content\/uploads\/2024\/07\/alex-block-PdDBTrkGYLo-unsplash-2.webp","articleSection":["Jurisprudence"],"inLanguage":"zh-Hans","potentialAction":[{"@type":"CommentAction","name":"Comment","target":["https:\/\/kohenavocats.com\/zh-hans\/tribunal-judiciaire-de-bobigny-le-3-octobre-2025-n25-01840\/#respond"]}],"citation":"Tribunal judiciaire de Bobigny, le 3 octobre 2025, n\u00b025\/01840","about":[{"@type":"Thing","name":"Jurisprudence"}],"dateModified":"2026-04-22T11:24:30+00:00","speakable":{"@type":"SpeakableSpecification","cssSelector":[".article-content > p:first-of-type"]}},{"@type":"WebPage","@id":"https:\/\/kohenavocats.com\/zh-hans\/tribunal-judiciaire-de-bobigny-le-3-octobre-2025-n25-01840\/","url":"https:\/\/kohenavocats.com\/zh-hans\/tribunal-judiciaire-de-bobigny-le-3-octobre-2025-n25-01840\/","name":"Tribunal judiciaire de Bobigny, le 3 octobre 2025, n\u00b025\/01840 - Ma\u00eetre Hassan Kohen, avocat en droit p\u00e9nal \u00e0 Paris","isPartOf":{"@id":"https:\/\/kohenavocats.com\/zh-hans\/#website"},"primaryImageOfPage":{"@id":"https:\/\/kohenavocats.com\/zh-hans\/tribunal-judiciaire-de-bobigny-le-3-octobre-2025-n25-01840\/#primaryimage"},"image":{"@id":"https:\/\/kohenavocats.com\/zh-hans\/tribunal-judiciaire-de-bobigny-le-3-octobre-2025-n25-01840\/#primaryimage"},"thumbnailUrl":"https:\/\/kohenavocats.com\/wp-content\/uploads\/2024\/07\/alex-block-PdDBTrkGYLo-unsplash-2.webp","datePublished":"2026-04-22T11:24:30+00:00","description":"Le Tribunal judiciaire de Bobigny, statuant en r\u00e9f\u00e9r\u00e9 le 3 octobre 2025, est saisi d'une demande de r\u00e9siliation de bail pour impay\u00e9s. Le bailleur sollicite l...","breadcrumb":{"@id":"https:\/\/kohenavocats.com\/zh-hans\/tribunal-judiciaire-de-bobigny-le-3-octobre-2025-n25-01840\/#breadcrumb"},"inLanguage":"zh-Hans","potentialAction":[{"@type":"ReadAction","target":["https:\/\/kohenavocats.com\/zh-hans\/tribunal-judiciaire-de-bobigny-le-3-octobre-2025-n25-01840\/"]}]},{"@type":"ImageObject","inLanguage":"zh-Hans","@id":"https:\/\/kohenavocats.com\/zh-hans\/tribunal-judiciaire-de-bobigny-le-3-octobre-2025-n25-01840\/#primaryimage","url":"https:\/\/kohenavocats.com\/wp-content\/uploads\/2024\/07\/alex-block-PdDBTrkGYLo-unsplash-2.webp","contentUrl":"https:\/\/kohenavocats.com\/wp-content\/uploads\/2024\/07\/alex-block-PdDBTrkGYLo-unsplash-2.webp","width":4288,"height":2848},{"@type":"BreadcrumbList","@id":"https:\/\/kohenavocats.com\/zh-hans\/tribunal-judiciaire-de-bobigny-le-3-octobre-2025-n25-01840\/#breadcrumb","itemListElement":[{"@type":"ListItem","position":1,"name":"Home","item":"https:\/\/kohenavocats.com\/zh-hans\/"},{"@type":"ListItem","position":2,"name":"Tribunal judiciaire de Bobigny, le 3 octobre 2025, n\u00b025\/01840"}]},{"@type":"WebSite","@id":"https:\/\/kohenavocats.com\/zh-hans\/#website","url":"https:\/\/kohenavocats.com\/zh-hans\/","name":"Kohen Avocats","description":"Ma\u00eetre Hassan Kohen, avocat p\u00e9naliste \u00e0 Paris, intervient exclusivement en droit p\u00e9nal pour la d\u00e9fense des particuliers, notamment en mati\u00e8re d\u2019accusations de viol. Il assure un accompagnement rigoureux d\u00e8s la garde \u00e0 vue jusqu\u2019\u00e0 la Cour d\u2019assises, veillant au strict respect des garanties proc\u00e9durales.","publisher":{"@id":"https:\/\/kohenavocats.com\/zh-hans\/#organization"},"potentialAction":[{"@type":"SearchAction","target":{"@type":"EntryPoint","urlTemplate":"https:\/\/kohenavocats.com\/zh-hans\/?s={search_term_string}"},"query-input":{"@type":"PropertyValueSpecification","valueRequired":true,"valueName":"search_term_string"}}],"inLanguage":"zh-Hans"},{"@type":"Organization","@id":"https:\/\/kohenavocats.com\/zh-hans\/#organization","name":"Kohen Avocats","url":"https:\/\/kohenavocats.com\/zh-hans\/","logo":{"@type":"ImageObject","inLanguage":"zh-Hans","@id":"https:\/\/kohenavocats.com\/zh-hans\/#\/schema\/logo\/image\/","url":"https:\/\/kohenavocats.com\/wp-content\/uploads\/2026\/01\/Logo-2-1.webp","contentUrl":"https:\/\/kohenavocats.com\/wp-content\/uploads\/2026\/01\/Logo-2-1.webp","width":2114,"height":1253,"caption":"Kohen Avocats"},"image":{"@id":"https:\/\/kohenavocats.com\/zh-hans\/#\/schema\/logo\/image\/"}},{"@type":"Person","@id":"https:\/\/kohenavocats.com\/zh-hans\/#\/schema\/person\/761c9ba54fa1ca84d405cef0831ff751","name":"Kohen","image":{"@type":"ImageObject","inLanguage":"zh-Hans","@id":"https:\/\/secure.gravatar.com\/avatar\/1c5e76ef76bbbfdd2b4da984e2bf2fa4056fd51a27d25ce2c332047f1dfd6e00?s=96&d=identicon&r=g","url":"https:\/\/secure.gravatar.com\/avatar\/1c5e76ef76bbbfdd2b4da984e2bf2fa4056fd51a27d25ce2c332047f1dfd6e00?s=96&d=identicon&r=g","contentUrl":"https:\/\/secure.gravatar.com\/avatar\/1c5e76ef76bbbfdd2b4da984e2bf2fa4056fd51a27d25ce2c332047f1dfd6e00?s=96&d=identicon&r=g","caption":"Kohen"},"sameAs":["https:\/\/www.linkedin.com\/in\/hassan-kohen-448548192\/","https:\/\/www.youtube.com\/@Kohen-Avocats"],"url":"https:\/\/kohenavocats.com\/zh-hans\/author\/kohenmlk\/"}]}},"jetpack_featured_media_url":"https:\/\/kohenavocats.com\/wp-content\/uploads\/2024\/07\/alex-block-PdDBTrkGYLo-unsplash-2.webp","jetpack_likes_enabled":false,"jetpack_shortlink":"https:\/\/wp.me\/peCrII-2IBx","jetpack-related-posts":[{"id":658610,"url":"https:\/\/kohenavocats.com\/zh-hans\/tribunal-judiciaire-de-bobigny-le-14-avril-2025-n25-05281\/","url_meta":{"origin":648119,"position":0},"title":"Tribunal judiciaire de Bobigny, le 14 avril 2025, n\u00b025\/05281","author":"Kohen","date":"2026\u5e744\u670823\u65e5","format":false,"excerpt":"Le juge des contentieux de la protection du tribun\u2026","rel":"","context":"\u5728\u201cJurisprudence\u201d\u4e2d","block_context":{"text":"Jurisprudence","link":"https:\/\/kohenavocats.com\/category\/jurisprudence\/"},"img":{"alt_text":"","src":"https:\/\/i0.wp.com\/kohenavocats.com\/wp-content\/uploads\/2024\/08\/diane-picchiottino-wQiJxPvRk5U-unsplash.webp?resize=350%2C200&ssl=1","width":350,"height":200,"srcset":"https:\/\/i0.wp.com\/kohenavocats.com\/wp-content\/uploads\/2024\/08\/diane-picchiottino-wQiJxPvRk5U-unsplash.webp?resize=350%2C200&ssl=1 1x, https:\/\/i0.wp.com\/kohenavocats.com\/wp-content\/uploads\/2024\/08\/diane-picchiottino-wQiJxPvRk5U-unsplash.webp?resize=525%2C300&ssl=1 1.5x, https:\/\/i0.wp.com\/kohenavocats.com\/wp-content\/uploads\/2024\/08\/diane-picchiottino-wQiJxPvRk5U-unsplash.webp?resize=700%2C400&ssl=1 2x, https:\/\/i0.wp.com\/kohenavocats.com\/wp-content\/uploads\/2024\/08\/diane-picchiottino-wQiJxPvRk5U-unsplash.webp?resize=1050%2C600&ssl=1 3x, https:\/\/i0.wp.com\/kohenavocats.com\/wp-content\/uploads\/2024\/08\/diane-picchiottino-wQiJxPvRk5U-unsplash.webp?resize=1400%2C800&ssl=1 4x"},"classes":[]},{"id":658630,"url":"https:\/\/kohenavocats.com\/zh-hans\/tribunal-judiciaire-de-bobigny-le-29-septembre-2025-n24-09484\/","url_meta":{"origin":648119,"position":1},"title":"Tribunal judiciaire de Bobigny, le 29 septembre 2025, n\u00b024\/09484","author":"Kohen","date":"2026\u5e744\u670823\u65e5","format":false,"excerpt":"Le juge des contentieux de la protection, statuant\u2026","rel":"","context":"\u5728\u201cJurisprudence\u201d\u4e2d","block_context":{"text":"Jurisprudence","link":"https:\/\/kohenavocats.com\/category\/jurisprudence\/"},"img":{"alt_text":"","src":"https:\/\/i0.wp.com\/kohenavocats.com\/wp-content\/uploads\/2024\/08\/andrian-rubinskiy-2g3yyKNaMxw-unsplash.webp?resize=350%2C200&ssl=1","width":350,"height":200,"srcset":"https:\/\/i0.wp.com\/kohenavocats.com\/wp-content\/uploads\/2024\/08\/andrian-rubinskiy-2g3yyKNaMxw-unsplash.webp?resize=350%2C200&ssl=1 1x, https:\/\/i0.wp.com\/kohenavocats.com\/wp-content\/uploads\/2024\/08\/andrian-rubinskiy-2g3yyKNaMxw-unsplash.webp?resize=525%2C300&ssl=1 1.5x, https:\/\/i0.wp.com\/kohenavocats.com\/wp-content\/uploads\/2024\/08\/andrian-rubinskiy-2g3yyKNaMxw-unsplash.webp?resize=700%2C400&ssl=1 2x, https:\/\/i0.wp.com\/kohenavocats.com\/wp-content\/uploads\/2024\/08\/andrian-rubinskiy-2g3yyKNaMxw-unsplash.webp?resize=1050%2C600&ssl=1 3x, https:\/\/i0.wp.com\/kohenavocats.com\/wp-content\/uploads\/2024\/08\/andrian-rubinskiy-2g3yyKNaMxw-unsplash.webp?resize=1400%2C800&ssl=1 4x"},"classes":[]},{"id":482120,"url":"https:\/\/kohenavocats.com\/zh-hans\/tribunal-judiciaire-de-bobigny-le-17-novembre-2025-n23-09583\/","url_meta":{"origin":648119,"position":2},"title":"Tribunal judiciaire de Bobigny, le 17 novembre 2025, n\u00b023\/09583","author":"Kohen","date":"2026\u5e744\u67088\u65e5","format":false,"excerpt":"Le tribunal judiciaire de Bobigny, par jugement du\u2026","rel":"","context":"\u5728\u201cJurisprudence\u201d\u4e2d","block_context":{"text":"Jurisprudence","link":"https:\/\/kohenavocats.com\/category\/jurisprudence\/"},"img":{"alt_text":"","src":"https:\/\/i0.wp.com\/kohenavocats.com\/wp-content\/uploads\/2024\/11\/sho-w-NEMLiQMKWas-unsplash.webp?resize=350%2C200&ssl=1","width":350,"height":200,"srcset":"https:\/\/i0.wp.com\/kohenavocats.com\/wp-content\/uploads\/2024\/11\/sho-w-NEMLiQMKWas-unsplash.webp?resize=350%2C200&ssl=1 1x, https:\/\/i0.wp.com\/kohenavocats.com\/wp-content\/uploads\/2024\/11\/sho-w-NEMLiQMKWas-unsplash.webp?resize=525%2C300&ssl=1 1.5x, https:\/\/i0.wp.com\/kohenavocats.com\/wp-content\/uploads\/2024\/11\/sho-w-NEMLiQMKWas-unsplash.webp?resize=700%2C400&ssl=1 2x, https:\/\/i0.wp.com\/kohenavocats.com\/wp-content\/uploads\/2024\/11\/sho-w-NEMLiQMKWas-unsplash.webp?resize=1050%2C600&ssl=1 3x, https:\/\/i0.wp.com\/kohenavocats.com\/wp-content\/uploads\/2024\/11\/sho-w-NEMLiQMKWas-unsplash.webp?resize=1400%2C800&ssl=1 4x"},"classes":[]},{"id":613703,"url":"https:\/\/kohenavocats.com\/zh-hans\/tribunal-judiciaire-de-bobigny-le-22-septembre-2025-n24-08501\/","url_meta":{"origin":648119,"position":3},"title":"Tribunal judiciaire de Bobigny, le 22 septembre 2025, n\u00b024\/08501","author":"Kohen","date":"2026\u5e744\u670820\u65e5","format":false,"excerpt":"Tribunal judiciaire, jugement du 22 septembre 2025\u2026","rel":"","context":"\u5728\u201cJurisprudence\u201d\u4e2d","block_context":{"text":"Jurisprudence","link":"https:\/\/kohenavocats.com\/category\/jurisprudence\/"},"img":{"alt_text":"","src":"https:\/\/i0.wp.com\/kohenavocats.com\/wp-content\/uploads\/2024\/08\/jianxiang-wu-TQEfLtojDQA-unsplash.webp?resize=350%2C200&ssl=1","width":350,"height":200,"srcset":"https:\/\/i0.wp.com\/kohenavocats.com\/wp-content\/uploads\/2024\/08\/jianxiang-wu-TQEfLtojDQA-unsplash.webp?resize=350%2C200&ssl=1 1x, https:\/\/i0.wp.com\/kohenavocats.com\/wp-content\/uploads\/2024\/08\/jianxiang-wu-TQEfLtojDQA-unsplash.webp?resize=525%2C300&ssl=1 1.5x, https:\/\/i0.wp.com\/kohenavocats.com\/wp-content\/uploads\/2024\/08\/jianxiang-wu-TQEfLtojDQA-unsplash.webp?resize=700%2C400&ssl=1 2x, https:\/\/i0.wp.com\/kohenavocats.com\/wp-content\/uploads\/2024\/08\/jianxiang-wu-TQEfLtojDQA-unsplash.webp?resize=1050%2C600&ssl=1 3x, https:\/\/i0.wp.com\/kohenavocats.com\/wp-content\/uploads\/2024\/08\/jianxiang-wu-TQEfLtojDQA-unsplash.webp?resize=1400%2C800&ssl=1 4x"},"classes":[]},{"id":683124,"url":"https:\/\/kohenavocats.com\/zh-hans\/cour-dappel-de-paris-le-15-octobre-2025-n25-04942\/","url_meta":{"origin":648119,"position":4},"title":"Cour d&#8217;appel de Paris, le 15 octobre 2025, n\u00b025\/04942","author":"Kohen","date":"2026\u5e744\u670825\u65e5","format":false,"excerpt":"La Cour d'appel de Paris, le 15 octobre 2025, stat\u2026","rel":"","context":"\u5728\u201cJurisprudence\u201d\u4e2d","block_context":{"text":"Jurisprudence","link":"https:\/\/kohenavocats.com\/category\/jurisprudence\/"},"img":{"alt_text":"","src":"https:\/\/i0.wp.com\/kohenavocats.com\/wp-content\/uploads\/2024\/08\/42-north-fhO8zmW5Mpk-unsplash.webp?resize=350%2C200&ssl=1","width":350,"height":200,"srcset":"https:\/\/i0.wp.com\/kohenavocats.com\/wp-content\/uploads\/2024\/08\/42-north-fhO8zmW5Mpk-unsplash.webp?resize=350%2C200&ssl=1 1x, https:\/\/i0.wp.com\/kohenavocats.com\/wp-content\/uploads\/2024\/08\/42-north-fhO8zmW5Mpk-unsplash.webp?resize=525%2C300&ssl=1 1.5x, https:\/\/i0.wp.com\/kohenavocats.com\/wp-content\/uploads\/2024\/08\/42-north-fhO8zmW5Mpk-unsplash.webp?resize=700%2C400&ssl=1 2x, https:\/\/i0.wp.com\/kohenavocats.com\/wp-content\/uploads\/2024\/08\/42-north-fhO8zmW5Mpk-unsplash.webp?resize=1050%2C600&ssl=1 3x, https:\/\/i0.wp.com\/kohenavocats.com\/wp-content\/uploads\/2024\/08\/42-north-fhO8zmW5Mpk-unsplash.webp?resize=1400%2C800&ssl=1 4x"},"classes":[]},{"id":642690,"url":"https:\/\/kohenavocats.com\/zh-hans\/tribunal-judiciaire-de-bobigny-le-25-novembre-2025-n24-01501\/","url_meta":{"origin":648119,"position":5},"title":"Tribunal judiciaire de Bobigny, le 25 novembre 2025, n\u00b024\/01501","author":"Kohen","date":"2026\u5e744\u670822\u65e5","format":false,"excerpt":"Le tribunal judiciaire de Bobigny, statuant le 25 \u2026","rel":"","context":"\u5728\u201cJurisprudence\u201d\u4e2d","block_context":{"text":"Jurisprudence","link":"https:\/\/kohenavocats.com\/category\/jurisprudence\/"},"img":{"alt_text":"","src":"https:\/\/i0.wp.com\/kohenavocats.com\/wp-content\/uploads\/2024\/11\/ave-calvar-4fJHeKyHyX8-unsplash.webp?resize=350%2C200&ssl=1","width":350,"height":200,"srcset":"https:\/\/i0.wp.com\/kohenavocats.com\/wp-content\/uploads\/2024\/11\/ave-calvar-4fJHeKyHyX8-unsplash.webp?resize=350%2C200&ssl=1 1x, https:\/\/i0.wp.com\/kohenavocats.com\/wp-content\/uploads\/2024\/11\/ave-calvar-4fJHeKyHyX8-unsplash.webp?resize=525%2C300&ssl=1 1.5x, https:\/\/i0.wp.com\/kohenavocats.com\/wp-content\/uploads\/2024\/11\/ave-calvar-4fJHeKyHyX8-unsplash.webp?resize=700%2C400&ssl=1 2x, https:\/\/i0.wp.com\/kohenavocats.com\/wp-content\/uploads\/2024\/11\/ave-calvar-4fJHeKyHyX8-unsplash.webp?resize=1050%2C600&ssl=1 3x, https:\/\/i0.wp.com\/kohenavocats.com\/wp-content\/uploads\/2024\/11\/ave-calvar-4fJHeKyHyX8-unsplash.webp?resize=1400%2C800&ssl=1 4x"},"classes":[]}],"jetpack_sharing_enabled":true,"_links":{"self":[{"href":"https:\/\/kohenavocats.com\/zh-hans\/wp-json\/wp\/v2\/posts\/648119","targetHints":{"allow":["GET"]}}],"collection":[{"href":"https:\/\/kohenavocats.com\/zh-hans\/wp-json\/wp\/v2\/posts"}],"about":[{"href":"https:\/\/kohenavocats.com\/zh-hans\/wp-json\/wp\/v2\/types\/post"}],"author":[{"embeddable":true,"href":"https:\/\/kohenavocats.com\/zh-hans\/wp-json\/wp\/v2\/users\/232070755"}],"replies":[{"embeddable":true,"href":"https:\/\/kohenavocats.com\/zh-hans\/wp-json\/wp\/v2\/comments?post=648119"}],"version-history":[{"count":0,"href":"https:\/\/kohenavocats.com\/zh-hans\/wp-json\/wp\/v2\/posts\/648119\/revisions"}],"wp:featuredmedia":[{"embeddable":true,"href":"https:\/\/kohenavocats.com\/zh-hans\/wp-json\/wp\/v2\/media\/3887"}],"wp:attachment":[{"href":"https:\/\/kohenavocats.com\/zh-hans\/wp-json\/wp\/v2\/media?parent=648119"}],"wp:term":[{"taxonomy":"category","embeddable":true,"href":"https:\/\/kohenavocats.com\/zh-hans\/wp-json\/wp\/v2\/categories?post=648119"},{"taxonomy":"post_tag","embeddable":true,"href":"https:\/\/kohenavocats.com\/zh-hans\/wp-json\/wp\/v2\/tags?post=648119"}],"curies":[{"name":"wp","href":"https:\/\/api.w.org\/{rel}","templated":true}]}}