{"id":649755,"date":"2026-04-22T17:06:01","date_gmt":"2026-04-22T15:06:01","guid":{"rendered":"https:\/\/kohenavocats.com\/tribunal-judiciaire-de-saint-etienne-le-9-decembre-2025-n24-03580\/"},"modified":"2026-04-22T17:06:01","modified_gmt":"2026-04-22T15:06:01","slug":"tribunal-judiciaire-de-saint-etienne-le-9-decembre-2025-n24-03580","status":"publish","type":"post","link":"https:\/\/kohenavocats.com\/zh-hans\/tribunal-judiciaire-de-saint-etienne-le-9-decembre-2025-n24-03580\/","title":{"rendered":"Tribunal judiciaire de Saint-\u00c9tienne, le 9 d\u00e9cembre 2025, n\u00b024\/03580"},"content":{"rendered":"<div class=\"article-content\">\n<p>Le tribunal judiciaire de Saint-\u00c9tienne, statuant en mati\u00e8re de protection, a rendu un jugement le 9 d\u00e9cembre 2025. Le litige opposait le bailleur successeur \u00e0 ses locataires pour impay\u00e9s de loyers. Apr\u00e8s une proc\u00e9dure de commandement et une saisine de la commission pr\u00e9fectorale, le bailleur a demand\u00e9 la r\u00e9siliation du bail, l&#8217;expulsion et le paiement des sommes dues. Les locataires, bien que r\u00e9guli\u00e8rement cit\u00e9s, sont demeur\u00e9s non comparants. Le juge a admis les demandes du bailleur, constatant la r\u00e9siliation du bail et ordonnant l&#8217;expulsion. Cette d\u00e9cision illustre l&#8217;articulation entre la force obligatoire du contrat et les mesures protectrices issues de la loi du 29 juillet 2023.<\/p>\n<p>La mise en \u0153uvre de la clause r\u00e9solutoire contractuelle<\/p>\n<p>La primaut\u00e9 accord\u00e9e au d\u00e9lai contractuel. Le juge a d&#8217;abord examin\u00e9 les conditions de la r\u00e9siliation du bail pour d\u00e9faut de paiement. Le contrat contenait une clause pr\u00e9voyant une r\u00e9siliation de plein droit deux mois apr\u00e8s un commandement infructueux. Le tribunal a relev\u00e9 que ce d\u00e9lai contractuel devait s&#8217;appliquer, malgr\u00e9 le d\u00e9lai l\u00e9gal de six semaines introduit par une loi r\u00e9cente. &#8220;Compte tenu de la force obligatoire du contrat, il sera fait application de ce d\u00e9lai nonobstant le d\u00e9lai de six semaines instaur\u00e9e par la loi du 29 juillet 2023&#8221; (Motifs, Sur la r\u00e9siliation et l&#8217;expulsion). Cette solution affirme le principe de l&#8217;autonomie de la volont\u00e9 et de la force obligatoire des conventions. Elle limite la port\u00e9e imm\u00e9diate de la r\u00e9forme protectrice des locataires, en privil\u00e9giant la stipulation contractuelle ant\u00e9rieure.<\/p>\n<p>L&#8217;absence de suspension malgr\u00e9 le cadre protecteur. Le juge a ensuite constat\u00e9 la r\u00e9union des conditions de la clause r\u00e9solutoire, le commandement \u00e9tant rest\u00e9 infructueux. Il a not\u00e9 l&#8217;absence de toute demande des locataires pour suspendre les effets de cette clause. &#8220;Monsieur [S] [Z] et Madame [E] [Z] ne se sont jamais manifest\u00e9s, notamment pour demander le gel de la clause r\u00e9solutoire&#8221; (Motifs, Sur la r\u00e9siliation et l&#8217;expulsion). Cette observation est cruciale car elle souligne le caract\u00e8re facultatif des mesures de suspension pr\u00e9vues par la loi. Le juge rappelle ainsi que les dispositifs protecteurs, comme le gel de la clause, ne sont pas d&#8217;ordre public et n\u00e9cessitent une initiative du locataire. La port\u00e9e en est que la protection du locataire en difficult\u00e9 reste conditionn\u00e9e \u00e0 sa propre diligence proc\u00e9durale.<\/p>\n<p>Les cons\u00e9quences de la r\u00e9siliation : expulsion et indemnisation<\/p>\n<p>L&#8217;ordonnance d&#8217;expulsion et son cadre proc\u00e9dural. Suite \u00e0 la r\u00e9siliation, les occupants ont \u00e9t\u00e9 qualifi\u00e9s d&#8217;occupants sans droit ni titre. Le tribunal a donc ordonn\u00e9 leur expulsion, en encadrant strictement cette mesure. Il a rappel\u00e9 les modalit\u00e9s d&#8217;ex\u00e9cution pr\u00e9vues par le code des proc\u00e9dures civiles d&#8217;ex\u00e9cution, notamment concernant le sort des meubles. &#8220;les meubles se trouvant sur les lieux sont remis, aux frais de la personne expuls\u00e9e, en un lieu que celle-ci d\u00e9signe&#8221; (Motifs, Sur la r\u00e9siliation et l&#8217;expulsion, citant l&#8217;article L. 433-1 du CPCE). Cette r\u00e9f\u00e9rence pr\u00e9cise manifeste la volont\u00e9 du juge de garantir une ex\u00e9cution respectueuse des biens du d\u00e9biteur. La valeur de cette pr\u00e9cision est de rappeler que l&#8217;expulsion, bien que coercitive, doit se d\u00e9rouler dans un cadre l\u00e9gal strict pr\u00e9servant la dignit\u00e9 des personnes.<\/p>\n<p>La condamnation au paiement de la dette et de l&#8217;indemnit\u00e9 d&#8217;occupation. Enfin, le juge a liquid\u00e9 la cr\u00e9ance du bailleur, en ordonnant le paiement de l&#8217;arri\u00e9r\u00e9 de loyers jusqu&#8217;\u00e0 la r\u00e9siliation. Pour la p\u00e9riode d&#8217;occupation illicite post\u00e9rieure, il a accord\u00e9 une indemnit\u00e9 d&#8217;occupation. Celle-ci a \u00e9t\u00e9 fix\u00e9e par r\u00e9f\u00e9rence au dernier loyer d\u00fb, constituant ainsi une \u00e9quivalence l\u00e9gale. &#8220;l&#8217;indemnit\u00e9 mensuelle d&#8217;occupation qui sera fix\u00e9e par r\u00e9f\u00e9rence au montant du dernier loyer d\u00fb&#8221; (Motifs, Sur la demande en paiement d\u2019une indemnit\u00e9 d\u2019occupation). Cette solution est classique et vise \u00e0 r\u00e9parer le pr\u00e9judice r\u00e9sultant de la privation de jouissance. Sa port\u00e9e est de confirmer que l&#8217;occupation sans titre g\u00e9n\u00e8re une obligation de payer une somme \u00e9quivalente au loyer, sanctionnant ainsi l&#8217;enrichissement injustifi\u00e9 de l&#8217;occupant.<\/p>\n<\/div>\n","protected":false},"excerpt":{"rendered":"<p>Le tribunal judiciaire de Saint-\u00c9tienne, statuant en mati\u00e8re de protection, a rendu un jugement le 9 d\u00e9cembre 2025. Le litige opposait le bailleur successeur&#8230;<\/p>\n","protected":false},"author":232070755,"featured_media":9709,"comment_status":"open","ping_status":"open","sticky":false,"template":"","format":"standard","meta":{"_crdt_document":"","_jetpack_newsletter_access":"","_jetpack_dont_email_post_to_subs":false,"_jetpack_newsletter_tier_id":0,"_jetpack_memberships_contains_paywalled_content":false,"_kj_source_type":"judilibre","_kj_official_id":"697b64aacdc6046d471cd4a6","_kj_official_url":"https:\/\/www.courdecassation.fr\/decision\/697b64aacdc6046d471cd4a6","_kj_judilibre_id":"697b64aacdc6046d471cd4a6","_kj_jur":"Tribunal judiciaire","_kj_lieu":"Tribunal judiciaire de Saint-Etienne","_kj_chambre":"4 \u00e8me Chambre civile","_kj_rg":"24\/03580","_kj_date":"2025-12-09","_jetpack_memberships_contains_paid_content":false,"footnotes":"","jetpack_post_was_ever_published":false},"categories":[7597],"tags":[],"class_list":["post-649755","post","type-post","status-publish","format-standard","has-post-thumbnail","hentry","category-jurisprudence"],"yoast_head":"<!-- This site is optimized with the Yoast SEO Premium plugin v27.5 (Yoast SEO v27.5) - https:\/\/yoast.com\/product\/yoast-seo-premium-wordpress\/ -->\n<title>Tribunal judiciaire de Saint-\u00c9tienne, le 9 d\u00e9cembre 2025, n\u00b024\/03580 - Ma\u00eetre Hassan Kohen, avocat en droit p\u00e9nal \u00e0 Paris<\/title>\n<meta name=\"description\" content=\"Le tribunal judiciaire de Saint-\u00c9tienne, statuant en mati\u00e8re de protection, a rendu un jugement le 9 d\u00e9cembre 2025. Le litige opposait le bailleur successeur...\" \/>\n<meta name=\"robots\" content=\"index, follow, max-snippet:-1, max-image-preview:large, max-video-preview:-1\" \/>\n<link rel=\"canonical\" href=\"https:\/\/kohenavocats.com\/zh-hans\/tribunal-judiciaire-de-saint-etienne-le-9-decembre-2025-n24-03580\/\" \/>\n<meta property=\"og:locale\" content=\"zh_CN\" \/>\n<meta property=\"og:type\" content=\"article\" \/>\n<meta property=\"og:title\" content=\"Tribunal judiciaire de Saint-\u00c9tienne, le 9 d\u00e9cembre 2025, n\u00b024\/03580\" \/>\n<meta property=\"og:description\" content=\"Le tribunal judiciaire de Saint-\u00c9tienne, statuant en mati\u00e8re de protection, a rendu un jugement le 9 d\u00e9cembre 2025. Le litige opposait le bailleur successeur...\" \/>\n<meta property=\"og:url\" content=\"https:\/\/kohenavocats.com\/zh-hans\/tribunal-judiciaire-de-saint-etienne-le-9-decembre-2025-n24-03580\/\" \/>\n<meta property=\"og:site_name\" content=\"Ma\u00eetre Hassan Kohen, avocat en droit p\u00e9nal \u00e0 Paris\" \/>\n<meta property=\"article:published_time\" content=\"2026-04-22T15:06:01+00:00\" \/>\n<meta property=\"og:image\" content=\"https:\/\/kohenavocats.com\/wp-content\/uploads\/2024\/11\/wesley-tingey-ucF8x5VggIA-unsplash.webp\" \/>\n\t<meta property=\"og:image:width\" content=\"6000\" \/>\n\t<meta property=\"og:image:height\" content=\"4000\" \/>\n\t<meta property=\"og:image:type\" content=\"image\/webp\" \/>\n<meta name=\"author\" content=\"Kohen\" \/>\n<meta name=\"twitter:card\" content=\"summary_large_image\" \/>\n<meta name=\"twitter:label1\" content=\"\u4f5c\u8005\" \/>\n\t<meta name=\"twitter:data1\" content=\"Kohen\" \/>\n\t<meta name=\"twitter:label2\" content=\"\u9884\u8ba1\u9605\u8bfb\u65f6\u95f4\" \/>\n\t<meta name=\"twitter:data2\" content=\"4 \u5206\" \/>\n<script type=\"application\/ld+json\" class=\"yoast-schema-graph\">{\"@context\":\"https:\\\/\\\/schema.org\",\"@graph\":[{\"@type\":\"Article\",\"@id\":\"https:\\\/\\\/kohenavocats.com\\\/zh-hans\\\/tribunal-judiciaire-de-saint-etienne-le-9-decembre-2025-n24-03580\\\/#article\",\"isPartOf\":{\"@id\":\"https:\\\/\\\/kohenavocats.com\\\/zh-hans\\\/tribunal-judiciaire-de-saint-etienne-le-9-decembre-2025-n24-03580\\\/\"},\"author\":{\"name\":\"Kohen\",\"@id\":\"https:\\\/\\\/kohenavocats.com\\\/zh-hans\\\/#\\\/schema\\\/person\\\/761c9ba54fa1ca84d405cef0831ff751\"},\"headline\":\"Tribunal judiciaire de Saint-\u00c9tienne, le 9 d\u00e9cembre 2025, n\u00b024\\\/03580\",\"datePublished\":\"2026-04-22T15:06:01+00:00\",\"mainEntityOfPage\":{\"@id\":\"https:\\\/\\\/kohenavocats.com\\\/zh-hans\\\/tribunal-judiciaire-de-saint-etienne-le-9-decembre-2025-n24-03580\\\/\"},\"wordCount\":748,\"commentCount\":0,\"publisher\":{\"@id\":\"https:\\\/\\\/kohenavocats.com\\\/zh-hans\\\/#organization\"},\"image\":{\"@id\":\"https:\\\/\\\/kohenavocats.com\\\/zh-hans\\\/tribunal-judiciaire-de-saint-etienne-le-9-decembre-2025-n24-03580\\\/#primaryimage\"},\"thumbnailUrl\":\"https:\\\/\\\/kohenavocats.com\\\/wp-content\\\/uploads\\\/2024\\\/11\\\/wesley-tingey-ucF8x5VggIA-unsplash.webp\",\"articleSection\":[\"Jurisprudence\"],\"inLanguage\":\"zh-Hans\",\"potentialAction\":[{\"@type\":\"CommentAction\",\"name\":\"Comment\",\"target\":[\"https:\\\/\\\/kohenavocats.com\\\/zh-hans\\\/tribunal-judiciaire-de-saint-etienne-le-9-decembre-2025-n24-03580\\\/#respond\"]}],\"citation\":\"Tribunal judiciaire de Saint-\u00c9tienne, le 9 d\u00e9cembre 2025, n\u00b024\\\/03580\",\"about\":[{\"@type\":\"Thing\",\"name\":\"Jurisprudence\"}],\"dateModified\":\"2026-04-22T15:06:01+00:00\",\"speakable\":{\"@type\":\"SpeakableSpecification\",\"cssSelector\":[\".article-content > p:first-of-type\"]}},{\"@type\":\"WebPage\",\"@id\":\"https:\\\/\\\/kohenavocats.com\\\/zh-hans\\\/tribunal-judiciaire-de-saint-etienne-le-9-decembre-2025-n24-03580\\\/\",\"url\":\"https:\\\/\\\/kohenavocats.com\\\/zh-hans\\\/tribunal-judiciaire-de-saint-etienne-le-9-decembre-2025-n24-03580\\\/\",\"name\":\"Tribunal judiciaire de Saint-\u00c9tienne, le 9 d\u00e9cembre 2025, n\u00b024\\\/03580 - Ma\u00eetre Hassan Kohen, avocat en droit p\u00e9nal \u00e0 Paris\",\"isPartOf\":{\"@id\":\"https:\\\/\\\/kohenavocats.com\\\/zh-hans\\\/#website\"},\"primaryImageOfPage\":{\"@id\":\"https:\\\/\\\/kohenavocats.com\\\/zh-hans\\\/tribunal-judiciaire-de-saint-etienne-le-9-decembre-2025-n24-03580\\\/#primaryimage\"},\"image\":{\"@id\":\"https:\\\/\\\/kohenavocats.com\\\/zh-hans\\\/tribunal-judiciaire-de-saint-etienne-le-9-decembre-2025-n24-03580\\\/#primaryimage\"},\"thumbnailUrl\":\"https:\\\/\\\/kohenavocats.com\\\/wp-content\\\/uploads\\\/2024\\\/11\\\/wesley-tingey-ucF8x5VggIA-unsplash.webp\",\"datePublished\":\"2026-04-22T15:06:01+00:00\",\"description\":\"Le tribunal judiciaire de Saint-\u00c9tienne, statuant en mati\u00e8re de protection, a rendu un jugement le 9 d\u00e9cembre 2025. Le litige opposait le bailleur successeur...\",\"breadcrumb\":{\"@id\":\"https:\\\/\\\/kohenavocats.com\\\/zh-hans\\\/tribunal-judiciaire-de-saint-etienne-le-9-decembre-2025-n24-03580\\\/#breadcrumb\"},\"inLanguage\":\"zh-Hans\",\"potentialAction\":[{\"@type\":\"ReadAction\",\"target\":[\"https:\\\/\\\/kohenavocats.com\\\/zh-hans\\\/tribunal-judiciaire-de-saint-etienne-le-9-decembre-2025-n24-03580\\\/\"]}]},{\"@type\":\"ImageObject\",\"inLanguage\":\"zh-Hans\",\"@id\":\"https:\\\/\\\/kohenavocats.com\\\/zh-hans\\\/tribunal-judiciaire-de-saint-etienne-le-9-decembre-2025-n24-03580\\\/#primaryimage\",\"url\":\"https:\\\/\\\/kohenavocats.com\\\/wp-content\\\/uploads\\\/2024\\\/11\\\/wesley-tingey-ucF8x5VggIA-unsplash.webp\",\"contentUrl\":\"https:\\\/\\\/kohenavocats.com\\\/wp-content\\\/uploads\\\/2024\\\/11\\\/wesley-tingey-ucF8x5VggIA-unsplash.webp\",\"width\":6000,\"height\":4000},{\"@type\":\"BreadcrumbList\",\"@id\":\"https:\\\/\\\/kohenavocats.com\\\/zh-hans\\\/tribunal-judiciaire-de-saint-etienne-le-9-decembre-2025-n24-03580\\\/#breadcrumb\",\"itemListElement\":[{\"@type\":\"ListItem\",\"position\":1,\"name\":\"Home\",\"item\":\"https:\\\/\\\/kohenavocats.com\\\/zh-hans\\\/\"},{\"@type\":\"ListItem\",\"position\":2,\"name\":\"Tribunal judiciaire de Saint-\u00c9tienne, le 9 d\u00e9cembre 2025, n\u00b024\\\/03580\"}]},{\"@type\":\"WebSite\",\"@id\":\"https:\\\/\\\/kohenavocats.com\\\/zh-hans\\\/#website\",\"url\":\"https:\\\/\\\/kohenavocats.com\\\/zh-hans\\\/\",\"name\":\"Kohen Avocats\",\"description\":\"Ma\u00eetre Hassan Kohen, avocat p\u00e9naliste \u00e0 Paris, intervient exclusivement en droit p\u00e9nal pour la d\u00e9fense des particuliers, notamment en mati\u00e8re d\u2019accusations de viol. Il assure un accompagnement rigoureux d\u00e8s la garde \u00e0 vue jusqu\u2019\u00e0 la Cour d\u2019assises, veillant au strict respect des garanties proc\u00e9durales.\",\"publisher\":{\"@id\":\"https:\\\/\\\/kohenavocats.com\\\/zh-hans\\\/#organization\"},\"potentialAction\":[{\"@type\":\"SearchAction\",\"target\":{\"@type\":\"EntryPoint\",\"urlTemplate\":\"https:\\\/\\\/kohenavocats.com\\\/zh-hans\\\/?s={search_term_string}\"},\"query-input\":{\"@type\":\"PropertyValueSpecification\",\"valueRequired\":true,\"valueName\":\"search_term_string\"}}],\"inLanguage\":\"zh-Hans\"},{\"@type\":\"Organization\",\"@id\":\"https:\\\/\\\/kohenavocats.com\\\/zh-hans\\\/#organization\",\"name\":\"Kohen Avocats\",\"url\":\"https:\\\/\\\/kohenavocats.com\\\/zh-hans\\\/\",\"logo\":{\"@type\":\"ImageObject\",\"inLanguage\":\"zh-Hans\",\"@id\":\"https:\\\/\\\/kohenavocats.com\\\/zh-hans\\\/#\\\/schema\\\/logo\\\/image\\\/\",\"url\":\"https:\\\/\\\/kohenavocats.com\\\/wp-content\\\/uploads\\\/2026\\\/01\\\/Logo-2-1.webp\",\"contentUrl\":\"https:\\\/\\\/kohenavocats.com\\\/wp-content\\\/uploads\\\/2026\\\/01\\\/Logo-2-1.webp\",\"width\":2114,\"height\":1253,\"caption\":\"Kohen Avocats\"},\"image\":{\"@id\":\"https:\\\/\\\/kohenavocats.com\\\/zh-hans\\\/#\\\/schema\\\/logo\\\/image\\\/\"}},{\"@type\":\"Person\",\"@id\":\"https:\\\/\\\/kohenavocats.com\\\/zh-hans\\\/#\\\/schema\\\/person\\\/761c9ba54fa1ca84d405cef0831ff751\",\"name\":\"Kohen\",\"image\":{\"@type\":\"ImageObject\",\"inLanguage\":\"zh-Hans\",\"@id\":\"https:\\\/\\\/secure.gravatar.com\\\/avatar\\\/1c5e76ef76bbbfdd2b4da984e2bf2fa4056fd51a27d25ce2c332047f1dfd6e00?s=96&d=identicon&r=g\",\"url\":\"https:\\\/\\\/secure.gravatar.com\\\/avatar\\\/1c5e76ef76bbbfdd2b4da984e2bf2fa4056fd51a27d25ce2c332047f1dfd6e00?s=96&d=identicon&r=g\",\"contentUrl\":\"https:\\\/\\\/secure.gravatar.com\\\/avatar\\\/1c5e76ef76bbbfdd2b4da984e2bf2fa4056fd51a27d25ce2c332047f1dfd6e00?s=96&d=identicon&r=g\",\"caption\":\"Kohen\"},\"sameAs\":[\"https:\\\/\\\/www.linkedin.com\\\/in\\\/hassan-kohen-448548192\\\/\",\"https:\\\/\\\/www.youtube.com\\\/@Kohen-Avocats\"],\"url\":\"https:\\\/\\\/kohenavocats.com\\\/zh-hans\\\/author\\\/kohenmlk\\\/\"}]}<\/script>\n<!-- \/ Yoast SEO Premium plugin. -->","yoast_head_json":{"title":"Tribunal judiciaire de Saint-\u00c9tienne, le 9 d\u00e9cembre 2025, n\u00b024\/03580 - Ma\u00eetre Hassan Kohen, avocat en droit p\u00e9nal \u00e0 Paris","description":"Le tribunal judiciaire de Saint-\u00c9tienne, statuant en mati\u00e8re de protection, a rendu un jugement le 9 d\u00e9cembre 2025. Le litige opposait le bailleur successeur...","robots":{"index":"index","follow":"follow","max-snippet":"max-snippet:-1","max-image-preview":"max-image-preview:large","max-video-preview":"max-video-preview:-1"},"canonical":"https:\/\/kohenavocats.com\/zh-hans\/tribunal-judiciaire-de-saint-etienne-le-9-decembre-2025-n24-03580\/","og_locale":"zh_CN","og_type":"article","og_title":"Tribunal judiciaire de Saint-\u00c9tienne, le 9 d\u00e9cembre 2025, n\u00b024\/03580","og_description":"Le tribunal judiciaire de Saint-\u00c9tienne, statuant en mati\u00e8re de protection, a rendu un jugement le 9 d\u00e9cembre 2025. Le litige opposait le bailleur successeur...","og_url":"https:\/\/kohenavocats.com\/zh-hans\/tribunal-judiciaire-de-saint-etienne-le-9-decembre-2025-n24-03580\/","og_site_name":"Ma\u00eetre Hassan Kohen, avocat en droit p\u00e9nal \u00e0 Paris","article_published_time":"2026-04-22T15:06:01+00:00","og_image":[{"width":6000,"height":4000,"url":"https:\/\/kohenavocats.com\/wp-content\/uploads\/2024\/11\/wesley-tingey-ucF8x5VggIA-unsplash.webp","type":"image\/webp"}],"author":"Kohen","twitter_card":"summary_large_image","twitter_misc":{"\u4f5c\u8005":"Kohen","\u9884\u8ba1\u9605\u8bfb\u65f6\u95f4":"4 \u5206"},"schema":{"@context":"https:\/\/schema.org","@graph":[{"@type":"Article","@id":"https:\/\/kohenavocats.com\/zh-hans\/tribunal-judiciaire-de-saint-etienne-le-9-decembre-2025-n24-03580\/#article","isPartOf":{"@id":"https:\/\/kohenavocats.com\/zh-hans\/tribunal-judiciaire-de-saint-etienne-le-9-decembre-2025-n24-03580\/"},"author":{"name":"Kohen","@id":"https:\/\/kohenavocats.com\/zh-hans\/#\/schema\/person\/761c9ba54fa1ca84d405cef0831ff751"},"headline":"Tribunal judiciaire de Saint-\u00c9tienne, le 9 d\u00e9cembre 2025, n\u00b024\/03580","datePublished":"2026-04-22T15:06:01+00:00","mainEntityOfPage":{"@id":"https:\/\/kohenavocats.com\/zh-hans\/tribunal-judiciaire-de-saint-etienne-le-9-decembre-2025-n24-03580\/"},"wordCount":748,"commentCount":0,"publisher":{"@id":"https:\/\/kohenavocats.com\/zh-hans\/#organization"},"image":{"@id":"https:\/\/kohenavocats.com\/zh-hans\/tribunal-judiciaire-de-saint-etienne-le-9-decembre-2025-n24-03580\/#primaryimage"},"thumbnailUrl":"https:\/\/kohenavocats.com\/wp-content\/uploads\/2024\/11\/wesley-tingey-ucF8x5VggIA-unsplash.webp","articleSection":["Jurisprudence"],"inLanguage":"zh-Hans","potentialAction":[{"@type":"CommentAction","name":"Comment","target":["https:\/\/kohenavocats.com\/zh-hans\/tribunal-judiciaire-de-saint-etienne-le-9-decembre-2025-n24-03580\/#respond"]}],"citation":"Tribunal judiciaire de Saint-\u00c9tienne, le 9 d\u00e9cembre 2025, n\u00b024\/03580","about":[{"@type":"Thing","name":"Jurisprudence"}],"dateModified":"2026-04-22T15:06:01+00:00","speakable":{"@type":"SpeakableSpecification","cssSelector":[".article-content > p:first-of-type"]}},{"@type":"WebPage","@id":"https:\/\/kohenavocats.com\/zh-hans\/tribunal-judiciaire-de-saint-etienne-le-9-decembre-2025-n24-03580\/","url":"https:\/\/kohenavocats.com\/zh-hans\/tribunal-judiciaire-de-saint-etienne-le-9-decembre-2025-n24-03580\/","name":"Tribunal judiciaire de Saint-\u00c9tienne, le 9 d\u00e9cembre 2025, n\u00b024\/03580 - Ma\u00eetre Hassan Kohen, avocat en droit p\u00e9nal \u00e0 Paris","isPartOf":{"@id":"https:\/\/kohenavocats.com\/zh-hans\/#website"},"primaryImageOfPage":{"@id":"https:\/\/kohenavocats.com\/zh-hans\/tribunal-judiciaire-de-saint-etienne-le-9-decembre-2025-n24-03580\/#primaryimage"},"image":{"@id":"https:\/\/kohenavocats.com\/zh-hans\/tribunal-judiciaire-de-saint-etienne-le-9-decembre-2025-n24-03580\/#primaryimage"},"thumbnailUrl":"https:\/\/kohenavocats.com\/wp-content\/uploads\/2024\/11\/wesley-tingey-ucF8x5VggIA-unsplash.webp","datePublished":"2026-04-22T15:06:01+00:00","description":"Le tribunal judiciaire de Saint-\u00c9tienne, statuant en mati\u00e8re de protection, a rendu un jugement le 9 d\u00e9cembre 2025. Le litige opposait le bailleur successeur...","breadcrumb":{"@id":"https:\/\/kohenavocats.com\/zh-hans\/tribunal-judiciaire-de-saint-etienne-le-9-decembre-2025-n24-03580\/#breadcrumb"},"inLanguage":"zh-Hans","potentialAction":[{"@type":"ReadAction","target":["https:\/\/kohenavocats.com\/zh-hans\/tribunal-judiciaire-de-saint-etienne-le-9-decembre-2025-n24-03580\/"]}]},{"@type":"ImageObject","inLanguage":"zh-Hans","@id":"https:\/\/kohenavocats.com\/zh-hans\/tribunal-judiciaire-de-saint-etienne-le-9-decembre-2025-n24-03580\/#primaryimage","url":"https:\/\/kohenavocats.com\/wp-content\/uploads\/2024\/11\/wesley-tingey-ucF8x5VggIA-unsplash.webp","contentUrl":"https:\/\/kohenavocats.com\/wp-content\/uploads\/2024\/11\/wesley-tingey-ucF8x5VggIA-unsplash.webp","width":6000,"height":4000},{"@type":"BreadcrumbList","@id":"https:\/\/kohenavocats.com\/zh-hans\/tribunal-judiciaire-de-saint-etienne-le-9-decembre-2025-n24-03580\/#breadcrumb","itemListElement":[{"@type":"ListItem","position":1,"name":"Home","item":"https:\/\/kohenavocats.com\/zh-hans\/"},{"@type":"ListItem","position":2,"name":"Tribunal judiciaire de Saint-\u00c9tienne, le 9 d\u00e9cembre 2025, n\u00b024\/03580"}]},{"@type":"WebSite","@id":"https:\/\/kohenavocats.com\/zh-hans\/#website","url":"https:\/\/kohenavocats.com\/zh-hans\/","name":"Kohen Avocats","description":"Ma\u00eetre Hassan Kohen, avocat p\u00e9naliste \u00e0 Paris, intervient exclusivement en droit p\u00e9nal pour la d\u00e9fense des particuliers, notamment en mati\u00e8re d\u2019accusations de viol. Il assure un accompagnement rigoureux d\u00e8s la garde \u00e0 vue jusqu\u2019\u00e0 la Cour d\u2019assises, veillant au strict respect des garanties proc\u00e9durales.","publisher":{"@id":"https:\/\/kohenavocats.com\/zh-hans\/#organization"},"potentialAction":[{"@type":"SearchAction","target":{"@type":"EntryPoint","urlTemplate":"https:\/\/kohenavocats.com\/zh-hans\/?s={search_term_string}"},"query-input":{"@type":"PropertyValueSpecification","valueRequired":true,"valueName":"search_term_string"}}],"inLanguage":"zh-Hans"},{"@type":"Organization","@id":"https:\/\/kohenavocats.com\/zh-hans\/#organization","name":"Kohen Avocats","url":"https:\/\/kohenavocats.com\/zh-hans\/","logo":{"@type":"ImageObject","inLanguage":"zh-Hans","@id":"https:\/\/kohenavocats.com\/zh-hans\/#\/schema\/logo\/image\/","url":"https:\/\/kohenavocats.com\/wp-content\/uploads\/2026\/01\/Logo-2-1.webp","contentUrl":"https:\/\/kohenavocats.com\/wp-content\/uploads\/2026\/01\/Logo-2-1.webp","width":2114,"height":1253,"caption":"Kohen Avocats"},"image":{"@id":"https:\/\/kohenavocats.com\/zh-hans\/#\/schema\/logo\/image\/"}},{"@type":"Person","@id":"https:\/\/kohenavocats.com\/zh-hans\/#\/schema\/person\/761c9ba54fa1ca84d405cef0831ff751","name":"Kohen","image":{"@type":"ImageObject","inLanguage":"zh-Hans","@id":"https:\/\/secure.gravatar.com\/avatar\/1c5e76ef76bbbfdd2b4da984e2bf2fa4056fd51a27d25ce2c332047f1dfd6e00?s=96&d=identicon&r=g","url":"https:\/\/secure.gravatar.com\/avatar\/1c5e76ef76bbbfdd2b4da984e2bf2fa4056fd51a27d25ce2c332047f1dfd6e00?s=96&d=identicon&r=g","contentUrl":"https:\/\/secure.gravatar.com\/avatar\/1c5e76ef76bbbfdd2b4da984e2bf2fa4056fd51a27d25ce2c332047f1dfd6e00?s=96&d=identicon&r=g","caption":"Kohen"},"sameAs":["https:\/\/www.linkedin.com\/in\/hassan-kohen-448548192\/","https:\/\/www.youtube.com\/@Kohen-Avocats"],"url":"https:\/\/kohenavocats.com\/zh-hans\/author\/kohenmlk\/"}]}},"jetpack_featured_media_url":"https:\/\/kohenavocats.com\/wp-content\/uploads\/2024\/11\/wesley-tingey-ucF8x5VggIA-unsplash.webp","jetpack_likes_enabled":false,"jetpack_shortlink":"https:\/\/wp.me\/peCrII-2J1V","jetpack-related-posts":[{"id":643381,"url":"https:\/\/kohenavocats.com\/zh-hans\/cour-dappel-de-saint-etienne-le-13-decembre-2022-n23-01237\/","url_meta":{"origin":649755,"position":0},"title":"Cour d&#8217;appel de Saint-\u00c9tienne, le 13 d\u00e9cembre 2022, n\u00b023\/01237","author":"Kohen","date":"2026\u5e744\u670822\u65e5","format":false,"excerpt":"La Cour d\u2019appel de Saint-\u00c9tienne, statuant le 13 d\u2026","rel":"","context":"\u5728\u201cJurisprudence\u201d\u4e2d","block_context":{"text":"Jurisprudence","link":"https:\/\/kohenavocats.com\/category\/jurisprudence\/"},"img":{"alt_text":"","src":"https:\/\/i0.wp.com\/kohenavocats.com\/wp-content\/uploads\/2024\/11\/zyanya-citlalli-rHPdKZUQqv4-unsplash.webp?resize=350%2C200&ssl=1","width":350,"height":200,"srcset":"https:\/\/i0.wp.com\/kohenavocats.com\/wp-content\/uploads\/2024\/11\/zyanya-citlalli-rHPdKZUQqv4-unsplash.webp?resize=350%2C200&ssl=1 1x, https:\/\/i0.wp.com\/kohenavocats.com\/wp-content\/uploads\/2024\/11\/zyanya-citlalli-rHPdKZUQqv4-unsplash.webp?resize=525%2C300&ssl=1 1.5x, https:\/\/i0.wp.com\/kohenavocats.com\/wp-content\/uploads\/2024\/11\/zyanya-citlalli-rHPdKZUQqv4-unsplash.webp?resize=700%2C400&ssl=1 2x, https:\/\/i0.wp.com\/kohenavocats.com\/wp-content\/uploads\/2024\/11\/zyanya-citlalli-rHPdKZUQqv4-unsplash.webp?resize=1050%2C600&ssl=1 3x, https:\/\/i0.wp.com\/kohenavocats.com\/wp-content\/uploads\/2024\/11\/zyanya-citlalli-rHPdKZUQqv4-unsplash.webp?resize=1400%2C800&ssl=1 4x"},"classes":[]},{"id":668667,"url":"https:\/\/kohenavocats.com\/zh-hans\/tribunal-judiciaire-de-saint-etienne-le-22-septembre-2025-n25-00298\/","url_meta":{"origin":649755,"position":1},"title":"Tribunal judiciaire de Saint-Etienne, le 22 septembre 2025, n\u00b025\/00298","author":"Kohen","date":"2026\u5e744\u670824\u65e5","format":false,"excerpt":"Le juge des contentieux de la protection, statuant\u2026","rel":"","context":"\u5728\u201cCode des assurances\u201d\u4e2d","block_context":{"text":"Code des assurances","link":"https:\/\/kohenavocats.com\/category\/code-des-assurances\/"},"img":{"alt_text":"","src":"https:\/\/i0.wp.com\/kohenavocats.com\/wp-content\/uploads\/2024\/11\/planet-volumes-HQLfJrtqmKg-unsplash.webp?resize=350%2C200&ssl=1","width":350,"height":200,"srcset":"https:\/\/i0.wp.com\/kohenavocats.com\/wp-content\/uploads\/2024\/11\/planet-volumes-HQLfJrtqmKg-unsplash.webp?resize=350%2C200&ssl=1 1x, https:\/\/i0.wp.com\/kohenavocats.com\/wp-content\/uploads\/2024\/11\/planet-volumes-HQLfJrtqmKg-unsplash.webp?resize=525%2C300&ssl=1 1.5x, https:\/\/i0.wp.com\/kohenavocats.com\/wp-content\/uploads\/2024\/11\/planet-volumes-HQLfJrtqmKg-unsplash.webp?resize=700%2C400&ssl=1 2x, https:\/\/i0.wp.com\/kohenavocats.com\/wp-content\/uploads\/2024\/11\/planet-volumes-HQLfJrtqmKg-unsplash.webp?resize=1050%2C600&ssl=1 3x, https:\/\/i0.wp.com\/kohenavocats.com\/wp-content\/uploads\/2024\/11\/planet-volumes-HQLfJrtqmKg-unsplash.webp?resize=1400%2C800&ssl=1 4x"},"classes":[]},{"id":239227,"url":"https:\/\/kohenavocats.com\/zh-hans\/tribunal-judiciaire-de-saint-etienne-le-17-juin-2025-n25-00233\/","url_meta":{"origin":649755,"position":2},"title":"Tribunal judiciaire de Saint Etienne, le 17 juin 2025, n\u00b025\/00233","author":"Kohen","date":"2026\u5e741\u67081\u65e5","format":false,"excerpt":"Le contentieux locatif constitue un pan essentiel \u2026","rel":"","context":"\u5728\u201cD\u00e9cisions juridiques\u201d\u4e2d","block_context":{"text":"D\u00e9cisions juridiques","link":"https:\/\/kohenavocats.com\/category\/decisions-juridiques\/"},"img":{"alt_text":"","src":"https:\/\/i0.wp.com\/kohenavocats.com\/wp-content\/uploads\/2024\/08\/alex-h0dEvfM3EU8-unsplash.webp?resize=350%2C200&ssl=1","width":350,"height":200,"srcset":"https:\/\/i0.wp.com\/kohenavocats.com\/wp-content\/uploads\/2024\/08\/alex-h0dEvfM3EU8-unsplash.webp?resize=350%2C200&ssl=1 1x, https:\/\/i0.wp.com\/kohenavocats.com\/wp-content\/uploads\/2024\/08\/alex-h0dEvfM3EU8-unsplash.webp?resize=525%2C300&ssl=1 1.5x, https:\/\/i0.wp.com\/kohenavocats.com\/wp-content\/uploads\/2024\/08\/alex-h0dEvfM3EU8-unsplash.webp?resize=700%2C400&ssl=1 2x, https:\/\/i0.wp.com\/kohenavocats.com\/wp-content\/uploads\/2024\/08\/alex-h0dEvfM3EU8-unsplash.webp?resize=1050%2C600&ssl=1 3x, https:\/\/i0.wp.com\/kohenavocats.com\/wp-content\/uploads\/2024\/08\/alex-h0dEvfM3EU8-unsplash.webp?resize=1400%2C800&ssl=1 4x"},"classes":[]},{"id":470535,"url":"https:\/\/kohenavocats.com\/zh-hans\/tribunal-judiciaire-de-saint-etienne-le-11-decembre-2025-n25-01923\/","url_meta":{"origin":649755,"position":3},"title":"Tribunal judiciaire de Saint-Etienne, le 11 d\u00e9cembre 2025, n\u00b025\/01923","author":"Kohen","date":"2026\u5e744\u67087\u65e5","format":false,"excerpt":"Le tribunal judiciaire, statuant en premier ressor\u2026","rel":"","context":"\u5728\u201cJurisprudence\u201d\u4e2d","block_context":{"text":"Jurisprudence","link":"https:\/\/kohenavocats.com\/category\/jurisprudence\/"},"img":{"alt_text":"","src":"https:\/\/i0.wp.com\/kohenavocats.com\/wp-content\/uploads\/2024\/06\/the-free-birds-9nGaQJjAAng-unsplash.webp?resize=350%2C200&ssl=1","width":350,"height":200,"srcset":"https:\/\/i0.wp.com\/kohenavocats.com\/wp-content\/uploads\/2024\/06\/the-free-birds-9nGaQJjAAng-unsplash.webp?resize=350%2C200&ssl=1 1x, https:\/\/i0.wp.com\/kohenavocats.com\/wp-content\/uploads\/2024\/06\/the-free-birds-9nGaQJjAAng-unsplash.webp?resize=525%2C300&ssl=1 1.5x, https:\/\/i0.wp.com\/kohenavocats.com\/wp-content\/uploads\/2024\/06\/the-free-birds-9nGaQJjAAng-unsplash.webp?resize=700%2C400&ssl=1 2x, https:\/\/i0.wp.com\/kohenavocats.com\/wp-content\/uploads\/2024\/06\/the-free-birds-9nGaQJjAAng-unsplash.webp?resize=1050%2C600&ssl=1 3x, https:\/\/i0.wp.com\/kohenavocats.com\/wp-content\/uploads\/2024\/06\/the-free-birds-9nGaQJjAAng-unsplash.webp?resize=1400%2C800&ssl=1 4x"},"classes":[]},{"id":236402,"url":"https:\/\/kohenavocats.com\/zh-hans\/tribunal-judiciaire-de-saint-etienne-le-17-juin-2025-n25-01437\/","url_meta":{"origin":649755,"position":4},"title":"Tribunal judiciaire de Saint Etienne, le 17 juin 2025, n\u00b025\/01437","author":"Kohen","date":"2025\u5e7412\u670829\u65e5","format":false,"excerpt":"Le jugement rendu par le juge des contentieux de l\u2026","rel":"","context":"\u5728\u201cD\u00e9cisions juridiques\u201d\u4e2d","block_context":{"text":"D\u00e9cisions juridiques","link":"https:\/\/kohenavocats.com\/category\/decisions-juridiques\/"},"img":{"alt_text":"","src":"https:\/\/i0.wp.com\/kohenavocats.com\/wp-content\/uploads\/2024\/11\/planet-volumes-C4bN-gxQQig-unsplash.webp?resize=350%2C200&ssl=1","width":350,"height":200,"srcset":"https:\/\/i0.wp.com\/kohenavocats.com\/wp-content\/uploads\/2024\/11\/planet-volumes-C4bN-gxQQig-unsplash.webp?resize=350%2C200&ssl=1 1x, https:\/\/i0.wp.com\/kohenavocats.com\/wp-content\/uploads\/2024\/11\/planet-volumes-C4bN-gxQQig-unsplash.webp?resize=525%2C300&ssl=1 1.5x, https:\/\/i0.wp.com\/kohenavocats.com\/wp-content\/uploads\/2024\/11\/planet-volumes-C4bN-gxQQig-unsplash.webp?resize=700%2C400&ssl=1 2x, https:\/\/i0.wp.com\/kohenavocats.com\/wp-content\/uploads\/2024\/11\/planet-volumes-C4bN-gxQQig-unsplash.webp?resize=1050%2C600&ssl=1 3x, https:\/\/i0.wp.com\/kohenavocats.com\/wp-content\/uploads\/2024\/11\/planet-volumes-C4bN-gxQQig-unsplash.webp?resize=1400%2C800&ssl=1 4x"},"classes":[]},{"id":646036,"url":"https:\/\/kohenavocats.com\/zh-hans\/tribunal-judiciaire-de-saint-etienne-le-9-decembre-2025-n25-01921\/","url_meta":{"origin":649755,"position":5},"title":"Tribunal judiciaire de Saint-Etienne, le 9 d\u00e9cembre 2025, n\u00b025\/01921","author":"Kohen","date":"2026\u5e744\u670822\u65e5","format":false,"excerpt":"Le juge des contentieux de la protection, statuant\u2026","rel":"","context":"\u5728\u201cJurisprudence\u201d\u4e2d","block_context":{"text":"Jurisprudence","link":"https:\/\/kohenavocats.com\/category\/jurisprudence\/"},"img":{"alt_text":"","src":"https:\/\/i0.wp.com\/kohenavocats.com\/wp-content\/uploads\/2024\/08\/ty-koh-DUkZUi8pMDE-unsplash.webp?resize=350%2C200&ssl=1","width":350,"height":200,"srcset":"https:\/\/i0.wp.com\/kohenavocats.com\/wp-content\/uploads\/2024\/08\/ty-koh-DUkZUi8pMDE-unsplash.webp?resize=350%2C200&ssl=1 1x, https:\/\/i0.wp.com\/kohenavocats.com\/wp-content\/uploads\/2024\/08\/ty-koh-DUkZUi8pMDE-unsplash.webp?resize=525%2C300&ssl=1 1.5x, https:\/\/i0.wp.com\/kohenavocats.com\/wp-content\/uploads\/2024\/08\/ty-koh-DUkZUi8pMDE-unsplash.webp?resize=700%2C400&ssl=1 2x, https:\/\/i0.wp.com\/kohenavocats.com\/wp-content\/uploads\/2024\/08\/ty-koh-DUkZUi8pMDE-unsplash.webp?resize=1050%2C600&ssl=1 3x, https:\/\/i0.wp.com\/kohenavocats.com\/wp-content\/uploads\/2024\/08\/ty-koh-DUkZUi8pMDE-unsplash.webp?resize=1400%2C800&ssl=1 4x"},"classes":[]}],"jetpack_sharing_enabled":true,"_links":{"self":[{"href":"https:\/\/kohenavocats.com\/zh-hans\/wp-json\/wp\/v2\/posts\/649755","targetHints":{"allow":["GET"]}}],"collection":[{"href":"https:\/\/kohenavocats.com\/zh-hans\/wp-json\/wp\/v2\/posts"}],"about":[{"href":"https:\/\/kohenavocats.com\/zh-hans\/wp-json\/wp\/v2\/types\/post"}],"author":[{"embeddable":true,"href":"https:\/\/kohenavocats.com\/zh-hans\/wp-json\/wp\/v2\/users\/232070755"}],"replies":[{"embeddable":true,"href":"https:\/\/kohenavocats.com\/zh-hans\/wp-json\/wp\/v2\/comments?post=649755"}],"version-history":[{"count":0,"href":"https:\/\/kohenavocats.com\/zh-hans\/wp-json\/wp\/v2\/posts\/649755\/revisions"}],"wp:featuredmedia":[{"embeddable":true,"href":"https:\/\/kohenavocats.com\/zh-hans\/wp-json\/wp\/v2\/media\/9709"}],"wp:attachment":[{"href":"https:\/\/kohenavocats.com\/zh-hans\/wp-json\/wp\/v2\/media?parent=649755"}],"wp:term":[{"taxonomy":"category","embeddable":true,"href":"https:\/\/kohenavocats.com\/zh-hans\/wp-json\/wp\/v2\/categories?post=649755"},{"taxonomy":"post_tag","embeddable":true,"href":"https:\/\/kohenavocats.com\/zh-hans\/wp-json\/wp\/v2\/tags?post=649755"}],"curies":[{"name":"wp","href":"https:\/\/api.w.org\/{rel}","templated":true}]}}