{"id":650168,"date":"2026-04-22T17:54:11","date_gmt":"2026-04-22T15:54:11","guid":{"rendered":"https:\/\/kohenavocats.com\/tribunal-judiciaire-de-versailles-le-2-octobre-2025-n24-00868\/"},"modified":"2026-04-22T17:54:11","modified_gmt":"2026-04-22T15:54:11","slug":"tribunal-judiciaire-de-versailles-le-2-octobre-2025-n24-00868","status":"publish","type":"post","link":"https:\/\/kohenavocats.com\/zh-hans\/tribunal-judiciaire-de-versailles-le-2-octobre-2025-n24-00868\/","title":{"rendered":"Tribunal judiciaire de Versailles, le 2 octobre 2025, n\u00b024\/00868"},"content":{"rendered":"<div class=\"article-content\">\n<p>Le juge des contentieux de la protection pr\u00e8s le tribunal de proximit\u00e9 de Saint-Germain-en-Laye, statuant par mise \u00e0 disposition au greffe le 2 octobre 2025, a examin\u00e9 une action en paiement de loyers impay\u00e9s. Le bailleur justifiait avoir saisi la commission de coordination des actions de pr\u00e9vention des expulsions locatives. Le tribunal a d\u00e9clar\u00e9 l&#8217;action recevable et condamn\u00e9 le locataire au paiement d&#8217;une somme principale. Il a \u00e9galement statu\u00e9 sur les demandes accessoires incluant les d\u00e9pens et une indemnit\u00e9 sur le fondement de l&#8217;article 700 du code de proc\u00e9dure civile.<\/p>\n<p>La r\u00e9gularit\u00e9 de la saisine pr\u00e9alable de la commission<\/p>\n<p>Le tribunal v\u00e9rifie d&#8217;abord le respect de l&#8217;obligation proc\u00e9durale pr\u00e9vue par la loi. Le bailleur a justifi\u00e9 avoir saisi la commission par voie \u00e9lectronique avec accus\u00e9 de r\u00e9ception en f\u00e9vrier 2024. Cette saisine est intervenue plus de deux mois avant la d\u00e9livrance de l&#8217;assignation en mars 2025. Le juge constate ainsi la conformit\u00e9 aux dispositions l\u00e9gales, ce qui rend l&#8217;action recevable. La d\u00e9cision pr\u00e9cise que cette formalit\u00e9 est une condition essentielle de recevabilit\u00e9 pour toute action en paiement, et non seulement pour l&#8217;expulsion. &#8220;Il en r\u00e9sulte que la saisine de la commission de coordination des actions de pr\u00e9vention des expulsions locatives deux mois au moins avant la d\u00e9livrance de l\u2019assignation est requise \u00e0 peine d&#8217;irrecevabilit\u00e9&#8221; (Tribunal judiciaire de Tours, le 21 mai 2025, n\u00b023\/05557). Cette jurisprudence confirme la rigueur de l&#8217;exigence et son champ d&#8217;application large. La port\u00e9e de ce point est de rappeler le caract\u00e8re substantiel de cette condition pr\u00e9alable \u00e0 toute action judiciaire du bailleur. Sa valeur r\u00e9side dans la protection du locataire par le biais d&#8217;une tentative de m\u00e9diation obligatoire.<\/p>\n<p>La distinction entre les actions en paiement et en expulsion<\/p>\n<p>Le tribunal op\u00e8re une distinction importante entre les diff\u00e9rentes proc\u00e9dures engag\u00e9es par le bailleur. Il rel\u00e8ve qu&#8217;aucune demande d&#8217;expulsion n&#8217;est formul\u00e9e dans la pr\u00e9sente instance. D\u00e8s lors, la notification de l&#8217;assignation \u00e0 la pr\u00e9fecture, pr\u00e9vue par l&#8217;article 24 III de la loi de 1989, n&#8217;\u00e9tait pas requise. Cette formalit\u00e9 suppl\u00e9mentaire est r\u00e9serv\u00e9e aux seules proc\u00e9dures visant sp\u00e9cifiquement \u00e0 obtenir l&#8217;expulsion du locataire. &#8220;Ainsi, en application de ces dispositions, la recevabilit\u00e9 de la demande est conditionn\u00e9e par la saisine de la CCAPEX.&#8221; (Tribunal judiciaire de Reims, le 25 ao\u00fbt 2025, n\u00b025\/01053). Cette jurisprudence souligne que la saisine de la commission est l&#8217;unique condition commune. Le sens de cette analyse est de circonscrire les obligations proc\u00e9durales du bailleur en fonction de l&#8217;objet de sa demande. La port\u00e9e en est pratique, \u00e9vitant l&#8217;imposition de formalit\u00e9s inutiles dans une action purement p\u00e9cuniaire. Elle clarifie le r\u00e9gime juridique applicable selon la nature des pr\u00e9tentions.<\/p>\n<p>La fixation de la cr\u00e9ance et le rejet des demandes d\u00e9claratives<\/p>\n<p>Sur le fond, le tribunal statue sur la demande en condamnation au paiement apr\u00e8s examen des pi\u00e8ces. Le bailleur a produit un d\u00e9compte \u00e0 l&#8217;audience, d\u00e9montrant l&#8217;apurement partiel de la dette par le locataire. Le juge fixe la cr\u00e9ance restant due \u00e0 la somme principale de 2 952,22 euros, arr\u00eat\u00e9e au 1er juillet 2025. Les int\u00e9r\u00eats au taux l\u00e9gal sont accord\u00e9s \u00e0 compter de la date du commandement de payer. Le tribunal rappelle par ailleurs un principe proc\u00e9dural fondamental en pr\u00e9ambule. Il indique qu&#8217;il ne statue que sur les pr\u00e9tentions \u00e9nonc\u00e9es au dispositif et que les demandes purement d\u00e9claratives ne constituent pas des pr\u00e9tentions. La valeur de ce rappel est de cantonner le d\u00e9bat judiciaire aux seules demandes constitutives d&#8217;une condamnation. Sa port\u00e9e est d&#8217;\u00e9viter que le juge ne se prononce sur des points ne relevant pas de l&#8217;office du juge de la protection.<\/p>\n<p>Le traitement des demandes accessoires et l&#8217;ex\u00e9cution du jugement<\/p>\n<p>Le tribunal statue enfin sur les cons\u00e9quences p\u00e9cuniaires de la proc\u00e9dure et les modalit\u00e9s d&#8217;ex\u00e9cution. Il condamne le locataire, qui succombe, \u00e0 supporter la totalit\u00e9 des d\u00e9pens, incluant des frais sp\u00e9cifiques. Une indemnit\u00e9 de 250 euros est allou\u00e9e au bailleur sur le fondement de l&#8217;article 700 du code de proc\u00e9dure civile. Le juge ordonne \u00e9galement la capitalisation des int\u00e9r\u00eats conform\u00e9ment \u00e0 l&#8217;article 1343-2 du code civil. Il rappelle enfin que le jugement est de plein droit ex\u00e9cutoire, conform\u00e9ment aux r\u00e8gles de la proc\u00e9dure. Le sens de ces dispositions est d&#8217;assurer une r\u00e9paration int\u00e9grale des frais support\u00e9s par la partie victorieuse. La port\u00e9e est de renforcer l&#8217;effectivit\u00e9 de la d\u00e9cision en pr\u00e9voyant son ex\u00e9cution imm\u00e9diate. Cette approche globale garantit une r\u00e9solution compl\u00e8te du litige dans le cadre d&#8217;une proc\u00e9dure unique.<\/p>\n<\/div>\n","protected":false},"excerpt":{"rendered":"<p>Le juge des contentieux de la protection pr\u00e8s le tribunal de proximit\u00e9 de Saint-Germain-en-Laye, statuant par mise \u00e0 disposition au greffe le 2 octobre 2025,&#8230;<\/p>\n","protected":false},"author":232070755,"featured_media":9495,"comment_status":"open","ping_status":"open","sticky":false,"template":"","format":"standard","meta":{"_crdt_document":"","_jetpack_newsletter_access":"","_jetpack_dont_email_post_to_subs":false,"_jetpack_newsletter_tier_id":0,"_jetpack_memberships_contains_paywalled_content":false,"_kj_source_type":"","_kj_official_id":"","_kj_official_url":"","_kj_judilibre_id":"","_kj_jur":"","_kj_lieu":"","_kj_chambre":"","_kj_rg":"","_kj_date":"","_jetpack_memberships_contains_paid_content":false,"footnotes":"","jetpack_post_was_ever_published":false},"categories":[7597],"tags":[],"class_list":["post-650168","post","type-post","status-publish","format-standard","has-post-thumbnail","hentry","category-jurisprudence"],"yoast_head":"<!-- This site is optimized with the Yoast SEO Premium plugin v27.5 (Yoast SEO v27.5) - https:\/\/yoast.com\/product\/yoast-seo-premium-wordpress\/ -->\n<title>Tribunal judiciaire de Versailles, le 2 octobre 2025, n\u00b024\/00868 - Ma\u00eetre Hassan Kohen, avocat en droit p\u00e9nal \u00e0 Paris<\/title>\n<meta name=\"description\" content=\"Le juge des contentieux de la protection pr\u00e8s le tribunal de proximit\u00e9 de Saint-Germain-en-Laye, statuant par mise \u00e0 disposition au greffe le 2 octobre 2025,...\" \/>\n<meta name=\"robots\" content=\"index, follow, max-snippet:-1, max-image-preview:large, max-video-preview:-1\" \/>\n<link rel=\"canonical\" href=\"https:\/\/kohenavocats.com\/zh-hans\/tribunal-judiciaire-de-versailles-le-2-octobre-2025-n24-00868\/\" \/>\n<meta property=\"og:locale\" content=\"zh_CN\" \/>\n<meta property=\"og:type\" content=\"article\" \/>\n<meta property=\"og:title\" content=\"Tribunal judiciaire de Versailles, le 2 octobre 2025, n\u00b024\/00868\" \/>\n<meta property=\"og:description\" content=\"Le juge des contentieux de la protection pr\u00e8s le tribunal de proximit\u00e9 de Saint-Germain-en-Laye, statuant par mise \u00e0 disposition au greffe le 2 octobre 2025,...\" \/>\n<meta property=\"og:url\" content=\"https:\/\/kohenavocats.com\/zh-hans\/tribunal-judiciaire-de-versailles-le-2-octobre-2025-n24-00868\/\" \/>\n<meta property=\"og:site_name\" content=\"Ma\u00eetre Hassan Kohen, avocat en droit p\u00e9nal \u00e0 Paris\" \/>\n<meta property=\"article:published_time\" content=\"2026-04-22T15:54:11+00:00\" \/>\n<meta property=\"og:image\" content=\"https:\/\/kohenavocats.com\/wp-content\/uploads\/2024\/11\/laura-adai-jnFyVBtmWtI-unsplash.webp\" \/>\n\t<meta property=\"og:image:width\" content=\"4724\" \/>\n\t<meta property=\"og:image:height\" content=\"7086\" \/>\n\t<meta property=\"og:image:type\" content=\"image\/webp\" \/>\n<meta name=\"author\" content=\"Kohen\" \/>\n<meta name=\"twitter:card\" content=\"summary_large_image\" \/>\n<meta name=\"twitter:label1\" content=\"\u4f5c\u8005\" \/>\n\t<meta name=\"twitter:data1\" content=\"Kohen\" \/>\n\t<meta name=\"twitter:label2\" content=\"\u9884\u8ba1\u9605\u8bfb\u65f6\u95f4\" \/>\n\t<meta name=\"twitter:data2\" content=\"4 \u5206\" \/>\n<script type=\"application\/ld+json\" class=\"yoast-schema-graph\">{\"@context\":\"https:\\\/\\\/schema.org\",\"@graph\":[{\"@type\":\"Article\",\"@id\":\"https:\\\/\\\/kohenavocats.com\\\/zh-hans\\\/tribunal-judiciaire-de-versailles-le-2-octobre-2025-n24-00868\\\/#article\",\"isPartOf\":{\"@id\":\"https:\\\/\\\/kohenavocats.com\\\/zh-hans\\\/tribunal-judiciaire-de-versailles-le-2-octobre-2025-n24-00868\\\/\"},\"author\":{\"name\":\"Kohen\",\"@id\":\"https:\\\/\\\/kohenavocats.com\\\/zh-hans\\\/#\\\/schema\\\/person\\\/761c9ba54fa1ca84d405cef0831ff751\"},\"headline\":\"Tribunal judiciaire de Versailles, le 2 octobre 2025, n\u00b024\\\/00868\",\"datePublished\":\"2026-04-22T15:54:11+00:00\",\"mainEntityOfPage\":{\"@id\":\"https:\\\/\\\/kohenavocats.com\\\/zh-hans\\\/tribunal-judiciaire-de-versailles-le-2-octobre-2025-n24-00868\\\/\"},\"wordCount\":838,\"commentCount\":0,\"publisher\":{\"@id\":\"https:\\\/\\\/kohenavocats.com\\\/zh-hans\\\/#organization\"},\"image\":{\"@id\":\"https:\\\/\\\/kohenavocats.com\\\/zh-hans\\\/tribunal-judiciaire-de-versailles-le-2-octobre-2025-n24-00868\\\/#primaryimage\"},\"thumbnailUrl\":\"https:\\\/\\\/kohenavocats.com\\\/wp-content\\\/uploads\\\/2024\\\/11\\\/laura-adai-jnFyVBtmWtI-unsplash.webp\",\"articleSection\":[\"Jurisprudence\"],\"inLanguage\":\"zh-Hans\",\"potentialAction\":[{\"@type\":\"CommentAction\",\"name\":\"Comment\",\"target\":[\"https:\\\/\\\/kohenavocats.com\\\/zh-hans\\\/tribunal-judiciaire-de-versailles-le-2-octobre-2025-n24-00868\\\/#respond\"]}],\"citation\":\"Tribunal judiciaire de Versailles, le 2 octobre 2025, n\u00b024\\\/00868\",\"about\":[{\"@type\":\"Thing\",\"name\":\"Jurisprudence\"}],\"dateModified\":\"2026-04-22T15:54:11+00:00\",\"speakable\":{\"@type\":\"SpeakableSpecification\",\"cssSelector\":[\".article-content > p:first-of-type\"]}},{\"@type\":\"WebPage\",\"@id\":\"https:\\\/\\\/kohenavocats.com\\\/zh-hans\\\/tribunal-judiciaire-de-versailles-le-2-octobre-2025-n24-00868\\\/\",\"url\":\"https:\\\/\\\/kohenavocats.com\\\/zh-hans\\\/tribunal-judiciaire-de-versailles-le-2-octobre-2025-n24-00868\\\/\",\"name\":\"Tribunal judiciaire de Versailles, le 2 octobre 2025, n\u00b024\\\/00868 - Ma\u00eetre Hassan Kohen, avocat en droit p\u00e9nal \u00e0 Paris\",\"isPartOf\":{\"@id\":\"https:\\\/\\\/kohenavocats.com\\\/zh-hans\\\/#website\"},\"primaryImageOfPage\":{\"@id\":\"https:\\\/\\\/kohenavocats.com\\\/zh-hans\\\/tribunal-judiciaire-de-versailles-le-2-octobre-2025-n24-00868\\\/#primaryimage\"},\"image\":{\"@id\":\"https:\\\/\\\/kohenavocats.com\\\/zh-hans\\\/tribunal-judiciaire-de-versailles-le-2-octobre-2025-n24-00868\\\/#primaryimage\"},\"thumbnailUrl\":\"https:\\\/\\\/kohenavocats.com\\\/wp-content\\\/uploads\\\/2024\\\/11\\\/laura-adai-jnFyVBtmWtI-unsplash.webp\",\"datePublished\":\"2026-04-22T15:54:11+00:00\",\"description\":\"Le juge des contentieux de la protection pr\u00e8s le tribunal de proximit\u00e9 de Saint-Germain-en-Laye, statuant par mise \u00e0 disposition au greffe le 2 octobre 2025,...\",\"breadcrumb\":{\"@id\":\"https:\\\/\\\/kohenavocats.com\\\/zh-hans\\\/tribunal-judiciaire-de-versailles-le-2-octobre-2025-n24-00868\\\/#breadcrumb\"},\"inLanguage\":\"zh-Hans\",\"potentialAction\":[{\"@type\":\"ReadAction\",\"target\":[\"https:\\\/\\\/kohenavocats.com\\\/zh-hans\\\/tribunal-judiciaire-de-versailles-le-2-octobre-2025-n24-00868\\\/\"]}]},{\"@type\":\"ImageObject\",\"inLanguage\":\"zh-Hans\",\"@id\":\"https:\\\/\\\/kohenavocats.com\\\/zh-hans\\\/tribunal-judiciaire-de-versailles-le-2-octobre-2025-n24-00868\\\/#primaryimage\",\"url\":\"https:\\\/\\\/kohenavocats.com\\\/wp-content\\\/uploads\\\/2024\\\/11\\\/laura-adai-jnFyVBtmWtI-unsplash.webp\",\"contentUrl\":\"https:\\\/\\\/kohenavocats.com\\\/wp-content\\\/uploads\\\/2024\\\/11\\\/laura-adai-jnFyVBtmWtI-unsplash.webp\",\"width\":4724,\"height\":7086},{\"@type\":\"BreadcrumbList\",\"@id\":\"https:\\\/\\\/kohenavocats.com\\\/zh-hans\\\/tribunal-judiciaire-de-versailles-le-2-octobre-2025-n24-00868\\\/#breadcrumb\",\"itemListElement\":[{\"@type\":\"ListItem\",\"position\":1,\"name\":\"Home\",\"item\":\"https:\\\/\\\/kohenavocats.com\\\/zh-hans\\\/\"},{\"@type\":\"ListItem\",\"position\":2,\"name\":\"Tribunal judiciaire de Versailles, le 2 octobre 2025, n\u00b024\\\/00868\"}]},{\"@type\":\"WebSite\",\"@id\":\"https:\\\/\\\/kohenavocats.com\\\/zh-hans\\\/#website\",\"url\":\"https:\\\/\\\/kohenavocats.com\\\/zh-hans\\\/\",\"name\":\"Kohen Avocats\",\"description\":\"Ma\u00eetre Hassan Kohen, avocat p\u00e9naliste \u00e0 Paris, intervient exclusivement en droit p\u00e9nal pour la d\u00e9fense des particuliers, notamment en mati\u00e8re d\u2019accusations de viol. Il assure un accompagnement rigoureux d\u00e8s la garde \u00e0 vue jusqu\u2019\u00e0 la Cour d\u2019assises, veillant au strict respect des garanties proc\u00e9durales.\",\"publisher\":{\"@id\":\"https:\\\/\\\/kohenavocats.com\\\/zh-hans\\\/#organization\"},\"potentialAction\":[{\"@type\":\"SearchAction\",\"target\":{\"@type\":\"EntryPoint\",\"urlTemplate\":\"https:\\\/\\\/kohenavocats.com\\\/zh-hans\\\/?s={search_term_string}\"},\"query-input\":{\"@type\":\"PropertyValueSpecification\",\"valueRequired\":true,\"valueName\":\"search_term_string\"}}],\"inLanguage\":\"zh-Hans\"},{\"@type\":\"Organization\",\"@id\":\"https:\\\/\\\/kohenavocats.com\\\/zh-hans\\\/#organization\",\"name\":\"Kohen Avocats\",\"url\":\"https:\\\/\\\/kohenavocats.com\\\/zh-hans\\\/\",\"logo\":{\"@type\":\"ImageObject\",\"inLanguage\":\"zh-Hans\",\"@id\":\"https:\\\/\\\/kohenavocats.com\\\/zh-hans\\\/#\\\/schema\\\/logo\\\/image\\\/\",\"url\":\"https:\\\/\\\/kohenavocats.com\\\/wp-content\\\/uploads\\\/2026\\\/01\\\/Logo-2-1.webp\",\"contentUrl\":\"https:\\\/\\\/kohenavocats.com\\\/wp-content\\\/uploads\\\/2026\\\/01\\\/Logo-2-1.webp\",\"width\":2114,\"height\":1253,\"caption\":\"Kohen Avocats\"},\"image\":{\"@id\":\"https:\\\/\\\/kohenavocats.com\\\/zh-hans\\\/#\\\/schema\\\/logo\\\/image\\\/\"}},{\"@type\":\"Person\",\"@id\":\"https:\\\/\\\/kohenavocats.com\\\/zh-hans\\\/#\\\/schema\\\/person\\\/761c9ba54fa1ca84d405cef0831ff751\",\"name\":\"Kohen\",\"image\":{\"@type\":\"ImageObject\",\"inLanguage\":\"zh-Hans\",\"@id\":\"https:\\\/\\\/secure.gravatar.com\\\/avatar\\\/1c5e76ef76bbbfdd2b4da984e2bf2fa4056fd51a27d25ce2c332047f1dfd6e00?s=96&d=identicon&r=g\",\"url\":\"https:\\\/\\\/secure.gravatar.com\\\/avatar\\\/1c5e76ef76bbbfdd2b4da984e2bf2fa4056fd51a27d25ce2c332047f1dfd6e00?s=96&d=identicon&r=g\",\"contentUrl\":\"https:\\\/\\\/secure.gravatar.com\\\/avatar\\\/1c5e76ef76bbbfdd2b4da984e2bf2fa4056fd51a27d25ce2c332047f1dfd6e00?s=96&d=identicon&r=g\",\"caption\":\"Kohen\"},\"sameAs\":[\"https:\\\/\\\/www.linkedin.com\\\/in\\\/hassan-kohen-448548192\\\/\",\"https:\\\/\\\/www.youtube.com\\\/@Kohen-Avocats\"],\"url\":\"https:\\\/\\\/kohenavocats.com\\\/zh-hans\\\/author\\\/kohenmlk\\\/\"}]}<\/script>\n<!-- \/ Yoast SEO Premium plugin. -->","yoast_head_json":{"title":"Tribunal judiciaire de Versailles, le 2 octobre 2025, n\u00b024\/00868 - Ma\u00eetre Hassan Kohen, avocat en droit p\u00e9nal \u00e0 Paris","description":"Le juge des contentieux de la protection pr\u00e8s le tribunal de proximit\u00e9 de Saint-Germain-en-Laye, statuant par mise \u00e0 disposition au greffe le 2 octobre 2025,...","robots":{"index":"index","follow":"follow","max-snippet":"max-snippet:-1","max-image-preview":"max-image-preview:large","max-video-preview":"max-video-preview:-1"},"canonical":"https:\/\/kohenavocats.com\/zh-hans\/tribunal-judiciaire-de-versailles-le-2-octobre-2025-n24-00868\/","og_locale":"zh_CN","og_type":"article","og_title":"Tribunal judiciaire de Versailles, le 2 octobre 2025, n\u00b024\/00868","og_description":"Le juge des contentieux de la protection pr\u00e8s le tribunal de proximit\u00e9 de Saint-Germain-en-Laye, statuant par mise \u00e0 disposition au greffe le 2 octobre 2025,...","og_url":"https:\/\/kohenavocats.com\/zh-hans\/tribunal-judiciaire-de-versailles-le-2-octobre-2025-n24-00868\/","og_site_name":"Ma\u00eetre Hassan Kohen, avocat en droit p\u00e9nal \u00e0 Paris","article_published_time":"2026-04-22T15:54:11+00:00","og_image":[{"width":4724,"height":7086,"url":"https:\/\/kohenavocats.com\/wp-content\/uploads\/2024\/11\/laura-adai-jnFyVBtmWtI-unsplash.webp","type":"image\/webp"}],"author":"Kohen","twitter_card":"summary_large_image","twitter_misc":{"\u4f5c\u8005":"Kohen","\u9884\u8ba1\u9605\u8bfb\u65f6\u95f4":"4 \u5206"},"schema":{"@context":"https:\/\/schema.org","@graph":[{"@type":"Article","@id":"https:\/\/kohenavocats.com\/zh-hans\/tribunal-judiciaire-de-versailles-le-2-octobre-2025-n24-00868\/#article","isPartOf":{"@id":"https:\/\/kohenavocats.com\/zh-hans\/tribunal-judiciaire-de-versailles-le-2-octobre-2025-n24-00868\/"},"author":{"name":"Kohen","@id":"https:\/\/kohenavocats.com\/zh-hans\/#\/schema\/person\/761c9ba54fa1ca84d405cef0831ff751"},"headline":"Tribunal judiciaire de Versailles, le 2 octobre 2025, n\u00b024\/00868","datePublished":"2026-04-22T15:54:11+00:00","mainEntityOfPage":{"@id":"https:\/\/kohenavocats.com\/zh-hans\/tribunal-judiciaire-de-versailles-le-2-octobre-2025-n24-00868\/"},"wordCount":838,"commentCount":0,"publisher":{"@id":"https:\/\/kohenavocats.com\/zh-hans\/#organization"},"image":{"@id":"https:\/\/kohenavocats.com\/zh-hans\/tribunal-judiciaire-de-versailles-le-2-octobre-2025-n24-00868\/#primaryimage"},"thumbnailUrl":"https:\/\/kohenavocats.com\/wp-content\/uploads\/2024\/11\/laura-adai-jnFyVBtmWtI-unsplash.webp","articleSection":["Jurisprudence"],"inLanguage":"zh-Hans","potentialAction":[{"@type":"CommentAction","name":"Comment","target":["https:\/\/kohenavocats.com\/zh-hans\/tribunal-judiciaire-de-versailles-le-2-octobre-2025-n24-00868\/#respond"]}],"citation":"Tribunal judiciaire de Versailles, le 2 octobre 2025, n\u00b024\/00868","about":[{"@type":"Thing","name":"Jurisprudence"}],"dateModified":"2026-04-22T15:54:11+00:00","speakable":{"@type":"SpeakableSpecification","cssSelector":[".article-content > p:first-of-type"]}},{"@type":"WebPage","@id":"https:\/\/kohenavocats.com\/zh-hans\/tribunal-judiciaire-de-versailles-le-2-octobre-2025-n24-00868\/","url":"https:\/\/kohenavocats.com\/zh-hans\/tribunal-judiciaire-de-versailles-le-2-octobre-2025-n24-00868\/","name":"Tribunal judiciaire de Versailles, le 2 octobre 2025, n\u00b024\/00868 - Ma\u00eetre Hassan Kohen, avocat en droit p\u00e9nal \u00e0 Paris","isPartOf":{"@id":"https:\/\/kohenavocats.com\/zh-hans\/#website"},"primaryImageOfPage":{"@id":"https:\/\/kohenavocats.com\/zh-hans\/tribunal-judiciaire-de-versailles-le-2-octobre-2025-n24-00868\/#primaryimage"},"image":{"@id":"https:\/\/kohenavocats.com\/zh-hans\/tribunal-judiciaire-de-versailles-le-2-octobre-2025-n24-00868\/#primaryimage"},"thumbnailUrl":"https:\/\/kohenavocats.com\/wp-content\/uploads\/2024\/11\/laura-adai-jnFyVBtmWtI-unsplash.webp","datePublished":"2026-04-22T15:54:11+00:00","description":"Le juge des contentieux de la protection pr\u00e8s le tribunal de proximit\u00e9 de Saint-Germain-en-Laye, statuant par mise \u00e0 disposition au greffe le 2 octobre 2025,...","breadcrumb":{"@id":"https:\/\/kohenavocats.com\/zh-hans\/tribunal-judiciaire-de-versailles-le-2-octobre-2025-n24-00868\/#breadcrumb"},"inLanguage":"zh-Hans","potentialAction":[{"@type":"ReadAction","target":["https:\/\/kohenavocats.com\/zh-hans\/tribunal-judiciaire-de-versailles-le-2-octobre-2025-n24-00868\/"]}]},{"@type":"ImageObject","inLanguage":"zh-Hans","@id":"https:\/\/kohenavocats.com\/zh-hans\/tribunal-judiciaire-de-versailles-le-2-octobre-2025-n24-00868\/#primaryimage","url":"https:\/\/kohenavocats.com\/wp-content\/uploads\/2024\/11\/laura-adai-jnFyVBtmWtI-unsplash.webp","contentUrl":"https:\/\/kohenavocats.com\/wp-content\/uploads\/2024\/11\/laura-adai-jnFyVBtmWtI-unsplash.webp","width":4724,"height":7086},{"@type":"BreadcrumbList","@id":"https:\/\/kohenavocats.com\/zh-hans\/tribunal-judiciaire-de-versailles-le-2-octobre-2025-n24-00868\/#breadcrumb","itemListElement":[{"@type":"ListItem","position":1,"name":"Home","item":"https:\/\/kohenavocats.com\/zh-hans\/"},{"@type":"ListItem","position":2,"name":"Tribunal judiciaire de Versailles, le 2 octobre 2025, n\u00b024\/00868"}]},{"@type":"WebSite","@id":"https:\/\/kohenavocats.com\/zh-hans\/#website","url":"https:\/\/kohenavocats.com\/zh-hans\/","name":"Kohen Avocats","description":"Ma\u00eetre Hassan Kohen, avocat p\u00e9naliste \u00e0 Paris, intervient exclusivement en droit p\u00e9nal pour la d\u00e9fense des particuliers, notamment en mati\u00e8re d\u2019accusations de viol. Il assure un accompagnement rigoureux d\u00e8s la garde \u00e0 vue jusqu\u2019\u00e0 la Cour d\u2019assises, veillant au strict respect des garanties proc\u00e9durales.","publisher":{"@id":"https:\/\/kohenavocats.com\/zh-hans\/#organization"},"potentialAction":[{"@type":"SearchAction","target":{"@type":"EntryPoint","urlTemplate":"https:\/\/kohenavocats.com\/zh-hans\/?s={search_term_string}"},"query-input":{"@type":"PropertyValueSpecification","valueRequired":true,"valueName":"search_term_string"}}],"inLanguage":"zh-Hans"},{"@type":"Organization","@id":"https:\/\/kohenavocats.com\/zh-hans\/#organization","name":"Kohen Avocats","url":"https:\/\/kohenavocats.com\/zh-hans\/","logo":{"@type":"ImageObject","inLanguage":"zh-Hans","@id":"https:\/\/kohenavocats.com\/zh-hans\/#\/schema\/logo\/image\/","url":"https:\/\/kohenavocats.com\/wp-content\/uploads\/2026\/01\/Logo-2-1.webp","contentUrl":"https:\/\/kohenavocats.com\/wp-content\/uploads\/2026\/01\/Logo-2-1.webp","width":2114,"height":1253,"caption":"Kohen Avocats"},"image":{"@id":"https:\/\/kohenavocats.com\/zh-hans\/#\/schema\/logo\/image\/"}},{"@type":"Person","@id":"https:\/\/kohenavocats.com\/zh-hans\/#\/schema\/person\/761c9ba54fa1ca84d405cef0831ff751","name":"Kohen","image":{"@type":"ImageObject","inLanguage":"zh-Hans","@id":"https:\/\/secure.gravatar.com\/avatar\/1c5e76ef76bbbfdd2b4da984e2bf2fa4056fd51a27d25ce2c332047f1dfd6e00?s=96&d=identicon&r=g","url":"https:\/\/secure.gravatar.com\/avatar\/1c5e76ef76bbbfdd2b4da984e2bf2fa4056fd51a27d25ce2c332047f1dfd6e00?s=96&d=identicon&r=g","contentUrl":"https:\/\/secure.gravatar.com\/avatar\/1c5e76ef76bbbfdd2b4da984e2bf2fa4056fd51a27d25ce2c332047f1dfd6e00?s=96&d=identicon&r=g","caption":"Kohen"},"sameAs":["https:\/\/www.linkedin.com\/in\/hassan-kohen-448548192\/","https:\/\/www.youtube.com\/@Kohen-Avocats"],"url":"https:\/\/kohenavocats.com\/zh-hans\/author\/kohenmlk\/"}]}},"jetpack_featured_media_url":"https:\/\/kohenavocats.com\/wp-content\/uploads\/2024\/11\/laura-adai-jnFyVBtmWtI-unsplash.webp","jetpack_likes_enabled":false,"jetpack_shortlink":"https:\/\/wp.me\/peCrII-2J8A","jetpack-related-posts":[{"id":627043,"url":"https:\/\/kohenavocats.com\/zh-hans\/tribunal-judiciaire-de-orleans-le-16-octobre-2025-n25-00287\/","url_meta":{"origin":650168,"position":0},"title":"Tribunal judiciaire de Orl\u00e9ans, le 16 octobre 2025, n\u00b025\/00287","author":"Kohen","date":"2026\u5e744\u670820\u65e5","format":false,"excerpt":"Le juge des contentieux de la protection du tribun\u2026","rel":"","context":"\u5728\u201cJurisprudence\u201d\u4e2d","block_context":{"text":"Jurisprudence","link":"https:\/\/kohenavocats.com\/category\/jurisprudence\/"},"img":{"alt_text":"","src":"https:\/\/i0.wp.com\/kohenavocats.com\/wp-content\/uploads\/2024\/11\/alex-shuper-EpYGXgIeTTQ-unsplash.webp?resize=350%2C200&ssl=1","width":350,"height":200,"srcset":"https:\/\/i0.wp.com\/kohenavocats.com\/wp-content\/uploads\/2024\/11\/alex-shuper-EpYGXgIeTTQ-unsplash.webp?resize=350%2C200&ssl=1 1x, https:\/\/i0.wp.com\/kohenavocats.com\/wp-content\/uploads\/2024\/11\/alex-shuper-EpYGXgIeTTQ-unsplash.webp?resize=525%2C300&ssl=1 1.5x, https:\/\/i0.wp.com\/kohenavocats.com\/wp-content\/uploads\/2024\/11\/alex-shuper-EpYGXgIeTTQ-unsplash.webp?resize=700%2C400&ssl=1 2x, https:\/\/i0.wp.com\/kohenavocats.com\/wp-content\/uploads\/2024\/11\/alex-shuper-EpYGXgIeTTQ-unsplash.webp?resize=1050%2C600&ssl=1 3x, https:\/\/i0.wp.com\/kohenavocats.com\/wp-content\/uploads\/2024\/11\/alex-shuper-EpYGXgIeTTQ-unsplash.webp?resize=1400%2C800&ssl=1 4x"},"classes":[]},{"id":496652,"url":"https:\/\/kohenavocats.com\/zh-hans\/tribunal-judiciaire-de-alencon-le-1-octobre-2025-n25-00334\/","url_meta":{"origin":650168,"position":1},"title":"Tribunal judiciaire de Alen\u00e7on, le 1 octobre 2025, n\u00b025\/00334","author":"Kohen","date":"2026\u5e744\u67088\u65e5","format":false,"excerpt":"Le juge des contentieux de la protection, statuant\u2026","rel":"","context":"\u5728\u201cJurisprudence\u201d\u4e2d","block_context":{"text":"Jurisprudence","link":"https:\/\/kohenavocats.com\/category\/jurisprudence\/"},"img":{"alt_text":"","src":"https:\/\/i0.wp.com\/kohenavocats.com\/wp-content\/uploads\/2024\/08\/jonathan-velasquez-eUSpDPSFdKU-unsplash.webp?resize=350%2C200&ssl=1","width":350,"height":200,"srcset":"https:\/\/i0.wp.com\/kohenavocats.com\/wp-content\/uploads\/2024\/08\/jonathan-velasquez-eUSpDPSFdKU-unsplash.webp?resize=350%2C200&ssl=1 1x, https:\/\/i0.wp.com\/kohenavocats.com\/wp-content\/uploads\/2024\/08\/jonathan-velasquez-eUSpDPSFdKU-unsplash.webp?resize=525%2C300&ssl=1 1.5x, https:\/\/i0.wp.com\/kohenavocats.com\/wp-content\/uploads\/2024\/08\/jonathan-velasquez-eUSpDPSFdKU-unsplash.webp?resize=700%2C400&ssl=1 2x, https:\/\/i0.wp.com\/kohenavocats.com\/wp-content\/uploads\/2024\/08\/jonathan-velasquez-eUSpDPSFdKU-unsplash.webp?resize=1050%2C600&ssl=1 3x, https:\/\/i0.wp.com\/kohenavocats.com\/wp-content\/uploads\/2024\/08\/jonathan-velasquez-eUSpDPSFdKU-unsplash.webp?resize=1400%2C800&ssl=1 4x"},"classes":[]},{"id":614595,"url":"https:\/\/kohenavocats.com\/zh-hans\/tribunal-judiciaire-de-lille-le-23-octobre-2025-n24-03656\/","url_meta":{"origin":650168,"position":2},"title":"Tribunal judiciaire de Lille, le 23 octobre 2025, n\u00b024\/03656","author":"Kohen","date":"2026\u5e744\u670820\u65e5","format":false,"excerpt":"Le juge des contentieux de la protection, par un j\u2026","rel":"","context":"\u5728\u201cJurisprudence\u201d\u4e2d","block_context":{"text":"Jurisprudence","link":"https:\/\/kohenavocats.com\/category\/jurisprudence\/"},"img":{"alt_text":"","src":"https:\/\/i0.wp.com\/kohenavocats.com\/wp-content\/uploads\/2024\/05\/daniele-d-andreti-mGH4FxehE2s-unsplash.webp?resize=350%2C200&ssl=1","width":350,"height":200,"srcset":"https:\/\/i0.wp.com\/kohenavocats.com\/wp-content\/uploads\/2024\/05\/daniele-d-andreti-mGH4FxehE2s-unsplash.webp?resize=350%2C200&ssl=1 1x, https:\/\/i0.wp.com\/kohenavocats.com\/wp-content\/uploads\/2024\/05\/daniele-d-andreti-mGH4FxehE2s-unsplash.webp?resize=525%2C300&ssl=1 1.5x, https:\/\/i0.wp.com\/kohenavocats.com\/wp-content\/uploads\/2024\/05\/daniele-d-andreti-mGH4FxehE2s-unsplash.webp?resize=700%2C400&ssl=1 2x, https:\/\/i0.wp.com\/kohenavocats.com\/wp-content\/uploads\/2024\/05\/daniele-d-andreti-mGH4FxehE2s-unsplash.webp?resize=1050%2C600&ssl=1 3x, https:\/\/i0.wp.com\/kohenavocats.com\/wp-content\/uploads\/2024\/05\/daniele-d-andreti-mGH4FxehE2s-unsplash.webp?resize=1400%2C800&ssl=1 4x"},"classes":[]},{"id":620411,"url":"https:\/\/kohenavocats.com\/zh-hans\/tribunal-judiciaire-de-boulogne-sur-mer-le-20-octobre-2025-n25-01114\/","url_meta":{"origin":650168,"position":3},"title":"Tribunal judiciaire de Boulogne-sur-Mer, le 20 octobre 2025, n\u00b025\/01114","author":"Kohen","date":"2026\u5e744\u670820\u65e5","format":false,"excerpt":"Le juge des contentieux de la protection, par un j\u2026","rel":"","context":"\u5728\u201cJurisprudence\u201d\u4e2d","block_context":{"text":"Jurisprudence","link":"https:\/\/kohenavocats.com\/category\/jurisprudence\/"},"img":{"alt_text":"","src":"https:\/\/i0.wp.com\/kohenavocats.com\/wp-content\/uploads\/2024\/08\/robert-bye-6uqWm003xj0-unsplash.webp?resize=350%2C200&ssl=1","width":350,"height":200,"srcset":"https:\/\/i0.wp.com\/kohenavocats.com\/wp-content\/uploads\/2024\/08\/robert-bye-6uqWm003xj0-unsplash.webp?resize=350%2C200&ssl=1 1x, https:\/\/i0.wp.com\/kohenavocats.com\/wp-content\/uploads\/2024\/08\/robert-bye-6uqWm003xj0-unsplash.webp?resize=525%2C300&ssl=1 1.5x, https:\/\/i0.wp.com\/kohenavocats.com\/wp-content\/uploads\/2024\/08\/robert-bye-6uqWm003xj0-unsplash.webp?resize=700%2C400&ssl=1 2x, https:\/\/i0.wp.com\/kohenavocats.com\/wp-content\/uploads\/2024\/08\/robert-bye-6uqWm003xj0-unsplash.webp?resize=1050%2C600&ssl=1 3x, https:\/\/i0.wp.com\/kohenavocats.com\/wp-content\/uploads\/2024\/08\/robert-bye-6uqWm003xj0-unsplash.webp?resize=1400%2C800&ssl=1 4x"},"classes":[]},{"id":651253,"url":"https:\/\/kohenavocats.com\/zh-hans\/tribunal-judiciaire-de-grenoble-le-2-octobre-2025-n25-00281\/","url_meta":{"origin":650168,"position":4},"title":"Tribunal judiciaire de Grenoble, le 2 octobre 2025, n\u00b025\/00281","author":"Kohen","date":"2026\u5e744\u670822\u65e5","format":false,"excerpt":"Le juge des contentieux de la protection, statuant\u2026","rel":"","context":"\u5728\u201cJurisprudence\u201d\u4e2d","block_context":{"text":"Jurisprudence","link":"https:\/\/kohenavocats.com\/category\/jurisprudence\/"},"img":{"alt_text":"","src":"https:\/\/i0.wp.com\/kohenavocats.com\/wp-content\/uploads\/2024\/08\/42-north-fhO8zmW5Mpk-unsplash.webp?resize=350%2C200&ssl=1","width":350,"height":200,"srcset":"https:\/\/i0.wp.com\/kohenavocats.com\/wp-content\/uploads\/2024\/08\/42-north-fhO8zmW5Mpk-unsplash.webp?resize=350%2C200&ssl=1 1x, https:\/\/i0.wp.com\/kohenavocats.com\/wp-content\/uploads\/2024\/08\/42-north-fhO8zmW5Mpk-unsplash.webp?resize=525%2C300&ssl=1 1.5x, https:\/\/i0.wp.com\/kohenavocats.com\/wp-content\/uploads\/2024\/08\/42-north-fhO8zmW5Mpk-unsplash.webp?resize=700%2C400&ssl=1 2x, https:\/\/i0.wp.com\/kohenavocats.com\/wp-content\/uploads\/2024\/08\/42-north-fhO8zmW5Mpk-unsplash.webp?resize=1050%2C600&ssl=1 3x, https:\/\/i0.wp.com\/kohenavocats.com\/wp-content\/uploads\/2024\/08\/42-north-fhO8zmW5Mpk-unsplash.webp?resize=1400%2C800&ssl=1 4x"},"classes":[]},{"id":646545,"url":"https:\/\/kohenavocats.com\/zh-hans\/tribunal-judiciaire-de-marseille-le-1-octobre-2025-n25-03194\/","url_meta":{"origin":650168,"position":5},"title":"Tribunal judiciaire de Marseille, le 1 octobre 2025, n\u00b025\/03194","author":"Kohen","date":"2026\u5e744\u670822\u65e5","format":false,"excerpt":"Le juge des contentieux de la protection a rendu u\u2026","rel":"","context":"\u5728\u201cJurisprudence\u201d\u4e2d","block_context":{"text":"Jurisprudence","link":"https:\/\/kohenavocats.com\/category\/jurisprudence\/"},"img":{"alt_text":"","src":"https:\/\/i0.wp.com\/kohenavocats.com\/wp-content\/uploads\/2024\/11\/laura-adai-hNQAWN4t99A-unsplash.webp?resize=350%2C200&ssl=1","width":350,"height":200,"srcset":"https:\/\/i0.wp.com\/kohenavocats.com\/wp-content\/uploads\/2024\/11\/laura-adai-hNQAWN4t99A-unsplash.webp?resize=350%2C200&ssl=1 1x, https:\/\/i0.wp.com\/kohenavocats.com\/wp-content\/uploads\/2024\/11\/laura-adai-hNQAWN4t99A-unsplash.webp?resize=525%2C300&ssl=1 1.5x, https:\/\/i0.wp.com\/kohenavocats.com\/wp-content\/uploads\/2024\/11\/laura-adai-hNQAWN4t99A-unsplash.webp?resize=700%2C400&ssl=1 2x, https:\/\/i0.wp.com\/kohenavocats.com\/wp-content\/uploads\/2024\/11\/laura-adai-hNQAWN4t99A-unsplash.webp?resize=1050%2C600&ssl=1 3x, https:\/\/i0.wp.com\/kohenavocats.com\/wp-content\/uploads\/2024\/11\/laura-adai-hNQAWN4t99A-unsplash.webp?resize=1400%2C800&ssl=1 4x"},"classes":[]}],"jetpack_sharing_enabled":true,"_links":{"self":[{"href":"https:\/\/kohenavocats.com\/zh-hans\/wp-json\/wp\/v2\/posts\/650168","targetHints":{"allow":["GET"]}}],"collection":[{"href":"https:\/\/kohenavocats.com\/zh-hans\/wp-json\/wp\/v2\/posts"}],"about":[{"href":"https:\/\/kohenavocats.com\/zh-hans\/wp-json\/wp\/v2\/types\/post"}],"author":[{"embeddable":true,"href":"https:\/\/kohenavocats.com\/zh-hans\/wp-json\/wp\/v2\/users\/232070755"}],"replies":[{"embeddable":true,"href":"https:\/\/kohenavocats.com\/zh-hans\/wp-json\/wp\/v2\/comments?post=650168"}],"version-history":[{"count":0,"href":"https:\/\/kohenavocats.com\/zh-hans\/wp-json\/wp\/v2\/posts\/650168\/revisions"}],"wp:featuredmedia":[{"embeddable":true,"href":"https:\/\/kohenavocats.com\/zh-hans\/wp-json\/wp\/v2\/media\/9495"}],"wp:attachment":[{"href":"https:\/\/kohenavocats.com\/zh-hans\/wp-json\/wp\/v2\/media?parent=650168"}],"wp:term":[{"taxonomy":"category","embeddable":true,"href":"https:\/\/kohenavocats.com\/zh-hans\/wp-json\/wp\/v2\/categories?post=650168"},{"taxonomy":"post_tag","embeddable":true,"href":"https:\/\/kohenavocats.com\/zh-hans\/wp-json\/wp\/v2\/tags?post=650168"}],"curies":[{"name":"wp","href":"https:\/\/api.w.org\/{rel}","templated":true}]}}