{"id":650538,"date":"2026-04-22T18:51:45","date_gmt":"2026-04-22T16:51:45","guid":{"rendered":"https:\/\/kohenavocats.com\/tribunal-judiciaire-de-grenoble-le-2-octobre-2025-n25-00665\/"},"modified":"2026-04-22T18:51:45","modified_gmt":"2026-04-22T16:51:45","slug":"tribunal-judiciaire-de-grenoble-le-2-octobre-2025-n25-00665","status":"publish","type":"post","link":"https:\/\/kohenavocats.com\/zh-hans\/tribunal-judiciaire-de-grenoble-le-2-octobre-2025-n25-00665\/","title":{"rendered":"Tribunal judiciaire de Grenoble, le 2 octobre 2025, n\u00b025\/00665"},"content":{"rendered":"<div class=\"article-content\">\n<p>Le juge des contentieux de la protection, statuant en r\u00e9f\u00e9r\u00e9 le 2 octobre 2025, examine une demande en r\u00e9siliation de bail pour impay\u00e9s. Le bailleur, une soci\u00e9t\u00e9 d&#8217;habitation, a assign\u00e9 les locataires apr\u00e8s un commandement de payer demeur\u00e9 infructueux. La d\u00e9cision statue sur la recevabilit\u00e9 de la demande et les cons\u00e9quences de la clause r\u00e9solutoire. Elle accueille la demande de r\u00e9siliation mais accorde aux locataires des d\u00e9lais de paiement sous condition.<\/p>\n<p>La r\u00e9gularit\u00e9 proc\u00e9durale pr\u00e9alable \u00e0 l&#8217;expulsion<\/p>\n<p>Le juge v\u00e9rifie d&#8217;abord le respect des formalit\u00e9s protectrices impos\u00e9es au bailleur. L&#8217;article 24 de la loi du 6 juillet 1989 conditionne la recevabilit\u00e9 de l&#8217;assignation. Pour les bailleurs personnes morales, une saisine pr\u00e9alable de la commission de coordination est exig\u00e9e. Cette formalit\u00e9 est r\u00e9put\u00e9e accomplie par un signalement aux organismes payeurs d&#8217;aides. &#8220;En l&#8217;esp\u00e8ce, le bailleur justifie de la saisine de la Caisse aux Allocations Familiales (CAF) dans les d\u00e9lais l\u00e9gaux.&#8221; (Motifs de la d\u00e9cision). La demande est donc d\u00e9clar\u00e9e recevable, le bailleur ayant satisfait \u00e0 son obligation d&#8217;information. Cette analyse confirme une jurisprudence constante sur le caract\u00e8re substantiel de cette condition. La valeur de ce contr\u00f4le r\u00e9side dans la protection du locataire contre une expulsion pr\u00e9cipit\u00e9. Il impose une d\u00e9marche de pr\u00e9vention avant toute action judiciaire, pr\u00e9servant ainsi la relation contractuelle.<\/p>\n<p>L&#8217;efficacit\u00e9 de la clause r\u00e9solutoire de plein droit<\/p>\n<p>Le juge constate ensuite la r\u00e9siliation du bail en raison des impay\u00e9s persistants. Le contrat contenait une clause r\u00e9solutoire conditionn\u00e9e \u00e0 un commandement infructueux. Un tel acte a \u00e9t\u00e9 r\u00e9guli\u00e8rement signifi\u00e9 aux locataires pour un arri\u00e9r\u00e9 de loyer. &#8220;Il ressort des explications et justificatifs fournis par le bailleur que les loyers et les charges n&#8217;ont pas \u00e9t\u00e9 r\u00e9guli\u00e8rement et int\u00e9gralement pay\u00e9s.&#8221; (Motifs de la d\u00e9cision). Les causes du commandement \u00e9tant demeur\u00e9es impay\u00e9es depuis plus de deux mois, la condition est remplie. La r\u00e9siliation de plein droit est donc acquise \u00e0 la date fix\u00e9e par le commandement. Ce raisonnement souligne l&#8217;effectivit\u00e9 des clauses r\u00e9solutoires express\u00e9ment stipul\u00e9es. Elle rappelle que leur mise en \u0153uvre reste subordonn\u00e9e au respect d&#8217;une proc\u00e9dure formelle et au constat d&#8217;une inex\u00e9cution durable.<\/p>\n<p>Le pouvoir mod\u00e9rateur du juge sur les d\u00e9lais de paiement<\/p>\n<p>Le juge use ensuite de son pouvoir d&#8217;am\u00e9nagement pour att\u00e9nuer les cons\u00e9quences de la r\u00e9siliation. L&#8217;article 24 de la loi de 1989 lui permet d&#8217;accorder des d\u00e9lais de paiement. Il prend en compte la situation des d\u00e9biteurs et les propositions de r\u00e8glement formul\u00e9es. &#8220;Eu \u00e9gard au montant de la dette, aux r\u00e8glements effectu\u00e9s en cours de proc\u00e9dure [&#8230;] il convient de leur accorder des d\u00e9lages de paiement.&#8221; (Motifs de la d\u00e9cision). Un \u00e9ch\u00e9ancier mensuel de cinquante euros sur trente-six mois est ainsi ordonn\u00e9. Cette mesure suspend temporairement les effets de la clause r\u00e9solutoire prononc\u00e9e. La port\u00e9e de cette d\u00e9cision est d&#8217;\u00e9quilibrer les int\u00e9r\u00eats du cr\u00e9ancier et la situation du d\u00e9biteur. Elle \u00e9vite une expulsion imm\u00e9diate tout en garantissant l&#8217;ex\u00e9cution future du contrat et le paiement des loyers courants.<\/p>\n<p>Le r\u00e9gime dissuasif de la suspension conditionnelle<\/p>\n<p>Enfin, le juge assortit la suspension de la clause r\u00e9solutoire de conditions strictes. Le b\u00e9n\u00e9fice des d\u00e9lais est subordonn\u00e9 au paiement ponctuel de chaque \u00e9ch\u00e9ance et du loyer courant. Toute d\u00e9faillance entra\u00eene la reprise imm\u00e9diate des effets de la r\u00e9siliation. &#8220;En cas de non-paiement d&#8217;une seule \u00e9ch\u00e9ance dans les d\u00e9lais en plus du loyer courant, la clause r\u00e9solutoire reprendra son plein effet.&#8221; (Motifs de la d\u00e9cision). L&#8217;int\u00e9gralit\u00e9 de la dette devient alors imm\u00e9diatement exigible et l&#8217;expulsion autoris\u00e9e. Ce dispositif conf\u00e8re une force ex\u00e9cutoire imm\u00e9diate \u00e0 la d\u00e9cision en cas de manquement. Sa valeur r\u00e9side dans son caract\u00e8re incitatif au respect de l&#8217;\u00e9ch\u00e9ancier judiciaire. Il constitue un instrument de pression efficace pour assurer l&#8217;ex\u00e9cution des obligations par les locataires.<\/p>\n<\/div>\n","protected":false},"excerpt":{"rendered":"<p>Le juge des contentieux de la protection, statuant en r\u00e9f\u00e9r\u00e9 le 2 octobre 2025, examine une demande en r\u00e9siliation de bail pour impay\u00e9s. Le bailleur, une soc&#8230;<\/p>\n","protected":false},"author":232070755,"featured_media":9571,"comment_status":"open","ping_status":"open","sticky":false,"template":"","format":"standard","meta":{"_crdt_document":"","_jetpack_newsletter_access":"","_jetpack_dont_email_post_to_subs":false,"_jetpack_newsletter_tier_id":0,"_jetpack_memberships_contains_paywalled_content":false,"_kj_source_type":"judilibre","_kj_official_id":"68e03c6174e929a9d8fced6c","_kj_official_url":"https:\/\/www.courdecassation.fr\/decision\/68e03c6174e929a9d8fced6c","_kj_judilibre_id":"68e03c6174e929a9d8fced6c","_kj_jur":"Tribunal judiciaire","_kj_lieu":"Tribunal judiciaire de Grenoble","_kj_chambre":"Ch4.3 JCP","_kj_rg":"25\/00665","_kj_date":"2025-10-02","_jetpack_memberships_contains_paid_content":false,"footnotes":"","jetpack_post_was_ever_published":false},"categories":[7597],"tags":[],"class_list":["post-650538","post","type-post","status-publish","format-standard","has-post-thumbnail","hentry","category-jurisprudence"],"yoast_head":"<!-- This site is optimized with the Yoast SEO Premium plugin v27.5 (Yoast SEO v27.5) - https:\/\/yoast.com\/product\/yoast-seo-premium-wordpress\/ -->\n<title>Tribunal judiciaire de Grenoble, le 2 octobre 2025, n\u00b025\/00665 - Ma\u00eetre Hassan Kohen, avocat en droit p\u00e9nal \u00e0 Paris<\/title>\n<meta name=\"description\" content=\"Le juge des contentieux de la protection, statuant en r\u00e9f\u00e9r\u00e9 le 2 octobre 2025, examine une demande en r\u00e9siliation de bail pour impay\u00e9s. Le bailleur, une soc...\" \/>\n<meta name=\"robots\" content=\"index, follow, max-snippet:-1, max-image-preview:large, max-video-preview:-1\" \/>\n<link rel=\"canonical\" href=\"https:\/\/kohenavocats.com\/zh-hans\/tribunal-judiciaire-de-grenoble-le-2-octobre-2025-n25-00665\/\" \/>\n<meta property=\"og:locale\" content=\"zh_CN\" \/>\n<meta property=\"og:type\" content=\"article\" \/>\n<meta property=\"og:title\" content=\"Tribunal judiciaire de Grenoble, le 2 octobre 2025, n\u00b025\/00665\" \/>\n<meta property=\"og:description\" content=\"Le juge des contentieux de la protection, statuant en r\u00e9f\u00e9r\u00e9 le 2 octobre 2025, examine une demande en r\u00e9siliation de bail pour impay\u00e9s. Le bailleur, une soc...\" \/>\n<meta property=\"og:url\" content=\"https:\/\/kohenavocats.com\/zh-hans\/tribunal-judiciaire-de-grenoble-le-2-octobre-2025-n25-00665\/\" \/>\n<meta property=\"og:site_name\" content=\"Ma\u00eetre Hassan Kohen, avocat en droit p\u00e9nal \u00e0 Paris\" \/>\n<meta property=\"article:published_time\" content=\"2026-04-22T16:51:45+00:00\" \/>\n<meta property=\"og:image\" content=\"https:\/\/kohenavocats.com\/wp-content\/uploads\/2024\/11\/philip-oroni-bdCvT-wbpAw-unsplash.webp\" \/>\n\t<meta property=\"og:image:width\" content=\"3840\" \/>\n\t<meta property=\"og:image:height\" content=\"2160\" \/>\n\t<meta property=\"og:image:type\" content=\"image\/webp\" \/>\n<meta name=\"author\" content=\"Kohen\" \/>\n<meta name=\"twitter:card\" content=\"summary_large_image\" \/>\n<meta name=\"twitter:label1\" content=\"\u4f5c\u8005\" \/>\n\t<meta name=\"twitter:data1\" content=\"Kohen\" \/>\n\t<meta name=\"twitter:label2\" content=\"\u9884\u8ba1\u9605\u8bfb\u65f6\u95f4\" \/>\n\t<meta name=\"twitter:data2\" content=\"4 \u5206\" \/>\n<script type=\"application\/ld+json\" class=\"yoast-schema-graph\">{\"@context\":\"https:\\\/\\\/schema.org\",\"@graph\":[{\"@type\":\"Article\",\"@id\":\"https:\\\/\\\/kohenavocats.com\\\/zh-hans\\\/tribunal-judiciaire-de-grenoble-le-2-octobre-2025-n25-00665\\\/#article\",\"isPartOf\":{\"@id\":\"https:\\\/\\\/kohenavocats.com\\\/zh-hans\\\/tribunal-judiciaire-de-grenoble-le-2-octobre-2025-n25-00665\\\/\"},\"author\":{\"name\":\"Kohen\",\"@id\":\"https:\\\/\\\/kohenavocats.com\\\/zh-hans\\\/#\\\/schema\\\/person\\\/761c9ba54fa1ca84d405cef0831ff751\"},\"headline\":\"Tribunal judiciaire de Grenoble, le 2 octobre 2025, n\u00b025\\\/00665\",\"datePublished\":\"2026-04-22T16:51:45+00:00\",\"mainEntityOfPage\":{\"@id\":\"https:\\\/\\\/kohenavocats.com\\\/zh-hans\\\/tribunal-judiciaire-de-grenoble-le-2-octobre-2025-n25-00665\\\/\"},\"wordCount\":731,\"commentCount\":0,\"publisher\":{\"@id\":\"https:\\\/\\\/kohenavocats.com\\\/zh-hans\\\/#organization\"},\"image\":{\"@id\":\"https:\\\/\\\/kohenavocats.com\\\/zh-hans\\\/tribunal-judiciaire-de-grenoble-le-2-octobre-2025-n25-00665\\\/#primaryimage\"},\"thumbnailUrl\":\"https:\\\/\\\/kohenavocats.com\\\/wp-content\\\/uploads\\\/2024\\\/11\\\/philip-oroni-bdCvT-wbpAw-unsplash.webp\",\"articleSection\":[\"Jurisprudence\"],\"inLanguage\":\"zh-Hans\",\"potentialAction\":[{\"@type\":\"CommentAction\",\"name\":\"Comment\",\"target\":[\"https:\\\/\\\/kohenavocats.com\\\/zh-hans\\\/tribunal-judiciaire-de-grenoble-le-2-octobre-2025-n25-00665\\\/#respond\"]}],\"citation\":\"Tribunal judiciaire de Grenoble, le 2 octobre 2025, n\u00b025\\\/00665\",\"about\":[{\"@type\":\"Thing\",\"name\":\"Jurisprudence\"}],\"dateModified\":\"2026-04-22T16:51:45+00:00\",\"speakable\":{\"@type\":\"SpeakableSpecification\",\"cssSelector\":[\".article-content > p:first-of-type\"]}},{\"@type\":\"WebPage\",\"@id\":\"https:\\\/\\\/kohenavocats.com\\\/zh-hans\\\/tribunal-judiciaire-de-grenoble-le-2-octobre-2025-n25-00665\\\/\",\"url\":\"https:\\\/\\\/kohenavocats.com\\\/zh-hans\\\/tribunal-judiciaire-de-grenoble-le-2-octobre-2025-n25-00665\\\/\",\"name\":\"Tribunal judiciaire de Grenoble, le 2 octobre 2025, n\u00b025\\\/00665 - Ma\u00eetre Hassan Kohen, avocat en droit p\u00e9nal \u00e0 Paris\",\"isPartOf\":{\"@id\":\"https:\\\/\\\/kohenavocats.com\\\/zh-hans\\\/#website\"},\"primaryImageOfPage\":{\"@id\":\"https:\\\/\\\/kohenavocats.com\\\/zh-hans\\\/tribunal-judiciaire-de-grenoble-le-2-octobre-2025-n25-00665\\\/#primaryimage\"},\"image\":{\"@id\":\"https:\\\/\\\/kohenavocats.com\\\/zh-hans\\\/tribunal-judiciaire-de-grenoble-le-2-octobre-2025-n25-00665\\\/#primaryimage\"},\"thumbnailUrl\":\"https:\\\/\\\/kohenavocats.com\\\/wp-content\\\/uploads\\\/2024\\\/11\\\/philip-oroni-bdCvT-wbpAw-unsplash.webp\",\"datePublished\":\"2026-04-22T16:51:45+00:00\",\"description\":\"Le juge des contentieux de la protection, statuant en r\u00e9f\u00e9r\u00e9 le 2 octobre 2025, examine une demande en r\u00e9siliation de bail pour impay\u00e9s. Le bailleur, une soc...\",\"breadcrumb\":{\"@id\":\"https:\\\/\\\/kohenavocats.com\\\/zh-hans\\\/tribunal-judiciaire-de-grenoble-le-2-octobre-2025-n25-00665\\\/#breadcrumb\"},\"inLanguage\":\"zh-Hans\",\"potentialAction\":[{\"@type\":\"ReadAction\",\"target\":[\"https:\\\/\\\/kohenavocats.com\\\/zh-hans\\\/tribunal-judiciaire-de-grenoble-le-2-octobre-2025-n25-00665\\\/\"]}]},{\"@type\":\"ImageObject\",\"inLanguage\":\"zh-Hans\",\"@id\":\"https:\\\/\\\/kohenavocats.com\\\/zh-hans\\\/tribunal-judiciaire-de-grenoble-le-2-octobre-2025-n25-00665\\\/#primaryimage\",\"url\":\"https:\\\/\\\/kohenavocats.com\\\/wp-content\\\/uploads\\\/2024\\\/11\\\/philip-oroni-bdCvT-wbpAw-unsplash.webp\",\"contentUrl\":\"https:\\\/\\\/kohenavocats.com\\\/wp-content\\\/uploads\\\/2024\\\/11\\\/philip-oroni-bdCvT-wbpAw-unsplash.webp\",\"width\":3840,\"height\":2160},{\"@type\":\"BreadcrumbList\",\"@id\":\"https:\\\/\\\/kohenavocats.com\\\/zh-hans\\\/tribunal-judiciaire-de-grenoble-le-2-octobre-2025-n25-00665\\\/#breadcrumb\",\"itemListElement\":[{\"@type\":\"ListItem\",\"position\":1,\"name\":\"Home\",\"item\":\"https:\\\/\\\/kohenavocats.com\\\/zh-hans\\\/\"},{\"@type\":\"ListItem\",\"position\":2,\"name\":\"Tribunal judiciaire de Grenoble, le 2 octobre 2025, n\u00b025\\\/00665\"}]},{\"@type\":\"WebSite\",\"@id\":\"https:\\\/\\\/kohenavocats.com\\\/zh-hans\\\/#website\",\"url\":\"https:\\\/\\\/kohenavocats.com\\\/zh-hans\\\/\",\"name\":\"Kohen Avocats\",\"description\":\"Ma\u00eetre Hassan Kohen, avocat p\u00e9naliste \u00e0 Paris, intervient exclusivement en droit p\u00e9nal pour la d\u00e9fense des particuliers, notamment en mati\u00e8re d\u2019accusations de viol. Il assure un accompagnement rigoureux d\u00e8s la garde \u00e0 vue jusqu\u2019\u00e0 la Cour d\u2019assises, veillant au strict respect des garanties proc\u00e9durales.\",\"publisher\":{\"@id\":\"https:\\\/\\\/kohenavocats.com\\\/zh-hans\\\/#organization\"},\"potentialAction\":[{\"@type\":\"SearchAction\",\"target\":{\"@type\":\"EntryPoint\",\"urlTemplate\":\"https:\\\/\\\/kohenavocats.com\\\/zh-hans\\\/?s={search_term_string}\"},\"query-input\":{\"@type\":\"PropertyValueSpecification\",\"valueRequired\":true,\"valueName\":\"search_term_string\"}}],\"inLanguage\":\"zh-Hans\"},{\"@type\":\"Organization\",\"@id\":\"https:\\\/\\\/kohenavocats.com\\\/zh-hans\\\/#organization\",\"name\":\"Kohen Avocats\",\"url\":\"https:\\\/\\\/kohenavocats.com\\\/zh-hans\\\/\",\"logo\":{\"@type\":\"ImageObject\",\"inLanguage\":\"zh-Hans\",\"@id\":\"https:\\\/\\\/kohenavocats.com\\\/zh-hans\\\/#\\\/schema\\\/logo\\\/image\\\/\",\"url\":\"https:\\\/\\\/kohenavocats.com\\\/wp-content\\\/uploads\\\/2026\\\/01\\\/Logo-2-1.webp\",\"contentUrl\":\"https:\\\/\\\/kohenavocats.com\\\/wp-content\\\/uploads\\\/2026\\\/01\\\/Logo-2-1.webp\",\"width\":2114,\"height\":1253,\"caption\":\"Kohen Avocats\"},\"image\":{\"@id\":\"https:\\\/\\\/kohenavocats.com\\\/zh-hans\\\/#\\\/schema\\\/logo\\\/image\\\/\"}},{\"@type\":\"Person\",\"@id\":\"https:\\\/\\\/kohenavocats.com\\\/zh-hans\\\/#\\\/schema\\\/person\\\/761c9ba54fa1ca84d405cef0831ff751\",\"name\":\"Kohen\",\"image\":{\"@type\":\"ImageObject\",\"inLanguage\":\"zh-Hans\",\"@id\":\"https:\\\/\\\/secure.gravatar.com\\\/avatar\\\/1c5e76ef76bbbfdd2b4da984e2bf2fa4056fd51a27d25ce2c332047f1dfd6e00?s=96&d=identicon&r=g\",\"url\":\"https:\\\/\\\/secure.gravatar.com\\\/avatar\\\/1c5e76ef76bbbfdd2b4da984e2bf2fa4056fd51a27d25ce2c332047f1dfd6e00?s=96&d=identicon&r=g\",\"contentUrl\":\"https:\\\/\\\/secure.gravatar.com\\\/avatar\\\/1c5e76ef76bbbfdd2b4da984e2bf2fa4056fd51a27d25ce2c332047f1dfd6e00?s=96&d=identicon&r=g\",\"caption\":\"Kohen\"},\"sameAs\":[\"https:\\\/\\\/www.linkedin.com\\\/in\\\/hassan-kohen-448548192\\\/\",\"https:\\\/\\\/www.youtube.com\\\/@Kohen-Avocats\"],\"url\":\"https:\\\/\\\/kohenavocats.com\\\/zh-hans\\\/author\\\/kohenmlk\\\/\"}]}<\/script>\n<!-- \/ Yoast SEO Premium plugin. -->","yoast_head_json":{"title":"Tribunal judiciaire de Grenoble, le 2 octobre 2025, n\u00b025\/00665 - Ma\u00eetre Hassan Kohen, avocat en droit p\u00e9nal \u00e0 Paris","description":"Le juge des contentieux de la protection, statuant en r\u00e9f\u00e9r\u00e9 le 2 octobre 2025, examine une demande en r\u00e9siliation de bail pour impay\u00e9s. Le bailleur, une soc...","robots":{"index":"index","follow":"follow","max-snippet":"max-snippet:-1","max-image-preview":"max-image-preview:large","max-video-preview":"max-video-preview:-1"},"canonical":"https:\/\/kohenavocats.com\/zh-hans\/tribunal-judiciaire-de-grenoble-le-2-octobre-2025-n25-00665\/","og_locale":"zh_CN","og_type":"article","og_title":"Tribunal judiciaire de Grenoble, le 2 octobre 2025, n\u00b025\/00665","og_description":"Le juge des contentieux de la protection, statuant en r\u00e9f\u00e9r\u00e9 le 2 octobre 2025, examine une demande en r\u00e9siliation de bail pour impay\u00e9s. Le bailleur, une soc...","og_url":"https:\/\/kohenavocats.com\/zh-hans\/tribunal-judiciaire-de-grenoble-le-2-octobre-2025-n25-00665\/","og_site_name":"Ma\u00eetre Hassan Kohen, avocat en droit p\u00e9nal \u00e0 Paris","article_published_time":"2026-04-22T16:51:45+00:00","og_image":[{"width":3840,"height":2160,"url":"https:\/\/kohenavocats.com\/wp-content\/uploads\/2024\/11\/philip-oroni-bdCvT-wbpAw-unsplash.webp","type":"image\/webp"}],"author":"Kohen","twitter_card":"summary_large_image","twitter_misc":{"\u4f5c\u8005":"Kohen","\u9884\u8ba1\u9605\u8bfb\u65f6\u95f4":"4 \u5206"},"schema":{"@context":"https:\/\/schema.org","@graph":[{"@type":"Article","@id":"https:\/\/kohenavocats.com\/zh-hans\/tribunal-judiciaire-de-grenoble-le-2-octobre-2025-n25-00665\/#article","isPartOf":{"@id":"https:\/\/kohenavocats.com\/zh-hans\/tribunal-judiciaire-de-grenoble-le-2-octobre-2025-n25-00665\/"},"author":{"name":"Kohen","@id":"https:\/\/kohenavocats.com\/zh-hans\/#\/schema\/person\/761c9ba54fa1ca84d405cef0831ff751"},"headline":"Tribunal judiciaire de Grenoble, le 2 octobre 2025, n\u00b025\/00665","datePublished":"2026-04-22T16:51:45+00:00","mainEntityOfPage":{"@id":"https:\/\/kohenavocats.com\/zh-hans\/tribunal-judiciaire-de-grenoble-le-2-octobre-2025-n25-00665\/"},"wordCount":731,"commentCount":0,"publisher":{"@id":"https:\/\/kohenavocats.com\/zh-hans\/#organization"},"image":{"@id":"https:\/\/kohenavocats.com\/zh-hans\/tribunal-judiciaire-de-grenoble-le-2-octobre-2025-n25-00665\/#primaryimage"},"thumbnailUrl":"https:\/\/kohenavocats.com\/wp-content\/uploads\/2024\/11\/philip-oroni-bdCvT-wbpAw-unsplash.webp","articleSection":["Jurisprudence"],"inLanguage":"zh-Hans","potentialAction":[{"@type":"CommentAction","name":"Comment","target":["https:\/\/kohenavocats.com\/zh-hans\/tribunal-judiciaire-de-grenoble-le-2-octobre-2025-n25-00665\/#respond"]}],"citation":"Tribunal judiciaire de Grenoble, le 2 octobre 2025, n\u00b025\/00665","about":[{"@type":"Thing","name":"Jurisprudence"}],"dateModified":"2026-04-22T16:51:45+00:00","speakable":{"@type":"SpeakableSpecification","cssSelector":[".article-content > p:first-of-type"]}},{"@type":"WebPage","@id":"https:\/\/kohenavocats.com\/zh-hans\/tribunal-judiciaire-de-grenoble-le-2-octobre-2025-n25-00665\/","url":"https:\/\/kohenavocats.com\/zh-hans\/tribunal-judiciaire-de-grenoble-le-2-octobre-2025-n25-00665\/","name":"Tribunal judiciaire de Grenoble, le 2 octobre 2025, n\u00b025\/00665 - Ma\u00eetre Hassan Kohen, avocat en droit p\u00e9nal \u00e0 Paris","isPartOf":{"@id":"https:\/\/kohenavocats.com\/zh-hans\/#website"},"primaryImageOfPage":{"@id":"https:\/\/kohenavocats.com\/zh-hans\/tribunal-judiciaire-de-grenoble-le-2-octobre-2025-n25-00665\/#primaryimage"},"image":{"@id":"https:\/\/kohenavocats.com\/zh-hans\/tribunal-judiciaire-de-grenoble-le-2-octobre-2025-n25-00665\/#primaryimage"},"thumbnailUrl":"https:\/\/kohenavocats.com\/wp-content\/uploads\/2024\/11\/philip-oroni-bdCvT-wbpAw-unsplash.webp","datePublished":"2026-04-22T16:51:45+00:00","description":"Le juge des contentieux de la protection, statuant en r\u00e9f\u00e9r\u00e9 le 2 octobre 2025, examine une demande en r\u00e9siliation de bail pour impay\u00e9s. Le bailleur, une soc...","breadcrumb":{"@id":"https:\/\/kohenavocats.com\/zh-hans\/tribunal-judiciaire-de-grenoble-le-2-octobre-2025-n25-00665\/#breadcrumb"},"inLanguage":"zh-Hans","potentialAction":[{"@type":"ReadAction","target":["https:\/\/kohenavocats.com\/zh-hans\/tribunal-judiciaire-de-grenoble-le-2-octobre-2025-n25-00665\/"]}]},{"@type":"ImageObject","inLanguage":"zh-Hans","@id":"https:\/\/kohenavocats.com\/zh-hans\/tribunal-judiciaire-de-grenoble-le-2-octobre-2025-n25-00665\/#primaryimage","url":"https:\/\/kohenavocats.com\/wp-content\/uploads\/2024\/11\/philip-oroni-bdCvT-wbpAw-unsplash.webp","contentUrl":"https:\/\/kohenavocats.com\/wp-content\/uploads\/2024\/11\/philip-oroni-bdCvT-wbpAw-unsplash.webp","width":3840,"height":2160},{"@type":"BreadcrumbList","@id":"https:\/\/kohenavocats.com\/zh-hans\/tribunal-judiciaire-de-grenoble-le-2-octobre-2025-n25-00665\/#breadcrumb","itemListElement":[{"@type":"ListItem","position":1,"name":"Home","item":"https:\/\/kohenavocats.com\/zh-hans\/"},{"@type":"ListItem","position":2,"name":"Tribunal judiciaire de Grenoble, le 2 octobre 2025, n\u00b025\/00665"}]},{"@type":"WebSite","@id":"https:\/\/kohenavocats.com\/zh-hans\/#website","url":"https:\/\/kohenavocats.com\/zh-hans\/","name":"Kohen Avocats","description":"Ma\u00eetre Hassan Kohen, avocat p\u00e9naliste \u00e0 Paris, intervient exclusivement en droit p\u00e9nal pour la d\u00e9fense des particuliers, notamment en mati\u00e8re d\u2019accusations de viol. Il assure un accompagnement rigoureux d\u00e8s la garde \u00e0 vue jusqu\u2019\u00e0 la Cour d\u2019assises, veillant au strict respect des garanties proc\u00e9durales.","publisher":{"@id":"https:\/\/kohenavocats.com\/zh-hans\/#organization"},"potentialAction":[{"@type":"SearchAction","target":{"@type":"EntryPoint","urlTemplate":"https:\/\/kohenavocats.com\/zh-hans\/?s={search_term_string}"},"query-input":{"@type":"PropertyValueSpecification","valueRequired":true,"valueName":"search_term_string"}}],"inLanguage":"zh-Hans"},{"@type":"Organization","@id":"https:\/\/kohenavocats.com\/zh-hans\/#organization","name":"Kohen Avocats","url":"https:\/\/kohenavocats.com\/zh-hans\/","logo":{"@type":"ImageObject","inLanguage":"zh-Hans","@id":"https:\/\/kohenavocats.com\/zh-hans\/#\/schema\/logo\/image\/","url":"https:\/\/kohenavocats.com\/wp-content\/uploads\/2026\/01\/Logo-2-1.webp","contentUrl":"https:\/\/kohenavocats.com\/wp-content\/uploads\/2026\/01\/Logo-2-1.webp","width":2114,"height":1253,"caption":"Kohen Avocats"},"image":{"@id":"https:\/\/kohenavocats.com\/zh-hans\/#\/schema\/logo\/image\/"}},{"@type":"Person","@id":"https:\/\/kohenavocats.com\/zh-hans\/#\/schema\/person\/761c9ba54fa1ca84d405cef0831ff751","name":"Kohen","image":{"@type":"ImageObject","inLanguage":"zh-Hans","@id":"https:\/\/secure.gravatar.com\/avatar\/1c5e76ef76bbbfdd2b4da984e2bf2fa4056fd51a27d25ce2c332047f1dfd6e00?s=96&d=identicon&r=g","url":"https:\/\/secure.gravatar.com\/avatar\/1c5e76ef76bbbfdd2b4da984e2bf2fa4056fd51a27d25ce2c332047f1dfd6e00?s=96&d=identicon&r=g","contentUrl":"https:\/\/secure.gravatar.com\/avatar\/1c5e76ef76bbbfdd2b4da984e2bf2fa4056fd51a27d25ce2c332047f1dfd6e00?s=96&d=identicon&r=g","caption":"Kohen"},"sameAs":["https:\/\/www.linkedin.com\/in\/hassan-kohen-448548192\/","https:\/\/www.youtube.com\/@Kohen-Avocats"],"url":"https:\/\/kohenavocats.com\/zh-hans\/author\/kohenmlk\/"}]}},"jetpack_featured_media_url":"https:\/\/kohenavocats.com\/wp-content\/uploads\/2024\/11\/philip-oroni-bdCvT-wbpAw-unsplash.webp","jetpack_likes_enabled":false,"jetpack_shortlink":"https:\/\/wp.me\/peCrII-2Jey","jetpack-related-posts":[{"id":620411,"url":"https:\/\/kohenavocats.com\/zh-hans\/tribunal-judiciaire-de-boulogne-sur-mer-le-20-octobre-2025-n25-01114\/","url_meta":{"origin":650538,"position":0},"title":"Tribunal judiciaire de Boulogne-sur-Mer, le 20 octobre 2025, n\u00b025\/01114","author":"Kohen","date":"2026\u5e744\u670820\u65e5","format":false,"excerpt":"Le juge des contentieux de la protection, par un j\u2026","rel":"","context":"\u5728\u201cJurisprudence\u201d\u4e2d","block_context":{"text":"Jurisprudence","link":"https:\/\/kohenavocats.com\/category\/jurisprudence\/"},"img":{"alt_text":"","src":"https:\/\/i0.wp.com\/kohenavocats.com\/wp-content\/uploads\/2024\/08\/robert-bye-6uqWm003xj0-unsplash.webp?resize=350%2C200&ssl=1","width":350,"height":200,"srcset":"https:\/\/i0.wp.com\/kohenavocats.com\/wp-content\/uploads\/2024\/08\/robert-bye-6uqWm003xj0-unsplash.webp?resize=350%2C200&ssl=1 1x, https:\/\/i0.wp.com\/kohenavocats.com\/wp-content\/uploads\/2024\/08\/robert-bye-6uqWm003xj0-unsplash.webp?resize=525%2C300&ssl=1 1.5x, https:\/\/i0.wp.com\/kohenavocats.com\/wp-content\/uploads\/2024\/08\/robert-bye-6uqWm003xj0-unsplash.webp?resize=700%2C400&ssl=1 2x, https:\/\/i0.wp.com\/kohenavocats.com\/wp-content\/uploads\/2024\/08\/robert-bye-6uqWm003xj0-unsplash.webp?resize=1050%2C600&ssl=1 3x, https:\/\/i0.wp.com\/kohenavocats.com\/wp-content\/uploads\/2024\/08\/robert-bye-6uqWm003xj0-unsplash.webp?resize=1400%2C800&ssl=1 4x"},"classes":[]},{"id":639357,"url":"https:\/\/kohenavocats.com\/zh-hans\/tribunal-judiciaire-de-nantes-le-9-octobre-2025-n25-00088\/","url_meta":{"origin":650538,"position":1},"title":"Tribunal judiciaire de Nantes, le 9 octobre 2025, n\u00b025\/00088","author":"Kohen","date":"2026\u5e744\u670821\u65e5","format":false,"excerpt":"Le juge des contentieux de la protection, statuant\u2026","rel":"","context":"\u5728\u201cJurisprudence\u201d\u4e2d","block_context":{"text":"Jurisprudence","link":"https:\/\/kohenavocats.com\/category\/jurisprudence\/"},"img":{"alt_text":"","src":"https:\/\/i0.wp.com\/kohenavocats.com\/wp-content\/uploads\/2024\/08\/pierre-chatel-innocenti-rSruCiNzPIQ-unsplash.webp?resize=350%2C200&ssl=1","width":350,"height":200,"srcset":"https:\/\/i0.wp.com\/kohenavocats.com\/wp-content\/uploads\/2024\/08\/pierre-chatel-innocenti-rSruCiNzPIQ-unsplash.webp?resize=350%2C200&ssl=1 1x, https:\/\/i0.wp.com\/kohenavocats.com\/wp-content\/uploads\/2024\/08\/pierre-chatel-innocenti-rSruCiNzPIQ-unsplash.webp?resize=525%2C300&ssl=1 1.5x, https:\/\/i0.wp.com\/kohenavocats.com\/wp-content\/uploads\/2024\/08\/pierre-chatel-innocenti-rSruCiNzPIQ-unsplash.webp?resize=700%2C400&ssl=1 2x, https:\/\/i0.wp.com\/kohenavocats.com\/wp-content\/uploads\/2024\/08\/pierre-chatel-innocenti-rSruCiNzPIQ-unsplash.webp?resize=1050%2C600&ssl=1 3x, https:\/\/i0.wp.com\/kohenavocats.com\/wp-content\/uploads\/2024\/08\/pierre-chatel-innocenti-rSruCiNzPIQ-unsplash.webp?resize=1400%2C800&ssl=1 4x"},"classes":[]},{"id":489228,"url":"https:\/\/kohenavocats.com\/zh-hans\/tribunal-judiciaire-de-draguignan-le-7-octobre-2025-n25-00058\/","url_meta":{"origin":650538,"position":2},"title":"Tribunal judiciaire de Draguignan, le 7 octobre 2025, n\u00b025\/00058","author":"Kohen","date":"2026\u5e744\u67088\u65e5","format":false,"excerpt":"Le juge des contentieux de la protection, statuant\u2026","rel":"","context":"\u5728\u201cJurisprudence\u201d\u4e2d","block_context":{"text":"Jurisprudence","link":"https:\/\/kohenavocats.com\/category\/jurisprudence\/"},"img":{"alt_text":"","src":"https:\/\/i0.wp.com\/kohenavocats.com\/wp-content\/uploads\/2024\/08\/leonhard-niederwimmer-GOqi8yEDEsE-unsplash.webp?resize=350%2C200&ssl=1","width":350,"height":200,"srcset":"https:\/\/i0.wp.com\/kohenavocats.com\/wp-content\/uploads\/2024\/08\/leonhard-niederwimmer-GOqi8yEDEsE-unsplash.webp?resize=350%2C200&ssl=1 1x, https:\/\/i0.wp.com\/kohenavocats.com\/wp-content\/uploads\/2024\/08\/leonhard-niederwimmer-GOqi8yEDEsE-unsplash.webp?resize=525%2C300&ssl=1 1.5x, https:\/\/i0.wp.com\/kohenavocats.com\/wp-content\/uploads\/2024\/08\/leonhard-niederwimmer-GOqi8yEDEsE-unsplash.webp?resize=700%2C400&ssl=1 2x, https:\/\/i0.wp.com\/kohenavocats.com\/wp-content\/uploads\/2024\/08\/leonhard-niederwimmer-GOqi8yEDEsE-unsplash.webp?resize=1050%2C600&ssl=1 3x, https:\/\/i0.wp.com\/kohenavocats.com\/wp-content\/uploads\/2024\/08\/leonhard-niederwimmer-GOqi8yEDEsE-unsplash.webp?resize=1400%2C800&ssl=1 4x"},"classes":[]},{"id":621012,"url":"https:\/\/kohenavocats.com\/zh-hans\/tribunal-judiciaire-de-nimes-le-20-octobre-2025-n25-00762\/","url_meta":{"origin":650538,"position":3},"title":"Tribunal judiciaire de N\u00eemes, le 20 octobre 2025, n\u00b025\/00762","author":"Kohen","date":"2026\u5e744\u670820\u65e5","format":false,"excerpt":"Le tribunal judiciaire, statuant en r\u00e9f\u00e9r\u00e9, a rend\u2026","rel":"","context":"\u5728\u201cJurisprudence\u201d\u4e2d","block_context":{"text":"Jurisprudence","link":"https:\/\/kohenavocats.com\/category\/jurisprudence\/"},"img":{"alt_text":"","src":"https:\/\/i0.wp.com\/kohenavocats.com\/wp-content\/uploads\/2024\/08\/allan-francis-ymVi7QhCiTI-unsplash.webp?resize=350%2C200&ssl=1","width":350,"height":200,"srcset":"https:\/\/i0.wp.com\/kohenavocats.com\/wp-content\/uploads\/2024\/08\/allan-francis-ymVi7QhCiTI-unsplash.webp?resize=350%2C200&ssl=1 1x, https:\/\/i0.wp.com\/kohenavocats.com\/wp-content\/uploads\/2024\/08\/allan-francis-ymVi7QhCiTI-unsplash.webp?resize=525%2C300&ssl=1 1.5x, https:\/\/i0.wp.com\/kohenavocats.com\/wp-content\/uploads\/2024\/08\/allan-francis-ymVi7QhCiTI-unsplash.webp?resize=700%2C400&ssl=1 2x, https:\/\/i0.wp.com\/kohenavocats.com\/wp-content\/uploads\/2024\/08\/allan-francis-ymVi7QhCiTI-unsplash.webp?resize=1050%2C600&ssl=1 3x, https:\/\/i0.wp.com\/kohenavocats.com\/wp-content\/uploads\/2024\/08\/allan-francis-ymVi7QhCiTI-unsplash.webp?resize=1400%2C800&ssl=1 4x"},"classes":[]},{"id":620420,"url":"https:\/\/kohenavocats.com\/zh-hans\/tribunal-judiciaire-de-nimes-le-20-octobre-2025-n25-00777\/","url_meta":{"origin":650538,"position":4},"title":"Tribunal judiciaire de N\u00eemes, le 20 octobre 2025, n\u00b025\/00777","author":"Kohen","date":"2026\u5e744\u670820\u65e5","format":false,"excerpt":"Le tribunal judiciaire de N\u00eemes, statuant en r\u00e9f\u00e9r\u2026","rel":"","context":"\u5728\u201cJurisprudence\u201d\u4e2d","block_context":{"text":"Jurisprudence","link":"https:\/\/kohenavocats.com\/category\/jurisprudence\/"},"img":{"alt_text":"","src":"https:\/\/i0.wp.com\/kohenavocats.com\/wp-content\/uploads\/2024\/11\/planet-volumes-gJ9Y6Ip-X4o-unsplash.webp?resize=350%2C200&ssl=1","width":350,"height":200,"srcset":"https:\/\/i0.wp.com\/kohenavocats.com\/wp-content\/uploads\/2024\/11\/planet-volumes-gJ9Y6Ip-X4o-unsplash.webp?resize=350%2C200&ssl=1 1x, https:\/\/i0.wp.com\/kohenavocats.com\/wp-content\/uploads\/2024\/11\/planet-volumes-gJ9Y6Ip-X4o-unsplash.webp?resize=525%2C300&ssl=1 1.5x, https:\/\/i0.wp.com\/kohenavocats.com\/wp-content\/uploads\/2024\/11\/planet-volumes-gJ9Y6Ip-X4o-unsplash.webp?resize=700%2C400&ssl=1 2x, https:\/\/i0.wp.com\/kohenavocats.com\/wp-content\/uploads\/2024\/11\/planet-volumes-gJ9Y6Ip-X4o-unsplash.webp?resize=1050%2C600&ssl=1 3x, https:\/\/i0.wp.com\/kohenavocats.com\/wp-content\/uploads\/2024\/11\/planet-volumes-gJ9Y6Ip-X4o-unsplash.webp?resize=1400%2C800&ssl=1 4x"},"classes":[]},{"id":635887,"url":"https:\/\/kohenavocats.com\/zh-hans\/tribunal-judiciaire-de-chateauroux-le-10-octobre-2025-n25-00305\/","url_meta":{"origin":650538,"position":5},"title":"Tribunal judiciaire de Ch\u00e2teauroux, le 10 octobre 2025, n\u00b025\/00305","author":"Kohen","date":"2026\u5e744\u670821\u65e5","format":false,"excerpt":"Le juge des contentieux de la protection, statuant\u2026","rel":"","context":"\u5728\u201cJurisprudence\u201d\u4e2d","block_context":{"text":"Jurisprudence","link":"https:\/\/kohenavocats.com\/category\/jurisprudence\/"},"img":{"alt_text":"","src":"https:\/\/i0.wp.com\/kohenavocats.com\/wp-content\/uploads\/2024\/08\/clark-van-der-beken-Azns3dVZEBQ-unsplash.webp?resize=350%2C200&ssl=1","width":350,"height":200,"srcset":"https:\/\/i0.wp.com\/kohenavocats.com\/wp-content\/uploads\/2024\/08\/clark-van-der-beken-Azns3dVZEBQ-unsplash.webp?resize=350%2C200&ssl=1 1x, https:\/\/i0.wp.com\/kohenavocats.com\/wp-content\/uploads\/2024\/08\/clark-van-der-beken-Azns3dVZEBQ-unsplash.webp?resize=525%2C300&ssl=1 1.5x, https:\/\/i0.wp.com\/kohenavocats.com\/wp-content\/uploads\/2024\/08\/clark-van-der-beken-Azns3dVZEBQ-unsplash.webp?resize=700%2C400&ssl=1 2x, https:\/\/i0.wp.com\/kohenavocats.com\/wp-content\/uploads\/2024\/08\/clark-van-der-beken-Azns3dVZEBQ-unsplash.webp?resize=1050%2C600&ssl=1 3x, https:\/\/i0.wp.com\/kohenavocats.com\/wp-content\/uploads\/2024\/08\/clark-van-der-beken-Azns3dVZEBQ-unsplash.webp?resize=1400%2C800&ssl=1 4x"},"classes":[]}],"jetpack_sharing_enabled":true,"_links":{"self":[{"href":"https:\/\/kohenavocats.com\/zh-hans\/wp-json\/wp\/v2\/posts\/650538","targetHints":{"allow":["GET"]}}],"collection":[{"href":"https:\/\/kohenavocats.com\/zh-hans\/wp-json\/wp\/v2\/posts"}],"about":[{"href":"https:\/\/kohenavocats.com\/zh-hans\/wp-json\/wp\/v2\/types\/post"}],"author":[{"embeddable":true,"href":"https:\/\/kohenavocats.com\/zh-hans\/wp-json\/wp\/v2\/users\/232070755"}],"replies":[{"embeddable":true,"href":"https:\/\/kohenavocats.com\/zh-hans\/wp-json\/wp\/v2\/comments?post=650538"}],"version-history":[{"count":0,"href":"https:\/\/kohenavocats.com\/zh-hans\/wp-json\/wp\/v2\/posts\/650538\/revisions"}],"wp:featuredmedia":[{"embeddable":true,"href":"https:\/\/kohenavocats.com\/zh-hans\/wp-json\/wp\/v2\/media\/9571"}],"wp:attachment":[{"href":"https:\/\/kohenavocats.com\/zh-hans\/wp-json\/wp\/v2\/media?parent=650538"}],"wp:term":[{"taxonomy":"category","embeddable":true,"href":"https:\/\/kohenavocats.com\/zh-hans\/wp-json\/wp\/v2\/categories?post=650538"},{"taxonomy":"post_tag","embeddable":true,"href":"https:\/\/kohenavocats.com\/zh-hans\/wp-json\/wp\/v2\/tags?post=650538"}],"curies":[{"name":"wp","href":"https:\/\/api.w.org\/{rel}","templated":true}]}}