{"id":651363,"date":"2026-04-22T20:37:34","date_gmt":"2026-04-22T18:37:34","guid":{"rendered":"https:\/\/kohenavocats.com\/tribunal-judiciaire-de-bonneville-le-16-decembre-2024-n17-00558\/"},"modified":"2026-04-22T20:37:34","modified_gmt":"2026-04-22T18:37:34","slug":"tribunal-judiciaire-de-bonneville-le-16-decembre-2024-n17-00558","status":"publish","type":"post","link":"https:\/\/kohenavocats.com\/zh-hans\/tribunal-judiciaire-de-bonneville-le-16-decembre-2024-n17-00558\/","title":{"rendered":"Tribunal judiciaire de Bonneville, le 16 d\u00e9cembre 2024, n\u00b017\/00558"},"content":{"rendered":"<div class=\"article-content\">\n<p>Le tribunal judiciaire de Bonneville, statuant le 16 d\u00e9cembre 2024, se prononce sur une action en garantie des vices cach\u00e9s relative \u00e0 un camping-car. L\u2019acqu\u00e9reur poursuit le vendeur professionnel pour divers d\u00e9sordres d\u2019\u00e9tanch\u00e9it\u00e9 affectant le v\u00e9hicule. La juridiction \u00e9carte les exceptions de proc\u00e9dure et examine le fond de la demande. Elle accueille partiellement l\u2019action en garantie et condamne le vendeur \u00e0 une r\u00e9duction de prix et \u00e0 des dommages-int\u00e9r\u00eats.<\/p>\n<p>La recevabilit\u00e9 de l\u2019action face aux incidents de proc\u00e9dure<\/p>\n<p>La r\u00e9gulation des incidents en cours d\u2019instance. La d\u00e9cision applique les nouvelles r\u00e8gles proc\u00e9durales issues du d\u00e9cret de 2024 aux instances en cours. Elle rappelle que le juge de la mise en \u00e9tat est seul comp\u00e9tent pour statuer sur les incidents mettant fin \u00e0 l\u2019instance. L\u2019ordonnance du juge des r\u00e9f\u00e9r\u00e9s rejetant la p\u00e9remption n\u2019a pas l\u2019autorit\u00e9 de la chose jug\u00e9e au principal. &#8220;L&#8217;ordonnance du 21 d\u00e9cembre 2023 est donc, aux termes de l&#8217;article 794, d\u00e9pourvue de l&#8217;autorit\u00e9 de la chose jug\u00e9e sur ce point.&#8221; (Motifs) La cause de l\u2019incident n\u2019\u00e9tant pas survenue apr\u00e8s la cl\u00f4ture, il est d\u00e9clar\u00e9 irrecevable. Cette analyse affirme l\u2019autonomie des d\u00e9cisions du juge de la mise en \u00e9tat et encadre strictement la soulev\u00e9e d\u2019incidents apr\u00e8s cl\u00f4ture.<\/p>\n<p>Le calcul des d\u00e9lais de prescription et de p\u00e9remption. Concernant la p\u00e9remption, le jugement avant dire droit a interrompu le d\u00e9lai jusqu\u2019au d\u00e9p\u00f4t du rapport d\u2019expertise. &#8220;Ainsi un nouveau d\u00e9lai de p\u00e9remption de deux ans a couru \u00e0 compter du 23 octobre 2020&#8221; (Motifs) La conclusion au fond dans ce nouveau d\u00e9lai rend la p\u00e9remption inopposable. S\u2019agissant de la prescription de l\u2019action en garantie, le tribunal retient la date de d\u00e9couverte de chaque vice. L\u2019action concernant la paroi arri\u00e8re, d\u00e9couverte en ao\u00fbt 2012, est d\u00e9clar\u00e9e irrecevable. En revanche, l\u2019action pour les vices d\u00e9couverts en novembre 2013, exerc\u00e9e en avril 2015, est recevable. Cette application rigoureuse de l\u2019article 1648 du code civil d\u00e9montre l\u2019importance de la preuve de la date de d\u00e9couverte pour chaque vice all\u00e9gu\u00e9.<\/p>\n<p>La caract\u00e9risation du vice cach\u00e9 et ses cons\u00e9quences indemnitaires<\/p>\n<p>L\u2019existence d\u2019un vice cach\u00e9 affectant l\u2019usage du bien. Le tribunal \u00e9tablit que les vis d\u2019origine, corrod\u00e9es, sont \u00e0 l\u2019origine des infiltrations d\u2019eau. &#8220;Le vice \u00e0 l&#8217;origine des d\u00e9sordres dont la mat\u00e9rialit\u00e9 a \u00e9t\u00e9 pr\u00e9c\u00e9demment \u00e9tablie existait donc \u00e0 la date de la vente.&#8221; (Motifs) Ces vis, cach\u00e9es par des joncs esth\u00e9tiques, n\u2019\u00e9taient pas apparentes pour un acheteur non professionnel. Malgr\u00e9 l\u2019avis de l\u2019expert sur l\u2019utilisation du v\u00e9hicule, la juridiction retient que l\u2019ampleur des d\u00e9sordres, dont l\u2019alt\u00e9ration irr\u00e9versible de l\u2019ossature bois et un taux d\u2019humidit\u00e9 de 100%, diminue tellement l\u2019usage que l\u2019acqu\u00e9reur n\u2019aurait pas achet\u00e9 le bien ou en aurait donn\u00e9 un moindre prix. Cette appr\u00e9ciation in concreto de l\u2019impropri\u00e9t\u00e9 \u00e0 la destination consacre une interpr\u00e9tation extensive de l\u2019article 1641 du code civil.<\/p>\n<p>La r\u00e9paration allou\u00e9e et le rejet des autres demandes. La r\u00e9duction du prix est fix\u00e9e \u00e0 35%, soit 8715 euros, compte tenu de la gravit\u00e9 des d\u00e9sordres irr\u00e9versibles. Le vendeur professionnel est pr\u00e9sum\u00e9 de mauvaise foi. &#8220;Il est constant qu&#8217;un vendeur professionnel est pr\u00e9sum\u00e9 de mani\u00e8re irr\u00e9fragable avoir connaissance des vices de la chose vendue.&#8221; (Motifs) Il est condamn\u00e9 \u00e0 5000 euros de dommages-int\u00e9r\u00eats pour pr\u00e9judice de jouissance sur quatorze ans. Les demandes en remise en \u00e9tat et contre l\u2019entretien et l\u2019assureur sont rejet\u00e9es, faute de preuve d\u2019une obligation contractuelle viol\u00e9e. Cette d\u00e9cision illustre le r\u00e9gime de faveur dont b\u00e9n\u00e9ficie l\u2019acqu\u00e9reur face \u00e0 un vendeur professionnel, tout en exigeant une preuve pr\u00e9cise des obligations des autres parties.<\/p>\n<\/div>\n","protected":false},"excerpt":{"rendered":"<p>Le tribunal judiciaire de Bonneville, statuant le 16 d\u00e9cembre 2024, se prononce sur une action en garantie des vices cach\u00e9s relative \u00e0 un camping-car. L\u2019acqu&#8230;<\/p>\n","protected":false},"author":232070755,"featured_media":9532,"comment_status":"open","ping_status":"open","sticky":false,"template":"","format":"standard","meta":{"_crdt_document":"","_jetpack_newsletter_access":"","_jetpack_dont_email_post_to_subs":false,"_jetpack_newsletter_tier_id":0,"_jetpack_memberships_contains_paywalled_content":false,"_kj_source_type":"judilibre","_kj_official_id":"68def0f56af9fd1f809780d3","_kj_official_url":"https:\/\/www.courdecassation.fr\/decision\/68def0f56af9fd1f809780d3","_kj_judilibre_id":"68def0f56af9fd1f809780d3","_kj_jur":"Tribunal judiciaire","_kj_lieu":"Tribunal judiciaire de Bonneville","_kj_chambre":"1\u00e8re Ch. proc\u00e9dure \u00e9crite","_kj_rg":"17\/00558","_kj_date":"2025-10-02","_jetpack_memberships_contains_paid_content":false,"footnotes":"","jetpack_post_was_ever_published":false},"categories":[7597],"tags":[],"class_list":["post-651363","post","type-post","status-publish","format-standard","has-post-thumbnail","hentry","category-jurisprudence"],"yoast_head":"<!-- This site is optimized with the Yoast SEO Premium plugin v27.5 (Yoast SEO v27.5) - https:\/\/yoast.com\/product\/yoast-seo-premium-wordpress\/ -->\n<title>Tribunal judiciaire de Bonneville, le 16 d\u00e9cembre 2024, n\u00b017\/00558 - Ma\u00eetre Hassan Kohen, avocat en droit p\u00e9nal \u00e0 Paris<\/title>\n<meta name=\"description\" content=\"Le tribunal judiciaire de Bonneville, statuant le 16 d\u00e9cembre 2024, se prononce sur une action en garantie des vices cach\u00e9s relative \u00e0 un camping-car. L\u2019acqu...\" \/>\n<meta name=\"robots\" content=\"index, follow, max-snippet:-1, max-image-preview:large, max-video-preview:-1\" \/>\n<link rel=\"canonical\" href=\"https:\/\/kohenavocats.com\/zh-hans\/tribunal-judiciaire-de-bonneville-le-16-decembre-2024-n17-00558\/\" \/>\n<meta property=\"og:locale\" content=\"zh_CN\" \/>\n<meta property=\"og:type\" content=\"article\" \/>\n<meta property=\"og:title\" content=\"Tribunal judiciaire de Bonneville, le 16 d\u00e9cembre 2024, n\u00b017\/00558\" \/>\n<meta property=\"og:description\" content=\"Le tribunal judiciaire de Bonneville, statuant le 16 d\u00e9cembre 2024, se prononce sur une action en garantie des vices cach\u00e9s relative \u00e0 un camping-car. L\u2019acqu...\" \/>\n<meta property=\"og:url\" content=\"https:\/\/kohenavocats.com\/zh-hans\/tribunal-judiciaire-de-bonneville-le-16-decembre-2024-n17-00558\/\" \/>\n<meta property=\"og:site_name\" content=\"Ma\u00eetre Hassan Kohen, avocat en droit p\u00e9nal \u00e0 Paris\" \/>\n<meta property=\"article:published_time\" content=\"2026-04-22T18:37:34+00:00\" \/>\n<meta property=\"og:image\" content=\"https:\/\/kohenavocats.com\/wp-content\/uploads\/2024\/11\/zyanya-citlalli-0ITfUIWxi9k-unsplash.webp\" \/>\n\t<meta property=\"og:image:width\" content=\"3840\" \/>\n\t<meta property=\"og:image:height\" content=\"2160\" \/>\n\t<meta property=\"og:image:type\" content=\"image\/webp\" \/>\n<meta name=\"author\" content=\"Kohen\" \/>\n<meta name=\"twitter:card\" content=\"summary_large_image\" \/>\n<meta name=\"twitter:label1\" content=\"\u4f5c\u8005\" \/>\n\t<meta name=\"twitter:data1\" content=\"Kohen\" \/>\n\t<meta name=\"twitter:label2\" content=\"\u9884\u8ba1\u9605\u8bfb\u65f6\u95f4\" \/>\n\t<meta name=\"twitter:data2\" content=\"3 \u5206\" \/>\n<script type=\"application\/ld+json\" class=\"yoast-schema-graph\">{\"@context\":\"https:\\\/\\\/schema.org\",\"@graph\":[{\"@type\":\"Article\",\"@id\":\"https:\\\/\\\/kohenavocats.com\\\/zh-hans\\\/tribunal-judiciaire-de-bonneville-le-16-decembre-2024-n17-00558\\\/#article\",\"isPartOf\":{\"@id\":\"https:\\\/\\\/kohenavocats.com\\\/zh-hans\\\/tribunal-judiciaire-de-bonneville-le-16-decembre-2024-n17-00558\\\/\"},\"author\":{\"name\":\"Kohen\",\"@id\":\"https:\\\/\\\/kohenavocats.com\\\/zh-hans\\\/#\\\/schema\\\/person\\\/761c9ba54fa1ca84d405cef0831ff751\"},\"headline\":\"Tribunal judiciaire de Bonneville, le 16 d\u00e9cembre 2024, n\u00b017\\\/00558\",\"datePublished\":\"2026-04-22T18:37:34+00:00\",\"mainEntityOfPage\":{\"@id\":\"https:\\\/\\\/kohenavocats.com\\\/zh-hans\\\/tribunal-judiciaire-de-bonneville-le-16-decembre-2024-n17-00558\\\/\"},\"wordCount\":690,\"commentCount\":0,\"publisher\":{\"@id\":\"https:\\\/\\\/kohenavocats.com\\\/zh-hans\\\/#organization\"},\"image\":{\"@id\":\"https:\\\/\\\/kohenavocats.com\\\/zh-hans\\\/tribunal-judiciaire-de-bonneville-le-16-decembre-2024-n17-00558\\\/#primaryimage\"},\"thumbnailUrl\":\"https:\\\/\\\/kohenavocats.com\\\/wp-content\\\/uploads\\\/2024\\\/11\\\/zyanya-citlalli-0ITfUIWxi9k-unsplash.webp\",\"articleSection\":[\"Jurisprudence\"],\"inLanguage\":\"zh-Hans\",\"potentialAction\":[{\"@type\":\"CommentAction\",\"name\":\"Comment\",\"target\":[\"https:\\\/\\\/kohenavocats.com\\\/zh-hans\\\/tribunal-judiciaire-de-bonneville-le-16-decembre-2024-n17-00558\\\/#respond\"]}],\"citation\":\"Tribunal judiciaire de Bonneville, le 16 d\u00e9cembre 2024, n\u00b017\\\/00558\",\"about\":[{\"@type\":\"Thing\",\"name\":\"Jurisprudence\"}],\"dateModified\":\"2026-04-22T18:37:34+00:00\",\"speakable\":{\"@type\":\"SpeakableSpecification\",\"cssSelector\":[\".article-content > p:first-of-type\"]}},{\"@type\":\"WebPage\",\"@id\":\"https:\\\/\\\/kohenavocats.com\\\/zh-hans\\\/tribunal-judiciaire-de-bonneville-le-16-decembre-2024-n17-00558\\\/\",\"url\":\"https:\\\/\\\/kohenavocats.com\\\/zh-hans\\\/tribunal-judiciaire-de-bonneville-le-16-decembre-2024-n17-00558\\\/\",\"name\":\"Tribunal judiciaire de Bonneville, le 16 d\u00e9cembre 2024, n\u00b017\\\/00558 - Ma\u00eetre Hassan Kohen, avocat en droit p\u00e9nal \u00e0 Paris\",\"isPartOf\":{\"@id\":\"https:\\\/\\\/kohenavocats.com\\\/zh-hans\\\/#website\"},\"primaryImageOfPage\":{\"@id\":\"https:\\\/\\\/kohenavocats.com\\\/zh-hans\\\/tribunal-judiciaire-de-bonneville-le-16-decembre-2024-n17-00558\\\/#primaryimage\"},\"image\":{\"@id\":\"https:\\\/\\\/kohenavocats.com\\\/zh-hans\\\/tribunal-judiciaire-de-bonneville-le-16-decembre-2024-n17-00558\\\/#primaryimage\"},\"thumbnailUrl\":\"https:\\\/\\\/kohenavocats.com\\\/wp-content\\\/uploads\\\/2024\\\/11\\\/zyanya-citlalli-0ITfUIWxi9k-unsplash.webp\",\"datePublished\":\"2026-04-22T18:37:34+00:00\",\"description\":\"Le tribunal judiciaire de Bonneville, statuant le 16 d\u00e9cembre 2024, se prononce sur une action en garantie des vices cach\u00e9s relative \u00e0 un camping-car. L\u2019acqu...\",\"breadcrumb\":{\"@id\":\"https:\\\/\\\/kohenavocats.com\\\/zh-hans\\\/tribunal-judiciaire-de-bonneville-le-16-decembre-2024-n17-00558\\\/#breadcrumb\"},\"inLanguage\":\"zh-Hans\",\"potentialAction\":[{\"@type\":\"ReadAction\",\"target\":[\"https:\\\/\\\/kohenavocats.com\\\/zh-hans\\\/tribunal-judiciaire-de-bonneville-le-16-decembre-2024-n17-00558\\\/\"]}]},{\"@type\":\"ImageObject\",\"inLanguage\":\"zh-Hans\",\"@id\":\"https:\\\/\\\/kohenavocats.com\\\/zh-hans\\\/tribunal-judiciaire-de-bonneville-le-16-decembre-2024-n17-00558\\\/#primaryimage\",\"url\":\"https:\\\/\\\/kohenavocats.com\\\/wp-content\\\/uploads\\\/2024\\\/11\\\/zyanya-citlalli-0ITfUIWxi9k-unsplash.webp\",\"contentUrl\":\"https:\\\/\\\/kohenavocats.com\\\/wp-content\\\/uploads\\\/2024\\\/11\\\/zyanya-citlalli-0ITfUIWxi9k-unsplash.webp\",\"width\":3840,\"height\":2160},{\"@type\":\"BreadcrumbList\",\"@id\":\"https:\\\/\\\/kohenavocats.com\\\/zh-hans\\\/tribunal-judiciaire-de-bonneville-le-16-decembre-2024-n17-00558\\\/#breadcrumb\",\"itemListElement\":[{\"@type\":\"ListItem\",\"position\":1,\"name\":\"Home\",\"item\":\"https:\\\/\\\/kohenavocats.com\\\/zh-hans\\\/\"},{\"@type\":\"ListItem\",\"position\":2,\"name\":\"Tribunal judiciaire de Bonneville, le 16 d\u00e9cembre 2024, n\u00b017\\\/00558\"}]},{\"@type\":\"WebSite\",\"@id\":\"https:\\\/\\\/kohenavocats.com\\\/zh-hans\\\/#website\",\"url\":\"https:\\\/\\\/kohenavocats.com\\\/zh-hans\\\/\",\"name\":\"Kohen Avocats\",\"description\":\"Ma\u00eetre Hassan Kohen, avocat p\u00e9naliste \u00e0 Paris, intervient exclusivement en droit p\u00e9nal pour la d\u00e9fense des particuliers, notamment en mati\u00e8re d\u2019accusations de viol. Il assure un accompagnement rigoureux d\u00e8s la garde \u00e0 vue jusqu\u2019\u00e0 la Cour d\u2019assises, veillant au strict respect des garanties proc\u00e9durales.\",\"publisher\":{\"@id\":\"https:\\\/\\\/kohenavocats.com\\\/zh-hans\\\/#organization\"},\"potentialAction\":[{\"@type\":\"SearchAction\",\"target\":{\"@type\":\"EntryPoint\",\"urlTemplate\":\"https:\\\/\\\/kohenavocats.com\\\/zh-hans\\\/?s={search_term_string}\"},\"query-input\":{\"@type\":\"PropertyValueSpecification\",\"valueRequired\":true,\"valueName\":\"search_term_string\"}}],\"inLanguage\":\"zh-Hans\"},{\"@type\":\"Organization\",\"@id\":\"https:\\\/\\\/kohenavocats.com\\\/zh-hans\\\/#organization\",\"name\":\"Kohen Avocats\",\"url\":\"https:\\\/\\\/kohenavocats.com\\\/zh-hans\\\/\",\"logo\":{\"@type\":\"ImageObject\",\"inLanguage\":\"zh-Hans\",\"@id\":\"https:\\\/\\\/kohenavocats.com\\\/zh-hans\\\/#\\\/schema\\\/logo\\\/image\\\/\",\"url\":\"https:\\\/\\\/kohenavocats.com\\\/wp-content\\\/uploads\\\/2026\\\/01\\\/Logo-2-1.webp\",\"contentUrl\":\"https:\\\/\\\/kohenavocats.com\\\/wp-content\\\/uploads\\\/2026\\\/01\\\/Logo-2-1.webp\",\"width\":2114,\"height\":1253,\"caption\":\"Kohen Avocats\"},\"image\":{\"@id\":\"https:\\\/\\\/kohenavocats.com\\\/zh-hans\\\/#\\\/schema\\\/logo\\\/image\\\/\"}},{\"@type\":\"Person\",\"@id\":\"https:\\\/\\\/kohenavocats.com\\\/zh-hans\\\/#\\\/schema\\\/person\\\/761c9ba54fa1ca84d405cef0831ff751\",\"name\":\"Kohen\",\"image\":{\"@type\":\"ImageObject\",\"inLanguage\":\"zh-Hans\",\"@id\":\"https:\\\/\\\/secure.gravatar.com\\\/avatar\\\/1c5e76ef76bbbfdd2b4da984e2bf2fa4056fd51a27d25ce2c332047f1dfd6e00?s=96&d=identicon&r=g\",\"url\":\"https:\\\/\\\/secure.gravatar.com\\\/avatar\\\/1c5e76ef76bbbfdd2b4da984e2bf2fa4056fd51a27d25ce2c332047f1dfd6e00?s=96&d=identicon&r=g\",\"contentUrl\":\"https:\\\/\\\/secure.gravatar.com\\\/avatar\\\/1c5e76ef76bbbfdd2b4da984e2bf2fa4056fd51a27d25ce2c332047f1dfd6e00?s=96&d=identicon&r=g\",\"caption\":\"Kohen\"},\"sameAs\":[\"https:\\\/\\\/www.linkedin.com\\\/in\\\/hassan-kohen-448548192\\\/\",\"https:\\\/\\\/www.youtube.com\\\/@Kohen-Avocats\"],\"url\":\"https:\\\/\\\/kohenavocats.com\\\/zh-hans\\\/author\\\/kohenmlk\\\/\"}]}<\/script>\n<!-- \/ Yoast SEO Premium plugin. -->","yoast_head_json":{"title":"Tribunal judiciaire de Bonneville, le 16 d\u00e9cembre 2024, n\u00b017\/00558 - Ma\u00eetre Hassan Kohen, avocat en droit p\u00e9nal \u00e0 Paris","description":"Le tribunal judiciaire de Bonneville, statuant le 16 d\u00e9cembre 2024, se prononce sur une action en garantie des vices cach\u00e9s relative \u00e0 un camping-car. L\u2019acqu...","robots":{"index":"index","follow":"follow","max-snippet":"max-snippet:-1","max-image-preview":"max-image-preview:large","max-video-preview":"max-video-preview:-1"},"canonical":"https:\/\/kohenavocats.com\/zh-hans\/tribunal-judiciaire-de-bonneville-le-16-decembre-2024-n17-00558\/","og_locale":"zh_CN","og_type":"article","og_title":"Tribunal judiciaire de Bonneville, le 16 d\u00e9cembre 2024, n\u00b017\/00558","og_description":"Le tribunal judiciaire de Bonneville, statuant le 16 d\u00e9cembre 2024, se prononce sur une action en garantie des vices cach\u00e9s relative \u00e0 un camping-car. L\u2019acqu...","og_url":"https:\/\/kohenavocats.com\/zh-hans\/tribunal-judiciaire-de-bonneville-le-16-decembre-2024-n17-00558\/","og_site_name":"Ma\u00eetre Hassan Kohen, avocat en droit p\u00e9nal \u00e0 Paris","article_published_time":"2026-04-22T18:37:34+00:00","og_image":[{"width":3840,"height":2160,"url":"https:\/\/kohenavocats.com\/wp-content\/uploads\/2024\/11\/zyanya-citlalli-0ITfUIWxi9k-unsplash.webp","type":"image\/webp"}],"author":"Kohen","twitter_card":"summary_large_image","twitter_misc":{"\u4f5c\u8005":"Kohen","\u9884\u8ba1\u9605\u8bfb\u65f6\u95f4":"3 \u5206"},"schema":{"@context":"https:\/\/schema.org","@graph":[{"@type":"Article","@id":"https:\/\/kohenavocats.com\/zh-hans\/tribunal-judiciaire-de-bonneville-le-16-decembre-2024-n17-00558\/#article","isPartOf":{"@id":"https:\/\/kohenavocats.com\/zh-hans\/tribunal-judiciaire-de-bonneville-le-16-decembre-2024-n17-00558\/"},"author":{"name":"Kohen","@id":"https:\/\/kohenavocats.com\/zh-hans\/#\/schema\/person\/761c9ba54fa1ca84d405cef0831ff751"},"headline":"Tribunal judiciaire de Bonneville, le 16 d\u00e9cembre 2024, n\u00b017\/00558","datePublished":"2026-04-22T18:37:34+00:00","mainEntityOfPage":{"@id":"https:\/\/kohenavocats.com\/zh-hans\/tribunal-judiciaire-de-bonneville-le-16-decembre-2024-n17-00558\/"},"wordCount":690,"commentCount":0,"publisher":{"@id":"https:\/\/kohenavocats.com\/zh-hans\/#organization"},"image":{"@id":"https:\/\/kohenavocats.com\/zh-hans\/tribunal-judiciaire-de-bonneville-le-16-decembre-2024-n17-00558\/#primaryimage"},"thumbnailUrl":"https:\/\/kohenavocats.com\/wp-content\/uploads\/2024\/11\/zyanya-citlalli-0ITfUIWxi9k-unsplash.webp","articleSection":["Jurisprudence"],"inLanguage":"zh-Hans","potentialAction":[{"@type":"CommentAction","name":"Comment","target":["https:\/\/kohenavocats.com\/zh-hans\/tribunal-judiciaire-de-bonneville-le-16-decembre-2024-n17-00558\/#respond"]}],"citation":"Tribunal judiciaire de Bonneville, le 16 d\u00e9cembre 2024, n\u00b017\/00558","about":[{"@type":"Thing","name":"Jurisprudence"}],"dateModified":"2026-04-22T18:37:34+00:00","speakable":{"@type":"SpeakableSpecification","cssSelector":[".article-content > p:first-of-type"]}},{"@type":"WebPage","@id":"https:\/\/kohenavocats.com\/zh-hans\/tribunal-judiciaire-de-bonneville-le-16-decembre-2024-n17-00558\/","url":"https:\/\/kohenavocats.com\/zh-hans\/tribunal-judiciaire-de-bonneville-le-16-decembre-2024-n17-00558\/","name":"Tribunal judiciaire de Bonneville, le 16 d\u00e9cembre 2024, n\u00b017\/00558 - Ma\u00eetre Hassan Kohen, avocat en droit p\u00e9nal \u00e0 Paris","isPartOf":{"@id":"https:\/\/kohenavocats.com\/zh-hans\/#website"},"primaryImageOfPage":{"@id":"https:\/\/kohenavocats.com\/zh-hans\/tribunal-judiciaire-de-bonneville-le-16-decembre-2024-n17-00558\/#primaryimage"},"image":{"@id":"https:\/\/kohenavocats.com\/zh-hans\/tribunal-judiciaire-de-bonneville-le-16-decembre-2024-n17-00558\/#primaryimage"},"thumbnailUrl":"https:\/\/kohenavocats.com\/wp-content\/uploads\/2024\/11\/zyanya-citlalli-0ITfUIWxi9k-unsplash.webp","datePublished":"2026-04-22T18:37:34+00:00","description":"Le tribunal judiciaire de Bonneville, statuant le 16 d\u00e9cembre 2024, se prononce sur une action en garantie des vices cach\u00e9s relative \u00e0 un camping-car. L\u2019acqu...","breadcrumb":{"@id":"https:\/\/kohenavocats.com\/zh-hans\/tribunal-judiciaire-de-bonneville-le-16-decembre-2024-n17-00558\/#breadcrumb"},"inLanguage":"zh-Hans","potentialAction":[{"@type":"ReadAction","target":["https:\/\/kohenavocats.com\/zh-hans\/tribunal-judiciaire-de-bonneville-le-16-decembre-2024-n17-00558\/"]}]},{"@type":"ImageObject","inLanguage":"zh-Hans","@id":"https:\/\/kohenavocats.com\/zh-hans\/tribunal-judiciaire-de-bonneville-le-16-decembre-2024-n17-00558\/#primaryimage","url":"https:\/\/kohenavocats.com\/wp-content\/uploads\/2024\/11\/zyanya-citlalli-0ITfUIWxi9k-unsplash.webp","contentUrl":"https:\/\/kohenavocats.com\/wp-content\/uploads\/2024\/11\/zyanya-citlalli-0ITfUIWxi9k-unsplash.webp","width":3840,"height":2160},{"@type":"BreadcrumbList","@id":"https:\/\/kohenavocats.com\/zh-hans\/tribunal-judiciaire-de-bonneville-le-16-decembre-2024-n17-00558\/#breadcrumb","itemListElement":[{"@type":"ListItem","position":1,"name":"Home","item":"https:\/\/kohenavocats.com\/zh-hans\/"},{"@type":"ListItem","position":2,"name":"Tribunal judiciaire de Bonneville, le 16 d\u00e9cembre 2024, n\u00b017\/00558"}]},{"@type":"WebSite","@id":"https:\/\/kohenavocats.com\/zh-hans\/#website","url":"https:\/\/kohenavocats.com\/zh-hans\/","name":"Kohen Avocats","description":"Ma\u00eetre Hassan Kohen, avocat p\u00e9naliste \u00e0 Paris, intervient exclusivement en droit p\u00e9nal pour la d\u00e9fense des particuliers, notamment en mati\u00e8re d\u2019accusations de viol. Il assure un accompagnement rigoureux d\u00e8s la garde \u00e0 vue jusqu\u2019\u00e0 la Cour d\u2019assises, veillant au strict respect des garanties proc\u00e9durales.","publisher":{"@id":"https:\/\/kohenavocats.com\/zh-hans\/#organization"},"potentialAction":[{"@type":"SearchAction","target":{"@type":"EntryPoint","urlTemplate":"https:\/\/kohenavocats.com\/zh-hans\/?s={search_term_string}"},"query-input":{"@type":"PropertyValueSpecification","valueRequired":true,"valueName":"search_term_string"}}],"inLanguage":"zh-Hans"},{"@type":"Organization","@id":"https:\/\/kohenavocats.com\/zh-hans\/#organization","name":"Kohen Avocats","url":"https:\/\/kohenavocats.com\/zh-hans\/","logo":{"@type":"ImageObject","inLanguage":"zh-Hans","@id":"https:\/\/kohenavocats.com\/zh-hans\/#\/schema\/logo\/image\/","url":"https:\/\/kohenavocats.com\/wp-content\/uploads\/2026\/01\/Logo-2-1.webp","contentUrl":"https:\/\/kohenavocats.com\/wp-content\/uploads\/2026\/01\/Logo-2-1.webp","width":2114,"height":1253,"caption":"Kohen Avocats"},"image":{"@id":"https:\/\/kohenavocats.com\/zh-hans\/#\/schema\/logo\/image\/"}},{"@type":"Person","@id":"https:\/\/kohenavocats.com\/zh-hans\/#\/schema\/person\/761c9ba54fa1ca84d405cef0831ff751","name":"Kohen","image":{"@type":"ImageObject","inLanguage":"zh-Hans","@id":"https:\/\/secure.gravatar.com\/avatar\/1c5e76ef76bbbfdd2b4da984e2bf2fa4056fd51a27d25ce2c332047f1dfd6e00?s=96&d=identicon&r=g","url":"https:\/\/secure.gravatar.com\/avatar\/1c5e76ef76bbbfdd2b4da984e2bf2fa4056fd51a27d25ce2c332047f1dfd6e00?s=96&d=identicon&r=g","contentUrl":"https:\/\/secure.gravatar.com\/avatar\/1c5e76ef76bbbfdd2b4da984e2bf2fa4056fd51a27d25ce2c332047f1dfd6e00?s=96&d=identicon&r=g","caption":"Kohen"},"sameAs":["https:\/\/www.linkedin.com\/in\/hassan-kohen-448548192\/","https:\/\/www.youtube.com\/@Kohen-Avocats"],"url":"https:\/\/kohenavocats.com\/zh-hans\/author\/kohenmlk\/"}]}},"jetpack_featured_media_url":"https:\/\/kohenavocats.com\/wp-content\/uploads\/2024\/11\/zyanya-citlalli-0ITfUIWxi9k-unsplash.webp","jetpack_likes_enabled":false,"jetpack_shortlink":"https:\/\/wp.me\/peCrII-2JrR","jetpack-related-posts":[{"id":630569,"url":"https:\/\/kohenavocats.com\/zh-hans\/tribunal-judiciaire-de-bonneville-le-15-octobre-2025-n23-02045\/","url_meta":{"origin":651363,"position":0},"title":"Tribunal judiciaire de Bonneville, le 15 octobre 2025, n\u00b023\/02045","author":"Kohen","date":"2026\u5e744\u670821\u65e5","format":false,"excerpt":"Le tribunal judiciaire de Bonneville, le 15 octobr\u2026","rel":"","context":"\u5728\u201cJurisprudence\u201d\u4e2d","block_context":{"text":"Jurisprudence","link":"https:\/\/kohenavocats.com\/category\/jurisprudence\/"},"img":{"alt_text":"","src":"https:\/\/i0.wp.com\/kohenavocats.com\/wp-content\/uploads\/2024\/11\/etienne-girardet-ALIEN0anXKg-unsplash.webp?resize=350%2C200&ssl=1","width":350,"height":200,"srcset":"https:\/\/i0.wp.com\/kohenavocats.com\/wp-content\/uploads\/2024\/11\/etienne-girardet-ALIEN0anXKg-unsplash.webp?resize=350%2C200&ssl=1 1x, https:\/\/i0.wp.com\/kohenavocats.com\/wp-content\/uploads\/2024\/11\/etienne-girardet-ALIEN0anXKg-unsplash.webp?resize=525%2C300&ssl=1 1.5x, https:\/\/i0.wp.com\/kohenavocats.com\/wp-content\/uploads\/2024\/11\/etienne-girardet-ALIEN0anXKg-unsplash.webp?resize=700%2C400&ssl=1 2x, https:\/\/i0.wp.com\/kohenavocats.com\/wp-content\/uploads\/2024\/11\/etienne-girardet-ALIEN0anXKg-unsplash.webp?resize=1050%2C600&ssl=1 3x, https:\/\/i0.wp.com\/kohenavocats.com\/wp-content\/uploads\/2024\/11\/etienne-girardet-ALIEN0anXKg-unsplash.webp?resize=1400%2C800&ssl=1 4x"},"classes":[]},{"id":661364,"url":"https:\/\/kohenavocats.com\/zh-hans\/tribunal-judiciaire-de-bonneville-le-25-septembre-2025-n25-03114\/","url_meta":{"origin":651363,"position":1},"title":"Tribunal judiciaire de Bonneville, le 25 septembre 2025, n\u00b025\/03114","author":"Kohen","date":"2026\u5e744\u670823\u65e5","format":false,"excerpt":"Le tribunal judiciaire de Bonneville, le 25 septem\u2026","rel":"","context":"\u5728\u201cJurisprudence\u201d\u4e2d","block_context":{"text":"Jurisprudence","link":"https:\/\/kohenavocats.com\/category\/jurisprudence\/"},"img":{"alt_text":"","src":"https:\/\/i0.wp.com\/kohenavocats.com\/wp-content\/uploads\/2024\/11\/pramod-tiwari-fcMI6xvRcYE-unsplash.webp?resize=350%2C200&ssl=1","width":350,"height":200,"srcset":"https:\/\/i0.wp.com\/kohenavocats.com\/wp-content\/uploads\/2024\/11\/pramod-tiwari-fcMI6xvRcYE-unsplash.webp?resize=350%2C200&ssl=1 1x, https:\/\/i0.wp.com\/kohenavocats.com\/wp-content\/uploads\/2024\/11\/pramod-tiwari-fcMI6xvRcYE-unsplash.webp?resize=525%2C300&ssl=1 1.5x, https:\/\/i0.wp.com\/kohenavocats.com\/wp-content\/uploads\/2024\/11\/pramod-tiwari-fcMI6xvRcYE-unsplash.webp?resize=700%2C400&ssl=1 2x, https:\/\/i0.wp.com\/kohenavocats.com\/wp-content\/uploads\/2024\/11\/pramod-tiwari-fcMI6xvRcYE-unsplash.webp?resize=1050%2C600&ssl=1 3x, https:\/\/i0.wp.com\/kohenavocats.com\/wp-content\/uploads\/2024\/11\/pramod-tiwari-fcMI6xvRcYE-unsplash.webp?resize=1400%2C800&ssl=1 4x"},"classes":[]},{"id":491037,"url":"https:\/\/kohenavocats.com\/zh-hans\/tribunal-judiciaire-de-bonneville-le-19-novembre-2025-n25-01169\/","url_meta":{"origin":651363,"position":2},"title":"Tribunal judiciaire de Bonneville, le 19 novembre 2025, n\u00b025\/01169","author":"Kohen","date":"2026\u5e744\u67088\u65e5","format":false,"excerpt":"Le juge des contentieux de la protection du tribun\u2026","rel":"","context":"\u5728\u201cJurisprudence\u201d\u4e2d","block_context":{"text":"Jurisprudence","link":"https:\/\/kohenavocats.com\/category\/jurisprudence\/"},"img":{"alt_text":"","src":"https:\/\/i0.wp.com\/kohenavocats.com\/wp-content\/uploads\/2024\/11\/kedar-gadge-qNbe1RLo06M-unsplash.webp?resize=350%2C200&ssl=1","width":350,"height":200,"srcset":"https:\/\/i0.wp.com\/kohenavocats.com\/wp-content\/uploads\/2024\/11\/kedar-gadge-qNbe1RLo06M-unsplash.webp?resize=350%2C200&ssl=1 1x, https:\/\/i0.wp.com\/kohenavocats.com\/wp-content\/uploads\/2024\/11\/kedar-gadge-qNbe1RLo06M-unsplash.webp?resize=525%2C300&ssl=1 1.5x, https:\/\/i0.wp.com\/kohenavocats.com\/wp-content\/uploads\/2024\/11\/kedar-gadge-qNbe1RLo06M-unsplash.webp?resize=700%2C400&ssl=1 2x, https:\/\/i0.wp.com\/kohenavocats.com\/wp-content\/uploads\/2024\/11\/kedar-gadge-qNbe1RLo06M-unsplash.webp?resize=1050%2C600&ssl=1 3x, https:\/\/i0.wp.com\/kohenavocats.com\/wp-content\/uploads\/2024\/11\/kedar-gadge-qNbe1RLo06M-unsplash.webp?resize=1400%2C800&ssl=1 4x"},"classes":[]},{"id":481115,"url":"https:\/\/kohenavocats.com\/zh-hans\/tribunal-judiciaire-de-bonneville-le-4-avril-2025-n25-00201\/","url_meta":{"origin":651363,"position":3},"title":"Tribunal judiciaire de Bonneville, le 4 avril 2025, n\u00b025\/00201","author":"Kohen","date":"2026\u5e744\u67087\u65e5","format":false,"excerpt":"Le juge des r\u00e9f\u00e9r\u00e9s du tribunal judiciaire de Bonn\u2026","rel":"","context":"\u5728\u201cJurisprudence\u201d\u4e2d","block_context":{"text":"Jurisprudence","link":"https:\/\/kohenavocats.com\/category\/jurisprudence\/"},"img":{"alt_text":"","src":"https:\/\/i0.wp.com\/kohenavocats.com\/wp-content\/uploads\/2024\/07\/alex-block-PdDBTrkGYLo-unsplash-1-1.webp?resize=350%2C200&ssl=1","width":350,"height":200,"srcset":"https:\/\/i0.wp.com\/kohenavocats.com\/wp-content\/uploads\/2024\/07\/alex-block-PdDBTrkGYLo-unsplash-1-1.webp?resize=350%2C200&ssl=1 1x, https:\/\/i0.wp.com\/kohenavocats.com\/wp-content\/uploads\/2024\/07\/alex-block-PdDBTrkGYLo-unsplash-1-1.webp?resize=525%2C300&ssl=1 1.5x, https:\/\/i0.wp.com\/kohenavocats.com\/wp-content\/uploads\/2024\/07\/alex-block-PdDBTrkGYLo-unsplash-1-1.webp?resize=700%2C400&ssl=1 2x, https:\/\/i0.wp.com\/kohenavocats.com\/wp-content\/uploads\/2024\/07\/alex-block-PdDBTrkGYLo-unsplash-1-1.webp?resize=1050%2C600&ssl=1 3x, https:\/\/i0.wp.com\/kohenavocats.com\/wp-content\/uploads\/2024\/07\/alex-block-PdDBTrkGYLo-unsplash-1-1.webp?resize=1400%2C800&ssl=1 4x"},"classes":[]},{"id":654234,"url":"https:\/\/kohenavocats.com\/zh-hans\/tribunal-judiciaire-de-bonneville-le-1-octobre-2025-n25-01031\/","url_meta":{"origin":651363,"position":4},"title":"Tribunal judiciaire de Bonneville, le 1 octobre 2025, n\u00b025\/01031","author":"Kohen","date":"2026\u5e744\u670823\u65e5","format":false,"excerpt":"Le juge des contentieux de la protection du tribun\u2026","rel":"","context":"\u5728\u201cJurisprudence\u201d\u4e2d","block_context":{"text":"Jurisprudence","link":"https:\/\/kohenavocats.com\/category\/jurisprudence\/"},"img":{"alt_text":"","src":"https:\/\/i0.wp.com\/kohenavocats.com\/wp-content\/uploads\/2024\/11\/aperture-vintage-BcceGzBmeTI-unsplash.webp?resize=350%2C200&ssl=1","width":350,"height":200,"srcset":"https:\/\/i0.wp.com\/kohenavocats.com\/wp-content\/uploads\/2024\/11\/aperture-vintage-BcceGzBmeTI-unsplash.webp?resize=350%2C200&ssl=1 1x, https:\/\/i0.wp.com\/kohenavocats.com\/wp-content\/uploads\/2024\/11\/aperture-vintage-BcceGzBmeTI-unsplash.webp?resize=525%2C300&ssl=1 1.5x, https:\/\/i0.wp.com\/kohenavocats.com\/wp-content\/uploads\/2024\/11\/aperture-vintage-BcceGzBmeTI-unsplash.webp?resize=700%2C400&ssl=1 2x, https:\/\/i0.wp.com\/kohenavocats.com\/wp-content\/uploads\/2024\/11\/aperture-vintage-BcceGzBmeTI-unsplash.webp?resize=1050%2C600&ssl=1 3x, https:\/\/i0.wp.com\/kohenavocats.com\/wp-content\/uploads\/2024\/11\/aperture-vintage-BcceGzBmeTI-unsplash.webp?resize=1400%2C800&ssl=1 4x"},"classes":[]},{"id":648175,"url":"https:\/\/kohenavocats.com\/zh-hans\/tribunal-judiciaire-de-poitiers-le-26-mars-2024-n25-00088\/","url_meta":{"origin":651363,"position":5},"title":"Tribunal judiciaire de Poitiers, le 26 mars 2024, n\u00b025\/00088","author":"Kohen","date":"2026\u5e744\u670822\u65e5","format":false,"excerpt":"Le juge des contentieux de la protection a statu\u00e9 \u2026","rel":"","context":"\u5728\u201cJurisprudence\u201d\u4e2d","block_context":{"text":"Jurisprudence","link":"https:\/\/kohenavocats.com\/category\/jurisprudence\/"},"img":{"alt_text":"","src":"https:\/\/i0.wp.com\/kohenavocats.com\/wp-content\/uploads\/2024\/08\/maxwell-andrews-RHEm0vS4QNE-unsplash.webp?resize=350%2C200&ssl=1","width":350,"height":200,"srcset":"https:\/\/i0.wp.com\/kohenavocats.com\/wp-content\/uploads\/2024\/08\/maxwell-andrews-RHEm0vS4QNE-unsplash.webp?resize=350%2C200&ssl=1 1x, https:\/\/i0.wp.com\/kohenavocats.com\/wp-content\/uploads\/2024\/08\/maxwell-andrews-RHEm0vS4QNE-unsplash.webp?resize=525%2C300&ssl=1 1.5x, https:\/\/i0.wp.com\/kohenavocats.com\/wp-content\/uploads\/2024\/08\/maxwell-andrews-RHEm0vS4QNE-unsplash.webp?resize=700%2C400&ssl=1 2x, https:\/\/i0.wp.com\/kohenavocats.com\/wp-content\/uploads\/2024\/08\/maxwell-andrews-RHEm0vS4QNE-unsplash.webp?resize=1050%2C600&ssl=1 3x, https:\/\/i0.wp.com\/kohenavocats.com\/wp-content\/uploads\/2024\/08\/maxwell-andrews-RHEm0vS4QNE-unsplash.webp?resize=1400%2C800&ssl=1 4x"},"classes":[]}],"jetpack_sharing_enabled":true,"_links":{"self":[{"href":"https:\/\/kohenavocats.com\/zh-hans\/wp-json\/wp\/v2\/posts\/651363","targetHints":{"allow":["GET"]}}],"collection":[{"href":"https:\/\/kohenavocats.com\/zh-hans\/wp-json\/wp\/v2\/posts"}],"about":[{"href":"https:\/\/kohenavocats.com\/zh-hans\/wp-json\/wp\/v2\/types\/post"}],"author":[{"embeddable":true,"href":"https:\/\/kohenavocats.com\/zh-hans\/wp-json\/wp\/v2\/users\/232070755"}],"replies":[{"embeddable":true,"href":"https:\/\/kohenavocats.com\/zh-hans\/wp-json\/wp\/v2\/comments?post=651363"}],"version-history":[{"count":0,"href":"https:\/\/kohenavocats.com\/zh-hans\/wp-json\/wp\/v2\/posts\/651363\/revisions"}],"wp:featuredmedia":[{"embeddable":true,"href":"https:\/\/kohenavocats.com\/zh-hans\/wp-json\/wp\/v2\/media\/9532"}],"wp:attachment":[{"href":"https:\/\/kohenavocats.com\/zh-hans\/wp-json\/wp\/v2\/media?parent=651363"}],"wp:term":[{"taxonomy":"category","embeddable":true,"href":"https:\/\/kohenavocats.com\/zh-hans\/wp-json\/wp\/v2\/categories?post=651363"},{"taxonomy":"post_tag","embeddable":true,"href":"https:\/\/kohenavocats.com\/zh-hans\/wp-json\/wp\/v2\/tags?post=651363"}],"curies":[{"name":"wp","href":"https:\/\/api.w.org\/{rel}","templated":true}]}}