{"id":651602,"date":"2026-04-22T21:21:57","date_gmt":"2026-04-22T19:21:57","guid":{"rendered":"https:\/\/kohenavocats.com\/tribunal-judiciaire-de-strasbourg-le-25-mars-2026-n25-00567\/"},"modified":"2026-04-22T21:21:57","modified_gmt":"2026-04-22T19:21:57","slug":"tribunal-judiciaire-de-strasbourg-le-25-mars-2026-n25-00567","status":"publish","type":"post","link":"https:\/\/kohenavocats.com\/zh-hans\/tribunal-judiciaire-de-strasbourg-le-25-mars-2026-n25-00567\/","title":{"rendered":"Tribunal judiciaire de Strasbourg, le 25 mars 2026, n\u00b025\/00567"},"content":{"rendered":"<div class=\"article-content\">\n<p>Le juge des r\u00e9f\u00e9r\u00e9s du tribunal judiciaire de Paris, statuant le 25 mars 2026, a \u00e9t\u00e9 saisi par le gestionnaire du r\u00e9seau de distribution de gaz. Ce dernier sollicitait l&#8217;autorisation de p\u00e9n\u00e9trer dans un logement pour enlever un compteur, le contrat de fourniture ayant \u00e9t\u00e9 r\u00e9sili\u00e9. L&#8217;occupant, absent \u00e0 l&#8217;audience, s&#8217;opposait \u00e0 cette intervention. Le juge a d\u00fb d\u00e9terminer si cette situation constituait un trouble manifestement illicite justifiant une mesure en r\u00e9f\u00e9r\u00e9. L&#8217;ordonnance autorise finalement l&#8217;intervention du gestionnaire pour proc\u00e9der \u00e0 la fermeture et \u00e0 l&#8217;enl\u00e8vement du compteur.<\/p>\n<p>La caract\u00e9risation d&#8217;un trouble manifestement illicite<\/p>\n<p>Le refus d&#8217;acc\u00e8s comme obstacle \u00e0 l&#8217;ex\u00e9cution d&#8217;une obligation l\u00e9gale. Le gestionnaire justifie son intervention par la r\u00e9siliation du contrat de fourniture par le fournisseur et sa propre obligation d&#8217;interrompre la livraison. &#8220;Conform\u00e9ment \u00e0 l&#8217;article 11 des conditions de distribution, l\u2019interruption de la livraison peut intervenir lorsque le point de livraison n\u2019est plus rattach\u00e9 au contrat distributeur de gaz fournisseur d\u2019aucun fournisseur ou lorsque le contrat auquel il est rattach\u00e9 est r\u00e9sili\u00e9 ou suspendu.&#8221; Cette disposition contractuelle, int\u00e9gr\u00e9e au contrat unique, fonde son droit d&#8217;agir. L&#8217;occupant, en refusant l&#8217;acc\u00e8s, emp\u00eache l&#8217;ex\u00e9cution de cette obligation d\u00e9coulant de la r\u00e9siliation.<\/p>\n<p>La consommation irr\u00e9guli\u00e8re comme trouble au sens de l&#8217;article 835 du CPC. Le juge retient que le maintien du compteur permet une consommation sans contrat en vigueur. &#8220;Le fait que l\u2019enl\u00e8vement du compteur de gaz, propri\u00e9t\u00e9 de la SA R\u00e9seau Gds, n\u2019a pu \u00eatre r\u00e9alis\u00e9 alors qu\u2019il n\u2019est pas justifi\u00e9 par la partie requise de la souscription d\u2019un nouveau contrat [&#8230;] caract\u00e9rise un trouble manifestement illicite.&#8221; Ce trouble est \u00e9tabli par l&#8217;absence de nouveau contrat et le refus persistant apr\u00e8s mise en demeure. La solution rejoint une jurisprudence ant\u00e9rieure sur l&#8217;occupation sans droit, o\u00f9 &#8220;l&#8217;occupation sans droit ni titre de ces parcelles constitue un trouble manifestement illicite&#8221; (Tribunal judiciaire de Meaux, le 4 juillet 2025, n\u00b025\/00611). Ici, le trouble r\u00e9side dans l&#8217;usage sans titre de l&#8217;\u00e9nergie.<\/p>\n<p>Les pouvoirs du juge des r\u00e9f\u00e9r\u00e9s face \u00e0 une obligation non contestable<\/p>\n<p>L&#8217;octroi d&#8217;une mesure de remise en \u00e9tat pour faire cesser le trouble. Face \u00e0 un trouble manifestement illicite, le juge use de son pouvoir pour ordonner la mesure propre \u00e0 y mettre fin. &#8220;Le juge des r\u00e9f\u00e9r\u00e9s ne peut que constater et faire cesser [le trouble] en autorisant la Sa R\u00e9seau Gds \u00e0 p\u00e9n\u00e9trer dans le logement.&#8221; L&#8217;article 835 du code de proc\u00e9dure civile lui permet de prescrire les mesures de remise en \u00e9tat qui s&#8217;imposent. La d\u00e9cision pr\u00e9cise les modalit\u00e9s pratiques de l&#8217;intervention, incluant le recours possible \u00e0 un serrurier et un commissaire de justice, garantissant ainsi l&#8217;efficacit\u00e9 de la mesure ordonn\u00e9e.<\/p>\n<p>Le refus d&#8217;accorder le concours de la force publique. Le juge use avec retenue de ses pouvoirs en refusant le concours de la force publique \u00e0 ce stade. &#8220;A ce stade, aucun \u00e9l\u00e9ment ne justifie la n\u00e9cessit\u00e9 d\u2019autoriser le recours au concours de la force publique.&#8221; Cette d\u00e9cision montre que cette mesure exceptionnelle reste subsidiaire. Elle n&#8217;est ordonn\u00e9e que si les modalit\u00e9s pr\u00e9vues, comme la notification pr\u00e9alable, s&#8217;av\u00e8rent insuffisantes. Le juge assure ainsi un \u00e9quilibre entre l&#8217;efficacit\u00e9 de la d\u00e9cision et le respect du domicile de l&#8217;occupant, laissant une chance \u00e0 une ex\u00e9cution pacifique.<\/p>\n<p>Cette ordonnance rappelle la force ex\u00e9cutoire des clauses contractuelles li\u00e9es \u00e0 la distribution d&#8217;\u00e9nergie apr\u00e8s r\u00e9siliation. Elle affirme que l&#8217;impossibilit\u00e9 pour un gestionnaire de r\u00e9seau d&#8217;ex\u00e9cuter ses obligations l\u00e9gales et contractuelles, due au refus d&#8217;un usager, constitue un trouble illicite. La solution confirme l&#8217;\u00e9tendue des pouvoirs du juge des r\u00e9f\u00e9r\u00e9s pour garantir l&#8217;effectivit\u00e9 des prestations de service public, dans la lign\u00e9e d&#8217;une jurisprudence soulignant que les usagers &#8220;ne peuvent s&#8217;opposer \u00e0 l&#8217;installation de ces compteurs&#8221; (Cour d&#8217;appel de N\u00eemes, le 29 janvier 2026, n\u00b024\/02347). Elle pr\u00e9cise aussi les limites de l&#8217;intervention du juge en r\u00e9f\u00e9r\u00e9, qui peut ordonner l&#8217;acc\u00e8s sans pour autant mobiliser syst\u00e9matiquement la force publique.<\/p>\n<\/div>\n","protected":false},"excerpt":{"rendered":"<p>Le juge des r\u00e9f\u00e9r\u00e9s du tribunal judiciaire de Paris, statuant le 25 mars 2026, a \u00e9t\u00e9 saisi par le gestionnaire du r\u00e9seau de distribution de gaz. Ce dernier s&#8230;<\/p>\n","protected":false},"author":232070755,"featured_media":9646,"comment_status":"open","ping_status":"open","sticky":false,"template":"","format":"standard","meta":{"_crdt_document":"","_jetpack_newsletter_access":"","_jetpack_dont_email_post_to_subs":false,"_jetpack_newsletter_tier_id":0,"_jetpack_memberships_contains_paywalled_content":false,"_kj_source_type":"","_kj_official_id":"","_kj_official_url":"","_kj_judilibre_id":"","_kj_jur":"","_kj_lieu":"","_kj_chambre":"","_kj_rg":"","_kj_date":"","_jetpack_memberships_contains_paid_content":false,"footnotes":"","jetpack_post_was_ever_published":false},"categories":[7597],"tags":[],"class_list":["post-651602","post","type-post","status-publish","format-standard","has-post-thumbnail","hentry","category-jurisprudence"],"yoast_head":"<!-- This site is optimized with the Yoast SEO Premium plugin v27.5 (Yoast SEO v27.5) - https:\/\/yoast.com\/product\/yoast-seo-premium-wordpress\/ -->\n<title>Tribunal judiciaire de Strasbourg, le 25 mars 2026, n\u00b025\/00567 - Ma\u00eetre Hassan Kohen, avocat en droit p\u00e9nal \u00e0 Paris<\/title>\n<meta name=\"description\" content=\"Le juge des r\u00e9f\u00e9r\u00e9s du tribunal judiciaire de Paris, statuant le 25 mars 2026, a \u00e9t\u00e9 saisi par le gestionnaire du r\u00e9seau de distribution de gaz. Ce dernier s...\" \/>\n<meta name=\"robots\" content=\"index, follow, max-snippet:-1, max-image-preview:large, max-video-preview:-1\" \/>\n<link rel=\"canonical\" href=\"https:\/\/kohenavocats.com\/zh-hans\/tribunal-judiciaire-de-strasbourg-le-25-mars-2026-n25-00567\/\" \/>\n<meta property=\"og:locale\" content=\"zh_CN\" \/>\n<meta property=\"og:type\" content=\"article\" \/>\n<meta property=\"og:title\" content=\"Tribunal judiciaire de Strasbourg, le 25 mars 2026, n\u00b025\/00567\" \/>\n<meta property=\"og:description\" content=\"Le juge des r\u00e9f\u00e9r\u00e9s du tribunal judiciaire de Paris, statuant le 25 mars 2026, a \u00e9t\u00e9 saisi par le gestionnaire du r\u00e9seau de distribution de gaz. Ce dernier s...\" \/>\n<meta property=\"og:url\" content=\"https:\/\/kohenavocats.com\/zh-hans\/tribunal-judiciaire-de-strasbourg-le-25-mars-2026-n25-00567\/\" \/>\n<meta property=\"og:site_name\" content=\"Ma\u00eetre Hassan Kohen, avocat en droit p\u00e9nal \u00e0 Paris\" \/>\n<meta property=\"article:published_time\" content=\"2026-04-22T19:21:57+00:00\" \/>\n<meta property=\"og:image\" content=\"https:\/\/kohenavocats.com\/wp-content\/uploads\/2024\/11\/85gb-photo-DKP0bwBFP9I-unsplash.webp\" \/>\n\t<meta property=\"og:image:width\" content=\"6000\" \/>\n\t<meta property=\"og:image:height\" content=\"4000\" \/>\n\t<meta property=\"og:image:type\" content=\"image\/webp\" \/>\n<meta name=\"author\" content=\"Kohen\" \/>\n<meta name=\"twitter:card\" content=\"summary_large_image\" \/>\n<meta name=\"twitter:label1\" content=\"\u4f5c\u8005\" \/>\n\t<meta name=\"twitter:data1\" content=\"Kohen\" \/>\n\t<meta name=\"twitter:label2\" content=\"\u9884\u8ba1\u9605\u8bfb\u65f6\u95f4\" \/>\n\t<meta name=\"twitter:data2\" content=\"3 \u5206\" \/>\n<script type=\"application\/ld+json\" class=\"yoast-schema-graph\">{\"@context\":\"https:\\\/\\\/schema.org\",\"@graph\":[{\"@type\":\"Article\",\"@id\":\"https:\\\/\\\/kohenavocats.com\\\/zh-hans\\\/tribunal-judiciaire-de-strasbourg-le-25-mars-2026-n25-00567\\\/#article\",\"isPartOf\":{\"@id\":\"https:\\\/\\\/kohenavocats.com\\\/zh-hans\\\/tribunal-judiciaire-de-strasbourg-le-25-mars-2026-n25-00567\\\/\"},\"author\":{\"name\":\"Kohen\",\"@id\":\"https:\\\/\\\/kohenavocats.com\\\/zh-hans\\\/#\\\/schema\\\/person\\\/761c9ba54fa1ca84d405cef0831ff751\"},\"headline\":\"Tribunal judiciaire de Strasbourg, le 25 mars 2026, n\u00b025\\\/00567\",\"datePublished\":\"2026-04-22T19:21:57+00:00\",\"mainEntityOfPage\":{\"@id\":\"https:\\\/\\\/kohenavocats.com\\\/zh-hans\\\/tribunal-judiciaire-de-strasbourg-le-25-mars-2026-n25-00567\\\/\"},\"wordCount\":748,\"commentCount\":0,\"publisher\":{\"@id\":\"https:\\\/\\\/kohenavocats.com\\\/zh-hans\\\/#organization\"},\"image\":{\"@id\":\"https:\\\/\\\/kohenavocats.com\\\/zh-hans\\\/tribunal-judiciaire-de-strasbourg-le-25-mars-2026-n25-00567\\\/#primaryimage\"},\"thumbnailUrl\":\"https:\\\/\\\/kohenavocats.com\\\/wp-content\\\/uploads\\\/2024\\\/11\\\/85gb-photo-DKP0bwBFP9I-unsplash.webp\",\"articleSection\":[\"Jurisprudence\"],\"inLanguage\":\"zh-Hans\",\"potentialAction\":[{\"@type\":\"CommentAction\",\"name\":\"Comment\",\"target\":[\"https:\\\/\\\/kohenavocats.com\\\/zh-hans\\\/tribunal-judiciaire-de-strasbourg-le-25-mars-2026-n25-00567\\\/#respond\"]}],\"citation\":\"Tribunal judiciaire de Strasbourg, le 25 mars 2026, n\u00b025\\\/00567\",\"about\":[{\"@type\":\"Thing\",\"name\":\"Jurisprudence\"}],\"dateModified\":\"2026-04-22T19:21:57+00:00\",\"speakable\":{\"@type\":\"SpeakableSpecification\",\"cssSelector\":[\".article-content > p:first-of-type\"]}},{\"@type\":\"WebPage\",\"@id\":\"https:\\\/\\\/kohenavocats.com\\\/zh-hans\\\/tribunal-judiciaire-de-strasbourg-le-25-mars-2026-n25-00567\\\/\",\"url\":\"https:\\\/\\\/kohenavocats.com\\\/zh-hans\\\/tribunal-judiciaire-de-strasbourg-le-25-mars-2026-n25-00567\\\/\",\"name\":\"Tribunal judiciaire de Strasbourg, le 25 mars 2026, n\u00b025\\\/00567 - Ma\u00eetre Hassan Kohen, avocat en droit p\u00e9nal \u00e0 Paris\",\"isPartOf\":{\"@id\":\"https:\\\/\\\/kohenavocats.com\\\/zh-hans\\\/#website\"},\"primaryImageOfPage\":{\"@id\":\"https:\\\/\\\/kohenavocats.com\\\/zh-hans\\\/tribunal-judiciaire-de-strasbourg-le-25-mars-2026-n25-00567\\\/#primaryimage\"},\"image\":{\"@id\":\"https:\\\/\\\/kohenavocats.com\\\/zh-hans\\\/tribunal-judiciaire-de-strasbourg-le-25-mars-2026-n25-00567\\\/#primaryimage\"},\"thumbnailUrl\":\"https:\\\/\\\/kohenavocats.com\\\/wp-content\\\/uploads\\\/2024\\\/11\\\/85gb-photo-DKP0bwBFP9I-unsplash.webp\",\"datePublished\":\"2026-04-22T19:21:57+00:00\",\"description\":\"Le juge des r\u00e9f\u00e9r\u00e9s du tribunal judiciaire de Paris, statuant le 25 mars 2026, a \u00e9t\u00e9 saisi par le gestionnaire du r\u00e9seau de distribution de gaz. Ce dernier s...\",\"breadcrumb\":{\"@id\":\"https:\\\/\\\/kohenavocats.com\\\/zh-hans\\\/tribunal-judiciaire-de-strasbourg-le-25-mars-2026-n25-00567\\\/#breadcrumb\"},\"inLanguage\":\"zh-Hans\",\"potentialAction\":[{\"@type\":\"ReadAction\",\"target\":[\"https:\\\/\\\/kohenavocats.com\\\/zh-hans\\\/tribunal-judiciaire-de-strasbourg-le-25-mars-2026-n25-00567\\\/\"]}]},{\"@type\":\"ImageObject\",\"inLanguage\":\"zh-Hans\",\"@id\":\"https:\\\/\\\/kohenavocats.com\\\/zh-hans\\\/tribunal-judiciaire-de-strasbourg-le-25-mars-2026-n25-00567\\\/#primaryimage\",\"url\":\"https:\\\/\\\/kohenavocats.com\\\/wp-content\\\/uploads\\\/2024\\\/11\\\/85gb-photo-DKP0bwBFP9I-unsplash.webp\",\"contentUrl\":\"https:\\\/\\\/kohenavocats.com\\\/wp-content\\\/uploads\\\/2024\\\/11\\\/85gb-photo-DKP0bwBFP9I-unsplash.webp\",\"width\":6000,\"height\":4000},{\"@type\":\"BreadcrumbList\",\"@id\":\"https:\\\/\\\/kohenavocats.com\\\/zh-hans\\\/tribunal-judiciaire-de-strasbourg-le-25-mars-2026-n25-00567\\\/#breadcrumb\",\"itemListElement\":[{\"@type\":\"ListItem\",\"position\":1,\"name\":\"Home\",\"item\":\"https:\\\/\\\/kohenavocats.com\\\/zh-hans\\\/\"},{\"@type\":\"ListItem\",\"position\":2,\"name\":\"Tribunal judiciaire de Strasbourg, le 25 mars 2026, n\u00b025\\\/00567\"}]},{\"@type\":\"WebSite\",\"@id\":\"https:\\\/\\\/kohenavocats.com\\\/zh-hans\\\/#website\",\"url\":\"https:\\\/\\\/kohenavocats.com\\\/zh-hans\\\/\",\"name\":\"Kohen Avocats\",\"description\":\"Ma\u00eetre Hassan Kohen, avocat p\u00e9naliste \u00e0 Paris, intervient exclusivement en droit p\u00e9nal pour la d\u00e9fense des particuliers, notamment en mati\u00e8re d\u2019accusations de viol. Il assure un accompagnement rigoureux d\u00e8s la garde \u00e0 vue jusqu\u2019\u00e0 la Cour d\u2019assises, veillant au strict respect des garanties proc\u00e9durales.\",\"publisher\":{\"@id\":\"https:\\\/\\\/kohenavocats.com\\\/zh-hans\\\/#organization\"},\"potentialAction\":[{\"@type\":\"SearchAction\",\"target\":{\"@type\":\"EntryPoint\",\"urlTemplate\":\"https:\\\/\\\/kohenavocats.com\\\/zh-hans\\\/?s={search_term_string}\"},\"query-input\":{\"@type\":\"PropertyValueSpecification\",\"valueRequired\":true,\"valueName\":\"search_term_string\"}}],\"inLanguage\":\"zh-Hans\"},{\"@type\":\"Organization\",\"@id\":\"https:\\\/\\\/kohenavocats.com\\\/zh-hans\\\/#organization\",\"name\":\"Kohen Avocats\",\"url\":\"https:\\\/\\\/kohenavocats.com\\\/zh-hans\\\/\",\"logo\":{\"@type\":\"ImageObject\",\"inLanguage\":\"zh-Hans\",\"@id\":\"https:\\\/\\\/kohenavocats.com\\\/zh-hans\\\/#\\\/schema\\\/logo\\\/image\\\/\",\"url\":\"https:\\\/\\\/kohenavocats.com\\\/wp-content\\\/uploads\\\/2026\\\/01\\\/Logo-2-1.webp\",\"contentUrl\":\"https:\\\/\\\/kohenavocats.com\\\/wp-content\\\/uploads\\\/2026\\\/01\\\/Logo-2-1.webp\",\"width\":2114,\"height\":1253,\"caption\":\"Kohen Avocats\"},\"image\":{\"@id\":\"https:\\\/\\\/kohenavocats.com\\\/zh-hans\\\/#\\\/schema\\\/logo\\\/image\\\/\"}},{\"@type\":\"Person\",\"@id\":\"https:\\\/\\\/kohenavocats.com\\\/zh-hans\\\/#\\\/schema\\\/person\\\/761c9ba54fa1ca84d405cef0831ff751\",\"name\":\"Kohen\",\"image\":{\"@type\":\"ImageObject\",\"inLanguage\":\"zh-Hans\",\"@id\":\"https:\\\/\\\/secure.gravatar.com\\\/avatar\\\/1c5e76ef76bbbfdd2b4da984e2bf2fa4056fd51a27d25ce2c332047f1dfd6e00?s=96&d=identicon&r=g\",\"url\":\"https:\\\/\\\/secure.gravatar.com\\\/avatar\\\/1c5e76ef76bbbfdd2b4da984e2bf2fa4056fd51a27d25ce2c332047f1dfd6e00?s=96&d=identicon&r=g\",\"contentUrl\":\"https:\\\/\\\/secure.gravatar.com\\\/avatar\\\/1c5e76ef76bbbfdd2b4da984e2bf2fa4056fd51a27d25ce2c332047f1dfd6e00?s=96&d=identicon&r=g\",\"caption\":\"Kohen\"},\"sameAs\":[\"https:\\\/\\\/www.linkedin.com\\\/in\\\/hassan-kohen-448548192\\\/\",\"https:\\\/\\\/www.youtube.com\\\/@Kohen-Avocats\"],\"url\":\"https:\\\/\\\/kohenavocats.com\\\/zh-hans\\\/author\\\/kohenmlk\\\/\"}]}<\/script>\n<!-- \/ Yoast SEO Premium plugin. -->","yoast_head_json":{"title":"Tribunal judiciaire de Strasbourg, le 25 mars 2026, n\u00b025\/00567 - Ma\u00eetre Hassan Kohen, avocat en droit p\u00e9nal \u00e0 Paris","description":"Le juge des r\u00e9f\u00e9r\u00e9s du tribunal judiciaire de Paris, statuant le 25 mars 2026, a \u00e9t\u00e9 saisi par le gestionnaire du r\u00e9seau de distribution de gaz. Ce dernier s...","robots":{"index":"index","follow":"follow","max-snippet":"max-snippet:-1","max-image-preview":"max-image-preview:large","max-video-preview":"max-video-preview:-1"},"canonical":"https:\/\/kohenavocats.com\/zh-hans\/tribunal-judiciaire-de-strasbourg-le-25-mars-2026-n25-00567\/","og_locale":"zh_CN","og_type":"article","og_title":"Tribunal judiciaire de Strasbourg, le 25 mars 2026, n\u00b025\/00567","og_description":"Le juge des r\u00e9f\u00e9r\u00e9s du tribunal judiciaire de Paris, statuant le 25 mars 2026, a \u00e9t\u00e9 saisi par le gestionnaire du r\u00e9seau de distribution de gaz. Ce dernier s...","og_url":"https:\/\/kohenavocats.com\/zh-hans\/tribunal-judiciaire-de-strasbourg-le-25-mars-2026-n25-00567\/","og_site_name":"Ma\u00eetre Hassan Kohen, avocat en droit p\u00e9nal \u00e0 Paris","article_published_time":"2026-04-22T19:21:57+00:00","og_image":[{"width":6000,"height":4000,"url":"https:\/\/kohenavocats.com\/wp-content\/uploads\/2024\/11\/85gb-photo-DKP0bwBFP9I-unsplash.webp","type":"image\/webp"}],"author":"Kohen","twitter_card":"summary_large_image","twitter_misc":{"\u4f5c\u8005":"Kohen","\u9884\u8ba1\u9605\u8bfb\u65f6\u95f4":"3 \u5206"},"schema":{"@context":"https:\/\/schema.org","@graph":[{"@type":"Article","@id":"https:\/\/kohenavocats.com\/zh-hans\/tribunal-judiciaire-de-strasbourg-le-25-mars-2026-n25-00567\/#article","isPartOf":{"@id":"https:\/\/kohenavocats.com\/zh-hans\/tribunal-judiciaire-de-strasbourg-le-25-mars-2026-n25-00567\/"},"author":{"name":"Kohen","@id":"https:\/\/kohenavocats.com\/zh-hans\/#\/schema\/person\/761c9ba54fa1ca84d405cef0831ff751"},"headline":"Tribunal judiciaire de Strasbourg, le 25 mars 2026, n\u00b025\/00567","datePublished":"2026-04-22T19:21:57+00:00","mainEntityOfPage":{"@id":"https:\/\/kohenavocats.com\/zh-hans\/tribunal-judiciaire-de-strasbourg-le-25-mars-2026-n25-00567\/"},"wordCount":748,"commentCount":0,"publisher":{"@id":"https:\/\/kohenavocats.com\/zh-hans\/#organization"},"image":{"@id":"https:\/\/kohenavocats.com\/zh-hans\/tribunal-judiciaire-de-strasbourg-le-25-mars-2026-n25-00567\/#primaryimage"},"thumbnailUrl":"https:\/\/kohenavocats.com\/wp-content\/uploads\/2024\/11\/85gb-photo-DKP0bwBFP9I-unsplash.webp","articleSection":["Jurisprudence"],"inLanguage":"zh-Hans","potentialAction":[{"@type":"CommentAction","name":"Comment","target":["https:\/\/kohenavocats.com\/zh-hans\/tribunal-judiciaire-de-strasbourg-le-25-mars-2026-n25-00567\/#respond"]}],"citation":"Tribunal judiciaire de Strasbourg, le 25 mars 2026, n\u00b025\/00567","about":[{"@type":"Thing","name":"Jurisprudence"}],"dateModified":"2026-04-22T19:21:57+00:00","speakable":{"@type":"SpeakableSpecification","cssSelector":[".article-content > p:first-of-type"]}},{"@type":"WebPage","@id":"https:\/\/kohenavocats.com\/zh-hans\/tribunal-judiciaire-de-strasbourg-le-25-mars-2026-n25-00567\/","url":"https:\/\/kohenavocats.com\/zh-hans\/tribunal-judiciaire-de-strasbourg-le-25-mars-2026-n25-00567\/","name":"Tribunal judiciaire de Strasbourg, le 25 mars 2026, n\u00b025\/00567 - Ma\u00eetre Hassan Kohen, avocat en droit p\u00e9nal \u00e0 Paris","isPartOf":{"@id":"https:\/\/kohenavocats.com\/zh-hans\/#website"},"primaryImageOfPage":{"@id":"https:\/\/kohenavocats.com\/zh-hans\/tribunal-judiciaire-de-strasbourg-le-25-mars-2026-n25-00567\/#primaryimage"},"image":{"@id":"https:\/\/kohenavocats.com\/zh-hans\/tribunal-judiciaire-de-strasbourg-le-25-mars-2026-n25-00567\/#primaryimage"},"thumbnailUrl":"https:\/\/kohenavocats.com\/wp-content\/uploads\/2024\/11\/85gb-photo-DKP0bwBFP9I-unsplash.webp","datePublished":"2026-04-22T19:21:57+00:00","description":"Le juge des r\u00e9f\u00e9r\u00e9s du tribunal judiciaire de Paris, statuant le 25 mars 2026, a \u00e9t\u00e9 saisi par le gestionnaire du r\u00e9seau de distribution de gaz. Ce dernier s...","breadcrumb":{"@id":"https:\/\/kohenavocats.com\/zh-hans\/tribunal-judiciaire-de-strasbourg-le-25-mars-2026-n25-00567\/#breadcrumb"},"inLanguage":"zh-Hans","potentialAction":[{"@type":"ReadAction","target":["https:\/\/kohenavocats.com\/zh-hans\/tribunal-judiciaire-de-strasbourg-le-25-mars-2026-n25-00567\/"]}]},{"@type":"ImageObject","inLanguage":"zh-Hans","@id":"https:\/\/kohenavocats.com\/zh-hans\/tribunal-judiciaire-de-strasbourg-le-25-mars-2026-n25-00567\/#primaryimage","url":"https:\/\/kohenavocats.com\/wp-content\/uploads\/2024\/11\/85gb-photo-DKP0bwBFP9I-unsplash.webp","contentUrl":"https:\/\/kohenavocats.com\/wp-content\/uploads\/2024\/11\/85gb-photo-DKP0bwBFP9I-unsplash.webp","width":6000,"height":4000},{"@type":"BreadcrumbList","@id":"https:\/\/kohenavocats.com\/zh-hans\/tribunal-judiciaire-de-strasbourg-le-25-mars-2026-n25-00567\/#breadcrumb","itemListElement":[{"@type":"ListItem","position":1,"name":"Home","item":"https:\/\/kohenavocats.com\/zh-hans\/"},{"@type":"ListItem","position":2,"name":"Tribunal judiciaire de Strasbourg, le 25 mars 2026, n\u00b025\/00567"}]},{"@type":"WebSite","@id":"https:\/\/kohenavocats.com\/zh-hans\/#website","url":"https:\/\/kohenavocats.com\/zh-hans\/","name":"Kohen Avocats","description":"Ma\u00eetre Hassan Kohen, avocat p\u00e9naliste \u00e0 Paris, intervient exclusivement en droit p\u00e9nal pour la d\u00e9fense des particuliers, notamment en mati\u00e8re d\u2019accusations de viol. Il assure un accompagnement rigoureux d\u00e8s la garde \u00e0 vue jusqu\u2019\u00e0 la Cour d\u2019assises, veillant au strict respect des garanties proc\u00e9durales.","publisher":{"@id":"https:\/\/kohenavocats.com\/zh-hans\/#organization"},"potentialAction":[{"@type":"SearchAction","target":{"@type":"EntryPoint","urlTemplate":"https:\/\/kohenavocats.com\/zh-hans\/?s={search_term_string}"},"query-input":{"@type":"PropertyValueSpecification","valueRequired":true,"valueName":"search_term_string"}}],"inLanguage":"zh-Hans"},{"@type":"Organization","@id":"https:\/\/kohenavocats.com\/zh-hans\/#organization","name":"Kohen Avocats","url":"https:\/\/kohenavocats.com\/zh-hans\/","logo":{"@type":"ImageObject","inLanguage":"zh-Hans","@id":"https:\/\/kohenavocats.com\/zh-hans\/#\/schema\/logo\/image\/","url":"https:\/\/kohenavocats.com\/wp-content\/uploads\/2026\/01\/Logo-2-1.webp","contentUrl":"https:\/\/kohenavocats.com\/wp-content\/uploads\/2026\/01\/Logo-2-1.webp","width":2114,"height":1253,"caption":"Kohen Avocats"},"image":{"@id":"https:\/\/kohenavocats.com\/zh-hans\/#\/schema\/logo\/image\/"}},{"@type":"Person","@id":"https:\/\/kohenavocats.com\/zh-hans\/#\/schema\/person\/761c9ba54fa1ca84d405cef0831ff751","name":"Kohen","image":{"@type":"ImageObject","inLanguage":"zh-Hans","@id":"https:\/\/secure.gravatar.com\/avatar\/1c5e76ef76bbbfdd2b4da984e2bf2fa4056fd51a27d25ce2c332047f1dfd6e00?s=96&d=identicon&r=g","url":"https:\/\/secure.gravatar.com\/avatar\/1c5e76ef76bbbfdd2b4da984e2bf2fa4056fd51a27d25ce2c332047f1dfd6e00?s=96&d=identicon&r=g","contentUrl":"https:\/\/secure.gravatar.com\/avatar\/1c5e76ef76bbbfdd2b4da984e2bf2fa4056fd51a27d25ce2c332047f1dfd6e00?s=96&d=identicon&r=g","caption":"Kohen"},"sameAs":["https:\/\/www.linkedin.com\/in\/hassan-kohen-448548192\/","https:\/\/www.youtube.com\/@Kohen-Avocats"],"url":"https:\/\/kohenavocats.com\/zh-hans\/author\/kohenmlk\/"}]}},"jetpack_featured_media_url":"https:\/\/kohenavocats.com\/wp-content\/uploads\/2024\/11\/85gb-photo-DKP0bwBFP9I-unsplash.webp","jetpack_likes_enabled":false,"jetpack_shortlink":"https:\/\/wp.me\/peCrII-2JvI","jetpack-related-posts":[{"id":625908,"url":"https:\/\/kohenavocats.com\/zh-hans\/tribunal-judiciaire-de-strasbourg-le-26-mars-2026-n25-00632\/","url_meta":{"origin":651602,"position":0},"title":"Tribunal judiciaire de Strasbourg, le 26 mars 2026, n\u00b025\/00632","author":"Kohen","date":"2026\u5e744\u670820\u65e5","format":false,"excerpt":"Le tribunal judiciaire de Strasbourg, statuant le \u2026","rel":"","context":"\u5728\u201cJurisprudence\u201d\u4e2d","block_context":{"text":"Jurisprudence","link":"https:\/\/kohenavocats.com\/category\/jurisprudence\/"},"img":{"alt_text":"","src":"https:\/\/i0.wp.com\/kohenavocats.com\/wp-content\/uploads\/2024\/11\/frank-van-hulst-0ICcSSgR3Fw-unsplash.webp?resize=350%2C200&ssl=1","width":350,"height":200,"srcset":"https:\/\/i0.wp.com\/kohenavocats.com\/wp-content\/uploads\/2024\/11\/frank-van-hulst-0ICcSSgR3Fw-unsplash.webp?resize=350%2C200&ssl=1 1x, https:\/\/i0.wp.com\/kohenavocats.com\/wp-content\/uploads\/2024\/11\/frank-van-hulst-0ICcSSgR3Fw-unsplash.webp?resize=525%2C300&ssl=1 1.5x, https:\/\/i0.wp.com\/kohenavocats.com\/wp-content\/uploads\/2024\/11\/frank-van-hulst-0ICcSSgR3Fw-unsplash.webp?resize=700%2C400&ssl=1 2x, https:\/\/i0.wp.com\/kohenavocats.com\/wp-content\/uploads\/2024\/11\/frank-van-hulst-0ICcSSgR3Fw-unsplash.webp?resize=1050%2C600&ssl=1 3x, https:\/\/i0.wp.com\/kohenavocats.com\/wp-content\/uploads\/2024\/11\/frank-van-hulst-0ICcSSgR3Fw-unsplash.webp?resize=1400%2C800&ssl=1 4x"},"classes":[]},{"id":626039,"url":"https:\/\/kohenavocats.com\/zh-hans\/tribunal-judiciaire-de-strasbourg-le-12-mars-2026-n25-00654\/","url_meta":{"origin":651602,"position":1},"title":"Tribunal judiciaire de Strasbourg, le 12 mars 2026, n\u00b025\/00654","author":"Kohen","date":"2026\u5e744\u670820\u65e5","format":false,"excerpt":"Le tribunal judiciaire, statuant en la forme des r\u2026","rel":"","context":"\u5728\u201cJurisprudence\u201d\u4e2d","block_context":{"text":"Jurisprudence","link":"https:\/\/kohenavocats.com\/category\/jurisprudence\/"},"img":{"alt_text":"","src":"https:\/\/i0.wp.com\/kohenavocats.com\/wp-content\/uploads\/2024\/11\/mohamed-nohassi-CRktpOMkRIs-unsplash.webp?resize=350%2C200&ssl=1","width":350,"height":200,"srcset":"https:\/\/i0.wp.com\/kohenavocats.com\/wp-content\/uploads\/2024\/11\/mohamed-nohassi-CRktpOMkRIs-unsplash.webp?resize=350%2C200&ssl=1 1x, https:\/\/i0.wp.com\/kohenavocats.com\/wp-content\/uploads\/2024\/11\/mohamed-nohassi-CRktpOMkRIs-unsplash.webp?resize=525%2C300&ssl=1 1.5x, https:\/\/i0.wp.com\/kohenavocats.com\/wp-content\/uploads\/2024\/11\/mohamed-nohassi-CRktpOMkRIs-unsplash.webp?resize=700%2C400&ssl=1 2x, https:\/\/i0.wp.com\/kohenavocats.com\/wp-content\/uploads\/2024\/11\/mohamed-nohassi-CRktpOMkRIs-unsplash.webp?resize=1050%2C600&ssl=1 3x, https:\/\/i0.wp.com\/kohenavocats.com\/wp-content\/uploads\/2024\/11\/mohamed-nohassi-CRktpOMkRIs-unsplash.webp?resize=1400%2C800&ssl=1 4x"},"classes":[]},{"id":651324,"url":"https:\/\/kohenavocats.com\/zh-hans\/tribunal-judiciaire-de-strasbourg-le-12-mars-2026-n25-00568\/","url_meta":{"origin":651602,"position":2},"title":"Tribunal judiciaire de Strasbourg, le 12 mars 2026, n\u00b025\/00568","author":"Kohen","date":"2026\u5e744\u670822\u65e5","format":false,"excerpt":"Le tribunal judiciaire, statuant en r\u00e9f\u00e9r\u00e9 le 12 m\u2026","rel":"","context":"\u5728\u201cJurisprudence\u201d\u4e2d","block_context":{"text":"Jurisprudence","link":"https:\/\/kohenavocats.com\/category\/jurisprudence\/"},"img":{"alt_text":"","src":"https:\/\/i0.wp.com\/kohenavocats.com\/wp-content\/uploads\/2024\/11\/isidore-decamon-3M58ebH7qxc-unsplash.webp?resize=350%2C200&ssl=1","width":350,"height":200,"srcset":"https:\/\/i0.wp.com\/kohenavocats.com\/wp-content\/uploads\/2024\/11\/isidore-decamon-3M58ebH7qxc-unsplash.webp?resize=350%2C200&ssl=1 1x, https:\/\/i0.wp.com\/kohenavocats.com\/wp-content\/uploads\/2024\/11\/isidore-decamon-3M58ebH7qxc-unsplash.webp?resize=525%2C300&ssl=1 1.5x, https:\/\/i0.wp.com\/kohenavocats.com\/wp-content\/uploads\/2024\/11\/isidore-decamon-3M58ebH7qxc-unsplash.webp?resize=700%2C400&ssl=1 2x, https:\/\/i0.wp.com\/kohenavocats.com\/wp-content\/uploads\/2024\/11\/isidore-decamon-3M58ebH7qxc-unsplash.webp?resize=1050%2C600&ssl=1 3x, https:\/\/i0.wp.com\/kohenavocats.com\/wp-content\/uploads\/2024\/11\/isidore-decamon-3M58ebH7qxc-unsplash.webp?resize=1400%2C800&ssl=1 4x"},"classes":[]},{"id":482471,"url":"https:\/\/kohenavocats.com\/zh-hans\/tribunal-judiciaire-de-paris-le-16-mai-2025-n25-00727\/","url_meta":{"origin":651602,"position":3},"title":"Tribunal judiciaire de Paris, le 16 mai 2025, n\u00b025\/00727","author":"Kohen","date":"2026\u5e744\u67088\u65e5","format":false,"excerpt":"Le tribunal judiciaire de Paris, statuant en r\u00e9f\u00e9r\u2026","rel":"","context":"\u5728\u201cJurisprudence\u201d\u4e2d","block_context":{"text":"Jurisprudence","link":"https:\/\/kohenavocats.com\/category\/jurisprudence\/"},"img":{"alt_text":"","src":"https:\/\/i0.wp.com\/kohenavocats.com\/wp-content\/uploads\/2024\/06\/the-free-birds-9nGaQJjAAng-unsplash.webp?resize=350%2C200&ssl=1","width":350,"height":200,"srcset":"https:\/\/i0.wp.com\/kohenavocats.com\/wp-content\/uploads\/2024\/06\/the-free-birds-9nGaQJjAAng-unsplash.webp?resize=350%2C200&ssl=1 1x, https:\/\/i0.wp.com\/kohenavocats.com\/wp-content\/uploads\/2024\/06\/the-free-birds-9nGaQJjAAng-unsplash.webp?resize=525%2C300&ssl=1 1.5x, https:\/\/i0.wp.com\/kohenavocats.com\/wp-content\/uploads\/2024\/06\/the-free-birds-9nGaQJjAAng-unsplash.webp?resize=700%2C400&ssl=1 2x, https:\/\/i0.wp.com\/kohenavocats.com\/wp-content\/uploads\/2024\/06\/the-free-birds-9nGaQJjAAng-unsplash.webp?resize=1050%2C600&ssl=1 3x, https:\/\/i0.wp.com\/kohenavocats.com\/wp-content\/uploads\/2024\/06\/the-free-birds-9nGaQJjAAng-unsplash.webp?resize=1400%2C800&ssl=1 4x"},"classes":[]},{"id":478186,"url":"https:\/\/kohenavocats.com\/zh-hans\/tribunal-judiciaire-le-29-mai-2025-n25-00832\/","url_meta":{"origin":651602,"position":4},"title":"Tribunal judiciaire, le 29 mai 2025, n\u00b025\/00832","author":"Kohen","date":"2026\u5e744\u67087\u65e5","format":false,"excerpt":"Le tribunal judiciaire, statuant en la forme des r\u2026","rel":"","context":"\u5728\u201cJurisprudence\u201d\u4e2d","block_context":{"text":"Jurisprudence","link":"https:\/\/kohenavocats.com\/category\/jurisprudence\/"},"img":{"alt_text":"","src":"https:\/\/i0.wp.com\/kohenavocats.com\/wp-content\/uploads\/2024\/07\/prateek-katyal-_YzGQvASeMk-unsplash.webp?resize=350%2C200&ssl=1","width":350,"height":200,"srcset":"https:\/\/i0.wp.com\/kohenavocats.com\/wp-content\/uploads\/2024\/07\/prateek-katyal-_YzGQvASeMk-unsplash.webp?resize=350%2C200&ssl=1 1x, https:\/\/i0.wp.com\/kohenavocats.com\/wp-content\/uploads\/2024\/07\/prateek-katyal-_YzGQvASeMk-unsplash.webp?resize=525%2C300&ssl=1 1.5x, https:\/\/i0.wp.com\/kohenavocats.com\/wp-content\/uploads\/2024\/07\/prateek-katyal-_YzGQvASeMk-unsplash.webp?resize=700%2C400&ssl=1 2x, https:\/\/i0.wp.com\/kohenavocats.com\/wp-content\/uploads\/2024\/07\/prateek-katyal-_YzGQvASeMk-unsplash.webp?resize=1050%2C600&ssl=1 3x, https:\/\/i0.wp.com\/kohenavocats.com\/wp-content\/uploads\/2024\/07\/prateek-katyal-_YzGQvASeMk-unsplash.webp?resize=1400%2C800&ssl=1 4x"},"classes":[]},{"id":608145,"url":"https:\/\/kohenavocats.com\/zh-hans\/tribunal-judiciaire-de-paris-le-9-mai-2025-n25-00696\/","url_meta":{"origin":651602,"position":5},"title":"Tribunal judiciaire de Paris, le 9 mai 2025, n\u00b025\/00696","author":"Kohen","date":"2026\u5e744\u670819\u65e5","format":false,"excerpt":"Le tribunal judiciaire de Paris, statuant en r\u00e9f\u00e9r\u2026","rel":"","context":"\u5728\u201cJurisprudence\u201d\u4e2d","block_context":{"text":"Jurisprudence","link":"https:\/\/kohenavocats.com\/category\/jurisprudence\/"},"img":{"alt_text":"","src":"https:\/\/i0.wp.com\/kohenavocats.com\/wp-content\/uploads\/2024\/11\/getty-images-SjE4Eirl2ro-unsplash.webp?resize=350%2C200&ssl=1","width":350,"height":200,"srcset":"https:\/\/i0.wp.com\/kohenavocats.com\/wp-content\/uploads\/2024\/11\/getty-images-SjE4Eirl2ro-unsplash.webp?resize=350%2C200&ssl=1 1x, https:\/\/i0.wp.com\/kohenavocats.com\/wp-content\/uploads\/2024\/11\/getty-images-SjE4Eirl2ro-unsplash.webp?resize=525%2C300&ssl=1 1.5x, https:\/\/i0.wp.com\/kohenavocats.com\/wp-content\/uploads\/2024\/11\/getty-images-SjE4Eirl2ro-unsplash.webp?resize=700%2C400&ssl=1 2x, https:\/\/i0.wp.com\/kohenavocats.com\/wp-content\/uploads\/2024\/11\/getty-images-SjE4Eirl2ro-unsplash.webp?resize=1050%2C600&ssl=1 3x, https:\/\/i0.wp.com\/kohenavocats.com\/wp-content\/uploads\/2024\/11\/getty-images-SjE4Eirl2ro-unsplash.webp?resize=1400%2C800&ssl=1 4x"},"classes":[]}],"jetpack_sharing_enabled":true,"_links":{"self":[{"href":"https:\/\/kohenavocats.com\/zh-hans\/wp-json\/wp\/v2\/posts\/651602","targetHints":{"allow":["GET"]}}],"collection":[{"href":"https:\/\/kohenavocats.com\/zh-hans\/wp-json\/wp\/v2\/posts"}],"about":[{"href":"https:\/\/kohenavocats.com\/zh-hans\/wp-json\/wp\/v2\/types\/post"}],"author":[{"embeddable":true,"href":"https:\/\/kohenavocats.com\/zh-hans\/wp-json\/wp\/v2\/users\/232070755"}],"replies":[{"embeddable":true,"href":"https:\/\/kohenavocats.com\/zh-hans\/wp-json\/wp\/v2\/comments?post=651602"}],"version-history":[{"count":0,"href":"https:\/\/kohenavocats.com\/zh-hans\/wp-json\/wp\/v2\/posts\/651602\/revisions"}],"wp:featuredmedia":[{"embeddable":true,"href":"https:\/\/kohenavocats.com\/zh-hans\/wp-json\/wp\/v2\/media\/9646"}],"wp:attachment":[{"href":"https:\/\/kohenavocats.com\/zh-hans\/wp-json\/wp\/v2\/media?parent=651602"}],"wp:term":[{"taxonomy":"category","embeddable":true,"href":"https:\/\/kohenavocats.com\/zh-hans\/wp-json\/wp\/v2\/categories?post=651602"},{"taxonomy":"post_tag","embeddable":true,"href":"https:\/\/kohenavocats.com\/zh-hans\/wp-json\/wp\/v2\/tags?post=651602"}],"curies":[{"name":"wp","href":"https:\/\/api.w.org\/{rel}","templated":true}]}}