{"id":651846,"date":"2026-04-22T21:50:10","date_gmt":"2026-04-22T19:50:10","guid":{"rendered":"https:\/\/kohenavocats.com\/tribunal-judiciaire-de-marseille-le-2-octobre-2025-n25-03719\/"},"modified":"2026-04-22T21:50:10","modified_gmt":"2026-04-22T19:50:10","slug":"tribunal-judiciaire-de-marseille-le-2-octobre-2025-n25-03719","status":"publish","type":"post","link":"https:\/\/kohenavocats.com\/zh-hans\/tribunal-judiciaire-de-marseille-le-2-octobre-2025-n25-03719\/","title":{"rendered":"Tribunal judiciaire de Marseille, le 2 octobre 2025, n\u00b025\/03719"},"content":{"rendered":"<div class=\"article-content\">\n<p>Le juge des contentieux de la protection, statuant en r\u00e9f\u00e9r\u00e9, a rendu une ordonnance le 2 octobre 2025. Un organisme public de l&#8217;habitat a sollicit\u00e9 la r\u00e9siliation d&#8217;un bail pour impay\u00e9s et le paiement des sommes dues. Le juge a constat\u00e9 la r\u00e9siliation et condamn\u00e9 le locataire au paiement provisionnel. Il a surtout accord\u00e9 un d\u00e9lai de paiement exceptionnel avec suspension des effets de la clause r\u00e9solutoire. Cette d\u00e9cision illustre l&#8217;\u00e9quilibre recherch\u00e9 entre protection du cr\u00e9ancier et sauvegarde du logement du d\u00e9biteur.<\/p>\n<p>La r\u00e9gularit\u00e9 proc\u00e9durale de la r\u00e9siliation pour impay\u00e9s<\/p>\n<p>Le juge v\u00e9rifie d&#8217;abord le strict respect des formalit\u00e9s pr\u00e9alables \u00e0 l&#8217;action en justice. La notification de l&#8217;assignation \u00e0 la pr\u00e9fecture a bien \u00e9t\u00e9 effectu\u00e9e plus de six semaines avant l&#8217;audience. Le bailleur a \u00e9galement justifi\u00e9 du signalement des impay\u00e9s \u00e0 la Caisse d&#8217;allocations familiales deux mois avant l&#8217;assignation. Ces conditions de recevabilit\u00e9, issues de la loi du 6 juillet 1989, sont ainsi satisfaites.<\/p>\n<p>La r\u00e9gularit\u00e9 du commandement de payer est ensuite scrupuleusement examin\u00e9e. Le bail contenait une clause r\u00e9solutoire pr\u00e9voyant un d\u00e9lai de deux mois. Le commandement d\u00e9livr\u00e9 rappelait ce d\u00e9lai et comportait les mentions l\u00e9gales obligatoires. &#8220;Ce commandement rappelle la mention que la locataire dispose d&#8217;un d\u00e9lai de deux mois pour payer sa dette, comporte le d\u00e9compte de la dette et l&#8217;avertissement qu&#8217;\u00e0 d\u00e9faut de paiement dans les deux mois [&#8230;] la locataire s&#8217;expose \u00e0 une proc\u00e9dure judiciaire&#8221; (Motifs). Il est donc d\u00e9clar\u00e9 r\u00e9gulier en sa forme.<\/p>\n<p>L&#8217;am\u00e9nagement judiciaire des cons\u00e9quences de l&#8217;impay\u00e9<\/p>\n<p>Le juge constate l&#8217;acquisition de la clause r\u00e9solutoire mais en suspend imm\u00e9diatement les effets. Le locataire ayant repris le paiement du loyer courant, le juge applique les dispositions protectrices de la loi. &#8220;L&#8217;article 24 V de la loi 89-462 du 6 juillet 1989 [&#8230;] permet au juge m\u00eame d&#8217;office, \u00e0 la condition que le locataire soit en situation de r\u00e9gler sa dette locative et qu&#8217;il ait repris le versement int\u00e9gral du loyer courant avant la date de l&#8217;audience, accorder des d\u00e9lais de paiement&#8221; (Motifs). Un moratoire de trente-cinq mois est ainsi ordonn\u00e9.<\/p>\n<p>La port\u00e9e de cette suspension est pr\u00e9cis\u00e9e avec une grande clart\u00e9. Elle offre au locataire une v\u00e9ritable chance de r\u00e9gularisation sous conditions strictes. &#8220;Si le locataire se lib\u00e8re de sa dette locative dans le d\u00e9lai et selon les modalit\u00e9s fix\u00e9s par le juge, la clause de r\u00e9siliation de plein droit est r\u00e9put\u00e9e ne pas avoir jou\u00e9&#8221; (Motifs). Le dispositif d\u00e9taille les cons\u00e9quences d&#8217;un manquement, r\u00e9tablissant automatiquement la r\u00e9siliation et autorisant l&#8217;expulsion. Cette d\u00e9cision op\u00e8re une conciliation pragmatique entre les int\u00e9r\u00eats en pr\u00e9sence, donnant la priorit\u00e9 au maintien dans les lieux sous r\u00e9serve d&#8217;un paiement disciplin\u00e9.<\/p>\n<\/div>\n","protected":false},"excerpt":{"rendered":"<p>Le juge des contentieux de la protection, statuant en r\u00e9f\u00e9r\u00e9, a rendu une ordonnance le 2 octobre 2025. Un organisme public de l&#8217;habitat a sollicit\u00e9 la r\u00e9sil&#8230;<\/p>\n","protected":false},"author":232070755,"featured_media":9653,"comment_status":"open","ping_status":"open","sticky":false,"template":"","format":"standard","meta":{"_crdt_document":"","_jetpack_newsletter_access":"","_jetpack_dont_email_post_to_subs":false,"_jetpack_newsletter_tier_id":0,"_jetpack_memberships_contains_paywalled_content":false,"_jetpack_memberships_contains_paid_content":false,"footnotes":"","jetpack_post_was_ever_published":false},"categories":[7597],"tags":[],"class_list":["post-651846","post","type-post","status-publish","format-standard","has-post-thumbnail","hentry","category-jurisprudence"],"yoast_head":"<!-- This site is optimized with the Yoast SEO Premium plugin v27.4 (Yoast SEO v27.4) - https:\/\/yoast.com\/product\/yoast-seo-premium-wordpress\/ -->\n<title>Tribunal judiciaire de Marseille, le 2 octobre 2025, n\u00b025\/03719 - Ma\u00eetre Hassan Kohen, avocat en droit p\u00e9nal \u00e0 Paris<\/title>\n<meta name=\"description\" content=\"Le juge des contentieux de la protection, statuant en r\u00e9f\u00e9r\u00e9, a rendu une ordonnance le 2 octobre 2025. Un organisme public de l&#039;habitat a sollicit\u00e9 la r\u00e9sil...\" \/>\n<meta name=\"robots\" content=\"index, follow, max-snippet:-1, max-image-preview:large, max-video-preview:-1\" \/>\n<link rel=\"canonical\" href=\"https:\/\/kohenavocats.com\/zh-hans\/tribunal-judiciaire-de-marseille-le-2-octobre-2025-n25-03719\/\" \/>\n<meta property=\"og:locale\" content=\"zh_CN\" \/>\n<meta property=\"og:type\" content=\"article\" \/>\n<meta property=\"og:title\" content=\"Tribunal judiciaire de Marseille, le 2 octobre 2025, n\u00b025\/03719\" \/>\n<meta property=\"og:description\" content=\"Le juge des contentieux de la protection, statuant en r\u00e9f\u00e9r\u00e9, a rendu une ordonnance le 2 octobre 2025. Un organisme public de l&#039;habitat a sollicit\u00e9 la r\u00e9sil...\" \/>\n<meta property=\"og:url\" content=\"https:\/\/kohenavocats.com\/zh-hans\/tribunal-judiciaire-de-marseille-le-2-octobre-2025-n25-03719\/\" \/>\n<meta property=\"og:site_name\" content=\"Ma\u00eetre Hassan Kohen, avocat en droit p\u00e9nal \u00e0 Paris\" \/>\n<meta property=\"article:published_time\" content=\"2026-04-22T19:50:10+00:00\" \/>\n<meta property=\"og:image\" content=\"https:\/\/kohenavocats.com\/wp-content\/uploads\/2024\/11\/laura-adai-hhsSCQVroM8-unsplash.webp\" \/>\n\t<meta property=\"og:image:width\" content=\"7086\" \/>\n\t<meta property=\"og:image:height\" content=\"4724\" \/>\n\t<meta property=\"og:image:type\" content=\"image\/webp\" \/>\n<meta name=\"author\" content=\"Kohen\" \/>\n<meta name=\"twitter:card\" content=\"summary_large_image\" \/>\n<meta name=\"twitter:label1\" content=\"\u4f5c\u8005\" \/>\n\t<meta name=\"twitter:data1\" content=\"Kohen\" \/>\n\t<meta name=\"twitter:label2\" content=\"\u9884\u8ba1\u9605\u8bfb\u65f6\u95f4\" \/>\n\t<meta name=\"twitter:data2\" content=\"2 \u5206\" \/>\n<script type=\"application\/ld+json\" class=\"yoast-schema-graph\">{\"@context\":\"https:\\\/\\\/schema.org\",\"@graph\":[{\"@type\":\"Article\",\"@id\":\"https:\\\/\\\/kohenavocats.com\\\/zh-hans\\\/tribunal-judiciaire-de-marseille-le-2-octobre-2025-n25-03719\\\/#article\",\"isPartOf\":{\"@id\":\"https:\\\/\\\/kohenavocats.com\\\/zh-hans\\\/tribunal-judiciaire-de-marseille-le-2-octobre-2025-n25-03719\\\/\"},\"author\":{\"name\":\"Kohen\",\"@id\":\"https:\\\/\\\/kohenavocats.com\\\/zh-hans\\\/#\\\/schema\\\/person\\\/761c9ba54fa1ca84d405cef0831ff751\"},\"headline\":\"Tribunal judiciaire de Marseille, le 2 octobre 2025, n\u00b025\\\/03719\",\"datePublished\":\"2026-04-22T19:50:10+00:00\",\"mainEntityOfPage\":{\"@id\":\"https:\\\/\\\/kohenavocats.com\\\/zh-hans\\\/tribunal-judiciaire-de-marseille-le-2-octobre-2025-n25-03719\\\/\"},\"wordCount\":511,\"commentCount\":0,\"publisher\":{\"@id\":\"https:\\\/\\\/kohenavocats.com\\\/zh-hans\\\/#organization\"},\"image\":{\"@id\":\"https:\\\/\\\/kohenavocats.com\\\/zh-hans\\\/tribunal-judiciaire-de-marseille-le-2-octobre-2025-n25-03719\\\/#primaryimage\"},\"thumbnailUrl\":\"https:\\\/\\\/kohenavocats.com\\\/wp-content\\\/uploads\\\/2024\\\/11\\\/laura-adai-hhsSCQVroM8-unsplash.webp\",\"articleSection\":[\"Jurisprudence\"],\"inLanguage\":\"zh-Hans\",\"potentialAction\":[{\"@type\":\"CommentAction\",\"name\":\"Comment\",\"target\":[\"https:\\\/\\\/kohenavocats.com\\\/zh-hans\\\/tribunal-judiciaire-de-marseille-le-2-octobre-2025-n25-03719\\\/#respond\"]}],\"citation\":\"Tribunal judiciaire de Marseille, le 2 octobre 2025, n\u00b025\\\/03719\",\"about\":[{\"@type\":\"Thing\",\"name\":\"Jurisprudence\"}],\"dateModified\":\"2026-04-22T19:50:10+00:00\",\"speakable\":{\"@type\":\"SpeakableSpecification\",\"cssSelector\":[\".article-content > p:first-of-type\"]}},{\"@type\":\"WebPage\",\"@id\":\"https:\\\/\\\/kohenavocats.com\\\/zh-hans\\\/tribunal-judiciaire-de-marseille-le-2-octobre-2025-n25-03719\\\/\",\"url\":\"https:\\\/\\\/kohenavocats.com\\\/zh-hans\\\/tribunal-judiciaire-de-marseille-le-2-octobre-2025-n25-03719\\\/\",\"name\":\"Tribunal judiciaire de Marseille, le 2 octobre 2025, n\u00b025\\\/03719 - Ma\u00eetre Hassan Kohen, avocat en droit p\u00e9nal \u00e0 Paris\",\"isPartOf\":{\"@id\":\"https:\\\/\\\/kohenavocats.com\\\/zh-hans\\\/#website\"},\"primaryImageOfPage\":{\"@id\":\"https:\\\/\\\/kohenavocats.com\\\/zh-hans\\\/tribunal-judiciaire-de-marseille-le-2-octobre-2025-n25-03719\\\/#primaryimage\"},\"image\":{\"@id\":\"https:\\\/\\\/kohenavocats.com\\\/zh-hans\\\/tribunal-judiciaire-de-marseille-le-2-octobre-2025-n25-03719\\\/#primaryimage\"},\"thumbnailUrl\":\"https:\\\/\\\/kohenavocats.com\\\/wp-content\\\/uploads\\\/2024\\\/11\\\/laura-adai-hhsSCQVroM8-unsplash.webp\",\"datePublished\":\"2026-04-22T19:50:10+00:00\",\"description\":\"Le juge des contentieux de la protection, statuant en r\u00e9f\u00e9r\u00e9, a rendu une ordonnance le 2 octobre 2025. Un organisme public de l'habitat a sollicit\u00e9 la r\u00e9sil...\",\"breadcrumb\":{\"@id\":\"https:\\\/\\\/kohenavocats.com\\\/zh-hans\\\/tribunal-judiciaire-de-marseille-le-2-octobre-2025-n25-03719\\\/#breadcrumb\"},\"inLanguage\":\"zh-Hans\",\"potentialAction\":[{\"@type\":\"ReadAction\",\"target\":[\"https:\\\/\\\/kohenavocats.com\\\/zh-hans\\\/tribunal-judiciaire-de-marseille-le-2-octobre-2025-n25-03719\\\/\"]}]},{\"@type\":\"ImageObject\",\"inLanguage\":\"zh-Hans\",\"@id\":\"https:\\\/\\\/kohenavocats.com\\\/zh-hans\\\/tribunal-judiciaire-de-marseille-le-2-octobre-2025-n25-03719\\\/#primaryimage\",\"url\":\"https:\\\/\\\/kohenavocats.com\\\/wp-content\\\/uploads\\\/2024\\\/11\\\/laura-adai-hhsSCQVroM8-unsplash.webp\",\"contentUrl\":\"https:\\\/\\\/kohenavocats.com\\\/wp-content\\\/uploads\\\/2024\\\/11\\\/laura-adai-hhsSCQVroM8-unsplash.webp\",\"width\":7086,\"height\":4724},{\"@type\":\"BreadcrumbList\",\"@id\":\"https:\\\/\\\/kohenavocats.com\\\/zh-hans\\\/tribunal-judiciaire-de-marseille-le-2-octobre-2025-n25-03719\\\/#breadcrumb\",\"itemListElement\":[{\"@type\":\"ListItem\",\"position\":1,\"name\":\"Home\",\"item\":\"https:\\\/\\\/kohenavocats.com\\\/zh-hans\\\/\"},{\"@type\":\"ListItem\",\"position\":2,\"name\":\"Tribunal judiciaire de Marseille, le 2 octobre 2025, n\u00b025\\\/03719\"}]},{\"@type\":\"WebSite\",\"@id\":\"https:\\\/\\\/kohenavocats.com\\\/zh-hans\\\/#website\",\"url\":\"https:\\\/\\\/kohenavocats.com\\\/zh-hans\\\/\",\"name\":\"Kohen Avocats\",\"description\":\"Ma\u00eetre Hassan Kohen, avocat p\u00e9naliste \u00e0 Paris, intervient exclusivement en droit p\u00e9nal pour la d\u00e9fense des particuliers, notamment en mati\u00e8re d\u2019accusations de viol. Il assure un accompagnement rigoureux d\u00e8s la garde \u00e0 vue jusqu\u2019\u00e0 la Cour d\u2019assises, veillant au strict respect des garanties proc\u00e9durales.\",\"publisher\":{\"@id\":\"https:\\\/\\\/kohenavocats.com\\\/zh-hans\\\/#organization\"},\"potentialAction\":[{\"@type\":\"SearchAction\",\"target\":{\"@type\":\"EntryPoint\",\"urlTemplate\":\"https:\\\/\\\/kohenavocats.com\\\/zh-hans\\\/?s={search_term_string}\"},\"query-input\":{\"@type\":\"PropertyValueSpecification\",\"valueRequired\":true,\"valueName\":\"search_term_string\"}}],\"inLanguage\":\"zh-Hans\"},{\"@type\":\"Organization\",\"@id\":\"https:\\\/\\\/kohenavocats.com\\\/zh-hans\\\/#organization\",\"name\":\"Kohen Avocats\",\"url\":\"https:\\\/\\\/kohenavocats.com\\\/zh-hans\\\/\",\"logo\":{\"@type\":\"ImageObject\",\"inLanguage\":\"zh-Hans\",\"@id\":\"https:\\\/\\\/kohenavocats.com\\\/zh-hans\\\/#\\\/schema\\\/logo\\\/image\\\/\",\"url\":\"https:\\\/\\\/kohenavocats.com\\\/wp-content\\\/uploads\\\/2026\\\/01\\\/Logo-2-1.webp\",\"contentUrl\":\"https:\\\/\\\/kohenavocats.com\\\/wp-content\\\/uploads\\\/2026\\\/01\\\/Logo-2-1.webp\",\"width\":2114,\"height\":1253,\"caption\":\"Kohen Avocats\"},\"image\":{\"@id\":\"https:\\\/\\\/kohenavocats.com\\\/zh-hans\\\/#\\\/schema\\\/logo\\\/image\\\/\"}},{\"@type\":\"Person\",\"@id\":\"https:\\\/\\\/kohenavocats.com\\\/zh-hans\\\/#\\\/schema\\\/person\\\/761c9ba54fa1ca84d405cef0831ff751\",\"name\":\"Kohen\",\"image\":{\"@type\":\"ImageObject\",\"inLanguage\":\"zh-Hans\",\"@id\":\"https:\\\/\\\/secure.gravatar.com\\\/avatar\\\/1c5e76ef76bbbfdd2b4da984e2bf2fa4056fd51a27d25ce2c332047f1dfd6e00?s=96&d=identicon&r=g\",\"url\":\"https:\\\/\\\/secure.gravatar.com\\\/avatar\\\/1c5e76ef76bbbfdd2b4da984e2bf2fa4056fd51a27d25ce2c332047f1dfd6e00?s=96&d=identicon&r=g\",\"contentUrl\":\"https:\\\/\\\/secure.gravatar.com\\\/avatar\\\/1c5e76ef76bbbfdd2b4da984e2bf2fa4056fd51a27d25ce2c332047f1dfd6e00?s=96&d=identicon&r=g\",\"caption\":\"Kohen\"},\"sameAs\":[\"https:\\\/\\\/www.linkedin.com\\\/in\\\/hassan-kohen-448548192\\\/\",\"https:\\\/\\\/www.youtube.com\\\/@Kohen-Avocats\"],\"url\":\"https:\\\/\\\/kohenavocats.com\\\/zh-hans\\\/author\\\/kohenmlk\\\/\"}]}<\/script>\n<!-- \/ Yoast SEO Premium plugin. -->","yoast_head_json":{"title":"Tribunal judiciaire de Marseille, le 2 octobre 2025, n\u00b025\/03719 - Ma\u00eetre Hassan Kohen, avocat en droit p\u00e9nal \u00e0 Paris","description":"Le juge des contentieux de la protection, statuant en r\u00e9f\u00e9r\u00e9, a rendu une ordonnance le 2 octobre 2025. Un organisme public de l'habitat a sollicit\u00e9 la r\u00e9sil...","robots":{"index":"index","follow":"follow","max-snippet":"max-snippet:-1","max-image-preview":"max-image-preview:large","max-video-preview":"max-video-preview:-1"},"canonical":"https:\/\/kohenavocats.com\/zh-hans\/tribunal-judiciaire-de-marseille-le-2-octobre-2025-n25-03719\/","og_locale":"zh_CN","og_type":"article","og_title":"Tribunal judiciaire de Marseille, le 2 octobre 2025, n\u00b025\/03719","og_description":"Le juge des contentieux de la protection, statuant en r\u00e9f\u00e9r\u00e9, a rendu une ordonnance le 2 octobre 2025. Un organisme public de l'habitat a sollicit\u00e9 la r\u00e9sil...","og_url":"https:\/\/kohenavocats.com\/zh-hans\/tribunal-judiciaire-de-marseille-le-2-octobre-2025-n25-03719\/","og_site_name":"Ma\u00eetre Hassan Kohen, avocat en droit p\u00e9nal \u00e0 Paris","article_published_time":"2026-04-22T19:50:10+00:00","og_image":[{"width":7086,"height":4724,"url":"https:\/\/kohenavocats.com\/wp-content\/uploads\/2024\/11\/laura-adai-hhsSCQVroM8-unsplash.webp","type":"image\/webp"}],"author":"Kohen","twitter_card":"summary_large_image","twitter_misc":{"\u4f5c\u8005":"Kohen","\u9884\u8ba1\u9605\u8bfb\u65f6\u95f4":"2 \u5206"},"schema":{"@context":"https:\/\/schema.org","@graph":[{"@type":"Article","@id":"https:\/\/kohenavocats.com\/zh-hans\/tribunal-judiciaire-de-marseille-le-2-octobre-2025-n25-03719\/#article","isPartOf":{"@id":"https:\/\/kohenavocats.com\/zh-hans\/tribunal-judiciaire-de-marseille-le-2-octobre-2025-n25-03719\/"},"author":{"name":"Kohen","@id":"https:\/\/kohenavocats.com\/zh-hans\/#\/schema\/person\/761c9ba54fa1ca84d405cef0831ff751"},"headline":"Tribunal judiciaire de Marseille, le 2 octobre 2025, n\u00b025\/03719","datePublished":"2026-04-22T19:50:10+00:00","mainEntityOfPage":{"@id":"https:\/\/kohenavocats.com\/zh-hans\/tribunal-judiciaire-de-marseille-le-2-octobre-2025-n25-03719\/"},"wordCount":511,"commentCount":0,"publisher":{"@id":"https:\/\/kohenavocats.com\/zh-hans\/#organization"},"image":{"@id":"https:\/\/kohenavocats.com\/zh-hans\/tribunal-judiciaire-de-marseille-le-2-octobre-2025-n25-03719\/#primaryimage"},"thumbnailUrl":"https:\/\/kohenavocats.com\/wp-content\/uploads\/2024\/11\/laura-adai-hhsSCQVroM8-unsplash.webp","articleSection":["Jurisprudence"],"inLanguage":"zh-Hans","potentialAction":[{"@type":"CommentAction","name":"Comment","target":["https:\/\/kohenavocats.com\/zh-hans\/tribunal-judiciaire-de-marseille-le-2-octobre-2025-n25-03719\/#respond"]}],"citation":"Tribunal judiciaire de Marseille, le 2 octobre 2025, n\u00b025\/03719","about":[{"@type":"Thing","name":"Jurisprudence"}],"dateModified":"2026-04-22T19:50:10+00:00","speakable":{"@type":"SpeakableSpecification","cssSelector":[".article-content > p:first-of-type"]}},{"@type":"WebPage","@id":"https:\/\/kohenavocats.com\/zh-hans\/tribunal-judiciaire-de-marseille-le-2-octobre-2025-n25-03719\/","url":"https:\/\/kohenavocats.com\/zh-hans\/tribunal-judiciaire-de-marseille-le-2-octobre-2025-n25-03719\/","name":"Tribunal judiciaire de Marseille, le 2 octobre 2025, n\u00b025\/03719 - Ma\u00eetre Hassan Kohen, avocat en droit p\u00e9nal \u00e0 Paris","isPartOf":{"@id":"https:\/\/kohenavocats.com\/zh-hans\/#website"},"primaryImageOfPage":{"@id":"https:\/\/kohenavocats.com\/zh-hans\/tribunal-judiciaire-de-marseille-le-2-octobre-2025-n25-03719\/#primaryimage"},"image":{"@id":"https:\/\/kohenavocats.com\/zh-hans\/tribunal-judiciaire-de-marseille-le-2-octobre-2025-n25-03719\/#primaryimage"},"thumbnailUrl":"https:\/\/kohenavocats.com\/wp-content\/uploads\/2024\/11\/laura-adai-hhsSCQVroM8-unsplash.webp","datePublished":"2026-04-22T19:50:10+00:00","description":"Le juge des contentieux de la protection, statuant en r\u00e9f\u00e9r\u00e9, a rendu une ordonnance le 2 octobre 2025. Un organisme public de l'habitat a sollicit\u00e9 la r\u00e9sil...","breadcrumb":{"@id":"https:\/\/kohenavocats.com\/zh-hans\/tribunal-judiciaire-de-marseille-le-2-octobre-2025-n25-03719\/#breadcrumb"},"inLanguage":"zh-Hans","potentialAction":[{"@type":"ReadAction","target":["https:\/\/kohenavocats.com\/zh-hans\/tribunal-judiciaire-de-marseille-le-2-octobre-2025-n25-03719\/"]}]},{"@type":"ImageObject","inLanguage":"zh-Hans","@id":"https:\/\/kohenavocats.com\/zh-hans\/tribunal-judiciaire-de-marseille-le-2-octobre-2025-n25-03719\/#primaryimage","url":"https:\/\/kohenavocats.com\/wp-content\/uploads\/2024\/11\/laura-adai-hhsSCQVroM8-unsplash.webp","contentUrl":"https:\/\/kohenavocats.com\/wp-content\/uploads\/2024\/11\/laura-adai-hhsSCQVroM8-unsplash.webp","width":7086,"height":4724},{"@type":"BreadcrumbList","@id":"https:\/\/kohenavocats.com\/zh-hans\/tribunal-judiciaire-de-marseille-le-2-octobre-2025-n25-03719\/#breadcrumb","itemListElement":[{"@type":"ListItem","position":1,"name":"Home","item":"https:\/\/kohenavocats.com\/zh-hans\/"},{"@type":"ListItem","position":2,"name":"Tribunal judiciaire de Marseille, le 2 octobre 2025, n\u00b025\/03719"}]},{"@type":"WebSite","@id":"https:\/\/kohenavocats.com\/zh-hans\/#website","url":"https:\/\/kohenavocats.com\/zh-hans\/","name":"Kohen Avocats","description":"Ma\u00eetre Hassan Kohen, avocat p\u00e9naliste \u00e0 Paris, intervient exclusivement en droit p\u00e9nal pour la d\u00e9fense des particuliers, notamment en mati\u00e8re d\u2019accusations de viol. Il assure un accompagnement rigoureux d\u00e8s la garde \u00e0 vue jusqu\u2019\u00e0 la Cour d\u2019assises, veillant au strict respect des garanties proc\u00e9durales.","publisher":{"@id":"https:\/\/kohenavocats.com\/zh-hans\/#organization"},"potentialAction":[{"@type":"SearchAction","target":{"@type":"EntryPoint","urlTemplate":"https:\/\/kohenavocats.com\/zh-hans\/?s={search_term_string}"},"query-input":{"@type":"PropertyValueSpecification","valueRequired":true,"valueName":"search_term_string"}}],"inLanguage":"zh-Hans"},{"@type":"Organization","@id":"https:\/\/kohenavocats.com\/zh-hans\/#organization","name":"Kohen Avocats","url":"https:\/\/kohenavocats.com\/zh-hans\/","logo":{"@type":"ImageObject","inLanguage":"zh-Hans","@id":"https:\/\/kohenavocats.com\/zh-hans\/#\/schema\/logo\/image\/","url":"https:\/\/kohenavocats.com\/wp-content\/uploads\/2026\/01\/Logo-2-1.webp","contentUrl":"https:\/\/kohenavocats.com\/wp-content\/uploads\/2026\/01\/Logo-2-1.webp","width":2114,"height":1253,"caption":"Kohen Avocats"},"image":{"@id":"https:\/\/kohenavocats.com\/zh-hans\/#\/schema\/logo\/image\/"}},{"@type":"Person","@id":"https:\/\/kohenavocats.com\/zh-hans\/#\/schema\/person\/761c9ba54fa1ca84d405cef0831ff751","name":"Kohen","image":{"@type":"ImageObject","inLanguage":"zh-Hans","@id":"https:\/\/secure.gravatar.com\/avatar\/1c5e76ef76bbbfdd2b4da984e2bf2fa4056fd51a27d25ce2c332047f1dfd6e00?s=96&d=identicon&r=g","url":"https:\/\/secure.gravatar.com\/avatar\/1c5e76ef76bbbfdd2b4da984e2bf2fa4056fd51a27d25ce2c332047f1dfd6e00?s=96&d=identicon&r=g","contentUrl":"https:\/\/secure.gravatar.com\/avatar\/1c5e76ef76bbbfdd2b4da984e2bf2fa4056fd51a27d25ce2c332047f1dfd6e00?s=96&d=identicon&r=g","caption":"Kohen"},"sameAs":["https:\/\/www.linkedin.com\/in\/hassan-kohen-448548192\/","https:\/\/www.youtube.com\/@Kohen-Avocats"],"url":"https:\/\/kohenavocats.com\/zh-hans\/author\/kohenmlk\/"}]}},"jetpack_featured_media_url":"https:\/\/kohenavocats.com\/wp-content\/uploads\/2024\/11\/laura-adai-hhsSCQVroM8-unsplash.webp","jetpack_likes_enabled":false,"jetpack_shortlink":"https:\/\/wp.me\/peCrII-2JzE","jetpack-related-posts":[{"id":621648,"url":"https:\/\/kohenavocats.com\/zh-hans\/tribunal-judiciaire-de-bobigny-le-17-octobre-2025-n25-04660\/","url_meta":{"origin":651846,"position":0},"title":"Tribunal judiciaire de Bobigny, le 17 octobre 2025, n\u00b025\/04660","author":"Kohen","date":"2026\u5e744\u670820\u65e5","format":false,"excerpt":"Le juge des contentieux de la protection, statuant\u2026","rel":"","context":"\u5728\u201cJurisprudence\u201d\u4e2d","block_context":{"text":"Jurisprudence","link":"https:\/\/kohenavocats.com\/category\/jurisprudence\/"},"img":{"alt_text":"","src":"https:\/\/i0.wp.com\/kohenavocats.com\/wp-content\/uploads\/2024\/11\/dario-bronnimann-QRj9c38HgHg-unsplash.webp?resize=350%2C200&ssl=1","width":350,"height":200,"srcset":"https:\/\/i0.wp.com\/kohenavocats.com\/wp-content\/uploads\/2024\/11\/dario-bronnimann-QRj9c38HgHg-unsplash.webp?resize=350%2C200&ssl=1 1x, https:\/\/i0.wp.com\/kohenavocats.com\/wp-content\/uploads\/2024\/11\/dario-bronnimann-QRj9c38HgHg-unsplash.webp?resize=525%2C300&ssl=1 1.5x, https:\/\/i0.wp.com\/kohenavocats.com\/wp-content\/uploads\/2024\/11\/dario-bronnimann-QRj9c38HgHg-unsplash.webp?resize=700%2C400&ssl=1 2x, https:\/\/i0.wp.com\/kohenavocats.com\/wp-content\/uploads\/2024\/11\/dario-bronnimann-QRj9c38HgHg-unsplash.webp?resize=1050%2C600&ssl=1 3x, https:\/\/i0.wp.com\/kohenavocats.com\/wp-content\/uploads\/2024\/11\/dario-bronnimann-QRj9c38HgHg-unsplash.webp?resize=1400%2C800&ssl=1 4x"},"classes":[]},{"id":650591,"url":"https:\/\/kohenavocats.com\/zh-hans\/tribunal-judiciaire-de-grenoble-le-2-octobre-2025-n25-00859\/","url_meta":{"origin":651846,"position":1},"title":"Tribunal judiciaire de Grenoble, le 2 octobre 2025, n\u00b025\/00859","author":"Kohen","date":"2026\u5e744\u670822\u65e5","format":false,"excerpt":"Le juge des contentieux de la protection, statuant\u2026","rel":"","context":"\u5728\u201cJurisprudence\u201d\u4e2d","block_context":{"text":"Jurisprudence","link":"https:\/\/kohenavocats.com\/category\/jurisprudence\/"},"img":{"alt_text":"","src":"https:\/\/i0.wp.com\/kohenavocats.com\/wp-content\/uploads\/2024\/11\/toa-heftiba-BUG3Exlsdko-unsplash.webp?resize=350%2C200&ssl=1","width":350,"height":200,"srcset":"https:\/\/i0.wp.com\/kohenavocats.com\/wp-content\/uploads\/2024\/11\/toa-heftiba-BUG3Exlsdko-unsplash.webp?resize=350%2C200&ssl=1 1x, https:\/\/i0.wp.com\/kohenavocats.com\/wp-content\/uploads\/2024\/11\/toa-heftiba-BUG3Exlsdko-unsplash.webp?resize=525%2C300&ssl=1 1.5x, https:\/\/i0.wp.com\/kohenavocats.com\/wp-content\/uploads\/2024\/11\/toa-heftiba-BUG3Exlsdko-unsplash.webp?resize=700%2C400&ssl=1 2x, https:\/\/i0.wp.com\/kohenavocats.com\/wp-content\/uploads\/2024\/11\/toa-heftiba-BUG3Exlsdko-unsplash.webp?resize=1050%2C600&ssl=1 3x, https:\/\/i0.wp.com\/kohenavocats.com\/wp-content\/uploads\/2024\/11\/toa-heftiba-BUG3Exlsdko-unsplash.webp?resize=1400%2C800&ssl=1 4x"},"classes":[]},{"id":651841,"url":"https:\/\/kohenavocats.com\/zh-hans\/tribunal-judiciaire-de-marseille-le-1-octobre-2025-n25-03657\/","url_meta":{"origin":651846,"position":2},"title":"Tribunal judiciaire de Marseille, le 1 octobre 2025, n\u00b025\/03657","author":"Kohen","date":"2026\u5e744\u670822\u65e5","format":false,"excerpt":"Le juge des contentieux de la protection de Marsei\u2026","rel":"","context":"\u5728\u201cJurisprudence\u201d\u4e2d","block_context":{"text":"Jurisprudence","link":"https:\/\/kohenavocats.com\/category\/jurisprudence\/"},"img":{"alt_text":"","src":"https:\/\/i0.wp.com\/kohenavocats.com\/wp-content\/uploads\/2024\/07\/clarisse-meyer-jKU2NneZAbI-unsplash.webp?resize=350%2C200&ssl=1","width":350,"height":200,"srcset":"https:\/\/i0.wp.com\/kohenavocats.com\/wp-content\/uploads\/2024\/07\/clarisse-meyer-jKU2NneZAbI-unsplash.webp?resize=350%2C200&ssl=1 1x, https:\/\/i0.wp.com\/kohenavocats.com\/wp-content\/uploads\/2024\/07\/clarisse-meyer-jKU2NneZAbI-unsplash.webp?resize=525%2C300&ssl=1 1.5x, https:\/\/i0.wp.com\/kohenavocats.com\/wp-content\/uploads\/2024\/07\/clarisse-meyer-jKU2NneZAbI-unsplash.webp?resize=700%2C400&ssl=1 2x, https:\/\/i0.wp.com\/kohenavocats.com\/wp-content\/uploads\/2024\/07\/clarisse-meyer-jKU2NneZAbI-unsplash.webp?resize=1050%2C600&ssl=1 3x, https:\/\/i0.wp.com\/kohenavocats.com\/wp-content\/uploads\/2024\/07\/clarisse-meyer-jKU2NneZAbI-unsplash.webp?resize=1400%2C800&ssl=1 4x"},"classes":[]},{"id":654644,"url":"https:\/\/kohenavocats.com\/zh-hans\/tribunal-judiciaire-de-bonneville-le-1-octobre-2025-n25-01014\/","url_meta":{"origin":651846,"position":3},"title":"Tribunal judiciaire de Bonneville, le 1 octobre 2025, n\u00b025\/01014","author":"Kohen","date":"2026\u5e744\u670823\u65e5","format":false,"excerpt":"Le juge des contentieux de la protection du tribun\u2026","rel":"","context":"\u5728\u201cJurisprudence\u201d\u4e2d","block_context":{"text":"Jurisprudence","link":"https:\/\/kohenavocats.com\/category\/jurisprudence\/"},"img":{"alt_text":"","src":"https:\/\/i0.wp.com\/kohenavocats.com\/wp-content\/uploads\/2024\/08\/allan-francis-ymVi7QhCiTI-unsplash.webp?resize=350%2C200&ssl=1","width":350,"height":200,"srcset":"https:\/\/i0.wp.com\/kohenavocats.com\/wp-content\/uploads\/2024\/08\/allan-francis-ymVi7QhCiTI-unsplash.webp?resize=350%2C200&ssl=1 1x, https:\/\/i0.wp.com\/kohenavocats.com\/wp-content\/uploads\/2024\/08\/allan-francis-ymVi7QhCiTI-unsplash.webp?resize=525%2C300&ssl=1 1.5x, https:\/\/i0.wp.com\/kohenavocats.com\/wp-content\/uploads\/2024\/08\/allan-francis-ymVi7QhCiTI-unsplash.webp?resize=700%2C400&ssl=1 2x, https:\/\/i0.wp.com\/kohenavocats.com\/wp-content\/uploads\/2024\/08\/allan-francis-ymVi7QhCiTI-unsplash.webp?resize=1050%2C600&ssl=1 3x, https:\/\/i0.wp.com\/kohenavocats.com\/wp-content\/uploads\/2024\/08\/allan-francis-ymVi7QhCiTI-unsplash.webp?resize=1400%2C800&ssl=1 4x"},"classes":[]},{"id":637659,"url":"https:\/\/kohenavocats.com\/zh-hans\/tribunal-judiciaire-de-nantes-le-9-octobre-2025-n25-00089\/","url_meta":{"origin":651846,"position":4},"title":"Tribunal judiciaire de Nantes, le 9 octobre 2025, n\u00b025\/00089","author":"Kohen","date":"2026\u5e744\u670821\u65e5","format":false,"excerpt":"Le juge des contentieux de la protection, statuant\u2026","rel":"","context":"\u5728\u201cJurisprudence\u201d\u4e2d","block_context":{"text":"Jurisprudence","link":"https:\/\/kohenavocats.com\/category\/jurisprudence\/"},"img":{"alt_text":"","src":"https:\/\/i0.wp.com\/kohenavocats.com\/wp-content\/uploads\/2024\/11\/anita-austvika-c3a-Tr6CM1Q-unsplash.webp?resize=350%2C200&ssl=1","width":350,"height":200,"srcset":"https:\/\/i0.wp.com\/kohenavocats.com\/wp-content\/uploads\/2024\/11\/anita-austvika-c3a-Tr6CM1Q-unsplash.webp?resize=350%2C200&ssl=1 1x, https:\/\/i0.wp.com\/kohenavocats.com\/wp-content\/uploads\/2024\/11\/anita-austvika-c3a-Tr6CM1Q-unsplash.webp?resize=525%2C300&ssl=1 1.5x, https:\/\/i0.wp.com\/kohenavocats.com\/wp-content\/uploads\/2024\/11\/anita-austvika-c3a-Tr6CM1Q-unsplash.webp?resize=700%2C400&ssl=1 2x, https:\/\/i0.wp.com\/kohenavocats.com\/wp-content\/uploads\/2024\/11\/anita-austvika-c3a-Tr6CM1Q-unsplash.webp?resize=1050%2C600&ssl=1 3x, https:\/\/i0.wp.com\/kohenavocats.com\/wp-content\/uploads\/2024\/11\/anita-austvika-c3a-Tr6CM1Q-unsplash.webp?resize=1400%2C800&ssl=1 4x"},"classes":[]},{"id":622593,"url":"https:\/\/kohenavocats.com\/zh-hans\/tribunal-judiciaire-de-lyon-le-17-octobre-2025-n25-01989\/","url_meta":{"origin":651846,"position":5},"title":"Tribunal judiciaire de Lyon, le 17 octobre 2025, n\u00b025\/01989","author":"Kohen","date":"2026\u5e744\u670820\u65e5","format":false,"excerpt":"Le juge des contentieux et de la protection, statu\u2026","rel":"","context":"\u5728\u201cJurisprudence\u201d\u4e2d","block_context":{"text":"Jurisprudence","link":"https:\/\/kohenavocats.com\/category\/jurisprudence\/"},"img":{"alt_text":"","src":"https:\/\/i0.wp.com\/kohenavocats.com\/wp-content\/uploads\/2024\/08\/pierre-chatel-innocenti-rSruCiNzPIQ-unsplash.webp?resize=350%2C200&ssl=1","width":350,"height":200,"srcset":"https:\/\/i0.wp.com\/kohenavocats.com\/wp-content\/uploads\/2024\/08\/pierre-chatel-innocenti-rSruCiNzPIQ-unsplash.webp?resize=350%2C200&ssl=1 1x, https:\/\/i0.wp.com\/kohenavocats.com\/wp-content\/uploads\/2024\/08\/pierre-chatel-innocenti-rSruCiNzPIQ-unsplash.webp?resize=525%2C300&ssl=1 1.5x, https:\/\/i0.wp.com\/kohenavocats.com\/wp-content\/uploads\/2024\/08\/pierre-chatel-innocenti-rSruCiNzPIQ-unsplash.webp?resize=700%2C400&ssl=1 2x, https:\/\/i0.wp.com\/kohenavocats.com\/wp-content\/uploads\/2024\/08\/pierre-chatel-innocenti-rSruCiNzPIQ-unsplash.webp?resize=1050%2C600&ssl=1 3x, https:\/\/i0.wp.com\/kohenavocats.com\/wp-content\/uploads\/2024\/08\/pierre-chatel-innocenti-rSruCiNzPIQ-unsplash.webp?resize=1400%2C800&ssl=1 4x"},"classes":[]}],"jetpack_sharing_enabled":true,"_links":{"self":[{"href":"https:\/\/kohenavocats.com\/zh-hans\/wp-json\/wp\/v2\/posts\/651846","targetHints":{"allow":["GET"]}}],"collection":[{"href":"https:\/\/kohenavocats.com\/zh-hans\/wp-json\/wp\/v2\/posts"}],"about":[{"href":"https:\/\/kohenavocats.com\/zh-hans\/wp-json\/wp\/v2\/types\/post"}],"author":[{"embeddable":true,"href":"https:\/\/kohenavocats.com\/zh-hans\/wp-json\/wp\/v2\/users\/232070755"}],"replies":[{"embeddable":true,"href":"https:\/\/kohenavocats.com\/zh-hans\/wp-json\/wp\/v2\/comments?post=651846"}],"version-history":[{"count":0,"href":"https:\/\/kohenavocats.com\/zh-hans\/wp-json\/wp\/v2\/posts\/651846\/revisions"}],"wp:featuredmedia":[{"embeddable":true,"href":"https:\/\/kohenavocats.com\/zh-hans\/wp-json\/wp\/v2\/media\/9653"}],"wp:attachment":[{"href":"https:\/\/kohenavocats.com\/zh-hans\/wp-json\/wp\/v2\/media?parent=651846"}],"wp:term":[{"taxonomy":"category","embeddable":true,"href":"https:\/\/kohenavocats.com\/zh-hans\/wp-json\/wp\/v2\/categories?post=651846"},{"taxonomy":"post_tag","embeddable":true,"href":"https:\/\/kohenavocats.com\/zh-hans\/wp-json\/wp\/v2\/tags?post=651846"}],"curies":[{"name":"wp","href":"https:\/\/api.w.org\/{rel}","templated":true}]}}