{"id":651995,"date":"2026-04-22T22:08:00","date_gmt":"2026-04-22T20:08:00","guid":{"rendered":"https:\/\/kohenavocats.com\/tribunal-judiciaire-de-nantes-le-2-septembre-2025-n25-02128\/"},"modified":"2026-04-22T22:08:00","modified_gmt":"2026-04-22T20:08:00","slug":"tribunal-judiciaire-de-nantes-le-2-septembre-2025-n25-02128","status":"publish","type":"post","link":"https:\/\/kohenavocats.com\/zh-hans\/tribunal-judiciaire-de-nantes-le-2-septembre-2025-n25-02128\/","title":{"rendered":"Tribunal judiciaire de Nantes, le 2 septembre 2025, n\u00b025\/02128"},"content":{"rendered":"<div class=\"article-content\">\n<p>Le juge des contentieux de la protection, statuant en premier ressort le 2 septembre 2025, examine une demande de r\u00e9siliation de bail pour d\u00e9faut de paiement. Un commandement de payer a \u00e9t\u00e9 d\u00e9livr\u00e9 le 23 septembre 2024, reproduisant la clause r\u00e9solutoire et les textes l\u00e9gaux applicables. Le locataire n&#8217;ayant pas r\u00e9gl\u00e9 les sommes dues dans le d\u00e9lai l\u00e9gal ni saisi le juge des r\u00e9f\u00e9r\u00e9s, le juge constate la r\u00e9siliation de plein droit du contrat. Il ordonne l&#8217;expulsion et condamne le locataire au paiement des sommes restant dues ainsi qu&#8217;\u00e0 une indemnit\u00e9 d&#8217;occupation.<\/p>\n<p>Les conditions de mise en \u0153uvre de la clause r\u00e9solutoire<\/p>\n<p>La formalit\u00e9 substantielle du commandement pr\u00e9alable.<\/p>\n<p>Le juge rappelle que le commandement de payer constitue une condition pr\u00e9alable indispensable \u00e0 l&#8217;activation de la clause r\u00e9solutoire. Ce commandement doit contenir des mentions pr\u00e9cises pour \u00eatre valable et produire ses effets juridiques. Il doit notamment reproduire en termes apparents la clause r\u00e9solutoire stipul\u00e9e au contrat ainsi que les dispositions l\u00e9gales protectrices du locataire. Cette exigence vise \u00e0 assurer une information claire et compl\u00e8te du d\u00e9biteur sur les cons\u00e9quences de son d\u00e9faut de paiement. La d\u00e9cision souligne ainsi le formalisme protecteur entourant la proc\u00e9dure de r\u00e9siliation pour impay\u00e9s de loyers.<\/p>\n<p>L&#8217;absence de r\u00e9gularisation ou de recours du locataire.<\/p>\n<p>La r\u00e9solution de plein droit intervient lorsque le locataire ne se conforme pas aux injonctions du commandement dans le d\u00e9lai imparti. Le juge rel\u00e8ve que le d\u00e9fendeur ne s&#8217;est pas acquitt\u00e9, dans les deux mois du commandement, du r\u00e8glement des loyers et charges r\u00e9clam\u00e9s. Par ailleurs, il n&#8217;a pas non plus saisi le juge des r\u00e9f\u00e9r\u00e9s d\u2019une demande de suspension des effets de la clause r\u00e9solutoire. Cette inaction du locataire permet au bailleur de solliciter la constatation judiciaire de la r\u00e9siliation. La d\u00e9cision rappelle ainsi que le locataire dispose de voies de recours pour contester ou suspendre la proc\u00e9dure, dont le non-usage entra\u00eene la r\u00e9alisation de la condition r\u00e9solutoire.<\/p>\n<p>Les cons\u00e9quences juridiques de la r\u00e9siliation constat\u00e9e<\/p>\n<p>La condamnation au paiement des sommes \u00e9chues et futures.<\/p>\n<p>La constatation de la r\u00e9siliation ouvre droit pour le bailleur \u00e0 une condamnation du locataire \u00e0 plusieurs titres. Le juge ordonne le paiement des loyers, charges et indemnit\u00e9s \u00e9chus jusqu&#8217;\u00e0 la date de l&#8217;audience, soit une somme de 12 137,19 euros. Il condamne pareillement \u00e0 lui verser chaque mois, \u00e0 compter du 02 septembre 2025, une indemnit\u00e9 d&#8217;occupation \u00e9gale aux loyers et charges du contrat jusqu&#8217;\u00e0 la compl\u00e8te lib\u00e9ration des lieux. Cette indemnit\u00e9, distincte des loyers impay\u00e9s, vise \u00e0 r\u00e9parer le pr\u00e9judice r\u00e9sultant de l&#8217;occupation sans titre cons\u00e9cutive \u00e0 la r\u00e9solution du contrat. Elle assure ainsi une continuit\u00e9 de la cr\u00e9ance du bailleur jusqu&#8217;\u00e0 la restitution effective des lieux.<\/p>\n<p>L&#8217;expulsion comme suite n\u00e9cessaire de la r\u00e9solution.<\/p>\n<p>La d\u00e9cision de justice ne se limite pas \u00e0 constater la fin du contrat et \u00e0 condamner au paiement de sommes d&#8217;argent. Elle ordonne \u00e9galement l&#8217;expulsion du locataire et de toute personne occupant les lieux de son chef. Cette expulsion est cependant diff\u00e9r\u00e9e dans le temps pour respecter un d\u00e9lai de gr\u00e2ce, \u00e9tant fix\u00e9e \u00e0 deux mois apr\u00e8s la d\u00e9livrance d\u2019un commandement de quitter les lieux. Cette mesure est la cons\u00e9quence logique et n\u00e9cessaire de la r\u00e9siliation du bail, visant \u00e0 permettre au bailleur de recouvrer la libre disposition de son bien. Elle illustre le caract\u00e8re complet et ex\u00e9cutoire du dispositif prononc\u00e9 par le juge des contentieux de la protection.<\/p>\n<\/div>\n","protected":false},"excerpt":{"rendered":"<p>Le juge des contentieux de la protection, statuant en premier ressort le 2 septembre 2025, examine une demande de r\u00e9siliation de bail pour d\u00e9faut de paiement&#8230;<\/p>\n","protected":false},"author":232070755,"featured_media":9693,"comment_status":"open","ping_status":"open","sticky":false,"template":"","format":"standard","meta":{"_crdt_document":"","_jetpack_newsletter_access":"","_jetpack_dont_email_post_to_subs":false,"_jetpack_newsletter_tier_id":0,"_jetpack_memberships_contains_paywalled_content":false,"_kj_source_type":"","_kj_official_id":"","_kj_official_url":"","_kj_judilibre_id":"","_kj_jur":"","_kj_lieu":"","_kj_chambre":"","_kj_rg":"","_kj_date":"","_jetpack_memberships_contains_paid_content":false,"footnotes":"","jetpack_post_was_ever_published":false},"categories":[7597],"tags":[],"class_list":["post-651995","post","type-post","status-publish","format-standard","has-post-thumbnail","hentry","category-jurisprudence"],"yoast_head":"<!-- This site is optimized with the Yoast SEO Premium plugin v27.4 (Yoast SEO v27.4) - https:\/\/yoast.com\/product\/yoast-seo-premium-wordpress\/ -->\n<title>Tribunal judiciaire de Nantes, le 2 septembre 2025, n\u00b025\/02128 - Ma\u00eetre Hassan Kohen, avocat en droit p\u00e9nal \u00e0 Paris<\/title>\n<meta name=\"description\" content=\"Le juge des contentieux de la protection, statuant en premier ressort le 2 septembre 2025, examine une demande de r\u00e9siliation de bail pour d\u00e9faut de paiement...\" \/>\n<meta name=\"robots\" content=\"index, follow, max-snippet:-1, max-image-preview:large, max-video-preview:-1\" \/>\n<link rel=\"canonical\" href=\"https:\/\/kohenavocats.com\/zh-hans\/tribunal-judiciaire-de-nantes-le-2-septembre-2025-n25-02128\/\" \/>\n<meta property=\"og:locale\" content=\"zh_CN\" \/>\n<meta property=\"og:type\" content=\"article\" \/>\n<meta property=\"og:title\" content=\"Tribunal judiciaire de Nantes, le 2 septembre 2025, n\u00b025\/02128\" \/>\n<meta property=\"og:description\" content=\"Le juge des contentieux de la protection, statuant en premier ressort le 2 septembre 2025, examine une demande de r\u00e9siliation de bail pour d\u00e9faut de paiement...\" \/>\n<meta property=\"og:url\" content=\"https:\/\/kohenavocats.com\/zh-hans\/tribunal-judiciaire-de-nantes-le-2-septembre-2025-n25-02128\/\" \/>\n<meta property=\"og:site_name\" content=\"Ma\u00eetre Hassan Kohen, avocat en droit p\u00e9nal \u00e0 Paris\" \/>\n<meta property=\"article:published_time\" content=\"2026-04-22T20:08:00+00:00\" \/>\n<meta property=\"og:image\" content=\"https:\/\/kohenavocats.com\/wp-content\/uploads\/2024\/11\/mourad-saadi-LWhFQL0hL7o-unsplash-1.webp\" \/>\n\t<meta property=\"og:image:width\" content=\"5012\" \/>\n\t<meta property=\"og:image:height\" content=\"3346\" \/>\n\t<meta property=\"og:image:type\" content=\"image\/webp\" \/>\n<meta name=\"author\" content=\"Kohen\" \/>\n<meta name=\"twitter:card\" content=\"summary_large_image\" \/>\n<meta name=\"twitter:label1\" content=\"\u4f5c\u8005\" \/>\n\t<meta name=\"twitter:data1\" content=\"Kohen\" \/>\n\t<meta name=\"twitter:label2\" content=\"\u9884\u8ba1\u9605\u8bfb\u65f6\u95f4\" \/>\n\t<meta name=\"twitter:data2\" content=\"3 \u5206\" \/>\n<script type=\"application\/ld+json\" class=\"yoast-schema-graph\">{\"@context\":\"https:\\\/\\\/schema.org\",\"@graph\":[{\"@type\":\"Article\",\"@id\":\"https:\\\/\\\/kohenavocats.com\\\/zh-hans\\\/tribunal-judiciaire-de-nantes-le-2-septembre-2025-n25-02128\\\/#article\",\"isPartOf\":{\"@id\":\"https:\\\/\\\/kohenavocats.com\\\/zh-hans\\\/tribunal-judiciaire-de-nantes-le-2-septembre-2025-n25-02128\\\/\"},\"author\":{\"name\":\"Kohen\",\"@id\":\"https:\\\/\\\/kohenavocats.com\\\/zh-hans\\\/#\\\/schema\\\/person\\\/761c9ba54fa1ca84d405cef0831ff751\"},\"headline\":\"Tribunal judiciaire de Nantes, le 2 septembre 2025, n\u00b025\\\/02128\",\"datePublished\":\"2026-04-22T20:08:00+00:00\",\"mainEntityOfPage\":{\"@id\":\"https:\\\/\\\/kohenavocats.com\\\/zh-hans\\\/tribunal-judiciaire-de-nantes-le-2-septembre-2025-n25-02128\\\/\"},\"wordCount\":635,\"commentCount\":0,\"publisher\":{\"@id\":\"https:\\\/\\\/kohenavocats.com\\\/zh-hans\\\/#organization\"},\"image\":{\"@id\":\"https:\\\/\\\/kohenavocats.com\\\/zh-hans\\\/tribunal-judiciaire-de-nantes-le-2-septembre-2025-n25-02128\\\/#primaryimage\"},\"thumbnailUrl\":\"https:\\\/\\\/kohenavocats.com\\\/wp-content\\\/uploads\\\/2024\\\/11\\\/mourad-saadi-LWhFQL0hL7o-unsplash-1.webp\",\"articleSection\":[\"Jurisprudence\"],\"inLanguage\":\"zh-Hans\",\"potentialAction\":[{\"@type\":\"CommentAction\",\"name\":\"Comment\",\"target\":[\"https:\\\/\\\/kohenavocats.com\\\/zh-hans\\\/tribunal-judiciaire-de-nantes-le-2-septembre-2025-n25-02128\\\/#respond\"]}],\"citation\":\"Tribunal judiciaire de Nantes, le 2 septembre 2025, n\u00b025\\\/02128\",\"about\":[{\"@type\":\"Thing\",\"name\":\"Jurisprudence\"}],\"dateModified\":\"2026-04-22T20:08:00+00:00\",\"speakable\":{\"@type\":\"SpeakableSpecification\",\"cssSelector\":[\".article-content > p:first-of-type\"]}},{\"@type\":\"WebPage\",\"@id\":\"https:\\\/\\\/kohenavocats.com\\\/zh-hans\\\/tribunal-judiciaire-de-nantes-le-2-septembre-2025-n25-02128\\\/\",\"url\":\"https:\\\/\\\/kohenavocats.com\\\/zh-hans\\\/tribunal-judiciaire-de-nantes-le-2-septembre-2025-n25-02128\\\/\",\"name\":\"Tribunal judiciaire de Nantes, le 2 septembre 2025, n\u00b025\\\/02128 - Ma\u00eetre Hassan Kohen, avocat en droit p\u00e9nal \u00e0 Paris\",\"isPartOf\":{\"@id\":\"https:\\\/\\\/kohenavocats.com\\\/zh-hans\\\/#website\"},\"primaryImageOfPage\":{\"@id\":\"https:\\\/\\\/kohenavocats.com\\\/zh-hans\\\/tribunal-judiciaire-de-nantes-le-2-septembre-2025-n25-02128\\\/#primaryimage\"},\"image\":{\"@id\":\"https:\\\/\\\/kohenavocats.com\\\/zh-hans\\\/tribunal-judiciaire-de-nantes-le-2-septembre-2025-n25-02128\\\/#primaryimage\"},\"thumbnailUrl\":\"https:\\\/\\\/kohenavocats.com\\\/wp-content\\\/uploads\\\/2024\\\/11\\\/mourad-saadi-LWhFQL0hL7o-unsplash-1.webp\",\"datePublished\":\"2026-04-22T20:08:00+00:00\",\"description\":\"Le juge des contentieux de la protection, statuant en premier ressort le 2 septembre 2025, examine une demande de r\u00e9siliation de bail pour d\u00e9faut de paiement...\",\"breadcrumb\":{\"@id\":\"https:\\\/\\\/kohenavocats.com\\\/zh-hans\\\/tribunal-judiciaire-de-nantes-le-2-septembre-2025-n25-02128\\\/#breadcrumb\"},\"inLanguage\":\"zh-Hans\",\"potentialAction\":[{\"@type\":\"ReadAction\",\"target\":[\"https:\\\/\\\/kohenavocats.com\\\/zh-hans\\\/tribunal-judiciaire-de-nantes-le-2-septembre-2025-n25-02128\\\/\"]}]},{\"@type\":\"ImageObject\",\"inLanguage\":\"zh-Hans\",\"@id\":\"https:\\\/\\\/kohenavocats.com\\\/zh-hans\\\/tribunal-judiciaire-de-nantes-le-2-septembre-2025-n25-02128\\\/#primaryimage\",\"url\":\"https:\\\/\\\/kohenavocats.com\\\/wp-content\\\/uploads\\\/2024\\\/11\\\/mourad-saadi-LWhFQL0hL7o-unsplash-1.webp\",\"contentUrl\":\"https:\\\/\\\/kohenavocats.com\\\/wp-content\\\/uploads\\\/2024\\\/11\\\/mourad-saadi-LWhFQL0hL7o-unsplash-1.webp\",\"width\":5012,\"height\":3346},{\"@type\":\"BreadcrumbList\",\"@id\":\"https:\\\/\\\/kohenavocats.com\\\/zh-hans\\\/tribunal-judiciaire-de-nantes-le-2-septembre-2025-n25-02128\\\/#breadcrumb\",\"itemListElement\":[{\"@type\":\"ListItem\",\"position\":1,\"name\":\"Home\",\"item\":\"https:\\\/\\\/kohenavocats.com\\\/zh-hans\\\/\"},{\"@type\":\"ListItem\",\"position\":2,\"name\":\"Tribunal judiciaire de Nantes, le 2 septembre 2025, n\u00b025\\\/02128\"}]},{\"@type\":\"WebSite\",\"@id\":\"https:\\\/\\\/kohenavocats.com\\\/zh-hans\\\/#website\",\"url\":\"https:\\\/\\\/kohenavocats.com\\\/zh-hans\\\/\",\"name\":\"Kohen Avocats\",\"description\":\"Ma\u00eetre Hassan Kohen, avocat p\u00e9naliste \u00e0 Paris, intervient exclusivement en droit p\u00e9nal pour la d\u00e9fense des particuliers, notamment en mati\u00e8re d\u2019accusations de viol. Il assure un accompagnement rigoureux d\u00e8s la garde \u00e0 vue jusqu\u2019\u00e0 la Cour d\u2019assises, veillant au strict respect des garanties proc\u00e9durales.\",\"publisher\":{\"@id\":\"https:\\\/\\\/kohenavocats.com\\\/zh-hans\\\/#organization\"},\"potentialAction\":[{\"@type\":\"SearchAction\",\"target\":{\"@type\":\"EntryPoint\",\"urlTemplate\":\"https:\\\/\\\/kohenavocats.com\\\/zh-hans\\\/?s={search_term_string}\"},\"query-input\":{\"@type\":\"PropertyValueSpecification\",\"valueRequired\":true,\"valueName\":\"search_term_string\"}}],\"inLanguage\":\"zh-Hans\"},{\"@type\":\"Organization\",\"@id\":\"https:\\\/\\\/kohenavocats.com\\\/zh-hans\\\/#organization\",\"name\":\"Kohen Avocats\",\"url\":\"https:\\\/\\\/kohenavocats.com\\\/zh-hans\\\/\",\"logo\":{\"@type\":\"ImageObject\",\"inLanguage\":\"zh-Hans\",\"@id\":\"https:\\\/\\\/kohenavocats.com\\\/zh-hans\\\/#\\\/schema\\\/logo\\\/image\\\/\",\"url\":\"https:\\\/\\\/kohenavocats.com\\\/wp-content\\\/uploads\\\/2026\\\/01\\\/Logo-2-1.webp\",\"contentUrl\":\"https:\\\/\\\/kohenavocats.com\\\/wp-content\\\/uploads\\\/2026\\\/01\\\/Logo-2-1.webp\",\"width\":2114,\"height\":1253,\"caption\":\"Kohen Avocats\"},\"image\":{\"@id\":\"https:\\\/\\\/kohenavocats.com\\\/zh-hans\\\/#\\\/schema\\\/logo\\\/image\\\/\"}},{\"@type\":\"Person\",\"@id\":\"https:\\\/\\\/kohenavocats.com\\\/zh-hans\\\/#\\\/schema\\\/person\\\/761c9ba54fa1ca84d405cef0831ff751\",\"name\":\"Kohen\",\"image\":{\"@type\":\"ImageObject\",\"inLanguage\":\"zh-Hans\",\"@id\":\"https:\\\/\\\/secure.gravatar.com\\\/avatar\\\/1c5e76ef76bbbfdd2b4da984e2bf2fa4056fd51a27d25ce2c332047f1dfd6e00?s=96&d=identicon&r=g\",\"url\":\"https:\\\/\\\/secure.gravatar.com\\\/avatar\\\/1c5e76ef76bbbfdd2b4da984e2bf2fa4056fd51a27d25ce2c332047f1dfd6e00?s=96&d=identicon&r=g\",\"contentUrl\":\"https:\\\/\\\/secure.gravatar.com\\\/avatar\\\/1c5e76ef76bbbfdd2b4da984e2bf2fa4056fd51a27d25ce2c332047f1dfd6e00?s=96&d=identicon&r=g\",\"caption\":\"Kohen\"},\"sameAs\":[\"https:\\\/\\\/www.linkedin.com\\\/in\\\/hassan-kohen-448548192\\\/\",\"https:\\\/\\\/www.youtube.com\\\/@Kohen-Avocats\"],\"url\":\"https:\\\/\\\/kohenavocats.com\\\/zh-hans\\\/author\\\/kohenmlk\\\/\"}]}<\/script>\n<!-- \/ Yoast SEO Premium plugin. -->","yoast_head_json":{"title":"Tribunal judiciaire de Nantes, le 2 septembre 2025, n\u00b025\/02128 - Ma\u00eetre Hassan Kohen, avocat en droit p\u00e9nal \u00e0 Paris","description":"Le juge des contentieux de la protection, statuant en premier ressort le 2 septembre 2025, examine une demande de r\u00e9siliation de bail pour d\u00e9faut de paiement...","robots":{"index":"index","follow":"follow","max-snippet":"max-snippet:-1","max-image-preview":"max-image-preview:large","max-video-preview":"max-video-preview:-1"},"canonical":"https:\/\/kohenavocats.com\/zh-hans\/tribunal-judiciaire-de-nantes-le-2-septembre-2025-n25-02128\/","og_locale":"zh_CN","og_type":"article","og_title":"Tribunal judiciaire de Nantes, le 2 septembre 2025, n\u00b025\/02128","og_description":"Le juge des contentieux de la protection, statuant en premier ressort le 2 septembre 2025, examine une demande de r\u00e9siliation de bail pour d\u00e9faut de paiement...","og_url":"https:\/\/kohenavocats.com\/zh-hans\/tribunal-judiciaire-de-nantes-le-2-septembre-2025-n25-02128\/","og_site_name":"Ma\u00eetre Hassan Kohen, avocat en droit p\u00e9nal \u00e0 Paris","article_published_time":"2026-04-22T20:08:00+00:00","og_image":[{"width":5012,"height":3346,"url":"https:\/\/kohenavocats.com\/wp-content\/uploads\/2024\/11\/mourad-saadi-LWhFQL0hL7o-unsplash-1.webp","type":"image\/webp"}],"author":"Kohen","twitter_card":"summary_large_image","twitter_misc":{"\u4f5c\u8005":"Kohen","\u9884\u8ba1\u9605\u8bfb\u65f6\u95f4":"3 \u5206"},"schema":{"@context":"https:\/\/schema.org","@graph":[{"@type":"Article","@id":"https:\/\/kohenavocats.com\/zh-hans\/tribunal-judiciaire-de-nantes-le-2-septembre-2025-n25-02128\/#article","isPartOf":{"@id":"https:\/\/kohenavocats.com\/zh-hans\/tribunal-judiciaire-de-nantes-le-2-septembre-2025-n25-02128\/"},"author":{"name":"Kohen","@id":"https:\/\/kohenavocats.com\/zh-hans\/#\/schema\/person\/761c9ba54fa1ca84d405cef0831ff751"},"headline":"Tribunal judiciaire de Nantes, le 2 septembre 2025, n\u00b025\/02128","datePublished":"2026-04-22T20:08:00+00:00","mainEntityOfPage":{"@id":"https:\/\/kohenavocats.com\/zh-hans\/tribunal-judiciaire-de-nantes-le-2-septembre-2025-n25-02128\/"},"wordCount":635,"commentCount":0,"publisher":{"@id":"https:\/\/kohenavocats.com\/zh-hans\/#organization"},"image":{"@id":"https:\/\/kohenavocats.com\/zh-hans\/tribunal-judiciaire-de-nantes-le-2-septembre-2025-n25-02128\/#primaryimage"},"thumbnailUrl":"https:\/\/kohenavocats.com\/wp-content\/uploads\/2024\/11\/mourad-saadi-LWhFQL0hL7o-unsplash-1.webp","articleSection":["Jurisprudence"],"inLanguage":"zh-Hans","potentialAction":[{"@type":"CommentAction","name":"Comment","target":["https:\/\/kohenavocats.com\/zh-hans\/tribunal-judiciaire-de-nantes-le-2-septembre-2025-n25-02128\/#respond"]}],"citation":"Tribunal judiciaire de Nantes, le 2 septembre 2025, n\u00b025\/02128","about":[{"@type":"Thing","name":"Jurisprudence"}],"dateModified":"2026-04-22T20:08:00+00:00","speakable":{"@type":"SpeakableSpecification","cssSelector":[".article-content > p:first-of-type"]}},{"@type":"WebPage","@id":"https:\/\/kohenavocats.com\/zh-hans\/tribunal-judiciaire-de-nantes-le-2-septembre-2025-n25-02128\/","url":"https:\/\/kohenavocats.com\/zh-hans\/tribunal-judiciaire-de-nantes-le-2-septembre-2025-n25-02128\/","name":"Tribunal judiciaire de Nantes, le 2 septembre 2025, n\u00b025\/02128 - Ma\u00eetre Hassan Kohen, avocat en droit p\u00e9nal \u00e0 Paris","isPartOf":{"@id":"https:\/\/kohenavocats.com\/zh-hans\/#website"},"primaryImageOfPage":{"@id":"https:\/\/kohenavocats.com\/zh-hans\/tribunal-judiciaire-de-nantes-le-2-septembre-2025-n25-02128\/#primaryimage"},"image":{"@id":"https:\/\/kohenavocats.com\/zh-hans\/tribunal-judiciaire-de-nantes-le-2-septembre-2025-n25-02128\/#primaryimage"},"thumbnailUrl":"https:\/\/kohenavocats.com\/wp-content\/uploads\/2024\/11\/mourad-saadi-LWhFQL0hL7o-unsplash-1.webp","datePublished":"2026-04-22T20:08:00+00:00","description":"Le juge des contentieux de la protection, statuant en premier ressort le 2 septembre 2025, examine une demande de r\u00e9siliation de bail pour d\u00e9faut de paiement...","breadcrumb":{"@id":"https:\/\/kohenavocats.com\/zh-hans\/tribunal-judiciaire-de-nantes-le-2-septembre-2025-n25-02128\/#breadcrumb"},"inLanguage":"zh-Hans","potentialAction":[{"@type":"ReadAction","target":["https:\/\/kohenavocats.com\/zh-hans\/tribunal-judiciaire-de-nantes-le-2-septembre-2025-n25-02128\/"]}]},{"@type":"ImageObject","inLanguage":"zh-Hans","@id":"https:\/\/kohenavocats.com\/zh-hans\/tribunal-judiciaire-de-nantes-le-2-septembre-2025-n25-02128\/#primaryimage","url":"https:\/\/kohenavocats.com\/wp-content\/uploads\/2024\/11\/mourad-saadi-LWhFQL0hL7o-unsplash-1.webp","contentUrl":"https:\/\/kohenavocats.com\/wp-content\/uploads\/2024\/11\/mourad-saadi-LWhFQL0hL7o-unsplash-1.webp","width":5012,"height":3346},{"@type":"BreadcrumbList","@id":"https:\/\/kohenavocats.com\/zh-hans\/tribunal-judiciaire-de-nantes-le-2-septembre-2025-n25-02128\/#breadcrumb","itemListElement":[{"@type":"ListItem","position":1,"name":"Home","item":"https:\/\/kohenavocats.com\/zh-hans\/"},{"@type":"ListItem","position":2,"name":"Tribunal judiciaire de Nantes, le 2 septembre 2025, n\u00b025\/02128"}]},{"@type":"WebSite","@id":"https:\/\/kohenavocats.com\/zh-hans\/#website","url":"https:\/\/kohenavocats.com\/zh-hans\/","name":"Kohen Avocats","description":"Ma\u00eetre Hassan Kohen, avocat p\u00e9naliste \u00e0 Paris, intervient exclusivement en droit p\u00e9nal pour la d\u00e9fense des particuliers, notamment en mati\u00e8re d\u2019accusations de viol. Il assure un accompagnement rigoureux d\u00e8s la garde \u00e0 vue jusqu\u2019\u00e0 la Cour d\u2019assises, veillant au strict respect des garanties proc\u00e9durales.","publisher":{"@id":"https:\/\/kohenavocats.com\/zh-hans\/#organization"},"potentialAction":[{"@type":"SearchAction","target":{"@type":"EntryPoint","urlTemplate":"https:\/\/kohenavocats.com\/zh-hans\/?s={search_term_string}"},"query-input":{"@type":"PropertyValueSpecification","valueRequired":true,"valueName":"search_term_string"}}],"inLanguage":"zh-Hans"},{"@type":"Organization","@id":"https:\/\/kohenavocats.com\/zh-hans\/#organization","name":"Kohen Avocats","url":"https:\/\/kohenavocats.com\/zh-hans\/","logo":{"@type":"ImageObject","inLanguage":"zh-Hans","@id":"https:\/\/kohenavocats.com\/zh-hans\/#\/schema\/logo\/image\/","url":"https:\/\/kohenavocats.com\/wp-content\/uploads\/2026\/01\/Logo-2-1.webp","contentUrl":"https:\/\/kohenavocats.com\/wp-content\/uploads\/2026\/01\/Logo-2-1.webp","width":2114,"height":1253,"caption":"Kohen Avocats"},"image":{"@id":"https:\/\/kohenavocats.com\/zh-hans\/#\/schema\/logo\/image\/"}},{"@type":"Person","@id":"https:\/\/kohenavocats.com\/zh-hans\/#\/schema\/person\/761c9ba54fa1ca84d405cef0831ff751","name":"Kohen","image":{"@type":"ImageObject","inLanguage":"zh-Hans","@id":"https:\/\/secure.gravatar.com\/avatar\/1c5e76ef76bbbfdd2b4da984e2bf2fa4056fd51a27d25ce2c332047f1dfd6e00?s=96&d=identicon&r=g","url":"https:\/\/secure.gravatar.com\/avatar\/1c5e76ef76bbbfdd2b4da984e2bf2fa4056fd51a27d25ce2c332047f1dfd6e00?s=96&d=identicon&r=g","contentUrl":"https:\/\/secure.gravatar.com\/avatar\/1c5e76ef76bbbfdd2b4da984e2bf2fa4056fd51a27d25ce2c332047f1dfd6e00?s=96&d=identicon&r=g","caption":"Kohen"},"sameAs":["https:\/\/www.linkedin.com\/in\/hassan-kohen-448548192\/","https:\/\/www.youtube.com\/@Kohen-Avocats"],"url":"https:\/\/kohenavocats.com\/zh-hans\/author\/kohenmlk\/"}]}},"jetpack_featured_media_url":"https:\/\/kohenavocats.com\/wp-content\/uploads\/2024\/11\/mourad-saadi-LWhFQL0hL7o-unsplash-1.webp","jetpack_likes_enabled":false,"jetpack_shortlink":"https:\/\/wp.me\/peCrII-2JC3","jetpack-related-posts":[{"id":651116,"url":"https:\/\/kohenavocats.com\/zh-hans\/tribunal-judiciaire-de-nantes-le-2-septembre-2025-n25-00404\/","url_meta":{"origin":651995,"position":0},"title":"Tribunal judiciaire de Nantes, le 2 septembre 2025, n\u00b025\/00404","author":"Kohen","date":"2026\u5e744\u670822\u65e5","format":false,"excerpt":"Le juge des contentieux de la protection, statuant\u2026","rel":"","context":"\u5728\u201cJurisprudence\u201d\u4e2d","block_context":{"text":"Jurisprudence","link":"https:\/\/kohenavocats.com\/category\/jurisprudence\/"},"img":{"alt_text":"","src":"https:\/\/i0.wp.com\/kohenavocats.com\/wp-content\/uploads\/2024\/11\/haut-risque-JoyJpFZM-ZE-unsplash.webp?resize=350%2C200&ssl=1","width":350,"height":200,"srcset":"https:\/\/i0.wp.com\/kohenavocats.com\/wp-content\/uploads\/2024\/11\/haut-risque-JoyJpFZM-ZE-unsplash.webp?resize=350%2C200&ssl=1 1x, https:\/\/i0.wp.com\/kohenavocats.com\/wp-content\/uploads\/2024\/11\/haut-risque-JoyJpFZM-ZE-unsplash.webp?resize=525%2C300&ssl=1 1.5x, https:\/\/i0.wp.com\/kohenavocats.com\/wp-content\/uploads\/2024\/11\/haut-risque-JoyJpFZM-ZE-unsplash.webp?resize=700%2C400&ssl=1 2x, https:\/\/i0.wp.com\/kohenavocats.com\/wp-content\/uploads\/2024\/11\/haut-risque-JoyJpFZM-ZE-unsplash.webp?resize=1050%2C600&ssl=1 3x, https:\/\/i0.wp.com\/kohenavocats.com\/wp-content\/uploads\/2024\/11\/haut-risque-JoyJpFZM-ZE-unsplash.webp?resize=1400%2C800&ssl=1 4x"},"classes":[]},{"id":624019,"url":"https:\/\/kohenavocats.com\/zh-hans\/tribunal-judiciaire-de-nantes-le-15-septembre-2025-n25-00073\/","url_meta":{"origin":651995,"position":1},"title":"Tribunal judiciaire de Nantes, le 15 septembre 2025, n\u00b025\/00073","author":"Kohen","date":"2026\u5e744\u670820\u65e5","format":false,"excerpt":"Le juge des contentieux de la protection, statuant\u2026","rel":"","context":"\u5728\u201cJurisprudence\u201d\u4e2d","block_context":{"text":"Jurisprudence","link":"https:\/\/kohenavocats.com\/category\/jurisprudence\/"},"img":{"alt_text":"","src":"https:\/\/i0.wp.com\/kohenavocats.com\/wp-content\/uploads\/2024\/08\/eddie-junior-foXddRnxfc-unsplash-1.webp?resize=350%2C200&ssl=1","width":350,"height":200,"srcset":"https:\/\/i0.wp.com\/kohenavocats.com\/wp-content\/uploads\/2024\/08\/eddie-junior-foXddRnxfc-unsplash-1.webp?resize=350%2C200&ssl=1 1x, https:\/\/i0.wp.com\/kohenavocats.com\/wp-content\/uploads\/2024\/08\/eddie-junior-foXddRnxfc-unsplash-1.webp?resize=525%2C300&ssl=1 1.5x, https:\/\/i0.wp.com\/kohenavocats.com\/wp-content\/uploads\/2024\/08\/eddie-junior-foXddRnxfc-unsplash-1.webp?resize=700%2C400&ssl=1 2x, https:\/\/i0.wp.com\/kohenavocats.com\/wp-content\/uploads\/2024\/08\/eddie-junior-foXddRnxfc-unsplash-1.webp?resize=1050%2C600&ssl=1 3x, https:\/\/i0.wp.com\/kohenavocats.com\/wp-content\/uploads\/2024\/08\/eddie-junior-foXddRnxfc-unsplash-1.webp?resize=1400%2C800&ssl=1 4x"},"classes":[]},{"id":626198,"url":"https:\/\/kohenavocats.com\/zh-hans\/tribunal-judiciaire-de-nantes-le-11-septembre-2025-n25-01697\/","url_meta":{"origin":651995,"position":2},"title":"Tribunal judiciaire de Nantes, le 11 septembre 2025, n\u00b025\/01697","author":"Kohen","date":"2026\u5e744\u670820\u65e5","format":false,"excerpt":"Le juge des contentieux de la protection, statuant\u2026","rel":"","context":"\u5728\u201cJurisprudence\u201d\u4e2d","block_context":{"text":"Jurisprudence","link":"https:\/\/kohenavocats.com\/category\/jurisprudence\/"},"img":{"alt_text":"","src":"https:\/\/i0.wp.com\/kohenavocats.com\/wp-content\/uploads\/2024\/08\/valdemaras-d-CJAVJ5SF6gA-unsplash.webp?resize=350%2C200&ssl=1","width":350,"height":200,"srcset":"https:\/\/i0.wp.com\/kohenavocats.com\/wp-content\/uploads\/2024\/08\/valdemaras-d-CJAVJ5SF6gA-unsplash.webp?resize=350%2C200&ssl=1 1x, https:\/\/i0.wp.com\/kohenavocats.com\/wp-content\/uploads\/2024\/08\/valdemaras-d-CJAVJ5SF6gA-unsplash.webp?resize=525%2C300&ssl=1 1.5x, https:\/\/i0.wp.com\/kohenavocats.com\/wp-content\/uploads\/2024\/08\/valdemaras-d-CJAVJ5SF6gA-unsplash.webp?resize=700%2C400&ssl=1 2x, https:\/\/i0.wp.com\/kohenavocats.com\/wp-content\/uploads\/2024\/08\/valdemaras-d-CJAVJ5SF6gA-unsplash.webp?resize=1050%2C600&ssl=1 3x, https:\/\/i0.wp.com\/kohenavocats.com\/wp-content\/uploads\/2024\/08\/valdemaras-d-CJAVJ5SF6gA-unsplash.webp?resize=1400%2C800&ssl=1 4x"},"classes":[]},{"id":670523,"url":"https:\/\/kohenavocats.com\/zh-hans\/tribunal-judiciaire-de-lille-le-18-septembre-2025-n24-03825\/","url_meta":{"origin":651995,"position":3},"title":"Tribunal judiciaire de Lille, le 18 septembre 2025, n\u00b024\/03825","author":"Kohen","date":"2026\u5e744\u670824\u65e5","format":false,"excerpt":"Le juge des contentieux de la protection, statuant\u2026","rel":"","context":"\u5728\u201cCode des assurances\u201d\u4e2d","block_context":{"text":"Code des assurances","link":"https:\/\/kohenavocats.com\/category\/code-des-assurances\/"},"img":{"alt_text":"","src":"https:\/\/i0.wp.com\/kohenavocats.com\/wp-content\/uploads\/2024\/08\/julio-wolf-_eilSGpKYlY-unsplash.webp?resize=350%2C200&ssl=1","width":350,"height":200,"srcset":"https:\/\/i0.wp.com\/kohenavocats.com\/wp-content\/uploads\/2024\/08\/julio-wolf-_eilSGpKYlY-unsplash.webp?resize=350%2C200&ssl=1 1x, https:\/\/i0.wp.com\/kohenavocats.com\/wp-content\/uploads\/2024\/08\/julio-wolf-_eilSGpKYlY-unsplash.webp?resize=525%2C300&ssl=1 1.5x, https:\/\/i0.wp.com\/kohenavocats.com\/wp-content\/uploads\/2024\/08\/julio-wolf-_eilSGpKYlY-unsplash.webp?resize=700%2C400&ssl=1 2x, https:\/\/i0.wp.com\/kohenavocats.com\/wp-content\/uploads\/2024\/08\/julio-wolf-_eilSGpKYlY-unsplash.webp?resize=1050%2C600&ssl=1 3x, https:\/\/i0.wp.com\/kohenavocats.com\/wp-content\/uploads\/2024\/08\/julio-wolf-_eilSGpKYlY-unsplash.webp?resize=1400%2C800&ssl=1 4x"},"classes":[]},{"id":483370,"url":"https:\/\/kohenavocats.com\/zh-hans\/tribunal-judiciaire-de-toulouse-le-23-septembre-2025-n25-01977\/","url_meta":{"origin":651995,"position":4},"title":"Tribunal judiciaire de Toulouse, le 23 septembre 2025, n\u00b025\/01977","author":"Kohen","date":"2026\u5e744\u67088\u65e5","format":false,"excerpt":"Le juge des contentieux de la protection, statuant\u2026","rel":"","context":"\u5728\u201cJurisprudence\u201d\u4e2d","block_context":{"text":"Jurisprudence","link":"https:\/\/kohenavocats.com\/category\/jurisprudence\/"},"img":{"alt_text":"","src":"https:\/\/i0.wp.com\/kohenavocats.com\/wp-content\/uploads\/2024\/08\/louis-paulin-CJ_Ipj0rYWk-unsplash.webp?resize=350%2C200&ssl=1","width":350,"height":200,"srcset":"https:\/\/i0.wp.com\/kohenavocats.com\/wp-content\/uploads\/2024\/08\/louis-paulin-CJ_Ipj0rYWk-unsplash.webp?resize=350%2C200&ssl=1 1x, https:\/\/i0.wp.com\/kohenavocats.com\/wp-content\/uploads\/2024\/08\/louis-paulin-CJ_Ipj0rYWk-unsplash.webp?resize=525%2C300&ssl=1 1.5x, https:\/\/i0.wp.com\/kohenavocats.com\/wp-content\/uploads\/2024\/08\/louis-paulin-CJ_Ipj0rYWk-unsplash.webp?resize=700%2C400&ssl=1 2x, https:\/\/i0.wp.com\/kohenavocats.com\/wp-content\/uploads\/2024\/08\/louis-paulin-CJ_Ipj0rYWk-unsplash.webp?resize=1050%2C600&ssl=1 3x, https:\/\/i0.wp.com\/kohenavocats.com\/wp-content\/uploads\/2024\/08\/louis-paulin-CJ_Ipj0rYWk-unsplash.webp?resize=1400%2C800&ssl=1 4x"},"classes":[]},{"id":480671,"url":"https:\/\/kohenavocats.com\/zh-hans\/tribunal-judiciaire-de-poitiers-le-11-septembre-2025-n25-00123\/","url_meta":{"origin":651995,"position":5},"title":"Tribunal judiciaire de Poitiers, le 11 septembre 2025, n\u00b025\/00123","author":"Kohen","date":"2026\u5e744\u67087\u65e5","format":false,"excerpt":"Le juge des contentieux de la protection, statuant\u2026","rel":"","context":"\u5728\u201cJurisprudence\u201d\u4e2d","block_context":{"text":"Jurisprudence","link":"https:\/\/kohenavocats.com\/category\/jurisprudence\/"},"img":{"alt_text":"","src":"https:\/\/i0.wp.com\/kohenavocats.com\/wp-content\/uploads\/2024\/11\/getty-images-sVQF3gE-ySg-unsplash.webp?resize=350%2C200&ssl=1","width":350,"height":200,"srcset":"https:\/\/i0.wp.com\/kohenavocats.com\/wp-content\/uploads\/2024\/11\/getty-images-sVQF3gE-ySg-unsplash.webp?resize=350%2C200&ssl=1 1x, https:\/\/i0.wp.com\/kohenavocats.com\/wp-content\/uploads\/2024\/11\/getty-images-sVQF3gE-ySg-unsplash.webp?resize=525%2C300&ssl=1 1.5x, https:\/\/i0.wp.com\/kohenavocats.com\/wp-content\/uploads\/2024\/11\/getty-images-sVQF3gE-ySg-unsplash.webp?resize=700%2C400&ssl=1 2x, https:\/\/i0.wp.com\/kohenavocats.com\/wp-content\/uploads\/2024\/11\/getty-images-sVQF3gE-ySg-unsplash.webp?resize=1050%2C600&ssl=1 3x, https:\/\/i0.wp.com\/kohenavocats.com\/wp-content\/uploads\/2024\/11\/getty-images-sVQF3gE-ySg-unsplash.webp?resize=1400%2C800&ssl=1 4x"},"classes":[]}],"jetpack_sharing_enabled":true,"_links":{"self":[{"href":"https:\/\/kohenavocats.com\/zh-hans\/wp-json\/wp\/v2\/posts\/651995","targetHints":{"allow":["GET"]}}],"collection":[{"href":"https:\/\/kohenavocats.com\/zh-hans\/wp-json\/wp\/v2\/posts"}],"about":[{"href":"https:\/\/kohenavocats.com\/zh-hans\/wp-json\/wp\/v2\/types\/post"}],"author":[{"embeddable":true,"href":"https:\/\/kohenavocats.com\/zh-hans\/wp-json\/wp\/v2\/users\/232070755"}],"replies":[{"embeddable":true,"href":"https:\/\/kohenavocats.com\/zh-hans\/wp-json\/wp\/v2\/comments?post=651995"}],"version-history":[{"count":0,"href":"https:\/\/kohenavocats.com\/zh-hans\/wp-json\/wp\/v2\/posts\/651995\/revisions"}],"wp:featuredmedia":[{"embeddable":true,"href":"https:\/\/kohenavocats.com\/zh-hans\/wp-json\/wp\/v2\/media\/9693"}],"wp:attachment":[{"href":"https:\/\/kohenavocats.com\/zh-hans\/wp-json\/wp\/v2\/media?parent=651995"}],"wp:term":[{"taxonomy":"category","embeddable":true,"href":"https:\/\/kohenavocats.com\/zh-hans\/wp-json\/wp\/v2\/categories?post=651995"},{"taxonomy":"post_tag","embeddable":true,"href":"https:\/\/kohenavocats.com\/zh-hans\/wp-json\/wp\/v2\/tags?post=651995"}],"curies":[{"name":"wp","href":"https:\/\/api.w.org\/{rel}","templated":true}]}}