{"id":653498,"date":"2026-04-23T01:09:06","date_gmt":"2026-04-22T23:09:06","guid":{"rendered":"https:\/\/kohenavocats.com\/cour-dappel-de-versailles-le-5-fevrier-2025-n24-07855\/"},"modified":"2026-04-23T01:09:06","modified_gmt":"2026-04-22T23:09:06","slug":"cour-dappel-de-versailles-le-5-fevrier-2025-n24-07855","status":"publish","type":"post","link":"https:\/\/kohenavocats.com\/zh-hans\/cour-dappel-de-versailles-le-5-fevrier-2025-n24-07855\/","title":{"rendered":"Cour d&#8217;appel de Versailles, le 5 f\u00e9vrier 2025, n\u00b024\/07855"},"content":{"rendered":"<div class=\"article-content\">\n<p>La Cour d&#8217;appel de Versailles, le 5 f\u00e9vrier 2025, confirme un jugement d\u00e9clarant irrecevables des demandes pr\u00e9sent\u00e9es au juge de l&#8217;ex\u00e9cution. Elle rejette \u00e9galement une demande en dommages et int\u00e9r\u00eats pour proc\u00e9dure abusive. L&#8217;affaire concerne l&#8217;ex\u00e9cution d&#8217;une mesure d&#8217;instruction in futurum ordonn\u00e9e par le pr\u00e9sident d&#8217;un tribunal de commerce. La solution retenue affirme l&#8217;incomp\u00e9tence du juge de l&#8217;ex\u00e9cution pour conna\u00eetre des difficult\u00e9s li\u00e9es \u00e0 une telle mesure.<\/p>\n<p>La comp\u00e9tence du juge de l&#8217;ex\u00e9cution strictement encadr\u00e9e<\/p>\n<p>Le rejet de la comp\u00e9tence mat\u00e9rielle du juge<\/p>\n<p>La cour rappelle le cadre l\u00e9gal strict des attributions du juge de l&#8217;ex\u00e9cution. Elle se fonde sur l&#8217;article L.213-6 du code de l&#8217;organisation judiciaire. Ce texte d\u00e9finit de mani\u00e8re exhaustive les mati\u00e8res relevant de sa comp\u00e9tence exclusive. &#8220;Le juge de l&#8217;ex\u00e9cution [&#8230;] est habilit\u00e9 \u00e0 conna\u00eetre, de mani\u00e8re exclusive, des difficult\u00e9s relatives aux titres ex\u00e9cutoires et des contestations qui s&#8217;\u00e9l\u00e8vent \u00e0 l&#8217;occasion de l&#8217;ex\u00e9cution forc\u00e9e&#8221; (Motifs). La mesure litigieuse, une investigation ordonn\u00e9e sur le fondement de l&#8217;article 145 du code de proc\u00e9dure civile, n&#8217;entre pas dans ce champ. La cour souligne qu&#8217;elle &#8220;ne constitue ni une mesure d&#8217;ex\u00e9cution forc\u00e9e ni une mesure conservatoire&#8221; (Motifs). Cette interpr\u00e9tation restrictive prot\u00e8ge la sp\u00e9cialisation de cette juridiction. Elle \u00e9vite un engorgement par des contentieux \u00e9trangers \u00e0 sa mission principale.<\/p>\n<p>L&#8217;irrecevabilit\u00e9 comme sanction du d\u00e9faut de pouvoir<\/p>\n<p>Le d\u00e9faut de comp\u00e9tence se traduit par une fin de non-recevoir. Les demandes, m\u00eame limit\u00e9es en appel, exc\u00e8dent les pouvoirs du juge. La cour appuie sa position sur une jurisprudence constante de la Cour de cassation. Elle cite un arr\u00eat qui &#8220;approuve la cour d&#8217;appel qui d\u00e9clare irrecevables les demandes pr\u00e9sent\u00e9es au juge de l&#8217;ex\u00e9cution alors qu&#8217;il n&#8217;est justifi\u00e9 d&#8217;aucunes mesures d&#8217;ex\u00e9cution forc\u00e9e&#8221; (Motifs). Cette solution est coh\u00e9rente avec une jurisprudence r\u00e9cente. La Cour d&#8217;appel de Lyon a jug\u00e9 que &#8220;le juge de l&#8217;ex\u00e9cution est incomp\u00e9tent pour annuler un proc\u00e8s verbal de constat effectu\u00e9 in futurum&#8221; (Cour d&#8217;appel de Lyon, le 12 mars 2025, n\u00b024\/01151). La port\u00e9e est claire : la qualification de titre ex\u00e9cutoire de la d\u00e9cision ordonnant la mesure est insuffisante. Seule la nature de la mesure mise en \u0153uvre est d\u00e9terminante pour la comp\u00e9tence.<\/p>\n<p>La sanction des man\u0153uvres proc\u00e9durales abusives<\/p>\n<p>La caract\u00e9risation d&#8217;un d\u00e9tournement de proc\u00e9dure<\/p>\n<p>La cour confirme la condamnation pour proc\u00e9dure abusive prononc\u00e9e en premi\u00e8re instance. Elle rel\u00e8ve que les demandes avaient d\u00e9j\u00e0 \u00e9t\u00e9 pr\u00e9sent\u00e9es et rejet\u00e9es devant d&#8217;autres juridictions. Saisir le juge de l&#8217;ex\u00e9cution malgr\u00e9 son incomp\u00e9tence \u00e9vidente constitue un d\u00e9tournement. &#8220;Il est manifeste que les demanderesses cherchent en r\u00e9alit\u00e9 \u00e0 perturber l&#8217;organisation de la posture de leurs adversaires&#8221; (Motifs). Cette strat\u00e9gie vise \u00e0 entraver le d\u00e9roulement d&#8217;une proc\u00e9dure principale sur la concurrence d\u00e9loyale. L&#8217;abus de droit est ainsi caract\u00e9ris\u00e9 par la r\u00e9p\u00e9tition de pr\u00e9tentions irrecevables. La mauvaise foi proc\u00e9durale r\u00e9side dans l&#8217;obstination \u00e0 choisir une juridiction inappropri\u00e9e. La sanction a pour but de dissuader l&#8217;utilisation de la proc\u00e9dure comme une arme dilatoire.<\/p>\n<p>Le rejet de la demande additionnelle en appel<\/p>\n<p>Les intim\u00e9es ont sollicit\u00e9 en appel une condamnation suppl\u00e9mentaire pour persistance dans la mauvaise foi. La cour rejette cette demande, faute de preuves suffisantes. Elle observe que les appelants n&#8217;ont pas commis de man\u0153uvre dilatoire objective durant l&#8217;appel. &#8220;La proc\u00e9dure d&#8217;appel [&#8230;] s&#8217;est d\u00e9roul\u00e9e dans le strict respect des d\u00e9lais applicables&#8221; (Motifs). Ce refus montre que la sanction pour abus doit \u00eatre proportionn\u00e9e et justifi\u00e9e. Il ne suffit pas de succomber en appel pour \u00eatre condamn\u00e9 sur ce fondement. La cour distingue ainsi l&#8217;abus initial de l&#8217;exercice r\u00e9gulier des voies de recours. La port\u00e9e de cette analyse est de pr\u00e9server le droit \u00e0 un d\u00e9bat contradictoire loyal en degr\u00e9 d&#8217;appel. Elle \u00e9vite de transformer un \u00e9chec juridique en faute proc\u00e9durale automatique.<\/p>\n<\/div>\n","protected":false},"excerpt":{"rendered":"<p>La Cour d&#8217;appel de Versailles, le 5 f\u00e9vrier 2025, confirme un jugement d\u00e9clarant irrecevables des demandes pr\u00e9sent\u00e9es au juge de l&#8217;ex\u00e9cution. Elle rejette \u00e9g&#8230;<\/p>\n","protected":false},"author":232070755,"featured_media":4738,"comment_status":"open","ping_status":"open","sticky":false,"template":"","format":"standard","meta":{"_crdt_document":"","_jetpack_newsletter_access":"","_jetpack_dont_email_post_to_subs":false,"_jetpack_newsletter_tier_id":0,"_jetpack_memberships_contains_paywalled_content":false,"_kj_source_type":"judilibre","_kj_official_id":"68df58945835300816d81548","_kj_official_url":"https:\/\/www.courdecassation.fr\/decision\/68df58945835300816d81548","_kj_judilibre_id":"68df58945835300816d81548","_kj_jur":"Cour d'appel","_kj_lieu":"Cour d'appel de Versailles","_kj_chambre":"Chambre civile 1-6","_kj_rg":"24\/07855","_kj_date":"2025-10-02","_jetpack_memberships_contains_paid_content":false,"footnotes":"","jetpack_post_was_ever_published":false},"categories":[7597],"tags":[],"class_list":["post-653498","post","type-post","status-publish","format-standard","has-post-thumbnail","hentry","category-jurisprudence"],"yoast_head":"<!-- This site is optimized with the Yoast SEO Premium plugin v27.5 (Yoast SEO v27.5) - https:\/\/yoast.com\/product\/yoast-seo-premium-wordpress\/ -->\n<title>Cour d&#039;appel de Versailles, le 5 f\u00e9vrier 2025, n\u00b024\/07855 - Ma\u00eetre Hassan Kohen, avocat en droit p\u00e9nal \u00e0 Paris<\/title>\n<meta name=\"description\" content=\"La Cour d&#039;appel de Versailles, le 5 f\u00e9vrier 2025, confirme un jugement d\u00e9clarant irrecevables des demandes pr\u00e9sent\u00e9es au juge de l&#039;ex\u00e9cution. Elle rejette \u00e9g...\" \/>\n<meta name=\"robots\" content=\"index, follow, max-snippet:-1, max-image-preview:large, max-video-preview:-1\" \/>\n<link rel=\"canonical\" href=\"https:\/\/kohenavocats.com\/zh-hans\/cour-dappel-de-versailles-le-5-fevrier-2025-n24-07855\/\" \/>\n<meta property=\"og:locale\" content=\"zh_CN\" \/>\n<meta property=\"og:type\" content=\"article\" \/>\n<meta property=\"og:title\" content=\"Cour d&#039;appel de Versailles, le 5 f\u00e9vrier 2025, n\u00b024\/07855\" \/>\n<meta property=\"og:description\" content=\"La Cour d&#039;appel de Versailles, le 5 f\u00e9vrier 2025, confirme un jugement d\u00e9clarant irrecevables des demandes pr\u00e9sent\u00e9es au juge de l&#039;ex\u00e9cution. Elle rejette \u00e9g...\" \/>\n<meta property=\"og:url\" content=\"https:\/\/kohenavocats.com\/zh-hans\/cour-dappel-de-versailles-le-5-fevrier-2025-n24-07855\/\" \/>\n<meta property=\"og:site_name\" content=\"Ma\u00eetre Hassan Kohen, avocat en droit p\u00e9nal \u00e0 Paris\" \/>\n<meta property=\"article:published_time\" content=\"2026-04-22T23:09:06+00:00\" \/>\n<meta property=\"og:image\" content=\"https:\/\/kohenavocats.com\/wp-content\/uploads\/2024\/08\/susan-q-yin-YQhhlCS9Hto-unsplash.webp\" \/>\n\t<meta property=\"og:image:width\" content=\"4592\" \/>\n\t<meta property=\"og:image:height\" content=\"3064\" \/>\n\t<meta property=\"og:image:type\" content=\"image\/webp\" \/>\n<meta name=\"author\" content=\"Kohen\" \/>\n<meta name=\"twitter:card\" content=\"summary_large_image\" \/>\n<meta name=\"twitter:label1\" content=\"\u4f5c\u8005\" \/>\n\t<meta name=\"twitter:data1\" content=\"Kohen\" \/>\n\t<meta name=\"twitter:label2\" content=\"\u9884\u8ba1\u9605\u8bfb\u65f6\u95f4\" \/>\n\t<meta name=\"twitter:data2\" content=\"3 \u5206\" \/>\n<script type=\"application\/ld+json\" class=\"yoast-schema-graph\">{\"@context\":\"https:\\\/\\\/schema.org\",\"@graph\":[{\"@type\":\"Article\",\"@id\":\"https:\\\/\\\/kohenavocats.com\\\/zh-hans\\\/cour-dappel-de-versailles-le-5-fevrier-2025-n24-07855\\\/#article\",\"isPartOf\":{\"@id\":\"https:\\\/\\\/kohenavocats.com\\\/zh-hans\\\/cour-dappel-de-versailles-le-5-fevrier-2025-n24-07855\\\/\"},\"author\":{\"name\":\"Kohen\",\"@id\":\"https:\\\/\\\/kohenavocats.com\\\/zh-hans\\\/#\\\/schema\\\/person\\\/761c9ba54fa1ca84d405cef0831ff751\"},\"headline\":\"Cour d&#8217;appel de Versailles, le 5 f\u00e9vrier 2025, n\u00b024\\\/07855\",\"datePublished\":\"2026-04-22T23:09:06+00:00\",\"mainEntityOfPage\":{\"@id\":\"https:\\\/\\\/kohenavocats.com\\\/zh-hans\\\/cour-dappel-de-versailles-le-5-fevrier-2025-n24-07855\\\/\"},\"wordCount\":751,\"commentCount\":0,\"publisher\":{\"@id\":\"https:\\\/\\\/kohenavocats.com\\\/zh-hans\\\/#organization\"},\"image\":{\"@id\":\"https:\\\/\\\/kohenavocats.com\\\/zh-hans\\\/cour-dappel-de-versailles-le-5-fevrier-2025-n24-07855\\\/#primaryimage\"},\"thumbnailUrl\":\"https:\\\/\\\/kohenavocats.com\\\/wp-content\\\/uploads\\\/2024\\\/08\\\/susan-q-yin-YQhhlCS9Hto-unsplash.webp\",\"articleSection\":[\"Jurisprudence\"],\"inLanguage\":\"zh-Hans\",\"potentialAction\":[{\"@type\":\"CommentAction\",\"name\":\"Comment\",\"target\":[\"https:\\\/\\\/kohenavocats.com\\\/zh-hans\\\/cour-dappel-de-versailles-le-5-fevrier-2025-n24-07855\\\/#respond\"]}],\"citation\":\"Cour d&#8217;appel de Versailles, le 5 f\u00e9vrier 2025, n\u00b024\\\/07855\",\"about\":[{\"@type\":\"Thing\",\"name\":\"Jurisprudence\"}],\"dateModified\":\"2026-04-22T23:09:06+00:00\",\"speakable\":{\"@type\":\"SpeakableSpecification\",\"cssSelector\":[\".article-content > p:first-of-type\"]}},{\"@type\":\"WebPage\",\"@id\":\"https:\\\/\\\/kohenavocats.com\\\/zh-hans\\\/cour-dappel-de-versailles-le-5-fevrier-2025-n24-07855\\\/\",\"url\":\"https:\\\/\\\/kohenavocats.com\\\/zh-hans\\\/cour-dappel-de-versailles-le-5-fevrier-2025-n24-07855\\\/\",\"name\":\"Cour d'appel de Versailles, le 5 f\u00e9vrier 2025, n\u00b024\\\/07855 - Ma\u00eetre Hassan Kohen, avocat en droit p\u00e9nal \u00e0 Paris\",\"isPartOf\":{\"@id\":\"https:\\\/\\\/kohenavocats.com\\\/zh-hans\\\/#website\"},\"primaryImageOfPage\":{\"@id\":\"https:\\\/\\\/kohenavocats.com\\\/zh-hans\\\/cour-dappel-de-versailles-le-5-fevrier-2025-n24-07855\\\/#primaryimage\"},\"image\":{\"@id\":\"https:\\\/\\\/kohenavocats.com\\\/zh-hans\\\/cour-dappel-de-versailles-le-5-fevrier-2025-n24-07855\\\/#primaryimage\"},\"thumbnailUrl\":\"https:\\\/\\\/kohenavocats.com\\\/wp-content\\\/uploads\\\/2024\\\/08\\\/susan-q-yin-YQhhlCS9Hto-unsplash.webp\",\"datePublished\":\"2026-04-22T23:09:06+00:00\",\"description\":\"La Cour d'appel de Versailles, le 5 f\u00e9vrier 2025, confirme un jugement d\u00e9clarant irrecevables des demandes pr\u00e9sent\u00e9es au juge de l'ex\u00e9cution. Elle rejette \u00e9g...\",\"breadcrumb\":{\"@id\":\"https:\\\/\\\/kohenavocats.com\\\/zh-hans\\\/cour-dappel-de-versailles-le-5-fevrier-2025-n24-07855\\\/#breadcrumb\"},\"inLanguage\":\"zh-Hans\",\"potentialAction\":[{\"@type\":\"ReadAction\",\"target\":[\"https:\\\/\\\/kohenavocats.com\\\/zh-hans\\\/cour-dappel-de-versailles-le-5-fevrier-2025-n24-07855\\\/\"]}]},{\"@type\":\"ImageObject\",\"inLanguage\":\"zh-Hans\",\"@id\":\"https:\\\/\\\/kohenavocats.com\\\/zh-hans\\\/cour-dappel-de-versailles-le-5-fevrier-2025-n24-07855\\\/#primaryimage\",\"url\":\"https:\\\/\\\/kohenavocats.com\\\/wp-content\\\/uploads\\\/2024\\\/08\\\/susan-q-yin-YQhhlCS9Hto-unsplash.webp\",\"contentUrl\":\"https:\\\/\\\/kohenavocats.com\\\/wp-content\\\/uploads\\\/2024\\\/08\\\/susan-q-yin-YQhhlCS9Hto-unsplash.webp\",\"width\":4592,\"height\":3064},{\"@type\":\"BreadcrumbList\",\"@id\":\"https:\\\/\\\/kohenavocats.com\\\/zh-hans\\\/cour-dappel-de-versailles-le-5-fevrier-2025-n24-07855\\\/#breadcrumb\",\"itemListElement\":[{\"@type\":\"ListItem\",\"position\":1,\"name\":\"Home\",\"item\":\"https:\\\/\\\/kohenavocats.com\\\/zh-hans\\\/\"},{\"@type\":\"ListItem\",\"position\":2,\"name\":\"Cour d&rsquo;appel de Versailles, le 5 f\u00e9vrier 2025, n\u00b024\\\/07855\"}]},{\"@type\":\"WebSite\",\"@id\":\"https:\\\/\\\/kohenavocats.com\\\/zh-hans\\\/#website\",\"url\":\"https:\\\/\\\/kohenavocats.com\\\/zh-hans\\\/\",\"name\":\"Kohen Avocats\",\"description\":\"Ma\u00eetre Hassan Kohen, avocat p\u00e9naliste \u00e0 Paris, intervient exclusivement en droit p\u00e9nal pour la d\u00e9fense des particuliers, notamment en mati\u00e8re d\u2019accusations de viol. Il assure un accompagnement rigoureux d\u00e8s la garde \u00e0 vue jusqu\u2019\u00e0 la Cour d\u2019assises, veillant au strict respect des garanties proc\u00e9durales.\",\"publisher\":{\"@id\":\"https:\\\/\\\/kohenavocats.com\\\/zh-hans\\\/#organization\"},\"potentialAction\":[{\"@type\":\"SearchAction\",\"target\":{\"@type\":\"EntryPoint\",\"urlTemplate\":\"https:\\\/\\\/kohenavocats.com\\\/zh-hans\\\/?s={search_term_string}\"},\"query-input\":{\"@type\":\"PropertyValueSpecification\",\"valueRequired\":true,\"valueName\":\"search_term_string\"}}],\"inLanguage\":\"zh-Hans\"},{\"@type\":\"Organization\",\"@id\":\"https:\\\/\\\/kohenavocats.com\\\/zh-hans\\\/#organization\",\"name\":\"Kohen Avocats\",\"url\":\"https:\\\/\\\/kohenavocats.com\\\/zh-hans\\\/\",\"logo\":{\"@type\":\"ImageObject\",\"inLanguage\":\"zh-Hans\",\"@id\":\"https:\\\/\\\/kohenavocats.com\\\/zh-hans\\\/#\\\/schema\\\/logo\\\/image\\\/\",\"url\":\"https:\\\/\\\/kohenavocats.com\\\/wp-content\\\/uploads\\\/2026\\\/01\\\/Logo-2-1.webp\",\"contentUrl\":\"https:\\\/\\\/kohenavocats.com\\\/wp-content\\\/uploads\\\/2026\\\/01\\\/Logo-2-1.webp\",\"width\":2114,\"height\":1253,\"caption\":\"Kohen Avocats\"},\"image\":{\"@id\":\"https:\\\/\\\/kohenavocats.com\\\/zh-hans\\\/#\\\/schema\\\/logo\\\/image\\\/\"}},{\"@type\":\"Person\",\"@id\":\"https:\\\/\\\/kohenavocats.com\\\/zh-hans\\\/#\\\/schema\\\/person\\\/761c9ba54fa1ca84d405cef0831ff751\",\"name\":\"Kohen\",\"image\":{\"@type\":\"ImageObject\",\"inLanguage\":\"zh-Hans\",\"@id\":\"https:\\\/\\\/secure.gravatar.com\\\/avatar\\\/1c5e76ef76bbbfdd2b4da984e2bf2fa4056fd51a27d25ce2c332047f1dfd6e00?s=96&d=identicon&r=g\",\"url\":\"https:\\\/\\\/secure.gravatar.com\\\/avatar\\\/1c5e76ef76bbbfdd2b4da984e2bf2fa4056fd51a27d25ce2c332047f1dfd6e00?s=96&d=identicon&r=g\",\"contentUrl\":\"https:\\\/\\\/secure.gravatar.com\\\/avatar\\\/1c5e76ef76bbbfdd2b4da984e2bf2fa4056fd51a27d25ce2c332047f1dfd6e00?s=96&d=identicon&r=g\",\"caption\":\"Kohen\"},\"sameAs\":[\"https:\\\/\\\/www.linkedin.com\\\/in\\\/hassan-kohen-448548192\\\/\",\"https:\\\/\\\/www.youtube.com\\\/@Kohen-Avocats\"],\"url\":\"https:\\\/\\\/kohenavocats.com\\\/zh-hans\\\/author\\\/kohenmlk\\\/\"}]}<\/script>\n<!-- \/ Yoast SEO Premium plugin. -->","yoast_head_json":{"title":"Cour d'appel de Versailles, le 5 f\u00e9vrier 2025, n\u00b024\/07855 - Ma\u00eetre Hassan Kohen, avocat en droit p\u00e9nal \u00e0 Paris","description":"La Cour d'appel de Versailles, le 5 f\u00e9vrier 2025, confirme un jugement d\u00e9clarant irrecevables des demandes pr\u00e9sent\u00e9es au juge de l'ex\u00e9cution. Elle rejette \u00e9g...","robots":{"index":"index","follow":"follow","max-snippet":"max-snippet:-1","max-image-preview":"max-image-preview:large","max-video-preview":"max-video-preview:-1"},"canonical":"https:\/\/kohenavocats.com\/zh-hans\/cour-dappel-de-versailles-le-5-fevrier-2025-n24-07855\/","og_locale":"zh_CN","og_type":"article","og_title":"Cour d'appel de Versailles, le 5 f\u00e9vrier 2025, n\u00b024\/07855","og_description":"La Cour d'appel de Versailles, le 5 f\u00e9vrier 2025, confirme un jugement d\u00e9clarant irrecevables des demandes pr\u00e9sent\u00e9es au juge de l'ex\u00e9cution. Elle rejette \u00e9g...","og_url":"https:\/\/kohenavocats.com\/zh-hans\/cour-dappel-de-versailles-le-5-fevrier-2025-n24-07855\/","og_site_name":"Ma\u00eetre Hassan Kohen, avocat en droit p\u00e9nal \u00e0 Paris","article_published_time":"2026-04-22T23:09:06+00:00","og_image":[{"width":4592,"height":3064,"url":"https:\/\/kohenavocats.com\/wp-content\/uploads\/2024\/08\/susan-q-yin-YQhhlCS9Hto-unsplash.webp","type":"image\/webp"}],"author":"Kohen","twitter_card":"summary_large_image","twitter_misc":{"\u4f5c\u8005":"Kohen","\u9884\u8ba1\u9605\u8bfb\u65f6\u95f4":"3 \u5206"},"schema":{"@context":"https:\/\/schema.org","@graph":[{"@type":"Article","@id":"https:\/\/kohenavocats.com\/zh-hans\/cour-dappel-de-versailles-le-5-fevrier-2025-n24-07855\/#article","isPartOf":{"@id":"https:\/\/kohenavocats.com\/zh-hans\/cour-dappel-de-versailles-le-5-fevrier-2025-n24-07855\/"},"author":{"name":"Kohen","@id":"https:\/\/kohenavocats.com\/zh-hans\/#\/schema\/person\/761c9ba54fa1ca84d405cef0831ff751"},"headline":"Cour d&#8217;appel de Versailles, le 5 f\u00e9vrier 2025, n\u00b024\/07855","datePublished":"2026-04-22T23:09:06+00:00","mainEntityOfPage":{"@id":"https:\/\/kohenavocats.com\/zh-hans\/cour-dappel-de-versailles-le-5-fevrier-2025-n24-07855\/"},"wordCount":751,"commentCount":0,"publisher":{"@id":"https:\/\/kohenavocats.com\/zh-hans\/#organization"},"image":{"@id":"https:\/\/kohenavocats.com\/zh-hans\/cour-dappel-de-versailles-le-5-fevrier-2025-n24-07855\/#primaryimage"},"thumbnailUrl":"https:\/\/kohenavocats.com\/wp-content\/uploads\/2024\/08\/susan-q-yin-YQhhlCS9Hto-unsplash.webp","articleSection":["Jurisprudence"],"inLanguage":"zh-Hans","potentialAction":[{"@type":"CommentAction","name":"Comment","target":["https:\/\/kohenavocats.com\/zh-hans\/cour-dappel-de-versailles-le-5-fevrier-2025-n24-07855\/#respond"]}],"citation":"Cour d&#8217;appel de Versailles, le 5 f\u00e9vrier 2025, n\u00b024\/07855","about":[{"@type":"Thing","name":"Jurisprudence"}],"dateModified":"2026-04-22T23:09:06+00:00","speakable":{"@type":"SpeakableSpecification","cssSelector":[".article-content > p:first-of-type"]}},{"@type":"WebPage","@id":"https:\/\/kohenavocats.com\/zh-hans\/cour-dappel-de-versailles-le-5-fevrier-2025-n24-07855\/","url":"https:\/\/kohenavocats.com\/zh-hans\/cour-dappel-de-versailles-le-5-fevrier-2025-n24-07855\/","name":"Cour d'appel de Versailles, le 5 f\u00e9vrier 2025, n\u00b024\/07855 - Ma\u00eetre Hassan Kohen, avocat en droit p\u00e9nal \u00e0 Paris","isPartOf":{"@id":"https:\/\/kohenavocats.com\/zh-hans\/#website"},"primaryImageOfPage":{"@id":"https:\/\/kohenavocats.com\/zh-hans\/cour-dappel-de-versailles-le-5-fevrier-2025-n24-07855\/#primaryimage"},"image":{"@id":"https:\/\/kohenavocats.com\/zh-hans\/cour-dappel-de-versailles-le-5-fevrier-2025-n24-07855\/#primaryimage"},"thumbnailUrl":"https:\/\/kohenavocats.com\/wp-content\/uploads\/2024\/08\/susan-q-yin-YQhhlCS9Hto-unsplash.webp","datePublished":"2026-04-22T23:09:06+00:00","description":"La Cour d'appel de Versailles, le 5 f\u00e9vrier 2025, confirme un jugement d\u00e9clarant irrecevables des demandes pr\u00e9sent\u00e9es au juge de l'ex\u00e9cution. Elle rejette \u00e9g...","breadcrumb":{"@id":"https:\/\/kohenavocats.com\/zh-hans\/cour-dappel-de-versailles-le-5-fevrier-2025-n24-07855\/#breadcrumb"},"inLanguage":"zh-Hans","potentialAction":[{"@type":"ReadAction","target":["https:\/\/kohenavocats.com\/zh-hans\/cour-dappel-de-versailles-le-5-fevrier-2025-n24-07855\/"]}]},{"@type":"ImageObject","inLanguage":"zh-Hans","@id":"https:\/\/kohenavocats.com\/zh-hans\/cour-dappel-de-versailles-le-5-fevrier-2025-n24-07855\/#primaryimage","url":"https:\/\/kohenavocats.com\/wp-content\/uploads\/2024\/08\/susan-q-yin-YQhhlCS9Hto-unsplash.webp","contentUrl":"https:\/\/kohenavocats.com\/wp-content\/uploads\/2024\/08\/susan-q-yin-YQhhlCS9Hto-unsplash.webp","width":4592,"height":3064},{"@type":"BreadcrumbList","@id":"https:\/\/kohenavocats.com\/zh-hans\/cour-dappel-de-versailles-le-5-fevrier-2025-n24-07855\/#breadcrumb","itemListElement":[{"@type":"ListItem","position":1,"name":"Home","item":"https:\/\/kohenavocats.com\/zh-hans\/"},{"@type":"ListItem","position":2,"name":"Cour d&rsquo;appel de Versailles, le 5 f\u00e9vrier 2025, n\u00b024\/07855"}]},{"@type":"WebSite","@id":"https:\/\/kohenavocats.com\/zh-hans\/#website","url":"https:\/\/kohenavocats.com\/zh-hans\/","name":"Kohen Avocats","description":"Ma\u00eetre Hassan Kohen, avocat p\u00e9naliste \u00e0 Paris, intervient exclusivement en droit p\u00e9nal pour la d\u00e9fense des particuliers, notamment en mati\u00e8re d\u2019accusations de viol. Il assure un accompagnement rigoureux d\u00e8s la garde \u00e0 vue jusqu\u2019\u00e0 la Cour d\u2019assises, veillant au strict respect des garanties proc\u00e9durales.","publisher":{"@id":"https:\/\/kohenavocats.com\/zh-hans\/#organization"},"potentialAction":[{"@type":"SearchAction","target":{"@type":"EntryPoint","urlTemplate":"https:\/\/kohenavocats.com\/zh-hans\/?s={search_term_string}"},"query-input":{"@type":"PropertyValueSpecification","valueRequired":true,"valueName":"search_term_string"}}],"inLanguage":"zh-Hans"},{"@type":"Organization","@id":"https:\/\/kohenavocats.com\/zh-hans\/#organization","name":"Kohen Avocats","url":"https:\/\/kohenavocats.com\/zh-hans\/","logo":{"@type":"ImageObject","inLanguage":"zh-Hans","@id":"https:\/\/kohenavocats.com\/zh-hans\/#\/schema\/logo\/image\/","url":"https:\/\/kohenavocats.com\/wp-content\/uploads\/2026\/01\/Logo-2-1.webp","contentUrl":"https:\/\/kohenavocats.com\/wp-content\/uploads\/2026\/01\/Logo-2-1.webp","width":2114,"height":1253,"caption":"Kohen Avocats"},"image":{"@id":"https:\/\/kohenavocats.com\/zh-hans\/#\/schema\/logo\/image\/"}},{"@type":"Person","@id":"https:\/\/kohenavocats.com\/zh-hans\/#\/schema\/person\/761c9ba54fa1ca84d405cef0831ff751","name":"Kohen","image":{"@type":"ImageObject","inLanguage":"zh-Hans","@id":"https:\/\/secure.gravatar.com\/avatar\/1c5e76ef76bbbfdd2b4da984e2bf2fa4056fd51a27d25ce2c332047f1dfd6e00?s=96&d=identicon&r=g","url":"https:\/\/secure.gravatar.com\/avatar\/1c5e76ef76bbbfdd2b4da984e2bf2fa4056fd51a27d25ce2c332047f1dfd6e00?s=96&d=identicon&r=g","contentUrl":"https:\/\/secure.gravatar.com\/avatar\/1c5e76ef76bbbfdd2b4da984e2bf2fa4056fd51a27d25ce2c332047f1dfd6e00?s=96&d=identicon&r=g","caption":"Kohen"},"sameAs":["https:\/\/www.linkedin.com\/in\/hassan-kohen-448548192\/","https:\/\/www.youtube.com\/@Kohen-Avocats"],"url":"https:\/\/kohenavocats.com\/zh-hans\/author\/kohenmlk\/"}]}},"jetpack_featured_media_url":"https:\/\/kohenavocats.com\/wp-content\/uploads\/2024\/08\/susan-q-yin-YQhhlCS9Hto-unsplash.webp","jetpack_likes_enabled":false,"jetpack_shortlink":"https:\/\/wp.me\/peCrII-2K0i","jetpack-related-posts":[{"id":612336,"url":"https:\/\/kohenavocats.com\/zh-hans\/cour-dappel-de-versailles-le-5-fevrier-2025-n24-09846\/","url_meta":{"origin":653498,"position":0},"title":"Cour d&#8217;appel de Versailles, le 5 f\u00e9vrier 2025, n\u00b024\/09846","author":"Kohen","date":"2026\u5e744\u670819\u65e5","format":false,"excerpt":"La Cour d\u2019appel de Versailles, le 5 f\u00e9vrier 2025, \u2026","rel":"","context":"\u5728\u201cJurisprudence\u201d\u4e2d","block_context":{"text":"Jurisprudence","link":"https:\/\/kohenavocats.com\/category\/jurisprudence\/"},"img":{"alt_text":"","src":"https:\/\/i0.wp.com\/kohenavocats.com\/wp-content\/uploads\/2024\/08\/ali-lokhandwala-KUr51Y4dOyo-unsplash.webp?resize=350%2C200&ssl=1","width":350,"height":200,"srcset":"https:\/\/i0.wp.com\/kohenavocats.com\/wp-content\/uploads\/2024\/08\/ali-lokhandwala-KUr51Y4dOyo-unsplash.webp?resize=350%2C200&ssl=1 1x, https:\/\/i0.wp.com\/kohenavocats.com\/wp-content\/uploads\/2024\/08\/ali-lokhandwala-KUr51Y4dOyo-unsplash.webp?resize=525%2C300&ssl=1 1.5x, https:\/\/i0.wp.com\/kohenavocats.com\/wp-content\/uploads\/2024\/08\/ali-lokhandwala-KUr51Y4dOyo-unsplash.webp?resize=700%2C400&ssl=1 2x, https:\/\/i0.wp.com\/kohenavocats.com\/wp-content\/uploads\/2024\/08\/ali-lokhandwala-KUr51Y4dOyo-unsplash.webp?resize=1050%2C600&ssl=1 3x, https:\/\/i0.wp.com\/kohenavocats.com\/wp-content\/uploads\/2024\/08\/ali-lokhandwala-KUr51Y4dOyo-unsplash.webp?resize=1400%2C800&ssl=1 4x"},"classes":[]},{"id":655417,"url":"https:\/\/kohenavocats.com\/zh-hans\/conseil-de-prudhommes-le-13-fevrier-2025-n25-05357\/","url_meta":{"origin":653498,"position":1},"title":"Conseil de prud&#8217;hommes, le 13 f\u00e9vrier 2025, n\u00b025\/05357","author":"Kohen","date":"2026\u5e744\u670823\u65e5","format":false,"excerpt":"Le juge de l'ex\u00e9cution du tribunal judiciaire de L\u2026","rel":"","context":"\u5728\u201cJurisprudence\u201d\u4e2d","block_context":{"text":"Jurisprudence","link":"https:\/\/kohenavocats.com\/category\/jurisprudence\/"},"img":{"alt_text":"","src":"https:\/\/i0.wp.com\/kohenavocats.com\/wp-content\/uploads\/2024\/08\/ali-lokhandwala-KUr51Y4dOyo-unsplash.webp?resize=350%2C200&ssl=1","width":350,"height":200,"srcset":"https:\/\/i0.wp.com\/kohenavocats.com\/wp-content\/uploads\/2024\/08\/ali-lokhandwala-KUr51Y4dOyo-unsplash.webp?resize=350%2C200&ssl=1 1x, https:\/\/i0.wp.com\/kohenavocats.com\/wp-content\/uploads\/2024\/08\/ali-lokhandwala-KUr51Y4dOyo-unsplash.webp?resize=525%2C300&ssl=1 1.5x, https:\/\/i0.wp.com\/kohenavocats.com\/wp-content\/uploads\/2024\/08\/ali-lokhandwala-KUr51Y4dOyo-unsplash.webp?resize=700%2C400&ssl=1 2x, https:\/\/i0.wp.com\/kohenavocats.com\/wp-content\/uploads\/2024\/08\/ali-lokhandwala-KUr51Y4dOyo-unsplash.webp?resize=1050%2C600&ssl=1 3x, https:\/\/i0.wp.com\/kohenavocats.com\/wp-content\/uploads\/2024\/08\/ali-lokhandwala-KUr51Y4dOyo-unsplash.webp?resize=1400%2C800&ssl=1 4x"},"classes":[]},{"id":430300,"url":"https:\/\/kohenavocats.com\/zh-hans\/cour-dappel-de-versailles-le-12-fevrier-2026-n25-03328\/","url_meta":{"origin":653498,"position":2},"title":"Cour d&#8217;appel de Versailles, le 12 f\u00e9vrier 2026, n\u00b025\/03328","author":"Kohen","date":"2026\u5e743\u670824\u65e5","format":false,"excerpt":"L\u2019arr\u00eat rendu par la Cour d\u2019appel de Versailles le\u2026","rel":"","context":"\u5728\u201cCour d'appel\u201d\u4e2d","block_context":{"text":"Cour d'appel","link":"https:\/\/kohenavocats.com\/category\/cour-dappel\/"},"img":{"alt_text":"","src":"https:\/\/i0.wp.com\/kohenavocats.com\/wp-content\/uploads\/2024\/11\/anita-austvika-EGIB8EITeJo-unsplash.webp?resize=350%2C200&ssl=1","width":350,"height":200,"srcset":"https:\/\/i0.wp.com\/kohenavocats.com\/wp-content\/uploads\/2024\/11\/anita-austvika-EGIB8EITeJo-unsplash.webp?resize=350%2C200&ssl=1 1x, https:\/\/i0.wp.com\/kohenavocats.com\/wp-content\/uploads\/2024\/11\/anita-austvika-EGIB8EITeJo-unsplash.webp?resize=525%2C300&ssl=1 1.5x, https:\/\/i0.wp.com\/kohenavocats.com\/wp-content\/uploads\/2024\/11\/anita-austvika-EGIB8EITeJo-unsplash.webp?resize=700%2C400&ssl=1 2x, https:\/\/i0.wp.com\/kohenavocats.com\/wp-content\/uploads\/2024\/11\/anita-austvika-EGIB8EITeJo-unsplash.webp?resize=1050%2C600&ssl=1 3x, https:\/\/i0.wp.com\/kohenavocats.com\/wp-content\/uploads\/2024\/11\/anita-austvika-EGIB8EITeJo-unsplash.webp?resize=1400%2C800&ssl=1 4x"},"classes":[]},{"id":434967,"url":"https:\/\/kohenavocats.com\/zh-hans\/cour-dappel-de-versailles-le-12-fevrier-2026-n25-03324\/","url_meta":{"origin":653498,"position":3},"title":"Cour d&#8217;appel de Versailles, le 12 f\u00e9vrier 2026, n\u00b025\/03324","author":"Kohen","date":"2026\u5e743\u670825\u65e5","format":false,"excerpt":"La Cour d\u2019appel de Versailles, par un arr\u00eat du 12 \u2026","rel":"","context":"\u5728\u201cCour d'appel\u201d\u4e2d","block_context":{"text":"Cour d'appel","link":"https:\/\/kohenavocats.com\/category\/cour-dappel\/"},"img":{"alt_text":"","src":"https:\/\/i0.wp.com\/kohenavocats.com\/wp-content\/uploads\/2024\/11\/jsb-co-sz1m9nwdXKw-unsplash.webp?resize=350%2C200&ssl=1","width":350,"height":200,"srcset":"https:\/\/i0.wp.com\/kohenavocats.com\/wp-content\/uploads\/2024\/11\/jsb-co-sz1m9nwdXKw-unsplash.webp?resize=350%2C200&ssl=1 1x, https:\/\/i0.wp.com\/kohenavocats.com\/wp-content\/uploads\/2024\/11\/jsb-co-sz1m9nwdXKw-unsplash.webp?resize=525%2C300&ssl=1 1.5x, https:\/\/i0.wp.com\/kohenavocats.com\/wp-content\/uploads\/2024\/11\/jsb-co-sz1m9nwdXKw-unsplash.webp?resize=700%2C400&ssl=1 2x, https:\/\/i0.wp.com\/kohenavocats.com\/wp-content\/uploads\/2024\/11\/jsb-co-sz1m9nwdXKw-unsplash.webp?resize=1050%2C600&ssl=1 3x, https:\/\/i0.wp.com\/kohenavocats.com\/wp-content\/uploads\/2024\/11\/jsb-co-sz1m9nwdXKw-unsplash.webp?resize=1400%2C800&ssl=1 4x"},"classes":[]},{"id":434974,"url":"https:\/\/kohenavocats.com\/zh-hans\/cour-dappel-de-versailles-le-12-fevrier-2026-n25-03277\/","url_meta":{"origin":653498,"position":4},"title":"Cour d&#8217;appel de Versailles, le 12 f\u00e9vrier 2026, n\u00b025\/03277","author":"Kohen","date":"2026\u5e743\u670825\u65e5","format":false,"excerpt":"L\u2019arr\u00eat rendu par la Cour d\u2019appel de Versailles le\u2026","rel":"","context":"\u5728\u201cCour d'appel\u201d\u4e2d","block_context":{"text":"Cour d'appel","link":"https:\/\/kohenavocats.com\/category\/cour-dappel\/"},"img":{"alt_text":"","src":"https:\/\/i0.wp.com\/kohenavocats.com\/wp-content\/uploads\/2024\/11\/getty-images-1zAPNbJuDPI-unsplash.webp?resize=350%2C200&ssl=1","width":350,"height":200,"srcset":"https:\/\/i0.wp.com\/kohenavocats.com\/wp-content\/uploads\/2024\/11\/getty-images-1zAPNbJuDPI-unsplash.webp?resize=350%2C200&ssl=1 1x, https:\/\/i0.wp.com\/kohenavocats.com\/wp-content\/uploads\/2024\/11\/getty-images-1zAPNbJuDPI-unsplash.webp?resize=525%2C300&ssl=1 1.5x, https:\/\/i0.wp.com\/kohenavocats.com\/wp-content\/uploads\/2024\/11\/getty-images-1zAPNbJuDPI-unsplash.webp?resize=700%2C400&ssl=1 2x, https:\/\/i0.wp.com\/kohenavocats.com\/wp-content\/uploads\/2024\/11\/getty-images-1zAPNbJuDPI-unsplash.webp?resize=1050%2C600&ssl=1 3x, https:\/\/i0.wp.com\/kohenavocats.com\/wp-content\/uploads\/2024\/11\/getty-images-1zAPNbJuDPI-unsplash.webp?resize=1400%2C800&ssl=1 4x"},"classes":[]},{"id":478657,"url":"https:\/\/kohenavocats.com\/zh-hans\/cour-dappel-de-versailles-le-10-fevrier-2025-n23-00307\/","url_meta":{"origin":653498,"position":5},"title":"Cour d&#8217;appel de Versailles, le 10 f\u00e9vrier 2025, n\u00b023\/00307","author":"Kohen","date":"2026\u5e744\u67087\u65e5","format":false,"excerpt":"La Cour d'appel de Versailles, statuant le 10 f\u00e9vr\u2026","rel":"","context":"\u5728\u201cJurisprudence\u201d\u4e2d","block_context":{"text":"Jurisprudence","link":"https:\/\/kohenavocats.com\/category\/jurisprudence\/"},"img":{"alt_text":"","src":"https:\/\/i0.wp.com\/kohenavocats.com\/wp-content\/uploads\/2024\/11\/mohamed-nohassi-MOSPzdLFYyU-unsplash.webp?resize=350%2C200&ssl=1","width":350,"height":200,"srcset":"https:\/\/i0.wp.com\/kohenavocats.com\/wp-content\/uploads\/2024\/11\/mohamed-nohassi-MOSPzdLFYyU-unsplash.webp?resize=350%2C200&ssl=1 1x, https:\/\/i0.wp.com\/kohenavocats.com\/wp-content\/uploads\/2024\/11\/mohamed-nohassi-MOSPzdLFYyU-unsplash.webp?resize=525%2C300&ssl=1 1.5x, https:\/\/i0.wp.com\/kohenavocats.com\/wp-content\/uploads\/2024\/11\/mohamed-nohassi-MOSPzdLFYyU-unsplash.webp?resize=700%2C400&ssl=1 2x, https:\/\/i0.wp.com\/kohenavocats.com\/wp-content\/uploads\/2024\/11\/mohamed-nohassi-MOSPzdLFYyU-unsplash.webp?resize=1050%2C600&ssl=1 3x, https:\/\/i0.wp.com\/kohenavocats.com\/wp-content\/uploads\/2024\/11\/mohamed-nohassi-MOSPzdLFYyU-unsplash.webp?resize=1400%2C800&ssl=1 4x"},"classes":[]}],"jetpack_sharing_enabled":true,"_links":{"self":[{"href":"https:\/\/kohenavocats.com\/zh-hans\/wp-json\/wp\/v2\/posts\/653498","targetHints":{"allow":["GET"]}}],"collection":[{"href":"https:\/\/kohenavocats.com\/zh-hans\/wp-json\/wp\/v2\/posts"}],"about":[{"href":"https:\/\/kohenavocats.com\/zh-hans\/wp-json\/wp\/v2\/types\/post"}],"author":[{"embeddable":true,"href":"https:\/\/kohenavocats.com\/zh-hans\/wp-json\/wp\/v2\/users\/232070755"}],"replies":[{"embeddable":true,"href":"https:\/\/kohenavocats.com\/zh-hans\/wp-json\/wp\/v2\/comments?post=653498"}],"version-history":[{"count":0,"href":"https:\/\/kohenavocats.com\/zh-hans\/wp-json\/wp\/v2\/posts\/653498\/revisions"}],"wp:featuredmedia":[{"embeddable":true,"href":"https:\/\/kohenavocats.com\/zh-hans\/wp-json\/wp\/v2\/media\/4738"}],"wp:attachment":[{"href":"https:\/\/kohenavocats.com\/zh-hans\/wp-json\/wp\/v2\/media?parent=653498"}],"wp:term":[{"taxonomy":"category","embeddable":true,"href":"https:\/\/kohenavocats.com\/zh-hans\/wp-json\/wp\/v2\/categories?post=653498"},{"taxonomy":"post_tag","embeddable":true,"href":"https:\/\/kohenavocats.com\/zh-hans\/wp-json\/wp\/v2\/tags?post=653498"}],"curies":[{"name":"wp","href":"https:\/\/api.w.org\/{rel}","templated":true}]}}