{"id":653946,"date":"2026-04-23T02:18:32","date_gmt":"2026-04-23T00:18:32","guid":{"rendered":"https:\/\/kohenavocats.com\/composition-penale-paris-ile-de-france-amende-stage-delais-pieces\/"},"modified":"2026-04-23T02:18:32","modified_gmt":"2026-04-23T00:18:32","slug":"composition-penale-paris-ile-de-france-amende-stage-delais-pieces","status":"publish","type":"post","link":"https:\/\/kohenavocats.com\/zh-hans\/composition-penale-paris-ile-de-france-amende-stage-delais-pieces\/","title":{"rendered":"Composition p\u00e9nale \u00e0 Paris et en \u00cele-de-France : amende non pay\u00e9e, stage non fait, quel tribunal, quels d\u00e9lais et quelles pi\u00e8ces pr\u00e9parer"},"content":{"rendered":"<p>Si votre composition p\u00e9nale a \u00e9t\u00e9 propos\u00e9e \u00e0 Paris ou en \u00cele-de-France et que l&#8217;amende n&#8217;a pas \u00e9t\u00e9 pay\u00e9e ou que le stage n&#8217;a pas \u00e9t\u00e9 fait, la premi\u00e8re erreur serait de traiter cela comme un simple retard administratif. Dans la pratique, le sujet redevient tr\u00e8s vite proc\u00e9dural.<\/p>\n<p>Pour le cadre commun, commencez par notre guide principal sur la <a href=\"https:\/\/kohenavocats.com\/composition-penale-amende-non-payee-stage-non-fait-que-se-passe-t-il\/\">composition p\u00e9nale non ex\u00e9cut\u00e9e<\/a> ainsi que notre page-pilier sur la <a href=\"https:\/\/kohenavocats.com\/composition-penale-faut-il-accepter-ou-refuser-et-quelles-suites\/\">composition p\u00e9nale<\/a>. Cette d\u00e9clinaison est centr\u00e9e sur Paris et l&#8217;\u00cele-de-France : quel ressort lire, quel tribunal peut reprendre le dossier, quels d\u00e9lais surveiller vraiment et quelles pi\u00e8ces pr\u00e9parer.<\/p>\n<h2>Le premier rep\u00e8re n&#8217;est pas votre commune, c&#8217;est l&#8217;acte que vous avez sign\u00e9<\/h2>\n<p>En mati\u00e8re de composition p\u00e9nale, le texte central reste l&#8217;<a href=\"https:\/\/www.legifrance.gouv.fr\/codes\/article_lc\/LEGIARTI000048442054\">article 41-2 du code de proc\u00e9dure p\u00e9nale<\/a>. Il organise la proposition, la validation \u00e9ventuelle, les mesures ex\u00e9cut\u00e9es et la reprise de l&#8217;action publique en cas de non-ex\u00e9cution int\u00e9grale.<\/p>\n<p>La bonne question locale n&#8217;est donc pas seulement &#8220;j&#8217;habite o\u00f9 ?&#8221;. La bonne question est d&#8217;abord :<\/p>\n<ul>\n<li>quel parquet a propos\u00e9 la mesure ;<\/li>\n<li>quelle juridiction est mentionn\u00e9e sur l&#8217;acte ou l&#8217;ordonnance de validation ;<\/li>\n<li>quel service suit le paiement ou le stage ;<\/li>\n<li>et quel tribunal serait saisi si les poursuites repartaient.<\/li>\n<\/ul>\n<p>\u00c0 Paris intramuros, le rep\u00e8re juridictionnel de base reste le tribunal judiciaire de Paris, ressort de la cour d&#8217;appel de Paris.<\/p>\n<p>Pour le reste de l&#8217;\u00cele-de-France, les rep\u00e8res les plus fr\u00e9quents sont notamment :<\/p>\n<ul>\n<li>Bobigny pour la Seine-Saint-Denis ;<\/li>\n<li>Cr\u00e9teil pour le Val-de-Marne ;<\/li>\n<li>Nanterre pour les Hauts-de-Seine ;<\/li>\n<li>Versailles, Mantes-la-Jolie, Poissy, Rambouillet ou Saint-Germain-en-Laye selon le ressort local des Yvelines ;<\/li>\n<li>\u00c9vry-Courcouronnes, \u00c9tampes, Juvisy-sur-Orge, Longjumeau ou Palaiseau selon le ressort local de l&#8217;Essonne ;<\/li>\n<li>Pontoise, Gonesse, Montmorency ou Sannois selon le ressort local du Val-d&#8217;Oise ;<\/li>\n<li>Meaux, Melun ou Fontainebleau pour la Seine-et-Marne.<\/li>\n<\/ul>\n<p>En pratique, si un acte d\u00e9signe d\u00e9j\u00e0 une juridiction ou un service pr\u00e9cis, il faut partir de cet acte avant toute supposition.<\/p>\n<h2>Le vrai d\u00e9lai utile, c&#8217;est l&#8217;\u00e9ch\u00e9ancier de la composition<\/h2>\n<p>\u00c0 Paris et en \u00cele-de-France, beaucoup de personnes perdent du temps en cherchant un &#8220;d\u00e9lai francilien moyen&#8221;. Ce n&#8217;est pas le bon angle.<\/p>\n<p>Le d\u00e9lai qui compte vraiment est celui fix\u00e9 dans la proposition ou dans la validation :<\/p>\n<ul>\n<li>pour l&#8217;amende de composition, l&#8217;article 41-2 permet un \u00e9ch\u00e9ancier qui ne peut pas d\u00e9passer un an ;<\/li>\n<li>pour certains stages, le texte autorise des d\u00e9lais pouvant aller jusqu&#8217;\u00e0 dix-huit mois ;<\/li>\n<li>pour d&#8217;autres mesures, le d\u00e9lai est plus court ;<\/li>\n<li>et surtout, l&#8217;ex\u00e9cution doit \u00eatre int\u00e9grale dans le cadre fix\u00e9.<\/li>\n<\/ul>\n<p>Autrement dit, il n&#8217;existe pas un d\u00e9lai uniforme propre \u00e0 Paris, Bobigny, Cr\u00e9teil ou Nanterre qui vous prot\u00e9gerait une fois l&#8217;\u00e9ch\u00e9ance d\u00e9pass\u00e9e. Le bon r\u00e9flexe consiste \u00e0 relire la date exacte de paiement ou de stage et \u00e0 agir avant qu&#8217;une absence d&#8217;ex\u00e9cution ne soit act\u00e9e dans le dossier.<\/p>\n<h2>\u00c0 Paris et en premi\u00e8re couronne, l&#8217;encombrement ne vous prot\u00e8ge pas<\/h2>\n<p>Beaucoup de justiciables se disent qu&#8217;un parquet francilien d\u00e9bord\u00e9 laissera forc\u00e9ment tra\u00eener. Ce raisonnement est dangereux.<\/p>\n<p>Oui, les circuits sont charg\u00e9s. Oui, certaines relances ou certaines reprises de proc\u00e9dure ne tombent pas le lendemain. Mais cette inertie apparente ne cr\u00e9e aucun droit.<\/p>\n<p>Le bon raisonnement est inverse :<\/p>\n<ul>\n<li>tant que l&#8217;ex\u00e9cution n&#8217;est pas compl\u00e8tement prouv\u00e9e, le risque reste ouvert ;<\/li>\n<li>plus le dossier est charg\u00e9, plus une preuve manquante ou un paiement mal identifi\u00e9 peut se perdre ;<\/li>\n<li>et plus le temps passe, plus il devient difficile de reconstituer proprement ce qui a \u00e9t\u00e9 fait.<\/li>\n<\/ul>\n<p>Dans un dossier francilien, l&#8217;urgence n&#8217;est donc pas de deviner quand la relance arrivera. L&#8217;urgence est de rendre le dossier lisible avant qu&#8217;elle n&#8217;arrive.<\/p>\n<h2>Quelle juridiction peut reprendre le dossier si la composition \u00e9choue<\/h2>\n<p>Si la composition n&#8217;est pas ex\u00e9cut\u00e9e int\u00e9gralement, l&#8217;article 41-2 pr\u00e9voit la reprise de l&#8217;action publique, sauf \u00e9l\u00e9ment nouveau.<\/p>\n<p>Concr\u00e8tement, cela signifie qu&#8217;\u00e0 Paris et en \u00cele-de-France le dossier peut revenir vers la juridiction p\u00e9nale comp\u00e9tente du ressort concern\u00e9.<\/p>\n<p>Selon la nature des faits et l&#8217;orientation choisie par le parquet, il peut s&#8217;agir :<\/p>\n<ul>\n<li>du tribunal correctionnel ;<\/li>\n<li>de la juridiction de police si la mesure concernait une contravention relevant de cette logique ;<\/li>\n<li>ou d&#8217;une autre voie proc\u00e9durale adapt\u00e9e au dossier.<\/li>\n<\/ul>\n<p>Le point pratique est simple : la composition rat\u00e9e ne reste pas un simple incident de paiement. Elle peut redevenir un dossier d&#8217;audience.<\/p>\n<h2>Les pi\u00e8ces qu&#8217;il faut pr\u00e9parer tout de suite<\/h2>\n<p>\u00c0 Paris et en \u00cele-de-France, il faut constituer un dossier de r\u00e9gularisation propre avant toute nouvelle convocation.<\/p>\n<p>Pr\u00e9parez au minimum :<\/p>\n<ul>\n<li>la proposition de composition p\u00e9nale ;<\/li>\n<li>le proc\u00e8s-verbal d&#8217;accord ;<\/li>\n<li>l&#8217;ordonnance de validation si elle existe ;<\/li>\n<li>l&#8217;\u00e9ch\u00e9ancier exact ;<\/li>\n<li>les justificatifs de paiement avec r\u00e9f\u00e9rences compl\u00e8tes ;<\/li>\n<li>l&#8217;attestation de stage ou, \u00e0 d\u00e9faut, la preuve d&#8217;inscription et les \u00e9changes utiles ;<\/li>\n<li>les courriers, courriels ou convocations re\u00e7us depuis ;<\/li>\n<li>les justificatifs de domicile r\u00e9cents ;<\/li>\n<li>les pi\u00e8ces de situation professionnelle et familiale si une reprise des poursuites devient possible ;<\/li>\n<li>tout \u00e9l\u00e9ment m\u00e9dical, mat\u00e9riel ou financier qui explique un retard objectivement v\u00e9rifiable.<\/li>\n<\/ul>\n<p>Le dossier francilien efficace n&#8217;est pas seulement un dossier de fond. C&#8217;est aussi un dossier de circulation de preuve.<\/p>\n<h2>Le cas fr\u00e9quent de l&#8217;amende pay\u00e9e, mais mal prouv\u00e9e<\/h2>\n<p>\u00c0 Paris et en \u00cele-de-France, ce cas est plus fr\u00e9quent qu&#8217;on ne le croit.<\/p>\n<p>La personne a pay\u00e9, mais :<\/p>\n<ul>\n<li>elle n&#8217;a plus l&#8217;accus\u00e9 de r\u00e9ception ;<\/li>\n<li>le relev\u00e9 bancaire est illisible ;<\/li>\n<li>la r\u00e9f\u00e9rence ne permet pas d&#8217;identifier clairement le dossier ;<\/li>\n<li>plusieurs paiements ont \u00e9t\u00e9 faits et un seul est conserv\u00e9 ;<\/li>\n<li>ou le paiement a \u00e9t\u00e9 effectu\u00e9 hors d\u00e9lai sans explication jointe.<\/li>\n<\/ul>\n<p>Dans cette situation, le sujet n&#8217;est plus seulement &#8220;ai-je pay\u00e9 ?&#8221;. Le sujet devient &#8220;puis-je d\u00e9montrer, de mani\u00e8re imm\u00e9diatement exploitable, que la mesure pr\u00e9vue a bien \u00e9t\u00e9 ex\u00e9cut\u00e9e ?&#8221;<\/p>\n<p>Le bon r\u00e9flexe est de reconstituer sans d\u00e9lai un dossier de preuve complet, pas d&#8217;attendre qu&#8217;un service retrouve seul le fil.<\/p>\n<h2>Le cas fr\u00e9quent du stage pr\u00e9vu, mais pas termin\u00e9<\/h2>\n<p>L&#8217;autre difficult\u00e9 typiquement locale est le stage non fait ou mal document\u00e9.<\/p>\n<p>Le probl\u00e8me ne tient pas seulement \u00e0 l&#8217;absence pure et simple. Il peut venir :<\/p>\n<ul>\n<li>d&#8217;un report non formalis\u00e9 ;<\/li>\n<li>d&#8217;une session manqu\u00e9e ;<\/li>\n<li>d&#8217;un paiement effectu\u00e9 sans pr\u00e9sence effective ;<\/li>\n<li>d&#8217;une attestation jamais r\u00e9cup\u00e9r\u00e9e ;<\/li>\n<li>ou d&#8217;une confusion entre le stage demand\u00e9 et un autre stage d\u00e9j\u00e0 suivi.<\/li>\n<\/ul>\n<p>\u00c0 Paris comme en \u00cele-de-France, il faut partir d&#8217;une id\u00e9e simple : l&#8217;inscription n&#8217;est pas l&#8217;ex\u00e9cution. Seule l&#8217;ex\u00e9cution prouv\u00e9e s\u00e9curise.<\/p>\n<h2>Si vous \u00eates convoqu\u00e9 apr\u00e8s le d\u00e9faut d&#8217;ex\u00e9cution<\/h2>\n<p>Si une nouvelle convocation tombe, il ne faut pas la traiter comme si elle arrivait de nulle part. Il faut relier imm\u00e9diatement trois s\u00e9quences :<\/p>\n<ol>\n<li>la composition initiale ;<\/li>\n<li>le point d&#8217;\u00e9chec r\u00e9el de l&#8217;ex\u00e9cution ;<\/li>\n<li>la nouvelle orientation proc\u00e9durale.<\/li>\n<\/ol>\n<p>L&#8217;avocat doit pouvoir reconstruire vite :<\/p>\n<ul>\n<li>ce qui a \u00e9t\u00e9 propos\u00e9 ;<\/li>\n<li>ce qui a \u00e9t\u00e9 accept\u00e9 ;<\/li>\n<li>ce qui a \u00e9t\u00e9 ex\u00e9cut\u00e9 ;<\/li>\n<li>ce qui ne l&#8217;a pas \u00e9t\u00e9 ;<\/li>\n<li>et ce qui peut encore \u00eatre mis en avant utilement.<\/li>\n<\/ul>\n<p>Le paiement partiel, le stage commenc\u00e9 ou les d\u00e9marches de r\u00e9gularisation ne neutralisent pas automatiquement la reprise des poursuites. En revanche, ils peuvent compter. Encore faut-il qu&#8217;ils soient prouv\u00e9s proprement.<\/p>\n<h2>Le bon angle local : d\u00e9lai, preuve, ressort<\/h2>\n<p>Les pages g\u00e9n\u00e9ralistes sur la composition p\u00e9nale expliquent souvent la proc\u00e9dure. Elles disent rarement comment g\u00e9rer concr\u00e8tement, \u00e0 Paris et en \u00cele-de-France, une composition devenue fragile \u00e0 cause d&#8217;une amende non pay\u00e9e ou d&#8217;un stage non fait.<\/p>\n<p>Or c&#8217;est pr\u00e9cis\u00e9ment ce point qui cr\u00e9e les erreurs les plus co\u00fbteuses :<\/p>\n<ul>\n<li>croire qu&#8217;un service d\u00e9bord\u00e9 laissera tomber ;<\/li>\n<li>ne pas conserver les justificatifs ;<\/li>\n<li>confondre validation et extinction d\u00e9finitive ;<\/li>\n<li>attendre une reprise des poursuites pour ranger le dossier ;<\/li>\n<li>ou ignorer la juridiction qui reprendra la main si l&#8217;affaire repart.<\/li>\n<\/ul>\n<h2>Rep\u00e8res utiles pour Paris et l&#8217;\u00cele-de-France<\/h2>\n<p>Pour Paris m\u00eame, le socle de lecture reste :<\/p>\n<ul>\n<li>cour d&#8217;appel de Paris ;<\/li>\n<li>tribunal judiciaire de Paris ;<\/li>\n<li>parquet de Paris pour les dossiers relevant de ce ressort.<\/li>\n<\/ul>\n<p>Pour le reste de l&#8217;\u00cele-de-France, il faut toujours v\u00e9rifier l&#8217;acte. En cas de doute, le ressort doit \u00eatre identifi\u00e9 avant toute initiative, puis compar\u00e9 \u00e0 votre convocation et \u00e0 votre \u00e9ch\u00e9ancier.<\/p>\n<h2>Besoin d&#8217;un avis rapide sur votre dossier<\/h2>\n<p>Consultation t\u00e9l\u00e9phonique en 48 heures avec un avocat du cabinet pour relire votre composition p\u00e9nale, v\u00e9rifier le ressort utile en \u00cele-de-France, rassembler les preuves d&#8217;ex\u00e9cution et anticiper la reprise des poursuites.<\/p>\n<p>Si vous \u00eates concern\u00e9 \u00e0 Paris, Bobigny, Cr\u00e9teil, Nanterre, Versailles, \u00c9vry-Courcouronnes, Pontoise, Meaux, Melun ou Fontainebleau, nous pouvons vous aider \u00e0 s\u00e9curiser imm\u00e9diatement les premi\u00e8res d\u00e9marches et les pi\u00e8ces utiles.<\/p>\n<p><a href=\"tel:+33689113445\">06 89 11 34 45<\/a><br \/>\n<a href=\"https:\/\/kohenavocats.com\/contactez-nous\/\">Page contact du cabinet<\/a><br \/>\nParis et \u00cele-de-France<\/p>\n","protected":false},"excerpt":{"rendered":"<p>Composition p\u00e9nale \u00e0 Paris et en Ile-de-France : ressort utile, d\u00e9lais \u00e0 relire, preuve d&#8217;ex\u00e9cution et pi\u00e8ces \u00e0 pr\u00e9parer si l&#8217;amende n&#8217;est pas pay\u00e9e ou le stage non fait.<\/p>\n","protected":false},"author":232070755,"featured_media":4904,"comment_status":"open","ping_status":"open","sticky":false,"template":"","format":"standard","meta":{"_crdt_document":"","_jetpack_newsletter_access":"","_jetpack_dont_email_post_to_subs":false,"_jetpack_newsletter_tier_id":0,"_jetpack_memberships_contains_paywalled_content":false,"_kj_source_type":"","_kj_official_id":"","_kj_official_url":"","_kj_judilibre_id":"","_kj_jur":"","_kj_lieu":"","_kj_chambre":"","_kj_rg":"","_kj_date":"","_jetpack_memberships_contains_paid_content":false,"footnotes":"","jetpack_post_was_ever_published":false},"categories":[6325],"tags":[],"class_list":["post-653946","post","type-post","status-publish","format-standard","has-post-thumbnail","hentry","category-non-categorise"],"yoast_head":"<!-- This site is optimized with the Yoast SEO Premium plugin v27.5 (Yoast SEO v27.5) - https:\/\/yoast.com\/product\/yoast-seo-premium-wordpress\/ -->\n<title>Composition p\u00e9nale \u00e0 Paris et en \u00cele-de-France : amende non pay\u00e9e, stage non fait, quel tribunal, quels d\u00e9lais et quelles pi\u00e8ces pr\u00e9parer - Ma\u00eetre Hassan Kohen, avocat en droit p\u00e9nal \u00e0 Paris<\/title>\n<meta name=\"robots\" content=\"index, follow, max-snippet:-1, max-image-preview:large, max-video-preview:-1\" \/>\n<link rel=\"canonical\" href=\"https:\/\/kohenavocats.com\/zh-hans\/composition-penale-paris-ile-de-france-amende-stage-delais-pieces\/\" \/>\n<meta property=\"og:locale\" content=\"zh_CN\" \/>\n<meta property=\"og:type\" content=\"article\" \/>\n<meta property=\"og:title\" content=\"Composition p\u00e9nale \u00e0 Paris et en \u00cele-de-France : amende non pay\u00e9e, stage non fait, quel tribunal, quels d\u00e9lais et quelles pi\u00e8ces pr\u00e9parer\" \/>\n<meta property=\"og:description\" content=\"Composition p\u00e9nale \u00e0 Paris et en Ile-de-France : ressort utile, d\u00e9lais \u00e0 relire, preuve d&#039;ex\u00e9cution et pi\u00e8ces \u00e0 pr\u00e9parer si l&#039;amende n&#039;est pas pay\u00e9e ou le stage non fait.\" \/>\n<meta property=\"og:url\" content=\"https:\/\/kohenavocats.com\/zh-hans\/composition-penale-paris-ile-de-france-amende-stage-delais-pieces\/\" \/>\n<meta property=\"og:site_name\" content=\"Ma\u00eetre Hassan Kohen, avocat en droit p\u00e9nal \u00e0 Paris\" \/>\n<meta property=\"article:published_time\" content=\"2026-04-23T00:18:32+00:00\" \/>\n<meta name=\"author\" content=\"Kohen\" \/>\n<meta name=\"twitter:card\" content=\"summary_large_image\" \/>\n<meta name=\"twitter:label1\" content=\"\u4f5c\u8005\" \/>\n\t<meta name=\"twitter:data1\" content=\"Kohen\" \/>\n\t<meta name=\"twitter:label2\" content=\"\u9884\u8ba1\u9605\u8bfb\u65f6\u95f4\" \/>\n\t<meta name=\"twitter:data2\" content=\"7 \u5206\" \/>\n<script type=\"application\/ld+json\" class=\"yoast-schema-graph\">{\"@context\":\"https:\\\/\\\/schema.org\",\"@graph\":[{\"@type\":\"Article\",\"@id\":\"https:\\\/\\\/kohenavocats.com\\\/zh-hans\\\/composition-penale-paris-ile-de-france-amende-stage-delais-pieces\\\/#article\",\"isPartOf\":{\"@id\":\"https:\\\/\\\/kohenavocats.com\\\/zh-hans\\\/composition-penale-paris-ile-de-france-amende-stage-delais-pieces\\\/\"},\"author\":{\"name\":\"Kohen\",\"@id\":\"https:\\\/\\\/kohenavocats.com\\\/zh-hans\\\/#\\\/schema\\\/person\\\/761c9ba54fa1ca84d405cef0831ff751\"},\"headline\":\"Composition p\u00e9nale \u00e0 Paris et en \u00cele-de-France : amende non pay\u00e9e, stage non fait, quel tribunal, quels d\u00e9lais et quelles pi\u00e8ces pr\u00e9parer\",\"datePublished\":\"2026-04-23T00:18:32+00:00\",\"mainEntityOfPage\":{\"@id\":\"https:\\\/\\\/kohenavocats.com\\\/zh-hans\\\/composition-penale-paris-ile-de-france-amende-stage-delais-pieces\\\/\"},\"wordCount\":1604,\"commentCount\":0,\"publisher\":{\"@id\":\"https:\\\/\\\/kohenavocats.com\\\/zh-hans\\\/#organization\"},\"image\":{\"@id\":\"https:\\\/\\\/kohenavocats.com\\\/zh-hans\\\/composition-penale-paris-ile-de-france-amende-stage-delais-pieces\\\/#primaryimage\"},\"thumbnailUrl\":\"https:\\\/\\\/kohenavocats.com\\\/wp-content\\\/uploads\\\/2024\\\/08\\\/lisa-IfngoxB5ORA-unsplash-1.webp\",\"articleSection\":[\"Non cat\u00e9goris\u00e9\"],\"inLanguage\":\"zh-Hans\",\"potentialAction\":[{\"@type\":\"CommentAction\",\"name\":\"Comment\",\"target\":[\"https:\\\/\\\/kohenavocats.com\\\/zh-hans\\\/composition-penale-paris-ile-de-france-amende-stage-delais-pieces\\\/#respond\"]}],\"citation\":\"Composition p\u00e9nale \u00e0 Paris et en \u00cele-de-France : amende non pay\u00e9e, stage non fait, quel tribunal, quels d\u00e9lais et quelles pi\u00e8ces pr\u00e9parer\",\"about\":[{\"@type\":\"Thing\",\"name\":\"Non cat\u00e9goris\u00e9\"}],\"dateModified\":\"2026-04-23T00:18:32+00:00\",\"speakable\":{\"@type\":\"SpeakableSpecification\",\"cssSelector\":[\".article-content > p:first-of-type\"]}},{\"@type\":\"WebPage\",\"@id\":\"https:\\\/\\\/kohenavocats.com\\\/zh-hans\\\/composition-penale-paris-ile-de-france-amende-stage-delais-pieces\\\/\",\"url\":\"https:\\\/\\\/kohenavocats.com\\\/zh-hans\\\/composition-penale-paris-ile-de-france-amende-stage-delais-pieces\\\/\",\"name\":\"Composition p\u00e9nale \u00e0 Paris et en \u00cele-de-France : amende non pay\u00e9e, stage non fait, quel tribunal, quels d\u00e9lais et quelles pi\u00e8ces pr\u00e9parer - Ma\u00eetre Hassan Kohen, avocat en droit p\u00e9nal \u00e0 Paris\",\"isPartOf\":{\"@id\":\"https:\\\/\\\/kohenavocats.com\\\/zh-hans\\\/#website\"},\"primaryImageOfPage\":{\"@id\":\"https:\\\/\\\/kohenavocats.com\\\/zh-hans\\\/composition-penale-paris-ile-de-france-amende-stage-delais-pieces\\\/#primaryimage\"},\"image\":{\"@id\":\"https:\\\/\\\/kohenavocats.com\\\/zh-hans\\\/composition-penale-paris-ile-de-france-amende-stage-delais-pieces\\\/#primaryimage\"},\"thumbnailUrl\":\"https:\\\/\\\/kohenavocats.com\\\/wp-content\\\/uploads\\\/2024\\\/08\\\/lisa-IfngoxB5ORA-unsplash-1.webp\",\"datePublished\":\"2026-04-23T00:18:32+00:00\",\"breadcrumb\":{\"@id\":\"https:\\\/\\\/kohenavocats.com\\\/zh-hans\\\/composition-penale-paris-ile-de-france-amende-stage-delais-pieces\\\/#breadcrumb\"},\"inLanguage\":\"zh-Hans\",\"potentialAction\":[{\"@type\":\"ReadAction\",\"target\":[\"https:\\\/\\\/kohenavocats.com\\\/zh-hans\\\/composition-penale-paris-ile-de-france-amende-stage-delais-pieces\\\/\"]}]},{\"@type\":\"ImageObject\",\"inLanguage\":\"zh-Hans\",\"@id\":\"https:\\\/\\\/kohenavocats.com\\\/zh-hans\\\/composition-penale-paris-ile-de-france-amende-stage-delais-pieces\\\/#primaryimage\",\"url\":\"https:\\\/\\\/kohenavocats.com\\\/wp-content\\\/uploads\\\/2024\\\/08\\\/lisa-IfngoxB5ORA-unsplash-1.webp\",\"contentUrl\":\"https:\\\/\\\/kohenavocats.com\\\/wp-content\\\/uploads\\\/2024\\\/08\\\/lisa-IfngoxB5ORA-unsplash-1.webp\",\"width\":2592,\"height\":1944},{\"@type\":\"BreadcrumbList\",\"@id\":\"https:\\\/\\\/kohenavocats.com\\\/zh-hans\\\/composition-penale-paris-ile-de-france-amende-stage-delais-pieces\\\/#breadcrumb\",\"itemListElement\":[{\"@type\":\"ListItem\",\"position\":1,\"name\":\"Home\",\"item\":\"https:\\\/\\\/kohenavocats.com\\\/zh-hans\\\/\"},{\"@type\":\"ListItem\",\"position\":2,\"name\":\"Composition p\u00e9nale \u00e0 Paris et en \u00cele-de-France : amende non pay\u00e9e, stage non fait, quel tribunal, quels d\u00e9lais et quelles pi\u00e8ces pr\u00e9parer\"}]},{\"@type\":\"WebSite\",\"@id\":\"https:\\\/\\\/kohenavocats.com\\\/zh-hans\\\/#website\",\"url\":\"https:\\\/\\\/kohenavocats.com\\\/zh-hans\\\/\",\"name\":\"Kohen Avocats\",\"description\":\"Ma\u00eetre Hassan Kohen, avocat p\u00e9naliste \u00e0 Paris, intervient exclusivement en droit p\u00e9nal pour la d\u00e9fense des particuliers, notamment en mati\u00e8re d\u2019accusations de viol. Il assure un accompagnement rigoureux d\u00e8s la garde \u00e0 vue jusqu\u2019\u00e0 la Cour d\u2019assises, veillant au strict respect des garanties proc\u00e9durales.\",\"publisher\":{\"@id\":\"https:\\\/\\\/kohenavocats.com\\\/zh-hans\\\/#organization\"},\"potentialAction\":[{\"@type\":\"SearchAction\",\"target\":{\"@type\":\"EntryPoint\",\"urlTemplate\":\"https:\\\/\\\/kohenavocats.com\\\/zh-hans\\\/?s={search_term_string}\"},\"query-input\":{\"@type\":\"PropertyValueSpecification\",\"valueRequired\":true,\"valueName\":\"search_term_string\"}}],\"inLanguage\":\"zh-Hans\"},{\"@type\":\"Organization\",\"@id\":\"https:\\\/\\\/kohenavocats.com\\\/zh-hans\\\/#organization\",\"name\":\"Kohen Avocats\",\"url\":\"https:\\\/\\\/kohenavocats.com\\\/zh-hans\\\/\",\"logo\":{\"@type\":\"ImageObject\",\"inLanguage\":\"zh-Hans\",\"@id\":\"https:\\\/\\\/kohenavocats.com\\\/zh-hans\\\/#\\\/schema\\\/logo\\\/image\\\/\",\"url\":\"https:\\\/\\\/kohenavocats.com\\\/wp-content\\\/uploads\\\/2026\\\/01\\\/Logo-2-1.webp\",\"contentUrl\":\"https:\\\/\\\/kohenavocats.com\\\/wp-content\\\/uploads\\\/2026\\\/01\\\/Logo-2-1.webp\",\"width\":2114,\"height\":1253,\"caption\":\"Kohen Avocats\"},\"image\":{\"@id\":\"https:\\\/\\\/kohenavocats.com\\\/zh-hans\\\/#\\\/schema\\\/logo\\\/image\\\/\"}},{\"@type\":\"Person\",\"@id\":\"https:\\\/\\\/kohenavocats.com\\\/zh-hans\\\/#\\\/schema\\\/person\\\/761c9ba54fa1ca84d405cef0831ff751\",\"name\":\"Kohen\",\"image\":{\"@type\":\"ImageObject\",\"inLanguage\":\"zh-Hans\",\"@id\":\"https:\\\/\\\/secure.gravatar.com\\\/avatar\\\/1c5e76ef76bbbfdd2b4da984e2bf2fa4056fd51a27d25ce2c332047f1dfd6e00?s=96&d=identicon&r=g\",\"url\":\"https:\\\/\\\/secure.gravatar.com\\\/avatar\\\/1c5e76ef76bbbfdd2b4da984e2bf2fa4056fd51a27d25ce2c332047f1dfd6e00?s=96&d=identicon&r=g\",\"contentUrl\":\"https:\\\/\\\/secure.gravatar.com\\\/avatar\\\/1c5e76ef76bbbfdd2b4da984e2bf2fa4056fd51a27d25ce2c332047f1dfd6e00?s=96&d=identicon&r=g\",\"caption\":\"Kohen\"},\"sameAs\":[\"https:\\\/\\\/www.linkedin.com\\\/in\\\/hassan-kohen-448548192\\\/\",\"https:\\\/\\\/www.youtube.com\\\/@Kohen-Avocats\"],\"url\":\"https:\\\/\\\/kohenavocats.com\\\/zh-hans\\\/author\\\/kohenmlk\\\/\"}]}<\/script>\n<!-- \/ Yoast SEO Premium plugin. -->","yoast_head_json":{"title":"Composition p\u00e9nale \u00e0 Paris et en \u00cele-de-France : amende non pay\u00e9e, stage non fait, quel tribunal, quels d\u00e9lais et quelles pi\u00e8ces pr\u00e9parer - Ma\u00eetre Hassan Kohen, avocat en droit p\u00e9nal \u00e0 Paris","robots":{"index":"index","follow":"follow","max-snippet":"max-snippet:-1","max-image-preview":"max-image-preview:large","max-video-preview":"max-video-preview:-1"},"canonical":"https:\/\/kohenavocats.com\/zh-hans\/composition-penale-paris-ile-de-france-amende-stage-delais-pieces\/","og_locale":"zh_CN","og_type":"article","og_title":"Composition p\u00e9nale \u00e0 Paris et en \u00cele-de-France : amende non pay\u00e9e, stage non fait, quel tribunal, quels d\u00e9lais et quelles pi\u00e8ces pr\u00e9parer","og_description":"Composition p\u00e9nale \u00e0 Paris et en Ile-de-France : ressort utile, d\u00e9lais \u00e0 relire, preuve d'ex\u00e9cution et pi\u00e8ces \u00e0 pr\u00e9parer si l'amende n'est pas pay\u00e9e ou le stage non fait.","og_url":"https:\/\/kohenavocats.com\/zh-hans\/composition-penale-paris-ile-de-france-amende-stage-delais-pieces\/","og_site_name":"Ma\u00eetre Hassan Kohen, avocat en droit p\u00e9nal \u00e0 Paris","article_published_time":"2026-04-23T00:18:32+00:00","author":"Kohen","twitter_card":"summary_large_image","twitter_misc":{"\u4f5c\u8005":"Kohen","\u9884\u8ba1\u9605\u8bfb\u65f6\u95f4":"7 \u5206"},"schema":{"@context":"https:\/\/schema.org","@graph":[{"@type":"Article","@id":"https:\/\/kohenavocats.com\/zh-hans\/composition-penale-paris-ile-de-france-amende-stage-delais-pieces\/#article","isPartOf":{"@id":"https:\/\/kohenavocats.com\/zh-hans\/composition-penale-paris-ile-de-france-amende-stage-delais-pieces\/"},"author":{"name":"Kohen","@id":"https:\/\/kohenavocats.com\/zh-hans\/#\/schema\/person\/761c9ba54fa1ca84d405cef0831ff751"},"headline":"Composition p\u00e9nale \u00e0 Paris et en \u00cele-de-France : amende non pay\u00e9e, stage non fait, quel tribunal, quels d\u00e9lais et quelles pi\u00e8ces pr\u00e9parer","datePublished":"2026-04-23T00:18:32+00:00","mainEntityOfPage":{"@id":"https:\/\/kohenavocats.com\/zh-hans\/composition-penale-paris-ile-de-france-amende-stage-delais-pieces\/"},"wordCount":1604,"commentCount":0,"publisher":{"@id":"https:\/\/kohenavocats.com\/zh-hans\/#organization"},"image":{"@id":"https:\/\/kohenavocats.com\/zh-hans\/composition-penale-paris-ile-de-france-amende-stage-delais-pieces\/#primaryimage"},"thumbnailUrl":"https:\/\/kohenavocats.com\/wp-content\/uploads\/2024\/08\/lisa-IfngoxB5ORA-unsplash-1.webp","articleSection":["Non cat\u00e9goris\u00e9"],"inLanguage":"zh-Hans","potentialAction":[{"@type":"CommentAction","name":"Comment","target":["https:\/\/kohenavocats.com\/zh-hans\/composition-penale-paris-ile-de-france-amende-stage-delais-pieces\/#respond"]}],"citation":"Composition p\u00e9nale \u00e0 Paris et en \u00cele-de-France : amende non pay\u00e9e, stage non fait, quel tribunal, quels d\u00e9lais et quelles pi\u00e8ces pr\u00e9parer","about":[{"@type":"Thing","name":"Non cat\u00e9goris\u00e9"}],"dateModified":"2026-04-23T00:18:32+00:00","speakable":{"@type":"SpeakableSpecification","cssSelector":[".article-content > p:first-of-type"]}},{"@type":"WebPage","@id":"https:\/\/kohenavocats.com\/zh-hans\/composition-penale-paris-ile-de-france-amende-stage-delais-pieces\/","url":"https:\/\/kohenavocats.com\/zh-hans\/composition-penale-paris-ile-de-france-amende-stage-delais-pieces\/","name":"Composition p\u00e9nale \u00e0 Paris et en \u00cele-de-France : amende non pay\u00e9e, stage non fait, quel tribunal, quels d\u00e9lais et quelles pi\u00e8ces pr\u00e9parer - Ma\u00eetre Hassan Kohen, avocat en droit p\u00e9nal \u00e0 Paris","isPartOf":{"@id":"https:\/\/kohenavocats.com\/zh-hans\/#website"},"primaryImageOfPage":{"@id":"https:\/\/kohenavocats.com\/zh-hans\/composition-penale-paris-ile-de-france-amende-stage-delais-pieces\/#primaryimage"},"image":{"@id":"https:\/\/kohenavocats.com\/zh-hans\/composition-penale-paris-ile-de-france-amende-stage-delais-pieces\/#primaryimage"},"thumbnailUrl":"https:\/\/kohenavocats.com\/wp-content\/uploads\/2024\/08\/lisa-IfngoxB5ORA-unsplash-1.webp","datePublished":"2026-04-23T00:18:32+00:00","breadcrumb":{"@id":"https:\/\/kohenavocats.com\/zh-hans\/composition-penale-paris-ile-de-france-amende-stage-delais-pieces\/#breadcrumb"},"inLanguage":"zh-Hans","potentialAction":[{"@type":"ReadAction","target":["https:\/\/kohenavocats.com\/zh-hans\/composition-penale-paris-ile-de-france-amende-stage-delais-pieces\/"]}]},{"@type":"ImageObject","inLanguage":"zh-Hans","@id":"https:\/\/kohenavocats.com\/zh-hans\/composition-penale-paris-ile-de-france-amende-stage-delais-pieces\/#primaryimage","url":"https:\/\/kohenavocats.com\/wp-content\/uploads\/2024\/08\/lisa-IfngoxB5ORA-unsplash-1.webp","contentUrl":"https:\/\/kohenavocats.com\/wp-content\/uploads\/2024\/08\/lisa-IfngoxB5ORA-unsplash-1.webp","width":2592,"height":1944},{"@type":"BreadcrumbList","@id":"https:\/\/kohenavocats.com\/zh-hans\/composition-penale-paris-ile-de-france-amende-stage-delais-pieces\/#breadcrumb","itemListElement":[{"@type":"ListItem","position":1,"name":"Home","item":"https:\/\/kohenavocats.com\/zh-hans\/"},{"@type":"ListItem","position":2,"name":"Composition p\u00e9nale \u00e0 Paris et en \u00cele-de-France : amende non pay\u00e9e, stage non fait, quel tribunal, quels d\u00e9lais et quelles pi\u00e8ces pr\u00e9parer"}]},{"@type":"WebSite","@id":"https:\/\/kohenavocats.com\/zh-hans\/#website","url":"https:\/\/kohenavocats.com\/zh-hans\/","name":"Kohen Avocats","description":"Ma\u00eetre Hassan Kohen, avocat p\u00e9naliste \u00e0 Paris, intervient exclusivement en droit p\u00e9nal pour la d\u00e9fense des particuliers, notamment en mati\u00e8re d\u2019accusations de viol. Il assure un accompagnement rigoureux d\u00e8s la garde \u00e0 vue jusqu\u2019\u00e0 la Cour d\u2019assises, veillant au strict respect des garanties proc\u00e9durales.","publisher":{"@id":"https:\/\/kohenavocats.com\/zh-hans\/#organization"},"potentialAction":[{"@type":"SearchAction","target":{"@type":"EntryPoint","urlTemplate":"https:\/\/kohenavocats.com\/zh-hans\/?s={search_term_string}"},"query-input":{"@type":"PropertyValueSpecification","valueRequired":true,"valueName":"search_term_string"}}],"inLanguage":"zh-Hans"},{"@type":"Organization","@id":"https:\/\/kohenavocats.com\/zh-hans\/#organization","name":"Kohen Avocats","url":"https:\/\/kohenavocats.com\/zh-hans\/","logo":{"@type":"ImageObject","inLanguage":"zh-Hans","@id":"https:\/\/kohenavocats.com\/zh-hans\/#\/schema\/logo\/image\/","url":"https:\/\/kohenavocats.com\/wp-content\/uploads\/2026\/01\/Logo-2-1.webp","contentUrl":"https:\/\/kohenavocats.com\/wp-content\/uploads\/2026\/01\/Logo-2-1.webp","width":2114,"height":1253,"caption":"Kohen Avocats"},"image":{"@id":"https:\/\/kohenavocats.com\/zh-hans\/#\/schema\/logo\/image\/"}},{"@type":"Person","@id":"https:\/\/kohenavocats.com\/zh-hans\/#\/schema\/person\/761c9ba54fa1ca84d405cef0831ff751","name":"Kohen","image":{"@type":"ImageObject","inLanguage":"zh-Hans","@id":"https:\/\/secure.gravatar.com\/avatar\/1c5e76ef76bbbfdd2b4da984e2bf2fa4056fd51a27d25ce2c332047f1dfd6e00?s=96&d=identicon&r=g","url":"https:\/\/secure.gravatar.com\/avatar\/1c5e76ef76bbbfdd2b4da984e2bf2fa4056fd51a27d25ce2c332047f1dfd6e00?s=96&d=identicon&r=g","contentUrl":"https:\/\/secure.gravatar.com\/avatar\/1c5e76ef76bbbfdd2b4da984e2bf2fa4056fd51a27d25ce2c332047f1dfd6e00?s=96&d=identicon&r=g","caption":"Kohen"},"sameAs":["https:\/\/www.linkedin.com\/in\/hassan-kohen-448548192\/","https:\/\/www.youtube.com\/@Kohen-Avocats"],"url":"https:\/\/kohenavocats.com\/zh-hans\/author\/kohenmlk\/"}]}},"jetpack_featured_media_url":"https:\/\/kohenavocats.com\/wp-content\/uploads\/2024\/08\/lisa-IfngoxB5ORA-unsplash-1.webp","jetpack_likes_enabled":false,"jetpack_shortlink":"https:\/\/wp.me\/peCrII-2K7w","jetpack-related-posts":[{"id":650157,"url":"https:\/\/kohenavocats.com\/zh-hans\/commandement-quitter-lieux-paris-ile-de-france-tribunal-delais-pieces\/","url_meta":{"origin":653946,"position":0},"title":"Commandement de quitter les lieux \u00e0 Paris et en \u00cele-de-France : quel tribunal saisir, quels d\u00e9lais attendre et quelles pi\u00e8ces pr\u00e9parer ?","author":"Kohen","date":"2026\u5e744\u670822\u65e5","format":false,"excerpt":"\u00c0 Paris et en \u00cele-de-France, un commandement de qu\u2026","rel":"","context":"\u5728\u201cD\u00e9cryptage\u201d\u4e2d","block_context":{"text":"D\u00e9cryptage","link":"https:\/\/kohenavocats.com\/category\/decryptage\/"},"img":{"alt_text":"","src":"https:\/\/i0.wp.com\/kohenavocats.com\/wp-content\/uploads\/2024\/08\/nicole-herrero-ykxJs2HEb_w-unsplash.webp?resize=350%2C200&ssl=1","width":350,"height":200,"srcset":"https:\/\/i0.wp.com\/kohenavocats.com\/wp-content\/uploads\/2024\/08\/nicole-herrero-ykxJs2HEb_w-unsplash.webp?resize=350%2C200&ssl=1 1x, https:\/\/i0.wp.com\/kohenavocats.com\/wp-content\/uploads\/2024\/08\/nicole-herrero-ykxJs2HEb_w-unsplash.webp?resize=525%2C300&ssl=1 1.5x, https:\/\/i0.wp.com\/kohenavocats.com\/wp-content\/uploads\/2024\/08\/nicole-herrero-ykxJs2HEb_w-unsplash.webp?resize=700%2C400&ssl=1 2x, https:\/\/i0.wp.com\/kohenavocats.com\/wp-content\/uploads\/2024\/08\/nicole-herrero-ykxJs2HEb_w-unsplash.webp?resize=1050%2C600&ssl=1 3x, https:\/\/i0.wp.com\/kohenavocats.com\/wp-content\/uploads\/2024\/08\/nicole-herrero-ykxJs2HEb_w-unsplash.webp?resize=1400%2C800&ssl=1 4x"},"classes":[]},{"id":721267,"url":"https:\/\/kohenavocats.com\/zh-hans\/garde-alternee-par-defaut-2026-jaf-preuves-refus\/","url_meta":{"origin":653946,"position":1},"title":"Garde altern\u00e9e par d\u00e9faut en 2026 : ce que le d\u00e9bat change vraiment devant le JAF","author":"Kohen","date":"2026\u5e744\u670828\u65e5","format":false,"excerpt":"La garde altern\u00e9e par d\u00e9faut revient dans le d\u00e9bat\u2026","rel":"","context":"\u5728\u201cD\u00e9cryptage\u201d\u4e2d","block_context":{"text":"D\u00e9cryptage","link":"https:\/\/kohenavocats.com\/category\/decryptage\/"},"img":{"alt_text":"","src":"https:\/\/i0.wp.com\/kohenavocats.com\/wp-content\/uploads\/2024\/11\/volodymyr-kondriianenko-n2EXdta0MeM-unsplash.webp?resize=350%2C200&ssl=1","width":350,"height":200,"srcset":"https:\/\/i0.wp.com\/kohenavocats.com\/wp-content\/uploads\/2024\/11\/volodymyr-kondriianenko-n2EXdta0MeM-unsplash.webp?resize=350%2C200&ssl=1 1x, https:\/\/i0.wp.com\/kohenavocats.com\/wp-content\/uploads\/2024\/11\/volodymyr-kondriianenko-n2EXdta0MeM-unsplash.webp?resize=525%2C300&ssl=1 1.5x, https:\/\/i0.wp.com\/kohenavocats.com\/wp-content\/uploads\/2024\/11\/volodymyr-kondriianenko-n2EXdta0MeM-unsplash.webp?resize=700%2C400&ssl=1 2x, https:\/\/i0.wp.com\/kohenavocats.com\/wp-content\/uploads\/2024\/11\/volodymyr-kondriianenko-n2EXdta0MeM-unsplash.webp?resize=1050%2C600&ssl=1 3x, https:\/\/i0.wp.com\/kohenavocats.com\/wp-content\/uploads\/2024\/11\/volodymyr-kondriianenko-n2EXdta0MeM-unsplash.webp?resize=1400%2C800&ssl=1 4x"},"classes":[]},{"id":233723,"url":"https:\/\/kohenavocats.com\/zh-hans\/composition-penale\/","url_meta":{"origin":653946,"position":2},"title":"Composition p\u00e9nale","author":"Kohen","date":"2026\u5e744\u670820\u65e5","format":false,"excerpt":"Information : Cette fiche presente les regles gene\u2026","rel":"","context":"\u5728\u201cDroit penal\u201d\u4e2d","block_context":{"text":"Droit penal","link":"https:\/\/kohenavocats.com\/category\/droit-penal\/"},"img":{"alt_text":"","src":"https:\/\/i0.wp.com\/kohenavocats.com\/wp-content\/uploads\/2024\/11\/manuela-martinez-G7KXRXyFDwQ-unsplash.webp?resize=350%2C200&ssl=1","width":350,"height":200,"srcset":"https:\/\/i0.wp.com\/kohenavocats.com\/wp-content\/uploads\/2024\/11\/manuela-martinez-G7KXRXyFDwQ-unsplash.webp?resize=350%2C200&ssl=1 1x, https:\/\/i0.wp.com\/kohenavocats.com\/wp-content\/uploads\/2024\/11\/manuela-martinez-G7KXRXyFDwQ-unsplash.webp?resize=525%2C300&ssl=1 1.5x, https:\/\/i0.wp.com\/kohenavocats.com\/wp-content\/uploads\/2024\/11\/manuela-martinez-G7KXRXyFDwQ-unsplash.webp?resize=700%2C400&ssl=1 2x, https:\/\/i0.wp.com\/kohenavocats.com\/wp-content\/uploads\/2024\/11\/manuela-martinez-G7KXRXyFDwQ-unsplash.webp?resize=1050%2C600&ssl=1 3x, https:\/\/i0.wp.com\/kohenavocats.com\/wp-content\/uploads\/2024\/11\/manuela-martinez-G7KXRXyFDwQ-unsplash.webp?resize=1400%2C800&ssl=1 4x"},"classes":[]},{"id":234505,"url":"https:\/\/kohenavocats.com\/zh-hans\/quel-adulte-peut-assister-un-mineur-delinquant-lors-d-une-procedure-penale\/","url_meta":{"origin":653946,"position":3},"title":"Quel adulte peut assister un mineur d\u00e9linquant lors d\u2019une proc\u00e9dure p\u00e9nale\u00a0?","author":"Kohen","date":"2026\u5e744\u670822\u65e5","format":false,"excerpt":"Information : Cette fiche presente les regles gene\u2026","rel":"","context":"\u5728\u201cJustice des mineurs\u201d\u4e2d","block_context":{"text":"Justice des mineurs","link":"https:\/\/kohenavocats.com\/category\/penal\/justice-mineurs\/"},"img":{"alt_text":"","src":"https:\/\/i0.wp.com\/kohenavocats.com\/wp-content\/uploads\/2024\/08\/giammarco-boscaro-a_VP5ObtzWk-unsplash-1.webp?resize=350%2C200&ssl=1","width":350,"height":200,"srcset":"https:\/\/i0.wp.com\/kohenavocats.com\/wp-content\/uploads\/2024\/08\/giammarco-boscaro-a_VP5ObtzWk-unsplash-1.webp?resize=350%2C200&ssl=1 1x, https:\/\/i0.wp.com\/kohenavocats.com\/wp-content\/uploads\/2024\/08\/giammarco-boscaro-a_VP5ObtzWk-unsplash-1.webp?resize=525%2C300&ssl=1 1.5x, https:\/\/i0.wp.com\/kohenavocats.com\/wp-content\/uploads\/2024\/08\/giammarco-boscaro-a_VP5ObtzWk-unsplash-1.webp?resize=700%2C400&ssl=1 2x, https:\/\/i0.wp.com\/kohenavocats.com\/wp-content\/uploads\/2024\/08\/giammarco-boscaro-a_VP5ObtzWk-unsplash-1.webp?resize=1050%2C600&ssl=1 3x, https:\/\/i0.wp.com\/kohenavocats.com\/wp-content\/uploads\/2024\/08\/giammarco-boscaro-a_VP5ObtzWk-unsplash-1.webp?resize=1400%2C800&ssl=1 4x"},"classes":[]},{"id":672988,"url":"https:\/\/kohenavocats.com\/zh-hans\/prise-empreintes-audition-libre-refus-taj-avocat\/","url_meta":{"origin":653946,"position":4},"title":"Prise d&#8217;empreintes en audition libre : peut-on refuser et que risque-t-on ?","author":"Kohen","date":"2026\u5e744\u670824\u65e5","format":false,"excerpt":"Que faire si la police ou la gendarmerie demande v\u2026","rel":"","context":"\u5728\u201cD\u00e9cryptage\u201d\u4e2d","block_context":{"text":"D\u00e9cryptage","link":"https:\/\/kohenavocats.com\/category\/decryptage\/"},"img":{"alt_text":"","src":"https:\/\/i0.wp.com\/kohenavocats.com\/wp-content\/uploads\/2024\/08\/valeria-m-zgvMPH83znI-unsplash.webp?resize=350%2C200&ssl=1","width":350,"height":200,"srcset":"https:\/\/i0.wp.com\/kohenavocats.com\/wp-content\/uploads\/2024\/08\/valeria-m-zgvMPH83znI-unsplash.webp?resize=350%2C200&ssl=1 1x, https:\/\/i0.wp.com\/kohenavocats.com\/wp-content\/uploads\/2024\/08\/valeria-m-zgvMPH83znI-unsplash.webp?resize=525%2C300&ssl=1 1.5x, https:\/\/i0.wp.com\/kohenavocats.com\/wp-content\/uploads\/2024\/08\/valeria-m-zgvMPH83znI-unsplash.webp?resize=700%2C400&ssl=1 2x, https:\/\/i0.wp.com\/kohenavocats.com\/wp-content\/uploads\/2024\/08\/valeria-m-zgvMPH83znI-unsplash.webp?resize=1050%2C600&ssl=1 3x, https:\/\/i0.wp.com\/kohenavocats.com\/wp-content\/uploads\/2024\/08\/valeria-m-zgvMPH83znI-unsplash.webp?resize=1400%2C800&ssl=1 4x"},"classes":[]},{"id":720922,"url":"https:\/\/kohenavocats.com\/zh-hans\/conges-payes-arret-maladie-delai-23-avril-2026-employeur-refuse-recours\/","url_meta":{"origin":653946,"position":5},"title":"Cong\u00e9s pay\u00e9s et arr\u00eat maladie : le d\u00e9lai du 23 avril 2026 est pass\u00e9, que faire si l&#8217;employeur refuse ?","author":"Kohen","date":"2026\u5e744\u670828\u65e5","format":false,"excerpt":"Le d\u00e9lai du 23 avril 2026 est pass\u00e9 pour certains \u2026","rel":"","context":"\u5728\u201cD\u00e9cryptage\u201d\u4e2d","block_context":{"text":"D\u00e9cryptage","link":"https:\/\/kohenavocats.com\/category\/decryptage\/"},"img":{"alt_text":"","src":"https:\/\/i0.wp.com\/kohenavocats.com\/wp-content\/uploads\/2024\/11\/planet-volumes-3eXgkMpE-pQ-unsplash.webp?resize=350%2C200&ssl=1","width":350,"height":200,"srcset":"https:\/\/i0.wp.com\/kohenavocats.com\/wp-content\/uploads\/2024\/11\/planet-volumes-3eXgkMpE-pQ-unsplash.webp?resize=350%2C200&ssl=1 1x, https:\/\/i0.wp.com\/kohenavocats.com\/wp-content\/uploads\/2024\/11\/planet-volumes-3eXgkMpE-pQ-unsplash.webp?resize=525%2C300&ssl=1 1.5x, https:\/\/i0.wp.com\/kohenavocats.com\/wp-content\/uploads\/2024\/11\/planet-volumes-3eXgkMpE-pQ-unsplash.webp?resize=700%2C400&ssl=1 2x, https:\/\/i0.wp.com\/kohenavocats.com\/wp-content\/uploads\/2024\/11\/planet-volumes-3eXgkMpE-pQ-unsplash.webp?resize=1050%2C600&ssl=1 3x, https:\/\/i0.wp.com\/kohenavocats.com\/wp-content\/uploads\/2024\/11\/planet-volumes-3eXgkMpE-pQ-unsplash.webp?resize=1400%2C800&ssl=1 4x"},"classes":[]}],"jetpack_sharing_enabled":true,"_links":{"self":[{"href":"https:\/\/kohenavocats.com\/zh-hans\/wp-json\/wp\/v2\/posts\/653946","targetHints":{"allow":["GET"]}}],"collection":[{"href":"https:\/\/kohenavocats.com\/zh-hans\/wp-json\/wp\/v2\/posts"}],"about":[{"href":"https:\/\/kohenavocats.com\/zh-hans\/wp-json\/wp\/v2\/types\/post"}],"author":[{"embeddable":true,"href":"https:\/\/kohenavocats.com\/zh-hans\/wp-json\/wp\/v2\/users\/232070755"}],"replies":[{"embeddable":true,"href":"https:\/\/kohenavocats.com\/zh-hans\/wp-json\/wp\/v2\/comments?post=653946"}],"version-history":[{"count":0,"href":"https:\/\/kohenavocats.com\/zh-hans\/wp-json\/wp\/v2\/posts\/653946\/revisions"}],"wp:featuredmedia":[{"embeddable":true,"href":"https:\/\/kohenavocats.com\/zh-hans\/wp-json\/wp\/v2\/media\/4904"}],"wp:attachment":[{"href":"https:\/\/kohenavocats.com\/zh-hans\/wp-json\/wp\/v2\/media?parent=653946"}],"wp:term":[{"taxonomy":"category","embeddable":true,"href":"https:\/\/kohenavocats.com\/zh-hans\/wp-json\/wp\/v2\/categories?post=653946"},{"taxonomy":"post_tag","embeddable":true,"href":"https:\/\/kohenavocats.com\/zh-hans\/wp-json\/wp\/v2\/tags?post=653946"}],"curies":[{"name":"wp","href":"https:\/\/api.w.org\/{rel}","templated":true}]}}