{"id":654736,"date":"2026-04-23T03:59:23","date_gmt":"2026-04-23T01:59:23","guid":{"rendered":"https:\/\/kohenavocats.com\/cour-dappel-de-rouen-le-9-janvier-2025-n21-08942\/"},"modified":"2026-04-23T03:59:23","modified_gmt":"2026-04-23T01:59:23","slug":"cour-dappel-de-rouen-le-9-janvier-2025-n21-08942","status":"publish","type":"post","link":"https:\/\/kohenavocats.com\/zh-hans\/cour-dappel-de-rouen-le-9-janvier-2025-n21-08942\/","title":{"rendered":"Cour d&#8217;appel de Rouen, le 9 janvier 2025, n\u00b021\/08942"},"content":{"rendered":"<div class=\"article-content\">\n<p>La Cour d&#8217;appel de Rouen, le 9 janvier 2025, statue sur un litige n\u00e9 de l&#8217;absence de reprise du travail suite \u00e0 un accident du travail. Le salari\u00e9, d\u00e9clar\u00e9 apte, s&#8217;est vu refuser l&#8217;acc\u00e8s \u00e0 l&#8217;entreprise et n&#8217;a plus \u00e9t\u00e9 r\u00e9mun\u00e9r\u00e9. La cour confirme en grande partie le jugement prud&#8217;hommal, accordant des rappels de salaire et pronon\u00e7ant la r\u00e9siliation judiciaire du contrat aux torts de l&#8217;employeur. Elle r\u00e9forme toutefois le quantum de certaines indemnit\u00e9s.<\/p>\n<p>Le renforcement des obligations de l&#8217;employeur en p\u00e9riode de reprise<\/p>\n<p>L&#8217;exigence d&#8217;une visite m\u00e9dicale de reprise effective. La cour rappelle avec rigueur le formalisme entourant la reprise apr\u00e8s un arr\u00eat de travail. L&#8217;obligation de l&#8217;employeur est pr\u00e9cise et imp\u00e9rative. &#8220;D\u00e8s que l&#8217;employeur a connaissance de la date de la fin de l&#8217;arr\u00eat de travail, il doit saisir le service de pr\u00e9vention et de sant\u00e9 au travail qui organise l&#8217;examen de reprise le jour de la reprise effective du travail par le travailleur, et au plus tard dans un d\u00e9lai de huit jours qui suivent cette reprise.&#8221; (Motifs). En l&#8217;esp\u00e8ce, l&#8217;employeur a plac\u00e9 le salari\u00e9 en cong\u00e9 sans effectuer la moindre diligence, violant ainsi une obligation de s\u00e9curit\u00e9 de r\u00e9sultat.<\/p>\n<p>La cons\u00e9quence financi\u00e8re du d\u00e9faut de fourniture de travail. Le refus d&#8217;accueillir le salari\u00e9 d\u00e9clar\u00e9 apte engage la responsabilit\u00e9 contractuelle de l&#8217;employeur. La cour r\u00e9affirme un principe fondamental du droit du travail. &#8220;Le salari\u00e9 qui se tient \u00e0 la disposition de l&#8217;employeur a donc droit au paiement de ses salaires, m\u00eame si l&#8217;employeur ne lui fournit pas de travail.&#8221; (Motifs). Ce droit est acquis d\u00e8s lors que le salari\u00e9 justifie s&#8217;\u00eatre tenu \u00e0 disposition, ce qui \u00e9tait le cas en l&#8217;esp\u00e8ce par \u00e9changes de mails. L&#8217;employeur ne peut se soustraire \u00e0 son obligation r\u00e9mun\u00e9ratoire par un simple refus d&#8217;organiser la reprise.<\/p>\n<p>La r\u00e9siliation judiciaire, une sanction des manquements graves de l&#8217;employeur<\/p>\n<p>La qualification des faits justifiant la rupture aux torts de l&#8217;employeur. La cessation de paiement et de fourniture de travail constitue une faute grave. La cour tire les cons\u00e9quences des agissements de l&#8217;entreprise. &#8220;Ces agissements constituent, par suite, des manquements graves de la soci\u00e9t\u00e9 \u00e0 l&#8217;\u00e9gard du salari\u00e9 qui ont emp\u00each\u00e9 la poursuite de son contrat de travail.&#8221; (Motifs). Le prononc\u00e9 de la r\u00e9siliation judiciaire aux torts exclusifs de l&#8217;employeur en est la sanction logique, produisant les effets d&#8217;un licenciement sans cause r\u00e9elle et s\u00e9rieuse.<\/p>\n<p>La modulation des indemnit\u00e9s cons\u00e9cutives \u00e0 la rupture. La cour op\u00e8re un r\u00e9\u00e9quilibrage des indemnit\u00e9s dues, rappelant les r\u00e8gles d&#8217;ordre public. Pour le pr\u00e9judice du licenciement sans cause, elle applique le minimum l\u00e9gal. &#8220;La soci\u00e9t\u00e9 comptant moins de onze salari\u00e9s, trouvent \u00e0 s&#8217;appliquer les dispositions de l&#8217;article L. 1235-3 du code du travail pr\u00e9voyant une indemnit\u00e9 minimale.&#8221; (Motifs). Elle \u00e9carte en revanche l&#8217;indemnisation pour ex\u00e9cution d\u00e9loyale, estimant le pr\u00e9judice d\u00e9j\u00e0 r\u00e9par\u00e9 par ailleurs. Cette d\u00e9cision rappelle la n\u00e9cessit\u00e9 d&#8217;un pr\u00e9judice distinct pour chaque demande.<\/p>\n<p>Cette d\u00e9cision illustre la protection accrue du salari\u00e9 en phase de reprise apr\u00e8s un arr\u00eat maladie. Elle fait peser sur l&#8217;employeur une obligation proactive et formalis\u00e9e d&#8217;organiser la visite m\u00e9dicale. Le refus de s&#8217;y conformer, coupl\u00e9 \u00e0 une privation de travail et de salaire, constitue une faute grave justifiant une rupture aux torts de l&#8217;employeur. La cour veille \u00e0 une r\u00e9paration int\u00e9grale mais non cumulative du pr\u00e9judice subi.<\/p>\n<\/div>\n","protected":false},"excerpt":{"rendered":"<p>La Cour d&#8217;appel de Rouen, le 9 janvier 2025, statue sur un litige n\u00e9 de l&#8217;absence de reprise du travail suite \u00e0 un accident du travail. Le salari\u00e9, d\u00e9clar\u00e9 a&#8230;<\/p>\n","protected":false},"author":232070755,"featured_media":9621,"comment_status":"open","ping_status":"open","sticky":false,"template":"","format":"standard","meta":{"_crdt_document":"","_jetpack_newsletter_access":"","_jetpack_dont_email_post_to_subs":false,"_jetpack_newsletter_tier_id":0,"_jetpack_memberships_contains_paywalled_content":false,"_kj_source_type":"judilibre","_kj_official_id":"68df5a3721a269c127203a74","_kj_official_url":"https:\/\/www.courdecassation.fr\/decision\/68df5a3721a269c127203a74","_kj_judilibre_id":"68df5a3721a269c127203a74","_kj_jur":"Cour d'appel","_kj_lieu":"Cour d'appel de Paris","_kj_chambre":"P\u00f4le 6 - Chambre 4","_kj_rg":"21\/08942","_kj_date":"2025-10-01","_jetpack_memberships_contains_paid_content":false,"footnotes":"","jetpack_post_was_ever_published":false},"categories":[7597],"tags":[],"class_list":["post-654736","post","type-post","status-publish","format-standard","has-post-thumbnail","hentry","category-jurisprudence"],"yoast_head":"<!-- This site is optimized with the Yoast SEO Premium plugin v27.5 (Yoast SEO v27.5) - https:\/\/yoast.com\/product\/yoast-seo-premium-wordpress\/ -->\n<title>Cour d&#039;appel de Rouen, le 9 janvier 2025, n\u00b021\/08942 - Ma\u00eetre Hassan Kohen, avocat en droit p\u00e9nal \u00e0 Paris<\/title>\n<meta name=\"description\" content=\"La Cour d&#039;appel de Rouen, le 9 janvier 2025, statue sur un litige n\u00e9 de l&#039;absence de reprise du travail suite \u00e0 un accident du travail. Le salari\u00e9, d\u00e9clar\u00e9 a...\" \/>\n<meta name=\"robots\" content=\"index, follow, max-snippet:-1, max-image-preview:large, max-video-preview:-1\" \/>\n<link rel=\"canonical\" href=\"https:\/\/kohenavocats.com\/zh-hans\/cour-dappel-de-rouen-le-9-janvier-2025-n21-08942\/\" \/>\n<meta property=\"og:locale\" content=\"zh_CN\" \/>\n<meta property=\"og:type\" content=\"article\" \/>\n<meta property=\"og:title\" content=\"Cour d&#039;appel de Rouen, le 9 janvier 2025, n\u00b021\/08942\" \/>\n<meta property=\"og:description\" content=\"La Cour d&#039;appel de Rouen, le 9 janvier 2025, statue sur un litige n\u00e9 de l&#039;absence de reprise du travail suite \u00e0 un accident du travail. Le salari\u00e9, d\u00e9clar\u00e9 a...\" \/>\n<meta property=\"og:url\" content=\"https:\/\/kohenavocats.com\/zh-hans\/cour-dappel-de-rouen-le-9-janvier-2025-n21-08942\/\" \/>\n<meta property=\"og:site_name\" content=\"Ma\u00eetre Hassan Kohen, avocat en droit p\u00e9nal \u00e0 Paris\" \/>\n<meta property=\"article:published_time\" content=\"2026-04-23T01:59:23+00:00\" \/>\n<meta property=\"og:image\" content=\"https:\/\/kohenavocats.com\/wp-content\/uploads\/2024\/11\/getty-images-UdHwfvSivWU-unsplash.webp\" \/>\n\t<meta property=\"og:image:width\" content=\"2800\" \/>\n\t<meta property=\"og:image:height\" content=\"2800\" \/>\n\t<meta property=\"og:image:type\" content=\"image\/webp\" \/>\n<meta name=\"author\" content=\"Kohen\" \/>\n<meta name=\"twitter:card\" content=\"summary_large_image\" \/>\n<meta name=\"twitter:label1\" content=\"\u4f5c\u8005\" \/>\n\t<meta name=\"twitter:data1\" content=\"Kohen\" \/>\n\t<meta name=\"twitter:label2\" content=\"\u9884\u8ba1\u9605\u8bfb\u65f6\u95f4\" \/>\n\t<meta name=\"twitter:data2\" content=\"3 \u5206\" \/>\n<script type=\"application\/ld+json\" class=\"yoast-schema-graph\">{\"@context\":\"https:\\\/\\\/schema.org\",\"@graph\":[{\"@type\":\"Article\",\"@id\":\"https:\\\/\\\/kohenavocats.com\\\/zh-hans\\\/cour-dappel-de-rouen-le-9-janvier-2025-n21-08942\\\/#article\",\"isPartOf\":{\"@id\":\"https:\\\/\\\/kohenavocats.com\\\/zh-hans\\\/cour-dappel-de-rouen-le-9-janvier-2025-n21-08942\\\/\"},\"author\":{\"name\":\"Kohen\",\"@id\":\"https:\\\/\\\/kohenavocats.com\\\/zh-hans\\\/#\\\/schema\\\/person\\\/761c9ba54fa1ca84d405cef0831ff751\"},\"headline\":\"Cour d&#8217;appel de Rouen, le 9 janvier 2025, n\u00b021\\\/08942\",\"datePublished\":\"2026-04-23T01:59:23+00:00\",\"mainEntityOfPage\":{\"@id\":\"https:\\\/\\\/kohenavocats.com\\\/zh-hans\\\/cour-dappel-de-rouen-le-9-janvier-2025-n21-08942\\\/\"},\"wordCount\":643,\"commentCount\":0,\"publisher\":{\"@id\":\"https:\\\/\\\/kohenavocats.com\\\/zh-hans\\\/#organization\"},\"image\":{\"@id\":\"https:\\\/\\\/kohenavocats.com\\\/zh-hans\\\/cour-dappel-de-rouen-le-9-janvier-2025-n21-08942\\\/#primaryimage\"},\"thumbnailUrl\":\"https:\\\/\\\/kohenavocats.com\\\/wp-content\\\/uploads\\\/2024\\\/11\\\/getty-images-UdHwfvSivWU-unsplash.webp\",\"articleSection\":[\"Jurisprudence\"],\"inLanguage\":\"zh-Hans\",\"potentialAction\":[{\"@type\":\"CommentAction\",\"name\":\"Comment\",\"target\":[\"https:\\\/\\\/kohenavocats.com\\\/zh-hans\\\/cour-dappel-de-rouen-le-9-janvier-2025-n21-08942\\\/#respond\"]}],\"citation\":\"Cour d&#8217;appel de Rouen, le 9 janvier 2025, n\u00b021\\\/08942\",\"about\":[{\"@type\":\"Thing\",\"name\":\"Jurisprudence\"}],\"dateModified\":\"2026-04-23T01:59:23+00:00\",\"speakable\":{\"@type\":\"SpeakableSpecification\",\"cssSelector\":[\".article-content > p:first-of-type\"]}},{\"@type\":\"WebPage\",\"@id\":\"https:\\\/\\\/kohenavocats.com\\\/zh-hans\\\/cour-dappel-de-rouen-le-9-janvier-2025-n21-08942\\\/\",\"url\":\"https:\\\/\\\/kohenavocats.com\\\/zh-hans\\\/cour-dappel-de-rouen-le-9-janvier-2025-n21-08942\\\/\",\"name\":\"Cour d'appel de Rouen, le 9 janvier 2025, n\u00b021\\\/08942 - Ma\u00eetre Hassan Kohen, avocat en droit p\u00e9nal \u00e0 Paris\",\"isPartOf\":{\"@id\":\"https:\\\/\\\/kohenavocats.com\\\/zh-hans\\\/#website\"},\"primaryImageOfPage\":{\"@id\":\"https:\\\/\\\/kohenavocats.com\\\/zh-hans\\\/cour-dappel-de-rouen-le-9-janvier-2025-n21-08942\\\/#primaryimage\"},\"image\":{\"@id\":\"https:\\\/\\\/kohenavocats.com\\\/zh-hans\\\/cour-dappel-de-rouen-le-9-janvier-2025-n21-08942\\\/#primaryimage\"},\"thumbnailUrl\":\"https:\\\/\\\/kohenavocats.com\\\/wp-content\\\/uploads\\\/2024\\\/11\\\/getty-images-UdHwfvSivWU-unsplash.webp\",\"datePublished\":\"2026-04-23T01:59:23+00:00\",\"description\":\"La Cour d'appel de Rouen, le 9 janvier 2025, statue sur un litige n\u00e9 de l'absence de reprise du travail suite \u00e0 un accident du travail. Le salari\u00e9, d\u00e9clar\u00e9 a...\",\"breadcrumb\":{\"@id\":\"https:\\\/\\\/kohenavocats.com\\\/zh-hans\\\/cour-dappel-de-rouen-le-9-janvier-2025-n21-08942\\\/#breadcrumb\"},\"inLanguage\":\"zh-Hans\",\"potentialAction\":[{\"@type\":\"ReadAction\",\"target\":[\"https:\\\/\\\/kohenavocats.com\\\/zh-hans\\\/cour-dappel-de-rouen-le-9-janvier-2025-n21-08942\\\/\"]}]},{\"@type\":\"ImageObject\",\"inLanguage\":\"zh-Hans\",\"@id\":\"https:\\\/\\\/kohenavocats.com\\\/zh-hans\\\/cour-dappel-de-rouen-le-9-janvier-2025-n21-08942\\\/#primaryimage\",\"url\":\"https:\\\/\\\/kohenavocats.com\\\/wp-content\\\/uploads\\\/2024\\\/11\\\/getty-images-UdHwfvSivWU-unsplash.webp\",\"contentUrl\":\"https:\\\/\\\/kohenavocats.com\\\/wp-content\\\/uploads\\\/2024\\\/11\\\/getty-images-UdHwfvSivWU-unsplash.webp\",\"width\":2800,\"height\":2800},{\"@type\":\"BreadcrumbList\",\"@id\":\"https:\\\/\\\/kohenavocats.com\\\/zh-hans\\\/cour-dappel-de-rouen-le-9-janvier-2025-n21-08942\\\/#breadcrumb\",\"itemListElement\":[{\"@type\":\"ListItem\",\"position\":1,\"name\":\"Home\",\"item\":\"https:\\\/\\\/kohenavocats.com\\\/zh-hans\\\/\"},{\"@type\":\"ListItem\",\"position\":2,\"name\":\"Cour d&rsquo;appel de Rouen, le 9 janvier 2025, n\u00b021\\\/08942\"}]},{\"@type\":\"WebSite\",\"@id\":\"https:\\\/\\\/kohenavocats.com\\\/zh-hans\\\/#website\",\"url\":\"https:\\\/\\\/kohenavocats.com\\\/zh-hans\\\/\",\"name\":\"Kohen Avocats\",\"description\":\"Ma\u00eetre Hassan Kohen, avocat p\u00e9naliste \u00e0 Paris, intervient exclusivement en droit p\u00e9nal pour la d\u00e9fense des particuliers, notamment en mati\u00e8re d\u2019accusations de viol. Il assure un accompagnement rigoureux d\u00e8s la garde \u00e0 vue jusqu\u2019\u00e0 la Cour d\u2019assises, veillant au strict respect des garanties proc\u00e9durales.\",\"publisher\":{\"@id\":\"https:\\\/\\\/kohenavocats.com\\\/zh-hans\\\/#organization\"},\"potentialAction\":[{\"@type\":\"SearchAction\",\"target\":{\"@type\":\"EntryPoint\",\"urlTemplate\":\"https:\\\/\\\/kohenavocats.com\\\/zh-hans\\\/?s={search_term_string}\"},\"query-input\":{\"@type\":\"PropertyValueSpecification\",\"valueRequired\":true,\"valueName\":\"search_term_string\"}}],\"inLanguage\":\"zh-Hans\"},{\"@type\":\"Organization\",\"@id\":\"https:\\\/\\\/kohenavocats.com\\\/zh-hans\\\/#organization\",\"name\":\"Kohen Avocats\",\"url\":\"https:\\\/\\\/kohenavocats.com\\\/zh-hans\\\/\",\"logo\":{\"@type\":\"ImageObject\",\"inLanguage\":\"zh-Hans\",\"@id\":\"https:\\\/\\\/kohenavocats.com\\\/zh-hans\\\/#\\\/schema\\\/logo\\\/image\\\/\",\"url\":\"https:\\\/\\\/kohenavocats.com\\\/wp-content\\\/uploads\\\/2026\\\/01\\\/Logo-2-1.webp\",\"contentUrl\":\"https:\\\/\\\/kohenavocats.com\\\/wp-content\\\/uploads\\\/2026\\\/01\\\/Logo-2-1.webp\",\"width\":2114,\"height\":1253,\"caption\":\"Kohen Avocats\"},\"image\":{\"@id\":\"https:\\\/\\\/kohenavocats.com\\\/zh-hans\\\/#\\\/schema\\\/logo\\\/image\\\/\"}},{\"@type\":\"Person\",\"@id\":\"https:\\\/\\\/kohenavocats.com\\\/zh-hans\\\/#\\\/schema\\\/person\\\/761c9ba54fa1ca84d405cef0831ff751\",\"name\":\"Kohen\",\"image\":{\"@type\":\"ImageObject\",\"inLanguage\":\"zh-Hans\",\"@id\":\"https:\\\/\\\/secure.gravatar.com\\\/avatar\\\/1c5e76ef76bbbfdd2b4da984e2bf2fa4056fd51a27d25ce2c332047f1dfd6e00?s=96&d=identicon&r=g\",\"url\":\"https:\\\/\\\/secure.gravatar.com\\\/avatar\\\/1c5e76ef76bbbfdd2b4da984e2bf2fa4056fd51a27d25ce2c332047f1dfd6e00?s=96&d=identicon&r=g\",\"contentUrl\":\"https:\\\/\\\/secure.gravatar.com\\\/avatar\\\/1c5e76ef76bbbfdd2b4da984e2bf2fa4056fd51a27d25ce2c332047f1dfd6e00?s=96&d=identicon&r=g\",\"caption\":\"Kohen\"},\"sameAs\":[\"https:\\\/\\\/www.linkedin.com\\\/in\\\/hassan-kohen-448548192\\\/\",\"https:\\\/\\\/www.youtube.com\\\/@Kohen-Avocats\"],\"url\":\"https:\\\/\\\/kohenavocats.com\\\/zh-hans\\\/author\\\/kohenmlk\\\/\"}]}<\/script>\n<!-- \/ Yoast SEO Premium plugin. -->","yoast_head_json":{"title":"Cour d'appel de Rouen, le 9 janvier 2025, n\u00b021\/08942 - Ma\u00eetre Hassan Kohen, avocat en droit p\u00e9nal \u00e0 Paris","description":"La Cour d'appel de Rouen, le 9 janvier 2025, statue sur un litige n\u00e9 de l'absence de reprise du travail suite \u00e0 un accident du travail. Le salari\u00e9, d\u00e9clar\u00e9 a...","robots":{"index":"index","follow":"follow","max-snippet":"max-snippet:-1","max-image-preview":"max-image-preview:large","max-video-preview":"max-video-preview:-1"},"canonical":"https:\/\/kohenavocats.com\/zh-hans\/cour-dappel-de-rouen-le-9-janvier-2025-n21-08942\/","og_locale":"zh_CN","og_type":"article","og_title":"Cour d'appel de Rouen, le 9 janvier 2025, n\u00b021\/08942","og_description":"La Cour d'appel de Rouen, le 9 janvier 2025, statue sur un litige n\u00e9 de l'absence de reprise du travail suite \u00e0 un accident du travail. Le salari\u00e9, d\u00e9clar\u00e9 a...","og_url":"https:\/\/kohenavocats.com\/zh-hans\/cour-dappel-de-rouen-le-9-janvier-2025-n21-08942\/","og_site_name":"Ma\u00eetre Hassan Kohen, avocat en droit p\u00e9nal \u00e0 Paris","article_published_time":"2026-04-23T01:59:23+00:00","og_image":[{"width":2800,"height":2800,"url":"https:\/\/kohenavocats.com\/wp-content\/uploads\/2024\/11\/getty-images-UdHwfvSivWU-unsplash.webp","type":"image\/webp"}],"author":"Kohen","twitter_card":"summary_large_image","twitter_misc":{"\u4f5c\u8005":"Kohen","\u9884\u8ba1\u9605\u8bfb\u65f6\u95f4":"3 \u5206"},"schema":{"@context":"https:\/\/schema.org","@graph":[{"@type":"Article","@id":"https:\/\/kohenavocats.com\/zh-hans\/cour-dappel-de-rouen-le-9-janvier-2025-n21-08942\/#article","isPartOf":{"@id":"https:\/\/kohenavocats.com\/zh-hans\/cour-dappel-de-rouen-le-9-janvier-2025-n21-08942\/"},"author":{"name":"Kohen","@id":"https:\/\/kohenavocats.com\/zh-hans\/#\/schema\/person\/761c9ba54fa1ca84d405cef0831ff751"},"headline":"Cour d&#8217;appel de Rouen, le 9 janvier 2025, n\u00b021\/08942","datePublished":"2026-04-23T01:59:23+00:00","mainEntityOfPage":{"@id":"https:\/\/kohenavocats.com\/zh-hans\/cour-dappel-de-rouen-le-9-janvier-2025-n21-08942\/"},"wordCount":643,"commentCount":0,"publisher":{"@id":"https:\/\/kohenavocats.com\/zh-hans\/#organization"},"image":{"@id":"https:\/\/kohenavocats.com\/zh-hans\/cour-dappel-de-rouen-le-9-janvier-2025-n21-08942\/#primaryimage"},"thumbnailUrl":"https:\/\/kohenavocats.com\/wp-content\/uploads\/2024\/11\/getty-images-UdHwfvSivWU-unsplash.webp","articleSection":["Jurisprudence"],"inLanguage":"zh-Hans","potentialAction":[{"@type":"CommentAction","name":"Comment","target":["https:\/\/kohenavocats.com\/zh-hans\/cour-dappel-de-rouen-le-9-janvier-2025-n21-08942\/#respond"]}],"citation":"Cour d&#8217;appel de Rouen, le 9 janvier 2025, n\u00b021\/08942","about":[{"@type":"Thing","name":"Jurisprudence"}],"dateModified":"2026-04-23T01:59:23+00:00","speakable":{"@type":"SpeakableSpecification","cssSelector":[".article-content > p:first-of-type"]}},{"@type":"WebPage","@id":"https:\/\/kohenavocats.com\/zh-hans\/cour-dappel-de-rouen-le-9-janvier-2025-n21-08942\/","url":"https:\/\/kohenavocats.com\/zh-hans\/cour-dappel-de-rouen-le-9-janvier-2025-n21-08942\/","name":"Cour d'appel de Rouen, le 9 janvier 2025, n\u00b021\/08942 - Ma\u00eetre Hassan Kohen, avocat en droit p\u00e9nal \u00e0 Paris","isPartOf":{"@id":"https:\/\/kohenavocats.com\/zh-hans\/#website"},"primaryImageOfPage":{"@id":"https:\/\/kohenavocats.com\/zh-hans\/cour-dappel-de-rouen-le-9-janvier-2025-n21-08942\/#primaryimage"},"image":{"@id":"https:\/\/kohenavocats.com\/zh-hans\/cour-dappel-de-rouen-le-9-janvier-2025-n21-08942\/#primaryimage"},"thumbnailUrl":"https:\/\/kohenavocats.com\/wp-content\/uploads\/2024\/11\/getty-images-UdHwfvSivWU-unsplash.webp","datePublished":"2026-04-23T01:59:23+00:00","description":"La Cour d'appel de Rouen, le 9 janvier 2025, statue sur un litige n\u00e9 de l'absence de reprise du travail suite \u00e0 un accident du travail. Le salari\u00e9, d\u00e9clar\u00e9 a...","breadcrumb":{"@id":"https:\/\/kohenavocats.com\/zh-hans\/cour-dappel-de-rouen-le-9-janvier-2025-n21-08942\/#breadcrumb"},"inLanguage":"zh-Hans","potentialAction":[{"@type":"ReadAction","target":["https:\/\/kohenavocats.com\/zh-hans\/cour-dappel-de-rouen-le-9-janvier-2025-n21-08942\/"]}]},{"@type":"ImageObject","inLanguage":"zh-Hans","@id":"https:\/\/kohenavocats.com\/zh-hans\/cour-dappel-de-rouen-le-9-janvier-2025-n21-08942\/#primaryimage","url":"https:\/\/kohenavocats.com\/wp-content\/uploads\/2024\/11\/getty-images-UdHwfvSivWU-unsplash.webp","contentUrl":"https:\/\/kohenavocats.com\/wp-content\/uploads\/2024\/11\/getty-images-UdHwfvSivWU-unsplash.webp","width":2800,"height":2800},{"@type":"BreadcrumbList","@id":"https:\/\/kohenavocats.com\/zh-hans\/cour-dappel-de-rouen-le-9-janvier-2025-n21-08942\/#breadcrumb","itemListElement":[{"@type":"ListItem","position":1,"name":"Home","item":"https:\/\/kohenavocats.com\/zh-hans\/"},{"@type":"ListItem","position":2,"name":"Cour d&rsquo;appel de Rouen, le 9 janvier 2025, n\u00b021\/08942"}]},{"@type":"WebSite","@id":"https:\/\/kohenavocats.com\/zh-hans\/#website","url":"https:\/\/kohenavocats.com\/zh-hans\/","name":"Kohen Avocats","description":"Ma\u00eetre Hassan Kohen, avocat p\u00e9naliste \u00e0 Paris, intervient exclusivement en droit p\u00e9nal pour la d\u00e9fense des particuliers, notamment en mati\u00e8re d\u2019accusations de viol. Il assure un accompagnement rigoureux d\u00e8s la garde \u00e0 vue jusqu\u2019\u00e0 la Cour d\u2019assises, veillant au strict respect des garanties proc\u00e9durales.","publisher":{"@id":"https:\/\/kohenavocats.com\/zh-hans\/#organization"},"potentialAction":[{"@type":"SearchAction","target":{"@type":"EntryPoint","urlTemplate":"https:\/\/kohenavocats.com\/zh-hans\/?s={search_term_string}"},"query-input":{"@type":"PropertyValueSpecification","valueRequired":true,"valueName":"search_term_string"}}],"inLanguage":"zh-Hans"},{"@type":"Organization","@id":"https:\/\/kohenavocats.com\/zh-hans\/#organization","name":"Kohen Avocats","url":"https:\/\/kohenavocats.com\/zh-hans\/","logo":{"@type":"ImageObject","inLanguage":"zh-Hans","@id":"https:\/\/kohenavocats.com\/zh-hans\/#\/schema\/logo\/image\/","url":"https:\/\/kohenavocats.com\/wp-content\/uploads\/2026\/01\/Logo-2-1.webp","contentUrl":"https:\/\/kohenavocats.com\/wp-content\/uploads\/2026\/01\/Logo-2-1.webp","width":2114,"height":1253,"caption":"Kohen Avocats"},"image":{"@id":"https:\/\/kohenavocats.com\/zh-hans\/#\/schema\/logo\/image\/"}},{"@type":"Person","@id":"https:\/\/kohenavocats.com\/zh-hans\/#\/schema\/person\/761c9ba54fa1ca84d405cef0831ff751","name":"Kohen","image":{"@type":"ImageObject","inLanguage":"zh-Hans","@id":"https:\/\/secure.gravatar.com\/avatar\/1c5e76ef76bbbfdd2b4da984e2bf2fa4056fd51a27d25ce2c332047f1dfd6e00?s=96&d=identicon&r=g","url":"https:\/\/secure.gravatar.com\/avatar\/1c5e76ef76bbbfdd2b4da984e2bf2fa4056fd51a27d25ce2c332047f1dfd6e00?s=96&d=identicon&r=g","contentUrl":"https:\/\/secure.gravatar.com\/avatar\/1c5e76ef76bbbfdd2b4da984e2bf2fa4056fd51a27d25ce2c332047f1dfd6e00?s=96&d=identicon&r=g","caption":"Kohen"},"sameAs":["https:\/\/www.linkedin.com\/in\/hassan-kohen-448548192\/","https:\/\/www.youtube.com\/@Kohen-Avocats"],"url":"https:\/\/kohenavocats.com\/zh-hans\/author\/kohenmlk\/"}]}},"jetpack_featured_media_url":"https:\/\/kohenavocats.com\/wp-content\/uploads\/2024\/11\/getty-images-UdHwfvSivWU-unsplash.webp","jetpack_likes_enabled":false,"jetpack_shortlink":"https:\/\/wp.me\/peCrII-2Kkg","jetpack-related-posts":[{"id":456550,"url":"https:\/\/kohenavocats.com\/zh-hans\/cour-dappel-de-toulouse-2025-10-02-n24-00736\/","url_meta":{"origin":654736,"position":0},"title":"Cour d&#8217;appel de Toulouse &#8211; 2025-10-02 &#8211; n\u00b024\/00736","author":"Kohen","date":"2026\u5e744\u67087\u65e5","format":false,"excerpt":"La Cour d'appel de Rouen, le 27 f\u00e9vrier 2025, stat\u2026","rel":"","context":"\u5728\u201cJurisprudence\u201d\u4e2d","block_context":{"text":"Jurisprudence","link":"https:\/\/kohenavocats.com\/category\/jurisprudence\/"},"img":{"alt_text":"","src":"https:\/\/i0.wp.com\/kohenavocats.com\/wp-content\/uploads\/2024\/05\/daniele-d-andreti-mGH4FxehE2s-unsplash.webp?resize=350%2C200&ssl=1","width":350,"height":200,"srcset":"https:\/\/i0.wp.com\/kohenavocats.com\/wp-content\/uploads\/2024\/05\/daniele-d-andreti-mGH4FxehE2s-unsplash.webp?resize=350%2C200&ssl=1 1x, https:\/\/i0.wp.com\/kohenavocats.com\/wp-content\/uploads\/2024\/05\/daniele-d-andreti-mGH4FxehE2s-unsplash.webp?resize=525%2C300&ssl=1 1.5x, https:\/\/i0.wp.com\/kohenavocats.com\/wp-content\/uploads\/2024\/05\/daniele-d-andreti-mGH4FxehE2s-unsplash.webp?resize=700%2C400&ssl=1 2x, https:\/\/i0.wp.com\/kohenavocats.com\/wp-content\/uploads\/2024\/05\/daniele-d-andreti-mGH4FxehE2s-unsplash.webp?resize=1050%2C600&ssl=1 3x, https:\/\/i0.wp.com\/kohenavocats.com\/wp-content\/uploads\/2024\/05\/daniele-d-andreti-mGH4FxehE2s-unsplash.webp?resize=1400%2C800&ssl=1 4x"},"classes":[]},{"id":439690,"url":"https:\/\/kohenavocats.com\/zh-hans\/cour-dappel-de-rouen-le-5-mars-2026-n25-01909\/","url_meta":{"origin":654736,"position":1},"title":"Cour d&#8217;appel de Rouen, le 5 mars 2026, n\u00b025\/01909","author":"Kohen","date":"2026\u5e743\u670827\u65e5","format":false,"excerpt":"Un salari\u00e9 engag\u00e9 en 1990 par une soci\u00e9t\u00e9 d\u2019HLM en\u2026","rel":"","context":"\u5728\u201cCour d'appel\u201d\u4e2d","block_context":{"text":"Cour d'appel","link":"https:\/\/kohenavocats.com\/category\/cour-dappel\/"},"img":{"alt_text":"","src":"https:\/\/i0.wp.com\/kohenavocats.com\/wp-content\/uploads\/2024\/08\/judith-ekedi-jangwa-fyfmXbDaR14-unsplash.webp?resize=350%2C200&ssl=1","width":350,"height":200,"srcset":"https:\/\/i0.wp.com\/kohenavocats.com\/wp-content\/uploads\/2024\/08\/judith-ekedi-jangwa-fyfmXbDaR14-unsplash.webp?resize=350%2C200&ssl=1 1x, https:\/\/i0.wp.com\/kohenavocats.com\/wp-content\/uploads\/2024\/08\/judith-ekedi-jangwa-fyfmXbDaR14-unsplash.webp?resize=525%2C300&ssl=1 1.5x, https:\/\/i0.wp.com\/kohenavocats.com\/wp-content\/uploads\/2024\/08\/judith-ekedi-jangwa-fyfmXbDaR14-unsplash.webp?resize=700%2C400&ssl=1 2x, https:\/\/i0.wp.com\/kohenavocats.com\/wp-content\/uploads\/2024\/08\/judith-ekedi-jangwa-fyfmXbDaR14-unsplash.webp?resize=1050%2C600&ssl=1 3x, https:\/\/i0.wp.com\/kohenavocats.com\/wp-content\/uploads\/2024\/08\/judith-ekedi-jangwa-fyfmXbDaR14-unsplash.webp?resize=1400%2C800&ssl=1 4x"},"classes":[]},{"id":66565,"url":"https:\/\/kohenavocats.com\/zh-hans\/cour-dappel-de-rouen-le-8-juillet-2025-n24-02484\/","url_meta":{"origin":654736,"position":2},"title":"Cour d&#8217;appel de Rouen, le 8 juillet 2025, n\u00b024\/02484","author":"Kohen","date":"2025\u5e7411\u67089\u65e5","format":false,"excerpt":"Par un arr\u00eat rendu par la Cour d'appel de Rouen le\u2026","rel":"","context":"\u5728\u201cCour d'appel\u201d\u4e2d","block_context":{"text":"Cour d'appel","link":"https:\/\/kohenavocats.com\/category\/cour-dappel\/"},"img":{"alt_text":"","src":"https:\/\/i0.wp.com\/kohenavocats.com\/wp-content\/uploads\/2024\/08\/roman-kraft-X1exjxxBho4-unsplash.webp?resize=350%2C200&ssl=1","width":350,"height":200,"srcset":"https:\/\/i0.wp.com\/kohenavocats.com\/wp-content\/uploads\/2024\/08\/roman-kraft-X1exjxxBho4-unsplash.webp?resize=350%2C200&ssl=1 1x, https:\/\/i0.wp.com\/kohenavocats.com\/wp-content\/uploads\/2024\/08\/roman-kraft-X1exjxxBho4-unsplash.webp?resize=525%2C300&ssl=1 1.5x, https:\/\/i0.wp.com\/kohenavocats.com\/wp-content\/uploads\/2024\/08\/roman-kraft-X1exjxxBho4-unsplash.webp?resize=700%2C400&ssl=1 2x, https:\/\/i0.wp.com\/kohenavocats.com\/wp-content\/uploads\/2024\/08\/roman-kraft-X1exjxxBho4-unsplash.webp?resize=1050%2C600&ssl=1 3x, https:\/\/i0.wp.com\/kohenavocats.com\/wp-content\/uploads\/2024\/08\/roman-kraft-X1exjxxBho4-unsplash.webp?resize=1400%2C800&ssl=1 4x"},"classes":[]},{"id":236846,"url":"https:\/\/kohenavocats.com\/zh-hans\/cour-dappel-de-rouen-le-11-septembre-2025-n24-01809\/","url_meta":{"origin":654736,"position":3},"title":"Cour d&#8217;appel de Rouen, le 11 septembre 2025, n\u00b024\/01809","author":"Kohen","date":"2025\u5e7412\u670829\u65e5","format":false,"excerpt":"L'arr\u00eat rendu par la Cour d'appel de Rouen le 11 s\u2026","rel":"","context":"\u5728\u201cCour d'appel\u201d\u4e2d","block_context":{"text":"Cour d'appel","link":"https:\/\/kohenavocats.com\/category\/cour-dappel\/"},"img":{"alt_text":"","src":"https:\/\/i0.wp.com\/kohenavocats.com\/wp-content\/uploads\/2024\/11\/viktor-forgacs-DcHqAJ9o6pc-unsplash.webp?resize=350%2C200&ssl=1","width":350,"height":200,"srcset":"https:\/\/i0.wp.com\/kohenavocats.com\/wp-content\/uploads\/2024\/11\/viktor-forgacs-DcHqAJ9o6pc-unsplash.webp?resize=350%2C200&ssl=1 1x, https:\/\/i0.wp.com\/kohenavocats.com\/wp-content\/uploads\/2024\/11\/viktor-forgacs-DcHqAJ9o6pc-unsplash.webp?resize=525%2C300&ssl=1 1.5x, https:\/\/i0.wp.com\/kohenavocats.com\/wp-content\/uploads\/2024\/11\/viktor-forgacs-DcHqAJ9o6pc-unsplash.webp?resize=700%2C400&ssl=1 2x, https:\/\/i0.wp.com\/kohenavocats.com\/wp-content\/uploads\/2024\/11\/viktor-forgacs-DcHqAJ9o6pc-unsplash.webp?resize=1050%2C600&ssl=1 3x, https:\/\/i0.wp.com\/kohenavocats.com\/wp-content\/uploads\/2024\/11\/viktor-forgacs-DcHqAJ9o6pc-unsplash.webp?resize=1400%2C800&ssl=1 4x"},"classes":[]},{"id":237130,"url":"https:\/\/kohenavocats.com\/zh-hans\/cour-dappel-de-rouen-le-11-septembre-2025-n24-01764\/","url_meta":{"origin":654736,"position":4},"title":"Cour d&#8217;appel de Rouen, le 11 septembre 2025, n\u00b024\/01764","author":"Kohen","date":"2025\u5e7412\u670830\u65e5","format":false,"excerpt":"Un arr\u00eat rendu par la cour d'appel de Rouen le 11 \u2026","rel":"","context":"\u5728\u201cCour d'appel\u201d\u4e2d","block_context":{"text":"Cour d'appel","link":"https:\/\/kohenavocats.com\/category\/cour-dappel\/"},"img":{"alt_text":"","src":"https:\/\/i0.wp.com\/kohenavocats.com\/wp-content\/uploads\/2024\/11\/zyanya-citlalli-VKn4-6O9LWk-unsplash.webp?resize=350%2C200&ssl=1","width":350,"height":200,"srcset":"https:\/\/i0.wp.com\/kohenavocats.com\/wp-content\/uploads\/2024\/11\/zyanya-citlalli-VKn4-6O9LWk-unsplash.webp?resize=350%2C200&ssl=1 1x, https:\/\/i0.wp.com\/kohenavocats.com\/wp-content\/uploads\/2024\/11\/zyanya-citlalli-VKn4-6O9LWk-unsplash.webp?resize=525%2C300&ssl=1 1.5x, https:\/\/i0.wp.com\/kohenavocats.com\/wp-content\/uploads\/2024\/11\/zyanya-citlalli-VKn4-6O9LWk-unsplash.webp?resize=700%2C400&ssl=1 2x, https:\/\/i0.wp.com\/kohenavocats.com\/wp-content\/uploads\/2024\/11\/zyanya-citlalli-VKn4-6O9LWk-unsplash.webp?resize=1050%2C600&ssl=1 3x, https:\/\/i0.wp.com\/kohenavocats.com\/wp-content\/uploads\/2024\/11\/zyanya-citlalli-VKn4-6O9LWk-unsplash.webp?resize=1400%2C800&ssl=1 4x"},"classes":[]},{"id":39864,"url":"https:\/\/kohenavocats.com\/zh-hans\/cour-dappel-de-rouen-le-11-septembre-2025-n24-01762\/","url_meta":{"origin":654736,"position":5},"title":"Cour d&#8217;appel de Rouen, le 11 septembre 2025, n\u00b024\/01762","author":"Kohen","date":"2025\u5e7411\u67086\u65e5","format":false,"excerpt":"Rendue par la Cour d'appel de Rouen le 11 septembr\u2026","rel":"","context":"\u5728\u201cCour d'appel\u201d\u4e2d","block_context":{"text":"Cour d'appel","link":"https:\/\/kohenavocats.com\/category\/cour-dappel\/"},"img":{"alt_text":"","src":"https:\/\/i0.wp.com\/kohenavocats.com\/wp-content\/uploads\/2024\/11\/getty-images-Sk9JF1KDz6M-unsplash.webp?resize=350%2C200&ssl=1","width":350,"height":200,"srcset":"https:\/\/i0.wp.com\/kohenavocats.com\/wp-content\/uploads\/2024\/11\/getty-images-Sk9JF1KDz6M-unsplash.webp?resize=350%2C200&ssl=1 1x, https:\/\/i0.wp.com\/kohenavocats.com\/wp-content\/uploads\/2024\/11\/getty-images-Sk9JF1KDz6M-unsplash.webp?resize=525%2C300&ssl=1 1.5x, https:\/\/i0.wp.com\/kohenavocats.com\/wp-content\/uploads\/2024\/11\/getty-images-Sk9JF1KDz6M-unsplash.webp?resize=700%2C400&ssl=1 2x, https:\/\/i0.wp.com\/kohenavocats.com\/wp-content\/uploads\/2024\/11\/getty-images-Sk9JF1KDz6M-unsplash.webp?resize=1050%2C600&ssl=1 3x, https:\/\/i0.wp.com\/kohenavocats.com\/wp-content\/uploads\/2024\/11\/getty-images-Sk9JF1KDz6M-unsplash.webp?resize=1400%2C800&ssl=1 4x"},"classes":[]}],"jetpack_sharing_enabled":true,"_links":{"self":[{"href":"https:\/\/kohenavocats.com\/zh-hans\/wp-json\/wp\/v2\/posts\/654736","targetHints":{"allow":["GET"]}}],"collection":[{"href":"https:\/\/kohenavocats.com\/zh-hans\/wp-json\/wp\/v2\/posts"}],"about":[{"href":"https:\/\/kohenavocats.com\/zh-hans\/wp-json\/wp\/v2\/types\/post"}],"author":[{"embeddable":true,"href":"https:\/\/kohenavocats.com\/zh-hans\/wp-json\/wp\/v2\/users\/232070755"}],"replies":[{"embeddable":true,"href":"https:\/\/kohenavocats.com\/zh-hans\/wp-json\/wp\/v2\/comments?post=654736"}],"version-history":[{"count":0,"href":"https:\/\/kohenavocats.com\/zh-hans\/wp-json\/wp\/v2\/posts\/654736\/revisions"}],"wp:featuredmedia":[{"embeddable":true,"href":"https:\/\/kohenavocats.com\/zh-hans\/wp-json\/wp\/v2\/media\/9621"}],"wp:attachment":[{"href":"https:\/\/kohenavocats.com\/zh-hans\/wp-json\/wp\/v2\/media?parent=654736"}],"wp:term":[{"taxonomy":"category","embeddable":true,"href":"https:\/\/kohenavocats.com\/zh-hans\/wp-json\/wp\/v2\/categories?post=654736"},{"taxonomy":"post_tag","embeddable":true,"href":"https:\/\/kohenavocats.com\/zh-hans\/wp-json\/wp\/v2\/tags?post=654736"}],"curies":[{"name":"wp","href":"https:\/\/api.w.org\/{rel}","templated":true}]}}