{"id":655039,"date":"2026-04-23T04:26:34","date_gmt":"2026-04-23T02:26:34","guid":{"rendered":"https:\/\/kohenavocats.com\/cour-dappel-le-29-janvier-2026-n23-01222\/"},"modified":"2026-04-23T04:26:34","modified_gmt":"2026-04-23T02:26:34","slug":"cour-dappel-le-29-janvier-2026-n23-01222","status":"publish","type":"post","link":"https:\/\/kohenavocats.com\/zh-hans\/cour-dappel-le-29-janvier-2026-n23-01222\/","title":{"rendered":"Cour d&#8217;appel, le 29 janvier 2026, n\u00b023\/01222"},"content":{"rendered":"<div class=\"article-content\">\n<p>La Cour d\u2019appel, dans un arr\u00eat du 29 janvier 2026, a \u00e9t\u00e9 saisie d\u2019un litige relatif aux droits \u00e0 retraite d\u2019une travailleuse ind\u00e9pendante. L\u2019assur\u00e9e contestait l\u2019absence de mention de ses p\u00e9riodes d\u2019activit\u00e9 et le calcul de ses points par l\u2019organisme gestionnaire. Les premiers juges avaient accueilli ses demandes. La cour d\u2019appel devait se prononcer sur la recevabilit\u00e9 du recours et sur le fond du diff\u00e9rend. Elle confirme le jugement sur la recevabilit\u00e9 et la m\u00e9thode de calcul, tout en allouant des dommages-int\u00e9r\u00eats pour pr\u00e9judice moral et appel abusif.<\/p>\n<p>La nature contentieuse du relev\u00e9 de situation individuelle<\/p>\n<p>La recevabilit\u00e9 du recours amiable malgr\u00e9 l\u2019absence de notification formelle. L\u2019organisme gestionnaire soutenait que le relev\u00e9 obtenu en ligne n\u2019\u00e9tait pas une d\u00e9cision susceptible de recours. La cour \u00e9carte cet argument en rappelant la finalit\u00e9 du document. Le relev\u00e9 de situation individuelle retranscrit les droits \u00e0 retraite comptabilis\u00e9s par les organismes comp\u00e9tents. Sa contestation est donc recevable devant la commission de recours amiable puis le juge. &#8220;D\u00e8s lors que les mentions figurant sur le relev\u00e9 individuel de situation proc\u00e8dent de d\u00e9cisions prises par les organismes de s\u00e9curit\u00e9 sociale comp\u00e9tents pour la d\u00e9termination des droits \u00e0 retraite d&#8217;un assur\u00e9 social, ce dernier est recevable \u00e0 contester devant la commission de recours amiable de l&#8217;organisme concern\u00e9 puis devant le juge du contentieux de la s\u00e9curit\u00e9 sociale les mentions ou omissions objets du relev\u00e9&#8221; (Cour d&#8217;appel de Rennes, le 1 octobre 2025, n\u00b023\/01095). Cette solution \u00e9tend le droit au recours aux documents g\u00e9n\u00e9r\u00e9s en ligne, garantissant l\u2019acc\u00e8s effectif au juge.<\/p>\n<p>La qualification d\u2019une omission comme d\u00e9cision implicite de rejet. L\u2019organisme opposait l\u2019absence totale de mention pour certaines ann\u00e9es \u00e0 l\u2019existence d\u2019une d\u00e9cision. La cour op\u00e8re une distinction cruciale entre une absence de donn\u00e9es et une absence de droits. Une omission de droits constitue une d\u00e9cision implicite que l\u2019assur\u00e9 peut contester. Cette analyse pr\u00e9vient toute carence de l\u2019organisme dans la mise \u00e0 jour des comptes. Elle oblige ce dernier \u00e0 une diligence active dans la transcription des droits, sous peine de voir ses silences interpr\u00e9t\u00e9s comme des refus. La port\u00e9e est essentielle pour la s\u00e9curit\u00e9 juridique des assur\u00e9s.<\/p>\n<p>La d\u00e9termination des droits \u00e0 retraite des auto-entrepreneurs<\/p>\n<p>L\u2019application exclusive du d\u00e9cret du 21 mars 1979 pour les points compl\u00e9mentaires. Le litige principal portait sur la m\u00e9thode de calcul des points de retraite compl\u00e9mentaire. L\u2019organisme appliquait ses statuts, pr\u00e9voyant une proportionnalit\u00e9 stricte aux cotisations re\u00e7ues. La cour rappelle le principe d\u2019un r\u00e9gime d\u00e9rogatoire et incitatif pour les auto-entrepreneurs. Elle affirme la primaut\u00e9 du texte r\u00e9glementaire sp\u00e9cifique sur les statuts de la caisse. &#8220;Il r\u00e9sulte des dispositions de l&#8217;article 2 du d\u00e9cret pr\u00e9cit\u00e9, seules applicables \u00e0 la fixation du nombre du points de retraite compl\u00e9mentaire attribu\u00e9s annuellement aux autoentrepreneurs affili\u00e9s \u00e0 la [8], que ce nombre de points proc\u00e8de directement de la classe de cotisation de l&#8217;affili\u00e9, d\u00e9termin\u00e9e en fonction de son revenu d&#8217;activit\u00e9&#8221; (Cour d&#8217;appel de Dijon, le 29 janvier 2026, n\u00b023\/00176). Cette solution assure une \u00e9galit\u00e9 de traitement entre les auto-entrepreneurs et les ind\u00e9pendants classiques.<\/p>\n<p>L\u2019indiff\u00e9rence des relations financi\u00e8res avec l\u2019\u00c9tat pour les droits des assur\u00e9s. L\u2019organisme invoquait la fin de la compensation \u00e9tatique pour justifier un calcul restrictif des points. La cour juge cet \u00e9l\u00e9ment \u00e9tranger \u00e0 la relation entre l\u2019organisme et l\u2019affili\u00e9. Les droits \u00e0 pension se d\u00e9terminent ind\u00e9pendamment des modalit\u00e9s de financement du r\u00e9gime. Cette dissociation prot\u00e8ge les assur\u00e9s des al\u00e9as budg\u00e9taires et des choix politiques. Elle consacre le caract\u00e8re strictement contributif et personnel des droits acquis. La valeur est fondamentale pour la stabilit\u00e9 et la pr\u00e9visibilit\u00e9 des droits \u00e0 la retraite.<\/p>\n<p>La sanction des comportements proc\u00e9duraux abusifs de l\u2019organisme<\/p>\n<p>La r\u00e9paration du pr\u00e9judice moral d\u00e9coulant de la carence de l\u2019organisme. La cour reconna\u00eet que l\u2019erreur persistante dans le calcul des droits cause un pr\u00e9judice moral. Les tracas li\u00e9s aux d\u00e9marches contentieuses doivent \u00eatre r\u00e9par\u00e9s. Cette allocation, m\u00eame symbolique, marque la reconnaissance d\u2019un pr\u00e9judice autonome. Elle sanctionne la faute de l\u2019organisme dans l\u2019ex\u00e9cution de sa mission de service public. La port\u00e9e incitative vise \u00e0 garantir un traitement diligent des dossiers des assur\u00e9s.<\/p>\n<p>La condamnation pour appel abusif en raison de l\u2019inertie juridique. La cour rel\u00e8ve que la jurisprudence de la Cour de cassation \u00e9tait claire et ant\u00e9rieure au jugement. Poursuivre une proc\u00e9dure sans espoir de succ\u00e8s constitue un abus de droit. Cette condamnation vise \u00e0 pr\u00e9venir les recours dilatoires des organismes puissants. Elle prot\u00e8ge le justiciable contre l\u2019\u00e9preuve d\u2019une proc\u00e9dure inutilement longue. La sanction a une forte valeur p\u00e9dagogique et dissuasive pour l\u2019avenir.<\/p>\n<\/div>\n","protected":false},"excerpt":{"rendered":"<p>La Cour d\u2019appel, dans un arr\u00eat du 29 janvier 2026, a \u00e9t\u00e9 saisie d\u2019un litige relatif aux droits \u00e0 retraite d\u2019une travailleuse ind\u00e9pendante. L\u2019assur\u00e9e contesta&#8230;<\/p>\n","protected":false},"author":232070755,"featured_media":4719,"comment_status":"open","ping_status":"open","sticky":false,"template":"","format":"standard","meta":{"_crdt_document":"","_jetpack_newsletter_access":"","_jetpack_dont_email_post_to_subs":false,"_jetpack_newsletter_tier_id":0,"_jetpack_memberships_contains_paywalled_content":false,"_jetpack_memberships_contains_paid_content":false,"footnotes":"","jetpack_post_was_ever_published":false},"categories":[7597],"tags":[],"class_list":["post-655039","post","type-post","status-publish","format-standard","has-post-thumbnail","hentry","category-jurisprudence"],"yoast_head":"<!-- This site is optimized with the Yoast SEO Premium plugin v27.4 (Yoast SEO v27.4) - https:\/\/yoast.com\/product\/yoast-seo-premium-wordpress\/ -->\n<title>Cour d&#039;appel, le 29 janvier 2026, n\u00b023\/01222 - Ma\u00eetre Hassan Kohen, avocat en droit p\u00e9nal \u00e0 Paris<\/title>\n<meta name=\"description\" content=\"La Cour d\u2019appel, dans un arr\u00eat du 29 janvier 2026, a \u00e9t\u00e9 saisie d\u2019un litige relatif aux droits \u00e0 retraite d\u2019une travailleuse ind\u00e9pendante. L\u2019assur\u00e9e contesta...\" \/>\n<meta name=\"robots\" content=\"index, follow, max-snippet:-1, max-image-preview:large, max-video-preview:-1\" \/>\n<link rel=\"canonical\" href=\"https:\/\/kohenavocats.com\/zh-hans\/cour-dappel-le-29-janvier-2026-n23-01222\/\" \/>\n<meta property=\"og:locale\" content=\"zh_CN\" \/>\n<meta property=\"og:type\" content=\"article\" \/>\n<meta property=\"og:title\" content=\"Cour d&#039;appel, le 29 janvier 2026, n\u00b023\/01222\" \/>\n<meta property=\"og:description\" content=\"La Cour d\u2019appel, dans un arr\u00eat du 29 janvier 2026, a \u00e9t\u00e9 saisie d\u2019un litige relatif aux droits \u00e0 retraite d\u2019une travailleuse ind\u00e9pendante. L\u2019assur\u00e9e contesta...\" \/>\n<meta property=\"og:url\" content=\"https:\/\/kohenavocats.com\/zh-hans\/cour-dappel-le-29-janvier-2026-n23-01222\/\" \/>\n<meta property=\"og:site_name\" content=\"Ma\u00eetre Hassan Kohen, avocat en droit p\u00e9nal \u00e0 Paris\" \/>\n<meta property=\"article:published_time\" content=\"2026-04-23T02:26:34+00:00\" \/>\n<meta property=\"og:image\" content=\"https:\/\/kohenavocats.com\/wp-content\/uploads\/2024\/08\/isaiah-b-pwS850MaFYo-unsplash.webp\" \/>\n\t<meta property=\"og:image:width\" content=\"3904\" \/>\n\t<meta property=\"og:image:height\" content=\"2268\" \/>\n\t<meta property=\"og:image:type\" content=\"image\/webp\" \/>\n<meta name=\"author\" content=\"Kohen\" \/>\n<meta name=\"twitter:card\" content=\"summary_large_image\" \/>\n<meta name=\"twitter:label1\" content=\"\u4f5c\u8005\" \/>\n\t<meta name=\"twitter:data1\" content=\"Kohen\" \/>\n\t<meta name=\"twitter:label2\" content=\"\u9884\u8ba1\u9605\u8bfb\u65f6\u95f4\" \/>\n\t<meta name=\"twitter:data2\" content=\"4 \u5206\" \/>\n<script type=\"application\/ld+json\" class=\"yoast-schema-graph\">{\"@context\":\"https:\\\/\\\/schema.org\",\"@graph\":[{\"@type\":\"Article\",\"@id\":\"https:\\\/\\\/kohenavocats.com\\\/zh-hans\\\/cour-dappel-le-29-janvier-2026-n23-01222\\\/#article\",\"isPartOf\":{\"@id\":\"https:\\\/\\\/kohenavocats.com\\\/zh-hans\\\/cour-dappel-le-29-janvier-2026-n23-01222\\\/\"},\"author\":{\"name\":\"Kohen\",\"@id\":\"https:\\\/\\\/kohenavocats.com\\\/zh-hans\\\/#\\\/schema\\\/person\\\/761c9ba54fa1ca84d405cef0831ff751\"},\"headline\":\"Cour d&#8217;appel, le 29 janvier 2026, n\u00b023\\\/01222\",\"datePublished\":\"2026-04-23T02:26:34+00:00\",\"mainEntityOfPage\":{\"@id\":\"https:\\\/\\\/kohenavocats.com\\\/zh-hans\\\/cour-dappel-le-29-janvier-2026-n23-01222\\\/\"},\"wordCount\":855,\"commentCount\":0,\"publisher\":{\"@id\":\"https:\\\/\\\/kohenavocats.com\\\/zh-hans\\\/#organization\"},\"image\":{\"@id\":\"https:\\\/\\\/kohenavocats.com\\\/zh-hans\\\/cour-dappel-le-29-janvier-2026-n23-01222\\\/#primaryimage\"},\"thumbnailUrl\":\"https:\\\/\\\/kohenavocats.com\\\/wp-content\\\/uploads\\\/2024\\\/08\\\/isaiah-b-pwS850MaFYo-unsplash.webp\",\"articleSection\":[\"Jurisprudence\"],\"inLanguage\":\"zh-Hans\",\"potentialAction\":[{\"@type\":\"CommentAction\",\"name\":\"Comment\",\"target\":[\"https:\\\/\\\/kohenavocats.com\\\/zh-hans\\\/cour-dappel-le-29-janvier-2026-n23-01222\\\/#respond\"]}],\"citation\":\"Cour d&#8217;appel, le 29 janvier 2026, n\u00b023\\\/01222\",\"about\":[{\"@type\":\"Thing\",\"name\":\"Jurisprudence\"}],\"dateModified\":\"2026-04-23T02:26:34+00:00\",\"speakable\":{\"@type\":\"SpeakableSpecification\",\"cssSelector\":[\".article-content > p:first-of-type\"]}},{\"@type\":\"WebPage\",\"@id\":\"https:\\\/\\\/kohenavocats.com\\\/zh-hans\\\/cour-dappel-le-29-janvier-2026-n23-01222\\\/\",\"url\":\"https:\\\/\\\/kohenavocats.com\\\/zh-hans\\\/cour-dappel-le-29-janvier-2026-n23-01222\\\/\",\"name\":\"Cour d'appel, le 29 janvier 2026, n\u00b023\\\/01222 - Ma\u00eetre Hassan Kohen, avocat en droit p\u00e9nal \u00e0 Paris\",\"isPartOf\":{\"@id\":\"https:\\\/\\\/kohenavocats.com\\\/zh-hans\\\/#website\"},\"primaryImageOfPage\":{\"@id\":\"https:\\\/\\\/kohenavocats.com\\\/zh-hans\\\/cour-dappel-le-29-janvier-2026-n23-01222\\\/#primaryimage\"},\"image\":{\"@id\":\"https:\\\/\\\/kohenavocats.com\\\/zh-hans\\\/cour-dappel-le-29-janvier-2026-n23-01222\\\/#primaryimage\"},\"thumbnailUrl\":\"https:\\\/\\\/kohenavocats.com\\\/wp-content\\\/uploads\\\/2024\\\/08\\\/isaiah-b-pwS850MaFYo-unsplash.webp\",\"datePublished\":\"2026-04-23T02:26:34+00:00\",\"description\":\"La Cour d\u2019appel, dans un arr\u00eat du 29 janvier 2026, a \u00e9t\u00e9 saisie d\u2019un litige relatif aux droits \u00e0 retraite d\u2019une travailleuse ind\u00e9pendante. L\u2019assur\u00e9e contesta...\",\"breadcrumb\":{\"@id\":\"https:\\\/\\\/kohenavocats.com\\\/zh-hans\\\/cour-dappel-le-29-janvier-2026-n23-01222\\\/#breadcrumb\"},\"inLanguage\":\"zh-Hans\",\"potentialAction\":[{\"@type\":\"ReadAction\",\"target\":[\"https:\\\/\\\/kohenavocats.com\\\/zh-hans\\\/cour-dappel-le-29-janvier-2026-n23-01222\\\/\"]}]},{\"@type\":\"ImageObject\",\"inLanguage\":\"zh-Hans\",\"@id\":\"https:\\\/\\\/kohenavocats.com\\\/zh-hans\\\/cour-dappel-le-29-janvier-2026-n23-01222\\\/#primaryimage\",\"url\":\"https:\\\/\\\/kohenavocats.com\\\/wp-content\\\/uploads\\\/2024\\\/08\\\/isaiah-b-pwS850MaFYo-unsplash.webp\",\"contentUrl\":\"https:\\\/\\\/kohenavocats.com\\\/wp-content\\\/uploads\\\/2024\\\/08\\\/isaiah-b-pwS850MaFYo-unsplash.webp\",\"width\":3904,\"height\":2268},{\"@type\":\"BreadcrumbList\",\"@id\":\"https:\\\/\\\/kohenavocats.com\\\/zh-hans\\\/cour-dappel-le-29-janvier-2026-n23-01222\\\/#breadcrumb\",\"itemListElement\":[{\"@type\":\"ListItem\",\"position\":1,\"name\":\"Home\",\"item\":\"https:\\\/\\\/kohenavocats.com\\\/zh-hans\\\/\"},{\"@type\":\"ListItem\",\"position\":2,\"name\":\"Cour d&rsquo;appel, le 29 janvier 2026, n\u00b023\\\/01222\"}]},{\"@type\":\"WebSite\",\"@id\":\"https:\\\/\\\/kohenavocats.com\\\/zh-hans\\\/#website\",\"url\":\"https:\\\/\\\/kohenavocats.com\\\/zh-hans\\\/\",\"name\":\"Kohen Avocats\",\"description\":\"Ma\u00eetre Hassan Kohen, avocat p\u00e9naliste \u00e0 Paris, intervient exclusivement en droit p\u00e9nal pour la d\u00e9fense des particuliers, notamment en mati\u00e8re d\u2019accusations de viol. Il assure un accompagnement rigoureux d\u00e8s la garde \u00e0 vue jusqu\u2019\u00e0 la Cour d\u2019assises, veillant au strict respect des garanties proc\u00e9durales.\",\"publisher\":{\"@id\":\"https:\\\/\\\/kohenavocats.com\\\/zh-hans\\\/#organization\"},\"potentialAction\":[{\"@type\":\"SearchAction\",\"target\":{\"@type\":\"EntryPoint\",\"urlTemplate\":\"https:\\\/\\\/kohenavocats.com\\\/zh-hans\\\/?s={search_term_string}\"},\"query-input\":{\"@type\":\"PropertyValueSpecification\",\"valueRequired\":true,\"valueName\":\"search_term_string\"}}],\"inLanguage\":\"zh-Hans\"},{\"@type\":\"Organization\",\"@id\":\"https:\\\/\\\/kohenavocats.com\\\/zh-hans\\\/#organization\",\"name\":\"Kohen Avocats\",\"url\":\"https:\\\/\\\/kohenavocats.com\\\/zh-hans\\\/\",\"logo\":{\"@type\":\"ImageObject\",\"inLanguage\":\"zh-Hans\",\"@id\":\"https:\\\/\\\/kohenavocats.com\\\/zh-hans\\\/#\\\/schema\\\/logo\\\/image\\\/\",\"url\":\"https:\\\/\\\/kohenavocats.com\\\/wp-content\\\/uploads\\\/2026\\\/01\\\/Logo-2-1.webp\",\"contentUrl\":\"https:\\\/\\\/kohenavocats.com\\\/wp-content\\\/uploads\\\/2026\\\/01\\\/Logo-2-1.webp\",\"width\":2114,\"height\":1253,\"caption\":\"Kohen Avocats\"},\"image\":{\"@id\":\"https:\\\/\\\/kohenavocats.com\\\/zh-hans\\\/#\\\/schema\\\/logo\\\/image\\\/\"}},{\"@type\":\"Person\",\"@id\":\"https:\\\/\\\/kohenavocats.com\\\/zh-hans\\\/#\\\/schema\\\/person\\\/761c9ba54fa1ca84d405cef0831ff751\",\"name\":\"Kohen\",\"image\":{\"@type\":\"ImageObject\",\"inLanguage\":\"zh-Hans\",\"@id\":\"https:\\\/\\\/secure.gravatar.com\\\/avatar\\\/1c5e76ef76bbbfdd2b4da984e2bf2fa4056fd51a27d25ce2c332047f1dfd6e00?s=96&d=identicon&r=g\",\"url\":\"https:\\\/\\\/secure.gravatar.com\\\/avatar\\\/1c5e76ef76bbbfdd2b4da984e2bf2fa4056fd51a27d25ce2c332047f1dfd6e00?s=96&d=identicon&r=g\",\"contentUrl\":\"https:\\\/\\\/secure.gravatar.com\\\/avatar\\\/1c5e76ef76bbbfdd2b4da984e2bf2fa4056fd51a27d25ce2c332047f1dfd6e00?s=96&d=identicon&r=g\",\"caption\":\"Kohen\"},\"sameAs\":[\"https:\\\/\\\/www.linkedin.com\\\/in\\\/hassan-kohen-448548192\\\/\",\"https:\\\/\\\/www.youtube.com\\\/@Kohen-Avocats\"],\"url\":\"https:\\\/\\\/kohenavocats.com\\\/zh-hans\\\/author\\\/kohenmlk\\\/\"}]}<\/script>\n<!-- \/ Yoast SEO Premium plugin. -->","yoast_head_json":{"title":"Cour d'appel, le 29 janvier 2026, n\u00b023\/01222 - Ma\u00eetre Hassan Kohen, avocat en droit p\u00e9nal \u00e0 Paris","description":"La Cour d\u2019appel, dans un arr\u00eat du 29 janvier 2026, a \u00e9t\u00e9 saisie d\u2019un litige relatif aux droits \u00e0 retraite d\u2019une travailleuse ind\u00e9pendante. L\u2019assur\u00e9e contesta...","robots":{"index":"index","follow":"follow","max-snippet":"max-snippet:-1","max-image-preview":"max-image-preview:large","max-video-preview":"max-video-preview:-1"},"canonical":"https:\/\/kohenavocats.com\/zh-hans\/cour-dappel-le-29-janvier-2026-n23-01222\/","og_locale":"zh_CN","og_type":"article","og_title":"Cour d'appel, le 29 janvier 2026, n\u00b023\/01222","og_description":"La Cour d\u2019appel, dans un arr\u00eat du 29 janvier 2026, a \u00e9t\u00e9 saisie d\u2019un litige relatif aux droits \u00e0 retraite d\u2019une travailleuse ind\u00e9pendante. L\u2019assur\u00e9e contesta...","og_url":"https:\/\/kohenavocats.com\/zh-hans\/cour-dappel-le-29-janvier-2026-n23-01222\/","og_site_name":"Ma\u00eetre Hassan Kohen, avocat en droit p\u00e9nal \u00e0 Paris","article_published_time":"2026-04-23T02:26:34+00:00","og_image":[{"width":3904,"height":2268,"url":"https:\/\/kohenavocats.com\/wp-content\/uploads\/2024\/08\/isaiah-b-pwS850MaFYo-unsplash.webp","type":"image\/webp"}],"author":"Kohen","twitter_card":"summary_large_image","twitter_misc":{"\u4f5c\u8005":"Kohen","\u9884\u8ba1\u9605\u8bfb\u65f6\u95f4":"4 \u5206"},"schema":{"@context":"https:\/\/schema.org","@graph":[{"@type":"Article","@id":"https:\/\/kohenavocats.com\/zh-hans\/cour-dappel-le-29-janvier-2026-n23-01222\/#article","isPartOf":{"@id":"https:\/\/kohenavocats.com\/zh-hans\/cour-dappel-le-29-janvier-2026-n23-01222\/"},"author":{"name":"Kohen","@id":"https:\/\/kohenavocats.com\/zh-hans\/#\/schema\/person\/761c9ba54fa1ca84d405cef0831ff751"},"headline":"Cour d&#8217;appel, le 29 janvier 2026, n\u00b023\/01222","datePublished":"2026-04-23T02:26:34+00:00","mainEntityOfPage":{"@id":"https:\/\/kohenavocats.com\/zh-hans\/cour-dappel-le-29-janvier-2026-n23-01222\/"},"wordCount":855,"commentCount":0,"publisher":{"@id":"https:\/\/kohenavocats.com\/zh-hans\/#organization"},"image":{"@id":"https:\/\/kohenavocats.com\/zh-hans\/cour-dappel-le-29-janvier-2026-n23-01222\/#primaryimage"},"thumbnailUrl":"https:\/\/kohenavocats.com\/wp-content\/uploads\/2024\/08\/isaiah-b-pwS850MaFYo-unsplash.webp","articleSection":["Jurisprudence"],"inLanguage":"zh-Hans","potentialAction":[{"@type":"CommentAction","name":"Comment","target":["https:\/\/kohenavocats.com\/zh-hans\/cour-dappel-le-29-janvier-2026-n23-01222\/#respond"]}],"citation":"Cour d&#8217;appel, le 29 janvier 2026, n\u00b023\/01222","about":[{"@type":"Thing","name":"Jurisprudence"}],"dateModified":"2026-04-23T02:26:34+00:00","speakable":{"@type":"SpeakableSpecification","cssSelector":[".article-content > p:first-of-type"]}},{"@type":"WebPage","@id":"https:\/\/kohenavocats.com\/zh-hans\/cour-dappel-le-29-janvier-2026-n23-01222\/","url":"https:\/\/kohenavocats.com\/zh-hans\/cour-dappel-le-29-janvier-2026-n23-01222\/","name":"Cour d'appel, le 29 janvier 2026, n\u00b023\/01222 - Ma\u00eetre Hassan Kohen, avocat en droit p\u00e9nal \u00e0 Paris","isPartOf":{"@id":"https:\/\/kohenavocats.com\/zh-hans\/#website"},"primaryImageOfPage":{"@id":"https:\/\/kohenavocats.com\/zh-hans\/cour-dappel-le-29-janvier-2026-n23-01222\/#primaryimage"},"image":{"@id":"https:\/\/kohenavocats.com\/zh-hans\/cour-dappel-le-29-janvier-2026-n23-01222\/#primaryimage"},"thumbnailUrl":"https:\/\/kohenavocats.com\/wp-content\/uploads\/2024\/08\/isaiah-b-pwS850MaFYo-unsplash.webp","datePublished":"2026-04-23T02:26:34+00:00","description":"La Cour d\u2019appel, dans un arr\u00eat du 29 janvier 2026, a \u00e9t\u00e9 saisie d\u2019un litige relatif aux droits \u00e0 retraite d\u2019une travailleuse ind\u00e9pendante. L\u2019assur\u00e9e contesta...","breadcrumb":{"@id":"https:\/\/kohenavocats.com\/zh-hans\/cour-dappel-le-29-janvier-2026-n23-01222\/#breadcrumb"},"inLanguage":"zh-Hans","potentialAction":[{"@type":"ReadAction","target":["https:\/\/kohenavocats.com\/zh-hans\/cour-dappel-le-29-janvier-2026-n23-01222\/"]}]},{"@type":"ImageObject","inLanguage":"zh-Hans","@id":"https:\/\/kohenavocats.com\/zh-hans\/cour-dappel-le-29-janvier-2026-n23-01222\/#primaryimage","url":"https:\/\/kohenavocats.com\/wp-content\/uploads\/2024\/08\/isaiah-b-pwS850MaFYo-unsplash.webp","contentUrl":"https:\/\/kohenavocats.com\/wp-content\/uploads\/2024\/08\/isaiah-b-pwS850MaFYo-unsplash.webp","width":3904,"height":2268},{"@type":"BreadcrumbList","@id":"https:\/\/kohenavocats.com\/zh-hans\/cour-dappel-le-29-janvier-2026-n23-01222\/#breadcrumb","itemListElement":[{"@type":"ListItem","position":1,"name":"Home","item":"https:\/\/kohenavocats.com\/zh-hans\/"},{"@type":"ListItem","position":2,"name":"Cour d&rsquo;appel, le 29 janvier 2026, n\u00b023\/01222"}]},{"@type":"WebSite","@id":"https:\/\/kohenavocats.com\/zh-hans\/#website","url":"https:\/\/kohenavocats.com\/zh-hans\/","name":"Kohen Avocats","description":"Ma\u00eetre Hassan Kohen, avocat p\u00e9naliste \u00e0 Paris, intervient exclusivement en droit p\u00e9nal pour la d\u00e9fense des particuliers, notamment en mati\u00e8re d\u2019accusations de viol. Il assure un accompagnement rigoureux d\u00e8s la garde \u00e0 vue jusqu\u2019\u00e0 la Cour d\u2019assises, veillant au strict respect des garanties proc\u00e9durales.","publisher":{"@id":"https:\/\/kohenavocats.com\/zh-hans\/#organization"},"potentialAction":[{"@type":"SearchAction","target":{"@type":"EntryPoint","urlTemplate":"https:\/\/kohenavocats.com\/zh-hans\/?s={search_term_string}"},"query-input":{"@type":"PropertyValueSpecification","valueRequired":true,"valueName":"search_term_string"}}],"inLanguage":"zh-Hans"},{"@type":"Organization","@id":"https:\/\/kohenavocats.com\/zh-hans\/#organization","name":"Kohen Avocats","url":"https:\/\/kohenavocats.com\/zh-hans\/","logo":{"@type":"ImageObject","inLanguage":"zh-Hans","@id":"https:\/\/kohenavocats.com\/zh-hans\/#\/schema\/logo\/image\/","url":"https:\/\/kohenavocats.com\/wp-content\/uploads\/2026\/01\/Logo-2-1.webp","contentUrl":"https:\/\/kohenavocats.com\/wp-content\/uploads\/2026\/01\/Logo-2-1.webp","width":2114,"height":1253,"caption":"Kohen Avocats"},"image":{"@id":"https:\/\/kohenavocats.com\/zh-hans\/#\/schema\/logo\/image\/"}},{"@type":"Person","@id":"https:\/\/kohenavocats.com\/zh-hans\/#\/schema\/person\/761c9ba54fa1ca84d405cef0831ff751","name":"Kohen","image":{"@type":"ImageObject","inLanguage":"zh-Hans","@id":"https:\/\/secure.gravatar.com\/avatar\/1c5e76ef76bbbfdd2b4da984e2bf2fa4056fd51a27d25ce2c332047f1dfd6e00?s=96&d=identicon&r=g","url":"https:\/\/secure.gravatar.com\/avatar\/1c5e76ef76bbbfdd2b4da984e2bf2fa4056fd51a27d25ce2c332047f1dfd6e00?s=96&d=identicon&r=g","contentUrl":"https:\/\/secure.gravatar.com\/avatar\/1c5e76ef76bbbfdd2b4da984e2bf2fa4056fd51a27d25ce2c332047f1dfd6e00?s=96&d=identicon&r=g","caption":"Kohen"},"sameAs":["https:\/\/www.linkedin.com\/in\/hassan-kohen-448548192\/","https:\/\/www.youtube.com\/@Kohen-Avocats"],"url":"https:\/\/kohenavocats.com\/zh-hans\/author\/kohenmlk\/"}]}},"jetpack_featured_media_url":"https:\/\/kohenavocats.com\/wp-content\/uploads\/2024\/08\/isaiah-b-pwS850MaFYo-unsplash.webp","jetpack_likes_enabled":false,"jetpack_shortlink":"https:\/\/wp.me\/peCrII-2Kp9","jetpack-related-posts":[{"id":654720,"url":"https:\/\/kohenavocats.com\/zh-hans\/cour-dappel-le-13-janvier-2026-n23-02153\/","url_meta":{"origin":655039,"position":0},"title":"Cour d&#8217;appel, le 13 janvier 2026, n\u00b023\/02153","author":"Kohen","date":"2026\u5e744\u670823\u65e5","format":false,"excerpt":"La cour d\u2019appel, dans un arr\u00eat du 13 janvier 2026,\u2026","rel":"","context":"\u5728\u201cJurisprudence\u201d\u4e2d","block_context":{"text":"Jurisprudence","link":"https:\/\/kohenavocats.com\/category\/jurisprudence\/"},"img":{"alt_text":"","src":"https:\/\/i0.wp.com\/kohenavocats.com\/wp-content\/uploads\/2024\/08\/viktor-hesse-VYYihHCh2SU-unsplash.webp?resize=350%2C200&ssl=1","width":350,"height":200,"srcset":"https:\/\/i0.wp.com\/kohenavocats.com\/wp-content\/uploads\/2024\/08\/viktor-hesse-VYYihHCh2SU-unsplash.webp?resize=350%2C200&ssl=1 1x, https:\/\/i0.wp.com\/kohenavocats.com\/wp-content\/uploads\/2024\/08\/viktor-hesse-VYYihHCh2SU-unsplash.webp?resize=525%2C300&ssl=1 1.5x, https:\/\/i0.wp.com\/kohenavocats.com\/wp-content\/uploads\/2024\/08\/viktor-hesse-VYYihHCh2SU-unsplash.webp?resize=700%2C400&ssl=1 2x, https:\/\/i0.wp.com\/kohenavocats.com\/wp-content\/uploads\/2024\/08\/viktor-hesse-VYYihHCh2SU-unsplash.webp?resize=1050%2C600&ssl=1 3x, https:\/\/i0.wp.com\/kohenavocats.com\/wp-content\/uploads\/2024\/08\/viktor-hesse-VYYihHCh2SU-unsplash.webp?resize=1400%2C800&ssl=1 4x"},"classes":[]},{"id":655045,"url":"https:\/\/kohenavocats.com\/zh-hans\/cour-dappel-le-20-janvier-2026-n24-01739\/","url_meta":{"origin":655039,"position":1},"title":"Cour d&#8217;appel, le 20 janvier 2026, n\u00b024\/01739","author":"Kohen","date":"2026\u5e744\u670823\u65e5","format":false,"excerpt":"Cour d\u2019appel de Lyon, le 20 janvier 2026, n\u00b022\/086\u2026","rel":"","context":"\u5728\u201cJurisprudence\u201d\u4e2d","block_context":{"text":"Jurisprudence","link":"https:\/\/kohenavocats.com\/category\/jurisprudence\/"},"img":{"alt_text":"","src":"https:\/\/i0.wp.com\/kohenavocats.com\/wp-content\/uploads\/2024\/08\/venus-major-dRu-1z24xCw-unsplash.webp?resize=350%2C200&ssl=1","width":350,"height":200,"srcset":"https:\/\/i0.wp.com\/kohenavocats.com\/wp-content\/uploads\/2024\/08\/venus-major-dRu-1z24xCw-unsplash.webp?resize=350%2C200&ssl=1 1x, https:\/\/i0.wp.com\/kohenavocats.com\/wp-content\/uploads\/2024\/08\/venus-major-dRu-1z24xCw-unsplash.webp?resize=525%2C300&ssl=1 1.5x, https:\/\/i0.wp.com\/kohenavocats.com\/wp-content\/uploads\/2024\/08\/venus-major-dRu-1z24xCw-unsplash.webp?resize=700%2C400&ssl=1 2x, https:\/\/i0.wp.com\/kohenavocats.com\/wp-content\/uploads\/2024\/08\/venus-major-dRu-1z24xCw-unsplash.webp?resize=1050%2C600&ssl=1 3x, https:\/\/i0.wp.com\/kohenavocats.com\/wp-content\/uploads\/2024\/08\/venus-major-dRu-1z24xCw-unsplash.webp?resize=1400%2C800&ssl=1 4x"},"classes":[]},{"id":435960,"url":"https:\/\/kohenavocats.com\/zh-hans\/cour-dappel-de-paris-le-27-fevrier-2026-n22-09653\/","url_meta":{"origin":655039,"position":2},"title":"Cour d&#8217;appel de Paris, le 27 f\u00e9vrier 2026, n\u00b022\/09653","author":"Kohen","date":"2026\u5e743\u670825\u65e5","format":false,"excerpt":"La Cour d\u2019appel de Paris, dans un arr\u00eat du 27 f\u00e9vr\u2026","rel":"","context":"\u5728\u201cCour d'appel\u201d\u4e2d","block_context":{"text":"Cour d'appel","link":"https:\/\/kohenavocats.com\/category\/cour-dappel\/"},"img":{"alt_text":"","src":"https:\/\/i0.wp.com\/kohenavocats.com\/wp-content\/uploads\/2024\/11\/and-machines-9aygGTfubo-unsplash.webp?resize=350%2C200&ssl=1","width":350,"height":200,"srcset":"https:\/\/i0.wp.com\/kohenavocats.com\/wp-content\/uploads\/2024\/11\/and-machines-9aygGTfubo-unsplash.webp?resize=350%2C200&ssl=1 1x, https:\/\/i0.wp.com\/kohenavocats.com\/wp-content\/uploads\/2024\/11\/and-machines-9aygGTfubo-unsplash.webp?resize=525%2C300&ssl=1 1.5x, https:\/\/i0.wp.com\/kohenavocats.com\/wp-content\/uploads\/2024\/11\/and-machines-9aygGTfubo-unsplash.webp?resize=700%2C400&ssl=1 2x, https:\/\/i0.wp.com\/kohenavocats.com\/wp-content\/uploads\/2024\/11\/and-machines-9aygGTfubo-unsplash.webp?resize=1050%2C600&ssl=1 3x, https:\/\/i0.wp.com\/kohenavocats.com\/wp-content\/uploads\/2024\/11\/and-machines-9aygGTfubo-unsplash.webp?resize=1400%2C800&ssl=1 4x"},"classes":[]},{"id":655043,"url":"https:\/\/kohenavocats.com\/zh-hans\/cour-dappel-le-15-janvier-2026-n24-01614\/","url_meta":{"origin":655039,"position":3},"title":"Cour d&#8217;appel, le 15 janvier 2026, n\u00b024\/01614","author":"Kohen","date":"2026\u5e744\u670823\u65e5","format":false,"excerpt":"Cour d\u2019appel de Poitiers, le 15 janvier 2026, n\u00b022\u2026","rel":"","context":"\u5728\u201cJurisprudence\u201d\u4e2d","block_context":{"text":"Jurisprudence","link":"https:\/\/kohenavocats.com\/category\/jurisprudence\/"},"img":{"alt_text":"","src":"https:\/\/i0.wp.com\/kohenavocats.com\/wp-content\/uploads\/2024\/11\/andrej-lisakov-KkjNOCBD6HQ-unsplash.webp?resize=350%2C200&ssl=1","width":350,"height":200,"srcset":"https:\/\/i0.wp.com\/kohenavocats.com\/wp-content\/uploads\/2024\/11\/andrej-lisakov-KkjNOCBD6HQ-unsplash.webp?resize=350%2C200&ssl=1 1x, https:\/\/i0.wp.com\/kohenavocats.com\/wp-content\/uploads\/2024\/11\/andrej-lisakov-KkjNOCBD6HQ-unsplash.webp?resize=525%2C300&ssl=1 1.5x, https:\/\/i0.wp.com\/kohenavocats.com\/wp-content\/uploads\/2024\/11\/andrej-lisakov-KkjNOCBD6HQ-unsplash.webp?resize=700%2C400&ssl=1 2x, https:\/\/i0.wp.com\/kohenavocats.com\/wp-content\/uploads\/2024\/11\/andrej-lisakov-KkjNOCBD6HQ-unsplash.webp?resize=1050%2C600&ssl=1 3x, https:\/\/i0.wp.com\/kohenavocats.com\/wp-content\/uploads\/2024\/11\/andrej-lisakov-KkjNOCBD6HQ-unsplash.webp?resize=1400%2C800&ssl=1 4x"},"classes":[]},{"id":424403,"url":"https:\/\/kohenavocats.com\/zh-hans\/cour-dappel-de-bordeaux-le-29-mars-2012-n11-04338\/","url_meta":{"origin":655039,"position":4},"title":"Cour d&#8217;appel de Bordeaux, le 29 mars 2012, n\u00b011\/04338","author":"Kohen","date":"2026\u5e743\u670823\u65e5","format":false,"excerpt":"La Cour d\u2019appel de Bordeaux, dans un arr\u00eat du 29 m\u2026","rel":"","context":"\u5728\u201cCour d'appel\u201d\u4e2d","block_context":{"text":"Cour d'appel","link":"https:\/\/kohenavocats.com\/category\/cour-dappel\/"},"img":{"alt_text":"","src":"https:\/\/i0.wp.com\/kohenavocats.com\/wp-content\/uploads\/2024\/08\/mathew-schwartz-onOdABjwC0M-unsplash.webp?resize=350%2C200&ssl=1","width":350,"height":200,"srcset":"https:\/\/i0.wp.com\/kohenavocats.com\/wp-content\/uploads\/2024\/08\/mathew-schwartz-onOdABjwC0M-unsplash.webp?resize=350%2C200&ssl=1 1x, https:\/\/i0.wp.com\/kohenavocats.com\/wp-content\/uploads\/2024\/08\/mathew-schwartz-onOdABjwC0M-unsplash.webp?resize=525%2C300&ssl=1 1.5x, https:\/\/i0.wp.com\/kohenavocats.com\/wp-content\/uploads\/2024\/08\/mathew-schwartz-onOdABjwC0M-unsplash.webp?resize=700%2C400&ssl=1 2x, https:\/\/i0.wp.com\/kohenavocats.com\/wp-content\/uploads\/2024\/08\/mathew-schwartz-onOdABjwC0M-unsplash.webp?resize=1050%2C600&ssl=1 3x, https:\/\/i0.wp.com\/kohenavocats.com\/wp-content\/uploads\/2024\/08\/mathew-schwartz-onOdABjwC0M-unsplash.webp?resize=1400%2C800&ssl=1 4x"},"classes":[]},{"id":435320,"url":"https:\/\/kohenavocats.com\/zh-hans\/cour-dappel-de-paris-le-27-fevrier-2026-n23-01784\/","url_meta":{"origin":655039,"position":5},"title":"Cour d&#8217;appel de Paris, le 27 f\u00e9vrier 2026, n\u00b023\/01784","author":"Kohen","date":"2026\u5e743\u670825\u65e5","format":false,"excerpt":"La Cour d\u2019appel de Paris, dans un arr\u00eat du 27 f\u00e9vr\u2026","rel":"","context":"\u5728\u201cCour d'appel\u201d\u4e2d","block_context":{"text":"Cour d'appel","link":"https:\/\/kohenavocats.com\/category\/cour-dappel\/"},"img":{"alt_text":"","src":"https:\/\/i0.wp.com\/kohenavocats.com\/wp-content\/uploads\/2024\/08\/chelms-varthoumlien-m6gbOoP_7GQ-unsplash.webp?resize=350%2C200&ssl=1","width":350,"height":200,"srcset":"https:\/\/i0.wp.com\/kohenavocats.com\/wp-content\/uploads\/2024\/08\/chelms-varthoumlien-m6gbOoP_7GQ-unsplash.webp?resize=350%2C200&ssl=1 1x, https:\/\/i0.wp.com\/kohenavocats.com\/wp-content\/uploads\/2024\/08\/chelms-varthoumlien-m6gbOoP_7GQ-unsplash.webp?resize=525%2C300&ssl=1 1.5x, https:\/\/i0.wp.com\/kohenavocats.com\/wp-content\/uploads\/2024\/08\/chelms-varthoumlien-m6gbOoP_7GQ-unsplash.webp?resize=700%2C400&ssl=1 2x, https:\/\/i0.wp.com\/kohenavocats.com\/wp-content\/uploads\/2024\/08\/chelms-varthoumlien-m6gbOoP_7GQ-unsplash.webp?resize=1050%2C600&ssl=1 3x, https:\/\/i0.wp.com\/kohenavocats.com\/wp-content\/uploads\/2024\/08\/chelms-varthoumlien-m6gbOoP_7GQ-unsplash.webp?resize=1400%2C800&ssl=1 4x"},"classes":[]}],"jetpack_sharing_enabled":true,"_links":{"self":[{"href":"https:\/\/kohenavocats.com\/zh-hans\/wp-json\/wp\/v2\/posts\/655039","targetHints":{"allow":["GET"]}}],"collection":[{"href":"https:\/\/kohenavocats.com\/zh-hans\/wp-json\/wp\/v2\/posts"}],"about":[{"href":"https:\/\/kohenavocats.com\/zh-hans\/wp-json\/wp\/v2\/types\/post"}],"author":[{"embeddable":true,"href":"https:\/\/kohenavocats.com\/zh-hans\/wp-json\/wp\/v2\/users\/232070755"}],"replies":[{"embeddable":true,"href":"https:\/\/kohenavocats.com\/zh-hans\/wp-json\/wp\/v2\/comments?post=655039"}],"version-history":[{"count":0,"href":"https:\/\/kohenavocats.com\/zh-hans\/wp-json\/wp\/v2\/posts\/655039\/revisions"}],"wp:featuredmedia":[{"embeddable":true,"href":"https:\/\/kohenavocats.com\/zh-hans\/wp-json\/wp\/v2\/media\/4719"}],"wp:attachment":[{"href":"https:\/\/kohenavocats.com\/zh-hans\/wp-json\/wp\/v2\/media?parent=655039"}],"wp:term":[{"taxonomy":"category","embeddable":true,"href":"https:\/\/kohenavocats.com\/zh-hans\/wp-json\/wp\/v2\/categories?post=655039"},{"taxonomy":"post_tag","embeddable":true,"href":"https:\/\/kohenavocats.com\/zh-hans\/wp-json\/wp\/v2\/tags?post=655039"}],"curies":[{"name":"wp","href":"https:\/\/api.w.org\/{rel}","templated":true}]}}