{"id":655128,"date":"2026-04-23T04:36:42","date_gmt":"2026-04-23T02:36:42","guid":{"rendered":"https:\/\/kohenavocats.com\/tribunal-judiciaire-de-nantes-le-9-decembre-2025-n25-02075\/"},"modified":"2026-04-23T04:36:42","modified_gmt":"2026-04-23T02:36:42","slug":"tribunal-judiciaire-de-nantes-le-9-decembre-2025-n25-02075","status":"publish","type":"post","link":"https:\/\/kohenavocats.com\/zh-hans\/tribunal-judiciaire-de-nantes-le-9-decembre-2025-n25-02075\/","title":{"rendered":"Tribunal judiciaire de Nantes, le 9 d\u00e9cembre 2025, n\u00b025\/02075"},"content":{"rendered":"<div class=\"article-content\">\n<p>Le tribunal judiciaire de Nantes, statuant comme juge des libert\u00e9s et de la d\u00e9tention, rend une ordonnance le 9 d\u00e9cembre 2025. Une mineure fait l&#8217;objet d&#8217;une mesure d&#8217;hospitalisation compl\u00e8te sans consentement depuis le 28 novembre 2025. Le juge est saisi le 4 d\u00e9cembre pour prolonger cette mesure. Avant l&#8217;audience, le pr\u00e9fet informe le juge de la lev\u00e9e de la mesure par arr\u00eat\u00e9 du 8 d\u00e9cembre. Le juge constate cette lev\u00e9e et d\u00e9clare n&#8217;y avoir lieu \u00e0 statuer sur la demande de prolongation.<\/p>\n<p>La fin anticip\u00e9e de la mesure privative de libert\u00e9<\/p>\n<p>L&#8217;extinction de l&#8217;objet du contr\u00f4le juridictionnel<\/p>\n<p>Le juge constate que l&#8217;administration a retir\u00e9 la mesure contest\u00e9e avant sa d\u00e9cision. Le pr\u00e9fet a d\u00e9cid\u00e9 la lev\u00e9e de l&#8217;hospitalisation sans consentement par arr\u00eat\u00e9. Cette d\u00e9cision administrative met fin au fondement m\u00eame de la saisine du juge. Le contr\u00f4le juridictionnel perd alors son utilit\u00e9 et son objet. La solution pr\u00e9serve l&#8217;\u00e9conomie des proc\u00e9dures et \u00e9vite des d\u00e9cisions inutiles. Elle rappelle que le juge statue sur des situations actuelles et non th\u00e9oriques.<\/p>\n<p>La cons\u00e9cration du principe de loyaut\u00e9 proc\u00e9durale<\/p>\n<p>L&#8217;administration doit informer sans d\u00e9lai le juge de tout fait nouveau. La pr\u00e9fecture a inform\u00e9 le juge de la lev\u00e9e de la mesure avant l&#8217;audience. Cette communication permet au juge de se dessaisir correctement et rapidement. Elle \u00e9vite une contradiction entre une d\u00e9cision de maintien et un retrait effectif. Cette obligation proc\u00e9durale assure la coh\u00e9rence et la s\u00e9curit\u00e9 juridique. Elle garantit le respect des droits de la personne concern\u00e9e par la mesure.<\/p>\n<p>Les effets du dessaisissement sur les voies de recours<\/p>\n<p>La d\u00e9claration d&#8217;absence d&#8217;objet \u00e0 statuer<\/p>\n<p>Le juge ne se prononce pas sur le bien-fond\u00e9 de la mesure initiale. Il constate simplement que la demande est devenue sans objet. &#8220;Il n\u2019y a donc plus lieu \u00e0 statuer sur l\u2019\u00e9ventuelle prolongation de cette mesure&#8221; (Motifs de la d\u00e9cision). Cette solution est conforme \u00e0 une jurisprudence constante en la mati\u00e8re. &#8220;MOTIFS D\u00e8s lors qu&#8217;il a \u00e9t\u00e9 mis fin le 14 janvier 2025 \u00e0 la mesure de soins psychiatriques en hospitalisation compl\u00e8te sans consentement de [U] [C], le recours form\u00e9 par cette derni\u00e8re contre la d\u00e9cision du juge des libert\u00e9s et de la d\u00e9tention de [Localit\u00e9 5] en date du 9 janvier 2025 ordonnant la poursuite de cette mesure devient sans objet&#8221; (Cour d&#8217;appel de appel de Besan\u00e7on, le 15 janvier 2025, n\u00b025\/00003). La d\u00e9cision n&#8217;emporte pas d&#8217;appr\u00e9ciation sur le fond du dossier.<\/p>\n<p>La nature purement d\u00e9clarative de la d\u00e9cision rendue<\/p>\n<p>L&#8217;ordonnance se limite \u00e0 constater un fait : la lev\u00e9e de la mesure. Elle ne comporte aucune injonction ni validation de la proc\u00e9dure ant\u00e9rieure. Cette nature d\u00e9clarative limite les possibilit\u00e9s de recours contre l&#8217;ordonnance elle-m\u00eame. Les \u00e9ventuels griefs devront porter sur la l\u00e9galit\u00e9 de l&#8217;arr\u00eat\u00e9 pr\u00e9fectoral de lev\u00e9e. Le juge des libert\u00e9s et de la d\u00e9tention remplit ici un r\u00f4le de r\u00e9gularit\u00e9 proc\u00e9durale. Sa d\u00e9cision cl\u00f4t le contr\u00f4le juridictionnel sp\u00e9cifique sans pr\u00e9juger d&#8217;autres actions.<\/p>\n<\/div>\n","protected":false},"excerpt":{"rendered":"<p>Le tribunal judiciaire de Nantes, statuant comme juge des libert\u00e9s et de la d\u00e9tention, rend une ordonnance le 9 d\u00e9cembre 2025. Une mineure fait l&#8217;objet d&#8217;une&#8230;<\/p>\n","protected":false},"author":232070755,"featured_media":4813,"comment_status":"open","ping_status":"open","sticky":false,"template":"","format":"standard","meta":{"_crdt_document":"","_jetpack_newsletter_access":"","_jetpack_dont_email_post_to_subs":false,"_jetpack_newsletter_tier_id":0,"_jetpack_memberships_contains_paywalled_content":false,"_kj_source_type":"judilibre","_kj_official_id":"697572d1cdc6046d479dbb5c","_kj_official_url":"https:\/\/www.courdecassation.fr\/decision\/697572d1cdc6046d479dbb5c","_kj_judilibre_id":"697572d1cdc6046d479dbb5c","_kj_jur":"Tribunal judiciaire","_kj_lieu":"Tribunal judiciaire de Nantes","_kj_chambre":"Juge libert\u00e9s & d\u00e9tention","_kj_rg":"25\/02075","_kj_date":"2025-12-09","_jetpack_memberships_contains_paid_content":false,"footnotes":"","jetpack_post_was_ever_published":false},"categories":[7597],"tags":[],"class_list":["post-655128","post","type-post","status-publish","format-standard","has-post-thumbnail","hentry","category-jurisprudence"],"yoast_head":"<!-- This site is optimized with the Yoast SEO Premium plugin v27.5 (Yoast SEO v27.5) - https:\/\/yoast.com\/product\/yoast-seo-premium-wordpress\/ -->\n<title>Tribunal judiciaire de Nantes, le 9 d\u00e9cembre 2025, n\u00b025\/02075 - Ma\u00eetre Hassan Kohen, avocat en droit p\u00e9nal \u00e0 Paris<\/title>\n<meta name=\"description\" content=\"Le tribunal judiciaire de Nantes, statuant comme juge des libert\u00e9s et de la d\u00e9tention, rend une ordonnance le 9 d\u00e9cembre 2025. Une mineure fait l&#039;objet d&#039;une...\" \/>\n<meta name=\"robots\" content=\"index, follow, max-snippet:-1, max-image-preview:large, max-video-preview:-1\" \/>\n<link rel=\"canonical\" href=\"https:\/\/kohenavocats.com\/zh-hans\/tribunal-judiciaire-de-nantes-le-9-decembre-2025-n25-02075\/\" \/>\n<meta property=\"og:locale\" content=\"zh_CN\" \/>\n<meta property=\"og:type\" content=\"article\" \/>\n<meta property=\"og:title\" content=\"Tribunal judiciaire de Nantes, le 9 d\u00e9cembre 2025, n\u00b025\/02075\" \/>\n<meta property=\"og:description\" content=\"Le tribunal judiciaire de Nantes, statuant comme juge des libert\u00e9s et de la d\u00e9tention, rend une ordonnance le 9 d\u00e9cembre 2025. Une mineure fait l&#039;objet d&#039;une...\" \/>\n<meta property=\"og:url\" content=\"https:\/\/kohenavocats.com\/zh-hans\/tribunal-judiciaire-de-nantes-le-9-decembre-2025-n25-02075\/\" \/>\n<meta property=\"og:site_name\" content=\"Ma\u00eetre Hassan Kohen, avocat en droit p\u00e9nal \u00e0 Paris\" \/>\n<meta property=\"article:published_time\" content=\"2026-04-23T02:36:42+00:00\" \/>\n<meta property=\"og:image\" content=\"https:\/\/kohenavocats.com\/wp-content\/uploads\/2024\/08\/yohan-marion-UYA82FGMzFE-unsplash.webp\" \/>\n\t<meta property=\"og:image:width\" content=\"8640\" \/>\n\t<meta property=\"og:image:height\" content=\"5760\" \/>\n\t<meta property=\"og:image:type\" content=\"image\/webp\" \/>\n<meta name=\"author\" content=\"Kohen\" \/>\n<meta name=\"twitter:card\" content=\"summary_large_image\" \/>\n<meta name=\"twitter:label1\" content=\"\u4f5c\u8005\" \/>\n\t<meta name=\"twitter:data1\" content=\"Kohen\" \/>\n\t<meta name=\"twitter:label2\" content=\"\u9884\u8ba1\u9605\u8bfb\u65f6\u95f4\" \/>\n\t<meta name=\"twitter:data2\" content=\"3 \u5206\" \/>\n<script type=\"application\/ld+json\" class=\"yoast-schema-graph\">{\"@context\":\"https:\\\/\\\/schema.org\",\"@graph\":[{\"@type\":\"Article\",\"@id\":\"https:\\\/\\\/kohenavocats.com\\\/zh-hans\\\/tribunal-judiciaire-de-nantes-le-9-decembre-2025-n25-02075\\\/#article\",\"isPartOf\":{\"@id\":\"https:\\\/\\\/kohenavocats.com\\\/zh-hans\\\/tribunal-judiciaire-de-nantes-le-9-decembre-2025-n25-02075\\\/\"},\"author\":{\"name\":\"Kohen\",\"@id\":\"https:\\\/\\\/kohenavocats.com\\\/zh-hans\\\/#\\\/schema\\\/person\\\/761c9ba54fa1ca84d405cef0831ff751\"},\"headline\":\"Tribunal judiciaire de Nantes, le 9 d\u00e9cembre 2025, n\u00b025\\\/02075\",\"datePublished\":\"2026-04-23T02:36:42+00:00\",\"mainEntityOfPage\":{\"@id\":\"https:\\\/\\\/kohenavocats.com\\\/zh-hans\\\/tribunal-judiciaire-de-nantes-le-9-decembre-2025-n25-02075\\\/\"},\"wordCount\":561,\"commentCount\":0,\"publisher\":{\"@id\":\"https:\\\/\\\/kohenavocats.com\\\/zh-hans\\\/#organization\"},\"image\":{\"@id\":\"https:\\\/\\\/kohenavocats.com\\\/zh-hans\\\/tribunal-judiciaire-de-nantes-le-9-decembre-2025-n25-02075\\\/#primaryimage\"},\"thumbnailUrl\":\"https:\\\/\\\/kohenavocats.com\\\/wp-content\\\/uploads\\\/2024\\\/08\\\/yohan-marion-UYA82FGMzFE-unsplash.webp\",\"articleSection\":[\"Jurisprudence\"],\"inLanguage\":\"zh-Hans\",\"potentialAction\":[{\"@type\":\"CommentAction\",\"name\":\"Comment\",\"target\":[\"https:\\\/\\\/kohenavocats.com\\\/zh-hans\\\/tribunal-judiciaire-de-nantes-le-9-decembre-2025-n25-02075\\\/#respond\"]}],\"citation\":\"Tribunal judiciaire de Nantes, le 9 d\u00e9cembre 2025, n\u00b025\\\/02075\",\"about\":[{\"@type\":\"Thing\",\"name\":\"Jurisprudence\"}],\"dateModified\":\"2026-04-23T02:36:42+00:00\",\"speakable\":{\"@type\":\"SpeakableSpecification\",\"cssSelector\":[\".article-content > p:first-of-type\"]}},{\"@type\":\"WebPage\",\"@id\":\"https:\\\/\\\/kohenavocats.com\\\/zh-hans\\\/tribunal-judiciaire-de-nantes-le-9-decembre-2025-n25-02075\\\/\",\"url\":\"https:\\\/\\\/kohenavocats.com\\\/zh-hans\\\/tribunal-judiciaire-de-nantes-le-9-decembre-2025-n25-02075\\\/\",\"name\":\"Tribunal judiciaire de Nantes, le 9 d\u00e9cembre 2025, n\u00b025\\\/02075 - Ma\u00eetre Hassan Kohen, avocat en droit p\u00e9nal \u00e0 Paris\",\"isPartOf\":{\"@id\":\"https:\\\/\\\/kohenavocats.com\\\/zh-hans\\\/#website\"},\"primaryImageOfPage\":{\"@id\":\"https:\\\/\\\/kohenavocats.com\\\/zh-hans\\\/tribunal-judiciaire-de-nantes-le-9-decembre-2025-n25-02075\\\/#primaryimage\"},\"image\":{\"@id\":\"https:\\\/\\\/kohenavocats.com\\\/zh-hans\\\/tribunal-judiciaire-de-nantes-le-9-decembre-2025-n25-02075\\\/#primaryimage\"},\"thumbnailUrl\":\"https:\\\/\\\/kohenavocats.com\\\/wp-content\\\/uploads\\\/2024\\\/08\\\/yohan-marion-UYA82FGMzFE-unsplash.webp\",\"datePublished\":\"2026-04-23T02:36:42+00:00\",\"description\":\"Le tribunal judiciaire de Nantes, statuant comme juge des libert\u00e9s et de la d\u00e9tention, rend une ordonnance le 9 d\u00e9cembre 2025. Une mineure fait l'objet d'une...\",\"breadcrumb\":{\"@id\":\"https:\\\/\\\/kohenavocats.com\\\/zh-hans\\\/tribunal-judiciaire-de-nantes-le-9-decembre-2025-n25-02075\\\/#breadcrumb\"},\"inLanguage\":\"zh-Hans\",\"potentialAction\":[{\"@type\":\"ReadAction\",\"target\":[\"https:\\\/\\\/kohenavocats.com\\\/zh-hans\\\/tribunal-judiciaire-de-nantes-le-9-decembre-2025-n25-02075\\\/\"]}]},{\"@type\":\"ImageObject\",\"inLanguage\":\"zh-Hans\",\"@id\":\"https:\\\/\\\/kohenavocats.com\\\/zh-hans\\\/tribunal-judiciaire-de-nantes-le-9-decembre-2025-n25-02075\\\/#primaryimage\",\"url\":\"https:\\\/\\\/kohenavocats.com\\\/wp-content\\\/uploads\\\/2024\\\/08\\\/yohan-marion-UYA82FGMzFE-unsplash.webp\",\"contentUrl\":\"https:\\\/\\\/kohenavocats.com\\\/wp-content\\\/uploads\\\/2024\\\/08\\\/yohan-marion-UYA82FGMzFE-unsplash.webp\",\"width\":8640,\"height\":5760},{\"@type\":\"BreadcrumbList\",\"@id\":\"https:\\\/\\\/kohenavocats.com\\\/zh-hans\\\/tribunal-judiciaire-de-nantes-le-9-decembre-2025-n25-02075\\\/#breadcrumb\",\"itemListElement\":[{\"@type\":\"ListItem\",\"position\":1,\"name\":\"Home\",\"item\":\"https:\\\/\\\/kohenavocats.com\\\/zh-hans\\\/\"},{\"@type\":\"ListItem\",\"position\":2,\"name\":\"Tribunal judiciaire de Nantes, le 9 d\u00e9cembre 2025, n\u00b025\\\/02075\"}]},{\"@type\":\"WebSite\",\"@id\":\"https:\\\/\\\/kohenavocats.com\\\/zh-hans\\\/#website\",\"url\":\"https:\\\/\\\/kohenavocats.com\\\/zh-hans\\\/\",\"name\":\"Kohen Avocats\",\"description\":\"Ma\u00eetre Hassan Kohen, avocat p\u00e9naliste \u00e0 Paris, intervient exclusivement en droit p\u00e9nal pour la d\u00e9fense des particuliers, notamment en mati\u00e8re d\u2019accusations de viol. Il assure un accompagnement rigoureux d\u00e8s la garde \u00e0 vue jusqu\u2019\u00e0 la Cour d\u2019assises, veillant au strict respect des garanties proc\u00e9durales.\",\"publisher\":{\"@id\":\"https:\\\/\\\/kohenavocats.com\\\/zh-hans\\\/#organization\"},\"potentialAction\":[{\"@type\":\"SearchAction\",\"target\":{\"@type\":\"EntryPoint\",\"urlTemplate\":\"https:\\\/\\\/kohenavocats.com\\\/zh-hans\\\/?s={search_term_string}\"},\"query-input\":{\"@type\":\"PropertyValueSpecification\",\"valueRequired\":true,\"valueName\":\"search_term_string\"}}],\"inLanguage\":\"zh-Hans\"},{\"@type\":\"Organization\",\"@id\":\"https:\\\/\\\/kohenavocats.com\\\/zh-hans\\\/#organization\",\"name\":\"Kohen Avocats\",\"url\":\"https:\\\/\\\/kohenavocats.com\\\/zh-hans\\\/\",\"logo\":{\"@type\":\"ImageObject\",\"inLanguage\":\"zh-Hans\",\"@id\":\"https:\\\/\\\/kohenavocats.com\\\/zh-hans\\\/#\\\/schema\\\/logo\\\/image\\\/\",\"url\":\"https:\\\/\\\/kohenavocats.com\\\/wp-content\\\/uploads\\\/2026\\\/01\\\/Logo-2-1.webp\",\"contentUrl\":\"https:\\\/\\\/kohenavocats.com\\\/wp-content\\\/uploads\\\/2026\\\/01\\\/Logo-2-1.webp\",\"width\":2114,\"height\":1253,\"caption\":\"Kohen Avocats\"},\"image\":{\"@id\":\"https:\\\/\\\/kohenavocats.com\\\/zh-hans\\\/#\\\/schema\\\/logo\\\/image\\\/\"}},{\"@type\":\"Person\",\"@id\":\"https:\\\/\\\/kohenavocats.com\\\/zh-hans\\\/#\\\/schema\\\/person\\\/761c9ba54fa1ca84d405cef0831ff751\",\"name\":\"Kohen\",\"image\":{\"@type\":\"ImageObject\",\"inLanguage\":\"zh-Hans\",\"@id\":\"https:\\\/\\\/secure.gravatar.com\\\/avatar\\\/1c5e76ef76bbbfdd2b4da984e2bf2fa4056fd51a27d25ce2c332047f1dfd6e00?s=96&d=identicon&r=g\",\"url\":\"https:\\\/\\\/secure.gravatar.com\\\/avatar\\\/1c5e76ef76bbbfdd2b4da984e2bf2fa4056fd51a27d25ce2c332047f1dfd6e00?s=96&d=identicon&r=g\",\"contentUrl\":\"https:\\\/\\\/secure.gravatar.com\\\/avatar\\\/1c5e76ef76bbbfdd2b4da984e2bf2fa4056fd51a27d25ce2c332047f1dfd6e00?s=96&d=identicon&r=g\",\"caption\":\"Kohen\"},\"sameAs\":[\"https:\\\/\\\/www.linkedin.com\\\/in\\\/hassan-kohen-448548192\\\/\",\"https:\\\/\\\/www.youtube.com\\\/@Kohen-Avocats\"],\"url\":\"https:\\\/\\\/kohenavocats.com\\\/zh-hans\\\/author\\\/kohenmlk\\\/\"}]}<\/script>\n<!-- \/ Yoast SEO Premium plugin. -->","yoast_head_json":{"title":"Tribunal judiciaire de Nantes, le 9 d\u00e9cembre 2025, n\u00b025\/02075 - Ma\u00eetre Hassan Kohen, avocat en droit p\u00e9nal \u00e0 Paris","description":"Le tribunal judiciaire de Nantes, statuant comme juge des libert\u00e9s et de la d\u00e9tention, rend une ordonnance le 9 d\u00e9cembre 2025. Une mineure fait l'objet d'une...","robots":{"index":"index","follow":"follow","max-snippet":"max-snippet:-1","max-image-preview":"max-image-preview:large","max-video-preview":"max-video-preview:-1"},"canonical":"https:\/\/kohenavocats.com\/zh-hans\/tribunal-judiciaire-de-nantes-le-9-decembre-2025-n25-02075\/","og_locale":"zh_CN","og_type":"article","og_title":"Tribunal judiciaire de Nantes, le 9 d\u00e9cembre 2025, n\u00b025\/02075","og_description":"Le tribunal judiciaire de Nantes, statuant comme juge des libert\u00e9s et de la d\u00e9tention, rend une ordonnance le 9 d\u00e9cembre 2025. Une mineure fait l'objet d'une...","og_url":"https:\/\/kohenavocats.com\/zh-hans\/tribunal-judiciaire-de-nantes-le-9-decembre-2025-n25-02075\/","og_site_name":"Ma\u00eetre Hassan Kohen, avocat en droit p\u00e9nal \u00e0 Paris","article_published_time":"2026-04-23T02:36:42+00:00","og_image":[{"width":8640,"height":5760,"url":"https:\/\/kohenavocats.com\/wp-content\/uploads\/2024\/08\/yohan-marion-UYA82FGMzFE-unsplash.webp","type":"image\/webp"}],"author":"Kohen","twitter_card":"summary_large_image","twitter_misc":{"\u4f5c\u8005":"Kohen","\u9884\u8ba1\u9605\u8bfb\u65f6\u95f4":"3 \u5206"},"schema":{"@context":"https:\/\/schema.org","@graph":[{"@type":"Article","@id":"https:\/\/kohenavocats.com\/zh-hans\/tribunal-judiciaire-de-nantes-le-9-decembre-2025-n25-02075\/#article","isPartOf":{"@id":"https:\/\/kohenavocats.com\/zh-hans\/tribunal-judiciaire-de-nantes-le-9-decembre-2025-n25-02075\/"},"author":{"name":"Kohen","@id":"https:\/\/kohenavocats.com\/zh-hans\/#\/schema\/person\/761c9ba54fa1ca84d405cef0831ff751"},"headline":"Tribunal judiciaire de Nantes, le 9 d\u00e9cembre 2025, n\u00b025\/02075","datePublished":"2026-04-23T02:36:42+00:00","mainEntityOfPage":{"@id":"https:\/\/kohenavocats.com\/zh-hans\/tribunal-judiciaire-de-nantes-le-9-decembre-2025-n25-02075\/"},"wordCount":561,"commentCount":0,"publisher":{"@id":"https:\/\/kohenavocats.com\/zh-hans\/#organization"},"image":{"@id":"https:\/\/kohenavocats.com\/zh-hans\/tribunal-judiciaire-de-nantes-le-9-decembre-2025-n25-02075\/#primaryimage"},"thumbnailUrl":"https:\/\/kohenavocats.com\/wp-content\/uploads\/2024\/08\/yohan-marion-UYA82FGMzFE-unsplash.webp","articleSection":["Jurisprudence"],"inLanguage":"zh-Hans","potentialAction":[{"@type":"CommentAction","name":"Comment","target":["https:\/\/kohenavocats.com\/zh-hans\/tribunal-judiciaire-de-nantes-le-9-decembre-2025-n25-02075\/#respond"]}],"citation":"Tribunal judiciaire de Nantes, le 9 d\u00e9cembre 2025, n\u00b025\/02075","about":[{"@type":"Thing","name":"Jurisprudence"}],"dateModified":"2026-04-23T02:36:42+00:00","speakable":{"@type":"SpeakableSpecification","cssSelector":[".article-content > p:first-of-type"]}},{"@type":"WebPage","@id":"https:\/\/kohenavocats.com\/zh-hans\/tribunal-judiciaire-de-nantes-le-9-decembre-2025-n25-02075\/","url":"https:\/\/kohenavocats.com\/zh-hans\/tribunal-judiciaire-de-nantes-le-9-decembre-2025-n25-02075\/","name":"Tribunal judiciaire de Nantes, le 9 d\u00e9cembre 2025, n\u00b025\/02075 - Ma\u00eetre Hassan Kohen, avocat en droit p\u00e9nal \u00e0 Paris","isPartOf":{"@id":"https:\/\/kohenavocats.com\/zh-hans\/#website"},"primaryImageOfPage":{"@id":"https:\/\/kohenavocats.com\/zh-hans\/tribunal-judiciaire-de-nantes-le-9-decembre-2025-n25-02075\/#primaryimage"},"image":{"@id":"https:\/\/kohenavocats.com\/zh-hans\/tribunal-judiciaire-de-nantes-le-9-decembre-2025-n25-02075\/#primaryimage"},"thumbnailUrl":"https:\/\/kohenavocats.com\/wp-content\/uploads\/2024\/08\/yohan-marion-UYA82FGMzFE-unsplash.webp","datePublished":"2026-04-23T02:36:42+00:00","description":"Le tribunal judiciaire de Nantes, statuant comme juge des libert\u00e9s et de la d\u00e9tention, rend une ordonnance le 9 d\u00e9cembre 2025. Une mineure fait l'objet d'une...","breadcrumb":{"@id":"https:\/\/kohenavocats.com\/zh-hans\/tribunal-judiciaire-de-nantes-le-9-decembre-2025-n25-02075\/#breadcrumb"},"inLanguage":"zh-Hans","potentialAction":[{"@type":"ReadAction","target":["https:\/\/kohenavocats.com\/zh-hans\/tribunal-judiciaire-de-nantes-le-9-decembre-2025-n25-02075\/"]}]},{"@type":"ImageObject","inLanguage":"zh-Hans","@id":"https:\/\/kohenavocats.com\/zh-hans\/tribunal-judiciaire-de-nantes-le-9-decembre-2025-n25-02075\/#primaryimage","url":"https:\/\/kohenavocats.com\/wp-content\/uploads\/2024\/08\/yohan-marion-UYA82FGMzFE-unsplash.webp","contentUrl":"https:\/\/kohenavocats.com\/wp-content\/uploads\/2024\/08\/yohan-marion-UYA82FGMzFE-unsplash.webp","width":8640,"height":5760},{"@type":"BreadcrumbList","@id":"https:\/\/kohenavocats.com\/zh-hans\/tribunal-judiciaire-de-nantes-le-9-decembre-2025-n25-02075\/#breadcrumb","itemListElement":[{"@type":"ListItem","position":1,"name":"Home","item":"https:\/\/kohenavocats.com\/zh-hans\/"},{"@type":"ListItem","position":2,"name":"Tribunal judiciaire de Nantes, le 9 d\u00e9cembre 2025, n\u00b025\/02075"}]},{"@type":"WebSite","@id":"https:\/\/kohenavocats.com\/zh-hans\/#website","url":"https:\/\/kohenavocats.com\/zh-hans\/","name":"Kohen Avocats","description":"Ma\u00eetre Hassan Kohen, avocat p\u00e9naliste \u00e0 Paris, intervient exclusivement en droit p\u00e9nal pour la d\u00e9fense des particuliers, notamment en mati\u00e8re d\u2019accusations de viol. Il assure un accompagnement rigoureux d\u00e8s la garde \u00e0 vue jusqu\u2019\u00e0 la Cour d\u2019assises, veillant au strict respect des garanties proc\u00e9durales.","publisher":{"@id":"https:\/\/kohenavocats.com\/zh-hans\/#organization"},"potentialAction":[{"@type":"SearchAction","target":{"@type":"EntryPoint","urlTemplate":"https:\/\/kohenavocats.com\/zh-hans\/?s={search_term_string}"},"query-input":{"@type":"PropertyValueSpecification","valueRequired":true,"valueName":"search_term_string"}}],"inLanguage":"zh-Hans"},{"@type":"Organization","@id":"https:\/\/kohenavocats.com\/zh-hans\/#organization","name":"Kohen Avocats","url":"https:\/\/kohenavocats.com\/zh-hans\/","logo":{"@type":"ImageObject","inLanguage":"zh-Hans","@id":"https:\/\/kohenavocats.com\/zh-hans\/#\/schema\/logo\/image\/","url":"https:\/\/kohenavocats.com\/wp-content\/uploads\/2026\/01\/Logo-2-1.webp","contentUrl":"https:\/\/kohenavocats.com\/wp-content\/uploads\/2026\/01\/Logo-2-1.webp","width":2114,"height":1253,"caption":"Kohen Avocats"},"image":{"@id":"https:\/\/kohenavocats.com\/zh-hans\/#\/schema\/logo\/image\/"}},{"@type":"Person","@id":"https:\/\/kohenavocats.com\/zh-hans\/#\/schema\/person\/761c9ba54fa1ca84d405cef0831ff751","name":"Kohen","image":{"@type":"ImageObject","inLanguage":"zh-Hans","@id":"https:\/\/secure.gravatar.com\/avatar\/1c5e76ef76bbbfdd2b4da984e2bf2fa4056fd51a27d25ce2c332047f1dfd6e00?s=96&d=identicon&r=g","url":"https:\/\/secure.gravatar.com\/avatar\/1c5e76ef76bbbfdd2b4da984e2bf2fa4056fd51a27d25ce2c332047f1dfd6e00?s=96&d=identicon&r=g","contentUrl":"https:\/\/secure.gravatar.com\/avatar\/1c5e76ef76bbbfdd2b4da984e2bf2fa4056fd51a27d25ce2c332047f1dfd6e00?s=96&d=identicon&r=g","caption":"Kohen"},"sameAs":["https:\/\/www.linkedin.com\/in\/hassan-kohen-448548192\/","https:\/\/www.youtube.com\/@Kohen-Avocats"],"url":"https:\/\/kohenavocats.com\/zh-hans\/author\/kohenmlk\/"}]}},"jetpack_featured_media_url":"https:\/\/kohenavocats.com\/wp-content\/uploads\/2024\/08\/yohan-marion-UYA82FGMzFE-unsplash.webp","jetpack_likes_enabled":false,"jetpack_shortlink":"https:\/\/wp.me\/peCrII-2KqA","jetpack-related-posts":[{"id":448156,"url":"https:\/\/kohenavocats.com\/zh-hans\/tribunal-judiciaire-le-12-aout-2025-n25-01351\/","url_meta":{"origin":655128,"position":0},"title":"Tribunal judiciaire, le 12 ao\u00fbt 2025, n\u00b025\/01351","author":"","date":"2026\u5e744\u67085\u65e5","format":false,"excerpt":"Le Tribunal judiciaire de Nantes, statuant en la f\u2026","rel":"","context":"\u5728\u201cD\u00e9cisions juridiques\u201d\u4e2d","block_context":{"text":"D\u00e9cisions juridiques","link":"https:\/\/kohenavocats.com\/category\/decisions-juridiques\/"},"img":{"alt_text":"","src":"https:\/\/i0.wp.com\/kohenavocats.com\/wp-content\/uploads\/2024\/11\/getty-images-XLYXqcKQm48-unsplash.webp?resize=350%2C200&ssl=1","width":350,"height":200,"srcset":"https:\/\/i0.wp.com\/kohenavocats.com\/wp-content\/uploads\/2024\/11\/getty-images-XLYXqcKQm48-unsplash.webp?resize=350%2C200&ssl=1 1x, https:\/\/i0.wp.com\/kohenavocats.com\/wp-content\/uploads\/2024\/11\/getty-images-XLYXqcKQm48-unsplash.webp?resize=525%2C300&ssl=1 1.5x, https:\/\/i0.wp.com\/kohenavocats.com\/wp-content\/uploads\/2024\/11\/getty-images-XLYXqcKQm48-unsplash.webp?resize=700%2C400&ssl=1 2x, https:\/\/i0.wp.com\/kohenavocats.com\/wp-content\/uploads\/2024\/11\/getty-images-XLYXqcKQm48-unsplash.webp?resize=1050%2C600&ssl=1 3x, https:\/\/i0.wp.com\/kohenavocats.com\/wp-content\/uploads\/2024\/11\/getty-images-XLYXqcKQm48-unsplash.webp?resize=1400%2C800&ssl=1 4x"},"classes":[]},{"id":293415,"url":"https:\/\/kohenavocats.com\/zh-hans\/tribunal-judiciaire-de-nantes-le-4-juillet-2025-n25-01094\/","url_meta":{"origin":655128,"position":1},"title":"Tribunal judiciaire de Nantes, le 4 juillet 2025, n\u00b025\/01094","author":"Kohen","date":"2026\u5e741\u670825\u65e5","format":false,"excerpt":"Le juge des libert\u00e9s et de la d\u00e9tention du Tribuna\u2026","rel":"","context":"\u5728\u201cD\u00e9cisions juridiques\u201d\u4e2d","block_context":{"text":"D\u00e9cisions juridiques","link":"https:\/\/kohenavocats.com\/category\/decisions-juridiques\/"},"img":{"alt_text":"","src":"https:\/\/i0.wp.com\/kohenavocats.com\/wp-content\/uploads\/2024\/08\/rafael-garcin-ZNmyInkVSl4-unsplash.webp?resize=350%2C200&ssl=1","width":350,"height":200,"srcset":"https:\/\/i0.wp.com\/kohenavocats.com\/wp-content\/uploads\/2024\/08\/rafael-garcin-ZNmyInkVSl4-unsplash.webp?resize=350%2C200&ssl=1 1x, https:\/\/i0.wp.com\/kohenavocats.com\/wp-content\/uploads\/2024\/08\/rafael-garcin-ZNmyInkVSl4-unsplash.webp?resize=525%2C300&ssl=1 1.5x, https:\/\/i0.wp.com\/kohenavocats.com\/wp-content\/uploads\/2024\/08\/rafael-garcin-ZNmyInkVSl4-unsplash.webp?resize=700%2C400&ssl=1 2x, https:\/\/i0.wp.com\/kohenavocats.com\/wp-content\/uploads\/2024\/08\/rafael-garcin-ZNmyInkVSl4-unsplash.webp?resize=1050%2C600&ssl=1 3x, https:\/\/i0.wp.com\/kohenavocats.com\/wp-content\/uploads\/2024\/08\/rafael-garcin-ZNmyInkVSl4-unsplash.webp?resize=1400%2C800&ssl=1 4x"},"classes":[]},{"id":291557,"url":"https:\/\/kohenavocats.com\/zh-hans\/tribunal-judiciaire-de-nantes-le-4-juillet-2025-n25-01099\/","url_meta":{"origin":655128,"position":2},"title":"Tribunal judiciaire de Nantes, le 4 juillet 2025, n\u00b025\/01099","author":"Kohen","date":"2026\u5e741\u670821\u65e5","format":false,"excerpt":"La pr\u00e9sente ordisposition du Tribunal judiciaire d\u2026","rel":"","context":"\u5728\u201cD\u00e9cisions juridiques\u201d\u4e2d","block_context":{"text":"D\u00e9cisions juridiques","link":"https:\/\/kohenavocats.com\/category\/decisions-juridiques\/"},"img":{"alt_text":"","src":"https:\/\/i0.wp.com\/kohenavocats.com\/wp-content\/uploads\/2024\/07\/louis-velazquez-XWW746i6WoM-unsplash.webp?resize=350%2C200&ssl=1","width":350,"height":200,"srcset":"https:\/\/i0.wp.com\/kohenavocats.com\/wp-content\/uploads\/2024\/07\/louis-velazquez-XWW746i6WoM-unsplash.webp?resize=350%2C200&ssl=1 1x, https:\/\/i0.wp.com\/kohenavocats.com\/wp-content\/uploads\/2024\/07\/louis-velazquez-XWW746i6WoM-unsplash.webp?resize=525%2C300&ssl=1 1.5x, https:\/\/i0.wp.com\/kohenavocats.com\/wp-content\/uploads\/2024\/07\/louis-velazquez-XWW746i6WoM-unsplash.webp?resize=700%2C400&ssl=1 2x, https:\/\/i0.wp.com\/kohenavocats.com\/wp-content\/uploads\/2024\/07\/louis-velazquez-XWW746i6WoM-unsplash.webp?resize=1050%2C600&ssl=1 3x, https:\/\/i0.wp.com\/kohenavocats.com\/wp-content\/uploads\/2024\/07\/louis-velazquez-XWW746i6WoM-unsplash.webp?resize=1400%2C800&ssl=1 4x"},"classes":[]},{"id":670234,"url":"https:\/\/kohenavocats.com\/zh-hans\/tribunal-judiciaire-de-pontoise-le-19-mars-2026-n25-01576\/","url_meta":{"origin":655128,"position":3},"title":"Tribunal judiciaire de Pontoise, le 19 mars 2026, n\u00b025\/01576","author":"Kohen","date":"2026\u5e744\u670824\u65e5","format":false,"excerpt":"Le tribunal judiciaire de Pontoise, le 19 mars 202\u2026","rel":"","context":"\u5728\u201cJurisprudence\u201d\u4e2d","block_context":{"text":"Jurisprudence","link":"https:\/\/kohenavocats.com\/category\/jurisprudence\/"},"img":{"alt_text":"","src":"https:\/\/i0.wp.com\/kohenavocats.com\/wp-content\/uploads\/2024\/11\/laura-adai-QMJsqsUvCmA-unsplash.webp?resize=350%2C200&ssl=1","width":350,"height":200,"srcset":"https:\/\/i0.wp.com\/kohenavocats.com\/wp-content\/uploads\/2024\/11\/laura-adai-QMJsqsUvCmA-unsplash.webp?resize=350%2C200&ssl=1 1x, https:\/\/i0.wp.com\/kohenavocats.com\/wp-content\/uploads\/2024\/11\/laura-adai-QMJsqsUvCmA-unsplash.webp?resize=525%2C300&ssl=1 1.5x, https:\/\/i0.wp.com\/kohenavocats.com\/wp-content\/uploads\/2024\/11\/laura-adai-QMJsqsUvCmA-unsplash.webp?resize=700%2C400&ssl=1 2x, https:\/\/i0.wp.com\/kohenavocats.com\/wp-content\/uploads\/2024\/11\/laura-adai-QMJsqsUvCmA-unsplash.webp?resize=1050%2C600&ssl=1 3x, https:\/\/i0.wp.com\/kohenavocats.com\/wp-content\/uploads\/2024\/11\/laura-adai-QMJsqsUvCmA-unsplash.webp?resize=1400%2C800&ssl=1 4x"},"classes":[]},{"id":445596,"url":"https:\/\/kohenavocats.com\/zh-hans\/tribunal-judiciaire-le-19-aout-2025-n25-01364\/","url_meta":{"origin":655128,"position":4},"title":"Tribunal judiciaire, le 19 ao\u00fbt 2025, n\u00b025\/01364","author":"","date":"2026\u5e744\u67084\u65e5","format":false,"excerpt":"Le Tribunal judiciaire de Nantes, statuant par ord\u2026","rel":"","context":"\u5728\u201cD\u00e9cisions juridiques\u201d\u4e2d","block_context":{"text":"D\u00e9cisions juridiques","link":"https:\/\/kohenavocats.com\/category\/decisions-juridiques\/"},"img":{"alt_text":"","src":"https:\/\/i0.wp.com\/kohenavocats.com\/wp-content\/uploads\/2024\/11\/alex-shuper-sApmGHWDAWM-unsplash.webp?resize=350%2C200&ssl=1","width":350,"height":200,"srcset":"https:\/\/i0.wp.com\/kohenavocats.com\/wp-content\/uploads\/2024\/11\/alex-shuper-sApmGHWDAWM-unsplash.webp?resize=350%2C200&ssl=1 1x, https:\/\/i0.wp.com\/kohenavocats.com\/wp-content\/uploads\/2024\/11\/alex-shuper-sApmGHWDAWM-unsplash.webp?resize=525%2C300&ssl=1 1.5x, https:\/\/i0.wp.com\/kohenavocats.com\/wp-content\/uploads\/2024\/11\/alex-shuper-sApmGHWDAWM-unsplash.webp?resize=700%2C400&ssl=1 2x, https:\/\/i0.wp.com\/kohenavocats.com\/wp-content\/uploads\/2024\/11\/alex-shuper-sApmGHWDAWM-unsplash.webp?resize=1050%2C600&ssl=1 3x, https:\/\/i0.wp.com\/kohenavocats.com\/wp-content\/uploads\/2024\/11\/alex-shuper-sApmGHWDAWM-unsplash.webp?resize=1400%2C800&ssl=1 4x"},"classes":[]},{"id":473747,"url":"https:\/\/kohenavocats.com\/zh-hans\/tribunal-judiciaire-de-nantes-le-11-decembre-2025-n25-02102\/","url_meta":{"origin":655128,"position":5},"title":"Tribunal judiciaire de Nantes, le 11 d\u00e9cembre 2025, n\u00b025\/02102","author":"Kohen","date":"2026\u5e744\u67087\u65e5","format":false,"excerpt":"Le tribunal judiciaire de Nantes, statuant en r\u00e9f\u00e9\u2026","rel":"","context":"\u5728\u201cJurisprudence\u201d\u4e2d","block_context":{"text":"Jurisprudence","link":"https:\/\/kohenavocats.com\/category\/jurisprudence\/"},"img":{"alt_text":"","src":"https:\/\/i0.wp.com\/kohenavocats.com\/wp-content\/uploads\/2024\/11\/getty-images-2H2Bo1Xmc8I-unsplash.webp?resize=350%2C200&ssl=1","width":350,"height":200,"srcset":"https:\/\/i0.wp.com\/kohenavocats.com\/wp-content\/uploads\/2024\/11\/getty-images-2H2Bo1Xmc8I-unsplash.webp?resize=350%2C200&ssl=1 1x, https:\/\/i0.wp.com\/kohenavocats.com\/wp-content\/uploads\/2024\/11\/getty-images-2H2Bo1Xmc8I-unsplash.webp?resize=525%2C300&ssl=1 1.5x, https:\/\/i0.wp.com\/kohenavocats.com\/wp-content\/uploads\/2024\/11\/getty-images-2H2Bo1Xmc8I-unsplash.webp?resize=700%2C400&ssl=1 2x, https:\/\/i0.wp.com\/kohenavocats.com\/wp-content\/uploads\/2024\/11\/getty-images-2H2Bo1Xmc8I-unsplash.webp?resize=1050%2C600&ssl=1 3x, https:\/\/i0.wp.com\/kohenavocats.com\/wp-content\/uploads\/2024\/11\/getty-images-2H2Bo1Xmc8I-unsplash.webp?resize=1400%2C800&ssl=1 4x"},"classes":[]}],"jetpack_sharing_enabled":true,"_links":{"self":[{"href":"https:\/\/kohenavocats.com\/zh-hans\/wp-json\/wp\/v2\/posts\/655128","targetHints":{"allow":["GET"]}}],"collection":[{"href":"https:\/\/kohenavocats.com\/zh-hans\/wp-json\/wp\/v2\/posts"}],"about":[{"href":"https:\/\/kohenavocats.com\/zh-hans\/wp-json\/wp\/v2\/types\/post"}],"author":[{"embeddable":true,"href":"https:\/\/kohenavocats.com\/zh-hans\/wp-json\/wp\/v2\/users\/232070755"}],"replies":[{"embeddable":true,"href":"https:\/\/kohenavocats.com\/zh-hans\/wp-json\/wp\/v2\/comments?post=655128"}],"version-history":[{"count":0,"href":"https:\/\/kohenavocats.com\/zh-hans\/wp-json\/wp\/v2\/posts\/655128\/revisions"}],"wp:featuredmedia":[{"embeddable":true,"href":"https:\/\/kohenavocats.com\/zh-hans\/wp-json\/wp\/v2\/media\/4813"}],"wp:attachment":[{"href":"https:\/\/kohenavocats.com\/zh-hans\/wp-json\/wp\/v2\/media?parent=655128"}],"wp:term":[{"taxonomy":"category","embeddable":true,"href":"https:\/\/kohenavocats.com\/zh-hans\/wp-json\/wp\/v2\/categories?post=655128"},{"taxonomy":"post_tag","embeddable":true,"href":"https:\/\/kohenavocats.com\/zh-hans\/wp-json\/wp\/v2\/tags?post=655128"}],"curies":[{"name":"wp","href":"https:\/\/api.w.org\/{rel}","templated":true}]}}