{"id":655536,"date":"2026-04-23T05:44:12","date_gmt":"2026-04-23T03:44:12","guid":{"rendered":"https:\/\/kohenavocats.com\/tribunal-judiciaire-de-saint-etienne-le-30-septembre-2025-n25-00512-2\/"},"modified":"2026-04-23T05:44:12","modified_gmt":"2026-04-23T03:44:12","slug":"tribunal-judiciaire-de-saint-etienne-le-30-septembre-2025-n25-00512-2","status":"publish","type":"post","link":"https:\/\/kohenavocats.com\/zh-hans\/tribunal-judiciaire-de-saint-etienne-le-30-septembre-2025-n25-00512-2\/","title":{"rendered":"Tribunal judiciaire de Saint-\u00c9tienne, le 30 septembre 2025, n\u00b025\/00512"},"content":{"rendered":"<div class=\"article-content\">\n<p>Le tribunal judiciaire de Saint-\u00c9tienne, statuant en r\u00e9f\u00e9r\u00e9 le 30 septembre 2025, se prononce sur une demande en expertise fond\u00e9e sur l\u2019article 145 du code de proc\u00e9dure civile. La requ\u00e9rante, propri\u00e9taire d\u2019un local commercial, sollicite une mesure d\u2019instruction afin de constater des d\u00e9sordres li\u00e9s \u00e0 des infiltrations d\u2019eau. Le juge accueille la demande et ordonne une expertise judiciaire apr\u00e8s avoir constat\u00e9 le d\u00e9sistement d\u2019une partie d\u00e9fenderesse initiale.<\/p>\n<p>Les conditions de l\u2019article 145 du code de proc\u00e9dure civile<\/p>\n<p>Le juge des r\u00e9f\u00e9r\u00e9s v\u00e9rifie d\u2019abord l\u2019existence d\u2019un motif l\u00e9gitime justifiant la mesure. Le constat d\u2019huissier d\u00e9crit pr\u00e9cis\u00e9ment plusieurs d\u00e9sordres mat\u00e9riels dans le local. Il rel\u00e8ve &#8220;la pr\u00e9sence d&#8217;une grande flaque d&#8217;eau sur le carrelage&#8221; et &#8220;une grosse t\u00e2che d&#8217;humidit\u00e9 sur la dalle de faux plafond&#8221; (Motifs). Ces \u00e9l\u00e9ments factuels cr\u00e9dibles \u00e9tablissent un litige potentiel sur l\u2019origine et la responsabilit\u00e9 des infiltrations. La mesure est donc utile pour \u00e9claircir des faits dont d\u00e9pendra la solution future d\u2019un conflit. Cette analyse rejoint la d\u00e9finition du motif l\u00e9gitime exig\u00e9 par la jurisprudence, qui suppose &#8220;un fait cr\u00e9dible et plausible, ne relevant pas de la simple hypoth\u00e8se&#8221; (Tribunal judiciaire de Limoges, le 3 octobre 2025, n\u00b025\/00473). L\u2019ordonnance d\u00e9montre ainsi une application rigoureuse des conditions l\u00e9gales, \u00e9vitant toute mesure intrusive ou hypoth\u00e9tique.<\/p>\n<p>La d\u00e9cision pr\u00e9cise ensuite l\u2019objet et l\u2019\u00e9tendue de la mission d\u2019expertise. Le juge ne se limite pas \u00e0 un simple constat mais d\u00e9finit une mission technique compl\u00e8te et circonstanci\u00e9e. L\u2019expert doit &#8220;v\u00e9rifier l&#8217;existence des d\u00e9sordres&#8221;, &#8220;en indiquer la nature et la gravit\u00e9, pr\u00e9ciser leur origine&#8221; et &#8220;d\u00e9crire les travaux n\u00e9cessaires&#8221; (Dispositif). La mission inclut \u00e9galement l\u2019\u00e9valuation des pr\u00e9judices et la possibilit\u00e9 d\u2019autoriser des travaux urgents. Cette d\u00e9finition large et pr\u00e9cise assure l\u2019effectivit\u00e9 de la mesure et son utilit\u00e9 pour un \u00e9ventuel proc\u00e8s au fond. Elle garantit que l\u2019expertise produira tous les \u00e9l\u00e9ments n\u00e9cessaires \u00e0 la r\u00e9solution du litige, r\u00e9pondant \u00e0 l\u2019objectif de l\u2019article 145 qui vise \u00e0 &#8220;conserver ou d&#8217;\u00e9tablir, avant tout proc\u00e8s, la preuve de faits dont pourrait d\u00e9pendre la solution d&#8217;un litige&#8221; (Cass. Deuxi\u00e8me chambre civile, le 10 juin 2021, n\u00b020-11.987).<\/p>\n<p>L\u2019encadrement proc\u00e9dural de la mesure d\u2019instruction<\/p>\n<p>La d\u00e9cision organise minutieusement le d\u00e9roulement de l\u2019expertise pour en garantir la r\u00e9gularit\u00e9. Le juge d\u00e9signe un magistrat charg\u00e9 du contr\u00f4le et impose \u00e0 l\u2019expert un calendrier strict, avec un pr\u00e9-rapport soumis aux observations des parties. Il est pr\u00e9cis\u00e9 que &#8220;l&#8217;expert doit communiquer un pr\u00e9 rapport aux parties en leur impartissant un d\u00e9lai raisonnable&#8221; (Dispositif). Ces modalit\u00e9s assurent le respect du principe de la contradiction et encadrent le pouvoir de l\u2019expert. Elles traduisent la volont\u00e9 du juge de superviser activement la mesure, conform\u00e9ment \u00e0 son r\u00f4le de direction de l\u2019instruction. Cet encadrement prot\u00e8ge les droits des parties et contribue \u00e0 la fiabilit\u00e9 future des conclusions de l\u2019expertise dans une instance au fond.<\/p>\n<p>Enfin, le juge statue sur les aspects financiers et proc\u00e9duraux li\u00e9s \u00e0 la mesure. Il fixe une provision et en charge la requ\u00e9rante, &#8220;qui profite seule de la mesure&#8221; (Motifs). Il la condamne \u00e9galement aux d\u00e9pens et \u00e9carte l\u2019application de l\u2019article 700 du code de proc\u00e9dure civile. Ces d\u00e9cisions s\u2019appuient sur une appr\u00e9ciation souveraine de l\u2019\u00e9quit\u00e9 et de la situation proc\u00e9durale, notamment apr\u00e8s le d\u00e9sistement d\u2019une partie. Le juge use de son pouvoir discr\u00e9tionnaire pour r\u00e9partir les charges financi\u00e8res de l\u2019expertise, en lien avec l\u2019int\u00e9r\u00eat que chaque partie trouve \u00e0 la mesure. Cette gestion pragmatique et \u00e9quilibr\u00e9e des cons\u00e9quences de l\u2019ordonnance compl\u00e8te son dispositif technique.<\/p>\n<\/div>\n","protected":false},"excerpt":{"rendered":"<p>Le tribunal judiciaire de Saint-\u00c9tienne, statuant en r\u00e9f\u00e9r\u00e9 le 30 septembre 2025, se prononce sur une demande en expertise fond\u00e9e sur l\u2019article 145 du code d&#8230;<\/p>\n","protected":false},"author":232070755,"featured_media":4701,"comment_status":"open","ping_status":"open","sticky":false,"template":"","format":"standard","meta":{"_crdt_document":"","_jetpack_newsletter_access":"","_jetpack_dont_email_post_to_subs":false,"_jetpack_newsletter_tier_id":0,"_jetpack_memberships_contains_paywalled_content":false,"_kj_source_type":"judilibre","_kj_official_id":"68dc36fdb3454b98788d7095","_kj_official_url":"https:\/\/www.courdecassation.fr\/decision\/68dc36fdb3454b98788d7095","_kj_judilibre_id":"68dc36fdb3454b98788d7095","_kj_jur":"Tribunal judiciaire","_kj_lieu":"Tribunal judiciaire de Saint-Etienne","_kj_chambre":"Service des r\u00e9f\u00e9r\u00e9s","_kj_rg":"25\/00512","_kj_date":"2025-09-30","_jetpack_memberships_contains_paid_content":false,"footnotes":"","jetpack_post_was_ever_published":false},"categories":[7597],"tags":[],"class_list":["post-655536","post","type-post","status-publish","format-standard","has-post-thumbnail","hentry","category-jurisprudence"],"yoast_head":"<!-- This site is optimized with the Yoast SEO Premium plugin v27.5 (Yoast SEO v27.5) - https:\/\/yoast.com\/product\/yoast-seo-premium-wordpress\/ -->\n<title>Tribunal judiciaire de Saint-\u00c9tienne, le 30 septembre 2025, n\u00b025\/00512 - Ma\u00eetre Hassan Kohen, avocat en droit p\u00e9nal \u00e0 Paris<\/title>\n<meta name=\"description\" content=\"Le tribunal judiciaire de Saint-\u00c9tienne, statuant en r\u00e9f\u00e9r\u00e9 le 30 septembre 2025, se prononce sur une demande en expertise fond\u00e9e sur l\u2019article 145 du code d...\" \/>\n<meta name=\"robots\" content=\"index, follow, max-snippet:-1, max-image-preview:large, max-video-preview:-1\" \/>\n<link rel=\"canonical\" href=\"https:\/\/kohenavocats.com\/zh-hans\/tribunal-judiciaire-de-saint-etienne-le-30-septembre-2025-n25-00512-2\/\" \/>\n<meta property=\"og:locale\" content=\"zh_CN\" \/>\n<meta property=\"og:type\" content=\"article\" \/>\n<meta property=\"og:title\" content=\"Tribunal judiciaire de Saint-\u00c9tienne, le 30 septembre 2025, n\u00b025\/00512\" \/>\n<meta property=\"og:description\" content=\"Le tribunal judiciaire de Saint-\u00c9tienne, statuant en r\u00e9f\u00e9r\u00e9 le 30 septembre 2025, se prononce sur une demande en expertise fond\u00e9e sur l\u2019article 145 du code d...\" \/>\n<meta property=\"og:url\" content=\"https:\/\/kohenavocats.com\/zh-hans\/tribunal-judiciaire-de-saint-etienne-le-30-septembre-2025-n25-00512-2\/\" \/>\n<meta property=\"og:site_name\" content=\"Ma\u00eetre Hassan Kohen, avocat en droit p\u00e9nal \u00e0 Paris\" \/>\n<meta property=\"article:published_time\" content=\"2026-04-23T03:44:12+00:00\" \/>\n<meta property=\"og:image\" content=\"https:\/\/kohenavocats.com\/wp-content\/uploads\/2024\/08\/pierre-chatel-innocenti-5ASZ_qxS9dQ-unsplash.webp\" \/>\n\t<meta property=\"og:image:width\" content=\"5582\" \/>\n\t<meta property=\"og:image:height\" content=\"3721\" \/>\n\t<meta property=\"og:image:type\" content=\"image\/webp\" \/>\n<meta name=\"author\" content=\"Kohen\" \/>\n<meta name=\"twitter:card\" content=\"summary_large_image\" \/>\n<meta name=\"twitter:label1\" content=\"\u4f5c\u8005\" \/>\n\t<meta name=\"twitter:data1\" content=\"Kohen\" \/>\n\t<meta name=\"twitter:label2\" content=\"\u9884\u8ba1\u9605\u8bfb\u65f6\u95f4\" \/>\n\t<meta name=\"twitter:data2\" content=\"3 \u5206\" \/>\n<script type=\"application\/ld+json\" class=\"yoast-schema-graph\">{\"@context\":\"https:\\\/\\\/schema.org\",\"@graph\":[{\"@type\":\"Article\",\"@id\":\"https:\\\/\\\/kohenavocats.com\\\/zh-hans\\\/tribunal-judiciaire-de-saint-etienne-le-30-septembre-2025-n25-00512-2\\\/#article\",\"isPartOf\":{\"@id\":\"https:\\\/\\\/kohenavocats.com\\\/zh-hans\\\/tribunal-judiciaire-de-saint-etienne-le-30-septembre-2025-n25-00512-2\\\/\"},\"author\":{\"name\":\"Kohen\",\"@id\":\"https:\\\/\\\/kohenavocats.com\\\/zh-hans\\\/#\\\/schema\\\/person\\\/761c9ba54fa1ca84d405cef0831ff751\"},\"headline\":\"Tribunal judiciaire de Saint-\u00c9tienne, le 30 septembre 2025, n\u00b025\\\/00512\",\"datePublished\":\"2026-04-23T03:44:12+00:00\",\"mainEntityOfPage\":{\"@id\":\"https:\\\/\\\/kohenavocats.com\\\/zh-hans\\\/tribunal-judiciaire-de-saint-etienne-le-30-septembre-2025-n25-00512-2\\\/\"},\"wordCount\":683,\"commentCount\":0,\"publisher\":{\"@id\":\"https:\\\/\\\/kohenavocats.com\\\/zh-hans\\\/#organization\"},\"image\":{\"@id\":\"https:\\\/\\\/kohenavocats.com\\\/zh-hans\\\/tribunal-judiciaire-de-saint-etienne-le-30-septembre-2025-n25-00512-2\\\/#primaryimage\"},\"thumbnailUrl\":\"https:\\\/\\\/kohenavocats.com\\\/wp-content\\\/uploads\\\/2024\\\/08\\\/pierre-chatel-innocenti-5ASZ_qxS9dQ-unsplash.webp\",\"articleSection\":[\"Jurisprudence\"],\"inLanguage\":\"zh-Hans\",\"potentialAction\":[{\"@type\":\"CommentAction\",\"name\":\"Comment\",\"target\":[\"https:\\\/\\\/kohenavocats.com\\\/zh-hans\\\/tribunal-judiciaire-de-saint-etienne-le-30-septembre-2025-n25-00512-2\\\/#respond\"]}],\"citation\":\"Tribunal judiciaire de Saint-\u00c9tienne, le 30 septembre 2025, n\u00b025\\\/00512\",\"about\":[{\"@type\":\"Thing\",\"name\":\"Jurisprudence\"}],\"dateModified\":\"2026-04-23T03:44:12+00:00\",\"speakable\":{\"@type\":\"SpeakableSpecification\",\"cssSelector\":[\".article-content > p:first-of-type\"]}},{\"@type\":\"WebPage\",\"@id\":\"https:\\\/\\\/kohenavocats.com\\\/zh-hans\\\/tribunal-judiciaire-de-saint-etienne-le-30-septembre-2025-n25-00512-2\\\/\",\"url\":\"https:\\\/\\\/kohenavocats.com\\\/zh-hans\\\/tribunal-judiciaire-de-saint-etienne-le-30-septembre-2025-n25-00512-2\\\/\",\"name\":\"Tribunal judiciaire de Saint-\u00c9tienne, le 30 septembre 2025, n\u00b025\\\/00512 - Ma\u00eetre Hassan Kohen, avocat en droit p\u00e9nal \u00e0 Paris\",\"isPartOf\":{\"@id\":\"https:\\\/\\\/kohenavocats.com\\\/zh-hans\\\/#website\"},\"primaryImageOfPage\":{\"@id\":\"https:\\\/\\\/kohenavocats.com\\\/zh-hans\\\/tribunal-judiciaire-de-saint-etienne-le-30-septembre-2025-n25-00512-2\\\/#primaryimage\"},\"image\":{\"@id\":\"https:\\\/\\\/kohenavocats.com\\\/zh-hans\\\/tribunal-judiciaire-de-saint-etienne-le-30-septembre-2025-n25-00512-2\\\/#primaryimage\"},\"thumbnailUrl\":\"https:\\\/\\\/kohenavocats.com\\\/wp-content\\\/uploads\\\/2024\\\/08\\\/pierre-chatel-innocenti-5ASZ_qxS9dQ-unsplash.webp\",\"datePublished\":\"2026-04-23T03:44:12+00:00\",\"description\":\"Le tribunal judiciaire de Saint-\u00c9tienne, statuant en r\u00e9f\u00e9r\u00e9 le 30 septembre 2025, se prononce sur une demande en expertise fond\u00e9e sur l\u2019article 145 du code d...\",\"breadcrumb\":{\"@id\":\"https:\\\/\\\/kohenavocats.com\\\/zh-hans\\\/tribunal-judiciaire-de-saint-etienne-le-30-septembre-2025-n25-00512-2\\\/#breadcrumb\"},\"inLanguage\":\"zh-Hans\",\"potentialAction\":[{\"@type\":\"ReadAction\",\"target\":[\"https:\\\/\\\/kohenavocats.com\\\/zh-hans\\\/tribunal-judiciaire-de-saint-etienne-le-30-septembre-2025-n25-00512-2\\\/\"]}]},{\"@type\":\"ImageObject\",\"inLanguage\":\"zh-Hans\",\"@id\":\"https:\\\/\\\/kohenavocats.com\\\/zh-hans\\\/tribunal-judiciaire-de-saint-etienne-le-30-septembre-2025-n25-00512-2\\\/#primaryimage\",\"url\":\"https:\\\/\\\/kohenavocats.com\\\/wp-content\\\/uploads\\\/2024\\\/08\\\/pierre-chatel-innocenti-5ASZ_qxS9dQ-unsplash.webp\",\"contentUrl\":\"https:\\\/\\\/kohenavocats.com\\\/wp-content\\\/uploads\\\/2024\\\/08\\\/pierre-chatel-innocenti-5ASZ_qxS9dQ-unsplash.webp\",\"width\":5582,\"height\":3721},{\"@type\":\"BreadcrumbList\",\"@id\":\"https:\\\/\\\/kohenavocats.com\\\/zh-hans\\\/tribunal-judiciaire-de-saint-etienne-le-30-septembre-2025-n25-00512-2\\\/#breadcrumb\",\"itemListElement\":[{\"@type\":\"ListItem\",\"position\":1,\"name\":\"Home\",\"item\":\"https:\\\/\\\/kohenavocats.com\\\/zh-hans\\\/\"},{\"@type\":\"ListItem\",\"position\":2,\"name\":\"Tribunal judiciaire de Saint-\u00c9tienne, le 30 septembre 2025, n\u00b025\\\/00512\"}]},{\"@type\":\"WebSite\",\"@id\":\"https:\\\/\\\/kohenavocats.com\\\/zh-hans\\\/#website\",\"url\":\"https:\\\/\\\/kohenavocats.com\\\/zh-hans\\\/\",\"name\":\"Kohen Avocats\",\"description\":\"Ma\u00eetre Hassan Kohen, avocat p\u00e9naliste \u00e0 Paris, intervient exclusivement en droit p\u00e9nal pour la d\u00e9fense des particuliers, notamment en mati\u00e8re d\u2019accusations de viol. Il assure un accompagnement rigoureux d\u00e8s la garde \u00e0 vue jusqu\u2019\u00e0 la Cour d\u2019assises, veillant au strict respect des garanties proc\u00e9durales.\",\"publisher\":{\"@id\":\"https:\\\/\\\/kohenavocats.com\\\/zh-hans\\\/#organization\"},\"potentialAction\":[{\"@type\":\"SearchAction\",\"target\":{\"@type\":\"EntryPoint\",\"urlTemplate\":\"https:\\\/\\\/kohenavocats.com\\\/zh-hans\\\/?s={search_term_string}\"},\"query-input\":{\"@type\":\"PropertyValueSpecification\",\"valueRequired\":true,\"valueName\":\"search_term_string\"}}],\"inLanguage\":\"zh-Hans\"},{\"@type\":\"Organization\",\"@id\":\"https:\\\/\\\/kohenavocats.com\\\/zh-hans\\\/#organization\",\"name\":\"Kohen Avocats\",\"url\":\"https:\\\/\\\/kohenavocats.com\\\/zh-hans\\\/\",\"logo\":{\"@type\":\"ImageObject\",\"inLanguage\":\"zh-Hans\",\"@id\":\"https:\\\/\\\/kohenavocats.com\\\/zh-hans\\\/#\\\/schema\\\/logo\\\/image\\\/\",\"url\":\"https:\\\/\\\/kohenavocats.com\\\/wp-content\\\/uploads\\\/2026\\\/01\\\/Logo-2-1.webp\",\"contentUrl\":\"https:\\\/\\\/kohenavocats.com\\\/wp-content\\\/uploads\\\/2026\\\/01\\\/Logo-2-1.webp\",\"width\":2114,\"height\":1253,\"caption\":\"Kohen Avocats\"},\"image\":{\"@id\":\"https:\\\/\\\/kohenavocats.com\\\/zh-hans\\\/#\\\/schema\\\/logo\\\/image\\\/\"}},{\"@type\":\"Person\",\"@id\":\"https:\\\/\\\/kohenavocats.com\\\/zh-hans\\\/#\\\/schema\\\/person\\\/761c9ba54fa1ca84d405cef0831ff751\",\"name\":\"Kohen\",\"image\":{\"@type\":\"ImageObject\",\"inLanguage\":\"zh-Hans\",\"@id\":\"https:\\\/\\\/secure.gravatar.com\\\/avatar\\\/1c5e76ef76bbbfdd2b4da984e2bf2fa4056fd51a27d25ce2c332047f1dfd6e00?s=96&d=identicon&r=g\",\"url\":\"https:\\\/\\\/secure.gravatar.com\\\/avatar\\\/1c5e76ef76bbbfdd2b4da984e2bf2fa4056fd51a27d25ce2c332047f1dfd6e00?s=96&d=identicon&r=g\",\"contentUrl\":\"https:\\\/\\\/secure.gravatar.com\\\/avatar\\\/1c5e76ef76bbbfdd2b4da984e2bf2fa4056fd51a27d25ce2c332047f1dfd6e00?s=96&d=identicon&r=g\",\"caption\":\"Kohen\"},\"sameAs\":[\"https:\\\/\\\/www.linkedin.com\\\/in\\\/hassan-kohen-448548192\\\/\",\"https:\\\/\\\/www.youtube.com\\\/@Kohen-Avocats\"],\"url\":\"https:\\\/\\\/kohenavocats.com\\\/zh-hans\\\/author\\\/kohenmlk\\\/\"}]}<\/script>\n<!-- \/ Yoast SEO Premium plugin. -->","yoast_head_json":{"title":"Tribunal judiciaire de Saint-\u00c9tienne, le 30 septembre 2025, n\u00b025\/00512 - Ma\u00eetre Hassan Kohen, avocat en droit p\u00e9nal \u00e0 Paris","description":"Le tribunal judiciaire de Saint-\u00c9tienne, statuant en r\u00e9f\u00e9r\u00e9 le 30 septembre 2025, se prononce sur une demande en expertise fond\u00e9e sur l\u2019article 145 du code d...","robots":{"index":"index","follow":"follow","max-snippet":"max-snippet:-1","max-image-preview":"max-image-preview:large","max-video-preview":"max-video-preview:-1"},"canonical":"https:\/\/kohenavocats.com\/zh-hans\/tribunal-judiciaire-de-saint-etienne-le-30-septembre-2025-n25-00512-2\/","og_locale":"zh_CN","og_type":"article","og_title":"Tribunal judiciaire de Saint-\u00c9tienne, le 30 septembre 2025, n\u00b025\/00512","og_description":"Le tribunal judiciaire de Saint-\u00c9tienne, statuant en r\u00e9f\u00e9r\u00e9 le 30 septembre 2025, se prononce sur une demande en expertise fond\u00e9e sur l\u2019article 145 du code d...","og_url":"https:\/\/kohenavocats.com\/zh-hans\/tribunal-judiciaire-de-saint-etienne-le-30-septembre-2025-n25-00512-2\/","og_site_name":"Ma\u00eetre Hassan Kohen, avocat en droit p\u00e9nal \u00e0 Paris","article_published_time":"2026-04-23T03:44:12+00:00","og_image":[{"width":5582,"height":3721,"url":"https:\/\/kohenavocats.com\/wp-content\/uploads\/2024\/08\/pierre-chatel-innocenti-5ASZ_qxS9dQ-unsplash.webp","type":"image\/webp"}],"author":"Kohen","twitter_card":"summary_large_image","twitter_misc":{"\u4f5c\u8005":"Kohen","\u9884\u8ba1\u9605\u8bfb\u65f6\u95f4":"3 \u5206"},"schema":{"@context":"https:\/\/schema.org","@graph":[{"@type":"Article","@id":"https:\/\/kohenavocats.com\/zh-hans\/tribunal-judiciaire-de-saint-etienne-le-30-septembre-2025-n25-00512-2\/#article","isPartOf":{"@id":"https:\/\/kohenavocats.com\/zh-hans\/tribunal-judiciaire-de-saint-etienne-le-30-septembre-2025-n25-00512-2\/"},"author":{"name":"Kohen","@id":"https:\/\/kohenavocats.com\/zh-hans\/#\/schema\/person\/761c9ba54fa1ca84d405cef0831ff751"},"headline":"Tribunal judiciaire de Saint-\u00c9tienne, le 30 septembre 2025, n\u00b025\/00512","datePublished":"2026-04-23T03:44:12+00:00","mainEntityOfPage":{"@id":"https:\/\/kohenavocats.com\/zh-hans\/tribunal-judiciaire-de-saint-etienne-le-30-septembre-2025-n25-00512-2\/"},"wordCount":683,"commentCount":0,"publisher":{"@id":"https:\/\/kohenavocats.com\/zh-hans\/#organization"},"image":{"@id":"https:\/\/kohenavocats.com\/zh-hans\/tribunal-judiciaire-de-saint-etienne-le-30-septembre-2025-n25-00512-2\/#primaryimage"},"thumbnailUrl":"https:\/\/kohenavocats.com\/wp-content\/uploads\/2024\/08\/pierre-chatel-innocenti-5ASZ_qxS9dQ-unsplash.webp","articleSection":["Jurisprudence"],"inLanguage":"zh-Hans","potentialAction":[{"@type":"CommentAction","name":"Comment","target":["https:\/\/kohenavocats.com\/zh-hans\/tribunal-judiciaire-de-saint-etienne-le-30-septembre-2025-n25-00512-2\/#respond"]}],"citation":"Tribunal judiciaire de Saint-\u00c9tienne, le 30 septembre 2025, n\u00b025\/00512","about":[{"@type":"Thing","name":"Jurisprudence"}],"dateModified":"2026-04-23T03:44:12+00:00","speakable":{"@type":"SpeakableSpecification","cssSelector":[".article-content > p:first-of-type"]}},{"@type":"WebPage","@id":"https:\/\/kohenavocats.com\/zh-hans\/tribunal-judiciaire-de-saint-etienne-le-30-septembre-2025-n25-00512-2\/","url":"https:\/\/kohenavocats.com\/zh-hans\/tribunal-judiciaire-de-saint-etienne-le-30-septembre-2025-n25-00512-2\/","name":"Tribunal judiciaire de Saint-\u00c9tienne, le 30 septembre 2025, n\u00b025\/00512 - Ma\u00eetre Hassan Kohen, avocat en droit p\u00e9nal \u00e0 Paris","isPartOf":{"@id":"https:\/\/kohenavocats.com\/zh-hans\/#website"},"primaryImageOfPage":{"@id":"https:\/\/kohenavocats.com\/zh-hans\/tribunal-judiciaire-de-saint-etienne-le-30-septembre-2025-n25-00512-2\/#primaryimage"},"image":{"@id":"https:\/\/kohenavocats.com\/zh-hans\/tribunal-judiciaire-de-saint-etienne-le-30-septembre-2025-n25-00512-2\/#primaryimage"},"thumbnailUrl":"https:\/\/kohenavocats.com\/wp-content\/uploads\/2024\/08\/pierre-chatel-innocenti-5ASZ_qxS9dQ-unsplash.webp","datePublished":"2026-04-23T03:44:12+00:00","description":"Le tribunal judiciaire de Saint-\u00c9tienne, statuant en r\u00e9f\u00e9r\u00e9 le 30 septembre 2025, se prononce sur une demande en expertise fond\u00e9e sur l\u2019article 145 du code d...","breadcrumb":{"@id":"https:\/\/kohenavocats.com\/zh-hans\/tribunal-judiciaire-de-saint-etienne-le-30-septembre-2025-n25-00512-2\/#breadcrumb"},"inLanguage":"zh-Hans","potentialAction":[{"@type":"ReadAction","target":["https:\/\/kohenavocats.com\/zh-hans\/tribunal-judiciaire-de-saint-etienne-le-30-septembre-2025-n25-00512-2\/"]}]},{"@type":"ImageObject","inLanguage":"zh-Hans","@id":"https:\/\/kohenavocats.com\/zh-hans\/tribunal-judiciaire-de-saint-etienne-le-30-septembre-2025-n25-00512-2\/#primaryimage","url":"https:\/\/kohenavocats.com\/wp-content\/uploads\/2024\/08\/pierre-chatel-innocenti-5ASZ_qxS9dQ-unsplash.webp","contentUrl":"https:\/\/kohenavocats.com\/wp-content\/uploads\/2024\/08\/pierre-chatel-innocenti-5ASZ_qxS9dQ-unsplash.webp","width":5582,"height":3721},{"@type":"BreadcrumbList","@id":"https:\/\/kohenavocats.com\/zh-hans\/tribunal-judiciaire-de-saint-etienne-le-30-septembre-2025-n25-00512-2\/#breadcrumb","itemListElement":[{"@type":"ListItem","position":1,"name":"Home","item":"https:\/\/kohenavocats.com\/zh-hans\/"},{"@type":"ListItem","position":2,"name":"Tribunal judiciaire de Saint-\u00c9tienne, le 30 septembre 2025, n\u00b025\/00512"}]},{"@type":"WebSite","@id":"https:\/\/kohenavocats.com\/zh-hans\/#website","url":"https:\/\/kohenavocats.com\/zh-hans\/","name":"Kohen Avocats","description":"Ma\u00eetre Hassan Kohen, avocat p\u00e9naliste \u00e0 Paris, intervient exclusivement en droit p\u00e9nal pour la d\u00e9fense des particuliers, notamment en mati\u00e8re d\u2019accusations de viol. Il assure un accompagnement rigoureux d\u00e8s la garde \u00e0 vue jusqu\u2019\u00e0 la Cour d\u2019assises, veillant au strict respect des garanties proc\u00e9durales.","publisher":{"@id":"https:\/\/kohenavocats.com\/zh-hans\/#organization"},"potentialAction":[{"@type":"SearchAction","target":{"@type":"EntryPoint","urlTemplate":"https:\/\/kohenavocats.com\/zh-hans\/?s={search_term_string}"},"query-input":{"@type":"PropertyValueSpecification","valueRequired":true,"valueName":"search_term_string"}}],"inLanguage":"zh-Hans"},{"@type":"Organization","@id":"https:\/\/kohenavocats.com\/zh-hans\/#organization","name":"Kohen Avocats","url":"https:\/\/kohenavocats.com\/zh-hans\/","logo":{"@type":"ImageObject","inLanguage":"zh-Hans","@id":"https:\/\/kohenavocats.com\/zh-hans\/#\/schema\/logo\/image\/","url":"https:\/\/kohenavocats.com\/wp-content\/uploads\/2026\/01\/Logo-2-1.webp","contentUrl":"https:\/\/kohenavocats.com\/wp-content\/uploads\/2026\/01\/Logo-2-1.webp","width":2114,"height":1253,"caption":"Kohen Avocats"},"image":{"@id":"https:\/\/kohenavocats.com\/zh-hans\/#\/schema\/logo\/image\/"}},{"@type":"Person","@id":"https:\/\/kohenavocats.com\/zh-hans\/#\/schema\/person\/761c9ba54fa1ca84d405cef0831ff751","name":"Kohen","image":{"@type":"ImageObject","inLanguage":"zh-Hans","@id":"https:\/\/secure.gravatar.com\/avatar\/1c5e76ef76bbbfdd2b4da984e2bf2fa4056fd51a27d25ce2c332047f1dfd6e00?s=96&d=identicon&r=g","url":"https:\/\/secure.gravatar.com\/avatar\/1c5e76ef76bbbfdd2b4da984e2bf2fa4056fd51a27d25ce2c332047f1dfd6e00?s=96&d=identicon&r=g","contentUrl":"https:\/\/secure.gravatar.com\/avatar\/1c5e76ef76bbbfdd2b4da984e2bf2fa4056fd51a27d25ce2c332047f1dfd6e00?s=96&d=identicon&r=g","caption":"Kohen"},"sameAs":["https:\/\/www.linkedin.com\/in\/hassan-kohen-448548192\/","https:\/\/www.youtube.com\/@Kohen-Avocats"],"url":"https:\/\/kohenavocats.com\/zh-hans\/author\/kohenmlk\/"}]}},"jetpack_featured_media_url":"https:\/\/kohenavocats.com\/wp-content\/uploads\/2024\/08\/pierre-chatel-innocenti-5ASZ_qxS9dQ-unsplash.webp","jetpack_likes_enabled":false,"jetpack_shortlink":"https:\/\/wp.me\/peCrII-2Kxa","jetpack-related-posts":[{"id":479975,"url":"https:\/\/kohenavocats.com\/zh-hans\/tribunal-judiciaire-de-saint-etienne-le-6-novembre-2025-n25-00589\/","url_meta":{"origin":655536,"position":0},"title":"Tribunal judiciaire de Saint-\u00c9tienne, le 6 novembre 2025, n\u00b025\/00589","author":"Kohen","date":"2026\u5e744\u67087\u65e5","format":false,"excerpt":"Le tribunal judiciaire de Saint-\u00c9tienne, statuant \u2026","rel":"","context":"\u5728\u201cJurisprudence\u201d\u4e2d","block_context":{"text":"Jurisprudence","link":"https:\/\/kohenavocats.com\/category\/jurisprudence\/"},"img":{"alt_text":"","src":"https:\/\/i0.wp.com\/kohenavocats.com\/wp-content\/uploads\/2024\/08\/leonhard-niederwimmer-GOqi8yEDEsE-unsplash.webp?resize=350%2C200&ssl=1","width":350,"height":200,"srcset":"https:\/\/i0.wp.com\/kohenavocats.com\/wp-content\/uploads\/2024\/08\/leonhard-niederwimmer-GOqi8yEDEsE-unsplash.webp?resize=350%2C200&ssl=1 1x, https:\/\/i0.wp.com\/kohenavocats.com\/wp-content\/uploads\/2024\/08\/leonhard-niederwimmer-GOqi8yEDEsE-unsplash.webp?resize=525%2C300&ssl=1 1.5x, https:\/\/i0.wp.com\/kohenavocats.com\/wp-content\/uploads\/2024\/08\/leonhard-niederwimmer-GOqi8yEDEsE-unsplash.webp?resize=700%2C400&ssl=1 2x, https:\/\/i0.wp.com\/kohenavocats.com\/wp-content\/uploads\/2024\/08\/leonhard-niederwimmer-GOqi8yEDEsE-unsplash.webp?resize=1050%2C600&ssl=1 3x, https:\/\/i0.wp.com\/kohenavocats.com\/wp-content\/uploads\/2024\/08\/leonhard-niederwimmer-GOqi8yEDEsE-unsplash.webp?resize=1400%2C800&ssl=1 4x"},"classes":[]},{"id":290391,"url":"https:\/\/kohenavocats.com\/zh-hans\/tribunal-judiciaire-de-saint-etienne-le-25-juin-2025-n25-00360\/","url_meta":{"origin":655536,"position":1},"title":"Tribunal judiciaire de Saint Etienne, le 25 juin 2025, n\u00b025\/00360","author":"Kohen","date":"2026\u5e741\u670819\u65e5","format":false,"excerpt":"Le Tribunal judiciaire de Saint-\u00c9tienne, statuant \u2026","rel":"","context":"\u5728\u201cD\u00e9cisions juridiques\u201d\u4e2d","block_context":{"text":"D\u00e9cisions juridiques","link":"https:\/\/kohenavocats.com\/category\/decisions-juridiques\/"},"img":{"alt_text":"","src":"https:\/\/i0.wp.com\/kohenavocats.com\/wp-content\/uploads\/2024\/11\/curated-lifestyle-qCnkmrhcitk-unsplash.webp?resize=350%2C200&ssl=1","width":350,"height":200,"srcset":"https:\/\/i0.wp.com\/kohenavocats.com\/wp-content\/uploads\/2024\/11\/curated-lifestyle-qCnkmrhcitk-unsplash.webp?resize=350%2C200&ssl=1 1x, https:\/\/i0.wp.com\/kohenavocats.com\/wp-content\/uploads\/2024\/11\/curated-lifestyle-qCnkmrhcitk-unsplash.webp?resize=525%2C300&ssl=1 1.5x, https:\/\/i0.wp.com\/kohenavocats.com\/wp-content\/uploads\/2024\/11\/curated-lifestyle-qCnkmrhcitk-unsplash.webp?resize=700%2C400&ssl=1 2x, https:\/\/i0.wp.com\/kohenavocats.com\/wp-content\/uploads\/2024\/11\/curated-lifestyle-qCnkmrhcitk-unsplash.webp?resize=1050%2C600&ssl=1 3x, https:\/\/i0.wp.com\/kohenavocats.com\/wp-content\/uploads\/2024\/11\/curated-lifestyle-qCnkmrhcitk-unsplash.webp?resize=1400%2C800&ssl=1 4x"},"classes":[]},{"id":656338,"url":"https:\/\/kohenavocats.com\/zh-hans\/tribunal-judiciaire-de-saint-etienne-le-30-septembre-2025-n25-00520-2\/","url_meta":{"origin":655536,"position":2},"title":"Tribunal judiciaire de Saint-\u00c9tienne, le 30 septembre 2025, n\u00b025\/00520","author":"Kohen","date":"2026\u5e744\u670823\u65e5","format":false,"excerpt":"Le tribunal judiciaire de Saint-\u00c9tienne, statuant \u2026","rel":"","context":"\u5728\u201cJurisprudence\u201d\u4e2d","block_context":{"text":"Jurisprudence","link":"https:\/\/kohenavocats.com\/category\/jurisprudence\/"},"img":{"alt_text":"","src":"https:\/\/i0.wp.com\/kohenavocats.com\/wp-content\/uploads\/2024\/07\/wesley-tingey-kjXbfNTPMHY-unsplash.webp?resize=350%2C200&ssl=1","width":350,"height":200,"srcset":"https:\/\/i0.wp.com\/kohenavocats.com\/wp-content\/uploads\/2024\/07\/wesley-tingey-kjXbfNTPMHY-unsplash.webp?resize=350%2C200&ssl=1 1x, https:\/\/i0.wp.com\/kohenavocats.com\/wp-content\/uploads\/2024\/07\/wesley-tingey-kjXbfNTPMHY-unsplash.webp?resize=525%2C300&ssl=1 1.5x, https:\/\/i0.wp.com\/kohenavocats.com\/wp-content\/uploads\/2024\/07\/wesley-tingey-kjXbfNTPMHY-unsplash.webp?resize=700%2C400&ssl=1 2x, https:\/\/i0.wp.com\/kohenavocats.com\/wp-content\/uploads\/2024\/07\/wesley-tingey-kjXbfNTPMHY-unsplash.webp?resize=1050%2C600&ssl=1 3x, https:\/\/i0.wp.com\/kohenavocats.com\/wp-content\/uploads\/2024\/07\/wesley-tingey-kjXbfNTPMHY-unsplash.webp?resize=1400%2C800&ssl=1 4x"},"classes":[]},{"id":478004,"url":"https:\/\/kohenavocats.com\/zh-hans\/tribunal-judiciaire-de-saint-etienne-le-4-decembre-2025-n25-00637\/","url_meta":{"origin":655536,"position":3},"title":"Tribunal judiciaire de Saint-\u00c9tienne, le 4 d\u00e9cembre 2025, n\u00b025\/00637","author":"Kohen","date":"2026\u5e744\u67087\u65e5","format":false,"excerpt":"Le tribunal judiciaire de Saint-\u00c9tienne, statuant \u2026","rel":"","context":"\u5728\u201cJurisprudence\u201d\u4e2d","block_context":{"text":"Jurisprudence","link":"https:\/\/kohenavocats.com\/category\/jurisprudence\/"},"img":{"alt_text":"","src":"https:\/\/i0.wp.com\/kohenavocats.com\/wp-content\/uploads\/2024\/11\/planet-volumes-C3xYPsybD0U-unsplash.webp?resize=350%2C200&ssl=1","width":350,"height":200,"srcset":"https:\/\/i0.wp.com\/kohenavocats.com\/wp-content\/uploads\/2024\/11\/planet-volumes-C3xYPsybD0U-unsplash.webp?resize=350%2C200&ssl=1 1x, https:\/\/i0.wp.com\/kohenavocats.com\/wp-content\/uploads\/2024\/11\/planet-volumes-C3xYPsybD0U-unsplash.webp?resize=525%2C300&ssl=1 1.5x, https:\/\/i0.wp.com\/kohenavocats.com\/wp-content\/uploads\/2024\/11\/planet-volumes-C3xYPsybD0U-unsplash.webp?resize=700%2C400&ssl=1 2x, https:\/\/i0.wp.com\/kohenavocats.com\/wp-content\/uploads\/2024\/11\/planet-volumes-C3xYPsybD0U-unsplash.webp?resize=1050%2C600&ssl=1 3x, https:\/\/i0.wp.com\/kohenavocats.com\/wp-content\/uploads\/2024\/11\/planet-volumes-C3xYPsybD0U-unsplash.webp?resize=1400%2C800&ssl=1 4x"},"classes":[]},{"id":656031,"url":"https:\/\/kohenavocats.com\/zh-hans\/tribunal-judiciaire-de-saint-etienne-le-30-septembre-2025-n25-00579-2\/","url_meta":{"origin":655536,"position":4},"title":"Tribunal judiciaire de Saint-\u00c9tienne, le 30 septembre 2025, n\u00b025\/00579","author":"Kohen","date":"2026\u5e744\u670823\u65e5","format":false,"excerpt":"Le tribunal judiciaire de Saint-\u00c9tienne, statuant \u2026","rel":"","context":"\u5728\u201cJurisprudence\u201d\u4e2d","block_context":{"text":"Jurisprudence","link":"https:\/\/kohenavocats.com\/category\/jurisprudence\/"},"img":{"alt_text":"","src":"https:\/\/i0.wp.com\/kohenavocats.com\/wp-content\/uploads\/2024\/08\/viktor-hesse-qPwYg5s1Fs-unsplash.webp?resize=350%2C200&ssl=1","width":350,"height":200,"srcset":"https:\/\/i0.wp.com\/kohenavocats.com\/wp-content\/uploads\/2024\/08\/viktor-hesse-qPwYg5s1Fs-unsplash.webp?resize=350%2C200&ssl=1 1x, https:\/\/i0.wp.com\/kohenavocats.com\/wp-content\/uploads\/2024\/08\/viktor-hesse-qPwYg5s1Fs-unsplash.webp?resize=525%2C300&ssl=1 1.5x, https:\/\/i0.wp.com\/kohenavocats.com\/wp-content\/uploads\/2024\/08\/viktor-hesse-qPwYg5s1Fs-unsplash.webp?resize=700%2C400&ssl=1 2x, https:\/\/i0.wp.com\/kohenavocats.com\/wp-content\/uploads\/2024\/08\/viktor-hesse-qPwYg5s1Fs-unsplash.webp?resize=1050%2C600&ssl=1 3x, https:\/\/i0.wp.com\/kohenavocats.com\/wp-content\/uploads\/2024\/08\/viktor-hesse-qPwYg5s1Fs-unsplash.webp?resize=1400%2C800&ssl=1 4x"},"classes":[]},{"id":625477,"url":"https:\/\/kohenavocats.com\/zh-hans\/tribunal-judiciaire-de-saint-etienne-le-16-octobre-2025-n25-00555\/","url_meta":{"origin":655536,"position":5},"title":"Tribunal judiciaire de Saint-\u00c9tienne, le 16 octobre 2025, n\u00b025\/00555","author":"Kohen","date":"2026\u5e744\u670820\u65e5","format":false,"excerpt":"Le tribunal judiciaire de Saint-\u00c9tienne, statuant \u2026","rel":"","context":"\u5728\u201cJurisprudence\u201d\u4e2d","block_context":{"text":"Jurisprudence","link":"https:\/\/kohenavocats.com\/category\/jurisprudence\/"},"img":{"alt_text":"","src":"https:\/\/i0.wp.com\/kohenavocats.com\/wp-content\/uploads\/2024\/11\/getty-images-QO3j7qdSKv8-unsplash.webp?resize=350%2C200&ssl=1","width":350,"height":200,"srcset":"https:\/\/i0.wp.com\/kohenavocats.com\/wp-content\/uploads\/2024\/11\/getty-images-QO3j7qdSKv8-unsplash.webp?resize=350%2C200&ssl=1 1x, https:\/\/i0.wp.com\/kohenavocats.com\/wp-content\/uploads\/2024\/11\/getty-images-QO3j7qdSKv8-unsplash.webp?resize=525%2C300&ssl=1 1.5x, https:\/\/i0.wp.com\/kohenavocats.com\/wp-content\/uploads\/2024\/11\/getty-images-QO3j7qdSKv8-unsplash.webp?resize=700%2C400&ssl=1 2x, https:\/\/i0.wp.com\/kohenavocats.com\/wp-content\/uploads\/2024\/11\/getty-images-QO3j7qdSKv8-unsplash.webp?resize=1050%2C600&ssl=1 3x, https:\/\/i0.wp.com\/kohenavocats.com\/wp-content\/uploads\/2024\/11\/getty-images-QO3j7qdSKv8-unsplash.webp?resize=1400%2C800&ssl=1 4x"},"classes":[]}],"jetpack_sharing_enabled":true,"_links":{"self":[{"href":"https:\/\/kohenavocats.com\/zh-hans\/wp-json\/wp\/v2\/posts\/655536","targetHints":{"allow":["GET"]}}],"collection":[{"href":"https:\/\/kohenavocats.com\/zh-hans\/wp-json\/wp\/v2\/posts"}],"about":[{"href":"https:\/\/kohenavocats.com\/zh-hans\/wp-json\/wp\/v2\/types\/post"}],"author":[{"embeddable":true,"href":"https:\/\/kohenavocats.com\/zh-hans\/wp-json\/wp\/v2\/users\/232070755"}],"replies":[{"embeddable":true,"href":"https:\/\/kohenavocats.com\/zh-hans\/wp-json\/wp\/v2\/comments?post=655536"}],"version-history":[{"count":0,"href":"https:\/\/kohenavocats.com\/zh-hans\/wp-json\/wp\/v2\/posts\/655536\/revisions"}],"wp:featuredmedia":[{"embeddable":true,"href":"https:\/\/kohenavocats.com\/zh-hans\/wp-json\/wp\/v2\/media\/4701"}],"wp:attachment":[{"href":"https:\/\/kohenavocats.com\/zh-hans\/wp-json\/wp\/v2\/media?parent=655536"}],"wp:term":[{"taxonomy":"category","embeddable":true,"href":"https:\/\/kohenavocats.com\/zh-hans\/wp-json\/wp\/v2\/categories?post=655536"},{"taxonomy":"post_tag","embeddable":true,"href":"https:\/\/kohenavocats.com\/zh-hans\/wp-json\/wp\/v2\/tags?post=655536"}],"curies":[{"name":"wp","href":"https:\/\/api.w.org\/{rel}","templated":true}]}}