{"id":655542,"date":"2026-04-23T05:44:55","date_gmt":"2026-04-23T03:44:55","guid":{"rendered":"https:\/\/kohenavocats.com\/tribunal-judiciaire-de-paris-le-16-juin-2025-n25-05204\/"},"modified":"2026-04-23T05:44:55","modified_gmt":"2026-04-23T03:44:55","slug":"tribunal-judiciaire-de-paris-le-16-juin-2025-n25-05204","status":"publish","type":"post","link":"https:\/\/kohenavocats.com\/zh-hans\/tribunal-judiciaire-de-paris-le-16-juin-2025-n25-05204\/","title":{"rendered":"Tribunal judiciaire de Paris, le 16 juin 2025, n\u00b025\/05204"},"content":{"rendered":"<div class=\"article-content\">\n<p>Le juge des contentieux de la protection, statuant le 16 juin 2025, examine une demande en expulsion form\u00e9e par un gestionnaire de logement-foyer. L&#8217;occupant est demeur\u00e9 dans les lieux malgr\u00e9 des impay\u00e9s persistants. La juridiction doit se prononcer sur la r\u00e9siliation du contrat et les modalit\u00e9s de l&#8217;expulsion. Elle constate la r\u00e9solution du contrat pour impay\u00e9s mais rejette la suppression du d\u00e9lai l\u00e9gal de deux mois avant expulsion.<\/p>\n<p>La mise en \u0153uvre de la clause r\u00e9solutoire dans un logement-foyer<\/p>\n<p>Le r\u00e9gime sp\u00e9cifique des logements-foyers encadre strictement la r\u00e9siliation. Le juge rappelle que la l\u00e9gislation de 1989 sur les baux d&#8217;habitation ne s&#8217;applique pas. Le contrat est r\u00e9gi par le code de la construction et de l&#8217;habitation. La r\u00e9siliation pour impay\u00e9 n&#8217;est possible que sous des conditions pr\u00e9cises \u00e9nonc\u00e9es par les textes.<\/p>\n<p>L&#8217;acquisition de la clause r\u00e9solutoire respecte ici les formalit\u00e9s l\u00e9gales. Le contrat pr\u00e9voyait une clause r\u00e9solutoire et une mise en demeure a \u00e9t\u00e9 d\u00e9livr\u00e9e. &#8220;La mise en demeure doit viser express\u00e9ment la clause r\u00e9solutoire pour produire effet&#8221; (article 1225 du code civil). La gestionnaire a fait d\u00e9livrer deux commandements de payer demeur\u00e9s infructueux. Le d\u00e9faut de paiement porte sur une somme correspondant \u00e0 au moins trois termes mensuels. &#8220;Il ressort du d\u00e9compte produit que la dette n&#8217;a pas \u00e9t\u00e9 r\u00e9gularis\u00e9e dans le d\u00e9lai imparti&#8221;. La r\u00e9siliation de plein droit est donc constat\u00e9e \u00e0 une date certaine.<\/p>\n<p>Cette d\u00e9cision confirme la rigueur proc\u00e9durale requise pour r\u00e9silier un contrat de logement-foyer. Elle aligne la jurisprudence sur les exigences du droit commun des contrats. La r\u00e9f\u00e9rence expresse \u00e0 la clause dans la mise en demeure est une condition de validit\u00e9 essentielle. Le juge v\u00e9rifie scrupuleusement le respect du cadre l\u00e9gal protecteur. La situation est distingu\u00e9e d&#8217;un bail classique soumis \u00e0 un r\u00e9gime plus favorable.<\/p>\n<p>Le rejet de la suppression du d\u00e9lai d&#8217;expulsion et ses cons\u00e9quences<\/p>\n<p>La gestionnaire demandait la suppression du d\u00e9lai de deux mois pr\u00e9vu par la loi. Le juge examine les conditions restrictives pos\u00e9es par l&#8217;article L412-1 du code des proc\u00e9dures civiles d&#8217;ex\u00e9cution. Ce d\u00e9lai ne peut \u00eatre \u00e9cart\u00e9 qu&#8217;en cas de mauvaise foi ou d&#8217;entr\u00e9e par voie de fait. Aucun de ces \u00e9l\u00e9ments n&#8217;est caract\u00e9ris\u00e9 en l&#8217;esp\u00e8ce.<\/p>\n<p>Les conditions l\u00e9gales pour supprimer le d\u00e9lai de gr\u00e2ce ne sont pas remplies. &#8220;M. [N] [R] n\u2019est pas entr\u00e9 dans les lieux par voie de fait mais en vertu d\u2019une convention&#8221;. La demanderesse ne d\u00e9montre pas la mauvaise foi du d\u00e9fendeur. Aucune solution de relogement ne lui a \u00e9t\u00e9 propos\u00e9e. &#8220;Les conditions l\u00e9gales pr\u00e9vues pour la suppression du d\u00e9lai de deux mois n\u2019\u00e9tant pas \u00e9tablies, la demande sera rejet\u00e9e&#8221;. Le d\u00e9lai de deux mois suivant le commandement de quitter les lieux devra donc \u00eatre observ\u00e9.<\/p>\n<p>Ce refus souligne le caract\u00e8re exceptionnel de la suppression du d\u00e9lai de gr\u00e2ce. Il rappelle que l&#8217;occupation initialement r\u00e9guli\u00e8re exclut la pr\u00e9somption de mauvaise foi. Cette solution est coh\u00e9rente avec une jurisprudence ant\u00e9rieure. &#8220;Il y aura lieu d&#8217;observer le d\u00e9lai de deux mois avant expulsion pr\u00e9vu par l&#8217;article L412-1&#8221; (Tribunal judiciaire de Paris, le 18 novembre 2024, n\u00b024\/07372). Le juge prot\u00e8ge ainsi l&#8217;occupant contre une expulsion imm\u00e9diate. La gestionnaire devra patienter deux mois apr\u00e8s un nouveau commandement.<\/p>\n<p>L&#8217;occupation post-r\u00e9siliation g\u00e9n\u00e8re une indemnit\u00e9 compensatoire due jusqu&#8217;\u00e0 la lib\u00e9ration. Le montant est fix\u00e9 \u00e0 la valeur de la derni\u00e8re redevance. Cette condamnation r\u00e9pare le pr\u00e9judice li\u00e9 \u00e0 la privation de jouissance. Elle constitue une dette de jouissance \u00e9quitable pour les locaux ind\u00fbment occup\u00e9s. Le juge statue ainsi en \u00e9quit\u00e9 sur les frais irr\u00e9p\u00e9tibles. La d\u00e9cision assure un \u00e9quilibre entre les droits du propri\u00e9taire et la protection de l&#8217;occupant.<\/p>\n<\/div>\n","protected":false},"excerpt":{"rendered":"<p>Le juge des contentieux de la protection, statuant le 16 juin 2025, examine une demande en expulsion form\u00e9e par un gestionnaire de logement-foyer. L&#8217;occupant&#8230;<\/p>\n","protected":false},"author":232070755,"featured_media":3908,"comment_status":"open","ping_status":"open","sticky":false,"template":"","format":"standard","meta":{"_crdt_document":"","_jetpack_newsletter_access":"","_jetpack_dont_email_post_to_subs":false,"_jetpack_newsletter_tier_id":0,"_jetpack_memberships_contains_paywalled_content":false,"_kj_source_type":"judilibre","_kj_official_id":"68dd7249548223b2c7ab398a","_kj_official_url":"https:\/\/www.courdecassation.fr\/decision\/68dd7249548223b2c7ab398a","_kj_judilibre_id":"68dd7249548223b2c7ab398a","_kj_jur":"Tribunal judiciaire","_kj_lieu":"Tribunal judiciaire de Paris","_kj_chambre":"PCP JCP ACR fond","_kj_rg":"25\/05204","_kj_date":"2025-09-30","_jetpack_memberships_contains_paid_content":false,"footnotes":"","jetpack_post_was_ever_published":false},"categories":[7597],"tags":[],"class_list":["post-655542","post","type-post","status-publish","format-standard","has-post-thumbnail","hentry","category-jurisprudence"],"yoast_head":"<!-- This site is optimized with the Yoast SEO Premium plugin v27.5 (Yoast SEO v27.5) - https:\/\/yoast.com\/product\/yoast-seo-premium-wordpress\/ -->\n<title>Tribunal judiciaire de Paris, le 16 juin 2025, n\u00b025\/05204 - Ma\u00eetre Hassan Kohen, avocat en droit p\u00e9nal \u00e0 Paris<\/title>\n<meta name=\"description\" content=\"Le juge des contentieux de la protection, statuant le 16 juin 2025, examine une demande en expulsion form\u00e9e par un gestionnaire de logement-foyer. L&#039;occupant...\" \/>\n<meta name=\"robots\" content=\"index, follow, max-snippet:-1, max-image-preview:large, max-video-preview:-1\" \/>\n<link rel=\"canonical\" href=\"https:\/\/kohenavocats.com\/zh-hans\/tribunal-judiciaire-de-paris-le-16-juin-2025-n25-05204\/\" \/>\n<meta property=\"og:locale\" content=\"zh_CN\" \/>\n<meta property=\"og:type\" content=\"article\" \/>\n<meta property=\"og:title\" content=\"Tribunal judiciaire de Paris, le 16 juin 2025, n\u00b025\/05204\" \/>\n<meta property=\"og:description\" content=\"Le juge des contentieux de la protection, statuant le 16 juin 2025, examine une demande en expulsion form\u00e9e par un gestionnaire de logement-foyer. L&#039;occupant...\" \/>\n<meta property=\"og:url\" content=\"https:\/\/kohenavocats.com\/zh-hans\/tribunal-judiciaire-de-paris-le-16-juin-2025-n25-05204\/\" \/>\n<meta property=\"og:site_name\" content=\"Ma\u00eetre Hassan Kohen, avocat en droit p\u00e9nal \u00e0 Paris\" \/>\n<meta property=\"article:published_time\" content=\"2026-04-23T03:44:55+00:00\" \/>\n<meta property=\"og:image\" content=\"https:\/\/kohenavocats.com\/wp-content\/uploads\/2024\/07\/leonard-cotte-R5scocnOOdM-unsplash.webp\" \/>\n\t<meta property=\"og:image:width\" content=\"5520\" \/>\n\t<meta property=\"og:image:height\" content=\"3905\" \/>\n\t<meta property=\"og:image:type\" content=\"image\/webp\" \/>\n<meta name=\"author\" content=\"Kohen\" \/>\n<meta name=\"twitter:card\" content=\"summary_large_image\" \/>\n<meta name=\"twitter:label1\" content=\"\u4f5c\u8005\" \/>\n\t<meta name=\"twitter:data1\" content=\"Kohen\" \/>\n\t<meta name=\"twitter:label2\" content=\"\u9884\u8ba1\u9605\u8bfb\u65f6\u95f4\" \/>\n\t<meta name=\"twitter:data2\" content=\"3 \u5206\" \/>\n<script type=\"application\/ld+json\" class=\"yoast-schema-graph\">{\"@context\":\"https:\\\/\\\/schema.org\",\"@graph\":[{\"@type\":\"Article\",\"@id\":\"https:\\\/\\\/kohenavocats.com\\\/zh-hans\\\/tribunal-judiciaire-de-paris-le-16-juin-2025-n25-05204\\\/#article\",\"isPartOf\":{\"@id\":\"https:\\\/\\\/kohenavocats.com\\\/zh-hans\\\/tribunal-judiciaire-de-paris-le-16-juin-2025-n25-05204\\\/\"},\"author\":{\"name\":\"Kohen\",\"@id\":\"https:\\\/\\\/kohenavocats.com\\\/zh-hans\\\/#\\\/schema\\\/person\\\/761c9ba54fa1ca84d405cef0831ff751\"},\"headline\":\"Tribunal judiciaire de Paris, le 16 juin 2025, n\u00b025\\\/05204\",\"datePublished\":\"2026-04-23T03:44:55+00:00\",\"mainEntityOfPage\":{\"@id\":\"https:\\\/\\\/kohenavocats.com\\\/zh-hans\\\/tribunal-judiciaire-de-paris-le-16-juin-2025-n25-05204\\\/\"},\"wordCount\":704,\"commentCount\":0,\"publisher\":{\"@id\":\"https:\\\/\\\/kohenavocats.com\\\/zh-hans\\\/#organization\"},\"image\":{\"@id\":\"https:\\\/\\\/kohenavocats.com\\\/zh-hans\\\/tribunal-judiciaire-de-paris-le-16-juin-2025-n25-05204\\\/#primaryimage\"},\"thumbnailUrl\":\"https:\\\/\\\/kohenavocats.com\\\/wp-content\\\/uploads\\\/2024\\\/07\\\/leonard-cotte-R5scocnOOdM-unsplash.webp\",\"articleSection\":[\"Jurisprudence\"],\"inLanguage\":\"zh-Hans\",\"potentialAction\":[{\"@type\":\"CommentAction\",\"name\":\"Comment\",\"target\":[\"https:\\\/\\\/kohenavocats.com\\\/zh-hans\\\/tribunal-judiciaire-de-paris-le-16-juin-2025-n25-05204\\\/#respond\"]}],\"citation\":\"Tribunal judiciaire de Paris, le 16 juin 2025, n\u00b025\\\/05204\",\"about\":[{\"@type\":\"Thing\",\"name\":\"Jurisprudence\"}],\"dateModified\":\"2026-04-23T03:44:55+00:00\",\"speakable\":{\"@type\":\"SpeakableSpecification\",\"cssSelector\":[\".article-content > p:first-of-type\"]}},{\"@type\":\"WebPage\",\"@id\":\"https:\\\/\\\/kohenavocats.com\\\/zh-hans\\\/tribunal-judiciaire-de-paris-le-16-juin-2025-n25-05204\\\/\",\"url\":\"https:\\\/\\\/kohenavocats.com\\\/zh-hans\\\/tribunal-judiciaire-de-paris-le-16-juin-2025-n25-05204\\\/\",\"name\":\"Tribunal judiciaire de Paris, le 16 juin 2025, n\u00b025\\\/05204 - Ma\u00eetre Hassan Kohen, avocat en droit p\u00e9nal \u00e0 Paris\",\"isPartOf\":{\"@id\":\"https:\\\/\\\/kohenavocats.com\\\/zh-hans\\\/#website\"},\"primaryImageOfPage\":{\"@id\":\"https:\\\/\\\/kohenavocats.com\\\/zh-hans\\\/tribunal-judiciaire-de-paris-le-16-juin-2025-n25-05204\\\/#primaryimage\"},\"image\":{\"@id\":\"https:\\\/\\\/kohenavocats.com\\\/zh-hans\\\/tribunal-judiciaire-de-paris-le-16-juin-2025-n25-05204\\\/#primaryimage\"},\"thumbnailUrl\":\"https:\\\/\\\/kohenavocats.com\\\/wp-content\\\/uploads\\\/2024\\\/07\\\/leonard-cotte-R5scocnOOdM-unsplash.webp\",\"datePublished\":\"2026-04-23T03:44:55+00:00\",\"description\":\"Le juge des contentieux de la protection, statuant le 16 juin 2025, examine une demande en expulsion form\u00e9e par un gestionnaire de logement-foyer. L'occupant...\",\"breadcrumb\":{\"@id\":\"https:\\\/\\\/kohenavocats.com\\\/zh-hans\\\/tribunal-judiciaire-de-paris-le-16-juin-2025-n25-05204\\\/#breadcrumb\"},\"inLanguage\":\"zh-Hans\",\"potentialAction\":[{\"@type\":\"ReadAction\",\"target\":[\"https:\\\/\\\/kohenavocats.com\\\/zh-hans\\\/tribunal-judiciaire-de-paris-le-16-juin-2025-n25-05204\\\/\"]}]},{\"@type\":\"ImageObject\",\"inLanguage\":\"zh-Hans\",\"@id\":\"https:\\\/\\\/kohenavocats.com\\\/zh-hans\\\/tribunal-judiciaire-de-paris-le-16-juin-2025-n25-05204\\\/#primaryimage\",\"url\":\"https:\\\/\\\/kohenavocats.com\\\/wp-content\\\/uploads\\\/2024\\\/07\\\/leonard-cotte-R5scocnOOdM-unsplash.webp\",\"contentUrl\":\"https:\\\/\\\/kohenavocats.com\\\/wp-content\\\/uploads\\\/2024\\\/07\\\/leonard-cotte-R5scocnOOdM-unsplash.webp\",\"width\":5520,\"height\":3905},{\"@type\":\"BreadcrumbList\",\"@id\":\"https:\\\/\\\/kohenavocats.com\\\/zh-hans\\\/tribunal-judiciaire-de-paris-le-16-juin-2025-n25-05204\\\/#breadcrumb\",\"itemListElement\":[{\"@type\":\"ListItem\",\"position\":1,\"name\":\"Home\",\"item\":\"https:\\\/\\\/kohenavocats.com\\\/zh-hans\\\/\"},{\"@type\":\"ListItem\",\"position\":2,\"name\":\"Tribunal judiciaire de Paris, le 16 juin 2025, n\u00b025\\\/05204\"}]},{\"@type\":\"WebSite\",\"@id\":\"https:\\\/\\\/kohenavocats.com\\\/zh-hans\\\/#website\",\"url\":\"https:\\\/\\\/kohenavocats.com\\\/zh-hans\\\/\",\"name\":\"Kohen Avocats\",\"description\":\"Ma\u00eetre Hassan Kohen, avocat p\u00e9naliste \u00e0 Paris, intervient exclusivement en droit p\u00e9nal pour la d\u00e9fense des particuliers, notamment en mati\u00e8re d\u2019accusations de viol. Il assure un accompagnement rigoureux d\u00e8s la garde \u00e0 vue jusqu\u2019\u00e0 la Cour d\u2019assises, veillant au strict respect des garanties proc\u00e9durales.\",\"publisher\":{\"@id\":\"https:\\\/\\\/kohenavocats.com\\\/zh-hans\\\/#organization\"},\"potentialAction\":[{\"@type\":\"SearchAction\",\"target\":{\"@type\":\"EntryPoint\",\"urlTemplate\":\"https:\\\/\\\/kohenavocats.com\\\/zh-hans\\\/?s={search_term_string}\"},\"query-input\":{\"@type\":\"PropertyValueSpecification\",\"valueRequired\":true,\"valueName\":\"search_term_string\"}}],\"inLanguage\":\"zh-Hans\"},{\"@type\":\"Organization\",\"@id\":\"https:\\\/\\\/kohenavocats.com\\\/zh-hans\\\/#organization\",\"name\":\"Kohen Avocats\",\"url\":\"https:\\\/\\\/kohenavocats.com\\\/zh-hans\\\/\",\"logo\":{\"@type\":\"ImageObject\",\"inLanguage\":\"zh-Hans\",\"@id\":\"https:\\\/\\\/kohenavocats.com\\\/zh-hans\\\/#\\\/schema\\\/logo\\\/image\\\/\",\"url\":\"https:\\\/\\\/kohenavocats.com\\\/wp-content\\\/uploads\\\/2026\\\/01\\\/Logo-2-1.webp\",\"contentUrl\":\"https:\\\/\\\/kohenavocats.com\\\/wp-content\\\/uploads\\\/2026\\\/01\\\/Logo-2-1.webp\",\"width\":2114,\"height\":1253,\"caption\":\"Kohen Avocats\"},\"image\":{\"@id\":\"https:\\\/\\\/kohenavocats.com\\\/zh-hans\\\/#\\\/schema\\\/logo\\\/image\\\/\"}},{\"@type\":\"Person\",\"@id\":\"https:\\\/\\\/kohenavocats.com\\\/zh-hans\\\/#\\\/schema\\\/person\\\/761c9ba54fa1ca84d405cef0831ff751\",\"name\":\"Kohen\",\"image\":{\"@type\":\"ImageObject\",\"inLanguage\":\"zh-Hans\",\"@id\":\"https:\\\/\\\/secure.gravatar.com\\\/avatar\\\/1c5e76ef76bbbfdd2b4da984e2bf2fa4056fd51a27d25ce2c332047f1dfd6e00?s=96&d=identicon&r=g\",\"url\":\"https:\\\/\\\/secure.gravatar.com\\\/avatar\\\/1c5e76ef76bbbfdd2b4da984e2bf2fa4056fd51a27d25ce2c332047f1dfd6e00?s=96&d=identicon&r=g\",\"contentUrl\":\"https:\\\/\\\/secure.gravatar.com\\\/avatar\\\/1c5e76ef76bbbfdd2b4da984e2bf2fa4056fd51a27d25ce2c332047f1dfd6e00?s=96&d=identicon&r=g\",\"caption\":\"Kohen\"},\"sameAs\":[\"https:\\\/\\\/www.linkedin.com\\\/in\\\/hassan-kohen-448548192\\\/\",\"https:\\\/\\\/www.youtube.com\\\/@Kohen-Avocats\"],\"url\":\"https:\\\/\\\/kohenavocats.com\\\/zh-hans\\\/author\\\/kohenmlk\\\/\"}]}<\/script>\n<!-- \/ Yoast SEO Premium plugin. -->","yoast_head_json":{"title":"Tribunal judiciaire de Paris, le 16 juin 2025, n\u00b025\/05204 - Ma\u00eetre Hassan Kohen, avocat en droit p\u00e9nal \u00e0 Paris","description":"Le juge des contentieux de la protection, statuant le 16 juin 2025, examine une demande en expulsion form\u00e9e par un gestionnaire de logement-foyer. L'occupant...","robots":{"index":"index","follow":"follow","max-snippet":"max-snippet:-1","max-image-preview":"max-image-preview:large","max-video-preview":"max-video-preview:-1"},"canonical":"https:\/\/kohenavocats.com\/zh-hans\/tribunal-judiciaire-de-paris-le-16-juin-2025-n25-05204\/","og_locale":"zh_CN","og_type":"article","og_title":"Tribunal judiciaire de Paris, le 16 juin 2025, n\u00b025\/05204","og_description":"Le juge des contentieux de la protection, statuant le 16 juin 2025, examine une demande en expulsion form\u00e9e par un gestionnaire de logement-foyer. L'occupant...","og_url":"https:\/\/kohenavocats.com\/zh-hans\/tribunal-judiciaire-de-paris-le-16-juin-2025-n25-05204\/","og_site_name":"Ma\u00eetre Hassan Kohen, avocat en droit p\u00e9nal \u00e0 Paris","article_published_time":"2026-04-23T03:44:55+00:00","og_image":[{"width":5520,"height":3905,"url":"https:\/\/kohenavocats.com\/wp-content\/uploads\/2024\/07\/leonard-cotte-R5scocnOOdM-unsplash.webp","type":"image\/webp"}],"author":"Kohen","twitter_card":"summary_large_image","twitter_misc":{"\u4f5c\u8005":"Kohen","\u9884\u8ba1\u9605\u8bfb\u65f6\u95f4":"3 \u5206"},"schema":{"@context":"https:\/\/schema.org","@graph":[{"@type":"Article","@id":"https:\/\/kohenavocats.com\/zh-hans\/tribunal-judiciaire-de-paris-le-16-juin-2025-n25-05204\/#article","isPartOf":{"@id":"https:\/\/kohenavocats.com\/zh-hans\/tribunal-judiciaire-de-paris-le-16-juin-2025-n25-05204\/"},"author":{"name":"Kohen","@id":"https:\/\/kohenavocats.com\/zh-hans\/#\/schema\/person\/761c9ba54fa1ca84d405cef0831ff751"},"headline":"Tribunal judiciaire de Paris, le 16 juin 2025, n\u00b025\/05204","datePublished":"2026-04-23T03:44:55+00:00","mainEntityOfPage":{"@id":"https:\/\/kohenavocats.com\/zh-hans\/tribunal-judiciaire-de-paris-le-16-juin-2025-n25-05204\/"},"wordCount":704,"commentCount":0,"publisher":{"@id":"https:\/\/kohenavocats.com\/zh-hans\/#organization"},"image":{"@id":"https:\/\/kohenavocats.com\/zh-hans\/tribunal-judiciaire-de-paris-le-16-juin-2025-n25-05204\/#primaryimage"},"thumbnailUrl":"https:\/\/kohenavocats.com\/wp-content\/uploads\/2024\/07\/leonard-cotte-R5scocnOOdM-unsplash.webp","articleSection":["Jurisprudence"],"inLanguage":"zh-Hans","potentialAction":[{"@type":"CommentAction","name":"Comment","target":["https:\/\/kohenavocats.com\/zh-hans\/tribunal-judiciaire-de-paris-le-16-juin-2025-n25-05204\/#respond"]}],"citation":"Tribunal judiciaire de Paris, le 16 juin 2025, n\u00b025\/05204","about":[{"@type":"Thing","name":"Jurisprudence"}],"dateModified":"2026-04-23T03:44:55+00:00","speakable":{"@type":"SpeakableSpecification","cssSelector":[".article-content > p:first-of-type"]}},{"@type":"WebPage","@id":"https:\/\/kohenavocats.com\/zh-hans\/tribunal-judiciaire-de-paris-le-16-juin-2025-n25-05204\/","url":"https:\/\/kohenavocats.com\/zh-hans\/tribunal-judiciaire-de-paris-le-16-juin-2025-n25-05204\/","name":"Tribunal judiciaire de Paris, le 16 juin 2025, n\u00b025\/05204 - Ma\u00eetre Hassan Kohen, avocat en droit p\u00e9nal \u00e0 Paris","isPartOf":{"@id":"https:\/\/kohenavocats.com\/zh-hans\/#website"},"primaryImageOfPage":{"@id":"https:\/\/kohenavocats.com\/zh-hans\/tribunal-judiciaire-de-paris-le-16-juin-2025-n25-05204\/#primaryimage"},"image":{"@id":"https:\/\/kohenavocats.com\/zh-hans\/tribunal-judiciaire-de-paris-le-16-juin-2025-n25-05204\/#primaryimage"},"thumbnailUrl":"https:\/\/kohenavocats.com\/wp-content\/uploads\/2024\/07\/leonard-cotte-R5scocnOOdM-unsplash.webp","datePublished":"2026-04-23T03:44:55+00:00","description":"Le juge des contentieux de la protection, statuant le 16 juin 2025, examine une demande en expulsion form\u00e9e par un gestionnaire de logement-foyer. L'occupant...","breadcrumb":{"@id":"https:\/\/kohenavocats.com\/zh-hans\/tribunal-judiciaire-de-paris-le-16-juin-2025-n25-05204\/#breadcrumb"},"inLanguage":"zh-Hans","potentialAction":[{"@type":"ReadAction","target":["https:\/\/kohenavocats.com\/zh-hans\/tribunal-judiciaire-de-paris-le-16-juin-2025-n25-05204\/"]}]},{"@type":"ImageObject","inLanguage":"zh-Hans","@id":"https:\/\/kohenavocats.com\/zh-hans\/tribunal-judiciaire-de-paris-le-16-juin-2025-n25-05204\/#primaryimage","url":"https:\/\/kohenavocats.com\/wp-content\/uploads\/2024\/07\/leonard-cotte-R5scocnOOdM-unsplash.webp","contentUrl":"https:\/\/kohenavocats.com\/wp-content\/uploads\/2024\/07\/leonard-cotte-R5scocnOOdM-unsplash.webp","width":5520,"height":3905},{"@type":"BreadcrumbList","@id":"https:\/\/kohenavocats.com\/zh-hans\/tribunal-judiciaire-de-paris-le-16-juin-2025-n25-05204\/#breadcrumb","itemListElement":[{"@type":"ListItem","position":1,"name":"Home","item":"https:\/\/kohenavocats.com\/zh-hans\/"},{"@type":"ListItem","position":2,"name":"Tribunal judiciaire de Paris, le 16 juin 2025, n\u00b025\/05204"}]},{"@type":"WebSite","@id":"https:\/\/kohenavocats.com\/zh-hans\/#website","url":"https:\/\/kohenavocats.com\/zh-hans\/","name":"Kohen Avocats","description":"Ma\u00eetre Hassan Kohen, avocat p\u00e9naliste \u00e0 Paris, intervient exclusivement en droit p\u00e9nal pour la d\u00e9fense des particuliers, notamment en mati\u00e8re d\u2019accusations de viol. Il assure un accompagnement rigoureux d\u00e8s la garde \u00e0 vue jusqu\u2019\u00e0 la Cour d\u2019assises, veillant au strict respect des garanties proc\u00e9durales.","publisher":{"@id":"https:\/\/kohenavocats.com\/zh-hans\/#organization"},"potentialAction":[{"@type":"SearchAction","target":{"@type":"EntryPoint","urlTemplate":"https:\/\/kohenavocats.com\/zh-hans\/?s={search_term_string}"},"query-input":{"@type":"PropertyValueSpecification","valueRequired":true,"valueName":"search_term_string"}}],"inLanguage":"zh-Hans"},{"@type":"Organization","@id":"https:\/\/kohenavocats.com\/zh-hans\/#organization","name":"Kohen Avocats","url":"https:\/\/kohenavocats.com\/zh-hans\/","logo":{"@type":"ImageObject","inLanguage":"zh-Hans","@id":"https:\/\/kohenavocats.com\/zh-hans\/#\/schema\/logo\/image\/","url":"https:\/\/kohenavocats.com\/wp-content\/uploads\/2026\/01\/Logo-2-1.webp","contentUrl":"https:\/\/kohenavocats.com\/wp-content\/uploads\/2026\/01\/Logo-2-1.webp","width":2114,"height":1253,"caption":"Kohen Avocats"},"image":{"@id":"https:\/\/kohenavocats.com\/zh-hans\/#\/schema\/logo\/image\/"}},{"@type":"Person","@id":"https:\/\/kohenavocats.com\/zh-hans\/#\/schema\/person\/761c9ba54fa1ca84d405cef0831ff751","name":"Kohen","image":{"@type":"ImageObject","inLanguage":"zh-Hans","@id":"https:\/\/secure.gravatar.com\/avatar\/1c5e76ef76bbbfdd2b4da984e2bf2fa4056fd51a27d25ce2c332047f1dfd6e00?s=96&d=identicon&r=g","url":"https:\/\/secure.gravatar.com\/avatar\/1c5e76ef76bbbfdd2b4da984e2bf2fa4056fd51a27d25ce2c332047f1dfd6e00?s=96&d=identicon&r=g","contentUrl":"https:\/\/secure.gravatar.com\/avatar\/1c5e76ef76bbbfdd2b4da984e2bf2fa4056fd51a27d25ce2c332047f1dfd6e00?s=96&d=identicon&r=g","caption":"Kohen"},"sameAs":["https:\/\/www.linkedin.com\/in\/hassan-kohen-448548192\/","https:\/\/www.youtube.com\/@Kohen-Avocats"],"url":"https:\/\/kohenavocats.com\/zh-hans\/author\/kohenmlk\/"}]}},"jetpack_featured_media_url":"https:\/\/kohenavocats.com\/wp-content\/uploads\/2024\/07\/leonard-cotte-R5scocnOOdM-unsplash.webp","jetpack_likes_enabled":false,"jetpack_shortlink":"https:\/\/wp.me\/peCrII-2Kxg","jetpack-related-posts":[{"id":268969,"url":"https:\/\/kohenavocats.com\/zh-hans\/tribunal-judiciaire-de-paris-le-26-juin-2025-n25-01911\/","url_meta":{"origin":655542,"position":0},"title":"Tribunal judiciaire de Paris, le 26 juin 2025, n\u00b025\/01911","author":"Kohen","date":"2026\u5e741\u670810\u65e5","format":false,"excerpt":"Rendu par le juge des contentieux de la protection\u2026","rel":"","context":"\u5728\u201cD\u00e9cisions juridiques\u201d\u4e2d","block_context":{"text":"D\u00e9cisions juridiques","link":"https:\/\/kohenavocats.com\/category\/decisions-juridiques\/"},"img":{"alt_text":"","src":"https:\/\/i0.wp.com\/kohenavocats.com\/wp-content\/uploads\/2024\/11\/davey-gravy-JkcYTtNfFgw-unsplash.webp?resize=350%2C200&ssl=1","width":350,"height":200,"srcset":"https:\/\/i0.wp.com\/kohenavocats.com\/wp-content\/uploads\/2024\/11\/davey-gravy-JkcYTtNfFgw-unsplash.webp?resize=350%2C200&ssl=1 1x, https:\/\/i0.wp.com\/kohenavocats.com\/wp-content\/uploads\/2024\/11\/davey-gravy-JkcYTtNfFgw-unsplash.webp?resize=525%2C300&ssl=1 1.5x, https:\/\/i0.wp.com\/kohenavocats.com\/wp-content\/uploads\/2024\/11\/davey-gravy-JkcYTtNfFgw-unsplash.webp?resize=700%2C400&ssl=1 2x, https:\/\/i0.wp.com\/kohenavocats.com\/wp-content\/uploads\/2024\/11\/davey-gravy-JkcYTtNfFgw-unsplash.webp?resize=1050%2C600&ssl=1 3x, https:\/\/i0.wp.com\/kohenavocats.com\/wp-content\/uploads\/2024\/11\/davey-gravy-JkcYTtNfFgw-unsplash.webp?resize=1400%2C800&ssl=1 4x"},"classes":[]},{"id":487026,"url":"https:\/\/kohenavocats.com\/zh-hans\/tribunal-judiciaire-de-marseille-le-21-novembre-2025-n25-04968\/","url_meta":{"origin":655542,"position":1},"title":"Tribunal judiciaire de Marseille, le 21 novembre 2025, n\u00b025\/04968","author":"Kohen","date":"2026\u5e744\u67088\u65e5","format":false,"excerpt":"Le juge des contentieux de la protection, statuant\u2026","rel":"","context":"\u5728\u201cJurisprudence\u201d\u4e2d","block_context":{"text":"Jurisprudence","link":"https:\/\/kohenavocats.com\/category\/jurisprudence\/"},"img":{"alt_text":"","src":"https:\/\/i0.wp.com\/kohenavocats.com\/wp-content\/uploads\/2024\/08\/waqar-KY7GFNrxoOY-unsplash-2.webp?resize=350%2C200&ssl=1","width":350,"height":200,"srcset":"https:\/\/i0.wp.com\/kohenavocats.com\/wp-content\/uploads\/2024\/08\/waqar-KY7GFNrxoOY-unsplash-2.webp?resize=350%2C200&ssl=1 1x, https:\/\/i0.wp.com\/kohenavocats.com\/wp-content\/uploads\/2024\/08\/waqar-KY7GFNrxoOY-unsplash-2.webp?resize=525%2C300&ssl=1 1.5x, https:\/\/i0.wp.com\/kohenavocats.com\/wp-content\/uploads\/2024\/08\/waqar-KY7GFNrxoOY-unsplash-2.webp?resize=700%2C400&ssl=1 2x, https:\/\/i0.wp.com\/kohenavocats.com\/wp-content\/uploads\/2024\/08\/waqar-KY7GFNrxoOY-unsplash-2.webp?resize=1050%2C600&ssl=1 3x, https:\/\/i0.wp.com\/kohenavocats.com\/wp-content\/uploads\/2024\/08\/waqar-KY7GFNrxoOY-unsplash-2.webp?resize=1400%2C800&ssl=1 4x"},"classes":[]},{"id":288467,"url":"https:\/\/kohenavocats.com\/zh-hans\/tribunal-judiciaire-de-paris-le-30-juin-2025-n25-02371\/","url_meta":{"origin":655542,"position":2},"title":"Tribunal judiciaire de Paris, le 30 juin 2025, n\u00b025\/02371","author":"Kohen","date":"2026\u5e741\u670816\u65e5","format":false,"excerpt":"Le juge des contentieux de la protection du tribun\u2026","rel":"","context":"\u5728\u201cD\u00e9cisions juridiques\u201d\u4e2d","block_context":{"text":"D\u00e9cisions juridiques","link":"https:\/\/kohenavocats.com\/category\/decisions-juridiques\/"},"img":{"alt_text":"","src":"https:\/\/i0.wp.com\/kohenavocats.com\/wp-content\/uploads\/2024\/08\/karla-caloca-2uGxst615P4-unsplash.webp?resize=350%2C200&ssl=1","width":350,"height":200,"srcset":"https:\/\/i0.wp.com\/kohenavocats.com\/wp-content\/uploads\/2024\/08\/karla-caloca-2uGxst615P4-unsplash.webp?resize=350%2C200&ssl=1 1x, https:\/\/i0.wp.com\/kohenavocats.com\/wp-content\/uploads\/2024\/08\/karla-caloca-2uGxst615P4-unsplash.webp?resize=525%2C300&ssl=1 1.5x, https:\/\/i0.wp.com\/kohenavocats.com\/wp-content\/uploads\/2024\/08\/karla-caloca-2uGxst615P4-unsplash.webp?resize=700%2C400&ssl=1 2x, https:\/\/i0.wp.com\/kohenavocats.com\/wp-content\/uploads\/2024\/08\/karla-caloca-2uGxst615P4-unsplash.webp?resize=1050%2C600&ssl=1 3x, https:\/\/i0.wp.com\/kohenavocats.com\/wp-content\/uploads\/2024\/08\/karla-caloca-2uGxst615P4-unsplash.webp?resize=1400%2C800&ssl=1 4x"},"classes":[]},{"id":669963,"url":"https:\/\/kohenavocats.com\/zh-hans\/tribunal-judiciaire-de-marseille-le-27-aout-2025-n25-03597\/","url_meta":{"origin":655542,"position":3},"title":"Tribunal judiciaire de Marseille, le 27 ao\u00fbt 2025, n\u00b025\/03597","author":"Kohen","date":"2026\u5e744\u670824\u65e5","format":false,"excerpt":"Le juge des contentieux de la protection, statuant\u2026","rel":"","context":"\u5728\u201cCode des assurances\u201d\u4e2d","block_context":{"text":"Code des assurances","link":"https:\/\/kohenavocats.com\/category\/code-des-assurances\/"},"img":{"alt_text":"","src":"https:\/\/i0.wp.com\/kohenavocats.com\/wp-content\/uploads\/2024\/11\/kamran-abdullayev-KGkwMo7r-kA-unsplash.webp?resize=350%2C200&ssl=1","width":350,"height":200,"srcset":"https:\/\/i0.wp.com\/kohenavocats.com\/wp-content\/uploads\/2024\/11\/kamran-abdullayev-KGkwMo7r-kA-unsplash.webp?resize=350%2C200&ssl=1 1x, https:\/\/i0.wp.com\/kohenavocats.com\/wp-content\/uploads\/2024\/11\/kamran-abdullayev-KGkwMo7r-kA-unsplash.webp?resize=525%2C300&ssl=1 1.5x, https:\/\/i0.wp.com\/kohenavocats.com\/wp-content\/uploads\/2024\/11\/kamran-abdullayev-KGkwMo7r-kA-unsplash.webp?resize=700%2C400&ssl=1 2x, https:\/\/i0.wp.com\/kohenavocats.com\/wp-content\/uploads\/2024\/11\/kamran-abdullayev-KGkwMo7r-kA-unsplash.webp?resize=1050%2C600&ssl=1 3x, https:\/\/i0.wp.com\/kohenavocats.com\/wp-content\/uploads\/2024\/11\/kamran-abdullayev-KGkwMo7r-kA-unsplash.webp?resize=1400%2C800&ssl=1 4x"},"classes":[]},{"id":493388,"url":"https:\/\/kohenavocats.com\/zh-hans\/tribunal-judiciaire-de-marseille-le-7-novembre-2025-n25-04501\/","url_meta":{"origin":655542,"position":4},"title":"Tribunal judiciaire de Marseille, le 7 novembre 2025, n\u00b025\/04501","author":"Kohen","date":"2026\u5e744\u67088\u65e5","format":false,"excerpt":"Le tribunal judiciaire de Marseille, statuant en r\u2026","rel":"","context":"\u5728\u201cJurisprudence\u201d\u4e2d","block_context":{"text":"Jurisprudence","link":"https:\/\/kohenavocats.com\/category\/jurisprudence\/"},"img":{"alt_text":"","src":"https:\/\/i0.wp.com\/kohenavocats.com\/wp-content\/uploads\/2024\/11\/laura-adai-aOfktR2DUFI-unsplash.webp?resize=350%2C200&ssl=1","width":350,"height":200,"srcset":"https:\/\/i0.wp.com\/kohenavocats.com\/wp-content\/uploads\/2024\/11\/laura-adai-aOfktR2DUFI-unsplash.webp?resize=350%2C200&ssl=1 1x, https:\/\/i0.wp.com\/kohenavocats.com\/wp-content\/uploads\/2024\/11\/laura-adai-aOfktR2DUFI-unsplash.webp?resize=525%2C300&ssl=1 1.5x, https:\/\/i0.wp.com\/kohenavocats.com\/wp-content\/uploads\/2024\/11\/laura-adai-aOfktR2DUFI-unsplash.webp?resize=700%2C400&ssl=1 2x, https:\/\/i0.wp.com\/kohenavocats.com\/wp-content\/uploads\/2024\/11\/laura-adai-aOfktR2DUFI-unsplash.webp?resize=1050%2C600&ssl=1 3x, https:\/\/i0.wp.com\/kohenavocats.com\/wp-content\/uploads\/2024\/11\/laura-adai-aOfktR2DUFI-unsplash.webp?resize=1400%2C800&ssl=1 4x"},"classes":[]},{"id":466829,"url":"https:\/\/kohenavocats.com\/zh-hans\/tribunal-judiciaire-de-versailles-2025-12-05-n25-00267\/","url_meta":{"origin":655542,"position":5},"title":"Tribunal judiciaire de Versailles &#8211; 2025-12-05 &#8211; n\u00b025\/00267","author":"Kohen","date":"2026\u5e744\u67087\u65e5","format":false,"excerpt":"Le juge des contentieux de la protection, statuant\u2026","rel":"","context":"\u5728\u201cJurisprudence\u201d\u4e2d","block_context":{"text":"Jurisprudence","link":"https:\/\/kohenavocats.com\/category\/jurisprudence\/"},"img":{"alt_text":"","src":"https:\/\/i0.wp.com\/kohenavocats.com\/wp-content\/uploads\/2024\/06\/the-free-birds-9nGaQJjAAng-unsplash.webp?resize=350%2C200&ssl=1","width":350,"height":200,"srcset":"https:\/\/i0.wp.com\/kohenavocats.com\/wp-content\/uploads\/2024\/06\/the-free-birds-9nGaQJjAAng-unsplash.webp?resize=350%2C200&ssl=1 1x, https:\/\/i0.wp.com\/kohenavocats.com\/wp-content\/uploads\/2024\/06\/the-free-birds-9nGaQJjAAng-unsplash.webp?resize=525%2C300&ssl=1 1.5x, https:\/\/i0.wp.com\/kohenavocats.com\/wp-content\/uploads\/2024\/06\/the-free-birds-9nGaQJjAAng-unsplash.webp?resize=700%2C400&ssl=1 2x, https:\/\/i0.wp.com\/kohenavocats.com\/wp-content\/uploads\/2024\/06\/the-free-birds-9nGaQJjAAng-unsplash.webp?resize=1050%2C600&ssl=1 3x, https:\/\/i0.wp.com\/kohenavocats.com\/wp-content\/uploads\/2024\/06\/the-free-birds-9nGaQJjAAng-unsplash.webp?resize=1400%2C800&ssl=1 4x"},"classes":[]}],"jetpack_sharing_enabled":true,"_links":{"self":[{"href":"https:\/\/kohenavocats.com\/zh-hans\/wp-json\/wp\/v2\/posts\/655542","targetHints":{"allow":["GET"]}}],"collection":[{"href":"https:\/\/kohenavocats.com\/zh-hans\/wp-json\/wp\/v2\/posts"}],"about":[{"href":"https:\/\/kohenavocats.com\/zh-hans\/wp-json\/wp\/v2\/types\/post"}],"author":[{"embeddable":true,"href":"https:\/\/kohenavocats.com\/zh-hans\/wp-json\/wp\/v2\/users\/232070755"}],"replies":[{"embeddable":true,"href":"https:\/\/kohenavocats.com\/zh-hans\/wp-json\/wp\/v2\/comments?post=655542"}],"version-history":[{"count":0,"href":"https:\/\/kohenavocats.com\/zh-hans\/wp-json\/wp\/v2\/posts\/655542\/revisions"}],"wp:featuredmedia":[{"embeddable":true,"href":"https:\/\/kohenavocats.com\/zh-hans\/wp-json\/wp\/v2\/media\/3908"}],"wp:attachment":[{"href":"https:\/\/kohenavocats.com\/zh-hans\/wp-json\/wp\/v2\/media?parent=655542"}],"wp:term":[{"taxonomy":"category","embeddable":true,"href":"https:\/\/kohenavocats.com\/zh-hans\/wp-json\/wp\/v2\/categories?post=655542"},{"taxonomy":"post_tag","embeddable":true,"href":"https:\/\/kohenavocats.com\/zh-hans\/wp-json\/wp\/v2\/tags?post=655542"}],"curies":[{"name":"wp","href":"https:\/\/api.w.org\/{rel}","templated":true}]}}