{"id":655596,"date":"2026-04-23T05:48:57","date_gmt":"2026-04-23T03:48:57","guid":{"rendered":"https:\/\/kohenavocats.com\/tribunal-judiciaire-de-chambery-le-30-septembre-2025-n25-00044\/"},"modified":"2026-04-23T05:48:57","modified_gmt":"2026-04-23T03:48:57","slug":"tribunal-judiciaire-de-chambery-le-30-septembre-2025-n25-00044","status":"publish","type":"post","link":"https:\/\/kohenavocats.com\/zh-hans\/tribunal-judiciaire-de-chambery-le-30-septembre-2025-n25-00044\/","title":{"rendered":"Tribunal judiciaire de Chamb\u00e9ry, le 30 septembre 2025, n\u00b025\/00044"},"content":{"rendered":"<div class=\"article-content\">\n<p>Le tribunal judiciaire de Chamb\u00e9ry, statuant en r\u00e9f\u00e9r\u00e9 le 30 septembre 2025, a examin\u00e9 une demande d&#8217;ordonnance commune \u00e0 une expertise. La proc\u00e9dure opposait plusieurs soci\u00e9t\u00e9s intervenant sur un chantier \u00e0 la suite de d\u00e9sordres. Le juge a d\u00fb d\u00e9terminer les conditions de mise en cause de tiers \u00e0 une mesure d&#8217;instruction. Il a rendu commune l&#8217;expertise \u00e0 deux soci\u00e9t\u00e9s fournisseurs et a statu\u00e9 sur les d\u00e9pens.<\/p>\n<p>La recevabilit\u00e9 de l&#8217;appel en cause fond\u00e9 sur un lien contractuel<\/p>\n<p>Le juge des r\u00e9f\u00e9r\u00e9s admet la mise en cause sur le fondement d&#8217;un lien contractuel suffisamment \u00e9tabli. L&#8217;article 331 du Code de proc\u00e9dure civile permet une mise en cause aux fins de condamnation ou pour rendre commun le jugement. La d\u00e9cision exige un int\u00e9r\u00eat l\u00e9gitime \u00e0 l&#8217;intervention du tiers dans l&#8217;instance. En l&#8217;esp\u00e8ce, la production de factures entre les soci\u00e9t\u00e9s a constitu\u00e9 l&#8217;\u00e9l\u00e9ment probant d\u00e9cisif. &#8220;D\u00e8s lors, un lien contractuel entre les deux soci\u00e9t\u00e9s existe et est suffisamment rapport\u00e9&#8221; (Motifs, I). Cette approche consacre une interpr\u00e9tation souple de la preuve du lien justificatif. Elle facilite l&#8217;extension du contradictoire aux diff\u00e9rents maillons contractuels d&#8217;une cha\u00eene de travaux.<\/p>\n<p>La nature probante d&#8217;une facture pour \u00e9tablir le lien justificatif<\/p>\n<p>Le juge retient la facture comme preuve suffisante du lien contractuel justifiant la mise en cause. Il \u00e9carte l&#8217;argument d&#8217;une interpr\u00e9tation n\u00e9cessaire du document par le juge du fond. &#8220;Il sera rappel\u00e9 qu\u2019il n\u2019appartient pas au juge des r\u00e9f\u00e9r\u00e9s, juge de l\u2019\u00e9vidence, d\u2019interpr\u00e9ter les termes d\u2019une facture&#8221; (Motifs, I). La simple identification de l&#8217;\u00e9metteur et du destinataire sur la facture est consid\u00e9r\u00e9e comme probante. Cette solution affirme l&#8217;autonomie de l&#8217;appr\u00e9ciation du juge des r\u00e9f\u00e9r\u00e9s en mati\u00e8re de preuve. Elle garantit l&#8217;efficacit\u00e9 de la mesure d&#8217;instruction en \u00e9vitant des d\u00e9bats pr\u00e9matur\u00e9s sur le fond.<\/p>\n<p>La r\u00e9partition des d\u00e9pens et le rejet des demandes indemnitaires<\/p>\n<p>La d\u00e9cision statue sur les demandes accessoires en appliquant strictement les textes proc\u00e9duraux. Concernant les d\u00e9pens, le juge suit le principe de la charge \u00e0 la partie perdante \u00e9nonc\u00e9 \u00e0 l&#8217;article 696. &#8220;Les d\u00e9pens doivent demeurer \u00e0 la charge de la soci\u00e9t\u00e9 Menuiserie Nicoletti et de la soci\u00e9t\u00e9 Mauriennaise du Bois, demanderesses&#8221; (Motifs, II). S&#8217;agissant de l&#8217;article 700 du Code de proc\u00e9dure civile, aucune condamnation n&#8217;est prononc\u00e9e \u00e0 ce stade. Le juge estime qu&#8217;aucune raison d&#8217;\u00e9quit\u00e9 ne justifie une telle allocation dans le cadre de cette proc\u00e9dure. Cette position rappelle le caract\u00e8re discr\u00e9tionnaire de l&#8217;allocation d&#8217;une indemnit\u00e9 pour frais irr\u00e9p\u00e9tibles.<\/p>\n<p>La port\u00e9e de la d\u00e9cision pour les mesures d&#8217;instruction pr\u00e9paratoires<\/p>\n<p>L&#8217;ordonnance pr\u00e9cise les effets pratiques de la mise en cause dans le cadre de l&#8217;expertise. L&#8217;expert doit informer les nouveaux intervenants des constatations d\u00e9j\u00e0 effectu\u00e9es. Il doit \u00e9galement les inviter \u00e0 toutes les op\u00e9rations futures pour garantir le contradictoire. Cette pr\u00e9cision op\u00e9rationnelle assure l&#8217;opposabilit\u00e9 du futur rapport d&#8217;expertise \u00e0 l&#8217;ensemble des parties. La d\u00e9cision illustre ainsi la gestion proc\u00e9durale d&#8217;une expertise complexe impliquant plusieurs acteurs. Elle sert de guide pour la bonne ex\u00e9cution des mesures d&#8217;instruction ordonn\u00e9es en r\u00e9f\u00e9r\u00e9.<\/p>\n<\/div>\n","protected":false},"excerpt":{"rendered":"<p>Le tribunal judiciaire de Chamb\u00e9ry, statuant en r\u00e9f\u00e9r\u00e9 le 30 septembre 2025, a examin\u00e9 une demande d&#8217;ordonnance commune \u00e0 une expertise. La proc\u00e9dure opposai&#8230;<\/p>\n","protected":false},"author":232070755,"featured_media":9611,"comment_status":"open","ping_status":"open","sticky":false,"template":"","format":"standard","meta":{"_crdt_document":"","_jetpack_newsletter_access":"","_jetpack_dont_email_post_to_subs":false,"_jetpack_newsletter_tier_id":0,"_jetpack_memberships_contains_paywalled_content":false,"_kj_source_type":"judilibre","_kj_official_id":"68dd9748548223b2c7ad7f45","_kj_official_url":"https:\/\/www.courdecassation.fr\/decision\/68dd9748548223b2c7ad7f45","_kj_judilibre_id":"68dd9748548223b2c7ad7f45","_kj_jur":"Tribunal judiciaire","_kj_lieu":"Tribunal judiciaire d'Albertville","_kj_chambre":"3e ch. REFERES PAF","_kj_rg":"25\/00044","_kj_date":"2025-09-30","_jetpack_memberships_contains_paid_content":false,"footnotes":"","jetpack_post_was_ever_published":false},"categories":[7597],"tags":[],"class_list":["post-655596","post","type-post","status-publish","format-standard","has-post-thumbnail","hentry","category-jurisprudence"],"yoast_head":"<!-- This site is optimized with the Yoast SEO Premium plugin v27.5 (Yoast SEO v27.5) - https:\/\/yoast.com\/product\/yoast-seo-premium-wordpress\/ -->\n<title>Tribunal judiciaire de Chamb\u00e9ry, le 30 septembre 2025, n\u00b025\/00044 - Ma\u00eetre Hassan Kohen, avocat en droit p\u00e9nal \u00e0 Paris<\/title>\n<meta name=\"description\" content=\"Le tribunal judiciaire de Chamb\u00e9ry, statuant en r\u00e9f\u00e9r\u00e9 le 30 septembre 2025, a examin\u00e9 une demande d&#039;ordonnance commune \u00e0 une expertise. La proc\u00e9dure opposai...\" \/>\n<meta name=\"robots\" content=\"index, follow, max-snippet:-1, max-image-preview:large, max-video-preview:-1\" \/>\n<link rel=\"canonical\" href=\"https:\/\/kohenavocats.com\/zh-hans\/tribunal-judiciaire-de-chambery-le-30-septembre-2025-n25-00044\/\" \/>\n<meta property=\"og:locale\" content=\"zh_CN\" \/>\n<meta property=\"og:type\" content=\"article\" \/>\n<meta property=\"og:title\" content=\"Tribunal judiciaire de Chamb\u00e9ry, le 30 septembre 2025, n\u00b025\/00044\" \/>\n<meta property=\"og:description\" content=\"Le tribunal judiciaire de Chamb\u00e9ry, statuant en r\u00e9f\u00e9r\u00e9 le 30 septembre 2025, a examin\u00e9 une demande d&#039;ordonnance commune \u00e0 une expertise. La proc\u00e9dure opposai...\" \/>\n<meta property=\"og:url\" content=\"https:\/\/kohenavocats.com\/zh-hans\/tribunal-judiciaire-de-chambery-le-30-septembre-2025-n25-00044\/\" \/>\n<meta property=\"og:site_name\" content=\"Ma\u00eetre Hassan Kohen, avocat en droit p\u00e9nal \u00e0 Paris\" \/>\n<meta property=\"article:published_time\" content=\"2026-04-23T03:48:57+00:00\" \/>\n<meta property=\"og:image\" content=\"https:\/\/kohenavocats.com\/wp-content\/uploads\/2024\/11\/nigel-hoare-1YyTewQMpmU-unsplash.webp\" \/>\n\t<meta property=\"og:image:width\" content=\"7680\" \/>\n\t<meta property=\"og:image:height\" content=\"4320\" \/>\n\t<meta property=\"og:image:type\" content=\"image\/webp\" \/>\n<meta name=\"author\" content=\"Kohen\" \/>\n<meta name=\"twitter:card\" content=\"summary_large_image\" \/>\n<meta name=\"twitter:label1\" content=\"\u4f5c\u8005\" \/>\n\t<meta name=\"twitter:data1\" content=\"Kohen\" \/>\n\t<meta name=\"twitter:label2\" content=\"\u9884\u8ba1\u9605\u8bfb\u65f6\u95f4\" \/>\n\t<meta name=\"twitter:data2\" content=\"3 \u5206\" \/>\n<script type=\"application\/ld+json\" class=\"yoast-schema-graph\">{\"@context\":\"https:\\\/\\\/schema.org\",\"@graph\":[{\"@type\":\"Article\",\"@id\":\"https:\\\/\\\/kohenavocats.com\\\/zh-hans\\\/tribunal-judiciaire-de-chambery-le-30-septembre-2025-n25-00044\\\/#article\",\"isPartOf\":{\"@id\":\"https:\\\/\\\/kohenavocats.com\\\/zh-hans\\\/tribunal-judiciaire-de-chambery-le-30-septembre-2025-n25-00044\\\/\"},\"author\":{\"name\":\"Kohen\",\"@id\":\"https:\\\/\\\/kohenavocats.com\\\/zh-hans\\\/#\\\/schema\\\/person\\\/761c9ba54fa1ca84d405cef0831ff751\"},\"headline\":\"Tribunal judiciaire de Chamb\u00e9ry, le 30 septembre 2025, n\u00b025\\\/00044\",\"datePublished\":\"2026-04-23T03:48:57+00:00\",\"mainEntityOfPage\":{\"@id\":\"https:\\\/\\\/kohenavocats.com\\\/zh-hans\\\/tribunal-judiciaire-de-chambery-le-30-septembre-2025-n25-00044\\\/\"},\"wordCount\":596,\"commentCount\":0,\"publisher\":{\"@id\":\"https:\\\/\\\/kohenavocats.com\\\/zh-hans\\\/#organization\"},\"image\":{\"@id\":\"https:\\\/\\\/kohenavocats.com\\\/zh-hans\\\/tribunal-judiciaire-de-chambery-le-30-septembre-2025-n25-00044\\\/#primaryimage\"},\"thumbnailUrl\":\"https:\\\/\\\/kohenavocats.com\\\/wp-content\\\/uploads\\\/2024\\\/11\\\/nigel-hoare-1YyTewQMpmU-unsplash.webp\",\"articleSection\":[\"Jurisprudence\"],\"inLanguage\":\"zh-Hans\",\"potentialAction\":[{\"@type\":\"CommentAction\",\"name\":\"Comment\",\"target\":[\"https:\\\/\\\/kohenavocats.com\\\/zh-hans\\\/tribunal-judiciaire-de-chambery-le-30-septembre-2025-n25-00044\\\/#respond\"]}],\"citation\":\"Tribunal judiciaire de Chamb\u00e9ry, le 30 septembre 2025, n\u00b025\\\/00044\",\"about\":[{\"@type\":\"Thing\",\"name\":\"Jurisprudence\"}],\"dateModified\":\"2026-04-23T03:48:57+00:00\",\"speakable\":{\"@type\":\"SpeakableSpecification\",\"cssSelector\":[\".article-content > p:first-of-type\"]}},{\"@type\":\"WebPage\",\"@id\":\"https:\\\/\\\/kohenavocats.com\\\/zh-hans\\\/tribunal-judiciaire-de-chambery-le-30-septembre-2025-n25-00044\\\/\",\"url\":\"https:\\\/\\\/kohenavocats.com\\\/zh-hans\\\/tribunal-judiciaire-de-chambery-le-30-septembre-2025-n25-00044\\\/\",\"name\":\"Tribunal judiciaire de Chamb\u00e9ry, le 30 septembre 2025, n\u00b025\\\/00044 - Ma\u00eetre Hassan Kohen, avocat en droit p\u00e9nal \u00e0 Paris\",\"isPartOf\":{\"@id\":\"https:\\\/\\\/kohenavocats.com\\\/zh-hans\\\/#website\"},\"primaryImageOfPage\":{\"@id\":\"https:\\\/\\\/kohenavocats.com\\\/zh-hans\\\/tribunal-judiciaire-de-chambery-le-30-septembre-2025-n25-00044\\\/#primaryimage\"},\"image\":{\"@id\":\"https:\\\/\\\/kohenavocats.com\\\/zh-hans\\\/tribunal-judiciaire-de-chambery-le-30-septembre-2025-n25-00044\\\/#primaryimage\"},\"thumbnailUrl\":\"https:\\\/\\\/kohenavocats.com\\\/wp-content\\\/uploads\\\/2024\\\/11\\\/nigel-hoare-1YyTewQMpmU-unsplash.webp\",\"datePublished\":\"2026-04-23T03:48:57+00:00\",\"description\":\"Le tribunal judiciaire de Chamb\u00e9ry, statuant en r\u00e9f\u00e9r\u00e9 le 30 septembre 2025, a examin\u00e9 une demande d'ordonnance commune \u00e0 une expertise. La proc\u00e9dure opposai...\",\"breadcrumb\":{\"@id\":\"https:\\\/\\\/kohenavocats.com\\\/zh-hans\\\/tribunal-judiciaire-de-chambery-le-30-septembre-2025-n25-00044\\\/#breadcrumb\"},\"inLanguage\":\"zh-Hans\",\"potentialAction\":[{\"@type\":\"ReadAction\",\"target\":[\"https:\\\/\\\/kohenavocats.com\\\/zh-hans\\\/tribunal-judiciaire-de-chambery-le-30-septembre-2025-n25-00044\\\/\"]}]},{\"@type\":\"ImageObject\",\"inLanguage\":\"zh-Hans\",\"@id\":\"https:\\\/\\\/kohenavocats.com\\\/zh-hans\\\/tribunal-judiciaire-de-chambery-le-30-septembre-2025-n25-00044\\\/#primaryimage\",\"url\":\"https:\\\/\\\/kohenavocats.com\\\/wp-content\\\/uploads\\\/2024\\\/11\\\/nigel-hoare-1YyTewQMpmU-unsplash.webp\",\"contentUrl\":\"https:\\\/\\\/kohenavocats.com\\\/wp-content\\\/uploads\\\/2024\\\/11\\\/nigel-hoare-1YyTewQMpmU-unsplash.webp\",\"width\":7680,\"height\":4320},{\"@type\":\"BreadcrumbList\",\"@id\":\"https:\\\/\\\/kohenavocats.com\\\/zh-hans\\\/tribunal-judiciaire-de-chambery-le-30-septembre-2025-n25-00044\\\/#breadcrumb\",\"itemListElement\":[{\"@type\":\"ListItem\",\"position\":1,\"name\":\"Home\",\"item\":\"https:\\\/\\\/kohenavocats.com\\\/zh-hans\\\/\"},{\"@type\":\"ListItem\",\"position\":2,\"name\":\"Tribunal judiciaire de Chamb\u00e9ry, le 30 septembre 2025, n\u00b025\\\/00044\"}]},{\"@type\":\"WebSite\",\"@id\":\"https:\\\/\\\/kohenavocats.com\\\/zh-hans\\\/#website\",\"url\":\"https:\\\/\\\/kohenavocats.com\\\/zh-hans\\\/\",\"name\":\"Kohen Avocats\",\"description\":\"Ma\u00eetre Hassan Kohen, avocat p\u00e9naliste \u00e0 Paris, intervient exclusivement en droit p\u00e9nal pour la d\u00e9fense des particuliers, notamment en mati\u00e8re d\u2019accusations de viol. Il assure un accompagnement rigoureux d\u00e8s la garde \u00e0 vue jusqu\u2019\u00e0 la Cour d\u2019assises, veillant au strict respect des garanties proc\u00e9durales.\",\"publisher\":{\"@id\":\"https:\\\/\\\/kohenavocats.com\\\/zh-hans\\\/#organization\"},\"potentialAction\":[{\"@type\":\"SearchAction\",\"target\":{\"@type\":\"EntryPoint\",\"urlTemplate\":\"https:\\\/\\\/kohenavocats.com\\\/zh-hans\\\/?s={search_term_string}\"},\"query-input\":{\"@type\":\"PropertyValueSpecification\",\"valueRequired\":true,\"valueName\":\"search_term_string\"}}],\"inLanguage\":\"zh-Hans\"},{\"@type\":\"Organization\",\"@id\":\"https:\\\/\\\/kohenavocats.com\\\/zh-hans\\\/#organization\",\"name\":\"Kohen Avocats\",\"url\":\"https:\\\/\\\/kohenavocats.com\\\/zh-hans\\\/\",\"logo\":{\"@type\":\"ImageObject\",\"inLanguage\":\"zh-Hans\",\"@id\":\"https:\\\/\\\/kohenavocats.com\\\/zh-hans\\\/#\\\/schema\\\/logo\\\/image\\\/\",\"url\":\"https:\\\/\\\/kohenavocats.com\\\/wp-content\\\/uploads\\\/2026\\\/01\\\/Logo-2-1.webp\",\"contentUrl\":\"https:\\\/\\\/kohenavocats.com\\\/wp-content\\\/uploads\\\/2026\\\/01\\\/Logo-2-1.webp\",\"width\":2114,\"height\":1253,\"caption\":\"Kohen Avocats\"},\"image\":{\"@id\":\"https:\\\/\\\/kohenavocats.com\\\/zh-hans\\\/#\\\/schema\\\/logo\\\/image\\\/\"}},{\"@type\":\"Person\",\"@id\":\"https:\\\/\\\/kohenavocats.com\\\/zh-hans\\\/#\\\/schema\\\/person\\\/761c9ba54fa1ca84d405cef0831ff751\",\"name\":\"Kohen\",\"image\":{\"@type\":\"ImageObject\",\"inLanguage\":\"zh-Hans\",\"@id\":\"https:\\\/\\\/secure.gravatar.com\\\/avatar\\\/1c5e76ef76bbbfdd2b4da984e2bf2fa4056fd51a27d25ce2c332047f1dfd6e00?s=96&d=identicon&r=g\",\"url\":\"https:\\\/\\\/secure.gravatar.com\\\/avatar\\\/1c5e76ef76bbbfdd2b4da984e2bf2fa4056fd51a27d25ce2c332047f1dfd6e00?s=96&d=identicon&r=g\",\"contentUrl\":\"https:\\\/\\\/secure.gravatar.com\\\/avatar\\\/1c5e76ef76bbbfdd2b4da984e2bf2fa4056fd51a27d25ce2c332047f1dfd6e00?s=96&d=identicon&r=g\",\"caption\":\"Kohen\"},\"sameAs\":[\"https:\\\/\\\/www.linkedin.com\\\/in\\\/hassan-kohen-448548192\\\/\",\"https:\\\/\\\/www.youtube.com\\\/@Kohen-Avocats\"],\"url\":\"https:\\\/\\\/kohenavocats.com\\\/zh-hans\\\/author\\\/kohenmlk\\\/\"}]}<\/script>\n<!-- \/ Yoast SEO Premium plugin. -->","yoast_head_json":{"title":"Tribunal judiciaire de Chamb\u00e9ry, le 30 septembre 2025, n\u00b025\/00044 - Ma\u00eetre Hassan Kohen, avocat en droit p\u00e9nal \u00e0 Paris","description":"Le tribunal judiciaire de Chamb\u00e9ry, statuant en r\u00e9f\u00e9r\u00e9 le 30 septembre 2025, a examin\u00e9 une demande d'ordonnance commune \u00e0 une expertise. La proc\u00e9dure opposai...","robots":{"index":"index","follow":"follow","max-snippet":"max-snippet:-1","max-image-preview":"max-image-preview:large","max-video-preview":"max-video-preview:-1"},"canonical":"https:\/\/kohenavocats.com\/zh-hans\/tribunal-judiciaire-de-chambery-le-30-septembre-2025-n25-00044\/","og_locale":"zh_CN","og_type":"article","og_title":"Tribunal judiciaire de Chamb\u00e9ry, le 30 septembre 2025, n\u00b025\/00044","og_description":"Le tribunal judiciaire de Chamb\u00e9ry, statuant en r\u00e9f\u00e9r\u00e9 le 30 septembre 2025, a examin\u00e9 une demande d'ordonnance commune \u00e0 une expertise. La proc\u00e9dure opposai...","og_url":"https:\/\/kohenavocats.com\/zh-hans\/tribunal-judiciaire-de-chambery-le-30-septembre-2025-n25-00044\/","og_site_name":"Ma\u00eetre Hassan Kohen, avocat en droit p\u00e9nal \u00e0 Paris","article_published_time":"2026-04-23T03:48:57+00:00","og_image":[{"width":7680,"height":4320,"url":"https:\/\/kohenavocats.com\/wp-content\/uploads\/2024\/11\/nigel-hoare-1YyTewQMpmU-unsplash.webp","type":"image\/webp"}],"author":"Kohen","twitter_card":"summary_large_image","twitter_misc":{"\u4f5c\u8005":"Kohen","\u9884\u8ba1\u9605\u8bfb\u65f6\u95f4":"3 \u5206"},"schema":{"@context":"https:\/\/schema.org","@graph":[{"@type":"Article","@id":"https:\/\/kohenavocats.com\/zh-hans\/tribunal-judiciaire-de-chambery-le-30-septembre-2025-n25-00044\/#article","isPartOf":{"@id":"https:\/\/kohenavocats.com\/zh-hans\/tribunal-judiciaire-de-chambery-le-30-septembre-2025-n25-00044\/"},"author":{"name":"Kohen","@id":"https:\/\/kohenavocats.com\/zh-hans\/#\/schema\/person\/761c9ba54fa1ca84d405cef0831ff751"},"headline":"Tribunal judiciaire de Chamb\u00e9ry, le 30 septembre 2025, n\u00b025\/00044","datePublished":"2026-04-23T03:48:57+00:00","mainEntityOfPage":{"@id":"https:\/\/kohenavocats.com\/zh-hans\/tribunal-judiciaire-de-chambery-le-30-septembre-2025-n25-00044\/"},"wordCount":596,"commentCount":0,"publisher":{"@id":"https:\/\/kohenavocats.com\/zh-hans\/#organization"},"image":{"@id":"https:\/\/kohenavocats.com\/zh-hans\/tribunal-judiciaire-de-chambery-le-30-septembre-2025-n25-00044\/#primaryimage"},"thumbnailUrl":"https:\/\/kohenavocats.com\/wp-content\/uploads\/2024\/11\/nigel-hoare-1YyTewQMpmU-unsplash.webp","articleSection":["Jurisprudence"],"inLanguage":"zh-Hans","potentialAction":[{"@type":"CommentAction","name":"Comment","target":["https:\/\/kohenavocats.com\/zh-hans\/tribunal-judiciaire-de-chambery-le-30-septembre-2025-n25-00044\/#respond"]}],"citation":"Tribunal judiciaire de Chamb\u00e9ry, le 30 septembre 2025, n\u00b025\/00044","about":[{"@type":"Thing","name":"Jurisprudence"}],"dateModified":"2026-04-23T03:48:57+00:00","speakable":{"@type":"SpeakableSpecification","cssSelector":[".article-content > p:first-of-type"]}},{"@type":"WebPage","@id":"https:\/\/kohenavocats.com\/zh-hans\/tribunal-judiciaire-de-chambery-le-30-septembre-2025-n25-00044\/","url":"https:\/\/kohenavocats.com\/zh-hans\/tribunal-judiciaire-de-chambery-le-30-septembre-2025-n25-00044\/","name":"Tribunal judiciaire de Chamb\u00e9ry, le 30 septembre 2025, n\u00b025\/00044 - Ma\u00eetre Hassan Kohen, avocat en droit p\u00e9nal \u00e0 Paris","isPartOf":{"@id":"https:\/\/kohenavocats.com\/zh-hans\/#website"},"primaryImageOfPage":{"@id":"https:\/\/kohenavocats.com\/zh-hans\/tribunal-judiciaire-de-chambery-le-30-septembre-2025-n25-00044\/#primaryimage"},"image":{"@id":"https:\/\/kohenavocats.com\/zh-hans\/tribunal-judiciaire-de-chambery-le-30-septembre-2025-n25-00044\/#primaryimage"},"thumbnailUrl":"https:\/\/kohenavocats.com\/wp-content\/uploads\/2024\/11\/nigel-hoare-1YyTewQMpmU-unsplash.webp","datePublished":"2026-04-23T03:48:57+00:00","description":"Le tribunal judiciaire de Chamb\u00e9ry, statuant en r\u00e9f\u00e9r\u00e9 le 30 septembre 2025, a examin\u00e9 une demande d'ordonnance commune \u00e0 une expertise. La proc\u00e9dure opposai...","breadcrumb":{"@id":"https:\/\/kohenavocats.com\/zh-hans\/tribunal-judiciaire-de-chambery-le-30-septembre-2025-n25-00044\/#breadcrumb"},"inLanguage":"zh-Hans","potentialAction":[{"@type":"ReadAction","target":["https:\/\/kohenavocats.com\/zh-hans\/tribunal-judiciaire-de-chambery-le-30-septembre-2025-n25-00044\/"]}]},{"@type":"ImageObject","inLanguage":"zh-Hans","@id":"https:\/\/kohenavocats.com\/zh-hans\/tribunal-judiciaire-de-chambery-le-30-septembre-2025-n25-00044\/#primaryimage","url":"https:\/\/kohenavocats.com\/wp-content\/uploads\/2024\/11\/nigel-hoare-1YyTewQMpmU-unsplash.webp","contentUrl":"https:\/\/kohenavocats.com\/wp-content\/uploads\/2024\/11\/nigel-hoare-1YyTewQMpmU-unsplash.webp","width":7680,"height":4320},{"@type":"BreadcrumbList","@id":"https:\/\/kohenavocats.com\/zh-hans\/tribunal-judiciaire-de-chambery-le-30-septembre-2025-n25-00044\/#breadcrumb","itemListElement":[{"@type":"ListItem","position":1,"name":"Home","item":"https:\/\/kohenavocats.com\/zh-hans\/"},{"@type":"ListItem","position":2,"name":"Tribunal judiciaire de Chamb\u00e9ry, le 30 septembre 2025, n\u00b025\/00044"}]},{"@type":"WebSite","@id":"https:\/\/kohenavocats.com\/zh-hans\/#website","url":"https:\/\/kohenavocats.com\/zh-hans\/","name":"Kohen Avocats","description":"Ma\u00eetre Hassan Kohen, avocat p\u00e9naliste \u00e0 Paris, intervient exclusivement en droit p\u00e9nal pour la d\u00e9fense des particuliers, notamment en mati\u00e8re d\u2019accusations de viol. Il assure un accompagnement rigoureux d\u00e8s la garde \u00e0 vue jusqu\u2019\u00e0 la Cour d\u2019assises, veillant au strict respect des garanties proc\u00e9durales.","publisher":{"@id":"https:\/\/kohenavocats.com\/zh-hans\/#organization"},"potentialAction":[{"@type":"SearchAction","target":{"@type":"EntryPoint","urlTemplate":"https:\/\/kohenavocats.com\/zh-hans\/?s={search_term_string}"},"query-input":{"@type":"PropertyValueSpecification","valueRequired":true,"valueName":"search_term_string"}}],"inLanguage":"zh-Hans"},{"@type":"Organization","@id":"https:\/\/kohenavocats.com\/zh-hans\/#organization","name":"Kohen Avocats","url":"https:\/\/kohenavocats.com\/zh-hans\/","logo":{"@type":"ImageObject","inLanguage":"zh-Hans","@id":"https:\/\/kohenavocats.com\/zh-hans\/#\/schema\/logo\/image\/","url":"https:\/\/kohenavocats.com\/wp-content\/uploads\/2026\/01\/Logo-2-1.webp","contentUrl":"https:\/\/kohenavocats.com\/wp-content\/uploads\/2026\/01\/Logo-2-1.webp","width":2114,"height":1253,"caption":"Kohen Avocats"},"image":{"@id":"https:\/\/kohenavocats.com\/zh-hans\/#\/schema\/logo\/image\/"}},{"@type":"Person","@id":"https:\/\/kohenavocats.com\/zh-hans\/#\/schema\/person\/761c9ba54fa1ca84d405cef0831ff751","name":"Kohen","image":{"@type":"ImageObject","inLanguage":"zh-Hans","@id":"https:\/\/secure.gravatar.com\/avatar\/1c5e76ef76bbbfdd2b4da984e2bf2fa4056fd51a27d25ce2c332047f1dfd6e00?s=96&d=identicon&r=g","url":"https:\/\/secure.gravatar.com\/avatar\/1c5e76ef76bbbfdd2b4da984e2bf2fa4056fd51a27d25ce2c332047f1dfd6e00?s=96&d=identicon&r=g","contentUrl":"https:\/\/secure.gravatar.com\/avatar\/1c5e76ef76bbbfdd2b4da984e2bf2fa4056fd51a27d25ce2c332047f1dfd6e00?s=96&d=identicon&r=g","caption":"Kohen"},"sameAs":["https:\/\/www.linkedin.com\/in\/hassan-kohen-448548192\/","https:\/\/www.youtube.com\/@Kohen-Avocats"],"url":"https:\/\/kohenavocats.com\/zh-hans\/author\/kohenmlk\/"}]}},"jetpack_featured_media_url":"https:\/\/kohenavocats.com\/wp-content\/uploads\/2024\/11\/nigel-hoare-1YyTewQMpmU-unsplash.webp","jetpack_likes_enabled":false,"jetpack_shortlink":"https:\/\/wp.me\/peCrII-2Ky8","jetpack-related-posts":[{"id":666860,"url":"https:\/\/kohenavocats.com\/zh-hans\/cour-dappel-de-chambery-le-23-septembre-2025-n25-00280\/","url_meta":{"origin":655596,"position":0},"title":"Cour d&#8217;appel de Chamb\u00e9ry, le 23 septembre 2025, n\u00b025\/00280","author":"Kohen","date":"2026\u5e744\u670824\u65e5","format":false,"excerpt":"La cour d'appel de Chamb\u00e9ry, le 23 septembre 2025,\u2026","rel":"","context":"\u5728\u201cJurisprudence\u201d\u4e2d","block_context":{"text":"Jurisprudence","link":"https:\/\/kohenavocats.com\/category\/jurisprudence\/"},"img":{"alt_text":"","src":"https:\/\/i0.wp.com\/kohenavocats.com\/wp-content\/uploads\/2024\/11\/getty-images-KSt0_N9TP08-unsplash.webp?resize=350%2C200&ssl=1","width":350,"height":200,"srcset":"https:\/\/i0.wp.com\/kohenavocats.com\/wp-content\/uploads\/2024\/11\/getty-images-KSt0_N9TP08-unsplash.webp?resize=350%2C200&ssl=1 1x, https:\/\/i0.wp.com\/kohenavocats.com\/wp-content\/uploads\/2024\/11\/getty-images-KSt0_N9TP08-unsplash.webp?resize=525%2C300&ssl=1 1.5x, https:\/\/i0.wp.com\/kohenavocats.com\/wp-content\/uploads\/2024\/11\/getty-images-KSt0_N9TP08-unsplash.webp?resize=700%2C400&ssl=1 2x, https:\/\/i0.wp.com\/kohenavocats.com\/wp-content\/uploads\/2024\/11\/getty-images-KSt0_N9TP08-unsplash.webp?resize=1050%2C600&ssl=1 3x, https:\/\/i0.wp.com\/kohenavocats.com\/wp-content\/uploads\/2024\/11\/getty-images-KSt0_N9TP08-unsplash.webp?resize=1400%2C800&ssl=1 4x"},"classes":[]},{"id":499871,"url":"https:\/\/kohenavocats.com\/zh-hans\/tribunal-judiciaire-de-nimes-le-26-novembre-2025-n25-00643\/","url_meta":{"origin":655596,"position":1},"title":"Tribunal judiciaire de N\u00eemes, le 26 novembre 2025, n\u00b025\/00643","author":"Kohen","date":"2026\u5e744\u67088\u65e5","format":false,"excerpt":"Le tribunal judiciaire de N\u00eemes, statuant en r\u00e9f\u00e9r\u2026","rel":"","context":"\u5728\u201cD\u00e9cisions juridiques\u201d\u4e2d","block_context":{"text":"D\u00e9cisions juridiques","link":"https:\/\/kohenavocats.com\/category\/decisions-juridiques\/"},"img":{"alt_text":"","src":"https:\/\/i0.wp.com\/kohenavocats.com\/wp-content\/uploads\/2024\/08\/julio-wolf-_eilSGpKYlY-unsplash.webp?resize=350%2C200&ssl=1","width":350,"height":200,"srcset":"https:\/\/i0.wp.com\/kohenavocats.com\/wp-content\/uploads\/2024\/08\/julio-wolf-_eilSGpKYlY-unsplash.webp?resize=350%2C200&ssl=1 1x, https:\/\/i0.wp.com\/kohenavocats.com\/wp-content\/uploads\/2024\/08\/julio-wolf-_eilSGpKYlY-unsplash.webp?resize=525%2C300&ssl=1 1.5x, https:\/\/i0.wp.com\/kohenavocats.com\/wp-content\/uploads\/2024\/08\/julio-wolf-_eilSGpKYlY-unsplash.webp?resize=700%2C400&ssl=1 2x, https:\/\/i0.wp.com\/kohenavocats.com\/wp-content\/uploads\/2024\/08\/julio-wolf-_eilSGpKYlY-unsplash.webp?resize=1050%2C600&ssl=1 3x, https:\/\/i0.wp.com\/kohenavocats.com\/wp-content\/uploads\/2024\/08\/julio-wolf-_eilSGpKYlY-unsplash.webp?resize=1400%2C800&ssl=1 4x"},"classes":[]},{"id":667221,"url":"https:\/\/kohenavocats.com\/zh-hans\/tribunal-judiciaire-de-chambery-le-28-janvier-2025-n25-00242\/","url_meta":{"origin":655596,"position":2},"title":"Tribunal judiciaire de Chamb\u00e9ry, le 28 janvier 2025, n\u00b025\/00242","author":"Kohen","date":"2026\u5e744\u670824\u65e5","format":false,"excerpt":"Le tribunal judiciaire de Chamb\u00e9ry, statuant en r\u00e9\u2026","rel":"","context":"\u5728\u201cJurisprudence\u201d\u4e2d","block_context":{"text":"Jurisprudence","link":"https:\/\/kohenavocats.com\/category\/jurisprudence\/"},"img":{"alt_text":"","src":"https:\/\/i0.wp.com\/kohenavocats.com\/wp-content\/uploads\/2024\/11\/pawel-czerwinski-WVPJ3ISFRZs-unsplash.webp?resize=350%2C200&ssl=1","width":350,"height":200,"srcset":"https:\/\/i0.wp.com\/kohenavocats.com\/wp-content\/uploads\/2024\/11\/pawel-czerwinski-WVPJ3ISFRZs-unsplash.webp?resize=350%2C200&ssl=1 1x, https:\/\/i0.wp.com\/kohenavocats.com\/wp-content\/uploads\/2024\/11\/pawel-czerwinski-WVPJ3ISFRZs-unsplash.webp?resize=525%2C300&ssl=1 1.5x, https:\/\/i0.wp.com\/kohenavocats.com\/wp-content\/uploads\/2024\/11\/pawel-czerwinski-WVPJ3ISFRZs-unsplash.webp?resize=700%2C400&ssl=1 2x, https:\/\/i0.wp.com\/kohenavocats.com\/wp-content\/uploads\/2024\/11\/pawel-czerwinski-WVPJ3ISFRZs-unsplash.webp?resize=1050%2C600&ssl=1 3x, https:\/\/i0.wp.com\/kohenavocats.com\/wp-content\/uploads\/2024\/11\/pawel-czerwinski-WVPJ3ISFRZs-unsplash.webp?resize=1400%2C800&ssl=1 4x"},"classes":[]},{"id":488252,"url":"https:\/\/kohenavocats.com\/zh-hans\/tribunal-judiciaire-de-lyon-le-25-novembre-2025-n25-00247\/","url_meta":{"origin":655596,"position":3},"title":"Tribunal judiciaire de Lyon, le 25 novembre 2025, n\u00b025\/00247","author":"Kohen","date":"2026\u5e744\u67088\u65e5","format":false,"excerpt":"Le tribunal judiciaire de Lyon, statuant en r\u00e9f\u00e9r\u00e9\u2026","rel":"","context":"\u5728\u201cJurisprudence\u201d\u4e2d","block_context":{"text":"Jurisprudence","link":"https:\/\/kohenavocats.com\/category\/jurisprudence\/"},"img":{"alt_text":"","src":"https:\/\/i0.wp.com\/kohenavocats.com\/wp-content\/uploads\/2024\/08\/giammarco-boscaro-a_VP5ObtzWk-unsplash.webp?resize=350%2C200&ssl=1","width":350,"height":200,"srcset":"https:\/\/i0.wp.com\/kohenavocats.com\/wp-content\/uploads\/2024\/08\/giammarco-boscaro-a_VP5ObtzWk-unsplash.webp?resize=350%2C200&ssl=1 1x, https:\/\/i0.wp.com\/kohenavocats.com\/wp-content\/uploads\/2024\/08\/giammarco-boscaro-a_VP5ObtzWk-unsplash.webp?resize=525%2C300&ssl=1 1.5x, https:\/\/i0.wp.com\/kohenavocats.com\/wp-content\/uploads\/2024\/08\/giammarco-boscaro-a_VP5ObtzWk-unsplash.webp?resize=700%2C400&ssl=1 2x, https:\/\/i0.wp.com\/kohenavocats.com\/wp-content\/uploads\/2024\/08\/giammarco-boscaro-a_VP5ObtzWk-unsplash.webp?resize=1050%2C600&ssl=1 3x, https:\/\/i0.wp.com\/kohenavocats.com\/wp-content\/uploads\/2024\/08\/giammarco-boscaro-a_VP5ObtzWk-unsplash.webp?resize=1400%2C800&ssl=1 4x"},"classes":[]},{"id":475677,"url":"https:\/\/kohenavocats.com\/zh-hans\/tribunal-judiciaire-de-bourg-en-bresse-le-18-juillet-2025-n25-00244\/","url_meta":{"origin":655596,"position":4},"title":"Tribunal judiciaire de Bourg-en-Bresse, le 18 juillet 2025, n\u00b025\/00244","author":"Kohen","date":"2026\u5e744\u67087\u65e5","format":false,"excerpt":"Le tribunal judiciaire de Bourg-en-Bresse, statuan\u2026","rel":"","context":"\u5728\u201cJurisprudence\u201d\u4e2d","block_context":{"text":"Jurisprudence","link":"https:\/\/kohenavocats.com\/category\/jurisprudence\/"},"img":{"alt_text":"","src":"https:\/\/i0.wp.com\/kohenavocats.com\/wp-content\/uploads\/2024\/11\/kristijan-arsov-A2a12i_diJs-unsplash.webp?resize=350%2C200&ssl=1","width":350,"height":200,"srcset":"https:\/\/i0.wp.com\/kohenavocats.com\/wp-content\/uploads\/2024\/11\/kristijan-arsov-A2a12i_diJs-unsplash.webp?resize=350%2C200&ssl=1 1x, https:\/\/i0.wp.com\/kohenavocats.com\/wp-content\/uploads\/2024\/11\/kristijan-arsov-A2a12i_diJs-unsplash.webp?resize=525%2C300&ssl=1 1.5x, https:\/\/i0.wp.com\/kohenavocats.com\/wp-content\/uploads\/2024\/11\/kristijan-arsov-A2a12i_diJs-unsplash.webp?resize=700%2C400&ssl=1 2x, https:\/\/i0.wp.com\/kohenavocats.com\/wp-content\/uploads\/2024\/11\/kristijan-arsov-A2a12i_diJs-unsplash.webp?resize=1050%2C600&ssl=1 3x, https:\/\/i0.wp.com\/kohenavocats.com\/wp-content\/uploads\/2024\/11\/kristijan-arsov-A2a12i_diJs-unsplash.webp?resize=1400%2C800&ssl=1 4x"},"classes":[]},{"id":625197,"url":"https:\/\/kohenavocats.com\/zh-hans\/tribunal-judiciaire-de-vannes-le-16-octobre-2025-n25-00301\/","url_meta":{"origin":655596,"position":5},"title":"Tribunal judiciaire de Vannes, le 16 octobre 2025, n\u00b025\/00301","author":"Kohen","date":"2026\u5e744\u670820\u65e5","format":false,"excerpt":"Le tribunal judiciaire de Vannes, le 16 octobre 20\u2026","rel":"","context":"\u5728\u201cJurisprudence\u201d\u4e2d","block_context":{"text":"Jurisprudence","link":"https:\/\/kohenavocats.com\/category\/jurisprudence\/"},"img":{"alt_text":"","src":"https:\/\/i0.wp.com\/kohenavocats.com\/wp-content\/uploads\/2024\/11\/alex-shuper-EpYGXgIeTTQ-unsplash.webp?resize=350%2C200&ssl=1","width":350,"height":200,"srcset":"https:\/\/i0.wp.com\/kohenavocats.com\/wp-content\/uploads\/2024\/11\/alex-shuper-EpYGXgIeTTQ-unsplash.webp?resize=350%2C200&ssl=1 1x, https:\/\/i0.wp.com\/kohenavocats.com\/wp-content\/uploads\/2024\/11\/alex-shuper-EpYGXgIeTTQ-unsplash.webp?resize=525%2C300&ssl=1 1.5x, https:\/\/i0.wp.com\/kohenavocats.com\/wp-content\/uploads\/2024\/11\/alex-shuper-EpYGXgIeTTQ-unsplash.webp?resize=700%2C400&ssl=1 2x, https:\/\/i0.wp.com\/kohenavocats.com\/wp-content\/uploads\/2024\/11\/alex-shuper-EpYGXgIeTTQ-unsplash.webp?resize=1050%2C600&ssl=1 3x, https:\/\/i0.wp.com\/kohenavocats.com\/wp-content\/uploads\/2024\/11\/alex-shuper-EpYGXgIeTTQ-unsplash.webp?resize=1400%2C800&ssl=1 4x"},"classes":[]}],"jetpack_sharing_enabled":true,"_links":{"self":[{"href":"https:\/\/kohenavocats.com\/zh-hans\/wp-json\/wp\/v2\/posts\/655596","targetHints":{"allow":["GET"]}}],"collection":[{"href":"https:\/\/kohenavocats.com\/zh-hans\/wp-json\/wp\/v2\/posts"}],"about":[{"href":"https:\/\/kohenavocats.com\/zh-hans\/wp-json\/wp\/v2\/types\/post"}],"author":[{"embeddable":true,"href":"https:\/\/kohenavocats.com\/zh-hans\/wp-json\/wp\/v2\/users\/232070755"}],"replies":[{"embeddable":true,"href":"https:\/\/kohenavocats.com\/zh-hans\/wp-json\/wp\/v2\/comments?post=655596"}],"version-history":[{"count":0,"href":"https:\/\/kohenavocats.com\/zh-hans\/wp-json\/wp\/v2\/posts\/655596\/revisions"}],"wp:featuredmedia":[{"embeddable":true,"href":"https:\/\/kohenavocats.com\/zh-hans\/wp-json\/wp\/v2\/media\/9611"}],"wp:attachment":[{"href":"https:\/\/kohenavocats.com\/zh-hans\/wp-json\/wp\/v2\/media?parent=655596"}],"wp:term":[{"taxonomy":"category","embeddable":true,"href":"https:\/\/kohenavocats.com\/zh-hans\/wp-json\/wp\/v2\/categories?post=655596"},{"taxonomy":"post_tag","embeddable":true,"href":"https:\/\/kohenavocats.com\/zh-hans\/wp-json\/wp\/v2\/tags?post=655596"}],"curies":[{"name":"wp","href":"https:\/\/api.w.org\/{rel}","templated":true}]}}