{"id":655882,"date":"2026-04-23T06:20:43","date_gmt":"2026-04-23T04:20:43","guid":{"rendered":"https:\/\/kohenavocats.com\/tribunal-judiciaire-de-saint-denis-de-la-reunion-le-12-decembre-2025-n23-00040\/"},"modified":"2026-04-23T06:20:43","modified_gmt":"2026-04-23T04:20:43","slug":"tribunal-judiciaire-de-saint-denis-de-la-reunion-le-12-decembre-2025-n23-00040","status":"publish","type":"post","link":"https:\/\/kohenavocats.com\/zh-hans\/tribunal-judiciaire-de-saint-denis-de-la-reunion-le-12-decembre-2025-n23-00040\/","title":{"rendered":"Tribunal judiciaire de Saint-Denis de La R\u00e9union, le 12 d\u00e9cembre 2025, n\u00b023\/00040"},"content":{"rendered":"<div class=\"article-content\">\n<p>Le tribunal judiciaire de Saint-Denis de La R\u00e9union, statuant en premier ressort, a rendu son jugement le 12 d\u00e9cembre 2025. L&#8217;affaire concernait la fixation du taux d&#8217;incapacit\u00e9 permanente partielle suite \u00e0 un accident du travail survenu en juillet 2020. Apr\u00e8s une proc\u00e9dure contradictoire et une expertise judiciaire, la juridiction a fix\u00e9 ce taux \u00e0 z\u00e9ro pour cent. Elle a \u00e9galement condamn\u00e9 la caisse de s\u00e9curit\u00e9 sociale, partie perdante, aux d\u00e9pens de l&#8217;instance.<\/p>\n<p>La d\u00e9termination souveraine du taux d&#8217;incapacit\u00e9<\/p>\n<p>Le pouvoir d&#8217;appr\u00e9ciation des juges du fond<\/p>\n<p>Le tribunal rappelle le principe selon lequel le taux d\u2019incapacit\u00e9 permanente partielle rel\u00e8ve de l\u2019appr\u00e9ciation souveraine et motiv\u00e9e des juges du fond. Ces derniers ne sont pas tenus de s&#8217;expliquer sur les \u00e9l\u00e9ments de preuve qu&#8217;ils \u00e9cartent. Ils ne doivent pas non plus suivre m\u00e9caniquement les pr\u00e9conisations du bar\u00e8me indicatif d&#8217;invalidit\u00e9. Ce pouvoir souverain s&#8217;exerce en fonction de l&#8217;\u00e9tat s\u00e9quellaire au jour de la consolidation. La d\u00e9cision illustre cette libert\u00e9 en \u00e9cartant les estimations divergentes des m\u00e9decins conseils des parties. Le juge fonde exclusivement sa conviction sur les conclusions de l&#8217;expert judiciaire qu&#8217;il fait siennes.<\/p>\n<p>La primaut\u00e9 de l&#8217;expertise judiciaire sur les avis m\u00e9dicaux contradictoires<\/p>\n<p>En l&#8217;esp\u00e8ce, la caisse avait produit un courrier \u00e9lectronique argumentant pour un taux de sept pour cent. Elle invoquait une incidence professionnelle li\u00e9e au m\u00e9tier exerc\u00e9. Le tribunal \u00e9carte cet \u00e9l\u00e9ment au profit des conclusions de l&#8217;expert. Celles-ci mettent en \u00e9vidence l&#8217;absence de d\u00e9monstration de l&#8217;existence de s\u00e9quelles fonctionnelles conserv\u00e9es. &#8220;Mais cette argumentation n\u2019est pas de nature \u00e0 contredire utilement les conclusions claires et \u00e9tay\u00e9es de l&#8217;expert judiciaire, que le tribunal fait siennes&#8221; (Motifs, Sur la d\u00e9termination du taux d&#8217;incapacit\u00e9 permanente). La d\u00e9cision consacre ainsi l&#8217;autorit\u00e9 particuli\u00e8re de l&#8217;expertise judiciaire. Elle sert de fondement unique \u00e0 la fixation du taux \u00e0 z\u00e9ro pour cent, malgr\u00e9 des avis m\u00e9dicaux ant\u00e9rieurs diff\u00e9rents.<\/p>\n<p>Les cons\u00e9quences proc\u00e9durales de la d\u00e9cision au fond<\/p>\n<p>L&#8217;imputation des d\u00e9pens \u00e0 la partie perdante<\/p>\n<p>Sur le terrain des d\u00e9pens, le tribunal applique le principe de droit commun. Il se r\u00e9f\u00e8re \u00e0 l&#8217;article 696 du code de proc\u00e9dure civile. &#8220;La partie perdante est condamn\u00e9e aux d\u00e9pens, \u00e0 moins que le juge, par d\u00e9cision motiv\u00e9e, n&#8217;en mette la totalit\u00e9 ou une fraction \u00e0 la charge d&#8217;une autre partie&#8221; (Motifs, Sur les d\u00e9pens). La caisse, \u00e9tant la partie perdante sur le fond, est condamn\u00e9e aux d\u00e9pens de l&#8217;instance. Cette solution est conforme \u00e0 la jurisprudence usuelle, comme le rappelle un jugement strasbourgeois r\u00e9cent. &#8220;Attendu qu\u2019il n\u2019y a aucune raison en l\u2019esp\u00e8ce de d\u00e9roger \u00e0 la r\u00e8gle g\u00e9n\u00e9rale d\u2019imputation de la totalit\u00e9 des d\u00e9pens \u00e0 la partie perdante&#8221; (Tribunal judiciaire de Strasbourg, le 3 d\u00e9cembre 2025, n\u00b024\/00675). La d\u00e9cision r\u00e9affirme ce principe sans y d\u00e9roger.<\/p>\n<p>La distinction sp\u00e9cifique concernant les frais d&#8217;expertise<\/p>\n<p>Toutefois, le tribunal op\u00e8re une distinction notable concernant les frais d&#8217;expertise. Il pr\u00e9cise que ces frais resteront \u00e0 la charge de la partie qui les a engag\u00e9s. Cette pr\u00e9cision d\u00e9roge au principe g\u00e9n\u00e9ral de la condamnation aux d\u00e9pens. Elle isole les frais d&#8217;expertise du reste des d\u00e9pens de l&#8217;instance. Cette r\u00e9partition peut s&#8217;analyser comme une forme de partage des frais li\u00e9s \u00e0 la preuve. Elle t\u00e9moigne du pouvoir discr\u00e9tionnaire du juge dans l&#8217;imputation des d\u00e9pens. La motivation succincte n&#8217;en pr\u00e9cise pas les raisons, mais l&#8217;effet est clair. La charge financi\u00e8re de l&#8217;expertise, \u00e9l\u00e9ment probatoire central, est dissoci\u00e9e du sort des autres frais de proc\u00e9dure.<\/p>\n<p>Cette d\u00e9cision rappelle avec force l&#8217;autorit\u00e9 souveraine du juge dans l&#8217;appr\u00e9ciation des preuves m\u00e9dicales. Elle confirme la primaut\u00e9 de l&#8217;expertise judiciaire sur les estimations des m\u00e9decins conseils des parties. En fixant un taux d&#8217;incapacit\u00e9 \u00e0 z\u00e9ro, elle exige une d\u00e9monstration certaine de s\u00e9quelles fonctionnelles. Sur le plan proc\u00e9dural, elle applique strictement les r\u00e8gles sur les d\u00e9pens tout en am\u00e9nageant le sort des frais d&#8217;expertise. Cette solution illustre le contr\u00f4le strict exerc\u00e9 par le juge judiciaire sur les d\u00e9cisions des organismes de s\u00e9curit\u00e9 sociale.<\/p>\n<\/div>\n","protected":false},"excerpt":{"rendered":"<p>Le tribunal judiciaire de Saint-Denis de La R\u00e9union, statuant en premier ressort, a rendu son jugement le 12 d\u00e9cembre 2025. L&#8217;affaire concernait la fixation &#8230;<\/p>\n","protected":false},"author":232070755,"featured_media":3921,"comment_status":"open","ping_status":"open","sticky":false,"template":"","format":"standard","meta":{"_crdt_document":"","_jetpack_newsletter_access":"","_jetpack_dont_email_post_to_subs":false,"_jetpack_newsletter_tier_id":0,"_jetpack_memberships_contains_paywalled_content":false,"_kj_source_type":"judilibre","_kj_official_id":"68e88bbd3ea43407b9fbcf3b","_kj_official_url":"https:\/\/www.courdecassation.fr\/decision\/68e88bbd3ea43407b9fbcf3b","_kj_judilibre_id":"68e88bbd3ea43407b9fbcf3b","_kj_jur":"Tribunal judiciaire","_kj_lieu":"Tribunal judiciaire de Saint-Denis de La R\u00e9union","_kj_chambre":"CTX PROTECTION SOCIALE","_kj_rg":"23\/00040","_kj_date":"2025-09-30","_jetpack_memberships_contains_paid_content":false,"footnotes":"","jetpack_post_was_ever_published":false},"categories":[7597],"tags":[],"class_list":["post-655882","post","type-post","status-publish","format-standard","has-post-thumbnail","hentry","category-jurisprudence"],"yoast_head":"<!-- This site is optimized with the Yoast SEO Premium plugin v27.5 (Yoast SEO v27.5) - https:\/\/yoast.com\/product\/yoast-seo-premium-wordpress\/ -->\n<title>Tribunal judiciaire de Saint-Denis de La R\u00e9union, le 12 d\u00e9cembre 2025, n\u00b023\/00040 - Ma\u00eetre Hassan Kohen, avocat en droit p\u00e9nal \u00e0 Paris<\/title>\n<meta name=\"description\" content=\"Le tribunal judiciaire de Saint-Denis de La R\u00e9union, statuant en premier ressort, a rendu son jugement le 12 d\u00e9cembre 2025. L&#039;affaire concernait la fixation ...\" \/>\n<meta name=\"robots\" content=\"index, follow, max-snippet:-1, max-image-preview:large, max-video-preview:-1\" \/>\n<link rel=\"canonical\" href=\"https:\/\/kohenavocats.com\/zh-hans\/tribunal-judiciaire-de-saint-denis-de-la-reunion-le-12-decembre-2025-n23-00040\/\" \/>\n<meta property=\"og:locale\" content=\"zh_CN\" \/>\n<meta property=\"og:type\" content=\"article\" \/>\n<meta property=\"og:title\" content=\"Tribunal judiciaire de Saint-Denis de La R\u00e9union, le 12 d\u00e9cembre 2025, n\u00b023\/00040\" \/>\n<meta property=\"og:description\" content=\"Le tribunal judiciaire de Saint-Denis de La R\u00e9union, statuant en premier ressort, a rendu son jugement le 12 d\u00e9cembre 2025. L&#039;affaire concernait la fixation ...\" \/>\n<meta property=\"og:url\" content=\"https:\/\/kohenavocats.com\/zh-hans\/tribunal-judiciaire-de-saint-denis-de-la-reunion-le-12-decembre-2025-n23-00040\/\" \/>\n<meta property=\"og:site_name\" content=\"Ma\u00eetre Hassan Kohen, avocat en droit p\u00e9nal \u00e0 Paris\" \/>\n<meta property=\"article:published_time\" content=\"2026-04-23T04:20:43+00:00\" \/>\n<meta property=\"og:image\" content=\"https:\/\/kohenavocats.com\/wp-content\/uploads\/2024\/07\/wesley-tingey-KJgkqQcdynQ-unsplash.webp\" \/>\n\t<meta property=\"og:image:width\" content=\"5622\" \/>\n\t<meta property=\"og:image:height\" content=\"3748\" \/>\n\t<meta property=\"og:image:type\" content=\"image\/webp\" \/>\n<meta name=\"author\" content=\"Kohen\" \/>\n<meta name=\"twitter:card\" content=\"summary_large_image\" \/>\n<meta name=\"twitter:label1\" content=\"\u4f5c\u8005\" \/>\n\t<meta name=\"twitter:data1\" content=\"Kohen\" \/>\n\t<meta name=\"twitter:label2\" content=\"\u9884\u8ba1\u9605\u8bfb\u65f6\u95f4\" \/>\n\t<meta name=\"twitter:data2\" content=\"4 \u5206\" \/>\n<script type=\"application\/ld+json\" class=\"yoast-schema-graph\">{\"@context\":\"https:\\\/\\\/schema.org\",\"@graph\":[{\"@type\":\"Article\",\"@id\":\"https:\\\/\\\/kohenavocats.com\\\/zh-hans\\\/tribunal-judiciaire-de-saint-denis-de-la-reunion-le-12-decembre-2025-n23-00040\\\/#article\",\"isPartOf\":{\"@id\":\"https:\\\/\\\/kohenavocats.com\\\/zh-hans\\\/tribunal-judiciaire-de-saint-denis-de-la-reunion-le-12-decembre-2025-n23-00040\\\/\"},\"author\":{\"name\":\"Kohen\",\"@id\":\"https:\\\/\\\/kohenavocats.com\\\/zh-hans\\\/#\\\/schema\\\/person\\\/761c9ba54fa1ca84d405cef0831ff751\"},\"headline\":\"Tribunal judiciaire de Saint-Denis de La R\u00e9union, le 12 d\u00e9cembre 2025, n\u00b023\\\/00040\",\"datePublished\":\"2026-04-23T04:20:43+00:00\",\"mainEntityOfPage\":{\"@id\":\"https:\\\/\\\/kohenavocats.com\\\/zh-hans\\\/tribunal-judiciaire-de-saint-denis-de-la-reunion-le-12-decembre-2025-n23-00040\\\/\"},\"wordCount\":769,\"commentCount\":0,\"publisher\":{\"@id\":\"https:\\\/\\\/kohenavocats.com\\\/zh-hans\\\/#organization\"},\"image\":{\"@id\":\"https:\\\/\\\/kohenavocats.com\\\/zh-hans\\\/tribunal-judiciaire-de-saint-denis-de-la-reunion-le-12-decembre-2025-n23-00040\\\/#primaryimage\"},\"thumbnailUrl\":\"https:\\\/\\\/kohenavocats.com\\\/wp-content\\\/uploads\\\/2024\\\/07\\\/wesley-tingey-KJgkqQcdynQ-unsplash.webp\",\"articleSection\":[\"Jurisprudence\"],\"inLanguage\":\"zh-Hans\",\"potentialAction\":[{\"@type\":\"CommentAction\",\"name\":\"Comment\",\"target\":[\"https:\\\/\\\/kohenavocats.com\\\/zh-hans\\\/tribunal-judiciaire-de-saint-denis-de-la-reunion-le-12-decembre-2025-n23-00040\\\/#respond\"]}],\"citation\":\"Tribunal judiciaire de Saint-Denis de La R\u00e9union, le 12 d\u00e9cembre 2025, n\u00b023\\\/00040\",\"about\":[{\"@type\":\"Thing\",\"name\":\"Jurisprudence\"}],\"dateModified\":\"2026-04-23T04:20:43+00:00\",\"speakable\":{\"@type\":\"SpeakableSpecification\",\"cssSelector\":[\".article-content > p:first-of-type\"]}},{\"@type\":\"WebPage\",\"@id\":\"https:\\\/\\\/kohenavocats.com\\\/zh-hans\\\/tribunal-judiciaire-de-saint-denis-de-la-reunion-le-12-decembre-2025-n23-00040\\\/\",\"url\":\"https:\\\/\\\/kohenavocats.com\\\/zh-hans\\\/tribunal-judiciaire-de-saint-denis-de-la-reunion-le-12-decembre-2025-n23-00040\\\/\",\"name\":\"Tribunal judiciaire de Saint-Denis de La R\u00e9union, le 12 d\u00e9cembre 2025, n\u00b023\\\/00040 - Ma\u00eetre Hassan Kohen, avocat en droit p\u00e9nal \u00e0 Paris\",\"isPartOf\":{\"@id\":\"https:\\\/\\\/kohenavocats.com\\\/zh-hans\\\/#website\"},\"primaryImageOfPage\":{\"@id\":\"https:\\\/\\\/kohenavocats.com\\\/zh-hans\\\/tribunal-judiciaire-de-saint-denis-de-la-reunion-le-12-decembre-2025-n23-00040\\\/#primaryimage\"},\"image\":{\"@id\":\"https:\\\/\\\/kohenavocats.com\\\/zh-hans\\\/tribunal-judiciaire-de-saint-denis-de-la-reunion-le-12-decembre-2025-n23-00040\\\/#primaryimage\"},\"thumbnailUrl\":\"https:\\\/\\\/kohenavocats.com\\\/wp-content\\\/uploads\\\/2024\\\/07\\\/wesley-tingey-KJgkqQcdynQ-unsplash.webp\",\"datePublished\":\"2026-04-23T04:20:43+00:00\",\"description\":\"Le tribunal judiciaire de Saint-Denis de La R\u00e9union, statuant en premier ressort, a rendu son jugement le 12 d\u00e9cembre 2025. L'affaire concernait la fixation ...\",\"breadcrumb\":{\"@id\":\"https:\\\/\\\/kohenavocats.com\\\/zh-hans\\\/tribunal-judiciaire-de-saint-denis-de-la-reunion-le-12-decembre-2025-n23-00040\\\/#breadcrumb\"},\"inLanguage\":\"zh-Hans\",\"potentialAction\":[{\"@type\":\"ReadAction\",\"target\":[\"https:\\\/\\\/kohenavocats.com\\\/zh-hans\\\/tribunal-judiciaire-de-saint-denis-de-la-reunion-le-12-decembre-2025-n23-00040\\\/\"]}]},{\"@type\":\"ImageObject\",\"inLanguage\":\"zh-Hans\",\"@id\":\"https:\\\/\\\/kohenavocats.com\\\/zh-hans\\\/tribunal-judiciaire-de-saint-denis-de-la-reunion-le-12-decembre-2025-n23-00040\\\/#primaryimage\",\"url\":\"https:\\\/\\\/kohenavocats.com\\\/wp-content\\\/uploads\\\/2024\\\/07\\\/wesley-tingey-KJgkqQcdynQ-unsplash.webp\",\"contentUrl\":\"https:\\\/\\\/kohenavocats.com\\\/wp-content\\\/uploads\\\/2024\\\/07\\\/wesley-tingey-KJgkqQcdynQ-unsplash.webp\",\"width\":5622,\"height\":3748},{\"@type\":\"BreadcrumbList\",\"@id\":\"https:\\\/\\\/kohenavocats.com\\\/zh-hans\\\/tribunal-judiciaire-de-saint-denis-de-la-reunion-le-12-decembre-2025-n23-00040\\\/#breadcrumb\",\"itemListElement\":[{\"@type\":\"ListItem\",\"position\":1,\"name\":\"Home\",\"item\":\"https:\\\/\\\/kohenavocats.com\\\/zh-hans\\\/\"},{\"@type\":\"ListItem\",\"position\":2,\"name\":\"Tribunal judiciaire de Saint-Denis de La R\u00e9union, le 12 d\u00e9cembre 2025, n\u00b023\\\/00040\"}]},{\"@type\":\"WebSite\",\"@id\":\"https:\\\/\\\/kohenavocats.com\\\/zh-hans\\\/#website\",\"url\":\"https:\\\/\\\/kohenavocats.com\\\/zh-hans\\\/\",\"name\":\"Kohen Avocats\",\"description\":\"Ma\u00eetre Hassan Kohen, avocat p\u00e9naliste \u00e0 Paris, intervient exclusivement en droit p\u00e9nal pour la d\u00e9fense des particuliers, notamment en mati\u00e8re d\u2019accusations de viol. Il assure un accompagnement rigoureux d\u00e8s la garde \u00e0 vue jusqu\u2019\u00e0 la Cour d\u2019assises, veillant au strict respect des garanties proc\u00e9durales.\",\"publisher\":{\"@id\":\"https:\\\/\\\/kohenavocats.com\\\/zh-hans\\\/#organization\"},\"potentialAction\":[{\"@type\":\"SearchAction\",\"target\":{\"@type\":\"EntryPoint\",\"urlTemplate\":\"https:\\\/\\\/kohenavocats.com\\\/zh-hans\\\/?s={search_term_string}\"},\"query-input\":{\"@type\":\"PropertyValueSpecification\",\"valueRequired\":true,\"valueName\":\"search_term_string\"}}],\"inLanguage\":\"zh-Hans\"},{\"@type\":\"Organization\",\"@id\":\"https:\\\/\\\/kohenavocats.com\\\/zh-hans\\\/#organization\",\"name\":\"Kohen Avocats\",\"url\":\"https:\\\/\\\/kohenavocats.com\\\/zh-hans\\\/\",\"logo\":{\"@type\":\"ImageObject\",\"inLanguage\":\"zh-Hans\",\"@id\":\"https:\\\/\\\/kohenavocats.com\\\/zh-hans\\\/#\\\/schema\\\/logo\\\/image\\\/\",\"url\":\"https:\\\/\\\/kohenavocats.com\\\/wp-content\\\/uploads\\\/2026\\\/01\\\/Logo-2-1.webp\",\"contentUrl\":\"https:\\\/\\\/kohenavocats.com\\\/wp-content\\\/uploads\\\/2026\\\/01\\\/Logo-2-1.webp\",\"width\":2114,\"height\":1253,\"caption\":\"Kohen Avocats\"},\"image\":{\"@id\":\"https:\\\/\\\/kohenavocats.com\\\/zh-hans\\\/#\\\/schema\\\/logo\\\/image\\\/\"}},{\"@type\":\"Person\",\"@id\":\"https:\\\/\\\/kohenavocats.com\\\/zh-hans\\\/#\\\/schema\\\/person\\\/761c9ba54fa1ca84d405cef0831ff751\",\"name\":\"Kohen\",\"image\":{\"@type\":\"ImageObject\",\"inLanguage\":\"zh-Hans\",\"@id\":\"https:\\\/\\\/secure.gravatar.com\\\/avatar\\\/1c5e76ef76bbbfdd2b4da984e2bf2fa4056fd51a27d25ce2c332047f1dfd6e00?s=96&d=identicon&r=g\",\"url\":\"https:\\\/\\\/secure.gravatar.com\\\/avatar\\\/1c5e76ef76bbbfdd2b4da984e2bf2fa4056fd51a27d25ce2c332047f1dfd6e00?s=96&d=identicon&r=g\",\"contentUrl\":\"https:\\\/\\\/secure.gravatar.com\\\/avatar\\\/1c5e76ef76bbbfdd2b4da984e2bf2fa4056fd51a27d25ce2c332047f1dfd6e00?s=96&d=identicon&r=g\",\"caption\":\"Kohen\"},\"sameAs\":[\"https:\\\/\\\/www.linkedin.com\\\/in\\\/hassan-kohen-448548192\\\/\",\"https:\\\/\\\/www.youtube.com\\\/@Kohen-Avocats\"],\"url\":\"https:\\\/\\\/kohenavocats.com\\\/zh-hans\\\/author\\\/kohenmlk\\\/\"}]}<\/script>\n<!-- \/ Yoast SEO Premium plugin. -->","yoast_head_json":{"title":"Tribunal judiciaire de Saint-Denis de La R\u00e9union, le 12 d\u00e9cembre 2025, n\u00b023\/00040 - Ma\u00eetre Hassan Kohen, avocat en droit p\u00e9nal \u00e0 Paris","description":"Le tribunal judiciaire de Saint-Denis de La R\u00e9union, statuant en premier ressort, a rendu son jugement le 12 d\u00e9cembre 2025. L'affaire concernait la fixation ...","robots":{"index":"index","follow":"follow","max-snippet":"max-snippet:-1","max-image-preview":"max-image-preview:large","max-video-preview":"max-video-preview:-1"},"canonical":"https:\/\/kohenavocats.com\/zh-hans\/tribunal-judiciaire-de-saint-denis-de-la-reunion-le-12-decembre-2025-n23-00040\/","og_locale":"zh_CN","og_type":"article","og_title":"Tribunal judiciaire de Saint-Denis de La R\u00e9union, le 12 d\u00e9cembre 2025, n\u00b023\/00040","og_description":"Le tribunal judiciaire de Saint-Denis de La R\u00e9union, statuant en premier ressort, a rendu son jugement le 12 d\u00e9cembre 2025. L'affaire concernait la fixation ...","og_url":"https:\/\/kohenavocats.com\/zh-hans\/tribunal-judiciaire-de-saint-denis-de-la-reunion-le-12-decembre-2025-n23-00040\/","og_site_name":"Ma\u00eetre Hassan Kohen, avocat en droit p\u00e9nal \u00e0 Paris","article_published_time":"2026-04-23T04:20:43+00:00","og_image":[{"width":5622,"height":3748,"url":"https:\/\/kohenavocats.com\/wp-content\/uploads\/2024\/07\/wesley-tingey-KJgkqQcdynQ-unsplash.webp","type":"image\/webp"}],"author":"Kohen","twitter_card":"summary_large_image","twitter_misc":{"\u4f5c\u8005":"Kohen","\u9884\u8ba1\u9605\u8bfb\u65f6\u95f4":"4 \u5206"},"schema":{"@context":"https:\/\/schema.org","@graph":[{"@type":"Article","@id":"https:\/\/kohenavocats.com\/zh-hans\/tribunal-judiciaire-de-saint-denis-de-la-reunion-le-12-decembre-2025-n23-00040\/#article","isPartOf":{"@id":"https:\/\/kohenavocats.com\/zh-hans\/tribunal-judiciaire-de-saint-denis-de-la-reunion-le-12-decembre-2025-n23-00040\/"},"author":{"name":"Kohen","@id":"https:\/\/kohenavocats.com\/zh-hans\/#\/schema\/person\/761c9ba54fa1ca84d405cef0831ff751"},"headline":"Tribunal judiciaire de Saint-Denis de La R\u00e9union, le 12 d\u00e9cembre 2025, n\u00b023\/00040","datePublished":"2026-04-23T04:20:43+00:00","mainEntityOfPage":{"@id":"https:\/\/kohenavocats.com\/zh-hans\/tribunal-judiciaire-de-saint-denis-de-la-reunion-le-12-decembre-2025-n23-00040\/"},"wordCount":769,"commentCount":0,"publisher":{"@id":"https:\/\/kohenavocats.com\/zh-hans\/#organization"},"image":{"@id":"https:\/\/kohenavocats.com\/zh-hans\/tribunal-judiciaire-de-saint-denis-de-la-reunion-le-12-decembre-2025-n23-00040\/#primaryimage"},"thumbnailUrl":"https:\/\/kohenavocats.com\/wp-content\/uploads\/2024\/07\/wesley-tingey-KJgkqQcdynQ-unsplash.webp","articleSection":["Jurisprudence"],"inLanguage":"zh-Hans","potentialAction":[{"@type":"CommentAction","name":"Comment","target":["https:\/\/kohenavocats.com\/zh-hans\/tribunal-judiciaire-de-saint-denis-de-la-reunion-le-12-decembre-2025-n23-00040\/#respond"]}],"citation":"Tribunal judiciaire de Saint-Denis de La R\u00e9union, le 12 d\u00e9cembre 2025, n\u00b023\/00040","about":[{"@type":"Thing","name":"Jurisprudence"}],"dateModified":"2026-04-23T04:20:43+00:00","speakable":{"@type":"SpeakableSpecification","cssSelector":[".article-content > p:first-of-type"]}},{"@type":"WebPage","@id":"https:\/\/kohenavocats.com\/zh-hans\/tribunal-judiciaire-de-saint-denis-de-la-reunion-le-12-decembre-2025-n23-00040\/","url":"https:\/\/kohenavocats.com\/zh-hans\/tribunal-judiciaire-de-saint-denis-de-la-reunion-le-12-decembre-2025-n23-00040\/","name":"Tribunal judiciaire de Saint-Denis de La R\u00e9union, le 12 d\u00e9cembre 2025, n\u00b023\/00040 - Ma\u00eetre Hassan Kohen, avocat en droit p\u00e9nal \u00e0 Paris","isPartOf":{"@id":"https:\/\/kohenavocats.com\/zh-hans\/#website"},"primaryImageOfPage":{"@id":"https:\/\/kohenavocats.com\/zh-hans\/tribunal-judiciaire-de-saint-denis-de-la-reunion-le-12-decembre-2025-n23-00040\/#primaryimage"},"image":{"@id":"https:\/\/kohenavocats.com\/zh-hans\/tribunal-judiciaire-de-saint-denis-de-la-reunion-le-12-decembre-2025-n23-00040\/#primaryimage"},"thumbnailUrl":"https:\/\/kohenavocats.com\/wp-content\/uploads\/2024\/07\/wesley-tingey-KJgkqQcdynQ-unsplash.webp","datePublished":"2026-04-23T04:20:43+00:00","description":"Le tribunal judiciaire de Saint-Denis de La R\u00e9union, statuant en premier ressort, a rendu son jugement le 12 d\u00e9cembre 2025. L'affaire concernait la fixation ...","breadcrumb":{"@id":"https:\/\/kohenavocats.com\/zh-hans\/tribunal-judiciaire-de-saint-denis-de-la-reunion-le-12-decembre-2025-n23-00040\/#breadcrumb"},"inLanguage":"zh-Hans","potentialAction":[{"@type":"ReadAction","target":["https:\/\/kohenavocats.com\/zh-hans\/tribunal-judiciaire-de-saint-denis-de-la-reunion-le-12-decembre-2025-n23-00040\/"]}]},{"@type":"ImageObject","inLanguage":"zh-Hans","@id":"https:\/\/kohenavocats.com\/zh-hans\/tribunal-judiciaire-de-saint-denis-de-la-reunion-le-12-decembre-2025-n23-00040\/#primaryimage","url":"https:\/\/kohenavocats.com\/wp-content\/uploads\/2024\/07\/wesley-tingey-KJgkqQcdynQ-unsplash.webp","contentUrl":"https:\/\/kohenavocats.com\/wp-content\/uploads\/2024\/07\/wesley-tingey-KJgkqQcdynQ-unsplash.webp","width":5622,"height":3748},{"@type":"BreadcrumbList","@id":"https:\/\/kohenavocats.com\/zh-hans\/tribunal-judiciaire-de-saint-denis-de-la-reunion-le-12-decembre-2025-n23-00040\/#breadcrumb","itemListElement":[{"@type":"ListItem","position":1,"name":"Home","item":"https:\/\/kohenavocats.com\/zh-hans\/"},{"@type":"ListItem","position":2,"name":"Tribunal judiciaire de Saint-Denis de La R\u00e9union, le 12 d\u00e9cembre 2025, n\u00b023\/00040"}]},{"@type":"WebSite","@id":"https:\/\/kohenavocats.com\/zh-hans\/#website","url":"https:\/\/kohenavocats.com\/zh-hans\/","name":"Kohen Avocats","description":"Ma\u00eetre Hassan Kohen, avocat p\u00e9naliste \u00e0 Paris, intervient exclusivement en droit p\u00e9nal pour la d\u00e9fense des particuliers, notamment en mati\u00e8re d\u2019accusations de viol. Il assure un accompagnement rigoureux d\u00e8s la garde \u00e0 vue jusqu\u2019\u00e0 la Cour d\u2019assises, veillant au strict respect des garanties proc\u00e9durales.","publisher":{"@id":"https:\/\/kohenavocats.com\/zh-hans\/#organization"},"potentialAction":[{"@type":"SearchAction","target":{"@type":"EntryPoint","urlTemplate":"https:\/\/kohenavocats.com\/zh-hans\/?s={search_term_string}"},"query-input":{"@type":"PropertyValueSpecification","valueRequired":true,"valueName":"search_term_string"}}],"inLanguage":"zh-Hans"},{"@type":"Organization","@id":"https:\/\/kohenavocats.com\/zh-hans\/#organization","name":"Kohen Avocats","url":"https:\/\/kohenavocats.com\/zh-hans\/","logo":{"@type":"ImageObject","inLanguage":"zh-Hans","@id":"https:\/\/kohenavocats.com\/zh-hans\/#\/schema\/logo\/image\/","url":"https:\/\/kohenavocats.com\/wp-content\/uploads\/2026\/01\/Logo-2-1.webp","contentUrl":"https:\/\/kohenavocats.com\/wp-content\/uploads\/2026\/01\/Logo-2-1.webp","width":2114,"height":1253,"caption":"Kohen Avocats"},"image":{"@id":"https:\/\/kohenavocats.com\/zh-hans\/#\/schema\/logo\/image\/"}},{"@type":"Person","@id":"https:\/\/kohenavocats.com\/zh-hans\/#\/schema\/person\/761c9ba54fa1ca84d405cef0831ff751","name":"Kohen","image":{"@type":"ImageObject","inLanguage":"zh-Hans","@id":"https:\/\/secure.gravatar.com\/avatar\/1c5e76ef76bbbfdd2b4da984e2bf2fa4056fd51a27d25ce2c332047f1dfd6e00?s=96&d=identicon&r=g","url":"https:\/\/secure.gravatar.com\/avatar\/1c5e76ef76bbbfdd2b4da984e2bf2fa4056fd51a27d25ce2c332047f1dfd6e00?s=96&d=identicon&r=g","contentUrl":"https:\/\/secure.gravatar.com\/avatar\/1c5e76ef76bbbfdd2b4da984e2bf2fa4056fd51a27d25ce2c332047f1dfd6e00?s=96&d=identicon&r=g","caption":"Kohen"},"sameAs":["https:\/\/www.linkedin.com\/in\/hassan-kohen-448548192\/","https:\/\/www.youtube.com\/@Kohen-Avocats"],"url":"https:\/\/kohenavocats.com\/zh-hans\/author\/kohenmlk\/"}]}},"jetpack_featured_media_url":"https:\/\/kohenavocats.com\/wp-content\/uploads\/2024\/07\/wesley-tingey-KJgkqQcdynQ-unsplash.webp","jetpack_likes_enabled":false,"jetpack_shortlink":"https:\/\/wp.me\/peCrII-2KCK","jetpack-related-posts":[{"id":640983,"url":"https:\/\/kohenavocats.com\/zh-hans\/cour-dappel-de-saint-denis-de-la-reunion-le-27-aout-2024-n24-01206\/","url_meta":{"origin":655882,"position":0},"title":"Cour d&#8217;appel de Saint-Denis de la R\u00e9union, le 27 ao\u00fbt 2024, n\u00b024\/01206","author":"Kohen","date":"2026\u5e744\u670821\u65e5","format":false,"excerpt":"La cour d'appel de Saint-Denis de la R\u00e9union, stat\u2026","rel":"","context":"\u5728\u201cJurisprudence\u201d\u4e2d","block_context":{"text":"Jurisprudence","link":"https:\/\/kohenavocats.com\/category\/jurisprudence\/"},"img":{"alt_text":"","src":"https:\/\/i0.wp.com\/kohenavocats.com\/wp-content\/uploads\/2024\/08\/nathan-cima-bfSlMwZNBtY-unsplash.webp?resize=350%2C200&ssl=1","width":350,"height":200,"srcset":"https:\/\/i0.wp.com\/kohenavocats.com\/wp-content\/uploads\/2024\/08\/nathan-cima-bfSlMwZNBtY-unsplash.webp?resize=350%2C200&ssl=1 1x, https:\/\/i0.wp.com\/kohenavocats.com\/wp-content\/uploads\/2024\/08\/nathan-cima-bfSlMwZNBtY-unsplash.webp?resize=525%2C300&ssl=1 1.5x, https:\/\/i0.wp.com\/kohenavocats.com\/wp-content\/uploads\/2024\/08\/nathan-cima-bfSlMwZNBtY-unsplash.webp?resize=700%2C400&ssl=1 2x, https:\/\/i0.wp.com\/kohenavocats.com\/wp-content\/uploads\/2024\/08\/nathan-cima-bfSlMwZNBtY-unsplash.webp?resize=1050%2C600&ssl=1 3x, https:\/\/i0.wp.com\/kohenavocats.com\/wp-content\/uploads\/2024\/08\/nathan-cima-bfSlMwZNBtY-unsplash.webp?resize=1400%2C800&ssl=1 4x"},"classes":[]},{"id":682405,"url":"https:\/\/kohenavocats.com\/zh-hans\/cour-dappel-de-saint-denis-de-la-reunion-le-10-juillet-2024-n24-00029\/","url_meta":{"origin":655882,"position":1},"title":"Cour d&#8217;appel de Saint-Denis de La R\u00e9union, le 10 juillet 2024, n\u00b024\/00029","author":"Kohen","date":"2026\u5e744\u670825\u65e5","format":false,"excerpt":"La cour d'appel de Saint-Denis de La R\u00e9union, stat\u2026","rel":"","context":"\u5728\u201cJurisprudence\u201d\u4e2d","block_context":{"text":"Jurisprudence","link":"https:\/\/kohenavocats.com\/category\/jurisprudence\/"},"img":{"alt_text":"","src":"https:\/\/i0.wp.com\/kohenavocats.com\/wp-content\/uploads\/2024\/11\/laura-adai-7Jdaf6S9UJY-unsplash.webp?resize=350%2C200&ssl=1","width":350,"height":200,"srcset":"https:\/\/i0.wp.com\/kohenavocats.com\/wp-content\/uploads\/2024\/11\/laura-adai-7Jdaf6S9UJY-unsplash.webp?resize=350%2C200&ssl=1 1x, https:\/\/i0.wp.com\/kohenavocats.com\/wp-content\/uploads\/2024\/11\/laura-adai-7Jdaf6S9UJY-unsplash.webp?resize=525%2C300&ssl=1 1.5x, https:\/\/i0.wp.com\/kohenavocats.com\/wp-content\/uploads\/2024\/11\/laura-adai-7Jdaf6S9UJY-unsplash.webp?resize=700%2C400&ssl=1 2x, https:\/\/i0.wp.com\/kohenavocats.com\/wp-content\/uploads\/2024\/11\/laura-adai-7Jdaf6S9UJY-unsplash.webp?resize=1050%2C600&ssl=1 3x, https:\/\/i0.wp.com\/kohenavocats.com\/wp-content\/uploads\/2024\/11\/laura-adai-7Jdaf6S9UJY-unsplash.webp?resize=1400%2C800&ssl=1 4x"},"classes":[]},{"id":682402,"url":"https:\/\/kohenavocats.com\/zh-hans\/cour-dappel-de-saint-denis-de-la-reunion-le-10-juillet-2024-n24-00027\/","url_meta":{"origin":655882,"position":2},"title":"Cour d&#8217;appel de Saint-Denis de La R\u00e9union, le 10 juillet 2024, n\u00b024\/00027","author":"Kohen","date":"2026\u5e744\u670825\u65e5","format":false,"excerpt":"La cour d'appel de Saint-Denis de La R\u00e9union, stat\u2026","rel":"","context":"\u5728\u201cJurisprudence\u201d\u4e2d","block_context":{"text":"Jurisprudence","link":"https:\/\/kohenavocats.com\/category\/jurisprudence\/"},"img":{"alt_text":"","src":"https:\/\/i0.wp.com\/kohenavocats.com\/wp-content\/uploads\/2024\/08\/maximilian-zahn-SKf_POUVJnQ-unsplash.webp?resize=350%2C200&ssl=1","width":350,"height":200,"srcset":"https:\/\/i0.wp.com\/kohenavocats.com\/wp-content\/uploads\/2024\/08\/maximilian-zahn-SKf_POUVJnQ-unsplash.webp?resize=350%2C200&ssl=1 1x, https:\/\/i0.wp.com\/kohenavocats.com\/wp-content\/uploads\/2024\/08\/maximilian-zahn-SKf_POUVJnQ-unsplash.webp?resize=525%2C300&ssl=1 1.5x, https:\/\/i0.wp.com\/kohenavocats.com\/wp-content\/uploads\/2024\/08\/maximilian-zahn-SKf_POUVJnQ-unsplash.webp?resize=700%2C400&ssl=1 2x, https:\/\/i0.wp.com\/kohenavocats.com\/wp-content\/uploads\/2024\/08\/maximilian-zahn-SKf_POUVJnQ-unsplash.webp?resize=1050%2C600&ssl=1 3x, https:\/\/i0.wp.com\/kohenavocats.com\/wp-content\/uploads\/2024\/08\/maximilian-zahn-SKf_POUVJnQ-unsplash.webp?resize=1400%2C800&ssl=1 4x"},"classes":[]},{"id":291057,"url":"https:\/\/kohenavocats.com\/zh-hans\/tribunal-judiciaire-de-saint-denis-de-la-reunion-le-2-juillet-2025-n24-00429\/","url_meta":{"origin":655882,"position":3},"title":"Tribunal judiciaire de Saint-Denis de la R\u00e9union, le 2 juillet 2025, n\u00b024\/00429","author":"Kohen","date":"2026\u5e741\u670820\u65e5","format":false,"excerpt":"Rendu par le Tribunal judiciaire de Saint\u2011Denis de\u2026","rel":"","context":"\u5728\u201cD\u00e9cisions juridiques\u201d\u4e2d","block_context":{"text":"D\u00e9cisions juridiques","link":"https:\/\/kohenavocats.com\/category\/decisions-juridiques\/"},"img":{"alt_text":"","src":"https:\/\/i0.wp.com\/kohenavocats.com\/wp-content\/uploads\/2024\/08\/nathan-cima-chaLsSBHLAs-unsplash.webp?resize=350%2C200&ssl=1","width":350,"height":200,"srcset":"https:\/\/i0.wp.com\/kohenavocats.com\/wp-content\/uploads\/2024\/08\/nathan-cima-chaLsSBHLAs-unsplash.webp?resize=350%2C200&ssl=1 1x, https:\/\/i0.wp.com\/kohenavocats.com\/wp-content\/uploads\/2024\/08\/nathan-cima-chaLsSBHLAs-unsplash.webp?resize=525%2C300&ssl=1 1.5x, https:\/\/i0.wp.com\/kohenavocats.com\/wp-content\/uploads\/2024\/08\/nathan-cima-chaLsSBHLAs-unsplash.webp?resize=700%2C400&ssl=1 2x, https:\/\/i0.wp.com\/kohenavocats.com\/wp-content\/uploads\/2024\/08\/nathan-cima-chaLsSBHLAs-unsplash.webp?resize=1050%2C600&ssl=1 3x, https:\/\/i0.wp.com\/kohenavocats.com\/wp-content\/uploads\/2024\/08\/nathan-cima-chaLsSBHLAs-unsplash.webp?resize=1400%2C800&ssl=1 4x"},"classes":[]},{"id":682432,"url":"https:\/\/kohenavocats.com\/zh-hans\/cour-dappel-de-saint-denis-de-la-reunion-le-28-mai-2024-n24-00819\/","url_meta":{"origin":655882,"position":4},"title":"Cour d&#8217;appel de Saint-Denis de la R\u00e9union, le 28 mai 2024, n\u00b024\/00819","author":"Kohen","date":"2026\u5e744\u670825\u65e5","format":false,"excerpt":"La cour d'appel de Saint-Denis de la R\u00e9union, stat\u2026","rel":"","context":"\u5728\u201cJurisprudence\u201d\u4e2d","block_context":{"text":"Jurisprudence","link":"https:\/\/kohenavocats.com\/category\/jurisprudence\/"},"img":{"alt_text":"","src":"https:\/\/i0.wp.com\/kohenavocats.com\/wp-content\/uploads\/2024\/08\/alex-h0dEvfM3EU8-unsplash.webp?resize=350%2C200&ssl=1","width":350,"height":200,"srcset":"https:\/\/i0.wp.com\/kohenavocats.com\/wp-content\/uploads\/2024\/08\/alex-h0dEvfM3EU8-unsplash.webp?resize=350%2C200&ssl=1 1x, https:\/\/i0.wp.com\/kohenavocats.com\/wp-content\/uploads\/2024\/08\/alex-h0dEvfM3EU8-unsplash.webp?resize=525%2C300&ssl=1 1.5x, https:\/\/i0.wp.com\/kohenavocats.com\/wp-content\/uploads\/2024\/08\/alex-h0dEvfM3EU8-unsplash.webp?resize=700%2C400&ssl=1 2x, https:\/\/i0.wp.com\/kohenavocats.com\/wp-content\/uploads\/2024\/08\/alex-h0dEvfM3EU8-unsplash.webp?resize=1050%2C600&ssl=1 3x, https:\/\/i0.wp.com\/kohenavocats.com\/wp-content\/uploads\/2024\/08\/alex-h0dEvfM3EU8-unsplash.webp?resize=1400%2C800&ssl=1 4x"},"classes":[]}],"jetpack_sharing_enabled":true,"_links":{"self":[{"href":"https:\/\/kohenavocats.com\/zh-hans\/wp-json\/wp\/v2\/posts\/655882","targetHints":{"allow":["GET"]}}],"collection":[{"href":"https:\/\/kohenavocats.com\/zh-hans\/wp-json\/wp\/v2\/posts"}],"about":[{"href":"https:\/\/kohenavocats.com\/zh-hans\/wp-json\/wp\/v2\/types\/post"}],"author":[{"embeddable":true,"href":"https:\/\/kohenavocats.com\/zh-hans\/wp-json\/wp\/v2\/users\/232070755"}],"replies":[{"embeddable":true,"href":"https:\/\/kohenavocats.com\/zh-hans\/wp-json\/wp\/v2\/comments?post=655882"}],"version-history":[{"count":0,"href":"https:\/\/kohenavocats.com\/zh-hans\/wp-json\/wp\/v2\/posts\/655882\/revisions"}],"wp:featuredmedia":[{"embeddable":true,"href":"https:\/\/kohenavocats.com\/zh-hans\/wp-json\/wp\/v2\/media\/3921"}],"wp:attachment":[{"href":"https:\/\/kohenavocats.com\/zh-hans\/wp-json\/wp\/v2\/media?parent=655882"}],"wp:term":[{"taxonomy":"category","embeddable":true,"href":"https:\/\/kohenavocats.com\/zh-hans\/wp-json\/wp\/v2\/categories?post=655882"},{"taxonomy":"post_tag","embeddable":true,"href":"https:\/\/kohenavocats.com\/zh-hans\/wp-json\/wp\/v2\/tags?post=655882"}],"curies":[{"name":"wp","href":"https:\/\/api.w.org\/{rel}","templated":true}]}}