{"id":656152,"date":"2026-04-23T06:53:45","date_gmt":"2026-04-23T04:53:45","guid":{"rendered":"https:\/\/kohenavocats.com\/tribunal-judiciaire-de-lyon-le-25-mars-2025-n23-04284\/"},"modified":"2026-04-23T06:53:45","modified_gmt":"2026-04-23T04:53:45","slug":"tribunal-judiciaire-de-lyon-le-25-mars-2025-n23-04284","status":"publish","type":"post","link":"https:\/\/kohenavocats.com\/zh-hans\/tribunal-judiciaire-de-lyon-le-25-mars-2025-n23-04284\/","title":{"rendered":"Tribunal judiciaire de Lyon, le 25 mars 2025, n\u00b023\/04284"},"content":{"rendered":"<div class=\"article-content\">\n<p>Le tribunal judiciaire de Lyon, statuant en premier ressort, a rendu un jugement le 25 mars 2025. Le syndicat de copropri\u00e9t\u00e9 assignait un copropri\u00e9taire en paiement d\u2019un arri\u00e9r\u00e9 de charges. Le copropri\u00e9taire opposait une demande reconventionnelle en remboursement. Le juge a d\u00e9bout\u00e9 le syndicat de sa demande principale et l\u2019a condamn\u00e9 \u00e0 rembourser une somme au copropri\u00e9taire. Il a \u00e9galement rejet\u00e9 les demandes indemnitaires respectives. La d\u00e9cision pr\u00e9cise les conditions de preuve des cr\u00e9ances et la nature des frais r\u00e9cup\u00e9rables sur un copropri\u00e9taire d\u00e9faillant.<\/p>\n<p>La charge de la preuve en mati\u00e8re de recouvrement de charges<\/p>\n<p>Le juge rappelle d\u2019abord la r\u00e9partition de l\u2019obligation probatoire entre les parties. Le syndicat doit \u00e9tablir l\u2019existence et le montant de la cr\u00e9ance r\u00e9clam\u00e9e. &#8220;il appartient au syndicat des copropri\u00e9taires de prouver que le copropri\u00e9taire est redevable de la somme r\u00e9clam\u00e9e dans sa totalit\u00e9&#8221; (Motifs). Le copropri\u00e9taire doit, quant \u00e0 lui, justifier des paiements effectu\u00e9s. Cette r\u00e9partition classique guide l\u2019examen des pi\u00e8ces vers\u00e9es aux d\u00e9bats. Le syndicat produit un d\u00e9compte individuel faisant \u00e9tat d\u2019un solde d\u00e9biteur. Le juge rel\u00e8ve cependant que ce d\u00e9compte inclut divers frais pour un montant significatif. L\u2019examen de la r\u00e9gularit\u00e9 de ces frais devient alors central pour d\u00e9terminer la dette r\u00e9elle.<\/p>\n<p>Le tribunal op\u00e8re un contr\u00f4le strict de la justification des frais factur\u00e9s. Il constate que des sommes importantes sont imput\u00e9es pour des frais de relance ou de proc\u00e9dure. &#8220;ces frais ne sont pas justifi\u00e9s, le syndicat des copropri\u00e9taires n\u2019apportant aucun \u00e9l\u00e9ment permettant d\u2019en d\u00e9terminer l\u2019origine et d\u2019en v\u00e9rifier le montant&#8221; (Motifs). Le juge pr\u00e9cise que le contrat de syndic n\u2019est pas opposable au copropri\u00e9taire pour ces frais. Surtout, il interpr\u00e8te strictement l\u2019article 10-1 de la loi du 10 juillet 1965. Cet article \u00e9num\u00e8re limitativement les frais imputables au seul copropri\u00e9taire d\u00e9faillant. &#8220;l\u2019article 10-1 de la loi du 10 juillet 1965 ne vise pas les honoraires vers\u00e9s au syndic pour la mise en \u0153uvre d\u2019une proc\u00e9dure judiciaire&#8221; (Motifs). Cette interpr\u00e9tation restrictive prot\u00e8ge le copropri\u00e9taire contre des facturations abusives. Apr\u00e8s d\u00e9duction de ces frais non justifi\u00e9s, le solde du compte devient cr\u00e9diteur. Le syndicat est donc d\u00e9bout\u00e9 de sa demande principale.<\/p>\n<p>Le rejet des demandes indemnitaires fond\u00e9es sur une pr\u00e9tendue r\u00e9sistance abusive<\/p>\n<p>Le syndicat invoquait un pr\u00e9judice li\u00e9 \u00e0 une r\u00e9sistance abusive au paiement. Il soutenait que les retards de paiement l\u2019avaient contraint \u00e0 engager des frais. Le juge examine le comportement du copropri\u00e9taire au regard des \u00e9l\u00e9ments de preuve. Le d\u00e9compte produit par le syndicat lui-m\u00eame atteste des paiements r\u00e9guliers des provisions. &#8220;le d\u00e9compte individuel en date du 28 janvier 2025 produit par le demandeur atteste des paiements r\u00e9guliers&#8221; (Motifs). Seul un retard ponctuel est identifi\u00e9, mais il est jug\u00e9 isol\u00e9 et insuffisant. Le juge estime que des retards de quelques mois, suivis de r\u00e8glement, ne caract\u00e9risent pas une r\u00e9sistance abusive. Ce raisonnement impose une appr\u00e9ciation stricte de la faute du copropri\u00e9taire. Une simple tardivet\u00e9 dans le paiement ne suffit pas \u00e0 engager sa responsabilit\u00e9 indemnitaire. Le syndicat ne justifiant pas d\u2019un pr\u00e9judice certain, sa demande est rejet\u00e9e.<\/p>\n<p>Le copropri\u00e9taire avait \u00e9galement form\u00e9 une demande reconventionnelle en dommages-int\u00e9r\u00eats. Il all\u00e9guait un pr\u00e9judice consistant en le report de travaux personnels. Ce pr\u00e9judice serait d\u00fb \u00e0 l\u2019absorption de ses fonds par les frais ind\u00fbment factur\u00e9s. Le tribunal \u00e9carte cette demande au visa de l\u2019exigence d\u2019un lien de causalit\u00e9 certain. La production d\u2019une simple facture de travaux est jug\u00e9e insuffisante. &#8220;ce seul \u00e9l\u00e9ment ne permet ni d\u2019attester du pr\u00e9tendu report des travaux, ni d\u2019un lien de causalit\u00e9 direct&#8221; (Motifs). Cette d\u00e9cision rappelle la n\u00e9cessit\u00e9 de prouver concr\u00e8tement le pr\u00e9judice et son lien avec la faute. Elle \u00e9vite une indemnisation sur la base de simples all\u00e9gations. Le rejet des deux demandes indemnitaires montre la rigueur exig\u00e9e dans la d\u00e9monstration du pr\u00e9judice. La d\u00e9cision privil\u00e9gie une approche fond\u00e9e sur les preuves concr\u00e8tes plut\u00f4t que sur des affirmations.<\/p>\n<p>La port\u00e9e de ce jugement est double. Il rappelle d\u2019abord une interpr\u00e9tation stricte de l\u2019article 10-1 de la loi de 1965. Les frais de recouvrement imputables au copropri\u00e9taire sont limitativement \u00e9num\u00e9r\u00e9s. Les honoraires du syndic pour une action en justice n\u2019en font pas partie. Cette solution prot\u00e8ge les copropri\u00e9taires contre des facturations non autoris\u00e9es. Elle encadre strictement les pouvoirs du syndic dans le recouvrement. Ensuite, le jugement exige une preuve solide pour caract\u00e9riser une r\u00e9sistance abusive. Des retards de paiement ponctuels et r\u00e9gl\u00e9s ne suffisent pas \u00e0 engager la responsabilit\u00e9. Cette approche temp\u00e8re les recours indemnitaires dans les contentieux de charges. Elle impose une analyse pr\u00e9cise du comportement des parties. La d\u00e9cision contribue ainsi \u00e0 s\u00e9curiser les relations entre syndicats et copropri\u00e9taires. Elle souligne l\u2019importance d\u2019une gestion transparente et justifi\u00e9e des frais de recouvrement.<\/p>\n<\/div>\n","protected":false},"excerpt":{"rendered":"<p>Le tribunal judiciaire de Lyon, statuant en premier ressort, a rendu un jugement le 25 mars 2025. Le syndicat de copropri\u00e9t\u00e9 assignait un copropri\u00e9taire en p&#8230;<\/p>\n","protected":false},"author":232070755,"featured_media":9596,"comment_status":"open","ping_status":"open","sticky":false,"template":"","format":"standard","meta":{"_crdt_document":"","_jetpack_newsletter_access":"","_jetpack_dont_email_post_to_subs":false,"_jetpack_newsletter_tier_id":0,"_jetpack_memberships_contains_paywalled_content":false,"_kj_source_type":"judilibre","_kj_official_id":"68dd6fe9548223b2c7ab12fe","_kj_official_url":"https:\/\/www.courdecassation.fr\/decision\/68dd6fe9548223b2c7ab12fe","_kj_judilibre_id":"68dd6fe9548223b2c7ab12fe","_kj_jur":"Tribunal judiciaire","_kj_lieu":"Tribunal judiciaire de Lyon","_kj_chambre":"PPP P\u00d4LE CIRCUIT LONG S1","_kj_rg":"23\/04284","_kj_date":"2025-09-30","_jetpack_memberships_contains_paid_content":false,"footnotes":"","jetpack_post_was_ever_published":false},"categories":[7597],"tags":[],"class_list":["post-656152","post","type-post","status-publish","format-standard","has-post-thumbnail","hentry","category-jurisprudence"],"yoast_head":"<!-- This site is optimized with the Yoast SEO Premium plugin v27.5 (Yoast SEO v27.5) - https:\/\/yoast.com\/product\/yoast-seo-premium-wordpress\/ -->\n<title>Tribunal judiciaire de Lyon, le 25 mars 2025, n\u00b023\/04284 - Ma\u00eetre Hassan Kohen, avocat en droit p\u00e9nal \u00e0 Paris<\/title>\n<meta name=\"description\" content=\"Le tribunal judiciaire de Lyon, statuant en premier ressort, a rendu un jugement le 25 mars 2025. Le syndicat de copropri\u00e9t\u00e9 assignait un copropri\u00e9taire en p...\" \/>\n<meta name=\"robots\" content=\"index, follow, max-snippet:-1, max-image-preview:large, max-video-preview:-1\" \/>\n<link rel=\"canonical\" href=\"https:\/\/kohenavocats.com\/zh-hans\/tribunal-judiciaire-de-lyon-le-25-mars-2025-n23-04284\/\" \/>\n<meta property=\"og:locale\" content=\"zh_CN\" \/>\n<meta property=\"og:type\" content=\"article\" \/>\n<meta property=\"og:title\" content=\"Tribunal judiciaire de Lyon, le 25 mars 2025, n\u00b023\/04284\" \/>\n<meta property=\"og:description\" content=\"Le tribunal judiciaire de Lyon, statuant en premier ressort, a rendu un jugement le 25 mars 2025. Le syndicat de copropri\u00e9t\u00e9 assignait un copropri\u00e9taire en p...\" \/>\n<meta property=\"og:url\" content=\"https:\/\/kohenavocats.com\/zh-hans\/tribunal-judiciaire-de-lyon-le-25-mars-2025-n23-04284\/\" \/>\n<meta property=\"og:site_name\" content=\"Ma\u00eetre Hassan Kohen, avocat en droit p\u00e9nal \u00e0 Paris\" \/>\n<meta property=\"article:published_time\" content=\"2026-04-23T04:53:45+00:00\" \/>\n<meta property=\"og:image\" content=\"https:\/\/kohenavocats.com\/wp-content\/uploads\/2024\/11\/haut-risque-JoyJpFZM-ZE-unsplash.webp\" \/>\n\t<meta property=\"og:image:width\" content=\"5184\" \/>\n\t<meta property=\"og:image:height\" content=\"3456\" \/>\n\t<meta property=\"og:image:type\" content=\"image\/webp\" \/>\n<meta name=\"author\" content=\"Kohen\" \/>\n<meta name=\"twitter:card\" content=\"summary_large_image\" \/>\n<meta name=\"twitter:label1\" content=\"\u4f5c\u8005\" \/>\n\t<meta name=\"twitter:data1\" content=\"Kohen\" \/>\n\t<meta name=\"twitter:label2\" content=\"\u9884\u8ba1\u9605\u8bfb\u65f6\u95f4\" \/>\n\t<meta name=\"twitter:data2\" content=\"4 \u5206\" \/>\n<script type=\"application\/ld+json\" class=\"yoast-schema-graph\">{\"@context\":\"https:\\\/\\\/schema.org\",\"@graph\":[{\"@type\":\"Article\",\"@id\":\"https:\\\/\\\/kohenavocats.com\\\/zh-hans\\\/tribunal-judiciaire-de-lyon-le-25-mars-2025-n23-04284\\\/#article\",\"isPartOf\":{\"@id\":\"https:\\\/\\\/kohenavocats.com\\\/zh-hans\\\/tribunal-judiciaire-de-lyon-le-25-mars-2025-n23-04284\\\/\"},\"author\":{\"name\":\"Kohen\",\"@id\":\"https:\\\/\\\/kohenavocats.com\\\/zh-hans\\\/#\\\/schema\\\/person\\\/761c9ba54fa1ca84d405cef0831ff751\"},\"headline\":\"Tribunal judiciaire de Lyon, le 25 mars 2025, n\u00b023\\\/04284\",\"datePublished\":\"2026-04-23T04:53:45+00:00\",\"mainEntityOfPage\":{\"@id\":\"https:\\\/\\\/kohenavocats.com\\\/zh-hans\\\/tribunal-judiciaire-de-lyon-le-25-mars-2025-n23-04284\\\/\"},\"wordCount\":906,\"commentCount\":0,\"publisher\":{\"@id\":\"https:\\\/\\\/kohenavocats.com\\\/zh-hans\\\/#organization\"},\"image\":{\"@id\":\"https:\\\/\\\/kohenavocats.com\\\/zh-hans\\\/tribunal-judiciaire-de-lyon-le-25-mars-2025-n23-04284\\\/#primaryimage\"},\"thumbnailUrl\":\"https:\\\/\\\/kohenavocats.com\\\/wp-content\\\/uploads\\\/2024\\\/11\\\/haut-risque-JoyJpFZM-ZE-unsplash.webp\",\"articleSection\":[\"Jurisprudence\"],\"inLanguage\":\"zh-Hans\",\"potentialAction\":[{\"@type\":\"CommentAction\",\"name\":\"Comment\",\"target\":[\"https:\\\/\\\/kohenavocats.com\\\/zh-hans\\\/tribunal-judiciaire-de-lyon-le-25-mars-2025-n23-04284\\\/#respond\"]}],\"citation\":\"Tribunal judiciaire de Lyon, le 25 mars 2025, n\u00b023\\\/04284\",\"about\":[{\"@type\":\"Thing\",\"name\":\"Jurisprudence\"}],\"dateModified\":\"2026-04-23T04:53:45+00:00\",\"speakable\":{\"@type\":\"SpeakableSpecification\",\"cssSelector\":[\".article-content > p:first-of-type\"]}},{\"@type\":\"WebPage\",\"@id\":\"https:\\\/\\\/kohenavocats.com\\\/zh-hans\\\/tribunal-judiciaire-de-lyon-le-25-mars-2025-n23-04284\\\/\",\"url\":\"https:\\\/\\\/kohenavocats.com\\\/zh-hans\\\/tribunal-judiciaire-de-lyon-le-25-mars-2025-n23-04284\\\/\",\"name\":\"Tribunal judiciaire de Lyon, le 25 mars 2025, n\u00b023\\\/04284 - Ma\u00eetre Hassan Kohen, avocat en droit p\u00e9nal \u00e0 Paris\",\"isPartOf\":{\"@id\":\"https:\\\/\\\/kohenavocats.com\\\/zh-hans\\\/#website\"},\"primaryImageOfPage\":{\"@id\":\"https:\\\/\\\/kohenavocats.com\\\/zh-hans\\\/tribunal-judiciaire-de-lyon-le-25-mars-2025-n23-04284\\\/#primaryimage\"},\"image\":{\"@id\":\"https:\\\/\\\/kohenavocats.com\\\/zh-hans\\\/tribunal-judiciaire-de-lyon-le-25-mars-2025-n23-04284\\\/#primaryimage\"},\"thumbnailUrl\":\"https:\\\/\\\/kohenavocats.com\\\/wp-content\\\/uploads\\\/2024\\\/11\\\/haut-risque-JoyJpFZM-ZE-unsplash.webp\",\"datePublished\":\"2026-04-23T04:53:45+00:00\",\"description\":\"Le tribunal judiciaire de Lyon, statuant en premier ressort, a rendu un jugement le 25 mars 2025. Le syndicat de copropri\u00e9t\u00e9 assignait un copropri\u00e9taire en p...\",\"breadcrumb\":{\"@id\":\"https:\\\/\\\/kohenavocats.com\\\/zh-hans\\\/tribunal-judiciaire-de-lyon-le-25-mars-2025-n23-04284\\\/#breadcrumb\"},\"inLanguage\":\"zh-Hans\",\"potentialAction\":[{\"@type\":\"ReadAction\",\"target\":[\"https:\\\/\\\/kohenavocats.com\\\/zh-hans\\\/tribunal-judiciaire-de-lyon-le-25-mars-2025-n23-04284\\\/\"]}]},{\"@type\":\"ImageObject\",\"inLanguage\":\"zh-Hans\",\"@id\":\"https:\\\/\\\/kohenavocats.com\\\/zh-hans\\\/tribunal-judiciaire-de-lyon-le-25-mars-2025-n23-04284\\\/#primaryimage\",\"url\":\"https:\\\/\\\/kohenavocats.com\\\/wp-content\\\/uploads\\\/2024\\\/11\\\/haut-risque-JoyJpFZM-ZE-unsplash.webp\",\"contentUrl\":\"https:\\\/\\\/kohenavocats.com\\\/wp-content\\\/uploads\\\/2024\\\/11\\\/haut-risque-JoyJpFZM-ZE-unsplash.webp\",\"width\":5184,\"height\":3456},{\"@type\":\"BreadcrumbList\",\"@id\":\"https:\\\/\\\/kohenavocats.com\\\/zh-hans\\\/tribunal-judiciaire-de-lyon-le-25-mars-2025-n23-04284\\\/#breadcrumb\",\"itemListElement\":[{\"@type\":\"ListItem\",\"position\":1,\"name\":\"Home\",\"item\":\"https:\\\/\\\/kohenavocats.com\\\/zh-hans\\\/\"},{\"@type\":\"ListItem\",\"position\":2,\"name\":\"Tribunal judiciaire de Lyon, le 25 mars 2025, n\u00b023\\\/04284\"}]},{\"@type\":\"WebSite\",\"@id\":\"https:\\\/\\\/kohenavocats.com\\\/zh-hans\\\/#website\",\"url\":\"https:\\\/\\\/kohenavocats.com\\\/zh-hans\\\/\",\"name\":\"Kohen Avocats\",\"description\":\"Ma\u00eetre Hassan Kohen, avocat p\u00e9naliste \u00e0 Paris, intervient exclusivement en droit p\u00e9nal pour la d\u00e9fense des particuliers, notamment en mati\u00e8re d\u2019accusations de viol. Il assure un accompagnement rigoureux d\u00e8s la garde \u00e0 vue jusqu\u2019\u00e0 la Cour d\u2019assises, veillant au strict respect des garanties proc\u00e9durales.\",\"publisher\":{\"@id\":\"https:\\\/\\\/kohenavocats.com\\\/zh-hans\\\/#organization\"},\"potentialAction\":[{\"@type\":\"SearchAction\",\"target\":{\"@type\":\"EntryPoint\",\"urlTemplate\":\"https:\\\/\\\/kohenavocats.com\\\/zh-hans\\\/?s={search_term_string}\"},\"query-input\":{\"@type\":\"PropertyValueSpecification\",\"valueRequired\":true,\"valueName\":\"search_term_string\"}}],\"inLanguage\":\"zh-Hans\"},{\"@type\":\"Organization\",\"@id\":\"https:\\\/\\\/kohenavocats.com\\\/zh-hans\\\/#organization\",\"name\":\"Kohen Avocats\",\"url\":\"https:\\\/\\\/kohenavocats.com\\\/zh-hans\\\/\",\"logo\":{\"@type\":\"ImageObject\",\"inLanguage\":\"zh-Hans\",\"@id\":\"https:\\\/\\\/kohenavocats.com\\\/zh-hans\\\/#\\\/schema\\\/logo\\\/image\\\/\",\"url\":\"https:\\\/\\\/kohenavocats.com\\\/wp-content\\\/uploads\\\/2026\\\/01\\\/Logo-2-1.webp\",\"contentUrl\":\"https:\\\/\\\/kohenavocats.com\\\/wp-content\\\/uploads\\\/2026\\\/01\\\/Logo-2-1.webp\",\"width\":2114,\"height\":1253,\"caption\":\"Kohen Avocats\"},\"image\":{\"@id\":\"https:\\\/\\\/kohenavocats.com\\\/zh-hans\\\/#\\\/schema\\\/logo\\\/image\\\/\"}},{\"@type\":\"Person\",\"@id\":\"https:\\\/\\\/kohenavocats.com\\\/zh-hans\\\/#\\\/schema\\\/person\\\/761c9ba54fa1ca84d405cef0831ff751\",\"name\":\"Kohen\",\"image\":{\"@type\":\"ImageObject\",\"inLanguage\":\"zh-Hans\",\"@id\":\"https:\\\/\\\/secure.gravatar.com\\\/avatar\\\/1c5e76ef76bbbfdd2b4da984e2bf2fa4056fd51a27d25ce2c332047f1dfd6e00?s=96&d=identicon&r=g\",\"url\":\"https:\\\/\\\/secure.gravatar.com\\\/avatar\\\/1c5e76ef76bbbfdd2b4da984e2bf2fa4056fd51a27d25ce2c332047f1dfd6e00?s=96&d=identicon&r=g\",\"contentUrl\":\"https:\\\/\\\/secure.gravatar.com\\\/avatar\\\/1c5e76ef76bbbfdd2b4da984e2bf2fa4056fd51a27d25ce2c332047f1dfd6e00?s=96&d=identicon&r=g\",\"caption\":\"Kohen\"},\"sameAs\":[\"https:\\\/\\\/www.linkedin.com\\\/in\\\/hassan-kohen-448548192\\\/\",\"https:\\\/\\\/www.youtube.com\\\/@Kohen-Avocats\"],\"url\":\"https:\\\/\\\/kohenavocats.com\\\/zh-hans\\\/author\\\/kohenmlk\\\/\"}]}<\/script>\n<!-- \/ Yoast SEO Premium plugin. -->","yoast_head_json":{"title":"Tribunal judiciaire de Lyon, le 25 mars 2025, n\u00b023\/04284 - Ma\u00eetre Hassan Kohen, avocat en droit p\u00e9nal \u00e0 Paris","description":"Le tribunal judiciaire de Lyon, statuant en premier ressort, a rendu un jugement le 25 mars 2025. Le syndicat de copropri\u00e9t\u00e9 assignait un copropri\u00e9taire en p...","robots":{"index":"index","follow":"follow","max-snippet":"max-snippet:-1","max-image-preview":"max-image-preview:large","max-video-preview":"max-video-preview:-1"},"canonical":"https:\/\/kohenavocats.com\/zh-hans\/tribunal-judiciaire-de-lyon-le-25-mars-2025-n23-04284\/","og_locale":"zh_CN","og_type":"article","og_title":"Tribunal judiciaire de Lyon, le 25 mars 2025, n\u00b023\/04284","og_description":"Le tribunal judiciaire de Lyon, statuant en premier ressort, a rendu un jugement le 25 mars 2025. Le syndicat de copropri\u00e9t\u00e9 assignait un copropri\u00e9taire en p...","og_url":"https:\/\/kohenavocats.com\/zh-hans\/tribunal-judiciaire-de-lyon-le-25-mars-2025-n23-04284\/","og_site_name":"Ma\u00eetre Hassan Kohen, avocat en droit p\u00e9nal \u00e0 Paris","article_published_time":"2026-04-23T04:53:45+00:00","og_image":[{"width":5184,"height":3456,"url":"https:\/\/kohenavocats.com\/wp-content\/uploads\/2024\/11\/haut-risque-JoyJpFZM-ZE-unsplash.webp","type":"image\/webp"}],"author":"Kohen","twitter_card":"summary_large_image","twitter_misc":{"\u4f5c\u8005":"Kohen","\u9884\u8ba1\u9605\u8bfb\u65f6\u95f4":"4 \u5206"},"schema":{"@context":"https:\/\/schema.org","@graph":[{"@type":"Article","@id":"https:\/\/kohenavocats.com\/zh-hans\/tribunal-judiciaire-de-lyon-le-25-mars-2025-n23-04284\/#article","isPartOf":{"@id":"https:\/\/kohenavocats.com\/zh-hans\/tribunal-judiciaire-de-lyon-le-25-mars-2025-n23-04284\/"},"author":{"name":"Kohen","@id":"https:\/\/kohenavocats.com\/zh-hans\/#\/schema\/person\/761c9ba54fa1ca84d405cef0831ff751"},"headline":"Tribunal judiciaire de Lyon, le 25 mars 2025, n\u00b023\/04284","datePublished":"2026-04-23T04:53:45+00:00","mainEntityOfPage":{"@id":"https:\/\/kohenavocats.com\/zh-hans\/tribunal-judiciaire-de-lyon-le-25-mars-2025-n23-04284\/"},"wordCount":906,"commentCount":0,"publisher":{"@id":"https:\/\/kohenavocats.com\/zh-hans\/#organization"},"image":{"@id":"https:\/\/kohenavocats.com\/zh-hans\/tribunal-judiciaire-de-lyon-le-25-mars-2025-n23-04284\/#primaryimage"},"thumbnailUrl":"https:\/\/kohenavocats.com\/wp-content\/uploads\/2024\/11\/haut-risque-JoyJpFZM-ZE-unsplash.webp","articleSection":["Jurisprudence"],"inLanguage":"zh-Hans","potentialAction":[{"@type":"CommentAction","name":"Comment","target":["https:\/\/kohenavocats.com\/zh-hans\/tribunal-judiciaire-de-lyon-le-25-mars-2025-n23-04284\/#respond"]}],"citation":"Tribunal judiciaire de Lyon, le 25 mars 2025, n\u00b023\/04284","about":[{"@type":"Thing","name":"Jurisprudence"}],"dateModified":"2026-04-23T04:53:45+00:00","speakable":{"@type":"SpeakableSpecification","cssSelector":[".article-content > p:first-of-type"]}},{"@type":"WebPage","@id":"https:\/\/kohenavocats.com\/zh-hans\/tribunal-judiciaire-de-lyon-le-25-mars-2025-n23-04284\/","url":"https:\/\/kohenavocats.com\/zh-hans\/tribunal-judiciaire-de-lyon-le-25-mars-2025-n23-04284\/","name":"Tribunal judiciaire de Lyon, le 25 mars 2025, n\u00b023\/04284 - Ma\u00eetre Hassan Kohen, avocat en droit p\u00e9nal \u00e0 Paris","isPartOf":{"@id":"https:\/\/kohenavocats.com\/zh-hans\/#website"},"primaryImageOfPage":{"@id":"https:\/\/kohenavocats.com\/zh-hans\/tribunal-judiciaire-de-lyon-le-25-mars-2025-n23-04284\/#primaryimage"},"image":{"@id":"https:\/\/kohenavocats.com\/zh-hans\/tribunal-judiciaire-de-lyon-le-25-mars-2025-n23-04284\/#primaryimage"},"thumbnailUrl":"https:\/\/kohenavocats.com\/wp-content\/uploads\/2024\/11\/haut-risque-JoyJpFZM-ZE-unsplash.webp","datePublished":"2026-04-23T04:53:45+00:00","description":"Le tribunal judiciaire de Lyon, statuant en premier ressort, a rendu un jugement le 25 mars 2025. Le syndicat de copropri\u00e9t\u00e9 assignait un copropri\u00e9taire en p...","breadcrumb":{"@id":"https:\/\/kohenavocats.com\/zh-hans\/tribunal-judiciaire-de-lyon-le-25-mars-2025-n23-04284\/#breadcrumb"},"inLanguage":"zh-Hans","potentialAction":[{"@type":"ReadAction","target":["https:\/\/kohenavocats.com\/zh-hans\/tribunal-judiciaire-de-lyon-le-25-mars-2025-n23-04284\/"]}]},{"@type":"ImageObject","inLanguage":"zh-Hans","@id":"https:\/\/kohenavocats.com\/zh-hans\/tribunal-judiciaire-de-lyon-le-25-mars-2025-n23-04284\/#primaryimage","url":"https:\/\/kohenavocats.com\/wp-content\/uploads\/2024\/11\/haut-risque-JoyJpFZM-ZE-unsplash.webp","contentUrl":"https:\/\/kohenavocats.com\/wp-content\/uploads\/2024\/11\/haut-risque-JoyJpFZM-ZE-unsplash.webp","width":5184,"height":3456},{"@type":"BreadcrumbList","@id":"https:\/\/kohenavocats.com\/zh-hans\/tribunal-judiciaire-de-lyon-le-25-mars-2025-n23-04284\/#breadcrumb","itemListElement":[{"@type":"ListItem","position":1,"name":"Home","item":"https:\/\/kohenavocats.com\/zh-hans\/"},{"@type":"ListItem","position":2,"name":"Tribunal judiciaire de Lyon, le 25 mars 2025, n\u00b023\/04284"}]},{"@type":"WebSite","@id":"https:\/\/kohenavocats.com\/zh-hans\/#website","url":"https:\/\/kohenavocats.com\/zh-hans\/","name":"Kohen Avocats","description":"Ma\u00eetre Hassan Kohen, avocat p\u00e9naliste \u00e0 Paris, intervient exclusivement en droit p\u00e9nal pour la d\u00e9fense des particuliers, notamment en mati\u00e8re d\u2019accusations de viol. Il assure un accompagnement rigoureux d\u00e8s la garde \u00e0 vue jusqu\u2019\u00e0 la Cour d\u2019assises, veillant au strict respect des garanties proc\u00e9durales.","publisher":{"@id":"https:\/\/kohenavocats.com\/zh-hans\/#organization"},"potentialAction":[{"@type":"SearchAction","target":{"@type":"EntryPoint","urlTemplate":"https:\/\/kohenavocats.com\/zh-hans\/?s={search_term_string}"},"query-input":{"@type":"PropertyValueSpecification","valueRequired":true,"valueName":"search_term_string"}}],"inLanguage":"zh-Hans"},{"@type":"Organization","@id":"https:\/\/kohenavocats.com\/zh-hans\/#organization","name":"Kohen Avocats","url":"https:\/\/kohenavocats.com\/zh-hans\/","logo":{"@type":"ImageObject","inLanguage":"zh-Hans","@id":"https:\/\/kohenavocats.com\/zh-hans\/#\/schema\/logo\/image\/","url":"https:\/\/kohenavocats.com\/wp-content\/uploads\/2026\/01\/Logo-2-1.webp","contentUrl":"https:\/\/kohenavocats.com\/wp-content\/uploads\/2026\/01\/Logo-2-1.webp","width":2114,"height":1253,"caption":"Kohen Avocats"},"image":{"@id":"https:\/\/kohenavocats.com\/zh-hans\/#\/schema\/logo\/image\/"}},{"@type":"Person","@id":"https:\/\/kohenavocats.com\/zh-hans\/#\/schema\/person\/761c9ba54fa1ca84d405cef0831ff751","name":"Kohen","image":{"@type":"ImageObject","inLanguage":"zh-Hans","@id":"https:\/\/secure.gravatar.com\/avatar\/1c5e76ef76bbbfdd2b4da984e2bf2fa4056fd51a27d25ce2c332047f1dfd6e00?s=96&d=identicon&r=g","url":"https:\/\/secure.gravatar.com\/avatar\/1c5e76ef76bbbfdd2b4da984e2bf2fa4056fd51a27d25ce2c332047f1dfd6e00?s=96&d=identicon&r=g","contentUrl":"https:\/\/secure.gravatar.com\/avatar\/1c5e76ef76bbbfdd2b4da984e2bf2fa4056fd51a27d25ce2c332047f1dfd6e00?s=96&d=identicon&r=g","caption":"Kohen"},"sameAs":["https:\/\/www.linkedin.com\/in\/hassan-kohen-448548192\/","https:\/\/www.youtube.com\/@Kohen-Avocats"],"url":"https:\/\/kohenavocats.com\/zh-hans\/author\/kohenmlk\/"}]}},"jetpack_featured_media_url":"https:\/\/kohenavocats.com\/wp-content\/uploads\/2024\/11\/haut-risque-JoyJpFZM-ZE-unsplash.webp","jetpack_likes_enabled":false,"jetpack_shortlink":"https:\/\/wp.me\/peCrII-2KH6","jetpack-related-posts":[{"id":478711,"url":"https:\/\/kohenavocats.com\/zh-hans\/tribunal-judiciaire-de-lyon-le-9-mai-2025-n25-01816\/","url_meta":{"origin":656152,"position":0},"title":"Tribunal judiciaire de Lyon, le 9 mai 2025, n\u00b025\/01816","author":"Kohen","date":"2026\u5e744\u67087\u65e5","format":false,"excerpt":"Le tribunal judiciaire de Lyon, par jugement du 9 \u2026","rel":"","context":"\u5728\u201cJurisprudence\u201d\u4e2d","block_context":{"text":"Jurisprudence","link":"https:\/\/kohenavocats.com\/category\/jurisprudence\/"},"img":{"alt_text":"","src":"https:\/\/i0.wp.com\/kohenavocats.com\/wp-content\/uploads\/2024\/07\/zac-nielson-s4vuMuapk4Y-unsplash.webp?resize=350%2C200&ssl=1","width":350,"height":200,"srcset":"https:\/\/i0.wp.com\/kohenavocats.com\/wp-content\/uploads\/2024\/07\/zac-nielson-s4vuMuapk4Y-unsplash.webp?resize=350%2C200&ssl=1 1x, https:\/\/i0.wp.com\/kohenavocats.com\/wp-content\/uploads\/2024\/07\/zac-nielson-s4vuMuapk4Y-unsplash.webp?resize=525%2C300&ssl=1 1.5x, https:\/\/i0.wp.com\/kohenavocats.com\/wp-content\/uploads\/2024\/07\/zac-nielson-s4vuMuapk4Y-unsplash.webp?resize=700%2C400&ssl=1 2x, https:\/\/i0.wp.com\/kohenavocats.com\/wp-content\/uploads\/2024\/07\/zac-nielson-s4vuMuapk4Y-unsplash.webp?resize=1050%2C600&ssl=1 3x, https:\/\/i0.wp.com\/kohenavocats.com\/wp-content\/uploads\/2024\/07\/zac-nielson-s4vuMuapk4Y-unsplash.webp?resize=1400%2C800&ssl=1 4x"},"classes":[]},{"id":627086,"url":"https:\/\/kohenavocats.com\/zh-hans\/tribunal-judiciaire-de-lyon-le-10-juillet-1965-n24-03291\/","url_meta":{"origin":656152,"position":1},"title":"Tribunal judiciaire de Lyon, le 10 juillet 1965, n\u00b024\/03291","author":"Kohen","date":"2026\u5e744\u670820\u65e5","format":false,"excerpt":"Le tribunal judiciaire, statuant par d\u00e9faut, a ren\u2026","rel":"","context":"\u5728\u201cJurisprudence\u201d\u4e2d","block_context":{"text":"Jurisprudence","link":"https:\/\/kohenavocats.com\/category\/jurisprudence\/"},"img":{"alt_text":"","src":"https:\/\/i0.wp.com\/kohenavocats.com\/wp-content\/uploads\/2024\/11\/getty-images-QO3j7qdSKv8-unsplash.webp?resize=350%2C200&ssl=1","width":350,"height":200,"srcset":"https:\/\/i0.wp.com\/kohenavocats.com\/wp-content\/uploads\/2024\/11\/getty-images-QO3j7qdSKv8-unsplash.webp?resize=350%2C200&ssl=1 1x, https:\/\/i0.wp.com\/kohenavocats.com\/wp-content\/uploads\/2024\/11\/getty-images-QO3j7qdSKv8-unsplash.webp?resize=525%2C300&ssl=1 1.5x, https:\/\/i0.wp.com\/kohenavocats.com\/wp-content\/uploads\/2024\/11\/getty-images-QO3j7qdSKv8-unsplash.webp?resize=700%2C400&ssl=1 2x, https:\/\/i0.wp.com\/kohenavocats.com\/wp-content\/uploads\/2024\/11\/getty-images-QO3j7qdSKv8-unsplash.webp?resize=1050%2C600&ssl=1 3x, https:\/\/i0.wp.com\/kohenavocats.com\/wp-content\/uploads\/2024\/11\/getty-images-QO3j7qdSKv8-unsplash.webp?resize=1400%2C800&ssl=1 4x"},"classes":[]},{"id":625746,"url":"https:\/\/kohenavocats.com\/zh-hans\/tribunal-judiciaire-de-lyon-le-2-decembre-2024-n24-03309\/","url_meta":{"origin":656152,"position":2},"title":"Tribunal judiciaire de Lyon, le 2 d\u00e9cembre 2024, n\u00b024\/03309","author":"Kohen","date":"2026\u5e744\u670820\u65e5","format":false,"excerpt":"Le tribunal judiciaire, statuant par son pr\u00e9sident\u2026","rel":"","context":"\u5728\u201cJurisprudence\u201d\u4e2d","block_context":{"text":"Jurisprudence","link":"https:\/\/kohenavocats.com\/category\/jurisprudence\/"},"img":{"alt_text":"","src":"https:\/\/i0.wp.com\/kohenavocats.com\/wp-content\/uploads\/2024\/08\/tobias-keller-2ecH5Lw3zSk-unsplash.webp?resize=350%2C200&ssl=1","width":350,"height":200,"srcset":"https:\/\/i0.wp.com\/kohenavocats.com\/wp-content\/uploads\/2024\/08\/tobias-keller-2ecH5Lw3zSk-unsplash.webp?resize=350%2C200&ssl=1 1x, https:\/\/i0.wp.com\/kohenavocats.com\/wp-content\/uploads\/2024\/08\/tobias-keller-2ecH5Lw3zSk-unsplash.webp?resize=525%2C300&ssl=1 1.5x, https:\/\/i0.wp.com\/kohenavocats.com\/wp-content\/uploads\/2024\/08\/tobias-keller-2ecH5Lw3zSk-unsplash.webp?resize=700%2C400&ssl=1 2x, https:\/\/i0.wp.com\/kohenavocats.com\/wp-content\/uploads\/2024\/08\/tobias-keller-2ecH5Lw3zSk-unsplash.webp?resize=1050%2C600&ssl=1 3x, https:\/\/i0.wp.com\/kohenavocats.com\/wp-content\/uploads\/2024\/08\/tobias-keller-2ecH5Lw3zSk-unsplash.webp?resize=1400%2C800&ssl=1 4x"},"classes":[]},{"id":624750,"url":"https:\/\/kohenavocats.com\/zh-hans\/tribunal-judiciaire-de-lyon-le-4-octobre-2024-n24-02623\/","url_meta":{"origin":656152,"position":3},"title":"Tribunal judiciaire de Lyon, le 4 octobre 2024, n\u00b024\/02623","author":"Kohen","date":"2026\u5e744\u670820\u65e5","format":false,"excerpt":"Le tribunal judiciaire, statuant en son p\u00f4le de pr\u2026","rel":"","context":"\u5728\u201cJurisprudence\u201d\u4e2d","block_context":{"text":"Jurisprudence","link":"https:\/\/kohenavocats.com\/category\/jurisprudence\/"},"img":{"alt_text":"","src":"https:\/\/i0.wp.com\/kohenavocats.com\/wp-content\/uploads\/2024\/08\/jan-zinnbauer-XoiUrDgtB-g-unsplash.webp?resize=350%2C200&ssl=1","width":350,"height":200,"srcset":"https:\/\/i0.wp.com\/kohenavocats.com\/wp-content\/uploads\/2024\/08\/jan-zinnbauer-XoiUrDgtB-g-unsplash.webp?resize=350%2C200&ssl=1 1x, https:\/\/i0.wp.com\/kohenavocats.com\/wp-content\/uploads\/2024\/08\/jan-zinnbauer-XoiUrDgtB-g-unsplash.webp?resize=525%2C300&ssl=1 1.5x, https:\/\/i0.wp.com\/kohenavocats.com\/wp-content\/uploads\/2024\/08\/jan-zinnbauer-XoiUrDgtB-g-unsplash.webp?resize=700%2C400&ssl=1 2x, https:\/\/i0.wp.com\/kohenavocats.com\/wp-content\/uploads\/2024\/08\/jan-zinnbauer-XoiUrDgtB-g-unsplash.webp?resize=1050%2C600&ssl=1 3x, https:\/\/i0.wp.com\/kohenavocats.com\/wp-content\/uploads\/2024\/08\/jan-zinnbauer-XoiUrDgtB-g-unsplash.webp?resize=1400%2C800&ssl=1 4x"},"classes":[]},{"id":470940,"url":"https:\/\/kohenavocats.com\/zh-hans\/tribunal-judiciaire-de-lyon-le-11-aout-2025-n25-03592\/","url_meta":{"origin":656152,"position":4},"title":"Tribunal judiciaire de Lyon, le 11 ao\u00fbt 2025, n\u00b025\/03592","author":"Kohen","date":"2026\u5e744\u67087\u65e5","format":false,"excerpt":"Le tribunal judiciaire de Lyon, statuant en proc\u00e9d\u2026","rel":"","context":"\u5728\u201cJurisprudence\u201d\u4e2d","block_context":{"text":"Jurisprudence","link":"https:\/\/kohenavocats.com\/category\/jurisprudence\/"},"img":{"alt_text":"","src":"https:\/\/i0.wp.com\/kohenavocats.com\/wp-content\/uploads\/2024\/07\/claudio-testa-iqeG5xA96M4-unsplash.webp?resize=350%2C200&ssl=1","width":350,"height":200,"srcset":"https:\/\/i0.wp.com\/kohenavocats.com\/wp-content\/uploads\/2024\/07\/claudio-testa-iqeG5xA96M4-unsplash.webp?resize=350%2C200&ssl=1 1x, https:\/\/i0.wp.com\/kohenavocats.com\/wp-content\/uploads\/2024\/07\/claudio-testa-iqeG5xA96M4-unsplash.webp?resize=525%2C300&ssl=1 1.5x, https:\/\/i0.wp.com\/kohenavocats.com\/wp-content\/uploads\/2024\/07\/claudio-testa-iqeG5xA96M4-unsplash.webp?resize=700%2C400&ssl=1 2x, https:\/\/i0.wp.com\/kohenavocats.com\/wp-content\/uploads\/2024\/07\/claudio-testa-iqeG5xA96M4-unsplash.webp?resize=1050%2C600&ssl=1 3x, https:\/\/i0.wp.com\/kohenavocats.com\/wp-content\/uploads\/2024\/07\/claudio-testa-iqeG5xA96M4-unsplash.webp?resize=1400%2C800&ssl=1 4x"},"classes":[]},{"id":433867,"url":"https:\/\/kohenavocats.com\/zh-hans\/cour-dappel-de-lyon-le-8-mars-2011-n09-03703\/","url_meta":{"origin":656152,"position":5},"title":"Cour d&#8217;appel de Lyon, le 8 mars 2011, n\u00b009\/03703","author":"Kohen","date":"2026\u5e743\u670824\u65e5","format":false,"excerpt":"La Cour d'appel de Lyon, dans un arr\u00eat du 8 mars 2\u2026","rel":"","context":"\u5728\u201cCour d'appel\u201d\u4e2d","block_context":{"text":"Cour d'appel","link":"https:\/\/kohenavocats.com\/category\/cour-dappel\/"},"img":{"alt_text":"","src":"https:\/\/i0.wp.com\/kohenavocats.com\/wp-content\/uploads\/2024\/08\/nils-kaEhf0eZme8-unsplash.webp?resize=350%2C200&ssl=1","width":350,"height":200,"srcset":"https:\/\/i0.wp.com\/kohenavocats.com\/wp-content\/uploads\/2024\/08\/nils-kaEhf0eZme8-unsplash.webp?resize=350%2C200&ssl=1 1x, https:\/\/i0.wp.com\/kohenavocats.com\/wp-content\/uploads\/2024\/08\/nils-kaEhf0eZme8-unsplash.webp?resize=525%2C300&ssl=1 1.5x, https:\/\/i0.wp.com\/kohenavocats.com\/wp-content\/uploads\/2024\/08\/nils-kaEhf0eZme8-unsplash.webp?resize=700%2C400&ssl=1 2x, https:\/\/i0.wp.com\/kohenavocats.com\/wp-content\/uploads\/2024\/08\/nils-kaEhf0eZme8-unsplash.webp?resize=1050%2C600&ssl=1 3x, https:\/\/i0.wp.com\/kohenavocats.com\/wp-content\/uploads\/2024\/08\/nils-kaEhf0eZme8-unsplash.webp?resize=1400%2C800&ssl=1 4x"},"classes":[]}],"jetpack_sharing_enabled":true,"_links":{"self":[{"href":"https:\/\/kohenavocats.com\/zh-hans\/wp-json\/wp\/v2\/posts\/656152","targetHints":{"allow":["GET"]}}],"collection":[{"href":"https:\/\/kohenavocats.com\/zh-hans\/wp-json\/wp\/v2\/posts"}],"about":[{"href":"https:\/\/kohenavocats.com\/zh-hans\/wp-json\/wp\/v2\/types\/post"}],"author":[{"embeddable":true,"href":"https:\/\/kohenavocats.com\/zh-hans\/wp-json\/wp\/v2\/users\/232070755"}],"replies":[{"embeddable":true,"href":"https:\/\/kohenavocats.com\/zh-hans\/wp-json\/wp\/v2\/comments?post=656152"}],"version-history":[{"count":0,"href":"https:\/\/kohenavocats.com\/zh-hans\/wp-json\/wp\/v2\/posts\/656152\/revisions"}],"wp:featuredmedia":[{"embeddable":true,"href":"https:\/\/kohenavocats.com\/zh-hans\/wp-json\/wp\/v2\/media\/9596"}],"wp:attachment":[{"href":"https:\/\/kohenavocats.com\/zh-hans\/wp-json\/wp\/v2\/media?parent=656152"}],"wp:term":[{"taxonomy":"category","embeddable":true,"href":"https:\/\/kohenavocats.com\/zh-hans\/wp-json\/wp\/v2\/categories?post=656152"},{"taxonomy":"post_tag","embeddable":true,"href":"https:\/\/kohenavocats.com\/zh-hans\/wp-json\/wp\/v2\/tags?post=656152"}],"curies":[{"name":"wp","href":"https:\/\/api.w.org\/{rel}","templated":true}]}}