{"id":656156,"date":"2026-04-23T06:54:00","date_gmt":"2026-04-23T04:54:00","guid":{"rendered":"https:\/\/kohenavocats.com\/tribunal-judiciaire-de-lyon-le-30-septembre-2025-n24-04012\/"},"modified":"2026-04-23T06:54:00","modified_gmt":"2026-04-23T04:54:00","slug":"tribunal-judiciaire-de-lyon-le-30-septembre-2025-n24-04012","status":"publish","type":"post","link":"https:\/\/kohenavocats.com\/zh-hans\/tribunal-judiciaire-de-lyon-le-30-septembre-2025-n24-04012\/","title":{"rendered":"Tribunal judiciaire de Lyon, le 30 septembre 2025, n\u00b024\/04012"},"content":{"rendered":"<div class=\"article-content\">\n<p>Le tribunal judiciaire de Lyon, statuant le 30 septembre 2025, a examin\u00e9 une demande en r\u00e9solution de vente. Un consommateur avait acquis un v\u00e9hicule d&#8217;occasion aupr\u00e8s d&#8217;un professionnel via une annonce en ligne. Le bien s&#8217;est r\u00e9v\u00e9l\u00e9 pr\u00e9senter de multiples d\u00e9sordres emp\u00eachant son utilisation d\u00e8s la prise de possession. Le juge, saisi sur le fondement de la garantie l\u00e9gale de conformit\u00e9, a rejet\u00e9 la demande du consommateur. La solution d\u00e9nie la r\u00e9solution du contrat et condamne le demandeur aux d\u00e9pens.<\/p>\n<p>L&#8217;exigence probatoire dans l&#8217;action en garantie de conformit\u00e9<\/p>\n<p>La charge de la preuve du d\u00e9faut initial p\u00e8se sur le consommateur demandeur. Le tribunal rappelle les conditions d&#8217;application des pr\u00e9somptions l\u00e9gales favorables. &#8220;Les d\u00e9fauts de conformit\u00e9 qui apparaissent dans un d\u00e9lai de vingt-quatre mois \u00e0 compter de la d\u00e9livrance du bien [&#8230;] sont, sauf preuve contraire, pr\u00e9sum\u00e9s exister au moment de la d\u00e9livrance&#8221; (Motifs). Pour les biens d&#8217;occasion, ce d\u00e9lai est r\u00e9duit \u00e0 douze mois selon l&#8217;article L217-7 du code de la consommation. Cette pr\u00e9somption constitue un am\u00e9nagement proc\u00e9dural essentiel pour le consommateur.<\/p>\n<p>La jurisprudence confirme l&#8217;importance de ce r\u00e9gime probatoire att\u00e9nu\u00e9. &#8220;Ces d\u00e9sordres ayant \u00e9t\u00e9 d\u00e9tect\u00e9s dans le d\u00e9lai de 6 mois suivant la conclusion du contrat [&#8230;] ceux-ci sont pr\u00e9sum\u00e9s avoir exist\u00e9 au moment de la d\u00e9livrance du bien&#8221; (Cour d&#8217;appel de Lyon, le 6 mai 2025, n\u00b023\/07233). Le sens de cette r\u00e8gle est de faciliter l&#8217;acc\u00e8s \u00e0 la garantie en inversant la charge de la preuve. Sa valeur r\u00e9side dans la protection effective du consentement et des attentes l\u00e9gitimes de l&#8217;acheteur. Sa port\u00e9e est n\u00e9anmoins limit\u00e9e aux d\u00e9fauts apparaissant dans le d\u00e9lai l\u00e9gal.<\/p>\n<p>L&#8217;insuffisance des \u00e9l\u00e9ments produits pour caract\u00e9riser le d\u00e9faut<\/p>\n<p>Le juge exige une d\u00e9monstration concr\u00e8te et compl\u00e8te de l&#8217;absence de conformit\u00e9. La d\u00e9cision souligne les carences dans l&#8217;administration de la preuve par le demandeur. Il ne produit pas l&#8217;annonce originelle ni les photographies ayant fond\u00e9 son consentement. Les justificatifs de paiement sont jug\u00e9s illisibles et le contexte de remise du bien n&#8217;est pas document\u00e9. L&#8217;expertise amiable, non contradictoire, est consid\u00e9r\u00e9e comme insuffisante car elle ne propose pas d&#8217;\u00e9valuation chiffr\u00e9e des r\u00e9parations.<\/p>\n<p>Le tribunal pr\u00e9cise les attentes en mati\u00e8re de preuve du pr\u00e9judice. &#8220;Les conclusions de l&#8217;expertise ne pr\u00e9sentent pas d&#8217;\u00e9valuation de la remise en \u00e9tat du v\u00e9hicule&#8221; (Motifs). Il est \u00e9galement indiqu\u00e9 que des investigations compl\u00e9mentaires seraient n\u00e9cessaires. Cette exigence rejoint la logique d&#8217;une autre d\u00e9cision qui conditionne la qualification de d\u00e9faut majeur \u00e0 l&#8217;impact sur l&#8217;usage. &#8220;Le v\u00e9hicule, qui ne peut plus se d\u00e9placer en s\u00e9curit\u00e9, n&#8217;est plus en mesure de satisfaire l&#8217;usage pour lequel il a \u00e9t\u00e9 acquis&#8221; (Cour d&#8217;appel de Lyon, le 6 mai 2025, n\u00b023\/07233). Le sens de cette rigueur est d&#8217;\u00e9viter les d\u00e9cisions sur des bases incertaines. Sa valeur est proc\u00e9durale et vise la s\u00e9curit\u00e9 juridique des transactions. Sa port\u00e9e rappelle que la charge de la preuve, bien qu&#8217;am\u00e9nag\u00e9e, demeure une obligation essentielle pour le demandeur.<\/p>\n<\/div>\n","protected":false},"excerpt":{"rendered":"<p>Le tribunal judiciaire de Lyon, statuant le 30 septembre 2025, a examin\u00e9 une demande en r\u00e9solution de vente. Un consommateur avait acquis un v\u00e9hicule d&#8217;occas&#8230;<\/p>\n","protected":false},"author":232070755,"featured_media":9439,"comment_status":"open","ping_status":"open","sticky":false,"template":"","format":"standard","meta":{"_crdt_document":"","_jetpack_newsletter_access":"","_jetpack_dont_email_post_to_subs":false,"_jetpack_newsletter_tier_id":0,"_jetpack_memberships_contains_paywalled_content":false,"_kj_source_type":"judilibre","_kj_official_id":"68dd6fe1548223b2c7ab11a1","_kj_official_url":"https:\/\/www.courdecassation.fr\/decision\/68dd6fe1548223b2c7ab11a1","_kj_judilibre_id":"68dd6fe1548223b2c7ab11a1","_kj_jur":"Tribunal judiciaire","_kj_lieu":"Tribunal judiciaire de Lyon","_kj_chambre":"PPP P\u00d4LE CIRCUIT LONG S1","_kj_rg":"24\/04012","_kj_date":"2025-09-30","_jetpack_memberships_contains_paid_content":false,"footnotes":"","jetpack_post_was_ever_published":false},"categories":[7597],"tags":[],"class_list":["post-656156","post","type-post","status-publish","format-standard","has-post-thumbnail","hentry","category-jurisprudence"],"yoast_head":"<!-- This site is optimized with the Yoast SEO Premium plugin v27.5 (Yoast SEO v27.5) - https:\/\/yoast.com\/product\/yoast-seo-premium-wordpress\/ -->\n<title>Tribunal judiciaire de Lyon, le 30 septembre 2025, n\u00b024\/04012 - Ma\u00eetre Hassan Kohen, avocat en droit p\u00e9nal \u00e0 Paris<\/title>\n<meta name=\"description\" content=\"Le tribunal judiciaire de Lyon, statuant le 30 septembre 2025, a examin\u00e9 une demande en r\u00e9solution de vente. Un consommateur avait acquis un v\u00e9hicule d&#039;occas...\" \/>\n<meta name=\"robots\" content=\"index, follow, max-snippet:-1, max-image-preview:large, max-video-preview:-1\" \/>\n<link rel=\"canonical\" href=\"https:\/\/kohenavocats.com\/zh-hans\/tribunal-judiciaire-de-lyon-le-30-septembre-2025-n24-04012\/\" \/>\n<meta property=\"og:locale\" content=\"zh_CN\" \/>\n<meta property=\"og:type\" content=\"article\" \/>\n<meta property=\"og:title\" content=\"Tribunal judiciaire de Lyon, le 30 septembre 2025, n\u00b024\/04012\" \/>\n<meta property=\"og:description\" content=\"Le tribunal judiciaire de Lyon, statuant le 30 septembre 2025, a examin\u00e9 une demande en r\u00e9solution de vente. Un consommateur avait acquis un v\u00e9hicule d&#039;occas...\" \/>\n<meta property=\"og:url\" content=\"https:\/\/kohenavocats.com\/zh-hans\/tribunal-judiciaire-de-lyon-le-30-septembre-2025-n24-04012\/\" \/>\n<meta property=\"og:site_name\" content=\"Ma\u00eetre Hassan Kohen, avocat en droit p\u00e9nal \u00e0 Paris\" \/>\n<meta property=\"article:published_time\" content=\"2026-04-23T04:54:00+00:00\" \/>\n<meta property=\"og:image\" content=\"https:\/\/kohenavocats.com\/wp-content\/uploads\/2024\/11\/osarugue-igbinoba-GtkcrFqc5hE-unsplash.webp\" \/>\n\t<meta property=\"og:image:width\" content=\"2736\" \/>\n\t<meta property=\"og:image:height\" content=\"3648\" \/>\n\t<meta property=\"og:image:type\" content=\"image\/webp\" \/>\n<meta name=\"author\" content=\"Kohen\" \/>\n<meta name=\"twitter:card\" content=\"summary_large_image\" \/>\n<meta name=\"twitter:label1\" content=\"\u4f5c\u8005\" \/>\n\t<meta name=\"twitter:data1\" content=\"Kohen\" \/>\n\t<meta name=\"twitter:label2\" content=\"\u9884\u8ba1\u9605\u8bfb\u65f6\u95f4\" \/>\n\t<meta name=\"twitter:data2\" content=\"3 \u5206\" \/>\n<script type=\"application\/ld+json\" class=\"yoast-schema-graph\">{\"@context\":\"https:\\\/\\\/schema.org\",\"@graph\":[{\"@type\":\"Article\",\"@id\":\"https:\\\/\\\/kohenavocats.com\\\/zh-hans\\\/tribunal-judiciaire-de-lyon-le-30-septembre-2025-n24-04012\\\/#article\",\"isPartOf\":{\"@id\":\"https:\\\/\\\/kohenavocats.com\\\/zh-hans\\\/tribunal-judiciaire-de-lyon-le-30-septembre-2025-n24-04012\\\/\"},\"author\":{\"name\":\"Kohen\",\"@id\":\"https:\\\/\\\/kohenavocats.com\\\/zh-hans\\\/#\\\/schema\\\/person\\\/761c9ba54fa1ca84d405cef0831ff751\"},\"headline\":\"Tribunal judiciaire de Lyon, le 30 septembre 2025, n\u00b024\\\/04012\",\"datePublished\":\"2026-04-23T04:54:00+00:00\",\"mainEntityOfPage\":{\"@id\":\"https:\\\/\\\/kohenavocats.com\\\/zh-hans\\\/tribunal-judiciaire-de-lyon-le-30-septembre-2025-n24-04012\\\/\"},\"wordCount\":576,\"commentCount\":0,\"publisher\":{\"@id\":\"https:\\\/\\\/kohenavocats.com\\\/zh-hans\\\/#organization\"},\"image\":{\"@id\":\"https:\\\/\\\/kohenavocats.com\\\/zh-hans\\\/tribunal-judiciaire-de-lyon-le-30-septembre-2025-n24-04012\\\/#primaryimage\"},\"thumbnailUrl\":\"https:\\\/\\\/kohenavocats.com\\\/wp-content\\\/uploads\\\/2024\\\/11\\\/osarugue-igbinoba-GtkcrFqc5hE-unsplash.webp\",\"articleSection\":[\"Jurisprudence\"],\"inLanguage\":\"zh-Hans\",\"potentialAction\":[{\"@type\":\"CommentAction\",\"name\":\"Comment\",\"target\":[\"https:\\\/\\\/kohenavocats.com\\\/zh-hans\\\/tribunal-judiciaire-de-lyon-le-30-septembre-2025-n24-04012\\\/#respond\"]}],\"citation\":\"Tribunal judiciaire de Lyon, le 30 septembre 2025, n\u00b024\\\/04012\",\"about\":[{\"@type\":\"Thing\",\"name\":\"Jurisprudence\"}],\"dateModified\":\"2026-04-23T04:54:00+00:00\",\"speakable\":{\"@type\":\"SpeakableSpecification\",\"cssSelector\":[\".article-content > p:first-of-type\"]}},{\"@type\":\"WebPage\",\"@id\":\"https:\\\/\\\/kohenavocats.com\\\/zh-hans\\\/tribunal-judiciaire-de-lyon-le-30-septembre-2025-n24-04012\\\/\",\"url\":\"https:\\\/\\\/kohenavocats.com\\\/zh-hans\\\/tribunal-judiciaire-de-lyon-le-30-septembre-2025-n24-04012\\\/\",\"name\":\"Tribunal judiciaire de Lyon, le 30 septembre 2025, n\u00b024\\\/04012 - Ma\u00eetre Hassan Kohen, avocat en droit p\u00e9nal \u00e0 Paris\",\"isPartOf\":{\"@id\":\"https:\\\/\\\/kohenavocats.com\\\/zh-hans\\\/#website\"},\"primaryImageOfPage\":{\"@id\":\"https:\\\/\\\/kohenavocats.com\\\/zh-hans\\\/tribunal-judiciaire-de-lyon-le-30-septembre-2025-n24-04012\\\/#primaryimage\"},\"image\":{\"@id\":\"https:\\\/\\\/kohenavocats.com\\\/zh-hans\\\/tribunal-judiciaire-de-lyon-le-30-septembre-2025-n24-04012\\\/#primaryimage\"},\"thumbnailUrl\":\"https:\\\/\\\/kohenavocats.com\\\/wp-content\\\/uploads\\\/2024\\\/11\\\/osarugue-igbinoba-GtkcrFqc5hE-unsplash.webp\",\"datePublished\":\"2026-04-23T04:54:00+00:00\",\"description\":\"Le tribunal judiciaire de Lyon, statuant le 30 septembre 2025, a examin\u00e9 une demande en r\u00e9solution de vente. Un consommateur avait acquis un v\u00e9hicule d'occas...\",\"breadcrumb\":{\"@id\":\"https:\\\/\\\/kohenavocats.com\\\/zh-hans\\\/tribunal-judiciaire-de-lyon-le-30-septembre-2025-n24-04012\\\/#breadcrumb\"},\"inLanguage\":\"zh-Hans\",\"potentialAction\":[{\"@type\":\"ReadAction\",\"target\":[\"https:\\\/\\\/kohenavocats.com\\\/zh-hans\\\/tribunal-judiciaire-de-lyon-le-30-septembre-2025-n24-04012\\\/\"]}]},{\"@type\":\"ImageObject\",\"inLanguage\":\"zh-Hans\",\"@id\":\"https:\\\/\\\/kohenavocats.com\\\/zh-hans\\\/tribunal-judiciaire-de-lyon-le-30-septembre-2025-n24-04012\\\/#primaryimage\",\"url\":\"https:\\\/\\\/kohenavocats.com\\\/wp-content\\\/uploads\\\/2024\\\/11\\\/osarugue-igbinoba-GtkcrFqc5hE-unsplash.webp\",\"contentUrl\":\"https:\\\/\\\/kohenavocats.com\\\/wp-content\\\/uploads\\\/2024\\\/11\\\/osarugue-igbinoba-GtkcrFqc5hE-unsplash.webp\",\"width\":2736,\"height\":3648},{\"@type\":\"BreadcrumbList\",\"@id\":\"https:\\\/\\\/kohenavocats.com\\\/zh-hans\\\/tribunal-judiciaire-de-lyon-le-30-septembre-2025-n24-04012\\\/#breadcrumb\",\"itemListElement\":[{\"@type\":\"ListItem\",\"position\":1,\"name\":\"Home\",\"item\":\"https:\\\/\\\/kohenavocats.com\\\/zh-hans\\\/\"},{\"@type\":\"ListItem\",\"position\":2,\"name\":\"Tribunal judiciaire de Lyon, le 30 septembre 2025, n\u00b024\\\/04012\"}]},{\"@type\":\"WebSite\",\"@id\":\"https:\\\/\\\/kohenavocats.com\\\/zh-hans\\\/#website\",\"url\":\"https:\\\/\\\/kohenavocats.com\\\/zh-hans\\\/\",\"name\":\"Kohen Avocats\",\"description\":\"Ma\u00eetre Hassan Kohen, avocat p\u00e9naliste \u00e0 Paris, intervient exclusivement en droit p\u00e9nal pour la d\u00e9fense des particuliers, notamment en mati\u00e8re d\u2019accusations de viol. Il assure un accompagnement rigoureux d\u00e8s la garde \u00e0 vue jusqu\u2019\u00e0 la Cour d\u2019assises, veillant au strict respect des garanties proc\u00e9durales.\",\"publisher\":{\"@id\":\"https:\\\/\\\/kohenavocats.com\\\/zh-hans\\\/#organization\"},\"potentialAction\":[{\"@type\":\"SearchAction\",\"target\":{\"@type\":\"EntryPoint\",\"urlTemplate\":\"https:\\\/\\\/kohenavocats.com\\\/zh-hans\\\/?s={search_term_string}\"},\"query-input\":{\"@type\":\"PropertyValueSpecification\",\"valueRequired\":true,\"valueName\":\"search_term_string\"}}],\"inLanguage\":\"zh-Hans\"},{\"@type\":\"Organization\",\"@id\":\"https:\\\/\\\/kohenavocats.com\\\/zh-hans\\\/#organization\",\"name\":\"Kohen Avocats\",\"url\":\"https:\\\/\\\/kohenavocats.com\\\/zh-hans\\\/\",\"logo\":{\"@type\":\"ImageObject\",\"inLanguage\":\"zh-Hans\",\"@id\":\"https:\\\/\\\/kohenavocats.com\\\/zh-hans\\\/#\\\/schema\\\/logo\\\/image\\\/\",\"url\":\"https:\\\/\\\/kohenavocats.com\\\/wp-content\\\/uploads\\\/2026\\\/01\\\/Logo-2-1.webp\",\"contentUrl\":\"https:\\\/\\\/kohenavocats.com\\\/wp-content\\\/uploads\\\/2026\\\/01\\\/Logo-2-1.webp\",\"width\":2114,\"height\":1253,\"caption\":\"Kohen Avocats\"},\"image\":{\"@id\":\"https:\\\/\\\/kohenavocats.com\\\/zh-hans\\\/#\\\/schema\\\/logo\\\/image\\\/\"}},{\"@type\":\"Person\",\"@id\":\"https:\\\/\\\/kohenavocats.com\\\/zh-hans\\\/#\\\/schema\\\/person\\\/761c9ba54fa1ca84d405cef0831ff751\",\"name\":\"Kohen\",\"image\":{\"@type\":\"ImageObject\",\"inLanguage\":\"zh-Hans\",\"@id\":\"https:\\\/\\\/secure.gravatar.com\\\/avatar\\\/1c5e76ef76bbbfdd2b4da984e2bf2fa4056fd51a27d25ce2c332047f1dfd6e00?s=96&d=identicon&r=g\",\"url\":\"https:\\\/\\\/secure.gravatar.com\\\/avatar\\\/1c5e76ef76bbbfdd2b4da984e2bf2fa4056fd51a27d25ce2c332047f1dfd6e00?s=96&d=identicon&r=g\",\"contentUrl\":\"https:\\\/\\\/secure.gravatar.com\\\/avatar\\\/1c5e76ef76bbbfdd2b4da984e2bf2fa4056fd51a27d25ce2c332047f1dfd6e00?s=96&d=identicon&r=g\",\"caption\":\"Kohen\"},\"sameAs\":[\"https:\\\/\\\/www.linkedin.com\\\/in\\\/hassan-kohen-448548192\\\/\",\"https:\\\/\\\/www.youtube.com\\\/@Kohen-Avocats\"],\"url\":\"https:\\\/\\\/kohenavocats.com\\\/zh-hans\\\/author\\\/kohenmlk\\\/\"}]}<\/script>\n<!-- \/ Yoast SEO Premium plugin. -->","yoast_head_json":{"title":"Tribunal judiciaire de Lyon, le 30 septembre 2025, n\u00b024\/04012 - Ma\u00eetre Hassan Kohen, avocat en droit p\u00e9nal \u00e0 Paris","description":"Le tribunal judiciaire de Lyon, statuant le 30 septembre 2025, a examin\u00e9 une demande en r\u00e9solution de vente. Un consommateur avait acquis un v\u00e9hicule d'occas...","robots":{"index":"index","follow":"follow","max-snippet":"max-snippet:-1","max-image-preview":"max-image-preview:large","max-video-preview":"max-video-preview:-1"},"canonical":"https:\/\/kohenavocats.com\/zh-hans\/tribunal-judiciaire-de-lyon-le-30-septembre-2025-n24-04012\/","og_locale":"zh_CN","og_type":"article","og_title":"Tribunal judiciaire de Lyon, le 30 septembre 2025, n\u00b024\/04012","og_description":"Le tribunal judiciaire de Lyon, statuant le 30 septembre 2025, a examin\u00e9 une demande en r\u00e9solution de vente. Un consommateur avait acquis un v\u00e9hicule d'occas...","og_url":"https:\/\/kohenavocats.com\/zh-hans\/tribunal-judiciaire-de-lyon-le-30-septembre-2025-n24-04012\/","og_site_name":"Ma\u00eetre Hassan Kohen, avocat en droit p\u00e9nal \u00e0 Paris","article_published_time":"2026-04-23T04:54:00+00:00","og_image":[{"width":2736,"height":3648,"url":"https:\/\/kohenavocats.com\/wp-content\/uploads\/2024\/11\/osarugue-igbinoba-GtkcrFqc5hE-unsplash.webp","type":"image\/webp"}],"author":"Kohen","twitter_card":"summary_large_image","twitter_misc":{"\u4f5c\u8005":"Kohen","\u9884\u8ba1\u9605\u8bfb\u65f6\u95f4":"3 \u5206"},"schema":{"@context":"https:\/\/schema.org","@graph":[{"@type":"Article","@id":"https:\/\/kohenavocats.com\/zh-hans\/tribunal-judiciaire-de-lyon-le-30-septembre-2025-n24-04012\/#article","isPartOf":{"@id":"https:\/\/kohenavocats.com\/zh-hans\/tribunal-judiciaire-de-lyon-le-30-septembre-2025-n24-04012\/"},"author":{"name":"Kohen","@id":"https:\/\/kohenavocats.com\/zh-hans\/#\/schema\/person\/761c9ba54fa1ca84d405cef0831ff751"},"headline":"Tribunal judiciaire de Lyon, le 30 septembre 2025, n\u00b024\/04012","datePublished":"2026-04-23T04:54:00+00:00","mainEntityOfPage":{"@id":"https:\/\/kohenavocats.com\/zh-hans\/tribunal-judiciaire-de-lyon-le-30-septembre-2025-n24-04012\/"},"wordCount":576,"commentCount":0,"publisher":{"@id":"https:\/\/kohenavocats.com\/zh-hans\/#organization"},"image":{"@id":"https:\/\/kohenavocats.com\/zh-hans\/tribunal-judiciaire-de-lyon-le-30-septembre-2025-n24-04012\/#primaryimage"},"thumbnailUrl":"https:\/\/kohenavocats.com\/wp-content\/uploads\/2024\/11\/osarugue-igbinoba-GtkcrFqc5hE-unsplash.webp","articleSection":["Jurisprudence"],"inLanguage":"zh-Hans","potentialAction":[{"@type":"CommentAction","name":"Comment","target":["https:\/\/kohenavocats.com\/zh-hans\/tribunal-judiciaire-de-lyon-le-30-septembre-2025-n24-04012\/#respond"]}],"citation":"Tribunal judiciaire de Lyon, le 30 septembre 2025, n\u00b024\/04012","about":[{"@type":"Thing","name":"Jurisprudence"}],"dateModified":"2026-04-23T04:54:00+00:00","speakable":{"@type":"SpeakableSpecification","cssSelector":[".article-content > p:first-of-type"]}},{"@type":"WebPage","@id":"https:\/\/kohenavocats.com\/zh-hans\/tribunal-judiciaire-de-lyon-le-30-septembre-2025-n24-04012\/","url":"https:\/\/kohenavocats.com\/zh-hans\/tribunal-judiciaire-de-lyon-le-30-septembre-2025-n24-04012\/","name":"Tribunal judiciaire de Lyon, le 30 septembre 2025, n\u00b024\/04012 - Ma\u00eetre Hassan Kohen, avocat en droit p\u00e9nal \u00e0 Paris","isPartOf":{"@id":"https:\/\/kohenavocats.com\/zh-hans\/#website"},"primaryImageOfPage":{"@id":"https:\/\/kohenavocats.com\/zh-hans\/tribunal-judiciaire-de-lyon-le-30-septembre-2025-n24-04012\/#primaryimage"},"image":{"@id":"https:\/\/kohenavocats.com\/zh-hans\/tribunal-judiciaire-de-lyon-le-30-septembre-2025-n24-04012\/#primaryimage"},"thumbnailUrl":"https:\/\/kohenavocats.com\/wp-content\/uploads\/2024\/11\/osarugue-igbinoba-GtkcrFqc5hE-unsplash.webp","datePublished":"2026-04-23T04:54:00+00:00","description":"Le tribunal judiciaire de Lyon, statuant le 30 septembre 2025, a examin\u00e9 une demande en r\u00e9solution de vente. Un consommateur avait acquis un v\u00e9hicule d'occas...","breadcrumb":{"@id":"https:\/\/kohenavocats.com\/zh-hans\/tribunal-judiciaire-de-lyon-le-30-septembre-2025-n24-04012\/#breadcrumb"},"inLanguage":"zh-Hans","potentialAction":[{"@type":"ReadAction","target":["https:\/\/kohenavocats.com\/zh-hans\/tribunal-judiciaire-de-lyon-le-30-septembre-2025-n24-04012\/"]}]},{"@type":"ImageObject","inLanguage":"zh-Hans","@id":"https:\/\/kohenavocats.com\/zh-hans\/tribunal-judiciaire-de-lyon-le-30-septembre-2025-n24-04012\/#primaryimage","url":"https:\/\/kohenavocats.com\/wp-content\/uploads\/2024\/11\/osarugue-igbinoba-GtkcrFqc5hE-unsplash.webp","contentUrl":"https:\/\/kohenavocats.com\/wp-content\/uploads\/2024\/11\/osarugue-igbinoba-GtkcrFqc5hE-unsplash.webp","width":2736,"height":3648},{"@type":"BreadcrumbList","@id":"https:\/\/kohenavocats.com\/zh-hans\/tribunal-judiciaire-de-lyon-le-30-septembre-2025-n24-04012\/#breadcrumb","itemListElement":[{"@type":"ListItem","position":1,"name":"Home","item":"https:\/\/kohenavocats.com\/zh-hans\/"},{"@type":"ListItem","position":2,"name":"Tribunal judiciaire de Lyon, le 30 septembre 2025, n\u00b024\/04012"}]},{"@type":"WebSite","@id":"https:\/\/kohenavocats.com\/zh-hans\/#website","url":"https:\/\/kohenavocats.com\/zh-hans\/","name":"Kohen Avocats","description":"Ma\u00eetre Hassan Kohen, avocat p\u00e9naliste \u00e0 Paris, intervient exclusivement en droit p\u00e9nal pour la d\u00e9fense des particuliers, notamment en mati\u00e8re d\u2019accusations de viol. Il assure un accompagnement rigoureux d\u00e8s la garde \u00e0 vue jusqu\u2019\u00e0 la Cour d\u2019assises, veillant au strict respect des garanties proc\u00e9durales.","publisher":{"@id":"https:\/\/kohenavocats.com\/zh-hans\/#organization"},"potentialAction":[{"@type":"SearchAction","target":{"@type":"EntryPoint","urlTemplate":"https:\/\/kohenavocats.com\/zh-hans\/?s={search_term_string}"},"query-input":{"@type":"PropertyValueSpecification","valueRequired":true,"valueName":"search_term_string"}}],"inLanguage":"zh-Hans"},{"@type":"Organization","@id":"https:\/\/kohenavocats.com\/zh-hans\/#organization","name":"Kohen Avocats","url":"https:\/\/kohenavocats.com\/zh-hans\/","logo":{"@type":"ImageObject","inLanguage":"zh-Hans","@id":"https:\/\/kohenavocats.com\/zh-hans\/#\/schema\/logo\/image\/","url":"https:\/\/kohenavocats.com\/wp-content\/uploads\/2026\/01\/Logo-2-1.webp","contentUrl":"https:\/\/kohenavocats.com\/wp-content\/uploads\/2026\/01\/Logo-2-1.webp","width":2114,"height":1253,"caption":"Kohen Avocats"},"image":{"@id":"https:\/\/kohenavocats.com\/zh-hans\/#\/schema\/logo\/image\/"}},{"@type":"Person","@id":"https:\/\/kohenavocats.com\/zh-hans\/#\/schema\/person\/761c9ba54fa1ca84d405cef0831ff751","name":"Kohen","image":{"@type":"ImageObject","inLanguage":"zh-Hans","@id":"https:\/\/secure.gravatar.com\/avatar\/1c5e76ef76bbbfdd2b4da984e2bf2fa4056fd51a27d25ce2c332047f1dfd6e00?s=96&d=identicon&r=g","url":"https:\/\/secure.gravatar.com\/avatar\/1c5e76ef76bbbfdd2b4da984e2bf2fa4056fd51a27d25ce2c332047f1dfd6e00?s=96&d=identicon&r=g","contentUrl":"https:\/\/secure.gravatar.com\/avatar\/1c5e76ef76bbbfdd2b4da984e2bf2fa4056fd51a27d25ce2c332047f1dfd6e00?s=96&d=identicon&r=g","caption":"Kohen"},"sameAs":["https:\/\/www.linkedin.com\/in\/hassan-kohen-448548192\/","https:\/\/www.youtube.com\/@Kohen-Avocats"],"url":"https:\/\/kohenavocats.com\/zh-hans\/author\/kohenmlk\/"}]}},"jetpack_featured_media_url":"https:\/\/kohenavocats.com\/wp-content\/uploads\/2024\/11\/osarugue-igbinoba-GtkcrFqc5hE-unsplash.webp","jetpack_likes_enabled":false,"jetpack_shortlink":"https:\/\/wp.me\/peCrII-2KHa","jetpack-related-posts":[{"id":656141,"url":"https:\/\/kohenavocats.com\/zh-hans\/tribunal-judiciaire-de-paris-le-30-septembre-2025-n25-01960\/","url_meta":{"origin":656156,"position":0},"title":"Tribunal judiciaire de Paris, le 30 septembre 2025, n\u00b025\/01960","author":"Kohen","date":"2026\u5e744\u670823\u65e5","format":false,"excerpt":"Le Tribunal judiciaire, par jugement du 30 septemb\u2026","rel":"","context":"\u5728\u201cJurisprudence\u201d\u4e2d","block_context":{"text":"Jurisprudence","link":"https:\/\/kohenavocats.com\/category\/jurisprudence\/"},"img":{"alt_text":"","src":"https:\/\/i0.wp.com\/kohenavocats.com\/wp-content\/uploads\/2024\/11\/zyanya-citlalli-050WJlLW2S4-unsplash.webp?resize=350%2C200&ssl=1","width":350,"height":200,"srcset":"https:\/\/i0.wp.com\/kohenavocats.com\/wp-content\/uploads\/2024\/11\/zyanya-citlalli-050WJlLW2S4-unsplash.webp?resize=350%2C200&ssl=1 1x, https:\/\/i0.wp.com\/kohenavocats.com\/wp-content\/uploads\/2024\/11\/zyanya-citlalli-050WJlLW2S4-unsplash.webp?resize=525%2C300&ssl=1 1.5x, https:\/\/i0.wp.com\/kohenavocats.com\/wp-content\/uploads\/2024\/11\/zyanya-citlalli-050WJlLW2S4-unsplash.webp?resize=700%2C400&ssl=1 2x, https:\/\/i0.wp.com\/kohenavocats.com\/wp-content\/uploads\/2024\/11\/zyanya-citlalli-050WJlLW2S4-unsplash.webp?resize=1050%2C600&ssl=1 3x, https:\/\/i0.wp.com\/kohenavocats.com\/wp-content\/uploads\/2024\/11\/zyanya-citlalli-050WJlLW2S4-unsplash.webp?resize=1400%2C800&ssl=1 4x"},"classes":[]},{"id":659226,"url":"https:\/\/kohenavocats.com\/zh-hans\/tribunal-judiciaire-de-val-de-briey-le-26-septembre-2025-n23-00260\/","url_meta":{"origin":656156,"position":1},"title":"Tribunal judiciaire de Val de Briey, le 26 septembre 2025, n\u00b023\/00260","author":"Kohen","date":"2026\u5e744\u670823\u65e5","format":false,"excerpt":"Le tribunal judiciaire de premi\u00e8re instance, statu\u2026","rel":"","context":"\u5728\u201cJurisprudence\u201d\u4e2d","block_context":{"text":"Jurisprudence","link":"https:\/\/kohenavocats.com\/category\/jurisprudence\/"},"img":{"alt_text":"","src":"https:\/\/i0.wp.com\/kohenavocats.com\/wp-content\/uploads\/2024\/08\/doctor-tinieblas-0HVonrT2MBM-unsplash.webp?resize=350%2C200&ssl=1","width":350,"height":200,"srcset":"https:\/\/i0.wp.com\/kohenavocats.com\/wp-content\/uploads\/2024\/08\/doctor-tinieblas-0HVonrT2MBM-unsplash.webp?resize=350%2C200&ssl=1 1x, https:\/\/i0.wp.com\/kohenavocats.com\/wp-content\/uploads\/2024\/08\/doctor-tinieblas-0HVonrT2MBM-unsplash.webp?resize=525%2C300&ssl=1 1.5x, https:\/\/i0.wp.com\/kohenavocats.com\/wp-content\/uploads\/2024\/08\/doctor-tinieblas-0HVonrT2MBM-unsplash.webp?resize=700%2C400&ssl=1 2x, https:\/\/i0.wp.com\/kohenavocats.com\/wp-content\/uploads\/2024\/08\/doctor-tinieblas-0HVonrT2MBM-unsplash.webp?resize=1050%2C600&ssl=1 3x, https:\/\/i0.wp.com\/kohenavocats.com\/wp-content\/uploads\/2024\/08\/doctor-tinieblas-0HVonrT2MBM-unsplash.webp?resize=1400%2C800&ssl=1 4x"},"classes":[]},{"id":626349,"url":"https:\/\/kohenavocats.com\/zh-hans\/tribunal-judiciaire-de-aix-en-provence-le-16-octobre-2025-n23-04998\/","url_meta":{"origin":656156,"position":2},"title":"Tribunal judiciaire de Aix-en-Provence, le 16 octobre 2025, n\u00b023\/04998","author":"Kohen","date":"2026\u5e744\u670820\u65e5","format":false,"excerpt":"Le tribunal judiciaire d\u2019Aix-en-Provence, le 16 oc\u2026","rel":"","context":"\u5728\u201cJurisprudence\u201d\u4e2d","block_context":{"text":"Jurisprudence","link":"https:\/\/kohenavocats.com\/category\/jurisprudence\/"},"img":{"alt_text":"","src":"https:\/\/i0.wp.com\/kohenavocats.com\/wp-content\/uploads\/2024\/08\/luis-cortes-m92ge4NGDIM-unsplash-1.webp?resize=350%2C200&ssl=1","width":350,"height":200,"srcset":"https:\/\/i0.wp.com\/kohenavocats.com\/wp-content\/uploads\/2024\/08\/luis-cortes-m92ge4NGDIM-unsplash-1.webp?resize=350%2C200&ssl=1 1x, https:\/\/i0.wp.com\/kohenavocats.com\/wp-content\/uploads\/2024\/08\/luis-cortes-m92ge4NGDIM-unsplash-1.webp?resize=525%2C300&ssl=1 1.5x, https:\/\/i0.wp.com\/kohenavocats.com\/wp-content\/uploads\/2024\/08\/luis-cortes-m92ge4NGDIM-unsplash-1.webp?resize=700%2C400&ssl=1 2x, https:\/\/i0.wp.com\/kohenavocats.com\/wp-content\/uploads\/2024\/08\/luis-cortes-m92ge4NGDIM-unsplash-1.webp?resize=1050%2C600&ssl=1 3x, https:\/\/i0.wp.com\/kohenavocats.com\/wp-content\/uploads\/2024\/08\/luis-cortes-m92ge4NGDIM-unsplash-1.webp?resize=1400%2C800&ssl=1 4x"},"classes":[]},{"id":682376,"url":"https:\/\/kohenavocats.com\/zh-hans\/cour-dappel-de-versailles-le-18-septembre-2025-n23-08391\/","url_meta":{"origin":656156,"position":3},"title":"Cour d&#8217;appel de Versailles, le 18 septembre 2025, n\u00b023\/08391","author":"Kohen","date":"2026\u5e744\u670825\u65e5","format":false,"excerpt":"La cour d'appel de Versailles, le 18 septembre 202\u2026","rel":"","context":"\u5728\u201cJurisprudence\u201d\u4e2d","block_context":{"text":"Jurisprudence","link":"https:\/\/kohenavocats.com\/category\/jurisprudence\/"},"img":{"alt_text":"","src":"https:\/\/i0.wp.com\/kohenavocats.com\/wp-content\/uploads\/2024\/11\/jay-skyler-Ysbp5CrlNDo-unsplash.webp?resize=350%2C200&ssl=1","width":350,"height":200,"srcset":"https:\/\/i0.wp.com\/kohenavocats.com\/wp-content\/uploads\/2024\/11\/jay-skyler-Ysbp5CrlNDo-unsplash.webp?resize=350%2C200&ssl=1 1x, https:\/\/i0.wp.com\/kohenavocats.com\/wp-content\/uploads\/2024\/11\/jay-skyler-Ysbp5CrlNDo-unsplash.webp?resize=525%2C300&ssl=1 1.5x, https:\/\/i0.wp.com\/kohenavocats.com\/wp-content\/uploads\/2024\/11\/jay-skyler-Ysbp5CrlNDo-unsplash.webp?resize=700%2C400&ssl=1 2x, https:\/\/i0.wp.com\/kohenavocats.com\/wp-content\/uploads\/2024\/11\/jay-skyler-Ysbp5CrlNDo-unsplash.webp?resize=1050%2C600&ssl=1 3x, https:\/\/i0.wp.com\/kohenavocats.com\/wp-content\/uploads\/2024\/11\/jay-skyler-Ysbp5CrlNDo-unsplash.webp?resize=1400%2C800&ssl=1 4x"},"classes":[]},{"id":646411,"url":"https:\/\/kohenavocats.com\/zh-hans\/tribunal-judiciaire-de-lille-le-10-fevrier-2026-n24-00967\/","url_meta":{"origin":656156,"position":4},"title":"Tribunal judiciaire de Lille, le 10 f\u00e9vrier 2026, n\u00b024\/00967","author":"Kohen","date":"2026\u5e744\u670822\u65e5","format":false,"excerpt":"Le tribunal judiciaire de Lille, statuant le 10 f\u00e9\u2026","rel":"","context":"\u5728\u201cJurisprudence\u201d\u4e2d","block_context":{"text":"Jurisprudence","link":"https:\/\/kohenavocats.com\/category\/jurisprudence\/"},"img":{"alt_text":"","src":"https:\/\/i0.wp.com\/kohenavocats.com\/wp-content\/uploads\/2024\/08\/cecile-XeJmFXu_jeU-unsplash.webp?resize=350%2C200&ssl=1","width":350,"height":200,"srcset":"https:\/\/i0.wp.com\/kohenavocats.com\/wp-content\/uploads\/2024\/08\/cecile-XeJmFXu_jeU-unsplash.webp?resize=350%2C200&ssl=1 1x, https:\/\/i0.wp.com\/kohenavocats.com\/wp-content\/uploads\/2024\/08\/cecile-XeJmFXu_jeU-unsplash.webp?resize=525%2C300&ssl=1 1.5x, https:\/\/i0.wp.com\/kohenavocats.com\/wp-content\/uploads\/2024\/08\/cecile-XeJmFXu_jeU-unsplash.webp?resize=700%2C400&ssl=1 2x, https:\/\/i0.wp.com\/kohenavocats.com\/wp-content\/uploads\/2024\/08\/cecile-XeJmFXu_jeU-unsplash.webp?resize=1050%2C600&ssl=1 3x, https:\/\/i0.wp.com\/kohenavocats.com\/wp-content\/uploads\/2024\/08\/cecile-XeJmFXu_jeU-unsplash.webp?resize=1400%2C800&ssl=1 4x"},"classes":[]},{"id":636188,"url":"https:\/\/kohenavocats.com\/zh-hans\/tribunal-judiciaire-de-paris-le-10-octobre-2025-n22-05240\/","url_meta":{"origin":656156,"position":5},"title":"Tribunal judiciaire de Paris, le 10 octobre 2025, n\u00b022\/05240","author":"Kohen","date":"2026\u5e744\u670821\u65e5","format":false,"excerpt":"Le tribunal judiciaire de Paris, le 10 octobre 202\u2026","rel":"","context":"\u5728\u201cJurisprudence\u201d\u4e2d","block_context":{"text":"Jurisprudence","link":"https:\/\/kohenavocats.com\/category\/jurisprudence\/"},"img":{"alt_text":"","src":"https:\/\/i0.wp.com\/kohenavocats.com\/wp-content\/uploads\/2024\/08\/cristina-gottardi-GeKoZualPmA-unsplash-1.webp?resize=350%2C200&ssl=1","width":350,"height":200,"srcset":"https:\/\/i0.wp.com\/kohenavocats.com\/wp-content\/uploads\/2024\/08\/cristina-gottardi-GeKoZualPmA-unsplash-1.webp?resize=350%2C200&ssl=1 1x, https:\/\/i0.wp.com\/kohenavocats.com\/wp-content\/uploads\/2024\/08\/cristina-gottardi-GeKoZualPmA-unsplash-1.webp?resize=525%2C300&ssl=1 1.5x, https:\/\/i0.wp.com\/kohenavocats.com\/wp-content\/uploads\/2024\/08\/cristina-gottardi-GeKoZualPmA-unsplash-1.webp?resize=700%2C400&ssl=1 2x, https:\/\/i0.wp.com\/kohenavocats.com\/wp-content\/uploads\/2024\/08\/cristina-gottardi-GeKoZualPmA-unsplash-1.webp?resize=1050%2C600&ssl=1 3x, https:\/\/i0.wp.com\/kohenavocats.com\/wp-content\/uploads\/2024\/08\/cristina-gottardi-GeKoZualPmA-unsplash-1.webp?resize=1400%2C800&ssl=1 4x"},"classes":[]}],"jetpack_sharing_enabled":true,"_links":{"self":[{"href":"https:\/\/kohenavocats.com\/zh-hans\/wp-json\/wp\/v2\/posts\/656156","targetHints":{"allow":["GET"]}}],"collection":[{"href":"https:\/\/kohenavocats.com\/zh-hans\/wp-json\/wp\/v2\/posts"}],"about":[{"href":"https:\/\/kohenavocats.com\/zh-hans\/wp-json\/wp\/v2\/types\/post"}],"author":[{"embeddable":true,"href":"https:\/\/kohenavocats.com\/zh-hans\/wp-json\/wp\/v2\/users\/232070755"}],"replies":[{"embeddable":true,"href":"https:\/\/kohenavocats.com\/zh-hans\/wp-json\/wp\/v2\/comments?post=656156"}],"version-history":[{"count":0,"href":"https:\/\/kohenavocats.com\/zh-hans\/wp-json\/wp\/v2\/posts\/656156\/revisions"}],"wp:featuredmedia":[{"embeddable":true,"href":"https:\/\/kohenavocats.com\/zh-hans\/wp-json\/wp\/v2\/media\/9439"}],"wp:attachment":[{"href":"https:\/\/kohenavocats.com\/zh-hans\/wp-json\/wp\/v2\/media?parent=656156"}],"wp:term":[{"taxonomy":"category","embeddable":true,"href":"https:\/\/kohenavocats.com\/zh-hans\/wp-json\/wp\/v2\/categories?post=656156"},{"taxonomy":"post_tag","embeddable":true,"href":"https:\/\/kohenavocats.com\/zh-hans\/wp-json\/wp\/v2\/tags?post=656156"}],"curies":[{"name":"wp","href":"https:\/\/api.w.org\/{rel}","templated":true}]}}