{"id":656927,"date":"2026-04-23T08:19:46","date_gmt":"2026-04-23T06:19:46","guid":{"rendered":"https:\/\/kohenavocats.com\/cour-dappel-le-30-septembre-2025-n23-02116\/"},"modified":"2026-04-23T08:19:46","modified_gmt":"2026-04-23T06:19:46","slug":"cour-dappel-le-30-septembre-2025-n23-02116","status":"publish","type":"post","link":"https:\/\/kohenavocats.com\/zh-hans\/cour-dappel-le-30-septembre-2025-n23-02116\/","title":{"rendered":"Cour d&#8217;appel, le 30 septembre 2025, n\u00b023\/02116"},"content":{"rendered":"<div class=\"article-content\">\n<p>La chambre sociale de la cour d&#8217;appel, statuant le [date \u00e0 ins\u00e9rer], examine le recours d&#8217;une salari\u00e9e contre un jugement prud&#8217;homal. La salari\u00e9e contestait son licenciement pour inaptitude cons\u00e9cutif \u00e0 un arr\u00eat maladie. Elle invoquait un harc\u00e8lement moral et un manquement \u00e0 l&#8217;obligation de s\u00e9curit\u00e9 de l&#8217;employeur. La cour d&#8217;appel infirme partiellement le jugement pour reconna\u00eetre ces manquements et annuler le licenciement. Elle d\u00e9clare cependant irrecevable la demande d&#8217;indemnisation des pr\u00e9judices directs li\u00e9s \u00e0 la maladie professionnelle.<\/p>\n<p>La caract\u00e9risation progressive du harc\u00e8lement moral<\/p>\n<p>La cour op\u00e8re une analyse rigoureuse des faits all\u00e9gu\u00e9s pour \u00e9tablir la pr\u00e9somption de harc\u00e8lement. Elle \u00e9carte plusieurs griefs, comme la surcharge de travail, faute de preuves objectives suffisantes. La pression constante sur les d\u00e9lais et les reproches injustifi\u00e9s ne sont que partiellement retenus. En revanche, la cour retient deux \u00e9l\u00e9ments pr\u00e9cis : une demande de travail pressante en ao\u00fbt 2019 et la remise tardive d&#8217;informations pendant l&#8217;arr\u00eat maladie. &#8220;Les deux \u00e9l\u00e9ments retenus [&#8230;] constituent deux faits pr\u00e9cis et concordants qui, pris dans ensemble, laissent supposer l&#8217;existence d&#8217;un harc\u00e8lement \u00e0 son encontre&#8221; (Motifs, 1.1.2). L&#8217;employeur ne parvient pas \u00e0 justifier ces agissements par des \u00e9l\u00e9ments objectifs.<\/p>\n<p>La m\u00e9thode d\u00e9montre une application stricte de la charge de la preuve invers\u00e9e. La salari\u00e9e doit pr\u00e9senter des faits pr\u00e9cis laissant supposer le harc\u00e8lement. L&#8217;employeur doit ensuite d\u00e9montrer que ces faits sont \u00e9trangers \u00e0 tout harc\u00e8lement. La cour valide cette supposition en constatant une d\u00e9gradation concomitante de l&#8217;\u00e9tat de sant\u00e9 de la salari\u00e9e. Cette approche concr\u00e8te renforce la protection des salari\u00e9s en ne requ\u00e9rant pas une multiplicit\u00e9 de faits mais leur coh\u00e9rence et leur impact.<\/p>\n<p>Le manquement autonome \u00e0 l&#8217;obligation de s\u00e9curit\u00e9<\/p>\n<p>La cour distingue clairement le harc\u00e8lement de l&#8217;obligation g\u00e9n\u00e9rale de s\u00e9curit\u00e9 de r\u00e9sultat. Elle rappelle que cette obligation p\u00e8se sur l&#8217;employeur ind\u00e9pendamment de tout comportement fautif. &#8220;En cas de litige, il incombe \u00e0 l&#8217;employeur [&#8230;] de justifier qu&#8217;il a pris les mesures suffisantes&#8221; (Motifs, 1.2). En l&#8217;esp\u00e8ce, l&#8217;employeur ne justifie d&#8217;aucune mesure de pr\u00e9vention des risques psychosociaux. Le manquement est donc \u00e9tabli par sa seule carence.<\/p>\n<p>Cette analyse consacre l&#8217;autonomie de l&#8217;obligation de s\u00e9curit\u00e9. Elle prot\u00e8ge le salari\u00e9 m\u00eame lorsque les faits de harc\u00e8lement sont limit\u00e9s. La cour applique ici une jurisprudence constante sur la charge de la preuve. &#8220;Il en r\u00e9sulte que la soci\u00e9t\u00e9 C&#8217;Express Transport ne justifie pas avoir pris les mesures n\u00e9cessaires [&#8230;] Le manquement \u00e0 l&#8217;obligation de s\u00e9curit\u00e9 de l&#8217;employeur est donc \u00e9tabli&#8221; (Cour d&#8217;appel de Paris, le 12 octobre 2023, n\u00b021\/07119). Cette s\u00e9paration des r\u00e9gimes juridiques offre au salari\u00e9 des voies de recours compl\u00e9mentaires et solidaires.<\/p>\n<p>Les cons\u00e9quences juridiques de la maladie professionnelle<\/p>\n<p>La cour op\u00e8re une d\u00e9licate r\u00e9partition des comp\u00e9tences juridictionnelles. Elle reconna\u00eet le lien entre les manquements de l&#8217;employeur et l&#8217;\u00e9tat de sant\u00e9 de la salari\u00e9e. Ce lien entra\u00eene la nullit\u00e9 du licenciement pour inaptitude. &#8220;Le licenciement pour inaptitude est d\u00e9pourvu de cause r\u00e9elle et s\u00e9rieuse lorsqu&#8217;il est d\u00e9montr\u00e9 que l&#8217;inaptitude est cons\u00e9cutive \u00e0 un manquement pr\u00e9alable de l&#8217;employeur&#8221; (Motifs, 2). La cour applique ici le principe selon lequel l&#8217;employeur ne peut se pr\u00e9valoir d&#8217;une inaptitude qu&#8217;il a provoqu\u00e9e.<\/p>\n<p>Cependant, la cour d\u00e9clare irrecevable la demande d&#8217;indemnisation des pr\u00e9judices directs li\u00e9s \u00e0 la maladie. Elle estime que cette demande rel\u00e8ve de la comp\u00e9tence exclusive de la juridiction de s\u00e9curit\u00e9 sociale. Cette distinction est cruciale. Elle permet d&#8217;indemniser le pr\u00e9judice d\u00e9coulant de la perte d&#8217;emploi mais r\u00e9serve l&#8217;appr\u00e9ciation de la faute inexcusable et de ses cons\u00e9quences \u00e0 l&#8217;ordre social. La cour rappelle ainsi les fronti\u00e8res proc\u00e9durales tout en assurant une r\u00e9paration minimale pour le licenciement nul.<\/p>\n<p>L&#8217;application des r\u00e8gles protectrices en cas d&#8217;origine professionnelle<\/p>\n<p>La cour admet l&#8217;application du r\u00e9gime protecteur des victimes de maladie professionnelle. Elle se fonde sur la connaissance par l&#8217;employeur de l&#8217;origine professionnelle all\u00e9gu\u00e9e. &#8220;Les r\u00e8gles protectrices [&#8230;] s&#8217;appliquent d\u00e8s lors que l&#8217;employeur a connaissance de l&#8217;origine professionnelle de la maladie&#8221; (Motifs, 3). La notification de la proc\u00e9dure en reconnaissance suffit \u00e0 \u00e9tablir cette connaissance, m\u00eame sans d\u00e9cision d\u00e9finitive de la caisse.<\/p>\n<p>Cette solution est favorable au salari\u00e9. Elle \u00e9vite que l&#8217;employeur ne tire profit des lenteurs proc\u00e9durales devant la s\u00e9curit\u00e9 sociale. La cour octroie ainsi l&#8217;indemnit\u00e9 sp\u00e9ciale de licenciement et l&#8217;indemnit\u00e9 de pr\u00e9avis major\u00e9e. Elle garantit une protection imm\u00e9diate fond\u00e9e sur la pr\u00e9somption d&#8217;un lien professionnel. Cette approche pragmatique aligne le droit du travail sur l&#8217;objectif de protection de la sant\u00e9 au travail, avant m\u00eame la d\u00e9cision de l&#8217;organisme social.<\/p>\n<\/div>\n","protected":false},"excerpt":{"rendered":"<p>La chambre sociale de la cour d&#8217;appel, statuant le [date \u00e0 ins\u00e9rer], examine le recours d&#8217;une salari\u00e9e contre un jugement prud&#8217;homal. La salari\u00e9e contestait &#8230;<\/p>\n","protected":false},"author":232070755,"featured_media":4851,"comment_status":"open","ping_status":"open","sticky":false,"template":"","format":"standard","meta":{"_crdt_document":"","_jetpack_newsletter_access":"","_jetpack_dont_email_post_to_subs":false,"_jetpack_newsletter_tier_id":0,"_jetpack_memberships_contains_paywalled_content":false,"_kj_source_type":"judilibre","_kj_official_id":"68dce6b1a97254e6daf5e2ba","_kj_official_url":"https:\/\/www.courdecassation.fr\/decision\/68dce6b1a97254e6daf5e2ba","_kj_judilibre_id":"68dce6b1a97254e6daf5e2ba","_kj_jur":"Cour d'appel","_kj_lieu":"Cour d'appel de Grenoble","_kj_chambre":"Ch. Sociale - Section A","_kj_rg":"23\/02116","_kj_date":"2025-09-30","_jetpack_memberships_contains_paid_content":false,"footnotes":"","jetpack_post_was_ever_published":false},"categories":[7597],"tags":[],"class_list":["post-656927","post","type-post","status-publish","format-standard","has-post-thumbnail","hentry","category-jurisprudence"],"yoast_head":"<!-- This site is optimized with the Yoast SEO Premium plugin v27.5 (Yoast SEO v27.5) - https:\/\/yoast.com\/product\/yoast-seo-premium-wordpress\/ -->\n<title>Cour d&#039;appel, le 30 septembre 2025, n\u00b023\/02116 - Ma\u00eetre Hassan Kohen, avocat en droit p\u00e9nal \u00e0 Paris<\/title>\n<meta name=\"description\" content=\"La chambre sociale de la cour d&#039;appel, statuant le [date \u00e0 ins\u00e9rer], examine le recours d&#039;une salari\u00e9e contre un jugement prud&#039;homal. La salari\u00e9e contestait ...\" \/>\n<meta name=\"robots\" content=\"index, follow, max-snippet:-1, max-image-preview:large, max-video-preview:-1\" \/>\n<link rel=\"canonical\" href=\"https:\/\/kohenavocats.com\/zh-hans\/cour-dappel-le-30-septembre-2025-n23-02116\/\" \/>\n<meta property=\"og:locale\" content=\"zh_CN\" \/>\n<meta property=\"og:type\" content=\"article\" \/>\n<meta property=\"og:title\" content=\"Cour d&#039;appel, le 30 septembre 2025, n\u00b023\/02116\" \/>\n<meta property=\"og:description\" content=\"La chambre sociale de la cour d&#039;appel, statuant le [date \u00e0 ins\u00e9rer], examine le recours d&#039;une salari\u00e9e contre un jugement prud&#039;homal. La salari\u00e9e contestait ...\" \/>\n<meta property=\"og:url\" content=\"https:\/\/kohenavocats.com\/zh-hans\/cour-dappel-le-30-septembre-2025-n23-02116\/\" \/>\n<meta property=\"og:site_name\" content=\"Ma\u00eetre Hassan Kohen, avocat en droit p\u00e9nal \u00e0 Paris\" \/>\n<meta property=\"article:published_time\" content=\"2026-04-23T06:19:46+00:00\" \/>\n<meta property=\"og:image\" content=\"https:\/\/kohenavocats.com\/wp-content\/uploads\/2024\/08\/heriberto-murrieta-2RFLn3BzqHA-unsplash.webp\" \/>\n\t<meta property=\"og:image:width\" content=\"7304\" \/>\n\t<meta property=\"og:image:height\" content=\"5217\" \/>\n\t<meta property=\"og:image:type\" content=\"image\/webp\" \/>\n<meta name=\"author\" content=\"Kohen\" \/>\n<meta name=\"twitter:card\" content=\"summary_large_image\" \/>\n<meta name=\"twitter:label1\" content=\"\u4f5c\u8005\" \/>\n\t<meta name=\"twitter:data1\" content=\"Kohen\" \/>\n\t<meta name=\"twitter:label2\" content=\"\u9884\u8ba1\u9605\u8bfb\u65f6\u95f4\" \/>\n\t<meta name=\"twitter:data2\" content=\"4 \u5206\" \/>\n<script type=\"application\/ld+json\" class=\"yoast-schema-graph\">{\"@context\":\"https:\\\/\\\/schema.org\",\"@graph\":[{\"@type\":\"Article\",\"@id\":\"https:\\\/\\\/kohenavocats.com\\\/zh-hans\\\/cour-dappel-le-30-septembre-2025-n23-02116\\\/#article\",\"isPartOf\":{\"@id\":\"https:\\\/\\\/kohenavocats.com\\\/zh-hans\\\/cour-dappel-le-30-septembre-2025-n23-02116\\\/\"},\"author\":{\"name\":\"Kohen\",\"@id\":\"https:\\\/\\\/kohenavocats.com\\\/zh-hans\\\/#\\\/schema\\\/person\\\/761c9ba54fa1ca84d405cef0831ff751\"},\"headline\":\"Cour d&#8217;appel, le 30 septembre 2025, n\u00b023\\\/02116\",\"datePublished\":\"2026-04-23T06:19:46+00:00\",\"mainEntityOfPage\":{\"@id\":\"https:\\\/\\\/kohenavocats.com\\\/zh-hans\\\/cour-dappel-le-30-septembre-2025-n23-02116\\\/\"},\"wordCount\":872,\"commentCount\":0,\"publisher\":{\"@id\":\"https:\\\/\\\/kohenavocats.com\\\/zh-hans\\\/#organization\"},\"image\":{\"@id\":\"https:\\\/\\\/kohenavocats.com\\\/zh-hans\\\/cour-dappel-le-30-septembre-2025-n23-02116\\\/#primaryimage\"},\"thumbnailUrl\":\"https:\\\/\\\/kohenavocats.com\\\/wp-content\\\/uploads\\\/2024\\\/08\\\/heriberto-murrieta-2RFLn3BzqHA-unsplash.webp\",\"articleSection\":[\"Jurisprudence\"],\"inLanguage\":\"zh-Hans\",\"potentialAction\":[{\"@type\":\"CommentAction\",\"name\":\"Comment\",\"target\":[\"https:\\\/\\\/kohenavocats.com\\\/zh-hans\\\/cour-dappel-le-30-septembre-2025-n23-02116\\\/#respond\"]}],\"citation\":\"Cour d&#8217;appel, le 30 septembre 2025, n\u00b023\\\/02116\",\"about\":[{\"@type\":\"Thing\",\"name\":\"Jurisprudence\"}],\"dateModified\":\"2026-04-23T06:19:46+00:00\",\"speakable\":{\"@type\":\"SpeakableSpecification\",\"cssSelector\":[\".article-content > p:first-of-type\"]}},{\"@type\":\"WebPage\",\"@id\":\"https:\\\/\\\/kohenavocats.com\\\/zh-hans\\\/cour-dappel-le-30-septembre-2025-n23-02116\\\/\",\"url\":\"https:\\\/\\\/kohenavocats.com\\\/zh-hans\\\/cour-dappel-le-30-septembre-2025-n23-02116\\\/\",\"name\":\"Cour d'appel, le 30 septembre 2025, n\u00b023\\\/02116 - Ma\u00eetre Hassan Kohen, avocat en droit p\u00e9nal \u00e0 Paris\",\"isPartOf\":{\"@id\":\"https:\\\/\\\/kohenavocats.com\\\/zh-hans\\\/#website\"},\"primaryImageOfPage\":{\"@id\":\"https:\\\/\\\/kohenavocats.com\\\/zh-hans\\\/cour-dappel-le-30-septembre-2025-n23-02116\\\/#primaryimage\"},\"image\":{\"@id\":\"https:\\\/\\\/kohenavocats.com\\\/zh-hans\\\/cour-dappel-le-30-septembre-2025-n23-02116\\\/#primaryimage\"},\"thumbnailUrl\":\"https:\\\/\\\/kohenavocats.com\\\/wp-content\\\/uploads\\\/2024\\\/08\\\/heriberto-murrieta-2RFLn3BzqHA-unsplash.webp\",\"datePublished\":\"2026-04-23T06:19:46+00:00\",\"description\":\"La chambre sociale de la cour d'appel, statuant le [date \u00e0 ins\u00e9rer], examine le recours d'une salari\u00e9e contre un jugement prud'homal. La salari\u00e9e contestait ...\",\"breadcrumb\":{\"@id\":\"https:\\\/\\\/kohenavocats.com\\\/zh-hans\\\/cour-dappel-le-30-septembre-2025-n23-02116\\\/#breadcrumb\"},\"inLanguage\":\"zh-Hans\",\"potentialAction\":[{\"@type\":\"ReadAction\",\"target\":[\"https:\\\/\\\/kohenavocats.com\\\/zh-hans\\\/cour-dappel-le-30-septembre-2025-n23-02116\\\/\"]}]},{\"@type\":\"ImageObject\",\"inLanguage\":\"zh-Hans\",\"@id\":\"https:\\\/\\\/kohenavocats.com\\\/zh-hans\\\/cour-dappel-le-30-septembre-2025-n23-02116\\\/#primaryimage\",\"url\":\"https:\\\/\\\/kohenavocats.com\\\/wp-content\\\/uploads\\\/2024\\\/08\\\/heriberto-murrieta-2RFLn3BzqHA-unsplash.webp\",\"contentUrl\":\"https:\\\/\\\/kohenavocats.com\\\/wp-content\\\/uploads\\\/2024\\\/08\\\/heriberto-murrieta-2RFLn3BzqHA-unsplash.webp\",\"width\":7304,\"height\":5217},{\"@type\":\"BreadcrumbList\",\"@id\":\"https:\\\/\\\/kohenavocats.com\\\/zh-hans\\\/cour-dappel-le-30-septembre-2025-n23-02116\\\/#breadcrumb\",\"itemListElement\":[{\"@type\":\"ListItem\",\"position\":1,\"name\":\"Home\",\"item\":\"https:\\\/\\\/kohenavocats.com\\\/zh-hans\\\/\"},{\"@type\":\"ListItem\",\"position\":2,\"name\":\"Cour d&rsquo;appel, le 30 septembre 2025, n\u00b023\\\/02116\"}]},{\"@type\":\"WebSite\",\"@id\":\"https:\\\/\\\/kohenavocats.com\\\/zh-hans\\\/#website\",\"url\":\"https:\\\/\\\/kohenavocats.com\\\/zh-hans\\\/\",\"name\":\"Kohen Avocats\",\"description\":\"Ma\u00eetre Hassan Kohen, avocat p\u00e9naliste \u00e0 Paris, intervient exclusivement en droit p\u00e9nal pour la d\u00e9fense des particuliers, notamment en mati\u00e8re d\u2019accusations de viol. Il assure un accompagnement rigoureux d\u00e8s la garde \u00e0 vue jusqu\u2019\u00e0 la Cour d\u2019assises, veillant au strict respect des garanties proc\u00e9durales.\",\"publisher\":{\"@id\":\"https:\\\/\\\/kohenavocats.com\\\/zh-hans\\\/#organization\"},\"potentialAction\":[{\"@type\":\"SearchAction\",\"target\":{\"@type\":\"EntryPoint\",\"urlTemplate\":\"https:\\\/\\\/kohenavocats.com\\\/zh-hans\\\/?s={search_term_string}\"},\"query-input\":{\"@type\":\"PropertyValueSpecification\",\"valueRequired\":true,\"valueName\":\"search_term_string\"}}],\"inLanguage\":\"zh-Hans\"},{\"@type\":\"Organization\",\"@id\":\"https:\\\/\\\/kohenavocats.com\\\/zh-hans\\\/#organization\",\"name\":\"Kohen Avocats\",\"url\":\"https:\\\/\\\/kohenavocats.com\\\/zh-hans\\\/\",\"logo\":{\"@type\":\"ImageObject\",\"inLanguage\":\"zh-Hans\",\"@id\":\"https:\\\/\\\/kohenavocats.com\\\/zh-hans\\\/#\\\/schema\\\/logo\\\/image\\\/\",\"url\":\"https:\\\/\\\/kohenavocats.com\\\/wp-content\\\/uploads\\\/2026\\\/01\\\/Logo-2-1.webp\",\"contentUrl\":\"https:\\\/\\\/kohenavocats.com\\\/wp-content\\\/uploads\\\/2026\\\/01\\\/Logo-2-1.webp\",\"width\":2114,\"height\":1253,\"caption\":\"Kohen Avocats\"},\"image\":{\"@id\":\"https:\\\/\\\/kohenavocats.com\\\/zh-hans\\\/#\\\/schema\\\/logo\\\/image\\\/\"}},{\"@type\":\"Person\",\"@id\":\"https:\\\/\\\/kohenavocats.com\\\/zh-hans\\\/#\\\/schema\\\/person\\\/761c9ba54fa1ca84d405cef0831ff751\",\"name\":\"Kohen\",\"image\":{\"@type\":\"ImageObject\",\"inLanguage\":\"zh-Hans\",\"@id\":\"https:\\\/\\\/secure.gravatar.com\\\/avatar\\\/1c5e76ef76bbbfdd2b4da984e2bf2fa4056fd51a27d25ce2c332047f1dfd6e00?s=96&d=identicon&r=g\",\"url\":\"https:\\\/\\\/secure.gravatar.com\\\/avatar\\\/1c5e76ef76bbbfdd2b4da984e2bf2fa4056fd51a27d25ce2c332047f1dfd6e00?s=96&d=identicon&r=g\",\"contentUrl\":\"https:\\\/\\\/secure.gravatar.com\\\/avatar\\\/1c5e76ef76bbbfdd2b4da984e2bf2fa4056fd51a27d25ce2c332047f1dfd6e00?s=96&d=identicon&r=g\",\"caption\":\"Kohen\"},\"sameAs\":[\"https:\\\/\\\/www.linkedin.com\\\/in\\\/hassan-kohen-448548192\\\/\",\"https:\\\/\\\/www.youtube.com\\\/@Kohen-Avocats\"],\"url\":\"https:\\\/\\\/kohenavocats.com\\\/zh-hans\\\/author\\\/kohenmlk\\\/\"}]}<\/script>\n<!-- \/ Yoast SEO Premium plugin. -->","yoast_head_json":{"title":"Cour d'appel, le 30 septembre 2025, n\u00b023\/02116 - Ma\u00eetre Hassan Kohen, avocat en droit p\u00e9nal \u00e0 Paris","description":"La chambre sociale de la cour d'appel, statuant le [date \u00e0 ins\u00e9rer], examine le recours d'une salari\u00e9e contre un jugement prud'homal. La salari\u00e9e contestait ...","robots":{"index":"index","follow":"follow","max-snippet":"max-snippet:-1","max-image-preview":"max-image-preview:large","max-video-preview":"max-video-preview:-1"},"canonical":"https:\/\/kohenavocats.com\/zh-hans\/cour-dappel-le-30-septembre-2025-n23-02116\/","og_locale":"zh_CN","og_type":"article","og_title":"Cour d'appel, le 30 septembre 2025, n\u00b023\/02116","og_description":"La chambre sociale de la cour d'appel, statuant le [date \u00e0 ins\u00e9rer], examine le recours d'une salari\u00e9e contre un jugement prud'homal. La salari\u00e9e contestait ...","og_url":"https:\/\/kohenavocats.com\/zh-hans\/cour-dappel-le-30-septembre-2025-n23-02116\/","og_site_name":"Ma\u00eetre Hassan Kohen, avocat en droit p\u00e9nal \u00e0 Paris","article_published_time":"2026-04-23T06:19:46+00:00","og_image":[{"width":7304,"height":5217,"url":"https:\/\/kohenavocats.com\/wp-content\/uploads\/2024\/08\/heriberto-murrieta-2RFLn3BzqHA-unsplash.webp","type":"image\/webp"}],"author":"Kohen","twitter_card":"summary_large_image","twitter_misc":{"\u4f5c\u8005":"Kohen","\u9884\u8ba1\u9605\u8bfb\u65f6\u95f4":"4 \u5206"},"schema":{"@context":"https:\/\/schema.org","@graph":[{"@type":"Article","@id":"https:\/\/kohenavocats.com\/zh-hans\/cour-dappel-le-30-septembre-2025-n23-02116\/#article","isPartOf":{"@id":"https:\/\/kohenavocats.com\/zh-hans\/cour-dappel-le-30-septembre-2025-n23-02116\/"},"author":{"name":"Kohen","@id":"https:\/\/kohenavocats.com\/zh-hans\/#\/schema\/person\/761c9ba54fa1ca84d405cef0831ff751"},"headline":"Cour d&#8217;appel, le 30 septembre 2025, n\u00b023\/02116","datePublished":"2026-04-23T06:19:46+00:00","mainEntityOfPage":{"@id":"https:\/\/kohenavocats.com\/zh-hans\/cour-dappel-le-30-septembre-2025-n23-02116\/"},"wordCount":872,"commentCount":0,"publisher":{"@id":"https:\/\/kohenavocats.com\/zh-hans\/#organization"},"image":{"@id":"https:\/\/kohenavocats.com\/zh-hans\/cour-dappel-le-30-septembre-2025-n23-02116\/#primaryimage"},"thumbnailUrl":"https:\/\/kohenavocats.com\/wp-content\/uploads\/2024\/08\/heriberto-murrieta-2RFLn3BzqHA-unsplash.webp","articleSection":["Jurisprudence"],"inLanguage":"zh-Hans","potentialAction":[{"@type":"CommentAction","name":"Comment","target":["https:\/\/kohenavocats.com\/zh-hans\/cour-dappel-le-30-septembre-2025-n23-02116\/#respond"]}],"citation":"Cour d&#8217;appel, le 30 septembre 2025, n\u00b023\/02116","about":[{"@type":"Thing","name":"Jurisprudence"}],"dateModified":"2026-04-23T06:19:46+00:00","speakable":{"@type":"SpeakableSpecification","cssSelector":[".article-content > p:first-of-type"]}},{"@type":"WebPage","@id":"https:\/\/kohenavocats.com\/zh-hans\/cour-dappel-le-30-septembre-2025-n23-02116\/","url":"https:\/\/kohenavocats.com\/zh-hans\/cour-dappel-le-30-septembre-2025-n23-02116\/","name":"Cour d'appel, le 30 septembre 2025, n\u00b023\/02116 - Ma\u00eetre Hassan Kohen, avocat en droit p\u00e9nal \u00e0 Paris","isPartOf":{"@id":"https:\/\/kohenavocats.com\/zh-hans\/#website"},"primaryImageOfPage":{"@id":"https:\/\/kohenavocats.com\/zh-hans\/cour-dappel-le-30-septembre-2025-n23-02116\/#primaryimage"},"image":{"@id":"https:\/\/kohenavocats.com\/zh-hans\/cour-dappel-le-30-septembre-2025-n23-02116\/#primaryimage"},"thumbnailUrl":"https:\/\/kohenavocats.com\/wp-content\/uploads\/2024\/08\/heriberto-murrieta-2RFLn3BzqHA-unsplash.webp","datePublished":"2026-04-23T06:19:46+00:00","description":"La chambre sociale de la cour d'appel, statuant le [date \u00e0 ins\u00e9rer], examine le recours d'une salari\u00e9e contre un jugement prud'homal. La salari\u00e9e contestait ...","breadcrumb":{"@id":"https:\/\/kohenavocats.com\/zh-hans\/cour-dappel-le-30-septembre-2025-n23-02116\/#breadcrumb"},"inLanguage":"zh-Hans","potentialAction":[{"@type":"ReadAction","target":["https:\/\/kohenavocats.com\/zh-hans\/cour-dappel-le-30-septembre-2025-n23-02116\/"]}]},{"@type":"ImageObject","inLanguage":"zh-Hans","@id":"https:\/\/kohenavocats.com\/zh-hans\/cour-dappel-le-30-septembre-2025-n23-02116\/#primaryimage","url":"https:\/\/kohenavocats.com\/wp-content\/uploads\/2024\/08\/heriberto-murrieta-2RFLn3BzqHA-unsplash.webp","contentUrl":"https:\/\/kohenavocats.com\/wp-content\/uploads\/2024\/08\/heriberto-murrieta-2RFLn3BzqHA-unsplash.webp","width":7304,"height":5217},{"@type":"BreadcrumbList","@id":"https:\/\/kohenavocats.com\/zh-hans\/cour-dappel-le-30-septembre-2025-n23-02116\/#breadcrumb","itemListElement":[{"@type":"ListItem","position":1,"name":"Home","item":"https:\/\/kohenavocats.com\/zh-hans\/"},{"@type":"ListItem","position":2,"name":"Cour d&rsquo;appel, le 30 septembre 2025, n\u00b023\/02116"}]},{"@type":"WebSite","@id":"https:\/\/kohenavocats.com\/zh-hans\/#website","url":"https:\/\/kohenavocats.com\/zh-hans\/","name":"Kohen Avocats","description":"Ma\u00eetre Hassan Kohen, avocat p\u00e9naliste \u00e0 Paris, intervient exclusivement en droit p\u00e9nal pour la d\u00e9fense des particuliers, notamment en mati\u00e8re d\u2019accusations de viol. Il assure un accompagnement rigoureux d\u00e8s la garde \u00e0 vue jusqu\u2019\u00e0 la Cour d\u2019assises, veillant au strict respect des garanties proc\u00e9durales.","publisher":{"@id":"https:\/\/kohenavocats.com\/zh-hans\/#organization"},"potentialAction":[{"@type":"SearchAction","target":{"@type":"EntryPoint","urlTemplate":"https:\/\/kohenavocats.com\/zh-hans\/?s={search_term_string}"},"query-input":{"@type":"PropertyValueSpecification","valueRequired":true,"valueName":"search_term_string"}}],"inLanguage":"zh-Hans"},{"@type":"Organization","@id":"https:\/\/kohenavocats.com\/zh-hans\/#organization","name":"Kohen Avocats","url":"https:\/\/kohenavocats.com\/zh-hans\/","logo":{"@type":"ImageObject","inLanguage":"zh-Hans","@id":"https:\/\/kohenavocats.com\/zh-hans\/#\/schema\/logo\/image\/","url":"https:\/\/kohenavocats.com\/wp-content\/uploads\/2026\/01\/Logo-2-1.webp","contentUrl":"https:\/\/kohenavocats.com\/wp-content\/uploads\/2026\/01\/Logo-2-1.webp","width":2114,"height":1253,"caption":"Kohen Avocats"},"image":{"@id":"https:\/\/kohenavocats.com\/zh-hans\/#\/schema\/logo\/image\/"}},{"@type":"Person","@id":"https:\/\/kohenavocats.com\/zh-hans\/#\/schema\/person\/761c9ba54fa1ca84d405cef0831ff751","name":"Kohen","image":{"@type":"ImageObject","inLanguage":"zh-Hans","@id":"https:\/\/secure.gravatar.com\/avatar\/1c5e76ef76bbbfdd2b4da984e2bf2fa4056fd51a27d25ce2c332047f1dfd6e00?s=96&d=identicon&r=g","url":"https:\/\/secure.gravatar.com\/avatar\/1c5e76ef76bbbfdd2b4da984e2bf2fa4056fd51a27d25ce2c332047f1dfd6e00?s=96&d=identicon&r=g","contentUrl":"https:\/\/secure.gravatar.com\/avatar\/1c5e76ef76bbbfdd2b4da984e2bf2fa4056fd51a27d25ce2c332047f1dfd6e00?s=96&d=identicon&r=g","caption":"Kohen"},"sameAs":["https:\/\/www.linkedin.com\/in\/hassan-kohen-448548192\/","https:\/\/www.youtube.com\/@Kohen-Avocats"],"url":"https:\/\/kohenavocats.com\/zh-hans\/author\/kohenmlk\/"}]}},"jetpack_featured_media_url":"https:\/\/kohenavocats.com\/wp-content\/uploads\/2024\/08\/heriberto-murrieta-2RFLn3BzqHA-unsplash.webp","jetpack_likes_enabled":false,"jetpack_shortlink":"https:\/\/wp.me\/peCrII-2KTB","jetpack-related-posts":[{"id":484160,"url":"https:\/\/kohenavocats.com\/zh-hans\/cour-dappel-de-douai-le-10-juillet-2025-n23-00311\/","url_meta":{"origin":656927,"position":0},"title":"Cour d&#8217;appel de Douai, le 10 juillet 2025, n\u00b023\/00311","author":"Kohen","date":"2026\u5e744\u67088\u65e5","format":false,"excerpt":"La Cour d'appel de Douai, le 10 juillet 2025, a st\u2026","rel":"","context":"\u5728\u201cJurisprudence\u201d\u4e2d","block_context":{"text":"Jurisprudence","link":"https:\/\/kohenavocats.com\/category\/jurisprudence\/"},"img":{"alt_text":"","src":"https:\/\/i0.wp.com\/kohenavocats.com\/wp-content\/uploads\/2024\/11\/viktor-forgacs-uWfXBePbvnw-unsplash.webp?resize=350%2C200&ssl=1","width":350,"height":200,"srcset":"https:\/\/i0.wp.com\/kohenavocats.com\/wp-content\/uploads\/2024\/11\/viktor-forgacs-uWfXBePbvnw-unsplash.webp?resize=350%2C200&ssl=1 1x, https:\/\/i0.wp.com\/kohenavocats.com\/wp-content\/uploads\/2024\/11\/viktor-forgacs-uWfXBePbvnw-unsplash.webp?resize=525%2C300&ssl=1 1.5x, https:\/\/i0.wp.com\/kohenavocats.com\/wp-content\/uploads\/2024\/11\/viktor-forgacs-uWfXBePbvnw-unsplash.webp?resize=700%2C400&ssl=1 2x, https:\/\/i0.wp.com\/kohenavocats.com\/wp-content\/uploads\/2024\/11\/viktor-forgacs-uWfXBePbvnw-unsplash.webp?resize=1050%2C600&ssl=1 3x, https:\/\/i0.wp.com\/kohenavocats.com\/wp-content\/uploads\/2024\/11\/viktor-forgacs-uWfXBePbvnw-unsplash.webp?resize=1400%2C800&ssl=1 4x"},"classes":[]},{"id":235914,"url":"https:\/\/kohenavocats.com\/zh-hans\/cour-dappel-de-paris-le-8-juillet-2025-n22-07032\/","url_meta":{"origin":656927,"position":1},"title":"Cour d&#8217;appel de Paris, le 8 juillet 2025, n\u00b022\/07032","author":"Kohen","date":"2025\u5e7412\u670829\u65e5","format":false,"excerpt":"La Cour d\u2019appel de Paris, dans un arr\u00eat du 8\u2026","rel":"","context":"\u5728\u201cCour d'appel\u201d\u4e2d","block_context":{"text":"Cour d'appel","link":"https:\/\/kohenavocats.com\/category\/cour-dappel\/"},"img":{"alt_text":"","src":"https:\/\/i0.wp.com\/kohenavocats.com\/wp-content\/uploads\/2024\/08\/fabian-schneidereit-pahbeN4wc_M-unsplash.webp?resize=350%2C200&ssl=1","width":350,"height":200,"srcset":"https:\/\/i0.wp.com\/kohenavocats.com\/wp-content\/uploads\/2024\/08\/fabian-schneidereit-pahbeN4wc_M-unsplash.webp?resize=350%2C200&ssl=1 1x, https:\/\/i0.wp.com\/kohenavocats.com\/wp-content\/uploads\/2024\/08\/fabian-schneidereit-pahbeN4wc_M-unsplash.webp?resize=525%2C300&ssl=1 1.5x, https:\/\/i0.wp.com\/kohenavocats.com\/wp-content\/uploads\/2024\/08\/fabian-schneidereit-pahbeN4wc_M-unsplash.webp?resize=700%2C400&ssl=1 2x, https:\/\/i0.wp.com\/kohenavocats.com\/wp-content\/uploads\/2024\/08\/fabian-schneidereit-pahbeN4wc_M-unsplash.webp?resize=1050%2C600&ssl=1 3x, https:\/\/i0.wp.com\/kohenavocats.com\/wp-content\/uploads\/2024\/08\/fabian-schneidereit-pahbeN4wc_M-unsplash.webp?resize=1400%2C800&ssl=1 4x"},"classes":[]},{"id":235879,"url":"https:\/\/kohenavocats.com\/zh-hans\/cour-dappel-de-bordeaux-le-24-juillet-2025-n22-05913\/","url_meta":{"origin":656927,"position":2},"title":"Cour d&#8217;appel de Bordeaux, le 24 juillet 2025, n\u00b022\/05913","author":"Kohen","date":"2025\u5e7412\u670829\u65e5","format":false,"excerpt":"La protection de la sant\u00e9 des salari\u00e9s constitue u\u2026","rel":"","context":"\u5728\u201cCour d'appel\u201d\u4e2d","block_context":{"text":"Cour d'appel","link":"https:\/\/kohenavocats.com\/category\/cour-dappel\/"},"img":{"alt_text":"","src":"https:\/\/i0.wp.com\/kohenavocats.com\/wp-content\/uploads\/2024\/05\/daniele-d-andreti-mGH4FxehE2s-unsplash.webp?resize=350%2C200&ssl=1","width":350,"height":200,"srcset":"https:\/\/i0.wp.com\/kohenavocats.com\/wp-content\/uploads\/2024\/05\/daniele-d-andreti-mGH4FxehE2s-unsplash.webp?resize=350%2C200&ssl=1 1x, https:\/\/i0.wp.com\/kohenavocats.com\/wp-content\/uploads\/2024\/05\/daniele-d-andreti-mGH4FxehE2s-unsplash.webp?resize=525%2C300&ssl=1 1.5x, https:\/\/i0.wp.com\/kohenavocats.com\/wp-content\/uploads\/2024\/05\/daniele-d-andreti-mGH4FxehE2s-unsplash.webp?resize=700%2C400&ssl=1 2x, https:\/\/i0.wp.com\/kohenavocats.com\/wp-content\/uploads\/2024\/05\/daniele-d-andreti-mGH4FxehE2s-unsplash.webp?resize=1050%2C600&ssl=1 3x, https:\/\/i0.wp.com\/kohenavocats.com\/wp-content\/uploads\/2024\/05\/daniele-d-andreti-mGH4FxehE2s-unsplash.webp?resize=1400%2C800&ssl=1 4x"},"classes":[]},{"id":669907,"url":"https:\/\/kohenavocats.com\/zh-hans\/cour-dappel-de-aix-en-provence-le-28-fevrier-2025-n21-07194\/","url_meta":{"origin":656927,"position":3},"title":"Cour d&#8217;appel de Aix-en-Provence, le 28 f\u00e9vrier 2025, n\u00b021\/07194","author":"Kohen","date":"2026\u5e744\u670824\u65e5","format":false,"excerpt":"La Cour d'appel d'Aix-en-Provence, statuant le 28 \u2026","rel":"","context":"\u5728\u201cCode des assurances\u201d\u4e2d","block_context":{"text":"Code des assurances","link":"https:\/\/kohenavocats.com\/category\/code-des-assurances\/"},"img":{"alt_text":"","src":"https:\/\/i0.wp.com\/kohenavocats.com\/wp-content\/uploads\/2024\/07\/chris-lawton-zvKx6ixUhWQ-unsplash.webp?resize=350%2C200&ssl=1","width":350,"height":200,"srcset":"https:\/\/i0.wp.com\/kohenavocats.com\/wp-content\/uploads\/2024\/07\/chris-lawton-zvKx6ixUhWQ-unsplash.webp?resize=350%2C200&ssl=1 1x, https:\/\/i0.wp.com\/kohenavocats.com\/wp-content\/uploads\/2024\/07\/chris-lawton-zvKx6ixUhWQ-unsplash.webp?resize=525%2C300&ssl=1 1.5x, https:\/\/i0.wp.com\/kohenavocats.com\/wp-content\/uploads\/2024\/07\/chris-lawton-zvKx6ixUhWQ-unsplash.webp?resize=700%2C400&ssl=1 2x, https:\/\/i0.wp.com\/kohenavocats.com\/wp-content\/uploads\/2024\/07\/chris-lawton-zvKx6ixUhWQ-unsplash.webp?resize=1050%2C600&ssl=1 3x, https:\/\/i0.wp.com\/kohenavocats.com\/wp-content\/uploads\/2024\/07\/chris-lawton-zvKx6ixUhWQ-unsplash.webp?resize=1400%2C800&ssl=1 4x"},"classes":[]},{"id":443344,"url":"https:\/\/kohenavocats.com\/zh-hans\/cour-dappel-le-21-octobre-2025-n24-00102\/","url_meta":{"origin":656927,"position":4},"title":"Cour d&#8217;appel, le 21 octobre 2025, n\u00b024\/00102","author":"","date":"2026\u5e744\u67084\u65e5","format":false,"excerpt":"La Cour d\u2019appel de Fort-de France, statuant en cha\u2026","rel":"","context":"\u5728\u201cCour d'appel\u201d\u4e2d","block_context":{"text":"Cour d'appel","link":"https:\/\/kohenavocats.com\/category\/cour-dappel\/"},"img":{"alt_text":"","src":"https:\/\/i0.wp.com\/kohenavocats.com\/wp-content\/uploads\/2024\/11\/polina-kuzovkova-sar-Y4BxZDA-unsplash.webp?resize=350%2C200&ssl=1","width":350,"height":200,"srcset":"https:\/\/i0.wp.com\/kohenavocats.com\/wp-content\/uploads\/2024\/11\/polina-kuzovkova-sar-Y4BxZDA-unsplash.webp?resize=350%2C200&ssl=1 1x, https:\/\/i0.wp.com\/kohenavocats.com\/wp-content\/uploads\/2024\/11\/polina-kuzovkova-sar-Y4BxZDA-unsplash.webp?resize=525%2C300&ssl=1 1.5x, https:\/\/i0.wp.com\/kohenavocats.com\/wp-content\/uploads\/2024\/11\/polina-kuzovkova-sar-Y4BxZDA-unsplash.webp?resize=700%2C400&ssl=1 2x, https:\/\/i0.wp.com\/kohenavocats.com\/wp-content\/uploads\/2024\/11\/polina-kuzovkova-sar-Y4BxZDA-unsplash.webp?resize=1050%2C600&ssl=1 3x, https:\/\/i0.wp.com\/kohenavocats.com\/wp-content\/uploads\/2024\/11\/polina-kuzovkova-sar-Y4BxZDA-unsplash.webp?resize=1400%2C800&ssl=1 4x"},"classes":[]},{"id":442388,"url":"https:\/\/kohenavocats.com\/zh-hans\/cour-dappel-le-30-octobre-2025-n22-01673\/","url_meta":{"origin":656927,"position":5},"title":"Cour d&#8217;appel, le 30 octobre 2025, n\u00b022\/01673","author":"","date":"2026\u5e744\u67084\u65e5","format":false,"excerpt":"La Cour d'appel de Poitiers, dans un arr\u00eat du 30 o\u2026","rel":"","context":"\u5728\u201cCour d'appel\u201d\u4e2d","block_context":{"text":"Cour d'appel","link":"https:\/\/kohenavocats.com\/category\/cour-dappel\/"},"img":{"alt_text":"","src":"https:\/\/i0.wp.com\/kohenavocats.com\/wp-content\/uploads\/2024\/11\/aakash-dhage-qZlPncXgGno-unsplash.webp?resize=350%2C200&ssl=1","width":350,"height":200,"srcset":"https:\/\/i0.wp.com\/kohenavocats.com\/wp-content\/uploads\/2024\/11\/aakash-dhage-qZlPncXgGno-unsplash.webp?resize=350%2C200&ssl=1 1x, https:\/\/i0.wp.com\/kohenavocats.com\/wp-content\/uploads\/2024\/11\/aakash-dhage-qZlPncXgGno-unsplash.webp?resize=525%2C300&ssl=1 1.5x, https:\/\/i0.wp.com\/kohenavocats.com\/wp-content\/uploads\/2024\/11\/aakash-dhage-qZlPncXgGno-unsplash.webp?resize=700%2C400&ssl=1 2x, https:\/\/i0.wp.com\/kohenavocats.com\/wp-content\/uploads\/2024\/11\/aakash-dhage-qZlPncXgGno-unsplash.webp?resize=1050%2C600&ssl=1 3x, https:\/\/i0.wp.com\/kohenavocats.com\/wp-content\/uploads\/2024\/11\/aakash-dhage-qZlPncXgGno-unsplash.webp?resize=1400%2C800&ssl=1 4x"},"classes":[]}],"jetpack_sharing_enabled":true,"_links":{"self":[{"href":"https:\/\/kohenavocats.com\/zh-hans\/wp-json\/wp\/v2\/posts\/656927","targetHints":{"allow":["GET"]}}],"collection":[{"href":"https:\/\/kohenavocats.com\/zh-hans\/wp-json\/wp\/v2\/posts"}],"about":[{"href":"https:\/\/kohenavocats.com\/zh-hans\/wp-json\/wp\/v2\/types\/post"}],"author":[{"embeddable":true,"href":"https:\/\/kohenavocats.com\/zh-hans\/wp-json\/wp\/v2\/users\/232070755"}],"replies":[{"embeddable":true,"href":"https:\/\/kohenavocats.com\/zh-hans\/wp-json\/wp\/v2\/comments?post=656927"}],"version-history":[{"count":0,"href":"https:\/\/kohenavocats.com\/zh-hans\/wp-json\/wp\/v2\/posts\/656927\/revisions"}],"wp:featuredmedia":[{"embeddable":true,"href":"https:\/\/kohenavocats.com\/zh-hans\/wp-json\/wp\/v2\/media\/4851"}],"wp:attachment":[{"href":"https:\/\/kohenavocats.com\/zh-hans\/wp-json\/wp\/v2\/media?parent=656927"}],"wp:term":[{"taxonomy":"category","embeddable":true,"href":"https:\/\/kohenavocats.com\/zh-hans\/wp-json\/wp\/v2\/categories?post=656927"},{"taxonomy":"post_tag","embeddable":true,"href":"https:\/\/kohenavocats.com\/zh-hans\/wp-json\/wp\/v2\/tags?post=656927"}],"curies":[{"name":"wp","href":"https:\/\/api.w.org\/{rel}","templated":true}]}}