{"id":657160,"date":"2026-04-23T08:48:06","date_gmt":"2026-04-23T06:48:06","guid":{"rendered":"https:\/\/kohenavocats.com\/cour-dappel-de-douai-le-5-juin-2025-n23-04771\/"},"modified":"2026-04-23T08:48:06","modified_gmt":"2026-04-23T06:48:06","slug":"cour-dappel-de-douai-le-5-juin-2025-n23-04771","status":"publish","type":"post","link":"https:\/\/kohenavocats.com\/zh-hans\/cour-dappel-de-douai-le-5-juin-2025-n23-04771\/","title":{"rendered":"Cour d&#8217;appel de Douai, le 5 juin 2025, n\u00b023\/04771"},"content":{"rendered":"<div class=\"article-content\">\n<p>La cour d&#8217;appel de Douai, le 5 juin 2025, statue sur un appel form\u00e9 par une soci\u00e9t\u00e9 en liquidation. Le liquidateur judiciaire, r\u00e9guli\u00e8rement convoqu\u00e9, ne compara\u00eet pas \u00e0 l&#8217;audience. La juridiction doit d\u00e9terminer les cons\u00e9quences de cette absence dans le cadre d&#8217;une proc\u00e9dure orale. Elle d\u00e9clare l&#8217;appel non soutenu et confirme le jugement d\u00e9f\u00e9r\u00e9.<\/p>\n<p>Le formalisme imp\u00e9ratif de la comparution en proc\u00e9dure orale<\/p>\n<p>L&#8217;exigence d&#8217;une pr\u00e9sence effective \u00e0 l&#8217;audience<\/p>\n<p>La cour rappelle avec rigueur les principes gouvernant la proc\u00e9dure orale. L&#8217;envoi de conclusions \u00e9crites ne suffit pas \u00e0 valider la saisine du juge. &#8220;Les conclusions \u00e9crites d&#8217;une partie ne saisissent valablement le juge que si elles sont r\u00e9it\u00e9r\u00e9es oralement \u00e0 l&#8217;audience&#8221; (Motifs). Cette r\u00e8gle souligne le caract\u00e8re essentiellement oral de l&#8217;instance. L&#8217;absence de la partie non dispens\u00e9e de comparution entra\u00eene une cons\u00e9quence pr\u00e9cise. &#8220;Si l&#8217;appelante ne compara\u00eet pas, son appel doit \u00eatre consid\u00e9r\u00e9 comme non soutenu&#8221; (Motifs). La port\u00e9e est claire : la formalit\u00e9 de la comparution est une condition de validit\u00e9 du recours.<\/p>\n<p>La r\u00e9gularit\u00e9 de la convocation du repr\u00e9sentant l\u00e9gal<\/p>\n<p>La d\u00e9cision d\u00e9taille scrupuleusement les diligences accomplies pour assurer la convocation. Apr\u00e8s une premi\u00e8re lettre simple, l&#8217;affaire est renvoy\u00e9e pour une convocation par acte d&#8217;huissier. &#8220;Bien que r\u00e9guli\u00e8rement inform\u00e9es de cette nouvelle date d&#8217;audience, ni l&#8217;appelante ni son liquidateur n&#8217;ont comparu&#8221; (Motifs). La r\u00e9gularit\u00e9 de la notification \u00e9carte tout vice de proc\u00e9dure. Cette analyse rejoint une jurisprudence constante sur la signification aux personnes morales. &#8220;La signification \u00e0 une personne morale est faite \u00e0 personne lorsque l&#8217;acte est d\u00e9livr\u00e9 \u00e0 toute personne habilit\u00e9e&#8221; (Cour d&#8217;appel de Paris, le 17 f\u00e9vrier 2023, n\u00b022\/14943). La valeur de l&#8217;arr\u00eat r\u00e9side dans son application stricte des textes proc\u00e9duraux.<\/p>\n<p>Les cons\u00e9quences substantielles du d\u00e9faut de comparution<\/p>\n<p>L&#8217;extinction du d\u00e9bat juridique sur le fond<\/p>\n<p>L&#8217;absence de repr\u00e9sentation orale an\u00e9antit toute contestation sur le fond du litige. La cour se trouve dans l&#8217;impossibilit\u00e9 juridique d&#8217;examiner la cause. &#8220;La cour d&#8217;appel n&#8217;est saisie d&#8217;aucun moyen de contestation de la cr\u00e9ance justifi\u00e9e&#8221; (Motifs). Le d\u00e9bat sur le bien-fond\u00e9 de la cr\u00e9ance de l&#8217;Urssaf ne peut donc s&#8217;engager. Cette situation rappelle celle d&#8217;un recours non soutenu devant une autre juridiction. &#8220;En l&#8217;absence de la partie \u00e0 l&#8217;audience, cette juridiction n&#8217;est saisie d&#8217;aucun moyen&#8221; (Cour d&#8217;appel de Montpellier, le 6 f\u00e9vrier 2025, n\u00b023\/05322). La port\u00e9e est identique : le silence de l&#8217;appelant vaut renonciation \u00e0 discuter le fond.<\/p>\n<p>La confirmation de la d\u00e9cision attaqu\u00e9e et la condamnation aux d\u00e9pens<\/p>\n<p>Faute de moyens soulev\u00e9s, la cour ne peut que confirmer le jugement de premi\u00e8re instance. La solution s&#8217;impose par la carence de l&#8217;appelant. La d\u00e9cision ajoute une condamnation aux d\u00e9pens \u00e0 l&#8217;encontre du liquidateur. Cette condamnation personnelle du mandataire judiciaire est notable. Elle sanctionne l&#8217;initiative d&#8217;un appel qui n&#8217;a finalement pas \u00e9t\u00e9 d\u00e9fendu. L&#8217;arr\u00eat rappelle ainsi que la qualit\u00e9 de liquidateur n&#8217;efface pas la responsabilit\u00e9 proc\u00e9durale. La port\u00e9e est pratique et dissuasive, visant \u00e0 pr\u00e9venir les appels dilatoires.<\/p>\n<\/div>\n","protected":false},"excerpt":{"rendered":"<p>La cour d&#8217;appel de Douai, le 5 juin 2025, statue sur un appel form\u00e9 par une soci\u00e9t\u00e9 en liquidation. Le liquidateur judiciaire, r\u00e9guli\u00e8rement convoqu\u00e9, ne com&#8230;<\/p>\n","protected":false},"author":232070755,"featured_media":4750,"comment_status":"open","ping_status":"open","sticky":false,"template":"","format":"standard","meta":{"_crdt_document":"","_jetpack_newsletter_access":"","_jetpack_dont_email_post_to_subs":false,"_jetpack_newsletter_tier_id":0,"_jetpack_memberships_contains_paywalled_content":false,"_kj_source_type":"judilibre","_kj_official_id":"68e4a076cfbd3050592a147c","_kj_official_url":"https:\/\/www.courdecassation.fr\/decision\/68e4a076cfbd3050592a147c","_kj_judilibre_id":"68e4a076cfbd3050592a147c","_kj_jur":"Cour d'appel","_kj_lieu":"Cour d'appel d'Amiens","_kj_chambre":"2EME PROTECTION SOCIALE","_kj_rg":"23\/04771","_kj_date":"2025-09-30","_jetpack_memberships_contains_paid_content":false,"footnotes":"","jetpack_post_was_ever_published":false},"categories":[7597],"tags":[],"class_list":["post-657160","post","type-post","status-publish","format-standard","has-post-thumbnail","hentry","category-jurisprudence"],"yoast_head":"<!-- This site is optimized with the Yoast SEO Premium plugin v27.5 (Yoast SEO v27.5) - https:\/\/yoast.com\/product\/yoast-seo-premium-wordpress\/ -->\n<title>Cour d&#039;appel de Douai, le 5 juin 2025, n\u00b023\/04771 - Ma\u00eetre Hassan Kohen, avocat en droit p\u00e9nal \u00e0 Paris<\/title>\n<meta name=\"description\" content=\"La cour d&#039;appel de Douai, le 5 juin 2025, statue sur un appel form\u00e9 par une soci\u00e9t\u00e9 en liquidation. Le liquidateur judiciaire, r\u00e9guli\u00e8rement convoqu\u00e9, ne com...\" \/>\n<meta name=\"robots\" content=\"index, follow, max-snippet:-1, max-image-preview:large, max-video-preview:-1\" \/>\n<link rel=\"canonical\" href=\"https:\/\/kohenavocats.com\/zh-hans\/cour-dappel-de-douai-le-5-juin-2025-n23-04771\/\" \/>\n<meta property=\"og:locale\" content=\"zh_CN\" \/>\n<meta property=\"og:type\" content=\"article\" \/>\n<meta property=\"og:title\" content=\"Cour d&#039;appel de Douai, le 5 juin 2025, n\u00b023\/04771\" \/>\n<meta property=\"og:description\" content=\"La cour d&#039;appel de Douai, le 5 juin 2025, statue sur un appel form\u00e9 par une soci\u00e9t\u00e9 en liquidation. Le liquidateur judiciaire, r\u00e9guli\u00e8rement convoqu\u00e9, ne com...\" \/>\n<meta property=\"og:url\" content=\"https:\/\/kohenavocats.com\/zh-hans\/cour-dappel-de-douai-le-5-juin-2025-n23-04771\/\" \/>\n<meta property=\"og:site_name\" content=\"Ma\u00eetre Hassan Kohen, avocat en droit p\u00e9nal \u00e0 Paris\" \/>\n<meta property=\"article:published_time\" content=\"2026-04-23T06:48:06+00:00\" \/>\n<meta property=\"og:image\" content=\"https:\/\/kohenavocats.com\/wp-content\/uploads\/2024\/08\/stephanie-leblanc-5dZBzZxISXE-unsplash.webp\" \/>\n\t<meta property=\"og:image:width\" content=\"6240\" \/>\n\t<meta property=\"og:image:height\" content=\"4160\" \/>\n\t<meta property=\"og:image:type\" content=\"image\/webp\" \/>\n<meta name=\"author\" content=\"Kohen\" \/>\n<meta name=\"twitter:card\" content=\"summary_large_image\" \/>\n<meta name=\"twitter:label1\" content=\"\u4f5c\u8005\" \/>\n\t<meta name=\"twitter:data1\" content=\"Kohen\" \/>\n\t<meta name=\"twitter:label2\" content=\"\u9884\u8ba1\u9605\u8bfb\u65f6\u95f4\" \/>\n\t<meta name=\"twitter:data2\" content=\"3 \u5206\" \/>\n<script type=\"application\/ld+json\" class=\"yoast-schema-graph\">{\"@context\":\"https:\\\/\\\/schema.org\",\"@graph\":[{\"@type\":\"Article\",\"@id\":\"https:\\\/\\\/kohenavocats.com\\\/zh-hans\\\/cour-dappel-de-douai-le-5-juin-2025-n23-04771\\\/#article\",\"isPartOf\":{\"@id\":\"https:\\\/\\\/kohenavocats.com\\\/zh-hans\\\/cour-dappel-de-douai-le-5-juin-2025-n23-04771\\\/\"},\"author\":{\"name\":\"Kohen\",\"@id\":\"https:\\\/\\\/kohenavocats.com\\\/zh-hans\\\/#\\\/schema\\\/person\\\/761c9ba54fa1ca84d405cef0831ff751\"},\"headline\":\"Cour d&#8217;appel de Douai, le 5 juin 2025, n\u00b023\\\/04771\",\"datePublished\":\"2026-04-23T06:48:06+00:00\",\"mainEntityOfPage\":{\"@id\":\"https:\\\/\\\/kohenavocats.com\\\/zh-hans\\\/cour-dappel-de-douai-le-5-juin-2025-n23-04771\\\/\"},\"wordCount\":579,\"commentCount\":0,\"publisher\":{\"@id\":\"https:\\\/\\\/kohenavocats.com\\\/zh-hans\\\/#organization\"},\"image\":{\"@id\":\"https:\\\/\\\/kohenavocats.com\\\/zh-hans\\\/cour-dappel-de-douai-le-5-juin-2025-n23-04771\\\/#primaryimage\"},\"thumbnailUrl\":\"https:\\\/\\\/kohenavocats.com\\\/wp-content\\\/uploads\\\/2024\\\/08\\\/stephanie-leblanc-5dZBzZxISXE-unsplash.webp\",\"articleSection\":[\"Jurisprudence\"],\"inLanguage\":\"zh-Hans\",\"potentialAction\":[{\"@type\":\"CommentAction\",\"name\":\"Comment\",\"target\":[\"https:\\\/\\\/kohenavocats.com\\\/zh-hans\\\/cour-dappel-de-douai-le-5-juin-2025-n23-04771\\\/#respond\"]}],\"citation\":\"Cour d&#8217;appel de Douai, le 5 juin 2025, n\u00b023\\\/04771\",\"about\":[{\"@type\":\"Thing\",\"name\":\"Jurisprudence\"}],\"dateModified\":\"2026-04-23T06:48:06+00:00\",\"speakable\":{\"@type\":\"SpeakableSpecification\",\"cssSelector\":[\".article-content > p:first-of-type\"]}},{\"@type\":\"WebPage\",\"@id\":\"https:\\\/\\\/kohenavocats.com\\\/zh-hans\\\/cour-dappel-de-douai-le-5-juin-2025-n23-04771\\\/\",\"url\":\"https:\\\/\\\/kohenavocats.com\\\/zh-hans\\\/cour-dappel-de-douai-le-5-juin-2025-n23-04771\\\/\",\"name\":\"Cour d'appel de Douai, le 5 juin 2025, n\u00b023\\\/04771 - Ma\u00eetre Hassan Kohen, avocat en droit p\u00e9nal \u00e0 Paris\",\"isPartOf\":{\"@id\":\"https:\\\/\\\/kohenavocats.com\\\/zh-hans\\\/#website\"},\"primaryImageOfPage\":{\"@id\":\"https:\\\/\\\/kohenavocats.com\\\/zh-hans\\\/cour-dappel-de-douai-le-5-juin-2025-n23-04771\\\/#primaryimage\"},\"image\":{\"@id\":\"https:\\\/\\\/kohenavocats.com\\\/zh-hans\\\/cour-dappel-de-douai-le-5-juin-2025-n23-04771\\\/#primaryimage\"},\"thumbnailUrl\":\"https:\\\/\\\/kohenavocats.com\\\/wp-content\\\/uploads\\\/2024\\\/08\\\/stephanie-leblanc-5dZBzZxISXE-unsplash.webp\",\"datePublished\":\"2026-04-23T06:48:06+00:00\",\"description\":\"La cour d'appel de Douai, le 5 juin 2025, statue sur un appel form\u00e9 par une soci\u00e9t\u00e9 en liquidation. Le liquidateur judiciaire, r\u00e9guli\u00e8rement convoqu\u00e9, ne com...\",\"breadcrumb\":{\"@id\":\"https:\\\/\\\/kohenavocats.com\\\/zh-hans\\\/cour-dappel-de-douai-le-5-juin-2025-n23-04771\\\/#breadcrumb\"},\"inLanguage\":\"zh-Hans\",\"potentialAction\":[{\"@type\":\"ReadAction\",\"target\":[\"https:\\\/\\\/kohenavocats.com\\\/zh-hans\\\/cour-dappel-de-douai-le-5-juin-2025-n23-04771\\\/\"]}]},{\"@type\":\"ImageObject\",\"inLanguage\":\"zh-Hans\",\"@id\":\"https:\\\/\\\/kohenavocats.com\\\/zh-hans\\\/cour-dappel-de-douai-le-5-juin-2025-n23-04771\\\/#primaryimage\",\"url\":\"https:\\\/\\\/kohenavocats.com\\\/wp-content\\\/uploads\\\/2024\\\/08\\\/stephanie-leblanc-5dZBzZxISXE-unsplash.webp\",\"contentUrl\":\"https:\\\/\\\/kohenavocats.com\\\/wp-content\\\/uploads\\\/2024\\\/08\\\/stephanie-leblanc-5dZBzZxISXE-unsplash.webp\",\"width\":6240,\"height\":4160},{\"@type\":\"BreadcrumbList\",\"@id\":\"https:\\\/\\\/kohenavocats.com\\\/zh-hans\\\/cour-dappel-de-douai-le-5-juin-2025-n23-04771\\\/#breadcrumb\",\"itemListElement\":[{\"@type\":\"ListItem\",\"position\":1,\"name\":\"Home\",\"item\":\"https:\\\/\\\/kohenavocats.com\\\/zh-hans\\\/\"},{\"@type\":\"ListItem\",\"position\":2,\"name\":\"Cour d&rsquo;appel de Douai, le 5 juin 2025, n\u00b023\\\/04771\"}]},{\"@type\":\"WebSite\",\"@id\":\"https:\\\/\\\/kohenavocats.com\\\/zh-hans\\\/#website\",\"url\":\"https:\\\/\\\/kohenavocats.com\\\/zh-hans\\\/\",\"name\":\"Kohen Avocats\",\"description\":\"Ma\u00eetre Hassan Kohen, avocat p\u00e9naliste \u00e0 Paris, intervient exclusivement en droit p\u00e9nal pour la d\u00e9fense des particuliers, notamment en mati\u00e8re d\u2019accusations de viol. Il assure un accompagnement rigoureux d\u00e8s la garde \u00e0 vue jusqu\u2019\u00e0 la Cour d\u2019assises, veillant au strict respect des garanties proc\u00e9durales.\",\"publisher\":{\"@id\":\"https:\\\/\\\/kohenavocats.com\\\/zh-hans\\\/#organization\"},\"potentialAction\":[{\"@type\":\"SearchAction\",\"target\":{\"@type\":\"EntryPoint\",\"urlTemplate\":\"https:\\\/\\\/kohenavocats.com\\\/zh-hans\\\/?s={search_term_string}\"},\"query-input\":{\"@type\":\"PropertyValueSpecification\",\"valueRequired\":true,\"valueName\":\"search_term_string\"}}],\"inLanguage\":\"zh-Hans\"},{\"@type\":\"Organization\",\"@id\":\"https:\\\/\\\/kohenavocats.com\\\/zh-hans\\\/#organization\",\"name\":\"Kohen Avocats\",\"url\":\"https:\\\/\\\/kohenavocats.com\\\/zh-hans\\\/\",\"logo\":{\"@type\":\"ImageObject\",\"inLanguage\":\"zh-Hans\",\"@id\":\"https:\\\/\\\/kohenavocats.com\\\/zh-hans\\\/#\\\/schema\\\/logo\\\/image\\\/\",\"url\":\"https:\\\/\\\/kohenavocats.com\\\/wp-content\\\/uploads\\\/2026\\\/01\\\/Logo-2-1.webp\",\"contentUrl\":\"https:\\\/\\\/kohenavocats.com\\\/wp-content\\\/uploads\\\/2026\\\/01\\\/Logo-2-1.webp\",\"width\":2114,\"height\":1253,\"caption\":\"Kohen Avocats\"},\"image\":{\"@id\":\"https:\\\/\\\/kohenavocats.com\\\/zh-hans\\\/#\\\/schema\\\/logo\\\/image\\\/\"}},{\"@type\":\"Person\",\"@id\":\"https:\\\/\\\/kohenavocats.com\\\/zh-hans\\\/#\\\/schema\\\/person\\\/761c9ba54fa1ca84d405cef0831ff751\",\"name\":\"Kohen\",\"image\":{\"@type\":\"ImageObject\",\"inLanguage\":\"zh-Hans\",\"@id\":\"https:\\\/\\\/secure.gravatar.com\\\/avatar\\\/1c5e76ef76bbbfdd2b4da984e2bf2fa4056fd51a27d25ce2c332047f1dfd6e00?s=96&d=identicon&r=g\",\"url\":\"https:\\\/\\\/secure.gravatar.com\\\/avatar\\\/1c5e76ef76bbbfdd2b4da984e2bf2fa4056fd51a27d25ce2c332047f1dfd6e00?s=96&d=identicon&r=g\",\"contentUrl\":\"https:\\\/\\\/secure.gravatar.com\\\/avatar\\\/1c5e76ef76bbbfdd2b4da984e2bf2fa4056fd51a27d25ce2c332047f1dfd6e00?s=96&d=identicon&r=g\",\"caption\":\"Kohen\"},\"sameAs\":[\"https:\\\/\\\/www.linkedin.com\\\/in\\\/hassan-kohen-448548192\\\/\",\"https:\\\/\\\/www.youtube.com\\\/@Kohen-Avocats\"],\"url\":\"https:\\\/\\\/kohenavocats.com\\\/zh-hans\\\/author\\\/kohenmlk\\\/\"}]}<\/script>\n<!-- \/ Yoast SEO Premium plugin. -->","yoast_head_json":{"title":"Cour d'appel de Douai, le 5 juin 2025, n\u00b023\/04771 - Ma\u00eetre Hassan Kohen, avocat en droit p\u00e9nal \u00e0 Paris","description":"La cour d'appel de Douai, le 5 juin 2025, statue sur un appel form\u00e9 par une soci\u00e9t\u00e9 en liquidation. Le liquidateur judiciaire, r\u00e9guli\u00e8rement convoqu\u00e9, ne com...","robots":{"index":"index","follow":"follow","max-snippet":"max-snippet:-1","max-image-preview":"max-image-preview:large","max-video-preview":"max-video-preview:-1"},"canonical":"https:\/\/kohenavocats.com\/zh-hans\/cour-dappel-de-douai-le-5-juin-2025-n23-04771\/","og_locale":"zh_CN","og_type":"article","og_title":"Cour d'appel de Douai, le 5 juin 2025, n\u00b023\/04771","og_description":"La cour d'appel de Douai, le 5 juin 2025, statue sur un appel form\u00e9 par une soci\u00e9t\u00e9 en liquidation. Le liquidateur judiciaire, r\u00e9guli\u00e8rement convoqu\u00e9, ne com...","og_url":"https:\/\/kohenavocats.com\/zh-hans\/cour-dappel-de-douai-le-5-juin-2025-n23-04771\/","og_site_name":"Ma\u00eetre Hassan Kohen, avocat en droit p\u00e9nal \u00e0 Paris","article_published_time":"2026-04-23T06:48:06+00:00","og_image":[{"width":6240,"height":4160,"url":"https:\/\/kohenavocats.com\/wp-content\/uploads\/2024\/08\/stephanie-leblanc-5dZBzZxISXE-unsplash.webp","type":"image\/webp"}],"author":"Kohen","twitter_card":"summary_large_image","twitter_misc":{"\u4f5c\u8005":"Kohen","\u9884\u8ba1\u9605\u8bfb\u65f6\u95f4":"3 \u5206"},"schema":{"@context":"https:\/\/schema.org","@graph":[{"@type":"Article","@id":"https:\/\/kohenavocats.com\/zh-hans\/cour-dappel-de-douai-le-5-juin-2025-n23-04771\/#article","isPartOf":{"@id":"https:\/\/kohenavocats.com\/zh-hans\/cour-dappel-de-douai-le-5-juin-2025-n23-04771\/"},"author":{"name":"Kohen","@id":"https:\/\/kohenavocats.com\/zh-hans\/#\/schema\/person\/761c9ba54fa1ca84d405cef0831ff751"},"headline":"Cour d&#8217;appel de Douai, le 5 juin 2025, n\u00b023\/04771","datePublished":"2026-04-23T06:48:06+00:00","mainEntityOfPage":{"@id":"https:\/\/kohenavocats.com\/zh-hans\/cour-dappel-de-douai-le-5-juin-2025-n23-04771\/"},"wordCount":579,"commentCount":0,"publisher":{"@id":"https:\/\/kohenavocats.com\/zh-hans\/#organization"},"image":{"@id":"https:\/\/kohenavocats.com\/zh-hans\/cour-dappel-de-douai-le-5-juin-2025-n23-04771\/#primaryimage"},"thumbnailUrl":"https:\/\/kohenavocats.com\/wp-content\/uploads\/2024\/08\/stephanie-leblanc-5dZBzZxISXE-unsplash.webp","articleSection":["Jurisprudence"],"inLanguage":"zh-Hans","potentialAction":[{"@type":"CommentAction","name":"Comment","target":["https:\/\/kohenavocats.com\/zh-hans\/cour-dappel-de-douai-le-5-juin-2025-n23-04771\/#respond"]}],"citation":"Cour d&#8217;appel de Douai, le 5 juin 2025, n\u00b023\/04771","about":[{"@type":"Thing","name":"Jurisprudence"}],"dateModified":"2026-04-23T06:48:06+00:00","speakable":{"@type":"SpeakableSpecification","cssSelector":[".article-content > p:first-of-type"]}},{"@type":"WebPage","@id":"https:\/\/kohenavocats.com\/zh-hans\/cour-dappel-de-douai-le-5-juin-2025-n23-04771\/","url":"https:\/\/kohenavocats.com\/zh-hans\/cour-dappel-de-douai-le-5-juin-2025-n23-04771\/","name":"Cour d'appel de Douai, le 5 juin 2025, n\u00b023\/04771 - Ma\u00eetre Hassan Kohen, avocat en droit p\u00e9nal \u00e0 Paris","isPartOf":{"@id":"https:\/\/kohenavocats.com\/zh-hans\/#website"},"primaryImageOfPage":{"@id":"https:\/\/kohenavocats.com\/zh-hans\/cour-dappel-de-douai-le-5-juin-2025-n23-04771\/#primaryimage"},"image":{"@id":"https:\/\/kohenavocats.com\/zh-hans\/cour-dappel-de-douai-le-5-juin-2025-n23-04771\/#primaryimage"},"thumbnailUrl":"https:\/\/kohenavocats.com\/wp-content\/uploads\/2024\/08\/stephanie-leblanc-5dZBzZxISXE-unsplash.webp","datePublished":"2026-04-23T06:48:06+00:00","description":"La cour d'appel de Douai, le 5 juin 2025, statue sur un appel form\u00e9 par une soci\u00e9t\u00e9 en liquidation. Le liquidateur judiciaire, r\u00e9guli\u00e8rement convoqu\u00e9, ne com...","breadcrumb":{"@id":"https:\/\/kohenavocats.com\/zh-hans\/cour-dappel-de-douai-le-5-juin-2025-n23-04771\/#breadcrumb"},"inLanguage":"zh-Hans","potentialAction":[{"@type":"ReadAction","target":["https:\/\/kohenavocats.com\/zh-hans\/cour-dappel-de-douai-le-5-juin-2025-n23-04771\/"]}]},{"@type":"ImageObject","inLanguage":"zh-Hans","@id":"https:\/\/kohenavocats.com\/zh-hans\/cour-dappel-de-douai-le-5-juin-2025-n23-04771\/#primaryimage","url":"https:\/\/kohenavocats.com\/wp-content\/uploads\/2024\/08\/stephanie-leblanc-5dZBzZxISXE-unsplash.webp","contentUrl":"https:\/\/kohenavocats.com\/wp-content\/uploads\/2024\/08\/stephanie-leblanc-5dZBzZxISXE-unsplash.webp","width":6240,"height":4160},{"@type":"BreadcrumbList","@id":"https:\/\/kohenavocats.com\/zh-hans\/cour-dappel-de-douai-le-5-juin-2025-n23-04771\/#breadcrumb","itemListElement":[{"@type":"ListItem","position":1,"name":"Home","item":"https:\/\/kohenavocats.com\/zh-hans\/"},{"@type":"ListItem","position":2,"name":"Cour d&rsquo;appel de Douai, le 5 juin 2025, n\u00b023\/04771"}]},{"@type":"WebSite","@id":"https:\/\/kohenavocats.com\/zh-hans\/#website","url":"https:\/\/kohenavocats.com\/zh-hans\/","name":"Kohen Avocats","description":"Ma\u00eetre Hassan Kohen, avocat p\u00e9naliste \u00e0 Paris, intervient exclusivement en droit p\u00e9nal pour la d\u00e9fense des particuliers, notamment en mati\u00e8re d\u2019accusations de viol. Il assure un accompagnement rigoureux d\u00e8s la garde \u00e0 vue jusqu\u2019\u00e0 la Cour d\u2019assises, veillant au strict respect des garanties proc\u00e9durales.","publisher":{"@id":"https:\/\/kohenavocats.com\/zh-hans\/#organization"},"potentialAction":[{"@type":"SearchAction","target":{"@type":"EntryPoint","urlTemplate":"https:\/\/kohenavocats.com\/zh-hans\/?s={search_term_string}"},"query-input":{"@type":"PropertyValueSpecification","valueRequired":true,"valueName":"search_term_string"}}],"inLanguage":"zh-Hans"},{"@type":"Organization","@id":"https:\/\/kohenavocats.com\/zh-hans\/#organization","name":"Kohen Avocats","url":"https:\/\/kohenavocats.com\/zh-hans\/","logo":{"@type":"ImageObject","inLanguage":"zh-Hans","@id":"https:\/\/kohenavocats.com\/zh-hans\/#\/schema\/logo\/image\/","url":"https:\/\/kohenavocats.com\/wp-content\/uploads\/2026\/01\/Logo-2-1.webp","contentUrl":"https:\/\/kohenavocats.com\/wp-content\/uploads\/2026\/01\/Logo-2-1.webp","width":2114,"height":1253,"caption":"Kohen Avocats"},"image":{"@id":"https:\/\/kohenavocats.com\/zh-hans\/#\/schema\/logo\/image\/"}},{"@type":"Person","@id":"https:\/\/kohenavocats.com\/zh-hans\/#\/schema\/person\/761c9ba54fa1ca84d405cef0831ff751","name":"Kohen","image":{"@type":"ImageObject","inLanguage":"zh-Hans","@id":"https:\/\/secure.gravatar.com\/avatar\/1c5e76ef76bbbfdd2b4da984e2bf2fa4056fd51a27d25ce2c332047f1dfd6e00?s=96&d=identicon&r=g","url":"https:\/\/secure.gravatar.com\/avatar\/1c5e76ef76bbbfdd2b4da984e2bf2fa4056fd51a27d25ce2c332047f1dfd6e00?s=96&d=identicon&r=g","contentUrl":"https:\/\/secure.gravatar.com\/avatar\/1c5e76ef76bbbfdd2b4da984e2bf2fa4056fd51a27d25ce2c332047f1dfd6e00?s=96&d=identicon&r=g","caption":"Kohen"},"sameAs":["https:\/\/www.linkedin.com\/in\/hassan-kohen-448548192\/","https:\/\/www.youtube.com\/@Kohen-Avocats"],"url":"https:\/\/kohenavocats.com\/zh-hans\/author\/kohenmlk\/"}]}},"jetpack_featured_media_url":"https:\/\/kohenavocats.com\/wp-content\/uploads\/2024\/08\/stephanie-leblanc-5dZBzZxISXE-unsplash.webp","jetpack_likes_enabled":false,"jetpack_shortlink":"https:\/\/wp.me\/peCrII-2KXm","jetpack-related-posts":[{"id":492158,"url":"https:\/\/kohenavocats.com\/zh-hans\/cour-dappel-de-douai-le-10-juin-2025-n24-04226\/","url_meta":{"origin":657160,"position":0},"title":"Cour d&#8217;appel de Douai, le 10 juin 2025, n\u00b024\/04226","author":"Kohen","date":"2026\u5e744\u67088\u65e5","format":false,"excerpt":"La Cour d\u2019appel de Douai, le 10 juin 2025, statue \u2026","rel":"","context":"\u5728\u201cJurisprudence\u201d\u4e2d","block_context":{"text":"Jurisprudence","link":"https:\/\/kohenavocats.com\/category\/jurisprudence\/"},"img":{"alt_text":"","src":"https:\/\/i0.wp.com\/kohenavocats.com\/wp-content\/uploads\/2024\/11\/andrew-petrischev-rEgt1jzRHeU-unsplash.webp?resize=350%2C200&ssl=1","width":350,"height":200,"srcset":"https:\/\/i0.wp.com\/kohenavocats.com\/wp-content\/uploads\/2024\/11\/andrew-petrischev-rEgt1jzRHeU-unsplash.webp?resize=350%2C200&ssl=1 1x, https:\/\/i0.wp.com\/kohenavocats.com\/wp-content\/uploads\/2024\/11\/andrew-petrischev-rEgt1jzRHeU-unsplash.webp?resize=525%2C300&ssl=1 1.5x, https:\/\/i0.wp.com\/kohenavocats.com\/wp-content\/uploads\/2024\/11\/andrew-petrischev-rEgt1jzRHeU-unsplash.webp?resize=700%2C400&ssl=1 2x, https:\/\/i0.wp.com\/kohenavocats.com\/wp-content\/uploads\/2024\/11\/andrew-petrischev-rEgt1jzRHeU-unsplash.webp?resize=1050%2C600&ssl=1 3x, https:\/\/i0.wp.com\/kohenavocats.com\/wp-content\/uploads\/2024\/11\/andrew-petrischev-rEgt1jzRHeU-unsplash.webp?resize=1400%2C800&ssl=1 4x"},"classes":[]},{"id":41950,"url":"https:\/\/kohenavocats.com\/zh-hans\/cour-dappel-de-rouen-le-11-juillet-2025-n24-02794\/","url_meta":{"origin":657160,"position":1},"title":"Cour d&#8217;appel de Rouen, le 11 juillet 2025, n\u00b024\/02794","author":"Kohen","date":"2025\u5e7411\u67087\u65e5","format":false,"excerpt":"Rendue par la Cour d'appel de Rouen, chambre socia\u2026","rel":"","context":"\u5728\u201cCour d'appel\u201d\u4e2d","block_context":{"text":"Cour d'appel","link":"https:\/\/kohenavocats.com\/category\/cour-dappel\/"},"img":{"alt_text":"","src":"https:\/\/i0.wp.com\/kohenavocats.com\/wp-content\/uploads\/2024\/11\/alexander-mils-JveCFfribI8-unsplash.webp?resize=350%2C200&ssl=1","width":350,"height":200,"srcset":"https:\/\/i0.wp.com\/kohenavocats.com\/wp-content\/uploads\/2024\/11\/alexander-mils-JveCFfribI8-unsplash.webp?resize=350%2C200&ssl=1 1x, https:\/\/i0.wp.com\/kohenavocats.com\/wp-content\/uploads\/2024\/11\/alexander-mils-JveCFfribI8-unsplash.webp?resize=525%2C300&ssl=1 1.5x, https:\/\/i0.wp.com\/kohenavocats.com\/wp-content\/uploads\/2024\/11\/alexander-mils-JveCFfribI8-unsplash.webp?resize=700%2C400&ssl=1 2x, https:\/\/i0.wp.com\/kohenavocats.com\/wp-content\/uploads\/2024\/11\/alexander-mils-JveCFfribI8-unsplash.webp?resize=1050%2C600&ssl=1 3x, https:\/\/i0.wp.com\/kohenavocats.com\/wp-content\/uploads\/2024\/11\/alexander-mils-JveCFfribI8-unsplash.webp?resize=1400%2C800&ssl=1 4x"},"classes":[]},{"id":608704,"url":"https:\/\/kohenavocats.com\/zh-hans\/cour-dappel-de-douai-le-3-decembre-2025-n23-00328\/","url_meta":{"origin":657160,"position":2},"title":"Cour d&#8217;appel de Douai, le 3 d\u00e9cembre 2025, n\u00b023\/00328","author":"Kohen","date":"2026\u5e744\u670819\u65e5","format":false,"excerpt":"La cour d'appel de Douai, le 3 d\u00e9cembre 2025, reje\u2026","rel":"","context":"\u5728\u201cJurisprudence\u201d\u4e2d","block_context":{"text":"Jurisprudence","link":"https:\/\/kohenavocats.com\/category\/jurisprudence\/"},"img":{"alt_text":"","src":"https:\/\/i0.wp.com\/kohenavocats.com\/wp-content\/uploads\/2024\/11\/gabriella-clare-marino-cSNzKJN-LNI-unsplash.webp?resize=350%2C200&ssl=1","width":350,"height":200,"srcset":"https:\/\/i0.wp.com\/kohenavocats.com\/wp-content\/uploads\/2024\/11\/gabriella-clare-marino-cSNzKJN-LNI-unsplash.webp?resize=350%2C200&ssl=1 1x, https:\/\/i0.wp.com\/kohenavocats.com\/wp-content\/uploads\/2024\/11\/gabriella-clare-marino-cSNzKJN-LNI-unsplash.webp?resize=525%2C300&ssl=1 1.5x, https:\/\/i0.wp.com\/kohenavocats.com\/wp-content\/uploads\/2024\/11\/gabriella-clare-marino-cSNzKJN-LNI-unsplash.webp?resize=700%2C400&ssl=1 2x, https:\/\/i0.wp.com\/kohenavocats.com\/wp-content\/uploads\/2024\/11\/gabriella-clare-marino-cSNzKJN-LNI-unsplash.webp?resize=1050%2C600&ssl=1 3x, https:\/\/i0.wp.com\/kohenavocats.com\/wp-content\/uploads\/2024\/11\/gabriella-clare-marino-cSNzKJN-LNI-unsplash.webp?resize=1400%2C800&ssl=1 4x"},"classes":[]},{"id":237237,"url":"https:\/\/kohenavocats.com\/zh-hans\/cour-dappel-de-versailles-le-24-juin-2025-n24-07026\/","url_meta":{"origin":657160,"position":3},"title":"Cour d&#8217;appel de Versailles, le 24 juin 2025, n\u00b024\/07026","author":"Kohen","date":"2025\u5e7412\u670830\u65e5","format":false,"excerpt":"La d\u00e9termination de la date de cessation des paiem\u2026","rel":"","context":"\u5728\u201cCour d'appel\u201d\u4e2d","block_context":{"text":"Cour d'appel","link":"https:\/\/kohenavocats.com\/category\/cour-dappel\/"},"img":{"alt_text":"","src":"https:\/\/i0.wp.com\/kohenavocats.com\/wp-content\/uploads\/2024\/08\/tomas-williams-0i38SCsSxJc-unsplash.webp?resize=350%2C200&ssl=1","width":350,"height":200,"srcset":"https:\/\/i0.wp.com\/kohenavocats.com\/wp-content\/uploads\/2024\/08\/tomas-williams-0i38SCsSxJc-unsplash.webp?resize=350%2C200&ssl=1 1x, https:\/\/i0.wp.com\/kohenavocats.com\/wp-content\/uploads\/2024\/08\/tomas-williams-0i38SCsSxJc-unsplash.webp?resize=525%2C300&ssl=1 1.5x, https:\/\/i0.wp.com\/kohenavocats.com\/wp-content\/uploads\/2024\/08\/tomas-williams-0i38SCsSxJc-unsplash.webp?resize=700%2C400&ssl=1 2x, https:\/\/i0.wp.com\/kohenavocats.com\/wp-content\/uploads\/2024\/08\/tomas-williams-0i38SCsSxJc-unsplash.webp?resize=1050%2C600&ssl=1 3x, https:\/\/i0.wp.com\/kohenavocats.com\/wp-content\/uploads\/2024\/08\/tomas-williams-0i38SCsSxJc-unsplash.webp?resize=1400%2C800&ssl=1 4x"},"classes":[]},{"id":414499,"url":"https:\/\/kohenavocats.com\/zh-hans\/cour-dappel-de-paris-le-6-septembre-2012-n11-12896\/","url_meta":{"origin":657160,"position":4},"title":"Cour d&#8217;appel de Paris, le 6 septembre 2012, n\u00b011\/12896","author":"Kohen","date":"2026\u5e743\u670821\u65e5","format":false,"excerpt":"La Cour d'appel de Paris, le 6 septembre 2012, a c\u2026","rel":"","context":"\u5728\u201cCour d'appel\u201d\u4e2d","block_context":{"text":"Cour d'appel","link":"https:\/\/kohenavocats.com\/category\/cour-dappel\/"},"img":{"alt_text":"","src":"https:\/\/i0.wp.com\/kohenavocats.com\/wp-content\/uploads\/2024\/07\/pierre-bamin-tY7hL5Bu7Ic-unsplash.webp?resize=350%2C200&ssl=1","width":350,"height":200,"srcset":"https:\/\/i0.wp.com\/kohenavocats.com\/wp-content\/uploads\/2024\/07\/pierre-bamin-tY7hL5Bu7Ic-unsplash.webp?resize=350%2C200&ssl=1 1x, https:\/\/i0.wp.com\/kohenavocats.com\/wp-content\/uploads\/2024\/07\/pierre-bamin-tY7hL5Bu7Ic-unsplash.webp?resize=525%2C300&ssl=1 1.5x, https:\/\/i0.wp.com\/kohenavocats.com\/wp-content\/uploads\/2024\/07\/pierre-bamin-tY7hL5Bu7Ic-unsplash.webp?resize=700%2C400&ssl=1 2x, https:\/\/i0.wp.com\/kohenavocats.com\/wp-content\/uploads\/2024\/07\/pierre-bamin-tY7hL5Bu7Ic-unsplash.webp?resize=1050%2C600&ssl=1 3x, https:\/\/i0.wp.com\/kohenavocats.com\/wp-content\/uploads\/2024\/07\/pierre-bamin-tY7hL5Bu7Ic-unsplash.webp?resize=1400%2C800&ssl=1 4x"},"classes":[]},{"id":49155,"url":"https:\/\/kohenavocats.com\/zh-hans\/cour-dappel-de-paris-le-26-juin-2025-n23-00178\/","url_meta":{"origin":657160,"position":5},"title":"Cour d&#8217;appel de Paris, le 26 juin 2025, n\u00b023\/00178","author":"Kohen","date":"2025\u5e7411\u67087\u65e5","format":false,"excerpt":"La Cour d'appel de Paris, 26 juin 2025 (P\u00f4le 4 - C\u2026","rel":"","context":"\u5728\u201cCour d'appel\u201d\u4e2d","block_context":{"text":"Cour d'appel","link":"https:\/\/kohenavocats.com\/category\/cour-dappel\/"},"img":{"alt_text":"","src":"https:\/\/i0.wp.com\/kohenavocats.com\/wp-content\/uploads\/2024\/08\/chelms-varthoumlien-4lTf2N6pHZw-unsplash.webp?resize=350%2C200&ssl=1","width":350,"height":200,"srcset":"https:\/\/i0.wp.com\/kohenavocats.com\/wp-content\/uploads\/2024\/08\/chelms-varthoumlien-4lTf2N6pHZw-unsplash.webp?resize=350%2C200&ssl=1 1x, https:\/\/i0.wp.com\/kohenavocats.com\/wp-content\/uploads\/2024\/08\/chelms-varthoumlien-4lTf2N6pHZw-unsplash.webp?resize=525%2C300&ssl=1 1.5x, https:\/\/i0.wp.com\/kohenavocats.com\/wp-content\/uploads\/2024\/08\/chelms-varthoumlien-4lTf2N6pHZw-unsplash.webp?resize=700%2C400&ssl=1 2x, https:\/\/i0.wp.com\/kohenavocats.com\/wp-content\/uploads\/2024\/08\/chelms-varthoumlien-4lTf2N6pHZw-unsplash.webp?resize=1050%2C600&ssl=1 3x, https:\/\/i0.wp.com\/kohenavocats.com\/wp-content\/uploads\/2024\/08\/chelms-varthoumlien-4lTf2N6pHZw-unsplash.webp?resize=1400%2C800&ssl=1 4x"},"classes":[]}],"jetpack_sharing_enabled":true,"_links":{"self":[{"href":"https:\/\/kohenavocats.com\/zh-hans\/wp-json\/wp\/v2\/posts\/657160","targetHints":{"allow":["GET"]}}],"collection":[{"href":"https:\/\/kohenavocats.com\/zh-hans\/wp-json\/wp\/v2\/posts"}],"about":[{"href":"https:\/\/kohenavocats.com\/zh-hans\/wp-json\/wp\/v2\/types\/post"}],"author":[{"embeddable":true,"href":"https:\/\/kohenavocats.com\/zh-hans\/wp-json\/wp\/v2\/users\/232070755"}],"replies":[{"embeddable":true,"href":"https:\/\/kohenavocats.com\/zh-hans\/wp-json\/wp\/v2\/comments?post=657160"}],"version-history":[{"count":0,"href":"https:\/\/kohenavocats.com\/zh-hans\/wp-json\/wp\/v2\/posts\/657160\/revisions"}],"wp:featuredmedia":[{"embeddable":true,"href":"https:\/\/kohenavocats.com\/zh-hans\/wp-json\/wp\/v2\/media\/4750"}],"wp:attachment":[{"href":"https:\/\/kohenavocats.com\/zh-hans\/wp-json\/wp\/v2\/media?parent=657160"}],"wp:term":[{"taxonomy":"category","embeddable":true,"href":"https:\/\/kohenavocats.com\/zh-hans\/wp-json\/wp\/v2\/categories?post=657160"},{"taxonomy":"post_tag","embeddable":true,"href":"https:\/\/kohenavocats.com\/zh-hans\/wp-json\/wp\/v2\/tags?post=657160"}],"curies":[{"name":"wp","href":"https:\/\/api.w.org\/{rel}","templated":true}]}}