{"id":657333,"date":"2026-04-23T09:09:23","date_gmt":"2026-04-23T07:09:23","guid":{"rendered":"https:\/\/kohenavocats.com\/cour-dappel-de-montpellier-le-27-novembre-2025-n24-02990\/"},"modified":"2026-04-23T09:09:23","modified_gmt":"2026-04-23T07:09:23","slug":"cour-dappel-de-montpellier-le-27-novembre-2025-n24-02990","status":"publish","type":"post","link":"https:\/\/kohenavocats.com\/zh-hans\/cour-dappel-de-montpellier-le-27-novembre-2025-n24-02990\/","title":{"rendered":"Cour d&#8217;appel de Montpellier, le 27 novembre 2025, n\u00b024\/02990"},"content":{"rendered":"<div class=\"article-content\">\n<p>La Cour d&#8217;appel de Montpellier, statuant le 27 novembre 2025, examine un d\u00e9f\u00e9r\u00e9 contre une ordonnance du conseiller de la mise en \u00e9tat. Cette ordonnance avait \u00e9cart\u00e9 une demande de caducit\u00e9 de l&#8217;appel et d\u00e9clin\u00e9 sa comp\u00e9tence sur une fin de non-recevoir. La cour se prononce sur la recevabilit\u00e9 du d\u00e9f\u00e9r\u00e9 et sur le fond de l&#8217;irrecevabilit\u00e9 de l&#8217;appel. Elle accueille le d\u00e9f\u00e9r\u00e9 et prononce l&#8217;irrecevabilit\u00e9 de la d\u00e9claration d&#8217;appel pour d\u00e9faut de personnalit\u00e9 juridique de l&#8217;intim\u00e9e d\u00e9sign\u00e9e.<\/p>\n<p>La recevabilit\u00e9 du d\u00e9f\u00e9r\u00e9 contre l&#8217;ordonnance du conseiller<\/p>\n<p>Le contr\u00f4le de la cour porte d&#8217;abord sur l&#8217;admissibilit\u00e9 du recours form\u00e9. L&#8217;article 916 du code de proc\u00e9dure civile encadre strictement les voies de recours contre les ordonnances du conseiller. Le texte pr\u00e9voit que ces ordonnances &#8220;peuvent \u00eatre d\u00e9f\u00e9r\u00e9es dans les m\u00eames conditions lorsqu&#8217;elles statuent sur une exception de proc\u00e9dure, sur un incident mettant fin \u00e0 l&#8217;instance, sur une fin de non-recevoir ou sur la caducit\u00e9 de l&#8217;appel&#8221; (Motifs, point 1). La cour en d\u00e9duit logiquement la recevabilit\u00e9 du d\u00e9f\u00e9r\u00e9 pr\u00e9sent\u00e9. L&#8217;ordonnance attaqu\u00e9e statuait pr\u00e9cis\u00e9ment sur la caducit\u00e9 de l&#8217;appel, un des cas express\u00e9ment vis\u00e9s. Cette interpr\u00e9tation litt\u00e9rale assure une s\u00e9curit\u00e9 juridique pour les parties. Elle permet un contr\u00f4le rapide des d\u00e9cisions incidentes importantes sans attendre l&#8217;arr\u00eat sur le fond.<\/p>\n<p>La distinction entre les comp\u00e9tences du conseiller et de la cour<\/p>\n<p>La cour pr\u00e9cise ensuite le partage des comp\u00e9tences entre le conseiller et la formation de jugement. Le conseiller ne peut conna\u00eetre des fins de non-recevoir tranch\u00e9es en premi\u00e8re instance. Il ne peut examiner non plus celles qui &#8220;ont pour cons\u00e9quence, si elles \u00e9taient accueillies, de remettre en cause ce qui a \u00e9t\u00e9 jug\u00e9 au fond par le premier juge&#8221; (Motifs, point 2). En l&#8217;esp\u00e8ce, la fin soulev\u00e9e visait uniquement la recevabilit\u00e9 de l&#8217;appel. Elle ne remettait pas en cause le fond du premier jugement. La cour estime donc que le conseiller \u00e9tait comp\u00e9tent pour l&#8217;examiner. Cette analyse rejoint une jurisprudence constante sur la nature de ces exceptions. Une d\u00e9cision r\u00e9cente rappelait qu&#8217;une fin de non-recevoir ne relevant pas de l&#8217;appr\u00e9ciation du fond &#8220;rel\u00e8ve de l&#8217;appr\u00e9ciation de la cour&#8221; (Cour d&#8217;appel de Montpellier, le 27 novembre 2025, n\u00b024\/05954). La cour infirme ainsi l&#8217;ordonnance sur ce point de comp\u00e9tence.<\/p>\n<p>L&#8217;irrecevabilit\u00e9 de l&#8217;appel pour d\u00e9faut de personnalit\u00e9 juridique<\/p>\n<p>Sur le fond, la cour examine la fin de non-recevoir tir\u00e9e du d\u00e9faut de capacit\u00e9. L&#8217;appel avait \u00e9t\u00e9 dirig\u00e9 contre une soci\u00e9t\u00e9 radi\u00e9e du registre du commerce. La radiation \u00e9tait intervenue avant le d\u00e9p\u00f4t de la d\u00e9claration d&#8217;appel. La cour rappelle que le d\u00e9faut de capacit\u00e9 d&#8217;ester en justice est une irr\u00e9gularit\u00e9 de fond. Cette nullit\u00e9 peut \u00eatre soulev\u00e9e \u00e0 tout moment de la proc\u00e9dure selon l&#8217;article 118 du code de proc\u00e9dure civile. La cour op\u00e8re une distinction cruciale entre erreur de d\u00e9signation et absence de personnalit\u00e9. Elle juge qu&#8217;il ne s&#8217;agit pas d&#8217;une &#8220;simple erreur dans la d\u00e9signation d&#8217;une partie&#8221; (Motifs, point 2). La soci\u00e9t\u00e9 nomm\u00e9ment d\u00e9sign\u00e9e avait perdu sa personnalit\u00e9 juridique. La d\u00e9claration \u00e9tait donc affect\u00e9e d&#8217;une nullit\u00e9 de fond insusceptible de r\u00e9gularisation. L&#8217;appel est d\u00e8s lors d\u00e9clar\u00e9 irrecevable.<\/p>\n<p>La port\u00e9e restrictive de la solution retenue<\/p>\n<p>La d\u00e9cision consacre une interpr\u00e9tation stricte des conditions de recevabilit\u00e9 de l&#8217;appel. Elle prot\u00e8ge la s\u00e9curit\u00e9 des relations juridiques en exigeant une identification exacte de la partie adverse. La solution serait diff\u00e9rente en cas de simple erreur mat\u00e9rielle sur la d\u00e9nomination sociale. La jurisprudence admet g\u00e9n\u00e9ralement la r\u00e9gularisation d&#8217;une telle erreur par la suite de la proc\u00e9dure. Ici, l&#8217;absence de personnalit\u00e9 juridique au jour de l&#8217;acte est une cause absolue de nullit\u00e9. La cour \u00e9carte l&#8217;application de l&#8217;article 700 du code de proc\u00e9dure civile au nom de l&#8217;\u00e9quit\u00e9. Cette d\u00e9cision rappelle l&#8217;importance cruciale de v\u00e9rifier l&#8217;existence l\u00e9gale de son adversaire avant d&#8217;agir en justice. Elle souligne les risques proc\u00e9duraux majeurs li\u00e9s \u00e0 la m\u00e9connaissance de la situation juridique des personnes morales.<\/p>\n<\/div>\n","protected":false},"excerpt":{"rendered":"<p>La Cour d&#8217;appel de Montpellier, statuant le 27 novembre 2025, examine un d\u00e9f\u00e9r\u00e9 contre une ordonnance du conseiller de la mise en \u00e9tat. Cette ordonnance avai&#8230;<\/p>\n","protected":false},"author":232070755,"featured_media":9688,"comment_status":"open","ping_status":"open","sticky":false,"template":"","format":"standard","meta":{"_crdt_document":"","_jetpack_newsletter_access":"","_jetpack_dont_email_post_to_subs":false,"_jetpack_newsletter_tier_id":0,"_jetpack_memberships_contains_paywalled_content":false,"_kj_source_type":"judilibre","_kj_official_id":"68dce593137fb746f70f6653","_kj_official_url":"https:\/\/www.courdecassation.fr\/decision\/68dce593137fb746f70f6653","_kj_judilibre_id":"68dce593137fb746f70f6653","_kj_jur":"Cour d'appel","_kj_lieu":"Cour d'appel de Montpellier","_kj_chambre":"5e chambre civile","_kj_rg":"24\/02990","_kj_date":"2025-09-30","_jetpack_memberships_contains_paid_content":false,"footnotes":"","jetpack_post_was_ever_published":false},"categories":[7597],"tags":[],"class_list":["post-657333","post","type-post","status-publish","format-standard","has-post-thumbnail","hentry","category-jurisprudence"],"yoast_head":"<!-- This site is optimized with the Yoast SEO Premium plugin v27.5 (Yoast SEO v27.5) - https:\/\/yoast.com\/product\/yoast-seo-premium-wordpress\/ -->\n<title>Cour d&#039;appel de Montpellier, le 27 novembre 2025, n\u00b024\/02990 - Ma\u00eetre Hassan Kohen, avocat en droit p\u00e9nal \u00e0 Paris<\/title>\n<meta name=\"description\" content=\"La Cour d&#039;appel de Montpellier, statuant le 27 novembre 2025, examine un d\u00e9f\u00e9r\u00e9 contre une ordonnance du conseiller de la mise en \u00e9tat. Cette ordonnance avai...\" \/>\n<meta name=\"robots\" content=\"index, follow, max-snippet:-1, max-image-preview:large, max-video-preview:-1\" \/>\n<link rel=\"canonical\" href=\"https:\/\/kohenavocats.com\/zh-hans\/cour-dappel-de-montpellier-le-27-novembre-2025-n24-02990\/\" \/>\n<meta property=\"og:locale\" content=\"zh_CN\" \/>\n<meta property=\"og:type\" content=\"article\" \/>\n<meta property=\"og:title\" content=\"Cour d&#039;appel de Montpellier, le 27 novembre 2025, n\u00b024\/02990\" \/>\n<meta property=\"og:description\" content=\"La Cour d&#039;appel de Montpellier, statuant le 27 novembre 2025, examine un d\u00e9f\u00e9r\u00e9 contre une ordonnance du conseiller de la mise en \u00e9tat. Cette ordonnance avai...\" \/>\n<meta property=\"og:url\" content=\"https:\/\/kohenavocats.com\/zh-hans\/cour-dappel-de-montpellier-le-27-novembre-2025-n24-02990\/\" \/>\n<meta property=\"og:site_name\" content=\"Ma\u00eetre Hassan Kohen, avocat en droit p\u00e9nal \u00e0 Paris\" \/>\n<meta property=\"article:published_time\" content=\"2026-04-23T07:09:23+00:00\" \/>\n<meta property=\"og:image\" content=\"https:\/\/kohenavocats.com\/wp-content\/uploads\/2024\/11\/anita-austvika-0SYgXsw1BV4-unsplash.webp\" \/>\n\t<meta property=\"og:image:width\" content=\"4779\" \/>\n\t<meta property=\"og:image:height\" content=\"7160\" \/>\n\t<meta property=\"og:image:type\" content=\"image\/webp\" \/>\n<meta name=\"author\" content=\"Kohen\" \/>\n<meta name=\"twitter:card\" content=\"summary_large_image\" \/>\n<meta name=\"twitter:label1\" content=\"\u4f5c\u8005\" \/>\n\t<meta name=\"twitter:data1\" content=\"Kohen\" \/>\n\t<meta name=\"twitter:label2\" content=\"\u9884\u8ba1\u9605\u8bfb\u65f6\u95f4\" \/>\n\t<meta name=\"twitter:data2\" content=\"4 \u5206\" \/>\n<script type=\"application\/ld+json\" class=\"yoast-schema-graph\">{\"@context\":\"https:\\\/\\\/schema.org\",\"@graph\":[{\"@type\":\"Article\",\"@id\":\"https:\\\/\\\/kohenavocats.com\\\/zh-hans\\\/cour-dappel-de-montpellier-le-27-novembre-2025-n24-02990\\\/#article\",\"isPartOf\":{\"@id\":\"https:\\\/\\\/kohenavocats.com\\\/zh-hans\\\/cour-dappel-de-montpellier-le-27-novembre-2025-n24-02990\\\/\"},\"author\":{\"name\":\"Kohen\",\"@id\":\"https:\\\/\\\/kohenavocats.com\\\/zh-hans\\\/#\\\/schema\\\/person\\\/761c9ba54fa1ca84d405cef0831ff751\"},\"headline\":\"Cour d&#8217;appel de Montpellier, le 27 novembre 2025, n\u00b024\\\/02990\",\"datePublished\":\"2026-04-23T07:09:23+00:00\",\"mainEntityOfPage\":{\"@id\":\"https:\\\/\\\/kohenavocats.com\\\/zh-hans\\\/cour-dappel-de-montpellier-le-27-novembre-2025-n24-02990\\\/\"},\"wordCount\":771,\"commentCount\":0,\"publisher\":{\"@id\":\"https:\\\/\\\/kohenavocats.com\\\/zh-hans\\\/#organization\"},\"image\":{\"@id\":\"https:\\\/\\\/kohenavocats.com\\\/zh-hans\\\/cour-dappel-de-montpellier-le-27-novembre-2025-n24-02990\\\/#primaryimage\"},\"thumbnailUrl\":\"https:\\\/\\\/kohenavocats.com\\\/wp-content\\\/uploads\\\/2024\\\/11\\\/anita-austvika-0SYgXsw1BV4-unsplash.webp\",\"articleSection\":[\"Jurisprudence\"],\"inLanguage\":\"zh-Hans\",\"potentialAction\":[{\"@type\":\"CommentAction\",\"name\":\"Comment\",\"target\":[\"https:\\\/\\\/kohenavocats.com\\\/zh-hans\\\/cour-dappel-de-montpellier-le-27-novembre-2025-n24-02990\\\/#respond\"]}],\"citation\":\"Cour d&#8217;appel de Montpellier, le 27 novembre 2025, n\u00b024\\\/02990\",\"about\":[{\"@type\":\"Thing\",\"name\":\"Jurisprudence\"}],\"dateModified\":\"2026-04-23T07:09:23+00:00\",\"speakable\":{\"@type\":\"SpeakableSpecification\",\"cssSelector\":[\".article-content > p:first-of-type\"]}},{\"@type\":\"WebPage\",\"@id\":\"https:\\\/\\\/kohenavocats.com\\\/zh-hans\\\/cour-dappel-de-montpellier-le-27-novembre-2025-n24-02990\\\/\",\"url\":\"https:\\\/\\\/kohenavocats.com\\\/zh-hans\\\/cour-dappel-de-montpellier-le-27-novembre-2025-n24-02990\\\/\",\"name\":\"Cour d'appel de Montpellier, le 27 novembre 2025, n\u00b024\\\/02990 - Ma\u00eetre Hassan Kohen, avocat en droit p\u00e9nal \u00e0 Paris\",\"isPartOf\":{\"@id\":\"https:\\\/\\\/kohenavocats.com\\\/zh-hans\\\/#website\"},\"primaryImageOfPage\":{\"@id\":\"https:\\\/\\\/kohenavocats.com\\\/zh-hans\\\/cour-dappel-de-montpellier-le-27-novembre-2025-n24-02990\\\/#primaryimage\"},\"image\":{\"@id\":\"https:\\\/\\\/kohenavocats.com\\\/zh-hans\\\/cour-dappel-de-montpellier-le-27-novembre-2025-n24-02990\\\/#primaryimage\"},\"thumbnailUrl\":\"https:\\\/\\\/kohenavocats.com\\\/wp-content\\\/uploads\\\/2024\\\/11\\\/anita-austvika-0SYgXsw1BV4-unsplash.webp\",\"datePublished\":\"2026-04-23T07:09:23+00:00\",\"description\":\"La Cour d'appel de Montpellier, statuant le 27 novembre 2025, examine un d\u00e9f\u00e9r\u00e9 contre une ordonnance du conseiller de la mise en \u00e9tat. Cette ordonnance avai...\",\"breadcrumb\":{\"@id\":\"https:\\\/\\\/kohenavocats.com\\\/zh-hans\\\/cour-dappel-de-montpellier-le-27-novembre-2025-n24-02990\\\/#breadcrumb\"},\"inLanguage\":\"zh-Hans\",\"potentialAction\":[{\"@type\":\"ReadAction\",\"target\":[\"https:\\\/\\\/kohenavocats.com\\\/zh-hans\\\/cour-dappel-de-montpellier-le-27-novembre-2025-n24-02990\\\/\"]}]},{\"@type\":\"ImageObject\",\"inLanguage\":\"zh-Hans\",\"@id\":\"https:\\\/\\\/kohenavocats.com\\\/zh-hans\\\/cour-dappel-de-montpellier-le-27-novembre-2025-n24-02990\\\/#primaryimage\",\"url\":\"https:\\\/\\\/kohenavocats.com\\\/wp-content\\\/uploads\\\/2024\\\/11\\\/anita-austvika-0SYgXsw1BV4-unsplash.webp\",\"contentUrl\":\"https:\\\/\\\/kohenavocats.com\\\/wp-content\\\/uploads\\\/2024\\\/11\\\/anita-austvika-0SYgXsw1BV4-unsplash.webp\",\"width\":4779,\"height\":7160},{\"@type\":\"BreadcrumbList\",\"@id\":\"https:\\\/\\\/kohenavocats.com\\\/zh-hans\\\/cour-dappel-de-montpellier-le-27-novembre-2025-n24-02990\\\/#breadcrumb\",\"itemListElement\":[{\"@type\":\"ListItem\",\"position\":1,\"name\":\"Home\",\"item\":\"https:\\\/\\\/kohenavocats.com\\\/zh-hans\\\/\"},{\"@type\":\"ListItem\",\"position\":2,\"name\":\"Cour d&rsquo;appel de Montpellier, le 27 novembre 2025, n\u00b024\\\/02990\"}]},{\"@type\":\"WebSite\",\"@id\":\"https:\\\/\\\/kohenavocats.com\\\/zh-hans\\\/#website\",\"url\":\"https:\\\/\\\/kohenavocats.com\\\/zh-hans\\\/\",\"name\":\"Kohen Avocats\",\"description\":\"Ma\u00eetre Hassan Kohen, avocat p\u00e9naliste \u00e0 Paris, intervient exclusivement en droit p\u00e9nal pour la d\u00e9fense des particuliers, notamment en mati\u00e8re d\u2019accusations de viol. Il assure un accompagnement rigoureux d\u00e8s la garde \u00e0 vue jusqu\u2019\u00e0 la Cour d\u2019assises, veillant au strict respect des garanties proc\u00e9durales.\",\"publisher\":{\"@id\":\"https:\\\/\\\/kohenavocats.com\\\/zh-hans\\\/#organization\"},\"potentialAction\":[{\"@type\":\"SearchAction\",\"target\":{\"@type\":\"EntryPoint\",\"urlTemplate\":\"https:\\\/\\\/kohenavocats.com\\\/zh-hans\\\/?s={search_term_string}\"},\"query-input\":{\"@type\":\"PropertyValueSpecification\",\"valueRequired\":true,\"valueName\":\"search_term_string\"}}],\"inLanguage\":\"zh-Hans\"},{\"@type\":\"Organization\",\"@id\":\"https:\\\/\\\/kohenavocats.com\\\/zh-hans\\\/#organization\",\"name\":\"Kohen Avocats\",\"url\":\"https:\\\/\\\/kohenavocats.com\\\/zh-hans\\\/\",\"logo\":{\"@type\":\"ImageObject\",\"inLanguage\":\"zh-Hans\",\"@id\":\"https:\\\/\\\/kohenavocats.com\\\/zh-hans\\\/#\\\/schema\\\/logo\\\/image\\\/\",\"url\":\"https:\\\/\\\/kohenavocats.com\\\/wp-content\\\/uploads\\\/2026\\\/01\\\/Logo-2-1.webp\",\"contentUrl\":\"https:\\\/\\\/kohenavocats.com\\\/wp-content\\\/uploads\\\/2026\\\/01\\\/Logo-2-1.webp\",\"width\":2114,\"height\":1253,\"caption\":\"Kohen Avocats\"},\"image\":{\"@id\":\"https:\\\/\\\/kohenavocats.com\\\/zh-hans\\\/#\\\/schema\\\/logo\\\/image\\\/\"}},{\"@type\":\"Person\",\"@id\":\"https:\\\/\\\/kohenavocats.com\\\/zh-hans\\\/#\\\/schema\\\/person\\\/761c9ba54fa1ca84d405cef0831ff751\",\"name\":\"Kohen\",\"image\":{\"@type\":\"ImageObject\",\"inLanguage\":\"zh-Hans\",\"@id\":\"https:\\\/\\\/secure.gravatar.com\\\/avatar\\\/1c5e76ef76bbbfdd2b4da984e2bf2fa4056fd51a27d25ce2c332047f1dfd6e00?s=96&d=identicon&r=g\",\"url\":\"https:\\\/\\\/secure.gravatar.com\\\/avatar\\\/1c5e76ef76bbbfdd2b4da984e2bf2fa4056fd51a27d25ce2c332047f1dfd6e00?s=96&d=identicon&r=g\",\"contentUrl\":\"https:\\\/\\\/secure.gravatar.com\\\/avatar\\\/1c5e76ef76bbbfdd2b4da984e2bf2fa4056fd51a27d25ce2c332047f1dfd6e00?s=96&d=identicon&r=g\",\"caption\":\"Kohen\"},\"sameAs\":[\"https:\\\/\\\/www.linkedin.com\\\/in\\\/hassan-kohen-448548192\\\/\",\"https:\\\/\\\/www.youtube.com\\\/@Kohen-Avocats\"],\"url\":\"https:\\\/\\\/kohenavocats.com\\\/zh-hans\\\/author\\\/kohenmlk\\\/\"}]}<\/script>\n<!-- \/ Yoast SEO Premium plugin. -->","yoast_head_json":{"title":"Cour d'appel de Montpellier, le 27 novembre 2025, n\u00b024\/02990 - Ma\u00eetre Hassan Kohen, avocat en droit p\u00e9nal \u00e0 Paris","description":"La Cour d'appel de Montpellier, statuant le 27 novembre 2025, examine un d\u00e9f\u00e9r\u00e9 contre une ordonnance du conseiller de la mise en \u00e9tat. Cette ordonnance avai...","robots":{"index":"index","follow":"follow","max-snippet":"max-snippet:-1","max-image-preview":"max-image-preview:large","max-video-preview":"max-video-preview:-1"},"canonical":"https:\/\/kohenavocats.com\/zh-hans\/cour-dappel-de-montpellier-le-27-novembre-2025-n24-02990\/","og_locale":"zh_CN","og_type":"article","og_title":"Cour d'appel de Montpellier, le 27 novembre 2025, n\u00b024\/02990","og_description":"La Cour d'appel de Montpellier, statuant le 27 novembre 2025, examine un d\u00e9f\u00e9r\u00e9 contre une ordonnance du conseiller de la mise en \u00e9tat. Cette ordonnance avai...","og_url":"https:\/\/kohenavocats.com\/zh-hans\/cour-dappel-de-montpellier-le-27-novembre-2025-n24-02990\/","og_site_name":"Ma\u00eetre Hassan Kohen, avocat en droit p\u00e9nal \u00e0 Paris","article_published_time":"2026-04-23T07:09:23+00:00","og_image":[{"width":4779,"height":7160,"url":"https:\/\/kohenavocats.com\/wp-content\/uploads\/2024\/11\/anita-austvika-0SYgXsw1BV4-unsplash.webp","type":"image\/webp"}],"author":"Kohen","twitter_card":"summary_large_image","twitter_misc":{"\u4f5c\u8005":"Kohen","\u9884\u8ba1\u9605\u8bfb\u65f6\u95f4":"4 \u5206"},"schema":{"@context":"https:\/\/schema.org","@graph":[{"@type":"Article","@id":"https:\/\/kohenavocats.com\/zh-hans\/cour-dappel-de-montpellier-le-27-novembre-2025-n24-02990\/#article","isPartOf":{"@id":"https:\/\/kohenavocats.com\/zh-hans\/cour-dappel-de-montpellier-le-27-novembre-2025-n24-02990\/"},"author":{"name":"Kohen","@id":"https:\/\/kohenavocats.com\/zh-hans\/#\/schema\/person\/761c9ba54fa1ca84d405cef0831ff751"},"headline":"Cour d&#8217;appel de Montpellier, le 27 novembre 2025, n\u00b024\/02990","datePublished":"2026-04-23T07:09:23+00:00","mainEntityOfPage":{"@id":"https:\/\/kohenavocats.com\/zh-hans\/cour-dappel-de-montpellier-le-27-novembre-2025-n24-02990\/"},"wordCount":771,"commentCount":0,"publisher":{"@id":"https:\/\/kohenavocats.com\/zh-hans\/#organization"},"image":{"@id":"https:\/\/kohenavocats.com\/zh-hans\/cour-dappel-de-montpellier-le-27-novembre-2025-n24-02990\/#primaryimage"},"thumbnailUrl":"https:\/\/kohenavocats.com\/wp-content\/uploads\/2024\/11\/anita-austvika-0SYgXsw1BV4-unsplash.webp","articleSection":["Jurisprudence"],"inLanguage":"zh-Hans","potentialAction":[{"@type":"CommentAction","name":"Comment","target":["https:\/\/kohenavocats.com\/zh-hans\/cour-dappel-de-montpellier-le-27-novembre-2025-n24-02990\/#respond"]}],"citation":"Cour d&#8217;appel de Montpellier, le 27 novembre 2025, n\u00b024\/02990","about":[{"@type":"Thing","name":"Jurisprudence"}],"dateModified":"2026-04-23T07:09:23+00:00","speakable":{"@type":"SpeakableSpecification","cssSelector":[".article-content > p:first-of-type"]}},{"@type":"WebPage","@id":"https:\/\/kohenavocats.com\/zh-hans\/cour-dappel-de-montpellier-le-27-novembre-2025-n24-02990\/","url":"https:\/\/kohenavocats.com\/zh-hans\/cour-dappel-de-montpellier-le-27-novembre-2025-n24-02990\/","name":"Cour d'appel de Montpellier, le 27 novembre 2025, n\u00b024\/02990 - Ma\u00eetre Hassan Kohen, avocat en droit p\u00e9nal \u00e0 Paris","isPartOf":{"@id":"https:\/\/kohenavocats.com\/zh-hans\/#website"},"primaryImageOfPage":{"@id":"https:\/\/kohenavocats.com\/zh-hans\/cour-dappel-de-montpellier-le-27-novembre-2025-n24-02990\/#primaryimage"},"image":{"@id":"https:\/\/kohenavocats.com\/zh-hans\/cour-dappel-de-montpellier-le-27-novembre-2025-n24-02990\/#primaryimage"},"thumbnailUrl":"https:\/\/kohenavocats.com\/wp-content\/uploads\/2024\/11\/anita-austvika-0SYgXsw1BV4-unsplash.webp","datePublished":"2026-04-23T07:09:23+00:00","description":"La Cour d'appel de Montpellier, statuant le 27 novembre 2025, examine un d\u00e9f\u00e9r\u00e9 contre une ordonnance du conseiller de la mise en \u00e9tat. Cette ordonnance avai...","breadcrumb":{"@id":"https:\/\/kohenavocats.com\/zh-hans\/cour-dappel-de-montpellier-le-27-novembre-2025-n24-02990\/#breadcrumb"},"inLanguage":"zh-Hans","potentialAction":[{"@type":"ReadAction","target":["https:\/\/kohenavocats.com\/zh-hans\/cour-dappel-de-montpellier-le-27-novembre-2025-n24-02990\/"]}]},{"@type":"ImageObject","inLanguage":"zh-Hans","@id":"https:\/\/kohenavocats.com\/zh-hans\/cour-dappel-de-montpellier-le-27-novembre-2025-n24-02990\/#primaryimage","url":"https:\/\/kohenavocats.com\/wp-content\/uploads\/2024\/11\/anita-austvika-0SYgXsw1BV4-unsplash.webp","contentUrl":"https:\/\/kohenavocats.com\/wp-content\/uploads\/2024\/11\/anita-austvika-0SYgXsw1BV4-unsplash.webp","width":4779,"height":7160},{"@type":"BreadcrumbList","@id":"https:\/\/kohenavocats.com\/zh-hans\/cour-dappel-de-montpellier-le-27-novembre-2025-n24-02990\/#breadcrumb","itemListElement":[{"@type":"ListItem","position":1,"name":"Home","item":"https:\/\/kohenavocats.com\/zh-hans\/"},{"@type":"ListItem","position":2,"name":"Cour d&rsquo;appel de Montpellier, le 27 novembre 2025, n\u00b024\/02990"}]},{"@type":"WebSite","@id":"https:\/\/kohenavocats.com\/zh-hans\/#website","url":"https:\/\/kohenavocats.com\/zh-hans\/","name":"Kohen Avocats","description":"Ma\u00eetre Hassan Kohen, avocat p\u00e9naliste \u00e0 Paris, intervient exclusivement en droit p\u00e9nal pour la d\u00e9fense des particuliers, notamment en mati\u00e8re d\u2019accusations de viol. Il assure un accompagnement rigoureux d\u00e8s la garde \u00e0 vue jusqu\u2019\u00e0 la Cour d\u2019assises, veillant au strict respect des garanties proc\u00e9durales.","publisher":{"@id":"https:\/\/kohenavocats.com\/zh-hans\/#organization"},"potentialAction":[{"@type":"SearchAction","target":{"@type":"EntryPoint","urlTemplate":"https:\/\/kohenavocats.com\/zh-hans\/?s={search_term_string}"},"query-input":{"@type":"PropertyValueSpecification","valueRequired":true,"valueName":"search_term_string"}}],"inLanguage":"zh-Hans"},{"@type":"Organization","@id":"https:\/\/kohenavocats.com\/zh-hans\/#organization","name":"Kohen Avocats","url":"https:\/\/kohenavocats.com\/zh-hans\/","logo":{"@type":"ImageObject","inLanguage":"zh-Hans","@id":"https:\/\/kohenavocats.com\/zh-hans\/#\/schema\/logo\/image\/","url":"https:\/\/kohenavocats.com\/wp-content\/uploads\/2026\/01\/Logo-2-1.webp","contentUrl":"https:\/\/kohenavocats.com\/wp-content\/uploads\/2026\/01\/Logo-2-1.webp","width":2114,"height":1253,"caption":"Kohen Avocats"},"image":{"@id":"https:\/\/kohenavocats.com\/zh-hans\/#\/schema\/logo\/image\/"}},{"@type":"Person","@id":"https:\/\/kohenavocats.com\/zh-hans\/#\/schema\/person\/761c9ba54fa1ca84d405cef0831ff751","name":"Kohen","image":{"@type":"ImageObject","inLanguage":"zh-Hans","@id":"https:\/\/secure.gravatar.com\/avatar\/1c5e76ef76bbbfdd2b4da984e2bf2fa4056fd51a27d25ce2c332047f1dfd6e00?s=96&d=identicon&r=g","url":"https:\/\/secure.gravatar.com\/avatar\/1c5e76ef76bbbfdd2b4da984e2bf2fa4056fd51a27d25ce2c332047f1dfd6e00?s=96&d=identicon&r=g","contentUrl":"https:\/\/secure.gravatar.com\/avatar\/1c5e76ef76bbbfdd2b4da984e2bf2fa4056fd51a27d25ce2c332047f1dfd6e00?s=96&d=identicon&r=g","caption":"Kohen"},"sameAs":["https:\/\/www.linkedin.com\/in\/hassan-kohen-448548192\/","https:\/\/www.youtube.com\/@Kohen-Avocats"],"url":"https:\/\/kohenavocats.com\/zh-hans\/author\/kohenmlk\/"}]}},"jetpack_featured_media_url":"https:\/\/kohenavocats.com\/wp-content\/uploads\/2024\/11\/anita-austvika-0SYgXsw1BV4-unsplash.webp","jetpack_likes_enabled":false,"jetpack_shortlink":"https:\/\/wp.me\/peCrII-2L09","jetpack-related-posts":[{"id":470269,"url":"https:\/\/kohenavocats.com\/zh-hans\/cour-dappel-de-paris-le-11-decembre-2025-n25-00644\/","url_meta":{"origin":657333,"position":0},"title":"Cour d&#8217;appel de Paris, le 11 d\u00e9cembre 2025, n\u00b025\/00644","author":"Kohen","date":"2026\u5e744\u67087\u65e5","format":false,"excerpt":"La Cour d'appel de Paris, le 11 d\u00e9cembre 2025, sta\u2026","rel":"","context":"\u5728\u201cJurisprudence\u201d\u4e2d","block_context":{"text":"Jurisprudence","link":"https:\/\/kohenavocats.com\/category\/jurisprudence\/"},"img":{"alt_text":"","src":"https:\/\/i0.wp.com\/kohenavocats.com\/wp-content\/uploads\/2024\/11\/mohamed-nohassi-CRktpOMkRIs-unsplash.webp?resize=350%2C200&ssl=1","width":350,"height":200,"srcset":"https:\/\/i0.wp.com\/kohenavocats.com\/wp-content\/uploads\/2024\/11\/mohamed-nohassi-CRktpOMkRIs-unsplash.webp?resize=350%2C200&ssl=1 1x, https:\/\/i0.wp.com\/kohenavocats.com\/wp-content\/uploads\/2024\/11\/mohamed-nohassi-CRktpOMkRIs-unsplash.webp?resize=525%2C300&ssl=1 1.5x, https:\/\/i0.wp.com\/kohenavocats.com\/wp-content\/uploads\/2024\/11\/mohamed-nohassi-CRktpOMkRIs-unsplash.webp?resize=700%2C400&ssl=1 2x, https:\/\/i0.wp.com\/kohenavocats.com\/wp-content\/uploads\/2024\/11\/mohamed-nohassi-CRktpOMkRIs-unsplash.webp?resize=1050%2C600&ssl=1 3x, https:\/\/i0.wp.com\/kohenavocats.com\/wp-content\/uploads\/2024\/11\/mohamed-nohassi-CRktpOMkRIs-unsplash.webp?resize=1400%2C800&ssl=1 4x"},"classes":[]},{"id":440629,"url":"https:\/\/kohenavocats.com\/zh-hans\/cour-dappel-le-10-novembre-2025-n25-00049\/","url_meta":{"origin":657333,"position":1},"title":"Cour d&#8217;appel, le 10 novembre 2025, n\u00b025\/00049","author":"","date":"2026\u5e744\u67083\u65e5","format":false,"excerpt":"La Cour d\u2019appel de N\u00eemes, dans un arr\u00eat du 10 nove\u2026","rel":"","context":"\u5728\u201cCour d'appel\u201d\u4e2d","block_context":{"text":"Cour d'appel","link":"https:\/\/kohenavocats.com\/category\/cour-dappel\/"},"img":{"alt_text":"","src":"https:\/\/i0.wp.com\/kohenavocats.com\/wp-content\/uploads\/2024\/11\/getty-images-tKKyX0mbpQs-unsplash.webp?resize=350%2C200&ssl=1","width":350,"height":200,"srcset":"https:\/\/i0.wp.com\/kohenavocats.com\/wp-content\/uploads\/2024\/11\/getty-images-tKKyX0mbpQs-unsplash.webp?resize=350%2C200&ssl=1 1x, https:\/\/i0.wp.com\/kohenavocats.com\/wp-content\/uploads\/2024\/11\/getty-images-tKKyX0mbpQs-unsplash.webp?resize=525%2C300&ssl=1 1.5x, https:\/\/i0.wp.com\/kohenavocats.com\/wp-content\/uploads\/2024\/11\/getty-images-tKKyX0mbpQs-unsplash.webp?resize=700%2C400&ssl=1 2x, https:\/\/i0.wp.com\/kohenavocats.com\/wp-content\/uploads\/2024\/11\/getty-images-tKKyX0mbpQs-unsplash.webp?resize=1050%2C600&ssl=1 3x, https:\/\/i0.wp.com\/kohenavocats.com\/wp-content\/uploads\/2024\/11\/getty-images-tKKyX0mbpQs-unsplash.webp?resize=1400%2C800&ssl=1 4x"},"classes":[]},{"id":686304,"url":"https:\/\/kohenavocats.com\/zh-hans\/cour-dappel-de-paris-le-19-juin-2025-n25-05689\/","url_meta":{"origin":657333,"position":2},"title":"Cour d&#8217;appel de Paris, le 19 juin 2025, n\u00b025\/05689","author":"Kohen","date":"2026\u5e744\u670825\u65e5","format":false,"excerpt":"Par un arr\u00eat du 19 juin 2025, la Cour d'appel de P\u2026","rel":"","context":"\u5728\u201cJurisprudence\u201d\u4e2d","block_context":{"text":"Jurisprudence","link":"https:\/\/kohenavocats.com\/category\/jurisprudence\/"},"img":{"alt_text":"","src":"https:\/\/i0.wp.com\/kohenavocats.com\/wp-content\/uploads\/2024\/08\/jan-zinnbauer-NeLDhX6pbxE-unsplash.webp?resize=350%2C200&ssl=1","width":350,"height":200,"srcset":"https:\/\/i0.wp.com\/kohenavocats.com\/wp-content\/uploads\/2024\/08\/jan-zinnbauer-NeLDhX6pbxE-unsplash.webp?resize=350%2C200&ssl=1 1x, https:\/\/i0.wp.com\/kohenavocats.com\/wp-content\/uploads\/2024\/08\/jan-zinnbauer-NeLDhX6pbxE-unsplash.webp?resize=525%2C300&ssl=1 1.5x, https:\/\/i0.wp.com\/kohenavocats.com\/wp-content\/uploads\/2024\/08\/jan-zinnbauer-NeLDhX6pbxE-unsplash.webp?resize=700%2C400&ssl=1 2x, https:\/\/i0.wp.com\/kohenavocats.com\/wp-content\/uploads\/2024\/08\/jan-zinnbauer-NeLDhX6pbxE-unsplash.webp?resize=1050%2C600&ssl=1 3x, https:\/\/i0.wp.com\/kohenavocats.com\/wp-content\/uploads\/2024\/08\/jan-zinnbauer-NeLDhX6pbxE-unsplash.webp?resize=1400%2C800&ssl=1 4x"},"classes":[]},{"id":441923,"url":"https:\/\/kohenavocats.com\/zh-hans\/cour-dappel-le-6-novembre-2025-n25-01951\/","url_meta":{"origin":657333,"position":3},"title":"Cour d&#8217;appel, le 6 novembre 2025, n\u00b025\/01951","author":"","date":"2026\u5e744\u67084\u65e5","format":false,"excerpt":"La Cour d\u2019appel de Montpellier, dans un arr\u00eat du 6\u2026","rel":"","context":"\u5728\u201cCour d'appel\u201d\u4e2d","block_context":{"text":"Cour d'appel","link":"https:\/\/kohenavocats.com\/category\/cour-dappel\/"},"img":{"alt_text":"","src":"https:\/\/i0.wp.com\/kohenavocats.com\/wp-content\/uploads\/2024\/07\/leo-serrat-jxLd50GtR0c-unsplash.webp?resize=350%2C200&ssl=1","width":350,"height":200,"srcset":"https:\/\/i0.wp.com\/kohenavocats.com\/wp-content\/uploads\/2024\/07\/leo-serrat-jxLd50GtR0c-unsplash.webp?resize=350%2C200&ssl=1 1x, https:\/\/i0.wp.com\/kohenavocats.com\/wp-content\/uploads\/2024\/07\/leo-serrat-jxLd50GtR0c-unsplash.webp?resize=525%2C300&ssl=1 1.5x, https:\/\/i0.wp.com\/kohenavocats.com\/wp-content\/uploads\/2024\/07\/leo-serrat-jxLd50GtR0c-unsplash.webp?resize=700%2C400&ssl=1 2x, https:\/\/i0.wp.com\/kohenavocats.com\/wp-content\/uploads\/2024\/07\/leo-serrat-jxLd50GtR0c-unsplash.webp?resize=1050%2C600&ssl=1 3x, https:\/\/i0.wp.com\/kohenavocats.com\/wp-content\/uploads\/2024\/07\/leo-serrat-jxLd50GtR0c-unsplash.webp?resize=1400%2C800&ssl=1 4x"},"classes":[]},{"id":441394,"url":"https:\/\/kohenavocats.com\/zh-hans\/cour-dappel-le-5-novembre-2025-n25-03255\/","url_meta":{"origin":657333,"position":4},"title":"Cour d&#8217;appel, le 5 novembre 2025, n\u00b025\/03255","author":"","date":"2026\u5e744\u67084\u65e5","format":false,"excerpt":"L\u2019arr\u00eat rendu par la Cour d\u2019appel de Versailles le\u2026","rel":"","context":"\u5728\u201cCour d'appel\u201d\u4e2d","block_context":{"text":"Cour d'appel","link":"https:\/\/kohenavocats.com\/category\/cour-dappel\/"},"img":{"alt_text":"","src":"https:\/\/i0.wp.com\/kohenavocats.com\/wp-content\/uploads\/2024\/11\/getty-images-imdnMdUDomE-unsplash.webp?resize=350%2C200&ssl=1","width":350,"height":200,"srcset":"https:\/\/i0.wp.com\/kohenavocats.com\/wp-content\/uploads\/2024\/11\/getty-images-imdnMdUDomE-unsplash.webp?resize=350%2C200&ssl=1 1x, https:\/\/i0.wp.com\/kohenavocats.com\/wp-content\/uploads\/2024\/11\/getty-images-imdnMdUDomE-unsplash.webp?resize=525%2C300&ssl=1 1.5x, https:\/\/i0.wp.com\/kohenavocats.com\/wp-content\/uploads\/2024\/11\/getty-images-imdnMdUDomE-unsplash.webp?resize=700%2C400&ssl=1 2x, https:\/\/i0.wp.com\/kohenavocats.com\/wp-content\/uploads\/2024\/11\/getty-images-imdnMdUDomE-unsplash.webp?resize=1050%2C600&ssl=1 3x, https:\/\/i0.wp.com\/kohenavocats.com\/wp-content\/uploads\/2024\/11\/getty-images-imdnMdUDomE-unsplash.webp?resize=1400%2C800&ssl=1 4x"},"classes":[]},{"id":633516,"url":"https:\/\/kohenavocats.com\/zh-hans\/cour-dappel-de-aix-en-provence-le-14-octobre-2025-n25-00769\/","url_meta":{"origin":657333,"position":5},"title":"Cour d&#8217;appel de Aix-en-Provence, le 14 octobre 2025, n\u00b025\/00769","author":"Kohen","date":"2026\u5e744\u670821\u65e5","format":false,"excerpt":"La Cour d'appel d'Aix-en-Provence, statuant sur d\u00e9\u2026","rel":"","context":"\u5728\u201cJurisprudence\u201d\u4e2d","block_context":{"text":"Jurisprudence","link":"https:\/\/kohenavocats.com\/category\/jurisprudence\/"},"img":{"alt_text":"","src":"https:\/\/i0.wp.com\/kohenavocats.com\/wp-content\/uploads\/2024\/08\/chris-karidis-QSRSgWlAFCQ-unsplash.webp?resize=350%2C200&ssl=1","width":350,"height":200,"srcset":"https:\/\/i0.wp.com\/kohenavocats.com\/wp-content\/uploads\/2024\/08\/chris-karidis-QSRSgWlAFCQ-unsplash.webp?resize=350%2C200&ssl=1 1x, https:\/\/i0.wp.com\/kohenavocats.com\/wp-content\/uploads\/2024\/08\/chris-karidis-QSRSgWlAFCQ-unsplash.webp?resize=525%2C300&ssl=1 1.5x, https:\/\/i0.wp.com\/kohenavocats.com\/wp-content\/uploads\/2024\/08\/chris-karidis-QSRSgWlAFCQ-unsplash.webp?resize=700%2C400&ssl=1 2x, https:\/\/i0.wp.com\/kohenavocats.com\/wp-content\/uploads\/2024\/08\/chris-karidis-QSRSgWlAFCQ-unsplash.webp?resize=1050%2C600&ssl=1 3x, https:\/\/i0.wp.com\/kohenavocats.com\/wp-content\/uploads\/2024\/08\/chris-karidis-QSRSgWlAFCQ-unsplash.webp?resize=1400%2C800&ssl=1 4x"},"classes":[]}],"jetpack_sharing_enabled":true,"_links":{"self":[{"href":"https:\/\/kohenavocats.com\/zh-hans\/wp-json\/wp\/v2\/posts\/657333","targetHints":{"allow":["GET"]}}],"collection":[{"href":"https:\/\/kohenavocats.com\/zh-hans\/wp-json\/wp\/v2\/posts"}],"about":[{"href":"https:\/\/kohenavocats.com\/zh-hans\/wp-json\/wp\/v2\/types\/post"}],"author":[{"embeddable":true,"href":"https:\/\/kohenavocats.com\/zh-hans\/wp-json\/wp\/v2\/users\/232070755"}],"replies":[{"embeddable":true,"href":"https:\/\/kohenavocats.com\/zh-hans\/wp-json\/wp\/v2\/comments?post=657333"}],"version-history":[{"count":0,"href":"https:\/\/kohenavocats.com\/zh-hans\/wp-json\/wp\/v2\/posts\/657333\/revisions"}],"wp:featuredmedia":[{"embeddable":true,"href":"https:\/\/kohenavocats.com\/zh-hans\/wp-json\/wp\/v2\/media\/9688"}],"wp:attachment":[{"href":"https:\/\/kohenavocats.com\/zh-hans\/wp-json\/wp\/v2\/media?parent=657333"}],"wp:term":[{"taxonomy":"category","embeddable":true,"href":"https:\/\/kohenavocats.com\/zh-hans\/wp-json\/wp\/v2\/categories?post=657333"},{"taxonomy":"post_tag","embeddable":true,"href":"https:\/\/kohenavocats.com\/zh-hans\/wp-json\/wp\/v2\/tags?post=657333"}],"curies":[{"name":"wp","href":"https:\/\/api.w.org\/{rel}","templated":true}]}}