{"id":657541,"date":"2026-04-23T09:34:26","date_gmt":"2026-04-23T07:34:26","guid":{"rendered":"https:\/\/kohenavocats.com\/cour-dappel-de-amiens-le-19-juin-2025-n22-01208\/"},"modified":"2026-04-23T09:34:26","modified_gmt":"2026-04-23T07:34:26","slug":"cour-dappel-de-amiens-le-19-juin-2025-n22-01208","status":"publish","type":"post","link":"https:\/\/kohenavocats.com\/zh-hans\/cour-dappel-de-amiens-le-19-juin-2025-n22-01208\/","title":{"rendered":"Cour d&#8217;appel de Amiens, le 19 juin 2025, n\u00b022\/01208"},"content":{"rendered":"<div class=\"article-content\">\n<p>La chambre sociale de la cour d&#8217;appel d&#8217;Amiens, statuant le 19 juin 2025, examine la liquidation des pr\u00e9judices d&#8217;une salari\u00e9e victime de manifestations de stress professionnel. Suite \u00e0 une expertise, la cour doit fixer l&#8217;indemnisation de divers chefs de pr\u00e9judice temporaires et permanents. Elle d\u00e9termine les montants dus et pr\u00e9cise les modalit\u00e9s de leur recouvrement par l&#8217;organisme social payeur.<\/p>\n<p>La m\u00e9thodique liquidation des pr\u00e9judices temporaires<\/p>\n<p>La cour proc\u00e8de \u00e0 un calcul minutieux de l&#8217;assistance par tierce personne. Elle retient une p\u00e9riode de vingt-deux semaines et trois jours pour une aide hebdomadaire d&#8217;une heure trente. &#8220;Les heures effectu\u00e9es par la tierce personne ne correspondant \u00e0 aucun geste m\u00e9dical&#8221; (Motifs de l&#8217;arr\u00eat). Le taux horaire est fix\u00e9 \u00e0 treize euros, conduisant \u00e0 une indemnit\u00e9 de quatre cent trente-sept euros. Cette approche d\u00e9montre un souci d&#8217;exactitude arithm\u00e9tique. Elle \u00e9carte les estimations des parties pour un calcul fond\u00e9 sur les constatations expertales.<\/p>\n<p>L&#8217;\u00e9valuation du d\u00e9ficit fonctionnel temporaire int\u00e8gre une dimension jurisprudentielle significative. La cour retient un forfait journalier de trente euros pour deux p\u00e9riodes distinctes. &#8220;Le poste de pr\u00e9judice du d\u00e9ficit fonctionnel temporaire [&#8230;] int\u00e8gre le pr\u00e9judice sexuel subi pendant cette p\u00e9riode&#8221; (Motifs de l&#8217;arr\u00eat). Cette citation r\u00e9v\u00e8le l&#8217;application d&#8217;un principe de la Cour de cassation. La solution \u00e9vite ainsi une double indemnisation du pr\u00e9judice sexuel temporaire. Elle assure une r\u00e9paration globale de la perte de qualit\u00e9 de vie pendant la maladie.<\/p>\n<p>La d\u00e9limitation rigoureuse des pr\u00e9judices permanents indemnisables<\/p>\n<p>La cour refuse cat\u00e9goriquement l&#8217;indemnisation d&#8217;un pr\u00e9judice sexuel permanent. Elle s&#8217;appuie strictement sur les conclusions n\u00e9gatives du rapport d&#8217;expertise. &#8220;L&#8217;expert judiciaire n&#8217;a pas retenu d&#8217;\u00e9l\u00e9ment de nature \u00e0 donner lieu un pr\u00e9judice sexuel permanent&#8221; (Motifs de l&#8217;arr\u00eat). La perte de libido ant\u00e9rieure \u00e0 la consolidation est d\u00e9j\u00e0 compens\u00e9e. Cette d\u00e9cision affirme la primaut\u00e9 des constatations m\u00e9dicales sur les all\u00e9gations de la victime. Elle rappelle que l&#8217;existence d&#8217;un pr\u00e9judice distinct doit \u00eatre \u00e9tablie de mani\u00e8re certaine.<\/p>\n<p>Le dispositif de l&#8217;arr\u00eat organise pr\u00e9cis\u00e9ment les modalit\u00e9s de paiement. La cour rappelle le m\u00e9canisme de l&#8217;avance et du recours entre les responsables. &#8220;L&#8217;avance des sommes ci-dessus sera effectu\u00e9e par la [8], qui dispose d&#8217;une action r\u00e9cursoire&#8221; (Par ces motifs). Elle d\u00e9boute la victime de sa demande de condamnation directe de son employeur. Ce dispositif respecte la proc\u00e9dure sp\u00e9cifique en mati\u00e8re d&#8217;accident du travail. Il prot\u00e8ge la victime en garantissant le paiement par un organisme solvable. Il pr\u00e9serve les droits de recours de cet organisme contre le responsable final.<\/p>\n<\/div>\n","protected":false},"excerpt":{"rendered":"<p>La chambre sociale de la cour d&#8217;appel d&#8217;Amiens, statuant le 19 juin 2025, examine la liquidation des pr\u00e9judices d&#8217;une salari\u00e9e victime de manifestations de s&#8230;<\/p>\n","protected":false},"author":232070755,"featured_media":4867,"comment_status":"open","ping_status":"open","sticky":false,"template":"","format":"standard","meta":{"_crdt_document":"","_jetpack_newsletter_access":"","_jetpack_dont_email_post_to_subs":false,"_jetpack_newsletter_tier_id":0,"_jetpack_memberships_contains_paywalled_content":false,"_kj_source_type":"","_kj_official_id":"","_kj_official_url":"","_kj_judilibre_id":"","_kj_jur":"","_kj_lieu":"","_kj_chambre":"","_kj_rg":"","_kj_date":"","_jetpack_memberships_contains_paid_content":false,"footnotes":"","jetpack_post_was_ever_published":false},"categories":[7597],"tags":[],"class_list":["post-657541","post","type-post","status-publish","format-standard","has-post-thumbnail","hentry","category-jurisprudence"],"yoast_head":"<!-- This site is optimized with the Yoast SEO Premium plugin v27.5 (Yoast SEO v27.5) - https:\/\/yoast.com\/product\/yoast-seo-premium-wordpress\/ -->\n<title>Cour d&#039;appel de Amiens, le 19 juin 2025, n\u00b022\/01208 - Ma\u00eetre Hassan Kohen, avocat en droit p\u00e9nal \u00e0 Paris<\/title>\n<meta name=\"description\" content=\"La chambre sociale de la cour d&#039;appel d&#039;Amiens, statuant le 19 juin 2025, examine la liquidation des pr\u00e9judices d&#039;une salari\u00e9e victime de manifestations de s...\" \/>\n<meta name=\"robots\" content=\"index, follow, max-snippet:-1, max-image-preview:large, max-video-preview:-1\" \/>\n<link rel=\"canonical\" href=\"https:\/\/kohenavocats.com\/zh-hans\/cour-dappel-de-amiens-le-19-juin-2025-n22-01208\/\" \/>\n<meta property=\"og:locale\" content=\"zh_CN\" \/>\n<meta property=\"og:type\" content=\"article\" \/>\n<meta property=\"og:title\" content=\"Cour d&#039;appel de Amiens, le 19 juin 2025, n\u00b022\/01208\" \/>\n<meta property=\"og:description\" content=\"La chambre sociale de la cour d&#039;appel d&#039;Amiens, statuant le 19 juin 2025, examine la liquidation des pr\u00e9judices d&#039;une salari\u00e9e victime de manifestations de s...\" \/>\n<meta property=\"og:url\" content=\"https:\/\/kohenavocats.com\/zh-hans\/cour-dappel-de-amiens-le-19-juin-2025-n22-01208\/\" \/>\n<meta property=\"og:site_name\" content=\"Ma\u00eetre Hassan Kohen, avocat en droit p\u00e9nal \u00e0 Paris\" \/>\n<meta property=\"article:published_time\" content=\"2026-04-23T07:34:26+00:00\" \/>\n<meta property=\"og:image\" content=\"https:\/\/kohenavocats.com\/wp-content\/uploads\/2024\/08\/luis-k-mPdxzDX68vU-unsplash.webp\" \/>\n\t<meta property=\"og:image:width\" content=\"3456\" \/>\n\t<meta property=\"og:image:height\" content=\"2304\" \/>\n\t<meta property=\"og:image:type\" content=\"image\/webp\" \/>\n<meta name=\"author\" content=\"Kohen\" \/>\n<meta name=\"twitter:card\" content=\"summary_large_image\" \/>\n<meta name=\"twitter:label1\" content=\"\u4f5c\u8005\" \/>\n\t<meta name=\"twitter:data1\" content=\"Kohen\" \/>\n\t<meta name=\"twitter:label2\" content=\"\u9884\u8ba1\u9605\u8bfb\u65f6\u95f4\" \/>\n\t<meta name=\"twitter:data2\" content=\"2 \u5206\" \/>\n<script type=\"application\/ld+json\" class=\"yoast-schema-graph\">{\"@context\":\"https:\\\/\\\/schema.org\",\"@graph\":[{\"@type\":\"Article\",\"@id\":\"https:\\\/\\\/kohenavocats.com\\\/zh-hans\\\/cour-dappel-de-amiens-le-19-juin-2025-n22-01208\\\/#article\",\"isPartOf\":{\"@id\":\"https:\\\/\\\/kohenavocats.com\\\/zh-hans\\\/cour-dappel-de-amiens-le-19-juin-2025-n22-01208\\\/\"},\"author\":{\"name\":\"Kohen\",\"@id\":\"https:\\\/\\\/kohenavocats.com\\\/zh-hans\\\/#\\\/schema\\\/person\\\/761c9ba54fa1ca84d405cef0831ff751\"},\"headline\":\"Cour d&#8217;appel de Amiens, le 19 juin 2025, n\u00b022\\\/01208\",\"datePublished\":\"2026-04-23T07:34:26+00:00\",\"mainEntityOfPage\":{\"@id\":\"https:\\\/\\\/kohenavocats.com\\\/zh-hans\\\/cour-dappel-de-amiens-le-19-juin-2025-n22-01208\\\/\"},\"wordCount\":481,\"commentCount\":0,\"publisher\":{\"@id\":\"https:\\\/\\\/kohenavocats.com\\\/zh-hans\\\/#organization\"},\"image\":{\"@id\":\"https:\\\/\\\/kohenavocats.com\\\/zh-hans\\\/cour-dappel-de-amiens-le-19-juin-2025-n22-01208\\\/#primaryimage\"},\"thumbnailUrl\":\"https:\\\/\\\/kohenavocats.com\\\/wp-content\\\/uploads\\\/2024\\\/08\\\/luis-k-mPdxzDX68vU-unsplash.webp\",\"articleSection\":[\"Jurisprudence\"],\"inLanguage\":\"zh-Hans\",\"potentialAction\":[{\"@type\":\"CommentAction\",\"name\":\"Comment\",\"target\":[\"https:\\\/\\\/kohenavocats.com\\\/zh-hans\\\/cour-dappel-de-amiens-le-19-juin-2025-n22-01208\\\/#respond\"]}],\"citation\":\"Cour d&#8217;appel de Amiens, le 19 juin 2025, n\u00b022\\\/01208\",\"about\":[{\"@type\":\"Thing\",\"name\":\"Jurisprudence\"}],\"dateModified\":\"2026-04-23T07:34:26+00:00\",\"speakable\":{\"@type\":\"SpeakableSpecification\",\"cssSelector\":[\".article-content > p:first-of-type\"]}},{\"@type\":\"WebPage\",\"@id\":\"https:\\\/\\\/kohenavocats.com\\\/zh-hans\\\/cour-dappel-de-amiens-le-19-juin-2025-n22-01208\\\/\",\"url\":\"https:\\\/\\\/kohenavocats.com\\\/zh-hans\\\/cour-dappel-de-amiens-le-19-juin-2025-n22-01208\\\/\",\"name\":\"Cour d'appel de Amiens, le 19 juin 2025, n\u00b022\\\/01208 - Ma\u00eetre Hassan Kohen, avocat en droit p\u00e9nal \u00e0 Paris\",\"isPartOf\":{\"@id\":\"https:\\\/\\\/kohenavocats.com\\\/zh-hans\\\/#website\"},\"primaryImageOfPage\":{\"@id\":\"https:\\\/\\\/kohenavocats.com\\\/zh-hans\\\/cour-dappel-de-amiens-le-19-juin-2025-n22-01208\\\/#primaryimage\"},\"image\":{\"@id\":\"https:\\\/\\\/kohenavocats.com\\\/zh-hans\\\/cour-dappel-de-amiens-le-19-juin-2025-n22-01208\\\/#primaryimage\"},\"thumbnailUrl\":\"https:\\\/\\\/kohenavocats.com\\\/wp-content\\\/uploads\\\/2024\\\/08\\\/luis-k-mPdxzDX68vU-unsplash.webp\",\"datePublished\":\"2026-04-23T07:34:26+00:00\",\"description\":\"La chambre sociale de la cour d'appel d'Amiens, statuant le 19 juin 2025, examine la liquidation des pr\u00e9judices d'une salari\u00e9e victime de manifestations de s...\",\"breadcrumb\":{\"@id\":\"https:\\\/\\\/kohenavocats.com\\\/zh-hans\\\/cour-dappel-de-amiens-le-19-juin-2025-n22-01208\\\/#breadcrumb\"},\"inLanguage\":\"zh-Hans\",\"potentialAction\":[{\"@type\":\"ReadAction\",\"target\":[\"https:\\\/\\\/kohenavocats.com\\\/zh-hans\\\/cour-dappel-de-amiens-le-19-juin-2025-n22-01208\\\/\"]}]},{\"@type\":\"ImageObject\",\"inLanguage\":\"zh-Hans\",\"@id\":\"https:\\\/\\\/kohenavocats.com\\\/zh-hans\\\/cour-dappel-de-amiens-le-19-juin-2025-n22-01208\\\/#primaryimage\",\"url\":\"https:\\\/\\\/kohenavocats.com\\\/wp-content\\\/uploads\\\/2024\\\/08\\\/luis-k-mPdxzDX68vU-unsplash.webp\",\"contentUrl\":\"https:\\\/\\\/kohenavocats.com\\\/wp-content\\\/uploads\\\/2024\\\/08\\\/luis-k-mPdxzDX68vU-unsplash.webp\",\"width\":3456,\"height\":2304},{\"@type\":\"BreadcrumbList\",\"@id\":\"https:\\\/\\\/kohenavocats.com\\\/zh-hans\\\/cour-dappel-de-amiens-le-19-juin-2025-n22-01208\\\/#breadcrumb\",\"itemListElement\":[{\"@type\":\"ListItem\",\"position\":1,\"name\":\"Home\",\"item\":\"https:\\\/\\\/kohenavocats.com\\\/zh-hans\\\/\"},{\"@type\":\"ListItem\",\"position\":2,\"name\":\"Cour d&rsquo;appel de Amiens, le 19 juin 2025, n\u00b022\\\/01208\"}]},{\"@type\":\"WebSite\",\"@id\":\"https:\\\/\\\/kohenavocats.com\\\/zh-hans\\\/#website\",\"url\":\"https:\\\/\\\/kohenavocats.com\\\/zh-hans\\\/\",\"name\":\"Kohen Avocats\",\"description\":\"Ma\u00eetre Hassan Kohen, avocat p\u00e9naliste \u00e0 Paris, intervient exclusivement en droit p\u00e9nal pour la d\u00e9fense des particuliers, notamment en mati\u00e8re d\u2019accusations de viol. Il assure un accompagnement rigoureux d\u00e8s la garde \u00e0 vue jusqu\u2019\u00e0 la Cour d\u2019assises, veillant au strict respect des garanties proc\u00e9durales.\",\"publisher\":{\"@id\":\"https:\\\/\\\/kohenavocats.com\\\/zh-hans\\\/#organization\"},\"potentialAction\":[{\"@type\":\"SearchAction\",\"target\":{\"@type\":\"EntryPoint\",\"urlTemplate\":\"https:\\\/\\\/kohenavocats.com\\\/zh-hans\\\/?s={search_term_string}\"},\"query-input\":{\"@type\":\"PropertyValueSpecification\",\"valueRequired\":true,\"valueName\":\"search_term_string\"}}],\"inLanguage\":\"zh-Hans\"},{\"@type\":\"Organization\",\"@id\":\"https:\\\/\\\/kohenavocats.com\\\/zh-hans\\\/#organization\",\"name\":\"Kohen Avocats\",\"url\":\"https:\\\/\\\/kohenavocats.com\\\/zh-hans\\\/\",\"logo\":{\"@type\":\"ImageObject\",\"inLanguage\":\"zh-Hans\",\"@id\":\"https:\\\/\\\/kohenavocats.com\\\/zh-hans\\\/#\\\/schema\\\/logo\\\/image\\\/\",\"url\":\"https:\\\/\\\/kohenavocats.com\\\/wp-content\\\/uploads\\\/2026\\\/01\\\/Logo-2-1.webp\",\"contentUrl\":\"https:\\\/\\\/kohenavocats.com\\\/wp-content\\\/uploads\\\/2026\\\/01\\\/Logo-2-1.webp\",\"width\":2114,\"height\":1253,\"caption\":\"Kohen Avocats\"},\"image\":{\"@id\":\"https:\\\/\\\/kohenavocats.com\\\/zh-hans\\\/#\\\/schema\\\/logo\\\/image\\\/\"}},{\"@type\":\"Person\",\"@id\":\"https:\\\/\\\/kohenavocats.com\\\/zh-hans\\\/#\\\/schema\\\/person\\\/761c9ba54fa1ca84d405cef0831ff751\",\"name\":\"Kohen\",\"image\":{\"@type\":\"ImageObject\",\"inLanguage\":\"zh-Hans\",\"@id\":\"https:\\\/\\\/secure.gravatar.com\\\/avatar\\\/1c5e76ef76bbbfdd2b4da984e2bf2fa4056fd51a27d25ce2c332047f1dfd6e00?s=96&d=identicon&r=g\",\"url\":\"https:\\\/\\\/secure.gravatar.com\\\/avatar\\\/1c5e76ef76bbbfdd2b4da984e2bf2fa4056fd51a27d25ce2c332047f1dfd6e00?s=96&d=identicon&r=g\",\"contentUrl\":\"https:\\\/\\\/secure.gravatar.com\\\/avatar\\\/1c5e76ef76bbbfdd2b4da984e2bf2fa4056fd51a27d25ce2c332047f1dfd6e00?s=96&d=identicon&r=g\",\"caption\":\"Kohen\"},\"sameAs\":[\"https:\\\/\\\/www.linkedin.com\\\/in\\\/hassan-kohen-448548192\\\/\",\"https:\\\/\\\/www.youtube.com\\\/@Kohen-Avocats\"],\"url\":\"https:\\\/\\\/kohenavocats.com\\\/zh-hans\\\/author\\\/kohenmlk\\\/\"}]}<\/script>\n<!-- \/ Yoast SEO Premium plugin. -->","yoast_head_json":{"title":"Cour d'appel de Amiens, le 19 juin 2025, n\u00b022\/01208 - Ma\u00eetre Hassan Kohen, avocat en droit p\u00e9nal \u00e0 Paris","description":"La chambre sociale de la cour d'appel d'Amiens, statuant le 19 juin 2025, examine la liquidation des pr\u00e9judices d'une salari\u00e9e victime de manifestations de s...","robots":{"index":"index","follow":"follow","max-snippet":"max-snippet:-1","max-image-preview":"max-image-preview:large","max-video-preview":"max-video-preview:-1"},"canonical":"https:\/\/kohenavocats.com\/zh-hans\/cour-dappel-de-amiens-le-19-juin-2025-n22-01208\/","og_locale":"zh_CN","og_type":"article","og_title":"Cour d'appel de Amiens, le 19 juin 2025, n\u00b022\/01208","og_description":"La chambre sociale de la cour d'appel d'Amiens, statuant le 19 juin 2025, examine la liquidation des pr\u00e9judices d'une salari\u00e9e victime de manifestations de s...","og_url":"https:\/\/kohenavocats.com\/zh-hans\/cour-dappel-de-amiens-le-19-juin-2025-n22-01208\/","og_site_name":"Ma\u00eetre Hassan Kohen, avocat en droit p\u00e9nal \u00e0 Paris","article_published_time":"2026-04-23T07:34:26+00:00","og_image":[{"width":3456,"height":2304,"url":"https:\/\/kohenavocats.com\/wp-content\/uploads\/2024\/08\/luis-k-mPdxzDX68vU-unsplash.webp","type":"image\/webp"}],"author":"Kohen","twitter_card":"summary_large_image","twitter_misc":{"\u4f5c\u8005":"Kohen","\u9884\u8ba1\u9605\u8bfb\u65f6\u95f4":"2 \u5206"},"schema":{"@context":"https:\/\/schema.org","@graph":[{"@type":"Article","@id":"https:\/\/kohenavocats.com\/zh-hans\/cour-dappel-de-amiens-le-19-juin-2025-n22-01208\/#article","isPartOf":{"@id":"https:\/\/kohenavocats.com\/zh-hans\/cour-dappel-de-amiens-le-19-juin-2025-n22-01208\/"},"author":{"name":"Kohen","@id":"https:\/\/kohenavocats.com\/zh-hans\/#\/schema\/person\/761c9ba54fa1ca84d405cef0831ff751"},"headline":"Cour d&#8217;appel de Amiens, le 19 juin 2025, n\u00b022\/01208","datePublished":"2026-04-23T07:34:26+00:00","mainEntityOfPage":{"@id":"https:\/\/kohenavocats.com\/zh-hans\/cour-dappel-de-amiens-le-19-juin-2025-n22-01208\/"},"wordCount":481,"commentCount":0,"publisher":{"@id":"https:\/\/kohenavocats.com\/zh-hans\/#organization"},"image":{"@id":"https:\/\/kohenavocats.com\/zh-hans\/cour-dappel-de-amiens-le-19-juin-2025-n22-01208\/#primaryimage"},"thumbnailUrl":"https:\/\/kohenavocats.com\/wp-content\/uploads\/2024\/08\/luis-k-mPdxzDX68vU-unsplash.webp","articleSection":["Jurisprudence"],"inLanguage":"zh-Hans","potentialAction":[{"@type":"CommentAction","name":"Comment","target":["https:\/\/kohenavocats.com\/zh-hans\/cour-dappel-de-amiens-le-19-juin-2025-n22-01208\/#respond"]}],"citation":"Cour d&#8217;appel de Amiens, le 19 juin 2025, n\u00b022\/01208","about":[{"@type":"Thing","name":"Jurisprudence"}],"dateModified":"2026-04-23T07:34:26+00:00","speakable":{"@type":"SpeakableSpecification","cssSelector":[".article-content > p:first-of-type"]}},{"@type":"WebPage","@id":"https:\/\/kohenavocats.com\/zh-hans\/cour-dappel-de-amiens-le-19-juin-2025-n22-01208\/","url":"https:\/\/kohenavocats.com\/zh-hans\/cour-dappel-de-amiens-le-19-juin-2025-n22-01208\/","name":"Cour d'appel de Amiens, le 19 juin 2025, n\u00b022\/01208 - Ma\u00eetre Hassan Kohen, avocat en droit p\u00e9nal \u00e0 Paris","isPartOf":{"@id":"https:\/\/kohenavocats.com\/zh-hans\/#website"},"primaryImageOfPage":{"@id":"https:\/\/kohenavocats.com\/zh-hans\/cour-dappel-de-amiens-le-19-juin-2025-n22-01208\/#primaryimage"},"image":{"@id":"https:\/\/kohenavocats.com\/zh-hans\/cour-dappel-de-amiens-le-19-juin-2025-n22-01208\/#primaryimage"},"thumbnailUrl":"https:\/\/kohenavocats.com\/wp-content\/uploads\/2024\/08\/luis-k-mPdxzDX68vU-unsplash.webp","datePublished":"2026-04-23T07:34:26+00:00","description":"La chambre sociale de la cour d'appel d'Amiens, statuant le 19 juin 2025, examine la liquidation des pr\u00e9judices d'une salari\u00e9e victime de manifestations de s...","breadcrumb":{"@id":"https:\/\/kohenavocats.com\/zh-hans\/cour-dappel-de-amiens-le-19-juin-2025-n22-01208\/#breadcrumb"},"inLanguage":"zh-Hans","potentialAction":[{"@type":"ReadAction","target":["https:\/\/kohenavocats.com\/zh-hans\/cour-dappel-de-amiens-le-19-juin-2025-n22-01208\/"]}]},{"@type":"ImageObject","inLanguage":"zh-Hans","@id":"https:\/\/kohenavocats.com\/zh-hans\/cour-dappel-de-amiens-le-19-juin-2025-n22-01208\/#primaryimage","url":"https:\/\/kohenavocats.com\/wp-content\/uploads\/2024\/08\/luis-k-mPdxzDX68vU-unsplash.webp","contentUrl":"https:\/\/kohenavocats.com\/wp-content\/uploads\/2024\/08\/luis-k-mPdxzDX68vU-unsplash.webp","width":3456,"height":2304},{"@type":"BreadcrumbList","@id":"https:\/\/kohenavocats.com\/zh-hans\/cour-dappel-de-amiens-le-19-juin-2025-n22-01208\/#breadcrumb","itemListElement":[{"@type":"ListItem","position":1,"name":"Home","item":"https:\/\/kohenavocats.com\/zh-hans\/"},{"@type":"ListItem","position":2,"name":"Cour d&rsquo;appel de Amiens, le 19 juin 2025, n\u00b022\/01208"}]},{"@type":"WebSite","@id":"https:\/\/kohenavocats.com\/zh-hans\/#website","url":"https:\/\/kohenavocats.com\/zh-hans\/","name":"Kohen Avocats","description":"Ma\u00eetre Hassan Kohen, avocat p\u00e9naliste \u00e0 Paris, intervient exclusivement en droit p\u00e9nal pour la d\u00e9fense des particuliers, notamment en mati\u00e8re d\u2019accusations de viol. Il assure un accompagnement rigoureux d\u00e8s la garde \u00e0 vue jusqu\u2019\u00e0 la Cour d\u2019assises, veillant au strict respect des garanties proc\u00e9durales.","publisher":{"@id":"https:\/\/kohenavocats.com\/zh-hans\/#organization"},"potentialAction":[{"@type":"SearchAction","target":{"@type":"EntryPoint","urlTemplate":"https:\/\/kohenavocats.com\/zh-hans\/?s={search_term_string}"},"query-input":{"@type":"PropertyValueSpecification","valueRequired":true,"valueName":"search_term_string"}}],"inLanguage":"zh-Hans"},{"@type":"Organization","@id":"https:\/\/kohenavocats.com\/zh-hans\/#organization","name":"Kohen Avocats","url":"https:\/\/kohenavocats.com\/zh-hans\/","logo":{"@type":"ImageObject","inLanguage":"zh-Hans","@id":"https:\/\/kohenavocats.com\/zh-hans\/#\/schema\/logo\/image\/","url":"https:\/\/kohenavocats.com\/wp-content\/uploads\/2026\/01\/Logo-2-1.webp","contentUrl":"https:\/\/kohenavocats.com\/wp-content\/uploads\/2026\/01\/Logo-2-1.webp","width":2114,"height":1253,"caption":"Kohen Avocats"},"image":{"@id":"https:\/\/kohenavocats.com\/zh-hans\/#\/schema\/logo\/image\/"}},{"@type":"Person","@id":"https:\/\/kohenavocats.com\/zh-hans\/#\/schema\/person\/761c9ba54fa1ca84d405cef0831ff751","name":"Kohen","image":{"@type":"ImageObject","inLanguage":"zh-Hans","@id":"https:\/\/secure.gravatar.com\/avatar\/1c5e76ef76bbbfdd2b4da984e2bf2fa4056fd51a27d25ce2c332047f1dfd6e00?s=96&d=identicon&r=g","url":"https:\/\/secure.gravatar.com\/avatar\/1c5e76ef76bbbfdd2b4da984e2bf2fa4056fd51a27d25ce2c332047f1dfd6e00?s=96&d=identicon&r=g","contentUrl":"https:\/\/secure.gravatar.com\/avatar\/1c5e76ef76bbbfdd2b4da984e2bf2fa4056fd51a27d25ce2c332047f1dfd6e00?s=96&d=identicon&r=g","caption":"Kohen"},"sameAs":["https:\/\/www.linkedin.com\/in\/hassan-kohen-448548192\/","https:\/\/www.youtube.com\/@Kohen-Avocats"],"url":"https:\/\/kohenavocats.com\/zh-hans\/author\/kohenmlk\/"}]}},"jetpack_featured_media_url":"https:\/\/kohenavocats.com\/wp-content\/uploads\/2024\/08\/luis-k-mPdxzDX68vU-unsplash.webp","jetpack_likes_enabled":false,"jetpack_shortlink":"https:\/\/wp.me\/peCrII-2L3v","jetpack-related-posts":[{"id":540243,"url":"https:\/\/kohenavocats.com\/zh-hans\/cour-dappel-de-amiens-le-30-septembre-2025-n22-01208\/","url_meta":{"origin":657541,"position":0},"title":"Cour d&#8217;appel de Amiens, le 30 septembre 2025, n\u00b022\/01208","author":"Kohen","date":"2026\u5e744\u67089\u65e5","format":false,"excerpt":"La chambre sociale de la cour d'appel d'Amiens, st\u2026","rel":"","context":"\u5728\u201cCour d'appel\u201d\u4e2d","block_context":{"text":"Cour d'appel","link":"https:\/\/kohenavocats.com\/category\/cour-dappel\/"},"img":{"alt_text":"","src":"https:\/\/i0.wp.com\/kohenavocats.com\/wp-content\/uploads\/2024\/11\/virginia-marinova-35wSdu41mac-unsplash.webp?resize=350%2C200&ssl=1","width":350,"height":200,"srcset":"https:\/\/i0.wp.com\/kohenavocats.com\/wp-content\/uploads\/2024\/11\/virginia-marinova-35wSdu41mac-unsplash.webp?resize=350%2C200&ssl=1 1x, https:\/\/i0.wp.com\/kohenavocats.com\/wp-content\/uploads\/2024\/11\/virginia-marinova-35wSdu41mac-unsplash.webp?resize=525%2C300&ssl=1 1.5x, https:\/\/i0.wp.com\/kohenavocats.com\/wp-content\/uploads\/2024\/11\/virginia-marinova-35wSdu41mac-unsplash.webp?resize=700%2C400&ssl=1 2x, https:\/\/i0.wp.com\/kohenavocats.com\/wp-content\/uploads\/2024\/11\/virginia-marinova-35wSdu41mac-unsplash.webp?resize=1050%2C600&ssl=1 3x, https:\/\/i0.wp.com\/kohenavocats.com\/wp-content\/uploads\/2024\/11\/virginia-marinova-35wSdu41mac-unsplash.webp?resize=1400%2C800&ssl=1 4x"},"classes":[]},{"id":442679,"url":"https:\/\/kohenavocats.com\/zh-hans\/cour-dappel-le-3-novembre-2025-n25-00366\/","url_meta":{"origin":657541,"position":1},"title":"Cour d&#8217;appel, le 3 novembre 2025, n\u00b025\/00366","author":"","date":"2026\u5e744\u67084\u65e5","format":false,"excerpt":"La Cour d\u2019appel d\u2019Amiens, dans un arr\u00eat du 3 novem\u2026","rel":"","context":"\u5728\u201cCour d'appel\u201d\u4e2d","block_context":{"text":"Cour d'appel","link":"https:\/\/kohenavocats.com\/category\/cour-dappel\/"},"img":{"alt_text":"","src":"https:\/\/i0.wp.com\/kohenavocats.com\/wp-content\/uploads\/2024\/08\/jan-zinnbauer-NeLDhX6pbxE-unsplash.webp?resize=350%2C200&ssl=1","width":350,"height":200,"srcset":"https:\/\/i0.wp.com\/kohenavocats.com\/wp-content\/uploads\/2024\/08\/jan-zinnbauer-NeLDhX6pbxE-unsplash.webp?resize=350%2C200&ssl=1 1x, https:\/\/i0.wp.com\/kohenavocats.com\/wp-content\/uploads\/2024\/08\/jan-zinnbauer-NeLDhX6pbxE-unsplash.webp?resize=525%2C300&ssl=1 1.5x, https:\/\/i0.wp.com\/kohenavocats.com\/wp-content\/uploads\/2024\/08\/jan-zinnbauer-NeLDhX6pbxE-unsplash.webp?resize=700%2C400&ssl=1 2x, https:\/\/i0.wp.com\/kohenavocats.com\/wp-content\/uploads\/2024\/08\/jan-zinnbauer-NeLDhX6pbxE-unsplash.webp?resize=1050%2C600&ssl=1 3x, https:\/\/i0.wp.com\/kohenavocats.com\/wp-content\/uploads\/2024\/08\/jan-zinnbauer-NeLDhX6pbxE-unsplash.webp?resize=1400%2C800&ssl=1 4x"},"classes":[]},{"id":34583,"url":"https:\/\/kohenavocats.com\/zh-hans\/tribunal-judiciaire-de-marseille-le-17-juin-2025-n24-04428\/","url_meta":{"origin":657541,"position":2},"title":"Tribunal judiciaire de Marseille, le 17 juin 2025, n\u00b024\/04428","author":"Kohen","date":"2025\u5e7411\u67086\u65e5","format":false,"excerpt":"Tribunal judiciaire de Marseille, 17 juin 2025, de\u2026","rel":"","context":"\u5728\u201cD\u00e9cisions juridiques\u201d\u4e2d","block_context":{"text":"D\u00e9cisions juridiques","link":"https:\/\/kohenavocats.com\/category\/decisions-juridiques\/"},"img":{"alt_text":"","src":"https:\/\/i0.wp.com\/kohenavocats.com\/wp-content\/uploads\/2024\/11\/zyanya-citlalli-ypy0AuAozUo-unsplash.webp?resize=350%2C200&ssl=1","width":350,"height":200,"srcset":"https:\/\/i0.wp.com\/kohenavocats.com\/wp-content\/uploads\/2024\/11\/zyanya-citlalli-ypy0AuAozUo-unsplash.webp?resize=350%2C200&ssl=1 1x, https:\/\/i0.wp.com\/kohenavocats.com\/wp-content\/uploads\/2024\/11\/zyanya-citlalli-ypy0AuAozUo-unsplash.webp?resize=525%2C300&ssl=1 1.5x, https:\/\/i0.wp.com\/kohenavocats.com\/wp-content\/uploads\/2024\/11\/zyanya-citlalli-ypy0AuAozUo-unsplash.webp?resize=700%2C400&ssl=1 2x, https:\/\/i0.wp.com\/kohenavocats.com\/wp-content\/uploads\/2024\/11\/zyanya-citlalli-ypy0AuAozUo-unsplash.webp?resize=1050%2C600&ssl=1 3x, https:\/\/i0.wp.com\/kohenavocats.com\/wp-content\/uploads\/2024\/11\/zyanya-citlalli-ypy0AuAozUo-unsplash.webp?resize=1400%2C800&ssl=1 4x"},"classes":[]},{"id":622660,"url":"https:\/\/kohenavocats.com\/zh-hans\/tribunal-judiciaire-de-rennes-le-18-juin-2025-n19-01348\/","url_meta":{"origin":657541,"position":3},"title":"Tribunal judiciaire de Rennes, le 18 juin 2025, n\u00b019\/01348","author":"Kohen","date":"2026\u5e744\u670820\u65e5","format":false,"excerpt":"Le tribunal des affaires de s\u00e9curit\u00e9 sociale de Re\u2026","rel":"","context":"\u5728\u201cJurisprudence\u201d\u4e2d","block_context":{"text":"Jurisprudence","link":"https:\/\/kohenavocats.com\/category\/jurisprudence\/"},"img":{"alt_text":"","src":"https:\/\/i0.wp.com\/kohenavocats.com\/wp-content\/uploads\/2024\/07\/aleix-ventayol-yPoM-wmzKMM-unsplash-2.webp?resize=350%2C200&ssl=1","width":350,"height":200,"srcset":"https:\/\/i0.wp.com\/kohenavocats.com\/wp-content\/uploads\/2024\/07\/aleix-ventayol-yPoM-wmzKMM-unsplash-2.webp?resize=350%2C200&ssl=1 1x, https:\/\/i0.wp.com\/kohenavocats.com\/wp-content\/uploads\/2024\/07\/aleix-ventayol-yPoM-wmzKMM-unsplash-2.webp?resize=525%2C300&ssl=1 1.5x, https:\/\/i0.wp.com\/kohenavocats.com\/wp-content\/uploads\/2024\/07\/aleix-ventayol-yPoM-wmzKMM-unsplash-2.webp?resize=700%2C400&ssl=1 2x, https:\/\/i0.wp.com\/kohenavocats.com\/wp-content\/uploads\/2024\/07\/aleix-ventayol-yPoM-wmzKMM-unsplash-2.webp?resize=1050%2C600&ssl=1 3x, https:\/\/i0.wp.com\/kohenavocats.com\/wp-content\/uploads\/2024\/07\/aleix-ventayol-yPoM-wmzKMM-unsplash-2.webp?resize=1400%2C800&ssl=1 4x"},"classes":[]},{"id":31418,"url":"https:\/\/kohenavocats.com\/zh-hans\/cour-dappel-de-grenoble-le-26-juin-2025-n21-01021\/","url_meta":{"origin":657541,"position":4},"title":"Cour d&#8217;appel de Grenoble, le 26 juin 2025, n\u00b021\/01021","author":"Kohen","date":"2025\u5e7411\u67085\u65e5","format":false,"excerpt":"Par un arr\u00eat du 26 juin 2025, la cour d\u2019appel de G\u2026","rel":"","context":"\u5728\u201cCour d'appel\u201d\u4e2d","block_context":{"text":"Cour d'appel","link":"https:\/\/kohenavocats.com\/category\/cour-dappel\/"},"img":{"alt_text":"","src":"https:\/\/i0.wp.com\/kohenavocats.com\/wp-content\/uploads\/2024\/08\/paul-melki-gX7o0yQsrRo-unsplash.webp?resize=350%2C200&ssl=1","width":350,"height":200,"srcset":"https:\/\/i0.wp.com\/kohenavocats.com\/wp-content\/uploads\/2024\/08\/paul-melki-gX7o0yQsrRo-unsplash.webp?resize=350%2C200&ssl=1 1x, https:\/\/i0.wp.com\/kohenavocats.com\/wp-content\/uploads\/2024\/08\/paul-melki-gX7o0yQsrRo-unsplash.webp?resize=525%2C300&ssl=1 1.5x, https:\/\/i0.wp.com\/kohenavocats.com\/wp-content\/uploads\/2024\/08\/paul-melki-gX7o0yQsrRo-unsplash.webp?resize=700%2C400&ssl=1 2x, https:\/\/i0.wp.com\/kohenavocats.com\/wp-content\/uploads\/2024\/08\/paul-melki-gX7o0yQsrRo-unsplash.webp?resize=1050%2C600&ssl=1 3x, https:\/\/i0.wp.com\/kohenavocats.com\/wp-content\/uploads\/2024\/08\/paul-melki-gX7o0yQsrRo-unsplash.webp?resize=1400%2C800&ssl=1 4x"},"classes":[]},{"id":223139,"url":"https:\/\/kohenavocats.com\/zh-hans\/cour-dappel-de-amiens-le-4-septembre-2025-n22-05425\/","url_meta":{"origin":657541,"position":5},"title":"Cour d&#8217;appel de Amiens, le 4 septembre 2025, n\u00b022\/05425","author":"Kohen","date":"2025\u5e7412\u670825\u65e5","format":false,"excerpt":"Now using node v22.15.1 (npm v10.8.2)Utilisation d\u2026","rel":"","context":"\u5728\u201cCour d'appel\u201d\u4e2d","block_context":{"text":"Cour d'appel","link":"https:\/\/kohenavocats.com\/category\/cour-dappel\/"},"img":{"alt_text":"","src":"https:\/\/i0.wp.com\/kohenavocats.com\/wp-content\/uploads\/2024\/11\/virginia-marinova-d0LTrcpOS6w-unsplash.webp?resize=350%2C200&ssl=1","width":350,"height":200,"srcset":"https:\/\/i0.wp.com\/kohenavocats.com\/wp-content\/uploads\/2024\/11\/virginia-marinova-d0LTrcpOS6w-unsplash.webp?resize=350%2C200&ssl=1 1x, https:\/\/i0.wp.com\/kohenavocats.com\/wp-content\/uploads\/2024\/11\/virginia-marinova-d0LTrcpOS6w-unsplash.webp?resize=525%2C300&ssl=1 1.5x, https:\/\/i0.wp.com\/kohenavocats.com\/wp-content\/uploads\/2024\/11\/virginia-marinova-d0LTrcpOS6w-unsplash.webp?resize=700%2C400&ssl=1 2x, https:\/\/i0.wp.com\/kohenavocats.com\/wp-content\/uploads\/2024\/11\/virginia-marinova-d0LTrcpOS6w-unsplash.webp?resize=1050%2C600&ssl=1 3x, https:\/\/i0.wp.com\/kohenavocats.com\/wp-content\/uploads\/2024\/11\/virginia-marinova-d0LTrcpOS6w-unsplash.webp?resize=1400%2C800&ssl=1 4x"},"classes":[]}],"jetpack_sharing_enabled":true,"_links":{"self":[{"href":"https:\/\/kohenavocats.com\/zh-hans\/wp-json\/wp\/v2\/posts\/657541","targetHints":{"allow":["GET"]}}],"collection":[{"href":"https:\/\/kohenavocats.com\/zh-hans\/wp-json\/wp\/v2\/posts"}],"about":[{"href":"https:\/\/kohenavocats.com\/zh-hans\/wp-json\/wp\/v2\/types\/post"}],"author":[{"embeddable":true,"href":"https:\/\/kohenavocats.com\/zh-hans\/wp-json\/wp\/v2\/users\/232070755"}],"replies":[{"embeddable":true,"href":"https:\/\/kohenavocats.com\/zh-hans\/wp-json\/wp\/v2\/comments?post=657541"}],"version-history":[{"count":0,"href":"https:\/\/kohenavocats.com\/zh-hans\/wp-json\/wp\/v2\/posts\/657541\/revisions"}],"wp:featuredmedia":[{"embeddable":true,"href":"https:\/\/kohenavocats.com\/zh-hans\/wp-json\/wp\/v2\/media\/4867"}],"wp:attachment":[{"href":"https:\/\/kohenavocats.com\/zh-hans\/wp-json\/wp\/v2\/media?parent=657541"}],"wp:term":[{"taxonomy":"category","embeddable":true,"href":"https:\/\/kohenavocats.com\/zh-hans\/wp-json\/wp\/v2\/categories?post=657541"},{"taxonomy":"post_tag","embeddable":true,"href":"https:\/\/kohenavocats.com\/zh-hans\/wp-json\/wp\/v2\/tags?post=657541"}],"curies":[{"name":"wp","href":"https:\/\/api.w.org\/{rel}","templated":true}]}}