{"id":657544,"date":"2026-04-23T09:34:38","date_gmt":"2026-04-23T07:34:38","guid":{"rendered":"https:\/\/kohenavocats.com\/cour-dappel-de-douai-le-24-avril-2025-n24-00730\/"},"modified":"2026-04-23T09:34:38","modified_gmt":"2026-04-23T07:34:38","slug":"cour-dappel-de-douai-le-24-avril-2025-n24-00730","status":"publish","type":"post","link":"https:\/\/kohenavocats.com\/zh-hans\/cour-dappel-de-douai-le-24-avril-2025-n24-00730\/","title":{"rendered":"Cour d&#8217;appel de Douai, le 24 avril 2025, n\u00b024\/00730"},"content":{"rendered":"<div class=\"article-content\">\n<p>La cour d&#8217;appel de Douai, statuant le 24 avril 2025, a examin\u00e9 le recours d&#8217;un infirmier contre une d\u00e9cision de justice. Ce dernier contestait la r\u00e9gularit\u00e9 d&#8217;un contr\u00f4le administratif et la notification d&#8217;un indu suivi d&#8217;une p\u00e9nalit\u00e9 financi\u00e8re. La juridiction a infirm\u00e9 partiellement le premier jugement pour d\u00e9clarer le recours recevable. Elle a finalement rejet\u00e9 l&#8217;ensemble des moyens soulev\u00e9s et confirm\u00e9 le bien-fond\u00e9 des sommes r\u00e9clam\u00e9es par la caisse d&#8217;assurance maladie.<\/p>\n<p>La r\u00e9gularit\u00e9 des proc\u00e9dures de contr\u00f4le et de recouvrement<\/p>\n<p>La cour \u00e9carte d&#8217;abord l&#8217;application de la charte du contr\u00f4le de l&#8217;activit\u00e9. Elle rel\u00e8ve que cette charte &#8220;se trouve ainsi d\u00e9pourvue de toute port\u00e9e normative&#8221; (Motifs). Son pr\u00e9ambule pr\u00e9cise qu&#8217;elle ne saurait se substituer aux textes l\u00e9gislatifs et r\u00e9glementaires. La valeur purement indicative de ce document emp\u00eache donc de fonder sur lui l&#8217;annulation de la proc\u00e9dure. La cour rappelle ensuite le caract\u00e8re non juridictionnel du contr\u00f4le administratif. Les garanties du proc\u00e8s \u00e9quitable, comme le droit \u00e0 l&#8217;assistance d&#8217;un avocat, ne lui sont donc pas attach\u00e9es. Elle constate que le professionnel a \u00e9t\u00e9 inform\u00e9 des anomalies relev\u00e9es et a sign\u00e9 le proc\u00e8s-verbal. Concernant la notification de l&#8217;indu, la cour v\u00e9rifie son contenu au regard de l&#8217;article R. 133-9-1 du code de la s\u00e9curit\u00e9 sociale. Elle estime que la lettre contest\u00e9e d\u00e9taille suffisamment la p\u00e9riode, les anomalies et les dispositions viol\u00e9es. Elle comporte en annexe &#8220;le d\u00e9tail des dossiers en cause&#8221; (Motifs) avec la nature et la date de chaque prestation litigieuse. La notification est donc jug\u00e9e r\u00e9guli\u00e8re.<\/p>\n<p>Le bien-fond\u00e9 des redressements et de la p\u00e9nalit\u00e9<\/p>\n<p>La cour examine m\u00e9ticuleusement chaque poste de redressement au regard de la nomenclature applicable. Pour les frais de d\u00e9placement, elle s&#8217;appuie sur le rapport de l&#8217;agent asserment\u00e9 et les questionnaires patients. Elle constate que plusieurs patientes r\u00e9sidaient \u00e0 la m\u00eame adresse et que les soins \u00e9taient prodigu\u00e9s lors d&#8217;un seul passage. L&#8217;indu est donc maintenu. S&#8217;agissant des majorations de nuit, la cour applique l&#8217;article 14 de la convention nationale. Elle note l&#8217;absence de prescription mentionnant une n\u00e9cessit\u00e9 imp\u00e9rieuse ou d&#8217;urgence justifi\u00e9e. Le professionnel ne d\u00e9montre pas le caract\u00e8re urgent des interventions factur\u00e9es avec cette majoration. Pour les actes sans prescription, la cour rappelle l&#8217;exigence d&#8217;une &#8220;prescription m\u00e9dicale \u00e9crite, qualitative et quantitative&#8221; (Motifs). Elle \u00e9carte l&#8217;argument selon lequel un formulaire de d\u00e9marche de soins tiendrait lieu de prescription, ce document portant une mention contraire. Apr\u00e8s l&#8217;analyse de tous les griefs, la cour valide l&#8217;int\u00e9gralit\u00e9 de l&#8217;indu de 36 961,41 euros. Concernant la p\u00e9nalit\u00e9 financi\u00e8re, la cour v\u00e9rifie le strict respect de la proc\u00e9dure pr\u00e9vue aux articles L. 114-17-1 et R. 147-2. Elle rel\u00e8ve que la commission a \u00e9t\u00e9 saisie dans les d\u00e9lais et que l&#8217;avis du directeur g\u00e9n\u00e9ral de l&#8217;UNCAM a \u00e9t\u00e9 obtenu. La notification de la p\u00e9nalit\u00e9 est jug\u00e9e suffisamment motiv\u00e9e car elle renvoie au courrier d\u00e9taillant les faits reproch\u00e9s. Eu \u00e9gard \u00e0 la r\u00e9currence et \u00e0 la gravit\u00e9 des anomalies, la p\u00e9nalit\u00e9 de 11 088 euros est estim\u00e9e justifi\u00e9e et proportionn\u00e9e.<\/p>\n<p>Cet arr\u00eat rappelle avec fermet\u00e9 les exigences proc\u00e9durales et substantielles pesant sur les professionnels de sant\u00e9. Il confirme que la charte de contr\u00f4le, d\u00e9pourvue de valeur normative, ne peut servir de fondement \u00e0 une annulation. La cour d\u00e9limite clairement le champ des garanties applicables, excluant les droits de la d\u00e9fense de type juridictionnel lors d&#8217;un contr\u00f4le administratif. Elle rappelle \u00e9galement l&#8217;imp\u00e9ratif d&#8217;une notification pr\u00e9cise et motiv\u00e9e de l&#8217;indu, condition essentielle pour permettre au professionnel de contester utilement. Sur le fond, la d\u00e9cision illustre l&#8217;examen rigoureux des r\u00e8gles de facturation et de prise en charge par la juridiction. Elle souligne la charge de la preuve incombant au professionnel pour justifier ses cotations et le respect des prescriptions. En validant la p\u00e9nalit\u00e9 financi\u00e8re, la cour sanctionne les manquements r\u00e9p\u00e9t\u00e9s et graves aux r\u00e8gles conventionnelles. Cet arr\u00eat renforce ainsi les pr\u00e9rogatives de contr\u00f4le des organismes d&#8217;assurance maladie tout en encadrant strictement leurs proc\u00e9dures.<\/p>\n<\/div>\n","protected":false},"excerpt":{"rendered":"<p>La cour d&#8217;appel de Douai, statuant le 24 avril 2025, a examin\u00e9 le recours d&#8217;un infirmier contre une d\u00e9cision de justice. Ce dernier contestait la r\u00e9gularit\u00e9 &#8230;<\/p>\n","protected":false},"author":232070755,"featured_media":9618,"comment_status":"open","ping_status":"open","sticky":false,"template":"","format":"standard","meta":{"_crdt_document":"","_jetpack_newsletter_access":"","_jetpack_dont_email_post_to_subs":false,"_jetpack_newsletter_tier_id":0,"_jetpack_memberships_contains_paywalled_content":false,"_jetpack_memberships_contains_paid_content":false,"footnotes":"","jetpack_post_was_ever_published":false},"categories":[7597],"tags":[],"class_list":["post-657544","post","type-post","status-publish","format-standard","has-post-thumbnail","hentry","category-jurisprudence"],"yoast_head":"<!-- This site is optimized with the Yoast SEO Premium plugin v27.4 (Yoast SEO v27.4) - https:\/\/yoast.com\/product\/yoast-seo-premium-wordpress\/ -->\n<title>Cour d&#039;appel de Douai, le 24 avril 2025, n\u00b024\/00730 - Ma\u00eetre Hassan Kohen, avocat en droit p\u00e9nal \u00e0 Paris<\/title>\n<meta name=\"description\" content=\"La cour d&#039;appel de Douai, statuant le 24 avril 2025, a examin\u00e9 le recours d&#039;un infirmier contre une d\u00e9cision de justice. Ce dernier contestait la r\u00e9gularit\u00e9 ...\" \/>\n<meta name=\"robots\" content=\"index, follow, max-snippet:-1, max-image-preview:large, max-video-preview:-1\" \/>\n<link rel=\"canonical\" href=\"https:\/\/kohenavocats.com\/zh-hans\/cour-dappel-de-douai-le-24-avril-2025-n24-00730\/\" \/>\n<meta property=\"og:locale\" content=\"zh_CN\" \/>\n<meta property=\"og:type\" content=\"article\" \/>\n<meta property=\"og:title\" content=\"Cour d&#039;appel de Douai, le 24 avril 2025, n\u00b024\/00730\" \/>\n<meta property=\"og:description\" content=\"La cour d&#039;appel de Douai, statuant le 24 avril 2025, a examin\u00e9 le recours d&#039;un infirmier contre une d\u00e9cision de justice. Ce dernier contestait la r\u00e9gularit\u00e9 ...\" \/>\n<meta property=\"og:url\" content=\"https:\/\/kohenavocats.com\/zh-hans\/cour-dappel-de-douai-le-24-avril-2025-n24-00730\/\" \/>\n<meta property=\"og:site_name\" content=\"Ma\u00eetre Hassan Kohen, avocat en droit p\u00e9nal \u00e0 Paris\" \/>\n<meta property=\"article:published_time\" content=\"2026-04-23T07:34:38+00:00\" \/>\n<meta property=\"og:image\" content=\"https:\/\/kohenavocats.com\/wp-content\/uploads\/2024\/11\/andrej-lisakov-kuemAVWEwXU-unsplash.webp\" \/>\n\t<meta property=\"og:image:width\" content=\"3528\" \/>\n\t<meta property=\"og:image:height\" content=\"6272\" \/>\n\t<meta property=\"og:image:type\" content=\"image\/webp\" \/>\n<meta name=\"author\" content=\"Kohen\" \/>\n<meta name=\"twitter:card\" content=\"summary_large_image\" \/>\n<meta name=\"twitter:label1\" content=\"\u4f5c\u8005\" \/>\n\t<meta name=\"twitter:data1\" content=\"Kohen\" \/>\n\t<meta name=\"twitter:label2\" content=\"\u9884\u8ba1\u9605\u8bfb\u65f6\u95f4\" \/>\n\t<meta name=\"twitter:data2\" content=\"4 \u5206\" \/>\n<script type=\"application\/ld+json\" class=\"yoast-schema-graph\">{\"@context\":\"https:\\\/\\\/schema.org\",\"@graph\":[{\"@type\":\"Article\",\"@id\":\"https:\\\/\\\/kohenavocats.com\\\/zh-hans\\\/cour-dappel-de-douai-le-24-avril-2025-n24-00730\\\/#article\",\"isPartOf\":{\"@id\":\"https:\\\/\\\/kohenavocats.com\\\/zh-hans\\\/cour-dappel-de-douai-le-24-avril-2025-n24-00730\\\/\"},\"author\":{\"name\":\"Kohen\",\"@id\":\"https:\\\/\\\/kohenavocats.com\\\/zh-hans\\\/#\\\/schema\\\/person\\\/761c9ba54fa1ca84d405cef0831ff751\"},\"headline\":\"Cour d&#8217;appel de Douai, le 24 avril 2025, n\u00b024\\\/00730\",\"datePublished\":\"2026-04-23T07:34:38+00:00\",\"mainEntityOfPage\":{\"@id\":\"https:\\\/\\\/kohenavocats.com\\\/zh-hans\\\/cour-dappel-de-douai-le-24-avril-2025-n24-00730\\\/\"},\"wordCount\":767,\"commentCount\":0,\"publisher\":{\"@id\":\"https:\\\/\\\/kohenavocats.com\\\/zh-hans\\\/#organization\"},\"image\":{\"@id\":\"https:\\\/\\\/kohenavocats.com\\\/zh-hans\\\/cour-dappel-de-douai-le-24-avril-2025-n24-00730\\\/#primaryimage\"},\"thumbnailUrl\":\"https:\\\/\\\/kohenavocats.com\\\/wp-content\\\/uploads\\\/2024\\\/11\\\/andrej-lisakov-kuemAVWEwXU-unsplash.webp\",\"articleSection\":[\"Jurisprudence\"],\"inLanguage\":\"zh-Hans\",\"potentialAction\":[{\"@type\":\"CommentAction\",\"name\":\"Comment\",\"target\":[\"https:\\\/\\\/kohenavocats.com\\\/zh-hans\\\/cour-dappel-de-douai-le-24-avril-2025-n24-00730\\\/#respond\"]}],\"citation\":\"Cour d&#8217;appel de Douai, le 24 avril 2025, n\u00b024\\\/00730\",\"about\":[{\"@type\":\"Thing\",\"name\":\"Jurisprudence\"}],\"dateModified\":\"2026-04-23T07:34:38+00:00\",\"speakable\":{\"@type\":\"SpeakableSpecification\",\"cssSelector\":[\".article-content > p:first-of-type\"]}},{\"@type\":\"WebPage\",\"@id\":\"https:\\\/\\\/kohenavocats.com\\\/zh-hans\\\/cour-dappel-de-douai-le-24-avril-2025-n24-00730\\\/\",\"url\":\"https:\\\/\\\/kohenavocats.com\\\/zh-hans\\\/cour-dappel-de-douai-le-24-avril-2025-n24-00730\\\/\",\"name\":\"Cour d'appel de Douai, le 24 avril 2025, n\u00b024\\\/00730 - Ma\u00eetre Hassan Kohen, avocat en droit p\u00e9nal \u00e0 Paris\",\"isPartOf\":{\"@id\":\"https:\\\/\\\/kohenavocats.com\\\/zh-hans\\\/#website\"},\"primaryImageOfPage\":{\"@id\":\"https:\\\/\\\/kohenavocats.com\\\/zh-hans\\\/cour-dappel-de-douai-le-24-avril-2025-n24-00730\\\/#primaryimage\"},\"image\":{\"@id\":\"https:\\\/\\\/kohenavocats.com\\\/zh-hans\\\/cour-dappel-de-douai-le-24-avril-2025-n24-00730\\\/#primaryimage\"},\"thumbnailUrl\":\"https:\\\/\\\/kohenavocats.com\\\/wp-content\\\/uploads\\\/2024\\\/11\\\/andrej-lisakov-kuemAVWEwXU-unsplash.webp\",\"datePublished\":\"2026-04-23T07:34:38+00:00\",\"description\":\"La cour d'appel de Douai, statuant le 24 avril 2025, a examin\u00e9 le recours d'un infirmier contre une d\u00e9cision de justice. Ce dernier contestait la r\u00e9gularit\u00e9 ...\",\"breadcrumb\":{\"@id\":\"https:\\\/\\\/kohenavocats.com\\\/zh-hans\\\/cour-dappel-de-douai-le-24-avril-2025-n24-00730\\\/#breadcrumb\"},\"inLanguage\":\"zh-Hans\",\"potentialAction\":[{\"@type\":\"ReadAction\",\"target\":[\"https:\\\/\\\/kohenavocats.com\\\/zh-hans\\\/cour-dappel-de-douai-le-24-avril-2025-n24-00730\\\/\"]}]},{\"@type\":\"ImageObject\",\"inLanguage\":\"zh-Hans\",\"@id\":\"https:\\\/\\\/kohenavocats.com\\\/zh-hans\\\/cour-dappel-de-douai-le-24-avril-2025-n24-00730\\\/#primaryimage\",\"url\":\"https:\\\/\\\/kohenavocats.com\\\/wp-content\\\/uploads\\\/2024\\\/11\\\/andrej-lisakov-kuemAVWEwXU-unsplash.webp\",\"contentUrl\":\"https:\\\/\\\/kohenavocats.com\\\/wp-content\\\/uploads\\\/2024\\\/11\\\/andrej-lisakov-kuemAVWEwXU-unsplash.webp\",\"width\":3528,\"height\":6272},{\"@type\":\"BreadcrumbList\",\"@id\":\"https:\\\/\\\/kohenavocats.com\\\/zh-hans\\\/cour-dappel-de-douai-le-24-avril-2025-n24-00730\\\/#breadcrumb\",\"itemListElement\":[{\"@type\":\"ListItem\",\"position\":1,\"name\":\"Home\",\"item\":\"https:\\\/\\\/kohenavocats.com\\\/zh-hans\\\/\"},{\"@type\":\"ListItem\",\"position\":2,\"name\":\"Cour d&rsquo;appel de Douai, le 24 avril 2025, n\u00b024\\\/00730\"}]},{\"@type\":\"WebSite\",\"@id\":\"https:\\\/\\\/kohenavocats.com\\\/zh-hans\\\/#website\",\"url\":\"https:\\\/\\\/kohenavocats.com\\\/zh-hans\\\/\",\"name\":\"Kohen Avocats\",\"description\":\"Ma\u00eetre Hassan Kohen, avocat p\u00e9naliste \u00e0 Paris, intervient exclusivement en droit p\u00e9nal pour la d\u00e9fense des particuliers, notamment en mati\u00e8re d\u2019accusations de viol. Il assure un accompagnement rigoureux d\u00e8s la garde \u00e0 vue jusqu\u2019\u00e0 la Cour d\u2019assises, veillant au strict respect des garanties proc\u00e9durales.\",\"publisher\":{\"@id\":\"https:\\\/\\\/kohenavocats.com\\\/zh-hans\\\/#organization\"},\"potentialAction\":[{\"@type\":\"SearchAction\",\"target\":{\"@type\":\"EntryPoint\",\"urlTemplate\":\"https:\\\/\\\/kohenavocats.com\\\/zh-hans\\\/?s={search_term_string}\"},\"query-input\":{\"@type\":\"PropertyValueSpecification\",\"valueRequired\":true,\"valueName\":\"search_term_string\"}}],\"inLanguage\":\"zh-Hans\"},{\"@type\":\"Organization\",\"@id\":\"https:\\\/\\\/kohenavocats.com\\\/zh-hans\\\/#organization\",\"name\":\"Kohen Avocats\",\"url\":\"https:\\\/\\\/kohenavocats.com\\\/zh-hans\\\/\",\"logo\":{\"@type\":\"ImageObject\",\"inLanguage\":\"zh-Hans\",\"@id\":\"https:\\\/\\\/kohenavocats.com\\\/zh-hans\\\/#\\\/schema\\\/logo\\\/image\\\/\",\"url\":\"https:\\\/\\\/kohenavocats.com\\\/wp-content\\\/uploads\\\/2026\\\/01\\\/Logo-2-1.webp\",\"contentUrl\":\"https:\\\/\\\/kohenavocats.com\\\/wp-content\\\/uploads\\\/2026\\\/01\\\/Logo-2-1.webp\",\"width\":2114,\"height\":1253,\"caption\":\"Kohen Avocats\"},\"image\":{\"@id\":\"https:\\\/\\\/kohenavocats.com\\\/zh-hans\\\/#\\\/schema\\\/logo\\\/image\\\/\"}},{\"@type\":\"Person\",\"@id\":\"https:\\\/\\\/kohenavocats.com\\\/zh-hans\\\/#\\\/schema\\\/person\\\/761c9ba54fa1ca84d405cef0831ff751\",\"name\":\"Kohen\",\"image\":{\"@type\":\"ImageObject\",\"inLanguage\":\"zh-Hans\",\"@id\":\"https:\\\/\\\/secure.gravatar.com\\\/avatar\\\/1c5e76ef76bbbfdd2b4da984e2bf2fa4056fd51a27d25ce2c332047f1dfd6e00?s=96&d=identicon&r=g\",\"url\":\"https:\\\/\\\/secure.gravatar.com\\\/avatar\\\/1c5e76ef76bbbfdd2b4da984e2bf2fa4056fd51a27d25ce2c332047f1dfd6e00?s=96&d=identicon&r=g\",\"contentUrl\":\"https:\\\/\\\/secure.gravatar.com\\\/avatar\\\/1c5e76ef76bbbfdd2b4da984e2bf2fa4056fd51a27d25ce2c332047f1dfd6e00?s=96&d=identicon&r=g\",\"caption\":\"Kohen\"},\"sameAs\":[\"https:\\\/\\\/www.linkedin.com\\\/in\\\/hassan-kohen-448548192\\\/\",\"https:\\\/\\\/www.youtube.com\\\/@Kohen-Avocats\"],\"url\":\"https:\\\/\\\/kohenavocats.com\\\/zh-hans\\\/author\\\/kohenmlk\\\/\"}]}<\/script>\n<!-- \/ Yoast SEO Premium plugin. -->","yoast_head_json":{"title":"Cour d'appel de Douai, le 24 avril 2025, n\u00b024\/00730 - Ma\u00eetre Hassan Kohen, avocat en droit p\u00e9nal \u00e0 Paris","description":"La cour d'appel de Douai, statuant le 24 avril 2025, a examin\u00e9 le recours d'un infirmier contre une d\u00e9cision de justice. Ce dernier contestait la r\u00e9gularit\u00e9 ...","robots":{"index":"index","follow":"follow","max-snippet":"max-snippet:-1","max-image-preview":"max-image-preview:large","max-video-preview":"max-video-preview:-1"},"canonical":"https:\/\/kohenavocats.com\/zh-hans\/cour-dappel-de-douai-le-24-avril-2025-n24-00730\/","og_locale":"zh_CN","og_type":"article","og_title":"Cour d'appel de Douai, le 24 avril 2025, n\u00b024\/00730","og_description":"La cour d'appel de Douai, statuant le 24 avril 2025, a examin\u00e9 le recours d'un infirmier contre une d\u00e9cision de justice. Ce dernier contestait la r\u00e9gularit\u00e9 ...","og_url":"https:\/\/kohenavocats.com\/zh-hans\/cour-dappel-de-douai-le-24-avril-2025-n24-00730\/","og_site_name":"Ma\u00eetre Hassan Kohen, avocat en droit p\u00e9nal \u00e0 Paris","article_published_time":"2026-04-23T07:34:38+00:00","og_image":[{"width":3528,"height":6272,"url":"https:\/\/kohenavocats.com\/wp-content\/uploads\/2024\/11\/andrej-lisakov-kuemAVWEwXU-unsplash.webp","type":"image\/webp"}],"author":"Kohen","twitter_card":"summary_large_image","twitter_misc":{"\u4f5c\u8005":"Kohen","\u9884\u8ba1\u9605\u8bfb\u65f6\u95f4":"4 \u5206"},"schema":{"@context":"https:\/\/schema.org","@graph":[{"@type":"Article","@id":"https:\/\/kohenavocats.com\/zh-hans\/cour-dappel-de-douai-le-24-avril-2025-n24-00730\/#article","isPartOf":{"@id":"https:\/\/kohenavocats.com\/zh-hans\/cour-dappel-de-douai-le-24-avril-2025-n24-00730\/"},"author":{"name":"Kohen","@id":"https:\/\/kohenavocats.com\/zh-hans\/#\/schema\/person\/761c9ba54fa1ca84d405cef0831ff751"},"headline":"Cour d&#8217;appel de Douai, le 24 avril 2025, n\u00b024\/00730","datePublished":"2026-04-23T07:34:38+00:00","mainEntityOfPage":{"@id":"https:\/\/kohenavocats.com\/zh-hans\/cour-dappel-de-douai-le-24-avril-2025-n24-00730\/"},"wordCount":767,"commentCount":0,"publisher":{"@id":"https:\/\/kohenavocats.com\/zh-hans\/#organization"},"image":{"@id":"https:\/\/kohenavocats.com\/zh-hans\/cour-dappel-de-douai-le-24-avril-2025-n24-00730\/#primaryimage"},"thumbnailUrl":"https:\/\/kohenavocats.com\/wp-content\/uploads\/2024\/11\/andrej-lisakov-kuemAVWEwXU-unsplash.webp","articleSection":["Jurisprudence"],"inLanguage":"zh-Hans","potentialAction":[{"@type":"CommentAction","name":"Comment","target":["https:\/\/kohenavocats.com\/zh-hans\/cour-dappel-de-douai-le-24-avril-2025-n24-00730\/#respond"]}],"citation":"Cour d&#8217;appel de Douai, le 24 avril 2025, n\u00b024\/00730","about":[{"@type":"Thing","name":"Jurisprudence"}],"dateModified":"2026-04-23T07:34:38+00:00","speakable":{"@type":"SpeakableSpecification","cssSelector":[".article-content > p:first-of-type"]}},{"@type":"WebPage","@id":"https:\/\/kohenavocats.com\/zh-hans\/cour-dappel-de-douai-le-24-avril-2025-n24-00730\/","url":"https:\/\/kohenavocats.com\/zh-hans\/cour-dappel-de-douai-le-24-avril-2025-n24-00730\/","name":"Cour d'appel de Douai, le 24 avril 2025, n\u00b024\/00730 - Ma\u00eetre Hassan Kohen, avocat en droit p\u00e9nal \u00e0 Paris","isPartOf":{"@id":"https:\/\/kohenavocats.com\/zh-hans\/#website"},"primaryImageOfPage":{"@id":"https:\/\/kohenavocats.com\/zh-hans\/cour-dappel-de-douai-le-24-avril-2025-n24-00730\/#primaryimage"},"image":{"@id":"https:\/\/kohenavocats.com\/zh-hans\/cour-dappel-de-douai-le-24-avril-2025-n24-00730\/#primaryimage"},"thumbnailUrl":"https:\/\/kohenavocats.com\/wp-content\/uploads\/2024\/11\/andrej-lisakov-kuemAVWEwXU-unsplash.webp","datePublished":"2026-04-23T07:34:38+00:00","description":"La cour d'appel de Douai, statuant le 24 avril 2025, a examin\u00e9 le recours d'un infirmier contre une d\u00e9cision de justice. Ce dernier contestait la r\u00e9gularit\u00e9 ...","breadcrumb":{"@id":"https:\/\/kohenavocats.com\/zh-hans\/cour-dappel-de-douai-le-24-avril-2025-n24-00730\/#breadcrumb"},"inLanguage":"zh-Hans","potentialAction":[{"@type":"ReadAction","target":["https:\/\/kohenavocats.com\/zh-hans\/cour-dappel-de-douai-le-24-avril-2025-n24-00730\/"]}]},{"@type":"ImageObject","inLanguage":"zh-Hans","@id":"https:\/\/kohenavocats.com\/zh-hans\/cour-dappel-de-douai-le-24-avril-2025-n24-00730\/#primaryimage","url":"https:\/\/kohenavocats.com\/wp-content\/uploads\/2024\/11\/andrej-lisakov-kuemAVWEwXU-unsplash.webp","contentUrl":"https:\/\/kohenavocats.com\/wp-content\/uploads\/2024\/11\/andrej-lisakov-kuemAVWEwXU-unsplash.webp","width":3528,"height":6272},{"@type":"BreadcrumbList","@id":"https:\/\/kohenavocats.com\/zh-hans\/cour-dappel-de-douai-le-24-avril-2025-n24-00730\/#breadcrumb","itemListElement":[{"@type":"ListItem","position":1,"name":"Home","item":"https:\/\/kohenavocats.com\/zh-hans\/"},{"@type":"ListItem","position":2,"name":"Cour d&rsquo;appel de Douai, le 24 avril 2025, n\u00b024\/00730"}]},{"@type":"WebSite","@id":"https:\/\/kohenavocats.com\/zh-hans\/#website","url":"https:\/\/kohenavocats.com\/zh-hans\/","name":"Kohen Avocats","description":"Ma\u00eetre Hassan Kohen, avocat p\u00e9naliste \u00e0 Paris, intervient exclusivement en droit p\u00e9nal pour la d\u00e9fense des particuliers, notamment en mati\u00e8re d\u2019accusations de viol. Il assure un accompagnement rigoureux d\u00e8s la garde \u00e0 vue jusqu\u2019\u00e0 la Cour d\u2019assises, veillant au strict respect des garanties proc\u00e9durales.","publisher":{"@id":"https:\/\/kohenavocats.com\/zh-hans\/#organization"},"potentialAction":[{"@type":"SearchAction","target":{"@type":"EntryPoint","urlTemplate":"https:\/\/kohenavocats.com\/zh-hans\/?s={search_term_string}"},"query-input":{"@type":"PropertyValueSpecification","valueRequired":true,"valueName":"search_term_string"}}],"inLanguage":"zh-Hans"},{"@type":"Organization","@id":"https:\/\/kohenavocats.com\/zh-hans\/#organization","name":"Kohen Avocats","url":"https:\/\/kohenavocats.com\/zh-hans\/","logo":{"@type":"ImageObject","inLanguage":"zh-Hans","@id":"https:\/\/kohenavocats.com\/zh-hans\/#\/schema\/logo\/image\/","url":"https:\/\/kohenavocats.com\/wp-content\/uploads\/2026\/01\/Logo-2-1.webp","contentUrl":"https:\/\/kohenavocats.com\/wp-content\/uploads\/2026\/01\/Logo-2-1.webp","width":2114,"height":1253,"caption":"Kohen Avocats"},"image":{"@id":"https:\/\/kohenavocats.com\/zh-hans\/#\/schema\/logo\/image\/"}},{"@type":"Person","@id":"https:\/\/kohenavocats.com\/zh-hans\/#\/schema\/person\/761c9ba54fa1ca84d405cef0831ff751","name":"Kohen","image":{"@type":"ImageObject","inLanguage":"zh-Hans","@id":"https:\/\/secure.gravatar.com\/avatar\/1c5e76ef76bbbfdd2b4da984e2bf2fa4056fd51a27d25ce2c332047f1dfd6e00?s=96&d=identicon&r=g","url":"https:\/\/secure.gravatar.com\/avatar\/1c5e76ef76bbbfdd2b4da984e2bf2fa4056fd51a27d25ce2c332047f1dfd6e00?s=96&d=identicon&r=g","contentUrl":"https:\/\/secure.gravatar.com\/avatar\/1c5e76ef76bbbfdd2b4da984e2bf2fa4056fd51a27d25ce2c332047f1dfd6e00?s=96&d=identicon&r=g","caption":"Kohen"},"sameAs":["https:\/\/www.linkedin.com\/in\/hassan-kohen-448548192\/","https:\/\/www.youtube.com\/@Kohen-Avocats"],"url":"https:\/\/kohenavocats.com\/zh-hans\/author\/kohenmlk\/"}]}},"jetpack_featured_media_url":"https:\/\/kohenavocats.com\/wp-content\/uploads\/2024\/11\/andrej-lisakov-kuemAVWEwXU-unsplash.webp","jetpack_likes_enabled":false,"jetpack_shortlink":"https:\/\/wp.me\/peCrII-2L3y","jetpack-related-posts":[{"id":660886,"url":"https:\/\/kohenavocats.com\/zh-hans\/cour-dappel-de-douai-le-12-mars-2026-n24-00497\/","url_meta":{"origin":657544,"position":0},"title":"Cour d&#8217;appel de Douai, le 12 mars 2026, n\u00b024\/00497","author":"Kohen","date":"2026\u5e744\u670823\u65e5","format":false,"excerpt":"La cour d'appel de Douai, le 12 mars 2026, statue \u2026","rel":"","context":"\u5728\u201cJurisprudence\u201d\u4e2d","block_context":{"text":"Jurisprudence","link":"https:\/\/kohenavocats.com\/category\/jurisprudence\/"},"img":{"alt_text":"","src":"https:\/\/i0.wp.com\/kohenavocats.com\/wp-content\/uploads\/2024\/08\/nicolo-bettoni-4lAAYgIsEBI-unsplash.webp?resize=350%2C200&ssl=1","width":350,"height":200,"srcset":"https:\/\/i0.wp.com\/kohenavocats.com\/wp-content\/uploads\/2024\/08\/nicolo-bettoni-4lAAYgIsEBI-unsplash.webp?resize=350%2C200&ssl=1 1x, https:\/\/i0.wp.com\/kohenavocats.com\/wp-content\/uploads\/2024\/08\/nicolo-bettoni-4lAAYgIsEBI-unsplash.webp?resize=525%2C300&ssl=1 1.5x, https:\/\/i0.wp.com\/kohenavocats.com\/wp-content\/uploads\/2024\/08\/nicolo-bettoni-4lAAYgIsEBI-unsplash.webp?resize=700%2C400&ssl=1 2x, https:\/\/i0.wp.com\/kohenavocats.com\/wp-content\/uploads\/2024\/08\/nicolo-bettoni-4lAAYgIsEBI-unsplash.webp?resize=1050%2C600&ssl=1 3x, https:\/\/i0.wp.com\/kohenavocats.com\/wp-content\/uploads\/2024\/08\/nicolo-bettoni-4lAAYgIsEBI-unsplash.webp?resize=1400%2C800&ssl=1 4x"},"classes":[]},{"id":657547,"url":"https:\/\/kohenavocats.com\/zh-hans\/cour-dappel-de-douai-le-14-mars-2024-n24-00731\/","url_meta":{"origin":657544,"position":1},"title":"Cour d&#8217;appel de Douai, le 14 mars 2024, n\u00b024\/00731","author":"Kohen","date":"2026\u5e744\u670823\u65e5","format":false,"excerpt":"La cour d'appel de Douai, le 14 mars 2024, a statu\u2026","rel":"","context":"\u5728\u201cJurisprudence\u201d\u4e2d","block_context":{"text":"Jurisprudence","link":"https:\/\/kohenavocats.com\/category\/jurisprudence\/"},"img":{"alt_text":"","src":"https:\/\/i0.wp.com\/kohenavocats.com\/wp-content\/uploads\/2024\/08\/kylie-paz-cbl1K6yJlDI-unsplash.webp?resize=350%2C200&ssl=1","width":350,"height":200,"srcset":"https:\/\/i0.wp.com\/kohenavocats.com\/wp-content\/uploads\/2024\/08\/kylie-paz-cbl1K6yJlDI-unsplash.webp?resize=350%2C200&ssl=1 1x, https:\/\/i0.wp.com\/kohenavocats.com\/wp-content\/uploads\/2024\/08\/kylie-paz-cbl1K6yJlDI-unsplash.webp?resize=525%2C300&ssl=1 1.5x, https:\/\/i0.wp.com\/kohenavocats.com\/wp-content\/uploads\/2024\/08\/kylie-paz-cbl1K6yJlDI-unsplash.webp?resize=700%2C400&ssl=1 2x, https:\/\/i0.wp.com\/kohenavocats.com\/wp-content\/uploads\/2024\/08\/kylie-paz-cbl1K6yJlDI-unsplash.webp?resize=1050%2C600&ssl=1 3x, https:\/\/i0.wp.com\/kohenavocats.com\/wp-content\/uploads\/2024\/08\/kylie-paz-cbl1K6yJlDI-unsplash.webp?resize=1400%2C800&ssl=1 4x"},"classes":[]},{"id":71139,"url":"https:\/\/kohenavocats.com\/zh-hans\/cour-dappel-de-douai-le-11-juillet-2025-n24-00409\/","url_meta":{"origin":657544,"position":2},"title":"Cour d&#8217;appel de Douai, le 11 juillet 2025, n\u00b024\/00409","author":"Kohen","date":"2025\u5e7411\u67089\u65e5","format":false,"excerpt":"Rendue par la Cour d\u2019appel de Douai, chambre socia\u2026","rel":"","context":"\u5728\u201cContentieux prud'homal\u201d\u4e2d","block_context":{"text":"Contentieux prud'homal","link":"https:\/\/kohenavocats.com\/category\/contentieux-prudhomal\/"},"img":{"alt_text":"","src":"https:\/\/i0.wp.com\/kohenavocats.com\/wp-content\/uploads\/2024\/08\/rafael-garcin-DnyhSrgrrNc-unsplash.webp?resize=350%2C200&ssl=1","width":350,"height":200,"srcset":"https:\/\/i0.wp.com\/kohenavocats.com\/wp-content\/uploads\/2024\/08\/rafael-garcin-DnyhSrgrrNc-unsplash.webp?resize=350%2C200&ssl=1 1x, https:\/\/i0.wp.com\/kohenavocats.com\/wp-content\/uploads\/2024\/08\/rafael-garcin-DnyhSrgrrNc-unsplash.webp?resize=525%2C300&ssl=1 1.5x, https:\/\/i0.wp.com\/kohenavocats.com\/wp-content\/uploads\/2024\/08\/rafael-garcin-DnyhSrgrrNc-unsplash.webp?resize=700%2C400&ssl=1 2x, https:\/\/i0.wp.com\/kohenavocats.com\/wp-content\/uploads\/2024\/08\/rafael-garcin-DnyhSrgrrNc-unsplash.webp?resize=1050%2C600&ssl=1 3x, https:\/\/i0.wp.com\/kohenavocats.com\/wp-content\/uploads\/2024\/08\/rafael-garcin-DnyhSrgrrNc-unsplash.webp?resize=1400%2C800&ssl=1 4x"},"classes":[]},{"id":416517,"url":"https:\/\/kohenavocats.com\/zh-hans\/cour-dappel-de-douai-le-12-avril-2012-n11-07262\/","url_meta":{"origin":657544,"position":3},"title":"Cour d&#8217;appel de Douai, le 12 avril 2012, n\u00b011\/07262","author":"Kohen","date":"2026\u5e743\u670822\u65e5","format":false,"excerpt":"La Cour d\u2019appel de Douai, le 12 avril 2012, se pro\u2026","rel":"","context":"\u5728\u201cCour d'appel\u201d\u4e2d","block_context":{"text":"Cour d'appel","link":"https:\/\/kohenavocats.com\/category\/cour-dappel\/"},"img":{"alt_text":"","src":"https:\/\/i0.wp.com\/kohenavocats.com\/wp-content\/uploads\/2024\/08\/amir-mortezaie-bKLKnHSwk4A-unsplash.webp?resize=350%2C200&ssl=1","width":350,"height":200,"srcset":"https:\/\/i0.wp.com\/kohenavocats.com\/wp-content\/uploads\/2024\/08\/amir-mortezaie-bKLKnHSwk4A-unsplash.webp?resize=350%2C200&ssl=1 1x, https:\/\/i0.wp.com\/kohenavocats.com\/wp-content\/uploads\/2024\/08\/amir-mortezaie-bKLKnHSwk4A-unsplash.webp?resize=525%2C300&ssl=1 1.5x, https:\/\/i0.wp.com\/kohenavocats.com\/wp-content\/uploads\/2024\/08\/amir-mortezaie-bKLKnHSwk4A-unsplash.webp?resize=700%2C400&ssl=1 2x, https:\/\/i0.wp.com\/kohenavocats.com\/wp-content\/uploads\/2024\/08\/amir-mortezaie-bKLKnHSwk4A-unsplash.webp?resize=1050%2C600&ssl=1 3x, https:\/\/i0.wp.com\/kohenavocats.com\/wp-content\/uploads\/2024\/08\/amir-mortezaie-bKLKnHSwk4A-unsplash.webp?resize=1400%2C800&ssl=1 4x"},"classes":[]},{"id":486769,"url":"https:\/\/kohenavocats.com\/zh-hans\/cour-dappel-de-douai-le-10-juillet-2025-n24-01683\/","url_meta":{"origin":657544,"position":4},"title":"Cour d&#8217;appel de Douai, le 10 juillet 2025, n\u00b024\/01683","author":"Kohen","date":"2026\u5e744\u67088\u65e5","format":false,"excerpt":"La Cour d'appel de Douai, statuant le 10 juillet 2\u2026","rel":"","context":"\u5728\u201cJurisprudence\u201d\u4e2d","block_context":{"text":"Jurisprudence","link":"https:\/\/kohenavocats.com\/category\/jurisprudence\/"},"img":{"alt_text":"","src":"https:\/\/i0.wp.com\/kohenavocats.com\/wp-content\/uploads\/2024\/08\/chris-unger-1NpTLXkg6K0-unsplash.webp?resize=350%2C200&ssl=1","width":350,"height":200,"srcset":"https:\/\/i0.wp.com\/kohenavocats.com\/wp-content\/uploads\/2024\/08\/chris-unger-1NpTLXkg6K0-unsplash.webp?resize=350%2C200&ssl=1 1x, https:\/\/i0.wp.com\/kohenavocats.com\/wp-content\/uploads\/2024\/08\/chris-unger-1NpTLXkg6K0-unsplash.webp?resize=525%2C300&ssl=1 1.5x, https:\/\/i0.wp.com\/kohenavocats.com\/wp-content\/uploads\/2024\/08\/chris-unger-1NpTLXkg6K0-unsplash.webp?resize=700%2C400&ssl=1 2x, https:\/\/i0.wp.com\/kohenavocats.com\/wp-content\/uploads\/2024\/08\/chris-unger-1NpTLXkg6K0-unsplash.webp?resize=1050%2C600&ssl=1 3x, https:\/\/i0.wp.com\/kohenavocats.com\/wp-content\/uploads\/2024\/08\/chris-unger-1NpTLXkg6K0-unsplash.webp?resize=1400%2C800&ssl=1 4x"},"classes":[]},{"id":614352,"url":"https:\/\/kohenavocats.com\/zh-hans\/cour-dappel-de-douai-le-19-fevrier-2025-n24-01527\/","url_meta":{"origin":657544,"position":5},"title":"Cour d&#8217;appel de Douai, le 19 f\u00e9vrier 2025, n\u00b024\/01527","author":"Kohen","date":"2026\u5e744\u670820\u65e5","format":false,"excerpt":"La cour d'appel de Douai, statuant le 19 f\u00e9vrier 2\u2026","rel":"","context":"\u5728\u201cJurisprudence\u201d\u4e2d","block_context":{"text":"Jurisprudence","link":"https:\/\/kohenavocats.com\/category\/jurisprudence\/"},"img":{"alt_text":"","src":"https:\/\/i0.wp.com\/kohenavocats.com\/wp-content\/uploads\/2024\/11\/getty-images-J7MPbX1-XzA-unsplash.webp?resize=350%2C200&ssl=1","width":350,"height":200,"srcset":"https:\/\/i0.wp.com\/kohenavocats.com\/wp-content\/uploads\/2024\/11\/getty-images-J7MPbX1-XzA-unsplash.webp?resize=350%2C200&ssl=1 1x, https:\/\/i0.wp.com\/kohenavocats.com\/wp-content\/uploads\/2024\/11\/getty-images-J7MPbX1-XzA-unsplash.webp?resize=525%2C300&ssl=1 1.5x, https:\/\/i0.wp.com\/kohenavocats.com\/wp-content\/uploads\/2024\/11\/getty-images-J7MPbX1-XzA-unsplash.webp?resize=700%2C400&ssl=1 2x, https:\/\/i0.wp.com\/kohenavocats.com\/wp-content\/uploads\/2024\/11\/getty-images-J7MPbX1-XzA-unsplash.webp?resize=1050%2C600&ssl=1 3x, https:\/\/i0.wp.com\/kohenavocats.com\/wp-content\/uploads\/2024\/11\/getty-images-J7MPbX1-XzA-unsplash.webp?resize=1400%2C800&ssl=1 4x"},"classes":[]}],"jetpack_sharing_enabled":true,"_links":{"self":[{"href":"https:\/\/kohenavocats.com\/zh-hans\/wp-json\/wp\/v2\/posts\/657544","targetHints":{"allow":["GET"]}}],"collection":[{"href":"https:\/\/kohenavocats.com\/zh-hans\/wp-json\/wp\/v2\/posts"}],"about":[{"href":"https:\/\/kohenavocats.com\/zh-hans\/wp-json\/wp\/v2\/types\/post"}],"author":[{"embeddable":true,"href":"https:\/\/kohenavocats.com\/zh-hans\/wp-json\/wp\/v2\/users\/232070755"}],"replies":[{"embeddable":true,"href":"https:\/\/kohenavocats.com\/zh-hans\/wp-json\/wp\/v2\/comments?post=657544"}],"version-history":[{"count":0,"href":"https:\/\/kohenavocats.com\/zh-hans\/wp-json\/wp\/v2\/posts\/657544\/revisions"}],"wp:featuredmedia":[{"embeddable":true,"href":"https:\/\/kohenavocats.com\/zh-hans\/wp-json\/wp\/v2\/media\/9618"}],"wp:attachment":[{"href":"https:\/\/kohenavocats.com\/zh-hans\/wp-json\/wp\/v2\/media?parent=657544"}],"wp:term":[{"taxonomy":"category","embeddable":true,"href":"https:\/\/kohenavocats.com\/zh-hans\/wp-json\/wp\/v2\/categories?post=657544"},{"taxonomy":"post_tag","embeddable":true,"href":"https:\/\/kohenavocats.com\/zh-hans\/wp-json\/wp\/v2\/tags?post=657544"}],"curies":[{"name":"wp","href":"https:\/\/api.w.org\/{rel}","templated":true}]}}