{"id":657915,"date":"2026-04-23T10:27:10","date_gmt":"2026-04-23T08:27:10","guid":{"rendered":"https:\/\/kohenavocats.com\/tribunal-judiciaire-de-creteil-le-29-septembre-2025-n25-00827-2\/"},"modified":"2026-04-23T10:27:10","modified_gmt":"2026-04-23T08:27:10","slug":"tribunal-judiciaire-de-creteil-le-29-septembre-2025-n25-00827-2","status":"publish","type":"post","link":"https:\/\/kohenavocats.com\/zh-hans\/tribunal-judiciaire-de-creteil-le-29-septembre-2025-n25-00827-2\/","title":{"rendered":"Tribunal judiciaire de Cr\u00e9teil, le 29 septembre 2025, n\u00b025\/00827"},"content":{"rendered":"<div class=\"article-content\">\n<p>Le tribunal judiciaire de Cr\u00e9teil, statuant en r\u00e9f\u00e9r\u00e9 le 29 septembre 2025, se prononce sur deux demandes distinctes. La premi\u00e8re concerne la jonction de deux proc\u00e9dures enr\u00f4l\u00e9es sous des num\u00e9ros diff\u00e9rents. La seconde vise \u00e0 rendre commune une pr\u00e9c\u00e9dente ordonnance d\u2019expertise \u00e0 de nouvelles parties. Le juge accueille favorablement ces deux requ\u00eates au nom d\u2019une bonne administration de la justice. Il ordonne la jonction des instances et \u00e9tend les effets de la mesure d\u2019instruction.<\/p>\n<p>La jonction d\u2019instances pour une instruction coordonn\u00e9e<\/p>\n<p>Le pouvoir discr\u00e9tionnaire du juge en mati\u00e8re de jonction<\/p>\n<p>Le juge des r\u00e9f\u00e9r\u00e9s ordonne la jonction de deux proc\u00e9dures en raison de leur connexit\u00e9. Il invoque l\u2019int\u00e9r\u00eat d\u2019une bonne administration de la justice sans d\u00e9tailler davantage les liens entre les litiges. Cette d\u00e9cision rappelle que le juge dispose d\u2019un large pouvoir d\u2019appr\u00e9ciation pour ordonner une telle mesure. Ce pouvoir peut \u00eatre exerc\u00e9 d\u2019office ou \u00e0 la demande des parties pour favoriser une instruction efficace.<\/p>\n<p>La connexit\u00e9 comme fondement l\u00e9gal de la jonction<\/p>\n<p>Le fondement l\u00e9gal de cette d\u00e9cision r\u00e9side dans l\u2019existence d\u2019une connexit\u00e9 entre les affaires. La jurisprudence d\u00e9finit ce lien comme une identit\u00e9 de parties ou de pr\u00e9tentions. &#8220;Aux termes de l&#8217;article 367 du code de proc\u00e9dure civile, le juge peut, \u00e0 la demande des parties ou d&#8217;office, ordonner la jonction de plusieurs instances pendantes devant lui s&#8217;il existe entre les litiges un lien tel qu&#8217;il soit de l&#8217;int\u00e9r\u00eat d&#8217;une bonne justice de les faire instruire ou juger ensemble&#8221; (Cour d&#8217;appel de Saint-Denis de la R\u00e9union, le 17 d\u00e9cembre 2025, n\u00b025\/00227). La d\u00e9cision comment\u00e9e applique strictement ce principe proc\u00e9dural.<\/p>\n<p>L\u2019extension d\u2019une mesure d\u2019instruction \u00e0 des tiers au litige<\/p>\n<p>Les conditions de l\u2019article 145 du code de proc\u00e9dure civile<\/p>\n<p>Le juge rend commune une ordonnance d\u2019expertise pr\u00e9alablement rendue \u00e0 de nouvelles parties. Il se fonde sur l\u2019article 145 du code de proc\u00e9dure civile relatif aux mesures d\u2019instruction en r\u00e9f\u00e9r\u00e9. La condition est l\u2019existence d\u2019un motif l\u00e9gitime de conserver ou d\u2019\u00e9tablir une preuve avant tout proc\u00e8s. La d\u00e9cision valide ce motif d\u00e8s lors que le tiers est susceptible d\u2019\u00eatre concern\u00e9 par le futur litige. Cela permet d\u2019assurer l\u2019opposabilit\u00e9 du futur rapport d\u2019expertise \u00e0 toutes les parties impliqu\u00e9es.<\/p>\n<p>Les cons\u00e9quences proc\u00e9durales de l\u2019ordonnance commune<\/p>\n<p>L\u2019extension de l\u2019expertise entra\u00eene des obligations pr\u00e9cises pour l\u2019expert et les nouvelles parties. L\u2019expert doit convoquer ces derni\u00e8res \u00e0 tous les rendez-vous ult\u00e9rieurs. Elles doivent pouvoir pr\u00e9senter des observations sur les op\u00e9rations d\u00e9j\u00e0 effectu\u00e9es. La d\u00e9cision pr\u00e9voit \u00e9galement la caducit\u00e9 de ces dispositions si le rapport est d\u00e9j\u00e0 d\u00e9pos\u00e9. Cette solution pragmatique garantit l\u2019\u00e9galit\u00e9 des armes et l\u2019utilit\u00e9 probatoire de l\u2019expertise pour un \u00e9ventuel proc\u00e8s au fond. Elle \u00e9vite la multiplication d\u2019expertises parall\u00e8les sur un m\u00eame objet technique.<\/p>\n<\/div>\n","protected":false},"excerpt":{"rendered":"<p>Le tribunal judiciaire de Cr\u00e9teil, statuant en r\u00e9f\u00e9r\u00e9 le 29 septembre 2025, se prononce sur deux demandes distinctes. La premi\u00e8re concerne la jonction de deu&#8230;<\/p>\n","protected":false},"author":232070755,"featured_media":3909,"comment_status":"open","ping_status":"open","sticky":false,"template":"","format":"standard","meta":{"_crdt_document":"","_jetpack_newsletter_access":"","_jetpack_dont_email_post_to_subs":false,"_jetpack_newsletter_tier_id":0,"_jetpack_memberships_contains_paywalled_content":false,"_kj_source_type":"judilibre","_kj_official_id":"68dad862763c15057e57907b","_kj_official_url":"https:\/\/www.courdecassation.fr\/decision\/68dad862763c15057e57907b","_kj_judilibre_id":"68dad862763c15057e57907b","_kj_jur":"Tribunal judiciaire","_kj_lieu":"Tribunal judiciaire de Cr\u00e9teil","_kj_chambre":"Section des R\u00e9f\u00e9r\u00e9s","_kj_rg":"25\/00827","_kj_date":"2025-09-29","_jetpack_memberships_contains_paid_content":false,"footnotes":"","jetpack_post_was_ever_published":false},"categories":[7597],"tags":[],"class_list":["post-657915","post","type-post","status-publish","format-standard","has-post-thumbnail","hentry","category-jurisprudence"],"yoast_head":"<!-- This site is optimized with the Yoast SEO Premium plugin v27.5 (Yoast SEO v27.5) - https:\/\/yoast.com\/product\/yoast-seo-premium-wordpress\/ -->\n<title>Tribunal judiciaire de Cr\u00e9teil, le 29 septembre 2025, n\u00b025\/00827 - Ma\u00eetre Hassan Kohen, avocat en droit p\u00e9nal \u00e0 Paris<\/title>\n<meta name=\"description\" content=\"Le tribunal judiciaire de Cr\u00e9teil, statuant en r\u00e9f\u00e9r\u00e9 le 29 septembre 2025, se prononce sur deux demandes distinctes. La premi\u00e8re concerne la jonction de deu...\" \/>\n<meta name=\"robots\" content=\"index, follow, max-snippet:-1, max-image-preview:large, max-video-preview:-1\" \/>\n<link rel=\"canonical\" href=\"https:\/\/kohenavocats.com\/zh-hans\/tribunal-judiciaire-de-creteil-le-29-septembre-2025-n25-00827-2\/\" \/>\n<meta property=\"og:locale\" content=\"zh_CN\" \/>\n<meta property=\"og:type\" content=\"article\" \/>\n<meta property=\"og:title\" content=\"Tribunal judiciaire de Cr\u00e9teil, le 29 septembre 2025, n\u00b025\/00827\" \/>\n<meta property=\"og:description\" content=\"Le tribunal judiciaire de Cr\u00e9teil, statuant en r\u00e9f\u00e9r\u00e9 le 29 septembre 2025, se prononce sur deux demandes distinctes. La premi\u00e8re concerne la jonction de deu...\" \/>\n<meta property=\"og:url\" content=\"https:\/\/kohenavocats.com\/zh-hans\/tribunal-judiciaire-de-creteil-le-29-septembre-2025-n25-00827-2\/\" \/>\n<meta property=\"og:site_name\" content=\"Ma\u00eetre Hassan Kohen, avocat en droit p\u00e9nal \u00e0 Paris\" \/>\n<meta property=\"article:published_time\" content=\"2026-04-23T08:27:10+00:00\" \/>\n<meta property=\"og:image\" content=\"https:\/\/kohenavocats.com\/wp-content\/uploads\/2024\/07\/louis-velazquez-XWW746i6WoM-unsplash.webp\" \/>\n\t<meta property=\"og:image:width\" content=\"5472\" \/>\n\t<meta property=\"og:image:height\" content=\"3648\" \/>\n\t<meta property=\"og:image:type\" content=\"image\/webp\" \/>\n<meta name=\"author\" content=\"Kohen\" \/>\n<meta name=\"twitter:card\" content=\"summary_large_image\" \/>\n<meta name=\"twitter:label1\" content=\"\u4f5c\u8005\" \/>\n\t<meta name=\"twitter:data1\" content=\"Kohen\" \/>\n\t<meta name=\"twitter:label2\" content=\"\u9884\u8ba1\u9605\u8bfb\u65f6\u95f4\" \/>\n\t<meta name=\"twitter:data2\" content=\"3 \u5206\" \/>\n<script type=\"application\/ld+json\" class=\"yoast-schema-graph\">{\"@context\":\"https:\\\/\\\/schema.org\",\"@graph\":[{\"@type\":\"Article\",\"@id\":\"https:\\\/\\\/kohenavocats.com\\\/zh-hans\\\/tribunal-judiciaire-de-creteil-le-29-septembre-2025-n25-00827-2\\\/#article\",\"isPartOf\":{\"@id\":\"https:\\\/\\\/kohenavocats.com\\\/zh-hans\\\/tribunal-judiciaire-de-creteil-le-29-septembre-2025-n25-00827-2\\\/\"},\"author\":{\"name\":\"Kohen\",\"@id\":\"https:\\\/\\\/kohenavocats.com\\\/zh-hans\\\/#\\\/schema\\\/person\\\/761c9ba54fa1ca84d405cef0831ff751\"},\"headline\":\"Tribunal judiciaire de Cr\u00e9teil, le 29 septembre 2025, n\u00b025\\\/00827\",\"datePublished\":\"2026-04-23T08:27:10+00:00\",\"mainEntityOfPage\":{\"@id\":\"https:\\\/\\\/kohenavocats.com\\\/zh-hans\\\/tribunal-judiciaire-de-creteil-le-29-septembre-2025-n25-00827-2\\\/\"},\"wordCount\":540,\"commentCount\":0,\"publisher\":{\"@id\":\"https:\\\/\\\/kohenavocats.com\\\/zh-hans\\\/#organization\"},\"image\":{\"@id\":\"https:\\\/\\\/kohenavocats.com\\\/zh-hans\\\/tribunal-judiciaire-de-creteil-le-29-septembre-2025-n25-00827-2\\\/#primaryimage\"},\"thumbnailUrl\":\"https:\\\/\\\/kohenavocats.com\\\/wp-content\\\/uploads\\\/2024\\\/07\\\/louis-velazquez-XWW746i6WoM-unsplash.webp\",\"articleSection\":[\"Jurisprudence\"],\"inLanguage\":\"zh-Hans\",\"potentialAction\":[{\"@type\":\"CommentAction\",\"name\":\"Comment\",\"target\":[\"https:\\\/\\\/kohenavocats.com\\\/zh-hans\\\/tribunal-judiciaire-de-creteil-le-29-septembre-2025-n25-00827-2\\\/#respond\"]}],\"citation\":\"Tribunal judiciaire de Cr\u00e9teil, le 29 septembre 2025, n\u00b025\\\/00827\",\"about\":[{\"@type\":\"Thing\",\"name\":\"Jurisprudence\"}],\"dateModified\":\"2026-04-23T08:27:10+00:00\",\"speakable\":{\"@type\":\"SpeakableSpecification\",\"cssSelector\":[\".article-content > p:first-of-type\"]}},{\"@type\":\"WebPage\",\"@id\":\"https:\\\/\\\/kohenavocats.com\\\/zh-hans\\\/tribunal-judiciaire-de-creteil-le-29-septembre-2025-n25-00827-2\\\/\",\"url\":\"https:\\\/\\\/kohenavocats.com\\\/zh-hans\\\/tribunal-judiciaire-de-creteil-le-29-septembre-2025-n25-00827-2\\\/\",\"name\":\"Tribunal judiciaire de Cr\u00e9teil, le 29 septembre 2025, n\u00b025\\\/00827 - Ma\u00eetre Hassan Kohen, avocat en droit p\u00e9nal \u00e0 Paris\",\"isPartOf\":{\"@id\":\"https:\\\/\\\/kohenavocats.com\\\/zh-hans\\\/#website\"},\"primaryImageOfPage\":{\"@id\":\"https:\\\/\\\/kohenavocats.com\\\/zh-hans\\\/tribunal-judiciaire-de-creteil-le-29-septembre-2025-n25-00827-2\\\/#primaryimage\"},\"image\":{\"@id\":\"https:\\\/\\\/kohenavocats.com\\\/zh-hans\\\/tribunal-judiciaire-de-creteil-le-29-septembre-2025-n25-00827-2\\\/#primaryimage\"},\"thumbnailUrl\":\"https:\\\/\\\/kohenavocats.com\\\/wp-content\\\/uploads\\\/2024\\\/07\\\/louis-velazquez-XWW746i6WoM-unsplash.webp\",\"datePublished\":\"2026-04-23T08:27:10+00:00\",\"description\":\"Le tribunal judiciaire de Cr\u00e9teil, statuant en r\u00e9f\u00e9r\u00e9 le 29 septembre 2025, se prononce sur deux demandes distinctes. La premi\u00e8re concerne la jonction de deu...\",\"breadcrumb\":{\"@id\":\"https:\\\/\\\/kohenavocats.com\\\/zh-hans\\\/tribunal-judiciaire-de-creteil-le-29-septembre-2025-n25-00827-2\\\/#breadcrumb\"},\"inLanguage\":\"zh-Hans\",\"potentialAction\":[{\"@type\":\"ReadAction\",\"target\":[\"https:\\\/\\\/kohenavocats.com\\\/zh-hans\\\/tribunal-judiciaire-de-creteil-le-29-septembre-2025-n25-00827-2\\\/\"]}]},{\"@type\":\"ImageObject\",\"inLanguage\":\"zh-Hans\",\"@id\":\"https:\\\/\\\/kohenavocats.com\\\/zh-hans\\\/tribunal-judiciaire-de-creteil-le-29-septembre-2025-n25-00827-2\\\/#primaryimage\",\"url\":\"https:\\\/\\\/kohenavocats.com\\\/wp-content\\\/uploads\\\/2024\\\/07\\\/louis-velazquez-XWW746i6WoM-unsplash.webp\",\"contentUrl\":\"https:\\\/\\\/kohenavocats.com\\\/wp-content\\\/uploads\\\/2024\\\/07\\\/louis-velazquez-XWW746i6WoM-unsplash.webp\",\"width\":5472,\"height\":3648},{\"@type\":\"BreadcrumbList\",\"@id\":\"https:\\\/\\\/kohenavocats.com\\\/zh-hans\\\/tribunal-judiciaire-de-creteil-le-29-septembre-2025-n25-00827-2\\\/#breadcrumb\",\"itemListElement\":[{\"@type\":\"ListItem\",\"position\":1,\"name\":\"Home\",\"item\":\"https:\\\/\\\/kohenavocats.com\\\/zh-hans\\\/\"},{\"@type\":\"ListItem\",\"position\":2,\"name\":\"Tribunal judiciaire de Cr\u00e9teil, le 29 septembre 2025, n\u00b025\\\/00827\"}]},{\"@type\":\"WebSite\",\"@id\":\"https:\\\/\\\/kohenavocats.com\\\/zh-hans\\\/#website\",\"url\":\"https:\\\/\\\/kohenavocats.com\\\/zh-hans\\\/\",\"name\":\"Kohen Avocats\",\"description\":\"Ma\u00eetre Hassan Kohen, avocat p\u00e9naliste \u00e0 Paris, intervient exclusivement en droit p\u00e9nal pour la d\u00e9fense des particuliers, notamment en mati\u00e8re d\u2019accusations de viol. Il assure un accompagnement rigoureux d\u00e8s la garde \u00e0 vue jusqu\u2019\u00e0 la Cour d\u2019assises, veillant au strict respect des garanties proc\u00e9durales.\",\"publisher\":{\"@id\":\"https:\\\/\\\/kohenavocats.com\\\/zh-hans\\\/#organization\"},\"potentialAction\":[{\"@type\":\"SearchAction\",\"target\":{\"@type\":\"EntryPoint\",\"urlTemplate\":\"https:\\\/\\\/kohenavocats.com\\\/zh-hans\\\/?s={search_term_string}\"},\"query-input\":{\"@type\":\"PropertyValueSpecification\",\"valueRequired\":true,\"valueName\":\"search_term_string\"}}],\"inLanguage\":\"zh-Hans\"},{\"@type\":\"Organization\",\"@id\":\"https:\\\/\\\/kohenavocats.com\\\/zh-hans\\\/#organization\",\"name\":\"Kohen Avocats\",\"url\":\"https:\\\/\\\/kohenavocats.com\\\/zh-hans\\\/\",\"logo\":{\"@type\":\"ImageObject\",\"inLanguage\":\"zh-Hans\",\"@id\":\"https:\\\/\\\/kohenavocats.com\\\/zh-hans\\\/#\\\/schema\\\/logo\\\/image\\\/\",\"url\":\"https:\\\/\\\/kohenavocats.com\\\/wp-content\\\/uploads\\\/2026\\\/01\\\/Logo-2-1.webp\",\"contentUrl\":\"https:\\\/\\\/kohenavocats.com\\\/wp-content\\\/uploads\\\/2026\\\/01\\\/Logo-2-1.webp\",\"width\":2114,\"height\":1253,\"caption\":\"Kohen Avocats\"},\"image\":{\"@id\":\"https:\\\/\\\/kohenavocats.com\\\/zh-hans\\\/#\\\/schema\\\/logo\\\/image\\\/\"}},{\"@type\":\"Person\",\"@id\":\"https:\\\/\\\/kohenavocats.com\\\/zh-hans\\\/#\\\/schema\\\/person\\\/761c9ba54fa1ca84d405cef0831ff751\",\"name\":\"Kohen\",\"image\":{\"@type\":\"ImageObject\",\"inLanguage\":\"zh-Hans\",\"@id\":\"https:\\\/\\\/secure.gravatar.com\\\/avatar\\\/1c5e76ef76bbbfdd2b4da984e2bf2fa4056fd51a27d25ce2c332047f1dfd6e00?s=96&d=identicon&r=g\",\"url\":\"https:\\\/\\\/secure.gravatar.com\\\/avatar\\\/1c5e76ef76bbbfdd2b4da984e2bf2fa4056fd51a27d25ce2c332047f1dfd6e00?s=96&d=identicon&r=g\",\"contentUrl\":\"https:\\\/\\\/secure.gravatar.com\\\/avatar\\\/1c5e76ef76bbbfdd2b4da984e2bf2fa4056fd51a27d25ce2c332047f1dfd6e00?s=96&d=identicon&r=g\",\"caption\":\"Kohen\"},\"sameAs\":[\"https:\\\/\\\/www.linkedin.com\\\/in\\\/hassan-kohen-448548192\\\/\",\"https:\\\/\\\/www.youtube.com\\\/@Kohen-Avocats\"],\"url\":\"https:\\\/\\\/kohenavocats.com\\\/zh-hans\\\/author\\\/kohenmlk\\\/\"}]}<\/script>\n<!-- \/ Yoast SEO Premium plugin. -->","yoast_head_json":{"title":"Tribunal judiciaire de Cr\u00e9teil, le 29 septembre 2025, n\u00b025\/00827 - Ma\u00eetre Hassan Kohen, avocat en droit p\u00e9nal \u00e0 Paris","description":"Le tribunal judiciaire de Cr\u00e9teil, statuant en r\u00e9f\u00e9r\u00e9 le 29 septembre 2025, se prononce sur deux demandes distinctes. La premi\u00e8re concerne la jonction de deu...","robots":{"index":"index","follow":"follow","max-snippet":"max-snippet:-1","max-image-preview":"max-image-preview:large","max-video-preview":"max-video-preview:-1"},"canonical":"https:\/\/kohenavocats.com\/zh-hans\/tribunal-judiciaire-de-creteil-le-29-septembre-2025-n25-00827-2\/","og_locale":"zh_CN","og_type":"article","og_title":"Tribunal judiciaire de Cr\u00e9teil, le 29 septembre 2025, n\u00b025\/00827","og_description":"Le tribunal judiciaire de Cr\u00e9teil, statuant en r\u00e9f\u00e9r\u00e9 le 29 septembre 2025, se prononce sur deux demandes distinctes. La premi\u00e8re concerne la jonction de deu...","og_url":"https:\/\/kohenavocats.com\/zh-hans\/tribunal-judiciaire-de-creteil-le-29-septembre-2025-n25-00827-2\/","og_site_name":"Ma\u00eetre Hassan Kohen, avocat en droit p\u00e9nal \u00e0 Paris","article_published_time":"2026-04-23T08:27:10+00:00","og_image":[{"width":5472,"height":3648,"url":"https:\/\/kohenavocats.com\/wp-content\/uploads\/2024\/07\/louis-velazquez-XWW746i6WoM-unsplash.webp","type":"image\/webp"}],"author":"Kohen","twitter_card":"summary_large_image","twitter_misc":{"\u4f5c\u8005":"Kohen","\u9884\u8ba1\u9605\u8bfb\u65f6\u95f4":"3 \u5206"},"schema":{"@context":"https:\/\/schema.org","@graph":[{"@type":"Article","@id":"https:\/\/kohenavocats.com\/zh-hans\/tribunal-judiciaire-de-creteil-le-29-septembre-2025-n25-00827-2\/#article","isPartOf":{"@id":"https:\/\/kohenavocats.com\/zh-hans\/tribunal-judiciaire-de-creteil-le-29-septembre-2025-n25-00827-2\/"},"author":{"name":"Kohen","@id":"https:\/\/kohenavocats.com\/zh-hans\/#\/schema\/person\/761c9ba54fa1ca84d405cef0831ff751"},"headline":"Tribunal judiciaire de Cr\u00e9teil, le 29 septembre 2025, n\u00b025\/00827","datePublished":"2026-04-23T08:27:10+00:00","mainEntityOfPage":{"@id":"https:\/\/kohenavocats.com\/zh-hans\/tribunal-judiciaire-de-creteil-le-29-septembre-2025-n25-00827-2\/"},"wordCount":540,"commentCount":0,"publisher":{"@id":"https:\/\/kohenavocats.com\/zh-hans\/#organization"},"image":{"@id":"https:\/\/kohenavocats.com\/zh-hans\/tribunal-judiciaire-de-creteil-le-29-septembre-2025-n25-00827-2\/#primaryimage"},"thumbnailUrl":"https:\/\/kohenavocats.com\/wp-content\/uploads\/2024\/07\/louis-velazquez-XWW746i6WoM-unsplash.webp","articleSection":["Jurisprudence"],"inLanguage":"zh-Hans","potentialAction":[{"@type":"CommentAction","name":"Comment","target":["https:\/\/kohenavocats.com\/zh-hans\/tribunal-judiciaire-de-creteil-le-29-septembre-2025-n25-00827-2\/#respond"]}],"citation":"Tribunal judiciaire de Cr\u00e9teil, le 29 septembre 2025, n\u00b025\/00827","about":[{"@type":"Thing","name":"Jurisprudence"}],"dateModified":"2026-04-23T08:27:10+00:00","speakable":{"@type":"SpeakableSpecification","cssSelector":[".article-content > p:first-of-type"]}},{"@type":"WebPage","@id":"https:\/\/kohenavocats.com\/zh-hans\/tribunal-judiciaire-de-creteil-le-29-septembre-2025-n25-00827-2\/","url":"https:\/\/kohenavocats.com\/zh-hans\/tribunal-judiciaire-de-creteil-le-29-septembre-2025-n25-00827-2\/","name":"Tribunal judiciaire de Cr\u00e9teil, le 29 septembre 2025, n\u00b025\/00827 - Ma\u00eetre Hassan Kohen, avocat en droit p\u00e9nal \u00e0 Paris","isPartOf":{"@id":"https:\/\/kohenavocats.com\/zh-hans\/#website"},"primaryImageOfPage":{"@id":"https:\/\/kohenavocats.com\/zh-hans\/tribunal-judiciaire-de-creteil-le-29-septembre-2025-n25-00827-2\/#primaryimage"},"image":{"@id":"https:\/\/kohenavocats.com\/zh-hans\/tribunal-judiciaire-de-creteil-le-29-septembre-2025-n25-00827-2\/#primaryimage"},"thumbnailUrl":"https:\/\/kohenavocats.com\/wp-content\/uploads\/2024\/07\/louis-velazquez-XWW746i6WoM-unsplash.webp","datePublished":"2026-04-23T08:27:10+00:00","description":"Le tribunal judiciaire de Cr\u00e9teil, statuant en r\u00e9f\u00e9r\u00e9 le 29 septembre 2025, se prononce sur deux demandes distinctes. La premi\u00e8re concerne la jonction de deu...","breadcrumb":{"@id":"https:\/\/kohenavocats.com\/zh-hans\/tribunal-judiciaire-de-creteil-le-29-septembre-2025-n25-00827-2\/#breadcrumb"},"inLanguage":"zh-Hans","potentialAction":[{"@type":"ReadAction","target":["https:\/\/kohenavocats.com\/zh-hans\/tribunal-judiciaire-de-creteil-le-29-septembre-2025-n25-00827-2\/"]}]},{"@type":"ImageObject","inLanguage":"zh-Hans","@id":"https:\/\/kohenavocats.com\/zh-hans\/tribunal-judiciaire-de-creteil-le-29-septembre-2025-n25-00827-2\/#primaryimage","url":"https:\/\/kohenavocats.com\/wp-content\/uploads\/2024\/07\/louis-velazquez-XWW746i6WoM-unsplash.webp","contentUrl":"https:\/\/kohenavocats.com\/wp-content\/uploads\/2024\/07\/louis-velazquez-XWW746i6WoM-unsplash.webp","width":5472,"height":3648},{"@type":"BreadcrumbList","@id":"https:\/\/kohenavocats.com\/zh-hans\/tribunal-judiciaire-de-creteil-le-29-septembre-2025-n25-00827-2\/#breadcrumb","itemListElement":[{"@type":"ListItem","position":1,"name":"Home","item":"https:\/\/kohenavocats.com\/zh-hans\/"},{"@type":"ListItem","position":2,"name":"Tribunal judiciaire de Cr\u00e9teil, le 29 septembre 2025, n\u00b025\/00827"}]},{"@type":"WebSite","@id":"https:\/\/kohenavocats.com\/zh-hans\/#website","url":"https:\/\/kohenavocats.com\/zh-hans\/","name":"Kohen Avocats","description":"Ma\u00eetre Hassan Kohen, avocat p\u00e9naliste \u00e0 Paris, intervient exclusivement en droit p\u00e9nal pour la d\u00e9fense des particuliers, notamment en mati\u00e8re d\u2019accusations de viol. Il assure un accompagnement rigoureux d\u00e8s la garde \u00e0 vue jusqu\u2019\u00e0 la Cour d\u2019assises, veillant au strict respect des garanties proc\u00e9durales.","publisher":{"@id":"https:\/\/kohenavocats.com\/zh-hans\/#organization"},"potentialAction":[{"@type":"SearchAction","target":{"@type":"EntryPoint","urlTemplate":"https:\/\/kohenavocats.com\/zh-hans\/?s={search_term_string}"},"query-input":{"@type":"PropertyValueSpecification","valueRequired":true,"valueName":"search_term_string"}}],"inLanguage":"zh-Hans"},{"@type":"Organization","@id":"https:\/\/kohenavocats.com\/zh-hans\/#organization","name":"Kohen Avocats","url":"https:\/\/kohenavocats.com\/zh-hans\/","logo":{"@type":"ImageObject","inLanguage":"zh-Hans","@id":"https:\/\/kohenavocats.com\/zh-hans\/#\/schema\/logo\/image\/","url":"https:\/\/kohenavocats.com\/wp-content\/uploads\/2026\/01\/Logo-2-1.webp","contentUrl":"https:\/\/kohenavocats.com\/wp-content\/uploads\/2026\/01\/Logo-2-1.webp","width":2114,"height":1253,"caption":"Kohen Avocats"},"image":{"@id":"https:\/\/kohenavocats.com\/zh-hans\/#\/schema\/logo\/image\/"}},{"@type":"Person","@id":"https:\/\/kohenavocats.com\/zh-hans\/#\/schema\/person\/761c9ba54fa1ca84d405cef0831ff751","name":"Kohen","image":{"@type":"ImageObject","inLanguage":"zh-Hans","@id":"https:\/\/secure.gravatar.com\/avatar\/1c5e76ef76bbbfdd2b4da984e2bf2fa4056fd51a27d25ce2c332047f1dfd6e00?s=96&d=identicon&r=g","url":"https:\/\/secure.gravatar.com\/avatar\/1c5e76ef76bbbfdd2b4da984e2bf2fa4056fd51a27d25ce2c332047f1dfd6e00?s=96&d=identicon&r=g","contentUrl":"https:\/\/secure.gravatar.com\/avatar\/1c5e76ef76bbbfdd2b4da984e2bf2fa4056fd51a27d25ce2c332047f1dfd6e00?s=96&d=identicon&r=g","caption":"Kohen"},"sameAs":["https:\/\/www.linkedin.com\/in\/hassan-kohen-448548192\/","https:\/\/www.youtube.com\/@Kohen-Avocats"],"url":"https:\/\/kohenavocats.com\/zh-hans\/author\/kohenmlk\/"}]}},"jetpack_featured_media_url":"https:\/\/kohenavocats.com\/wp-content\/uploads\/2024\/07\/louis-velazquez-XWW746i6WoM-unsplash.webp","jetpack_likes_enabled":false,"jetpack_shortlink":"https:\/\/wp.me\/peCrII-2L9x","jetpack-related-posts":[{"id":657703,"url":"https:\/\/kohenavocats.com\/zh-hans\/tribunal-judiciaire-de-paris-le-9-decembre-2025-n21-08473\/","url_meta":{"origin":657915,"position":0},"title":"Tribunal judiciaire de Paris, le 9 d\u00e9cembre 2025, n\u00b021\/08473","author":"Kohen","date":"2026\u5e744\u670823\u65e5","format":false,"excerpt":"Le Tribunal judiciaire de Paris, juge de la mise e\u2026","rel":"","context":"\u5728\u201cJurisprudence\u201d\u4e2d","block_context":{"text":"Jurisprudence","link":"https:\/\/kohenavocats.com\/category\/jurisprudence\/"},"img":{"alt_text":"","src":"https:\/\/i0.wp.com\/kohenavocats.com\/wp-content\/uploads\/2024\/11\/kamran-abdullayev-KGkwMo7r-kA-unsplash.webp?resize=350%2C200&ssl=1","width":350,"height":200,"srcset":"https:\/\/i0.wp.com\/kohenavocats.com\/wp-content\/uploads\/2024\/11\/kamran-abdullayev-KGkwMo7r-kA-unsplash.webp?resize=350%2C200&ssl=1 1x, https:\/\/i0.wp.com\/kohenavocats.com\/wp-content\/uploads\/2024\/11\/kamran-abdullayev-KGkwMo7r-kA-unsplash.webp?resize=525%2C300&ssl=1 1.5x, https:\/\/i0.wp.com\/kohenavocats.com\/wp-content\/uploads\/2024\/11\/kamran-abdullayev-KGkwMo7r-kA-unsplash.webp?resize=700%2C400&ssl=1 2x, https:\/\/i0.wp.com\/kohenavocats.com\/wp-content\/uploads\/2024\/11\/kamran-abdullayev-KGkwMo7r-kA-unsplash.webp?resize=1050%2C600&ssl=1 3x, https:\/\/i0.wp.com\/kohenavocats.com\/wp-content\/uploads\/2024\/11\/kamran-abdullayev-KGkwMo7r-kA-unsplash.webp?resize=1400%2C800&ssl=1 4x"},"classes":[]},{"id":421104,"url":"https:\/\/kohenavocats.com\/zh-hans\/tribunal-de-commerce-de-dijon-le-29-janvier-2025-n2025000935\/","url_meta":{"origin":657915,"position":1},"title":"Tribunal de commerce de Dijon, le 29 janvier 2025, n\u00b02025000935","author":"Kohen","date":"2026\u5e743\u670822\u65e5","format":false,"excerpt":"Le tribunal de commerce de Dijon, statuant en la f\u2026","rel":"","context":"\u5728\u201cD\u00e9cisions juridiques\u201d\u4e2d","block_context":{"text":"D\u00e9cisions juridiques","link":"https:\/\/kohenavocats.com\/category\/decisions-juridiques\/"},"img":{"alt_text":"","src":"https:\/\/i0.wp.com\/kohenavocats.com\/wp-content\/uploads\/2024\/11\/getty-images-XLYXqcKQm48-unsplash.webp?resize=350%2C200&ssl=1","width":350,"height":200,"srcset":"https:\/\/i0.wp.com\/kohenavocats.com\/wp-content\/uploads\/2024\/11\/getty-images-XLYXqcKQm48-unsplash.webp?resize=350%2C200&ssl=1 1x, https:\/\/i0.wp.com\/kohenavocats.com\/wp-content\/uploads\/2024\/11\/getty-images-XLYXqcKQm48-unsplash.webp?resize=525%2C300&ssl=1 1.5x, https:\/\/i0.wp.com\/kohenavocats.com\/wp-content\/uploads\/2024\/11\/getty-images-XLYXqcKQm48-unsplash.webp?resize=700%2C400&ssl=1 2x, https:\/\/i0.wp.com\/kohenavocats.com\/wp-content\/uploads\/2024\/11\/getty-images-XLYXqcKQm48-unsplash.webp?resize=1050%2C600&ssl=1 3x, https:\/\/i0.wp.com\/kohenavocats.com\/wp-content\/uploads\/2024\/11\/getty-images-XLYXqcKQm48-unsplash.webp?resize=1400%2C800&ssl=1 4x"},"classes":[]},{"id":267206,"url":"https:\/\/kohenavocats.com\/zh-hans\/tribunal-judiciaire-de-creteil-le-23-juin-2025-n24-00903\/","url_meta":{"origin":657915,"position":2},"title":"Tribunal judiciaire de Cr\u00e9teil, le 23 juin 2025, n\u00b024\/00903","author":"Kohen","date":"2026\u5e741\u670810\u65e5","format":false,"excerpt":"Le Tribunal judiciaire de Cr\u00e9teil, P\u00f4le social, a \u2026","rel":"","context":"\u5728\u201cD\u00e9cisions juridiques\u201d\u4e2d","block_context":{"text":"D\u00e9cisions juridiques","link":"https:\/\/kohenavocats.com\/category\/decisions-juridiques\/"},"img":{"alt_text":"","src":"https:\/\/i0.wp.com\/kohenavocats.com\/wp-content\/uploads\/2024\/06\/giammarco-boscaro-zeH-ljawHtg-unsplash.jpg?resize=350%2C200&ssl=1","width":350,"height":200,"srcset":"https:\/\/i0.wp.com\/kohenavocats.com\/wp-content\/uploads\/2024\/06\/giammarco-boscaro-zeH-ljawHtg-unsplash.jpg?resize=350%2C200&ssl=1 1x, https:\/\/i0.wp.com\/kohenavocats.com\/wp-content\/uploads\/2024\/06\/giammarco-boscaro-zeH-ljawHtg-unsplash.jpg?resize=525%2C300&ssl=1 1.5x, https:\/\/i0.wp.com\/kohenavocats.com\/wp-content\/uploads\/2024\/06\/giammarco-boscaro-zeH-ljawHtg-unsplash.jpg?resize=700%2C400&ssl=1 2x, https:\/\/i0.wp.com\/kohenavocats.com\/wp-content\/uploads\/2024\/06\/giammarco-boscaro-zeH-ljawHtg-unsplash.jpg?resize=1050%2C600&ssl=1 3x, https:\/\/i0.wp.com\/kohenavocats.com\/wp-content\/uploads\/2024\/06\/giammarco-boscaro-zeH-ljawHtg-unsplash.jpg?resize=1400%2C800&ssl=1 4x"},"classes":[]},{"id":659977,"url":"https:\/\/kohenavocats.com\/zh-hans\/cour-dappel-le-26-septembre-2025-n25-00944\/","url_meta":{"origin":657915,"position":3},"title":"Cour d&#8217;appel, le 26 septembre 2025, n\u00b025\/00944","author":"Kohen","date":"2026\u5e744\u670823\u65e5","format":false,"excerpt":"La cour d'appel, statuant sur une ordonnance en re\u2026","rel":"","context":"\u5728\u201cJurisprudence\u201d\u4e2d","block_context":{"text":"Jurisprudence","link":"https:\/\/kohenavocats.com\/category\/jurisprudence\/"},"img":{"alt_text":"","src":"https:\/\/i0.wp.com\/kohenavocats.com\/wp-content\/uploads\/2024\/07\/zach-plank-o-cpCRdEgxs-unsplash.webp?resize=350%2C200&ssl=1","width":350,"height":200,"srcset":"https:\/\/i0.wp.com\/kohenavocats.com\/wp-content\/uploads\/2024\/07\/zach-plank-o-cpCRdEgxs-unsplash.webp?resize=350%2C200&ssl=1 1x, https:\/\/i0.wp.com\/kohenavocats.com\/wp-content\/uploads\/2024\/07\/zach-plank-o-cpCRdEgxs-unsplash.webp?resize=525%2C300&ssl=1 1.5x, https:\/\/i0.wp.com\/kohenavocats.com\/wp-content\/uploads\/2024\/07\/zach-plank-o-cpCRdEgxs-unsplash.webp?resize=700%2C400&ssl=1 2x, https:\/\/i0.wp.com\/kohenavocats.com\/wp-content\/uploads\/2024\/07\/zach-plank-o-cpCRdEgxs-unsplash.webp?resize=1050%2C600&ssl=1 3x, https:\/\/i0.wp.com\/kohenavocats.com\/wp-content\/uploads\/2024\/07\/zach-plank-o-cpCRdEgxs-unsplash.webp?resize=1400%2C800&ssl=1 4x"},"classes":[]},{"id":290416,"url":"https:\/\/kohenavocats.com\/zh-hans\/tribunal-judiciaire-de-versailles-le-27-juin-2025-n24-04155\/","url_meta":{"origin":657915,"position":4},"title":"Tribunal judiciaire de Versailles, le 27 juin 2025, n\u00b024\/04155","author":"Kohen","date":"2026\u5e741\u670819\u65e5","format":false,"excerpt":"Le Tribunal judiciaire de Versailles, juge de la m\u2026","rel":"","context":"\u5728\u201cD\u00e9cisions juridiques\u201d\u4e2d","block_context":{"text":"D\u00e9cisions juridiques","link":"https:\/\/kohenavocats.com\/category\/decisions-juridiques\/"},"img":{"alt_text":"","src":"https:\/\/i0.wp.com\/kohenavocats.com\/wp-content\/uploads\/2024\/11\/aakash-dhage-mpt624SvwS4-unsplash.webp?resize=350%2C200&ssl=1","width":350,"height":200,"srcset":"https:\/\/i0.wp.com\/kohenavocats.com\/wp-content\/uploads\/2024\/11\/aakash-dhage-mpt624SvwS4-unsplash.webp?resize=350%2C200&ssl=1 1x, https:\/\/i0.wp.com\/kohenavocats.com\/wp-content\/uploads\/2024\/11\/aakash-dhage-mpt624SvwS4-unsplash.webp?resize=525%2C300&ssl=1 1.5x, https:\/\/i0.wp.com\/kohenavocats.com\/wp-content\/uploads\/2024\/11\/aakash-dhage-mpt624SvwS4-unsplash.webp?resize=700%2C400&ssl=1 2x, https:\/\/i0.wp.com\/kohenavocats.com\/wp-content\/uploads\/2024\/11\/aakash-dhage-mpt624SvwS4-unsplash.webp?resize=1050%2C600&ssl=1 3x, https:\/\/i0.wp.com\/kohenavocats.com\/wp-content\/uploads\/2024\/11\/aakash-dhage-mpt624SvwS4-unsplash.webp?resize=1400%2C800&ssl=1 4x"},"classes":[]},{"id":481752,"url":"https:\/\/kohenavocats.com\/zh-hans\/tribunal-de-commerce-de-beziers-le-17-novembre-2025-n2025006818\/","url_meta":{"origin":657915,"position":5},"title":"Tribunal de commerce de B\u00e9ziers, le 17 novembre 2025, n\u00b02025006818","author":"Kohen","date":"2026\u5e744\u67087\u65e5","format":false,"excerpt":"Le tribunal de commerce de B\u00e9ziers, par ordonnance\u2026","rel":"","context":"\u5728\u201cJurisprudence\u201d\u4e2d","block_context":{"text":"Jurisprudence","link":"https:\/\/kohenavocats.com\/category\/jurisprudence\/"},"img":{"alt_text":"","src":"https:\/\/i0.wp.com\/kohenavocats.com\/wp-content\/uploads\/2024\/08\/diane-picchiottino-PeF-Q-zRVSA-unsplash.webp?resize=350%2C200&ssl=1","width":350,"height":200,"srcset":"https:\/\/i0.wp.com\/kohenavocats.com\/wp-content\/uploads\/2024\/08\/diane-picchiottino-PeF-Q-zRVSA-unsplash.webp?resize=350%2C200&ssl=1 1x, https:\/\/i0.wp.com\/kohenavocats.com\/wp-content\/uploads\/2024\/08\/diane-picchiottino-PeF-Q-zRVSA-unsplash.webp?resize=525%2C300&ssl=1 1.5x, https:\/\/i0.wp.com\/kohenavocats.com\/wp-content\/uploads\/2024\/08\/diane-picchiottino-PeF-Q-zRVSA-unsplash.webp?resize=700%2C400&ssl=1 2x, https:\/\/i0.wp.com\/kohenavocats.com\/wp-content\/uploads\/2024\/08\/diane-picchiottino-PeF-Q-zRVSA-unsplash.webp?resize=1050%2C600&ssl=1 3x, https:\/\/i0.wp.com\/kohenavocats.com\/wp-content\/uploads\/2024\/08\/diane-picchiottino-PeF-Q-zRVSA-unsplash.webp?resize=1400%2C800&ssl=1 4x"},"classes":[]}],"jetpack_sharing_enabled":true,"_links":{"self":[{"href":"https:\/\/kohenavocats.com\/zh-hans\/wp-json\/wp\/v2\/posts\/657915","targetHints":{"allow":["GET"]}}],"collection":[{"href":"https:\/\/kohenavocats.com\/zh-hans\/wp-json\/wp\/v2\/posts"}],"about":[{"href":"https:\/\/kohenavocats.com\/zh-hans\/wp-json\/wp\/v2\/types\/post"}],"author":[{"embeddable":true,"href":"https:\/\/kohenavocats.com\/zh-hans\/wp-json\/wp\/v2\/users\/232070755"}],"replies":[{"embeddable":true,"href":"https:\/\/kohenavocats.com\/zh-hans\/wp-json\/wp\/v2\/comments?post=657915"}],"version-history":[{"count":0,"href":"https:\/\/kohenavocats.com\/zh-hans\/wp-json\/wp\/v2\/posts\/657915\/revisions"}],"wp:featuredmedia":[{"embeddable":true,"href":"https:\/\/kohenavocats.com\/zh-hans\/wp-json\/wp\/v2\/media\/3909"}],"wp:attachment":[{"href":"https:\/\/kohenavocats.com\/zh-hans\/wp-json\/wp\/v2\/media?parent=657915"}],"wp:term":[{"taxonomy":"category","embeddable":true,"href":"https:\/\/kohenavocats.com\/zh-hans\/wp-json\/wp\/v2\/categories?post=657915"},{"taxonomy":"post_tag","embeddable":true,"href":"https:\/\/kohenavocats.com\/zh-hans\/wp-json\/wp\/v2\/tags?post=657915"}],"curies":[{"name":"wp","href":"https:\/\/api.w.org\/{rel}","templated":true}]}}