{"id":658259,"date":"2026-04-23T10:59:32","date_gmt":"2026-04-23T08:59:32","guid":{"rendered":"https:\/\/kohenavocats.com\/tribunal-judiciaire-de-creteil-le-29-septembre-2025-n25-00866-2\/"},"modified":"2026-04-23T10:59:32","modified_gmt":"2026-04-23T08:59:32","slug":"tribunal-judiciaire-de-creteil-le-29-septembre-2025-n25-00866-2","status":"publish","type":"post","link":"https:\/\/kohenavocats.com\/zh-hans\/tribunal-judiciaire-de-creteil-le-29-septembre-2025-n25-00866-2\/","title":{"rendered":"Tribunal judiciaire de Cr\u00e9teil, le 29 septembre 2025, n\u00b025\/00866"},"content":{"rendered":"<div class=\"article-content\">\n<p>Le tribunal judiciaire de Cr\u00e9teil, statuant en r\u00e9f\u00e9r\u00e9 le 29 septembre 2025, se prononce sur une demande d\u2019extension d\u2019une expertise. Le juge accueille une intervention volontaire et rend commune une ordonnance d\u2019expertise pr\u00e9alable \u00e0 un large cercle de parties. La solution consacre une interpr\u00e9tation extensive des conditions de l\u2019article 145 du code de proc\u00e9dure civile.<\/p>\n<p>L\u2019admission d\u2019un tiers \u00e0 l\u2019expertise en cours<\/p>\n<p>Le crit\u00e8re de l\u2019int\u00e9r\u00eat l\u00e9gitime au futur litige. Le juge rappelle les conditions l\u00e9gales pour \u00e9tendre une mesure d\u2019instruction d\u00e9j\u00e0 ordonn\u00e9e. Il exige que le tiers soit susceptible d\u2019\u00eatre concern\u00e9 par le proc\u00e8s futur justifiant l\u2019expertise. Cette condition vise \u00e0 garantir une bonne administration de la justice. Elle permet d\u2019assurer l\u2019opposabilit\u00e9 du futur rapport d\u2019expertise \u00e0 toutes les parties impliqu\u00e9es. &#8220;Lorsque la mesure d&#8217;instruction a d&#8217;ores et d\u00e9j\u00e0 \u00e9t\u00e9 ordonn\u00e9e, pour qu&#8217;un tiers \u00e0 l&#8217;expertise puisse y \u00eatre appel\u00e9, il doit \u00eatre \u00e9tabli que ce tiers est susceptible d&#8217;\u00eatre concern\u00e9 par le proc\u00e8s futur dont l&#8217;\u00e9ventualit\u00e9 a l\u00e9gitim\u00e9 le prononc\u00e9 de la mesure&#8221; (Motifs). Cette formulation pr\u00e9cise le lien n\u00e9cessaire entre le tiers et le litige substantiel.<\/p>\n<p>Une application extensive fond\u00e9e sur les liens contractuels. En l\u2019esp\u00e8ce, le juge constate ce lien \u00e0 partir d\u2019un faisceau d\u2019indices contractuels et assurantiels. La d\u00e9cision \u00e9num\u00e8re plusieurs contrats de commande conclus avec le ma\u00eetre d\u2019ouvrage. Elle rel\u00e8ve \u00e9galement les attestations d\u2019assurance des entreprises concern\u00e9es. Cette d\u00e9monstration par la documentation \u00e9tablit la possibilit\u00e9 d\u2019une implication dans les d\u00e9sordres. Le tribunal judiciaire de Versailles rappelait d\u00e9j\u00e0 qu\u2019&#8221;il est n\u00e9cessaire, et suffisant, conform\u00e9ment aux conditions pr\u00e9vues par ce texte, qu&#8217;il existe un motif l\u00e9gitime de rendre l&#8217;expertise commune \u00e0 d&#8217;autres parties&#8221; (Tribunal judiciaire de Versailles, le 19 novembre 2024, n\u00b024\/00658). La d\u00e9cision applique strictement ce principe en fondant le motif l\u00e9gitime sur des preuves \u00e9crites.<\/p>\n<p>Les modalit\u00e9s pratiques de l\u2019extension de l\u2019expertise<\/p>\n<p>L\u2019encadrement proc\u00e9dural pour garantir le contradictoire. Le dispositif organise minutieusement les cons\u00e9quences de l\u2019extension. Il impose \u00e0 l\u2019expert de convoquer les nouvelles parties \u00e0 tous les rendez-vous futurs. Il pr\u00e9voit aussi que ces derni\u00e8res doivent pouvoir pr\u00e9senter des observations sur les op\u00e9rations pass\u00e9es. Cette mesure corrective est essentielle pour pr\u00e9server leurs droits \u00e0 une proc\u00e9dure contradictoire. Elle pallie leur absence initiale lors du d\u00e9but des op\u00e9rations expertales. Le juge anticipe ainsi les difficult\u00e9s pratiques n\u00e9es de l\u2019arriv\u00e9e tardive de multiples intervenants.<\/p>\n<p>Les limites temporelles et les cons\u00e9quences sur les d\u00e9pens. La d\u00e9cision pr\u00e9voit express\u00e9ment la caducit\u00e9 de ses dispositions si le rapport est d\u00e9j\u00e0 d\u00e9pos\u00e9. Cette clause limite l\u2019impact proc\u00e9dural de l\u2019extension \u00e0 une phase utile de l\u2019expertise. Par ailleurs, le juge rejette la demande de r\u00e9servation des d\u00e9pens. Il consid\u00e8re que l\u2019ordonnance de r\u00e9f\u00e9r\u00e9 vide sa saisine et tranche d\u00e9finitivement cette question. La partie \u00e0 l\u2019origine de la demande supporte donc la charge des frais de l\u2019instance r\u00e9f\u00e9r\u00e9. Cette solution affirme l\u2019autonomie de la juridiction des r\u00e9f\u00e9r\u00e9s en mati\u00e8re de d\u00e9pens.<\/p>\n<\/div>\n","protected":false},"excerpt":{"rendered":"<p>Le tribunal judiciaire de Cr\u00e9teil, statuant en r\u00e9f\u00e9r\u00e9 le 29 septembre 2025, se prononce sur une demande d\u2019extension d\u2019une expertise. Le juge accueille une in&#8230;<\/p>\n","protected":false},"author":232070755,"featured_media":4676,"comment_status":"open","ping_status":"open","sticky":false,"template":"","format":"standard","meta":{"_crdt_document":"","_jetpack_newsletter_access":"","_jetpack_dont_email_post_to_subs":false,"_jetpack_newsletter_tier_id":0,"_jetpack_memberships_contains_paywalled_content":false,"_kj_source_type":"judilibre","_kj_official_id":"68dad862763c15057e57908f","_kj_official_url":"https:\/\/www.courdecassation.fr\/decision\/68dad862763c15057e57908f","_kj_judilibre_id":"68dad862763c15057e57908f","_kj_jur":"Tribunal judiciaire","_kj_lieu":"Tribunal judiciaire de Cr\u00e9teil","_kj_chambre":"Section des R\u00e9f\u00e9r\u00e9s","_kj_rg":"25\/00866","_kj_date":"2025-09-29","_jetpack_memberships_contains_paid_content":false,"footnotes":"","jetpack_post_was_ever_published":false},"categories":[7597],"tags":[],"class_list":["post-658259","post","type-post","status-publish","format-standard","has-post-thumbnail","hentry","category-jurisprudence"],"yoast_head":"<!-- This site is optimized with the Yoast SEO Premium plugin v27.5 (Yoast SEO v27.5) - https:\/\/yoast.com\/product\/yoast-seo-premium-wordpress\/ -->\n<title>Tribunal judiciaire de Cr\u00e9teil, le 29 septembre 2025, n\u00b025\/00866 - Ma\u00eetre Hassan Kohen, avocat en droit p\u00e9nal \u00e0 Paris<\/title>\n<meta name=\"description\" content=\"Le tribunal judiciaire de Cr\u00e9teil, statuant en r\u00e9f\u00e9r\u00e9 le 29 septembre 2025, se prononce sur une demande d\u2019extension d\u2019une expertise. Le juge accueille une in...\" \/>\n<meta name=\"robots\" content=\"index, follow, max-snippet:-1, max-image-preview:large, max-video-preview:-1\" \/>\n<link rel=\"canonical\" href=\"https:\/\/kohenavocats.com\/zh-hans\/tribunal-judiciaire-de-creteil-le-29-septembre-2025-n25-00866-2\/\" \/>\n<meta property=\"og:locale\" content=\"zh_CN\" \/>\n<meta property=\"og:type\" content=\"article\" \/>\n<meta property=\"og:title\" content=\"Tribunal judiciaire de Cr\u00e9teil, le 29 septembre 2025, n\u00b025\/00866\" \/>\n<meta property=\"og:description\" content=\"Le tribunal judiciaire de Cr\u00e9teil, statuant en r\u00e9f\u00e9r\u00e9 le 29 septembre 2025, se prononce sur une demande d\u2019extension d\u2019une expertise. Le juge accueille une in...\" \/>\n<meta property=\"og:url\" content=\"https:\/\/kohenavocats.com\/zh-hans\/tribunal-judiciaire-de-creteil-le-29-septembre-2025-n25-00866-2\/\" \/>\n<meta property=\"og:site_name\" content=\"Ma\u00eetre Hassan Kohen, avocat en droit p\u00e9nal \u00e0 Paris\" \/>\n<meta property=\"article:published_time\" content=\"2026-04-23T08:59:32+00:00\" \/>\n<meta property=\"og:image\" content=\"https:\/\/kohenavocats.com\/wp-content\/uploads\/2024\/08\/alice-P1D60RN7KuQ-unsplash.webp\" \/>\n\t<meta property=\"og:image:width\" content=\"4000\" \/>\n\t<meta property=\"og:image:height\" content=\"3000\" \/>\n\t<meta property=\"og:image:type\" content=\"image\/webp\" \/>\n<meta name=\"author\" content=\"Kohen\" \/>\n<meta name=\"twitter:card\" content=\"summary_large_image\" \/>\n<meta name=\"twitter:label1\" content=\"\u4f5c\u8005\" \/>\n\t<meta name=\"twitter:data1\" content=\"Kohen\" \/>\n\t<meta name=\"twitter:label2\" content=\"\u9884\u8ba1\u9605\u8bfb\u65f6\u95f4\" \/>\n\t<meta name=\"twitter:data2\" content=\"3 \u5206\" \/>\n<script type=\"application\/ld+json\" class=\"yoast-schema-graph\">{\"@context\":\"https:\\\/\\\/schema.org\",\"@graph\":[{\"@type\":\"Article\",\"@id\":\"https:\\\/\\\/kohenavocats.com\\\/zh-hans\\\/tribunal-judiciaire-de-creteil-le-29-septembre-2025-n25-00866-2\\\/#article\",\"isPartOf\":{\"@id\":\"https:\\\/\\\/kohenavocats.com\\\/zh-hans\\\/tribunal-judiciaire-de-creteil-le-29-septembre-2025-n25-00866-2\\\/\"},\"author\":{\"name\":\"Kohen\",\"@id\":\"https:\\\/\\\/kohenavocats.com\\\/zh-hans\\\/#\\\/schema\\\/person\\\/761c9ba54fa1ca84d405cef0831ff751\"},\"headline\":\"Tribunal judiciaire de Cr\u00e9teil, le 29 septembre 2025, n\u00b025\\\/00866\",\"datePublished\":\"2026-04-23T08:59:32+00:00\",\"mainEntityOfPage\":{\"@id\":\"https:\\\/\\\/kohenavocats.com\\\/zh-hans\\\/tribunal-judiciaire-de-creteil-le-29-septembre-2025-n25-00866-2\\\/\"},\"wordCount\":577,\"commentCount\":0,\"publisher\":{\"@id\":\"https:\\\/\\\/kohenavocats.com\\\/zh-hans\\\/#organization\"},\"image\":{\"@id\":\"https:\\\/\\\/kohenavocats.com\\\/zh-hans\\\/tribunal-judiciaire-de-creteil-le-29-septembre-2025-n25-00866-2\\\/#primaryimage\"},\"thumbnailUrl\":\"https:\\\/\\\/kohenavocats.com\\\/wp-content\\\/uploads\\\/2024\\\/08\\\/alice-P1D60RN7KuQ-unsplash.webp\",\"articleSection\":[\"Jurisprudence\"],\"inLanguage\":\"zh-Hans\",\"potentialAction\":[{\"@type\":\"CommentAction\",\"name\":\"Comment\",\"target\":[\"https:\\\/\\\/kohenavocats.com\\\/zh-hans\\\/tribunal-judiciaire-de-creteil-le-29-septembre-2025-n25-00866-2\\\/#respond\"]}],\"citation\":\"Tribunal judiciaire de Cr\u00e9teil, le 29 septembre 2025, n\u00b025\\\/00866\",\"about\":[{\"@type\":\"Thing\",\"name\":\"Jurisprudence\"}],\"dateModified\":\"2026-04-23T08:59:32+00:00\",\"speakable\":{\"@type\":\"SpeakableSpecification\",\"cssSelector\":[\".article-content > p:first-of-type\"]}},{\"@type\":\"WebPage\",\"@id\":\"https:\\\/\\\/kohenavocats.com\\\/zh-hans\\\/tribunal-judiciaire-de-creteil-le-29-septembre-2025-n25-00866-2\\\/\",\"url\":\"https:\\\/\\\/kohenavocats.com\\\/zh-hans\\\/tribunal-judiciaire-de-creteil-le-29-septembre-2025-n25-00866-2\\\/\",\"name\":\"Tribunal judiciaire de Cr\u00e9teil, le 29 septembre 2025, n\u00b025\\\/00866 - Ma\u00eetre Hassan Kohen, avocat en droit p\u00e9nal \u00e0 Paris\",\"isPartOf\":{\"@id\":\"https:\\\/\\\/kohenavocats.com\\\/zh-hans\\\/#website\"},\"primaryImageOfPage\":{\"@id\":\"https:\\\/\\\/kohenavocats.com\\\/zh-hans\\\/tribunal-judiciaire-de-creteil-le-29-septembre-2025-n25-00866-2\\\/#primaryimage\"},\"image\":{\"@id\":\"https:\\\/\\\/kohenavocats.com\\\/zh-hans\\\/tribunal-judiciaire-de-creteil-le-29-septembre-2025-n25-00866-2\\\/#primaryimage\"},\"thumbnailUrl\":\"https:\\\/\\\/kohenavocats.com\\\/wp-content\\\/uploads\\\/2024\\\/08\\\/alice-P1D60RN7KuQ-unsplash.webp\",\"datePublished\":\"2026-04-23T08:59:32+00:00\",\"description\":\"Le tribunal judiciaire de Cr\u00e9teil, statuant en r\u00e9f\u00e9r\u00e9 le 29 septembre 2025, se prononce sur une demande d\u2019extension d\u2019une expertise. Le juge accueille une in...\",\"breadcrumb\":{\"@id\":\"https:\\\/\\\/kohenavocats.com\\\/zh-hans\\\/tribunal-judiciaire-de-creteil-le-29-septembre-2025-n25-00866-2\\\/#breadcrumb\"},\"inLanguage\":\"zh-Hans\",\"potentialAction\":[{\"@type\":\"ReadAction\",\"target\":[\"https:\\\/\\\/kohenavocats.com\\\/zh-hans\\\/tribunal-judiciaire-de-creteil-le-29-septembre-2025-n25-00866-2\\\/\"]}]},{\"@type\":\"ImageObject\",\"inLanguage\":\"zh-Hans\",\"@id\":\"https:\\\/\\\/kohenavocats.com\\\/zh-hans\\\/tribunal-judiciaire-de-creteil-le-29-septembre-2025-n25-00866-2\\\/#primaryimage\",\"url\":\"https:\\\/\\\/kohenavocats.com\\\/wp-content\\\/uploads\\\/2024\\\/08\\\/alice-P1D60RN7KuQ-unsplash.webp\",\"contentUrl\":\"https:\\\/\\\/kohenavocats.com\\\/wp-content\\\/uploads\\\/2024\\\/08\\\/alice-P1D60RN7KuQ-unsplash.webp\",\"width\":4000,\"height\":3000},{\"@type\":\"BreadcrumbList\",\"@id\":\"https:\\\/\\\/kohenavocats.com\\\/zh-hans\\\/tribunal-judiciaire-de-creteil-le-29-septembre-2025-n25-00866-2\\\/#breadcrumb\",\"itemListElement\":[{\"@type\":\"ListItem\",\"position\":1,\"name\":\"Home\",\"item\":\"https:\\\/\\\/kohenavocats.com\\\/zh-hans\\\/\"},{\"@type\":\"ListItem\",\"position\":2,\"name\":\"Tribunal judiciaire de Cr\u00e9teil, le 29 septembre 2025, n\u00b025\\\/00866\"}]},{\"@type\":\"WebSite\",\"@id\":\"https:\\\/\\\/kohenavocats.com\\\/zh-hans\\\/#website\",\"url\":\"https:\\\/\\\/kohenavocats.com\\\/zh-hans\\\/\",\"name\":\"Kohen Avocats\",\"description\":\"Ma\u00eetre Hassan Kohen, avocat p\u00e9naliste \u00e0 Paris, intervient exclusivement en droit p\u00e9nal pour la d\u00e9fense des particuliers, notamment en mati\u00e8re d\u2019accusations de viol. Il assure un accompagnement rigoureux d\u00e8s la garde \u00e0 vue jusqu\u2019\u00e0 la Cour d\u2019assises, veillant au strict respect des garanties proc\u00e9durales.\",\"publisher\":{\"@id\":\"https:\\\/\\\/kohenavocats.com\\\/zh-hans\\\/#organization\"},\"potentialAction\":[{\"@type\":\"SearchAction\",\"target\":{\"@type\":\"EntryPoint\",\"urlTemplate\":\"https:\\\/\\\/kohenavocats.com\\\/zh-hans\\\/?s={search_term_string}\"},\"query-input\":{\"@type\":\"PropertyValueSpecification\",\"valueRequired\":true,\"valueName\":\"search_term_string\"}}],\"inLanguage\":\"zh-Hans\"},{\"@type\":\"Organization\",\"@id\":\"https:\\\/\\\/kohenavocats.com\\\/zh-hans\\\/#organization\",\"name\":\"Kohen Avocats\",\"url\":\"https:\\\/\\\/kohenavocats.com\\\/zh-hans\\\/\",\"logo\":{\"@type\":\"ImageObject\",\"inLanguage\":\"zh-Hans\",\"@id\":\"https:\\\/\\\/kohenavocats.com\\\/zh-hans\\\/#\\\/schema\\\/logo\\\/image\\\/\",\"url\":\"https:\\\/\\\/kohenavocats.com\\\/wp-content\\\/uploads\\\/2026\\\/01\\\/Logo-2-1.webp\",\"contentUrl\":\"https:\\\/\\\/kohenavocats.com\\\/wp-content\\\/uploads\\\/2026\\\/01\\\/Logo-2-1.webp\",\"width\":2114,\"height\":1253,\"caption\":\"Kohen Avocats\"},\"image\":{\"@id\":\"https:\\\/\\\/kohenavocats.com\\\/zh-hans\\\/#\\\/schema\\\/logo\\\/image\\\/\"}},{\"@type\":\"Person\",\"@id\":\"https:\\\/\\\/kohenavocats.com\\\/zh-hans\\\/#\\\/schema\\\/person\\\/761c9ba54fa1ca84d405cef0831ff751\",\"name\":\"Kohen\",\"image\":{\"@type\":\"ImageObject\",\"inLanguage\":\"zh-Hans\",\"@id\":\"https:\\\/\\\/secure.gravatar.com\\\/avatar\\\/1c5e76ef76bbbfdd2b4da984e2bf2fa4056fd51a27d25ce2c332047f1dfd6e00?s=96&d=identicon&r=g\",\"url\":\"https:\\\/\\\/secure.gravatar.com\\\/avatar\\\/1c5e76ef76bbbfdd2b4da984e2bf2fa4056fd51a27d25ce2c332047f1dfd6e00?s=96&d=identicon&r=g\",\"contentUrl\":\"https:\\\/\\\/secure.gravatar.com\\\/avatar\\\/1c5e76ef76bbbfdd2b4da984e2bf2fa4056fd51a27d25ce2c332047f1dfd6e00?s=96&d=identicon&r=g\",\"caption\":\"Kohen\"},\"sameAs\":[\"https:\\\/\\\/www.linkedin.com\\\/in\\\/hassan-kohen-448548192\\\/\",\"https:\\\/\\\/www.youtube.com\\\/@Kohen-Avocats\"],\"url\":\"https:\\\/\\\/kohenavocats.com\\\/zh-hans\\\/author\\\/kohenmlk\\\/\"}]}<\/script>\n<!-- \/ Yoast SEO Premium plugin. -->","yoast_head_json":{"title":"Tribunal judiciaire de Cr\u00e9teil, le 29 septembre 2025, n\u00b025\/00866 - Ma\u00eetre Hassan Kohen, avocat en droit p\u00e9nal \u00e0 Paris","description":"Le tribunal judiciaire de Cr\u00e9teil, statuant en r\u00e9f\u00e9r\u00e9 le 29 septembre 2025, se prononce sur une demande d\u2019extension d\u2019une expertise. Le juge accueille une in...","robots":{"index":"index","follow":"follow","max-snippet":"max-snippet:-1","max-image-preview":"max-image-preview:large","max-video-preview":"max-video-preview:-1"},"canonical":"https:\/\/kohenavocats.com\/zh-hans\/tribunal-judiciaire-de-creteil-le-29-septembre-2025-n25-00866-2\/","og_locale":"zh_CN","og_type":"article","og_title":"Tribunal judiciaire de Cr\u00e9teil, le 29 septembre 2025, n\u00b025\/00866","og_description":"Le tribunal judiciaire de Cr\u00e9teil, statuant en r\u00e9f\u00e9r\u00e9 le 29 septembre 2025, se prononce sur une demande d\u2019extension d\u2019une expertise. Le juge accueille une in...","og_url":"https:\/\/kohenavocats.com\/zh-hans\/tribunal-judiciaire-de-creteil-le-29-septembre-2025-n25-00866-2\/","og_site_name":"Ma\u00eetre Hassan Kohen, avocat en droit p\u00e9nal \u00e0 Paris","article_published_time":"2026-04-23T08:59:32+00:00","og_image":[{"width":4000,"height":3000,"url":"https:\/\/kohenavocats.com\/wp-content\/uploads\/2024\/08\/alice-P1D60RN7KuQ-unsplash.webp","type":"image\/webp"}],"author":"Kohen","twitter_card":"summary_large_image","twitter_misc":{"\u4f5c\u8005":"Kohen","\u9884\u8ba1\u9605\u8bfb\u65f6\u95f4":"3 \u5206"},"schema":{"@context":"https:\/\/schema.org","@graph":[{"@type":"Article","@id":"https:\/\/kohenavocats.com\/zh-hans\/tribunal-judiciaire-de-creteil-le-29-septembre-2025-n25-00866-2\/#article","isPartOf":{"@id":"https:\/\/kohenavocats.com\/zh-hans\/tribunal-judiciaire-de-creteil-le-29-septembre-2025-n25-00866-2\/"},"author":{"name":"Kohen","@id":"https:\/\/kohenavocats.com\/zh-hans\/#\/schema\/person\/761c9ba54fa1ca84d405cef0831ff751"},"headline":"Tribunal judiciaire de Cr\u00e9teil, le 29 septembre 2025, n\u00b025\/00866","datePublished":"2026-04-23T08:59:32+00:00","mainEntityOfPage":{"@id":"https:\/\/kohenavocats.com\/zh-hans\/tribunal-judiciaire-de-creteil-le-29-septembre-2025-n25-00866-2\/"},"wordCount":577,"commentCount":0,"publisher":{"@id":"https:\/\/kohenavocats.com\/zh-hans\/#organization"},"image":{"@id":"https:\/\/kohenavocats.com\/zh-hans\/tribunal-judiciaire-de-creteil-le-29-septembre-2025-n25-00866-2\/#primaryimage"},"thumbnailUrl":"https:\/\/kohenavocats.com\/wp-content\/uploads\/2024\/08\/alice-P1D60RN7KuQ-unsplash.webp","articleSection":["Jurisprudence"],"inLanguage":"zh-Hans","potentialAction":[{"@type":"CommentAction","name":"Comment","target":["https:\/\/kohenavocats.com\/zh-hans\/tribunal-judiciaire-de-creteil-le-29-septembre-2025-n25-00866-2\/#respond"]}],"citation":"Tribunal judiciaire de Cr\u00e9teil, le 29 septembre 2025, n\u00b025\/00866","about":[{"@type":"Thing","name":"Jurisprudence"}],"dateModified":"2026-04-23T08:59:32+00:00","speakable":{"@type":"SpeakableSpecification","cssSelector":[".article-content > p:first-of-type"]}},{"@type":"WebPage","@id":"https:\/\/kohenavocats.com\/zh-hans\/tribunal-judiciaire-de-creteil-le-29-septembre-2025-n25-00866-2\/","url":"https:\/\/kohenavocats.com\/zh-hans\/tribunal-judiciaire-de-creteil-le-29-septembre-2025-n25-00866-2\/","name":"Tribunal judiciaire de Cr\u00e9teil, le 29 septembre 2025, n\u00b025\/00866 - Ma\u00eetre Hassan Kohen, avocat en droit p\u00e9nal \u00e0 Paris","isPartOf":{"@id":"https:\/\/kohenavocats.com\/zh-hans\/#website"},"primaryImageOfPage":{"@id":"https:\/\/kohenavocats.com\/zh-hans\/tribunal-judiciaire-de-creteil-le-29-septembre-2025-n25-00866-2\/#primaryimage"},"image":{"@id":"https:\/\/kohenavocats.com\/zh-hans\/tribunal-judiciaire-de-creteil-le-29-septembre-2025-n25-00866-2\/#primaryimage"},"thumbnailUrl":"https:\/\/kohenavocats.com\/wp-content\/uploads\/2024\/08\/alice-P1D60RN7KuQ-unsplash.webp","datePublished":"2026-04-23T08:59:32+00:00","description":"Le tribunal judiciaire de Cr\u00e9teil, statuant en r\u00e9f\u00e9r\u00e9 le 29 septembre 2025, se prononce sur une demande d\u2019extension d\u2019une expertise. Le juge accueille une in...","breadcrumb":{"@id":"https:\/\/kohenavocats.com\/zh-hans\/tribunal-judiciaire-de-creteil-le-29-septembre-2025-n25-00866-2\/#breadcrumb"},"inLanguage":"zh-Hans","potentialAction":[{"@type":"ReadAction","target":["https:\/\/kohenavocats.com\/zh-hans\/tribunal-judiciaire-de-creteil-le-29-septembre-2025-n25-00866-2\/"]}]},{"@type":"ImageObject","inLanguage":"zh-Hans","@id":"https:\/\/kohenavocats.com\/zh-hans\/tribunal-judiciaire-de-creteil-le-29-septembre-2025-n25-00866-2\/#primaryimage","url":"https:\/\/kohenavocats.com\/wp-content\/uploads\/2024\/08\/alice-P1D60RN7KuQ-unsplash.webp","contentUrl":"https:\/\/kohenavocats.com\/wp-content\/uploads\/2024\/08\/alice-P1D60RN7KuQ-unsplash.webp","width":4000,"height":3000},{"@type":"BreadcrumbList","@id":"https:\/\/kohenavocats.com\/zh-hans\/tribunal-judiciaire-de-creteil-le-29-septembre-2025-n25-00866-2\/#breadcrumb","itemListElement":[{"@type":"ListItem","position":1,"name":"Home","item":"https:\/\/kohenavocats.com\/zh-hans\/"},{"@type":"ListItem","position":2,"name":"Tribunal judiciaire de Cr\u00e9teil, le 29 septembre 2025, n\u00b025\/00866"}]},{"@type":"WebSite","@id":"https:\/\/kohenavocats.com\/zh-hans\/#website","url":"https:\/\/kohenavocats.com\/zh-hans\/","name":"Kohen Avocats","description":"Ma\u00eetre Hassan Kohen, avocat p\u00e9naliste \u00e0 Paris, intervient exclusivement en droit p\u00e9nal pour la d\u00e9fense des particuliers, notamment en mati\u00e8re d\u2019accusations de viol. Il assure un accompagnement rigoureux d\u00e8s la garde \u00e0 vue jusqu\u2019\u00e0 la Cour d\u2019assises, veillant au strict respect des garanties proc\u00e9durales.","publisher":{"@id":"https:\/\/kohenavocats.com\/zh-hans\/#organization"},"potentialAction":[{"@type":"SearchAction","target":{"@type":"EntryPoint","urlTemplate":"https:\/\/kohenavocats.com\/zh-hans\/?s={search_term_string}"},"query-input":{"@type":"PropertyValueSpecification","valueRequired":true,"valueName":"search_term_string"}}],"inLanguage":"zh-Hans"},{"@type":"Organization","@id":"https:\/\/kohenavocats.com\/zh-hans\/#organization","name":"Kohen Avocats","url":"https:\/\/kohenavocats.com\/zh-hans\/","logo":{"@type":"ImageObject","inLanguage":"zh-Hans","@id":"https:\/\/kohenavocats.com\/zh-hans\/#\/schema\/logo\/image\/","url":"https:\/\/kohenavocats.com\/wp-content\/uploads\/2026\/01\/Logo-2-1.webp","contentUrl":"https:\/\/kohenavocats.com\/wp-content\/uploads\/2026\/01\/Logo-2-1.webp","width":2114,"height":1253,"caption":"Kohen Avocats"},"image":{"@id":"https:\/\/kohenavocats.com\/zh-hans\/#\/schema\/logo\/image\/"}},{"@type":"Person","@id":"https:\/\/kohenavocats.com\/zh-hans\/#\/schema\/person\/761c9ba54fa1ca84d405cef0831ff751","name":"Kohen","image":{"@type":"ImageObject","inLanguage":"zh-Hans","@id":"https:\/\/secure.gravatar.com\/avatar\/1c5e76ef76bbbfdd2b4da984e2bf2fa4056fd51a27d25ce2c332047f1dfd6e00?s=96&d=identicon&r=g","url":"https:\/\/secure.gravatar.com\/avatar\/1c5e76ef76bbbfdd2b4da984e2bf2fa4056fd51a27d25ce2c332047f1dfd6e00?s=96&d=identicon&r=g","contentUrl":"https:\/\/secure.gravatar.com\/avatar\/1c5e76ef76bbbfdd2b4da984e2bf2fa4056fd51a27d25ce2c332047f1dfd6e00?s=96&d=identicon&r=g","caption":"Kohen"},"sameAs":["https:\/\/www.linkedin.com\/in\/hassan-kohen-448548192\/","https:\/\/www.youtube.com\/@Kohen-Avocats"],"url":"https:\/\/kohenavocats.com\/zh-hans\/author\/kohenmlk\/"}]}},"jetpack_featured_media_url":"https:\/\/kohenavocats.com\/wp-content\/uploads\/2024\/08\/alice-P1D60RN7KuQ-unsplash.webp","jetpack_likes_enabled":false,"jetpack_shortlink":"https:\/\/wp.me\/peCrII-2Lf5","jetpack-related-posts":[{"id":482529,"url":"https:\/\/kohenavocats.com\/zh-hans\/tribunal-judiciaire-de-creteil-le-20-novembre-2025-n25-01248\/","url_meta":{"origin":658259,"position":0},"title":"Tribunal judiciaire de Cr\u00e9teil, le 20 novembre 2025, n\u00b025\/01248","author":"Kohen","date":"2026\u5e744\u67088\u65e5","format":false,"excerpt":"Le tribunal judiciaire de Cr\u00e9teil, statuant en r\u00e9f\u2026","rel":"","context":"\u5728\u201cJurisprudence\u201d\u4e2d","block_context":{"text":"Jurisprudence","link":"https:\/\/kohenavocats.com\/category\/jurisprudence\/"},"img":{"alt_text":"","src":"https:\/\/i0.wp.com\/kohenavocats.com\/wp-content\/uploads\/2024\/11\/getty-images-2IQXr2ZqAdY-unsplash.webp?resize=350%2C200&ssl=1","width":350,"height":200,"srcset":"https:\/\/i0.wp.com\/kohenavocats.com\/wp-content\/uploads\/2024\/11\/getty-images-2IQXr2ZqAdY-unsplash.webp?resize=350%2C200&ssl=1 1x, https:\/\/i0.wp.com\/kohenavocats.com\/wp-content\/uploads\/2024\/11\/getty-images-2IQXr2ZqAdY-unsplash.webp?resize=525%2C300&ssl=1 1.5x, https:\/\/i0.wp.com\/kohenavocats.com\/wp-content\/uploads\/2024\/11\/getty-images-2IQXr2ZqAdY-unsplash.webp?resize=700%2C400&ssl=1 2x, https:\/\/i0.wp.com\/kohenavocats.com\/wp-content\/uploads\/2024\/11\/getty-images-2IQXr2ZqAdY-unsplash.webp?resize=1050%2C600&ssl=1 3x, https:\/\/i0.wp.com\/kohenavocats.com\/wp-content\/uploads\/2024\/11\/getty-images-2IQXr2ZqAdY-unsplash.webp?resize=1400%2C800&ssl=1 4x"},"classes":[]},{"id":482000,"url":"https:\/\/kohenavocats.com\/zh-hans\/tribunal-judiciaire-de-creteil-le-18-novembre-2025-n25-00964\/","url_meta":{"origin":658259,"position":1},"title":"Tribunal judiciaire de Cr\u00e9teil, le 18 novembre 2025, n\u00b025\/00964","author":"Kohen","date":"2026\u5e744\u67088\u65e5","format":false,"excerpt":"Le tribunal judiciaire de Cr\u00e9teil, statuant en r\u00e9f\u2026","rel":"","context":"\u5728\u201cJurisprudence\u201d\u4e2d","block_context":{"text":"Jurisprudence","link":"https:\/\/kohenavocats.com\/category\/jurisprudence\/"},"img":{"alt_text":"","src":"https:\/\/i0.wp.com\/kohenavocats.com\/wp-content\/uploads\/2024\/11\/jay-skyler-Ysbp5CrlNDo-unsplash.webp?resize=350%2C200&ssl=1","width":350,"height":200,"srcset":"https:\/\/i0.wp.com\/kohenavocats.com\/wp-content\/uploads\/2024\/11\/jay-skyler-Ysbp5CrlNDo-unsplash.webp?resize=350%2C200&ssl=1 1x, https:\/\/i0.wp.com\/kohenavocats.com\/wp-content\/uploads\/2024\/11\/jay-skyler-Ysbp5CrlNDo-unsplash.webp?resize=525%2C300&ssl=1 1.5x, https:\/\/i0.wp.com\/kohenavocats.com\/wp-content\/uploads\/2024\/11\/jay-skyler-Ysbp5CrlNDo-unsplash.webp?resize=700%2C400&ssl=1 2x, https:\/\/i0.wp.com\/kohenavocats.com\/wp-content\/uploads\/2024\/11\/jay-skyler-Ysbp5CrlNDo-unsplash.webp?resize=1050%2C600&ssl=1 3x, https:\/\/i0.wp.com\/kohenavocats.com\/wp-content\/uploads\/2024\/11\/jay-skyler-Ysbp5CrlNDo-unsplash.webp?resize=1400%2C800&ssl=1 4x"},"classes":[]},{"id":619373,"url":"https:\/\/kohenavocats.com\/zh-hans\/tribunal-judiciaire-de-creteil-le-21-octobre-2025-n25-00624\/","url_meta":{"origin":658259,"position":2},"title":"Tribunal judiciaire de Cr\u00e9teil, le 21 octobre 2025, n\u00b025\/00624","author":"Kohen","date":"2026\u5e744\u670820\u65e5","format":false,"excerpt":"Le tribunal judiciaire de Cr\u00e9teil, statuant en la \u2026","rel":"","context":"\u5728\u201cJurisprudence\u201d\u4e2d","block_context":{"text":"Jurisprudence","link":"https:\/\/kohenavocats.com\/category\/jurisprudence\/"},"img":{"alt_text":"","src":"https:\/\/i0.wp.com\/kohenavocats.com\/wp-content\/uploads\/2024\/11\/n-c-gNefKC_WWXM-unsplash.webp?resize=350%2C200&ssl=1","width":350,"height":200,"srcset":"https:\/\/i0.wp.com\/kohenavocats.com\/wp-content\/uploads\/2024\/11\/n-c-gNefKC_WWXM-unsplash.webp?resize=350%2C200&ssl=1 1x, https:\/\/i0.wp.com\/kohenavocats.com\/wp-content\/uploads\/2024\/11\/n-c-gNefKC_WWXM-unsplash.webp?resize=525%2C300&ssl=1 1.5x, https:\/\/i0.wp.com\/kohenavocats.com\/wp-content\/uploads\/2024\/11\/n-c-gNefKC_WWXM-unsplash.webp?resize=700%2C400&ssl=1 2x, https:\/\/i0.wp.com\/kohenavocats.com\/wp-content\/uploads\/2024\/11\/n-c-gNefKC_WWXM-unsplash.webp?resize=1050%2C600&ssl=1 3x, https:\/\/i0.wp.com\/kohenavocats.com\/wp-content\/uploads\/2024\/11\/n-c-gNefKC_WWXM-unsplash.webp?resize=1400%2C800&ssl=1 4x"},"classes":[]},{"id":618594,"url":"https:\/\/kohenavocats.com\/zh-hans\/tribunal-judiciaire-de-creteil-le-21-octobre-2025-n25-00636\/","url_meta":{"origin":658259,"position":3},"title":"Tribunal judiciaire de Cr\u00e9teil, le 21 octobre 2025, n\u00b025\/00636","author":"Kohen","date":"2026\u5e744\u670820\u65e5","format":false,"excerpt":"Le tribunal judiciaire de Cr\u00e9teil, statuant en r\u00e9f\u2026","rel":"","context":"\u5728\u201cJurisprudence\u201d\u4e2d","block_context":{"text":"Jurisprudence","link":"https:\/\/kohenavocats.com\/category\/jurisprudence\/"},"img":{"alt_text":"","src":"https:\/\/i0.wp.com\/kohenavocats.com\/wp-content\/uploads\/2024\/08\/xavier-photography-Cgzlv8ZL188-unsplash.webp?resize=350%2C200&ssl=1","width":350,"height":200,"srcset":"https:\/\/i0.wp.com\/kohenavocats.com\/wp-content\/uploads\/2024\/08\/xavier-photography-Cgzlv8ZL188-unsplash.webp?resize=350%2C200&ssl=1 1x, https:\/\/i0.wp.com\/kohenavocats.com\/wp-content\/uploads\/2024\/08\/xavier-photography-Cgzlv8ZL188-unsplash.webp?resize=525%2C300&ssl=1 1.5x, https:\/\/i0.wp.com\/kohenavocats.com\/wp-content\/uploads\/2024\/08\/xavier-photography-Cgzlv8ZL188-unsplash.webp?resize=700%2C400&ssl=1 2x, https:\/\/i0.wp.com\/kohenavocats.com\/wp-content\/uploads\/2024\/08\/xavier-photography-Cgzlv8ZL188-unsplash.webp?resize=1050%2C600&ssl=1 3x, https:\/\/i0.wp.com\/kohenavocats.com\/wp-content\/uploads\/2024\/08\/xavier-photography-Cgzlv8ZL188-unsplash.webp?resize=1400%2C800&ssl=1 4x"},"classes":[]},{"id":482569,"url":"https:\/\/kohenavocats.com\/zh-hans\/tribunal-judiciaire-de-creteil-le-20-novembre-2025-n25-01096\/","url_meta":{"origin":658259,"position":4},"title":"Tribunal judiciaire de Cr\u00e9teil, le 20 novembre 2025, n\u00b025\/01096","author":"Kohen","date":"2026\u5e744\u67088\u65e5","format":false,"excerpt":"Le tribunal judiciaire de Cr\u00e9teil, statuant en r\u00e9f\u2026","rel":"","context":"\u5728\u201cJurisprudence\u201d\u4e2d","block_context":{"text":"Jurisprudence","link":"https:\/\/kohenavocats.com\/category\/jurisprudence\/"},"img":{"alt_text":"","src":"https:\/\/i0.wp.com\/kohenavocats.com\/wp-content\/uploads\/2024\/11\/getty-images-IixEkPUt3kU-unsplash.webp?resize=350%2C200&ssl=1","width":350,"height":200,"srcset":"https:\/\/i0.wp.com\/kohenavocats.com\/wp-content\/uploads\/2024\/11\/getty-images-IixEkPUt3kU-unsplash.webp?resize=350%2C200&ssl=1 1x, https:\/\/i0.wp.com\/kohenavocats.com\/wp-content\/uploads\/2024\/11\/getty-images-IixEkPUt3kU-unsplash.webp?resize=525%2C300&ssl=1 1.5x, https:\/\/i0.wp.com\/kohenavocats.com\/wp-content\/uploads\/2024\/11\/getty-images-IixEkPUt3kU-unsplash.webp?resize=700%2C400&ssl=1 2x, https:\/\/i0.wp.com\/kohenavocats.com\/wp-content\/uploads\/2024\/11\/getty-images-IixEkPUt3kU-unsplash.webp?resize=1050%2C600&ssl=1 3x, https:\/\/i0.wp.com\/kohenavocats.com\/wp-content\/uploads\/2024\/11\/getty-images-IixEkPUt3kU-unsplash.webp?resize=1400%2C800&ssl=1 4x"},"classes":[]},{"id":634072,"url":"https:\/\/kohenavocats.com\/zh-hans\/tribunal-judiciaire-de-creteil-le-13-octobre-2025-n25-00753-2\/","url_meta":{"origin":658259,"position":5},"title":"Tribunal judiciaire de Cr\u00e9teil, le 13 octobre 2025, n\u00b025\/00753","author":"Kohen","date":"2026\u5e744\u670821\u65e5","format":false,"excerpt":"Le tribunal judiciaire de Cr\u00e9teil, statuant en r\u00e9f\u2026","rel":"","context":"\u5728\u201cJurisprudence\u201d\u4e2d","block_context":{"text":"Jurisprudence","link":"https:\/\/kohenavocats.com\/category\/jurisprudence\/"},"img":{"alt_text":"","src":"https:\/\/i0.wp.com\/kohenavocats.com\/wp-content\/uploads\/2024\/11\/alex-shuper-VcLOsHAk_SA-unsplash.webp?resize=350%2C200&ssl=1","width":350,"height":200,"srcset":"https:\/\/i0.wp.com\/kohenavocats.com\/wp-content\/uploads\/2024\/11\/alex-shuper-VcLOsHAk_SA-unsplash.webp?resize=350%2C200&ssl=1 1x, https:\/\/i0.wp.com\/kohenavocats.com\/wp-content\/uploads\/2024\/11\/alex-shuper-VcLOsHAk_SA-unsplash.webp?resize=525%2C300&ssl=1 1.5x, https:\/\/i0.wp.com\/kohenavocats.com\/wp-content\/uploads\/2024\/11\/alex-shuper-VcLOsHAk_SA-unsplash.webp?resize=700%2C400&ssl=1 2x, https:\/\/i0.wp.com\/kohenavocats.com\/wp-content\/uploads\/2024\/11\/alex-shuper-VcLOsHAk_SA-unsplash.webp?resize=1050%2C600&ssl=1 3x, https:\/\/i0.wp.com\/kohenavocats.com\/wp-content\/uploads\/2024\/11\/alex-shuper-VcLOsHAk_SA-unsplash.webp?resize=1400%2C800&ssl=1 4x"},"classes":[]}],"jetpack_sharing_enabled":true,"_links":{"self":[{"href":"https:\/\/kohenavocats.com\/zh-hans\/wp-json\/wp\/v2\/posts\/658259","targetHints":{"allow":["GET"]}}],"collection":[{"href":"https:\/\/kohenavocats.com\/zh-hans\/wp-json\/wp\/v2\/posts"}],"about":[{"href":"https:\/\/kohenavocats.com\/zh-hans\/wp-json\/wp\/v2\/types\/post"}],"author":[{"embeddable":true,"href":"https:\/\/kohenavocats.com\/zh-hans\/wp-json\/wp\/v2\/users\/232070755"}],"replies":[{"embeddable":true,"href":"https:\/\/kohenavocats.com\/zh-hans\/wp-json\/wp\/v2\/comments?post=658259"}],"version-history":[{"count":0,"href":"https:\/\/kohenavocats.com\/zh-hans\/wp-json\/wp\/v2\/posts\/658259\/revisions"}],"wp:featuredmedia":[{"embeddable":true,"href":"https:\/\/kohenavocats.com\/zh-hans\/wp-json\/wp\/v2\/media\/4676"}],"wp:attachment":[{"href":"https:\/\/kohenavocats.com\/zh-hans\/wp-json\/wp\/v2\/media?parent=658259"}],"wp:term":[{"taxonomy":"category","embeddable":true,"href":"https:\/\/kohenavocats.com\/zh-hans\/wp-json\/wp\/v2\/categories?post=658259"},{"taxonomy":"post_tag","embeddable":true,"href":"https:\/\/kohenavocats.com\/zh-hans\/wp-json\/wp\/v2\/tags?post=658259"}],"curies":[{"name":"wp","href":"https:\/\/api.w.org\/{rel}","templated":true}]}}