{"id":658786,"date":"2026-04-23T12:18:15","date_gmt":"2026-04-23T10:18:15","guid":{"rendered":"https:\/\/kohenavocats.com\/tribunal-judiciaire-de-saint-quentin-le-3-septembre-2025-n23-00183\/"},"modified":"2026-04-23T12:18:15","modified_gmt":"2026-04-23T10:18:15","slug":"tribunal-judiciaire-de-saint-quentin-le-3-septembre-2025-n23-00183","status":"publish","type":"post","link":"https:\/\/kohenavocats.com\/zh-hans\/tribunal-judiciaire-de-saint-quentin-le-3-septembre-2025-n23-00183\/","title":{"rendered":"Tribunal judiciaire de Saint-Quentin, le 3 septembre 2025, n\u00b023\/00183"},"content":{"rendered":"<div class=\"article-content\">\n<p>Le tribunal judiciaire de Saint-Quentin, le 3 septembre 2025, a statu\u00e9 sur un litige relatif \u00e0 des d\u00e9sordres affectant un immeuble. Apr\u00e8s une r\u00e9ception tacite des travaux, l&#8217;acqu\u00e9reur a constat\u00e9 un affaissement de la chape support de carrelage. L&#8217;expert judiciaire a imput\u00e9 ces d\u00e9sordres \u00e0 la compression excessive de la mousse polyur\u00e9thane. Le tribunal a retenu la responsabilit\u00e9 d\u00e9cennale du constructeur ayant r\u00e9alis\u00e9 l&#8217;isolation et la chape. Il a \u00e9galement condamn\u00e9 son assureur \u00e0 garantir ce pr\u00e9judice. La d\u00e9cision a fix\u00e9 le montant de l&#8217;indemnisation pour les travaux de r\u00e9paration et les frais accessoires.<\/p>\n<p>La qualification d\u00e9cennale des d\u00e9sordres<\/p>\n<p>Le tribunal a d&#8217;abord caract\u00e9ris\u00e9 la nature d\u00e9cennale des d\u00e9sordres constat\u00e9s. Il rappelle que la garantie d\u00e9cennale ne couvre que les d\u00e9sordres cach\u00e9s lors de la r\u00e9ception. L&#8217;expert a \u00e9tabli que les d\u00e9sordres n&#8217;\u00e9taient pas apparents et n&#8217;avaient fait l&#8217;objet d&#8217;aucune r\u00e9serve. Ces d\u00e9sordres compromettent la solidit\u00e9 de l&#8217;ouvrage et le rendent impropre \u00e0 sa destination. Le tribunal applique donc strictement les conditions l\u00e9gales de l&#8217;article 1792 du code civil. &#8220;tout constructeur d&#8217;un ouvrage est responsable de plein droit, envers le ma\u00eetre ou l&#8217;acqu\u00e9reur de l&#8217;ouvrage, des dommages, m\u00eame r\u00e9sultant d&#8217;un vice du sol, qui compromettent la solidit\u00e9 de l&#8217;ouvrage ou qui, l&#8217;affectant dans l&#8217;un de ses \u00e9l\u00e9ments constitutifs ou l&#8217;un de ses \u00e9l\u00e9ments d&#8217;\u00e9quipement, le rendent impropre \u00e0 sa destination.&#8221; (Motifs, \u00a71). Cette application confirme une jurisprudence constante sur le champ de la garantie d\u00e9cennale.<\/p>\n<p>Le juge a ensuite \u00e9cart\u00e9 toute cause d&#8217;exon\u00e9ration ou de partage de responsabilit\u00e9. L&#8217;assureur du constructeur invoquait une faute partag\u00e9e du ma\u00eetre de l&#8217;ouvrage lors de la pose du carrelage. Le rapport d&#8217;expertise a infirm\u00e9 ce lien de causalit\u00e9 en indiquant une continuit\u00e9 entre les fissures. &#8220;l&#8217;expert indique dans son rapport qu\u2019il existe une continuit\u00e9 entre la fissuration de la chape et des carreaux de carrelage et en conclut que le mode de pose du carrelage n\u2019est pas en cause.&#8221; (Motifs, \u00a71). La responsabilit\u00e9 du constructeur est ainsi retenue de mani\u00e8re pleine et enti\u00e8re. Cette solution affirme le principe d&#8217;une imputabilit\u00e9 exclusive fond\u00e9e sur la preuve technique. Elle prot\u00e8ge l&#8217;acqu\u00e9reur contre des demandes en partage souvent dilatoires.<\/p>\n<p>Le r\u00e9gime de la garantie d&#8217;assurance<\/p>\n<p>La d\u00e9cision pr\u00e9cise ensuite les conditions de mise en oeuvre de la garantie d&#8217;assurance. L&#8217;assureur est tenu par son obligation de garantie d\u00e9cennale contract\u00e9e par le constructeur. L&#8217;attestation d&#8217;assurance couvre pr\u00e9cis\u00e9ment l&#8217;activit\u00e9 de r\u00e9alisation de chapes et d&#8217;isolation. Le tribunal rappelle le principe du droit d&#8217;action directe du tiers l\u00e9s\u00e9 contre l&#8217;assureur. Il souligne \u00e9galement que l&#8217;assureur peut opposer les exclusions de garantie au souscripteur originaire. &#8220;l\u2019assureur de responsabilit\u00e9 civile professionnelle est fond\u00e9 \u00e0 opposer aux tiers les clauses d\u2019exclusion ou de limitation de garantie opposable \u00e0 l\u2019assur\u00e9&#8221; (Motifs, \u00a72). En l&#8217;absence de clause d&#8217;exclusion invoqu\u00e9e, la garantie joue pleinement. Cette analyse s\u00e9curise la position du b\u00e9n\u00e9ficiaire de la garantie l\u00e9gale.<\/p>\n<p>Le jugement op\u00e8re une distinction cruciale concernant l&#8217;inopposabilit\u00e9 des franchises. Pour les dommages mat\u00e9riels couverts par l&#8217;assurance obligatoire, la franchise est inopposable au tiers l\u00e9s\u00e9. &#8220;en mati\u00e8re d&#8217;assurance obligatoire de la responsabilit\u00e9 du constructeur, la franchise pr\u00e9vue au contrat est inopposable au b\u00e9n\u00e9ficiaire de l\u2019indemnit\u00e9.&#8221; (Motifs, \u00a73.a). En revanche, cette inopposabilit\u00e9 ne vaut pas pour les dommages immat\u00e9riels, comme les frais de relogement. La franchise contractuelle est donc d\u00e9duite de l&#8217;indemnit\u00e9 allou\u00e9e pour ce poste. Cette distinction est essentielle pour le calcul pr\u00e9cis de la r\u00e9paration. Elle respecte le cadre l\u00e9gal tout en appliquant strictement les termes du contrat d&#8217;assurance.<\/p>\n<p>La r\u00e9paration int\u00e9grale du pr\u00e9judice<\/p>\n<p>L&#8217;\u00e9valuation des travaux n\u00e9cessaires constitue le dernier apport majeur de la d\u00e9cision. Le juge n&#8217;est pas li\u00e9 par les conclusions de l&#8217;expert et peut retenir les devis produits par la victime. Il \u00e9carte cependant les postes non justifi\u00e9s ou exc\u00e9dant le strict pr\u00e9judice subi. Les devis concernant la peinture et le nettoyage sont r\u00e9duits car ils portaient sur des surfaces trop vastes. Le poste pour impr\u00e9vus est rejet\u00e9 car il ne constitue pas un pr\u00e9judice actuel et certain. Le tribunal proc\u00e8de ainsi \u00e0 un r\u00e9examen complet et concret des \u00e9l\u00e9ments de preuve. Il r\u00e9alise une synth\u00e8se entre l&#8217;expertise et les justifications apport\u00e9es par l&#8217;acqu\u00e9reur.<\/p>\n<p>Le refus d&#8217;indexer la somme allou\u00e9e sur un indice de r\u00e9f\u00e9rence m\u00e9rite \u00e9galement attention. Le demandeur sollicitait une indexation sur l&#8217;indice BT 01 \u00e0 la date du rapport d&#8217;expertise. Le tribunal rel\u00e8ve que le demandeur n&#8217;a pas pr\u00e9cis\u00e9 l&#8217;indice de r\u00e9f\u00e9rence initial. Surtout, la somme retenue pour les travaux est d\u00e9j\u00e0 sup\u00e9rieure \u00e0 l&#8217;\u00e9valuation de l&#8217;expert. Il estime donc qu&#8217;une r\u00e9\u00e9valuation suppl\u00e9mentaire n&#8217;est pas justifi\u00e9e. Cette solution montre la marge d&#8217;appr\u00e9ciation du juge dans la fixation du pr\u00e9judice. Elle \u00e9vite une indemnisation excessive tout en r\u00e9parant int\u00e9gralement le dommage subi. La d\u00e9cision assure ainsi une r\u00e9paration \u00e9quitable et proportionn\u00e9e.<\/p>\n<\/div>\n","protected":false},"excerpt":{"rendered":"<p>Le tribunal judiciaire de Saint-Quentin, le 3 septembre 2025, a statu\u00e9 sur un litige relatif \u00e0 des d\u00e9sordres affectant un immeuble. Apr\u00e8s une r\u00e9ception tacit&#8230;<\/p>\n","protected":false},"author":232070755,"featured_media":4761,"comment_status":"open","ping_status":"open","sticky":false,"template":"","format":"standard","meta":{"_crdt_document":"","_jetpack_newsletter_access":"","_jetpack_dont_email_post_to_subs":false,"_jetpack_newsletter_tier_id":0,"_jetpack_memberships_contains_paywalled_content":false,"_kj_source_type":"judilibre","_kj_official_id":"69013db02481d356bd2ad031","_kj_official_url":"https:\/\/www.courdecassation.fr\/decision\/69013db02481d356bd2ad031","_kj_judilibre_id":"69013db02481d356bd2ad031","_kj_jur":"Tribunal judiciaire","_kj_lieu":"Tribunal judiciaire de Gap","_kj_chambre":"Ch1 Proc\u00e9dures Civiles","_kj_rg":"23\/00183","_kj_date":"2025-09-29","_jetpack_memberships_contains_paid_content":false,"footnotes":"","jetpack_post_was_ever_published":false},"categories":[7597],"tags":[],"class_list":["post-658786","post","type-post","status-publish","format-standard","has-post-thumbnail","hentry","category-jurisprudence"],"yoast_head":"<!-- This site is optimized with the Yoast SEO Premium plugin v27.5 (Yoast SEO v27.5) - https:\/\/yoast.com\/product\/yoast-seo-premium-wordpress\/ -->\n<title>Tribunal judiciaire de Saint-Quentin, le 3 septembre 2025, n\u00b023\/00183 - Ma\u00eetre Hassan Kohen, avocat en droit p\u00e9nal \u00e0 Paris<\/title>\n<meta name=\"description\" content=\"Le tribunal judiciaire de Saint-Quentin, le 3 septembre 2025, a statu\u00e9 sur un litige relatif \u00e0 des d\u00e9sordres affectant un immeuble. Apr\u00e8s une r\u00e9ception tacit...\" \/>\n<meta name=\"robots\" content=\"index, follow, max-snippet:-1, max-image-preview:large, max-video-preview:-1\" \/>\n<link rel=\"canonical\" href=\"https:\/\/kohenavocats.com\/zh-hans\/tribunal-judiciaire-de-saint-quentin-le-3-septembre-2025-n23-00183\/\" \/>\n<meta property=\"og:locale\" content=\"zh_CN\" \/>\n<meta property=\"og:type\" content=\"article\" \/>\n<meta property=\"og:title\" content=\"Tribunal judiciaire de Saint-Quentin, le 3 septembre 2025, n\u00b023\/00183\" \/>\n<meta property=\"og:description\" content=\"Le tribunal judiciaire de Saint-Quentin, le 3 septembre 2025, a statu\u00e9 sur un litige relatif \u00e0 des d\u00e9sordres affectant un immeuble. Apr\u00e8s une r\u00e9ception tacit...\" \/>\n<meta property=\"og:url\" content=\"https:\/\/kohenavocats.com\/zh-hans\/tribunal-judiciaire-de-saint-quentin-le-3-septembre-2025-n23-00183\/\" \/>\n<meta property=\"og:site_name\" content=\"Ma\u00eetre Hassan Kohen, avocat en droit p\u00e9nal \u00e0 Paris\" \/>\n<meta property=\"article:published_time\" content=\"2026-04-23T10:18:15+00:00\" \/>\n<meta property=\"og:image\" content=\"https:\/\/kohenavocats.com\/wp-content\/uploads\/2024\/08\/rosilaine-alves-674oH-T1wNo-unsplash-1.webp\" \/>\n\t<meta property=\"og:image:width\" content=\"2836\" \/>\n\t<meta property=\"og:image:height\" content=\"2257\" \/>\n\t<meta property=\"og:image:type\" content=\"image\/webp\" \/>\n<meta name=\"author\" content=\"Kohen\" \/>\n<meta name=\"twitter:card\" content=\"summary_large_image\" \/>\n<meta name=\"twitter:label1\" content=\"\u4f5c\u8005\" \/>\n\t<meta name=\"twitter:data1\" content=\"Kohen\" \/>\n\t<meta name=\"twitter:label2\" content=\"\u9884\u8ba1\u9605\u8bfb\u65f6\u95f4\" \/>\n\t<meta name=\"twitter:data2\" content=\"4 \u5206\" \/>\n<script type=\"application\/ld+json\" class=\"yoast-schema-graph\">{\"@context\":\"https:\\\/\\\/schema.org\",\"@graph\":[{\"@type\":\"Article\",\"@id\":\"https:\\\/\\\/kohenavocats.com\\\/zh-hans\\\/tribunal-judiciaire-de-saint-quentin-le-3-septembre-2025-n23-00183\\\/#article\",\"isPartOf\":{\"@id\":\"https:\\\/\\\/kohenavocats.com\\\/zh-hans\\\/tribunal-judiciaire-de-saint-quentin-le-3-septembre-2025-n23-00183\\\/\"},\"author\":{\"name\":\"Kohen\",\"@id\":\"https:\\\/\\\/kohenavocats.com\\\/zh-hans\\\/#\\\/schema\\\/person\\\/761c9ba54fa1ca84d405cef0831ff751\"},\"headline\":\"Tribunal judiciaire de Saint-Quentin, le 3 septembre 2025, n\u00b023\\\/00183\",\"datePublished\":\"2026-04-23T10:18:15+00:00\",\"mainEntityOfPage\":{\"@id\":\"https:\\\/\\\/kohenavocats.com\\\/zh-hans\\\/tribunal-judiciaire-de-saint-quentin-le-3-septembre-2025-n23-00183\\\/\"},\"wordCount\":938,\"commentCount\":0,\"publisher\":{\"@id\":\"https:\\\/\\\/kohenavocats.com\\\/zh-hans\\\/#organization\"},\"image\":{\"@id\":\"https:\\\/\\\/kohenavocats.com\\\/zh-hans\\\/tribunal-judiciaire-de-saint-quentin-le-3-septembre-2025-n23-00183\\\/#primaryimage\"},\"thumbnailUrl\":\"https:\\\/\\\/kohenavocats.com\\\/wp-content\\\/uploads\\\/2024\\\/08\\\/rosilaine-alves-674oH-T1wNo-unsplash-1.webp\",\"articleSection\":[\"Jurisprudence\"],\"inLanguage\":\"zh-Hans\",\"potentialAction\":[{\"@type\":\"CommentAction\",\"name\":\"Comment\",\"target\":[\"https:\\\/\\\/kohenavocats.com\\\/zh-hans\\\/tribunal-judiciaire-de-saint-quentin-le-3-septembre-2025-n23-00183\\\/#respond\"]}],\"citation\":\"Tribunal judiciaire de Saint-Quentin, le 3 septembre 2025, n\u00b023\\\/00183\",\"about\":[{\"@type\":\"Thing\",\"name\":\"Jurisprudence\"}],\"dateModified\":\"2026-04-23T10:18:15+00:00\",\"speakable\":{\"@type\":\"SpeakableSpecification\",\"cssSelector\":[\".article-content > p:first-of-type\"]}},{\"@type\":\"WebPage\",\"@id\":\"https:\\\/\\\/kohenavocats.com\\\/zh-hans\\\/tribunal-judiciaire-de-saint-quentin-le-3-septembre-2025-n23-00183\\\/\",\"url\":\"https:\\\/\\\/kohenavocats.com\\\/zh-hans\\\/tribunal-judiciaire-de-saint-quentin-le-3-septembre-2025-n23-00183\\\/\",\"name\":\"Tribunal judiciaire de Saint-Quentin, le 3 septembre 2025, n\u00b023\\\/00183 - Ma\u00eetre Hassan Kohen, avocat en droit p\u00e9nal \u00e0 Paris\",\"isPartOf\":{\"@id\":\"https:\\\/\\\/kohenavocats.com\\\/zh-hans\\\/#website\"},\"primaryImageOfPage\":{\"@id\":\"https:\\\/\\\/kohenavocats.com\\\/zh-hans\\\/tribunal-judiciaire-de-saint-quentin-le-3-septembre-2025-n23-00183\\\/#primaryimage\"},\"image\":{\"@id\":\"https:\\\/\\\/kohenavocats.com\\\/zh-hans\\\/tribunal-judiciaire-de-saint-quentin-le-3-septembre-2025-n23-00183\\\/#primaryimage\"},\"thumbnailUrl\":\"https:\\\/\\\/kohenavocats.com\\\/wp-content\\\/uploads\\\/2024\\\/08\\\/rosilaine-alves-674oH-T1wNo-unsplash-1.webp\",\"datePublished\":\"2026-04-23T10:18:15+00:00\",\"description\":\"Le tribunal judiciaire de Saint-Quentin, le 3 septembre 2025, a statu\u00e9 sur un litige relatif \u00e0 des d\u00e9sordres affectant un immeuble. Apr\u00e8s une r\u00e9ception tacit...\",\"breadcrumb\":{\"@id\":\"https:\\\/\\\/kohenavocats.com\\\/zh-hans\\\/tribunal-judiciaire-de-saint-quentin-le-3-septembre-2025-n23-00183\\\/#breadcrumb\"},\"inLanguage\":\"zh-Hans\",\"potentialAction\":[{\"@type\":\"ReadAction\",\"target\":[\"https:\\\/\\\/kohenavocats.com\\\/zh-hans\\\/tribunal-judiciaire-de-saint-quentin-le-3-septembre-2025-n23-00183\\\/\"]}]},{\"@type\":\"ImageObject\",\"inLanguage\":\"zh-Hans\",\"@id\":\"https:\\\/\\\/kohenavocats.com\\\/zh-hans\\\/tribunal-judiciaire-de-saint-quentin-le-3-septembre-2025-n23-00183\\\/#primaryimage\",\"url\":\"https:\\\/\\\/kohenavocats.com\\\/wp-content\\\/uploads\\\/2024\\\/08\\\/rosilaine-alves-674oH-T1wNo-unsplash-1.webp\",\"contentUrl\":\"https:\\\/\\\/kohenavocats.com\\\/wp-content\\\/uploads\\\/2024\\\/08\\\/rosilaine-alves-674oH-T1wNo-unsplash-1.webp\",\"width\":2836,\"height\":2257},{\"@type\":\"BreadcrumbList\",\"@id\":\"https:\\\/\\\/kohenavocats.com\\\/zh-hans\\\/tribunal-judiciaire-de-saint-quentin-le-3-septembre-2025-n23-00183\\\/#breadcrumb\",\"itemListElement\":[{\"@type\":\"ListItem\",\"position\":1,\"name\":\"Home\",\"item\":\"https:\\\/\\\/kohenavocats.com\\\/zh-hans\\\/\"},{\"@type\":\"ListItem\",\"position\":2,\"name\":\"Tribunal judiciaire de Saint-Quentin, le 3 septembre 2025, n\u00b023\\\/00183\"}]},{\"@type\":\"WebSite\",\"@id\":\"https:\\\/\\\/kohenavocats.com\\\/zh-hans\\\/#website\",\"url\":\"https:\\\/\\\/kohenavocats.com\\\/zh-hans\\\/\",\"name\":\"Kohen Avocats\",\"description\":\"Ma\u00eetre Hassan Kohen, avocat p\u00e9naliste \u00e0 Paris, intervient exclusivement en droit p\u00e9nal pour la d\u00e9fense des particuliers, notamment en mati\u00e8re d\u2019accusations de viol. Il assure un accompagnement rigoureux d\u00e8s la garde \u00e0 vue jusqu\u2019\u00e0 la Cour d\u2019assises, veillant au strict respect des garanties proc\u00e9durales.\",\"publisher\":{\"@id\":\"https:\\\/\\\/kohenavocats.com\\\/zh-hans\\\/#organization\"},\"potentialAction\":[{\"@type\":\"SearchAction\",\"target\":{\"@type\":\"EntryPoint\",\"urlTemplate\":\"https:\\\/\\\/kohenavocats.com\\\/zh-hans\\\/?s={search_term_string}\"},\"query-input\":{\"@type\":\"PropertyValueSpecification\",\"valueRequired\":true,\"valueName\":\"search_term_string\"}}],\"inLanguage\":\"zh-Hans\"},{\"@type\":\"Organization\",\"@id\":\"https:\\\/\\\/kohenavocats.com\\\/zh-hans\\\/#organization\",\"name\":\"Kohen Avocats\",\"url\":\"https:\\\/\\\/kohenavocats.com\\\/zh-hans\\\/\",\"logo\":{\"@type\":\"ImageObject\",\"inLanguage\":\"zh-Hans\",\"@id\":\"https:\\\/\\\/kohenavocats.com\\\/zh-hans\\\/#\\\/schema\\\/logo\\\/image\\\/\",\"url\":\"https:\\\/\\\/kohenavocats.com\\\/wp-content\\\/uploads\\\/2026\\\/01\\\/Logo-2-1.webp\",\"contentUrl\":\"https:\\\/\\\/kohenavocats.com\\\/wp-content\\\/uploads\\\/2026\\\/01\\\/Logo-2-1.webp\",\"width\":2114,\"height\":1253,\"caption\":\"Kohen Avocats\"},\"image\":{\"@id\":\"https:\\\/\\\/kohenavocats.com\\\/zh-hans\\\/#\\\/schema\\\/logo\\\/image\\\/\"}},{\"@type\":\"Person\",\"@id\":\"https:\\\/\\\/kohenavocats.com\\\/zh-hans\\\/#\\\/schema\\\/person\\\/761c9ba54fa1ca84d405cef0831ff751\",\"name\":\"Kohen\",\"image\":{\"@type\":\"ImageObject\",\"inLanguage\":\"zh-Hans\",\"@id\":\"https:\\\/\\\/secure.gravatar.com\\\/avatar\\\/1c5e76ef76bbbfdd2b4da984e2bf2fa4056fd51a27d25ce2c332047f1dfd6e00?s=96&d=identicon&r=g\",\"url\":\"https:\\\/\\\/secure.gravatar.com\\\/avatar\\\/1c5e76ef76bbbfdd2b4da984e2bf2fa4056fd51a27d25ce2c332047f1dfd6e00?s=96&d=identicon&r=g\",\"contentUrl\":\"https:\\\/\\\/secure.gravatar.com\\\/avatar\\\/1c5e76ef76bbbfdd2b4da984e2bf2fa4056fd51a27d25ce2c332047f1dfd6e00?s=96&d=identicon&r=g\",\"caption\":\"Kohen\"},\"sameAs\":[\"https:\\\/\\\/www.linkedin.com\\\/in\\\/hassan-kohen-448548192\\\/\",\"https:\\\/\\\/www.youtube.com\\\/@Kohen-Avocats\"],\"url\":\"https:\\\/\\\/kohenavocats.com\\\/zh-hans\\\/author\\\/kohenmlk\\\/\"}]}<\/script>\n<!-- \/ Yoast SEO Premium plugin. -->","yoast_head_json":{"title":"Tribunal judiciaire de Saint-Quentin, le 3 septembre 2025, n\u00b023\/00183 - Ma\u00eetre Hassan Kohen, avocat en droit p\u00e9nal \u00e0 Paris","description":"Le tribunal judiciaire de Saint-Quentin, le 3 septembre 2025, a statu\u00e9 sur un litige relatif \u00e0 des d\u00e9sordres affectant un immeuble. Apr\u00e8s une r\u00e9ception tacit...","robots":{"index":"index","follow":"follow","max-snippet":"max-snippet:-1","max-image-preview":"max-image-preview:large","max-video-preview":"max-video-preview:-1"},"canonical":"https:\/\/kohenavocats.com\/zh-hans\/tribunal-judiciaire-de-saint-quentin-le-3-septembre-2025-n23-00183\/","og_locale":"zh_CN","og_type":"article","og_title":"Tribunal judiciaire de Saint-Quentin, le 3 septembre 2025, n\u00b023\/00183","og_description":"Le tribunal judiciaire de Saint-Quentin, le 3 septembre 2025, a statu\u00e9 sur un litige relatif \u00e0 des d\u00e9sordres affectant un immeuble. Apr\u00e8s une r\u00e9ception tacit...","og_url":"https:\/\/kohenavocats.com\/zh-hans\/tribunal-judiciaire-de-saint-quentin-le-3-septembre-2025-n23-00183\/","og_site_name":"Ma\u00eetre Hassan Kohen, avocat en droit p\u00e9nal \u00e0 Paris","article_published_time":"2026-04-23T10:18:15+00:00","og_image":[{"width":2836,"height":2257,"url":"https:\/\/kohenavocats.com\/wp-content\/uploads\/2024\/08\/rosilaine-alves-674oH-T1wNo-unsplash-1.webp","type":"image\/webp"}],"author":"Kohen","twitter_card":"summary_large_image","twitter_misc":{"\u4f5c\u8005":"Kohen","\u9884\u8ba1\u9605\u8bfb\u65f6\u95f4":"4 \u5206"},"schema":{"@context":"https:\/\/schema.org","@graph":[{"@type":"Article","@id":"https:\/\/kohenavocats.com\/zh-hans\/tribunal-judiciaire-de-saint-quentin-le-3-septembre-2025-n23-00183\/#article","isPartOf":{"@id":"https:\/\/kohenavocats.com\/zh-hans\/tribunal-judiciaire-de-saint-quentin-le-3-septembre-2025-n23-00183\/"},"author":{"name":"Kohen","@id":"https:\/\/kohenavocats.com\/zh-hans\/#\/schema\/person\/761c9ba54fa1ca84d405cef0831ff751"},"headline":"Tribunal judiciaire de Saint-Quentin, le 3 septembre 2025, n\u00b023\/00183","datePublished":"2026-04-23T10:18:15+00:00","mainEntityOfPage":{"@id":"https:\/\/kohenavocats.com\/zh-hans\/tribunal-judiciaire-de-saint-quentin-le-3-septembre-2025-n23-00183\/"},"wordCount":938,"commentCount":0,"publisher":{"@id":"https:\/\/kohenavocats.com\/zh-hans\/#organization"},"image":{"@id":"https:\/\/kohenavocats.com\/zh-hans\/tribunal-judiciaire-de-saint-quentin-le-3-septembre-2025-n23-00183\/#primaryimage"},"thumbnailUrl":"https:\/\/kohenavocats.com\/wp-content\/uploads\/2024\/08\/rosilaine-alves-674oH-T1wNo-unsplash-1.webp","articleSection":["Jurisprudence"],"inLanguage":"zh-Hans","potentialAction":[{"@type":"CommentAction","name":"Comment","target":["https:\/\/kohenavocats.com\/zh-hans\/tribunal-judiciaire-de-saint-quentin-le-3-septembre-2025-n23-00183\/#respond"]}],"citation":"Tribunal judiciaire de Saint-Quentin, le 3 septembre 2025, n\u00b023\/00183","about":[{"@type":"Thing","name":"Jurisprudence"}],"dateModified":"2026-04-23T10:18:15+00:00","speakable":{"@type":"SpeakableSpecification","cssSelector":[".article-content > p:first-of-type"]}},{"@type":"WebPage","@id":"https:\/\/kohenavocats.com\/zh-hans\/tribunal-judiciaire-de-saint-quentin-le-3-septembre-2025-n23-00183\/","url":"https:\/\/kohenavocats.com\/zh-hans\/tribunal-judiciaire-de-saint-quentin-le-3-septembre-2025-n23-00183\/","name":"Tribunal judiciaire de Saint-Quentin, le 3 septembre 2025, n\u00b023\/00183 - Ma\u00eetre Hassan Kohen, avocat en droit p\u00e9nal \u00e0 Paris","isPartOf":{"@id":"https:\/\/kohenavocats.com\/zh-hans\/#website"},"primaryImageOfPage":{"@id":"https:\/\/kohenavocats.com\/zh-hans\/tribunal-judiciaire-de-saint-quentin-le-3-septembre-2025-n23-00183\/#primaryimage"},"image":{"@id":"https:\/\/kohenavocats.com\/zh-hans\/tribunal-judiciaire-de-saint-quentin-le-3-septembre-2025-n23-00183\/#primaryimage"},"thumbnailUrl":"https:\/\/kohenavocats.com\/wp-content\/uploads\/2024\/08\/rosilaine-alves-674oH-T1wNo-unsplash-1.webp","datePublished":"2026-04-23T10:18:15+00:00","description":"Le tribunal judiciaire de Saint-Quentin, le 3 septembre 2025, a statu\u00e9 sur un litige relatif \u00e0 des d\u00e9sordres affectant un immeuble. Apr\u00e8s une r\u00e9ception tacit...","breadcrumb":{"@id":"https:\/\/kohenavocats.com\/zh-hans\/tribunal-judiciaire-de-saint-quentin-le-3-septembre-2025-n23-00183\/#breadcrumb"},"inLanguage":"zh-Hans","potentialAction":[{"@type":"ReadAction","target":["https:\/\/kohenavocats.com\/zh-hans\/tribunal-judiciaire-de-saint-quentin-le-3-septembre-2025-n23-00183\/"]}]},{"@type":"ImageObject","inLanguage":"zh-Hans","@id":"https:\/\/kohenavocats.com\/zh-hans\/tribunal-judiciaire-de-saint-quentin-le-3-septembre-2025-n23-00183\/#primaryimage","url":"https:\/\/kohenavocats.com\/wp-content\/uploads\/2024\/08\/rosilaine-alves-674oH-T1wNo-unsplash-1.webp","contentUrl":"https:\/\/kohenavocats.com\/wp-content\/uploads\/2024\/08\/rosilaine-alves-674oH-T1wNo-unsplash-1.webp","width":2836,"height":2257},{"@type":"BreadcrumbList","@id":"https:\/\/kohenavocats.com\/zh-hans\/tribunal-judiciaire-de-saint-quentin-le-3-septembre-2025-n23-00183\/#breadcrumb","itemListElement":[{"@type":"ListItem","position":1,"name":"Home","item":"https:\/\/kohenavocats.com\/zh-hans\/"},{"@type":"ListItem","position":2,"name":"Tribunal judiciaire de Saint-Quentin, le 3 septembre 2025, n\u00b023\/00183"}]},{"@type":"WebSite","@id":"https:\/\/kohenavocats.com\/zh-hans\/#website","url":"https:\/\/kohenavocats.com\/zh-hans\/","name":"Kohen Avocats","description":"Ma\u00eetre Hassan Kohen, avocat p\u00e9naliste \u00e0 Paris, intervient exclusivement en droit p\u00e9nal pour la d\u00e9fense des particuliers, notamment en mati\u00e8re d\u2019accusations de viol. Il assure un accompagnement rigoureux d\u00e8s la garde \u00e0 vue jusqu\u2019\u00e0 la Cour d\u2019assises, veillant au strict respect des garanties proc\u00e9durales.","publisher":{"@id":"https:\/\/kohenavocats.com\/zh-hans\/#organization"},"potentialAction":[{"@type":"SearchAction","target":{"@type":"EntryPoint","urlTemplate":"https:\/\/kohenavocats.com\/zh-hans\/?s={search_term_string}"},"query-input":{"@type":"PropertyValueSpecification","valueRequired":true,"valueName":"search_term_string"}}],"inLanguage":"zh-Hans"},{"@type":"Organization","@id":"https:\/\/kohenavocats.com\/zh-hans\/#organization","name":"Kohen Avocats","url":"https:\/\/kohenavocats.com\/zh-hans\/","logo":{"@type":"ImageObject","inLanguage":"zh-Hans","@id":"https:\/\/kohenavocats.com\/zh-hans\/#\/schema\/logo\/image\/","url":"https:\/\/kohenavocats.com\/wp-content\/uploads\/2026\/01\/Logo-2-1.webp","contentUrl":"https:\/\/kohenavocats.com\/wp-content\/uploads\/2026\/01\/Logo-2-1.webp","width":2114,"height":1253,"caption":"Kohen Avocats"},"image":{"@id":"https:\/\/kohenavocats.com\/zh-hans\/#\/schema\/logo\/image\/"}},{"@type":"Person","@id":"https:\/\/kohenavocats.com\/zh-hans\/#\/schema\/person\/761c9ba54fa1ca84d405cef0831ff751","name":"Kohen","image":{"@type":"ImageObject","inLanguage":"zh-Hans","@id":"https:\/\/secure.gravatar.com\/avatar\/1c5e76ef76bbbfdd2b4da984e2bf2fa4056fd51a27d25ce2c332047f1dfd6e00?s=96&d=identicon&r=g","url":"https:\/\/secure.gravatar.com\/avatar\/1c5e76ef76bbbfdd2b4da984e2bf2fa4056fd51a27d25ce2c332047f1dfd6e00?s=96&d=identicon&r=g","contentUrl":"https:\/\/secure.gravatar.com\/avatar\/1c5e76ef76bbbfdd2b4da984e2bf2fa4056fd51a27d25ce2c332047f1dfd6e00?s=96&d=identicon&r=g","caption":"Kohen"},"sameAs":["https:\/\/www.linkedin.com\/in\/hassan-kohen-448548192\/","https:\/\/www.youtube.com\/@Kohen-Avocats"],"url":"https:\/\/kohenavocats.com\/zh-hans\/author\/kohenmlk\/"}]}},"jetpack_featured_media_url":"https:\/\/kohenavocats.com\/wp-content\/uploads\/2024\/08\/rosilaine-alves-674oH-T1wNo-unsplash-1.webp","jetpack_likes_enabled":false,"jetpack_shortlink":"https:\/\/wp.me\/peCrII-2LnA","jetpack-related-posts":[{"id":434883,"url":"https:\/\/kohenavocats.com\/zh-hans\/cour-dappel-de-saint-denis-le-27-fevrier-2026-n24-00290\/","url_meta":{"origin":658786,"position":0},"title":"Cour d&#8217;appel de Saint- Denis, le 27 f\u00e9vrier 2026, n\u00b024\/00290","author":"Kohen","date":"2026\u5e743\u670825\u65e5","format":false,"excerpt":"La Cour d\u2019appel de Saint-Denis, dans un arr\u00eat du 2\u2026","rel":"","context":"\u5728\u201cCour d'appel\u201d\u4e2d","block_context":{"text":"Cour d'appel","link":"https:\/\/kohenavocats.com\/category\/cour-dappel\/"},"img":{"alt_text":"","src":"https:\/\/i0.wp.com\/kohenavocats.com\/wp-content\/uploads\/2024\/11\/getty-images-p1ZW7qeVRyE-unsplash.webp?resize=350%2C200&ssl=1","width":350,"height":200,"srcset":"https:\/\/i0.wp.com\/kohenavocats.com\/wp-content\/uploads\/2024\/11\/getty-images-p1ZW7qeVRyE-unsplash.webp?resize=350%2C200&ssl=1 1x, https:\/\/i0.wp.com\/kohenavocats.com\/wp-content\/uploads\/2024\/11\/getty-images-p1ZW7qeVRyE-unsplash.webp?resize=525%2C300&ssl=1 1.5x, https:\/\/i0.wp.com\/kohenavocats.com\/wp-content\/uploads\/2024\/11\/getty-images-p1ZW7qeVRyE-unsplash.webp?resize=700%2C400&ssl=1 2x, https:\/\/i0.wp.com\/kohenavocats.com\/wp-content\/uploads\/2024\/11\/getty-images-p1ZW7qeVRyE-unsplash.webp?resize=1050%2C600&ssl=1 3x, https:\/\/i0.wp.com\/kohenavocats.com\/wp-content\/uploads\/2024\/11\/getty-images-p1ZW7qeVRyE-unsplash.webp?resize=1400%2C800&ssl=1 4x"},"classes":[]},{"id":80726,"url":"https:\/\/kohenavocats.com\/zh-hans\/cour-dappel-de-rouen-le-2-juillet-2025-n24-00653\/","url_meta":{"origin":658786,"position":1},"title":"Cour d&#8217;appel de Rouen, le 2 juillet 2025, n\u00b024\/00653","author":"Kohen","date":"2025\u5e7411\u670810\u65e5","format":false,"excerpt":"**Crafting the case introduction** I need to stick\u2026","rel":"","context":"\u5728\u201cCour d'appel\u201d\u4e2d","block_context":{"text":"Cour d'appel","link":"https:\/\/kohenavocats.com\/category\/cour-dappel\/"},"img":{"alt_text":"","src":"https:\/\/i0.wp.com\/kohenavocats.com\/wp-content\/uploads\/2024\/08\/deniz-demirci-wrMPwcYTRpc-unsplash.webp?resize=350%2C200&ssl=1","width":350,"height":200,"srcset":"https:\/\/i0.wp.com\/kohenavocats.com\/wp-content\/uploads\/2024\/08\/deniz-demirci-wrMPwcYTRpc-unsplash.webp?resize=350%2C200&ssl=1 1x, https:\/\/i0.wp.com\/kohenavocats.com\/wp-content\/uploads\/2024\/08\/deniz-demirci-wrMPwcYTRpc-unsplash.webp?resize=525%2C300&ssl=1 1.5x, https:\/\/i0.wp.com\/kohenavocats.com\/wp-content\/uploads\/2024\/08\/deniz-demirci-wrMPwcYTRpc-unsplash.webp?resize=700%2C400&ssl=1 2x, https:\/\/i0.wp.com\/kohenavocats.com\/wp-content\/uploads\/2024\/08\/deniz-demirci-wrMPwcYTRpc-unsplash.webp?resize=1050%2C600&ssl=1 3x, https:\/\/i0.wp.com\/kohenavocats.com\/wp-content\/uploads\/2024\/08\/deniz-demirci-wrMPwcYTRpc-unsplash.webp?resize=1400%2C800&ssl=1 4x"},"classes":[]},{"id":437100,"url":"https:\/\/kohenavocats.com\/zh-hans\/cour-dappel-de-versailles-le-2-mars-2026-n22-03687\/","url_meta":{"origin":658786,"position":2},"title":"Cour d&#8217;appel de Versailles, le 2 mars 2026, n\u00b022\/03687","author":"Kohen","date":"2026\u5e743\u670825\u65e5","format":false,"excerpt":"L\u2019arr\u00eat rendu par la Cour d\u2019appel de Versailles le\u2026","rel":"","context":"\u5728\u201cCour d'appel\u201d\u4e2d","block_context":{"text":"Cour d'appel","link":"https:\/\/kohenavocats.com\/category\/cour-dappel\/"},"img":{"alt_text":"","src":"https:\/\/i0.wp.com\/kohenavocats.com\/wp-content\/uploads\/2024\/08\/patrick-schneider-cFeRWofFkw8-unsplash.webp?resize=350%2C200&ssl=1","width":350,"height":200,"srcset":"https:\/\/i0.wp.com\/kohenavocats.com\/wp-content\/uploads\/2024\/08\/patrick-schneider-cFeRWofFkw8-unsplash.webp?resize=350%2C200&ssl=1 1x, https:\/\/i0.wp.com\/kohenavocats.com\/wp-content\/uploads\/2024\/08\/patrick-schneider-cFeRWofFkw8-unsplash.webp?resize=525%2C300&ssl=1 1.5x, https:\/\/i0.wp.com\/kohenavocats.com\/wp-content\/uploads\/2024\/08\/patrick-schneider-cFeRWofFkw8-unsplash.webp?resize=700%2C400&ssl=1 2x, https:\/\/i0.wp.com\/kohenavocats.com\/wp-content\/uploads\/2024\/08\/patrick-schneider-cFeRWofFkw8-unsplash.webp?resize=1050%2C600&ssl=1 3x, https:\/\/i0.wp.com\/kohenavocats.com\/wp-content\/uploads\/2024\/08\/patrick-schneider-cFeRWofFkw8-unsplash.webp?resize=1400%2C800&ssl=1 4x"},"classes":[]},{"id":610876,"url":"https:\/\/kohenavocats.com\/zh-hans\/cour-dappel-le-18-mars-2025-n22-05173\/","url_meta":{"origin":658786,"position":3},"title":"Cour d&#8217;appel, le 18 mars 2025, n\u00b022\/05173","author":"Kohen","date":"2026\u5e744\u670819\u65e5","format":false,"excerpt":"La Cour d'appel, statuant le 18 mars 2025 sous le \u2026","rel":"","context":"\u5728\u201cJurisprudence\u201d\u4e2d","block_context":{"text":"Jurisprudence","link":"https:\/\/kohenavocats.com\/category\/jurisprudence\/"},"img":{"alt_text":"","src":"https:\/\/i0.wp.com\/kohenavocats.com\/wp-content\/uploads\/2024\/11\/thomas-franke-2wMK7kH4kQI-unsplash.webp?resize=350%2C200&ssl=1","width":350,"height":200,"srcset":"https:\/\/i0.wp.com\/kohenavocats.com\/wp-content\/uploads\/2024\/11\/thomas-franke-2wMK7kH4kQI-unsplash.webp?resize=350%2C200&ssl=1 1x, https:\/\/i0.wp.com\/kohenavocats.com\/wp-content\/uploads\/2024\/11\/thomas-franke-2wMK7kH4kQI-unsplash.webp?resize=525%2C300&ssl=1 1.5x, https:\/\/i0.wp.com\/kohenavocats.com\/wp-content\/uploads\/2024\/11\/thomas-franke-2wMK7kH4kQI-unsplash.webp?resize=700%2C400&ssl=1 2x, https:\/\/i0.wp.com\/kohenavocats.com\/wp-content\/uploads\/2024\/11\/thomas-franke-2wMK7kH4kQI-unsplash.webp?resize=1050%2C600&ssl=1 3x, https:\/\/i0.wp.com\/kohenavocats.com\/wp-content\/uploads\/2024\/11\/thomas-franke-2wMK7kH4kQI-unsplash.webp?resize=1400%2C800&ssl=1 4x"},"classes":[]},{"id":418155,"url":"https:\/\/kohenavocats.com\/zh-hans\/cour-dappel-de-bastia-le-29-fevrier-2012-n10-00825\/","url_meta":{"origin":658786,"position":4},"title":"Cour d&#8217;appel de Bastia, le 29 f\u00e9vrier 2012, n\u00b010\/00825","author":"Kohen","date":"2026\u5e743\u670822\u65e5","format":false,"excerpt":"Un march\u00e9 de travaux est conclu en 2004 pour la co\u2026","rel":"","context":"\u5728\u201cCour d'appel\u201d\u4e2d","block_context":{"text":"Cour d'appel","link":"https:\/\/kohenavocats.com\/category\/cour-dappel\/"},"img":{"alt_text":"","src":"https:\/\/i0.wp.com\/kohenavocats.com\/wp-content\/uploads\/2024\/08\/filtergrade-TZ63XfVx_uE-unsplash.webp?resize=350%2C200&ssl=1","width":350,"height":200,"srcset":"https:\/\/i0.wp.com\/kohenavocats.com\/wp-content\/uploads\/2024\/08\/filtergrade-TZ63XfVx_uE-unsplash.webp?resize=350%2C200&ssl=1 1x, https:\/\/i0.wp.com\/kohenavocats.com\/wp-content\/uploads\/2024\/08\/filtergrade-TZ63XfVx_uE-unsplash.webp?resize=525%2C300&ssl=1 1.5x, https:\/\/i0.wp.com\/kohenavocats.com\/wp-content\/uploads\/2024\/08\/filtergrade-TZ63XfVx_uE-unsplash.webp?resize=700%2C400&ssl=1 2x, https:\/\/i0.wp.com\/kohenavocats.com\/wp-content\/uploads\/2024\/08\/filtergrade-TZ63XfVx_uE-unsplash.webp?resize=1050%2C600&ssl=1 3x, https:\/\/i0.wp.com\/kohenavocats.com\/wp-content\/uploads\/2024\/08\/filtergrade-TZ63XfVx_uE-unsplash.webp?resize=1400%2C800&ssl=1 4x"},"classes":[]},{"id":426970,"url":"https:\/\/kohenavocats.com\/zh-hans\/cour-dappel-de-lyon-le-25-fevrier-2026-n23-02098\/","url_meta":{"origin":658786,"position":5},"title":"Cour d&#8217;appel de Lyon, le 25 f\u00e9vrier 2026, n\u00b023\/02098","author":"Kohen","date":"2026\u5e743\u670823\u65e5","format":false,"excerpt":"La Cour d\u2019appel de Lyon, dans un arr\u00eat du 25 f\u00e9vri\u2026","rel":"","context":"\u5728\u201cCour d'appel\u201d\u4e2d","block_context":{"text":"Cour d'appel","link":"https:\/\/kohenavocats.com\/category\/cour-dappel\/"},"img":{"alt_text":"","src":"https:\/\/i0.wp.com\/kohenavocats.com\/wp-content\/uploads\/2024\/08\/pierre-antona-ir9dYEOvx5s-unsplash.webp?resize=350%2C200&ssl=1","width":350,"height":200,"srcset":"https:\/\/i0.wp.com\/kohenavocats.com\/wp-content\/uploads\/2024\/08\/pierre-antona-ir9dYEOvx5s-unsplash.webp?resize=350%2C200&ssl=1 1x, https:\/\/i0.wp.com\/kohenavocats.com\/wp-content\/uploads\/2024\/08\/pierre-antona-ir9dYEOvx5s-unsplash.webp?resize=525%2C300&ssl=1 1.5x, https:\/\/i0.wp.com\/kohenavocats.com\/wp-content\/uploads\/2024\/08\/pierre-antona-ir9dYEOvx5s-unsplash.webp?resize=700%2C400&ssl=1 2x, https:\/\/i0.wp.com\/kohenavocats.com\/wp-content\/uploads\/2024\/08\/pierre-antona-ir9dYEOvx5s-unsplash.webp?resize=1050%2C600&ssl=1 3x, https:\/\/i0.wp.com\/kohenavocats.com\/wp-content\/uploads\/2024\/08\/pierre-antona-ir9dYEOvx5s-unsplash.webp?resize=1400%2C800&ssl=1 4x"},"classes":[]}],"jetpack_sharing_enabled":true,"_links":{"self":[{"href":"https:\/\/kohenavocats.com\/zh-hans\/wp-json\/wp\/v2\/posts\/658786","targetHints":{"allow":["GET"]}}],"collection":[{"href":"https:\/\/kohenavocats.com\/zh-hans\/wp-json\/wp\/v2\/posts"}],"about":[{"href":"https:\/\/kohenavocats.com\/zh-hans\/wp-json\/wp\/v2\/types\/post"}],"author":[{"embeddable":true,"href":"https:\/\/kohenavocats.com\/zh-hans\/wp-json\/wp\/v2\/users\/232070755"}],"replies":[{"embeddable":true,"href":"https:\/\/kohenavocats.com\/zh-hans\/wp-json\/wp\/v2\/comments?post=658786"}],"version-history":[{"count":0,"href":"https:\/\/kohenavocats.com\/zh-hans\/wp-json\/wp\/v2\/posts\/658786\/revisions"}],"wp:featuredmedia":[{"embeddable":true,"href":"https:\/\/kohenavocats.com\/zh-hans\/wp-json\/wp\/v2\/media\/4761"}],"wp:attachment":[{"href":"https:\/\/kohenavocats.com\/zh-hans\/wp-json\/wp\/v2\/media?parent=658786"}],"wp:term":[{"taxonomy":"category","embeddable":true,"href":"https:\/\/kohenavocats.com\/zh-hans\/wp-json\/wp\/v2\/categories?post=658786"},{"taxonomy":"post_tag","embeddable":true,"href":"https:\/\/kohenavocats.com\/zh-hans\/wp-json\/wp\/v2\/tags?post=658786"}],"curies":[{"name":"wp","href":"https:\/\/api.w.org\/{rel}","templated":true}]}}