{"id":659077,"date":"2026-04-23T12:37:15","date_gmt":"2026-04-23T10:37:15","guid":{"rendered":"https:\/\/kohenavocats.com\/tribunal-judiciaire-de-mesnil-amelot-le-27-septembre-2025-n25-03823\/"},"modified":"2026-04-23T12:37:15","modified_gmt":"2026-04-23T10:37:15","slug":"tribunal-judiciaire-de-mesnil-amelot-le-27-septembre-2025-n25-03823","status":"publish","type":"post","link":"https:\/\/kohenavocats.com\/zh-hans\/tribunal-judiciaire-de-mesnil-amelot-le-27-septembre-2025-n25-03823\/","title":{"rendered":"Tribunal judiciaire de Mesnil-Amelot, le 27 septembre 2025, n\u00b025\/03823"},"content":{"rendered":"<div class=\"article-content\">\n<p>Le tribunal judiciaire du Mesnil-Amelot, statuant le 27 septembre 2025, examine un recours contre un arr\u00eat\u00e9 de placement en r\u00e9tention et une demande de prolongation. L&#8217;int\u00e9ress\u00e9, faisant l&#8217;objet d&#8217;une obligation de quitter le territoire, conteste la l\u00e9galit\u00e9 de sa r\u00e9tention. Le juge rejette le recours et ordonne la prolongation de la mesure pour vingt-six jours, estimant la proc\u00e9dure r\u00e9guli\u00e8re et la d\u00e9cision suffisamment motiv\u00e9e.<\/p>\n<p>Le contr\u00f4le juridictionnel de la motivation pr\u00e9fectorale<\/p>\n<p>L&#8217;exigence d&#8217;une motivation circonstanci\u00e9e mais non exhaustive. Le juge rappelle le cadre de l&#8217;obligation de motivation pesant sur l&#8217;autorit\u00e9 administrative. Il souligne que le pr\u00e9fet n&#8217;est pas tenu &#8220;de faire \u00e9tat de tous les \u00e9l\u00e9ments de la situation de la personne retenue mais seulement des \u00e9l\u00e9ments positifs sur lesquels il se fonde pour prendre sa d\u00e9cision&#8221;. La r\u00e9gularit\u00e9 de l&#8217;acte s&#8217;appr\u00e9cie au jour de son \u00e9diction, &#8220;au regard des \u00e9l\u00e9ments de fait connus de l&#8217;administration \u00e0 cette date&#8221;. Cette lecture restrictive vise \u00e0 \u00e9viter une censure syst\u00e9matique pour vice de forme.<\/p>\n<p>La concr\u00e9tisation du contr\u00f4le en l&#8217;esp\u00e8ce. En l&#8217;esp\u00e8ce, la motivation est jug\u00e9e suffisante car l&#8217;arr\u00eat\u00e9 retient l&#8217;existence d&#8217;une obligation de quitter le territoire et une interdiction de retour. Il constate surtout que l&#8217;int\u00e9ress\u00e9 &#8220;ne justifie pas de garanties de repr\u00e9sentations et qu\u2019il s\u2019est soustrait \u00e0 la mesure pr\u00e9cit\u00e9e&#8221;. Le juge estime que ces \u00e9l\u00e9ments caract\u00e9risent le risque de fuite. Cette appr\u00e9ciation contraste avec d&#8217;autres solutions o\u00f9 des \u00e9l\u00e9ments concrets de domiciliation \u00e9cartaient ce risque. &#8220;En l\u2019esp\u00e8ce, il convient de consid\u00e9rer que l\u2019autorit\u00e9 pr\u00e9fectorale a insuffisamment motiv\u00e9 sa d\u00e9cision&#8221; (Tribunal judiciaire de Lille, le 4 f\u00e9vrier 2026, n\u00b026\/00247).<\/p>\n<p>L&#8217;appr\u00e9ciation des circonstances individuelles et de la proportionnalit\u00e9<\/p>\n<p>La prise en compte limit\u00e9e de l&#8217;\u00e9tat de sant\u00e9 et de la vuln\u00e9rabilit\u00e9. Le juge examine les all\u00e9gations concernant l&#8217;\u00e9tat de sant\u00e9 de l&#8217;int\u00e9ress\u00e9. Il rel\u00e8ve qu&#8217;aucune d\u00e9claration sur ce point ne figure \u00e0 l&#8217;audition et que le rendez-vous m\u00e9dical a \u00e9t\u00e9 refus\u00e9. Il rappelle qu&#8217;aucune disposition n&#8217;impose &#8220;de r\u00e9aliser un examen de compatibilit\u00e9 pr\u00e9alablement \u00e0 un placement en r\u00e9tention mais seulement d\u2019y r\u00e9server une attention particuli\u00e8re&#8221;. La simple mention dans l&#8217;arr\u00eat\u00e9 que l&#8217;int\u00e9ress\u00e9 &#8220;ne peut se pr\u00e9valoir d\u2019un \u00e9tat de vuln\u00e9rabilit\u00e9&#8221; est jug\u00e9e suffisante, faute de preuve contraire apport\u00e9e.<\/p>\n<p>Le rejet de l&#8217;alternative de l&#8217;assignation \u00e0 r\u00e9sidence. Le juge \u00e9carte le moyen tir\u00e9 de l&#8217;erreur manifeste d&#8217;appr\u00e9ciation sur la n\u00e9cessit\u00e9 de la r\u00e9tention. Il estime que le pr\u00e9fet n&#8217;a pas commis d&#8217;erreur en choisissant le placement, &#8220;d\u00e8s lors que ses garanties de repr\u00e9sentation, dont l\u2019effectivit\u00e9 n\u2019est pas rapport\u00e9e, ne parviennent pas \u00e0 pr\u00e9venir le risque de soustraction&#8221;. La prolongation est justifi\u00e9e par l&#8217;absence de passeport valide remis aux autorit\u00e9s, condition l\u00e9gale pour une assignation. La d\u00e9cision consacre ainsi une interpr\u00e9tation stricte des conditions alternatives \u00e0 la r\u00e9tention.<\/p>\n<\/div>\n","protected":false},"excerpt":{"rendered":"<p>Le tribunal judiciaire du Mesnil-Amelot, statuant le 27 septembre 2025, examine un recours contre un arr\u00eat\u00e9 de placement en r\u00e9tention et une demande de prolo&#8230;<\/p>\n","protected":false},"author":232070755,"featured_media":9672,"comment_status":"open","ping_status":"open","sticky":false,"template":"","format":"standard","meta":{"_crdt_document":"","_jetpack_newsletter_access":"","_jetpack_dont_email_post_to_subs":false,"_jetpack_newsletter_tier_id":0,"_jetpack_memberships_contains_paywalled_content":false,"_kj_judilibre_id":"","_kj_jur":"","_kj_lieu":"","_kj_chambre":"","_kj_rg":"","_kj_date":"","_jetpack_memberships_contains_paid_content":false,"footnotes":"","jetpack_post_was_ever_published":false},"categories":[7597],"tags":[],"class_list":["post-659077","post","type-post","status-publish","format-standard","has-post-thumbnail","hentry","category-jurisprudence"],"yoast_head":"<!-- This site is optimized with the Yoast SEO Premium plugin v27.4 (Yoast SEO v27.4) - https:\/\/yoast.com\/product\/yoast-seo-premium-wordpress\/ -->\n<title>Tribunal judiciaire de Mesnil-Amelot, le 27 septembre 2025, n\u00b025\/03823 - Ma\u00eetre Hassan Kohen, avocat en droit p\u00e9nal \u00e0 Paris<\/title>\n<meta name=\"description\" content=\"Le tribunal judiciaire du Mesnil-Amelot, statuant le 27 septembre 2025, examine un recours contre un arr\u00eat\u00e9 de placement en r\u00e9tention et une demande de prolo...\" \/>\n<meta name=\"robots\" content=\"index, follow, max-snippet:-1, max-image-preview:large, max-video-preview:-1\" \/>\n<link rel=\"canonical\" href=\"https:\/\/kohenavocats.com\/zh-hans\/tribunal-judiciaire-de-mesnil-amelot-le-27-septembre-2025-n25-03823\/\" \/>\n<meta property=\"og:locale\" content=\"zh_CN\" \/>\n<meta property=\"og:type\" content=\"article\" \/>\n<meta property=\"og:title\" content=\"Tribunal judiciaire de Mesnil-Amelot, le 27 septembre 2025, n\u00b025\/03823\" \/>\n<meta property=\"og:description\" content=\"Le tribunal judiciaire du Mesnil-Amelot, statuant le 27 septembre 2025, examine un recours contre un arr\u00eat\u00e9 de placement en r\u00e9tention et une demande de prolo...\" \/>\n<meta property=\"og:url\" content=\"https:\/\/kohenavocats.com\/zh-hans\/tribunal-judiciaire-de-mesnil-amelot-le-27-septembre-2025-n25-03823\/\" \/>\n<meta property=\"og:site_name\" content=\"Ma\u00eetre Hassan Kohen, avocat en droit p\u00e9nal \u00e0 Paris\" \/>\n<meta property=\"article:published_time\" content=\"2026-04-23T10:37:15+00:00\" \/>\n<meta property=\"og:image\" content=\"https:\/\/kohenavocats.com\/wp-content\/uploads\/2024\/11\/allison-saeng-Xp2cnkaRwlw-unsplash.webp\" \/>\n\t<meta property=\"og:image:width\" content=\"3000\" \/>\n\t<meta property=\"og:image:height\" content=\"4000\" \/>\n\t<meta property=\"og:image:type\" content=\"image\/webp\" \/>\n<meta name=\"author\" content=\"Kohen\" \/>\n<meta name=\"twitter:card\" content=\"summary_large_image\" \/>\n<meta name=\"twitter:label1\" content=\"\u4f5c\u8005\" \/>\n\t<meta name=\"twitter:data1\" content=\"Kohen\" \/>\n\t<meta name=\"twitter:label2\" content=\"\u9884\u8ba1\u9605\u8bfb\u65f6\u95f4\" \/>\n\t<meta name=\"twitter:data2\" content=\"3 \u5206\" \/>\n<script type=\"application\/ld+json\" class=\"yoast-schema-graph\">{\"@context\":\"https:\\\/\\\/schema.org\",\"@graph\":[{\"@type\":\"Article\",\"@id\":\"https:\\\/\\\/kohenavocats.com\\\/zh-hans\\\/tribunal-judiciaire-de-mesnil-amelot-le-27-septembre-2025-n25-03823\\\/#article\",\"isPartOf\":{\"@id\":\"https:\\\/\\\/kohenavocats.com\\\/zh-hans\\\/tribunal-judiciaire-de-mesnil-amelot-le-27-septembre-2025-n25-03823\\\/\"},\"author\":{\"name\":\"Kohen\",\"@id\":\"https:\\\/\\\/kohenavocats.com\\\/zh-hans\\\/#\\\/schema\\\/person\\\/761c9ba54fa1ca84d405cef0831ff751\"},\"headline\":\"Tribunal judiciaire de Mesnil-Amelot, le 27 septembre 2025, n\u00b025\\\/03823\",\"datePublished\":\"2026-04-23T10:37:15+00:00\",\"mainEntityOfPage\":{\"@id\":\"https:\\\/\\\/kohenavocats.com\\\/zh-hans\\\/tribunal-judiciaire-de-mesnil-amelot-le-27-septembre-2025-n25-03823\\\/\"},\"wordCount\":557,\"commentCount\":0,\"publisher\":{\"@id\":\"https:\\\/\\\/kohenavocats.com\\\/zh-hans\\\/#organization\"},\"image\":{\"@id\":\"https:\\\/\\\/kohenavocats.com\\\/zh-hans\\\/tribunal-judiciaire-de-mesnil-amelot-le-27-septembre-2025-n25-03823\\\/#primaryimage\"},\"thumbnailUrl\":\"https:\\\/\\\/kohenavocats.com\\\/wp-content\\\/uploads\\\/2024\\\/11\\\/allison-saeng-Xp2cnkaRwlw-unsplash.webp\",\"articleSection\":[\"Jurisprudence\"],\"inLanguage\":\"zh-Hans\",\"potentialAction\":[{\"@type\":\"CommentAction\",\"name\":\"Comment\",\"target\":[\"https:\\\/\\\/kohenavocats.com\\\/zh-hans\\\/tribunal-judiciaire-de-mesnil-amelot-le-27-septembre-2025-n25-03823\\\/#respond\"]}],\"citation\":\"Tribunal judiciaire de Mesnil-Amelot, le 27 septembre 2025, n\u00b025\\\/03823\",\"about\":[{\"@type\":\"Thing\",\"name\":\"Jurisprudence\"}],\"dateModified\":\"2026-04-23T10:37:15+00:00\",\"speakable\":{\"@type\":\"SpeakableSpecification\",\"cssSelector\":[\".article-content > p:first-of-type\"]}},{\"@type\":\"WebPage\",\"@id\":\"https:\\\/\\\/kohenavocats.com\\\/zh-hans\\\/tribunal-judiciaire-de-mesnil-amelot-le-27-septembre-2025-n25-03823\\\/\",\"url\":\"https:\\\/\\\/kohenavocats.com\\\/zh-hans\\\/tribunal-judiciaire-de-mesnil-amelot-le-27-septembre-2025-n25-03823\\\/\",\"name\":\"Tribunal judiciaire de Mesnil-Amelot, le 27 septembre 2025, n\u00b025\\\/03823 - Ma\u00eetre Hassan Kohen, avocat en droit p\u00e9nal \u00e0 Paris\",\"isPartOf\":{\"@id\":\"https:\\\/\\\/kohenavocats.com\\\/zh-hans\\\/#website\"},\"primaryImageOfPage\":{\"@id\":\"https:\\\/\\\/kohenavocats.com\\\/zh-hans\\\/tribunal-judiciaire-de-mesnil-amelot-le-27-septembre-2025-n25-03823\\\/#primaryimage\"},\"image\":{\"@id\":\"https:\\\/\\\/kohenavocats.com\\\/zh-hans\\\/tribunal-judiciaire-de-mesnil-amelot-le-27-septembre-2025-n25-03823\\\/#primaryimage\"},\"thumbnailUrl\":\"https:\\\/\\\/kohenavocats.com\\\/wp-content\\\/uploads\\\/2024\\\/11\\\/allison-saeng-Xp2cnkaRwlw-unsplash.webp\",\"datePublished\":\"2026-04-23T10:37:15+00:00\",\"description\":\"Le tribunal judiciaire du Mesnil-Amelot, statuant le 27 septembre 2025, examine un recours contre un arr\u00eat\u00e9 de placement en r\u00e9tention et une demande de prolo...\",\"breadcrumb\":{\"@id\":\"https:\\\/\\\/kohenavocats.com\\\/zh-hans\\\/tribunal-judiciaire-de-mesnil-amelot-le-27-septembre-2025-n25-03823\\\/#breadcrumb\"},\"inLanguage\":\"zh-Hans\",\"potentialAction\":[{\"@type\":\"ReadAction\",\"target\":[\"https:\\\/\\\/kohenavocats.com\\\/zh-hans\\\/tribunal-judiciaire-de-mesnil-amelot-le-27-septembre-2025-n25-03823\\\/\"]}]},{\"@type\":\"ImageObject\",\"inLanguage\":\"zh-Hans\",\"@id\":\"https:\\\/\\\/kohenavocats.com\\\/zh-hans\\\/tribunal-judiciaire-de-mesnil-amelot-le-27-septembre-2025-n25-03823\\\/#primaryimage\",\"url\":\"https:\\\/\\\/kohenavocats.com\\\/wp-content\\\/uploads\\\/2024\\\/11\\\/allison-saeng-Xp2cnkaRwlw-unsplash.webp\",\"contentUrl\":\"https:\\\/\\\/kohenavocats.com\\\/wp-content\\\/uploads\\\/2024\\\/11\\\/allison-saeng-Xp2cnkaRwlw-unsplash.webp\",\"width\":3000,\"height\":4000},{\"@type\":\"BreadcrumbList\",\"@id\":\"https:\\\/\\\/kohenavocats.com\\\/zh-hans\\\/tribunal-judiciaire-de-mesnil-amelot-le-27-septembre-2025-n25-03823\\\/#breadcrumb\",\"itemListElement\":[{\"@type\":\"ListItem\",\"position\":1,\"name\":\"Home\",\"item\":\"https:\\\/\\\/kohenavocats.com\\\/zh-hans\\\/\"},{\"@type\":\"ListItem\",\"position\":2,\"name\":\"Tribunal judiciaire de Mesnil-Amelot, le 27 septembre 2025, n\u00b025\\\/03823\"}]},{\"@type\":\"WebSite\",\"@id\":\"https:\\\/\\\/kohenavocats.com\\\/zh-hans\\\/#website\",\"url\":\"https:\\\/\\\/kohenavocats.com\\\/zh-hans\\\/\",\"name\":\"Kohen Avocats\",\"description\":\"Ma\u00eetre Hassan Kohen, avocat p\u00e9naliste \u00e0 Paris, intervient exclusivement en droit p\u00e9nal pour la d\u00e9fense des particuliers, notamment en mati\u00e8re d\u2019accusations de viol. Il assure un accompagnement rigoureux d\u00e8s la garde \u00e0 vue jusqu\u2019\u00e0 la Cour d\u2019assises, veillant au strict respect des garanties proc\u00e9durales.\",\"publisher\":{\"@id\":\"https:\\\/\\\/kohenavocats.com\\\/zh-hans\\\/#organization\"},\"potentialAction\":[{\"@type\":\"SearchAction\",\"target\":{\"@type\":\"EntryPoint\",\"urlTemplate\":\"https:\\\/\\\/kohenavocats.com\\\/zh-hans\\\/?s={search_term_string}\"},\"query-input\":{\"@type\":\"PropertyValueSpecification\",\"valueRequired\":true,\"valueName\":\"search_term_string\"}}],\"inLanguage\":\"zh-Hans\"},{\"@type\":\"Organization\",\"@id\":\"https:\\\/\\\/kohenavocats.com\\\/zh-hans\\\/#organization\",\"name\":\"Kohen Avocats\",\"url\":\"https:\\\/\\\/kohenavocats.com\\\/zh-hans\\\/\",\"logo\":{\"@type\":\"ImageObject\",\"inLanguage\":\"zh-Hans\",\"@id\":\"https:\\\/\\\/kohenavocats.com\\\/zh-hans\\\/#\\\/schema\\\/logo\\\/image\\\/\",\"url\":\"https:\\\/\\\/kohenavocats.com\\\/wp-content\\\/uploads\\\/2026\\\/01\\\/Logo-2-1.webp\",\"contentUrl\":\"https:\\\/\\\/kohenavocats.com\\\/wp-content\\\/uploads\\\/2026\\\/01\\\/Logo-2-1.webp\",\"width\":2114,\"height\":1253,\"caption\":\"Kohen Avocats\"},\"image\":{\"@id\":\"https:\\\/\\\/kohenavocats.com\\\/zh-hans\\\/#\\\/schema\\\/logo\\\/image\\\/\"}},{\"@type\":\"Person\",\"@id\":\"https:\\\/\\\/kohenavocats.com\\\/zh-hans\\\/#\\\/schema\\\/person\\\/761c9ba54fa1ca84d405cef0831ff751\",\"name\":\"Kohen\",\"image\":{\"@type\":\"ImageObject\",\"inLanguage\":\"zh-Hans\",\"@id\":\"https:\\\/\\\/secure.gravatar.com\\\/avatar\\\/1c5e76ef76bbbfdd2b4da984e2bf2fa4056fd51a27d25ce2c332047f1dfd6e00?s=96&d=identicon&r=g\",\"url\":\"https:\\\/\\\/secure.gravatar.com\\\/avatar\\\/1c5e76ef76bbbfdd2b4da984e2bf2fa4056fd51a27d25ce2c332047f1dfd6e00?s=96&d=identicon&r=g\",\"contentUrl\":\"https:\\\/\\\/secure.gravatar.com\\\/avatar\\\/1c5e76ef76bbbfdd2b4da984e2bf2fa4056fd51a27d25ce2c332047f1dfd6e00?s=96&d=identicon&r=g\",\"caption\":\"Kohen\"},\"sameAs\":[\"https:\\\/\\\/www.linkedin.com\\\/in\\\/hassan-kohen-448548192\\\/\",\"https:\\\/\\\/www.youtube.com\\\/@Kohen-Avocats\"],\"url\":\"https:\\\/\\\/kohenavocats.com\\\/zh-hans\\\/author\\\/kohenmlk\\\/\"}]}<\/script>\n<!-- \/ Yoast SEO Premium plugin. -->","yoast_head_json":{"title":"Tribunal judiciaire de Mesnil-Amelot, le 27 septembre 2025, n\u00b025\/03823 - Ma\u00eetre Hassan Kohen, avocat en droit p\u00e9nal \u00e0 Paris","description":"Le tribunal judiciaire du Mesnil-Amelot, statuant le 27 septembre 2025, examine un recours contre un arr\u00eat\u00e9 de placement en r\u00e9tention et une demande de prolo...","robots":{"index":"index","follow":"follow","max-snippet":"max-snippet:-1","max-image-preview":"max-image-preview:large","max-video-preview":"max-video-preview:-1"},"canonical":"https:\/\/kohenavocats.com\/zh-hans\/tribunal-judiciaire-de-mesnil-amelot-le-27-septembre-2025-n25-03823\/","og_locale":"zh_CN","og_type":"article","og_title":"Tribunal judiciaire de Mesnil-Amelot, le 27 septembre 2025, n\u00b025\/03823","og_description":"Le tribunal judiciaire du Mesnil-Amelot, statuant le 27 septembre 2025, examine un recours contre un arr\u00eat\u00e9 de placement en r\u00e9tention et une demande de prolo...","og_url":"https:\/\/kohenavocats.com\/zh-hans\/tribunal-judiciaire-de-mesnil-amelot-le-27-septembre-2025-n25-03823\/","og_site_name":"Ma\u00eetre Hassan Kohen, avocat en droit p\u00e9nal \u00e0 Paris","article_published_time":"2026-04-23T10:37:15+00:00","og_image":[{"width":3000,"height":4000,"url":"https:\/\/kohenavocats.com\/wp-content\/uploads\/2024\/11\/allison-saeng-Xp2cnkaRwlw-unsplash.webp","type":"image\/webp"}],"author":"Kohen","twitter_card":"summary_large_image","twitter_misc":{"\u4f5c\u8005":"Kohen","\u9884\u8ba1\u9605\u8bfb\u65f6\u95f4":"3 \u5206"},"schema":{"@context":"https:\/\/schema.org","@graph":[{"@type":"Article","@id":"https:\/\/kohenavocats.com\/zh-hans\/tribunal-judiciaire-de-mesnil-amelot-le-27-septembre-2025-n25-03823\/#article","isPartOf":{"@id":"https:\/\/kohenavocats.com\/zh-hans\/tribunal-judiciaire-de-mesnil-amelot-le-27-septembre-2025-n25-03823\/"},"author":{"name":"Kohen","@id":"https:\/\/kohenavocats.com\/zh-hans\/#\/schema\/person\/761c9ba54fa1ca84d405cef0831ff751"},"headline":"Tribunal judiciaire de Mesnil-Amelot, le 27 septembre 2025, n\u00b025\/03823","datePublished":"2026-04-23T10:37:15+00:00","mainEntityOfPage":{"@id":"https:\/\/kohenavocats.com\/zh-hans\/tribunal-judiciaire-de-mesnil-amelot-le-27-septembre-2025-n25-03823\/"},"wordCount":557,"commentCount":0,"publisher":{"@id":"https:\/\/kohenavocats.com\/zh-hans\/#organization"},"image":{"@id":"https:\/\/kohenavocats.com\/zh-hans\/tribunal-judiciaire-de-mesnil-amelot-le-27-septembre-2025-n25-03823\/#primaryimage"},"thumbnailUrl":"https:\/\/kohenavocats.com\/wp-content\/uploads\/2024\/11\/allison-saeng-Xp2cnkaRwlw-unsplash.webp","articleSection":["Jurisprudence"],"inLanguage":"zh-Hans","potentialAction":[{"@type":"CommentAction","name":"Comment","target":["https:\/\/kohenavocats.com\/zh-hans\/tribunal-judiciaire-de-mesnil-amelot-le-27-septembre-2025-n25-03823\/#respond"]}],"citation":"Tribunal judiciaire de Mesnil-Amelot, le 27 septembre 2025, n\u00b025\/03823","about":[{"@type":"Thing","name":"Jurisprudence"}],"dateModified":"2026-04-23T10:37:15+00:00","speakable":{"@type":"SpeakableSpecification","cssSelector":[".article-content > p:first-of-type"]}},{"@type":"WebPage","@id":"https:\/\/kohenavocats.com\/zh-hans\/tribunal-judiciaire-de-mesnil-amelot-le-27-septembre-2025-n25-03823\/","url":"https:\/\/kohenavocats.com\/zh-hans\/tribunal-judiciaire-de-mesnil-amelot-le-27-septembre-2025-n25-03823\/","name":"Tribunal judiciaire de Mesnil-Amelot, le 27 septembre 2025, n\u00b025\/03823 - Ma\u00eetre Hassan Kohen, avocat en droit p\u00e9nal \u00e0 Paris","isPartOf":{"@id":"https:\/\/kohenavocats.com\/zh-hans\/#website"},"primaryImageOfPage":{"@id":"https:\/\/kohenavocats.com\/zh-hans\/tribunal-judiciaire-de-mesnil-amelot-le-27-septembre-2025-n25-03823\/#primaryimage"},"image":{"@id":"https:\/\/kohenavocats.com\/zh-hans\/tribunal-judiciaire-de-mesnil-amelot-le-27-septembre-2025-n25-03823\/#primaryimage"},"thumbnailUrl":"https:\/\/kohenavocats.com\/wp-content\/uploads\/2024\/11\/allison-saeng-Xp2cnkaRwlw-unsplash.webp","datePublished":"2026-04-23T10:37:15+00:00","description":"Le tribunal judiciaire du Mesnil-Amelot, statuant le 27 septembre 2025, examine un recours contre un arr\u00eat\u00e9 de placement en r\u00e9tention et une demande de prolo...","breadcrumb":{"@id":"https:\/\/kohenavocats.com\/zh-hans\/tribunal-judiciaire-de-mesnil-amelot-le-27-septembre-2025-n25-03823\/#breadcrumb"},"inLanguage":"zh-Hans","potentialAction":[{"@type":"ReadAction","target":["https:\/\/kohenavocats.com\/zh-hans\/tribunal-judiciaire-de-mesnil-amelot-le-27-septembre-2025-n25-03823\/"]}]},{"@type":"ImageObject","inLanguage":"zh-Hans","@id":"https:\/\/kohenavocats.com\/zh-hans\/tribunal-judiciaire-de-mesnil-amelot-le-27-septembre-2025-n25-03823\/#primaryimage","url":"https:\/\/kohenavocats.com\/wp-content\/uploads\/2024\/11\/allison-saeng-Xp2cnkaRwlw-unsplash.webp","contentUrl":"https:\/\/kohenavocats.com\/wp-content\/uploads\/2024\/11\/allison-saeng-Xp2cnkaRwlw-unsplash.webp","width":3000,"height":4000},{"@type":"BreadcrumbList","@id":"https:\/\/kohenavocats.com\/zh-hans\/tribunal-judiciaire-de-mesnil-amelot-le-27-septembre-2025-n25-03823\/#breadcrumb","itemListElement":[{"@type":"ListItem","position":1,"name":"Home","item":"https:\/\/kohenavocats.com\/zh-hans\/"},{"@type":"ListItem","position":2,"name":"Tribunal judiciaire de Mesnil-Amelot, le 27 septembre 2025, n\u00b025\/03823"}]},{"@type":"WebSite","@id":"https:\/\/kohenavocats.com\/zh-hans\/#website","url":"https:\/\/kohenavocats.com\/zh-hans\/","name":"Kohen Avocats","description":"Ma\u00eetre Hassan Kohen, avocat p\u00e9naliste \u00e0 Paris, intervient exclusivement en droit p\u00e9nal pour la d\u00e9fense des particuliers, notamment en mati\u00e8re d\u2019accusations de viol. Il assure un accompagnement rigoureux d\u00e8s la garde \u00e0 vue jusqu\u2019\u00e0 la Cour d\u2019assises, veillant au strict respect des garanties proc\u00e9durales.","publisher":{"@id":"https:\/\/kohenavocats.com\/zh-hans\/#organization"},"potentialAction":[{"@type":"SearchAction","target":{"@type":"EntryPoint","urlTemplate":"https:\/\/kohenavocats.com\/zh-hans\/?s={search_term_string}"},"query-input":{"@type":"PropertyValueSpecification","valueRequired":true,"valueName":"search_term_string"}}],"inLanguage":"zh-Hans"},{"@type":"Organization","@id":"https:\/\/kohenavocats.com\/zh-hans\/#organization","name":"Kohen Avocats","url":"https:\/\/kohenavocats.com\/zh-hans\/","logo":{"@type":"ImageObject","inLanguage":"zh-Hans","@id":"https:\/\/kohenavocats.com\/zh-hans\/#\/schema\/logo\/image\/","url":"https:\/\/kohenavocats.com\/wp-content\/uploads\/2026\/01\/Logo-2-1.webp","contentUrl":"https:\/\/kohenavocats.com\/wp-content\/uploads\/2026\/01\/Logo-2-1.webp","width":2114,"height":1253,"caption":"Kohen Avocats"},"image":{"@id":"https:\/\/kohenavocats.com\/zh-hans\/#\/schema\/logo\/image\/"}},{"@type":"Person","@id":"https:\/\/kohenavocats.com\/zh-hans\/#\/schema\/person\/761c9ba54fa1ca84d405cef0831ff751","name":"Kohen","image":{"@type":"ImageObject","inLanguage":"zh-Hans","@id":"https:\/\/secure.gravatar.com\/avatar\/1c5e76ef76bbbfdd2b4da984e2bf2fa4056fd51a27d25ce2c332047f1dfd6e00?s=96&d=identicon&r=g","url":"https:\/\/secure.gravatar.com\/avatar\/1c5e76ef76bbbfdd2b4da984e2bf2fa4056fd51a27d25ce2c332047f1dfd6e00?s=96&d=identicon&r=g","contentUrl":"https:\/\/secure.gravatar.com\/avatar\/1c5e76ef76bbbfdd2b4da984e2bf2fa4056fd51a27d25ce2c332047f1dfd6e00?s=96&d=identicon&r=g","caption":"Kohen"},"sameAs":["https:\/\/www.linkedin.com\/in\/hassan-kohen-448548192\/","https:\/\/www.youtube.com\/@Kohen-Avocats"],"url":"https:\/\/kohenavocats.com\/zh-hans\/author\/kohenmlk\/"}]}},"jetpack_featured_media_url":"https:\/\/kohenavocats.com\/wp-content\/uploads\/2024\/11\/allison-saeng-Xp2cnkaRwlw-unsplash.webp","jetpack_likes_enabled":false,"jetpack_shortlink":"https:\/\/wp.me\/peCrII-2Lsh","jetpack-related-posts":[{"id":659080,"url":"https:\/\/kohenavocats.com\/zh-hans\/tribunal-judiciaire-de-mesnil-amelot-le-27-septembre-2025-n25-03832\/","url_meta":{"origin":659077,"position":0},"title":"Tribunal judiciaire de Mesnil-Amelot, le 27 septembre 2025, n\u00b025\/03832","author":"Kohen","date":"2026\u5e744\u670823\u65e5","format":false,"excerpt":"Le tribunal judiciaire du Mesnil-Amelot, statuant \u2026","rel":"","context":"\u5728\u201cJurisprudence\u201d\u4e2d","block_context":{"text":"Jurisprudence","link":"https:\/\/kohenavocats.com\/category\/jurisprudence\/"},"img":{"alt_text":"","src":"https:\/\/i0.wp.com\/kohenavocats.com\/wp-content\/uploads\/2024\/11\/zyanya-citlalli-VKn4-6O9LWk-unsplash-1.webp?resize=350%2C200&ssl=1","width":350,"height":200,"srcset":"https:\/\/i0.wp.com\/kohenavocats.com\/wp-content\/uploads\/2024\/11\/zyanya-citlalli-VKn4-6O9LWk-unsplash-1.webp?resize=350%2C200&ssl=1 1x, https:\/\/i0.wp.com\/kohenavocats.com\/wp-content\/uploads\/2024\/11\/zyanya-citlalli-VKn4-6O9LWk-unsplash-1.webp?resize=525%2C300&ssl=1 1.5x, https:\/\/i0.wp.com\/kohenavocats.com\/wp-content\/uploads\/2024\/11\/zyanya-citlalli-VKn4-6O9LWk-unsplash-1.webp?resize=700%2C400&ssl=1 2x, https:\/\/i0.wp.com\/kohenavocats.com\/wp-content\/uploads\/2024\/11\/zyanya-citlalli-VKn4-6O9LWk-unsplash-1.webp?resize=1050%2C600&ssl=1 3x, https:\/\/i0.wp.com\/kohenavocats.com\/wp-content\/uploads\/2024\/11\/zyanya-citlalli-VKn4-6O9LWk-unsplash-1.webp?resize=1400%2C800&ssl=1 4x"},"classes":[]},{"id":659026,"url":"https:\/\/kohenavocats.com\/zh-hans\/tribunal-judiciaire-de-mesnil-amelot-le-27-septembre-2025-n25-03826\/","url_meta":{"origin":659077,"position":1},"title":"Tribunal judiciaire de Mesnil-Amelot, le 27 septembre 2025, n\u00b025\/03826","author":"Kohen","date":"2026\u5e744\u670823\u65e5","format":false,"excerpt":"Le tribunal judiciaire du Mesnil-Amelot, statuant \u2026","rel":"","context":"\u5728\u201cJurisprudence\u201d\u4e2d","block_context":{"text":"Jurisprudence","link":"https:\/\/kohenavocats.com\/category\/jurisprudence\/"},"img":{"alt_text":"","src":"https:\/\/i0.wp.com\/kohenavocats.com\/wp-content\/uploads\/2024\/08\/luis-cortes-NkmP4u5P1PM-unsplash.webp?resize=350%2C200&ssl=1","width":350,"height":200,"srcset":"https:\/\/i0.wp.com\/kohenavocats.com\/wp-content\/uploads\/2024\/08\/luis-cortes-NkmP4u5P1PM-unsplash.webp?resize=350%2C200&ssl=1 1x, https:\/\/i0.wp.com\/kohenavocats.com\/wp-content\/uploads\/2024\/08\/luis-cortes-NkmP4u5P1PM-unsplash.webp?resize=525%2C300&ssl=1 1.5x, https:\/\/i0.wp.com\/kohenavocats.com\/wp-content\/uploads\/2024\/08\/luis-cortes-NkmP4u5P1PM-unsplash.webp?resize=700%2C400&ssl=1 2x, https:\/\/i0.wp.com\/kohenavocats.com\/wp-content\/uploads\/2024\/08\/luis-cortes-NkmP4u5P1PM-unsplash.webp?resize=1050%2C600&ssl=1 3x, https:\/\/i0.wp.com\/kohenavocats.com\/wp-content\/uploads\/2024\/08\/luis-cortes-NkmP4u5P1PM-unsplash.webp?resize=1400%2C800&ssl=1 4x"},"classes":[]},{"id":659042,"url":"https:\/\/kohenavocats.com\/zh-hans\/tribunal-judiciaire-de-mesnil-amelot-le-27-septembre-2025-n25-03834\/","url_meta":{"origin":659077,"position":2},"title":"Tribunal judiciaire de Mesnil-Amelot, le 27 septembre 2025, n\u00b025\/03834","author":"Kohen","date":"2026\u5e744\u670823\u65e5","format":false,"excerpt":"Le tribunal judiciaire du Mesnil-Amelot, statuant \u2026","rel":"","context":"\u5728\u201cJurisprudence\u201d\u4e2d","block_context":{"text":"Jurisprudence","link":"https:\/\/kohenavocats.com\/category\/jurisprudence\/"},"img":{"alt_text":"","src":"https:\/\/i0.wp.com\/kohenavocats.com\/wp-content\/uploads\/2024\/11\/thomas-franke-2wMK7kH4kQI-unsplash.webp?resize=350%2C200&ssl=1","width":350,"height":200,"srcset":"https:\/\/i0.wp.com\/kohenavocats.com\/wp-content\/uploads\/2024\/11\/thomas-franke-2wMK7kH4kQI-unsplash.webp?resize=350%2C200&ssl=1 1x, https:\/\/i0.wp.com\/kohenavocats.com\/wp-content\/uploads\/2024\/11\/thomas-franke-2wMK7kH4kQI-unsplash.webp?resize=525%2C300&ssl=1 1.5x, https:\/\/i0.wp.com\/kohenavocats.com\/wp-content\/uploads\/2024\/11\/thomas-franke-2wMK7kH4kQI-unsplash.webp?resize=700%2C400&ssl=1 2x, https:\/\/i0.wp.com\/kohenavocats.com\/wp-content\/uploads\/2024\/11\/thomas-franke-2wMK7kH4kQI-unsplash.webp?resize=1050%2C600&ssl=1 3x, https:\/\/i0.wp.com\/kohenavocats.com\/wp-content\/uploads\/2024\/11\/thomas-franke-2wMK7kH4kQI-unsplash.webp?resize=1400%2C800&ssl=1 4x"},"classes":[]},{"id":668856,"url":"https:\/\/kohenavocats.com\/zh-hans\/tribunal-judiciaire-de-mesnil-amelot-le-20-septembre-2025-n25-03727\/","url_meta":{"origin":659077,"position":3},"title":"Tribunal judiciaire de Mesnil-Amelot, le 20 septembre 2025, n\u00b025\/03727","author":"Kohen","date":"2026\u5e744\u670824\u65e5","format":false,"excerpt":"Le tribunal judiciaire du Mesnil-Amelot, statuant \u2026","rel":"","context":"\u5728\u201cDroit P\u00e9nal\u201d\u4e2d","block_context":{"text":"Droit P\u00e9nal","link":"https:\/\/kohenavocats.com\/category\/travaux-parlementaires\/droit-penal\/"},"img":{"alt_text":"","src":"https:\/\/i0.wp.com\/kohenavocats.com\/wp-content\/uploads\/2024\/08\/paul-melki-gX7o0yQsrRo-unsplash.webp?resize=350%2C200&ssl=1","width":350,"height":200,"srcset":"https:\/\/i0.wp.com\/kohenavocats.com\/wp-content\/uploads\/2024\/08\/paul-melki-gX7o0yQsrRo-unsplash.webp?resize=350%2C200&ssl=1 1x, https:\/\/i0.wp.com\/kohenavocats.com\/wp-content\/uploads\/2024\/08\/paul-melki-gX7o0yQsrRo-unsplash.webp?resize=525%2C300&ssl=1 1.5x, https:\/\/i0.wp.com\/kohenavocats.com\/wp-content\/uploads\/2024\/08\/paul-melki-gX7o0yQsrRo-unsplash.webp?resize=700%2C400&ssl=1 2x, https:\/\/i0.wp.com\/kohenavocats.com\/wp-content\/uploads\/2024\/08\/paul-melki-gX7o0yQsrRo-unsplash.webp?resize=1050%2C600&ssl=1 3x, https:\/\/i0.wp.com\/kohenavocats.com\/wp-content\/uploads\/2024\/08\/paul-melki-gX7o0yQsrRo-unsplash.webp?resize=1400%2C800&ssl=1 4x"},"classes":[]},{"id":661671,"url":"https:\/\/kohenavocats.com\/zh-hans\/tribunal-judiciaire-de-mesnil-amelot-le-25-septembre-2025-n25-03787\/","url_meta":{"origin":659077,"position":4},"title":"Tribunal judiciaire de Mesnil-Amelot, le 25 septembre 2025, n\u00b025\/03787","author":"Kohen","date":"2026\u5e744\u670823\u65e5","format":false,"excerpt":"Le tribunal judiciaire du Mesnil-Amelot, statuant \u2026","rel":"","context":"\u5728\u201cJurisprudence\u201d\u4e2d","block_context":{"text":"Jurisprudence","link":"https:\/\/kohenavocats.com\/category\/jurisprudence\/"},"img":{"alt_text":"","src":"https:\/\/i0.wp.com\/kohenavocats.com\/wp-content\/uploads\/2024\/11\/gabriella-clare-marino-cSNzKJN-LNI-unsplash.webp?resize=350%2C200&ssl=1","width":350,"height":200,"srcset":"https:\/\/i0.wp.com\/kohenavocats.com\/wp-content\/uploads\/2024\/11\/gabriella-clare-marino-cSNzKJN-LNI-unsplash.webp?resize=350%2C200&ssl=1 1x, https:\/\/i0.wp.com\/kohenavocats.com\/wp-content\/uploads\/2024\/11\/gabriella-clare-marino-cSNzKJN-LNI-unsplash.webp?resize=525%2C300&ssl=1 1.5x, https:\/\/i0.wp.com\/kohenavocats.com\/wp-content\/uploads\/2024\/11\/gabriella-clare-marino-cSNzKJN-LNI-unsplash.webp?resize=700%2C400&ssl=1 2x, https:\/\/i0.wp.com\/kohenavocats.com\/wp-content\/uploads\/2024\/11\/gabriella-clare-marino-cSNzKJN-LNI-unsplash.webp?resize=1050%2C600&ssl=1 3x, https:\/\/i0.wp.com\/kohenavocats.com\/wp-content\/uploads\/2024\/11\/gabriella-clare-marino-cSNzKJN-LNI-unsplash.webp?resize=1400%2C800&ssl=1 4x"},"classes":[]},{"id":668797,"url":"https:\/\/kohenavocats.com\/zh-hans\/tribunal-judiciaire-de-mesnil-amelot-le-21-septembre-2025-n25-03753\/","url_meta":{"origin":659077,"position":5},"title":"Tribunal judiciaire de Mesnil-Amelot, le 21 septembre 2025, n\u00b025\/03753","author":"Kohen","date":"2026\u5e744\u670824\u65e5","format":false,"excerpt":"Le tribunal judiciaire du Mesnil-Amelot, statuant \u2026","rel":"","context":"\u5728\u201cDroit P\u00e9nal\u201d\u4e2d","block_context":{"text":"Droit P\u00e9nal","link":"https:\/\/kohenavocats.com\/category\/travaux-parlementaires\/droit-penal\/"},"img":{"alt_text":"","src":"https:\/\/i0.wp.com\/kohenavocats.com\/wp-content\/uploads\/2024\/11\/andrej-lisakov-kuemAVWEwXU-unsplash.webp?resize=350%2C200&ssl=1","width":350,"height":200,"srcset":"https:\/\/i0.wp.com\/kohenavocats.com\/wp-content\/uploads\/2024\/11\/andrej-lisakov-kuemAVWEwXU-unsplash.webp?resize=350%2C200&ssl=1 1x, https:\/\/i0.wp.com\/kohenavocats.com\/wp-content\/uploads\/2024\/11\/andrej-lisakov-kuemAVWEwXU-unsplash.webp?resize=525%2C300&ssl=1 1.5x, https:\/\/i0.wp.com\/kohenavocats.com\/wp-content\/uploads\/2024\/11\/andrej-lisakov-kuemAVWEwXU-unsplash.webp?resize=700%2C400&ssl=1 2x, https:\/\/i0.wp.com\/kohenavocats.com\/wp-content\/uploads\/2024\/11\/andrej-lisakov-kuemAVWEwXU-unsplash.webp?resize=1050%2C600&ssl=1 3x, https:\/\/i0.wp.com\/kohenavocats.com\/wp-content\/uploads\/2024\/11\/andrej-lisakov-kuemAVWEwXU-unsplash.webp?resize=1400%2C800&ssl=1 4x"},"classes":[]}],"jetpack_sharing_enabled":true,"_links":{"self":[{"href":"https:\/\/kohenavocats.com\/zh-hans\/wp-json\/wp\/v2\/posts\/659077","targetHints":{"allow":["GET"]}}],"collection":[{"href":"https:\/\/kohenavocats.com\/zh-hans\/wp-json\/wp\/v2\/posts"}],"about":[{"href":"https:\/\/kohenavocats.com\/zh-hans\/wp-json\/wp\/v2\/types\/post"}],"author":[{"embeddable":true,"href":"https:\/\/kohenavocats.com\/zh-hans\/wp-json\/wp\/v2\/users\/232070755"}],"replies":[{"embeddable":true,"href":"https:\/\/kohenavocats.com\/zh-hans\/wp-json\/wp\/v2\/comments?post=659077"}],"version-history":[{"count":0,"href":"https:\/\/kohenavocats.com\/zh-hans\/wp-json\/wp\/v2\/posts\/659077\/revisions"}],"wp:featuredmedia":[{"embeddable":true,"href":"https:\/\/kohenavocats.com\/zh-hans\/wp-json\/wp\/v2\/media\/9672"}],"wp:attachment":[{"href":"https:\/\/kohenavocats.com\/zh-hans\/wp-json\/wp\/v2\/media?parent=659077"}],"wp:term":[{"taxonomy":"category","embeddable":true,"href":"https:\/\/kohenavocats.com\/zh-hans\/wp-json\/wp\/v2\/categories?post=659077"},{"taxonomy":"post_tag","embeddable":true,"href":"https:\/\/kohenavocats.com\/zh-hans\/wp-json\/wp\/v2\/tags?post=659077"}],"curies":[{"name":"wp","href":"https:\/\/api.w.org\/{rel}","templated":true}]}}