{"id":659662,"date":"2026-04-23T13:42:14","date_gmt":"2026-04-23T11:42:14","guid":{"rendered":"https:\/\/kohenavocats.com\/tribunal-judiciaire-de-vannes-le-10-mars-2026-n24-00011\/"},"modified":"2026-04-23T13:42:14","modified_gmt":"2026-04-23T11:42:14","slug":"tribunal-judiciaire-de-vannes-le-10-mars-2026-n24-00011","status":"publish","type":"post","link":"https:\/\/kohenavocats.com\/zh-hans\/tribunal-judiciaire-de-vannes-le-10-mars-2026-n24-00011\/","title":{"rendered":"Tribunal judiciaire de Vannes, le 10 mars 2026, n\u00b024\/00011"},"content":{"rendered":"<div class=\"article-content\">\n<p>Le tribunal paritaire de Lorient, statuant le 10 mars 2026, a \u00e9t\u00e9 saisi par une bailleuse. Cette derni\u00e8re demandait la r\u00e9siliation du bail rural et l&#8217;expulsion de la soci\u00e9t\u00e9 locataire. Elle soutenait que cette derni\u00e8re avait cess\u00e9 son activit\u00e9 et c\u00e9d\u00e9 illicitement son bail. La juridiction a d\u00e9bout\u00e9 la demanderesse de l&#8217;ensemble de ses pr\u00e9tentions. Elle a estim\u00e9 que la preuve d&#8217;une cession prohib\u00e9e ou d&#8217;un d\u00e9faut d&#8217;exploitation personnelle n&#8217;\u00e9tait pas rapport\u00e9e.<\/p>\n<p>La difficile d\u00e9monstration d&#8217;une cession illicite du bail<\/p>\n<p>La prohibition l\u00e9gale de la cession constitue un principe essentiel du statut du fermage. Le tribunal rappelle utilement le cadre strict de cette interdiction. L&#8217;article L.411-35 du Code rural prohibe toute mise \u00e0 disposition des terres \u00e0 un tiers. La jurisprudence pr\u00e9cise les crit\u00e8res permettant d&#8217;identifier une telle pratique illicite. Un preneur qui a gard\u00e9 la direction de l&#8217;exploitation agricole mais qui n&#8217;a pas conserv\u00e9 la ma\u00eetrise et la disposition des parcelles lou\u00e9es a proc\u00e9d\u00e9 \u00e0 une cession prohib\u00e9e de son bail (Civ. 3\u00b0, 24 avril 2024, n\u00b0 22-19.931). L&#8217;affiliation \u00e0 la MSA et le r\u00e8glement des cotisations ne suffit pas \u00e0 caract\u00e9riser la ma\u00eetrise et la disposition des parcelles. La port\u00e9e de cette solution est consid\u00e9rable. Elle impose au bailleur de prouver des \u00e9l\u00e9ments concrets d\u00e9montrant la perte de contr\u00f4le effective par le preneur.<\/p>\n<p>En l&#8217;esp\u00e8ce, le tribunal rel\u00e8ve l&#8217;absence de preuve d&#8217;une telle d\u00e9possession. Les \u00e9l\u00e9ments avanc\u00e9s par la bailleuse sont syst\u00e9matiquement \u00e9cart\u00e9s. La convention de mise \u00e0 disposition de mat\u00e9riel est jug\u00e9e normale entre exploitations voisines. Le salariat des dirigeants de la soci\u00e9t\u00e9 locataire chez un tiers est insuffisant. La pr\u00e9sence d&#8217;employ\u00e9s de cette autre soci\u00e9t\u00e9 sur les parcelles n&#8217;est pas caract\u00e9ris\u00e9e. La valeur de cette analyse r\u00e9side dans son exigence probatoire. Elle prot\u00e8ge le preneur contre des pr\u00e9somptions fragiles tir\u00e9es de simples relations commerciales ou de voisinage.<\/p>\n<p>L&#8217;absence de fondement \u00e0 une r\u00e9siliation pour d\u00e9faut d&#8217;exploitation<\/p>\n<p>Le d\u00e9faut d&#8217;exploitation personnelle peut justifier la r\u00e9siliation du bail. La charge de la preuve incombe ici encore int\u00e9gralement au bailleur. Le tribunal examine m\u00e9ticuleusement chaque all\u00e9gation pour la rejeter. La bailleuse \u00e9choue \u00e0 d\u00e9montrer que les terres seraient \u00e0 l&#8217;abandon. La soci\u00e9t\u00e9 locataire produit un ensemble coh\u00e9rent de justificatifs. Elle fournit des contrats, des factures d&#8217;achat et de vente, et des d\u00e9clarations PAC. Ces \u00e9l\u00e9ments attestent d&#8217;une exploitation effective et continue des parcelles lou\u00e9es.<\/p>\n<p>L&#8217;\u00e9change de jouissance d&#8217;une parcelle est \u00e9galement valid\u00e9. Le tribunal applique strictement l&#8217;article L. 411-39 du Code rural. Les \u00e9changes ne peuvent porter que sur la jouissance et peuvent s&#8217;exercer sur tout ou partie de la surface du fonds lou\u00e9. La preuve est rapport\u00e9e que cet \u00e9change visait une meilleure exploitation. Il \u00e9tait limit\u00e9 \u00e0 une seule parcelle. La solution consacre la libert\u00e9 d&#8217;organisation reconnue au preneur. Elle limite les possibilit\u00e9s pour le bailleur de contester des am\u00e9nagements techniques courants.<\/p>\n<p>Le sens de cette d\u00e9cision est clair. Elle r\u00e9affirme la stabilit\u00e9 du bail rural face \u00e0 des demandes de r\u00e9siliation insuffisamment \u00e9tay\u00e9es. La port\u00e9e en est pratique. Elle guide les bailleurs sur les preuves \u00e0 rapporter, bien au-del\u00e0 de simples pr\u00e9somptions. La valeur est protectrice du droit au renouvellement. Elle garantit la s\u00e9curit\u00e9 de l&#8217;exploitant qui maintient une activit\u00e9 effective, malgr\u00e9 des \u00e9volutions dans son environnement \u00e9conomique.<\/p>\n<\/div>\n","protected":false},"excerpt":{"rendered":"<p>Le tribunal paritaire de Lorient, statuant le 10 mars 2026, a \u00e9t\u00e9 saisi par une bailleuse. Cette derni\u00e8re demandait la r\u00e9siliation du bail rural et l&#8217;expulsi&#8230;<\/p>\n","protected":false},"author":232070755,"featured_media":9456,"comment_status":"open","ping_status":"open","sticky":false,"template":"","format":"standard","meta":{"_crdt_document":"","_jetpack_newsletter_access":"","_jetpack_dont_email_post_to_subs":false,"_jetpack_newsletter_tier_id":0,"_jetpack_memberships_contains_paywalled_content":false,"_jetpack_memberships_contains_paid_content":false,"footnotes":"","jetpack_post_was_ever_published":false},"categories":[7597],"tags":[],"class_list":["post-659662","post","type-post","status-publish","format-standard","has-post-thumbnail","hentry","category-jurisprudence"],"yoast_head":"<!-- This site is optimized with the Yoast SEO Premium plugin v27.4 (Yoast SEO v27.4) - https:\/\/yoast.com\/product\/yoast-seo-premium-wordpress\/ -->\n<title>Tribunal judiciaire de Vannes, le 10 mars 2026, n\u00b024\/00011 - Ma\u00eetre Hassan Kohen, avocat en droit p\u00e9nal \u00e0 Paris<\/title>\n<meta name=\"description\" content=\"Le tribunal paritaire de Lorient, statuant le 10 mars 2026, a \u00e9t\u00e9 saisi par une bailleuse. Cette derni\u00e8re demandait la r\u00e9siliation du bail rural et l&#039;expulsi...\" \/>\n<meta name=\"robots\" content=\"index, follow, max-snippet:-1, max-image-preview:large, max-video-preview:-1\" \/>\n<link rel=\"canonical\" href=\"https:\/\/kohenavocats.com\/zh-hans\/tribunal-judiciaire-de-vannes-le-10-mars-2026-n24-00011\/\" \/>\n<meta property=\"og:locale\" content=\"zh_CN\" \/>\n<meta property=\"og:type\" content=\"article\" \/>\n<meta property=\"og:title\" content=\"Tribunal judiciaire de Vannes, le 10 mars 2026, n\u00b024\/00011\" \/>\n<meta property=\"og:description\" content=\"Le tribunal paritaire de Lorient, statuant le 10 mars 2026, a \u00e9t\u00e9 saisi par une bailleuse. Cette derni\u00e8re demandait la r\u00e9siliation du bail rural et l&#039;expulsi...\" \/>\n<meta property=\"og:url\" content=\"https:\/\/kohenavocats.com\/zh-hans\/tribunal-judiciaire-de-vannes-le-10-mars-2026-n24-00011\/\" \/>\n<meta property=\"og:site_name\" content=\"Ma\u00eetre Hassan Kohen, avocat en droit p\u00e9nal \u00e0 Paris\" \/>\n<meta property=\"article:published_time\" content=\"2026-04-23T11:42:14+00:00\" \/>\n<meta property=\"og:image\" content=\"https:\/\/kohenavocats.com\/wp-content\/uploads\/2024\/11\/mohamed-nohassi-_amjPlrSrKA-unsplash.webp\" \/>\n\t<meta property=\"og:image:width\" content=\"6343\" \/>\n\t<meta property=\"og:image:height\" content=\"4404\" \/>\n\t<meta property=\"og:image:type\" content=\"image\/webp\" \/>\n<meta name=\"author\" content=\"Kohen\" \/>\n<meta name=\"twitter:card\" content=\"summary_large_image\" \/>\n<meta name=\"twitter:label1\" content=\"\u4f5c\u8005\" \/>\n\t<meta name=\"twitter:data1\" content=\"Kohen\" \/>\n\t<meta name=\"twitter:label2\" content=\"\u9884\u8ba1\u9605\u8bfb\u65f6\u95f4\" \/>\n\t<meta name=\"twitter:data2\" content=\"3 \u5206\" \/>\n<script type=\"application\/ld+json\" class=\"yoast-schema-graph\">{\"@context\":\"https:\\\/\\\/schema.org\",\"@graph\":[{\"@type\":\"Article\",\"@id\":\"https:\\\/\\\/kohenavocats.com\\\/zh-hans\\\/tribunal-judiciaire-de-vannes-le-10-mars-2026-n24-00011\\\/#article\",\"isPartOf\":{\"@id\":\"https:\\\/\\\/kohenavocats.com\\\/zh-hans\\\/tribunal-judiciaire-de-vannes-le-10-mars-2026-n24-00011\\\/\"},\"author\":{\"name\":\"Kohen\",\"@id\":\"https:\\\/\\\/kohenavocats.com\\\/zh-hans\\\/#\\\/schema\\\/person\\\/761c9ba54fa1ca84d405cef0831ff751\"},\"headline\":\"Tribunal judiciaire de Vannes, le 10 mars 2026, n\u00b024\\\/00011\",\"datePublished\":\"2026-04-23T11:42:14+00:00\",\"mainEntityOfPage\":{\"@id\":\"https:\\\/\\\/kohenavocats.com\\\/zh-hans\\\/tribunal-judiciaire-de-vannes-le-10-mars-2026-n24-00011\\\/\"},\"wordCount\":620,\"commentCount\":0,\"publisher\":{\"@id\":\"https:\\\/\\\/kohenavocats.com\\\/zh-hans\\\/#organization\"},\"image\":{\"@id\":\"https:\\\/\\\/kohenavocats.com\\\/zh-hans\\\/tribunal-judiciaire-de-vannes-le-10-mars-2026-n24-00011\\\/#primaryimage\"},\"thumbnailUrl\":\"https:\\\/\\\/kohenavocats.com\\\/wp-content\\\/uploads\\\/2024\\\/11\\\/mohamed-nohassi-_amjPlrSrKA-unsplash.webp\",\"articleSection\":[\"Jurisprudence\"],\"inLanguage\":\"zh-Hans\",\"potentialAction\":[{\"@type\":\"CommentAction\",\"name\":\"Comment\",\"target\":[\"https:\\\/\\\/kohenavocats.com\\\/zh-hans\\\/tribunal-judiciaire-de-vannes-le-10-mars-2026-n24-00011\\\/#respond\"]}],\"citation\":\"Tribunal judiciaire de Vannes, le 10 mars 2026, n\u00b024\\\/00011\",\"about\":[{\"@type\":\"Thing\",\"name\":\"Jurisprudence\"}],\"dateModified\":\"2026-04-23T11:42:14+00:00\",\"speakable\":{\"@type\":\"SpeakableSpecification\",\"cssSelector\":[\".article-content > p:first-of-type\"]}},{\"@type\":\"WebPage\",\"@id\":\"https:\\\/\\\/kohenavocats.com\\\/zh-hans\\\/tribunal-judiciaire-de-vannes-le-10-mars-2026-n24-00011\\\/\",\"url\":\"https:\\\/\\\/kohenavocats.com\\\/zh-hans\\\/tribunal-judiciaire-de-vannes-le-10-mars-2026-n24-00011\\\/\",\"name\":\"Tribunal judiciaire de Vannes, le 10 mars 2026, n\u00b024\\\/00011 - Ma\u00eetre Hassan Kohen, avocat en droit p\u00e9nal \u00e0 Paris\",\"isPartOf\":{\"@id\":\"https:\\\/\\\/kohenavocats.com\\\/zh-hans\\\/#website\"},\"primaryImageOfPage\":{\"@id\":\"https:\\\/\\\/kohenavocats.com\\\/zh-hans\\\/tribunal-judiciaire-de-vannes-le-10-mars-2026-n24-00011\\\/#primaryimage\"},\"image\":{\"@id\":\"https:\\\/\\\/kohenavocats.com\\\/zh-hans\\\/tribunal-judiciaire-de-vannes-le-10-mars-2026-n24-00011\\\/#primaryimage\"},\"thumbnailUrl\":\"https:\\\/\\\/kohenavocats.com\\\/wp-content\\\/uploads\\\/2024\\\/11\\\/mohamed-nohassi-_amjPlrSrKA-unsplash.webp\",\"datePublished\":\"2026-04-23T11:42:14+00:00\",\"description\":\"Le tribunal paritaire de Lorient, statuant le 10 mars 2026, a \u00e9t\u00e9 saisi par une bailleuse. Cette derni\u00e8re demandait la r\u00e9siliation du bail rural et l'expulsi...\",\"breadcrumb\":{\"@id\":\"https:\\\/\\\/kohenavocats.com\\\/zh-hans\\\/tribunal-judiciaire-de-vannes-le-10-mars-2026-n24-00011\\\/#breadcrumb\"},\"inLanguage\":\"zh-Hans\",\"potentialAction\":[{\"@type\":\"ReadAction\",\"target\":[\"https:\\\/\\\/kohenavocats.com\\\/zh-hans\\\/tribunal-judiciaire-de-vannes-le-10-mars-2026-n24-00011\\\/\"]}]},{\"@type\":\"ImageObject\",\"inLanguage\":\"zh-Hans\",\"@id\":\"https:\\\/\\\/kohenavocats.com\\\/zh-hans\\\/tribunal-judiciaire-de-vannes-le-10-mars-2026-n24-00011\\\/#primaryimage\",\"url\":\"https:\\\/\\\/kohenavocats.com\\\/wp-content\\\/uploads\\\/2024\\\/11\\\/mohamed-nohassi-_amjPlrSrKA-unsplash.webp\",\"contentUrl\":\"https:\\\/\\\/kohenavocats.com\\\/wp-content\\\/uploads\\\/2024\\\/11\\\/mohamed-nohassi-_amjPlrSrKA-unsplash.webp\",\"width\":6343,\"height\":4404},{\"@type\":\"BreadcrumbList\",\"@id\":\"https:\\\/\\\/kohenavocats.com\\\/zh-hans\\\/tribunal-judiciaire-de-vannes-le-10-mars-2026-n24-00011\\\/#breadcrumb\",\"itemListElement\":[{\"@type\":\"ListItem\",\"position\":1,\"name\":\"Home\",\"item\":\"https:\\\/\\\/kohenavocats.com\\\/zh-hans\\\/\"},{\"@type\":\"ListItem\",\"position\":2,\"name\":\"Tribunal judiciaire de Vannes, le 10 mars 2026, n\u00b024\\\/00011\"}]},{\"@type\":\"WebSite\",\"@id\":\"https:\\\/\\\/kohenavocats.com\\\/zh-hans\\\/#website\",\"url\":\"https:\\\/\\\/kohenavocats.com\\\/zh-hans\\\/\",\"name\":\"Kohen Avocats\",\"description\":\"Ma\u00eetre Hassan Kohen, avocat p\u00e9naliste \u00e0 Paris, intervient exclusivement en droit p\u00e9nal pour la d\u00e9fense des particuliers, notamment en mati\u00e8re d\u2019accusations de viol. Il assure un accompagnement rigoureux d\u00e8s la garde \u00e0 vue jusqu\u2019\u00e0 la Cour d\u2019assises, veillant au strict respect des garanties proc\u00e9durales.\",\"publisher\":{\"@id\":\"https:\\\/\\\/kohenavocats.com\\\/zh-hans\\\/#organization\"},\"potentialAction\":[{\"@type\":\"SearchAction\",\"target\":{\"@type\":\"EntryPoint\",\"urlTemplate\":\"https:\\\/\\\/kohenavocats.com\\\/zh-hans\\\/?s={search_term_string}\"},\"query-input\":{\"@type\":\"PropertyValueSpecification\",\"valueRequired\":true,\"valueName\":\"search_term_string\"}}],\"inLanguage\":\"zh-Hans\"},{\"@type\":\"Organization\",\"@id\":\"https:\\\/\\\/kohenavocats.com\\\/zh-hans\\\/#organization\",\"name\":\"Kohen Avocats\",\"url\":\"https:\\\/\\\/kohenavocats.com\\\/zh-hans\\\/\",\"logo\":{\"@type\":\"ImageObject\",\"inLanguage\":\"zh-Hans\",\"@id\":\"https:\\\/\\\/kohenavocats.com\\\/zh-hans\\\/#\\\/schema\\\/logo\\\/image\\\/\",\"url\":\"https:\\\/\\\/kohenavocats.com\\\/wp-content\\\/uploads\\\/2026\\\/01\\\/Logo-2-1.webp\",\"contentUrl\":\"https:\\\/\\\/kohenavocats.com\\\/wp-content\\\/uploads\\\/2026\\\/01\\\/Logo-2-1.webp\",\"width\":2114,\"height\":1253,\"caption\":\"Kohen Avocats\"},\"image\":{\"@id\":\"https:\\\/\\\/kohenavocats.com\\\/zh-hans\\\/#\\\/schema\\\/logo\\\/image\\\/\"}},{\"@type\":\"Person\",\"@id\":\"https:\\\/\\\/kohenavocats.com\\\/zh-hans\\\/#\\\/schema\\\/person\\\/761c9ba54fa1ca84d405cef0831ff751\",\"name\":\"Kohen\",\"image\":{\"@type\":\"ImageObject\",\"inLanguage\":\"zh-Hans\",\"@id\":\"https:\\\/\\\/secure.gravatar.com\\\/avatar\\\/1c5e76ef76bbbfdd2b4da984e2bf2fa4056fd51a27d25ce2c332047f1dfd6e00?s=96&d=identicon&r=g\",\"url\":\"https:\\\/\\\/secure.gravatar.com\\\/avatar\\\/1c5e76ef76bbbfdd2b4da984e2bf2fa4056fd51a27d25ce2c332047f1dfd6e00?s=96&d=identicon&r=g\",\"contentUrl\":\"https:\\\/\\\/secure.gravatar.com\\\/avatar\\\/1c5e76ef76bbbfdd2b4da984e2bf2fa4056fd51a27d25ce2c332047f1dfd6e00?s=96&d=identicon&r=g\",\"caption\":\"Kohen\"},\"sameAs\":[\"https:\\\/\\\/www.linkedin.com\\\/in\\\/hassan-kohen-448548192\\\/\",\"https:\\\/\\\/www.youtube.com\\\/@Kohen-Avocats\"],\"url\":\"https:\\\/\\\/kohenavocats.com\\\/zh-hans\\\/author\\\/kohenmlk\\\/\"}]}<\/script>\n<!-- \/ Yoast SEO Premium plugin. -->","yoast_head_json":{"title":"Tribunal judiciaire de Vannes, le 10 mars 2026, n\u00b024\/00011 - Ma\u00eetre Hassan Kohen, avocat en droit p\u00e9nal \u00e0 Paris","description":"Le tribunal paritaire de Lorient, statuant le 10 mars 2026, a \u00e9t\u00e9 saisi par une bailleuse. Cette derni\u00e8re demandait la r\u00e9siliation du bail rural et l'expulsi...","robots":{"index":"index","follow":"follow","max-snippet":"max-snippet:-1","max-image-preview":"max-image-preview:large","max-video-preview":"max-video-preview:-1"},"canonical":"https:\/\/kohenavocats.com\/zh-hans\/tribunal-judiciaire-de-vannes-le-10-mars-2026-n24-00011\/","og_locale":"zh_CN","og_type":"article","og_title":"Tribunal judiciaire de Vannes, le 10 mars 2026, n\u00b024\/00011","og_description":"Le tribunal paritaire de Lorient, statuant le 10 mars 2026, a \u00e9t\u00e9 saisi par une bailleuse. Cette derni\u00e8re demandait la r\u00e9siliation du bail rural et l'expulsi...","og_url":"https:\/\/kohenavocats.com\/zh-hans\/tribunal-judiciaire-de-vannes-le-10-mars-2026-n24-00011\/","og_site_name":"Ma\u00eetre Hassan Kohen, avocat en droit p\u00e9nal \u00e0 Paris","article_published_time":"2026-04-23T11:42:14+00:00","og_image":[{"width":6343,"height":4404,"url":"https:\/\/kohenavocats.com\/wp-content\/uploads\/2024\/11\/mohamed-nohassi-_amjPlrSrKA-unsplash.webp","type":"image\/webp"}],"author":"Kohen","twitter_card":"summary_large_image","twitter_misc":{"\u4f5c\u8005":"Kohen","\u9884\u8ba1\u9605\u8bfb\u65f6\u95f4":"3 \u5206"},"schema":{"@context":"https:\/\/schema.org","@graph":[{"@type":"Article","@id":"https:\/\/kohenavocats.com\/zh-hans\/tribunal-judiciaire-de-vannes-le-10-mars-2026-n24-00011\/#article","isPartOf":{"@id":"https:\/\/kohenavocats.com\/zh-hans\/tribunal-judiciaire-de-vannes-le-10-mars-2026-n24-00011\/"},"author":{"name":"Kohen","@id":"https:\/\/kohenavocats.com\/zh-hans\/#\/schema\/person\/761c9ba54fa1ca84d405cef0831ff751"},"headline":"Tribunal judiciaire de Vannes, le 10 mars 2026, n\u00b024\/00011","datePublished":"2026-04-23T11:42:14+00:00","mainEntityOfPage":{"@id":"https:\/\/kohenavocats.com\/zh-hans\/tribunal-judiciaire-de-vannes-le-10-mars-2026-n24-00011\/"},"wordCount":620,"commentCount":0,"publisher":{"@id":"https:\/\/kohenavocats.com\/zh-hans\/#organization"},"image":{"@id":"https:\/\/kohenavocats.com\/zh-hans\/tribunal-judiciaire-de-vannes-le-10-mars-2026-n24-00011\/#primaryimage"},"thumbnailUrl":"https:\/\/kohenavocats.com\/wp-content\/uploads\/2024\/11\/mohamed-nohassi-_amjPlrSrKA-unsplash.webp","articleSection":["Jurisprudence"],"inLanguage":"zh-Hans","potentialAction":[{"@type":"CommentAction","name":"Comment","target":["https:\/\/kohenavocats.com\/zh-hans\/tribunal-judiciaire-de-vannes-le-10-mars-2026-n24-00011\/#respond"]}],"citation":"Tribunal judiciaire de Vannes, le 10 mars 2026, n\u00b024\/00011","about":[{"@type":"Thing","name":"Jurisprudence"}],"dateModified":"2026-04-23T11:42:14+00:00","speakable":{"@type":"SpeakableSpecification","cssSelector":[".article-content > p:first-of-type"]}},{"@type":"WebPage","@id":"https:\/\/kohenavocats.com\/zh-hans\/tribunal-judiciaire-de-vannes-le-10-mars-2026-n24-00011\/","url":"https:\/\/kohenavocats.com\/zh-hans\/tribunal-judiciaire-de-vannes-le-10-mars-2026-n24-00011\/","name":"Tribunal judiciaire de Vannes, le 10 mars 2026, n\u00b024\/00011 - Ma\u00eetre Hassan Kohen, avocat en droit p\u00e9nal \u00e0 Paris","isPartOf":{"@id":"https:\/\/kohenavocats.com\/zh-hans\/#website"},"primaryImageOfPage":{"@id":"https:\/\/kohenavocats.com\/zh-hans\/tribunal-judiciaire-de-vannes-le-10-mars-2026-n24-00011\/#primaryimage"},"image":{"@id":"https:\/\/kohenavocats.com\/zh-hans\/tribunal-judiciaire-de-vannes-le-10-mars-2026-n24-00011\/#primaryimage"},"thumbnailUrl":"https:\/\/kohenavocats.com\/wp-content\/uploads\/2024\/11\/mohamed-nohassi-_amjPlrSrKA-unsplash.webp","datePublished":"2026-04-23T11:42:14+00:00","description":"Le tribunal paritaire de Lorient, statuant le 10 mars 2026, a \u00e9t\u00e9 saisi par une bailleuse. Cette derni\u00e8re demandait la r\u00e9siliation du bail rural et l'expulsi...","breadcrumb":{"@id":"https:\/\/kohenavocats.com\/zh-hans\/tribunal-judiciaire-de-vannes-le-10-mars-2026-n24-00011\/#breadcrumb"},"inLanguage":"zh-Hans","potentialAction":[{"@type":"ReadAction","target":["https:\/\/kohenavocats.com\/zh-hans\/tribunal-judiciaire-de-vannes-le-10-mars-2026-n24-00011\/"]}]},{"@type":"ImageObject","inLanguage":"zh-Hans","@id":"https:\/\/kohenavocats.com\/zh-hans\/tribunal-judiciaire-de-vannes-le-10-mars-2026-n24-00011\/#primaryimage","url":"https:\/\/kohenavocats.com\/wp-content\/uploads\/2024\/11\/mohamed-nohassi-_amjPlrSrKA-unsplash.webp","contentUrl":"https:\/\/kohenavocats.com\/wp-content\/uploads\/2024\/11\/mohamed-nohassi-_amjPlrSrKA-unsplash.webp","width":6343,"height":4404},{"@type":"BreadcrumbList","@id":"https:\/\/kohenavocats.com\/zh-hans\/tribunal-judiciaire-de-vannes-le-10-mars-2026-n24-00011\/#breadcrumb","itemListElement":[{"@type":"ListItem","position":1,"name":"Home","item":"https:\/\/kohenavocats.com\/zh-hans\/"},{"@type":"ListItem","position":2,"name":"Tribunal judiciaire de Vannes, le 10 mars 2026, n\u00b024\/00011"}]},{"@type":"WebSite","@id":"https:\/\/kohenavocats.com\/zh-hans\/#website","url":"https:\/\/kohenavocats.com\/zh-hans\/","name":"Kohen Avocats","description":"Ma\u00eetre Hassan Kohen, avocat p\u00e9naliste \u00e0 Paris, intervient exclusivement en droit p\u00e9nal pour la d\u00e9fense des particuliers, notamment en mati\u00e8re d\u2019accusations de viol. Il assure un accompagnement rigoureux d\u00e8s la garde \u00e0 vue jusqu\u2019\u00e0 la Cour d\u2019assises, veillant au strict respect des garanties proc\u00e9durales.","publisher":{"@id":"https:\/\/kohenavocats.com\/zh-hans\/#organization"},"potentialAction":[{"@type":"SearchAction","target":{"@type":"EntryPoint","urlTemplate":"https:\/\/kohenavocats.com\/zh-hans\/?s={search_term_string}"},"query-input":{"@type":"PropertyValueSpecification","valueRequired":true,"valueName":"search_term_string"}}],"inLanguage":"zh-Hans"},{"@type":"Organization","@id":"https:\/\/kohenavocats.com\/zh-hans\/#organization","name":"Kohen Avocats","url":"https:\/\/kohenavocats.com\/zh-hans\/","logo":{"@type":"ImageObject","inLanguage":"zh-Hans","@id":"https:\/\/kohenavocats.com\/zh-hans\/#\/schema\/logo\/image\/","url":"https:\/\/kohenavocats.com\/wp-content\/uploads\/2026\/01\/Logo-2-1.webp","contentUrl":"https:\/\/kohenavocats.com\/wp-content\/uploads\/2026\/01\/Logo-2-1.webp","width":2114,"height":1253,"caption":"Kohen Avocats"},"image":{"@id":"https:\/\/kohenavocats.com\/zh-hans\/#\/schema\/logo\/image\/"}},{"@type":"Person","@id":"https:\/\/kohenavocats.com\/zh-hans\/#\/schema\/person\/761c9ba54fa1ca84d405cef0831ff751","name":"Kohen","image":{"@type":"ImageObject","inLanguage":"zh-Hans","@id":"https:\/\/secure.gravatar.com\/avatar\/1c5e76ef76bbbfdd2b4da984e2bf2fa4056fd51a27d25ce2c332047f1dfd6e00?s=96&d=identicon&r=g","url":"https:\/\/secure.gravatar.com\/avatar\/1c5e76ef76bbbfdd2b4da984e2bf2fa4056fd51a27d25ce2c332047f1dfd6e00?s=96&d=identicon&r=g","contentUrl":"https:\/\/secure.gravatar.com\/avatar\/1c5e76ef76bbbfdd2b4da984e2bf2fa4056fd51a27d25ce2c332047f1dfd6e00?s=96&d=identicon&r=g","caption":"Kohen"},"sameAs":["https:\/\/www.linkedin.com\/in\/hassan-kohen-448548192\/","https:\/\/www.youtube.com\/@Kohen-Avocats"],"url":"https:\/\/kohenavocats.com\/zh-hans\/author\/kohenmlk\/"}]}},"jetpack_featured_media_url":"https:\/\/kohenavocats.com\/wp-content\/uploads\/2024\/11\/mohamed-nohassi-_amjPlrSrKA-unsplash.webp","jetpack_likes_enabled":false,"jetpack_shortlink":"https:\/\/wp.me\/peCrII-2LBI","jetpack-related-posts":[{"id":436651,"url":"https:\/\/kohenavocats.com\/zh-hans\/cour-dappel-de-besancon-le-27-fevrier-2026-n25-00279\/","url_meta":{"origin":659662,"position":0},"title":"Cour d&#8217;appel de Besancon, le 27 f\u00e9vrier 2026, n\u00b025\/00279","author":"Kohen","date":"2026\u5e743\u670825\u65e5","format":false,"excerpt":"La Cour d\u2019appel de Besan\u00e7on, dans un arr\u00eat du 27 f\u2026","rel":"","context":"\u5728\u201cCour d'appel\u201d\u4e2d","block_context":{"text":"Cour d'appel","link":"https:\/\/kohenavocats.com\/category\/cour-dappel\/"},"img":{"alt_text":"","src":"https:\/\/i0.wp.com\/kohenavocats.com\/wp-content\/uploads\/2024\/08\/pierre-antona-ir9dYEOvx5s-unsplash-1.webp?resize=350%2C200&ssl=1","width":350,"height":200,"srcset":"https:\/\/i0.wp.com\/kohenavocats.com\/wp-content\/uploads\/2024\/08\/pierre-antona-ir9dYEOvx5s-unsplash-1.webp?resize=350%2C200&ssl=1 1x, https:\/\/i0.wp.com\/kohenavocats.com\/wp-content\/uploads\/2024\/08\/pierre-antona-ir9dYEOvx5s-unsplash-1.webp?resize=525%2C300&ssl=1 1.5x, https:\/\/i0.wp.com\/kohenavocats.com\/wp-content\/uploads\/2024\/08\/pierre-antona-ir9dYEOvx5s-unsplash-1.webp?resize=700%2C400&ssl=1 2x, https:\/\/i0.wp.com\/kohenavocats.com\/wp-content\/uploads\/2024\/08\/pierre-antona-ir9dYEOvx5s-unsplash-1.webp?resize=1050%2C600&ssl=1 3x, https:\/\/i0.wp.com\/kohenavocats.com\/wp-content\/uploads\/2024\/08\/pierre-antona-ir9dYEOvx5s-unsplash-1.webp?resize=1400%2C800&ssl=1 4x"},"classes":[]},{"id":416810,"url":"https:\/\/kohenavocats.com\/zh-hans\/cour-dappel-de-bordeaux-le-29-mars-2012-n11-02917\/","url_meta":{"origin":659662,"position":1},"title":"Cour d&#8217;appel de Bordeaux, le 29 mars 2012, n\u00b011\/02917","author":"Kohen","date":"2026\u5e743\u670822\u65e5","format":false,"excerpt":"La Cour d\u2019appel de Bordeaux, dans un arr\u00eat du 29 m\u2026","rel":"","context":"\u5728\u201cCour d'appel\u201d\u4e2d","block_context":{"text":"Cour d'appel","link":"https:\/\/kohenavocats.com\/category\/cour-dappel\/"},"img":{"alt_text":"","src":"https:\/\/i0.wp.com\/kohenavocats.com\/wp-content\/uploads\/2024\/11\/lala-azizli-WACE8feA8SQ-unsplash-1.webp?resize=350%2C200&ssl=1","width":350,"height":200,"srcset":"https:\/\/i0.wp.com\/kohenavocats.com\/wp-content\/uploads\/2024\/11\/lala-azizli-WACE8feA8SQ-unsplash-1.webp?resize=350%2C200&ssl=1 1x, https:\/\/i0.wp.com\/kohenavocats.com\/wp-content\/uploads\/2024\/11\/lala-azizli-WACE8feA8SQ-unsplash-1.webp?resize=525%2C300&ssl=1 1.5x, https:\/\/i0.wp.com\/kohenavocats.com\/wp-content\/uploads\/2024\/11\/lala-azizli-WACE8feA8SQ-unsplash-1.webp?resize=700%2C400&ssl=1 2x, https:\/\/i0.wp.com\/kohenavocats.com\/wp-content\/uploads\/2024\/11\/lala-azizli-WACE8feA8SQ-unsplash-1.webp?resize=1050%2C600&ssl=1 3x, https:\/\/i0.wp.com\/kohenavocats.com\/wp-content\/uploads\/2024\/11\/lala-azizli-WACE8feA8SQ-unsplash-1.webp?resize=1400%2C800&ssl=1 4x"},"classes":[]},{"id":484537,"url":"https:\/\/kohenavocats.com\/zh-hans\/tribunal-judiciaire-de-nancy-le-16-decembre-2021-n24-00008\/","url_meta":{"origin":659662,"position":2},"title":"Tribunal judiciaire de Nancy, le 16 d\u00e9cembre 2021, n\u00b024\/00008","author":"Kohen","date":"2026\u5e744\u67088\u65e5","format":false,"excerpt":"Le tribunal paritaire des baux ruraux de Lun\u00e9ville\u2026","rel":"","context":"\u5728\u201cJurisprudence\u201d\u4e2d","block_context":{"text":"Jurisprudence","link":"https:\/\/kohenavocats.com\/category\/jurisprudence\/"},"img":{"alt_text":"","src":"https:\/\/i0.wp.com\/kohenavocats.com\/wp-content\/uploads\/2024\/11\/anita-austvika-EGIB8EITeJo-unsplash.webp?resize=350%2C200&ssl=1","width":350,"height":200,"srcset":"https:\/\/i0.wp.com\/kohenavocats.com\/wp-content\/uploads\/2024\/11\/anita-austvika-EGIB8EITeJo-unsplash.webp?resize=350%2C200&ssl=1 1x, https:\/\/i0.wp.com\/kohenavocats.com\/wp-content\/uploads\/2024\/11\/anita-austvika-EGIB8EITeJo-unsplash.webp?resize=525%2C300&ssl=1 1.5x, https:\/\/i0.wp.com\/kohenavocats.com\/wp-content\/uploads\/2024\/11\/anita-austvika-EGIB8EITeJo-unsplash.webp?resize=700%2C400&ssl=1 2x, https:\/\/i0.wp.com\/kohenavocats.com\/wp-content\/uploads\/2024\/11\/anita-austvika-EGIB8EITeJo-unsplash.webp?resize=1050%2C600&ssl=1 3x, https:\/\/i0.wp.com\/kohenavocats.com\/wp-content\/uploads\/2024\/11\/anita-austvika-EGIB8EITeJo-unsplash.webp?resize=1400%2C800&ssl=1 4x"},"classes":[]},{"id":657609,"url":"https:\/\/kohenavocats.com\/zh-hans\/cour-dappel-le-10-juin-2025-n23-00691\/","url_meta":{"origin":659662,"position":3},"title":"Cour d&#8217;appel, le 10 juin 2025, n\u00b023\/00691","author":"Kohen","date":"2026\u5e744\u670823\u65e5","format":false,"excerpt":"La Cour d'appel, statuant le 10 juin 2025, a exami\u2026","rel":"","context":"\u5728\u201cJurisprudence\u201d\u4e2d","block_context":{"text":"Jurisprudence","link":"https:\/\/kohenavocats.com\/category\/jurisprudence\/"},"img":{"alt_text":"","src":"https:\/\/i0.wp.com\/kohenavocats.com\/wp-content\/uploads\/2024\/07\/dmitrij-paskevic-YjVa-F9P9kk-unsplash.webp?resize=350%2C200&ssl=1","width":350,"height":200,"srcset":"https:\/\/i0.wp.com\/kohenavocats.com\/wp-content\/uploads\/2024\/07\/dmitrij-paskevic-YjVa-F9P9kk-unsplash.webp?resize=350%2C200&ssl=1 1x, https:\/\/i0.wp.com\/kohenavocats.com\/wp-content\/uploads\/2024\/07\/dmitrij-paskevic-YjVa-F9P9kk-unsplash.webp?resize=525%2C300&ssl=1 1.5x, https:\/\/i0.wp.com\/kohenavocats.com\/wp-content\/uploads\/2024\/07\/dmitrij-paskevic-YjVa-F9P9kk-unsplash.webp?resize=700%2C400&ssl=1 2x, https:\/\/i0.wp.com\/kohenavocats.com\/wp-content\/uploads\/2024\/07\/dmitrij-paskevic-YjVa-F9P9kk-unsplash.webp?resize=1050%2C600&ssl=1 3x, https:\/\/i0.wp.com\/kohenavocats.com\/wp-content\/uploads\/2024\/07\/dmitrij-paskevic-YjVa-F9P9kk-unsplash.webp?resize=1400%2C800&ssl=1 4x"},"classes":[]},{"id":499757,"url":"https:\/\/kohenavocats.com\/zh-hans\/cour-dappel-de-rennes-le-27-mars-2025-n24-00994\/","url_meta":{"origin":659662,"position":4},"title":"Cour d&#8217;appel de Rennes, le 27 mars 2025, n\u00b024\/00994","author":"Kohen","date":"2026\u5e744\u67088\u65e5","format":false,"excerpt":"La Cour d'appel de Rennes, dans un arr\u00eat du 27 mar\u2026","rel":"","context":"\u5728\u201cJurisprudence\u201d\u4e2d","block_context":{"text":"Jurisprudence","link":"https:\/\/kohenavocats.com\/category\/jurisprudence\/"},"img":{"alt_text":"","src":"https:\/\/i0.wp.com\/kohenavocats.com\/wp-content\/uploads\/2024\/11\/kristijan-arsov-C8ilked7AJ8-unsplash.webp?resize=350%2C200&ssl=1","width":350,"height":200,"srcset":"https:\/\/i0.wp.com\/kohenavocats.com\/wp-content\/uploads\/2024\/11\/kristijan-arsov-C8ilked7AJ8-unsplash.webp?resize=350%2C200&ssl=1 1x, https:\/\/i0.wp.com\/kohenavocats.com\/wp-content\/uploads\/2024\/11\/kristijan-arsov-C8ilked7AJ8-unsplash.webp?resize=525%2C300&ssl=1 1.5x, https:\/\/i0.wp.com\/kohenavocats.com\/wp-content\/uploads\/2024\/11\/kristijan-arsov-C8ilked7AJ8-unsplash.webp?resize=700%2C400&ssl=1 2x, https:\/\/i0.wp.com\/kohenavocats.com\/wp-content\/uploads\/2024\/11\/kristijan-arsov-C8ilked7AJ8-unsplash.webp?resize=1050%2C600&ssl=1 3x, https:\/\/i0.wp.com\/kohenavocats.com\/wp-content\/uploads\/2024\/11\/kristijan-arsov-C8ilked7AJ8-unsplash.webp?resize=1400%2C800&ssl=1 4x"},"classes":[]},{"id":32881,"url":"https:\/\/kohenavocats.com\/zh-hans\/cour-dappel-de-orleans-le-23-juillet-2025-n24-02920\/","url_meta":{"origin":659662,"position":5},"title":"Cour d&#8217;appel de Orl\u00e9ans, le 23 juillet 2025, n\u00b024\/02920","author":"Kohen","date":"2025\u5e7411\u67085\u65e5","format":false,"excerpt":"Par un arr\u00eat du 23 juillet 2025, la Cour d'appel d\u2026","rel":"","context":"\u5728\u201cCour d'appel\u201d\u4e2d","block_context":{"text":"Cour d'appel","link":"https:\/\/kohenavocats.com\/category\/cour-dappel\/"},"img":{"alt_text":"","src":"https:\/\/i0.wp.com\/kohenavocats.com\/wp-content\/uploads\/2024\/08\/felix-fuchs-P4NdKIesk_A-unsplash.webp?resize=350%2C200&ssl=1","width":350,"height":200,"srcset":"https:\/\/i0.wp.com\/kohenavocats.com\/wp-content\/uploads\/2024\/08\/felix-fuchs-P4NdKIesk_A-unsplash.webp?resize=350%2C200&ssl=1 1x, https:\/\/i0.wp.com\/kohenavocats.com\/wp-content\/uploads\/2024\/08\/felix-fuchs-P4NdKIesk_A-unsplash.webp?resize=525%2C300&ssl=1 1.5x, https:\/\/i0.wp.com\/kohenavocats.com\/wp-content\/uploads\/2024\/08\/felix-fuchs-P4NdKIesk_A-unsplash.webp?resize=700%2C400&ssl=1 2x, https:\/\/i0.wp.com\/kohenavocats.com\/wp-content\/uploads\/2024\/08\/felix-fuchs-P4NdKIesk_A-unsplash.webp?resize=1050%2C600&ssl=1 3x, https:\/\/i0.wp.com\/kohenavocats.com\/wp-content\/uploads\/2024\/08\/felix-fuchs-P4NdKIesk_A-unsplash.webp?resize=1400%2C800&ssl=1 4x"},"classes":[]}],"jetpack_sharing_enabled":true,"_links":{"self":[{"href":"https:\/\/kohenavocats.com\/zh-hans\/wp-json\/wp\/v2\/posts\/659662","targetHints":{"allow":["GET"]}}],"collection":[{"href":"https:\/\/kohenavocats.com\/zh-hans\/wp-json\/wp\/v2\/posts"}],"about":[{"href":"https:\/\/kohenavocats.com\/zh-hans\/wp-json\/wp\/v2\/types\/post"}],"author":[{"embeddable":true,"href":"https:\/\/kohenavocats.com\/zh-hans\/wp-json\/wp\/v2\/users\/232070755"}],"replies":[{"embeddable":true,"href":"https:\/\/kohenavocats.com\/zh-hans\/wp-json\/wp\/v2\/comments?post=659662"}],"version-history":[{"count":0,"href":"https:\/\/kohenavocats.com\/zh-hans\/wp-json\/wp\/v2\/posts\/659662\/revisions"}],"wp:featuredmedia":[{"embeddable":true,"href":"https:\/\/kohenavocats.com\/zh-hans\/wp-json\/wp\/v2\/media\/9456"}],"wp:attachment":[{"href":"https:\/\/kohenavocats.com\/zh-hans\/wp-json\/wp\/v2\/media?parent=659662"}],"wp:term":[{"taxonomy":"category","embeddable":true,"href":"https:\/\/kohenavocats.com\/zh-hans\/wp-json\/wp\/v2\/categories?post=659662"},{"taxonomy":"post_tag","embeddable":true,"href":"https:\/\/kohenavocats.com\/zh-hans\/wp-json\/wp\/v2\/tags?post=659662"}],"curies":[{"name":"wp","href":"https:\/\/api.w.org\/{rel}","templated":true}]}}