{"id":659665,"date":"2026-04-23T13:42:21","date_gmt":"2026-04-23T11:42:21","guid":{"rendered":"https:\/\/kohenavocats.com\/cour-dappel-de-paris-le-15-mars-2024-n25-00627\/"},"modified":"2026-04-23T13:42:21","modified_gmt":"2026-04-23T11:42:21","slug":"cour-dappel-de-paris-le-15-mars-2024-n25-00627","status":"publish","type":"post","link":"https:\/\/kohenavocats.com\/zh-hans\/cour-dappel-de-paris-le-15-mars-2024-n25-00627\/","title":{"rendered":"Cour d&#8217;appel de Paris, le 15 mars 2024, n\u00b025\/00627"},"content":{"rendered":"<div class=\"article-content\">\n<p>La Cour d&#8217;appel de Paris, le 15 mars 2024, a examin\u00e9 un litige portant sur une cr\u00e9ance inf\u00e9rieure \u00e0 5 000 euros. Le tribunal judiciaire avait d\u00e9clar\u00e9 la demande irrecevable pour d\u00e9faut de tentative pr\u00e9alable de r\u00e9solution amiable. La juridiction d&#8217;appel a confirm\u00e9 cette solution en statuant sur la recevabilit\u00e9 de l&#8217;action. Elle rappelle ainsi les conditions strictes de l&#8217;obligation pr\u00e9alable de conciliation ou de m\u00e9diation.<\/p>\n<p>L&#8217;encadrement proc\u00e9dural des petites cr\u00e9ances<\/p>\n<p>La confirmation d&#8217;une obligation pr\u00e9alable substantielle<br \/>\nLa d\u00e9cision r\u00e9affirme le caract\u00e8re substantiel de l&#8217;exigence pos\u00e9e par l&#8217;article 750-1 du code de proc\u00e9dure civile. Le juge rel\u00e8ve que le litige porte sur une somme modique, soumise \u00e0 cette obligation. &#8220;Le pr\u00e9sent litige porte sur le paiement d\u2019une somme d\u2019argent n\u2019exc\u00e9dant pas 5000 euros de sorte que la soci\u00e9t\u00e9 demanderesse voit la recevabilit\u00e9 de ses demandes subordonn\u00e9e \u00e0 la preuve de ce qu\u2019une tentative pr\u00e9alable de conciliation a \u00e9t\u00e9 men\u00e9e&#8221; (Motifs de la d\u00e9cision). Cette citation souligne le lien direct entre le montant de la cr\u00e9ance et la condition de recevabilit\u00e9. La port\u00e9e est claire : le d\u00e9faut de tentative amiable est une cause d&#8217;irrecevabilit\u00e9 que le juge peut relever d&#8217;office, renfor\u00e7ant ainsi le formalisme proc\u00e9dural.<\/p>\n<p>L&#8217;absence de justification des exceptions l\u00e9gales<br \/>\nLa Cour examine syst\u00e9matiquement les exceptions pr\u00e9vues par la loi pour dispenser de cette tentative. Elle constate l&#8217;absence d&#8217;all\u00e9gation ou de preuve d&#8217;un motif l\u00e9gitime. &#8220;Il n\u2019est en outre ni all\u00e9gu\u00e9 ni \u00e9tabli que l\u2019urgence ou un motif l\u00e9gitime justifierait qu\u2019il soit pass\u00e9 outre cette obligation&#8221; (Motifs de la d\u00e9cision). Ce passage d\u00e9montre la charge de la preuve pesant sur le demandeur pour invoquer une dispense. La valeur de cette analyse r\u00e9side dans son interpr\u00e9tation restrictive des exceptions, pr\u00e9servant le principe de la r\u00e9solution amiable pr\u00e9alable. Elle limite ainsi les possibilit\u00e9s de contourner cette \u00e9tape obligatoire.<\/p>\n<p>Les cons\u00e9quences proc\u00e9durales de l&#8217;irrecevabilit\u00e9<\/p>\n<p>La sanction automatique du non-respect<br \/>\nLa solution retenue est la d\u00e9claration d&#8217;irrecevabilit\u00e9 de la demande principale. Cette sanction est automatique d\u00e8s lors que le manquement est constat\u00e9. &#8220;D\u00e8s lors, l\u2019action du demandeur est irrecevable en application de ces dispositions&#8221; (Motifs de la d\u00e9cision). Cette affirmation illustre le caract\u00e8re d&#8217;ordre public de la r\u00e8gle, que le juge applique sans pouvoir l&#8217;\u00e9carter. La port\u00e9e est pratique : elle entra\u00eene l&#8217;extinction de l&#8217;instance sans examen du fond, soulignant la nature pr\u00e9alable et substantielle de l&#8217;obligation. Cela incite les praticiens \u00e0 une grande rigueur dans le respect des pr\u00e9conditions proc\u00e9durales.<\/p>\n<p>Les implications sur les demandes accessoires et l&#8217;ex\u00e9cution<br \/>\nLa d\u00e9cision \u00e9tend ses effets aux demandes accessoires, notamment sur les d\u00e9pens et l&#8217;ex\u00e9cution provisoire. La partie succombante est condamn\u00e9e aux d\u00e9pens, et le principe de l&#8217;ex\u00e9cution provisoire de droit est rappel\u00e9. &#8220;L&#8217;article 514 du code de proc\u00e9dure civile [&#8230;] dispose que les d\u00e9cisions de premi\u00e8re instance sont de droit ex\u00e9cutoires \u00e0 titre provisoire&#8221; (Motifs de la d\u00e9cision). Cette r\u00e9f\u00e9rence assure l&#8217;effectivit\u00e9 imm\u00e9diate du jugement malgr\u00e9 son caract\u00e8re r\u00e9put\u00e9 contradictoire. La valeur de ce point r\u00e9side dans la coh\u00e9rence du dispositif, o\u00f9 l&#8217;irrecevabilit\u00e9 de la demande principale emporte des cons\u00e9quences financi\u00e8res et ex\u00e9cutoires compl\u00e8tes, fermant d\u00e9finitivement l&#8217;instance sur ce chef.<\/p>\n<\/div>\n","protected":false},"excerpt":{"rendered":"<p>La Cour d&#8217;appel de Paris, le 15 mars 2024, a examin\u00e9 un litige portant sur une cr\u00e9ance inf\u00e9rieure \u00e0 5 000 euros. Le tribunal judiciaire avait d\u00e9clar\u00e9 la dema&#8230;<\/p>\n","protected":false},"author":232070755,"featured_media":9609,"comment_status":"open","ping_status":"open","sticky":false,"template":"","format":"standard","meta":{"_crdt_document":"","_jetpack_newsletter_access":"","_jetpack_dont_email_post_to_subs":false,"_jetpack_newsletter_tier_id":0,"_jetpack_memberships_contains_paywalled_content":false,"_jetpack_memberships_contains_paid_content":false,"footnotes":"","jetpack_post_was_ever_published":false},"categories":[7597],"tags":[],"class_list":["post-659665","post","type-post","status-publish","format-standard","has-post-thumbnail","hentry","category-jurisprudence"],"yoast_head":"<!-- This site is optimized with the Yoast SEO Premium plugin v27.4 (Yoast SEO v27.4) - https:\/\/yoast.com\/product\/yoast-seo-premium-wordpress\/ -->\n<title>Cour d&#039;appel de Paris, le 15 mars 2024, n\u00b025\/00627 - Ma\u00eetre Hassan Kohen, avocat en droit p\u00e9nal \u00e0 Paris<\/title>\n<meta name=\"description\" content=\"La Cour d&#039;appel de Paris, le 15 mars 2024, a examin\u00e9 un litige portant sur une cr\u00e9ance inf\u00e9rieure \u00e0 5 000 euros. Le tribunal judiciaire avait d\u00e9clar\u00e9 la dema...\" \/>\n<meta name=\"robots\" content=\"index, follow, max-snippet:-1, max-image-preview:large, max-video-preview:-1\" \/>\n<link rel=\"canonical\" href=\"https:\/\/kohenavocats.com\/zh-hans\/cour-dappel-de-paris-le-15-mars-2024-n25-00627\/\" \/>\n<meta property=\"og:locale\" content=\"zh_CN\" \/>\n<meta property=\"og:type\" content=\"article\" \/>\n<meta property=\"og:title\" content=\"Cour d&#039;appel de Paris, le 15 mars 2024, n\u00b025\/00627\" \/>\n<meta property=\"og:description\" content=\"La Cour d&#039;appel de Paris, le 15 mars 2024, a examin\u00e9 un litige portant sur une cr\u00e9ance inf\u00e9rieure \u00e0 5 000 euros. Le tribunal judiciaire avait d\u00e9clar\u00e9 la dema...\" \/>\n<meta property=\"og:url\" content=\"https:\/\/kohenavocats.com\/zh-hans\/cour-dappel-de-paris-le-15-mars-2024-n25-00627\/\" \/>\n<meta property=\"og:site_name\" content=\"Ma\u00eetre Hassan Kohen, avocat en droit p\u00e9nal \u00e0 Paris\" \/>\n<meta property=\"article:published_time\" content=\"2026-04-23T11:42:21+00:00\" \/>\n<meta property=\"og:image\" content=\"https:\/\/kohenavocats.com\/wp-content\/uploads\/2024\/11\/zyanya-citlalli-UacA8X7HWwg-unsplash.webp\" \/>\n\t<meta property=\"og:image:width\" content=\"3840\" \/>\n\t<meta property=\"og:image:height\" content=\"2160\" \/>\n\t<meta property=\"og:image:type\" content=\"image\/webp\" \/>\n<meta name=\"author\" content=\"Kohen\" \/>\n<meta name=\"twitter:card\" content=\"summary_large_image\" \/>\n<meta name=\"twitter:label1\" content=\"\u4f5c\u8005\" \/>\n\t<meta name=\"twitter:data1\" content=\"Kohen\" \/>\n\t<meta name=\"twitter:label2\" content=\"\u9884\u8ba1\u9605\u8bfb\u65f6\u95f4\" \/>\n\t<meta name=\"twitter:data2\" content=\"3 \u5206\" \/>\n<script type=\"application\/ld+json\" class=\"yoast-schema-graph\">{\"@context\":\"https:\\\/\\\/schema.org\",\"@graph\":[{\"@type\":\"Article\",\"@id\":\"https:\\\/\\\/kohenavocats.com\\\/zh-hans\\\/cour-dappel-de-paris-le-15-mars-2024-n25-00627\\\/#article\",\"isPartOf\":{\"@id\":\"https:\\\/\\\/kohenavocats.com\\\/zh-hans\\\/cour-dappel-de-paris-le-15-mars-2024-n25-00627\\\/\"},\"author\":{\"name\":\"Kohen\",\"@id\":\"https:\\\/\\\/kohenavocats.com\\\/zh-hans\\\/#\\\/schema\\\/person\\\/761c9ba54fa1ca84d405cef0831ff751\"},\"headline\":\"Cour d&#8217;appel de Paris, le 15 mars 2024, n\u00b025\\\/00627\",\"datePublished\":\"2026-04-23T11:42:21+00:00\",\"mainEntityOfPage\":{\"@id\":\"https:\\\/\\\/kohenavocats.com\\\/zh-hans\\\/cour-dappel-de-paris-le-15-mars-2024-n25-00627\\\/\"},\"wordCount\":617,\"commentCount\":0,\"publisher\":{\"@id\":\"https:\\\/\\\/kohenavocats.com\\\/zh-hans\\\/#organization\"},\"image\":{\"@id\":\"https:\\\/\\\/kohenavocats.com\\\/zh-hans\\\/cour-dappel-de-paris-le-15-mars-2024-n25-00627\\\/#primaryimage\"},\"thumbnailUrl\":\"https:\\\/\\\/kohenavocats.com\\\/wp-content\\\/uploads\\\/2024\\\/11\\\/zyanya-citlalli-UacA8X7HWwg-unsplash.webp\",\"articleSection\":[\"Jurisprudence\"],\"inLanguage\":\"zh-Hans\",\"potentialAction\":[{\"@type\":\"CommentAction\",\"name\":\"Comment\",\"target\":[\"https:\\\/\\\/kohenavocats.com\\\/zh-hans\\\/cour-dappel-de-paris-le-15-mars-2024-n25-00627\\\/#respond\"]}],\"citation\":\"Cour d&#8217;appel de Paris, le 15 mars 2024, n\u00b025\\\/00627\",\"about\":[{\"@type\":\"Thing\",\"name\":\"Jurisprudence\"}],\"dateModified\":\"2026-04-23T11:42:21+00:00\",\"speakable\":{\"@type\":\"SpeakableSpecification\",\"cssSelector\":[\".article-content > p:first-of-type\"]}},{\"@type\":\"WebPage\",\"@id\":\"https:\\\/\\\/kohenavocats.com\\\/zh-hans\\\/cour-dappel-de-paris-le-15-mars-2024-n25-00627\\\/\",\"url\":\"https:\\\/\\\/kohenavocats.com\\\/zh-hans\\\/cour-dappel-de-paris-le-15-mars-2024-n25-00627\\\/\",\"name\":\"Cour d'appel de Paris, le 15 mars 2024, n\u00b025\\\/00627 - Ma\u00eetre Hassan Kohen, avocat en droit p\u00e9nal \u00e0 Paris\",\"isPartOf\":{\"@id\":\"https:\\\/\\\/kohenavocats.com\\\/zh-hans\\\/#website\"},\"primaryImageOfPage\":{\"@id\":\"https:\\\/\\\/kohenavocats.com\\\/zh-hans\\\/cour-dappel-de-paris-le-15-mars-2024-n25-00627\\\/#primaryimage\"},\"image\":{\"@id\":\"https:\\\/\\\/kohenavocats.com\\\/zh-hans\\\/cour-dappel-de-paris-le-15-mars-2024-n25-00627\\\/#primaryimage\"},\"thumbnailUrl\":\"https:\\\/\\\/kohenavocats.com\\\/wp-content\\\/uploads\\\/2024\\\/11\\\/zyanya-citlalli-UacA8X7HWwg-unsplash.webp\",\"datePublished\":\"2026-04-23T11:42:21+00:00\",\"description\":\"La Cour d'appel de Paris, le 15 mars 2024, a examin\u00e9 un litige portant sur une cr\u00e9ance inf\u00e9rieure \u00e0 5 000 euros. Le tribunal judiciaire avait d\u00e9clar\u00e9 la dema...\",\"breadcrumb\":{\"@id\":\"https:\\\/\\\/kohenavocats.com\\\/zh-hans\\\/cour-dappel-de-paris-le-15-mars-2024-n25-00627\\\/#breadcrumb\"},\"inLanguage\":\"zh-Hans\",\"potentialAction\":[{\"@type\":\"ReadAction\",\"target\":[\"https:\\\/\\\/kohenavocats.com\\\/zh-hans\\\/cour-dappel-de-paris-le-15-mars-2024-n25-00627\\\/\"]}]},{\"@type\":\"ImageObject\",\"inLanguage\":\"zh-Hans\",\"@id\":\"https:\\\/\\\/kohenavocats.com\\\/zh-hans\\\/cour-dappel-de-paris-le-15-mars-2024-n25-00627\\\/#primaryimage\",\"url\":\"https:\\\/\\\/kohenavocats.com\\\/wp-content\\\/uploads\\\/2024\\\/11\\\/zyanya-citlalli-UacA8X7HWwg-unsplash.webp\",\"contentUrl\":\"https:\\\/\\\/kohenavocats.com\\\/wp-content\\\/uploads\\\/2024\\\/11\\\/zyanya-citlalli-UacA8X7HWwg-unsplash.webp\",\"width\":3840,\"height\":2160},{\"@type\":\"BreadcrumbList\",\"@id\":\"https:\\\/\\\/kohenavocats.com\\\/zh-hans\\\/cour-dappel-de-paris-le-15-mars-2024-n25-00627\\\/#breadcrumb\",\"itemListElement\":[{\"@type\":\"ListItem\",\"position\":1,\"name\":\"Home\",\"item\":\"https:\\\/\\\/kohenavocats.com\\\/zh-hans\\\/\"},{\"@type\":\"ListItem\",\"position\":2,\"name\":\"Cour d&rsquo;appel de Paris, le 15 mars 2024, n\u00b025\\\/00627\"}]},{\"@type\":\"WebSite\",\"@id\":\"https:\\\/\\\/kohenavocats.com\\\/zh-hans\\\/#website\",\"url\":\"https:\\\/\\\/kohenavocats.com\\\/zh-hans\\\/\",\"name\":\"Kohen Avocats\",\"description\":\"Ma\u00eetre Hassan Kohen, avocat p\u00e9naliste \u00e0 Paris, intervient exclusivement en droit p\u00e9nal pour la d\u00e9fense des particuliers, notamment en mati\u00e8re d\u2019accusations de viol. Il assure un accompagnement rigoureux d\u00e8s la garde \u00e0 vue jusqu\u2019\u00e0 la Cour d\u2019assises, veillant au strict respect des garanties proc\u00e9durales.\",\"publisher\":{\"@id\":\"https:\\\/\\\/kohenavocats.com\\\/zh-hans\\\/#organization\"},\"potentialAction\":[{\"@type\":\"SearchAction\",\"target\":{\"@type\":\"EntryPoint\",\"urlTemplate\":\"https:\\\/\\\/kohenavocats.com\\\/zh-hans\\\/?s={search_term_string}\"},\"query-input\":{\"@type\":\"PropertyValueSpecification\",\"valueRequired\":true,\"valueName\":\"search_term_string\"}}],\"inLanguage\":\"zh-Hans\"},{\"@type\":\"Organization\",\"@id\":\"https:\\\/\\\/kohenavocats.com\\\/zh-hans\\\/#organization\",\"name\":\"Kohen Avocats\",\"url\":\"https:\\\/\\\/kohenavocats.com\\\/zh-hans\\\/\",\"logo\":{\"@type\":\"ImageObject\",\"inLanguage\":\"zh-Hans\",\"@id\":\"https:\\\/\\\/kohenavocats.com\\\/zh-hans\\\/#\\\/schema\\\/logo\\\/image\\\/\",\"url\":\"https:\\\/\\\/kohenavocats.com\\\/wp-content\\\/uploads\\\/2026\\\/01\\\/Logo-2-1.webp\",\"contentUrl\":\"https:\\\/\\\/kohenavocats.com\\\/wp-content\\\/uploads\\\/2026\\\/01\\\/Logo-2-1.webp\",\"width\":2114,\"height\":1253,\"caption\":\"Kohen Avocats\"},\"image\":{\"@id\":\"https:\\\/\\\/kohenavocats.com\\\/zh-hans\\\/#\\\/schema\\\/logo\\\/image\\\/\"}},{\"@type\":\"Person\",\"@id\":\"https:\\\/\\\/kohenavocats.com\\\/zh-hans\\\/#\\\/schema\\\/person\\\/761c9ba54fa1ca84d405cef0831ff751\",\"name\":\"Kohen\",\"image\":{\"@type\":\"ImageObject\",\"inLanguage\":\"zh-Hans\",\"@id\":\"https:\\\/\\\/secure.gravatar.com\\\/avatar\\\/1c5e76ef76bbbfdd2b4da984e2bf2fa4056fd51a27d25ce2c332047f1dfd6e00?s=96&d=identicon&r=g\",\"url\":\"https:\\\/\\\/secure.gravatar.com\\\/avatar\\\/1c5e76ef76bbbfdd2b4da984e2bf2fa4056fd51a27d25ce2c332047f1dfd6e00?s=96&d=identicon&r=g\",\"contentUrl\":\"https:\\\/\\\/secure.gravatar.com\\\/avatar\\\/1c5e76ef76bbbfdd2b4da984e2bf2fa4056fd51a27d25ce2c332047f1dfd6e00?s=96&d=identicon&r=g\",\"caption\":\"Kohen\"},\"sameAs\":[\"https:\\\/\\\/www.linkedin.com\\\/in\\\/hassan-kohen-448548192\\\/\",\"https:\\\/\\\/www.youtube.com\\\/@Kohen-Avocats\"],\"url\":\"https:\\\/\\\/kohenavocats.com\\\/zh-hans\\\/author\\\/kohenmlk\\\/\"}]}<\/script>\n<!-- \/ Yoast SEO Premium plugin. -->","yoast_head_json":{"title":"Cour d'appel de Paris, le 15 mars 2024, n\u00b025\/00627 - Ma\u00eetre Hassan Kohen, avocat en droit p\u00e9nal \u00e0 Paris","description":"La Cour d'appel de Paris, le 15 mars 2024, a examin\u00e9 un litige portant sur une cr\u00e9ance inf\u00e9rieure \u00e0 5 000 euros. Le tribunal judiciaire avait d\u00e9clar\u00e9 la dema...","robots":{"index":"index","follow":"follow","max-snippet":"max-snippet:-1","max-image-preview":"max-image-preview:large","max-video-preview":"max-video-preview:-1"},"canonical":"https:\/\/kohenavocats.com\/zh-hans\/cour-dappel-de-paris-le-15-mars-2024-n25-00627\/","og_locale":"zh_CN","og_type":"article","og_title":"Cour d'appel de Paris, le 15 mars 2024, n\u00b025\/00627","og_description":"La Cour d'appel de Paris, le 15 mars 2024, a examin\u00e9 un litige portant sur une cr\u00e9ance inf\u00e9rieure \u00e0 5 000 euros. Le tribunal judiciaire avait d\u00e9clar\u00e9 la dema...","og_url":"https:\/\/kohenavocats.com\/zh-hans\/cour-dappel-de-paris-le-15-mars-2024-n25-00627\/","og_site_name":"Ma\u00eetre Hassan Kohen, avocat en droit p\u00e9nal \u00e0 Paris","article_published_time":"2026-04-23T11:42:21+00:00","og_image":[{"width":3840,"height":2160,"url":"https:\/\/kohenavocats.com\/wp-content\/uploads\/2024\/11\/zyanya-citlalli-UacA8X7HWwg-unsplash.webp","type":"image\/webp"}],"author":"Kohen","twitter_card":"summary_large_image","twitter_misc":{"\u4f5c\u8005":"Kohen","\u9884\u8ba1\u9605\u8bfb\u65f6\u95f4":"3 \u5206"},"schema":{"@context":"https:\/\/schema.org","@graph":[{"@type":"Article","@id":"https:\/\/kohenavocats.com\/zh-hans\/cour-dappel-de-paris-le-15-mars-2024-n25-00627\/#article","isPartOf":{"@id":"https:\/\/kohenavocats.com\/zh-hans\/cour-dappel-de-paris-le-15-mars-2024-n25-00627\/"},"author":{"name":"Kohen","@id":"https:\/\/kohenavocats.com\/zh-hans\/#\/schema\/person\/761c9ba54fa1ca84d405cef0831ff751"},"headline":"Cour d&#8217;appel de Paris, le 15 mars 2024, n\u00b025\/00627","datePublished":"2026-04-23T11:42:21+00:00","mainEntityOfPage":{"@id":"https:\/\/kohenavocats.com\/zh-hans\/cour-dappel-de-paris-le-15-mars-2024-n25-00627\/"},"wordCount":617,"commentCount":0,"publisher":{"@id":"https:\/\/kohenavocats.com\/zh-hans\/#organization"},"image":{"@id":"https:\/\/kohenavocats.com\/zh-hans\/cour-dappel-de-paris-le-15-mars-2024-n25-00627\/#primaryimage"},"thumbnailUrl":"https:\/\/kohenavocats.com\/wp-content\/uploads\/2024\/11\/zyanya-citlalli-UacA8X7HWwg-unsplash.webp","articleSection":["Jurisprudence"],"inLanguage":"zh-Hans","potentialAction":[{"@type":"CommentAction","name":"Comment","target":["https:\/\/kohenavocats.com\/zh-hans\/cour-dappel-de-paris-le-15-mars-2024-n25-00627\/#respond"]}],"citation":"Cour d&#8217;appel de Paris, le 15 mars 2024, n\u00b025\/00627","about":[{"@type":"Thing","name":"Jurisprudence"}],"dateModified":"2026-04-23T11:42:21+00:00","speakable":{"@type":"SpeakableSpecification","cssSelector":[".article-content > p:first-of-type"]}},{"@type":"WebPage","@id":"https:\/\/kohenavocats.com\/zh-hans\/cour-dappel-de-paris-le-15-mars-2024-n25-00627\/","url":"https:\/\/kohenavocats.com\/zh-hans\/cour-dappel-de-paris-le-15-mars-2024-n25-00627\/","name":"Cour d'appel de Paris, le 15 mars 2024, n\u00b025\/00627 - Ma\u00eetre Hassan Kohen, avocat en droit p\u00e9nal \u00e0 Paris","isPartOf":{"@id":"https:\/\/kohenavocats.com\/zh-hans\/#website"},"primaryImageOfPage":{"@id":"https:\/\/kohenavocats.com\/zh-hans\/cour-dappel-de-paris-le-15-mars-2024-n25-00627\/#primaryimage"},"image":{"@id":"https:\/\/kohenavocats.com\/zh-hans\/cour-dappel-de-paris-le-15-mars-2024-n25-00627\/#primaryimage"},"thumbnailUrl":"https:\/\/kohenavocats.com\/wp-content\/uploads\/2024\/11\/zyanya-citlalli-UacA8X7HWwg-unsplash.webp","datePublished":"2026-04-23T11:42:21+00:00","description":"La Cour d'appel de Paris, le 15 mars 2024, a examin\u00e9 un litige portant sur une cr\u00e9ance inf\u00e9rieure \u00e0 5 000 euros. Le tribunal judiciaire avait d\u00e9clar\u00e9 la dema...","breadcrumb":{"@id":"https:\/\/kohenavocats.com\/zh-hans\/cour-dappel-de-paris-le-15-mars-2024-n25-00627\/#breadcrumb"},"inLanguage":"zh-Hans","potentialAction":[{"@type":"ReadAction","target":["https:\/\/kohenavocats.com\/zh-hans\/cour-dappel-de-paris-le-15-mars-2024-n25-00627\/"]}]},{"@type":"ImageObject","inLanguage":"zh-Hans","@id":"https:\/\/kohenavocats.com\/zh-hans\/cour-dappel-de-paris-le-15-mars-2024-n25-00627\/#primaryimage","url":"https:\/\/kohenavocats.com\/wp-content\/uploads\/2024\/11\/zyanya-citlalli-UacA8X7HWwg-unsplash.webp","contentUrl":"https:\/\/kohenavocats.com\/wp-content\/uploads\/2024\/11\/zyanya-citlalli-UacA8X7HWwg-unsplash.webp","width":3840,"height":2160},{"@type":"BreadcrumbList","@id":"https:\/\/kohenavocats.com\/zh-hans\/cour-dappel-de-paris-le-15-mars-2024-n25-00627\/#breadcrumb","itemListElement":[{"@type":"ListItem","position":1,"name":"Home","item":"https:\/\/kohenavocats.com\/zh-hans\/"},{"@type":"ListItem","position":2,"name":"Cour d&rsquo;appel de Paris, le 15 mars 2024, n\u00b025\/00627"}]},{"@type":"WebSite","@id":"https:\/\/kohenavocats.com\/zh-hans\/#website","url":"https:\/\/kohenavocats.com\/zh-hans\/","name":"Kohen Avocats","description":"Ma\u00eetre Hassan Kohen, avocat p\u00e9naliste \u00e0 Paris, intervient exclusivement en droit p\u00e9nal pour la d\u00e9fense des particuliers, notamment en mati\u00e8re d\u2019accusations de viol. Il assure un accompagnement rigoureux d\u00e8s la garde \u00e0 vue jusqu\u2019\u00e0 la Cour d\u2019assises, veillant au strict respect des garanties proc\u00e9durales.","publisher":{"@id":"https:\/\/kohenavocats.com\/zh-hans\/#organization"},"potentialAction":[{"@type":"SearchAction","target":{"@type":"EntryPoint","urlTemplate":"https:\/\/kohenavocats.com\/zh-hans\/?s={search_term_string}"},"query-input":{"@type":"PropertyValueSpecification","valueRequired":true,"valueName":"search_term_string"}}],"inLanguage":"zh-Hans"},{"@type":"Organization","@id":"https:\/\/kohenavocats.com\/zh-hans\/#organization","name":"Kohen Avocats","url":"https:\/\/kohenavocats.com\/zh-hans\/","logo":{"@type":"ImageObject","inLanguage":"zh-Hans","@id":"https:\/\/kohenavocats.com\/zh-hans\/#\/schema\/logo\/image\/","url":"https:\/\/kohenavocats.com\/wp-content\/uploads\/2026\/01\/Logo-2-1.webp","contentUrl":"https:\/\/kohenavocats.com\/wp-content\/uploads\/2026\/01\/Logo-2-1.webp","width":2114,"height":1253,"caption":"Kohen Avocats"},"image":{"@id":"https:\/\/kohenavocats.com\/zh-hans\/#\/schema\/logo\/image\/"}},{"@type":"Person","@id":"https:\/\/kohenavocats.com\/zh-hans\/#\/schema\/person\/761c9ba54fa1ca84d405cef0831ff751","name":"Kohen","image":{"@type":"ImageObject","inLanguage":"zh-Hans","@id":"https:\/\/secure.gravatar.com\/avatar\/1c5e76ef76bbbfdd2b4da984e2bf2fa4056fd51a27d25ce2c332047f1dfd6e00?s=96&d=identicon&r=g","url":"https:\/\/secure.gravatar.com\/avatar\/1c5e76ef76bbbfdd2b4da984e2bf2fa4056fd51a27d25ce2c332047f1dfd6e00?s=96&d=identicon&r=g","contentUrl":"https:\/\/secure.gravatar.com\/avatar\/1c5e76ef76bbbfdd2b4da984e2bf2fa4056fd51a27d25ce2c332047f1dfd6e00?s=96&d=identicon&r=g","caption":"Kohen"},"sameAs":["https:\/\/www.linkedin.com\/in\/hassan-kohen-448548192\/","https:\/\/www.youtube.com\/@Kohen-Avocats"],"url":"https:\/\/kohenavocats.com\/zh-hans\/author\/kohenmlk\/"}]}},"jetpack_featured_media_url":"https:\/\/kohenavocats.com\/wp-content\/uploads\/2024\/11\/zyanya-citlalli-UacA8X7HWwg-unsplash.webp","jetpack_likes_enabled":false,"jetpack_shortlink":"https:\/\/wp.me\/peCrII-2LBL","jetpack-related-posts":[{"id":647603,"url":"https:\/\/kohenavocats.com\/zh-hans\/cour-dappel-de-paris-le-5-fevrier-2026-n25-00843\/","url_meta":{"origin":659665,"position":0},"title":"Cour d&#8217;appel de Paris, le 5 f\u00e9vrier 2026, n\u00b025\/00843","author":"Kohen","date":"2026\u5e744\u670822\u65e5","format":false,"excerpt":"La cour d\u2019appel de Paris, statuant en mati\u00e8re de s\u2026","rel":"","context":"\u5728\u201cJurisprudence\u201d\u4e2d","block_context":{"text":"Jurisprudence","link":"https:\/\/kohenavocats.com\/category\/jurisprudence\/"},"img":{"alt_text":"","src":"https:\/\/i0.wp.com\/kohenavocats.com\/wp-content\/uploads\/2024\/11\/dario-bronnimann-QRj9c38HgHg-unsplash.webp?resize=350%2C200&ssl=1","width":350,"height":200,"srcset":"https:\/\/i0.wp.com\/kohenavocats.com\/wp-content\/uploads\/2024\/11\/dario-bronnimann-QRj9c38HgHg-unsplash.webp?resize=350%2C200&ssl=1 1x, https:\/\/i0.wp.com\/kohenavocats.com\/wp-content\/uploads\/2024\/11\/dario-bronnimann-QRj9c38HgHg-unsplash.webp?resize=525%2C300&ssl=1 1.5x, https:\/\/i0.wp.com\/kohenavocats.com\/wp-content\/uploads\/2024\/11\/dario-bronnimann-QRj9c38HgHg-unsplash.webp?resize=700%2C400&ssl=1 2x, https:\/\/i0.wp.com\/kohenavocats.com\/wp-content\/uploads\/2024\/11\/dario-bronnimann-QRj9c38HgHg-unsplash.webp?resize=1050%2C600&ssl=1 3x, https:\/\/i0.wp.com\/kohenavocats.com\/wp-content\/uploads\/2024\/11\/dario-bronnimann-QRj9c38HgHg-unsplash.webp?resize=1400%2C800&ssl=1 4x"},"classes":[]},{"id":499324,"url":"https:\/\/kohenavocats.com\/zh-hans\/cour-dappel-de-paris-le-15-septembre-2025-n25-01006\/","url_meta":{"origin":659665,"position":1},"title":"Cour d&#8217;appel de Paris, le 15 septembre 2025, n\u00b025\/01006","author":"Kohen","date":"2026\u5e744\u67088\u65e5","format":false,"excerpt":"La cour d'appel de Paris, le 15 septembre 2025, a \u2026","rel":"","context":"\u5728\u201cJurisprudence\u201d\u4e2d","block_context":{"text":"Jurisprudence","link":"https:\/\/kohenavocats.com\/category\/jurisprudence\/"},"img":{"alt_text":"","src":"https:\/\/i0.wp.com\/kohenavocats.com\/wp-content\/uploads\/2024\/08\/lisa-IfngoxB5ORA-unsplash-1.webp?resize=350%2C200&ssl=1","width":350,"height":200,"srcset":"https:\/\/i0.wp.com\/kohenavocats.com\/wp-content\/uploads\/2024\/08\/lisa-IfngoxB5ORA-unsplash-1.webp?resize=350%2C200&ssl=1 1x, https:\/\/i0.wp.com\/kohenavocats.com\/wp-content\/uploads\/2024\/08\/lisa-IfngoxB5ORA-unsplash-1.webp?resize=525%2C300&ssl=1 1.5x, https:\/\/i0.wp.com\/kohenavocats.com\/wp-content\/uploads\/2024\/08\/lisa-IfngoxB5ORA-unsplash-1.webp?resize=700%2C400&ssl=1 2x, https:\/\/i0.wp.com\/kohenavocats.com\/wp-content\/uploads\/2024\/08\/lisa-IfngoxB5ORA-unsplash-1.webp?resize=1050%2C600&ssl=1 3x, https:\/\/i0.wp.com\/kohenavocats.com\/wp-content\/uploads\/2024\/08\/lisa-IfngoxB5ORA-unsplash-1.webp?resize=1400%2C800&ssl=1 4x"},"classes":[]},{"id":202393,"url":"https:\/\/kohenavocats.com\/zh-hans\/cour-dappel-de-paris-le-26-juin-2025-n24-04268\/","url_meta":{"origin":659665,"position":2},"title":"Cour d&#8217;appel de Paris, le 26 juin 2025, n\u00b024\/04268","author":"Kohen","date":"2025\u5e7412\u670821\u65e5","format":false,"excerpt":"Cour d\u2019appel de Paris, 26 juin 2025. Un liti\u2026","rel":"","context":"\u5728\u201cCour d'appel\u201d\u4e2d","block_context":{"text":"Cour d'appel","link":"https:\/\/kohenavocats.com\/category\/cour-dappel\/"},"img":{"alt_text":"","src":"https:\/\/i0.wp.com\/kohenavocats.com\/wp-content\/uploads\/2024\/08\/dmitrii-eliuseev-VJCxWJ3XZCM-unsplash.webp?resize=350%2C200&ssl=1","width":350,"height":200,"srcset":"https:\/\/i0.wp.com\/kohenavocats.com\/wp-content\/uploads\/2024\/08\/dmitrii-eliuseev-VJCxWJ3XZCM-unsplash.webp?resize=350%2C200&ssl=1 1x, https:\/\/i0.wp.com\/kohenavocats.com\/wp-content\/uploads\/2024\/08\/dmitrii-eliuseev-VJCxWJ3XZCM-unsplash.webp?resize=525%2C300&ssl=1 1.5x, https:\/\/i0.wp.com\/kohenavocats.com\/wp-content\/uploads\/2024\/08\/dmitrii-eliuseev-VJCxWJ3XZCM-unsplash.webp?resize=700%2C400&ssl=1 2x, https:\/\/i0.wp.com\/kohenavocats.com\/wp-content\/uploads\/2024\/08\/dmitrii-eliuseev-VJCxWJ3XZCM-unsplash.webp?resize=1050%2C600&ssl=1 3x, https:\/\/i0.wp.com\/kohenavocats.com\/wp-content\/uploads\/2024\/08\/dmitrii-eliuseev-VJCxWJ3XZCM-unsplash.webp?resize=1400%2C800&ssl=1 4x"},"classes":[]},{"id":685011,"url":"https:\/\/kohenavocats.com\/zh-hans\/cour-dappel-de-paris-le-1-juillet-2025-n23-08838\/","url_meta":{"origin":659665,"position":3},"title":"Cour d&#8217;appel de Paris, le 1 juillet 2025, n\u00b023\/08838","author":"Kohen","date":"2026\u5e744\u670825\u65e5","format":false,"excerpt":"Par un arr\u00eat du 1er juillet 2025, la Cour d'appel \u2026","rel":"","context":"\u5728\u201cJurisprudence\u201d\u4e2d","block_context":{"text":"Jurisprudence","link":"https:\/\/kohenavocats.com\/category\/jurisprudence\/"},"img":{"alt_text":"","src":"https:\/\/i0.wp.com\/kohenavocats.com\/wp-content\/uploads\/2024\/07\/leo-serrat-jxLd50GtR0c-unsplash.webp?resize=350%2C200&ssl=1","width":350,"height":200,"srcset":"https:\/\/i0.wp.com\/kohenavocats.com\/wp-content\/uploads\/2024\/07\/leo-serrat-jxLd50GtR0c-unsplash.webp?resize=350%2C200&ssl=1 1x, https:\/\/i0.wp.com\/kohenavocats.com\/wp-content\/uploads\/2024\/07\/leo-serrat-jxLd50GtR0c-unsplash.webp?resize=525%2C300&ssl=1 1.5x, https:\/\/i0.wp.com\/kohenavocats.com\/wp-content\/uploads\/2024\/07\/leo-serrat-jxLd50GtR0c-unsplash.webp?resize=700%2C400&ssl=1 2x, https:\/\/i0.wp.com\/kohenavocats.com\/wp-content\/uploads\/2024\/07\/leo-serrat-jxLd50GtR0c-unsplash.webp?resize=1050%2C600&ssl=1 3x, https:\/\/i0.wp.com\/kohenavocats.com\/wp-content\/uploads\/2024\/07\/leo-serrat-jxLd50GtR0c-unsplash.webp?resize=1400%2C800&ssl=1 4x"},"classes":[]},{"id":236465,"url":"https:\/\/kohenavocats.com\/zh-hans\/tribunal-judiciaire-de-bourgoin-jallieu-le-17-juin-2025-n24-00364\/","url_meta":{"origin":659665,"position":4},"title":"Tribunal judiciaire de Bourgoin-Jallieu, le 17 juin 2025, n\u00b024\/00364","author":"Kohen","date":"2025\u5e7412\u670829\u65e5","format":false,"excerpt":"Le jugement rendu le 17 juin 2025 par le Juge des \u2026","rel":"","context":"\u5728\u201cD\u00e9cisions juridiques\u201d\u4e2d","block_context":{"text":"D\u00e9cisions juridiques","link":"https:\/\/kohenavocats.com\/category\/decisions-juridiques\/"},"img":{"alt_text":"","src":"https:\/\/i0.wp.com\/kohenavocats.com\/wp-content\/uploads\/2024\/11\/mohamed-nohassi-AE9Z7hVNOPE-unsplash.webp?resize=350%2C200&ssl=1","width":350,"height":200,"srcset":"https:\/\/i0.wp.com\/kohenavocats.com\/wp-content\/uploads\/2024\/11\/mohamed-nohassi-AE9Z7hVNOPE-unsplash.webp?resize=350%2C200&ssl=1 1x, https:\/\/i0.wp.com\/kohenavocats.com\/wp-content\/uploads\/2024\/11\/mohamed-nohassi-AE9Z7hVNOPE-unsplash.webp?resize=525%2C300&ssl=1 1.5x, https:\/\/i0.wp.com\/kohenavocats.com\/wp-content\/uploads\/2024\/11\/mohamed-nohassi-AE9Z7hVNOPE-unsplash.webp?resize=700%2C400&ssl=1 2x, https:\/\/i0.wp.com\/kohenavocats.com\/wp-content\/uploads\/2024\/11\/mohamed-nohassi-AE9Z7hVNOPE-unsplash.webp?resize=1050%2C600&ssl=1 3x, https:\/\/i0.wp.com\/kohenavocats.com\/wp-content\/uploads\/2024\/11\/mohamed-nohassi-AE9Z7hVNOPE-unsplash.webp?resize=1400%2C800&ssl=1 4x"},"classes":[]},{"id":656175,"url":"https:\/\/kohenavocats.com\/zh-hans\/tribunal-judiciaire-de-paris-le-9-octobre-2025-n23-01567\/","url_meta":{"origin":659665,"position":5},"title":"Tribunal judiciaire de Paris, le 9 octobre 2025, n\u00b023\/01567","author":"Kohen","date":"2026\u5e744\u670823\u65e5","format":false,"excerpt":"Le Tribunal judiciaire de Paris, statuant le 9 oct\u2026","rel":"","context":"\u5728\u201cJurisprudence\u201d\u4e2d","block_context":{"text":"Jurisprudence","link":"https:\/\/kohenavocats.com\/category\/jurisprudence\/"},"img":{"alt_text":"","src":"https:\/\/i0.wp.com\/kohenavocats.com\/wp-content\/uploads\/2024\/07\/valdemaras-d-7VPFyhB_j8Y-unsplash.webp?resize=350%2C200&ssl=1","width":350,"height":200,"srcset":"https:\/\/i0.wp.com\/kohenavocats.com\/wp-content\/uploads\/2024\/07\/valdemaras-d-7VPFyhB_j8Y-unsplash.webp?resize=350%2C200&ssl=1 1x, https:\/\/i0.wp.com\/kohenavocats.com\/wp-content\/uploads\/2024\/07\/valdemaras-d-7VPFyhB_j8Y-unsplash.webp?resize=525%2C300&ssl=1 1.5x, https:\/\/i0.wp.com\/kohenavocats.com\/wp-content\/uploads\/2024\/07\/valdemaras-d-7VPFyhB_j8Y-unsplash.webp?resize=700%2C400&ssl=1 2x, https:\/\/i0.wp.com\/kohenavocats.com\/wp-content\/uploads\/2024\/07\/valdemaras-d-7VPFyhB_j8Y-unsplash.webp?resize=1050%2C600&ssl=1 3x, https:\/\/i0.wp.com\/kohenavocats.com\/wp-content\/uploads\/2024\/07\/valdemaras-d-7VPFyhB_j8Y-unsplash.webp?resize=1400%2C800&ssl=1 4x"},"classes":[]}],"jetpack_sharing_enabled":true,"_links":{"self":[{"href":"https:\/\/kohenavocats.com\/zh-hans\/wp-json\/wp\/v2\/posts\/659665","targetHints":{"allow":["GET"]}}],"collection":[{"href":"https:\/\/kohenavocats.com\/zh-hans\/wp-json\/wp\/v2\/posts"}],"about":[{"href":"https:\/\/kohenavocats.com\/zh-hans\/wp-json\/wp\/v2\/types\/post"}],"author":[{"embeddable":true,"href":"https:\/\/kohenavocats.com\/zh-hans\/wp-json\/wp\/v2\/users\/232070755"}],"replies":[{"embeddable":true,"href":"https:\/\/kohenavocats.com\/zh-hans\/wp-json\/wp\/v2\/comments?post=659665"}],"version-history":[{"count":0,"href":"https:\/\/kohenavocats.com\/zh-hans\/wp-json\/wp\/v2\/posts\/659665\/revisions"}],"wp:featuredmedia":[{"embeddable":true,"href":"https:\/\/kohenavocats.com\/zh-hans\/wp-json\/wp\/v2\/media\/9609"}],"wp:attachment":[{"href":"https:\/\/kohenavocats.com\/zh-hans\/wp-json\/wp\/v2\/media?parent=659665"}],"wp:term":[{"taxonomy":"category","embeddable":true,"href":"https:\/\/kohenavocats.com\/zh-hans\/wp-json\/wp\/v2\/categories?post=659665"},{"taxonomy":"post_tag","embeddable":true,"href":"https:\/\/kohenavocats.com\/zh-hans\/wp-json\/wp\/v2\/tags?post=659665"}],"curies":[{"name":"wp","href":"https:\/\/api.w.org\/{rel}","templated":true}]}}