{"id":659759,"date":"2026-04-23T13:59:10","date_gmt":"2026-04-23T11:59:10","guid":{"rendered":"https:\/\/kohenavocats.com\/tribunal-judiciaire-de-troyes-le-26-septembre-2025-n24-00466\/"},"modified":"2026-04-23T13:59:10","modified_gmt":"2026-04-23T11:59:10","slug":"tribunal-judiciaire-de-troyes-le-26-septembre-2025-n24-00466","status":"publish","type":"post","link":"https:\/\/kohenavocats.com\/zh-hans\/tribunal-judiciaire-de-troyes-le-26-septembre-2025-n24-00466\/","title":{"rendered":"Tribunal judiciaire de Troyes, le 26 septembre 2025, n\u00b024\/00466"},"content":{"rendered":"<div class=\"article-content\">\n<p>Le tribunal judiciaire, statuant en r\u00e9f\u00e9r\u00e9 le 26 septembre 2025, examine une demande en constatation de r\u00e9siliation de bail pour impay\u00e9s. Le bailleur, une soci\u00e9t\u00e9 HLM, agit contre la locataire apr\u00e8s un commandement demeur\u00e9 infructueux. Le juge v\u00e9rifie la recevabilit\u00e9 de l&#8217;action puis se prononce sur le fond, accordant des d\u00e9lais de paiement assortis d&#8217;une suspension de la clause r\u00e9solutoire.<\/p>\n<p>La v\u00e9rification des conditions de recevabilit\u00e9 de l&#8217;action<\/p>\n<p>Le juge contr\u00f4le scrupuleusement le respect des formalit\u00e9s pr\u00e9alables impos\u00e9es par la loi. L&#8217;article 24 de la loi du 6 juillet 1989 impose une double condition pr\u00e9alable \u00e0 l&#8217;action en r\u00e9siliation. La notification de l&#8217;assignation au pr\u00e9fet doit intervenir au moins six semaines avant l&#8217;audience. En l&#8217;esp\u00e8ce, cette formalit\u00e9 a \u00e9t\u00e9 respect\u00e9e puisque &#8220;une copie de l\u2019assignation a \u00e9t\u00e9 notifi\u00e9e \u00e0 la pr\u00e9fecture [&#8230;] le 4 juin 2024, soit plus de six semaines avant l\u2019audience&#8221; (Motifs, I). Par ailleurs, pour les bailleurs personnes morales, une saisine pr\u00e9alable de la commission comp\u00e9tente est requise. Le bailleur justifie avoir saisi la caisse d&#8217;allocations familiales plus de deux mois avant l&#8217;assignation. Ce contr\u00f4le rigoureux assure la s\u00e9curit\u00e9 juridique et le respect du droit \u00e0 un proc\u00e8s \u00e9quitable.<\/p>\n<p>La port\u00e9e de ce contr\u00f4le est essentielle pour la proc\u00e9dure d&#8217;expulsion. Le non-respect de ces d\u00e9lais entra\u00eene l&#8217;irrecevabilit\u00e9 de la demande, prot\u00e9geant ainsi le locataire contre des actions pr\u00e9cipit\u00e9es. Cette jurisprudence rejoint une d\u00e9cision ant\u00e9rieure qui soulignait \u00e9galement l&#8217;importance du d\u00e9lai de six semaines pour la notification au pr\u00e9fet. &#8220;En l\u2019esp\u00e8ce, l\u2019assignation a \u00e9t\u00e9 d\u00e9nonc\u00e9e au pr\u00e9fet le 05\/11\/2024 soit plus de 6 semaines avant l\u2019audience du 01\/10\/2025&#8221; (Tribunal judiciaire de Blois, le 3 d\u00e9cembre 2025, n\u00b024\/03595). Le juge des r\u00e9f\u00e9r\u00e9s veille ainsi au strict encadrement des proc\u00e9dures pouvant mener \u00e0 une expulsion.<\/p>\n<p>L&#8217;am\u00e9nagement judiciaire des cons\u00e9quences de la r\u00e9siliation<\/p>\n<p>Le juge constate la r\u00e9gularit\u00e9 de la r\u00e9siliation tout en en suspendant les effets. L&#8217;acquisition de la clause r\u00e9solutoire est subordonn\u00e9e \u00e0 un commandement de payer demeur\u00e9 infructueux pendant deux mois. Le juge rel\u00e8ve que &#8220;ce commandement est demeur\u00e9 infructueux pendant plus de deux mois&#8221; (Motifs, II), ce qui permet de constater la r\u00e9siliation au 4 d\u00e9cembre 2023. Cette condition est interpr\u00e9t\u00e9e strictement, comme le confirme une autre jurisprudence qui exige que le commandement reste sans effet. &#8220;En l&#8217;esp\u00e8ce, il en ressort que le commandement est demeur\u00e9 infructueux pendant plus de deux mois dans la mesure o\u00f9 les r\u00e8glements enregistr\u00e9s dans ce d\u00e9lai n&#8217;ont pas apur\u00e9 les causes du commandement&#8221; (Tribunal judiciaire de Tours, le 27 juin 2025, n\u00b024\/05869). La r\u00e9siliation est donc juridiquement acquise.<\/p>\n<p>Le juge use ensuite de son pouvoir d&#8217;am\u00e9nagement pour concilier les int\u00e9r\u00eats en pr\u00e9sence. Sur le fondement de l&#8217;article 24 V de la loi de 1989, il accorde trente-six mensualit\u00e9s pour le r\u00e8glement de l&#8217;arri\u00e9r\u00e9. Il suspend simultan\u00e9ment les effets de la clause r\u00e9solutoire pendant l&#8217;ex\u00e9cution de ce plan. Cette suspension est conditionnelle et r\u00e9versible. Tout d\u00e9faut de paiement entra\u00eenera la reprise du plein effet de la r\u00e9siliation et l&#8217;exigibilit\u00e9 imm\u00e9diate du solde. Cette solution \u00e9quilibr\u00e9e permet au locataire de conserver son logement s&#8217;il respecte ses engagements, tout en garantissant au bailleur le recouvrement de sa cr\u00e9ance.<\/p>\n<p>La d\u00e9cision illustre la recherche d&#8217;un \u00e9quilibre entre protection du locataire et droits du bailleur. Le juge des r\u00e9f\u00e9r\u00e9s, saisi en urgence, statue sur la validit\u00e9 de la r\u00e9siliation tout en pouvant en diff\u00e9rer les effets pratiques. Cette ordonnance a une port\u00e9e p\u00e9dagogique en rappelant les conditions de recevabilit\u00e9 et les pouvoirs du juge. Elle confirme une jurisprudence soucieuse d&#8217;\u00e9viter les expulsions tant qu&#8217;une solution de paiement \u00e9chelonn\u00e9 est possible. La s\u00e9curit\u00e9 juridique des proc\u00e9dures et la protection du logement sont ainsi conjointement assur\u00e9es par le contr\u00f4le judiciaire.<\/p>\n<\/div>\n","protected":false},"excerpt":{"rendered":"<p>Le tribunal judiciaire, statuant en r\u00e9f\u00e9r\u00e9 le 26 septembre 2025, examine une demande en constatation de r\u00e9siliation de bail pour impay\u00e9s. Le bailleur, une so&#8230;<\/p>\n","protected":false},"author":232070755,"featured_media":9674,"comment_status":"open","ping_status":"open","sticky":false,"template":"","format":"standard","meta":{"_crdt_document":"","_jetpack_newsletter_access":"","_jetpack_dont_email_post_to_subs":false,"_jetpack_newsletter_tier_id":0,"_jetpack_memberships_contains_paywalled_content":false,"_jetpack_memberships_contains_paid_content":false,"footnotes":"","jetpack_post_was_ever_published":false},"categories":[7597],"tags":[],"class_list":["post-659759","post","type-post","status-publish","format-standard","has-post-thumbnail","hentry","category-jurisprudence"],"yoast_head":"<!-- This site is optimized with the Yoast SEO Premium plugin v27.4 (Yoast SEO v27.4) - https:\/\/yoast.com\/product\/yoast-seo-premium-wordpress\/ -->\n<title>Tribunal judiciaire de Troyes, le 26 septembre 2025, n\u00b024\/00466 - Ma\u00eetre Hassan Kohen, avocat en droit p\u00e9nal \u00e0 Paris<\/title>\n<meta name=\"description\" content=\"Le tribunal judiciaire, statuant en r\u00e9f\u00e9r\u00e9 le 26 septembre 2025, examine une demande en constatation de r\u00e9siliation de bail pour impay\u00e9s. Le bailleur, une so...\" \/>\n<meta name=\"robots\" content=\"index, follow, max-snippet:-1, max-image-preview:large, max-video-preview:-1\" \/>\n<link rel=\"canonical\" href=\"https:\/\/kohenavocats.com\/zh-hans\/tribunal-judiciaire-de-troyes-le-26-septembre-2025-n24-00466\/\" \/>\n<meta property=\"og:locale\" content=\"zh_CN\" \/>\n<meta property=\"og:type\" content=\"article\" \/>\n<meta property=\"og:title\" content=\"Tribunal judiciaire de Troyes, le 26 septembre 2025, n\u00b024\/00466\" \/>\n<meta property=\"og:description\" content=\"Le tribunal judiciaire, statuant en r\u00e9f\u00e9r\u00e9 le 26 septembre 2025, examine une demande en constatation de r\u00e9siliation de bail pour impay\u00e9s. Le bailleur, une so...\" \/>\n<meta property=\"og:url\" content=\"https:\/\/kohenavocats.com\/zh-hans\/tribunal-judiciaire-de-troyes-le-26-septembre-2025-n24-00466\/\" \/>\n<meta property=\"og:site_name\" content=\"Ma\u00eetre Hassan Kohen, avocat en droit p\u00e9nal \u00e0 Paris\" \/>\n<meta property=\"article:published_time\" content=\"2026-04-23T11:59:10+00:00\" \/>\n<meta property=\"og:image\" content=\"https:\/\/kohenavocats.com\/wp-content\/uploads\/2024\/11\/jerome-maas-qrCOmWOMdbk-unsplash.webp\" \/>\n\t<meta property=\"og:image:width\" content=\"3648\" \/>\n\t<meta property=\"og:image:height\" content=\"3648\" \/>\n\t<meta property=\"og:image:type\" content=\"image\/webp\" \/>\n<meta name=\"author\" content=\"Kohen\" \/>\n<meta name=\"twitter:card\" content=\"summary_large_image\" \/>\n<meta name=\"twitter:label1\" content=\"\u4f5c\u8005\" \/>\n\t<meta name=\"twitter:data1\" content=\"Kohen\" \/>\n\t<meta name=\"twitter:label2\" content=\"\u9884\u8ba1\u9605\u8bfb\u65f6\u95f4\" \/>\n\t<meta name=\"twitter:data2\" content=\"3 \u5206\" \/>\n<script type=\"application\/ld+json\" class=\"yoast-schema-graph\">{\"@context\":\"https:\\\/\\\/schema.org\",\"@graph\":[{\"@type\":\"Article\",\"@id\":\"https:\\\/\\\/kohenavocats.com\\\/zh-hans\\\/tribunal-judiciaire-de-troyes-le-26-septembre-2025-n24-00466\\\/#article\",\"isPartOf\":{\"@id\":\"https:\\\/\\\/kohenavocats.com\\\/zh-hans\\\/tribunal-judiciaire-de-troyes-le-26-septembre-2025-n24-00466\\\/\"},\"author\":{\"name\":\"Kohen\",\"@id\":\"https:\\\/\\\/kohenavocats.com\\\/zh-hans\\\/#\\\/schema\\\/person\\\/761c9ba54fa1ca84d405cef0831ff751\"},\"headline\":\"Tribunal judiciaire de Troyes, le 26 septembre 2025, n\u00b024\\\/00466\",\"datePublished\":\"2026-04-23T11:59:10+00:00\",\"mainEntityOfPage\":{\"@id\":\"https:\\\/\\\/kohenavocats.com\\\/zh-hans\\\/tribunal-judiciaire-de-troyes-le-26-septembre-2025-n24-00466\\\/\"},\"wordCount\":709,\"commentCount\":0,\"publisher\":{\"@id\":\"https:\\\/\\\/kohenavocats.com\\\/zh-hans\\\/#organization\"},\"image\":{\"@id\":\"https:\\\/\\\/kohenavocats.com\\\/zh-hans\\\/tribunal-judiciaire-de-troyes-le-26-septembre-2025-n24-00466\\\/#primaryimage\"},\"thumbnailUrl\":\"https:\\\/\\\/kohenavocats.com\\\/wp-content\\\/uploads\\\/2024\\\/11\\\/jerome-maas-qrCOmWOMdbk-unsplash.webp\",\"articleSection\":[\"Jurisprudence\"],\"inLanguage\":\"zh-Hans\",\"potentialAction\":[{\"@type\":\"CommentAction\",\"name\":\"Comment\",\"target\":[\"https:\\\/\\\/kohenavocats.com\\\/zh-hans\\\/tribunal-judiciaire-de-troyes-le-26-septembre-2025-n24-00466\\\/#respond\"]}],\"citation\":\"Tribunal judiciaire de Troyes, le 26 septembre 2025, n\u00b024\\\/00466\",\"about\":[{\"@type\":\"Thing\",\"name\":\"Jurisprudence\"}],\"dateModified\":\"2026-04-23T11:59:10+00:00\",\"speakable\":{\"@type\":\"SpeakableSpecification\",\"cssSelector\":[\".article-content > p:first-of-type\"]}},{\"@type\":\"WebPage\",\"@id\":\"https:\\\/\\\/kohenavocats.com\\\/zh-hans\\\/tribunal-judiciaire-de-troyes-le-26-septembre-2025-n24-00466\\\/\",\"url\":\"https:\\\/\\\/kohenavocats.com\\\/zh-hans\\\/tribunal-judiciaire-de-troyes-le-26-septembre-2025-n24-00466\\\/\",\"name\":\"Tribunal judiciaire de Troyes, le 26 septembre 2025, n\u00b024\\\/00466 - Ma\u00eetre Hassan Kohen, avocat en droit p\u00e9nal \u00e0 Paris\",\"isPartOf\":{\"@id\":\"https:\\\/\\\/kohenavocats.com\\\/zh-hans\\\/#website\"},\"primaryImageOfPage\":{\"@id\":\"https:\\\/\\\/kohenavocats.com\\\/zh-hans\\\/tribunal-judiciaire-de-troyes-le-26-septembre-2025-n24-00466\\\/#primaryimage\"},\"image\":{\"@id\":\"https:\\\/\\\/kohenavocats.com\\\/zh-hans\\\/tribunal-judiciaire-de-troyes-le-26-septembre-2025-n24-00466\\\/#primaryimage\"},\"thumbnailUrl\":\"https:\\\/\\\/kohenavocats.com\\\/wp-content\\\/uploads\\\/2024\\\/11\\\/jerome-maas-qrCOmWOMdbk-unsplash.webp\",\"datePublished\":\"2026-04-23T11:59:10+00:00\",\"description\":\"Le tribunal judiciaire, statuant en r\u00e9f\u00e9r\u00e9 le 26 septembre 2025, examine une demande en constatation de r\u00e9siliation de bail pour impay\u00e9s. Le bailleur, une so...\",\"breadcrumb\":{\"@id\":\"https:\\\/\\\/kohenavocats.com\\\/zh-hans\\\/tribunal-judiciaire-de-troyes-le-26-septembre-2025-n24-00466\\\/#breadcrumb\"},\"inLanguage\":\"zh-Hans\",\"potentialAction\":[{\"@type\":\"ReadAction\",\"target\":[\"https:\\\/\\\/kohenavocats.com\\\/zh-hans\\\/tribunal-judiciaire-de-troyes-le-26-septembre-2025-n24-00466\\\/\"]}]},{\"@type\":\"ImageObject\",\"inLanguage\":\"zh-Hans\",\"@id\":\"https:\\\/\\\/kohenavocats.com\\\/zh-hans\\\/tribunal-judiciaire-de-troyes-le-26-septembre-2025-n24-00466\\\/#primaryimage\",\"url\":\"https:\\\/\\\/kohenavocats.com\\\/wp-content\\\/uploads\\\/2024\\\/11\\\/jerome-maas-qrCOmWOMdbk-unsplash.webp\",\"contentUrl\":\"https:\\\/\\\/kohenavocats.com\\\/wp-content\\\/uploads\\\/2024\\\/11\\\/jerome-maas-qrCOmWOMdbk-unsplash.webp\",\"width\":3648,\"height\":3648},{\"@type\":\"BreadcrumbList\",\"@id\":\"https:\\\/\\\/kohenavocats.com\\\/zh-hans\\\/tribunal-judiciaire-de-troyes-le-26-septembre-2025-n24-00466\\\/#breadcrumb\",\"itemListElement\":[{\"@type\":\"ListItem\",\"position\":1,\"name\":\"Home\",\"item\":\"https:\\\/\\\/kohenavocats.com\\\/zh-hans\\\/\"},{\"@type\":\"ListItem\",\"position\":2,\"name\":\"Tribunal judiciaire de Troyes, le 26 septembre 2025, n\u00b024\\\/00466\"}]},{\"@type\":\"WebSite\",\"@id\":\"https:\\\/\\\/kohenavocats.com\\\/zh-hans\\\/#website\",\"url\":\"https:\\\/\\\/kohenavocats.com\\\/zh-hans\\\/\",\"name\":\"Kohen Avocats\",\"description\":\"Ma\u00eetre Hassan Kohen, avocat p\u00e9naliste \u00e0 Paris, intervient exclusivement en droit p\u00e9nal pour la d\u00e9fense des particuliers, notamment en mati\u00e8re d\u2019accusations de viol. Il assure un accompagnement rigoureux d\u00e8s la garde \u00e0 vue jusqu\u2019\u00e0 la Cour d\u2019assises, veillant au strict respect des garanties proc\u00e9durales.\",\"publisher\":{\"@id\":\"https:\\\/\\\/kohenavocats.com\\\/zh-hans\\\/#organization\"},\"potentialAction\":[{\"@type\":\"SearchAction\",\"target\":{\"@type\":\"EntryPoint\",\"urlTemplate\":\"https:\\\/\\\/kohenavocats.com\\\/zh-hans\\\/?s={search_term_string}\"},\"query-input\":{\"@type\":\"PropertyValueSpecification\",\"valueRequired\":true,\"valueName\":\"search_term_string\"}}],\"inLanguage\":\"zh-Hans\"},{\"@type\":\"Organization\",\"@id\":\"https:\\\/\\\/kohenavocats.com\\\/zh-hans\\\/#organization\",\"name\":\"Kohen Avocats\",\"url\":\"https:\\\/\\\/kohenavocats.com\\\/zh-hans\\\/\",\"logo\":{\"@type\":\"ImageObject\",\"inLanguage\":\"zh-Hans\",\"@id\":\"https:\\\/\\\/kohenavocats.com\\\/zh-hans\\\/#\\\/schema\\\/logo\\\/image\\\/\",\"url\":\"https:\\\/\\\/kohenavocats.com\\\/wp-content\\\/uploads\\\/2026\\\/01\\\/Logo-2-1.webp\",\"contentUrl\":\"https:\\\/\\\/kohenavocats.com\\\/wp-content\\\/uploads\\\/2026\\\/01\\\/Logo-2-1.webp\",\"width\":2114,\"height\":1253,\"caption\":\"Kohen Avocats\"},\"image\":{\"@id\":\"https:\\\/\\\/kohenavocats.com\\\/zh-hans\\\/#\\\/schema\\\/logo\\\/image\\\/\"}},{\"@type\":\"Person\",\"@id\":\"https:\\\/\\\/kohenavocats.com\\\/zh-hans\\\/#\\\/schema\\\/person\\\/761c9ba54fa1ca84d405cef0831ff751\",\"name\":\"Kohen\",\"image\":{\"@type\":\"ImageObject\",\"inLanguage\":\"zh-Hans\",\"@id\":\"https:\\\/\\\/secure.gravatar.com\\\/avatar\\\/1c5e76ef76bbbfdd2b4da984e2bf2fa4056fd51a27d25ce2c332047f1dfd6e00?s=96&d=identicon&r=g\",\"url\":\"https:\\\/\\\/secure.gravatar.com\\\/avatar\\\/1c5e76ef76bbbfdd2b4da984e2bf2fa4056fd51a27d25ce2c332047f1dfd6e00?s=96&d=identicon&r=g\",\"contentUrl\":\"https:\\\/\\\/secure.gravatar.com\\\/avatar\\\/1c5e76ef76bbbfdd2b4da984e2bf2fa4056fd51a27d25ce2c332047f1dfd6e00?s=96&d=identicon&r=g\",\"caption\":\"Kohen\"},\"sameAs\":[\"https:\\\/\\\/www.linkedin.com\\\/in\\\/hassan-kohen-448548192\\\/\",\"https:\\\/\\\/www.youtube.com\\\/@Kohen-Avocats\"],\"url\":\"https:\\\/\\\/kohenavocats.com\\\/zh-hans\\\/author\\\/kohenmlk\\\/\"}]}<\/script>\n<!-- \/ Yoast SEO Premium plugin. -->","yoast_head_json":{"title":"Tribunal judiciaire de Troyes, le 26 septembre 2025, n\u00b024\/00466 - Ma\u00eetre Hassan Kohen, avocat en droit p\u00e9nal \u00e0 Paris","description":"Le tribunal judiciaire, statuant en r\u00e9f\u00e9r\u00e9 le 26 septembre 2025, examine une demande en constatation de r\u00e9siliation de bail pour impay\u00e9s. Le bailleur, une so...","robots":{"index":"index","follow":"follow","max-snippet":"max-snippet:-1","max-image-preview":"max-image-preview:large","max-video-preview":"max-video-preview:-1"},"canonical":"https:\/\/kohenavocats.com\/zh-hans\/tribunal-judiciaire-de-troyes-le-26-septembre-2025-n24-00466\/","og_locale":"zh_CN","og_type":"article","og_title":"Tribunal judiciaire de Troyes, le 26 septembre 2025, n\u00b024\/00466","og_description":"Le tribunal judiciaire, statuant en r\u00e9f\u00e9r\u00e9 le 26 septembre 2025, examine une demande en constatation de r\u00e9siliation de bail pour impay\u00e9s. Le bailleur, une so...","og_url":"https:\/\/kohenavocats.com\/zh-hans\/tribunal-judiciaire-de-troyes-le-26-septembre-2025-n24-00466\/","og_site_name":"Ma\u00eetre Hassan Kohen, avocat en droit p\u00e9nal \u00e0 Paris","article_published_time":"2026-04-23T11:59:10+00:00","og_image":[{"width":3648,"height":3648,"url":"https:\/\/kohenavocats.com\/wp-content\/uploads\/2024\/11\/jerome-maas-qrCOmWOMdbk-unsplash.webp","type":"image\/webp"}],"author":"Kohen","twitter_card":"summary_large_image","twitter_misc":{"\u4f5c\u8005":"Kohen","\u9884\u8ba1\u9605\u8bfb\u65f6\u95f4":"3 \u5206"},"schema":{"@context":"https:\/\/schema.org","@graph":[{"@type":"Article","@id":"https:\/\/kohenavocats.com\/zh-hans\/tribunal-judiciaire-de-troyes-le-26-septembre-2025-n24-00466\/#article","isPartOf":{"@id":"https:\/\/kohenavocats.com\/zh-hans\/tribunal-judiciaire-de-troyes-le-26-septembre-2025-n24-00466\/"},"author":{"name":"Kohen","@id":"https:\/\/kohenavocats.com\/zh-hans\/#\/schema\/person\/761c9ba54fa1ca84d405cef0831ff751"},"headline":"Tribunal judiciaire de Troyes, le 26 septembre 2025, n\u00b024\/00466","datePublished":"2026-04-23T11:59:10+00:00","mainEntityOfPage":{"@id":"https:\/\/kohenavocats.com\/zh-hans\/tribunal-judiciaire-de-troyes-le-26-septembre-2025-n24-00466\/"},"wordCount":709,"commentCount":0,"publisher":{"@id":"https:\/\/kohenavocats.com\/zh-hans\/#organization"},"image":{"@id":"https:\/\/kohenavocats.com\/zh-hans\/tribunal-judiciaire-de-troyes-le-26-septembre-2025-n24-00466\/#primaryimage"},"thumbnailUrl":"https:\/\/kohenavocats.com\/wp-content\/uploads\/2024\/11\/jerome-maas-qrCOmWOMdbk-unsplash.webp","articleSection":["Jurisprudence"],"inLanguage":"zh-Hans","potentialAction":[{"@type":"CommentAction","name":"Comment","target":["https:\/\/kohenavocats.com\/zh-hans\/tribunal-judiciaire-de-troyes-le-26-septembre-2025-n24-00466\/#respond"]}],"citation":"Tribunal judiciaire de Troyes, le 26 septembre 2025, n\u00b024\/00466","about":[{"@type":"Thing","name":"Jurisprudence"}],"dateModified":"2026-04-23T11:59:10+00:00","speakable":{"@type":"SpeakableSpecification","cssSelector":[".article-content > p:first-of-type"]}},{"@type":"WebPage","@id":"https:\/\/kohenavocats.com\/zh-hans\/tribunal-judiciaire-de-troyes-le-26-septembre-2025-n24-00466\/","url":"https:\/\/kohenavocats.com\/zh-hans\/tribunal-judiciaire-de-troyes-le-26-septembre-2025-n24-00466\/","name":"Tribunal judiciaire de Troyes, le 26 septembre 2025, n\u00b024\/00466 - Ma\u00eetre Hassan Kohen, avocat en droit p\u00e9nal \u00e0 Paris","isPartOf":{"@id":"https:\/\/kohenavocats.com\/zh-hans\/#website"},"primaryImageOfPage":{"@id":"https:\/\/kohenavocats.com\/zh-hans\/tribunal-judiciaire-de-troyes-le-26-septembre-2025-n24-00466\/#primaryimage"},"image":{"@id":"https:\/\/kohenavocats.com\/zh-hans\/tribunal-judiciaire-de-troyes-le-26-septembre-2025-n24-00466\/#primaryimage"},"thumbnailUrl":"https:\/\/kohenavocats.com\/wp-content\/uploads\/2024\/11\/jerome-maas-qrCOmWOMdbk-unsplash.webp","datePublished":"2026-04-23T11:59:10+00:00","description":"Le tribunal judiciaire, statuant en r\u00e9f\u00e9r\u00e9 le 26 septembre 2025, examine une demande en constatation de r\u00e9siliation de bail pour impay\u00e9s. Le bailleur, une so...","breadcrumb":{"@id":"https:\/\/kohenavocats.com\/zh-hans\/tribunal-judiciaire-de-troyes-le-26-septembre-2025-n24-00466\/#breadcrumb"},"inLanguage":"zh-Hans","potentialAction":[{"@type":"ReadAction","target":["https:\/\/kohenavocats.com\/zh-hans\/tribunal-judiciaire-de-troyes-le-26-septembre-2025-n24-00466\/"]}]},{"@type":"ImageObject","inLanguage":"zh-Hans","@id":"https:\/\/kohenavocats.com\/zh-hans\/tribunal-judiciaire-de-troyes-le-26-septembre-2025-n24-00466\/#primaryimage","url":"https:\/\/kohenavocats.com\/wp-content\/uploads\/2024\/11\/jerome-maas-qrCOmWOMdbk-unsplash.webp","contentUrl":"https:\/\/kohenavocats.com\/wp-content\/uploads\/2024\/11\/jerome-maas-qrCOmWOMdbk-unsplash.webp","width":3648,"height":3648},{"@type":"BreadcrumbList","@id":"https:\/\/kohenavocats.com\/zh-hans\/tribunal-judiciaire-de-troyes-le-26-septembre-2025-n24-00466\/#breadcrumb","itemListElement":[{"@type":"ListItem","position":1,"name":"Home","item":"https:\/\/kohenavocats.com\/zh-hans\/"},{"@type":"ListItem","position":2,"name":"Tribunal judiciaire de Troyes, le 26 septembre 2025, n\u00b024\/00466"}]},{"@type":"WebSite","@id":"https:\/\/kohenavocats.com\/zh-hans\/#website","url":"https:\/\/kohenavocats.com\/zh-hans\/","name":"Kohen Avocats","description":"Ma\u00eetre Hassan Kohen, avocat p\u00e9naliste \u00e0 Paris, intervient exclusivement en droit p\u00e9nal pour la d\u00e9fense des particuliers, notamment en mati\u00e8re d\u2019accusations de viol. Il assure un accompagnement rigoureux d\u00e8s la garde \u00e0 vue jusqu\u2019\u00e0 la Cour d\u2019assises, veillant au strict respect des garanties proc\u00e9durales.","publisher":{"@id":"https:\/\/kohenavocats.com\/zh-hans\/#organization"},"potentialAction":[{"@type":"SearchAction","target":{"@type":"EntryPoint","urlTemplate":"https:\/\/kohenavocats.com\/zh-hans\/?s={search_term_string}"},"query-input":{"@type":"PropertyValueSpecification","valueRequired":true,"valueName":"search_term_string"}}],"inLanguage":"zh-Hans"},{"@type":"Organization","@id":"https:\/\/kohenavocats.com\/zh-hans\/#organization","name":"Kohen Avocats","url":"https:\/\/kohenavocats.com\/zh-hans\/","logo":{"@type":"ImageObject","inLanguage":"zh-Hans","@id":"https:\/\/kohenavocats.com\/zh-hans\/#\/schema\/logo\/image\/","url":"https:\/\/kohenavocats.com\/wp-content\/uploads\/2026\/01\/Logo-2-1.webp","contentUrl":"https:\/\/kohenavocats.com\/wp-content\/uploads\/2026\/01\/Logo-2-1.webp","width":2114,"height":1253,"caption":"Kohen Avocats"},"image":{"@id":"https:\/\/kohenavocats.com\/zh-hans\/#\/schema\/logo\/image\/"}},{"@type":"Person","@id":"https:\/\/kohenavocats.com\/zh-hans\/#\/schema\/person\/761c9ba54fa1ca84d405cef0831ff751","name":"Kohen","image":{"@type":"ImageObject","inLanguage":"zh-Hans","@id":"https:\/\/secure.gravatar.com\/avatar\/1c5e76ef76bbbfdd2b4da984e2bf2fa4056fd51a27d25ce2c332047f1dfd6e00?s=96&d=identicon&r=g","url":"https:\/\/secure.gravatar.com\/avatar\/1c5e76ef76bbbfdd2b4da984e2bf2fa4056fd51a27d25ce2c332047f1dfd6e00?s=96&d=identicon&r=g","contentUrl":"https:\/\/secure.gravatar.com\/avatar\/1c5e76ef76bbbfdd2b4da984e2bf2fa4056fd51a27d25ce2c332047f1dfd6e00?s=96&d=identicon&r=g","caption":"Kohen"},"sameAs":["https:\/\/www.linkedin.com\/in\/hassan-kohen-448548192\/","https:\/\/www.youtube.com\/@Kohen-Avocats"],"url":"https:\/\/kohenavocats.com\/zh-hans\/author\/kohenmlk\/"}]}},"jetpack_featured_media_url":"https:\/\/kohenavocats.com\/wp-content\/uploads\/2024\/11\/jerome-maas-qrCOmWOMdbk-unsplash.webp","jetpack_likes_enabled":false,"jetpack_shortlink":"https:\/\/wp.me\/peCrII-2LDh","jetpack-related-posts":[{"id":659784,"url":"https:\/\/kohenavocats.com\/zh-hans\/tribunal-judiciaire-de-troyes-le-26-septembre-2025-n24-00408\/","url_meta":{"origin":659759,"position":0},"title":"Tribunal judiciaire de Troyes, le 26 septembre 2025, n\u00b024\/00408","author":"Kohen","date":"2026\u5e744\u670823\u65e5","format":false,"excerpt":"Le tribunal judiciaire, statuant en r\u00e9f\u00e9r\u00e9 le 26 s\u2026","rel":"","context":"\u5728\u201cJurisprudence\u201d\u4e2d","block_context":{"text":"Jurisprudence","link":"https:\/\/kohenavocats.com\/category\/jurisprudence\/"},"img":{"alt_text":"","src":"https:\/\/i0.wp.com\/kohenavocats.com\/wp-content\/uploads\/2024\/08\/adam-wood-IDVIKdf8JYw-unsplash.webp?resize=350%2C200&ssl=1","width":350,"height":200,"srcset":"https:\/\/i0.wp.com\/kohenavocats.com\/wp-content\/uploads\/2024\/08\/adam-wood-IDVIKdf8JYw-unsplash.webp?resize=350%2C200&ssl=1 1x, https:\/\/i0.wp.com\/kohenavocats.com\/wp-content\/uploads\/2024\/08\/adam-wood-IDVIKdf8JYw-unsplash.webp?resize=525%2C300&ssl=1 1.5x, https:\/\/i0.wp.com\/kohenavocats.com\/wp-content\/uploads\/2024\/08\/adam-wood-IDVIKdf8JYw-unsplash.webp?resize=700%2C400&ssl=1 2x, https:\/\/i0.wp.com\/kohenavocats.com\/wp-content\/uploads\/2024\/08\/adam-wood-IDVIKdf8JYw-unsplash.webp?resize=1050%2C600&ssl=1 3x, https:\/\/i0.wp.com\/kohenavocats.com\/wp-content\/uploads\/2024\/08\/adam-wood-IDVIKdf8JYw-unsplash.webp?resize=1400%2C800&ssl=1 4x"},"classes":[]},{"id":659418,"url":"https:\/\/kohenavocats.com\/zh-hans\/tribunal-judiciaire-de-troyes-le-26-septembre-2025-n24-00122\/","url_meta":{"origin":659759,"position":1},"title":"Tribunal judiciaire de Troyes, le 26 septembre 2025, n\u00b024\/00122","author":"Kohen","date":"2026\u5e744\u670823\u65e5","format":false,"excerpt":"Le tribunal judiciaire, statuant en r\u00e9f\u00e9r\u00e9 le 26 s\u2026","rel":"","context":"\u5728\u201cJurisprudence\u201d\u4e2d","block_context":{"text":"Jurisprudence","link":"https:\/\/kohenavocats.com\/category\/jurisprudence\/"},"img":{"alt_text":"","src":"https:\/\/i0.wp.com\/kohenavocats.com\/wp-content\/uploads\/2024\/11\/virginia-marinova-35wSdu41mac-unsplash.webp?resize=350%2C200&ssl=1","width":350,"height":200,"srcset":"https:\/\/i0.wp.com\/kohenavocats.com\/wp-content\/uploads\/2024\/11\/virginia-marinova-35wSdu41mac-unsplash.webp?resize=350%2C200&ssl=1 1x, https:\/\/i0.wp.com\/kohenavocats.com\/wp-content\/uploads\/2024\/11\/virginia-marinova-35wSdu41mac-unsplash.webp?resize=525%2C300&ssl=1 1.5x, https:\/\/i0.wp.com\/kohenavocats.com\/wp-content\/uploads\/2024\/11\/virginia-marinova-35wSdu41mac-unsplash.webp?resize=700%2C400&ssl=1 2x, https:\/\/i0.wp.com\/kohenavocats.com\/wp-content\/uploads\/2024\/11\/virginia-marinova-35wSdu41mac-unsplash.webp?resize=1050%2C600&ssl=1 3x, https:\/\/i0.wp.com\/kohenavocats.com\/wp-content\/uploads\/2024\/11\/virginia-marinova-35wSdu41mac-unsplash.webp?resize=1400%2C800&ssl=1 4x"},"classes":[]},{"id":659284,"url":"https:\/\/kohenavocats.com\/zh-hans\/tribunal-judiciaire-de-bethune-le-26-septembre-2025-n24-00701\/","url_meta":{"origin":659759,"position":2},"title":"Tribunal judiciaire de B\u00e9thune, le 26 septembre 2025, n\u00b024\/00701","author":"Kohen","date":"2026\u5e744\u670823\u65e5","format":false,"excerpt":"Le tribunal judiciaire de B\u00e9thune, statuant en mat\u2026","rel":"","context":"\u5728\u201cJurisprudence\u201d\u4e2d","block_context":{"text":"Jurisprudence","link":"https:\/\/kohenavocats.com\/category\/jurisprudence\/"},"img":{"alt_text":"","src":"https:\/\/i0.wp.com\/kohenavocats.com\/wp-content\/uploads\/2024\/08\/mana5280-BxTlFRk-FPg-unsplash.webp?resize=350%2C200&ssl=1","width":350,"height":200,"srcset":"https:\/\/i0.wp.com\/kohenavocats.com\/wp-content\/uploads\/2024\/08\/mana5280-BxTlFRk-FPg-unsplash.webp?resize=350%2C200&ssl=1 1x, https:\/\/i0.wp.com\/kohenavocats.com\/wp-content\/uploads\/2024\/08\/mana5280-BxTlFRk-FPg-unsplash.webp?resize=525%2C300&ssl=1 1.5x, https:\/\/i0.wp.com\/kohenavocats.com\/wp-content\/uploads\/2024\/08\/mana5280-BxTlFRk-FPg-unsplash.webp?resize=700%2C400&ssl=1 2x, https:\/\/i0.wp.com\/kohenavocats.com\/wp-content\/uploads\/2024\/08\/mana5280-BxTlFRk-FPg-unsplash.webp?resize=1050%2C600&ssl=1 3x, https:\/\/i0.wp.com\/kohenavocats.com\/wp-content\/uploads\/2024\/08\/mana5280-BxTlFRk-FPg-unsplash.webp?resize=1400%2C800&ssl=1 4x"},"classes":[]},{"id":659230,"url":"https:\/\/kohenavocats.com\/zh-hans\/tribunal-judiciaire-de-bethune-le-26-septembre-2025-n25-00075\/","url_meta":{"origin":659759,"position":3},"title":"Tribunal judiciaire de B\u00e9thune, le 26 septembre 2025, n\u00b025\/00075","author":"Kohen","date":"2026\u5e744\u670823\u65e5","format":false,"excerpt":"Le tribunal judiciaire de B\u00e9thune, statuant en mat\u2026","rel":"","context":"\u5728\u201cJurisprudence\u201d\u4e2d","block_context":{"text":"Jurisprudence","link":"https:\/\/kohenavocats.com\/category\/jurisprudence\/"},"img":{"alt_text":"","src":"https:\/\/i0.wp.com\/kohenavocats.com\/wp-content\/uploads\/2024\/08\/diane-picchiottino-q9uT-7aQPtE-unsplash.webp?resize=350%2C200&ssl=1","width":350,"height":200,"srcset":"https:\/\/i0.wp.com\/kohenavocats.com\/wp-content\/uploads\/2024\/08\/diane-picchiottino-q9uT-7aQPtE-unsplash.webp?resize=350%2C200&ssl=1 1x, https:\/\/i0.wp.com\/kohenavocats.com\/wp-content\/uploads\/2024\/08\/diane-picchiottino-q9uT-7aQPtE-unsplash.webp?resize=525%2C300&ssl=1 1.5x, https:\/\/i0.wp.com\/kohenavocats.com\/wp-content\/uploads\/2024\/08\/diane-picchiottino-q9uT-7aQPtE-unsplash.webp?resize=700%2C400&ssl=1 2x, https:\/\/i0.wp.com\/kohenavocats.com\/wp-content\/uploads\/2024\/08\/diane-picchiottino-q9uT-7aQPtE-unsplash.webp?resize=1050%2C600&ssl=1 3x, https:\/\/i0.wp.com\/kohenavocats.com\/wp-content\/uploads\/2024\/08\/diane-picchiottino-q9uT-7aQPtE-unsplash.webp?resize=1400%2C800&ssl=1 4x"},"classes":[]},{"id":660007,"url":"https:\/\/kohenavocats.com\/zh-hans\/tribunal-judiciaire-de-tours-le-26-septembre-2025-n24-05114\/","url_meta":{"origin":659759,"position":4},"title":"Tribunal judiciaire de Tours, le 26 septembre 2025, n\u00b024\/05114","author":"Kohen","date":"2026\u5e744\u670823\u65e5","format":false,"excerpt":"Le Tribunal judiciaire de Tours, statuant en mati\u00e8\u2026","rel":"","context":"\u5728\u201cJurisprudence\u201d\u4e2d","block_context":{"text":"Jurisprudence","link":"https:\/\/kohenavocats.com\/category\/jurisprudence\/"},"img":{"alt_text":"","src":"https:\/\/i0.wp.com\/kohenavocats.com\/wp-content\/uploads\/2024\/08\/mathias-reding-Fv_rvhKNXN0-unsplash.webp?resize=350%2C200&ssl=1","width":350,"height":200,"srcset":"https:\/\/i0.wp.com\/kohenavocats.com\/wp-content\/uploads\/2024\/08\/mathias-reding-Fv_rvhKNXN0-unsplash.webp?resize=350%2C200&ssl=1 1x, https:\/\/i0.wp.com\/kohenavocats.com\/wp-content\/uploads\/2024\/08\/mathias-reding-Fv_rvhKNXN0-unsplash.webp?resize=525%2C300&ssl=1 1.5x, https:\/\/i0.wp.com\/kohenavocats.com\/wp-content\/uploads\/2024\/08\/mathias-reding-Fv_rvhKNXN0-unsplash.webp?resize=700%2C400&ssl=1 2x, https:\/\/i0.wp.com\/kohenavocats.com\/wp-content\/uploads\/2024\/08\/mathias-reding-Fv_rvhKNXN0-unsplash.webp?resize=1050%2C600&ssl=1 3x, https:\/\/i0.wp.com\/kohenavocats.com\/wp-content\/uploads\/2024\/08\/mathias-reding-Fv_rvhKNXN0-unsplash.webp?resize=1400%2C800&ssl=1 4x"},"classes":[]},{"id":660064,"url":"https:\/\/kohenavocats.com\/zh-hans\/tribunal-judiciaire-de-troyes-le-26-septembre-2025-n24-00862\/","url_meta":{"origin":659759,"position":5},"title":"Tribunal judiciaire de Troyes, le 26 septembre 2025, n\u00b024\/00862","author":"Kohen","date":"2026\u5e744\u670823\u65e5","format":false,"excerpt":"Le tribunal judiciaire, statuant en r\u00e9f\u00e9r\u00e9 le 26 s\u2026","rel":"","context":"\u5728\u201cJurisprudence\u201d\u4e2d","block_context":{"text":"Jurisprudence","link":"https:\/\/kohenavocats.com\/category\/jurisprudence\/"},"img":{"alt_text":"","src":"https:\/\/i0.wp.com\/kohenavocats.com\/wp-content\/uploads\/2024\/11\/alexander-mils-LH6ZMdmq_9Y-unsplash.webp?resize=350%2C200&ssl=1","width":350,"height":200,"srcset":"https:\/\/i0.wp.com\/kohenavocats.com\/wp-content\/uploads\/2024\/11\/alexander-mils-LH6ZMdmq_9Y-unsplash.webp?resize=350%2C200&ssl=1 1x, https:\/\/i0.wp.com\/kohenavocats.com\/wp-content\/uploads\/2024\/11\/alexander-mils-LH6ZMdmq_9Y-unsplash.webp?resize=525%2C300&ssl=1 1.5x, https:\/\/i0.wp.com\/kohenavocats.com\/wp-content\/uploads\/2024\/11\/alexander-mils-LH6ZMdmq_9Y-unsplash.webp?resize=700%2C400&ssl=1 2x, https:\/\/i0.wp.com\/kohenavocats.com\/wp-content\/uploads\/2024\/11\/alexander-mils-LH6ZMdmq_9Y-unsplash.webp?resize=1050%2C600&ssl=1 3x, https:\/\/i0.wp.com\/kohenavocats.com\/wp-content\/uploads\/2024\/11\/alexander-mils-LH6ZMdmq_9Y-unsplash.webp?resize=1400%2C800&ssl=1 4x"},"classes":[]}],"jetpack_sharing_enabled":true,"_links":{"self":[{"href":"https:\/\/kohenavocats.com\/zh-hans\/wp-json\/wp\/v2\/posts\/659759","targetHints":{"allow":["GET"]}}],"collection":[{"href":"https:\/\/kohenavocats.com\/zh-hans\/wp-json\/wp\/v2\/posts"}],"about":[{"href":"https:\/\/kohenavocats.com\/zh-hans\/wp-json\/wp\/v2\/types\/post"}],"author":[{"embeddable":true,"href":"https:\/\/kohenavocats.com\/zh-hans\/wp-json\/wp\/v2\/users\/232070755"}],"replies":[{"embeddable":true,"href":"https:\/\/kohenavocats.com\/zh-hans\/wp-json\/wp\/v2\/comments?post=659759"}],"version-history":[{"count":0,"href":"https:\/\/kohenavocats.com\/zh-hans\/wp-json\/wp\/v2\/posts\/659759\/revisions"}],"wp:featuredmedia":[{"embeddable":true,"href":"https:\/\/kohenavocats.com\/zh-hans\/wp-json\/wp\/v2\/media\/9674"}],"wp:attachment":[{"href":"https:\/\/kohenavocats.com\/zh-hans\/wp-json\/wp\/v2\/media?parent=659759"}],"wp:term":[{"taxonomy":"category","embeddable":true,"href":"https:\/\/kohenavocats.com\/zh-hans\/wp-json\/wp\/v2\/categories?post=659759"},{"taxonomy":"post_tag","embeddable":true,"href":"https:\/\/kohenavocats.com\/zh-hans\/wp-json\/wp\/v2\/tags?post=659759"}],"curies":[{"name":"wp","href":"https:\/\/api.w.org\/{rel}","templated":true}]}}