{"id":659840,"date":"2026-04-23T14:11:46","date_gmt":"2026-04-23T12:11:46","guid":{"rendered":"https:\/\/kohenavocats.com\/tribunal-judiciaire-de-grenoble-le-9-decembre-2025-n23-01270\/"},"modified":"2026-04-23T14:11:46","modified_gmt":"2026-04-23T12:11:46","slug":"tribunal-judiciaire-de-grenoble-le-9-decembre-2025-n23-01270","status":"publish","type":"post","link":"https:\/\/kohenavocats.com\/zh-hans\/tribunal-judiciaire-de-grenoble-le-9-decembre-2025-n23-01270\/","title":{"rendered":"Tribunal judiciaire de Grenoble, le 9 d\u00e9cembre 2025, n\u00b023\/01270"},"content":{"rendered":"<div class=\"article-content\">\n<p>Le tribunal judiciaire de Grenoble, statuant en mati\u00e8re sociale le 9 d\u00e9cembre 2025, a examin\u00e9 un litige relatif \u00e0 une demande d&#8217;exon\u00e9ration du ticket mod\u00e9rateur. Un assur\u00e9, atteint d&#8217;une dysplasie de la hanche non inscrite sur la liste r\u00e9glementaire, sollicitait cette exon\u00e9ration au titre d&#8217;une affection longue dur\u00e9e hors liste. La caisse primaire d&#8217;assurance maladie avait rejet\u00e9 sa demande, estimant que les conditions l\u00e9gales n&#8217;\u00e9taient pas r\u00e9unies. Le juge devait donc d\u00e9terminer si l&#8217;affection de l&#8217;assur\u00e9 ouvrait bien droit \u00e0 cette prise en charge sp\u00e9cifique. Le tribunal a fait droit \u00e0 la demande de l&#8217;assur\u00e9 en accordant l&#8217;exon\u00e9ration pour une dur\u00e9e de vingt ans.<\/p>\n<p>La v\u00e9rification rigoureuse des conditions l\u00e9gales de l&#8217;ALD hors liste<\/p>\n<p>Le cadre juridique de l&#8217;exon\u00e9ration est strictement d\u00e9fini par le code de la s\u00e9curit\u00e9 sociale. L&#8217;article L.160-14 pr\u00e9voit que la suppression du ticket mod\u00e9rateur pour une affection hors liste est subordonn\u00e9e \u00e0 deux conditions cumulatives. Il faut une &#8220;affection grave caract\u00e9ris\u00e9e&#8221; ou plusieurs affections entra\u00eenant &#8220;un \u00e9tat pathologique invalidant&#8221;. Cette affection doit en outre n\u00e9cessiter &#8220;un traitement prolong\u00e9 et une th\u00e9rapeutique particuli\u00e8rement co\u00fbteuse&#8221; (article L.160-14 du code de la s\u00e9curit\u00e9 sociale). Le d\u00e9cret du 22 d\u00e9cembre 2008 pr\u00e9cise ces notions en exigeant un traitement sup\u00e9rieur \u00e0 six mois et un co\u00fbt particuli\u00e8rement \u00e9lev\u00e9. La jurisprudence rappelle que &#8220;l&#8217;exon\u00e9ration du ticket mod\u00e9rateur doit \u00eatre accord\u00e9e au malade reconnu atteint d&#8217;une affection qui, bien que non inscrite sur la liste [&#8230;] comporte un traitement prolong\u00e9 et une th\u00e9rapeutique particuli\u00e8rement co\u00fbteuse&#8221; (Soc. 23 janv. 1992, n\u00b089-19.034). Le juge proc\u00e8de donc \u00e0 un examen concret de chaque crit\u00e8re au regard des \u00e9l\u00e9ments du dossier.<\/p>\n<p>L&#8217;appr\u00e9ciation souveraine du juge sur le caract\u00e8re co\u00fbteux de la th\u00e9rapeutique<\/p>\n<p>Le juge op\u00e8re une distinction nette entre les outils d&#8217;instruction et les crit\u00e8res contraignants. En l&#8217;esp\u00e8ce, le m\u00e9decin-conseil de la caisse avait appliqu\u00e9 un crit\u00e8re issu d&#8217;une circulaire administrative. Ce texte propose de retenir un &#8220;panier de soins pr\u00e9visible&#8221; consid\u00e9r\u00e9 comme co\u00fbteux s&#8217;il comporte trois \u00e9l\u00e9ments parmi cinq list\u00e9s. Le tribunal \u00e9carte l&#8217;application automatique de ce crit\u00e8re au motif qu&#8217;il &#8220;ne s\u2019impose pas au juge&#8221;. La circulaire est qualifi\u00e9e de &#8220;non imp\u00e9rative&#8221; et ayant pour simple objectif de &#8220;proposer un arbre d\u00e9cisionnel&#8221;. Le juge r\u00e9affirme ainsi son pouvoir souverain d&#8217;appr\u00e9ciation des preuves. Il n&#8217;est pas li\u00e9 par les grilles d&#8217;analyse internes de l&#8217;administration, m\u00eame lorsqu&#8217;elles \u00e9manent du contr\u00f4le m\u00e9dical. Cette analyse permet de pr\u00e9server l&#8217;\u00e9quit\u00e9 au cas par cas face \u00e0 une approche potentiellement trop rigide.<\/p>\n<p>La concr\u00e9tisation des conditions l\u00e9gales par une approche globale des soins<\/p>\n<p>Le tribunal proc\u00e8de \u00e0 une \u00e9valuation in concreto de la situation m\u00e9dicale et financi\u00e8re de l&#8217;assur\u00e9. Il constate d&#8217;abord que la premi\u00e8re condition est remplie, l&#8217;affection entra\u00eenant un &#8220;\u00e9tat pathologique invalidant&#8221; reconnu par le m\u00e9decin-conseil. S&#8217;agissant du traitement prolong\u00e9, sa dur\u00e9e pr\u00e9visible sup\u00e9rieure \u00e0 six mois est \u00e9galement admise. Pour appr\u00e9cier le caract\u00e8re &#8220;particuli\u00e8rement co\u00fbteux&#8221;, le juge dresse un inventaire des th\u00e9rapeutiques n\u00e9cessaires. L&#8217;assur\u00e9 doit suivre un traitement m\u00e9dicamenteux r\u00e9gulier, porter des chaussures et semelles orthop\u00e9diques, et b\u00e9n\u00e9ficier de kin\u00e9sith\u00e9rapie. Il se fonde notamment sur l&#8217;avis du m\u00e9decin-consultant d\u00e9sign\u00e9 par le tribunal, qui a estim\u00e9 que les conditions \u00e9taient remplies. L&#8217;attention se porte particuli\u00e8rement sur le co\u00fbt des chaussures orthop\u00e9diques sur mesure, \u00e9valu\u00e9 entre cinq cents et six cents euros la paire. Cette approche globale et concr\u00e8te permet de satisfaire aux exigences l\u00e9gales sans se cantonner \u00e0 un d\u00e9compte arithm\u00e9tique d&#8217;actes.<\/p>\n<p>La port\u00e9e de cette d\u00e9cision est significative en mati\u00e8re de droit social et de proc\u00e9dure. Elle rappelle avec force l&#8217;autonomie du pouvoir judiciaire face aux instructions administratives. Les circulaires, m\u00eame \u00e9manant de l&#8217;assurance maladie, ne lient pas le juge dans son appr\u00e9ciation des conditions l\u00e9gales. Cette position garantit une adaptation du droit aux situations individuelles complexes. La d\u00e9cision op\u00e8re \u00e9galement une interpr\u00e9tation extensive mais justifi\u00e9e de la notion de th\u00e9rapeutique co\u00fbteuse. Elle consid\u00e8re que des d\u00e9penses importantes et r\u00e9p\u00e9t\u00e9es pour un \u00e9quipement essentiel, comme des chaussures orthop\u00e9diques, peuvent caract\u00e9riser \u00e0 elles seules le co\u00fbt particulier. Enfin, le jugement illustre le r\u00f4le probatoire d\u00e9cisif de l&#8217;expertise m\u00e9dicale judiciaire. L&#8217;avis du m\u00e9decin-consultant, sollicit\u00e9 par le tribunal, a pes\u00e9 de mani\u00e8re d\u00e9terminante dans la solution retenue, confirmant la valeur de ce moyen d&#8217;instruction dans les litiges techniques de prise en charge.<\/p>\n<\/div>\n","protected":false},"excerpt":{"rendered":"<p>Le tribunal judiciaire de Grenoble, statuant en mati\u00e8re sociale le 9 d\u00e9cembre 2025, a examin\u00e9 un litige relatif \u00e0 une demande d&#8217;exon\u00e9ration du ticket mod\u00e9rat&#8230;<\/p>\n","protected":false},"author":232070755,"featured_media":3892,"comment_status":"open","ping_status":"open","sticky":false,"template":"","format":"standard","meta":{"_crdt_document":"","_jetpack_newsletter_access":"","_jetpack_dont_email_post_to_subs":false,"_jetpack_newsletter_tier_id":0,"_jetpack_memberships_contains_paywalled_content":false,"_kj_source_type":"judilibre","_kj_official_id":"68ed6b370da7cb996dcb5e0f","_kj_official_url":"https:\/\/www.courdecassation.fr\/decision\/68ed6b370da7cb996dcb5e0f","_kj_judilibre_id":"68ed6b370da7cb996dcb5e0f","_kj_jur":"Tribunal judiciaire","_kj_lieu":"Tribunal judiciaire de Grenoble","_kj_chambre":"3.1 chb sociale du TASS","_kj_rg":"23\/01270","_kj_date":"2025-09-26","_jetpack_memberships_contains_paid_content":false,"footnotes":"","jetpack_post_was_ever_published":false},"categories":[7597],"tags":[],"class_list":["post-659840","post","type-post","status-publish","format-standard","has-post-thumbnail","hentry","category-jurisprudence"],"yoast_head":"<!-- This site is optimized with the Yoast SEO Premium plugin v27.5 (Yoast SEO v27.5) - https:\/\/yoast.com\/product\/yoast-seo-premium-wordpress\/ -->\n<title>Tribunal judiciaire de Grenoble, le 9 d\u00e9cembre 2025, n\u00b023\/01270 - Ma\u00eetre Hassan Kohen, avocat en droit p\u00e9nal \u00e0 Paris<\/title>\n<meta name=\"description\" content=\"Le tribunal judiciaire de Grenoble, statuant en mati\u00e8re sociale le 9 d\u00e9cembre 2025, a examin\u00e9 un litige relatif \u00e0 une demande d&#039;exon\u00e9ration du ticket mod\u00e9rat...\" \/>\n<meta name=\"robots\" content=\"index, follow, max-snippet:-1, max-image-preview:large, max-video-preview:-1\" \/>\n<link rel=\"canonical\" href=\"https:\/\/kohenavocats.com\/zh-hans\/tribunal-judiciaire-de-grenoble-le-9-decembre-2025-n23-01270\/\" \/>\n<meta property=\"og:locale\" content=\"zh_CN\" \/>\n<meta property=\"og:type\" content=\"article\" \/>\n<meta property=\"og:title\" content=\"Tribunal judiciaire de Grenoble, le 9 d\u00e9cembre 2025, n\u00b023\/01270\" \/>\n<meta property=\"og:description\" content=\"Le tribunal judiciaire de Grenoble, statuant en mati\u00e8re sociale le 9 d\u00e9cembre 2025, a examin\u00e9 un litige relatif \u00e0 une demande d&#039;exon\u00e9ration du ticket mod\u00e9rat...\" \/>\n<meta property=\"og:url\" content=\"https:\/\/kohenavocats.com\/zh-hans\/tribunal-judiciaire-de-grenoble-le-9-decembre-2025-n23-01270\/\" \/>\n<meta property=\"og:site_name\" content=\"Ma\u00eetre Hassan Kohen, avocat en droit p\u00e9nal \u00e0 Paris\" \/>\n<meta property=\"article:published_time\" content=\"2026-04-23T12:11:46+00:00\" \/>\n<meta property=\"og:image\" content=\"https:\/\/kohenavocats.com\/wp-content\/uploads\/2024\/07\/chris-brignola-X2CxUXFqKcM-unsplash.webp\" \/>\n\t<meta property=\"og:image:width\" content=\"5107\" \/>\n\t<meta property=\"og:image:height\" content=\"3404\" \/>\n\t<meta property=\"og:image:type\" content=\"image\/webp\" \/>\n<meta name=\"author\" content=\"Kohen\" \/>\n<meta name=\"twitter:card\" content=\"summary_large_image\" \/>\n<meta name=\"twitter:label1\" content=\"\u4f5c\u8005\" \/>\n\t<meta name=\"twitter:data1\" content=\"Kohen\" \/>\n\t<meta name=\"twitter:label2\" content=\"\u9884\u8ba1\u9605\u8bfb\u65f6\u95f4\" \/>\n\t<meta name=\"twitter:data2\" content=\"4 \u5206\" \/>\n<script type=\"application\/ld+json\" class=\"yoast-schema-graph\">{\"@context\":\"https:\\\/\\\/schema.org\",\"@graph\":[{\"@type\":\"Article\",\"@id\":\"https:\\\/\\\/kohenavocats.com\\\/zh-hans\\\/tribunal-judiciaire-de-grenoble-le-9-decembre-2025-n23-01270\\\/#article\",\"isPartOf\":{\"@id\":\"https:\\\/\\\/kohenavocats.com\\\/zh-hans\\\/tribunal-judiciaire-de-grenoble-le-9-decembre-2025-n23-01270\\\/\"},\"author\":{\"name\":\"Kohen\",\"@id\":\"https:\\\/\\\/kohenavocats.com\\\/zh-hans\\\/#\\\/schema\\\/person\\\/761c9ba54fa1ca84d405cef0831ff751\"},\"headline\":\"Tribunal judiciaire de Grenoble, le 9 d\u00e9cembre 2025, n\u00b023\\\/01270\",\"datePublished\":\"2026-04-23T12:11:46+00:00\",\"mainEntityOfPage\":{\"@id\":\"https:\\\/\\\/kohenavocats.com\\\/zh-hans\\\/tribunal-judiciaire-de-grenoble-le-9-decembre-2025-n23-01270\\\/\"},\"wordCount\":853,\"commentCount\":0,\"publisher\":{\"@id\":\"https:\\\/\\\/kohenavocats.com\\\/zh-hans\\\/#organization\"},\"image\":{\"@id\":\"https:\\\/\\\/kohenavocats.com\\\/zh-hans\\\/tribunal-judiciaire-de-grenoble-le-9-decembre-2025-n23-01270\\\/#primaryimage\"},\"thumbnailUrl\":\"https:\\\/\\\/kohenavocats.com\\\/wp-content\\\/uploads\\\/2024\\\/07\\\/chris-brignola-X2CxUXFqKcM-unsplash.webp\",\"articleSection\":[\"Jurisprudence\"],\"inLanguage\":\"zh-Hans\",\"potentialAction\":[{\"@type\":\"CommentAction\",\"name\":\"Comment\",\"target\":[\"https:\\\/\\\/kohenavocats.com\\\/zh-hans\\\/tribunal-judiciaire-de-grenoble-le-9-decembre-2025-n23-01270\\\/#respond\"]}],\"citation\":\"Tribunal judiciaire de Grenoble, le 9 d\u00e9cembre 2025, n\u00b023\\\/01270\",\"about\":[{\"@type\":\"Thing\",\"name\":\"Jurisprudence\"}],\"dateModified\":\"2026-04-23T12:11:46+00:00\",\"speakable\":{\"@type\":\"SpeakableSpecification\",\"cssSelector\":[\".article-content > p:first-of-type\"]}},{\"@type\":\"WebPage\",\"@id\":\"https:\\\/\\\/kohenavocats.com\\\/zh-hans\\\/tribunal-judiciaire-de-grenoble-le-9-decembre-2025-n23-01270\\\/\",\"url\":\"https:\\\/\\\/kohenavocats.com\\\/zh-hans\\\/tribunal-judiciaire-de-grenoble-le-9-decembre-2025-n23-01270\\\/\",\"name\":\"Tribunal judiciaire de Grenoble, le 9 d\u00e9cembre 2025, n\u00b023\\\/01270 - Ma\u00eetre Hassan Kohen, avocat en droit p\u00e9nal \u00e0 Paris\",\"isPartOf\":{\"@id\":\"https:\\\/\\\/kohenavocats.com\\\/zh-hans\\\/#website\"},\"primaryImageOfPage\":{\"@id\":\"https:\\\/\\\/kohenavocats.com\\\/zh-hans\\\/tribunal-judiciaire-de-grenoble-le-9-decembre-2025-n23-01270\\\/#primaryimage\"},\"image\":{\"@id\":\"https:\\\/\\\/kohenavocats.com\\\/zh-hans\\\/tribunal-judiciaire-de-grenoble-le-9-decembre-2025-n23-01270\\\/#primaryimage\"},\"thumbnailUrl\":\"https:\\\/\\\/kohenavocats.com\\\/wp-content\\\/uploads\\\/2024\\\/07\\\/chris-brignola-X2CxUXFqKcM-unsplash.webp\",\"datePublished\":\"2026-04-23T12:11:46+00:00\",\"description\":\"Le tribunal judiciaire de Grenoble, statuant en mati\u00e8re sociale le 9 d\u00e9cembre 2025, a examin\u00e9 un litige relatif \u00e0 une demande d'exon\u00e9ration du ticket mod\u00e9rat...\",\"breadcrumb\":{\"@id\":\"https:\\\/\\\/kohenavocats.com\\\/zh-hans\\\/tribunal-judiciaire-de-grenoble-le-9-decembre-2025-n23-01270\\\/#breadcrumb\"},\"inLanguage\":\"zh-Hans\",\"potentialAction\":[{\"@type\":\"ReadAction\",\"target\":[\"https:\\\/\\\/kohenavocats.com\\\/zh-hans\\\/tribunal-judiciaire-de-grenoble-le-9-decembre-2025-n23-01270\\\/\"]}]},{\"@type\":\"ImageObject\",\"inLanguage\":\"zh-Hans\",\"@id\":\"https:\\\/\\\/kohenavocats.com\\\/zh-hans\\\/tribunal-judiciaire-de-grenoble-le-9-decembre-2025-n23-01270\\\/#primaryimage\",\"url\":\"https:\\\/\\\/kohenavocats.com\\\/wp-content\\\/uploads\\\/2024\\\/07\\\/chris-brignola-X2CxUXFqKcM-unsplash.webp\",\"contentUrl\":\"https:\\\/\\\/kohenavocats.com\\\/wp-content\\\/uploads\\\/2024\\\/07\\\/chris-brignola-X2CxUXFqKcM-unsplash.webp\",\"width\":5107,\"height\":3404},{\"@type\":\"BreadcrumbList\",\"@id\":\"https:\\\/\\\/kohenavocats.com\\\/zh-hans\\\/tribunal-judiciaire-de-grenoble-le-9-decembre-2025-n23-01270\\\/#breadcrumb\",\"itemListElement\":[{\"@type\":\"ListItem\",\"position\":1,\"name\":\"Home\",\"item\":\"https:\\\/\\\/kohenavocats.com\\\/zh-hans\\\/\"},{\"@type\":\"ListItem\",\"position\":2,\"name\":\"Tribunal judiciaire de Grenoble, le 9 d\u00e9cembre 2025, n\u00b023\\\/01270\"}]},{\"@type\":\"WebSite\",\"@id\":\"https:\\\/\\\/kohenavocats.com\\\/zh-hans\\\/#website\",\"url\":\"https:\\\/\\\/kohenavocats.com\\\/zh-hans\\\/\",\"name\":\"Kohen Avocats\",\"description\":\"Ma\u00eetre Hassan Kohen, avocat p\u00e9naliste \u00e0 Paris, intervient exclusivement en droit p\u00e9nal pour la d\u00e9fense des particuliers, notamment en mati\u00e8re d\u2019accusations de viol. Il assure un accompagnement rigoureux d\u00e8s la garde \u00e0 vue jusqu\u2019\u00e0 la Cour d\u2019assises, veillant au strict respect des garanties proc\u00e9durales.\",\"publisher\":{\"@id\":\"https:\\\/\\\/kohenavocats.com\\\/zh-hans\\\/#organization\"},\"potentialAction\":[{\"@type\":\"SearchAction\",\"target\":{\"@type\":\"EntryPoint\",\"urlTemplate\":\"https:\\\/\\\/kohenavocats.com\\\/zh-hans\\\/?s={search_term_string}\"},\"query-input\":{\"@type\":\"PropertyValueSpecification\",\"valueRequired\":true,\"valueName\":\"search_term_string\"}}],\"inLanguage\":\"zh-Hans\"},{\"@type\":\"Organization\",\"@id\":\"https:\\\/\\\/kohenavocats.com\\\/zh-hans\\\/#organization\",\"name\":\"Kohen Avocats\",\"url\":\"https:\\\/\\\/kohenavocats.com\\\/zh-hans\\\/\",\"logo\":{\"@type\":\"ImageObject\",\"inLanguage\":\"zh-Hans\",\"@id\":\"https:\\\/\\\/kohenavocats.com\\\/zh-hans\\\/#\\\/schema\\\/logo\\\/image\\\/\",\"url\":\"https:\\\/\\\/kohenavocats.com\\\/wp-content\\\/uploads\\\/2026\\\/01\\\/Logo-2-1.webp\",\"contentUrl\":\"https:\\\/\\\/kohenavocats.com\\\/wp-content\\\/uploads\\\/2026\\\/01\\\/Logo-2-1.webp\",\"width\":2114,\"height\":1253,\"caption\":\"Kohen Avocats\"},\"image\":{\"@id\":\"https:\\\/\\\/kohenavocats.com\\\/zh-hans\\\/#\\\/schema\\\/logo\\\/image\\\/\"}},{\"@type\":\"Person\",\"@id\":\"https:\\\/\\\/kohenavocats.com\\\/zh-hans\\\/#\\\/schema\\\/person\\\/761c9ba54fa1ca84d405cef0831ff751\",\"name\":\"Kohen\",\"image\":{\"@type\":\"ImageObject\",\"inLanguage\":\"zh-Hans\",\"@id\":\"https:\\\/\\\/secure.gravatar.com\\\/avatar\\\/1c5e76ef76bbbfdd2b4da984e2bf2fa4056fd51a27d25ce2c332047f1dfd6e00?s=96&d=identicon&r=g\",\"url\":\"https:\\\/\\\/secure.gravatar.com\\\/avatar\\\/1c5e76ef76bbbfdd2b4da984e2bf2fa4056fd51a27d25ce2c332047f1dfd6e00?s=96&d=identicon&r=g\",\"contentUrl\":\"https:\\\/\\\/secure.gravatar.com\\\/avatar\\\/1c5e76ef76bbbfdd2b4da984e2bf2fa4056fd51a27d25ce2c332047f1dfd6e00?s=96&d=identicon&r=g\",\"caption\":\"Kohen\"},\"sameAs\":[\"https:\\\/\\\/www.linkedin.com\\\/in\\\/hassan-kohen-448548192\\\/\",\"https:\\\/\\\/www.youtube.com\\\/@Kohen-Avocats\"],\"url\":\"https:\\\/\\\/kohenavocats.com\\\/zh-hans\\\/author\\\/kohenmlk\\\/\"}]}<\/script>\n<!-- \/ Yoast SEO Premium plugin. -->","yoast_head_json":{"title":"Tribunal judiciaire de Grenoble, le 9 d\u00e9cembre 2025, n\u00b023\/01270 - Ma\u00eetre Hassan Kohen, avocat en droit p\u00e9nal \u00e0 Paris","description":"Le tribunal judiciaire de Grenoble, statuant en mati\u00e8re sociale le 9 d\u00e9cembre 2025, a examin\u00e9 un litige relatif \u00e0 une demande d'exon\u00e9ration du ticket mod\u00e9rat...","robots":{"index":"index","follow":"follow","max-snippet":"max-snippet:-1","max-image-preview":"max-image-preview:large","max-video-preview":"max-video-preview:-1"},"canonical":"https:\/\/kohenavocats.com\/zh-hans\/tribunal-judiciaire-de-grenoble-le-9-decembre-2025-n23-01270\/","og_locale":"zh_CN","og_type":"article","og_title":"Tribunal judiciaire de Grenoble, le 9 d\u00e9cembre 2025, n\u00b023\/01270","og_description":"Le tribunal judiciaire de Grenoble, statuant en mati\u00e8re sociale le 9 d\u00e9cembre 2025, a examin\u00e9 un litige relatif \u00e0 une demande d'exon\u00e9ration du ticket mod\u00e9rat...","og_url":"https:\/\/kohenavocats.com\/zh-hans\/tribunal-judiciaire-de-grenoble-le-9-decembre-2025-n23-01270\/","og_site_name":"Ma\u00eetre Hassan Kohen, avocat en droit p\u00e9nal \u00e0 Paris","article_published_time":"2026-04-23T12:11:46+00:00","og_image":[{"width":5107,"height":3404,"url":"https:\/\/kohenavocats.com\/wp-content\/uploads\/2024\/07\/chris-brignola-X2CxUXFqKcM-unsplash.webp","type":"image\/webp"}],"author":"Kohen","twitter_card":"summary_large_image","twitter_misc":{"\u4f5c\u8005":"Kohen","\u9884\u8ba1\u9605\u8bfb\u65f6\u95f4":"4 \u5206"},"schema":{"@context":"https:\/\/schema.org","@graph":[{"@type":"Article","@id":"https:\/\/kohenavocats.com\/zh-hans\/tribunal-judiciaire-de-grenoble-le-9-decembre-2025-n23-01270\/#article","isPartOf":{"@id":"https:\/\/kohenavocats.com\/zh-hans\/tribunal-judiciaire-de-grenoble-le-9-decembre-2025-n23-01270\/"},"author":{"name":"Kohen","@id":"https:\/\/kohenavocats.com\/zh-hans\/#\/schema\/person\/761c9ba54fa1ca84d405cef0831ff751"},"headline":"Tribunal judiciaire de Grenoble, le 9 d\u00e9cembre 2025, n\u00b023\/01270","datePublished":"2026-04-23T12:11:46+00:00","mainEntityOfPage":{"@id":"https:\/\/kohenavocats.com\/zh-hans\/tribunal-judiciaire-de-grenoble-le-9-decembre-2025-n23-01270\/"},"wordCount":853,"commentCount":0,"publisher":{"@id":"https:\/\/kohenavocats.com\/zh-hans\/#organization"},"image":{"@id":"https:\/\/kohenavocats.com\/zh-hans\/tribunal-judiciaire-de-grenoble-le-9-decembre-2025-n23-01270\/#primaryimage"},"thumbnailUrl":"https:\/\/kohenavocats.com\/wp-content\/uploads\/2024\/07\/chris-brignola-X2CxUXFqKcM-unsplash.webp","articleSection":["Jurisprudence"],"inLanguage":"zh-Hans","potentialAction":[{"@type":"CommentAction","name":"Comment","target":["https:\/\/kohenavocats.com\/zh-hans\/tribunal-judiciaire-de-grenoble-le-9-decembre-2025-n23-01270\/#respond"]}],"citation":"Tribunal judiciaire de Grenoble, le 9 d\u00e9cembre 2025, n\u00b023\/01270","about":[{"@type":"Thing","name":"Jurisprudence"}],"dateModified":"2026-04-23T12:11:46+00:00","speakable":{"@type":"SpeakableSpecification","cssSelector":[".article-content > p:first-of-type"]}},{"@type":"WebPage","@id":"https:\/\/kohenavocats.com\/zh-hans\/tribunal-judiciaire-de-grenoble-le-9-decembre-2025-n23-01270\/","url":"https:\/\/kohenavocats.com\/zh-hans\/tribunal-judiciaire-de-grenoble-le-9-decembre-2025-n23-01270\/","name":"Tribunal judiciaire de Grenoble, le 9 d\u00e9cembre 2025, n\u00b023\/01270 - Ma\u00eetre Hassan Kohen, avocat en droit p\u00e9nal \u00e0 Paris","isPartOf":{"@id":"https:\/\/kohenavocats.com\/zh-hans\/#website"},"primaryImageOfPage":{"@id":"https:\/\/kohenavocats.com\/zh-hans\/tribunal-judiciaire-de-grenoble-le-9-decembre-2025-n23-01270\/#primaryimage"},"image":{"@id":"https:\/\/kohenavocats.com\/zh-hans\/tribunal-judiciaire-de-grenoble-le-9-decembre-2025-n23-01270\/#primaryimage"},"thumbnailUrl":"https:\/\/kohenavocats.com\/wp-content\/uploads\/2024\/07\/chris-brignola-X2CxUXFqKcM-unsplash.webp","datePublished":"2026-04-23T12:11:46+00:00","description":"Le tribunal judiciaire de Grenoble, statuant en mati\u00e8re sociale le 9 d\u00e9cembre 2025, a examin\u00e9 un litige relatif \u00e0 une demande d'exon\u00e9ration du ticket mod\u00e9rat...","breadcrumb":{"@id":"https:\/\/kohenavocats.com\/zh-hans\/tribunal-judiciaire-de-grenoble-le-9-decembre-2025-n23-01270\/#breadcrumb"},"inLanguage":"zh-Hans","potentialAction":[{"@type":"ReadAction","target":["https:\/\/kohenavocats.com\/zh-hans\/tribunal-judiciaire-de-grenoble-le-9-decembre-2025-n23-01270\/"]}]},{"@type":"ImageObject","inLanguage":"zh-Hans","@id":"https:\/\/kohenavocats.com\/zh-hans\/tribunal-judiciaire-de-grenoble-le-9-decembre-2025-n23-01270\/#primaryimage","url":"https:\/\/kohenavocats.com\/wp-content\/uploads\/2024\/07\/chris-brignola-X2CxUXFqKcM-unsplash.webp","contentUrl":"https:\/\/kohenavocats.com\/wp-content\/uploads\/2024\/07\/chris-brignola-X2CxUXFqKcM-unsplash.webp","width":5107,"height":3404},{"@type":"BreadcrumbList","@id":"https:\/\/kohenavocats.com\/zh-hans\/tribunal-judiciaire-de-grenoble-le-9-decembre-2025-n23-01270\/#breadcrumb","itemListElement":[{"@type":"ListItem","position":1,"name":"Home","item":"https:\/\/kohenavocats.com\/zh-hans\/"},{"@type":"ListItem","position":2,"name":"Tribunal judiciaire de Grenoble, le 9 d\u00e9cembre 2025, n\u00b023\/01270"}]},{"@type":"WebSite","@id":"https:\/\/kohenavocats.com\/zh-hans\/#website","url":"https:\/\/kohenavocats.com\/zh-hans\/","name":"Kohen Avocats","description":"Ma\u00eetre Hassan Kohen, avocat p\u00e9naliste \u00e0 Paris, intervient exclusivement en droit p\u00e9nal pour la d\u00e9fense des particuliers, notamment en mati\u00e8re d\u2019accusations de viol. Il assure un accompagnement rigoureux d\u00e8s la garde \u00e0 vue jusqu\u2019\u00e0 la Cour d\u2019assises, veillant au strict respect des garanties proc\u00e9durales.","publisher":{"@id":"https:\/\/kohenavocats.com\/zh-hans\/#organization"},"potentialAction":[{"@type":"SearchAction","target":{"@type":"EntryPoint","urlTemplate":"https:\/\/kohenavocats.com\/zh-hans\/?s={search_term_string}"},"query-input":{"@type":"PropertyValueSpecification","valueRequired":true,"valueName":"search_term_string"}}],"inLanguage":"zh-Hans"},{"@type":"Organization","@id":"https:\/\/kohenavocats.com\/zh-hans\/#organization","name":"Kohen Avocats","url":"https:\/\/kohenavocats.com\/zh-hans\/","logo":{"@type":"ImageObject","inLanguage":"zh-Hans","@id":"https:\/\/kohenavocats.com\/zh-hans\/#\/schema\/logo\/image\/","url":"https:\/\/kohenavocats.com\/wp-content\/uploads\/2026\/01\/Logo-2-1.webp","contentUrl":"https:\/\/kohenavocats.com\/wp-content\/uploads\/2026\/01\/Logo-2-1.webp","width":2114,"height":1253,"caption":"Kohen Avocats"},"image":{"@id":"https:\/\/kohenavocats.com\/zh-hans\/#\/schema\/logo\/image\/"}},{"@type":"Person","@id":"https:\/\/kohenavocats.com\/zh-hans\/#\/schema\/person\/761c9ba54fa1ca84d405cef0831ff751","name":"Kohen","image":{"@type":"ImageObject","inLanguage":"zh-Hans","@id":"https:\/\/secure.gravatar.com\/avatar\/1c5e76ef76bbbfdd2b4da984e2bf2fa4056fd51a27d25ce2c332047f1dfd6e00?s=96&d=identicon&r=g","url":"https:\/\/secure.gravatar.com\/avatar\/1c5e76ef76bbbfdd2b4da984e2bf2fa4056fd51a27d25ce2c332047f1dfd6e00?s=96&d=identicon&r=g","contentUrl":"https:\/\/secure.gravatar.com\/avatar\/1c5e76ef76bbbfdd2b4da984e2bf2fa4056fd51a27d25ce2c332047f1dfd6e00?s=96&d=identicon&r=g","caption":"Kohen"},"sameAs":["https:\/\/www.linkedin.com\/in\/hassan-kohen-448548192\/","https:\/\/www.youtube.com\/@Kohen-Avocats"],"url":"https:\/\/kohenavocats.com\/zh-hans\/author\/kohenmlk\/"}]}},"jetpack_featured_media_url":"https:\/\/kohenavocats.com\/wp-content\/uploads\/2024\/07\/chris-brignola-X2CxUXFqKcM-unsplash.webp","jetpack_likes_enabled":false,"jetpack_shortlink":"https:\/\/wp.me\/peCrII-2LEA","jetpack-related-posts":[{"id":635686,"url":"https:\/\/kohenavocats.com\/zh-hans\/tribunal-judiciaire-de-grenoble-le-14-decembre-2023-n23-00920\/","url_meta":{"origin":659840,"position":0},"title":"Tribunal judiciaire de Grenoble, le 14 d\u00e9cembre 2023, n\u00b023\/00920","author":"Kohen","date":"2026\u5e744\u670821\u65e5","format":false,"excerpt":"Le tribunal judiciaire de Grenoble, statuant en p\u00f4\u2026","rel":"","context":"\u5728\u201cJurisprudence\u201d\u4e2d","block_context":{"text":"Jurisprudence","link":"https:\/\/kohenavocats.com\/category\/jurisprudence\/"},"img":{"alt_text":"","src":"https:\/\/i0.wp.com\/kohenavocats.com\/wp-content\/uploads\/2024\/11\/alex-shuper-O3uK7nvrxdI-unsplash.webp?resize=350%2C200&ssl=1","width":350,"height":200,"srcset":"https:\/\/i0.wp.com\/kohenavocats.com\/wp-content\/uploads\/2024\/11\/alex-shuper-O3uK7nvrxdI-unsplash.webp?resize=350%2C200&ssl=1 1x, https:\/\/i0.wp.com\/kohenavocats.com\/wp-content\/uploads\/2024\/11\/alex-shuper-O3uK7nvrxdI-unsplash.webp?resize=525%2C300&ssl=1 1.5x, https:\/\/i0.wp.com\/kohenavocats.com\/wp-content\/uploads\/2024\/11\/alex-shuper-O3uK7nvrxdI-unsplash.webp?resize=700%2C400&ssl=1 2x, https:\/\/i0.wp.com\/kohenavocats.com\/wp-content\/uploads\/2024\/11\/alex-shuper-O3uK7nvrxdI-unsplash.webp?resize=1050%2C600&ssl=1 3x, https:\/\/i0.wp.com\/kohenavocats.com\/wp-content\/uploads\/2024\/11\/alex-shuper-O3uK7nvrxdI-unsplash.webp?resize=1400%2C800&ssl=1 4x"},"classes":[]},{"id":610254,"url":"https:\/\/kohenavocats.com\/zh-hans\/tribunal-judiciaire-de-paris-le-15-septembre-2025-n23-00143\/","url_meta":{"origin":659840,"position":1},"title":"Tribunal judiciaire de Paris, le 15 septembre 2025, n\u00b023\/00143","author":"Kohen","date":"2026\u5e744\u670819\u65e5","format":false,"excerpt":"Le tribunal judiciaire de Paris, le 15 septembre 2\u2026","rel":"","context":"\u5728\u201cJurisprudence\u201d\u4e2d","block_context":{"text":"Jurisprudence","link":"https:\/\/kohenavocats.com\/category\/jurisprudence\/"},"img":{"alt_text":"","src":"https:\/\/i0.wp.com\/kohenavocats.com\/wp-content\/uploads\/2024\/08\/diane-picchiottino-x5-AOGEbv3c-unsplash.webp?resize=350%2C200&ssl=1","width":350,"height":200,"srcset":"https:\/\/i0.wp.com\/kohenavocats.com\/wp-content\/uploads\/2024\/08\/diane-picchiottino-x5-AOGEbv3c-unsplash.webp?resize=350%2C200&ssl=1 1x, https:\/\/i0.wp.com\/kohenavocats.com\/wp-content\/uploads\/2024\/08\/diane-picchiottino-x5-AOGEbv3c-unsplash.webp?resize=525%2C300&ssl=1 1.5x, https:\/\/i0.wp.com\/kohenavocats.com\/wp-content\/uploads\/2024\/08\/diane-picchiottino-x5-AOGEbv3c-unsplash.webp?resize=700%2C400&ssl=1 2x, https:\/\/i0.wp.com\/kohenavocats.com\/wp-content\/uploads\/2024\/08\/diane-picchiottino-x5-AOGEbv3c-unsplash.webp?resize=1050%2C600&ssl=1 3x, https:\/\/i0.wp.com\/kohenavocats.com\/wp-content\/uploads\/2024\/08\/diane-picchiottino-x5-AOGEbv3c-unsplash.webp?resize=1400%2C800&ssl=1 4x"},"classes":[]},{"id":237293,"url":"https:\/\/kohenavocats.com\/zh-hans\/tribunal-judiciaire-de-metz-le-13-juin-2025-n22-00525\/","url_meta":{"origin":659840,"position":2},"title":"Tribunal judiciaire de Metz, le 13 juin 2025, n\u00b022\/00525","author":"Kohen","date":"2025\u5e7412\u670830\u65e5","format":false,"excerpt":"Le jugement du Tribunal judiciaire de Metz du 13 j\u2026","rel":"","context":"\u5728\u201cD\u00e9cisions juridiques\u201d\u4e2d","block_context":{"text":"D\u00e9cisions juridiques","link":"https:\/\/kohenavocats.com\/category\/decisions-juridiques\/"},"img":{"alt_text":"","src":"https:\/\/i0.wp.com\/kohenavocats.com\/wp-content\/uploads\/2024\/08\/joshua-rawson-harris-WLXkaubn0Ig-unsplash.webp?resize=350%2C200&ssl=1","width":350,"height":200,"srcset":"https:\/\/i0.wp.com\/kohenavocats.com\/wp-content\/uploads\/2024\/08\/joshua-rawson-harris-WLXkaubn0Ig-unsplash.webp?resize=350%2C200&ssl=1 1x, https:\/\/i0.wp.com\/kohenavocats.com\/wp-content\/uploads\/2024\/08\/joshua-rawson-harris-WLXkaubn0Ig-unsplash.webp?resize=525%2C300&ssl=1 1.5x, https:\/\/i0.wp.com\/kohenavocats.com\/wp-content\/uploads\/2024\/08\/joshua-rawson-harris-WLXkaubn0Ig-unsplash.webp?resize=700%2C400&ssl=1 2x, https:\/\/i0.wp.com\/kohenavocats.com\/wp-content\/uploads\/2024\/08\/joshua-rawson-harris-WLXkaubn0Ig-unsplash.webp?resize=1050%2C600&ssl=1 3x, https:\/\/i0.wp.com\/kohenavocats.com\/wp-content\/uploads\/2024\/08\/joshua-rawson-harris-WLXkaubn0Ig-unsplash.webp?resize=1400%2C800&ssl=1 4x"},"classes":[]},{"id":486745,"url":"https:\/\/kohenavocats.com\/zh-hans\/tribunal-judiciaire-le-27-novembre-2025-n24-04151\/","url_meta":{"origin":659840,"position":3},"title":"Tribunal judiciaire, le 27 novembre 2025, n\u00b024\/04151","author":"Kohen","date":"2026\u5e744\u67088\u65e5","format":false,"excerpt":"Le tribunal judiciaire, statuant en mati\u00e8re de s\u00e9c\u2026","rel":"","context":"\u5728\u201cJurisprudence\u201d\u4e2d","block_context":{"text":"Jurisprudence","link":"https:\/\/kohenavocats.com\/category\/jurisprudence\/"},"img":{"alt_text":"","src":"https:\/\/i0.wp.com\/kohenavocats.com\/wp-content\/uploads\/2024\/07\/zach-plank-o-cpCRdEgxs-unsplash.webp?resize=350%2C200&ssl=1","width":350,"height":200,"srcset":"https:\/\/i0.wp.com\/kohenavocats.com\/wp-content\/uploads\/2024\/07\/zach-plank-o-cpCRdEgxs-unsplash.webp?resize=350%2C200&ssl=1 1x, https:\/\/i0.wp.com\/kohenavocats.com\/wp-content\/uploads\/2024\/07\/zach-plank-o-cpCRdEgxs-unsplash.webp?resize=525%2C300&ssl=1 1.5x, https:\/\/i0.wp.com\/kohenavocats.com\/wp-content\/uploads\/2024\/07\/zach-plank-o-cpCRdEgxs-unsplash.webp?resize=700%2C400&ssl=1 2x, https:\/\/i0.wp.com\/kohenavocats.com\/wp-content\/uploads\/2024\/07\/zach-plank-o-cpCRdEgxs-unsplash.webp?resize=1050%2C600&ssl=1 3x, https:\/\/i0.wp.com\/kohenavocats.com\/wp-content\/uploads\/2024\/07\/zach-plank-o-cpCRdEgxs-unsplash.webp?resize=1400%2C800&ssl=1 4x"},"classes":[]},{"id":479735,"url":"https:\/\/kohenavocats.com\/zh-hans\/tribunal-judiciaire-de-bobigny-le-5-novembre-2025-n24-02361\/","url_meta":{"origin":659840,"position":4},"title":"Tribunal judiciaire de Bobigny, le 5 novembre 2025, n\u00b024\/02361","author":"Kohen","date":"2026\u5e744\u67087\u65e5","format":false,"excerpt":"Le tribunal judiciaire de Bobigny, le 5 novembre 2\u2026","rel":"","context":"\u5728\u201cJurisprudence\u201d\u4e2d","block_context":{"text":"Jurisprudence","link":"https:\/\/kohenavocats.com\/category\/jurisprudence\/"},"img":{"alt_text":"","src":"https:\/\/i0.wp.com\/kohenavocats.com\/wp-content\/uploads\/2024\/11\/kamran-abdullayev-tRrxCpbE1pQ-unsplash.webp?resize=350%2C200&ssl=1","width":350,"height":200,"srcset":"https:\/\/i0.wp.com\/kohenavocats.com\/wp-content\/uploads\/2024\/11\/kamran-abdullayev-tRrxCpbE1pQ-unsplash.webp?resize=350%2C200&ssl=1 1x, https:\/\/i0.wp.com\/kohenavocats.com\/wp-content\/uploads\/2024\/11\/kamran-abdullayev-tRrxCpbE1pQ-unsplash.webp?resize=525%2C300&ssl=1 1.5x, https:\/\/i0.wp.com\/kohenavocats.com\/wp-content\/uploads\/2024\/11\/kamran-abdullayev-tRrxCpbE1pQ-unsplash.webp?resize=700%2C400&ssl=1 2x, https:\/\/i0.wp.com\/kohenavocats.com\/wp-content\/uploads\/2024\/11\/kamran-abdullayev-tRrxCpbE1pQ-unsplash.webp?resize=1050%2C600&ssl=1 3x, https:\/\/i0.wp.com\/kohenavocats.com\/wp-content\/uploads\/2024\/11\/kamran-abdullayev-tRrxCpbE1pQ-unsplash.webp?resize=1400%2C800&ssl=1 4x"},"classes":[]},{"id":486444,"url":"https:\/\/kohenavocats.com\/zh-hans\/tribunal-judiciaire-de-caen-le-28-novembre-2025-n23-00033\/","url_meta":{"origin":659840,"position":5},"title":"Tribunal judiciaire de Caen, le 28 novembre 2025, n\u00b023\/00033","author":"Kohen","date":"2026\u5e744\u67088\u65e5","format":false,"excerpt":"Le tribunal judiciaire de Caen, statuant en mati\u00e8r\u2026","rel":"","context":"\u5728\u201cJurisprudence\u201d\u4e2d","block_context":{"text":"Jurisprudence","link":"https:\/\/kohenavocats.com\/category\/jurisprudence\/"},"img":{"alt_text":"","src":"https:\/\/i0.wp.com\/kohenavocats.com\/wp-content\/uploads\/2024\/11\/zyanya-citlalli-VKn4-6O9LWk-unsplash-1.webp?resize=350%2C200&ssl=1","width":350,"height":200,"srcset":"https:\/\/i0.wp.com\/kohenavocats.com\/wp-content\/uploads\/2024\/11\/zyanya-citlalli-VKn4-6O9LWk-unsplash-1.webp?resize=350%2C200&ssl=1 1x, https:\/\/i0.wp.com\/kohenavocats.com\/wp-content\/uploads\/2024\/11\/zyanya-citlalli-VKn4-6O9LWk-unsplash-1.webp?resize=525%2C300&ssl=1 1.5x, https:\/\/i0.wp.com\/kohenavocats.com\/wp-content\/uploads\/2024\/11\/zyanya-citlalli-VKn4-6O9LWk-unsplash-1.webp?resize=700%2C400&ssl=1 2x, https:\/\/i0.wp.com\/kohenavocats.com\/wp-content\/uploads\/2024\/11\/zyanya-citlalli-VKn4-6O9LWk-unsplash-1.webp?resize=1050%2C600&ssl=1 3x, https:\/\/i0.wp.com\/kohenavocats.com\/wp-content\/uploads\/2024\/11\/zyanya-citlalli-VKn4-6O9LWk-unsplash-1.webp?resize=1400%2C800&ssl=1 4x"},"classes":[]}],"jetpack_sharing_enabled":true,"_links":{"self":[{"href":"https:\/\/kohenavocats.com\/zh-hans\/wp-json\/wp\/v2\/posts\/659840","targetHints":{"allow":["GET"]}}],"collection":[{"href":"https:\/\/kohenavocats.com\/zh-hans\/wp-json\/wp\/v2\/posts"}],"about":[{"href":"https:\/\/kohenavocats.com\/zh-hans\/wp-json\/wp\/v2\/types\/post"}],"author":[{"embeddable":true,"href":"https:\/\/kohenavocats.com\/zh-hans\/wp-json\/wp\/v2\/users\/232070755"}],"replies":[{"embeddable":true,"href":"https:\/\/kohenavocats.com\/zh-hans\/wp-json\/wp\/v2\/comments?post=659840"}],"version-history":[{"count":0,"href":"https:\/\/kohenavocats.com\/zh-hans\/wp-json\/wp\/v2\/posts\/659840\/revisions"}],"wp:featuredmedia":[{"embeddable":true,"href":"https:\/\/kohenavocats.com\/zh-hans\/wp-json\/wp\/v2\/media\/3892"}],"wp:attachment":[{"href":"https:\/\/kohenavocats.com\/zh-hans\/wp-json\/wp\/v2\/media?parent=659840"}],"wp:term":[{"taxonomy":"category","embeddable":true,"href":"https:\/\/kohenavocats.com\/zh-hans\/wp-json\/wp\/v2\/categories?post=659840"},{"taxonomy":"post_tag","embeddable":true,"href":"https:\/\/kohenavocats.com\/zh-hans\/wp-json\/wp\/v2\/tags?post=659840"}],"curies":[{"name":"wp","href":"https:\/\/api.w.org\/{rel}","templated":true}]}}