{"id":660017,"date":"2026-04-23T14:29:52","date_gmt":"2026-04-23T12:29:52","guid":{"rendered":"https:\/\/kohenavocats.com\/tribunal-judiciaire-de-tours-le-26-septembre-2025-n25-00951\/"},"modified":"2026-04-23T14:29:52","modified_gmt":"2026-04-23T12:29:52","slug":"tribunal-judiciaire-de-tours-le-26-septembre-2025-n25-00951","status":"publish","type":"post","link":"https:\/\/kohenavocats.com\/zh-hans\/tribunal-judiciaire-de-tours-le-26-septembre-2025-n25-00951\/","title":{"rendered":"Tribunal judiciaire de Tours, le 26 septembre 2025, n\u00b025\/00951"},"content":{"rendered":"<div class=\"article-content\">\n<p>Le tribunal judiciaire de Tours, statuant en mati\u00e8re de contentieux de la protection, a rendu un jugement le 26 septembre 2025. Un bailleur avait engag\u00e9 une proc\u00e9dure en r\u00e9siliation de bail et en expulsion pour impay\u00e9s contre son locataire. Ce dernier a r\u00e9gularis\u00e9 sa dette avant l\u2019audience, conduisant le bailleur \u00e0 se d\u00e9sister de ses demandes principales. Le juge a donc eu \u00e0 trancher la question des d\u00e9pens et de l\u2019article 700 du code de proc\u00e9dure civile. La juridiction a condamn\u00e9 le locataire aux d\u00e9pens mais a d\u00e9bout\u00e9 le bailleur de sa demande sur le fondement de l\u2019article 700.<\/p>\n<p>La justification de la condamnation aux d\u00e9pens<br \/>\nLe crit\u00e8re retenu pour l\u2019allocation des d\u00e9pens. Le tribunal fonde sa d\u00e9cision sur l\u2019utilit\u00e9 de l\u2019instance engag\u00e9e par le bailleur. Il estime que la proc\u00e9dure judiciaire a \u00e9t\u00e9 l\u2019\u00e9l\u00e9ment d\u00e9clencheur du r\u00e8glement de la dette locative. &#8220;Seul l\u2019engagement de la pr\u00e9sente instance et des frais de commissaire de justice a permis de r\u00e8gler la situation d\u2019impay\u00e9s locatif et in fine le litige.&#8221; (Motifs) La condamnation aux d\u00e9pens est ainsi pr\u00e9sent\u00e9e comme la cons\u00e9quence directe de cette initiative n\u00e9cessaire.<br \/>\nLa port\u00e9e de cette motivation jurisprudentielle. Cette solution s\u2019inscrit en faux contre une jurisprudence qui refuse les d\u00e9pens lorsque le recouvrement \u00e9tait d\u00e9j\u00e0 en cours avant l\u2019assignation. &#8220;Si l\u2019EHPAD L\u2019ALBERGUE soutient que l\u2019introduction de la pr\u00e9sente instance \u00e9tait n\u00e9cessaire pour obtenir le recouvrement de sa cr\u00e9ance, il ne l\u2019\u00e9tablit par aucun \u00e9l\u00e9ment d\u00e8s lors que les d\u00e9marches engag\u00e9es par les consorts [O] en vue de le rembourser, qui t\u00e9moignaient par ailleurs de leur bonne foi, pr\u00e9existaient \u00e0 son assignation.&#8221; (Tribunal judiciaire de Toulouse, le 10 janvier 2025, n\u00b022\/02891) A l\u2019inverse, elle rejoint une autre d\u00e9cision o\u00f9 l\u2019instance \u00e9tait jug\u00e9e indispensable. &#8220;En l&#8217;esp\u00e8ce, il convient de relever que la demanderesse a \u00e9t\u00e9 contrainte d&#8217;engager une proc\u00e9dure judiciaire puisque la dette n&#8217;a \u00e9t\u00e9 sold\u00e9e que post\u00e9rieurement \u00e0 l&#8217;introduction de l&#8217;instance.&#8221; (Tribunal judiciaire de Val de Briey, le 25 novembre 2025, n\u00b024\/01158) Le juge de Tours valide ainsi le principe d\u2019une proc\u00e9dure \u00e0 finalit\u00e9 incitative.<\/p>\n<p>Le rejet de la demande au titre de l\u2019article 700<br \/>\nL\u2019appr\u00e9ciation souveraine de l\u2019\u00e9quit\u00e9 par le juge. Le tribunal op\u00e8re une distinction nette entre les d\u00e9pens proprement dits et les autres frais expos\u00e9s par la partie. Il consid\u00e8re que la situation ne justifie pas une condamnation suppl\u00e9mentaire du locataire. &#8220;Il n\u2019est pas in\u00e9quitable de laisser \u00e0 la charge du bailleur les frais et honoraires non compris dans les d\u00e9pens et expos\u00e9s par lui.&#8221; (Motifs) Cette d\u00e9cision rel\u00e8ve de l\u2019office du juge, qui appr\u00e9cie librement les circonstances de la cause.<br \/>\nLa valeur d\u2019une solution pr\u00e9servant l\u2019\u00e9quilibre des positions. En d\u00e9boutant le bailleur de cette demande, le juge temp\u00e8re les cons\u00e9quences financi\u00e8res de la proc\u00e9dure pour le locataire. Ce dernier, bien que perdant sur les d\u00e9pens, n\u2019est pas tenu de contribuer aux frais d\u2019avocat de son adversaire. Cette approche restrictive de l\u2019article 700 peut s\u2019analyser comme une recherche d\u2019\u00e9quit\u00e9 proc\u00e9durale. Elle rappelle que la condamnation aux d\u00e9pens constitue d\u00e9j\u00e0 une sanction pour la partie dont l\u2019attitude a rendu l\u2019instance n\u00e9cessaire. La solution \u00e9vite ainsi un alourdissement excessif de la charge support\u00e9e par le locataire apr\u00e8s le paiement de sa dette.<\/p>\n<\/div>\n","protected":false},"excerpt":{"rendered":"<p>Le tribunal judiciaire de Tours, statuant en mati\u00e8re de contentieux de la protection, a rendu un jugement le 26 septembre 2025. Un bailleur avait engag\u00e9 une &#8230;<\/p>\n","protected":false},"author":232070755,"featured_media":4751,"comment_status":"open","ping_status":"open","sticky":false,"template":"","format":"standard","meta":{"_crdt_document":"","_jetpack_newsletter_access":"","_jetpack_dont_email_post_to_subs":false,"_jetpack_newsletter_tier_id":0,"_jetpack_memberships_contains_paywalled_content":false,"_jetpack_memberships_contains_paid_content":false,"footnotes":"","jetpack_post_was_ever_published":false},"categories":[7597],"tags":[],"class_list":["post-660017","post","type-post","status-publish","format-standard","has-post-thumbnail","hentry","category-jurisprudence"],"yoast_head":"<!-- This site is optimized with the Yoast SEO Premium plugin v27.4 (Yoast SEO v27.4) - https:\/\/yoast.com\/product\/yoast-seo-premium-wordpress\/ -->\n<title>Tribunal judiciaire de Tours, le 26 septembre 2025, n\u00b025\/00951 - Ma\u00eetre Hassan Kohen, avocat en droit p\u00e9nal \u00e0 Paris<\/title>\n<meta name=\"description\" content=\"Le tribunal judiciaire de Tours, statuant en mati\u00e8re de contentieux de la protection, a rendu un jugement le 26 septembre 2025. Un bailleur avait engag\u00e9 une ...\" \/>\n<meta name=\"robots\" content=\"index, follow, max-snippet:-1, max-image-preview:large, max-video-preview:-1\" \/>\n<link rel=\"canonical\" href=\"https:\/\/kohenavocats.com\/zh-hans\/tribunal-judiciaire-de-tours-le-26-septembre-2025-n25-00951\/\" \/>\n<meta property=\"og:locale\" content=\"zh_CN\" \/>\n<meta property=\"og:type\" content=\"article\" \/>\n<meta property=\"og:title\" content=\"Tribunal judiciaire de Tours, le 26 septembre 2025, n\u00b025\/00951\" \/>\n<meta property=\"og:description\" content=\"Le tribunal judiciaire de Tours, statuant en mati\u00e8re de contentieux de la protection, a rendu un jugement le 26 septembre 2025. Un bailleur avait engag\u00e9 une ...\" \/>\n<meta property=\"og:url\" content=\"https:\/\/kohenavocats.com\/zh-hans\/tribunal-judiciaire-de-tours-le-26-septembre-2025-n25-00951\/\" \/>\n<meta property=\"og:site_name\" content=\"Ma\u00eetre Hassan Kohen, avocat en droit p\u00e9nal \u00e0 Paris\" \/>\n<meta property=\"article:published_time\" content=\"2026-04-23T12:29:52+00:00\" \/>\n<meta property=\"og:image\" content=\"https:\/\/kohenavocats.com\/wp-content\/uploads\/2024\/08\/kreshen-iMSeWtfaDmM-unsplash.webp\" \/>\n\t<meta property=\"og:image:width\" content=\"5040\" \/>\n\t<meta property=\"og:image:height\" content=\"3780\" \/>\n\t<meta property=\"og:image:type\" content=\"image\/webp\" \/>\n<meta name=\"author\" content=\"Kohen\" \/>\n<meta name=\"twitter:card\" content=\"summary_large_image\" \/>\n<meta name=\"twitter:label1\" content=\"\u4f5c\u8005\" \/>\n\t<meta name=\"twitter:data1\" content=\"Kohen\" \/>\n\t<meta name=\"twitter:label2\" content=\"\u9884\u8ba1\u9605\u8bfb\u65f6\u95f4\" \/>\n\t<meta name=\"twitter:data2\" content=\"3 \u5206\" \/>\n<script type=\"application\/ld+json\" class=\"yoast-schema-graph\">{\"@context\":\"https:\\\/\\\/schema.org\",\"@graph\":[{\"@type\":\"Article\",\"@id\":\"https:\\\/\\\/kohenavocats.com\\\/zh-hans\\\/tribunal-judiciaire-de-tours-le-26-septembre-2025-n25-00951\\\/#article\",\"isPartOf\":{\"@id\":\"https:\\\/\\\/kohenavocats.com\\\/zh-hans\\\/tribunal-judiciaire-de-tours-le-26-septembre-2025-n25-00951\\\/\"},\"author\":{\"name\":\"Kohen\",\"@id\":\"https:\\\/\\\/kohenavocats.com\\\/zh-hans\\\/#\\\/schema\\\/person\\\/761c9ba54fa1ca84d405cef0831ff751\"},\"headline\":\"Tribunal judiciaire de Tours, le 26 septembre 2025, n\u00b025\\\/00951\",\"datePublished\":\"2026-04-23T12:29:52+00:00\",\"mainEntityOfPage\":{\"@id\":\"https:\\\/\\\/kohenavocats.com\\\/zh-hans\\\/tribunal-judiciaire-de-tours-le-26-septembre-2025-n25-00951\\\/\"},\"wordCount\":623,\"commentCount\":0,\"publisher\":{\"@id\":\"https:\\\/\\\/kohenavocats.com\\\/zh-hans\\\/#organization\"},\"image\":{\"@id\":\"https:\\\/\\\/kohenavocats.com\\\/zh-hans\\\/tribunal-judiciaire-de-tours-le-26-septembre-2025-n25-00951\\\/#primaryimage\"},\"thumbnailUrl\":\"https:\\\/\\\/kohenavocats.com\\\/wp-content\\\/uploads\\\/2024\\\/08\\\/kreshen-iMSeWtfaDmM-unsplash.webp\",\"articleSection\":[\"Jurisprudence\"],\"inLanguage\":\"zh-Hans\",\"potentialAction\":[{\"@type\":\"CommentAction\",\"name\":\"Comment\",\"target\":[\"https:\\\/\\\/kohenavocats.com\\\/zh-hans\\\/tribunal-judiciaire-de-tours-le-26-septembre-2025-n25-00951\\\/#respond\"]}],\"citation\":\"Tribunal judiciaire de Tours, le 26 septembre 2025, n\u00b025\\\/00951\",\"about\":[{\"@type\":\"Thing\",\"name\":\"Jurisprudence\"}],\"dateModified\":\"2026-04-23T12:29:52+00:00\",\"speakable\":{\"@type\":\"SpeakableSpecification\",\"cssSelector\":[\".article-content > p:first-of-type\"]}},{\"@type\":\"WebPage\",\"@id\":\"https:\\\/\\\/kohenavocats.com\\\/zh-hans\\\/tribunal-judiciaire-de-tours-le-26-septembre-2025-n25-00951\\\/\",\"url\":\"https:\\\/\\\/kohenavocats.com\\\/zh-hans\\\/tribunal-judiciaire-de-tours-le-26-septembre-2025-n25-00951\\\/\",\"name\":\"Tribunal judiciaire de Tours, le 26 septembre 2025, n\u00b025\\\/00951 - Ma\u00eetre Hassan Kohen, avocat en droit p\u00e9nal \u00e0 Paris\",\"isPartOf\":{\"@id\":\"https:\\\/\\\/kohenavocats.com\\\/zh-hans\\\/#website\"},\"primaryImageOfPage\":{\"@id\":\"https:\\\/\\\/kohenavocats.com\\\/zh-hans\\\/tribunal-judiciaire-de-tours-le-26-septembre-2025-n25-00951\\\/#primaryimage\"},\"image\":{\"@id\":\"https:\\\/\\\/kohenavocats.com\\\/zh-hans\\\/tribunal-judiciaire-de-tours-le-26-septembre-2025-n25-00951\\\/#primaryimage\"},\"thumbnailUrl\":\"https:\\\/\\\/kohenavocats.com\\\/wp-content\\\/uploads\\\/2024\\\/08\\\/kreshen-iMSeWtfaDmM-unsplash.webp\",\"datePublished\":\"2026-04-23T12:29:52+00:00\",\"description\":\"Le tribunal judiciaire de Tours, statuant en mati\u00e8re de contentieux de la protection, a rendu un jugement le 26 septembre 2025. Un bailleur avait engag\u00e9 une ...\",\"breadcrumb\":{\"@id\":\"https:\\\/\\\/kohenavocats.com\\\/zh-hans\\\/tribunal-judiciaire-de-tours-le-26-septembre-2025-n25-00951\\\/#breadcrumb\"},\"inLanguage\":\"zh-Hans\",\"potentialAction\":[{\"@type\":\"ReadAction\",\"target\":[\"https:\\\/\\\/kohenavocats.com\\\/zh-hans\\\/tribunal-judiciaire-de-tours-le-26-septembre-2025-n25-00951\\\/\"]}]},{\"@type\":\"ImageObject\",\"inLanguage\":\"zh-Hans\",\"@id\":\"https:\\\/\\\/kohenavocats.com\\\/zh-hans\\\/tribunal-judiciaire-de-tours-le-26-septembre-2025-n25-00951\\\/#primaryimage\",\"url\":\"https:\\\/\\\/kohenavocats.com\\\/wp-content\\\/uploads\\\/2024\\\/08\\\/kreshen-iMSeWtfaDmM-unsplash.webp\",\"contentUrl\":\"https:\\\/\\\/kohenavocats.com\\\/wp-content\\\/uploads\\\/2024\\\/08\\\/kreshen-iMSeWtfaDmM-unsplash.webp\",\"width\":5040,\"height\":3780},{\"@type\":\"BreadcrumbList\",\"@id\":\"https:\\\/\\\/kohenavocats.com\\\/zh-hans\\\/tribunal-judiciaire-de-tours-le-26-septembre-2025-n25-00951\\\/#breadcrumb\",\"itemListElement\":[{\"@type\":\"ListItem\",\"position\":1,\"name\":\"Home\",\"item\":\"https:\\\/\\\/kohenavocats.com\\\/zh-hans\\\/\"},{\"@type\":\"ListItem\",\"position\":2,\"name\":\"Tribunal judiciaire de Tours, le 26 septembre 2025, n\u00b025\\\/00951\"}]},{\"@type\":\"WebSite\",\"@id\":\"https:\\\/\\\/kohenavocats.com\\\/zh-hans\\\/#website\",\"url\":\"https:\\\/\\\/kohenavocats.com\\\/zh-hans\\\/\",\"name\":\"Kohen Avocats\",\"description\":\"Ma\u00eetre Hassan Kohen, avocat p\u00e9naliste \u00e0 Paris, intervient exclusivement en droit p\u00e9nal pour la d\u00e9fense des particuliers, notamment en mati\u00e8re d\u2019accusations de viol. Il assure un accompagnement rigoureux d\u00e8s la garde \u00e0 vue jusqu\u2019\u00e0 la Cour d\u2019assises, veillant au strict respect des garanties proc\u00e9durales.\",\"publisher\":{\"@id\":\"https:\\\/\\\/kohenavocats.com\\\/zh-hans\\\/#organization\"},\"potentialAction\":[{\"@type\":\"SearchAction\",\"target\":{\"@type\":\"EntryPoint\",\"urlTemplate\":\"https:\\\/\\\/kohenavocats.com\\\/zh-hans\\\/?s={search_term_string}\"},\"query-input\":{\"@type\":\"PropertyValueSpecification\",\"valueRequired\":true,\"valueName\":\"search_term_string\"}}],\"inLanguage\":\"zh-Hans\"},{\"@type\":\"Organization\",\"@id\":\"https:\\\/\\\/kohenavocats.com\\\/zh-hans\\\/#organization\",\"name\":\"Kohen Avocats\",\"url\":\"https:\\\/\\\/kohenavocats.com\\\/zh-hans\\\/\",\"logo\":{\"@type\":\"ImageObject\",\"inLanguage\":\"zh-Hans\",\"@id\":\"https:\\\/\\\/kohenavocats.com\\\/zh-hans\\\/#\\\/schema\\\/logo\\\/image\\\/\",\"url\":\"https:\\\/\\\/kohenavocats.com\\\/wp-content\\\/uploads\\\/2026\\\/01\\\/Logo-2-1.webp\",\"contentUrl\":\"https:\\\/\\\/kohenavocats.com\\\/wp-content\\\/uploads\\\/2026\\\/01\\\/Logo-2-1.webp\",\"width\":2114,\"height\":1253,\"caption\":\"Kohen Avocats\"},\"image\":{\"@id\":\"https:\\\/\\\/kohenavocats.com\\\/zh-hans\\\/#\\\/schema\\\/logo\\\/image\\\/\"}},{\"@type\":\"Person\",\"@id\":\"https:\\\/\\\/kohenavocats.com\\\/zh-hans\\\/#\\\/schema\\\/person\\\/761c9ba54fa1ca84d405cef0831ff751\",\"name\":\"Kohen\",\"image\":{\"@type\":\"ImageObject\",\"inLanguage\":\"zh-Hans\",\"@id\":\"https:\\\/\\\/secure.gravatar.com\\\/avatar\\\/1c5e76ef76bbbfdd2b4da984e2bf2fa4056fd51a27d25ce2c332047f1dfd6e00?s=96&d=identicon&r=g\",\"url\":\"https:\\\/\\\/secure.gravatar.com\\\/avatar\\\/1c5e76ef76bbbfdd2b4da984e2bf2fa4056fd51a27d25ce2c332047f1dfd6e00?s=96&d=identicon&r=g\",\"contentUrl\":\"https:\\\/\\\/secure.gravatar.com\\\/avatar\\\/1c5e76ef76bbbfdd2b4da984e2bf2fa4056fd51a27d25ce2c332047f1dfd6e00?s=96&d=identicon&r=g\",\"caption\":\"Kohen\"},\"sameAs\":[\"https:\\\/\\\/www.linkedin.com\\\/in\\\/hassan-kohen-448548192\\\/\",\"https:\\\/\\\/www.youtube.com\\\/@Kohen-Avocats\"],\"url\":\"https:\\\/\\\/kohenavocats.com\\\/zh-hans\\\/author\\\/kohenmlk\\\/\"}]}<\/script>\n<!-- \/ Yoast SEO Premium plugin. -->","yoast_head_json":{"title":"Tribunal judiciaire de Tours, le 26 septembre 2025, n\u00b025\/00951 - Ma\u00eetre Hassan Kohen, avocat en droit p\u00e9nal \u00e0 Paris","description":"Le tribunal judiciaire de Tours, statuant en mati\u00e8re de contentieux de la protection, a rendu un jugement le 26 septembre 2025. Un bailleur avait engag\u00e9 une ...","robots":{"index":"index","follow":"follow","max-snippet":"max-snippet:-1","max-image-preview":"max-image-preview:large","max-video-preview":"max-video-preview:-1"},"canonical":"https:\/\/kohenavocats.com\/zh-hans\/tribunal-judiciaire-de-tours-le-26-septembre-2025-n25-00951\/","og_locale":"zh_CN","og_type":"article","og_title":"Tribunal judiciaire de Tours, le 26 septembre 2025, n\u00b025\/00951","og_description":"Le tribunal judiciaire de Tours, statuant en mati\u00e8re de contentieux de la protection, a rendu un jugement le 26 septembre 2025. Un bailleur avait engag\u00e9 une ...","og_url":"https:\/\/kohenavocats.com\/zh-hans\/tribunal-judiciaire-de-tours-le-26-septembre-2025-n25-00951\/","og_site_name":"Ma\u00eetre Hassan Kohen, avocat en droit p\u00e9nal \u00e0 Paris","article_published_time":"2026-04-23T12:29:52+00:00","og_image":[{"width":5040,"height":3780,"url":"https:\/\/kohenavocats.com\/wp-content\/uploads\/2024\/08\/kreshen-iMSeWtfaDmM-unsplash.webp","type":"image\/webp"}],"author":"Kohen","twitter_card":"summary_large_image","twitter_misc":{"\u4f5c\u8005":"Kohen","\u9884\u8ba1\u9605\u8bfb\u65f6\u95f4":"3 \u5206"},"schema":{"@context":"https:\/\/schema.org","@graph":[{"@type":"Article","@id":"https:\/\/kohenavocats.com\/zh-hans\/tribunal-judiciaire-de-tours-le-26-septembre-2025-n25-00951\/#article","isPartOf":{"@id":"https:\/\/kohenavocats.com\/zh-hans\/tribunal-judiciaire-de-tours-le-26-septembre-2025-n25-00951\/"},"author":{"name":"Kohen","@id":"https:\/\/kohenavocats.com\/zh-hans\/#\/schema\/person\/761c9ba54fa1ca84d405cef0831ff751"},"headline":"Tribunal judiciaire de Tours, le 26 septembre 2025, n\u00b025\/00951","datePublished":"2026-04-23T12:29:52+00:00","mainEntityOfPage":{"@id":"https:\/\/kohenavocats.com\/zh-hans\/tribunal-judiciaire-de-tours-le-26-septembre-2025-n25-00951\/"},"wordCount":623,"commentCount":0,"publisher":{"@id":"https:\/\/kohenavocats.com\/zh-hans\/#organization"},"image":{"@id":"https:\/\/kohenavocats.com\/zh-hans\/tribunal-judiciaire-de-tours-le-26-septembre-2025-n25-00951\/#primaryimage"},"thumbnailUrl":"https:\/\/kohenavocats.com\/wp-content\/uploads\/2024\/08\/kreshen-iMSeWtfaDmM-unsplash.webp","articleSection":["Jurisprudence"],"inLanguage":"zh-Hans","potentialAction":[{"@type":"CommentAction","name":"Comment","target":["https:\/\/kohenavocats.com\/zh-hans\/tribunal-judiciaire-de-tours-le-26-septembre-2025-n25-00951\/#respond"]}],"citation":"Tribunal judiciaire de Tours, le 26 septembre 2025, n\u00b025\/00951","about":[{"@type":"Thing","name":"Jurisprudence"}],"dateModified":"2026-04-23T12:29:52+00:00","speakable":{"@type":"SpeakableSpecification","cssSelector":[".article-content > p:first-of-type"]}},{"@type":"WebPage","@id":"https:\/\/kohenavocats.com\/zh-hans\/tribunal-judiciaire-de-tours-le-26-septembre-2025-n25-00951\/","url":"https:\/\/kohenavocats.com\/zh-hans\/tribunal-judiciaire-de-tours-le-26-septembre-2025-n25-00951\/","name":"Tribunal judiciaire de Tours, le 26 septembre 2025, n\u00b025\/00951 - Ma\u00eetre Hassan Kohen, avocat en droit p\u00e9nal \u00e0 Paris","isPartOf":{"@id":"https:\/\/kohenavocats.com\/zh-hans\/#website"},"primaryImageOfPage":{"@id":"https:\/\/kohenavocats.com\/zh-hans\/tribunal-judiciaire-de-tours-le-26-septembre-2025-n25-00951\/#primaryimage"},"image":{"@id":"https:\/\/kohenavocats.com\/zh-hans\/tribunal-judiciaire-de-tours-le-26-septembre-2025-n25-00951\/#primaryimage"},"thumbnailUrl":"https:\/\/kohenavocats.com\/wp-content\/uploads\/2024\/08\/kreshen-iMSeWtfaDmM-unsplash.webp","datePublished":"2026-04-23T12:29:52+00:00","description":"Le tribunal judiciaire de Tours, statuant en mati\u00e8re de contentieux de la protection, a rendu un jugement le 26 septembre 2025. Un bailleur avait engag\u00e9 une ...","breadcrumb":{"@id":"https:\/\/kohenavocats.com\/zh-hans\/tribunal-judiciaire-de-tours-le-26-septembre-2025-n25-00951\/#breadcrumb"},"inLanguage":"zh-Hans","potentialAction":[{"@type":"ReadAction","target":["https:\/\/kohenavocats.com\/zh-hans\/tribunal-judiciaire-de-tours-le-26-septembre-2025-n25-00951\/"]}]},{"@type":"ImageObject","inLanguage":"zh-Hans","@id":"https:\/\/kohenavocats.com\/zh-hans\/tribunal-judiciaire-de-tours-le-26-septembre-2025-n25-00951\/#primaryimage","url":"https:\/\/kohenavocats.com\/wp-content\/uploads\/2024\/08\/kreshen-iMSeWtfaDmM-unsplash.webp","contentUrl":"https:\/\/kohenavocats.com\/wp-content\/uploads\/2024\/08\/kreshen-iMSeWtfaDmM-unsplash.webp","width":5040,"height":3780},{"@type":"BreadcrumbList","@id":"https:\/\/kohenavocats.com\/zh-hans\/tribunal-judiciaire-de-tours-le-26-septembre-2025-n25-00951\/#breadcrumb","itemListElement":[{"@type":"ListItem","position":1,"name":"Home","item":"https:\/\/kohenavocats.com\/zh-hans\/"},{"@type":"ListItem","position":2,"name":"Tribunal judiciaire de Tours, le 26 septembre 2025, n\u00b025\/00951"}]},{"@type":"WebSite","@id":"https:\/\/kohenavocats.com\/zh-hans\/#website","url":"https:\/\/kohenavocats.com\/zh-hans\/","name":"Kohen Avocats","description":"Ma\u00eetre Hassan Kohen, avocat p\u00e9naliste \u00e0 Paris, intervient exclusivement en droit p\u00e9nal pour la d\u00e9fense des particuliers, notamment en mati\u00e8re d\u2019accusations de viol. Il assure un accompagnement rigoureux d\u00e8s la garde \u00e0 vue jusqu\u2019\u00e0 la Cour d\u2019assises, veillant au strict respect des garanties proc\u00e9durales.","publisher":{"@id":"https:\/\/kohenavocats.com\/zh-hans\/#organization"},"potentialAction":[{"@type":"SearchAction","target":{"@type":"EntryPoint","urlTemplate":"https:\/\/kohenavocats.com\/zh-hans\/?s={search_term_string}"},"query-input":{"@type":"PropertyValueSpecification","valueRequired":true,"valueName":"search_term_string"}}],"inLanguage":"zh-Hans"},{"@type":"Organization","@id":"https:\/\/kohenavocats.com\/zh-hans\/#organization","name":"Kohen Avocats","url":"https:\/\/kohenavocats.com\/zh-hans\/","logo":{"@type":"ImageObject","inLanguage":"zh-Hans","@id":"https:\/\/kohenavocats.com\/zh-hans\/#\/schema\/logo\/image\/","url":"https:\/\/kohenavocats.com\/wp-content\/uploads\/2026\/01\/Logo-2-1.webp","contentUrl":"https:\/\/kohenavocats.com\/wp-content\/uploads\/2026\/01\/Logo-2-1.webp","width":2114,"height":1253,"caption":"Kohen Avocats"},"image":{"@id":"https:\/\/kohenavocats.com\/zh-hans\/#\/schema\/logo\/image\/"}},{"@type":"Person","@id":"https:\/\/kohenavocats.com\/zh-hans\/#\/schema\/person\/761c9ba54fa1ca84d405cef0831ff751","name":"Kohen","image":{"@type":"ImageObject","inLanguage":"zh-Hans","@id":"https:\/\/secure.gravatar.com\/avatar\/1c5e76ef76bbbfdd2b4da984e2bf2fa4056fd51a27d25ce2c332047f1dfd6e00?s=96&d=identicon&r=g","url":"https:\/\/secure.gravatar.com\/avatar\/1c5e76ef76bbbfdd2b4da984e2bf2fa4056fd51a27d25ce2c332047f1dfd6e00?s=96&d=identicon&r=g","contentUrl":"https:\/\/secure.gravatar.com\/avatar\/1c5e76ef76bbbfdd2b4da984e2bf2fa4056fd51a27d25ce2c332047f1dfd6e00?s=96&d=identicon&r=g","caption":"Kohen"},"sameAs":["https:\/\/www.linkedin.com\/in\/hassan-kohen-448548192\/","https:\/\/www.youtube.com\/@Kohen-Avocats"],"url":"https:\/\/kohenavocats.com\/zh-hans\/author\/kohenmlk\/"}]}},"jetpack_featured_media_url":"https:\/\/kohenavocats.com\/wp-content\/uploads\/2024\/08\/kreshen-iMSeWtfaDmM-unsplash.webp","jetpack_likes_enabled":false,"jetpack_shortlink":"https:\/\/wp.me\/peCrII-2LHr","jetpack-related-posts":[{"id":266908,"url":"https:\/\/kohenavocats.com\/zh-hans\/tribunal-judiciaire-de-chambery-le-27-juin-2025-n25-00073\/","url_meta":{"origin":660017,"position":0},"title":"Tribunal judiciaire de Chambery, le 27 juin 2025, n\u00b025\/00073","author":"Kohen","date":"2026\u5e741\u670810\u65e5","format":false,"excerpt":"Rendue par le juge des contentieux de la protectio\u2026","rel":"","context":"\u5728\u201cD\u00e9cisions juridiques\u201d\u4e2d","block_context":{"text":"D\u00e9cisions juridiques","link":"https:\/\/kohenavocats.com\/category\/decisions-juridiques\/"},"img":{"alt_text":"","src":"https:\/\/i0.wp.com\/kohenavocats.com\/wp-content\/uploads\/2024\/11\/lala-azizli-IdY1J7h1vwQ-unsplash.webp?resize=350%2C200&ssl=1","width":350,"height":200,"srcset":"https:\/\/i0.wp.com\/kohenavocats.com\/wp-content\/uploads\/2024\/11\/lala-azizli-IdY1J7h1vwQ-unsplash.webp?resize=350%2C200&ssl=1 1x, https:\/\/i0.wp.com\/kohenavocats.com\/wp-content\/uploads\/2024\/11\/lala-azizli-IdY1J7h1vwQ-unsplash.webp?resize=525%2C300&ssl=1 1.5x, https:\/\/i0.wp.com\/kohenavocats.com\/wp-content\/uploads\/2024\/11\/lala-azizli-IdY1J7h1vwQ-unsplash.webp?resize=700%2C400&ssl=1 2x, https:\/\/i0.wp.com\/kohenavocats.com\/wp-content\/uploads\/2024\/11\/lala-azizli-IdY1J7h1vwQ-unsplash.webp?resize=1050%2C600&ssl=1 3x, https:\/\/i0.wp.com\/kohenavocats.com\/wp-content\/uploads\/2024\/11\/lala-azizli-IdY1J7h1vwQ-unsplash.webp?resize=1400%2C800&ssl=1 4x"},"classes":[]},{"id":263877,"url":"https:\/\/kohenavocats.com\/zh-hans\/tribunal-judiciaire-de-bobigny-le-30-juin-2025-n25-02933\/","url_meta":{"origin":660017,"position":1},"title":"Tribunal judiciaire de Bobigny, le 30 juin 2025, n\u00b025\/02933","author":"Kohen","date":"2026\u5e741\u670810\u65e5","format":false,"excerpt":"Par un jugement du tribunal de proximit\u00e9 de Pantin\u2026","rel":"","context":"\u5728\u201cD\u00e9cisions juridiques\u201d\u4e2d","block_context":{"text":"D\u00e9cisions juridiques","link":"https:\/\/kohenavocats.com\/category\/decisions-juridiques\/"},"img":{"alt_text":"","src":"https:\/\/i0.wp.com\/kohenavocats.com\/wp-content\/uploads\/2024\/11\/alesia-kazantceva-RTiVDW3h5s8-unsplash.webp?resize=350%2C200&ssl=1","width":350,"height":200,"srcset":"https:\/\/i0.wp.com\/kohenavocats.com\/wp-content\/uploads\/2024\/11\/alesia-kazantceva-RTiVDW3h5s8-unsplash.webp?resize=350%2C200&ssl=1 1x, https:\/\/i0.wp.com\/kohenavocats.com\/wp-content\/uploads\/2024\/11\/alesia-kazantceva-RTiVDW3h5s8-unsplash.webp?resize=525%2C300&ssl=1 1.5x, https:\/\/i0.wp.com\/kohenavocats.com\/wp-content\/uploads\/2024\/11\/alesia-kazantceva-RTiVDW3h5s8-unsplash.webp?resize=700%2C400&ssl=1 2x, https:\/\/i0.wp.com\/kohenavocats.com\/wp-content\/uploads\/2024\/11\/alesia-kazantceva-RTiVDW3h5s8-unsplash.webp?resize=1050%2C600&ssl=1 3x, https:\/\/i0.wp.com\/kohenavocats.com\/wp-content\/uploads\/2024\/11\/alesia-kazantceva-RTiVDW3h5s8-unsplash.webp?resize=1400%2C800&ssl=1 4x"},"classes":[]},{"id":263871,"url":"https:\/\/kohenavocats.com\/zh-hans\/tribunal-judiciaire-de-mulhouse-le-26-juin-2025-n24-01693\/","url_meta":{"origin":660017,"position":2},"title":"Tribunal judiciaire de Mulhouse, le 26 juin 2025, n\u00b024\/01693","author":"Kohen","date":"2026\u5e741\u670810\u65e5","format":false,"excerpt":"Tribunal judiciaire de Mulhouse, juge des contenti\u2026","rel":"","context":"\u5728\u201cD\u00e9cisions juridiques\u201d\u4e2d","block_context":{"text":"D\u00e9cisions juridiques","link":"https:\/\/kohenavocats.com\/category\/decisions-juridiques\/"},"img":{"alt_text":"","src":"https:\/\/i0.wp.com\/kohenavocats.com\/wp-content\/uploads\/2024\/08\/pavan-trikutam-poNsj-vya34-unsplash.webp?resize=350%2C200&ssl=1","width":350,"height":200,"srcset":"https:\/\/i0.wp.com\/kohenavocats.com\/wp-content\/uploads\/2024\/08\/pavan-trikutam-poNsj-vya34-unsplash.webp?resize=350%2C200&ssl=1 1x, https:\/\/i0.wp.com\/kohenavocats.com\/wp-content\/uploads\/2024\/08\/pavan-trikutam-poNsj-vya34-unsplash.webp?resize=525%2C300&ssl=1 1.5x, https:\/\/i0.wp.com\/kohenavocats.com\/wp-content\/uploads\/2024\/08\/pavan-trikutam-poNsj-vya34-unsplash.webp?resize=700%2C400&ssl=1 2x, https:\/\/i0.wp.com\/kohenavocats.com\/wp-content\/uploads\/2024\/08\/pavan-trikutam-poNsj-vya34-unsplash.webp?resize=1050%2C600&ssl=1 3x, https:\/\/i0.wp.com\/kohenavocats.com\/wp-content\/uploads\/2024\/08\/pavan-trikutam-poNsj-vya34-unsplash.webp?resize=1400%2C800&ssl=1 4x"},"classes":[]},{"id":266167,"url":"https:\/\/kohenavocats.com\/zh-hans\/tribunal-judiciaire-de-marseille-le-26-juin-2025-n25-00066\/","url_meta":{"origin":660017,"position":3},"title":"Tribunal judiciaire de Marseille, le 26 juin 2025, n\u00b025\/00066","author":"Kohen","date":"2026\u5e741\u670810\u65e5","format":false,"excerpt":"Rendue par le juge des contentieux de la protectio\u2026","rel":"","context":"\u5728\u201cD\u00e9cisions juridiques\u201d\u4e2d","block_context":{"text":"D\u00e9cisions juridiques","link":"https:\/\/kohenavocats.com\/category\/decisions-juridiques\/"},"img":{"alt_text":"","src":"https:\/\/i0.wp.com\/kohenavocats.com\/wp-content\/uploads\/2024\/07\/zach-plank-o-cpCRdEgxs-unsplash.webp?resize=350%2C200&ssl=1","width":350,"height":200,"srcset":"https:\/\/i0.wp.com\/kohenavocats.com\/wp-content\/uploads\/2024\/07\/zach-plank-o-cpCRdEgxs-unsplash.webp?resize=350%2C200&ssl=1 1x, https:\/\/i0.wp.com\/kohenavocats.com\/wp-content\/uploads\/2024\/07\/zach-plank-o-cpCRdEgxs-unsplash.webp?resize=525%2C300&ssl=1 1.5x, https:\/\/i0.wp.com\/kohenavocats.com\/wp-content\/uploads\/2024\/07\/zach-plank-o-cpCRdEgxs-unsplash.webp?resize=700%2C400&ssl=1 2x, https:\/\/i0.wp.com\/kohenavocats.com\/wp-content\/uploads\/2024\/07\/zach-plank-o-cpCRdEgxs-unsplash.webp?resize=1050%2C600&ssl=1 3x, https:\/\/i0.wp.com\/kohenavocats.com\/wp-content\/uploads\/2024\/07\/zach-plank-o-cpCRdEgxs-unsplash.webp?resize=1400%2C800&ssl=1 4x"},"classes":[]},{"id":544654,"url":"https:\/\/kohenavocats.com\/zh-hans\/tribunal-judiciaire-de-paris-le-23-septembre-2025-n25-52480\/","url_meta":{"origin":660017,"position":4},"title":"Tribunal judiciaire de Paris, le 23 septembre 2025, n\u00b025\/52480","author":"Kohen","date":"2026\u5e744\u67089\u65e5","format":false,"excerpt":"Le tribunal judiciaire, statuant en r\u00e9f\u00e9r\u00e9 le 23 s\u2026","rel":"","context":"\u5728\u201cD\u00e9cisions juridiques\u201d\u4e2d","block_context":{"text":"D\u00e9cisions juridiques","link":"https:\/\/kohenavocats.com\/category\/decisions-juridiques\/"},"img":{"alt_text":"","src":"https:\/\/i0.wp.com\/kohenavocats.com\/wp-content\/uploads\/2024\/11\/getty-images-TGyzkRiEysA-unsplash.webp?resize=350%2C200&ssl=1","width":350,"height":200,"srcset":"https:\/\/i0.wp.com\/kohenavocats.com\/wp-content\/uploads\/2024\/11\/getty-images-TGyzkRiEysA-unsplash.webp?resize=350%2C200&ssl=1 1x, https:\/\/i0.wp.com\/kohenavocats.com\/wp-content\/uploads\/2024\/11\/getty-images-TGyzkRiEysA-unsplash.webp?resize=525%2C300&ssl=1 1.5x, https:\/\/i0.wp.com\/kohenavocats.com\/wp-content\/uploads\/2024\/11\/getty-images-TGyzkRiEysA-unsplash.webp?resize=700%2C400&ssl=1 2x, https:\/\/i0.wp.com\/kohenavocats.com\/wp-content\/uploads\/2024\/11\/getty-images-TGyzkRiEysA-unsplash.webp?resize=1050%2C600&ssl=1 3x, https:\/\/i0.wp.com\/kohenavocats.com\/wp-content\/uploads\/2024\/11\/getty-images-TGyzkRiEysA-unsplash.webp?resize=1400%2C800&ssl=1 4x"},"classes":[]},{"id":265347,"url":"https:\/\/kohenavocats.com\/zh-hans\/tribunal-judiciaire-de-evreux-le-25-juin-2025-n25-00445\/","url_meta":{"origin":660017,"position":5},"title":"Tribunal judiciaire de \u00c9vreux, le 25 juin 2025, n\u00b025\/00445","author":"Kohen","date":"2026\u5e741\u670810\u65e5","format":false,"excerpt":"Le tribunal judiciaire d\u2019\u00c9vreux, juge des contenti\u2026","rel":"","context":"\u5728\u201cD\u00e9cisions juridiques\u201d\u4e2d","block_context":{"text":"D\u00e9cisions juridiques","link":"https:\/\/kohenavocats.com\/category\/decisions-juridiques\/"},"img":{"alt_text":"","src":"https:\/\/i0.wp.com\/kohenavocats.com\/wp-content\/uploads\/2024\/11\/pawel-czerwinski-R7O-jVDFJKU-unsplash.webp?resize=350%2C200&ssl=1","width":350,"height":200,"srcset":"https:\/\/i0.wp.com\/kohenavocats.com\/wp-content\/uploads\/2024\/11\/pawel-czerwinski-R7O-jVDFJKU-unsplash.webp?resize=350%2C200&ssl=1 1x, https:\/\/i0.wp.com\/kohenavocats.com\/wp-content\/uploads\/2024\/11\/pawel-czerwinski-R7O-jVDFJKU-unsplash.webp?resize=525%2C300&ssl=1 1.5x, https:\/\/i0.wp.com\/kohenavocats.com\/wp-content\/uploads\/2024\/11\/pawel-czerwinski-R7O-jVDFJKU-unsplash.webp?resize=700%2C400&ssl=1 2x, https:\/\/i0.wp.com\/kohenavocats.com\/wp-content\/uploads\/2024\/11\/pawel-czerwinski-R7O-jVDFJKU-unsplash.webp?resize=1050%2C600&ssl=1 3x, https:\/\/i0.wp.com\/kohenavocats.com\/wp-content\/uploads\/2024\/11\/pawel-czerwinski-R7O-jVDFJKU-unsplash.webp?resize=1400%2C800&ssl=1 4x"},"classes":[]}],"jetpack_sharing_enabled":true,"_links":{"self":[{"href":"https:\/\/kohenavocats.com\/zh-hans\/wp-json\/wp\/v2\/posts\/660017","targetHints":{"allow":["GET"]}}],"collection":[{"href":"https:\/\/kohenavocats.com\/zh-hans\/wp-json\/wp\/v2\/posts"}],"about":[{"href":"https:\/\/kohenavocats.com\/zh-hans\/wp-json\/wp\/v2\/types\/post"}],"author":[{"embeddable":true,"href":"https:\/\/kohenavocats.com\/zh-hans\/wp-json\/wp\/v2\/users\/232070755"}],"replies":[{"embeddable":true,"href":"https:\/\/kohenavocats.com\/zh-hans\/wp-json\/wp\/v2\/comments?post=660017"}],"version-history":[{"count":0,"href":"https:\/\/kohenavocats.com\/zh-hans\/wp-json\/wp\/v2\/posts\/660017\/revisions"}],"wp:featuredmedia":[{"embeddable":true,"href":"https:\/\/kohenavocats.com\/zh-hans\/wp-json\/wp\/v2\/media\/4751"}],"wp:attachment":[{"href":"https:\/\/kohenavocats.com\/zh-hans\/wp-json\/wp\/v2\/media?parent=660017"}],"wp:term":[{"taxonomy":"category","embeddable":true,"href":"https:\/\/kohenavocats.com\/zh-hans\/wp-json\/wp\/v2\/categories?post=660017"},{"taxonomy":"post_tag","embeddable":true,"href":"https:\/\/kohenavocats.com\/zh-hans\/wp-json\/wp\/v2\/tags?post=660017"}],"curies":[{"name":"wp","href":"https:\/\/api.w.org\/{rel}","templated":true}]}}