{"id":660379,"date":"2026-04-23T15:11:18","date_gmt":"2026-04-23T13:11:18","guid":{"rendered":"https:\/\/kohenavocats.com\/cour-dappel-de-colmar-le-18-juin-2024-n22-04152\/"},"modified":"2026-04-23T15:11:18","modified_gmt":"2026-04-23T13:11:18","slug":"cour-dappel-de-colmar-le-18-juin-2024-n22-04152","status":"publish","type":"post","link":"https:\/\/kohenavocats.com\/zh-hans\/cour-dappel-de-colmar-le-18-juin-2024-n22-04152\/","title":{"rendered":"Cour d&#8217;appel de Colmar, le 18 juin 2024, n\u00b022\/04152"},"content":{"rendered":"<div class=\"article-content\">\n<p>La Cour d&#8217;appel de Colmar, le 18 juin 2024, statue sur un litige relatif \u00e0 des d\u00e9sordres affectant un immeuble neuf. Les demandeurs, le syndicat des copropri\u00e9taires et plusieurs acqu\u00e9reurs, poursuivent le constructeur et d&#8217;autres intervenants. La cour examine la recevabilit\u00e9 des demandes au regard des d\u00e9lais de garantie et les appels en garantie. Elle confirme partiellement le jugement de premi\u00e8re instance tout en infirmant certains points.<\/p>\n<p>L&#8217;interruption du d\u00e9lai de la garantie biennale<\/p>\n<p>La cour pr\u00e9cise les conditions d&#8217;interruption de la forclusion biennale. L&#8217;assignation initiale doit d\u00e9crire pr\u00e9cis\u00e9ment les d\u00e9sordres invoqu\u00e9s pour produire son effet interruptif. En l&#8217;esp\u00e8ce, l&#8217;assignation du 5 juin 2007 &#8220;fait express\u00e9ment r\u00e9f\u00e9rence \u00e0 un constat d&#8217;huissier&#8221; d\u00e9taillant les dysfonctionnements du chauffage (Motifs). Cette r\u00e9f\u00e9rence suffit \u00e0 interrompre le d\u00e9lai pour ces d\u00e9sordres, m\u00eame si la description technique est sommaire. La solution rappelle que l&#8217;interruption prot\u00e8ge le demandeur diligent qui signale le trouble, sans exigence de qualification juridique exacte.<\/p>\n<p>La port\u00e9e de l&#8217;effet interruptif est strictement limit\u00e9e aux d\u00e9sordres vis\u00e9s. Pour les panneaux solaires, l&#8217;assignation ne mentionnait que des &#8220;bruits anormaux&#8221; et une &#8220;chaleur anormale&#8221; (Motifs). Le probl\u00e8me d&#8217;alimentation en eau chaude, r\u00e9v\u00e9l\u00e9 ult\u00e9rieurement, n&#8217;y \u00e9tait pas inclus. La cour en d\u00e9duit que &#8220;l&#8217;assignation ne produisant un effet interruptif de forclusion qu&#8217;\u00e0 l&#8217;\u00e9gard des d\u00e9sordres qui y sont vis\u00e9s&#8221; (Motifs). Cette rigueur \u00e9vite les demandes trop impr\u00e9cises et pr\u00e9serve la s\u00e9curit\u00e9 juridique du d\u00e9fendeur.<\/p>\n<p>Le rejet des appels en garantie<\/p>\n<p>La cour \u00e9carte la responsabilit\u00e9 de l&#8217;entreprise sous-traitante en raison de son identit\u00e9 juridique. Les travaux de chauffage ont \u00e9t\u00e9 confi\u00e9s \u00e0 un artisan exer\u00e7ant en nom individuel. La soci\u00e9t\u00e9 homonyme n&#8217;a \u00e9t\u00e9 cr\u00e9\u00e9e qu&#8217;ult\u00e9rieurement. La cour constate &#8220;l&#8217;absence de tout \u00e9l\u00e9ment de preuve d\u00e9montrant que les travaux auraient \u00e9t\u00e9 r\u00e9alis\u00e9s par la soci\u00e9t\u00e9&#8221; (Motifs). Cette distinction est cruciale pour d\u00e9terminer le v\u00e9ritable d\u00e9biteur des obligations contractuelles et le titulaire de l&#8217;assurance.<\/p>\n<p>La cons\u00e9quence est le rejet de l&#8217;appel en garantie contre l&#8217;assureur de la soci\u00e9t\u00e9. L&#8217;assureur n&#8217;est engag\u00e9 que pour les fautes de son assur\u00e9. Puisque la soci\u00e9t\u00e9 n&#8217;est pas tenue, son assureur non plus. La cour confirme le rejet de l&#8217;appel &#8220;dirig\u00e9 contre Groupama Grand Est, pris en sa seule qualit\u00e9 d&#8217;assureur de la soci\u00e9t\u00e9 MK Chauffage&#8221; (Motifs). Cette solution isole le risque et emp\u00eache une dilution excessive de la responsabilit\u00e9 dans le groupe contractuel.<\/p>\n<p>Cette d\u00e9cision illustre l&#8217;exigence de pr\u00e9cision dans la mise en cause des garanties. Elle rappelle le principe de l&#8217;effet interruptif limit\u00e9 aux d\u00e9sordres d\u00e9crits, prot\u00e9geant ainsi la finalit\u00e9 forclusive du d\u00e9lai biennal. Le rejet des appels en garantie souligne l&#8217;importance de l&#8217;identit\u00e9 juridique du cocontractant dans la cha\u00eene des responsabilit\u00e9s. La rigueur proc\u00e9durale l&#8217;emporte, conduisant \u00e0 un partage net des obligations entre les parties.<\/p>\n<\/div>\n","protected":false},"excerpt":{"rendered":"<p>La Cour d&#8217;appel de Colmar, le 18 juin 2024, statue sur un litige relatif \u00e0 des d\u00e9sordres affectant un immeuble neuf. Les demandeurs, le syndicat des copropri&#8230;<\/p>\n","protected":false},"author":232070755,"featured_media":9490,"comment_status":"open","ping_status":"open","sticky":false,"template":"","format":"standard","meta":{"_crdt_document":"","_jetpack_newsletter_access":"","_jetpack_dont_email_post_to_subs":false,"_jetpack_newsletter_tier_id":0,"_jetpack_memberships_contains_paywalled_content":false,"_kj_source_type":"judilibre","_kj_official_id":"68d770c00b088dc59855559b","_kj_official_url":"https:\/\/www.courdecassation.fr\/decision\/68d770c00b088dc59855559b","_kj_judilibre_id":"68d770c00b088dc59855559b","_kj_jur":"Cour d'appel","_kj_lieu":"Cour d'appel de Colmar","_kj_chambre":"Chambre 2 A","_kj_rg":"22\/04152","_kj_date":"2025-09-26","_jetpack_memberships_contains_paid_content":false,"footnotes":"","jetpack_post_was_ever_published":false},"categories":[7597],"tags":[],"class_list":["post-660379","post","type-post","status-publish","format-standard","has-post-thumbnail","hentry","category-jurisprudence"],"yoast_head":"<!-- This site is optimized with the Yoast SEO Premium plugin v27.5 (Yoast SEO v27.5) - https:\/\/yoast.com\/product\/yoast-seo-premium-wordpress\/ -->\n<title>Cour d&#039;appel de Colmar, le 18 juin 2024, n\u00b022\/04152 - Ma\u00eetre Hassan Kohen, avocat en droit p\u00e9nal \u00e0 Paris<\/title>\n<meta name=\"description\" content=\"La Cour d&#039;appel de Colmar, le 18 juin 2024, statue sur un litige relatif \u00e0 des d\u00e9sordres affectant un immeuble neuf. Les demandeurs, le syndicat des copropri...\" \/>\n<meta name=\"robots\" content=\"index, follow, max-snippet:-1, max-image-preview:large, max-video-preview:-1\" \/>\n<link rel=\"canonical\" href=\"https:\/\/kohenavocats.com\/zh-hans\/cour-dappel-de-colmar-le-18-juin-2024-n22-04152\/\" \/>\n<meta property=\"og:locale\" content=\"zh_CN\" \/>\n<meta property=\"og:type\" content=\"article\" \/>\n<meta property=\"og:title\" content=\"Cour d&#039;appel de Colmar, le 18 juin 2024, n\u00b022\/04152\" \/>\n<meta property=\"og:description\" content=\"La Cour d&#039;appel de Colmar, le 18 juin 2024, statue sur un litige relatif \u00e0 des d\u00e9sordres affectant un immeuble neuf. Les demandeurs, le syndicat des copropri...\" \/>\n<meta property=\"og:url\" content=\"https:\/\/kohenavocats.com\/zh-hans\/cour-dappel-de-colmar-le-18-juin-2024-n22-04152\/\" \/>\n<meta property=\"og:site_name\" content=\"Ma\u00eetre Hassan Kohen, avocat en droit p\u00e9nal \u00e0 Paris\" \/>\n<meta property=\"article:published_time\" content=\"2026-04-23T13:11:18+00:00\" \/>\n<meta property=\"og:image\" content=\"https:\/\/kohenavocats.com\/wp-content\/uploads\/2024\/11\/jigar-panchal-JMz61NKc3E-unsplash-1024x576.webp\" \/>\n\t<meta property=\"og:image:width\" content=\"1024\" \/>\n\t<meta property=\"og:image:height\" content=\"576\" \/>\n\t<meta property=\"og:image:type\" content=\"image\/webp\" \/>\n<meta name=\"author\" content=\"Kohen\" \/>\n<meta name=\"twitter:card\" content=\"summary_large_image\" \/>\n<meta name=\"twitter:label1\" content=\"\u4f5c\u8005\" \/>\n\t<meta name=\"twitter:data1\" content=\"Kohen\" \/>\n\t<meta name=\"twitter:label2\" content=\"\u9884\u8ba1\u9605\u8bfb\u65f6\u95f4\" \/>\n\t<meta name=\"twitter:data2\" content=\"3 \u5206\" \/>\n<script type=\"application\/ld+json\" class=\"yoast-schema-graph\">{\"@context\":\"https:\\\/\\\/schema.org\",\"@graph\":[{\"@type\":\"Article\",\"@id\":\"https:\\\/\\\/kohenavocats.com\\\/zh-hans\\\/cour-dappel-de-colmar-le-18-juin-2024-n22-04152\\\/#article\",\"isPartOf\":{\"@id\":\"https:\\\/\\\/kohenavocats.com\\\/zh-hans\\\/cour-dappel-de-colmar-le-18-juin-2024-n22-04152\\\/\"},\"author\":{\"name\":\"Kohen\",\"@id\":\"https:\\\/\\\/kohenavocats.com\\\/zh-hans\\\/#\\\/schema\\\/person\\\/761c9ba54fa1ca84d405cef0831ff751\"},\"headline\":\"Cour d&#8217;appel de Colmar, le 18 juin 2024, n\u00b022\\\/04152\",\"datePublished\":\"2026-04-23T13:11:18+00:00\",\"mainEntityOfPage\":{\"@id\":\"https:\\\/\\\/kohenavocats.com\\\/zh-hans\\\/cour-dappel-de-colmar-le-18-juin-2024-n22-04152\\\/\"},\"wordCount\":541,\"commentCount\":0,\"publisher\":{\"@id\":\"https:\\\/\\\/kohenavocats.com\\\/zh-hans\\\/#organization\"},\"image\":{\"@id\":\"https:\\\/\\\/kohenavocats.com\\\/zh-hans\\\/cour-dappel-de-colmar-le-18-juin-2024-n22-04152\\\/#primaryimage\"},\"thumbnailUrl\":\"https:\\\/\\\/kohenavocats.com\\\/wp-content\\\/uploads\\\/2024\\\/11\\\/jigar-panchal-JMz61NKc3E-unsplash.webp\",\"articleSection\":[\"Jurisprudence\"],\"inLanguage\":\"zh-Hans\",\"potentialAction\":[{\"@type\":\"CommentAction\",\"name\":\"Comment\",\"target\":[\"https:\\\/\\\/kohenavocats.com\\\/zh-hans\\\/cour-dappel-de-colmar-le-18-juin-2024-n22-04152\\\/#respond\"]}],\"citation\":\"Cour d&#8217;appel de Colmar, le 18 juin 2024, n\u00b022\\\/04152\",\"about\":[{\"@type\":\"Thing\",\"name\":\"Jurisprudence\"}],\"dateModified\":\"2026-04-23T13:11:18+00:00\",\"speakable\":{\"@type\":\"SpeakableSpecification\",\"cssSelector\":[\".article-content > p:first-of-type\"]}},{\"@type\":\"WebPage\",\"@id\":\"https:\\\/\\\/kohenavocats.com\\\/zh-hans\\\/cour-dappel-de-colmar-le-18-juin-2024-n22-04152\\\/\",\"url\":\"https:\\\/\\\/kohenavocats.com\\\/zh-hans\\\/cour-dappel-de-colmar-le-18-juin-2024-n22-04152\\\/\",\"name\":\"Cour d'appel de Colmar, le 18 juin 2024, n\u00b022\\\/04152 - Ma\u00eetre Hassan Kohen, avocat en droit p\u00e9nal \u00e0 Paris\",\"isPartOf\":{\"@id\":\"https:\\\/\\\/kohenavocats.com\\\/zh-hans\\\/#website\"},\"primaryImageOfPage\":{\"@id\":\"https:\\\/\\\/kohenavocats.com\\\/zh-hans\\\/cour-dappel-de-colmar-le-18-juin-2024-n22-04152\\\/#primaryimage\"},\"image\":{\"@id\":\"https:\\\/\\\/kohenavocats.com\\\/zh-hans\\\/cour-dappel-de-colmar-le-18-juin-2024-n22-04152\\\/#primaryimage\"},\"thumbnailUrl\":\"https:\\\/\\\/kohenavocats.com\\\/wp-content\\\/uploads\\\/2024\\\/11\\\/jigar-panchal-JMz61NKc3E-unsplash.webp\",\"datePublished\":\"2026-04-23T13:11:18+00:00\",\"description\":\"La Cour d'appel de Colmar, le 18 juin 2024, statue sur un litige relatif \u00e0 des d\u00e9sordres affectant un immeuble neuf. Les demandeurs, le syndicat des copropri...\",\"breadcrumb\":{\"@id\":\"https:\\\/\\\/kohenavocats.com\\\/zh-hans\\\/cour-dappel-de-colmar-le-18-juin-2024-n22-04152\\\/#breadcrumb\"},\"inLanguage\":\"zh-Hans\",\"potentialAction\":[{\"@type\":\"ReadAction\",\"target\":[\"https:\\\/\\\/kohenavocats.com\\\/zh-hans\\\/cour-dappel-de-colmar-le-18-juin-2024-n22-04152\\\/\"]}]},{\"@type\":\"ImageObject\",\"inLanguage\":\"zh-Hans\",\"@id\":\"https:\\\/\\\/kohenavocats.com\\\/zh-hans\\\/cour-dappel-de-colmar-le-18-juin-2024-n22-04152\\\/#primaryimage\",\"url\":\"https:\\\/\\\/kohenavocats.com\\\/wp-content\\\/uploads\\\/2024\\\/11\\\/jigar-panchal-JMz61NKc3E-unsplash.webp\",\"contentUrl\":\"https:\\\/\\\/kohenavocats.com\\\/wp-content\\\/uploads\\\/2024\\\/11\\\/jigar-panchal-JMz61NKc3E-unsplash.webp\",\"width\":7680,\"height\":4320},{\"@type\":\"BreadcrumbList\",\"@id\":\"https:\\\/\\\/kohenavocats.com\\\/zh-hans\\\/cour-dappel-de-colmar-le-18-juin-2024-n22-04152\\\/#breadcrumb\",\"itemListElement\":[{\"@type\":\"ListItem\",\"position\":1,\"name\":\"Home\",\"item\":\"https:\\\/\\\/kohenavocats.com\\\/zh-hans\\\/\"},{\"@type\":\"ListItem\",\"position\":2,\"name\":\"Cour d&rsquo;appel de Colmar, le 18 juin 2024, n\u00b022\\\/04152\"}]},{\"@type\":\"WebSite\",\"@id\":\"https:\\\/\\\/kohenavocats.com\\\/zh-hans\\\/#website\",\"url\":\"https:\\\/\\\/kohenavocats.com\\\/zh-hans\\\/\",\"name\":\"Kohen Avocats\",\"description\":\"Ma\u00eetre Hassan Kohen, avocat p\u00e9naliste \u00e0 Paris, intervient exclusivement en droit p\u00e9nal pour la d\u00e9fense des particuliers, notamment en mati\u00e8re d\u2019accusations de viol. Il assure un accompagnement rigoureux d\u00e8s la garde \u00e0 vue jusqu\u2019\u00e0 la Cour d\u2019assises, veillant au strict respect des garanties proc\u00e9durales.\",\"publisher\":{\"@id\":\"https:\\\/\\\/kohenavocats.com\\\/zh-hans\\\/#organization\"},\"potentialAction\":[{\"@type\":\"SearchAction\",\"target\":{\"@type\":\"EntryPoint\",\"urlTemplate\":\"https:\\\/\\\/kohenavocats.com\\\/zh-hans\\\/?s={search_term_string}\"},\"query-input\":{\"@type\":\"PropertyValueSpecification\",\"valueRequired\":true,\"valueName\":\"search_term_string\"}}],\"inLanguage\":\"zh-Hans\"},{\"@type\":\"Organization\",\"@id\":\"https:\\\/\\\/kohenavocats.com\\\/zh-hans\\\/#organization\",\"name\":\"Kohen Avocats\",\"url\":\"https:\\\/\\\/kohenavocats.com\\\/zh-hans\\\/\",\"logo\":{\"@type\":\"ImageObject\",\"inLanguage\":\"zh-Hans\",\"@id\":\"https:\\\/\\\/kohenavocats.com\\\/zh-hans\\\/#\\\/schema\\\/logo\\\/image\\\/\",\"url\":\"https:\\\/\\\/kohenavocats.com\\\/wp-content\\\/uploads\\\/2026\\\/01\\\/Logo-2-1.webp\",\"contentUrl\":\"https:\\\/\\\/kohenavocats.com\\\/wp-content\\\/uploads\\\/2026\\\/01\\\/Logo-2-1.webp\",\"width\":2114,\"height\":1253,\"caption\":\"Kohen Avocats\"},\"image\":{\"@id\":\"https:\\\/\\\/kohenavocats.com\\\/zh-hans\\\/#\\\/schema\\\/logo\\\/image\\\/\"}},{\"@type\":\"Person\",\"@id\":\"https:\\\/\\\/kohenavocats.com\\\/zh-hans\\\/#\\\/schema\\\/person\\\/761c9ba54fa1ca84d405cef0831ff751\",\"name\":\"Kohen\",\"image\":{\"@type\":\"ImageObject\",\"inLanguage\":\"zh-Hans\",\"@id\":\"https:\\\/\\\/secure.gravatar.com\\\/avatar\\\/1c5e76ef76bbbfdd2b4da984e2bf2fa4056fd51a27d25ce2c332047f1dfd6e00?s=96&d=identicon&r=g\",\"url\":\"https:\\\/\\\/secure.gravatar.com\\\/avatar\\\/1c5e76ef76bbbfdd2b4da984e2bf2fa4056fd51a27d25ce2c332047f1dfd6e00?s=96&d=identicon&r=g\",\"contentUrl\":\"https:\\\/\\\/secure.gravatar.com\\\/avatar\\\/1c5e76ef76bbbfdd2b4da984e2bf2fa4056fd51a27d25ce2c332047f1dfd6e00?s=96&d=identicon&r=g\",\"caption\":\"Kohen\"},\"sameAs\":[\"https:\\\/\\\/www.linkedin.com\\\/in\\\/hassan-kohen-448548192\\\/\",\"https:\\\/\\\/www.youtube.com\\\/@Kohen-Avocats\"],\"url\":\"https:\\\/\\\/kohenavocats.com\\\/zh-hans\\\/author\\\/kohenmlk\\\/\"}]}<\/script>\n<!-- \/ Yoast SEO Premium plugin. -->","yoast_head_json":{"title":"Cour d'appel de Colmar, le 18 juin 2024, n\u00b022\/04152 - Ma\u00eetre Hassan Kohen, avocat en droit p\u00e9nal \u00e0 Paris","description":"La Cour d'appel de Colmar, le 18 juin 2024, statue sur un litige relatif \u00e0 des d\u00e9sordres affectant un immeuble neuf. Les demandeurs, le syndicat des copropri...","robots":{"index":"index","follow":"follow","max-snippet":"max-snippet:-1","max-image-preview":"max-image-preview:large","max-video-preview":"max-video-preview:-1"},"canonical":"https:\/\/kohenavocats.com\/zh-hans\/cour-dappel-de-colmar-le-18-juin-2024-n22-04152\/","og_locale":"zh_CN","og_type":"article","og_title":"Cour d'appel de Colmar, le 18 juin 2024, n\u00b022\/04152","og_description":"La Cour d'appel de Colmar, le 18 juin 2024, statue sur un litige relatif \u00e0 des d\u00e9sordres affectant un immeuble neuf. Les demandeurs, le syndicat des copropri...","og_url":"https:\/\/kohenavocats.com\/zh-hans\/cour-dappel-de-colmar-le-18-juin-2024-n22-04152\/","og_site_name":"Ma\u00eetre Hassan Kohen, avocat en droit p\u00e9nal \u00e0 Paris","article_published_time":"2026-04-23T13:11:18+00:00","og_image":[{"width":1024,"height":576,"url":"https:\/\/kohenavocats.com\/wp-content\/uploads\/2024\/11\/jigar-panchal-JMz61NKc3E-unsplash-1024x576.webp","type":"image\/webp"}],"author":"Kohen","twitter_card":"summary_large_image","twitter_misc":{"\u4f5c\u8005":"Kohen","\u9884\u8ba1\u9605\u8bfb\u65f6\u95f4":"3 \u5206"},"schema":{"@context":"https:\/\/schema.org","@graph":[{"@type":"Article","@id":"https:\/\/kohenavocats.com\/zh-hans\/cour-dappel-de-colmar-le-18-juin-2024-n22-04152\/#article","isPartOf":{"@id":"https:\/\/kohenavocats.com\/zh-hans\/cour-dappel-de-colmar-le-18-juin-2024-n22-04152\/"},"author":{"name":"Kohen","@id":"https:\/\/kohenavocats.com\/zh-hans\/#\/schema\/person\/761c9ba54fa1ca84d405cef0831ff751"},"headline":"Cour d&#8217;appel de Colmar, le 18 juin 2024, n\u00b022\/04152","datePublished":"2026-04-23T13:11:18+00:00","mainEntityOfPage":{"@id":"https:\/\/kohenavocats.com\/zh-hans\/cour-dappel-de-colmar-le-18-juin-2024-n22-04152\/"},"wordCount":541,"commentCount":0,"publisher":{"@id":"https:\/\/kohenavocats.com\/zh-hans\/#organization"},"image":{"@id":"https:\/\/kohenavocats.com\/zh-hans\/cour-dappel-de-colmar-le-18-juin-2024-n22-04152\/#primaryimage"},"thumbnailUrl":"https:\/\/kohenavocats.com\/wp-content\/uploads\/2024\/11\/jigar-panchal-JMz61NKc3E-unsplash.webp","articleSection":["Jurisprudence"],"inLanguage":"zh-Hans","potentialAction":[{"@type":"CommentAction","name":"Comment","target":["https:\/\/kohenavocats.com\/zh-hans\/cour-dappel-de-colmar-le-18-juin-2024-n22-04152\/#respond"]}],"citation":"Cour d&#8217;appel de Colmar, le 18 juin 2024, n\u00b022\/04152","about":[{"@type":"Thing","name":"Jurisprudence"}],"dateModified":"2026-04-23T13:11:18+00:00","speakable":{"@type":"SpeakableSpecification","cssSelector":[".article-content > p:first-of-type"]}},{"@type":"WebPage","@id":"https:\/\/kohenavocats.com\/zh-hans\/cour-dappel-de-colmar-le-18-juin-2024-n22-04152\/","url":"https:\/\/kohenavocats.com\/zh-hans\/cour-dappel-de-colmar-le-18-juin-2024-n22-04152\/","name":"Cour d'appel de Colmar, le 18 juin 2024, n\u00b022\/04152 - Ma\u00eetre Hassan Kohen, avocat en droit p\u00e9nal \u00e0 Paris","isPartOf":{"@id":"https:\/\/kohenavocats.com\/zh-hans\/#website"},"primaryImageOfPage":{"@id":"https:\/\/kohenavocats.com\/zh-hans\/cour-dappel-de-colmar-le-18-juin-2024-n22-04152\/#primaryimage"},"image":{"@id":"https:\/\/kohenavocats.com\/zh-hans\/cour-dappel-de-colmar-le-18-juin-2024-n22-04152\/#primaryimage"},"thumbnailUrl":"https:\/\/kohenavocats.com\/wp-content\/uploads\/2024\/11\/jigar-panchal-JMz61NKc3E-unsplash.webp","datePublished":"2026-04-23T13:11:18+00:00","description":"La Cour d'appel de Colmar, le 18 juin 2024, statue sur un litige relatif \u00e0 des d\u00e9sordres affectant un immeuble neuf. Les demandeurs, le syndicat des copropri...","breadcrumb":{"@id":"https:\/\/kohenavocats.com\/zh-hans\/cour-dappel-de-colmar-le-18-juin-2024-n22-04152\/#breadcrumb"},"inLanguage":"zh-Hans","potentialAction":[{"@type":"ReadAction","target":["https:\/\/kohenavocats.com\/zh-hans\/cour-dappel-de-colmar-le-18-juin-2024-n22-04152\/"]}]},{"@type":"ImageObject","inLanguage":"zh-Hans","@id":"https:\/\/kohenavocats.com\/zh-hans\/cour-dappel-de-colmar-le-18-juin-2024-n22-04152\/#primaryimage","url":"https:\/\/kohenavocats.com\/wp-content\/uploads\/2024\/11\/jigar-panchal-JMz61NKc3E-unsplash.webp","contentUrl":"https:\/\/kohenavocats.com\/wp-content\/uploads\/2024\/11\/jigar-panchal-JMz61NKc3E-unsplash.webp","width":7680,"height":4320},{"@type":"BreadcrumbList","@id":"https:\/\/kohenavocats.com\/zh-hans\/cour-dappel-de-colmar-le-18-juin-2024-n22-04152\/#breadcrumb","itemListElement":[{"@type":"ListItem","position":1,"name":"Home","item":"https:\/\/kohenavocats.com\/zh-hans\/"},{"@type":"ListItem","position":2,"name":"Cour d&rsquo;appel de Colmar, le 18 juin 2024, n\u00b022\/04152"}]},{"@type":"WebSite","@id":"https:\/\/kohenavocats.com\/zh-hans\/#website","url":"https:\/\/kohenavocats.com\/zh-hans\/","name":"Kohen Avocats","description":"Ma\u00eetre Hassan Kohen, avocat p\u00e9naliste \u00e0 Paris, intervient exclusivement en droit p\u00e9nal pour la d\u00e9fense des particuliers, notamment en mati\u00e8re d\u2019accusations de viol. Il assure un accompagnement rigoureux d\u00e8s la garde \u00e0 vue jusqu\u2019\u00e0 la Cour d\u2019assises, veillant au strict respect des garanties proc\u00e9durales.","publisher":{"@id":"https:\/\/kohenavocats.com\/zh-hans\/#organization"},"potentialAction":[{"@type":"SearchAction","target":{"@type":"EntryPoint","urlTemplate":"https:\/\/kohenavocats.com\/zh-hans\/?s={search_term_string}"},"query-input":{"@type":"PropertyValueSpecification","valueRequired":true,"valueName":"search_term_string"}}],"inLanguage":"zh-Hans"},{"@type":"Organization","@id":"https:\/\/kohenavocats.com\/zh-hans\/#organization","name":"Kohen Avocats","url":"https:\/\/kohenavocats.com\/zh-hans\/","logo":{"@type":"ImageObject","inLanguage":"zh-Hans","@id":"https:\/\/kohenavocats.com\/zh-hans\/#\/schema\/logo\/image\/","url":"https:\/\/kohenavocats.com\/wp-content\/uploads\/2026\/01\/Logo-2-1.webp","contentUrl":"https:\/\/kohenavocats.com\/wp-content\/uploads\/2026\/01\/Logo-2-1.webp","width":2114,"height":1253,"caption":"Kohen Avocats"},"image":{"@id":"https:\/\/kohenavocats.com\/zh-hans\/#\/schema\/logo\/image\/"}},{"@type":"Person","@id":"https:\/\/kohenavocats.com\/zh-hans\/#\/schema\/person\/761c9ba54fa1ca84d405cef0831ff751","name":"Kohen","image":{"@type":"ImageObject","inLanguage":"zh-Hans","@id":"https:\/\/secure.gravatar.com\/avatar\/1c5e76ef76bbbfdd2b4da984e2bf2fa4056fd51a27d25ce2c332047f1dfd6e00?s=96&d=identicon&r=g","url":"https:\/\/secure.gravatar.com\/avatar\/1c5e76ef76bbbfdd2b4da984e2bf2fa4056fd51a27d25ce2c332047f1dfd6e00?s=96&d=identicon&r=g","contentUrl":"https:\/\/secure.gravatar.com\/avatar\/1c5e76ef76bbbfdd2b4da984e2bf2fa4056fd51a27d25ce2c332047f1dfd6e00?s=96&d=identicon&r=g","caption":"Kohen"},"sameAs":["https:\/\/www.linkedin.com\/in\/hassan-kohen-448548192\/","https:\/\/www.youtube.com\/@Kohen-Avocats"],"url":"https:\/\/kohenavocats.com\/zh-hans\/author\/kohenmlk\/"}]}},"jetpack_featured_media_url":"https:\/\/kohenavocats.com\/wp-content\/uploads\/2024\/11\/jigar-panchal-JMz61NKc3E-unsplash.webp","jetpack_likes_enabled":false,"jetpack_shortlink":"https:\/\/wp.me\/peCrII-2LNh","jetpack-related-posts":[{"id":90078,"url":"https:\/\/kohenavocats.com\/zh-hans\/cour-dappel-de-colmar-le-13-juin-2025-n23-00212\/","url_meta":{"origin":660379,"position":0},"title":"Cour d&#8217;appel de Colmar, le 13 juin 2025, n\u00b023\/00212","author":"Kohen","date":"2025\u5e7411\u670810\u65e5","format":false,"excerpt":"La Cour d\u2019appel de Colmar, 13 juin 2025, tranche u\u2026","rel":"","context":"\u5728\u201cCour d'appel\u201d\u4e2d","block_context":{"text":"Cour d'appel","link":"https:\/\/kohenavocats.com\/category\/cour-dappel\/"},"img":{"alt_text":"","src":"https:\/\/i0.wp.com\/kohenavocats.com\/wp-content\/uploads\/2024\/08\/pascal-bernardon-PwM_qb33Ux0-unsplash.webp?resize=350%2C200&ssl=1","width":350,"height":200,"srcset":"https:\/\/i0.wp.com\/kohenavocats.com\/wp-content\/uploads\/2024\/08\/pascal-bernardon-PwM_qb33Ux0-unsplash.webp?resize=350%2C200&ssl=1 1x, https:\/\/i0.wp.com\/kohenavocats.com\/wp-content\/uploads\/2024\/08\/pascal-bernardon-PwM_qb33Ux0-unsplash.webp?resize=525%2C300&ssl=1 1.5x, https:\/\/i0.wp.com\/kohenavocats.com\/wp-content\/uploads\/2024\/08\/pascal-bernardon-PwM_qb33Ux0-unsplash.webp?resize=700%2C400&ssl=1 2x, https:\/\/i0.wp.com\/kohenavocats.com\/wp-content\/uploads\/2024\/08\/pascal-bernardon-PwM_qb33Ux0-unsplash.webp?resize=1050%2C600&ssl=1 3x, https:\/\/i0.wp.com\/kohenavocats.com\/wp-content\/uploads\/2024\/08\/pascal-bernardon-PwM_qb33Ux0-unsplash.webp?resize=1400%2C800&ssl=1 4x"},"classes":[]},{"id":498234,"url":"https:\/\/kohenavocats.com\/zh-hans\/cour-dappel-le-13-mars-2025-n24-00322\/","url_meta":{"origin":660379,"position":1},"title":"Cour d&#8217;appel, le 13 mars 2025, n\u00b024\/00322","author":"Kohen","date":"2026\u5e744\u67088\u65e5","format":false,"excerpt":"Cour d'appel de Riom, statuant le 13 mars 2025, ex\u2026","rel":"","context":"\u5728\u201cJurisprudence\u201d\u4e2d","block_context":{"text":"Jurisprudence","link":"https:\/\/kohenavocats.com\/category\/jurisprudence\/"},"img":{"alt_text":"","src":"https:\/\/i0.wp.com\/kohenavocats.com\/wp-content\/uploads\/2024\/08\/louis-paulin-hoyM4lFB8S0-unsplash.webp?resize=350%2C200&ssl=1","width":350,"height":200,"srcset":"https:\/\/i0.wp.com\/kohenavocats.com\/wp-content\/uploads\/2024\/08\/louis-paulin-hoyM4lFB8S0-unsplash.webp?resize=350%2C200&ssl=1 1x, https:\/\/i0.wp.com\/kohenavocats.com\/wp-content\/uploads\/2024\/08\/louis-paulin-hoyM4lFB8S0-unsplash.webp?resize=525%2C300&ssl=1 1.5x, https:\/\/i0.wp.com\/kohenavocats.com\/wp-content\/uploads\/2024\/08\/louis-paulin-hoyM4lFB8S0-unsplash.webp?resize=700%2C400&ssl=1 2x, https:\/\/i0.wp.com\/kohenavocats.com\/wp-content\/uploads\/2024\/08\/louis-paulin-hoyM4lFB8S0-unsplash.webp?resize=1050%2C600&ssl=1 3x, https:\/\/i0.wp.com\/kohenavocats.com\/wp-content\/uploads\/2024\/08\/louis-paulin-hoyM4lFB8S0-unsplash.webp?resize=1400%2C800&ssl=1 4x"},"classes":[]},{"id":617907,"url":"https:\/\/kohenavocats.com\/zh-hans\/cour-dappel-de-paris-le-10-juillet-2024-n24-10892\/","url_meta":{"origin":660379,"position":2},"title":"Cour d&#8217;appel de Paris, le 10 juillet 2024, n\u00b024\/10892","author":"Kohen","date":"2026\u5e744\u670820\u65e5","format":false,"excerpt":"La cour d\u2019appel de Paris, statuant par arr\u00eat du 10\u2026","rel":"","context":"\u5728\u201cJurisprudence\u201d\u4e2d","block_context":{"text":"Jurisprudence","link":"https:\/\/kohenavocats.com\/category\/jurisprudence\/"},"img":{"alt_text":"","src":"https:\/\/i0.wp.com\/kohenavocats.com\/wp-content\/uploads\/2024\/11\/mohamed-nohassi-wHmB_RPpurI-unsplash.webp?resize=350%2C200&ssl=1","width":350,"height":200,"srcset":"https:\/\/i0.wp.com\/kohenavocats.com\/wp-content\/uploads\/2024\/11\/mohamed-nohassi-wHmB_RPpurI-unsplash.webp?resize=350%2C200&ssl=1 1x, https:\/\/i0.wp.com\/kohenavocats.com\/wp-content\/uploads\/2024\/11\/mohamed-nohassi-wHmB_RPpurI-unsplash.webp?resize=525%2C300&ssl=1 1.5x, https:\/\/i0.wp.com\/kohenavocats.com\/wp-content\/uploads\/2024\/11\/mohamed-nohassi-wHmB_RPpurI-unsplash.webp?resize=700%2C400&ssl=1 2x, https:\/\/i0.wp.com\/kohenavocats.com\/wp-content\/uploads\/2024\/11\/mohamed-nohassi-wHmB_RPpurI-unsplash.webp?resize=1050%2C600&ssl=1 3x, https:\/\/i0.wp.com\/kohenavocats.com\/wp-content\/uploads\/2024\/11\/mohamed-nohassi-wHmB_RPpurI-unsplash.webp?resize=1400%2C800&ssl=1 4x"},"classes":[]},{"id":440197,"url":"https:\/\/kohenavocats.com\/zh-hans\/cour-dappel-de-lyon-le-7-juin-2011-n09-02880\/","url_meta":{"origin":660379,"position":3},"title":"Cour d&#8217;appel de Lyon, le 7 juin 2011, n\u00b009\/02880","author":"Kohen","date":"2026\u5e743\u670828\u65e5","format":false,"excerpt":"La construction d'un ensemble immobilier a donn\u00e9 l\u2026","rel":"","context":"\u5728\u201cCour d'appel\u201d\u4e2d","block_context":{"text":"Cour d'appel","link":"https:\/\/kohenavocats.com\/category\/cour-dappel\/"},"img":{"alt_text":"","src":"https:\/\/i0.wp.com\/kohenavocats.com\/wp-content\/uploads\/2024\/08\/j-venerosy-EitiaUwmD-8-unsplash.webp?resize=350%2C200&ssl=1","width":350,"height":200,"srcset":"https:\/\/i0.wp.com\/kohenavocats.com\/wp-content\/uploads\/2024\/08\/j-venerosy-EitiaUwmD-8-unsplash.webp?resize=350%2C200&ssl=1 1x, https:\/\/i0.wp.com\/kohenavocats.com\/wp-content\/uploads\/2024\/08\/j-venerosy-EitiaUwmD-8-unsplash.webp?resize=525%2C300&ssl=1 1.5x, https:\/\/i0.wp.com\/kohenavocats.com\/wp-content\/uploads\/2024\/08\/j-venerosy-EitiaUwmD-8-unsplash.webp?resize=700%2C400&ssl=1 2x, https:\/\/i0.wp.com\/kohenavocats.com\/wp-content\/uploads\/2024\/08\/j-venerosy-EitiaUwmD-8-unsplash.webp?resize=1050%2C600&ssl=1 3x, https:\/\/i0.wp.com\/kohenavocats.com\/wp-content\/uploads\/2024\/08\/j-venerosy-EitiaUwmD-8-unsplash.webp?resize=1400%2C800&ssl=1 4x"},"classes":[]},{"id":533506,"url":"https:\/\/kohenavocats.com\/zh-hans\/cour-dappel-de-aix-en-provence-le-1-juillet-2025-n21-04845\/","url_meta":{"origin":660379,"position":4},"title":"Cour d&#8217;appel de Aix-en-Provence, le 1 juillet 2025, n\u00b021\/04845","author":"Kohen","date":"2026\u5e744\u67089\u65e5","format":false,"excerpt":"La Cour d'appel d'Aix-en-Provence, statuant le 1er\u2026","rel":"","context":"\u5728\u201cJurisprudence\u201d\u4e2d","block_context":{"text":"Jurisprudence","link":"https:\/\/kohenavocats.com\/category\/jurisprudence\/"},"img":{"alt_text":"","src":"https:\/\/i0.wp.com\/kohenavocats.com\/wp-content\/uploads\/2024\/08\/diane-picchiottino-PeF-Q-zRVSA-unsplash.webp?resize=350%2C200&ssl=1","width":350,"height":200,"srcset":"https:\/\/i0.wp.com\/kohenavocats.com\/wp-content\/uploads\/2024\/08\/diane-picchiottino-PeF-Q-zRVSA-unsplash.webp?resize=350%2C200&ssl=1 1x, https:\/\/i0.wp.com\/kohenavocats.com\/wp-content\/uploads\/2024\/08\/diane-picchiottino-PeF-Q-zRVSA-unsplash.webp?resize=525%2C300&ssl=1 1.5x, https:\/\/i0.wp.com\/kohenavocats.com\/wp-content\/uploads\/2024\/08\/diane-picchiottino-PeF-Q-zRVSA-unsplash.webp?resize=700%2C400&ssl=1 2x, https:\/\/i0.wp.com\/kohenavocats.com\/wp-content\/uploads\/2024\/08\/diane-picchiottino-PeF-Q-zRVSA-unsplash.webp?resize=1050%2C600&ssl=1 3x, https:\/\/i0.wp.com\/kohenavocats.com\/wp-content\/uploads\/2024\/08\/diane-picchiottino-PeF-Q-zRVSA-unsplash.webp?resize=1400%2C800&ssl=1 4x"},"classes":[]},{"id":481319,"url":"https:\/\/kohenavocats.com\/zh-hans\/cour-dappel-de-colmar-le-18-fevrier-2025-n22-00667\/","url_meta":{"origin":660379,"position":5},"title":"Cour d&#8217;appel de Colmar, le 18 f\u00e9vrier 2025, n\u00b022\/00667","author":"Kohen","date":"2026\u5e744\u67087\u65e5","format":false,"excerpt":"La Cour d'appel de Colmar, dans un arr\u00eat du 18 f\u00e9v\u2026","rel":"","context":"\u5728\u201cJurisprudence\u201d\u4e2d","block_context":{"text":"Jurisprudence","link":"https:\/\/kohenavocats.com\/category\/jurisprudence\/"},"img":{"alt_text":"","src":"https:\/\/i0.wp.com\/kohenavocats.com\/wp-content\/uploads\/2024\/08\/waqar-KY7GFNrxoOY-unsplash-2.webp?resize=350%2C200&ssl=1","width":350,"height":200,"srcset":"https:\/\/i0.wp.com\/kohenavocats.com\/wp-content\/uploads\/2024\/08\/waqar-KY7GFNrxoOY-unsplash-2.webp?resize=350%2C200&ssl=1 1x, https:\/\/i0.wp.com\/kohenavocats.com\/wp-content\/uploads\/2024\/08\/waqar-KY7GFNrxoOY-unsplash-2.webp?resize=525%2C300&ssl=1 1.5x, https:\/\/i0.wp.com\/kohenavocats.com\/wp-content\/uploads\/2024\/08\/waqar-KY7GFNrxoOY-unsplash-2.webp?resize=700%2C400&ssl=1 2x, https:\/\/i0.wp.com\/kohenavocats.com\/wp-content\/uploads\/2024\/08\/waqar-KY7GFNrxoOY-unsplash-2.webp?resize=1050%2C600&ssl=1 3x, https:\/\/i0.wp.com\/kohenavocats.com\/wp-content\/uploads\/2024\/08\/waqar-KY7GFNrxoOY-unsplash-2.webp?resize=1400%2C800&ssl=1 4x"},"classes":[]}],"jetpack_sharing_enabled":true,"_links":{"self":[{"href":"https:\/\/kohenavocats.com\/zh-hans\/wp-json\/wp\/v2\/posts\/660379","targetHints":{"allow":["GET"]}}],"collection":[{"href":"https:\/\/kohenavocats.com\/zh-hans\/wp-json\/wp\/v2\/posts"}],"about":[{"href":"https:\/\/kohenavocats.com\/zh-hans\/wp-json\/wp\/v2\/types\/post"}],"author":[{"embeddable":true,"href":"https:\/\/kohenavocats.com\/zh-hans\/wp-json\/wp\/v2\/users\/232070755"}],"replies":[{"embeddable":true,"href":"https:\/\/kohenavocats.com\/zh-hans\/wp-json\/wp\/v2\/comments?post=660379"}],"version-history":[{"count":0,"href":"https:\/\/kohenavocats.com\/zh-hans\/wp-json\/wp\/v2\/posts\/660379\/revisions"}],"wp:featuredmedia":[{"embeddable":true,"href":"https:\/\/kohenavocats.com\/zh-hans\/wp-json\/wp\/v2\/media\/9490"}],"wp:attachment":[{"href":"https:\/\/kohenavocats.com\/zh-hans\/wp-json\/wp\/v2\/media?parent=660379"}],"wp:term":[{"taxonomy":"category","embeddable":true,"href":"https:\/\/kohenavocats.com\/zh-hans\/wp-json\/wp\/v2\/categories?post=660379"},{"taxonomy":"post_tag","embeddable":true,"href":"https:\/\/kohenavocats.com\/zh-hans\/wp-json\/wp\/v2\/tags?post=660379"}],"curies":[{"name":"wp","href":"https:\/\/api.w.org\/{rel}","templated":true}]}}