{"id":660384,"date":"2026-04-23T15:11:39","date_gmt":"2026-04-23T13:11:39","guid":{"rendered":"https:\/\/kohenavocats.com\/cour-dappel-de-paris-le-16-mai-2024-n23-01867\/"},"modified":"2026-04-23T15:11:39","modified_gmt":"2026-04-23T13:11:39","slug":"cour-dappel-de-paris-le-16-mai-2024-n23-01867","status":"publish","type":"post","link":"https:\/\/kohenavocats.com\/zh-hans\/cour-dappel-de-paris-le-16-mai-2024-n23-01867\/","title":{"rendered":"Cour d&#8217;appel de Paris, le 16 mai 2024, n\u00b023\/01867"},"content":{"rendered":"<div class=\"article-content\">\n<p>La Cour d&#8217;appel de Paris, statuant le 16 mai 2024, examine les suites d&#8217;une rupture anticip\u00e9e d&#8217;un contrat sportif. Une soci\u00e9t\u00e9 engageait un pilote pour disputer un championnat automobile complet. Elle mit fin unilat\u00e9ralement \u00e0 cette collaboration avant son terme, invoquant des performances d\u00e9cevantes. Le pilote et sa soci\u00e9t\u00e9 de gestion r\u00e9clamaient r\u00e9paration. La cour infirme le jugement de premi\u00e8re instance pour statuer sur la responsabilit\u00e9 contractuelle et la r\u00e9paration des pr\u00e9judices.<\/p>\n<p>La qualification du manquement contractuel<\/p>\n<p>L&#8217;identification de l&#8217;obligation essentielle. L&#8217;analyse contractuelle permet de d\u00e9gager l&#8217;obligation fondamentale de la soci\u00e9t\u00e9. L&#8217;examen des clauses r\u00e9v\u00e8le un engagement ferme pour la saison enti\u00e8re. &#8220;Il ressort de ces \u00e9l\u00e9ments que l&#8217;objet de la convention liant les parties est de faire concourir [le pilote] sur l&#8217;int\u00e9gralit\u00e9 du championnat&#8221; (Motifs). La dur\u00e9e du contrat et l&#8217;absence de contrepartie financi\u00e8re confirment cette obligation. La soci\u00e9t\u00e9 ne pouvait donc se lib\u00e9rer par un simple m\u00e9contentement sportif.<\/p>\n<p>Le rejet des causes de rupture invoqu\u00e9es. La cour \u00e9carte les justifications fond\u00e9es sur les r\u00e9sultats. Elle rappelle le principe de force obligatoire des conventions. &#8220;Il lui appartenait donc soit de continuer \u00e0 faire concourir [le pilote] sur l&#8217;ensemble de la p\u00e9riode fix\u00e9e [&#8230;] soit actionner la clause de l&#8217;article 10&#8221; (Motifs). Les performances ne constituaient pas une obligation contractuelle du pilote. Aucun manquement \u00e0 ses devoirs d&#8217;assiduit\u00e9 ou d&#8217;entra\u00eenement n&#8217;\u00e9tait \u00e9tabli. La rupture anticip\u00e9e constitue donc une inex\u00e9cution fautive.<\/p>\n<p>La r\u00e9paration du pr\u00e9judice subi par un tiers<\/p>\n<p>L&#8217;admission de l&#8217;action d&#8217;un tiers au contrat. La soci\u00e9t\u00e9 de gestion du pilote, partie aux contrats de sponsoring, agit en responsabilit\u00e9 d\u00e9lictuelle. La cour applique la jurisprudence admettant cette action. &#8220;Le tiers \u00e0 un contrat peut invoquer, sur le fondement de la responsabilit\u00e9 d\u00e9lictuelle, un manquement contractuel d\u00e8s lors que ce manquement lui a caus\u00e9 un dommage&#8221; (Motifs). Le lien de causalit\u00e9 entre la rupture et le pr\u00e9judice financier est retenu. L&#8217;arr\u00eat de la participation sportive a priv\u00e9 les sponsors de la visibilit\u00e9 contractuelle.<\/p>\n<p>L&#8217;\u00e9valuation du pr\u00e9judice et la recevabilit\u00e9 des preuves. La cour proc\u00e8de \u00e0 une analyse minutieuse des \u00e9l\u00e9ments probatoires. Elle \u00e9carte l&#8217;argument du secret bancaire concernant des relev\u00e9s. &#8220;Le secret bancaire n&#8217;a pas vocation \u00e0 s&#8217;appliquer au cas d&#8217;esp\u00e8ce&#8221; (Motifs). Elle retient une attestation malgr\u00e9 des irr\u00e9gularit\u00e9s de forme non substantielles. L&#8217;examen des factures et paiements permet de fixer le pr\u00e9judice \u00e0 soixante-deux mille euros. La demande d&#8217;indemnisation du pilote lui-m\u00eame est rejet\u00e9e par d\u00e9faut de preuve.<\/p>\n<p>Cet arr\u00eat rappelle avec force le principe de l&#8217;effet obligatoire du contrat. Il souligne que l&#8217;appr\u00e9ciation subjective d&#8217;une prestation ne permet pas d&#8217;y d\u00e9roger. La solution consacre une protection effective de la partie faible dans les contrats sportifs. Elle pr\u00e9cise \u00e9galement les conditions de la r\u00e9paration pour les tiers \u00e9conomiquement li\u00e9s. La port\u00e9e est significative pour tous les engagements fond\u00e9s sur une collaboration continue.<\/p>\n<\/div>\n","protected":false},"excerpt":{"rendered":"<p>La Cour d&#8217;appel de Paris, statuant le 16 mai 2024, examine les suites d&#8217;une rupture anticip\u00e9e d&#8217;un contrat sportif. Une soci\u00e9t\u00e9 engageait un pilote pour disp&#8230;<\/p>\n","protected":false},"author":232070755,"featured_media":9694,"comment_status":"open","ping_status":"open","sticky":false,"template":"","format":"standard","meta":{"_crdt_document":"","_jetpack_newsletter_access":"","_jetpack_dont_email_post_to_subs":false,"_jetpack_newsletter_tier_id":0,"_jetpack_memberships_contains_paywalled_content":false,"_kj_source_type":"judilibre","_kj_official_id":"68d7706a4a9e93a91e2fcece","_kj_official_url":"https:\/\/www.courdecassation.fr\/decision\/68d7706a4a9e93a91e2fcece","_kj_judilibre_id":"68d7706a4a9e93a91e2fcece","_kj_jur":"Cour d'appel","_kj_lieu":"Cour d'appel de N\u00eemes","_kj_chambre":"4\u00e8me chambre commerciale","_kj_rg":"23\/01867","_kj_date":"2025-09-26","_jetpack_memberships_contains_paid_content":false,"footnotes":"","jetpack_post_was_ever_published":false},"categories":[7597],"tags":[],"class_list":["post-660384","post","type-post","status-publish","format-standard","has-post-thumbnail","hentry","category-jurisprudence"],"yoast_head":"<!-- This site is optimized with the Yoast SEO Premium plugin v27.5 (Yoast SEO v27.5) - https:\/\/yoast.com\/product\/yoast-seo-premium-wordpress\/ -->\n<title>Cour d&#039;appel de Paris, le 16 mai 2024, n\u00b023\/01867 - Ma\u00eetre Hassan Kohen, avocat en droit p\u00e9nal \u00e0 Paris<\/title>\n<meta name=\"description\" content=\"La Cour d&#039;appel de Paris, statuant le 16 mai 2024, examine les suites d&#039;une rupture anticip\u00e9e d&#039;un contrat sportif. Une soci\u00e9t\u00e9 engageait un pilote pour disp...\" \/>\n<meta name=\"robots\" content=\"index, follow, max-snippet:-1, max-image-preview:large, max-video-preview:-1\" \/>\n<link rel=\"canonical\" href=\"https:\/\/kohenavocats.com\/zh-hans\/cour-dappel-de-paris-le-16-mai-2024-n23-01867\/\" \/>\n<meta property=\"og:locale\" content=\"zh_CN\" \/>\n<meta property=\"og:type\" content=\"article\" \/>\n<meta property=\"og:title\" content=\"Cour d&#039;appel de Paris, le 16 mai 2024, n\u00b023\/01867\" \/>\n<meta property=\"og:description\" content=\"La Cour d&#039;appel de Paris, statuant le 16 mai 2024, examine les suites d&#039;une rupture anticip\u00e9e d&#039;un contrat sportif. Une soci\u00e9t\u00e9 engageait un pilote pour disp...\" \/>\n<meta property=\"og:url\" content=\"https:\/\/kohenavocats.com\/zh-hans\/cour-dappel-de-paris-le-16-mai-2024-n23-01867\/\" \/>\n<meta property=\"og:site_name\" content=\"Ma\u00eetre Hassan Kohen, avocat en droit p\u00e9nal \u00e0 Paris\" \/>\n<meta property=\"article:published_time\" content=\"2026-04-23T13:11:39+00:00\" \/>\n<meta property=\"og:image\" content=\"https:\/\/kohenavocats.com\/wp-content\/uploads\/2024\/11\/getty-images-TVMKiNPHZTE-unsplash.webp\" \/>\n\t<meta property=\"og:image:width\" content=\"2555\" \/>\n\t<meta property=\"og:image:height\" content=\"3830\" \/>\n\t<meta property=\"og:image:type\" content=\"image\/webp\" \/>\n<meta name=\"author\" content=\"Kohen\" \/>\n<meta name=\"twitter:card\" content=\"summary_large_image\" \/>\n<meta name=\"twitter:label1\" content=\"\u4f5c\u8005\" \/>\n\t<meta name=\"twitter:data1\" content=\"Kohen\" \/>\n\t<meta name=\"twitter:label2\" content=\"\u9884\u8ba1\u9605\u8bfb\u65f6\u95f4\" \/>\n\t<meta name=\"twitter:data2\" content=\"3 \u5206\" \/>\n<script type=\"application\/ld+json\" class=\"yoast-schema-graph\">{\"@context\":\"https:\\\/\\\/schema.org\",\"@graph\":[{\"@type\":\"Article\",\"@id\":\"https:\\\/\\\/kohenavocats.com\\\/zh-hans\\\/cour-dappel-de-paris-le-16-mai-2024-n23-01867\\\/#article\",\"isPartOf\":{\"@id\":\"https:\\\/\\\/kohenavocats.com\\\/zh-hans\\\/cour-dappel-de-paris-le-16-mai-2024-n23-01867\\\/\"},\"author\":{\"name\":\"Kohen\",\"@id\":\"https:\\\/\\\/kohenavocats.com\\\/zh-hans\\\/#\\\/schema\\\/person\\\/761c9ba54fa1ca84d405cef0831ff751\"},\"headline\":\"Cour d&#8217;appel de Paris, le 16 mai 2024, n\u00b023\\\/01867\",\"datePublished\":\"2026-04-23T13:11:39+00:00\",\"mainEntityOfPage\":{\"@id\":\"https:\\\/\\\/kohenavocats.com\\\/zh-hans\\\/cour-dappel-de-paris-le-16-mai-2024-n23-01867\\\/\"},\"wordCount\":547,\"commentCount\":0,\"publisher\":{\"@id\":\"https:\\\/\\\/kohenavocats.com\\\/zh-hans\\\/#organization\"},\"image\":{\"@id\":\"https:\\\/\\\/kohenavocats.com\\\/zh-hans\\\/cour-dappel-de-paris-le-16-mai-2024-n23-01867\\\/#primaryimage\"},\"thumbnailUrl\":\"https:\\\/\\\/kohenavocats.com\\\/wp-content\\\/uploads\\\/2024\\\/11\\\/getty-images-TVMKiNPHZTE-unsplash.webp\",\"articleSection\":[\"Jurisprudence\"],\"inLanguage\":\"zh-Hans\",\"potentialAction\":[{\"@type\":\"CommentAction\",\"name\":\"Comment\",\"target\":[\"https:\\\/\\\/kohenavocats.com\\\/zh-hans\\\/cour-dappel-de-paris-le-16-mai-2024-n23-01867\\\/#respond\"]}],\"citation\":\"Cour d&#8217;appel de Paris, le 16 mai 2024, n\u00b023\\\/01867\",\"about\":[{\"@type\":\"Thing\",\"name\":\"Jurisprudence\"}],\"dateModified\":\"2026-04-23T13:11:39+00:00\",\"speakable\":{\"@type\":\"SpeakableSpecification\",\"cssSelector\":[\".article-content > p:first-of-type\"]}},{\"@type\":\"WebPage\",\"@id\":\"https:\\\/\\\/kohenavocats.com\\\/zh-hans\\\/cour-dappel-de-paris-le-16-mai-2024-n23-01867\\\/\",\"url\":\"https:\\\/\\\/kohenavocats.com\\\/zh-hans\\\/cour-dappel-de-paris-le-16-mai-2024-n23-01867\\\/\",\"name\":\"Cour d'appel de Paris, le 16 mai 2024, n\u00b023\\\/01867 - Ma\u00eetre Hassan Kohen, avocat en droit p\u00e9nal \u00e0 Paris\",\"isPartOf\":{\"@id\":\"https:\\\/\\\/kohenavocats.com\\\/zh-hans\\\/#website\"},\"primaryImageOfPage\":{\"@id\":\"https:\\\/\\\/kohenavocats.com\\\/zh-hans\\\/cour-dappel-de-paris-le-16-mai-2024-n23-01867\\\/#primaryimage\"},\"image\":{\"@id\":\"https:\\\/\\\/kohenavocats.com\\\/zh-hans\\\/cour-dappel-de-paris-le-16-mai-2024-n23-01867\\\/#primaryimage\"},\"thumbnailUrl\":\"https:\\\/\\\/kohenavocats.com\\\/wp-content\\\/uploads\\\/2024\\\/11\\\/getty-images-TVMKiNPHZTE-unsplash.webp\",\"datePublished\":\"2026-04-23T13:11:39+00:00\",\"description\":\"La Cour d'appel de Paris, statuant le 16 mai 2024, examine les suites d'une rupture anticip\u00e9e d'un contrat sportif. Une soci\u00e9t\u00e9 engageait un pilote pour disp...\",\"breadcrumb\":{\"@id\":\"https:\\\/\\\/kohenavocats.com\\\/zh-hans\\\/cour-dappel-de-paris-le-16-mai-2024-n23-01867\\\/#breadcrumb\"},\"inLanguage\":\"zh-Hans\",\"potentialAction\":[{\"@type\":\"ReadAction\",\"target\":[\"https:\\\/\\\/kohenavocats.com\\\/zh-hans\\\/cour-dappel-de-paris-le-16-mai-2024-n23-01867\\\/\"]}]},{\"@type\":\"ImageObject\",\"inLanguage\":\"zh-Hans\",\"@id\":\"https:\\\/\\\/kohenavocats.com\\\/zh-hans\\\/cour-dappel-de-paris-le-16-mai-2024-n23-01867\\\/#primaryimage\",\"url\":\"https:\\\/\\\/kohenavocats.com\\\/wp-content\\\/uploads\\\/2024\\\/11\\\/getty-images-TVMKiNPHZTE-unsplash.webp\",\"contentUrl\":\"https:\\\/\\\/kohenavocats.com\\\/wp-content\\\/uploads\\\/2024\\\/11\\\/getty-images-TVMKiNPHZTE-unsplash.webp\",\"width\":2555,\"height\":3830},{\"@type\":\"BreadcrumbList\",\"@id\":\"https:\\\/\\\/kohenavocats.com\\\/zh-hans\\\/cour-dappel-de-paris-le-16-mai-2024-n23-01867\\\/#breadcrumb\",\"itemListElement\":[{\"@type\":\"ListItem\",\"position\":1,\"name\":\"Home\",\"item\":\"https:\\\/\\\/kohenavocats.com\\\/zh-hans\\\/\"},{\"@type\":\"ListItem\",\"position\":2,\"name\":\"Cour d&rsquo;appel de Paris, le 16 mai 2024, n\u00b023\\\/01867\"}]},{\"@type\":\"WebSite\",\"@id\":\"https:\\\/\\\/kohenavocats.com\\\/zh-hans\\\/#website\",\"url\":\"https:\\\/\\\/kohenavocats.com\\\/zh-hans\\\/\",\"name\":\"Kohen Avocats\",\"description\":\"Ma\u00eetre Hassan Kohen, avocat p\u00e9naliste \u00e0 Paris, intervient exclusivement en droit p\u00e9nal pour la d\u00e9fense des particuliers, notamment en mati\u00e8re d\u2019accusations de viol. Il assure un accompagnement rigoureux d\u00e8s la garde \u00e0 vue jusqu\u2019\u00e0 la Cour d\u2019assises, veillant au strict respect des garanties proc\u00e9durales.\",\"publisher\":{\"@id\":\"https:\\\/\\\/kohenavocats.com\\\/zh-hans\\\/#organization\"},\"potentialAction\":[{\"@type\":\"SearchAction\",\"target\":{\"@type\":\"EntryPoint\",\"urlTemplate\":\"https:\\\/\\\/kohenavocats.com\\\/zh-hans\\\/?s={search_term_string}\"},\"query-input\":{\"@type\":\"PropertyValueSpecification\",\"valueRequired\":true,\"valueName\":\"search_term_string\"}}],\"inLanguage\":\"zh-Hans\"},{\"@type\":\"Organization\",\"@id\":\"https:\\\/\\\/kohenavocats.com\\\/zh-hans\\\/#organization\",\"name\":\"Kohen Avocats\",\"url\":\"https:\\\/\\\/kohenavocats.com\\\/zh-hans\\\/\",\"logo\":{\"@type\":\"ImageObject\",\"inLanguage\":\"zh-Hans\",\"@id\":\"https:\\\/\\\/kohenavocats.com\\\/zh-hans\\\/#\\\/schema\\\/logo\\\/image\\\/\",\"url\":\"https:\\\/\\\/kohenavocats.com\\\/wp-content\\\/uploads\\\/2026\\\/01\\\/Logo-2-1.webp\",\"contentUrl\":\"https:\\\/\\\/kohenavocats.com\\\/wp-content\\\/uploads\\\/2026\\\/01\\\/Logo-2-1.webp\",\"width\":2114,\"height\":1253,\"caption\":\"Kohen Avocats\"},\"image\":{\"@id\":\"https:\\\/\\\/kohenavocats.com\\\/zh-hans\\\/#\\\/schema\\\/logo\\\/image\\\/\"}},{\"@type\":\"Person\",\"@id\":\"https:\\\/\\\/kohenavocats.com\\\/zh-hans\\\/#\\\/schema\\\/person\\\/761c9ba54fa1ca84d405cef0831ff751\",\"name\":\"Kohen\",\"image\":{\"@type\":\"ImageObject\",\"inLanguage\":\"zh-Hans\",\"@id\":\"https:\\\/\\\/secure.gravatar.com\\\/avatar\\\/1c5e76ef76bbbfdd2b4da984e2bf2fa4056fd51a27d25ce2c332047f1dfd6e00?s=96&d=identicon&r=g\",\"url\":\"https:\\\/\\\/secure.gravatar.com\\\/avatar\\\/1c5e76ef76bbbfdd2b4da984e2bf2fa4056fd51a27d25ce2c332047f1dfd6e00?s=96&d=identicon&r=g\",\"contentUrl\":\"https:\\\/\\\/secure.gravatar.com\\\/avatar\\\/1c5e76ef76bbbfdd2b4da984e2bf2fa4056fd51a27d25ce2c332047f1dfd6e00?s=96&d=identicon&r=g\",\"caption\":\"Kohen\"},\"sameAs\":[\"https:\\\/\\\/www.linkedin.com\\\/in\\\/hassan-kohen-448548192\\\/\",\"https:\\\/\\\/www.youtube.com\\\/@Kohen-Avocats\"],\"url\":\"https:\\\/\\\/kohenavocats.com\\\/zh-hans\\\/author\\\/kohenmlk\\\/\"}]}<\/script>\n<!-- \/ Yoast SEO Premium plugin. -->","yoast_head_json":{"title":"Cour d'appel de Paris, le 16 mai 2024, n\u00b023\/01867 - Ma\u00eetre Hassan Kohen, avocat en droit p\u00e9nal \u00e0 Paris","description":"La Cour d'appel de Paris, statuant le 16 mai 2024, examine les suites d'une rupture anticip\u00e9e d'un contrat sportif. Une soci\u00e9t\u00e9 engageait un pilote pour disp...","robots":{"index":"index","follow":"follow","max-snippet":"max-snippet:-1","max-image-preview":"max-image-preview:large","max-video-preview":"max-video-preview:-1"},"canonical":"https:\/\/kohenavocats.com\/zh-hans\/cour-dappel-de-paris-le-16-mai-2024-n23-01867\/","og_locale":"zh_CN","og_type":"article","og_title":"Cour d'appel de Paris, le 16 mai 2024, n\u00b023\/01867","og_description":"La Cour d'appel de Paris, statuant le 16 mai 2024, examine les suites d'une rupture anticip\u00e9e d'un contrat sportif. Une soci\u00e9t\u00e9 engageait un pilote pour disp...","og_url":"https:\/\/kohenavocats.com\/zh-hans\/cour-dappel-de-paris-le-16-mai-2024-n23-01867\/","og_site_name":"Ma\u00eetre Hassan Kohen, avocat en droit p\u00e9nal \u00e0 Paris","article_published_time":"2026-04-23T13:11:39+00:00","og_image":[{"width":2555,"height":3830,"url":"https:\/\/kohenavocats.com\/wp-content\/uploads\/2024\/11\/getty-images-TVMKiNPHZTE-unsplash.webp","type":"image\/webp"}],"author":"Kohen","twitter_card":"summary_large_image","twitter_misc":{"\u4f5c\u8005":"Kohen","\u9884\u8ba1\u9605\u8bfb\u65f6\u95f4":"3 \u5206"},"schema":{"@context":"https:\/\/schema.org","@graph":[{"@type":"Article","@id":"https:\/\/kohenavocats.com\/zh-hans\/cour-dappel-de-paris-le-16-mai-2024-n23-01867\/#article","isPartOf":{"@id":"https:\/\/kohenavocats.com\/zh-hans\/cour-dappel-de-paris-le-16-mai-2024-n23-01867\/"},"author":{"name":"Kohen","@id":"https:\/\/kohenavocats.com\/zh-hans\/#\/schema\/person\/761c9ba54fa1ca84d405cef0831ff751"},"headline":"Cour d&#8217;appel de Paris, le 16 mai 2024, n\u00b023\/01867","datePublished":"2026-04-23T13:11:39+00:00","mainEntityOfPage":{"@id":"https:\/\/kohenavocats.com\/zh-hans\/cour-dappel-de-paris-le-16-mai-2024-n23-01867\/"},"wordCount":547,"commentCount":0,"publisher":{"@id":"https:\/\/kohenavocats.com\/zh-hans\/#organization"},"image":{"@id":"https:\/\/kohenavocats.com\/zh-hans\/cour-dappel-de-paris-le-16-mai-2024-n23-01867\/#primaryimage"},"thumbnailUrl":"https:\/\/kohenavocats.com\/wp-content\/uploads\/2024\/11\/getty-images-TVMKiNPHZTE-unsplash.webp","articleSection":["Jurisprudence"],"inLanguage":"zh-Hans","potentialAction":[{"@type":"CommentAction","name":"Comment","target":["https:\/\/kohenavocats.com\/zh-hans\/cour-dappel-de-paris-le-16-mai-2024-n23-01867\/#respond"]}],"citation":"Cour d&#8217;appel de Paris, le 16 mai 2024, n\u00b023\/01867","about":[{"@type":"Thing","name":"Jurisprudence"}],"dateModified":"2026-04-23T13:11:39+00:00","speakable":{"@type":"SpeakableSpecification","cssSelector":[".article-content > p:first-of-type"]}},{"@type":"WebPage","@id":"https:\/\/kohenavocats.com\/zh-hans\/cour-dappel-de-paris-le-16-mai-2024-n23-01867\/","url":"https:\/\/kohenavocats.com\/zh-hans\/cour-dappel-de-paris-le-16-mai-2024-n23-01867\/","name":"Cour d'appel de Paris, le 16 mai 2024, n\u00b023\/01867 - Ma\u00eetre Hassan Kohen, avocat en droit p\u00e9nal \u00e0 Paris","isPartOf":{"@id":"https:\/\/kohenavocats.com\/zh-hans\/#website"},"primaryImageOfPage":{"@id":"https:\/\/kohenavocats.com\/zh-hans\/cour-dappel-de-paris-le-16-mai-2024-n23-01867\/#primaryimage"},"image":{"@id":"https:\/\/kohenavocats.com\/zh-hans\/cour-dappel-de-paris-le-16-mai-2024-n23-01867\/#primaryimage"},"thumbnailUrl":"https:\/\/kohenavocats.com\/wp-content\/uploads\/2024\/11\/getty-images-TVMKiNPHZTE-unsplash.webp","datePublished":"2026-04-23T13:11:39+00:00","description":"La Cour d'appel de Paris, statuant le 16 mai 2024, examine les suites d'une rupture anticip\u00e9e d'un contrat sportif. Une soci\u00e9t\u00e9 engageait un pilote pour disp...","breadcrumb":{"@id":"https:\/\/kohenavocats.com\/zh-hans\/cour-dappel-de-paris-le-16-mai-2024-n23-01867\/#breadcrumb"},"inLanguage":"zh-Hans","potentialAction":[{"@type":"ReadAction","target":["https:\/\/kohenavocats.com\/zh-hans\/cour-dappel-de-paris-le-16-mai-2024-n23-01867\/"]}]},{"@type":"ImageObject","inLanguage":"zh-Hans","@id":"https:\/\/kohenavocats.com\/zh-hans\/cour-dappel-de-paris-le-16-mai-2024-n23-01867\/#primaryimage","url":"https:\/\/kohenavocats.com\/wp-content\/uploads\/2024\/11\/getty-images-TVMKiNPHZTE-unsplash.webp","contentUrl":"https:\/\/kohenavocats.com\/wp-content\/uploads\/2024\/11\/getty-images-TVMKiNPHZTE-unsplash.webp","width":2555,"height":3830},{"@type":"BreadcrumbList","@id":"https:\/\/kohenavocats.com\/zh-hans\/cour-dappel-de-paris-le-16-mai-2024-n23-01867\/#breadcrumb","itemListElement":[{"@type":"ListItem","position":1,"name":"Home","item":"https:\/\/kohenavocats.com\/zh-hans\/"},{"@type":"ListItem","position":2,"name":"Cour d&rsquo;appel de Paris, le 16 mai 2024, n\u00b023\/01867"}]},{"@type":"WebSite","@id":"https:\/\/kohenavocats.com\/zh-hans\/#website","url":"https:\/\/kohenavocats.com\/zh-hans\/","name":"Kohen Avocats","description":"Ma\u00eetre Hassan Kohen, avocat p\u00e9naliste \u00e0 Paris, intervient exclusivement en droit p\u00e9nal pour la d\u00e9fense des particuliers, notamment en mati\u00e8re d\u2019accusations de viol. Il assure un accompagnement rigoureux d\u00e8s la garde \u00e0 vue jusqu\u2019\u00e0 la Cour d\u2019assises, veillant au strict respect des garanties proc\u00e9durales.","publisher":{"@id":"https:\/\/kohenavocats.com\/zh-hans\/#organization"},"potentialAction":[{"@type":"SearchAction","target":{"@type":"EntryPoint","urlTemplate":"https:\/\/kohenavocats.com\/zh-hans\/?s={search_term_string}"},"query-input":{"@type":"PropertyValueSpecification","valueRequired":true,"valueName":"search_term_string"}}],"inLanguage":"zh-Hans"},{"@type":"Organization","@id":"https:\/\/kohenavocats.com\/zh-hans\/#organization","name":"Kohen Avocats","url":"https:\/\/kohenavocats.com\/zh-hans\/","logo":{"@type":"ImageObject","inLanguage":"zh-Hans","@id":"https:\/\/kohenavocats.com\/zh-hans\/#\/schema\/logo\/image\/","url":"https:\/\/kohenavocats.com\/wp-content\/uploads\/2026\/01\/Logo-2-1.webp","contentUrl":"https:\/\/kohenavocats.com\/wp-content\/uploads\/2026\/01\/Logo-2-1.webp","width":2114,"height":1253,"caption":"Kohen Avocats"},"image":{"@id":"https:\/\/kohenavocats.com\/zh-hans\/#\/schema\/logo\/image\/"}},{"@type":"Person","@id":"https:\/\/kohenavocats.com\/zh-hans\/#\/schema\/person\/761c9ba54fa1ca84d405cef0831ff751","name":"Kohen","image":{"@type":"ImageObject","inLanguage":"zh-Hans","@id":"https:\/\/secure.gravatar.com\/avatar\/1c5e76ef76bbbfdd2b4da984e2bf2fa4056fd51a27d25ce2c332047f1dfd6e00?s=96&d=identicon&r=g","url":"https:\/\/secure.gravatar.com\/avatar\/1c5e76ef76bbbfdd2b4da984e2bf2fa4056fd51a27d25ce2c332047f1dfd6e00?s=96&d=identicon&r=g","contentUrl":"https:\/\/secure.gravatar.com\/avatar\/1c5e76ef76bbbfdd2b4da984e2bf2fa4056fd51a27d25ce2c332047f1dfd6e00?s=96&d=identicon&r=g","caption":"Kohen"},"sameAs":["https:\/\/www.linkedin.com\/in\/hassan-kohen-448548192\/","https:\/\/www.youtube.com\/@Kohen-Avocats"],"url":"https:\/\/kohenavocats.com\/zh-hans\/author\/kohenmlk\/"}]}},"jetpack_featured_media_url":"https:\/\/kohenavocats.com\/wp-content\/uploads\/2024\/11\/getty-images-TVMKiNPHZTE-unsplash.webp","jetpack_likes_enabled":false,"jetpack_shortlink":"https:\/\/wp.me\/peCrII-2LNm","jetpack-related-posts":[{"id":444094,"url":"https:\/\/kohenavocats.com\/zh-hans\/cour-dappel-le-28-octobre-2025-n22-08673\/","url_meta":{"origin":660384,"position":0},"title":"Cour d&#8217;appel, le 28 octobre 2025, n\u00b022\/08673","author":"","date":"2026\u5e744\u67084\u65e5","format":false,"excerpt":"Un salari\u00e9 avait conclu un contrat de professionna\u2026","rel":"","context":"\u5728\u201cCour d'appel\u201d\u4e2d","block_context":{"text":"Cour d'appel","link":"https:\/\/kohenavocats.com\/category\/cour-dappel\/"},"img":{"alt_text":"","src":"https:\/\/i0.wp.com\/kohenavocats.com\/wp-content\/uploads\/2024\/11\/getty-images-tKKyX0mbpQs-unsplash.webp?resize=350%2C200&ssl=1","width":350,"height":200,"srcset":"https:\/\/i0.wp.com\/kohenavocats.com\/wp-content\/uploads\/2024\/11\/getty-images-tKKyX0mbpQs-unsplash.webp?resize=350%2C200&ssl=1 1x, https:\/\/i0.wp.com\/kohenavocats.com\/wp-content\/uploads\/2024\/11\/getty-images-tKKyX0mbpQs-unsplash.webp?resize=525%2C300&ssl=1 1.5x, https:\/\/i0.wp.com\/kohenavocats.com\/wp-content\/uploads\/2024\/11\/getty-images-tKKyX0mbpQs-unsplash.webp?resize=700%2C400&ssl=1 2x, https:\/\/i0.wp.com\/kohenavocats.com\/wp-content\/uploads\/2024\/11\/getty-images-tKKyX0mbpQs-unsplash.webp?resize=1050%2C600&ssl=1 3x, https:\/\/i0.wp.com\/kohenavocats.com\/wp-content\/uploads\/2024\/11\/getty-images-tKKyX0mbpQs-unsplash.webp?resize=1400%2C800&ssl=1 4x"},"classes":[]},{"id":489183,"url":"https:\/\/kohenavocats.com\/zh-hans\/tribunal-judiciaire-le-21-novembre-2025-n24-03864\/","url_meta":{"origin":660384,"position":1},"title":"Tribunal judiciaire, le 21 novembre 2025, n\u00b024\/03864","author":"Kohen","date":"2026\u5e744\u67088\u65e5","format":false,"excerpt":"Le tribunal judiciaire, statuant en premier ressor\u2026","rel":"","context":"\u5728\u201cJurisprudence\u201d\u4e2d","block_context":{"text":"Jurisprudence","link":"https:\/\/kohenavocats.com\/category\/jurisprudence\/"},"img":{"alt_text":"","src":"https:\/\/i0.wp.com\/kohenavocats.com\/wp-content\/uploads\/2024\/07\/alex-block-PdDBTrkGYLo-unsplash-1-1.webp?resize=350%2C200&ssl=1","width":350,"height":200,"srcset":"https:\/\/i0.wp.com\/kohenavocats.com\/wp-content\/uploads\/2024\/07\/alex-block-PdDBTrkGYLo-unsplash-1-1.webp?resize=350%2C200&ssl=1 1x, https:\/\/i0.wp.com\/kohenavocats.com\/wp-content\/uploads\/2024\/07\/alex-block-PdDBTrkGYLo-unsplash-1-1.webp?resize=525%2C300&ssl=1 1.5x, https:\/\/i0.wp.com\/kohenavocats.com\/wp-content\/uploads\/2024\/07\/alex-block-PdDBTrkGYLo-unsplash-1-1.webp?resize=700%2C400&ssl=1 2x, https:\/\/i0.wp.com\/kohenavocats.com\/wp-content\/uploads\/2024\/07\/alex-block-PdDBTrkGYLo-unsplash-1-1.webp?resize=1050%2C600&ssl=1 3x, https:\/\/i0.wp.com\/kohenavocats.com\/wp-content\/uploads\/2024\/07\/alex-block-PdDBTrkGYLo-unsplash-1-1.webp?resize=1400%2C800&ssl=1 4x"},"classes":[]},{"id":49740,"url":"https:\/\/kohenavocats.com\/zh-hans\/cour-dappel-de-paris-le-27-juin-2025-n22-13990\/","url_meta":{"origin":660384,"position":2},"title":"Cour d&#8217;appel de Paris, le 27 juin 2025, n\u00b022\/13990","author":"Kohen","date":"2025\u5e7411\u67088\u65e5","format":false,"excerpt":"La Cour d\u2019appel de Paris, 27 juin 2025, P\u00f4le\u2026","rel":"","context":"\u5728\u201cCour d'appel\u201d\u4e2d","block_context":{"text":"Cour d'appel","link":"https:\/\/kohenavocats.com\/category\/cour-dappel\/"},"img":{"alt_text":"","src":"https:\/\/i0.wp.com\/kohenavocats.com\/wp-content\/uploads\/2024\/07\/valdemaras-d-7VPFyhB_j8Y-unsplash.webp?resize=350%2C200&ssl=1","width":350,"height":200,"srcset":"https:\/\/i0.wp.com\/kohenavocats.com\/wp-content\/uploads\/2024\/07\/valdemaras-d-7VPFyhB_j8Y-unsplash.webp?resize=350%2C200&ssl=1 1x, https:\/\/i0.wp.com\/kohenavocats.com\/wp-content\/uploads\/2024\/07\/valdemaras-d-7VPFyhB_j8Y-unsplash.webp?resize=525%2C300&ssl=1 1.5x, https:\/\/i0.wp.com\/kohenavocats.com\/wp-content\/uploads\/2024\/07\/valdemaras-d-7VPFyhB_j8Y-unsplash.webp?resize=700%2C400&ssl=1 2x, https:\/\/i0.wp.com\/kohenavocats.com\/wp-content\/uploads\/2024\/07\/valdemaras-d-7VPFyhB_j8Y-unsplash.webp?resize=1050%2C600&ssl=1 3x, https:\/\/i0.wp.com\/kohenavocats.com\/wp-content\/uploads\/2024\/07\/valdemaras-d-7VPFyhB_j8Y-unsplash.webp?resize=1400%2C800&ssl=1 4x"},"classes":[]},{"id":612096,"url":"https:\/\/kohenavocats.com\/zh-hans\/tribunal-judiciaire-de-paris-le-16-mai-2024-n23-03431\/","url_meta":{"origin":660384,"position":3},"title":"Tribunal judiciaire de Paris, le 16 mai 2024, n\u00b023\/03431","author":"Kohen","date":"2026\u5e744\u670819\u65e5","format":false,"excerpt":"Le tribunal judiciaire de Paris, statuant le 16 ma\u2026","rel":"","context":"\u5728\u201cJurisprudence\u201d\u4e2d","block_context":{"text":"Jurisprudence","link":"https:\/\/kohenavocats.com\/category\/jurisprudence\/"},"img":{"alt_text":"","src":"https:\/\/i0.wp.com\/kohenavocats.com\/wp-content\/uploads\/2024\/08\/diane-picchiottino-PeF-Q-zRVSA-unsplash.webp?resize=350%2C200&ssl=1","width":350,"height":200,"srcset":"https:\/\/i0.wp.com\/kohenavocats.com\/wp-content\/uploads\/2024\/08\/diane-picchiottino-PeF-Q-zRVSA-unsplash.webp?resize=350%2C200&ssl=1 1x, https:\/\/i0.wp.com\/kohenavocats.com\/wp-content\/uploads\/2024\/08\/diane-picchiottino-PeF-Q-zRVSA-unsplash.webp?resize=525%2C300&ssl=1 1.5x, https:\/\/i0.wp.com\/kohenavocats.com\/wp-content\/uploads\/2024\/08\/diane-picchiottino-PeF-Q-zRVSA-unsplash.webp?resize=700%2C400&ssl=1 2x, https:\/\/i0.wp.com\/kohenavocats.com\/wp-content\/uploads\/2024\/08\/diane-picchiottino-PeF-Q-zRVSA-unsplash.webp?resize=1050%2C600&ssl=1 3x, https:\/\/i0.wp.com\/kohenavocats.com\/wp-content\/uploads\/2024\/08\/diane-picchiottino-PeF-Q-zRVSA-unsplash.webp?resize=1400%2C800&ssl=1 4x"},"classes":[]},{"id":667574,"url":"https:\/\/kohenavocats.com\/zh-hans\/cour-dappel-de-grenoble-le-23-septembre-2025-n23-01917\/","url_meta":{"origin":660384,"position":4},"title":"Cour d&#8217;appel de Grenoble, le 23 septembre 2025, n\u00b023\/01917","author":"Kohen","date":"2026\u5e744\u670824\u65e5","format":false,"excerpt":"La Cour d'appel de Grenoble, le 23 septembre 2025,\u2026","rel":"","context":"\u5728\u201cJurisprudence\u201d\u4e2d","block_context":{"text":"Jurisprudence","link":"https:\/\/kohenavocats.com\/category\/jurisprudence\/"},"img":{"alt_text":"","src":"https:\/\/i0.wp.com\/kohenavocats.com\/wp-content\/uploads\/2024\/11\/viktor-forgacs-DcHqAJ9o6pc-unsplash.webp?resize=350%2C200&ssl=1","width":350,"height":200,"srcset":"https:\/\/i0.wp.com\/kohenavocats.com\/wp-content\/uploads\/2024\/11\/viktor-forgacs-DcHqAJ9o6pc-unsplash.webp?resize=350%2C200&ssl=1 1x, https:\/\/i0.wp.com\/kohenavocats.com\/wp-content\/uploads\/2024\/11\/viktor-forgacs-DcHqAJ9o6pc-unsplash.webp?resize=525%2C300&ssl=1 1.5x, https:\/\/i0.wp.com\/kohenavocats.com\/wp-content\/uploads\/2024\/11\/viktor-forgacs-DcHqAJ9o6pc-unsplash.webp?resize=700%2C400&ssl=1 2x, https:\/\/i0.wp.com\/kohenavocats.com\/wp-content\/uploads\/2024\/11\/viktor-forgacs-DcHqAJ9o6pc-unsplash.webp?resize=1050%2C600&ssl=1 3x, https:\/\/i0.wp.com\/kohenavocats.com\/wp-content\/uploads\/2024\/11\/viktor-forgacs-DcHqAJ9o6pc-unsplash.webp?resize=1400%2C800&ssl=1 4x"},"classes":[]},{"id":638622,"url":"https:\/\/kohenavocats.com\/zh-hans\/tribunal-judiciaire-de-bordeaux-le-9-octobre-2025-n25-01696\/","url_meta":{"origin":660384,"position":5},"title":"Tribunal judiciaire de Bordeaux, le 9 octobre 2025, n\u00b025\/01696","author":"Kohen","date":"2026\u5e744\u670821\u65e5","format":false,"excerpt":"Le Tribunal judiciaire de Bordeaux, septi\u00e8me chamb\u2026","rel":"","context":"\u5728\u201cJurisprudence\u201d\u4e2d","block_context":{"text":"Jurisprudence","link":"https:\/\/kohenavocats.com\/category\/jurisprudence\/"},"img":{"alt_text":"","src":"https:\/\/i0.wp.com\/kohenavocats.com\/wp-content\/uploads\/2024\/08\/patrick-robert-doyle-OvXht_wi5Ew-unsplash.webp?resize=350%2C200&ssl=1","width":350,"height":200,"srcset":"https:\/\/i0.wp.com\/kohenavocats.com\/wp-content\/uploads\/2024\/08\/patrick-robert-doyle-OvXht_wi5Ew-unsplash.webp?resize=350%2C200&ssl=1 1x, https:\/\/i0.wp.com\/kohenavocats.com\/wp-content\/uploads\/2024\/08\/patrick-robert-doyle-OvXht_wi5Ew-unsplash.webp?resize=525%2C300&ssl=1 1.5x, https:\/\/i0.wp.com\/kohenavocats.com\/wp-content\/uploads\/2024\/08\/patrick-robert-doyle-OvXht_wi5Ew-unsplash.webp?resize=700%2C400&ssl=1 2x, https:\/\/i0.wp.com\/kohenavocats.com\/wp-content\/uploads\/2024\/08\/patrick-robert-doyle-OvXht_wi5Ew-unsplash.webp?resize=1050%2C600&ssl=1 3x, https:\/\/i0.wp.com\/kohenavocats.com\/wp-content\/uploads\/2024\/08\/patrick-robert-doyle-OvXht_wi5Ew-unsplash.webp?resize=1400%2C800&ssl=1 4x"},"classes":[]}],"jetpack_sharing_enabled":true,"_links":{"self":[{"href":"https:\/\/kohenavocats.com\/zh-hans\/wp-json\/wp\/v2\/posts\/660384","targetHints":{"allow":["GET"]}}],"collection":[{"href":"https:\/\/kohenavocats.com\/zh-hans\/wp-json\/wp\/v2\/posts"}],"about":[{"href":"https:\/\/kohenavocats.com\/zh-hans\/wp-json\/wp\/v2\/types\/post"}],"author":[{"embeddable":true,"href":"https:\/\/kohenavocats.com\/zh-hans\/wp-json\/wp\/v2\/users\/232070755"}],"replies":[{"embeddable":true,"href":"https:\/\/kohenavocats.com\/zh-hans\/wp-json\/wp\/v2\/comments?post=660384"}],"version-history":[{"count":0,"href":"https:\/\/kohenavocats.com\/zh-hans\/wp-json\/wp\/v2\/posts\/660384\/revisions"}],"wp:featuredmedia":[{"embeddable":true,"href":"https:\/\/kohenavocats.com\/zh-hans\/wp-json\/wp\/v2\/media\/9694"}],"wp:attachment":[{"href":"https:\/\/kohenavocats.com\/zh-hans\/wp-json\/wp\/v2\/media?parent=660384"}],"wp:term":[{"taxonomy":"category","embeddable":true,"href":"https:\/\/kohenavocats.com\/zh-hans\/wp-json\/wp\/v2\/categories?post=660384"},{"taxonomy":"post_tag","embeddable":true,"href":"https:\/\/kohenavocats.com\/zh-hans\/wp-json\/wp\/v2\/tags?post=660384"}],"curies":[{"name":"wp","href":"https:\/\/api.w.org\/{rel}","templated":true}]}}