{"id":660814,"date":"2026-04-23T15:55:14","date_gmt":"2026-04-23T13:55:14","guid":{"rendered":"https:\/\/kohenavocats.com\/cour-dappel-de-saint-denis-de-la-reunion-le-9-mai-2025-n24-00140\/"},"modified":"2026-04-23T15:55:14","modified_gmt":"2026-04-23T13:55:14","slug":"cour-dappel-de-saint-denis-de-la-reunion-le-9-mai-2025-n24-00140","status":"publish","type":"post","link":"https:\/\/kohenavocats.com\/zh-hans\/cour-dappel-de-saint-denis-de-la-reunion-le-9-mai-2025-n24-00140\/","title":{"rendered":"Cour d&#8217;appel de Saint-Denis-de-la-R\u00e9union, le 9 mai 2025, n\u00b024\/00140"},"content":{"rendered":"<div class=\"article-content\">\n<p>La Cour d&#8217;appel de Saint-Denis-de-la-R\u00e9union, statuant le 9 mai 2025, examine un litige relatif \u00e0 la responsabilit\u00e9 d&#8217;un expert judiciaire. Les requ\u00e9rants, d\u00e9bout\u00e9s en premi\u00e8re instance, reprochent \u00e0 l&#8217;expert des manquements dans l&#8217;ex\u00e9cution de sa mission. L&#8217;expert forme un appel incident, sollicitant une indemnisation accrue pour pr\u00e9judice moral. La cour confirme l&#8217;absence de faute de l&#8217;expert et r\u00e9forme partiellement le jugement pour augmenter les dommages-int\u00e9r\u00eats allou\u00e9s \u00e0 ce dernier.<\/p>\n<p>Le cadre proc\u00e9dural et l&#8217;absence de faute professionnelle<\/p>\n<p>La cour op\u00e8re d&#8217;abord un n\u00e9cessaire cadrage proc\u00e9dural. Elle rappelle le principe d&#8217;immutabilit\u00e9 des pr\u00e9tentions et ordonne la disjonction de deux instances aux objets distincts. Elle \u00e9carte \u00e9galement un courrier adress\u00e9 hors proc\u00e9dure, soulignant le caract\u00e8re \u00e9crit de l&#8217;instance. Ce rappel strict des r\u00e8gles garantit la s\u00e9curit\u00e9 juridique et l&#8217;\u00e9galit\u00e9 des armes entre les parties durant le d\u00e9bat.<\/p>\n<p>Sur le fond, la cour examine scrupuleusement l&#8217;ex\u00e9cution de la mission d&#8217;expertise. Elle constate que l&#8217;expert a r\u00e9pondu pr\u00e9cis\u00e9ment \u00e0 sa mission, d\u00e9finie par une ordonnance de r\u00e9f\u00e9r\u00e9. &#8220;L&#8217;analyse du pr\u00e9-rapport, du rapport et des r\u00e9ponses aux dires des parties confirme en premier lieu que l&#8217;expert a r\u00e9pondu clairement et contradictoirement \u00e0 sa mission&#8221; (Motifs). La cour valide ainsi le respect des articles du code de proc\u00e9dure civile r\u00e9gissant l&#8217;expertise, sans erreur technique manifeste.<\/p>\n<p>La port\u00e9e de cette analyse est significative. Elle r\u00e9affirme que le p\u00e9rim\u00e8tre de la mission d&#8217;expertise est strictement d\u00e9limit\u00e9 par la d\u00e9cision judiciaire qui l&#8217;ordonne. L&#8217;expert n&#8217;avait aucune obligation de suivre les d\u00e9veloppements ult\u00e9rieurs des parties hors de ce cadre. Cette approche prot\u00e8ge l&#8217;expert de demandes extensives et pr\u00e9serve la nature strictement technique et circonscrite de sa mission.<\/p>\n<p>La sanction de l&#8217;acharnement proc\u00e9dural et la r\u00e9paration du pr\u00e9judice<\/p>\n<p>La cour se penche ensuite sur l&#8217;appel incident de l&#8217;expert. Elle rejette sa demande d&#8217;amende civile, rappelant que son prononc\u00e9 rel\u00e8ve de l&#8217;office du juge. &#8220;Ces prescriptions ne sauraient \u00eatre mises en \u0153uvre que de la propre initiative du tribunal saisi&#8221; (Motifs). Ce rappel est essentiel pour distinguer l&#8217;int\u00e9r\u00eat priv\u00e9 \u00e0 r\u00e9paration de la sanction d&#8217;ordre public que constitue l&#8217;amende civile.<\/p>\n<p>En revanche, la cour fait droit \u00e0 la demande d&#8217;indemnisation pour pr\u00e9judice moral. Elle rel\u00e8ve l&#8217;insistance des requ\u00e9rants \u00e0 maintenir des pr\u00e9tentions d\u00e9j\u00e0 jug\u00e9es. &#8220;L&#8217;insistance des appelants \u00e0 maintenir leurs pr\u00e9tentions en appel accentue l&#8217;\u00e9tendue du pr\u00e9judice subi&#8221; (Motifs). Elle r\u00e9forme donc le jugement pour porter l&#8217;indemnit\u00e9 \u00e0 5 000 euros. Cette d\u00e9cision sanctionne un abus du droit d&#8217;agir en justice et prot\u00e8ge les auxiliaires de justice contre des proc\u00e9dures vexatoires.<\/p>\n<p>La valeur de cette solution r\u00e9side dans la protection des professionnels de la justice. En alignant le montant de l&#8217;indemnisation sur la gravit\u00e9 de l&#8217;acharnement proc\u00e9dural, la cour dissuade les actions dilatoires. Elle rappelle utilement, comme l&#8217;a fait une autre juridiction, que &#8220;La t\u00e9m\u00e9rit\u00e9 de l&#8217;action justifie donc que [l&#8217;expert] soit indemnis\u00e9 de son pr\u00e9judice moral&#8221; (Cour d&#8217;appel de Saint-Denis-de-la-R\u00e9union, arr\u00eat du 10 mars 2022). Cette jurisprudence converge vers une protection renforc\u00e9e contre les proc\u00e9dures abusives.<\/p>\n<\/div>\n","protected":false},"excerpt":{"rendered":"<p>La Cour d&#8217;appel de Saint-Denis-de-la-R\u00e9union, statuant le 9 mai 2025, examine un litige relatif \u00e0 la responsabilit\u00e9 d&#8217;un expert judiciaire. Les requ\u00e9rants, d&#8230;<\/p>\n","protected":false},"author":232070755,"featured_media":9676,"comment_status":"open","ping_status":"open","sticky":false,"template":"","format":"standard","meta":{"_crdt_document":"","_jetpack_newsletter_access":"","_jetpack_dont_email_post_to_subs":false,"_jetpack_newsletter_tier_id":0,"_jetpack_memberships_contains_paywalled_content":false,"_kj_source_type":"judilibre","_kj_official_id":"68d77356299e16b8ad325490","_kj_official_url":"https:\/\/www.courdecassation.fr\/decision\/68d77356299e16b8ad325490","_kj_judilibre_id":"68d77356299e16b8ad325490","_kj_jur":"Cour d'appel","_kj_lieu":"Cour d'appel de Saint-Denis de la R\u00e9union","_kj_chambre":"Chambre civile TGI","_kj_rg":"24\/00140","_kj_date":"2025-09-26","_jetpack_memberships_contains_paid_content":false,"footnotes":"","jetpack_post_was_ever_published":false},"categories":[7597],"tags":[],"class_list":["post-660814","post","type-post","status-publish","format-standard","has-post-thumbnail","hentry","category-jurisprudence"],"yoast_head":"<!-- This site is optimized with the Yoast SEO Premium plugin v27.5 (Yoast SEO v27.5) - https:\/\/yoast.com\/product\/yoast-seo-premium-wordpress\/ -->\n<title>Cour d&#039;appel de Saint-Denis-de-la-R\u00e9union, le 9 mai 2025, n\u00b024\/00140 - Ma\u00eetre Hassan Kohen, avocat en droit p\u00e9nal \u00e0 Paris<\/title>\n<meta name=\"description\" content=\"La Cour d&#039;appel de Saint-Denis-de-la-R\u00e9union, statuant le 9 mai 2025, examine un litige relatif \u00e0 la responsabilit\u00e9 d&#039;un expert judiciaire. Les requ\u00e9rants, d...\" \/>\n<meta name=\"robots\" content=\"index, follow, max-snippet:-1, max-image-preview:large, max-video-preview:-1\" \/>\n<link rel=\"canonical\" href=\"https:\/\/kohenavocats.com\/zh-hans\/cour-dappel-de-saint-denis-de-la-reunion-le-9-mai-2025-n24-00140\/\" \/>\n<meta property=\"og:locale\" content=\"zh_CN\" \/>\n<meta property=\"og:type\" content=\"article\" \/>\n<meta property=\"og:title\" content=\"Cour d&#039;appel de Saint-Denis-de-la-R\u00e9union, le 9 mai 2025, n\u00b024\/00140\" \/>\n<meta property=\"og:description\" content=\"La Cour d&#039;appel de Saint-Denis-de-la-R\u00e9union, statuant le 9 mai 2025, examine un litige relatif \u00e0 la responsabilit\u00e9 d&#039;un expert judiciaire. Les requ\u00e9rants, d...\" \/>\n<meta property=\"og:url\" content=\"https:\/\/kohenavocats.com\/zh-hans\/cour-dappel-de-saint-denis-de-la-reunion-le-9-mai-2025-n24-00140\/\" \/>\n<meta property=\"og:site_name\" content=\"Ma\u00eetre Hassan Kohen, avocat en droit p\u00e9nal \u00e0 Paris\" \/>\n<meta property=\"article:published_time\" content=\"2026-04-23T13:55:14+00:00\" \/>\n<meta property=\"og:image\" content=\"https:\/\/kohenavocats.com\/wp-content\/uploads\/2024\/11\/kristijan-arsov-A2a12i_diJs-unsplash.webp\" \/>\n\t<meta property=\"og:image:width\" content=\"4968\" \/>\n\t<meta property=\"og:image:height\" content=\"3332\" \/>\n\t<meta property=\"og:image:type\" content=\"image\/webp\" \/>\n<meta name=\"author\" content=\"Kohen\" \/>\n<meta name=\"twitter:card\" content=\"summary_large_image\" \/>\n<meta name=\"twitter:label1\" content=\"\u4f5c\u8005\" \/>\n\t<meta name=\"twitter:data1\" content=\"Kohen\" \/>\n\t<meta name=\"twitter:label2\" content=\"\u9884\u8ba1\u9605\u8bfb\u65f6\u95f4\" \/>\n\t<meta name=\"twitter:data2\" content=\"3 \u5206\" \/>\n<script type=\"application\/ld+json\" class=\"yoast-schema-graph\">{\"@context\":\"https:\\\/\\\/schema.org\",\"@graph\":[{\"@type\":\"Article\",\"@id\":\"https:\\\/\\\/kohenavocats.com\\\/zh-hans\\\/cour-dappel-de-saint-denis-de-la-reunion-le-9-mai-2025-n24-00140\\\/#article\",\"isPartOf\":{\"@id\":\"https:\\\/\\\/kohenavocats.com\\\/zh-hans\\\/cour-dappel-de-saint-denis-de-la-reunion-le-9-mai-2025-n24-00140\\\/\"},\"author\":{\"name\":\"Kohen\",\"@id\":\"https:\\\/\\\/kohenavocats.com\\\/zh-hans\\\/#\\\/schema\\\/person\\\/761c9ba54fa1ca84d405cef0831ff751\"},\"headline\":\"Cour d&#8217;appel de Saint-Denis-de-la-R\u00e9union, le 9 mai 2025, n\u00b024\\\/00140\",\"datePublished\":\"2026-04-23T13:55:14+00:00\",\"mainEntityOfPage\":{\"@id\":\"https:\\\/\\\/kohenavocats.com\\\/zh-hans\\\/cour-dappel-de-saint-denis-de-la-reunion-le-9-mai-2025-n24-00140\\\/\"},\"wordCount\":592,\"commentCount\":0,\"publisher\":{\"@id\":\"https:\\\/\\\/kohenavocats.com\\\/zh-hans\\\/#organization\"},\"image\":{\"@id\":\"https:\\\/\\\/kohenavocats.com\\\/zh-hans\\\/cour-dappel-de-saint-denis-de-la-reunion-le-9-mai-2025-n24-00140\\\/#primaryimage\"},\"thumbnailUrl\":\"https:\\\/\\\/kohenavocats.com\\\/wp-content\\\/uploads\\\/2024\\\/11\\\/kristijan-arsov-A2a12i_diJs-unsplash.webp\",\"articleSection\":[\"Jurisprudence\"],\"inLanguage\":\"zh-Hans\",\"potentialAction\":[{\"@type\":\"CommentAction\",\"name\":\"Comment\",\"target\":[\"https:\\\/\\\/kohenavocats.com\\\/zh-hans\\\/cour-dappel-de-saint-denis-de-la-reunion-le-9-mai-2025-n24-00140\\\/#respond\"]}],\"citation\":\"Cour d&#8217;appel de Saint-Denis-de-la-R\u00e9union, le 9 mai 2025, n\u00b024\\\/00140\",\"about\":[{\"@type\":\"Thing\",\"name\":\"Jurisprudence\"}],\"dateModified\":\"2026-04-23T13:55:14+00:00\",\"speakable\":{\"@type\":\"SpeakableSpecification\",\"cssSelector\":[\".article-content > p:first-of-type\"]}},{\"@type\":\"WebPage\",\"@id\":\"https:\\\/\\\/kohenavocats.com\\\/zh-hans\\\/cour-dappel-de-saint-denis-de-la-reunion-le-9-mai-2025-n24-00140\\\/\",\"url\":\"https:\\\/\\\/kohenavocats.com\\\/zh-hans\\\/cour-dappel-de-saint-denis-de-la-reunion-le-9-mai-2025-n24-00140\\\/\",\"name\":\"Cour d'appel de Saint-Denis-de-la-R\u00e9union, le 9 mai 2025, n\u00b024\\\/00140 - Ma\u00eetre Hassan Kohen, avocat en droit p\u00e9nal \u00e0 Paris\",\"isPartOf\":{\"@id\":\"https:\\\/\\\/kohenavocats.com\\\/zh-hans\\\/#website\"},\"primaryImageOfPage\":{\"@id\":\"https:\\\/\\\/kohenavocats.com\\\/zh-hans\\\/cour-dappel-de-saint-denis-de-la-reunion-le-9-mai-2025-n24-00140\\\/#primaryimage\"},\"image\":{\"@id\":\"https:\\\/\\\/kohenavocats.com\\\/zh-hans\\\/cour-dappel-de-saint-denis-de-la-reunion-le-9-mai-2025-n24-00140\\\/#primaryimage\"},\"thumbnailUrl\":\"https:\\\/\\\/kohenavocats.com\\\/wp-content\\\/uploads\\\/2024\\\/11\\\/kristijan-arsov-A2a12i_diJs-unsplash.webp\",\"datePublished\":\"2026-04-23T13:55:14+00:00\",\"description\":\"La Cour d'appel de Saint-Denis-de-la-R\u00e9union, statuant le 9 mai 2025, examine un litige relatif \u00e0 la responsabilit\u00e9 d'un expert judiciaire. Les requ\u00e9rants, d...\",\"breadcrumb\":{\"@id\":\"https:\\\/\\\/kohenavocats.com\\\/zh-hans\\\/cour-dappel-de-saint-denis-de-la-reunion-le-9-mai-2025-n24-00140\\\/#breadcrumb\"},\"inLanguage\":\"zh-Hans\",\"potentialAction\":[{\"@type\":\"ReadAction\",\"target\":[\"https:\\\/\\\/kohenavocats.com\\\/zh-hans\\\/cour-dappel-de-saint-denis-de-la-reunion-le-9-mai-2025-n24-00140\\\/\"]}]},{\"@type\":\"ImageObject\",\"inLanguage\":\"zh-Hans\",\"@id\":\"https:\\\/\\\/kohenavocats.com\\\/zh-hans\\\/cour-dappel-de-saint-denis-de-la-reunion-le-9-mai-2025-n24-00140\\\/#primaryimage\",\"url\":\"https:\\\/\\\/kohenavocats.com\\\/wp-content\\\/uploads\\\/2024\\\/11\\\/kristijan-arsov-A2a12i_diJs-unsplash.webp\",\"contentUrl\":\"https:\\\/\\\/kohenavocats.com\\\/wp-content\\\/uploads\\\/2024\\\/11\\\/kristijan-arsov-A2a12i_diJs-unsplash.webp\",\"width\":4968,\"height\":3332},{\"@type\":\"BreadcrumbList\",\"@id\":\"https:\\\/\\\/kohenavocats.com\\\/zh-hans\\\/cour-dappel-de-saint-denis-de-la-reunion-le-9-mai-2025-n24-00140\\\/#breadcrumb\",\"itemListElement\":[{\"@type\":\"ListItem\",\"position\":1,\"name\":\"Home\",\"item\":\"https:\\\/\\\/kohenavocats.com\\\/zh-hans\\\/\"},{\"@type\":\"ListItem\",\"position\":2,\"name\":\"Cour d&rsquo;appel de Saint-Denis-de-la-R\u00e9union, le 9 mai 2025, n\u00b024\\\/00140\"}]},{\"@type\":\"WebSite\",\"@id\":\"https:\\\/\\\/kohenavocats.com\\\/zh-hans\\\/#website\",\"url\":\"https:\\\/\\\/kohenavocats.com\\\/zh-hans\\\/\",\"name\":\"Kohen Avocats\",\"description\":\"Ma\u00eetre Hassan Kohen, avocat p\u00e9naliste \u00e0 Paris, intervient exclusivement en droit p\u00e9nal pour la d\u00e9fense des particuliers, notamment en mati\u00e8re d\u2019accusations de viol. Il assure un accompagnement rigoureux d\u00e8s la garde \u00e0 vue jusqu\u2019\u00e0 la Cour d\u2019assises, veillant au strict respect des garanties proc\u00e9durales.\",\"publisher\":{\"@id\":\"https:\\\/\\\/kohenavocats.com\\\/zh-hans\\\/#organization\"},\"potentialAction\":[{\"@type\":\"SearchAction\",\"target\":{\"@type\":\"EntryPoint\",\"urlTemplate\":\"https:\\\/\\\/kohenavocats.com\\\/zh-hans\\\/?s={search_term_string}\"},\"query-input\":{\"@type\":\"PropertyValueSpecification\",\"valueRequired\":true,\"valueName\":\"search_term_string\"}}],\"inLanguage\":\"zh-Hans\"},{\"@type\":\"Organization\",\"@id\":\"https:\\\/\\\/kohenavocats.com\\\/zh-hans\\\/#organization\",\"name\":\"Kohen Avocats\",\"url\":\"https:\\\/\\\/kohenavocats.com\\\/zh-hans\\\/\",\"logo\":{\"@type\":\"ImageObject\",\"inLanguage\":\"zh-Hans\",\"@id\":\"https:\\\/\\\/kohenavocats.com\\\/zh-hans\\\/#\\\/schema\\\/logo\\\/image\\\/\",\"url\":\"https:\\\/\\\/kohenavocats.com\\\/wp-content\\\/uploads\\\/2026\\\/01\\\/Logo-2-1.webp\",\"contentUrl\":\"https:\\\/\\\/kohenavocats.com\\\/wp-content\\\/uploads\\\/2026\\\/01\\\/Logo-2-1.webp\",\"width\":2114,\"height\":1253,\"caption\":\"Kohen Avocats\"},\"image\":{\"@id\":\"https:\\\/\\\/kohenavocats.com\\\/zh-hans\\\/#\\\/schema\\\/logo\\\/image\\\/\"}},{\"@type\":\"Person\",\"@id\":\"https:\\\/\\\/kohenavocats.com\\\/zh-hans\\\/#\\\/schema\\\/person\\\/761c9ba54fa1ca84d405cef0831ff751\",\"name\":\"Kohen\",\"image\":{\"@type\":\"ImageObject\",\"inLanguage\":\"zh-Hans\",\"@id\":\"https:\\\/\\\/secure.gravatar.com\\\/avatar\\\/1c5e76ef76bbbfdd2b4da984e2bf2fa4056fd51a27d25ce2c332047f1dfd6e00?s=96&d=identicon&r=g\",\"url\":\"https:\\\/\\\/secure.gravatar.com\\\/avatar\\\/1c5e76ef76bbbfdd2b4da984e2bf2fa4056fd51a27d25ce2c332047f1dfd6e00?s=96&d=identicon&r=g\",\"contentUrl\":\"https:\\\/\\\/secure.gravatar.com\\\/avatar\\\/1c5e76ef76bbbfdd2b4da984e2bf2fa4056fd51a27d25ce2c332047f1dfd6e00?s=96&d=identicon&r=g\",\"caption\":\"Kohen\"},\"sameAs\":[\"https:\\\/\\\/www.linkedin.com\\\/in\\\/hassan-kohen-448548192\\\/\",\"https:\\\/\\\/www.youtube.com\\\/@Kohen-Avocats\"],\"url\":\"https:\\\/\\\/kohenavocats.com\\\/zh-hans\\\/author\\\/kohenmlk\\\/\"}]}<\/script>\n<!-- \/ Yoast SEO Premium plugin. -->","yoast_head_json":{"title":"Cour d'appel de Saint-Denis-de-la-R\u00e9union, le 9 mai 2025, n\u00b024\/00140 - Ma\u00eetre Hassan Kohen, avocat en droit p\u00e9nal \u00e0 Paris","description":"La Cour d'appel de Saint-Denis-de-la-R\u00e9union, statuant le 9 mai 2025, examine un litige relatif \u00e0 la responsabilit\u00e9 d'un expert judiciaire. Les requ\u00e9rants, d...","robots":{"index":"index","follow":"follow","max-snippet":"max-snippet:-1","max-image-preview":"max-image-preview:large","max-video-preview":"max-video-preview:-1"},"canonical":"https:\/\/kohenavocats.com\/zh-hans\/cour-dappel-de-saint-denis-de-la-reunion-le-9-mai-2025-n24-00140\/","og_locale":"zh_CN","og_type":"article","og_title":"Cour d'appel de Saint-Denis-de-la-R\u00e9union, le 9 mai 2025, n\u00b024\/00140","og_description":"La Cour d'appel de Saint-Denis-de-la-R\u00e9union, statuant le 9 mai 2025, examine un litige relatif \u00e0 la responsabilit\u00e9 d'un expert judiciaire. Les requ\u00e9rants, d...","og_url":"https:\/\/kohenavocats.com\/zh-hans\/cour-dappel-de-saint-denis-de-la-reunion-le-9-mai-2025-n24-00140\/","og_site_name":"Ma\u00eetre Hassan Kohen, avocat en droit p\u00e9nal \u00e0 Paris","article_published_time":"2026-04-23T13:55:14+00:00","og_image":[{"width":4968,"height":3332,"url":"https:\/\/kohenavocats.com\/wp-content\/uploads\/2024\/11\/kristijan-arsov-A2a12i_diJs-unsplash.webp","type":"image\/webp"}],"author":"Kohen","twitter_card":"summary_large_image","twitter_misc":{"\u4f5c\u8005":"Kohen","\u9884\u8ba1\u9605\u8bfb\u65f6\u95f4":"3 \u5206"},"schema":{"@context":"https:\/\/schema.org","@graph":[{"@type":"Article","@id":"https:\/\/kohenavocats.com\/zh-hans\/cour-dappel-de-saint-denis-de-la-reunion-le-9-mai-2025-n24-00140\/#article","isPartOf":{"@id":"https:\/\/kohenavocats.com\/zh-hans\/cour-dappel-de-saint-denis-de-la-reunion-le-9-mai-2025-n24-00140\/"},"author":{"name":"Kohen","@id":"https:\/\/kohenavocats.com\/zh-hans\/#\/schema\/person\/761c9ba54fa1ca84d405cef0831ff751"},"headline":"Cour d&#8217;appel de Saint-Denis-de-la-R\u00e9union, le 9 mai 2025, n\u00b024\/00140","datePublished":"2026-04-23T13:55:14+00:00","mainEntityOfPage":{"@id":"https:\/\/kohenavocats.com\/zh-hans\/cour-dappel-de-saint-denis-de-la-reunion-le-9-mai-2025-n24-00140\/"},"wordCount":592,"commentCount":0,"publisher":{"@id":"https:\/\/kohenavocats.com\/zh-hans\/#organization"},"image":{"@id":"https:\/\/kohenavocats.com\/zh-hans\/cour-dappel-de-saint-denis-de-la-reunion-le-9-mai-2025-n24-00140\/#primaryimage"},"thumbnailUrl":"https:\/\/kohenavocats.com\/wp-content\/uploads\/2024\/11\/kristijan-arsov-A2a12i_diJs-unsplash.webp","articleSection":["Jurisprudence"],"inLanguage":"zh-Hans","potentialAction":[{"@type":"CommentAction","name":"Comment","target":["https:\/\/kohenavocats.com\/zh-hans\/cour-dappel-de-saint-denis-de-la-reunion-le-9-mai-2025-n24-00140\/#respond"]}],"citation":"Cour d&#8217;appel de Saint-Denis-de-la-R\u00e9union, le 9 mai 2025, n\u00b024\/00140","about":[{"@type":"Thing","name":"Jurisprudence"}],"dateModified":"2026-04-23T13:55:14+00:00","speakable":{"@type":"SpeakableSpecification","cssSelector":[".article-content > p:first-of-type"]}},{"@type":"WebPage","@id":"https:\/\/kohenavocats.com\/zh-hans\/cour-dappel-de-saint-denis-de-la-reunion-le-9-mai-2025-n24-00140\/","url":"https:\/\/kohenavocats.com\/zh-hans\/cour-dappel-de-saint-denis-de-la-reunion-le-9-mai-2025-n24-00140\/","name":"Cour d'appel de Saint-Denis-de-la-R\u00e9union, le 9 mai 2025, n\u00b024\/00140 - Ma\u00eetre Hassan Kohen, avocat en droit p\u00e9nal \u00e0 Paris","isPartOf":{"@id":"https:\/\/kohenavocats.com\/zh-hans\/#website"},"primaryImageOfPage":{"@id":"https:\/\/kohenavocats.com\/zh-hans\/cour-dappel-de-saint-denis-de-la-reunion-le-9-mai-2025-n24-00140\/#primaryimage"},"image":{"@id":"https:\/\/kohenavocats.com\/zh-hans\/cour-dappel-de-saint-denis-de-la-reunion-le-9-mai-2025-n24-00140\/#primaryimage"},"thumbnailUrl":"https:\/\/kohenavocats.com\/wp-content\/uploads\/2024\/11\/kristijan-arsov-A2a12i_diJs-unsplash.webp","datePublished":"2026-04-23T13:55:14+00:00","description":"La Cour d'appel de Saint-Denis-de-la-R\u00e9union, statuant le 9 mai 2025, examine un litige relatif \u00e0 la responsabilit\u00e9 d'un expert judiciaire. Les requ\u00e9rants, d...","breadcrumb":{"@id":"https:\/\/kohenavocats.com\/zh-hans\/cour-dappel-de-saint-denis-de-la-reunion-le-9-mai-2025-n24-00140\/#breadcrumb"},"inLanguage":"zh-Hans","potentialAction":[{"@type":"ReadAction","target":["https:\/\/kohenavocats.com\/zh-hans\/cour-dappel-de-saint-denis-de-la-reunion-le-9-mai-2025-n24-00140\/"]}]},{"@type":"ImageObject","inLanguage":"zh-Hans","@id":"https:\/\/kohenavocats.com\/zh-hans\/cour-dappel-de-saint-denis-de-la-reunion-le-9-mai-2025-n24-00140\/#primaryimage","url":"https:\/\/kohenavocats.com\/wp-content\/uploads\/2024\/11\/kristijan-arsov-A2a12i_diJs-unsplash.webp","contentUrl":"https:\/\/kohenavocats.com\/wp-content\/uploads\/2024\/11\/kristijan-arsov-A2a12i_diJs-unsplash.webp","width":4968,"height":3332},{"@type":"BreadcrumbList","@id":"https:\/\/kohenavocats.com\/zh-hans\/cour-dappel-de-saint-denis-de-la-reunion-le-9-mai-2025-n24-00140\/#breadcrumb","itemListElement":[{"@type":"ListItem","position":1,"name":"Home","item":"https:\/\/kohenavocats.com\/zh-hans\/"},{"@type":"ListItem","position":2,"name":"Cour d&rsquo;appel de Saint-Denis-de-la-R\u00e9union, le 9 mai 2025, n\u00b024\/00140"}]},{"@type":"WebSite","@id":"https:\/\/kohenavocats.com\/zh-hans\/#website","url":"https:\/\/kohenavocats.com\/zh-hans\/","name":"Kohen Avocats","description":"Ma\u00eetre Hassan Kohen, avocat p\u00e9naliste \u00e0 Paris, intervient exclusivement en droit p\u00e9nal pour la d\u00e9fense des particuliers, notamment en mati\u00e8re d\u2019accusations de viol. Il assure un accompagnement rigoureux d\u00e8s la garde \u00e0 vue jusqu\u2019\u00e0 la Cour d\u2019assises, veillant au strict respect des garanties proc\u00e9durales.","publisher":{"@id":"https:\/\/kohenavocats.com\/zh-hans\/#organization"},"potentialAction":[{"@type":"SearchAction","target":{"@type":"EntryPoint","urlTemplate":"https:\/\/kohenavocats.com\/zh-hans\/?s={search_term_string}"},"query-input":{"@type":"PropertyValueSpecification","valueRequired":true,"valueName":"search_term_string"}}],"inLanguage":"zh-Hans"},{"@type":"Organization","@id":"https:\/\/kohenavocats.com\/zh-hans\/#organization","name":"Kohen Avocats","url":"https:\/\/kohenavocats.com\/zh-hans\/","logo":{"@type":"ImageObject","inLanguage":"zh-Hans","@id":"https:\/\/kohenavocats.com\/zh-hans\/#\/schema\/logo\/image\/","url":"https:\/\/kohenavocats.com\/wp-content\/uploads\/2026\/01\/Logo-2-1.webp","contentUrl":"https:\/\/kohenavocats.com\/wp-content\/uploads\/2026\/01\/Logo-2-1.webp","width":2114,"height":1253,"caption":"Kohen Avocats"},"image":{"@id":"https:\/\/kohenavocats.com\/zh-hans\/#\/schema\/logo\/image\/"}},{"@type":"Person","@id":"https:\/\/kohenavocats.com\/zh-hans\/#\/schema\/person\/761c9ba54fa1ca84d405cef0831ff751","name":"Kohen","image":{"@type":"ImageObject","inLanguage":"zh-Hans","@id":"https:\/\/secure.gravatar.com\/avatar\/1c5e76ef76bbbfdd2b4da984e2bf2fa4056fd51a27d25ce2c332047f1dfd6e00?s=96&d=identicon&r=g","url":"https:\/\/secure.gravatar.com\/avatar\/1c5e76ef76bbbfdd2b4da984e2bf2fa4056fd51a27d25ce2c332047f1dfd6e00?s=96&d=identicon&r=g","contentUrl":"https:\/\/secure.gravatar.com\/avatar\/1c5e76ef76bbbfdd2b4da984e2bf2fa4056fd51a27d25ce2c332047f1dfd6e00?s=96&d=identicon&r=g","caption":"Kohen"},"sameAs":["https:\/\/www.linkedin.com\/in\/hassan-kohen-448548192\/","https:\/\/www.youtube.com\/@Kohen-Avocats"],"url":"https:\/\/kohenavocats.com\/zh-hans\/author\/kohenmlk\/"}]}},"jetpack_featured_media_url":"https:\/\/kohenavocats.com\/wp-content\/uploads\/2024\/11\/kristijan-arsov-A2a12i_diJs-unsplash.webp","jetpack_likes_enabled":false,"jetpack_shortlink":"https:\/\/wp.me\/peCrII-2LUi","jetpack-related-posts":[{"id":263778,"url":"https:\/\/kohenavocats.com\/zh-hans\/tribunal-judiciaire-de-saint-denis-de-la-reunion-le-24-juin-2025-n22-03353\/","url_meta":{"origin":660814,"position":0},"title":"Tribunal judiciaire de Saint Denis de la R\u00e9union, le 24 juin 2025, n\u00b022\/03353","author":"Kohen","date":"2026\u5e741\u67089\u65e5","format":false,"excerpt":"Rendu par le juge aux affaires familiales du tribu\u2026","rel":"","context":"\u5728\u201cD\u00e9cisions juridiques\u201d\u4e2d","block_context":{"text":"D\u00e9cisions juridiques","link":"https:\/\/kohenavocats.com\/category\/decisions-juridiques\/"},"img":{"alt_text":"","src":"https:\/\/i0.wp.com\/kohenavocats.com\/wp-content\/uploads\/2024\/08\/felix-fuchs-P4NdKIesk_A-unsplash.webp?resize=350%2C200&ssl=1","width":350,"height":200,"srcset":"https:\/\/i0.wp.com\/kohenavocats.com\/wp-content\/uploads\/2024\/08\/felix-fuchs-P4NdKIesk_A-unsplash.webp?resize=350%2C200&ssl=1 1x, https:\/\/i0.wp.com\/kohenavocats.com\/wp-content\/uploads\/2024\/08\/felix-fuchs-P4NdKIesk_A-unsplash.webp?resize=525%2C300&ssl=1 1.5x, https:\/\/i0.wp.com\/kohenavocats.com\/wp-content\/uploads\/2024\/08\/felix-fuchs-P4NdKIesk_A-unsplash.webp?resize=700%2C400&ssl=1 2x, https:\/\/i0.wp.com\/kohenavocats.com\/wp-content\/uploads\/2024\/08\/felix-fuchs-P4NdKIesk_A-unsplash.webp?resize=1050%2C600&ssl=1 3x, https:\/\/i0.wp.com\/kohenavocats.com\/wp-content\/uploads\/2024\/08\/felix-fuchs-P4NdKIesk_A-unsplash.webp?resize=1400%2C800&ssl=1 4x"},"classes":[]},{"id":265283,"url":"https:\/\/kohenavocats.com\/zh-hans\/tribunal-judiciaire-de-saint-denis-de-la-reunion-le-24-juin-2025-n24-03488\/","url_meta":{"origin":660814,"position":1},"title":"Tribunal judiciaire de Saint-Denis de la R\u00e9union, le 24 juin 2025, n\u00b024\/03488","author":"Kohen","date":"2026\u5e741\u670810\u65e5","format":false,"excerpt":"Rendu par le tribunal judiciaire de Saint\u2011Denis de\u2026","rel":"","context":"\u5728\u201c6923\u201d\u4e2d","block_context":{"text":"6923","link":"https:\/\/kohenavocats.com\/category\/6923\/"},"img":{"alt_text":"","src":"https:\/\/i0.wp.com\/kohenavocats.com\/wp-content\/uploads\/2024\/08\/thomas-kelley-HBANPxXi3aQ-unsplash.webp?resize=350%2C200&ssl=1","width":350,"height":200,"srcset":"https:\/\/i0.wp.com\/kohenavocats.com\/wp-content\/uploads\/2024\/08\/thomas-kelley-HBANPxXi3aQ-unsplash.webp?resize=350%2C200&ssl=1 1x, https:\/\/i0.wp.com\/kohenavocats.com\/wp-content\/uploads\/2024\/08\/thomas-kelley-HBANPxXi3aQ-unsplash.webp?resize=525%2C300&ssl=1 1.5x, https:\/\/i0.wp.com\/kohenavocats.com\/wp-content\/uploads\/2024\/08\/thomas-kelley-HBANPxXi3aQ-unsplash.webp?resize=700%2C400&ssl=1 2x, https:\/\/i0.wp.com\/kohenavocats.com\/wp-content\/uploads\/2024\/08\/thomas-kelley-HBANPxXi3aQ-unsplash.webp?resize=1050%2C600&ssl=1 3x, https:\/\/i0.wp.com\/kohenavocats.com\/wp-content\/uploads\/2024\/08\/thomas-kelley-HBANPxXi3aQ-unsplash.webp?resize=1400%2C800&ssl=1 4x"},"classes":[]},{"id":263496,"url":"https:\/\/kohenavocats.com\/zh-hans\/tribunal-judiciaire-de-saint-denis-de-la-reunion-le-24-juin-2025-n23-03008\/","url_meta":{"origin":660814,"position":2},"title":"Tribunal judiciaire de Saint Denis de la R\u00e9union, le 24 juin 2025, n\u00b023\/03008","author":"Kohen","date":"2026\u5e741\u67089\u65e5","format":false,"excerpt":"Rendu par le tribunal judiciaire de Saint\u2011Denis de\u2026","rel":"","context":"\u5728\u201cD\u00e9cisions juridiques\u201d\u4e2d","block_context":{"text":"D\u00e9cisions juridiques","link":"https:\/\/kohenavocats.com\/category\/decisions-juridiques\/"},"img":{"alt_text":"","src":"https:\/\/i0.wp.com\/kohenavocats.com\/wp-content\/uploads\/2024\/08\/is-chessyca-ms276CveJPY-unsplash.webp?resize=350%2C200&ssl=1","width":350,"height":200,"srcset":"https:\/\/i0.wp.com\/kohenavocats.com\/wp-content\/uploads\/2024\/08\/is-chessyca-ms276CveJPY-unsplash.webp?resize=350%2C200&ssl=1 1x, https:\/\/i0.wp.com\/kohenavocats.com\/wp-content\/uploads\/2024\/08\/is-chessyca-ms276CveJPY-unsplash.webp?resize=525%2C300&ssl=1 1.5x, https:\/\/i0.wp.com\/kohenavocats.com\/wp-content\/uploads\/2024\/08\/is-chessyca-ms276CveJPY-unsplash.webp?resize=700%2C400&ssl=1 2x, https:\/\/i0.wp.com\/kohenavocats.com\/wp-content\/uploads\/2024\/08\/is-chessyca-ms276CveJPY-unsplash.webp?resize=1050%2C600&ssl=1 3x, https:\/\/i0.wp.com\/kohenavocats.com\/wp-content\/uploads\/2024\/08\/is-chessyca-ms276CveJPY-unsplash.webp?resize=1400%2C800&ssl=1 4x"},"classes":[]},{"id":266139,"url":"https:\/\/kohenavocats.com\/zh-hans\/tribunal-judiciaire-de-saint-denis-le-23-juin-2025-n25-00192\/","url_meta":{"origin":660814,"position":3},"title":"Tribunal judiciaire de Saint-Denis, le 23 juin 2025, n\u00b025\/00192","author":"Kohen","date":"2026\u5e741\u670810\u65e5","format":false,"excerpt":"Par un jugement rendu par le juge des contentieux \u2026","rel":"","context":"\u5728\u201cD\u00e9cisions juridiques\u201d\u4e2d","block_context":{"text":"D\u00e9cisions juridiques","link":"https:\/\/kohenavocats.com\/category\/decisions-juridiques\/"},"img":{"alt_text":"","src":"https:\/\/i0.wp.com\/kohenavocats.com\/wp-content\/uploads\/2024\/11\/planet-volumes-C4bN-gxQQig-unsplash.webp?resize=350%2C200&ssl=1","width":350,"height":200,"srcset":"https:\/\/i0.wp.com\/kohenavocats.com\/wp-content\/uploads\/2024\/11\/planet-volumes-C4bN-gxQQig-unsplash.webp?resize=350%2C200&ssl=1 1x, https:\/\/i0.wp.com\/kohenavocats.com\/wp-content\/uploads\/2024\/11\/planet-volumes-C4bN-gxQQig-unsplash.webp?resize=525%2C300&ssl=1 1.5x, https:\/\/i0.wp.com\/kohenavocats.com\/wp-content\/uploads\/2024\/11\/planet-volumes-C4bN-gxQQig-unsplash.webp?resize=700%2C400&ssl=1 2x, https:\/\/i0.wp.com\/kohenavocats.com\/wp-content\/uploads\/2024\/11\/planet-volumes-C4bN-gxQQig-unsplash.webp?resize=1050%2C600&ssl=1 3x, https:\/\/i0.wp.com\/kohenavocats.com\/wp-content\/uploads\/2024\/11\/planet-volumes-C4bN-gxQQig-unsplash.webp?resize=1400%2C800&ssl=1 4x"},"classes":[]},{"id":263920,"url":"https:\/\/kohenavocats.com\/zh-hans\/tribunal-judiciaire-de-saint-denis-le-26-juin-2025-n25-00013\/","url_meta":{"origin":660814,"position":4},"title":"Tribunal judiciaire de Saint Denis, le 26 juin 2025, n\u00b025\/00013","author":"Kohen","date":"2026\u5e741\u670810\u65e5","format":false,"excerpt":"Rendue par le tribunal judiciaire de Saint\u2011Denis d\u2026","rel":"","context":"\u5728\u201cD\u00e9cisions juridiques\u201d\u4e2d","block_context":{"text":"D\u00e9cisions juridiques","link":"https:\/\/kohenavocats.com\/category\/decisions-juridiques\/"},"img":{"alt_text":"","src":"https:\/\/i0.wp.com\/kohenavocats.com\/wp-content\/uploads\/2024\/07\/nathan-cima-L89SN03SJK8-unsplash.webp?resize=350%2C200&ssl=1","width":350,"height":200,"srcset":"https:\/\/i0.wp.com\/kohenavocats.com\/wp-content\/uploads\/2024\/07\/nathan-cima-L89SN03SJK8-unsplash.webp?resize=350%2C200&ssl=1 1x, https:\/\/i0.wp.com\/kohenavocats.com\/wp-content\/uploads\/2024\/07\/nathan-cima-L89SN03SJK8-unsplash.webp?resize=525%2C300&ssl=1 1.5x, https:\/\/i0.wp.com\/kohenavocats.com\/wp-content\/uploads\/2024\/07\/nathan-cima-L89SN03SJK8-unsplash.webp?resize=700%2C400&ssl=1 2x, https:\/\/i0.wp.com\/kohenavocats.com\/wp-content\/uploads\/2024\/07\/nathan-cima-L89SN03SJK8-unsplash.webp?resize=1050%2C600&ssl=1 3x, https:\/\/i0.wp.com\/kohenavocats.com\/wp-content\/uploads\/2024\/07\/nathan-cima-L89SN03SJK8-unsplash.webp?resize=1400%2C800&ssl=1 4x"},"classes":[]},{"id":374450,"url":"https:\/\/kohenavocats.com\/zh-hans\/cour-dappel-de-saint-denis-le-5-decembre-2025-n25-01181\/","url_meta":{"origin":660814,"position":5},"title":"Cour d&#8217;appel de Saint &#8211; Denis, le 5 d\u00e9cembre 2025, n\u00b025\/01181","author":"Kohen","date":"2026\u5e742\u670817\u65e5","format":false,"excerpt":"La Cour d\u2019appel de Saint-Denis, par un arr\u00eat du 5 \u2026","rel":"","context":"\u5728\u201cCour d'appel\u201d\u4e2d","block_context":{"text":"Cour d'appel","link":"https:\/\/kohenavocats.com\/category\/cour-dappel\/"},"img":{"alt_text":"","src":"https:\/\/i0.wp.com\/kohenavocats.com\/wp-content\/uploads\/2024\/11\/laura-adai-483rEMrcau8-unsplash.webp?resize=350%2C200&ssl=1","width":350,"height":200,"srcset":"https:\/\/i0.wp.com\/kohenavocats.com\/wp-content\/uploads\/2024\/11\/laura-adai-483rEMrcau8-unsplash.webp?resize=350%2C200&ssl=1 1x, https:\/\/i0.wp.com\/kohenavocats.com\/wp-content\/uploads\/2024\/11\/laura-adai-483rEMrcau8-unsplash.webp?resize=525%2C300&ssl=1 1.5x, https:\/\/i0.wp.com\/kohenavocats.com\/wp-content\/uploads\/2024\/11\/laura-adai-483rEMrcau8-unsplash.webp?resize=700%2C400&ssl=1 2x, https:\/\/i0.wp.com\/kohenavocats.com\/wp-content\/uploads\/2024\/11\/laura-adai-483rEMrcau8-unsplash.webp?resize=1050%2C600&ssl=1 3x, https:\/\/i0.wp.com\/kohenavocats.com\/wp-content\/uploads\/2024\/11\/laura-adai-483rEMrcau8-unsplash.webp?resize=1400%2C800&ssl=1 4x"},"classes":[]}],"jetpack_sharing_enabled":true,"_links":{"self":[{"href":"https:\/\/kohenavocats.com\/zh-hans\/wp-json\/wp\/v2\/posts\/660814","targetHints":{"allow":["GET"]}}],"collection":[{"href":"https:\/\/kohenavocats.com\/zh-hans\/wp-json\/wp\/v2\/posts"}],"about":[{"href":"https:\/\/kohenavocats.com\/zh-hans\/wp-json\/wp\/v2\/types\/post"}],"author":[{"embeddable":true,"href":"https:\/\/kohenavocats.com\/zh-hans\/wp-json\/wp\/v2\/users\/232070755"}],"replies":[{"embeddable":true,"href":"https:\/\/kohenavocats.com\/zh-hans\/wp-json\/wp\/v2\/comments?post=660814"}],"version-history":[{"count":0,"href":"https:\/\/kohenavocats.com\/zh-hans\/wp-json\/wp\/v2\/posts\/660814\/revisions"}],"wp:featuredmedia":[{"embeddable":true,"href":"https:\/\/kohenavocats.com\/zh-hans\/wp-json\/wp\/v2\/media\/9676"}],"wp:attachment":[{"href":"https:\/\/kohenavocats.com\/zh-hans\/wp-json\/wp\/v2\/media?parent=660814"}],"wp:term":[{"taxonomy":"category","embeddable":true,"href":"https:\/\/kohenavocats.com\/zh-hans\/wp-json\/wp\/v2\/categories?post=660814"},{"taxonomy":"post_tag","embeddable":true,"href":"https:\/\/kohenavocats.com\/zh-hans\/wp-json\/wp\/v2\/tags?post=660814"}],"curies":[{"name":"wp","href":"https:\/\/api.w.org\/{rel}","templated":true}]}}