{"id":660825,"date":"2026-04-23T15:58:19","date_gmt":"2026-04-23T13:58:19","guid":{"rendered":"https:\/\/kohenavocats.com\/cour-dappel-le-26-septembre-2025-n22-07197\/"},"modified":"2026-04-23T15:58:19","modified_gmt":"2026-04-23T13:58:19","slug":"cour-dappel-le-26-septembre-2025-n22-07197","status":"publish","type":"post","link":"https:\/\/kohenavocats.com\/zh-hans\/cour-dappel-le-26-septembre-2025-n22-07197\/","title":{"rendered":"Cour d&#8217;appel, le 26 septembre 2025, n\u00b022\/07197"},"content":{"rendered":"<div class=\"article-content\">\n<p>La Cour d&#8217;appel, statuant en date non pr\u00e9cis\u00e9e, examine un litige relatif \u00e0 la d\u00e9nonciation d&#8217;un accord collectif d\u00e9partemental instaurant une prime d&#8217;anciennet\u00e9. Une soci\u00e9t\u00e9 employeuse, anciennement adh\u00e9rente \u00e0 la f\u00e9d\u00e9ration signataire, cesse de verser cette prime suite \u00e0 la d\u00e9nonciation de l&#8217;accord par la f\u00e9d\u00e9ration. Un salari\u00e9 et des organisations syndicales contestent cette d\u00e9nonciation et r\u00e9clament le paiement des arri\u00e9r\u00e9s. La cour \u00e9carte la contestation de la r\u00e9gularit\u00e9 proc\u00e9durale de la d\u00e9nonciation pour irrecevabilit\u00e9. Elle pr\u00e9cise ensuite les effets de cette d\u00e9nonciation sur les droits des salari\u00e9s et condamne l&#8217;employeur au paiement des sommes dues ainsi qu&#8217;\u00e0 des dommages-int\u00e9r\u00eats.<\/p>\n<p>La r\u00e9gularit\u00e9 de la d\u00e9nonciation : une contestation soumise \u00e0 des conditions de recevabilit\u00e9<\/p>\n<p>L&#8217;irrecevabilit\u00e9 de la contestation proc\u00e9durale constitue le premier apport de la d\u00e9cision. Les requ\u00e9rants reprochaient \u00e0 l&#8217;employeur de ne pas justifier de la cessation de son adh\u00e9sion \u00e0 la f\u00e9d\u00e9ration signataire et de ne pas avoir notifi\u00e9 la d\u00e9nonciation. La cour \u00e9carte cet argument par un motif de proc\u00e9dure. Elle estime que la contestation de la r\u00e9gularit\u00e9 de la d\u00e9nonciation n&#8217;est pas recevable \u00e0 l&#8217;encontre de l&#8217;employeur seul. &#8220;En revanche, d\u00e8s lors que M. [P], l&#8217;union r\u00e9gionale de la construction CGT PACA et l&#8217;union syndicale des salari\u00e9s de la construction du bois et de l&#8217;ameublement des Bouches-du-Rh\u00f4ne CGT n&#8217;ont pas appel\u00e9 en la cause la f\u00e9d\u00e9ration des entreprises de BTP des Bouches-du-Rh\u00f4ne, seule signataire pour les employeurs de l&#8217;accord collectif pr\u00e9cit\u00e9 et \u00e0 l&#8217;origine de la d\u00e9nonciation du 25 juin 2015, ils ne sont pas recevables \u00e0 contester la r\u00e9gularit\u00e9 de cette d\u00e9nonciation \u00e0 l&#8217;\u00e9gard de la soci\u00e9t\u00e9 SNEF que celle-ci f\u00fbt encore, ou non, adh\u00e9rente de cette f\u00e9d\u00e9ration \u00e0 la date de la d\u00e9nonciation.&#8221; Cette solution rappelle que l&#8217;auteur d&#8217;un acte juridique doit \u00eatre mis en cause pour en discuter la validit\u00e9. Elle prot\u00e8ge l&#8217;employeur adh\u00e9rent d&#8217;une contestation portant sur un acte qu&#8217;il n&#8217;a pas pris personnellement. Sa port\u00e9e est confirm\u00e9e par une jurisprudence identique qui statue dans les m\u00eames termes (Cour d&#8217;appel de Paris, le 10 juillet 2025, n\u00b024\/06083). Cette approche impose une rigueur proc\u00e9durale aux syndicats souhaitant contester une d\u00e9nonciation.<\/p>\n<p>La confirmation de l&#8217;obligation de l&#8217;employeur malgr\u00e9 la d\u00e9nonciation forme le second point. La cour rappelle le principe selon lequel l&#8217;employeur reste li\u00e9 par l&#8217;accord apr\u00e8s sa d\u00e9mission de l&#8217;organisation signataire. Elle se fonde sur l&#8217;article L.2262-3 du code du travail. &#8220;Alors qu&#8217;il r\u00e9sulte des dispositions claires et pr\u00e9cises de l&#8217;article L.135-1 alin\u00e9a 3 devenu l&#8217;article L.2262-3 du code du travail que la soci\u00e9t\u00e9 SNEF restait tenue d&#8217;appliquer l&#8217;accord du 28 octobre 1968, m\u00eame apr\u00e8s la cessation de son adh\u00e9sion \u00e0 la f\u00e9d\u00e9ration des entreprises du BTP des Bouches-du-Rh\u00f4ne.&#8221; Cette disposition imp\u00e9rative assure la stabilit\u00e9 des relations conventionnelles et la protection des salari\u00e9s. Elle emp\u00eache un employeur de se soustraire unilat\u00e9ralement \u00e0 ses obligations en quittant l&#8217;organisation patronale signataire. La valeur de ce rappel est essentielle car il constitue le fondement juridique de la condamnation au paiement des arri\u00e9r\u00e9s, ind\u00e9pendamment de la r\u00e9gularit\u00e9 de la d\u00e9nonciation.<\/p>\n<p>Les effets de la d\u00e9nonciation : la distinction entre p\u00e9riode transitoire et avantage acquis<\/p>\n<p>La d\u00e9termination de la p\u00e9riode d&#8217;application transitoire de l&#8217;accord d\u00e9nonc\u00e9 est pr\u00e9cis\u00e9ment fix\u00e9e. La cour applique strictement l&#8217;article L.2261-13 du code du travail dans sa r\u00e9daction ant\u00e9rieure \u00e0 la loi du 8 ao\u00fbt 2016. Elle retient que l&#8217;accord continue de produire ses effets pendant un d\u00e9lai de quinze mois suivant sa d\u00e9nonciation. &#8220;Par cons\u00e9quent, et jusqu&#8217;au 25 septembre 2016 inclus (15 mois depuis le 25 juin 2015), M. [P] avait le droit de percevoir la prime d&#8217;anciennet\u00e9 calcul\u00e9e conform\u00e9ment \u00e0 l&#8217;accord du 28 octobre 1968 d\u00e9nonc\u00e9 le 25 juin 2015.&#8221; Durant cette p\u00e9riode, la prime est calcul\u00e9e de mani\u00e8re \u00e9volutive, selon les modalit\u00e9s conventionnelles initiales. Cette interpr\u00e9tation s\u00e9curise les droits des salari\u00e9s pendant la phase de transition suivant la d\u00e9nonciation. Elle garantit une continuit\u00e9 de la protection conventionnelle le temps qu&#8217;un \u00e9ventuel nouvel accord soit n\u00e9goci\u00e9.<\/p>\n<p>La cons\u00e9cration et le calcul de l&#8217;avantage acquis fig\u00e9 apr\u00e8s le d\u00e9lai transitoire ach\u00e8vent l&#8217;analyse. Pass\u00e9 le d\u00e9lai de quinze mois, le salari\u00e9 ne conserve qu&#8217;un avantage individuel acquis, fig\u00e9 \u00e0 sa valeur \u00e0 cette date. &#8220;A compter du 26 septembre 2016, il avait le droit de percevoir l&#8217;avantage acquis fig\u00e9 \u00e0 cette date.&#8221; La cour proc\u00e8de alors au calcul concret de cet avantage pour le salari\u00e9 concern\u00e9, sur la base du salaire minimum conventionnel applicable \u00e0 la date du 25 septembre 2016. Elle condamne en cons\u00e9quence l&#8217;employeur au paiement des arri\u00e9r\u00e9s, reconnaissant son erreur. Cette fixation de l&#8217;avantage acquis au dernier salaire conventionnel connu est logique. Elle pr\u00e9serve le pouvoir d&#8217;achat du salari\u00e9 tel qu&#8217;il \u00e9tait au moment o\u00f9 l&#8217;accord a cess\u00e9 de produire ses effets dynamiques. Cette solution op\u00e8re une synth\u00e8se \u00e9quilibr\u00e9e entre la fin de la convention collective et la protection des droits n\u00e9s de son application.<\/p>\n<\/div>\n","protected":false},"excerpt":{"rendered":"<p>La Cour d&#8217;appel, statuant en date non pr\u00e9cis\u00e9e, examine un litige relatif \u00e0 la d\u00e9nonciation d&#8217;un accord collectif d\u00e9partemental instaurant une prime d&#8217;ancien&#8230;<\/p>\n","protected":false},"author":232070755,"featured_media":9631,"comment_status":"open","ping_status":"open","sticky":false,"template":"","format":"standard","meta":{"_crdt_document":"","_jetpack_newsletter_access":"","_jetpack_dont_email_post_to_subs":false,"_jetpack_newsletter_tier_id":0,"_jetpack_memberships_contains_paywalled_content":false,"_kj_source_type":"","_kj_official_id":"","_kj_official_url":"","_kj_judilibre_id":"","_kj_jur":"","_kj_lieu":"","_kj_chambre":"","_kj_rg":"","_kj_date":"","_jetpack_memberships_contains_paid_content":false,"footnotes":"","jetpack_post_was_ever_published":false},"categories":[7597],"tags":[],"class_list":["post-660825","post","type-post","status-publish","format-standard","has-post-thumbnail","hentry","category-jurisprudence"],"yoast_head":"<!-- This site is optimized with the Yoast SEO Premium plugin v27.4 (Yoast SEO v27.4) - https:\/\/yoast.com\/product\/yoast-seo-premium-wordpress\/ -->\n<title>Cour d&#039;appel, le 26 septembre 2025, n\u00b022\/07197 - Ma\u00eetre Hassan Kohen, avocat en droit p\u00e9nal \u00e0 Paris<\/title>\n<meta name=\"description\" content=\"La Cour d&#039;appel, statuant en date non pr\u00e9cis\u00e9e, examine un litige relatif \u00e0 la d\u00e9nonciation d&#039;un accord collectif d\u00e9partemental instaurant une prime d&#039;ancien...\" \/>\n<meta name=\"robots\" content=\"index, follow, max-snippet:-1, max-image-preview:large, max-video-preview:-1\" \/>\n<link rel=\"canonical\" href=\"https:\/\/kohenavocats.com\/zh-hans\/cour-dappel-le-26-septembre-2025-n22-07197\/\" \/>\n<meta property=\"og:locale\" content=\"zh_CN\" \/>\n<meta property=\"og:type\" content=\"article\" \/>\n<meta property=\"og:title\" content=\"Cour d&#039;appel, le 26 septembre 2025, n\u00b022\/07197\" \/>\n<meta property=\"og:description\" content=\"La Cour d&#039;appel, statuant en date non pr\u00e9cis\u00e9e, examine un litige relatif \u00e0 la d\u00e9nonciation d&#039;un accord collectif d\u00e9partemental instaurant une prime d&#039;ancien...\" \/>\n<meta property=\"og:url\" content=\"https:\/\/kohenavocats.com\/zh-hans\/cour-dappel-le-26-septembre-2025-n22-07197\/\" \/>\n<meta property=\"og:site_name\" content=\"Ma\u00eetre Hassan Kohen, avocat en droit p\u00e9nal \u00e0 Paris\" \/>\n<meta property=\"article:published_time\" content=\"2026-04-23T13:58:19+00:00\" \/>\n<meta property=\"og:image\" content=\"https:\/\/kohenavocats.com\/wp-content\/uploads\/2024\/11\/getty-images-qZQ7l1FLcgI-unsplash.webp\" \/>\n\t<meta property=\"og:image:width\" content=\"4688\" \/>\n\t<meta property=\"og:image:height\" content=\"3796\" \/>\n\t<meta property=\"og:image:type\" content=\"image\/webp\" \/>\n<meta name=\"author\" content=\"Kohen\" \/>\n<meta name=\"twitter:card\" content=\"summary_large_image\" \/>\n<meta name=\"twitter:label1\" content=\"\u4f5c\u8005\" \/>\n\t<meta name=\"twitter:data1\" content=\"Kohen\" \/>\n\t<meta name=\"twitter:label2\" content=\"\u9884\u8ba1\u9605\u8bfb\u65f6\u95f4\" \/>\n\t<meta name=\"twitter:data2\" content=\"4 \u5206\" \/>\n<script type=\"application\/ld+json\" class=\"yoast-schema-graph\">{\"@context\":\"https:\\\/\\\/schema.org\",\"@graph\":[{\"@type\":\"Article\",\"@id\":\"https:\\\/\\\/kohenavocats.com\\\/zh-hans\\\/cour-dappel-le-26-septembre-2025-n22-07197\\\/#article\",\"isPartOf\":{\"@id\":\"https:\\\/\\\/kohenavocats.com\\\/zh-hans\\\/cour-dappel-le-26-septembre-2025-n22-07197\\\/\"},\"author\":{\"name\":\"Kohen\",\"@id\":\"https:\\\/\\\/kohenavocats.com\\\/zh-hans\\\/#\\\/schema\\\/person\\\/761c9ba54fa1ca84d405cef0831ff751\"},\"headline\":\"Cour d&#8217;appel, le 26 septembre 2025, n\u00b022\\\/07197\",\"datePublished\":\"2026-04-23T13:58:19+00:00\",\"mainEntityOfPage\":{\"@id\":\"https:\\\/\\\/kohenavocats.com\\\/zh-hans\\\/cour-dappel-le-26-septembre-2025-n22-07197\\\/\"},\"wordCount\":934,\"commentCount\":0,\"publisher\":{\"@id\":\"https:\\\/\\\/kohenavocats.com\\\/zh-hans\\\/#organization\"},\"image\":{\"@id\":\"https:\\\/\\\/kohenavocats.com\\\/zh-hans\\\/cour-dappel-le-26-septembre-2025-n22-07197\\\/#primaryimage\"},\"thumbnailUrl\":\"https:\\\/\\\/kohenavocats.com\\\/wp-content\\\/uploads\\\/2024\\\/11\\\/getty-images-qZQ7l1FLcgI-unsplash.webp\",\"articleSection\":[\"Jurisprudence\"],\"inLanguage\":\"zh-Hans\",\"potentialAction\":[{\"@type\":\"CommentAction\",\"name\":\"Comment\",\"target\":[\"https:\\\/\\\/kohenavocats.com\\\/zh-hans\\\/cour-dappel-le-26-septembre-2025-n22-07197\\\/#respond\"]}],\"citation\":\"Cour d&#8217;appel, le 26 septembre 2025, n\u00b022\\\/07197\",\"about\":[{\"@type\":\"Thing\",\"name\":\"Jurisprudence\"}],\"dateModified\":\"2026-04-23T13:58:19+00:00\",\"speakable\":{\"@type\":\"SpeakableSpecification\",\"cssSelector\":[\".article-content > p:first-of-type\"]}},{\"@type\":\"WebPage\",\"@id\":\"https:\\\/\\\/kohenavocats.com\\\/zh-hans\\\/cour-dappel-le-26-septembre-2025-n22-07197\\\/\",\"url\":\"https:\\\/\\\/kohenavocats.com\\\/zh-hans\\\/cour-dappel-le-26-septembre-2025-n22-07197\\\/\",\"name\":\"Cour d'appel, le 26 septembre 2025, n\u00b022\\\/07197 - Ma\u00eetre Hassan Kohen, avocat en droit p\u00e9nal \u00e0 Paris\",\"isPartOf\":{\"@id\":\"https:\\\/\\\/kohenavocats.com\\\/zh-hans\\\/#website\"},\"primaryImageOfPage\":{\"@id\":\"https:\\\/\\\/kohenavocats.com\\\/zh-hans\\\/cour-dappel-le-26-septembre-2025-n22-07197\\\/#primaryimage\"},\"image\":{\"@id\":\"https:\\\/\\\/kohenavocats.com\\\/zh-hans\\\/cour-dappel-le-26-septembre-2025-n22-07197\\\/#primaryimage\"},\"thumbnailUrl\":\"https:\\\/\\\/kohenavocats.com\\\/wp-content\\\/uploads\\\/2024\\\/11\\\/getty-images-qZQ7l1FLcgI-unsplash.webp\",\"datePublished\":\"2026-04-23T13:58:19+00:00\",\"description\":\"La Cour d'appel, statuant en date non pr\u00e9cis\u00e9e, examine un litige relatif \u00e0 la d\u00e9nonciation d'un accord collectif d\u00e9partemental instaurant une prime d'ancien...\",\"breadcrumb\":{\"@id\":\"https:\\\/\\\/kohenavocats.com\\\/zh-hans\\\/cour-dappel-le-26-septembre-2025-n22-07197\\\/#breadcrumb\"},\"inLanguage\":\"zh-Hans\",\"potentialAction\":[{\"@type\":\"ReadAction\",\"target\":[\"https:\\\/\\\/kohenavocats.com\\\/zh-hans\\\/cour-dappel-le-26-septembre-2025-n22-07197\\\/\"]}]},{\"@type\":\"ImageObject\",\"inLanguage\":\"zh-Hans\",\"@id\":\"https:\\\/\\\/kohenavocats.com\\\/zh-hans\\\/cour-dappel-le-26-septembre-2025-n22-07197\\\/#primaryimage\",\"url\":\"https:\\\/\\\/kohenavocats.com\\\/wp-content\\\/uploads\\\/2024\\\/11\\\/getty-images-qZQ7l1FLcgI-unsplash.webp\",\"contentUrl\":\"https:\\\/\\\/kohenavocats.com\\\/wp-content\\\/uploads\\\/2024\\\/11\\\/getty-images-qZQ7l1FLcgI-unsplash.webp\",\"width\":4688,\"height\":3796},{\"@type\":\"BreadcrumbList\",\"@id\":\"https:\\\/\\\/kohenavocats.com\\\/zh-hans\\\/cour-dappel-le-26-septembre-2025-n22-07197\\\/#breadcrumb\",\"itemListElement\":[{\"@type\":\"ListItem\",\"position\":1,\"name\":\"Home\",\"item\":\"https:\\\/\\\/kohenavocats.com\\\/zh-hans\\\/\"},{\"@type\":\"ListItem\",\"position\":2,\"name\":\"Cour d&rsquo;appel, le 26 septembre 2025, n\u00b022\\\/07197\"}]},{\"@type\":\"WebSite\",\"@id\":\"https:\\\/\\\/kohenavocats.com\\\/zh-hans\\\/#website\",\"url\":\"https:\\\/\\\/kohenavocats.com\\\/zh-hans\\\/\",\"name\":\"Kohen Avocats\",\"description\":\"Ma\u00eetre Hassan Kohen, avocat p\u00e9naliste \u00e0 Paris, intervient exclusivement en droit p\u00e9nal pour la d\u00e9fense des particuliers, notamment en mati\u00e8re d\u2019accusations de viol. Il assure un accompagnement rigoureux d\u00e8s la garde \u00e0 vue jusqu\u2019\u00e0 la Cour d\u2019assises, veillant au strict respect des garanties proc\u00e9durales.\",\"publisher\":{\"@id\":\"https:\\\/\\\/kohenavocats.com\\\/zh-hans\\\/#organization\"},\"potentialAction\":[{\"@type\":\"SearchAction\",\"target\":{\"@type\":\"EntryPoint\",\"urlTemplate\":\"https:\\\/\\\/kohenavocats.com\\\/zh-hans\\\/?s={search_term_string}\"},\"query-input\":{\"@type\":\"PropertyValueSpecification\",\"valueRequired\":true,\"valueName\":\"search_term_string\"}}],\"inLanguage\":\"zh-Hans\"},{\"@type\":\"Organization\",\"@id\":\"https:\\\/\\\/kohenavocats.com\\\/zh-hans\\\/#organization\",\"name\":\"Kohen Avocats\",\"url\":\"https:\\\/\\\/kohenavocats.com\\\/zh-hans\\\/\",\"logo\":{\"@type\":\"ImageObject\",\"inLanguage\":\"zh-Hans\",\"@id\":\"https:\\\/\\\/kohenavocats.com\\\/zh-hans\\\/#\\\/schema\\\/logo\\\/image\\\/\",\"url\":\"https:\\\/\\\/kohenavocats.com\\\/wp-content\\\/uploads\\\/2026\\\/01\\\/Logo-2-1.webp\",\"contentUrl\":\"https:\\\/\\\/kohenavocats.com\\\/wp-content\\\/uploads\\\/2026\\\/01\\\/Logo-2-1.webp\",\"width\":2114,\"height\":1253,\"caption\":\"Kohen Avocats\"},\"image\":{\"@id\":\"https:\\\/\\\/kohenavocats.com\\\/zh-hans\\\/#\\\/schema\\\/logo\\\/image\\\/\"}},{\"@type\":\"Person\",\"@id\":\"https:\\\/\\\/kohenavocats.com\\\/zh-hans\\\/#\\\/schema\\\/person\\\/761c9ba54fa1ca84d405cef0831ff751\",\"name\":\"Kohen\",\"image\":{\"@type\":\"ImageObject\",\"inLanguage\":\"zh-Hans\",\"@id\":\"https:\\\/\\\/secure.gravatar.com\\\/avatar\\\/1c5e76ef76bbbfdd2b4da984e2bf2fa4056fd51a27d25ce2c332047f1dfd6e00?s=96&d=identicon&r=g\",\"url\":\"https:\\\/\\\/secure.gravatar.com\\\/avatar\\\/1c5e76ef76bbbfdd2b4da984e2bf2fa4056fd51a27d25ce2c332047f1dfd6e00?s=96&d=identicon&r=g\",\"contentUrl\":\"https:\\\/\\\/secure.gravatar.com\\\/avatar\\\/1c5e76ef76bbbfdd2b4da984e2bf2fa4056fd51a27d25ce2c332047f1dfd6e00?s=96&d=identicon&r=g\",\"caption\":\"Kohen\"},\"sameAs\":[\"https:\\\/\\\/www.linkedin.com\\\/in\\\/hassan-kohen-448548192\\\/\",\"https:\\\/\\\/www.youtube.com\\\/@Kohen-Avocats\"],\"url\":\"https:\\\/\\\/kohenavocats.com\\\/zh-hans\\\/author\\\/kohenmlk\\\/\"}]}<\/script>\n<!-- \/ Yoast SEO Premium plugin. -->","yoast_head_json":{"title":"Cour d'appel, le 26 septembre 2025, n\u00b022\/07197 - Ma\u00eetre Hassan Kohen, avocat en droit p\u00e9nal \u00e0 Paris","description":"La Cour d'appel, statuant en date non pr\u00e9cis\u00e9e, examine un litige relatif \u00e0 la d\u00e9nonciation d'un accord collectif d\u00e9partemental instaurant une prime d'ancien...","robots":{"index":"index","follow":"follow","max-snippet":"max-snippet:-1","max-image-preview":"max-image-preview:large","max-video-preview":"max-video-preview:-1"},"canonical":"https:\/\/kohenavocats.com\/zh-hans\/cour-dappel-le-26-septembre-2025-n22-07197\/","og_locale":"zh_CN","og_type":"article","og_title":"Cour d'appel, le 26 septembre 2025, n\u00b022\/07197","og_description":"La Cour d'appel, statuant en date non pr\u00e9cis\u00e9e, examine un litige relatif \u00e0 la d\u00e9nonciation d'un accord collectif d\u00e9partemental instaurant une prime d'ancien...","og_url":"https:\/\/kohenavocats.com\/zh-hans\/cour-dappel-le-26-septembre-2025-n22-07197\/","og_site_name":"Ma\u00eetre Hassan Kohen, avocat en droit p\u00e9nal \u00e0 Paris","article_published_time":"2026-04-23T13:58:19+00:00","og_image":[{"width":4688,"height":3796,"url":"https:\/\/kohenavocats.com\/wp-content\/uploads\/2024\/11\/getty-images-qZQ7l1FLcgI-unsplash.webp","type":"image\/webp"}],"author":"Kohen","twitter_card":"summary_large_image","twitter_misc":{"\u4f5c\u8005":"Kohen","\u9884\u8ba1\u9605\u8bfb\u65f6\u95f4":"4 \u5206"},"schema":{"@context":"https:\/\/schema.org","@graph":[{"@type":"Article","@id":"https:\/\/kohenavocats.com\/zh-hans\/cour-dappel-le-26-septembre-2025-n22-07197\/#article","isPartOf":{"@id":"https:\/\/kohenavocats.com\/zh-hans\/cour-dappel-le-26-septembre-2025-n22-07197\/"},"author":{"name":"Kohen","@id":"https:\/\/kohenavocats.com\/zh-hans\/#\/schema\/person\/761c9ba54fa1ca84d405cef0831ff751"},"headline":"Cour d&#8217;appel, le 26 septembre 2025, n\u00b022\/07197","datePublished":"2026-04-23T13:58:19+00:00","mainEntityOfPage":{"@id":"https:\/\/kohenavocats.com\/zh-hans\/cour-dappel-le-26-septembre-2025-n22-07197\/"},"wordCount":934,"commentCount":0,"publisher":{"@id":"https:\/\/kohenavocats.com\/zh-hans\/#organization"},"image":{"@id":"https:\/\/kohenavocats.com\/zh-hans\/cour-dappel-le-26-septembre-2025-n22-07197\/#primaryimage"},"thumbnailUrl":"https:\/\/kohenavocats.com\/wp-content\/uploads\/2024\/11\/getty-images-qZQ7l1FLcgI-unsplash.webp","articleSection":["Jurisprudence"],"inLanguage":"zh-Hans","potentialAction":[{"@type":"CommentAction","name":"Comment","target":["https:\/\/kohenavocats.com\/zh-hans\/cour-dappel-le-26-septembre-2025-n22-07197\/#respond"]}],"citation":"Cour d&#8217;appel, le 26 septembre 2025, n\u00b022\/07197","about":[{"@type":"Thing","name":"Jurisprudence"}],"dateModified":"2026-04-23T13:58:19+00:00","speakable":{"@type":"SpeakableSpecification","cssSelector":[".article-content > p:first-of-type"]}},{"@type":"WebPage","@id":"https:\/\/kohenavocats.com\/zh-hans\/cour-dappel-le-26-septembre-2025-n22-07197\/","url":"https:\/\/kohenavocats.com\/zh-hans\/cour-dappel-le-26-septembre-2025-n22-07197\/","name":"Cour d'appel, le 26 septembre 2025, n\u00b022\/07197 - Ma\u00eetre Hassan Kohen, avocat en droit p\u00e9nal \u00e0 Paris","isPartOf":{"@id":"https:\/\/kohenavocats.com\/zh-hans\/#website"},"primaryImageOfPage":{"@id":"https:\/\/kohenavocats.com\/zh-hans\/cour-dappel-le-26-septembre-2025-n22-07197\/#primaryimage"},"image":{"@id":"https:\/\/kohenavocats.com\/zh-hans\/cour-dappel-le-26-septembre-2025-n22-07197\/#primaryimage"},"thumbnailUrl":"https:\/\/kohenavocats.com\/wp-content\/uploads\/2024\/11\/getty-images-qZQ7l1FLcgI-unsplash.webp","datePublished":"2026-04-23T13:58:19+00:00","description":"La Cour d'appel, statuant en date non pr\u00e9cis\u00e9e, examine un litige relatif \u00e0 la d\u00e9nonciation d'un accord collectif d\u00e9partemental instaurant une prime d'ancien...","breadcrumb":{"@id":"https:\/\/kohenavocats.com\/zh-hans\/cour-dappel-le-26-septembre-2025-n22-07197\/#breadcrumb"},"inLanguage":"zh-Hans","potentialAction":[{"@type":"ReadAction","target":["https:\/\/kohenavocats.com\/zh-hans\/cour-dappel-le-26-septembre-2025-n22-07197\/"]}]},{"@type":"ImageObject","inLanguage":"zh-Hans","@id":"https:\/\/kohenavocats.com\/zh-hans\/cour-dappel-le-26-septembre-2025-n22-07197\/#primaryimage","url":"https:\/\/kohenavocats.com\/wp-content\/uploads\/2024\/11\/getty-images-qZQ7l1FLcgI-unsplash.webp","contentUrl":"https:\/\/kohenavocats.com\/wp-content\/uploads\/2024\/11\/getty-images-qZQ7l1FLcgI-unsplash.webp","width":4688,"height":3796},{"@type":"BreadcrumbList","@id":"https:\/\/kohenavocats.com\/zh-hans\/cour-dappel-le-26-septembre-2025-n22-07197\/#breadcrumb","itemListElement":[{"@type":"ListItem","position":1,"name":"Home","item":"https:\/\/kohenavocats.com\/zh-hans\/"},{"@type":"ListItem","position":2,"name":"Cour d&rsquo;appel, le 26 septembre 2025, n\u00b022\/07197"}]},{"@type":"WebSite","@id":"https:\/\/kohenavocats.com\/zh-hans\/#website","url":"https:\/\/kohenavocats.com\/zh-hans\/","name":"Kohen Avocats","description":"Ma\u00eetre Hassan Kohen, avocat p\u00e9naliste \u00e0 Paris, intervient exclusivement en droit p\u00e9nal pour la d\u00e9fense des particuliers, notamment en mati\u00e8re d\u2019accusations de viol. Il assure un accompagnement rigoureux d\u00e8s la garde \u00e0 vue jusqu\u2019\u00e0 la Cour d\u2019assises, veillant au strict respect des garanties proc\u00e9durales.","publisher":{"@id":"https:\/\/kohenavocats.com\/zh-hans\/#organization"},"potentialAction":[{"@type":"SearchAction","target":{"@type":"EntryPoint","urlTemplate":"https:\/\/kohenavocats.com\/zh-hans\/?s={search_term_string}"},"query-input":{"@type":"PropertyValueSpecification","valueRequired":true,"valueName":"search_term_string"}}],"inLanguage":"zh-Hans"},{"@type":"Organization","@id":"https:\/\/kohenavocats.com\/zh-hans\/#organization","name":"Kohen Avocats","url":"https:\/\/kohenavocats.com\/zh-hans\/","logo":{"@type":"ImageObject","inLanguage":"zh-Hans","@id":"https:\/\/kohenavocats.com\/zh-hans\/#\/schema\/logo\/image\/","url":"https:\/\/kohenavocats.com\/wp-content\/uploads\/2026\/01\/Logo-2-1.webp","contentUrl":"https:\/\/kohenavocats.com\/wp-content\/uploads\/2026\/01\/Logo-2-1.webp","width":2114,"height":1253,"caption":"Kohen Avocats"},"image":{"@id":"https:\/\/kohenavocats.com\/zh-hans\/#\/schema\/logo\/image\/"}},{"@type":"Person","@id":"https:\/\/kohenavocats.com\/zh-hans\/#\/schema\/person\/761c9ba54fa1ca84d405cef0831ff751","name":"Kohen","image":{"@type":"ImageObject","inLanguage":"zh-Hans","@id":"https:\/\/secure.gravatar.com\/avatar\/1c5e76ef76bbbfdd2b4da984e2bf2fa4056fd51a27d25ce2c332047f1dfd6e00?s=96&d=identicon&r=g","url":"https:\/\/secure.gravatar.com\/avatar\/1c5e76ef76bbbfdd2b4da984e2bf2fa4056fd51a27d25ce2c332047f1dfd6e00?s=96&d=identicon&r=g","contentUrl":"https:\/\/secure.gravatar.com\/avatar\/1c5e76ef76bbbfdd2b4da984e2bf2fa4056fd51a27d25ce2c332047f1dfd6e00?s=96&d=identicon&r=g","caption":"Kohen"},"sameAs":["https:\/\/www.linkedin.com\/in\/hassan-kohen-448548192\/","https:\/\/www.youtube.com\/@Kohen-Avocats"],"url":"https:\/\/kohenavocats.com\/zh-hans\/author\/kohenmlk\/"}]}},"jetpack_featured_media_url":"https:\/\/kohenavocats.com\/wp-content\/uploads\/2024\/11\/getty-images-qZQ7l1FLcgI-unsplash.webp","jetpack_likes_enabled":false,"jetpack_shortlink":"https:\/\/wp.me\/peCrII-2LUt","jetpack-related-posts":[{"id":660826,"url":"https:\/\/kohenavocats.com\/zh-hans\/cour-dappel-le-26-septembre-2025-n22-07195\/","url_meta":{"origin":660825,"position":0},"title":"Cour d&#8217;appel, le 26 septembre 2025, n\u00b022\/07195","author":"Kohen","date":"2026\u5e744\u670823\u65e5","format":false,"excerpt":"La cour d\u2019appel, statuant sur une affaire relative\u2026","rel":"","context":"\u5728\u201cJurisprudence\u201d\u4e2d","block_context":{"text":"Jurisprudence","link":"https:\/\/kohenavocats.com\/category\/jurisprudence\/"},"img":{"alt_text":"","src":"https:\/\/i0.wp.com\/kohenavocats.com\/wp-content\/uploads\/2024\/08\/alexandre-brondino-jCxM7spcAWY-unsplash-1.webp?resize=350%2C200&ssl=1","width":350,"height":200,"srcset":"https:\/\/i0.wp.com\/kohenavocats.com\/wp-content\/uploads\/2024\/08\/alexandre-brondino-jCxM7spcAWY-unsplash-1.webp?resize=350%2C200&ssl=1 1x, https:\/\/i0.wp.com\/kohenavocats.com\/wp-content\/uploads\/2024\/08\/alexandre-brondino-jCxM7spcAWY-unsplash-1.webp?resize=525%2C300&ssl=1 1.5x, https:\/\/i0.wp.com\/kohenavocats.com\/wp-content\/uploads\/2024\/08\/alexandre-brondino-jCxM7spcAWY-unsplash-1.webp?resize=700%2C400&ssl=1 2x, https:\/\/i0.wp.com\/kohenavocats.com\/wp-content\/uploads\/2024\/08\/alexandre-brondino-jCxM7spcAWY-unsplash-1.webp?resize=1050%2C600&ssl=1 3x, https:\/\/i0.wp.com\/kohenavocats.com\/wp-content\/uploads\/2024\/08\/alexandre-brondino-jCxM7spcAWY-unsplash-1.webp?resize=1400%2C800&ssl=1 4x"},"classes":[]},{"id":660748,"url":"https:\/\/kohenavocats.com\/zh-hans\/cour-dappel-de-versailles-le-18-septembre-2025-n22-06998\/","url_meta":{"origin":660825,"position":1},"title":"Cour d&#8217;appel de Versailles, le 18 septembre 2025, n\u00b022\/06998","author":"Kohen","date":"2026\u5e744\u670823\u65e5","format":false,"excerpt":"La Cour d'appel de Versailles, statuant le 18 sept\u2026","rel":"","context":"\u5728\u201cJurisprudence\u201d\u4e2d","block_context":{"text":"Jurisprudence","link":"https:\/\/kohenavocats.com\/category\/jurisprudence\/"},"img":{"alt_text":"","src":"https:\/\/i0.wp.com\/kohenavocats.com\/wp-content\/uploads\/2024\/11\/mourad-saadi-tgP7H6LH4OU-unsplash.webp?resize=350%2C200&ssl=1","width":350,"height":200,"srcset":"https:\/\/i0.wp.com\/kohenavocats.com\/wp-content\/uploads\/2024\/11\/mourad-saadi-tgP7H6LH4OU-unsplash.webp?resize=350%2C200&ssl=1 1x, https:\/\/i0.wp.com\/kohenavocats.com\/wp-content\/uploads\/2024\/11\/mourad-saadi-tgP7H6LH4OU-unsplash.webp?resize=525%2C300&ssl=1 1.5x, https:\/\/i0.wp.com\/kohenavocats.com\/wp-content\/uploads\/2024\/11\/mourad-saadi-tgP7H6LH4OU-unsplash.webp?resize=700%2C400&ssl=1 2x, https:\/\/i0.wp.com\/kohenavocats.com\/wp-content\/uploads\/2024\/11\/mourad-saadi-tgP7H6LH4OU-unsplash.webp?resize=1050%2C600&ssl=1 3x, https:\/\/i0.wp.com\/kohenavocats.com\/wp-content\/uploads\/2024\/11\/mourad-saadi-tgP7H6LH4OU-unsplash.webp?resize=1400%2C800&ssl=1 4x"},"classes":[]},{"id":660464,"url":"https:\/\/kohenavocats.com\/zh-hans\/cour-dappel-le-26-septembre-2025-n22-07010\/","url_meta":{"origin":660825,"position":2},"title":"Cour d&#8217;appel, le 26 septembre 2025, n\u00b022\/07010","author":"Kohen","date":"2026\u5e744\u670823\u65e5","format":false,"excerpt":"La Cour d'appel, statuant sur un litige relatif \u00e0 \u2026","rel":"","context":"\u5728\u201cJurisprudence\u201d\u4e2d","block_context":{"text":"Jurisprudence","link":"https:\/\/kohenavocats.com\/category\/jurisprudence\/"},"img":{"alt_text":"","src":"https:\/\/i0.wp.com\/kohenavocats.com\/wp-content\/uploads\/2024\/11\/lala-azizli-WACE8feA8SQ-unsplash.webp?resize=350%2C200&ssl=1","width":350,"height":200,"srcset":"https:\/\/i0.wp.com\/kohenavocats.com\/wp-content\/uploads\/2024\/11\/lala-azizli-WACE8feA8SQ-unsplash.webp?resize=350%2C200&ssl=1 1x, https:\/\/i0.wp.com\/kohenavocats.com\/wp-content\/uploads\/2024\/11\/lala-azizli-WACE8feA8SQ-unsplash.webp?resize=525%2C300&ssl=1 1.5x, https:\/\/i0.wp.com\/kohenavocats.com\/wp-content\/uploads\/2024\/11\/lala-azizli-WACE8feA8SQ-unsplash.webp?resize=700%2C400&ssl=1 2x, https:\/\/i0.wp.com\/kohenavocats.com\/wp-content\/uploads\/2024\/11\/lala-azizli-WACE8feA8SQ-unsplash.webp?resize=1050%2C600&ssl=1 3x, https:\/\/i0.wp.com\/kohenavocats.com\/wp-content\/uploads\/2024\/11\/lala-azizli-WACE8feA8SQ-unsplash.webp?resize=1400%2C800&ssl=1 4x"},"classes":[]},{"id":660745,"url":"https:\/\/kohenavocats.com\/zh-hans\/cour-dappel-de-appel-daix-en-provence-le-26-septembre-2025-n22-06993\/","url_meta":{"origin":660825,"position":3},"title":"Cour d&#8217;appel de appel d&#8217;Aix-en-Provence, le 26 septembre 2025, n\u00b022\/06993","author":"Kohen","date":"2026\u5e744\u670823\u65e5","format":false,"excerpt":"La r\u00e9gularit\u00e9 proc\u00e9durale de la d\u00e9nonciation","rel":"","context":"\u5728\u201cJurisprudence\u201d\u4e2d","block_context":{"text":"Jurisprudence","link":"https:\/\/kohenavocats.com\/category\/jurisprudence\/"},"img":{"alt_text":"","src":"https:\/\/i0.wp.com\/kohenavocats.com\/wp-content\/uploads\/2024\/11\/getty-images-2IQXr2ZqAdY-unsplash.webp?resize=350%2C200&ssl=1","width":350,"height":200,"srcset":"https:\/\/i0.wp.com\/kohenavocats.com\/wp-content\/uploads\/2024\/11\/getty-images-2IQXr2ZqAdY-unsplash.webp?resize=350%2C200&ssl=1 1x, https:\/\/i0.wp.com\/kohenavocats.com\/wp-content\/uploads\/2024\/11\/getty-images-2IQXr2ZqAdY-unsplash.webp?resize=525%2C300&ssl=1 1.5x, https:\/\/i0.wp.com\/kohenavocats.com\/wp-content\/uploads\/2024\/11\/getty-images-2IQXr2ZqAdY-unsplash.webp?resize=700%2C400&ssl=1 2x, https:\/\/i0.wp.com\/kohenavocats.com\/wp-content\/uploads\/2024\/11\/getty-images-2IQXr2ZqAdY-unsplash.webp?resize=1050%2C600&ssl=1 3x, https:\/\/i0.wp.com\/kohenavocats.com\/wp-content\/uploads\/2024\/11\/getty-images-2IQXr2ZqAdY-unsplash.webp?resize=1400%2C800&ssl=1 4x"},"classes":[]},{"id":41208,"url":"https:\/\/kohenavocats.com\/zh-hans\/denonciation-de-la-ffb-grand-paris-convention-idcc-1740\/","url_meta":{"origin":660825,"position":4},"title":"D\u00e9nonciation de la FFB Grand Paris &#8211; Convention IDCC 1740","author":"Kohen","date":"2025\u5e7411\u67087\u65e5","format":false,"excerpt":"Accueil > Conventions collectives > Conventi\u2026","rel":"","context":"\u5728\u201cHide\u201d\u4e2d","block_context":{"text":"Hide","link":"https:\/\/kohenavocats.com\/category\/hide\/"},"img":{"alt_text":"","src":"https:\/\/i0.wp.com\/kohenavocats.com\/wp-content\/uploads\/2024\/11\/allison-saeng-Hpw4nI_QUWQ-unsplash.webp?resize=350%2C200&ssl=1","width":350,"height":200,"srcset":"https:\/\/i0.wp.com\/kohenavocats.com\/wp-content\/uploads\/2024\/11\/allison-saeng-Hpw4nI_QUWQ-unsplash.webp?resize=350%2C200&ssl=1 1x, https:\/\/i0.wp.com\/kohenavocats.com\/wp-content\/uploads\/2024\/11\/allison-saeng-Hpw4nI_QUWQ-unsplash.webp?resize=525%2C300&ssl=1 1.5x, https:\/\/i0.wp.com\/kohenavocats.com\/wp-content\/uploads\/2024\/11\/allison-saeng-Hpw4nI_QUWQ-unsplash.webp?resize=700%2C400&ssl=1 2x, https:\/\/i0.wp.com\/kohenavocats.com\/wp-content\/uploads\/2024\/11\/allison-saeng-Hpw4nI_QUWQ-unsplash.webp?resize=1050%2C600&ssl=1 3x, https:\/\/i0.wp.com\/kohenavocats.com\/wp-content\/uploads\/2024\/11\/allison-saeng-Hpw4nI_QUWQ-unsplash.webp?resize=1400%2C800&ssl=1 4x"},"classes":[]},{"id":53905,"url":"https:\/\/kohenavocats.com\/zh-hans\/convention-collective-nationale-du-18-mai-1988-convention-idcc-1511\/","url_meta":{"origin":660825,"position":5},"title":"Convention collective nationale du 18 mai 1988 &#8211; Convention IDCC 1511","author":"Kohen","date":"2025\u5e7411\u67088\u65e5","format":false,"excerpt":"Accueil > Conventions collectives > Conventi\u2026","rel":"","context":"\u5728\u201cHide\u201d\u4e2d","block_context":{"text":"Hide","link":"https:\/\/kohenavocats.com\/category\/hide\/"},"img":{"alt_text":"","src":"https:\/\/i0.wp.com\/kohenavocats.com\/wp-content\/uploads\/2024\/11\/alex-shuper-EZXV2WaHn_8-unsplash.webp?resize=350%2C200&ssl=1","width":350,"height":200,"srcset":"https:\/\/i0.wp.com\/kohenavocats.com\/wp-content\/uploads\/2024\/11\/alex-shuper-EZXV2WaHn_8-unsplash.webp?resize=350%2C200&ssl=1 1x, https:\/\/i0.wp.com\/kohenavocats.com\/wp-content\/uploads\/2024\/11\/alex-shuper-EZXV2WaHn_8-unsplash.webp?resize=525%2C300&ssl=1 1.5x, https:\/\/i0.wp.com\/kohenavocats.com\/wp-content\/uploads\/2024\/11\/alex-shuper-EZXV2WaHn_8-unsplash.webp?resize=700%2C400&ssl=1 2x, https:\/\/i0.wp.com\/kohenavocats.com\/wp-content\/uploads\/2024\/11\/alex-shuper-EZXV2WaHn_8-unsplash.webp?resize=1050%2C600&ssl=1 3x, https:\/\/i0.wp.com\/kohenavocats.com\/wp-content\/uploads\/2024\/11\/alex-shuper-EZXV2WaHn_8-unsplash.webp?resize=1400%2C800&ssl=1 4x"},"classes":[]}],"jetpack_sharing_enabled":true,"_links":{"self":[{"href":"https:\/\/kohenavocats.com\/zh-hans\/wp-json\/wp\/v2\/posts\/660825","targetHints":{"allow":["GET"]}}],"collection":[{"href":"https:\/\/kohenavocats.com\/zh-hans\/wp-json\/wp\/v2\/posts"}],"about":[{"href":"https:\/\/kohenavocats.com\/zh-hans\/wp-json\/wp\/v2\/types\/post"}],"author":[{"embeddable":true,"href":"https:\/\/kohenavocats.com\/zh-hans\/wp-json\/wp\/v2\/users\/232070755"}],"replies":[{"embeddable":true,"href":"https:\/\/kohenavocats.com\/zh-hans\/wp-json\/wp\/v2\/comments?post=660825"}],"version-history":[{"count":0,"href":"https:\/\/kohenavocats.com\/zh-hans\/wp-json\/wp\/v2\/posts\/660825\/revisions"}],"wp:featuredmedia":[{"embeddable":true,"href":"https:\/\/kohenavocats.com\/zh-hans\/wp-json\/wp\/v2\/media\/9631"}],"wp:attachment":[{"href":"https:\/\/kohenavocats.com\/zh-hans\/wp-json\/wp\/v2\/media?parent=660825"}],"wp:term":[{"taxonomy":"category","embeddable":true,"href":"https:\/\/kohenavocats.com\/zh-hans\/wp-json\/wp\/v2\/categories?post=660825"},{"taxonomy":"post_tag","embeddable":true,"href":"https:\/\/kohenavocats.com\/zh-hans\/wp-json\/wp\/v2\/tags?post=660825"}],"curies":[{"name":"wp","href":"https:\/\/api.w.org\/{rel}","templated":true}]}}