{"id":661213,"date":"2026-04-23T16:52:44","date_gmt":"2026-04-23T14:52:44","guid":{"rendered":"https:\/\/kohenavocats.com\/tribunal-judiciaire-de-evry-le-25-septembre-2025-n25-01007\/"},"modified":"2026-04-23T16:52:44","modified_gmt":"2026-04-23T14:52:44","slug":"tribunal-judiciaire-de-evry-le-25-septembre-2025-n25-01007","status":"publish","type":"post","link":"https:\/\/kohenavocats.com\/zh-hans\/tribunal-judiciaire-de-evry-le-25-septembre-2025-n25-01007\/","title":{"rendered":"Tribunal judiciaire de \u00c9vry, le 25 septembre 2025, n\u00b025\/01007"},"content":{"rendered":"<div class=\"article-content\">\n<p>Le juge des contentieux de la protection, statuant par jugement r\u00e9put\u00e9 contradictoire, a examin\u00e9 une action en paiement form\u00e9e par un \u00e9tablissement bancaire contre un emprunteur d\u00e9faillant. La demande portait sur le solde d&#8217;un compte courant d\u00e9biteur et sur deux pr\u00eats \u00e0 la consommation distincts. Le juge a d&#8217;abord v\u00e9rifi\u00e9 la recevabilit\u00e9 des actions au regard du d\u00e9lai de forclusion, puis a statu\u00e9 sur le droit aux int\u00e9r\u00eats contractuels pour chaque cr\u00e9ance. La solution retenue aboutit \u00e0 une condamnation de l&#8217;emprunteur au remboursement des capitaux, assortie de d\u00e9ch\u00e9ances du droit aux int\u00e9r\u00eats pour le pr\u00eateur et d&#8217;une modulation des int\u00e9r\u00eats l\u00e9gaux.<\/p>\n<p>La v\u00e9rification d&#8217;office de la forclusion protectrice<\/p>\n<p>Le juge rappelle le caract\u00e8re d&#8217;ordre public du d\u00e9lai de forclusion en mati\u00e8re de cr\u00e9dit \u00e0 la consommation. Il rel\u00e8ve ainsi syst\u00e9matiquement cette fin de non-recevoir en application de l&#8217;article 125 du code de proc\u00e9dure civile. Le point de d\u00e9part du d\u00e9lai de deux ans est d\u00e9fini avec pr\u00e9cision par la loi, ce qui permet un contr\u00f4le rigoureux de la recevabilit\u00e9. &#8220;Les actions en paiement engag\u00e9es devant le juge des contentieux de la protection \u00e0 l&#8217;occasion de la d\u00e9faillance de l&#8217;emprunteur doivent \u00eatre form\u00e9es dans les deux ans de l&#8217;\u00e9v\u00e9nement qui leur a donn\u00e9 naissance \u00e0 peine de forclusion.&#8221; (Motifs, Sur le solde d\u00e9biteur de compte courant). Pour le compte courant, l&#8217;\u00e9v\u00e9nement d\u00e9clencheur est le d\u00e9passement non r\u00e9gularis\u00e9 apr\u00e8s trois mois, conform\u00e9ment \u00e0 l&#8217;article L. 312-93. Cette interpr\u00e9tation restrictive du point de d\u00e9part assure une protection effective de l&#8217;emprunteur contre des actions tardives. Elle rejoint la solution d&#8217;une jurisprudence ant\u00e9rieure qui soulignait d\u00e9j\u00e0 que l&#8217;\u00e9v\u00e9nement est &#8220;notamment caract\u00e9ris\u00e9 par le premier incident de paiement non r\u00e9gularis\u00e9&#8221; (Cour d&#8217;appel, le 22 janvier 2025, n\u00b023\/12431). Le juge op\u00e8re donc une application stricte et protectrice des textes, garantissant la s\u00e9curit\u00e9 juridique.<\/p>\n<p>La sanction des manquements aux obligations pr\u00e9contractuelles<\/p>\n<p>Le juge prononce la d\u00e9ch\u00e9ance du droit aux int\u00e9r\u00eats pour chaque pr\u00eat en raison de manquements graves du pr\u00eateur. Ces manquements concernent l&#8217;absence de preuve de la remise de documents essentiels comme le bordereau de r\u00e9tractation ou la notice d&#8217;assurance. La simple clause type ins\u00e9r\u00e9e dans le contrat ne vaut pas preuve et doit \u00eatre corrobor\u00e9e. &#8220;Un document qui \u00e9mane du seul pr\u00eateur ne peut utilement corroborer les mentions de cette clause type de l&#8217;offre de pr\u00eat.&#8221; (Motifs, Sur le pr\u00eat personnel du 3 mars 2023). Cette s\u00e9v\u00e9rit\u00e9 s&#8217;\u00e9tend au d\u00e9couvert en compte, o\u00f9 le d\u00e9faut de proposition d&#8217;une offre de cr\u00e9dit alternatif apr\u00e8s trois mois entra\u00eene la perte des int\u00e9r\u00eats et frais. Cette solution est en parfaite conformit\u00e9 avec l&#8217;article L. 341-9 du code de la consommation, tel qu&#8217;appliqu\u00e9 par d&#8217;autres juridictions (Tribunal judiciaire de Bonneville, le 11 mars 2026, n\u00b025\/01527). La port\u00e9e de cette sanction est ainsi \u00e9tendue \u00e0 toutes les formes de cr\u00e9dit, renfor\u00e7ant les obligations d&#8217;information et de conseil du pr\u00eateur.<\/p>\n<p>L&#8217;effectivit\u00e9 dissuasive de la sanction par la neutralisation des int\u00e9r\u00eats l\u00e9gaux<\/p>\n<p>Pour garantir le caract\u00e8re effectif de la d\u00e9ch\u00e9ance, le juge neutralise partiellement ou totalement les int\u00e9r\u00eats l\u00e9gaux. Il applique directement la jurisprudence de la Cour de justice de l&#8217;Union europ\u00e9enne pour \u00e9carter le droit national lorsque celui-ci affaiblit la sanction. La juridiction compare les montants que le pr\u00eateur aurait per\u00e7us en cas de respect de ses obligations avec ceux qu&#8217;il percevrait apr\u00e8s d\u00e9ch\u00e9ance. &#8220;Si la sanction de la d\u00e9ch\u00e9ance du droit aux int\u00e9r\u00eats se trouvait affaiblie, voire purement et simplement annihil\u00e9e, en raison du fait que l\u2019application des int\u00e9r\u00eats au taux l\u00e9gal major\u00e9 est susceptible de compenser les effets d\u2019une telle sanction, il en d\u00e9coulerait n\u00e9cessairement que celle-ci ne pr\u00e9sente pas un caract\u00e8re v\u00e9ritablement dissuasif&#8221; (Motifs, Sur le pr\u00eat personnel du 10 septembre 2020). En l&#8217;esp\u00e8ce, pour le premier pr\u00eat, le taux l\u00e9gal \u00e9tant proche du taux contractuel, le juge supprime tout int\u00e9r\u00eat, m\u00eame l\u00e9gal. Pour le second, le taux l\u00e9gal major\u00e9 \u00e9tant sup\u00e9rieur au taux contractuel, il n&#8217;accorde que le taux l\u00e9gal simple. Cette approche concr\u00e8te et math\u00e9matique assure une sanction proportionn\u00e9e et dissuasive, donnant une pleine efficacit\u00e9 au droit europ\u00e9en d\u00e9riv\u00e9.<\/p>\n<p>La quantification stricte de la cr\u00e9ance limit\u00e9e au capital<\/p>\n<p>La sanction de la d\u00e9ch\u00e9ance du droit aux int\u00e9r\u00eats entra\u00eene une red\u00e9finition radicale de la cr\u00e9ance du pr\u00eateur. Conform\u00e9ment \u00e0 l&#8217;article L. 341-8 du code de la consommation, la cr\u00e9ance se limite au seul capital restant d\u00fb, apr\u00e8s d\u00e9duction des int\u00e9r\u00eats d\u00e9j\u00e0 pay\u00e9s. Le juge \u00e9carte syst\u00e9matiquement toute autre somme accessoire, comme les clauses p\u00e9nales ou les primes d&#8217;assurance. &#8220;La d\u00e9ch\u00e9ance s\u2019\u00e9tend \u00e9galement aux primes ou cotisations d\u2019assurances, dont la privation n\u2019appara\u00eet pas excessive au regard des manquements du pr\u00eateur.&#8221; (Motifs, Sur le pr\u00eat personnel du 10 septembre 2020). Cette interpr\u00e9tation extensive de la sanction est remarquable, car elle prive le pr\u00eateur de toute r\u00e9mun\u00e9ration de son manquement, y compris pour des \u00e9l\u00e9ments contractuels distincts. La valeur de cette solution r\u00e9side dans son caract\u00e8re int\u00e9gral et dissuasif, visant \u00e0 pr\u00e9venir tout comportement n\u00e9gligent de la part des \u00e9tablissements de cr\u00e9dit. Elle place l&#8217;emprunteur dans une situation proche de celle d&#8217;un emprunt sans int\u00e9r\u00eat, r\u00e9affirmant la nature punitive et corrective de la d\u00e9ch\u00e9ance.<\/p>\n<\/div>\n","protected":false},"excerpt":{"rendered":"<p>Le juge des contentieux de la protection, statuant par jugement r\u00e9put\u00e9 contradictoire, a examin\u00e9 une action en paiement form\u00e9e par un \u00e9tablissement bancaire &#8230;<\/p>\n","protected":false},"author":232070755,"featured_media":3896,"comment_status":"open","ping_status":"open","sticky":false,"template":"","format":"standard","meta":{"_crdt_document":"","_jetpack_newsletter_access":"","_jetpack_dont_email_post_to_subs":false,"_jetpack_newsletter_tier_id":0,"_jetpack_memberships_contains_paywalled_content":false,"_kj_source_type":"judilibre","_kj_official_id":"68e95b513ea43407b910f765","_kj_official_url":"https:\/\/www.courdecassation.fr\/decision\/68e95b513ea43407b910f765","_kj_judilibre_id":"68e95b513ea43407b910f765","_kj_jur":"Tribunal judiciaire","_kj_lieu":"Tribunal judiciaire d'\u00c9vry","_kj_chambre":"PPROX_FOND","_kj_rg":"25\/01007","_kj_date":"2025-09-25","_jetpack_memberships_contains_paid_content":false,"footnotes":"","jetpack_post_was_ever_published":false},"categories":[7597],"tags":[],"class_list":["post-661213","post","type-post","status-publish","format-standard","has-post-thumbnail","hentry","category-jurisprudence"],"yoast_head":"<!-- This site is optimized with the Yoast SEO Premium plugin v27.5 (Yoast SEO v27.5) - https:\/\/yoast.com\/product\/yoast-seo-premium-wordpress\/ -->\n<title>Tribunal judiciaire de \u00c9vry, le 25 septembre 2025, n\u00b025\/01007 - Ma\u00eetre Hassan Kohen, avocat en droit p\u00e9nal \u00e0 Paris<\/title>\n<meta name=\"description\" content=\"Le juge des contentieux de la protection, statuant par jugement r\u00e9put\u00e9 contradictoire, a examin\u00e9 une action en paiement form\u00e9e par un \u00e9tablissement bancaire ...\" \/>\n<meta name=\"robots\" content=\"index, follow, max-snippet:-1, max-image-preview:large, max-video-preview:-1\" \/>\n<link rel=\"canonical\" href=\"https:\/\/kohenavocats.com\/zh-hans\/tribunal-judiciaire-de-evry-le-25-septembre-2025-n25-01007\/\" \/>\n<meta property=\"og:locale\" content=\"zh_CN\" \/>\n<meta property=\"og:type\" content=\"article\" \/>\n<meta property=\"og:title\" content=\"Tribunal judiciaire de \u00c9vry, le 25 septembre 2025, n\u00b025\/01007\" \/>\n<meta property=\"og:description\" content=\"Le juge des contentieux de la protection, statuant par jugement r\u00e9put\u00e9 contradictoire, a examin\u00e9 une action en paiement form\u00e9e par un \u00e9tablissement bancaire ...\" \/>\n<meta property=\"og:url\" content=\"https:\/\/kohenavocats.com\/zh-hans\/tribunal-judiciaire-de-evry-le-25-septembre-2025-n25-01007\/\" \/>\n<meta property=\"og:site_name\" content=\"Ma\u00eetre Hassan Kohen, avocat en droit p\u00e9nal \u00e0 Paris\" \/>\n<meta property=\"article:published_time\" content=\"2026-04-23T14:52:44+00:00\" \/>\n<meta property=\"og:image\" content=\"https:\/\/kohenavocats.com\/wp-content\/uploads\/2024\/07\/claudio-testa-iqeG5xA96M4-unsplash.webp\" \/>\n\t<meta property=\"og:image:width\" content=\"5472\" \/>\n\t<meta property=\"og:image:height\" content=\"3420\" \/>\n\t<meta property=\"og:image:type\" content=\"image\/webp\" \/>\n<meta name=\"author\" content=\"Kohen\" \/>\n<meta name=\"twitter:card\" content=\"summary_large_image\" \/>\n<meta name=\"twitter:label1\" content=\"\u4f5c\u8005\" \/>\n\t<meta name=\"twitter:data1\" content=\"Kohen\" \/>\n\t<meta name=\"twitter:label2\" content=\"\u9884\u8ba1\u9605\u8bfb\u65f6\u95f4\" \/>\n\t<meta name=\"twitter:data2\" content=\"5 \u5206\" \/>\n<script type=\"application\/ld+json\" class=\"yoast-schema-graph\">{\"@context\":\"https:\\\/\\\/schema.org\",\"@graph\":[{\"@type\":\"Article\",\"@id\":\"https:\\\/\\\/kohenavocats.com\\\/zh-hans\\\/tribunal-judiciaire-de-evry-le-25-septembre-2025-n25-01007\\\/#article\",\"isPartOf\":{\"@id\":\"https:\\\/\\\/kohenavocats.com\\\/zh-hans\\\/tribunal-judiciaire-de-evry-le-25-septembre-2025-n25-01007\\\/\"},\"author\":{\"name\":\"Kohen\",\"@id\":\"https:\\\/\\\/kohenavocats.com\\\/zh-hans\\\/#\\\/schema\\\/person\\\/761c9ba54fa1ca84d405cef0831ff751\"},\"headline\":\"Tribunal judiciaire de \u00c9vry, le 25 septembre 2025, n\u00b025\\\/01007\",\"datePublished\":\"2026-04-23T14:52:44+00:00\",\"mainEntityOfPage\":{\"@id\":\"https:\\\/\\\/kohenavocats.com\\\/zh-hans\\\/tribunal-judiciaire-de-evry-le-25-septembre-2025-n25-01007\\\/\"},\"wordCount\":1022,\"commentCount\":0,\"publisher\":{\"@id\":\"https:\\\/\\\/kohenavocats.com\\\/zh-hans\\\/#organization\"},\"image\":{\"@id\":\"https:\\\/\\\/kohenavocats.com\\\/zh-hans\\\/tribunal-judiciaire-de-evry-le-25-septembre-2025-n25-01007\\\/#primaryimage\"},\"thumbnailUrl\":\"https:\\\/\\\/kohenavocats.com\\\/wp-content\\\/uploads\\\/2024\\\/07\\\/claudio-testa-iqeG5xA96M4-unsplash.webp\",\"articleSection\":[\"Jurisprudence\"],\"inLanguage\":\"zh-Hans\",\"potentialAction\":[{\"@type\":\"CommentAction\",\"name\":\"Comment\",\"target\":[\"https:\\\/\\\/kohenavocats.com\\\/zh-hans\\\/tribunal-judiciaire-de-evry-le-25-septembre-2025-n25-01007\\\/#respond\"]}],\"citation\":\"Tribunal judiciaire de \u00c9vry, le 25 septembre 2025, n\u00b025\\\/01007\",\"about\":[{\"@type\":\"Thing\",\"name\":\"Jurisprudence\"}],\"dateModified\":\"2026-04-23T14:52:44+00:00\",\"speakable\":{\"@type\":\"SpeakableSpecification\",\"cssSelector\":[\".article-content > p:first-of-type\"]}},{\"@type\":\"WebPage\",\"@id\":\"https:\\\/\\\/kohenavocats.com\\\/zh-hans\\\/tribunal-judiciaire-de-evry-le-25-septembre-2025-n25-01007\\\/\",\"url\":\"https:\\\/\\\/kohenavocats.com\\\/zh-hans\\\/tribunal-judiciaire-de-evry-le-25-septembre-2025-n25-01007\\\/\",\"name\":\"Tribunal judiciaire de \u00c9vry, le 25 septembre 2025, n\u00b025\\\/01007 - Ma\u00eetre Hassan Kohen, avocat en droit p\u00e9nal \u00e0 Paris\",\"isPartOf\":{\"@id\":\"https:\\\/\\\/kohenavocats.com\\\/zh-hans\\\/#website\"},\"primaryImageOfPage\":{\"@id\":\"https:\\\/\\\/kohenavocats.com\\\/zh-hans\\\/tribunal-judiciaire-de-evry-le-25-septembre-2025-n25-01007\\\/#primaryimage\"},\"image\":{\"@id\":\"https:\\\/\\\/kohenavocats.com\\\/zh-hans\\\/tribunal-judiciaire-de-evry-le-25-septembre-2025-n25-01007\\\/#primaryimage\"},\"thumbnailUrl\":\"https:\\\/\\\/kohenavocats.com\\\/wp-content\\\/uploads\\\/2024\\\/07\\\/claudio-testa-iqeG5xA96M4-unsplash.webp\",\"datePublished\":\"2026-04-23T14:52:44+00:00\",\"description\":\"Le juge des contentieux de la protection, statuant par jugement r\u00e9put\u00e9 contradictoire, a examin\u00e9 une action en paiement form\u00e9e par un \u00e9tablissement bancaire ...\",\"breadcrumb\":{\"@id\":\"https:\\\/\\\/kohenavocats.com\\\/zh-hans\\\/tribunal-judiciaire-de-evry-le-25-septembre-2025-n25-01007\\\/#breadcrumb\"},\"inLanguage\":\"zh-Hans\",\"potentialAction\":[{\"@type\":\"ReadAction\",\"target\":[\"https:\\\/\\\/kohenavocats.com\\\/zh-hans\\\/tribunal-judiciaire-de-evry-le-25-septembre-2025-n25-01007\\\/\"]}]},{\"@type\":\"ImageObject\",\"inLanguage\":\"zh-Hans\",\"@id\":\"https:\\\/\\\/kohenavocats.com\\\/zh-hans\\\/tribunal-judiciaire-de-evry-le-25-septembre-2025-n25-01007\\\/#primaryimage\",\"url\":\"https:\\\/\\\/kohenavocats.com\\\/wp-content\\\/uploads\\\/2024\\\/07\\\/claudio-testa-iqeG5xA96M4-unsplash.webp\",\"contentUrl\":\"https:\\\/\\\/kohenavocats.com\\\/wp-content\\\/uploads\\\/2024\\\/07\\\/claudio-testa-iqeG5xA96M4-unsplash.webp\",\"width\":5472,\"height\":3420},{\"@type\":\"BreadcrumbList\",\"@id\":\"https:\\\/\\\/kohenavocats.com\\\/zh-hans\\\/tribunal-judiciaire-de-evry-le-25-septembre-2025-n25-01007\\\/#breadcrumb\",\"itemListElement\":[{\"@type\":\"ListItem\",\"position\":1,\"name\":\"Home\",\"item\":\"https:\\\/\\\/kohenavocats.com\\\/zh-hans\\\/\"},{\"@type\":\"ListItem\",\"position\":2,\"name\":\"Tribunal judiciaire de \u00c9vry, le 25 septembre 2025, n\u00b025\\\/01007\"}]},{\"@type\":\"WebSite\",\"@id\":\"https:\\\/\\\/kohenavocats.com\\\/zh-hans\\\/#website\",\"url\":\"https:\\\/\\\/kohenavocats.com\\\/zh-hans\\\/\",\"name\":\"Kohen Avocats\",\"description\":\"Ma\u00eetre Hassan Kohen, avocat p\u00e9naliste \u00e0 Paris, intervient exclusivement en droit p\u00e9nal pour la d\u00e9fense des particuliers, notamment en mati\u00e8re d\u2019accusations de viol. Il assure un accompagnement rigoureux d\u00e8s la garde \u00e0 vue jusqu\u2019\u00e0 la Cour d\u2019assises, veillant au strict respect des garanties proc\u00e9durales.\",\"publisher\":{\"@id\":\"https:\\\/\\\/kohenavocats.com\\\/zh-hans\\\/#organization\"},\"potentialAction\":[{\"@type\":\"SearchAction\",\"target\":{\"@type\":\"EntryPoint\",\"urlTemplate\":\"https:\\\/\\\/kohenavocats.com\\\/zh-hans\\\/?s={search_term_string}\"},\"query-input\":{\"@type\":\"PropertyValueSpecification\",\"valueRequired\":true,\"valueName\":\"search_term_string\"}}],\"inLanguage\":\"zh-Hans\"},{\"@type\":\"Organization\",\"@id\":\"https:\\\/\\\/kohenavocats.com\\\/zh-hans\\\/#organization\",\"name\":\"Kohen Avocats\",\"url\":\"https:\\\/\\\/kohenavocats.com\\\/zh-hans\\\/\",\"logo\":{\"@type\":\"ImageObject\",\"inLanguage\":\"zh-Hans\",\"@id\":\"https:\\\/\\\/kohenavocats.com\\\/zh-hans\\\/#\\\/schema\\\/logo\\\/image\\\/\",\"url\":\"https:\\\/\\\/kohenavocats.com\\\/wp-content\\\/uploads\\\/2026\\\/01\\\/Logo-2-1.webp\",\"contentUrl\":\"https:\\\/\\\/kohenavocats.com\\\/wp-content\\\/uploads\\\/2026\\\/01\\\/Logo-2-1.webp\",\"width\":2114,\"height\":1253,\"caption\":\"Kohen Avocats\"},\"image\":{\"@id\":\"https:\\\/\\\/kohenavocats.com\\\/zh-hans\\\/#\\\/schema\\\/logo\\\/image\\\/\"}},{\"@type\":\"Person\",\"@id\":\"https:\\\/\\\/kohenavocats.com\\\/zh-hans\\\/#\\\/schema\\\/person\\\/761c9ba54fa1ca84d405cef0831ff751\",\"name\":\"Kohen\",\"image\":{\"@type\":\"ImageObject\",\"inLanguage\":\"zh-Hans\",\"@id\":\"https:\\\/\\\/secure.gravatar.com\\\/avatar\\\/1c5e76ef76bbbfdd2b4da984e2bf2fa4056fd51a27d25ce2c332047f1dfd6e00?s=96&d=identicon&r=g\",\"url\":\"https:\\\/\\\/secure.gravatar.com\\\/avatar\\\/1c5e76ef76bbbfdd2b4da984e2bf2fa4056fd51a27d25ce2c332047f1dfd6e00?s=96&d=identicon&r=g\",\"contentUrl\":\"https:\\\/\\\/secure.gravatar.com\\\/avatar\\\/1c5e76ef76bbbfdd2b4da984e2bf2fa4056fd51a27d25ce2c332047f1dfd6e00?s=96&d=identicon&r=g\",\"caption\":\"Kohen\"},\"sameAs\":[\"https:\\\/\\\/www.linkedin.com\\\/in\\\/hassan-kohen-448548192\\\/\",\"https:\\\/\\\/www.youtube.com\\\/@Kohen-Avocats\"],\"url\":\"https:\\\/\\\/kohenavocats.com\\\/zh-hans\\\/author\\\/kohenmlk\\\/\"}]}<\/script>\n<!-- \/ Yoast SEO Premium plugin. -->","yoast_head_json":{"title":"Tribunal judiciaire de \u00c9vry, le 25 septembre 2025, n\u00b025\/01007 - Ma\u00eetre Hassan Kohen, avocat en droit p\u00e9nal \u00e0 Paris","description":"Le juge des contentieux de la protection, statuant par jugement r\u00e9put\u00e9 contradictoire, a examin\u00e9 une action en paiement form\u00e9e par un \u00e9tablissement bancaire ...","robots":{"index":"index","follow":"follow","max-snippet":"max-snippet:-1","max-image-preview":"max-image-preview:large","max-video-preview":"max-video-preview:-1"},"canonical":"https:\/\/kohenavocats.com\/zh-hans\/tribunal-judiciaire-de-evry-le-25-septembre-2025-n25-01007\/","og_locale":"zh_CN","og_type":"article","og_title":"Tribunal judiciaire de \u00c9vry, le 25 septembre 2025, n\u00b025\/01007","og_description":"Le juge des contentieux de la protection, statuant par jugement r\u00e9put\u00e9 contradictoire, a examin\u00e9 une action en paiement form\u00e9e par un \u00e9tablissement bancaire ...","og_url":"https:\/\/kohenavocats.com\/zh-hans\/tribunal-judiciaire-de-evry-le-25-septembre-2025-n25-01007\/","og_site_name":"Ma\u00eetre Hassan Kohen, avocat en droit p\u00e9nal \u00e0 Paris","article_published_time":"2026-04-23T14:52:44+00:00","og_image":[{"width":5472,"height":3420,"url":"https:\/\/kohenavocats.com\/wp-content\/uploads\/2024\/07\/claudio-testa-iqeG5xA96M4-unsplash.webp","type":"image\/webp"}],"author":"Kohen","twitter_card":"summary_large_image","twitter_misc":{"\u4f5c\u8005":"Kohen","\u9884\u8ba1\u9605\u8bfb\u65f6\u95f4":"5 \u5206"},"schema":{"@context":"https:\/\/schema.org","@graph":[{"@type":"Article","@id":"https:\/\/kohenavocats.com\/zh-hans\/tribunal-judiciaire-de-evry-le-25-septembre-2025-n25-01007\/#article","isPartOf":{"@id":"https:\/\/kohenavocats.com\/zh-hans\/tribunal-judiciaire-de-evry-le-25-septembre-2025-n25-01007\/"},"author":{"name":"Kohen","@id":"https:\/\/kohenavocats.com\/zh-hans\/#\/schema\/person\/761c9ba54fa1ca84d405cef0831ff751"},"headline":"Tribunal judiciaire de \u00c9vry, le 25 septembre 2025, n\u00b025\/01007","datePublished":"2026-04-23T14:52:44+00:00","mainEntityOfPage":{"@id":"https:\/\/kohenavocats.com\/zh-hans\/tribunal-judiciaire-de-evry-le-25-septembre-2025-n25-01007\/"},"wordCount":1022,"commentCount":0,"publisher":{"@id":"https:\/\/kohenavocats.com\/zh-hans\/#organization"},"image":{"@id":"https:\/\/kohenavocats.com\/zh-hans\/tribunal-judiciaire-de-evry-le-25-septembre-2025-n25-01007\/#primaryimage"},"thumbnailUrl":"https:\/\/kohenavocats.com\/wp-content\/uploads\/2024\/07\/claudio-testa-iqeG5xA96M4-unsplash.webp","articleSection":["Jurisprudence"],"inLanguage":"zh-Hans","potentialAction":[{"@type":"CommentAction","name":"Comment","target":["https:\/\/kohenavocats.com\/zh-hans\/tribunal-judiciaire-de-evry-le-25-septembre-2025-n25-01007\/#respond"]}],"citation":"Tribunal judiciaire de \u00c9vry, le 25 septembre 2025, n\u00b025\/01007","about":[{"@type":"Thing","name":"Jurisprudence"}],"dateModified":"2026-04-23T14:52:44+00:00","speakable":{"@type":"SpeakableSpecification","cssSelector":[".article-content > p:first-of-type"]}},{"@type":"WebPage","@id":"https:\/\/kohenavocats.com\/zh-hans\/tribunal-judiciaire-de-evry-le-25-septembre-2025-n25-01007\/","url":"https:\/\/kohenavocats.com\/zh-hans\/tribunal-judiciaire-de-evry-le-25-septembre-2025-n25-01007\/","name":"Tribunal judiciaire de \u00c9vry, le 25 septembre 2025, n\u00b025\/01007 - Ma\u00eetre Hassan Kohen, avocat en droit p\u00e9nal \u00e0 Paris","isPartOf":{"@id":"https:\/\/kohenavocats.com\/zh-hans\/#website"},"primaryImageOfPage":{"@id":"https:\/\/kohenavocats.com\/zh-hans\/tribunal-judiciaire-de-evry-le-25-septembre-2025-n25-01007\/#primaryimage"},"image":{"@id":"https:\/\/kohenavocats.com\/zh-hans\/tribunal-judiciaire-de-evry-le-25-septembre-2025-n25-01007\/#primaryimage"},"thumbnailUrl":"https:\/\/kohenavocats.com\/wp-content\/uploads\/2024\/07\/claudio-testa-iqeG5xA96M4-unsplash.webp","datePublished":"2026-04-23T14:52:44+00:00","description":"Le juge des contentieux de la protection, statuant par jugement r\u00e9put\u00e9 contradictoire, a examin\u00e9 une action en paiement form\u00e9e par un \u00e9tablissement bancaire ...","breadcrumb":{"@id":"https:\/\/kohenavocats.com\/zh-hans\/tribunal-judiciaire-de-evry-le-25-septembre-2025-n25-01007\/#breadcrumb"},"inLanguage":"zh-Hans","potentialAction":[{"@type":"ReadAction","target":["https:\/\/kohenavocats.com\/zh-hans\/tribunal-judiciaire-de-evry-le-25-septembre-2025-n25-01007\/"]}]},{"@type":"ImageObject","inLanguage":"zh-Hans","@id":"https:\/\/kohenavocats.com\/zh-hans\/tribunal-judiciaire-de-evry-le-25-septembre-2025-n25-01007\/#primaryimage","url":"https:\/\/kohenavocats.com\/wp-content\/uploads\/2024\/07\/claudio-testa-iqeG5xA96M4-unsplash.webp","contentUrl":"https:\/\/kohenavocats.com\/wp-content\/uploads\/2024\/07\/claudio-testa-iqeG5xA96M4-unsplash.webp","width":5472,"height":3420},{"@type":"BreadcrumbList","@id":"https:\/\/kohenavocats.com\/zh-hans\/tribunal-judiciaire-de-evry-le-25-septembre-2025-n25-01007\/#breadcrumb","itemListElement":[{"@type":"ListItem","position":1,"name":"Home","item":"https:\/\/kohenavocats.com\/zh-hans\/"},{"@type":"ListItem","position":2,"name":"Tribunal judiciaire de \u00c9vry, le 25 septembre 2025, n\u00b025\/01007"}]},{"@type":"WebSite","@id":"https:\/\/kohenavocats.com\/zh-hans\/#website","url":"https:\/\/kohenavocats.com\/zh-hans\/","name":"Kohen Avocats","description":"Ma\u00eetre Hassan Kohen, avocat p\u00e9naliste \u00e0 Paris, intervient exclusivement en droit p\u00e9nal pour la d\u00e9fense des particuliers, notamment en mati\u00e8re d\u2019accusations de viol. Il assure un accompagnement rigoureux d\u00e8s la garde \u00e0 vue jusqu\u2019\u00e0 la Cour d\u2019assises, veillant au strict respect des garanties proc\u00e9durales.","publisher":{"@id":"https:\/\/kohenavocats.com\/zh-hans\/#organization"},"potentialAction":[{"@type":"SearchAction","target":{"@type":"EntryPoint","urlTemplate":"https:\/\/kohenavocats.com\/zh-hans\/?s={search_term_string}"},"query-input":{"@type":"PropertyValueSpecification","valueRequired":true,"valueName":"search_term_string"}}],"inLanguage":"zh-Hans"},{"@type":"Organization","@id":"https:\/\/kohenavocats.com\/zh-hans\/#organization","name":"Kohen Avocats","url":"https:\/\/kohenavocats.com\/zh-hans\/","logo":{"@type":"ImageObject","inLanguage":"zh-Hans","@id":"https:\/\/kohenavocats.com\/zh-hans\/#\/schema\/logo\/image\/","url":"https:\/\/kohenavocats.com\/wp-content\/uploads\/2026\/01\/Logo-2-1.webp","contentUrl":"https:\/\/kohenavocats.com\/wp-content\/uploads\/2026\/01\/Logo-2-1.webp","width":2114,"height":1253,"caption":"Kohen Avocats"},"image":{"@id":"https:\/\/kohenavocats.com\/zh-hans\/#\/schema\/logo\/image\/"}},{"@type":"Person","@id":"https:\/\/kohenavocats.com\/zh-hans\/#\/schema\/person\/761c9ba54fa1ca84d405cef0831ff751","name":"Kohen","image":{"@type":"ImageObject","inLanguage":"zh-Hans","@id":"https:\/\/secure.gravatar.com\/avatar\/1c5e76ef76bbbfdd2b4da984e2bf2fa4056fd51a27d25ce2c332047f1dfd6e00?s=96&d=identicon&r=g","url":"https:\/\/secure.gravatar.com\/avatar\/1c5e76ef76bbbfdd2b4da984e2bf2fa4056fd51a27d25ce2c332047f1dfd6e00?s=96&d=identicon&r=g","contentUrl":"https:\/\/secure.gravatar.com\/avatar\/1c5e76ef76bbbfdd2b4da984e2bf2fa4056fd51a27d25ce2c332047f1dfd6e00?s=96&d=identicon&r=g","caption":"Kohen"},"sameAs":["https:\/\/www.linkedin.com\/in\/hassan-kohen-448548192\/","https:\/\/www.youtube.com\/@Kohen-Avocats"],"url":"https:\/\/kohenavocats.com\/zh-hans\/author\/kohenmlk\/"}]}},"jetpack_featured_media_url":"https:\/\/kohenavocats.com\/wp-content\/uploads\/2024\/07\/claudio-testa-iqeG5xA96M4-unsplash.webp","jetpack_likes_enabled":false,"jetpack_shortlink":"https:\/\/wp.me\/peCrII-2M0J","jetpack-related-posts":[{"id":433221,"url":"https:\/\/kohenavocats.com\/zh-hans\/cour-dappel-de-caen-le-26-fevrier-2026-n25-00416\/","url_meta":{"origin":661213,"position":0},"title":"Cour d&#8217;appel de Caen, le 26 f\u00e9vrier 2026, n\u00b025\/00416","author":"Kohen","date":"2026\u5e743\u670824\u65e5","format":false,"excerpt":"La Cour d\u2019appel de Caen, dans un arr\u00eat du 26 f\u00e9vri\u2026","rel":"","context":"\u5728\u201cCour d'appel\u201d\u4e2d","block_context":{"text":"Cour d'appel","link":"https:\/\/kohenavocats.com\/category\/cour-dappel\/"},"img":{"alt_text":"","src":"https:\/\/i0.wp.com\/kohenavocats.com\/wp-content\/uploads\/2024\/11\/lala-azizli-WACE8feA8SQ-unsplash.webp?resize=350%2C200&ssl=1","width":350,"height":200,"srcset":"https:\/\/i0.wp.com\/kohenavocats.com\/wp-content\/uploads\/2024\/11\/lala-azizli-WACE8feA8SQ-unsplash.webp?resize=350%2C200&ssl=1 1x, https:\/\/i0.wp.com\/kohenavocats.com\/wp-content\/uploads\/2024\/11\/lala-azizli-WACE8feA8SQ-unsplash.webp?resize=525%2C300&ssl=1 1.5x, https:\/\/i0.wp.com\/kohenavocats.com\/wp-content\/uploads\/2024\/11\/lala-azizli-WACE8feA8SQ-unsplash.webp?resize=700%2C400&ssl=1 2x, https:\/\/i0.wp.com\/kohenavocats.com\/wp-content\/uploads\/2024\/11\/lala-azizli-WACE8feA8SQ-unsplash.webp?resize=1050%2C600&ssl=1 3x, https:\/\/i0.wp.com\/kohenavocats.com\/wp-content\/uploads\/2024\/11\/lala-azizli-WACE8feA8SQ-unsplash.webp?resize=1400%2C800&ssl=1 4x"},"classes":[]},{"id":648394,"url":"https:\/\/kohenavocats.com\/zh-hans\/tribunal-judiciaire-de-poitiers-le-29-juillet-2024-n25-00118\/","url_meta":{"origin":661213,"position":1},"title":"Tribunal judiciaire de Poitiers, le 29 juillet 2024, n\u00b025\/00118","author":"Kohen","date":"2026\u5e744\u670822\u65e5","format":false,"excerpt":"Le juge des contentieux de la protection, statuant\u2026","rel":"","context":"\u5728\u201cJurisprudence\u201d\u4e2d","block_context":{"text":"Jurisprudence","link":"https:\/\/kohenavocats.com\/category\/jurisprudence\/"},"img":{"alt_text":"","src":"https:\/\/i0.wp.com\/kohenavocats.com\/wp-content\/uploads\/2024\/11\/kamran-abdullayev-tRrxCpbE1pQ-unsplash.webp?resize=350%2C200&ssl=1","width":350,"height":200,"srcset":"https:\/\/i0.wp.com\/kohenavocats.com\/wp-content\/uploads\/2024\/11\/kamran-abdullayev-tRrxCpbE1pQ-unsplash.webp?resize=350%2C200&ssl=1 1x, https:\/\/i0.wp.com\/kohenavocats.com\/wp-content\/uploads\/2024\/11\/kamran-abdullayev-tRrxCpbE1pQ-unsplash.webp?resize=525%2C300&ssl=1 1.5x, https:\/\/i0.wp.com\/kohenavocats.com\/wp-content\/uploads\/2024\/11\/kamran-abdullayev-tRrxCpbE1pQ-unsplash.webp?resize=700%2C400&ssl=1 2x, https:\/\/i0.wp.com\/kohenavocats.com\/wp-content\/uploads\/2024\/11\/kamran-abdullayev-tRrxCpbE1pQ-unsplash.webp?resize=1050%2C600&ssl=1 3x, https:\/\/i0.wp.com\/kohenavocats.com\/wp-content\/uploads\/2024\/11\/kamran-abdullayev-tRrxCpbE1pQ-unsplash.webp?resize=1400%2C800&ssl=1 4x"},"classes":[]},{"id":480819,"url":"https:\/\/kohenavocats.com\/zh-hans\/tribunal-judiciaire-de-paris-le-15-septembre-2025-n24-09616\/","url_meta":{"origin":661213,"position":2},"title":"Tribunal judiciaire de Paris, le 15 septembre 2025, n\u00b024\/09616","author":"Kohen","date":"2026\u5e744\u67087\u65e5","format":false,"excerpt":"Le juge des contentieux de la protection, statuant\u2026","rel":"","context":"\u5728\u201cJurisprudence\u201d\u4e2d","block_context":{"text":"Jurisprudence","link":"https:\/\/kohenavocats.com\/category\/jurisprudence\/"},"img":{"alt_text":"","src":"https:\/\/i0.wp.com\/kohenavocats.com\/wp-content\/uploads\/2024\/08\/kreshen-iMSeWtfaDmM-unsplash.webp?resize=350%2C200&ssl=1","width":350,"height":200,"srcset":"https:\/\/i0.wp.com\/kohenavocats.com\/wp-content\/uploads\/2024\/08\/kreshen-iMSeWtfaDmM-unsplash.webp?resize=350%2C200&ssl=1 1x, https:\/\/i0.wp.com\/kohenavocats.com\/wp-content\/uploads\/2024\/08\/kreshen-iMSeWtfaDmM-unsplash.webp?resize=525%2C300&ssl=1 1.5x, https:\/\/i0.wp.com\/kohenavocats.com\/wp-content\/uploads\/2024\/08\/kreshen-iMSeWtfaDmM-unsplash.webp?resize=700%2C400&ssl=1 2x, https:\/\/i0.wp.com\/kohenavocats.com\/wp-content\/uploads\/2024\/08\/kreshen-iMSeWtfaDmM-unsplash.webp?resize=1050%2C600&ssl=1 3x, https:\/\/i0.wp.com\/kohenavocats.com\/wp-content\/uploads\/2024\/08\/kreshen-iMSeWtfaDmM-unsplash.webp?resize=1400%2C800&ssl=1 4x"},"classes":[]},{"id":485634,"url":"https:\/\/kohenavocats.com\/zh-hans\/tribunal-judiciaire-le-2-decembre-2025-n25-00453\/","url_meta":{"origin":661213,"position":3},"title":"Tribunal judiciaire, le 2 d\u00e9cembre 2025, n\u00b025\/00453","author":"Kohen","date":"2026\u5e744\u67088\u65e5","format":false,"excerpt":"Le tribunal judiciaire, statuant par d\u00e9faut le 2 d\u2026","rel":"","context":"\u5728\u201cJurisprudence\u201d\u4e2d","block_context":{"text":"Jurisprudence","link":"https:\/\/kohenavocats.com\/category\/jurisprudence\/"},"img":{"alt_text":"","src":"https:\/\/i0.wp.com\/kohenavocats.com\/wp-content\/uploads\/2024\/08\/louis-paulin-SYJrwRyI51E-unsplash-1.webp?resize=350%2C200&ssl=1","width":350,"height":200,"srcset":"https:\/\/i0.wp.com\/kohenavocats.com\/wp-content\/uploads\/2024\/08\/louis-paulin-SYJrwRyI51E-unsplash-1.webp?resize=350%2C200&ssl=1 1x, https:\/\/i0.wp.com\/kohenavocats.com\/wp-content\/uploads\/2024\/08\/louis-paulin-SYJrwRyI51E-unsplash-1.webp?resize=525%2C300&ssl=1 1.5x, https:\/\/i0.wp.com\/kohenavocats.com\/wp-content\/uploads\/2024\/08\/louis-paulin-SYJrwRyI51E-unsplash-1.webp?resize=700%2C400&ssl=1 2x, https:\/\/i0.wp.com\/kohenavocats.com\/wp-content\/uploads\/2024\/08\/louis-paulin-SYJrwRyI51E-unsplash-1.webp?resize=1050%2C600&ssl=1 3x, https:\/\/i0.wp.com\/kohenavocats.com\/wp-content\/uploads\/2024\/08\/louis-paulin-SYJrwRyI51E-unsplash-1.webp?resize=1400%2C800&ssl=1 4x"},"classes":[]},{"id":635483,"url":"https:\/\/kohenavocats.com\/zh-hans\/tribunal-judiciaire-de-vienne-le-10-octobre-2025-n25-00306\/","url_meta":{"origin":661213,"position":4},"title":"Tribunal judiciaire de Vienne, le 10 octobre 2025, n\u00b025\/00306","author":"Kohen","date":"2026\u5e744\u670821\u65e5","format":false,"excerpt":"Le juge des contentieux de la protection de Vienne\u2026","rel":"","context":"\u5728\u201cJurisprudence\u201d\u4e2d","block_context":{"text":"Jurisprudence","link":"https:\/\/kohenavocats.com\/category\/jurisprudence\/"},"img":{"alt_text":"","src":"https:\/\/i0.wp.com\/kohenavocats.com\/wp-content\/uploads\/2024\/11\/andrej-lisakov-KkjNOCBD6HQ-unsplash.webp?resize=350%2C200&ssl=1","width":350,"height":200,"srcset":"https:\/\/i0.wp.com\/kohenavocats.com\/wp-content\/uploads\/2024\/11\/andrej-lisakov-KkjNOCBD6HQ-unsplash.webp?resize=350%2C200&ssl=1 1x, https:\/\/i0.wp.com\/kohenavocats.com\/wp-content\/uploads\/2024\/11\/andrej-lisakov-KkjNOCBD6HQ-unsplash.webp?resize=525%2C300&ssl=1 1.5x, https:\/\/i0.wp.com\/kohenavocats.com\/wp-content\/uploads\/2024\/11\/andrej-lisakov-KkjNOCBD6HQ-unsplash.webp?resize=700%2C400&ssl=1 2x, https:\/\/i0.wp.com\/kohenavocats.com\/wp-content\/uploads\/2024\/11\/andrej-lisakov-KkjNOCBD6HQ-unsplash.webp?resize=1050%2C600&ssl=1 3x, https:\/\/i0.wp.com\/kohenavocats.com\/wp-content\/uploads\/2024\/11\/andrej-lisakov-KkjNOCBD6HQ-unsplash.webp?resize=1400%2C800&ssl=1 4x"},"classes":[]},{"id":467656,"url":"https:\/\/kohenavocats.com\/zh-hans\/tribunal-judiciaire-de-mulhouse-2025-12-08-n25-00185\/","url_meta":{"origin":661213,"position":5},"title":"Tribunal judiciaire de Mulhouse &#8211; 2025-12-08 &#8211; n\u00b025\/00185","author":"Kohen","date":"2026\u5e744\u67087\u65e5","format":false,"excerpt":"Le juge des contentieux de la protection du tribun\u2026","rel":"","context":"\u5728\u201cJurisprudence\u201d\u4e2d","block_context":{"text":"Jurisprudence","link":"https:\/\/kohenavocats.com\/category\/jurisprudence\/"},"img":{"alt_text":"","src":"https:\/\/i0.wp.com\/kohenavocats.com\/wp-content\/uploads\/2024\/06\/giammarco-boscaro-OPzWvgL-upY-unsplash.jpg?resize=350%2C200&ssl=1","width":350,"height":200,"srcset":"https:\/\/i0.wp.com\/kohenavocats.com\/wp-content\/uploads\/2024\/06\/giammarco-boscaro-OPzWvgL-upY-unsplash.jpg?resize=350%2C200&ssl=1 1x, https:\/\/i0.wp.com\/kohenavocats.com\/wp-content\/uploads\/2024\/06\/giammarco-boscaro-OPzWvgL-upY-unsplash.jpg?resize=525%2C300&ssl=1 1.5x, https:\/\/i0.wp.com\/kohenavocats.com\/wp-content\/uploads\/2024\/06\/giammarco-boscaro-OPzWvgL-upY-unsplash.jpg?resize=700%2C400&ssl=1 2x, https:\/\/i0.wp.com\/kohenavocats.com\/wp-content\/uploads\/2024\/06\/giammarco-boscaro-OPzWvgL-upY-unsplash.jpg?resize=1050%2C600&ssl=1 3x, https:\/\/i0.wp.com\/kohenavocats.com\/wp-content\/uploads\/2024\/06\/giammarco-boscaro-OPzWvgL-upY-unsplash.jpg?resize=1400%2C800&ssl=1 4x"},"classes":[]}],"jetpack_sharing_enabled":true,"_links":{"self":[{"href":"https:\/\/kohenavocats.com\/zh-hans\/wp-json\/wp\/v2\/posts\/661213","targetHints":{"allow":["GET"]}}],"collection":[{"href":"https:\/\/kohenavocats.com\/zh-hans\/wp-json\/wp\/v2\/posts"}],"about":[{"href":"https:\/\/kohenavocats.com\/zh-hans\/wp-json\/wp\/v2\/types\/post"}],"author":[{"embeddable":true,"href":"https:\/\/kohenavocats.com\/zh-hans\/wp-json\/wp\/v2\/users\/232070755"}],"replies":[{"embeddable":true,"href":"https:\/\/kohenavocats.com\/zh-hans\/wp-json\/wp\/v2\/comments?post=661213"}],"version-history":[{"count":0,"href":"https:\/\/kohenavocats.com\/zh-hans\/wp-json\/wp\/v2\/posts\/661213\/revisions"}],"wp:featuredmedia":[{"embeddable":true,"href":"https:\/\/kohenavocats.com\/zh-hans\/wp-json\/wp\/v2\/media\/3896"}],"wp:attachment":[{"href":"https:\/\/kohenavocats.com\/zh-hans\/wp-json\/wp\/v2\/media?parent=661213"}],"wp:term":[{"taxonomy":"category","embeddable":true,"href":"https:\/\/kohenavocats.com\/zh-hans\/wp-json\/wp\/v2\/categories?post=661213"},{"taxonomy":"post_tag","embeddable":true,"href":"https:\/\/kohenavocats.com\/zh-hans\/wp-json\/wp\/v2\/tags?post=661213"}],"curies":[{"name":"wp","href":"https:\/\/api.w.org\/{rel}","templated":true}]}}