{"id":661256,"date":"2026-04-23T17:00:16","date_gmt":"2026-04-23T15:00:16","guid":{"rendered":"https:\/\/kohenavocats.com\/tribunal-judiciaire-de-paris-le-29-avril-2025-n25-02861\/"},"modified":"2026-04-23T17:00:16","modified_gmt":"2026-04-23T15:00:16","slug":"tribunal-judiciaire-de-paris-le-29-avril-2025-n25-02861","status":"publish","type":"post","link":"https:\/\/kohenavocats.com\/zh-hans\/tribunal-judiciaire-de-paris-le-29-avril-2025-n25-02861\/","title":{"rendered":"Tribunal judiciaire de Paris, le 29 avril 2025, n\u00b025\/02861"},"content":{"rendered":"<div class=\"article-content\">\n<p>Le juge des contentieux de la protection a rendu un jugement r\u00e9put\u00e9 contradictoire le 29 avril 2025. Ce jugement statue sur une demande en r\u00e9siliation de bail pour d\u00e9faut de paiement des loyers et en expulsion du locataire. La juridiction constate la r\u00e9union des conditions de la clause r\u00e9solutoire et ordonne la lib\u00e9ration des lieux. Elle condamne \u00e9galement le locataire au paiement de diverses sommes dues. La d\u00e9cision illustre le r\u00e9gime strict de la clause r\u00e9solutoire en mati\u00e8re de baux d&#8217;habitation et les limites du pouvoir d&#8217;office du juge.<\/p>\n<p>La mise en \u0153uvre rigoureuse de la clause r\u00e9solutoire l\u00e9gale<\/p>\n<p>Le juge v\u00e9rifie scrupuleusement le respect des conditions l\u00e9gales pr\u00e9alables \u00e0 la r\u00e9siliation. L&#8217;article 24 I de la loi du 6 juillet 1989 impose un formalisme pr\u00e9cis pour le commandement de payer. La d\u00e9cision rel\u00e8ve qu&#8217;en l&#8217;esp\u00e8ce, &#8220;un commandement de payer visant cette clause a \u00e9t\u00e9 signifi\u00e9 le 17 septembre 2024&#8221; pour une somme d\u00e9termin\u00e9e. Ce commandement mentionnait le d\u00e9lai de six semaines pour r\u00e9gulariser la situation. Le juge constate ensuite que le &#8220;commandement est demeur\u00e9 infructueux pendant plus de six semaines&#8221;. Il en d\u00e9duit logiquement que &#8220;les conditions d&#8217;acquisition de la clause r\u00e9solutoire contenue dans le bail \u00e9taient r\u00e9unies \u00e0 la date du 29 octobre 2024&#8221;. Cette analyse suit strictement le texte l\u00e9gal qui pr\u00e9voit que la clause &#8220;ne produit effet que six semaines apr\u00e8s un commandement de payer demeur\u00e9 infructueux&#8221; (Article 24 I de la loi n\u00b089-462 du 06 juillet 1989). La port\u00e9e de ce contr\u00f4le est essentielle pour prot\u00e9ger le locataire contre une expulsion trop rapide. La jurisprudence rappelle d&#8217;ailleurs que la clause &#8220;ne produit ses effets que deux mois apr\u00e8s un commandement de payer demeur\u00e9 infructueux&#8221; dans sa version ant\u00e9rieure (Cour d&#8217;appel de Douai, le 6 mars 2025, n\u00b023\/03351). Le sens de cette rigueur est d&#8217;offrir un d\u00e9lai de r\u00e9flexion et d&#8217;action au locataire avant la rupture d\u00e9finitive.<\/p>\n<p>L&#8217;absence de suspension des effets malgr\u00e9 un pouvoir judiciaire encadr\u00e9<\/p>\n<p>Le juge refuse de suspendre les effets de la clause en l&#8217;absence de demande du locataire. Les articles 24 V et VII de la loi offrent au juge la possibilit\u00e9 d&#8217;accorder des d\u00e9lais de paiement. Ces articles pr\u00e9voient que &#8220;les effets de la clause de r\u00e9siliation de plein droit peuvent \u00eatre suspendus&#8221; sous certaines conditions (Article 24 VII). Toutefois, la d\u00e9cision souligne un point crucial de proc\u00e9dure. Elle note que le locataire &#8220;n&#8217;a pas comparu&#8221;. Elle en tire la cons\u00e9quence que &#8220;les conditions de l&#8217;article 24 VII permettant de suspendre l&#8217;acquisition de la clause r\u00e9solutoire ne sont donc pas remplies&#8221;. Le motif invoqu\u00e9 est l&#8217;\u00e9volution l\u00e9gislative, car &#8220;la nouvelle r\u00e9daction de ce texte ayant supprim\u00e9 la possibilit\u00e9 pour le juge d&#8217;octroyer ces d\u00e9lais d&#8217;office&#8221;. La valeur de cette interpr\u00e9tation est de limiter strictement l&#8217;initiative du juge en l&#8217;absence de sollicitation du d\u00e9biteur. Cela marque une diff\u00e9rence avec d&#8217;autres solutions jurisprudentielles ant\u00e9rieures ou sous d&#8217;autres r\u00e9gimes. Une autre jurisprudence a pu retenir que &#8220;la demande de suspension de la clause r\u00e9solutoire doit en effet aboutir&#8221; lorsque la dette est sold\u00e9e (Cour d&#8217;appel de Paris, le 11 f\u00e9vrier 2025, n\u00b022\/13830). La port\u00e9e de la solution est donc de faire reposer sur le locataire d\u00e9faillant la charge d&#8217;initier la demande de gr\u00e2ce. Elle consacre une approche proc\u00e9durale stricte de la suspension, prot\u00e9geant la s\u00e9curit\u00e9 juridique du bailleur une fois la clause acquise.<\/p>\n<\/div>\n","protected":false},"excerpt":{"rendered":"<p>Le juge des contentieux de la protection a rendu un jugement r\u00e9put\u00e9 contradictoire le 29 avril 2025. Ce jugement statue sur une demande en r\u00e9siliation de bai&#8230;<\/p>\n","protected":false},"author":232070755,"featured_media":4852,"comment_status":"open","ping_status":"open","sticky":false,"template":"","format":"standard","meta":{"_crdt_document":"","_jetpack_newsletter_access":"","_jetpack_dont_email_post_to_subs":false,"_jetpack_newsletter_tier_id":0,"_jetpack_memberships_contains_paywalled_content":false,"_jetpack_memberships_contains_paid_content":false,"footnotes":"","jetpack_post_was_ever_published":false},"categories":[7597],"tags":[],"class_list":["post-661256","post","type-post","status-publish","format-standard","has-post-thumbnail","hentry","category-jurisprudence"],"yoast_head":"<!-- This site is optimized with the Yoast SEO Premium plugin v27.4 (Yoast SEO v27.4) - https:\/\/yoast.com\/product\/yoast-seo-premium-wordpress\/ -->\n<title>Tribunal judiciaire de Paris, le 29 avril 2025, n\u00b025\/02861 - Ma\u00eetre Hassan Kohen, avocat en droit p\u00e9nal \u00e0 Paris<\/title>\n<meta name=\"description\" content=\"Le juge des contentieux de la protection a rendu un jugement r\u00e9put\u00e9 contradictoire le 29 avril 2025. Ce jugement statue sur une demande en r\u00e9siliation de bai...\" \/>\n<meta name=\"robots\" content=\"index, follow, max-snippet:-1, max-image-preview:large, max-video-preview:-1\" \/>\n<link rel=\"canonical\" href=\"https:\/\/kohenavocats.com\/zh-hans\/tribunal-judiciaire-de-paris-le-29-avril-2025-n25-02861\/\" \/>\n<meta property=\"og:locale\" content=\"zh_CN\" \/>\n<meta property=\"og:type\" content=\"article\" \/>\n<meta property=\"og:title\" content=\"Tribunal judiciaire de Paris, le 29 avril 2025, n\u00b025\/02861\" \/>\n<meta property=\"og:description\" content=\"Le juge des contentieux de la protection a rendu un jugement r\u00e9put\u00e9 contradictoire le 29 avril 2025. Ce jugement statue sur une demande en r\u00e9siliation de bai...\" \/>\n<meta property=\"og:url\" content=\"https:\/\/kohenavocats.com\/zh-hans\/tribunal-judiciaire-de-paris-le-29-avril-2025-n25-02861\/\" \/>\n<meta property=\"og:site_name\" content=\"Ma\u00eetre Hassan Kohen, avocat en droit p\u00e9nal \u00e0 Paris\" \/>\n<meta property=\"article:published_time\" content=\"2026-04-23T15:00:16+00:00\" \/>\n<meta property=\"og:image\" content=\"https:\/\/kohenavocats.com\/wp-content\/uploads\/2024\/08\/dillon-t-lHQ7gU7SgdM-unsplash.webp\" \/>\n\t<meta property=\"og:image:width\" content=\"6192\" \/>\n\t<meta property=\"og:image:height\" content=\"4128\" \/>\n\t<meta property=\"og:image:type\" content=\"image\/webp\" \/>\n<meta name=\"author\" content=\"Kohen\" \/>\n<meta name=\"twitter:card\" content=\"summary_large_image\" \/>\n<meta name=\"twitter:label1\" content=\"\u4f5c\u8005\" \/>\n\t<meta name=\"twitter:data1\" content=\"Kohen\" \/>\n\t<meta name=\"twitter:label2\" content=\"\u9884\u8ba1\u9605\u8bfb\u65f6\u95f4\" \/>\n\t<meta name=\"twitter:data2\" content=\"3 \u5206\" \/>\n<script type=\"application\/ld+json\" class=\"yoast-schema-graph\">{\"@context\":\"https:\\\/\\\/schema.org\",\"@graph\":[{\"@type\":\"Article\",\"@id\":\"https:\\\/\\\/kohenavocats.com\\\/zh-hans\\\/tribunal-judiciaire-de-paris-le-29-avril-2025-n25-02861\\\/#article\",\"isPartOf\":{\"@id\":\"https:\\\/\\\/kohenavocats.com\\\/zh-hans\\\/tribunal-judiciaire-de-paris-le-29-avril-2025-n25-02861\\\/\"},\"author\":{\"name\":\"Kohen\",\"@id\":\"https:\\\/\\\/kohenavocats.com\\\/zh-hans\\\/#\\\/schema\\\/person\\\/761c9ba54fa1ca84d405cef0831ff751\"},\"headline\":\"Tribunal judiciaire de Paris, le 29 avril 2025, n\u00b025\\\/02861\",\"datePublished\":\"2026-04-23T15:00:16+00:00\",\"mainEntityOfPage\":{\"@id\":\"https:\\\/\\\/kohenavocats.com\\\/zh-hans\\\/tribunal-judiciaire-de-paris-le-29-avril-2025-n25-02861\\\/\"},\"wordCount\":624,\"commentCount\":0,\"publisher\":{\"@id\":\"https:\\\/\\\/kohenavocats.com\\\/zh-hans\\\/#organization\"},\"image\":{\"@id\":\"https:\\\/\\\/kohenavocats.com\\\/zh-hans\\\/tribunal-judiciaire-de-paris-le-29-avril-2025-n25-02861\\\/#primaryimage\"},\"thumbnailUrl\":\"https:\\\/\\\/kohenavocats.com\\\/wp-content\\\/uploads\\\/2024\\\/08\\\/dillon-t-lHQ7gU7SgdM-unsplash.webp\",\"articleSection\":[\"Jurisprudence\"],\"inLanguage\":\"zh-Hans\",\"potentialAction\":[{\"@type\":\"CommentAction\",\"name\":\"Comment\",\"target\":[\"https:\\\/\\\/kohenavocats.com\\\/zh-hans\\\/tribunal-judiciaire-de-paris-le-29-avril-2025-n25-02861\\\/#respond\"]}],\"citation\":\"Tribunal judiciaire de Paris, le 29 avril 2025, n\u00b025\\\/02861\",\"about\":[{\"@type\":\"Thing\",\"name\":\"Jurisprudence\"}],\"dateModified\":\"2026-04-23T15:00:16+00:00\",\"speakable\":{\"@type\":\"SpeakableSpecification\",\"cssSelector\":[\".article-content > p:first-of-type\"]}},{\"@type\":\"WebPage\",\"@id\":\"https:\\\/\\\/kohenavocats.com\\\/zh-hans\\\/tribunal-judiciaire-de-paris-le-29-avril-2025-n25-02861\\\/\",\"url\":\"https:\\\/\\\/kohenavocats.com\\\/zh-hans\\\/tribunal-judiciaire-de-paris-le-29-avril-2025-n25-02861\\\/\",\"name\":\"Tribunal judiciaire de Paris, le 29 avril 2025, n\u00b025\\\/02861 - Ma\u00eetre Hassan Kohen, avocat en droit p\u00e9nal \u00e0 Paris\",\"isPartOf\":{\"@id\":\"https:\\\/\\\/kohenavocats.com\\\/zh-hans\\\/#website\"},\"primaryImageOfPage\":{\"@id\":\"https:\\\/\\\/kohenavocats.com\\\/zh-hans\\\/tribunal-judiciaire-de-paris-le-29-avril-2025-n25-02861\\\/#primaryimage\"},\"image\":{\"@id\":\"https:\\\/\\\/kohenavocats.com\\\/zh-hans\\\/tribunal-judiciaire-de-paris-le-29-avril-2025-n25-02861\\\/#primaryimage\"},\"thumbnailUrl\":\"https:\\\/\\\/kohenavocats.com\\\/wp-content\\\/uploads\\\/2024\\\/08\\\/dillon-t-lHQ7gU7SgdM-unsplash.webp\",\"datePublished\":\"2026-04-23T15:00:16+00:00\",\"description\":\"Le juge des contentieux de la protection a rendu un jugement r\u00e9put\u00e9 contradictoire le 29 avril 2025. Ce jugement statue sur une demande en r\u00e9siliation de bai...\",\"breadcrumb\":{\"@id\":\"https:\\\/\\\/kohenavocats.com\\\/zh-hans\\\/tribunal-judiciaire-de-paris-le-29-avril-2025-n25-02861\\\/#breadcrumb\"},\"inLanguage\":\"zh-Hans\",\"potentialAction\":[{\"@type\":\"ReadAction\",\"target\":[\"https:\\\/\\\/kohenavocats.com\\\/zh-hans\\\/tribunal-judiciaire-de-paris-le-29-avril-2025-n25-02861\\\/\"]}]},{\"@type\":\"ImageObject\",\"inLanguage\":\"zh-Hans\",\"@id\":\"https:\\\/\\\/kohenavocats.com\\\/zh-hans\\\/tribunal-judiciaire-de-paris-le-29-avril-2025-n25-02861\\\/#primaryimage\",\"url\":\"https:\\\/\\\/kohenavocats.com\\\/wp-content\\\/uploads\\\/2024\\\/08\\\/dillon-t-lHQ7gU7SgdM-unsplash.webp\",\"contentUrl\":\"https:\\\/\\\/kohenavocats.com\\\/wp-content\\\/uploads\\\/2024\\\/08\\\/dillon-t-lHQ7gU7SgdM-unsplash.webp\",\"width\":6192,\"height\":4128},{\"@type\":\"BreadcrumbList\",\"@id\":\"https:\\\/\\\/kohenavocats.com\\\/zh-hans\\\/tribunal-judiciaire-de-paris-le-29-avril-2025-n25-02861\\\/#breadcrumb\",\"itemListElement\":[{\"@type\":\"ListItem\",\"position\":1,\"name\":\"Home\",\"item\":\"https:\\\/\\\/kohenavocats.com\\\/zh-hans\\\/\"},{\"@type\":\"ListItem\",\"position\":2,\"name\":\"Tribunal judiciaire de Paris, le 29 avril 2025, n\u00b025\\\/02861\"}]},{\"@type\":\"WebSite\",\"@id\":\"https:\\\/\\\/kohenavocats.com\\\/zh-hans\\\/#website\",\"url\":\"https:\\\/\\\/kohenavocats.com\\\/zh-hans\\\/\",\"name\":\"Kohen Avocats\",\"description\":\"Ma\u00eetre Hassan Kohen, avocat p\u00e9naliste \u00e0 Paris, intervient exclusivement en droit p\u00e9nal pour la d\u00e9fense des particuliers, notamment en mati\u00e8re d\u2019accusations de viol. Il assure un accompagnement rigoureux d\u00e8s la garde \u00e0 vue jusqu\u2019\u00e0 la Cour d\u2019assises, veillant au strict respect des garanties proc\u00e9durales.\",\"publisher\":{\"@id\":\"https:\\\/\\\/kohenavocats.com\\\/zh-hans\\\/#organization\"},\"potentialAction\":[{\"@type\":\"SearchAction\",\"target\":{\"@type\":\"EntryPoint\",\"urlTemplate\":\"https:\\\/\\\/kohenavocats.com\\\/zh-hans\\\/?s={search_term_string}\"},\"query-input\":{\"@type\":\"PropertyValueSpecification\",\"valueRequired\":true,\"valueName\":\"search_term_string\"}}],\"inLanguage\":\"zh-Hans\"},{\"@type\":\"Organization\",\"@id\":\"https:\\\/\\\/kohenavocats.com\\\/zh-hans\\\/#organization\",\"name\":\"Kohen Avocats\",\"url\":\"https:\\\/\\\/kohenavocats.com\\\/zh-hans\\\/\",\"logo\":{\"@type\":\"ImageObject\",\"inLanguage\":\"zh-Hans\",\"@id\":\"https:\\\/\\\/kohenavocats.com\\\/zh-hans\\\/#\\\/schema\\\/logo\\\/image\\\/\",\"url\":\"https:\\\/\\\/kohenavocats.com\\\/wp-content\\\/uploads\\\/2026\\\/01\\\/Logo-2-1.webp\",\"contentUrl\":\"https:\\\/\\\/kohenavocats.com\\\/wp-content\\\/uploads\\\/2026\\\/01\\\/Logo-2-1.webp\",\"width\":2114,\"height\":1253,\"caption\":\"Kohen Avocats\"},\"image\":{\"@id\":\"https:\\\/\\\/kohenavocats.com\\\/zh-hans\\\/#\\\/schema\\\/logo\\\/image\\\/\"}},{\"@type\":\"Person\",\"@id\":\"https:\\\/\\\/kohenavocats.com\\\/zh-hans\\\/#\\\/schema\\\/person\\\/761c9ba54fa1ca84d405cef0831ff751\",\"name\":\"Kohen\",\"image\":{\"@type\":\"ImageObject\",\"inLanguage\":\"zh-Hans\",\"@id\":\"https:\\\/\\\/secure.gravatar.com\\\/avatar\\\/1c5e76ef76bbbfdd2b4da984e2bf2fa4056fd51a27d25ce2c332047f1dfd6e00?s=96&d=identicon&r=g\",\"url\":\"https:\\\/\\\/secure.gravatar.com\\\/avatar\\\/1c5e76ef76bbbfdd2b4da984e2bf2fa4056fd51a27d25ce2c332047f1dfd6e00?s=96&d=identicon&r=g\",\"contentUrl\":\"https:\\\/\\\/secure.gravatar.com\\\/avatar\\\/1c5e76ef76bbbfdd2b4da984e2bf2fa4056fd51a27d25ce2c332047f1dfd6e00?s=96&d=identicon&r=g\",\"caption\":\"Kohen\"},\"sameAs\":[\"https:\\\/\\\/www.linkedin.com\\\/in\\\/hassan-kohen-448548192\\\/\",\"https:\\\/\\\/www.youtube.com\\\/@Kohen-Avocats\"],\"url\":\"https:\\\/\\\/kohenavocats.com\\\/zh-hans\\\/author\\\/kohenmlk\\\/\"}]}<\/script>\n<!-- \/ Yoast SEO Premium plugin. -->","yoast_head_json":{"title":"Tribunal judiciaire de Paris, le 29 avril 2025, n\u00b025\/02861 - Ma\u00eetre Hassan Kohen, avocat en droit p\u00e9nal \u00e0 Paris","description":"Le juge des contentieux de la protection a rendu un jugement r\u00e9put\u00e9 contradictoire le 29 avril 2025. Ce jugement statue sur une demande en r\u00e9siliation de bai...","robots":{"index":"index","follow":"follow","max-snippet":"max-snippet:-1","max-image-preview":"max-image-preview:large","max-video-preview":"max-video-preview:-1"},"canonical":"https:\/\/kohenavocats.com\/zh-hans\/tribunal-judiciaire-de-paris-le-29-avril-2025-n25-02861\/","og_locale":"zh_CN","og_type":"article","og_title":"Tribunal judiciaire de Paris, le 29 avril 2025, n\u00b025\/02861","og_description":"Le juge des contentieux de la protection a rendu un jugement r\u00e9put\u00e9 contradictoire le 29 avril 2025. Ce jugement statue sur une demande en r\u00e9siliation de bai...","og_url":"https:\/\/kohenavocats.com\/zh-hans\/tribunal-judiciaire-de-paris-le-29-avril-2025-n25-02861\/","og_site_name":"Ma\u00eetre Hassan Kohen, avocat en droit p\u00e9nal \u00e0 Paris","article_published_time":"2026-04-23T15:00:16+00:00","og_image":[{"width":6192,"height":4128,"url":"https:\/\/kohenavocats.com\/wp-content\/uploads\/2024\/08\/dillon-t-lHQ7gU7SgdM-unsplash.webp","type":"image\/webp"}],"author":"Kohen","twitter_card":"summary_large_image","twitter_misc":{"\u4f5c\u8005":"Kohen","\u9884\u8ba1\u9605\u8bfb\u65f6\u95f4":"3 \u5206"},"schema":{"@context":"https:\/\/schema.org","@graph":[{"@type":"Article","@id":"https:\/\/kohenavocats.com\/zh-hans\/tribunal-judiciaire-de-paris-le-29-avril-2025-n25-02861\/#article","isPartOf":{"@id":"https:\/\/kohenavocats.com\/zh-hans\/tribunal-judiciaire-de-paris-le-29-avril-2025-n25-02861\/"},"author":{"name":"Kohen","@id":"https:\/\/kohenavocats.com\/zh-hans\/#\/schema\/person\/761c9ba54fa1ca84d405cef0831ff751"},"headline":"Tribunal judiciaire de Paris, le 29 avril 2025, n\u00b025\/02861","datePublished":"2026-04-23T15:00:16+00:00","mainEntityOfPage":{"@id":"https:\/\/kohenavocats.com\/zh-hans\/tribunal-judiciaire-de-paris-le-29-avril-2025-n25-02861\/"},"wordCount":624,"commentCount":0,"publisher":{"@id":"https:\/\/kohenavocats.com\/zh-hans\/#organization"},"image":{"@id":"https:\/\/kohenavocats.com\/zh-hans\/tribunal-judiciaire-de-paris-le-29-avril-2025-n25-02861\/#primaryimage"},"thumbnailUrl":"https:\/\/kohenavocats.com\/wp-content\/uploads\/2024\/08\/dillon-t-lHQ7gU7SgdM-unsplash.webp","articleSection":["Jurisprudence"],"inLanguage":"zh-Hans","potentialAction":[{"@type":"CommentAction","name":"Comment","target":["https:\/\/kohenavocats.com\/zh-hans\/tribunal-judiciaire-de-paris-le-29-avril-2025-n25-02861\/#respond"]}],"citation":"Tribunal judiciaire de Paris, le 29 avril 2025, n\u00b025\/02861","about":[{"@type":"Thing","name":"Jurisprudence"}],"dateModified":"2026-04-23T15:00:16+00:00","speakable":{"@type":"SpeakableSpecification","cssSelector":[".article-content > p:first-of-type"]}},{"@type":"WebPage","@id":"https:\/\/kohenavocats.com\/zh-hans\/tribunal-judiciaire-de-paris-le-29-avril-2025-n25-02861\/","url":"https:\/\/kohenavocats.com\/zh-hans\/tribunal-judiciaire-de-paris-le-29-avril-2025-n25-02861\/","name":"Tribunal judiciaire de Paris, le 29 avril 2025, n\u00b025\/02861 - Ma\u00eetre Hassan Kohen, avocat en droit p\u00e9nal \u00e0 Paris","isPartOf":{"@id":"https:\/\/kohenavocats.com\/zh-hans\/#website"},"primaryImageOfPage":{"@id":"https:\/\/kohenavocats.com\/zh-hans\/tribunal-judiciaire-de-paris-le-29-avril-2025-n25-02861\/#primaryimage"},"image":{"@id":"https:\/\/kohenavocats.com\/zh-hans\/tribunal-judiciaire-de-paris-le-29-avril-2025-n25-02861\/#primaryimage"},"thumbnailUrl":"https:\/\/kohenavocats.com\/wp-content\/uploads\/2024\/08\/dillon-t-lHQ7gU7SgdM-unsplash.webp","datePublished":"2026-04-23T15:00:16+00:00","description":"Le juge des contentieux de la protection a rendu un jugement r\u00e9put\u00e9 contradictoire le 29 avril 2025. Ce jugement statue sur une demande en r\u00e9siliation de bai...","breadcrumb":{"@id":"https:\/\/kohenavocats.com\/zh-hans\/tribunal-judiciaire-de-paris-le-29-avril-2025-n25-02861\/#breadcrumb"},"inLanguage":"zh-Hans","potentialAction":[{"@type":"ReadAction","target":["https:\/\/kohenavocats.com\/zh-hans\/tribunal-judiciaire-de-paris-le-29-avril-2025-n25-02861\/"]}]},{"@type":"ImageObject","inLanguage":"zh-Hans","@id":"https:\/\/kohenavocats.com\/zh-hans\/tribunal-judiciaire-de-paris-le-29-avril-2025-n25-02861\/#primaryimage","url":"https:\/\/kohenavocats.com\/wp-content\/uploads\/2024\/08\/dillon-t-lHQ7gU7SgdM-unsplash.webp","contentUrl":"https:\/\/kohenavocats.com\/wp-content\/uploads\/2024\/08\/dillon-t-lHQ7gU7SgdM-unsplash.webp","width":6192,"height":4128},{"@type":"BreadcrumbList","@id":"https:\/\/kohenavocats.com\/zh-hans\/tribunal-judiciaire-de-paris-le-29-avril-2025-n25-02861\/#breadcrumb","itemListElement":[{"@type":"ListItem","position":1,"name":"Home","item":"https:\/\/kohenavocats.com\/zh-hans\/"},{"@type":"ListItem","position":2,"name":"Tribunal judiciaire de Paris, le 29 avril 2025, n\u00b025\/02861"}]},{"@type":"WebSite","@id":"https:\/\/kohenavocats.com\/zh-hans\/#website","url":"https:\/\/kohenavocats.com\/zh-hans\/","name":"Kohen Avocats","description":"Ma\u00eetre Hassan Kohen, avocat p\u00e9naliste \u00e0 Paris, intervient exclusivement en droit p\u00e9nal pour la d\u00e9fense des particuliers, notamment en mati\u00e8re d\u2019accusations de viol. Il assure un accompagnement rigoureux d\u00e8s la garde \u00e0 vue jusqu\u2019\u00e0 la Cour d\u2019assises, veillant au strict respect des garanties proc\u00e9durales.","publisher":{"@id":"https:\/\/kohenavocats.com\/zh-hans\/#organization"},"potentialAction":[{"@type":"SearchAction","target":{"@type":"EntryPoint","urlTemplate":"https:\/\/kohenavocats.com\/zh-hans\/?s={search_term_string}"},"query-input":{"@type":"PropertyValueSpecification","valueRequired":true,"valueName":"search_term_string"}}],"inLanguage":"zh-Hans"},{"@type":"Organization","@id":"https:\/\/kohenavocats.com\/zh-hans\/#organization","name":"Kohen Avocats","url":"https:\/\/kohenavocats.com\/zh-hans\/","logo":{"@type":"ImageObject","inLanguage":"zh-Hans","@id":"https:\/\/kohenavocats.com\/zh-hans\/#\/schema\/logo\/image\/","url":"https:\/\/kohenavocats.com\/wp-content\/uploads\/2026\/01\/Logo-2-1.webp","contentUrl":"https:\/\/kohenavocats.com\/wp-content\/uploads\/2026\/01\/Logo-2-1.webp","width":2114,"height":1253,"caption":"Kohen Avocats"},"image":{"@id":"https:\/\/kohenavocats.com\/zh-hans\/#\/schema\/logo\/image\/"}},{"@type":"Person","@id":"https:\/\/kohenavocats.com\/zh-hans\/#\/schema\/person\/761c9ba54fa1ca84d405cef0831ff751","name":"Kohen","image":{"@type":"ImageObject","inLanguage":"zh-Hans","@id":"https:\/\/secure.gravatar.com\/avatar\/1c5e76ef76bbbfdd2b4da984e2bf2fa4056fd51a27d25ce2c332047f1dfd6e00?s=96&d=identicon&r=g","url":"https:\/\/secure.gravatar.com\/avatar\/1c5e76ef76bbbfdd2b4da984e2bf2fa4056fd51a27d25ce2c332047f1dfd6e00?s=96&d=identicon&r=g","contentUrl":"https:\/\/secure.gravatar.com\/avatar\/1c5e76ef76bbbfdd2b4da984e2bf2fa4056fd51a27d25ce2c332047f1dfd6e00?s=96&d=identicon&r=g","caption":"Kohen"},"sameAs":["https:\/\/www.linkedin.com\/in\/hassan-kohen-448548192\/","https:\/\/www.youtube.com\/@Kohen-Avocats"],"url":"https:\/\/kohenavocats.com\/zh-hans\/author\/kohenmlk\/"}]}},"jetpack_featured_media_url":"https:\/\/kohenavocats.com\/wp-content\/uploads\/2024\/08\/dillon-t-lHQ7gU7SgdM-unsplash.webp","jetpack_likes_enabled":false,"jetpack_shortlink":"https:\/\/wp.me\/peCrII-2M1q","jetpack-related-posts":[{"id":597796,"url":"https:\/\/kohenavocats.com\/zh-hans\/tribunal-judiciaire-de-saint-denis-de-la-reunion-le-4-decembre-2025-n25-00638\/","url_meta":{"origin":661256,"position":0},"title":"Tribunal judiciaire de Saint-Denis de La R\u00e9union, le 4 d\u00e9cembre 2025, n\u00b025\/00638","author":"Kohen","date":"2026\u5e744\u670818\u65e5","format":false,"excerpt":"Le juge des contentieux de la protection, statuant\u2026","rel":"","context":"\u5728\u201cJurisprudence\u201d\u4e2d","block_context":{"text":"Jurisprudence","link":"https:\/\/kohenavocats.com\/category\/jurisprudence\/"},"img":{"alt_text":"","src":"https:\/\/i0.wp.com\/kohenavocats.com\/wp-content\/uploads\/2024\/11\/gabriella-clare-marino-K7jFghPMaFo-unsplash.webp?resize=350%2C200&ssl=1","width":350,"height":200,"srcset":"https:\/\/i0.wp.com\/kohenavocats.com\/wp-content\/uploads\/2024\/11\/gabriella-clare-marino-K7jFghPMaFo-unsplash.webp?resize=350%2C200&ssl=1 1x, https:\/\/i0.wp.com\/kohenavocats.com\/wp-content\/uploads\/2024\/11\/gabriella-clare-marino-K7jFghPMaFo-unsplash.webp?resize=525%2C300&ssl=1 1.5x, https:\/\/i0.wp.com\/kohenavocats.com\/wp-content\/uploads\/2024\/11\/gabriella-clare-marino-K7jFghPMaFo-unsplash.webp?resize=700%2C400&ssl=1 2x, https:\/\/i0.wp.com\/kohenavocats.com\/wp-content\/uploads\/2024\/11\/gabriella-clare-marino-K7jFghPMaFo-unsplash.webp?resize=1050%2C600&ssl=1 3x, https:\/\/i0.wp.com\/kohenavocats.com\/wp-content\/uploads\/2024\/11\/gabriella-clare-marino-K7jFghPMaFo-unsplash.webp?resize=1400%2C800&ssl=1 4x"},"classes":[]},{"id":597801,"url":"https:\/\/kohenavocats.com\/zh-hans\/tribunal-judiciaire-de-angers-le-27-septembre-2025-n25-00921\/","url_meta":{"origin":661256,"position":1},"title":"Tribunal judiciaire de Angers, le 27 septembre 2025, n\u00b025\/00921","author":"Kohen","date":"2026\u5e744\u670818\u65e5","format":false,"excerpt":"Le juge des contentieux de la protection, statuant\u2026","rel":"","context":"\u5728\u201cJurisprudence\u201d\u4e2d","block_context":{"text":"Jurisprudence","link":"https:\/\/kohenavocats.com\/category\/jurisprudence\/"},"img":{"alt_text":"","src":"https:\/\/i0.wp.com\/kohenavocats.com\/wp-content\/uploads\/2024\/11\/margaret-jaszowska-iJ4qhyNQEjE-unsplash.webp?resize=350%2C200&ssl=1","width":350,"height":200,"srcset":"https:\/\/i0.wp.com\/kohenavocats.com\/wp-content\/uploads\/2024\/11\/margaret-jaszowska-iJ4qhyNQEjE-unsplash.webp?resize=350%2C200&ssl=1 1x, https:\/\/i0.wp.com\/kohenavocats.com\/wp-content\/uploads\/2024\/11\/margaret-jaszowska-iJ4qhyNQEjE-unsplash.webp?resize=525%2C300&ssl=1 1.5x, https:\/\/i0.wp.com\/kohenavocats.com\/wp-content\/uploads\/2024\/11\/margaret-jaszowska-iJ4qhyNQEjE-unsplash.webp?resize=700%2C400&ssl=1 2x, https:\/\/i0.wp.com\/kohenavocats.com\/wp-content\/uploads\/2024\/11\/margaret-jaszowska-iJ4qhyNQEjE-unsplash.webp?resize=1050%2C600&ssl=1 3x, https:\/\/i0.wp.com\/kohenavocats.com\/wp-content\/uploads\/2024\/11\/margaret-jaszowska-iJ4qhyNQEjE-unsplash.webp?resize=1400%2C800&ssl=1 4x"},"classes":[]},{"id":597792,"url":"https:\/\/kohenavocats.com\/zh-hans\/tribunal-judiciaire-de-marseille-le-16-octobre-2025-n25-03799\/","url_meta":{"origin":661256,"position":2},"title":"Tribunal judiciaire de Marseille, le 16 octobre 2025, n\u00b025\/03799","author":"Kohen","date":"2026\u5e744\u670818\u65e5","format":false,"excerpt":"Le juge des contentieux de la protection, statuant\u2026","rel":"","context":"\u5728\u201cJurisprudence\u201d\u4e2d","block_context":{"text":"Jurisprudence","link":"https:\/\/kohenavocats.com\/category\/jurisprudence\/"},"img":{"alt_text":"","src":"https:\/\/i0.wp.com\/kohenavocats.com\/wp-content\/uploads\/2024\/08\/karla-caloca-2uGxst615P4-unsplash.webp?resize=350%2C200&ssl=1","width":350,"height":200,"srcset":"https:\/\/i0.wp.com\/kohenavocats.com\/wp-content\/uploads\/2024\/08\/karla-caloca-2uGxst615P4-unsplash.webp?resize=350%2C200&ssl=1 1x, https:\/\/i0.wp.com\/kohenavocats.com\/wp-content\/uploads\/2024\/08\/karla-caloca-2uGxst615P4-unsplash.webp?resize=525%2C300&ssl=1 1.5x, https:\/\/i0.wp.com\/kohenavocats.com\/wp-content\/uploads\/2024\/08\/karla-caloca-2uGxst615P4-unsplash.webp?resize=700%2C400&ssl=1 2x, https:\/\/i0.wp.com\/kohenavocats.com\/wp-content\/uploads\/2024\/08\/karla-caloca-2uGxst615P4-unsplash.webp?resize=1050%2C600&ssl=1 3x, https:\/\/i0.wp.com\/kohenavocats.com\/wp-content\/uploads\/2024\/08\/karla-caloca-2uGxst615P4-unsplash.webp?resize=1400%2C800&ssl=1 4x"},"classes":[]},{"id":597799,"url":"https:\/\/kohenavocats.com\/zh-hans\/tribunal-judiciaire-de-grenoble-le-4-decembre-2025-n25-01163\/","url_meta":{"origin":661256,"position":3},"title":"Tribunal judiciaire de Grenoble, le 4 d\u00e9cembre 2025, n\u00b025\/01163","author":"Kohen","date":"2026\u5e744\u670818\u65e5","format":false,"excerpt":"Le juge du contentieux de la protection, statuant \u2026","rel":"","context":"\u5728\u201cJurisprudence\u201d\u4e2d","block_context":{"text":"Jurisprudence","link":"https:\/\/kohenavocats.com\/category\/jurisprudence\/"},"img":{"alt_text":"","src":"https:\/\/i0.wp.com\/kohenavocats.com\/wp-content\/uploads\/2024\/11\/allison-saeng-nuZlzGsQ01M-unsplash.webp?resize=350%2C200&ssl=1","width":350,"height":200,"srcset":"https:\/\/i0.wp.com\/kohenavocats.com\/wp-content\/uploads\/2024\/11\/allison-saeng-nuZlzGsQ01M-unsplash.webp?resize=350%2C200&ssl=1 1x, https:\/\/i0.wp.com\/kohenavocats.com\/wp-content\/uploads\/2024\/11\/allison-saeng-nuZlzGsQ01M-unsplash.webp?resize=525%2C300&ssl=1 1.5x, https:\/\/i0.wp.com\/kohenavocats.com\/wp-content\/uploads\/2024\/11\/allison-saeng-nuZlzGsQ01M-unsplash.webp?resize=700%2C400&ssl=1 2x, https:\/\/i0.wp.com\/kohenavocats.com\/wp-content\/uploads\/2024\/11\/allison-saeng-nuZlzGsQ01M-unsplash.webp?resize=1050%2C600&ssl=1 3x, https:\/\/i0.wp.com\/kohenavocats.com\/wp-content\/uploads\/2024\/11\/allison-saeng-nuZlzGsQ01M-unsplash.webp?resize=1400%2C800&ssl=1 4x"},"classes":[]},{"id":597769,"url":"https:\/\/kohenavocats.com\/zh-hans\/tribunal-judiciaire-de-mulhouse-le-4-decembre-2025-n25-01128\/","url_meta":{"origin":661256,"position":4},"title":"Tribunal judiciaire de Mulhouse, le 4 d\u00e9cembre 2025, n\u00b025\/01128","author":"Kohen","date":"2026\u5e744\u670818\u65e5","format":false,"excerpt":"Le juge des contentieux de la protection, statuant\u2026","rel":"","context":"\u5728\u201cJurisprudence\u201d\u4e2d","block_context":{"text":"Jurisprudence","link":"https:\/\/kohenavocats.com\/category\/jurisprudence\/"},"img":{"alt_text":"","src":"https:\/\/i0.wp.com\/kohenavocats.com\/wp-content\/uploads\/2024\/11\/getty-images-qZQ7l1FLcgI-unsplash.webp?resize=350%2C200&ssl=1","width":350,"height":200,"srcset":"https:\/\/i0.wp.com\/kohenavocats.com\/wp-content\/uploads\/2024\/11\/getty-images-qZQ7l1FLcgI-unsplash.webp?resize=350%2C200&ssl=1 1x, https:\/\/i0.wp.com\/kohenavocats.com\/wp-content\/uploads\/2024\/11\/getty-images-qZQ7l1FLcgI-unsplash.webp?resize=525%2C300&ssl=1 1.5x, https:\/\/i0.wp.com\/kohenavocats.com\/wp-content\/uploads\/2024\/11\/getty-images-qZQ7l1FLcgI-unsplash.webp?resize=700%2C400&ssl=1 2x, https:\/\/i0.wp.com\/kohenavocats.com\/wp-content\/uploads\/2024\/11\/getty-images-qZQ7l1FLcgI-unsplash.webp?resize=1050%2C600&ssl=1 3x, https:\/\/i0.wp.com\/kohenavocats.com\/wp-content\/uploads\/2024\/11\/getty-images-qZQ7l1FLcgI-unsplash.webp?resize=1400%2C800&ssl=1 4x"},"classes":[]},{"id":597764,"url":"https:\/\/kohenavocats.com\/zh-hans\/tribunal-judiciaire-de-angers-le-4-decembre-2025-n25-01085\/","url_meta":{"origin":661256,"position":5},"title":"Tribunal judiciaire de Angers, le 4 d\u00e9cembre 2025, n\u00b025\/01085","author":"Kohen","date":"2026\u5e744\u670818\u65e5","format":false,"excerpt":"Le Tribunal judiciaire d\u2019Angers, statuant en mati\u00e8\u2026","rel":"","context":"\u5728\u201cJurisprudence\u201d\u4e2d","block_context":{"text":"Jurisprudence","link":"https:\/\/kohenavocats.com\/category\/jurisprudence\/"},"img":{"alt_text":"","src":"https:\/\/i0.wp.com\/kohenavocats.com\/wp-content\/uploads\/2024\/11\/lala-azizli-FwzWgaUqjlc-unsplash.webp?resize=350%2C200&ssl=1","width":350,"height":200,"srcset":"https:\/\/i0.wp.com\/kohenavocats.com\/wp-content\/uploads\/2024\/11\/lala-azizli-FwzWgaUqjlc-unsplash.webp?resize=350%2C200&ssl=1 1x, https:\/\/i0.wp.com\/kohenavocats.com\/wp-content\/uploads\/2024\/11\/lala-azizli-FwzWgaUqjlc-unsplash.webp?resize=525%2C300&ssl=1 1.5x, https:\/\/i0.wp.com\/kohenavocats.com\/wp-content\/uploads\/2024\/11\/lala-azizli-FwzWgaUqjlc-unsplash.webp?resize=700%2C400&ssl=1 2x, https:\/\/i0.wp.com\/kohenavocats.com\/wp-content\/uploads\/2024\/11\/lala-azizli-FwzWgaUqjlc-unsplash.webp?resize=1050%2C600&ssl=1 3x, https:\/\/i0.wp.com\/kohenavocats.com\/wp-content\/uploads\/2024\/11\/lala-azizli-FwzWgaUqjlc-unsplash.webp?resize=1400%2C800&ssl=1 4x"},"classes":[]}],"jetpack_sharing_enabled":true,"_links":{"self":[{"href":"https:\/\/kohenavocats.com\/zh-hans\/wp-json\/wp\/v2\/posts\/661256","targetHints":{"allow":["GET"]}}],"collection":[{"href":"https:\/\/kohenavocats.com\/zh-hans\/wp-json\/wp\/v2\/posts"}],"about":[{"href":"https:\/\/kohenavocats.com\/zh-hans\/wp-json\/wp\/v2\/types\/post"}],"author":[{"embeddable":true,"href":"https:\/\/kohenavocats.com\/zh-hans\/wp-json\/wp\/v2\/users\/232070755"}],"replies":[{"embeddable":true,"href":"https:\/\/kohenavocats.com\/zh-hans\/wp-json\/wp\/v2\/comments?post=661256"}],"version-history":[{"count":0,"href":"https:\/\/kohenavocats.com\/zh-hans\/wp-json\/wp\/v2\/posts\/661256\/revisions"}],"wp:featuredmedia":[{"embeddable":true,"href":"https:\/\/kohenavocats.com\/zh-hans\/wp-json\/wp\/v2\/media\/4852"}],"wp:attachment":[{"href":"https:\/\/kohenavocats.com\/zh-hans\/wp-json\/wp\/v2\/media?parent=661256"}],"wp:term":[{"taxonomy":"category","embeddable":true,"href":"https:\/\/kohenavocats.com\/zh-hans\/wp-json\/wp\/v2\/categories?post=661256"},{"taxonomy":"post_tag","embeddable":true,"href":"https:\/\/kohenavocats.com\/zh-hans\/wp-json\/wp\/v2\/tags?post=661256"}],"curies":[{"name":"wp","href":"https:\/\/api.w.org\/{rel}","templated":true}]}}