{"id":661348,"date":"2026-04-23T17:06:43","date_gmt":"2026-04-23T15:06:43","guid":{"rendered":"https:\/\/kohenavocats.com\/tribunal-judiciaire-de-evry-le-25-septembre-2025-n25-00899\/"},"modified":"2026-04-23T17:06:43","modified_gmt":"2026-04-23T15:06:43","slug":"tribunal-judiciaire-de-evry-le-25-septembre-2025-n25-00899","status":"publish","type":"post","link":"https:\/\/kohenavocats.com\/zh-hans\/tribunal-judiciaire-de-evry-le-25-septembre-2025-n25-00899\/","title":{"rendered":"Tribunal judiciaire de \u00c9vry, le 25 septembre 2025, n\u00b025\/00899"},"content":{"rendered":"<div class=\"article-content\">\n<p>Le juge des contentieux de la protection, statuant par jugement contradictoire, a rendu une d\u00e9cision complexe en mati\u00e8re de baux d\u2019habitation. Saisi d\u2019une demande en paiement d\u2019arri\u00e9r\u00e9s et en r\u00e9siliation d\u2019un bail pour d\u00e9faut de paiement, le juge a d\u00fb trancher plusieurs questions proc\u00e9durales et substantielles. Il a constat\u00e9 la r\u00e9siliation de plein droit du contrat tout en accordant des d\u00e9lais de paiement au locataire et en suspendant les effets de la clause r\u00e9solutoire. Cette solution \u00e9quilibr\u00e9e illustre la conciliation des int\u00e9r\u00eats du bailleur et les m\u00e9canismes de pr\u00e9vention des expulsions locatives.<\/p>\n<p>La sanction du d\u00e9faut de paiement et la validation de la clause r\u00e9solutoire<\/p>\n<p>Le juge a d\u2019abord \u00e9tabli le principe et le montant de la cr\u00e9ance locative impay\u00e9e. Apr\u00e8s examen des justificatifs et d\u00e9duction de certains paiements, il a condamn\u00e9 le locataire \u00e0 payer un arri\u00e9r\u00e9 pr\u00e9cis. Le juge a ensuite examin\u00e9 la r\u00e9gularit\u00e9 de la mise en \u0153uvre de la clause r\u00e9solutoire contractuelle. Il a relev\u00e9 qu\u2019un commandement de payer avait \u00e9t\u00e9 r\u00e9guli\u00e8rement signifi\u00e9 et \u00e9tait demeur\u00e9 infructueux dans le d\u00e9lai imparti. D\u00e8s lors, il a constat\u00e9 que &#8220;les conditions d\u2019acquisition de la clause r\u00e9solutoire sont r\u00e9unies \u00e0 la date du 24 septembre 2024&#8221; et que &#8220;la r\u00e9siliation du bail est intervenue de plein droit \u00e0 cette date&#8221;. Cette analyse rappelle que la r\u00e9solution de plein droit n\u2019est effective qu\u2019apr\u00e8s le respect d\u2019une proc\u00e9dure l\u00e9gale protectrice. La Cour d\u2019appel de Rouen a adopt\u00e9 une logique similaire en constatant l\u2019acquisition d\u2019une clause r\u00e9solutoire apr\u00e8s un d\u00e9faut de paiement persistant. &#8220;Aucun paiement n&#8217;\u00e9tant intervenu, les conditions d&#8217;acquisition de la clause r\u00e9solutoire \u00e9taient r\u00e9unies&#8221; (Cour d&#8217;appel de Rouen, le 5 juin 2025, n\u00b024\/03478). La d\u00e9cision comment\u00e9e confirme ainsi la rigueur proc\u00e9durale exig\u00e9e pour l\u2019application des clauses r\u00e9solutoires en droit des baux.<\/p>\n<p>La pr\u00e9vention des expulsions par l\u2019octroi de d\u00e9lais et la suspension de la r\u00e9siliation<\/p>\n<p>Le juge a ensuite fait application des dispositions protectrices issues de la loi du 27 juillet 2023. Sur le fondement de l\u2019article 24-V de la loi de 1989, il a accord\u00e9 des d\u00e9lais de paiement \u00e9tal\u00e9s sur trente-six mois. Il a retenu que le locataire &#8220;est en mesure de s&#8217;acquitter du montant du loyer et des charges courants et de verser en suppl\u00e9ment une somme mensuelle pour apurer la dette&#8221;. Il a \u00e9galement not\u00e9 qu\u2019il &#8220;a repris le paiement du loyer courant avant l\u2019audience&#8221;. Ces constatations sont conformes aux conditions l\u00e9gales, telles qu\u2019appliqu\u00e9es par d\u2019autres juridictions. Un tribunal judiciaire a ainsi accord\u00e9 des d\u00e9lais apr\u00e8s avoir v\u00e9rifi\u00e9 que le locataire &#8220;est en mesure de s&#8217;acquitter du montant du loyer et des charges courants et de verser en sus une somme mensuelle pour apurer la dette&#8221; (Tribunal judiciaire, le 13 novembre 2025, n\u00b025\/00775). L\u2019innovation majeure r\u00e9side dans la suspension des effets de la clause r\u00e9solutoire. En application de l\u2019article 24-VII, le juge a d\u00e9cid\u00e9 que &#8220;pendant le cours des d\u00e9lais pr\u00e9c\u00e9demment accord\u00e9s, les effets de la clause r\u00e9solutoire seront suspendus&#8221;. Cette suspension est conditionn\u00e9e au respect scrupuleux des \u00e9ch\u00e9ances et prendrait fin d\u00e8s le premier impay\u00e9. Ce dispositif cr\u00e9e une p\u00e9riode de probation, offrant au locataire une ultime chance de conserver son logement s\u2019il se lib\u00e8re de sa dette.<\/p>\n<p>Cette d\u00e9cision illustre l\u2019\u00e9volution du contentieux locatif vers une recherche d\u2019\u00e9quilibre. Elle sanctionne avec fermet\u00e9 les manquements contractuels en constatant la r\u00e9siliation de plein droit. Simultan\u00e9ment, elle mobilise pleinement les outils l\u00e9gislatifs r\u00e9cents pour pr\u00e9venir l\u2019expulsion. Le juge op\u00e8re ainsi une conciliation in concreto entre le droit du cr\u00e9ancier au paiement et la protection du d\u00e9biteur de bonne foi. La suspension conditionnelle de la r\u00e9siliation constitue un m\u00e9canisme ing\u00e9nieux, transformant une d\u00e9cision d\u2019expulsion en une mesure de redressement. Cette approche favorise le maintien dans les lieux tout en garantissant au bailleur le recouvrement de sa cr\u00e9ance, sous le contr\u00f4le vigilant de l\u2019autorit\u00e9 judiciaire.<\/p>\n<\/div>\n","protected":false},"excerpt":{"rendered":"<p>Le juge des contentieux de la protection, statuant par jugement contradictoire, a rendu une d\u00e9cision complexe en mati\u00e8re de baux d\u2019habitation. Saisi d\u2019une de&#8230;<\/p>\n","protected":false},"author":232070755,"featured_media":9498,"comment_status":"open","ping_status":"open","sticky":false,"template":"","format":"standard","meta":{"_crdt_document":"","_jetpack_newsletter_access":"","_jetpack_dont_email_post_to_subs":false,"_jetpack_newsletter_tier_id":0,"_jetpack_memberships_contains_paywalled_content":false,"_jetpack_memberships_contains_paid_content":false,"footnotes":"","jetpack_post_was_ever_published":false},"categories":[7597],"tags":[],"class_list":["post-661348","post","type-post","status-publish","format-standard","has-post-thumbnail","hentry","category-jurisprudence"],"yoast_head":"<!-- This site is optimized with the Yoast SEO Premium plugin v27.4 (Yoast SEO v27.4) - https:\/\/yoast.com\/product\/yoast-seo-premium-wordpress\/ -->\n<title>Tribunal judiciaire de \u00c9vry, le 25 septembre 2025, n\u00b025\/00899 - Ma\u00eetre Hassan Kohen, avocat en droit p\u00e9nal \u00e0 Paris<\/title>\n<meta name=\"description\" content=\"Le juge des contentieux de la protection, statuant par jugement contradictoire, a rendu une d\u00e9cision complexe en mati\u00e8re de baux d\u2019habitation. Saisi d\u2019une de...\" \/>\n<meta name=\"robots\" content=\"index, follow, max-snippet:-1, max-image-preview:large, max-video-preview:-1\" \/>\n<link rel=\"canonical\" href=\"https:\/\/kohenavocats.com\/zh-hans\/tribunal-judiciaire-de-evry-le-25-septembre-2025-n25-00899\/\" \/>\n<meta property=\"og:locale\" content=\"zh_CN\" \/>\n<meta property=\"og:type\" content=\"article\" \/>\n<meta property=\"og:title\" content=\"Tribunal judiciaire de \u00c9vry, le 25 septembre 2025, n\u00b025\/00899\" \/>\n<meta property=\"og:description\" content=\"Le juge des contentieux de la protection, statuant par jugement contradictoire, a rendu une d\u00e9cision complexe en mati\u00e8re de baux d\u2019habitation. Saisi d\u2019une de...\" \/>\n<meta property=\"og:url\" content=\"https:\/\/kohenavocats.com\/zh-hans\/tribunal-judiciaire-de-evry-le-25-septembre-2025-n25-00899\/\" \/>\n<meta property=\"og:site_name\" content=\"Ma\u00eetre Hassan Kohen, avocat en droit p\u00e9nal \u00e0 Paris\" \/>\n<meta property=\"article:published_time\" content=\"2026-04-23T15:06:43+00:00\" \/>\n<meta property=\"og:image\" content=\"https:\/\/kohenavocats.com\/wp-content\/uploads\/2024\/11\/steve-johnson-Zc8yTDRagWY-unsplash.webp\" \/>\n\t<meta property=\"og:image:width\" content=\"3564\" \/>\n\t<meta property=\"og:image:height\" content=\"6336\" \/>\n\t<meta property=\"og:image:type\" content=\"image\/webp\" \/>\n<meta name=\"author\" content=\"Kohen\" \/>\n<meta name=\"twitter:card\" content=\"summary_large_image\" \/>\n<meta name=\"twitter:label1\" content=\"\u4f5c\u8005\" \/>\n\t<meta name=\"twitter:data1\" content=\"Kohen\" \/>\n\t<meta name=\"twitter:label2\" content=\"\u9884\u8ba1\u9605\u8bfb\u65f6\u95f4\" \/>\n\t<meta name=\"twitter:data2\" content=\"4 \u5206\" \/>\n<script type=\"application\/ld+json\" class=\"yoast-schema-graph\">{\"@context\":\"https:\\\/\\\/schema.org\",\"@graph\":[{\"@type\":\"Article\",\"@id\":\"https:\\\/\\\/kohenavocats.com\\\/zh-hans\\\/tribunal-judiciaire-de-evry-le-25-septembre-2025-n25-00899\\\/#article\",\"isPartOf\":{\"@id\":\"https:\\\/\\\/kohenavocats.com\\\/zh-hans\\\/tribunal-judiciaire-de-evry-le-25-septembre-2025-n25-00899\\\/\"},\"author\":{\"name\":\"Kohen\",\"@id\":\"https:\\\/\\\/kohenavocats.com\\\/zh-hans\\\/#\\\/schema\\\/person\\\/761c9ba54fa1ca84d405cef0831ff751\"},\"headline\":\"Tribunal judiciaire de \u00c9vry, le 25 septembre 2025, n\u00b025\\\/00899\",\"datePublished\":\"2026-04-23T15:06:43+00:00\",\"mainEntityOfPage\":{\"@id\":\"https:\\\/\\\/kohenavocats.com\\\/zh-hans\\\/tribunal-judiciaire-de-evry-le-25-septembre-2025-n25-00899\\\/\"},\"wordCount\":740,\"commentCount\":0,\"publisher\":{\"@id\":\"https:\\\/\\\/kohenavocats.com\\\/zh-hans\\\/#organization\"},\"image\":{\"@id\":\"https:\\\/\\\/kohenavocats.com\\\/zh-hans\\\/tribunal-judiciaire-de-evry-le-25-septembre-2025-n25-00899\\\/#primaryimage\"},\"thumbnailUrl\":\"https:\\\/\\\/kohenavocats.com\\\/wp-content\\\/uploads\\\/2024\\\/11\\\/steve-johnson-Zc8yTDRagWY-unsplash.webp\",\"articleSection\":[\"Jurisprudence\"],\"inLanguage\":\"zh-Hans\",\"potentialAction\":[{\"@type\":\"CommentAction\",\"name\":\"Comment\",\"target\":[\"https:\\\/\\\/kohenavocats.com\\\/zh-hans\\\/tribunal-judiciaire-de-evry-le-25-septembre-2025-n25-00899\\\/#respond\"]}],\"citation\":\"Tribunal judiciaire de \u00c9vry, le 25 septembre 2025, n\u00b025\\\/00899\",\"about\":[{\"@type\":\"Thing\",\"name\":\"Jurisprudence\"}],\"dateModified\":\"2026-04-23T15:06:43+00:00\",\"speakable\":{\"@type\":\"SpeakableSpecification\",\"cssSelector\":[\".article-content > p:first-of-type\"]}},{\"@type\":\"WebPage\",\"@id\":\"https:\\\/\\\/kohenavocats.com\\\/zh-hans\\\/tribunal-judiciaire-de-evry-le-25-septembre-2025-n25-00899\\\/\",\"url\":\"https:\\\/\\\/kohenavocats.com\\\/zh-hans\\\/tribunal-judiciaire-de-evry-le-25-septembre-2025-n25-00899\\\/\",\"name\":\"Tribunal judiciaire de \u00c9vry, le 25 septembre 2025, n\u00b025\\\/00899 - Ma\u00eetre Hassan Kohen, avocat en droit p\u00e9nal \u00e0 Paris\",\"isPartOf\":{\"@id\":\"https:\\\/\\\/kohenavocats.com\\\/zh-hans\\\/#website\"},\"primaryImageOfPage\":{\"@id\":\"https:\\\/\\\/kohenavocats.com\\\/zh-hans\\\/tribunal-judiciaire-de-evry-le-25-septembre-2025-n25-00899\\\/#primaryimage\"},\"image\":{\"@id\":\"https:\\\/\\\/kohenavocats.com\\\/zh-hans\\\/tribunal-judiciaire-de-evry-le-25-septembre-2025-n25-00899\\\/#primaryimage\"},\"thumbnailUrl\":\"https:\\\/\\\/kohenavocats.com\\\/wp-content\\\/uploads\\\/2024\\\/11\\\/steve-johnson-Zc8yTDRagWY-unsplash.webp\",\"datePublished\":\"2026-04-23T15:06:43+00:00\",\"description\":\"Le juge des contentieux de la protection, statuant par jugement contradictoire, a rendu une d\u00e9cision complexe en mati\u00e8re de baux d\u2019habitation. Saisi d\u2019une de...\",\"breadcrumb\":{\"@id\":\"https:\\\/\\\/kohenavocats.com\\\/zh-hans\\\/tribunal-judiciaire-de-evry-le-25-septembre-2025-n25-00899\\\/#breadcrumb\"},\"inLanguage\":\"zh-Hans\",\"potentialAction\":[{\"@type\":\"ReadAction\",\"target\":[\"https:\\\/\\\/kohenavocats.com\\\/zh-hans\\\/tribunal-judiciaire-de-evry-le-25-septembre-2025-n25-00899\\\/\"]}]},{\"@type\":\"ImageObject\",\"inLanguage\":\"zh-Hans\",\"@id\":\"https:\\\/\\\/kohenavocats.com\\\/zh-hans\\\/tribunal-judiciaire-de-evry-le-25-septembre-2025-n25-00899\\\/#primaryimage\",\"url\":\"https:\\\/\\\/kohenavocats.com\\\/wp-content\\\/uploads\\\/2024\\\/11\\\/steve-johnson-Zc8yTDRagWY-unsplash.webp\",\"contentUrl\":\"https:\\\/\\\/kohenavocats.com\\\/wp-content\\\/uploads\\\/2024\\\/11\\\/steve-johnson-Zc8yTDRagWY-unsplash.webp\",\"width\":3564,\"height\":6336},{\"@type\":\"BreadcrumbList\",\"@id\":\"https:\\\/\\\/kohenavocats.com\\\/zh-hans\\\/tribunal-judiciaire-de-evry-le-25-septembre-2025-n25-00899\\\/#breadcrumb\",\"itemListElement\":[{\"@type\":\"ListItem\",\"position\":1,\"name\":\"Home\",\"item\":\"https:\\\/\\\/kohenavocats.com\\\/zh-hans\\\/\"},{\"@type\":\"ListItem\",\"position\":2,\"name\":\"Tribunal judiciaire de \u00c9vry, le 25 septembre 2025, n\u00b025\\\/00899\"}]},{\"@type\":\"WebSite\",\"@id\":\"https:\\\/\\\/kohenavocats.com\\\/zh-hans\\\/#website\",\"url\":\"https:\\\/\\\/kohenavocats.com\\\/zh-hans\\\/\",\"name\":\"Kohen Avocats\",\"description\":\"Ma\u00eetre Hassan Kohen, avocat p\u00e9naliste \u00e0 Paris, intervient exclusivement en droit p\u00e9nal pour la d\u00e9fense des particuliers, notamment en mati\u00e8re d\u2019accusations de viol. Il assure un accompagnement rigoureux d\u00e8s la garde \u00e0 vue jusqu\u2019\u00e0 la Cour d\u2019assises, veillant au strict respect des garanties proc\u00e9durales.\",\"publisher\":{\"@id\":\"https:\\\/\\\/kohenavocats.com\\\/zh-hans\\\/#organization\"},\"potentialAction\":[{\"@type\":\"SearchAction\",\"target\":{\"@type\":\"EntryPoint\",\"urlTemplate\":\"https:\\\/\\\/kohenavocats.com\\\/zh-hans\\\/?s={search_term_string}\"},\"query-input\":{\"@type\":\"PropertyValueSpecification\",\"valueRequired\":true,\"valueName\":\"search_term_string\"}}],\"inLanguage\":\"zh-Hans\"},{\"@type\":\"Organization\",\"@id\":\"https:\\\/\\\/kohenavocats.com\\\/zh-hans\\\/#organization\",\"name\":\"Kohen Avocats\",\"url\":\"https:\\\/\\\/kohenavocats.com\\\/zh-hans\\\/\",\"logo\":{\"@type\":\"ImageObject\",\"inLanguage\":\"zh-Hans\",\"@id\":\"https:\\\/\\\/kohenavocats.com\\\/zh-hans\\\/#\\\/schema\\\/logo\\\/image\\\/\",\"url\":\"https:\\\/\\\/kohenavocats.com\\\/wp-content\\\/uploads\\\/2026\\\/01\\\/Logo-2-1.webp\",\"contentUrl\":\"https:\\\/\\\/kohenavocats.com\\\/wp-content\\\/uploads\\\/2026\\\/01\\\/Logo-2-1.webp\",\"width\":2114,\"height\":1253,\"caption\":\"Kohen Avocats\"},\"image\":{\"@id\":\"https:\\\/\\\/kohenavocats.com\\\/zh-hans\\\/#\\\/schema\\\/logo\\\/image\\\/\"}},{\"@type\":\"Person\",\"@id\":\"https:\\\/\\\/kohenavocats.com\\\/zh-hans\\\/#\\\/schema\\\/person\\\/761c9ba54fa1ca84d405cef0831ff751\",\"name\":\"Kohen\",\"image\":{\"@type\":\"ImageObject\",\"inLanguage\":\"zh-Hans\",\"@id\":\"https:\\\/\\\/secure.gravatar.com\\\/avatar\\\/1c5e76ef76bbbfdd2b4da984e2bf2fa4056fd51a27d25ce2c332047f1dfd6e00?s=96&d=identicon&r=g\",\"url\":\"https:\\\/\\\/secure.gravatar.com\\\/avatar\\\/1c5e76ef76bbbfdd2b4da984e2bf2fa4056fd51a27d25ce2c332047f1dfd6e00?s=96&d=identicon&r=g\",\"contentUrl\":\"https:\\\/\\\/secure.gravatar.com\\\/avatar\\\/1c5e76ef76bbbfdd2b4da984e2bf2fa4056fd51a27d25ce2c332047f1dfd6e00?s=96&d=identicon&r=g\",\"caption\":\"Kohen\"},\"sameAs\":[\"https:\\\/\\\/www.linkedin.com\\\/in\\\/hassan-kohen-448548192\\\/\",\"https:\\\/\\\/www.youtube.com\\\/@Kohen-Avocats\"],\"url\":\"https:\\\/\\\/kohenavocats.com\\\/zh-hans\\\/author\\\/kohenmlk\\\/\"}]}<\/script>\n<!-- \/ Yoast SEO Premium plugin. -->","yoast_head_json":{"title":"Tribunal judiciaire de \u00c9vry, le 25 septembre 2025, n\u00b025\/00899 - Ma\u00eetre Hassan Kohen, avocat en droit p\u00e9nal \u00e0 Paris","description":"Le juge des contentieux de la protection, statuant par jugement contradictoire, a rendu une d\u00e9cision complexe en mati\u00e8re de baux d\u2019habitation. Saisi d\u2019une de...","robots":{"index":"index","follow":"follow","max-snippet":"max-snippet:-1","max-image-preview":"max-image-preview:large","max-video-preview":"max-video-preview:-1"},"canonical":"https:\/\/kohenavocats.com\/zh-hans\/tribunal-judiciaire-de-evry-le-25-septembre-2025-n25-00899\/","og_locale":"zh_CN","og_type":"article","og_title":"Tribunal judiciaire de \u00c9vry, le 25 septembre 2025, n\u00b025\/00899","og_description":"Le juge des contentieux de la protection, statuant par jugement contradictoire, a rendu une d\u00e9cision complexe en mati\u00e8re de baux d\u2019habitation. Saisi d\u2019une de...","og_url":"https:\/\/kohenavocats.com\/zh-hans\/tribunal-judiciaire-de-evry-le-25-septembre-2025-n25-00899\/","og_site_name":"Ma\u00eetre Hassan Kohen, avocat en droit p\u00e9nal \u00e0 Paris","article_published_time":"2026-04-23T15:06:43+00:00","og_image":[{"width":3564,"height":6336,"url":"https:\/\/kohenavocats.com\/wp-content\/uploads\/2024\/11\/steve-johnson-Zc8yTDRagWY-unsplash.webp","type":"image\/webp"}],"author":"Kohen","twitter_card":"summary_large_image","twitter_misc":{"\u4f5c\u8005":"Kohen","\u9884\u8ba1\u9605\u8bfb\u65f6\u95f4":"4 \u5206"},"schema":{"@context":"https:\/\/schema.org","@graph":[{"@type":"Article","@id":"https:\/\/kohenavocats.com\/zh-hans\/tribunal-judiciaire-de-evry-le-25-septembre-2025-n25-00899\/#article","isPartOf":{"@id":"https:\/\/kohenavocats.com\/zh-hans\/tribunal-judiciaire-de-evry-le-25-septembre-2025-n25-00899\/"},"author":{"name":"Kohen","@id":"https:\/\/kohenavocats.com\/zh-hans\/#\/schema\/person\/761c9ba54fa1ca84d405cef0831ff751"},"headline":"Tribunal judiciaire de \u00c9vry, le 25 septembre 2025, n\u00b025\/00899","datePublished":"2026-04-23T15:06:43+00:00","mainEntityOfPage":{"@id":"https:\/\/kohenavocats.com\/zh-hans\/tribunal-judiciaire-de-evry-le-25-septembre-2025-n25-00899\/"},"wordCount":740,"commentCount":0,"publisher":{"@id":"https:\/\/kohenavocats.com\/zh-hans\/#organization"},"image":{"@id":"https:\/\/kohenavocats.com\/zh-hans\/tribunal-judiciaire-de-evry-le-25-septembre-2025-n25-00899\/#primaryimage"},"thumbnailUrl":"https:\/\/kohenavocats.com\/wp-content\/uploads\/2024\/11\/steve-johnson-Zc8yTDRagWY-unsplash.webp","articleSection":["Jurisprudence"],"inLanguage":"zh-Hans","potentialAction":[{"@type":"CommentAction","name":"Comment","target":["https:\/\/kohenavocats.com\/zh-hans\/tribunal-judiciaire-de-evry-le-25-septembre-2025-n25-00899\/#respond"]}],"citation":"Tribunal judiciaire de \u00c9vry, le 25 septembre 2025, n\u00b025\/00899","about":[{"@type":"Thing","name":"Jurisprudence"}],"dateModified":"2026-04-23T15:06:43+00:00","speakable":{"@type":"SpeakableSpecification","cssSelector":[".article-content > p:first-of-type"]}},{"@type":"WebPage","@id":"https:\/\/kohenavocats.com\/zh-hans\/tribunal-judiciaire-de-evry-le-25-septembre-2025-n25-00899\/","url":"https:\/\/kohenavocats.com\/zh-hans\/tribunal-judiciaire-de-evry-le-25-septembre-2025-n25-00899\/","name":"Tribunal judiciaire de \u00c9vry, le 25 septembre 2025, n\u00b025\/00899 - Ma\u00eetre Hassan Kohen, avocat en droit p\u00e9nal \u00e0 Paris","isPartOf":{"@id":"https:\/\/kohenavocats.com\/zh-hans\/#website"},"primaryImageOfPage":{"@id":"https:\/\/kohenavocats.com\/zh-hans\/tribunal-judiciaire-de-evry-le-25-septembre-2025-n25-00899\/#primaryimage"},"image":{"@id":"https:\/\/kohenavocats.com\/zh-hans\/tribunal-judiciaire-de-evry-le-25-septembre-2025-n25-00899\/#primaryimage"},"thumbnailUrl":"https:\/\/kohenavocats.com\/wp-content\/uploads\/2024\/11\/steve-johnson-Zc8yTDRagWY-unsplash.webp","datePublished":"2026-04-23T15:06:43+00:00","description":"Le juge des contentieux de la protection, statuant par jugement contradictoire, a rendu une d\u00e9cision complexe en mati\u00e8re de baux d\u2019habitation. Saisi d\u2019une de...","breadcrumb":{"@id":"https:\/\/kohenavocats.com\/zh-hans\/tribunal-judiciaire-de-evry-le-25-septembre-2025-n25-00899\/#breadcrumb"},"inLanguage":"zh-Hans","potentialAction":[{"@type":"ReadAction","target":["https:\/\/kohenavocats.com\/zh-hans\/tribunal-judiciaire-de-evry-le-25-septembre-2025-n25-00899\/"]}]},{"@type":"ImageObject","inLanguage":"zh-Hans","@id":"https:\/\/kohenavocats.com\/zh-hans\/tribunal-judiciaire-de-evry-le-25-septembre-2025-n25-00899\/#primaryimage","url":"https:\/\/kohenavocats.com\/wp-content\/uploads\/2024\/11\/steve-johnson-Zc8yTDRagWY-unsplash.webp","contentUrl":"https:\/\/kohenavocats.com\/wp-content\/uploads\/2024\/11\/steve-johnson-Zc8yTDRagWY-unsplash.webp","width":3564,"height":6336},{"@type":"BreadcrumbList","@id":"https:\/\/kohenavocats.com\/zh-hans\/tribunal-judiciaire-de-evry-le-25-septembre-2025-n25-00899\/#breadcrumb","itemListElement":[{"@type":"ListItem","position":1,"name":"Home","item":"https:\/\/kohenavocats.com\/zh-hans\/"},{"@type":"ListItem","position":2,"name":"Tribunal judiciaire de \u00c9vry, le 25 septembre 2025, n\u00b025\/00899"}]},{"@type":"WebSite","@id":"https:\/\/kohenavocats.com\/zh-hans\/#website","url":"https:\/\/kohenavocats.com\/zh-hans\/","name":"Kohen Avocats","description":"Ma\u00eetre Hassan Kohen, avocat p\u00e9naliste \u00e0 Paris, intervient exclusivement en droit p\u00e9nal pour la d\u00e9fense des particuliers, notamment en mati\u00e8re d\u2019accusations de viol. Il assure un accompagnement rigoureux d\u00e8s la garde \u00e0 vue jusqu\u2019\u00e0 la Cour d\u2019assises, veillant au strict respect des garanties proc\u00e9durales.","publisher":{"@id":"https:\/\/kohenavocats.com\/zh-hans\/#organization"},"potentialAction":[{"@type":"SearchAction","target":{"@type":"EntryPoint","urlTemplate":"https:\/\/kohenavocats.com\/zh-hans\/?s={search_term_string}"},"query-input":{"@type":"PropertyValueSpecification","valueRequired":true,"valueName":"search_term_string"}}],"inLanguage":"zh-Hans"},{"@type":"Organization","@id":"https:\/\/kohenavocats.com\/zh-hans\/#organization","name":"Kohen Avocats","url":"https:\/\/kohenavocats.com\/zh-hans\/","logo":{"@type":"ImageObject","inLanguage":"zh-Hans","@id":"https:\/\/kohenavocats.com\/zh-hans\/#\/schema\/logo\/image\/","url":"https:\/\/kohenavocats.com\/wp-content\/uploads\/2026\/01\/Logo-2-1.webp","contentUrl":"https:\/\/kohenavocats.com\/wp-content\/uploads\/2026\/01\/Logo-2-1.webp","width":2114,"height":1253,"caption":"Kohen Avocats"},"image":{"@id":"https:\/\/kohenavocats.com\/zh-hans\/#\/schema\/logo\/image\/"}},{"@type":"Person","@id":"https:\/\/kohenavocats.com\/zh-hans\/#\/schema\/person\/761c9ba54fa1ca84d405cef0831ff751","name":"Kohen","image":{"@type":"ImageObject","inLanguage":"zh-Hans","@id":"https:\/\/secure.gravatar.com\/avatar\/1c5e76ef76bbbfdd2b4da984e2bf2fa4056fd51a27d25ce2c332047f1dfd6e00?s=96&d=identicon&r=g","url":"https:\/\/secure.gravatar.com\/avatar\/1c5e76ef76bbbfdd2b4da984e2bf2fa4056fd51a27d25ce2c332047f1dfd6e00?s=96&d=identicon&r=g","contentUrl":"https:\/\/secure.gravatar.com\/avatar\/1c5e76ef76bbbfdd2b4da984e2bf2fa4056fd51a27d25ce2c332047f1dfd6e00?s=96&d=identicon&r=g","caption":"Kohen"},"sameAs":["https:\/\/www.linkedin.com\/in\/hassan-kohen-448548192\/","https:\/\/www.youtube.com\/@Kohen-Avocats"],"url":"https:\/\/kohenavocats.com\/zh-hans\/author\/kohenmlk\/"}]}},"jetpack_featured_media_url":"https:\/\/kohenavocats.com\/wp-content\/uploads\/2024\/11\/steve-johnson-Zc8yTDRagWY-unsplash.webp","jetpack_likes_enabled":false,"jetpack_shortlink":"https:\/\/wp.me\/peCrII-2M2U","jetpack-related-posts":[{"id":467215,"url":"https:\/\/kohenavocats.com\/zh-hans\/tribunal-judiciaire-de-caen-2025-12-05-n25-01797\/","url_meta":{"origin":661348,"position":0},"title":"Tribunal judiciaire de Caen &#8211; 2025-12-05 &#8211; n\u00b025\/01797","author":"Kohen","date":"2026\u5e744\u67087\u65e5","format":false,"excerpt":"Le juge des contentieux de la protection, statuant\u2026","rel":"","context":"\u5728\u201cJurisprudence\u201d\u4e2d","block_context":{"text":"Jurisprudence","link":"https:\/\/kohenavocats.com\/category\/jurisprudence\/"},"img":{"alt_text":"","src":"https:\/\/i0.wp.com\/kohenavocats.com\/wp-content\/uploads\/2024\/08\/stephanie-leblanc-5dZBzZxISXE-unsplash.webp?resize=350%2C200&ssl=1","width":350,"height":200,"srcset":"https:\/\/i0.wp.com\/kohenavocats.com\/wp-content\/uploads\/2024\/08\/stephanie-leblanc-5dZBzZxISXE-unsplash.webp?resize=350%2C200&ssl=1 1x, https:\/\/i0.wp.com\/kohenavocats.com\/wp-content\/uploads\/2024\/08\/stephanie-leblanc-5dZBzZxISXE-unsplash.webp?resize=525%2C300&ssl=1 1.5x, https:\/\/i0.wp.com\/kohenavocats.com\/wp-content\/uploads\/2024\/08\/stephanie-leblanc-5dZBzZxISXE-unsplash.webp?resize=700%2C400&ssl=1 2x, https:\/\/i0.wp.com\/kohenavocats.com\/wp-content\/uploads\/2024\/08\/stephanie-leblanc-5dZBzZxISXE-unsplash.webp?resize=1050%2C600&ssl=1 3x, https:\/\/i0.wp.com\/kohenavocats.com\/wp-content\/uploads\/2024\/08\/stephanie-leblanc-5dZBzZxISXE-unsplash.webp?resize=1400%2C800&ssl=1 4x"},"classes":[]},{"id":648164,"url":"https:\/\/kohenavocats.com\/zh-hans\/tribunal-judiciaire-de-lyon-le-3-octobre-2025-n25-02067\/","url_meta":{"origin":661348,"position":1},"title":"Tribunal judiciaire de Lyon, le 3 octobre 2025, n\u00b025\/02067","author":"Kohen","date":"2026\u5e744\u670822\u65e5","format":false,"excerpt":"Le juge des contentieux et de la protection, statu\u2026","rel":"","context":"\u5728\u201cJurisprudence\u201d\u4e2d","block_context":{"text":"Jurisprudence","link":"https:\/\/kohenavocats.com\/category\/jurisprudence\/"},"img":{"alt_text":"","src":"https:\/\/i0.wp.com\/kohenavocats.com\/wp-content\/uploads\/2024\/11\/85gb-photo-DKP0bwBFP9I-unsplash.webp?resize=350%2C200&ssl=1","width":350,"height":200,"srcset":"https:\/\/i0.wp.com\/kohenavocats.com\/wp-content\/uploads\/2024\/11\/85gb-photo-DKP0bwBFP9I-unsplash.webp?resize=350%2C200&ssl=1 1x, https:\/\/i0.wp.com\/kohenavocats.com\/wp-content\/uploads\/2024\/11\/85gb-photo-DKP0bwBFP9I-unsplash.webp?resize=525%2C300&ssl=1 1.5x, https:\/\/i0.wp.com\/kohenavocats.com\/wp-content\/uploads\/2024\/11\/85gb-photo-DKP0bwBFP9I-unsplash.webp?resize=700%2C400&ssl=1 2x, https:\/\/i0.wp.com\/kohenavocats.com\/wp-content\/uploads\/2024\/11\/85gb-photo-DKP0bwBFP9I-unsplash.webp?resize=1050%2C600&ssl=1 3x, https:\/\/i0.wp.com\/kohenavocats.com\/wp-content\/uploads\/2024\/11\/85gb-photo-DKP0bwBFP9I-unsplash.webp?resize=1400%2C800&ssl=1 4x"},"classes":[]},{"id":667748,"url":"https:\/\/kohenavocats.com\/zh-hans\/cour-dappel-de-paris-le-10-juillet-2024-n24-00284\/","url_meta":{"origin":661348,"position":2},"title":"Cour d&#8217;appel de Paris, le 10 juillet 2024, n\u00b024\/00284","author":"Kohen","date":"2026\u5e744\u670824\u65e5","format":false,"excerpt":"La Cour d'appel de Paris, dans un arr\u00eat du 10 juil\u2026","rel":"","context":"\u5728\u201cJurisprudence\u201d\u4e2d","block_context":{"text":"Jurisprudence","link":"https:\/\/kohenavocats.com\/category\/jurisprudence\/"},"img":{"alt_text":"","src":"https:\/\/i0.wp.com\/kohenavocats.com\/wp-content\/uploads\/2024\/11\/and-machines-W9sXFAZVTMY-unsplash.webp?resize=350%2C200&ssl=1","width":350,"height":200,"srcset":"https:\/\/i0.wp.com\/kohenavocats.com\/wp-content\/uploads\/2024\/11\/and-machines-W9sXFAZVTMY-unsplash.webp?resize=350%2C200&ssl=1 1x, https:\/\/i0.wp.com\/kohenavocats.com\/wp-content\/uploads\/2024\/11\/and-machines-W9sXFAZVTMY-unsplash.webp?resize=525%2C300&ssl=1 1.5x, https:\/\/i0.wp.com\/kohenavocats.com\/wp-content\/uploads\/2024\/11\/and-machines-W9sXFAZVTMY-unsplash.webp?resize=700%2C400&ssl=1 2x, https:\/\/i0.wp.com\/kohenavocats.com\/wp-content\/uploads\/2024\/11\/and-machines-W9sXFAZVTMY-unsplash.webp?resize=1050%2C600&ssl=1 3x, https:\/\/i0.wp.com\/kohenavocats.com\/wp-content\/uploads\/2024\/11\/and-machines-W9sXFAZVTMY-unsplash.webp?resize=1400%2C800&ssl=1 4x"},"classes":[]},{"id":483231,"url":"https:\/\/kohenavocats.com\/zh-hans\/tribunal-judiciaire-de-pontoise-le-21-novembre-2025-n25-00579\/","url_meta":{"origin":661348,"position":3},"title":"Tribunal judiciaire de Pontoise, le 21 novembre 2025, n\u00b025\/00579","author":"Kohen","date":"2026\u5e744\u67088\u65e5","format":false,"excerpt":"Le juge du contentieux et de la protection, par ju\u2026","rel":"","context":"\u5728\u201cJurisprudence\u201d\u4e2d","block_context":{"text":"Jurisprudence","link":"https:\/\/kohenavocats.com\/category\/jurisprudence\/"},"img":{"alt_text":"","src":"https:\/\/i0.wp.com\/kohenavocats.com\/wp-content\/uploads\/2024\/08\/nathan-cima-Oo1B6DhVtBo-unsplash.webp?resize=350%2C200&ssl=1","width":350,"height":200,"srcset":"https:\/\/i0.wp.com\/kohenavocats.com\/wp-content\/uploads\/2024\/08\/nathan-cima-Oo1B6DhVtBo-unsplash.webp?resize=350%2C200&ssl=1 1x, https:\/\/i0.wp.com\/kohenavocats.com\/wp-content\/uploads\/2024\/08\/nathan-cima-Oo1B6DhVtBo-unsplash.webp?resize=525%2C300&ssl=1 1.5x, https:\/\/i0.wp.com\/kohenavocats.com\/wp-content\/uploads\/2024\/08\/nathan-cima-Oo1B6DhVtBo-unsplash.webp?resize=700%2C400&ssl=1 2x, https:\/\/i0.wp.com\/kohenavocats.com\/wp-content\/uploads\/2024\/08\/nathan-cima-Oo1B6DhVtBo-unsplash.webp?resize=1050%2C600&ssl=1 3x, https:\/\/i0.wp.com\/kohenavocats.com\/wp-content\/uploads\/2024\/08\/nathan-cima-Oo1B6DhVtBo-unsplash.webp?resize=1400%2C800&ssl=1 4x"},"classes":[]},{"id":606635,"url":"https:\/\/kohenavocats.com\/zh-hans\/tribunal-judiciaire-de-bordeaux-le-12-septembre-2025-n25-01170\/","url_meta":{"origin":661348,"position":4},"title":"Tribunal judiciaire de Bordeaux, le 12 septembre 2025, n\u00b025\/01170","author":"Kohen","date":"2026\u5e744\u670819\u65e5","format":false,"excerpt":"Le juge des contentieux de la protection, statuant\u2026","rel":"","context":"\u5728\u201cJurisprudence\u201d\u4e2d","block_context":{"text":"Jurisprudence","link":"https:\/\/kohenavocats.com\/category\/jurisprudence\/"},"img":{"alt_text":"","src":"https:\/\/i0.wp.com\/kohenavocats.com\/wp-content\/uploads\/2024\/08\/luis-k-mPdxzDX68vU-unsplash.webp?resize=350%2C200&ssl=1","width":350,"height":200,"srcset":"https:\/\/i0.wp.com\/kohenavocats.com\/wp-content\/uploads\/2024\/08\/luis-k-mPdxzDX68vU-unsplash.webp?resize=350%2C200&ssl=1 1x, https:\/\/i0.wp.com\/kohenavocats.com\/wp-content\/uploads\/2024\/08\/luis-k-mPdxzDX68vU-unsplash.webp?resize=525%2C300&ssl=1 1.5x, https:\/\/i0.wp.com\/kohenavocats.com\/wp-content\/uploads\/2024\/08\/luis-k-mPdxzDX68vU-unsplash.webp?resize=700%2C400&ssl=1 2x, https:\/\/i0.wp.com\/kohenavocats.com\/wp-content\/uploads\/2024\/08\/luis-k-mPdxzDX68vU-unsplash.webp?resize=1050%2C600&ssl=1 3x, https:\/\/i0.wp.com\/kohenavocats.com\/wp-content\/uploads\/2024\/08\/luis-k-mPdxzDX68vU-unsplash.webp?resize=1400%2C800&ssl=1 4x"},"classes":[]},{"id":664467,"url":"https:\/\/kohenavocats.com\/zh-hans\/cour-dappel-de-versailles-le-25-janvier-2024-n24-10102\/","url_meta":{"origin":661348,"position":5},"title":"Cour d&#8217;appel de Versailles, le 25 janvier 2024, n\u00b024\/10102","author":"Kohen","date":"2026\u5e744\u670823\u65e5","format":false,"excerpt":"La Cour d'appel de Versailles, le 25 janvier 2024,\u2026","rel":"","context":"\u5728\u201cJurisprudence\u201d\u4e2d","block_context":{"text":"Jurisprudence","link":"https:\/\/kohenavocats.com\/category\/jurisprudence\/"},"img":{"alt_text":"","src":"https:\/\/i0.wp.com\/kohenavocats.com\/wp-content\/uploads\/2024\/07\/giammarco-boscaro-xLhKkk2tKkA-unsplash.webp?resize=350%2C200&ssl=1","width":350,"height":200,"srcset":"https:\/\/i0.wp.com\/kohenavocats.com\/wp-content\/uploads\/2024\/07\/giammarco-boscaro-xLhKkk2tKkA-unsplash.webp?resize=350%2C200&ssl=1 1x, https:\/\/i0.wp.com\/kohenavocats.com\/wp-content\/uploads\/2024\/07\/giammarco-boscaro-xLhKkk2tKkA-unsplash.webp?resize=525%2C300&ssl=1 1.5x, https:\/\/i0.wp.com\/kohenavocats.com\/wp-content\/uploads\/2024\/07\/giammarco-boscaro-xLhKkk2tKkA-unsplash.webp?resize=700%2C400&ssl=1 2x, https:\/\/i0.wp.com\/kohenavocats.com\/wp-content\/uploads\/2024\/07\/giammarco-boscaro-xLhKkk2tKkA-unsplash.webp?resize=1050%2C600&ssl=1 3x, https:\/\/i0.wp.com\/kohenavocats.com\/wp-content\/uploads\/2024\/07\/giammarco-boscaro-xLhKkk2tKkA-unsplash.webp?resize=1400%2C800&ssl=1 4x"},"classes":[]}],"jetpack_sharing_enabled":true,"_links":{"self":[{"href":"https:\/\/kohenavocats.com\/zh-hans\/wp-json\/wp\/v2\/posts\/661348","targetHints":{"allow":["GET"]}}],"collection":[{"href":"https:\/\/kohenavocats.com\/zh-hans\/wp-json\/wp\/v2\/posts"}],"about":[{"href":"https:\/\/kohenavocats.com\/zh-hans\/wp-json\/wp\/v2\/types\/post"}],"author":[{"embeddable":true,"href":"https:\/\/kohenavocats.com\/zh-hans\/wp-json\/wp\/v2\/users\/232070755"}],"replies":[{"embeddable":true,"href":"https:\/\/kohenavocats.com\/zh-hans\/wp-json\/wp\/v2\/comments?post=661348"}],"version-history":[{"count":0,"href":"https:\/\/kohenavocats.com\/zh-hans\/wp-json\/wp\/v2\/posts\/661348\/revisions"}],"wp:featuredmedia":[{"embeddable":true,"href":"https:\/\/kohenavocats.com\/zh-hans\/wp-json\/wp\/v2\/media\/9498"}],"wp:attachment":[{"href":"https:\/\/kohenavocats.com\/zh-hans\/wp-json\/wp\/v2\/media?parent=661348"}],"wp:term":[{"taxonomy":"category","embeddable":true,"href":"https:\/\/kohenavocats.com\/zh-hans\/wp-json\/wp\/v2\/categories?post=661348"},{"taxonomy":"post_tag","embeddable":true,"href":"https:\/\/kohenavocats.com\/zh-hans\/wp-json\/wp\/v2\/tags?post=661348"}],"curies":[{"name":"wp","href":"https:\/\/api.w.org\/{rel}","templated":true}]}}