{"id":661678,"date":"2026-04-23T17:54:27","date_gmt":"2026-04-23T15:54:27","guid":{"rendered":"https:\/\/kohenavocats.com\/cour-dappel-de-paris-le-25-septembre-2025-n23-11085\/"},"modified":"2026-04-23T17:54:27","modified_gmt":"2026-04-23T15:54:27","slug":"cour-dappel-de-paris-le-25-septembre-2025-n23-11085","status":"publish","type":"post","link":"https:\/\/kohenavocats.com\/zh-hans\/cour-dappel-de-paris-le-25-septembre-2025-n23-11085\/","title":{"rendered":"Cour d&#8217;appel de Paris, le 25 septembre 2025, n\u00b023\/11085"},"content":{"rendered":"<div class=\"article-content\">\n<p>La Cour d\u2019appel de Paris, dans un arr\u00eat du 25 septembre 2025, a examin\u00e9 les demandes d\u2019un client visant \u00e0 engager la responsabilit\u00e9 de son \u00e9tablissement bancaire et d\u2019un prestataire de paiement \u00e9tranger. Le requ\u00e9rant soutenait que ces institutions avaient manqu\u00e9 \u00e0 leurs obligations de vigilance apr\u00e8s des virements frauduleux qu\u2019il avait lui-m\u00eame ordonn\u00e9s. La juridiction a rejet\u00e9 l\u2019ensemble des pr\u00e9tentions, \u00e9cartant tout manquement aux r\u00e8gles de lutte contre le blanchiment et tout d\u00e9faut d\u2019ex\u00e9cution contractuelle. La solution affirme le caract\u00e8re d\u2019ordre public des obligations de vigilance et d\u00e9limite strictement la responsabilit\u00e9 des prestataires de paiement.<\/p>\n<p>La nature d\u2019ordre public des obligations de vigilance bancaire<\/p>\n<p>Les r\u00e8gles professionnelles de lutte contre le blanchiment ne fondent pas une action en responsabilit\u00e9 civile priv\u00e9e. La cour rappelle que les dispositions des articles L.561-1 et suivants du code mon\u00e9taire et financier &#8220;ont pour seul objet la protection de l&#8217;int\u00e9r\u00eat g\u00e9n\u00e9ral et ne peuvent donc fonder, \u00e0 les supposer viol\u00e9es, une dette de dommages-int\u00e9r\u00eats&#8221; (I. Sur le pr\u00e9tendu manquement au dispositif LCB\/FT). Leur finalit\u00e9 est la d\u00e9tection des transactions suspectes au b\u00e9n\u00e9fice des autorit\u00e9s publiques. Ces textes &#8220;ont en outre pour objet de mettre \u00e0 la charge de la banque une obligation de surveillance \u00e0 l&#8217;\u00e9gard de son client et non un devoir de protection \u00e0 son profit&#8221; (I. Sur le pr\u00e9tendu manquement au dispositif LCB\/FT). Cette analyse prive la victime d\u2019une fraude de tout recours fond\u00e9 sur leur m\u00e9connaissance, confirmant une jurisprudence constante. La Cour d\u2019appel de Paris, le 18 octobre 2022, avait d\u00e9j\u00e0 jug\u00e9 que &#8220;la victime d&#8217;agissements frauduleux ne peut se pr\u00e9valoir de l&#8217;inobservation d&#8217;obligations de vigilance et de d\u00e9claration impos\u00e9es aux organismes financiers [&#8230;] pour demander des dommages-int\u00e9r\u00eats&#8221; (Cour d&#8217;appel de Paris, le 18 octobre 2022, n\u00b020\/18229). La port\u00e9e de cette solution est renforc\u00e9e par son application en contexte international. S\u2019agissant du prestataire \u00e9tranger, la cour d\u00e9signe la loi irlandaise comme applicable en vertu du r\u00e8glement Rome II, le dommage \u00e9tant localis\u00e9 au lieu du compte b\u00e9n\u00e9ficiaire. Elle constate que le droit irlandais aboutit \u00e0 la m\u00eame solution, excluant tout recours indemnitaire fond\u00e9 sur ces r\u00e8gles d\u2019int\u00e9r\u00eat g\u00e9n\u00e9ral. Cette approche uniformise le r\u00e9gime juridique et emp\u00eache tout forum shopping.<\/p>\n<p>La d\u00e9limitation stricte de la responsabilit\u00e9 contractuelle du banquier ex\u00e9cutant<\/p>\n<p>La responsabilit\u00e9 du prestataire de paiement est cantonn\u00e9e aux seuls cas d\u2019op\u00e9ration non autoris\u00e9e ou mal ex\u00e9cut\u00e9e. La cour souligne qu\u2019en l\u2019esp\u00e8ce, les virements \u00e9taient &#8220;autoris\u00e9s&#8221;, le client \u00e9tant &#8220;\u00e0 l&#8217;origine des instructions&#8221;, et &#8220;mal ex\u00e9cut\u00e9s&#8221;, ce qu\u2019il ne contestait pas (II. Sur la responsabilit\u00e9 du prestataire de service de paiement ING BANK N.V.). Le cadre l\u00e9gal est pr\u00e9cis : l\u2019article L. 133-21 du code mon\u00e9taire et financier dispose qu\u2019un &#8220;ordre de paiement ex\u00e9cut\u00e9 conform\u00e9ment \u00e0 l&#8217;identifiant unique fourni par l&#8217;utilisateur [&#8230;] est r\u00e9put\u00e9 d\u00fbment ex\u00e9cut\u00e9&#8221; (II. Sur la responsabilit\u00e9 du prestataire de service de paiement ING BANK N.V.). D\u00e8s lors, la banque ex\u00e9cutante, qui a agi sur la base de l\u2019IBAN communiqu\u00e9, a parfaitement rempli son obligation. La cour \u00e9carte \u00e9galement tout devoir de vigilance renforc\u00e9e fond\u00e9 sur des anomalies apparentes. Elle estime que les virements vers une banque irlandaise ne pr\u00e9sentaient aucun caract\u00e8re suspect, notant que &#8220;le caract\u00e8re international d&#8217;un virement ne constitue nullement une quelconque anomalie en lui-m\u00eame&#8221; (II. Sur la responsabilit\u00e9 du prestataire de service de paiement ING BANK N.V.). Cette analyse rejoint celle de la Cour de cassation pour qui des virements dans l\u2019Union europ\u00e9enne &#8220;n&#8217;attiraient pas sp\u00e9cialement l&#8217;attention en termes de s\u00e9curit\u00e9&#8221; (Cass. Chambre commerciale financi\u00e8re et \u00e9conomique, le 12 juin 2025, n\u00b024-10.168). La solution consacre le principe de non-ing\u00e9rence du banquier dans les affaires de son client. En l\u2019absence de convention sp\u00e9cifique, &#8220;le banquier n&#8217;est pas tenu [&#8230;] d&#8217;un devoir de conseil ou de mise en garde&#8221; (II. Sur la responsabilit\u00e9 du prestataire de service de paiement ING BANK N.V.). La valeur de l\u2019arr\u00eat r\u00e9side dans la protection de la s\u00e9curit\u00e9 juridique des op\u00e9rations de paiement, en limitant la responsabilit\u00e9 de l\u2019ex\u00e9cutant \u00e0 la stricte conformit\u00e9 technique de l\u2019ordre re\u00e7u.<\/p>\n<\/div>\n","protected":false},"excerpt":{"rendered":"<p>La Cour d\u2019appel de Paris, dans un arr\u00eat du 25 septembre 2025, a examin\u00e9 les demandes d\u2019un client visant \u00e0 engager la responsabilit\u00e9 de son \u00e9tablissement banc&#8230;<\/p>\n","protected":false},"author":232070755,"featured_media":4877,"comment_status":"open","ping_status":"open","sticky":false,"template":"","format":"standard","meta":{"_crdt_document":"","_jetpack_newsletter_access":"","_jetpack_dont_email_post_to_subs":false,"_jetpack_newsletter_tier_id":0,"_jetpack_memberships_contains_paywalled_content":false,"_kj_source_type":"judilibre","_kj_official_id":"68d5893c876d446c8f4876c5","_kj_official_url":"https:\/\/www.courdecassation.fr\/decision\/68d5893c876d446c8f4876c5","_kj_judilibre_id":"68d5893c876d446c8f4876c5","_kj_jur":"Tribunal judiciaire","_kj_lieu":"Tribunal judiciaire de Paris","_kj_chambre":"9\u00e8me chambre 3\u00e8me section","_kj_rg":"23\/11085","_kj_date":"2025-09-25","_jetpack_memberships_contains_paid_content":false,"footnotes":"","jetpack_post_was_ever_published":false},"categories":[7597],"tags":[],"class_list":["post-661678","post","type-post","status-publish","format-standard","has-post-thumbnail","hentry","category-jurisprudence"],"yoast_head":"<!-- This site is optimized with the Yoast SEO Premium plugin v27.5 (Yoast SEO v27.5) - https:\/\/yoast.com\/product\/yoast-seo-premium-wordpress\/ -->\n<title>Cour d&#039;appel de Paris, le 25 septembre 2025, n\u00b023\/11085 - Ma\u00eetre Hassan Kohen, avocat en droit p\u00e9nal \u00e0 Paris<\/title>\n<meta name=\"description\" content=\"La Cour d\u2019appel de Paris, dans un arr\u00eat du 25 septembre 2025, a examin\u00e9 les demandes d\u2019un client visant \u00e0 engager la responsabilit\u00e9 de son \u00e9tablissement banc...\" \/>\n<meta name=\"robots\" content=\"index, follow, max-snippet:-1, max-image-preview:large, max-video-preview:-1\" \/>\n<link rel=\"canonical\" href=\"https:\/\/kohenavocats.com\/zh-hans\/cour-dappel-de-paris-le-25-septembre-2025-n23-11085\/\" \/>\n<meta property=\"og:locale\" content=\"zh_CN\" \/>\n<meta property=\"og:type\" content=\"article\" \/>\n<meta property=\"og:title\" content=\"Cour d&#039;appel de Paris, le 25 septembre 2025, n\u00b023\/11085\" \/>\n<meta property=\"og:description\" content=\"La Cour d\u2019appel de Paris, dans un arr\u00eat du 25 septembre 2025, a examin\u00e9 les demandes d\u2019un client visant \u00e0 engager la responsabilit\u00e9 de son \u00e9tablissement banc...\" \/>\n<meta property=\"og:url\" content=\"https:\/\/kohenavocats.com\/zh-hans\/cour-dappel-de-paris-le-25-septembre-2025-n23-11085\/\" \/>\n<meta property=\"og:site_name\" content=\"Ma\u00eetre Hassan Kohen, avocat en droit p\u00e9nal \u00e0 Paris\" \/>\n<meta property=\"article:published_time\" content=\"2026-04-23T15:54:27+00:00\" \/>\n<meta property=\"og:image\" content=\"https:\/\/kohenavocats.com\/wp-content\/uploads\/2024\/08\/luca-trassini-OhaRmr5mJYA-unsplash.webp\" \/>\n\t<meta property=\"og:image:width\" content=\"6000\" \/>\n\t<meta property=\"og:image:height\" content=\"4000\" \/>\n\t<meta property=\"og:image:type\" content=\"image\/webp\" \/>\n<meta name=\"author\" content=\"Kohen\" \/>\n<meta name=\"twitter:card\" content=\"summary_large_image\" \/>\n<meta name=\"twitter:label1\" content=\"\u4f5c\u8005\" \/>\n\t<meta name=\"twitter:data1\" content=\"Kohen\" \/>\n\t<meta name=\"twitter:label2\" content=\"\u9884\u8ba1\u9605\u8bfb\u65f6\u95f4\" \/>\n\t<meta name=\"twitter:data2\" content=\"4 \u5206\" \/>\n<script type=\"application\/ld+json\" class=\"yoast-schema-graph\">{\"@context\":\"https:\\\/\\\/schema.org\",\"@graph\":[{\"@type\":\"Article\",\"@id\":\"https:\\\/\\\/kohenavocats.com\\\/zh-hans\\\/cour-dappel-de-paris-le-25-septembre-2025-n23-11085\\\/#article\",\"isPartOf\":{\"@id\":\"https:\\\/\\\/kohenavocats.com\\\/zh-hans\\\/cour-dappel-de-paris-le-25-septembre-2025-n23-11085\\\/\"},\"author\":{\"name\":\"Kohen\",\"@id\":\"https:\\\/\\\/kohenavocats.com\\\/zh-hans\\\/#\\\/schema\\\/person\\\/761c9ba54fa1ca84d405cef0831ff751\"},\"headline\":\"Cour d&#8217;appel de Paris, le 25 septembre 2025, n\u00b023\\\/11085\",\"datePublished\":\"2026-04-23T15:54:27+00:00\",\"mainEntityOfPage\":{\"@id\":\"https:\\\/\\\/kohenavocats.com\\\/zh-hans\\\/cour-dappel-de-paris-le-25-septembre-2025-n23-11085\\\/\"},\"wordCount\":774,\"commentCount\":0,\"publisher\":{\"@id\":\"https:\\\/\\\/kohenavocats.com\\\/zh-hans\\\/#organization\"},\"image\":{\"@id\":\"https:\\\/\\\/kohenavocats.com\\\/zh-hans\\\/cour-dappel-de-paris-le-25-septembre-2025-n23-11085\\\/#primaryimage\"},\"thumbnailUrl\":\"https:\\\/\\\/kohenavocats.com\\\/wp-content\\\/uploads\\\/2024\\\/08\\\/luca-trassini-OhaRmr5mJYA-unsplash.webp\",\"articleSection\":[\"Jurisprudence\"],\"inLanguage\":\"zh-Hans\",\"potentialAction\":[{\"@type\":\"CommentAction\",\"name\":\"Comment\",\"target\":[\"https:\\\/\\\/kohenavocats.com\\\/zh-hans\\\/cour-dappel-de-paris-le-25-septembre-2025-n23-11085\\\/#respond\"]}],\"citation\":\"Cour d&#8217;appel de Paris, le 25 septembre 2025, n\u00b023\\\/11085\",\"about\":[{\"@type\":\"Thing\",\"name\":\"Jurisprudence\"}],\"dateModified\":\"2026-04-23T15:54:27+00:00\",\"speakable\":{\"@type\":\"SpeakableSpecification\",\"cssSelector\":[\".article-content > p:first-of-type\"]}},{\"@type\":\"WebPage\",\"@id\":\"https:\\\/\\\/kohenavocats.com\\\/zh-hans\\\/cour-dappel-de-paris-le-25-septembre-2025-n23-11085\\\/\",\"url\":\"https:\\\/\\\/kohenavocats.com\\\/zh-hans\\\/cour-dappel-de-paris-le-25-septembre-2025-n23-11085\\\/\",\"name\":\"Cour d'appel de Paris, le 25 septembre 2025, n\u00b023\\\/11085 - Ma\u00eetre Hassan Kohen, avocat en droit p\u00e9nal \u00e0 Paris\",\"isPartOf\":{\"@id\":\"https:\\\/\\\/kohenavocats.com\\\/zh-hans\\\/#website\"},\"primaryImageOfPage\":{\"@id\":\"https:\\\/\\\/kohenavocats.com\\\/zh-hans\\\/cour-dappel-de-paris-le-25-septembre-2025-n23-11085\\\/#primaryimage\"},\"image\":{\"@id\":\"https:\\\/\\\/kohenavocats.com\\\/zh-hans\\\/cour-dappel-de-paris-le-25-septembre-2025-n23-11085\\\/#primaryimage\"},\"thumbnailUrl\":\"https:\\\/\\\/kohenavocats.com\\\/wp-content\\\/uploads\\\/2024\\\/08\\\/luca-trassini-OhaRmr5mJYA-unsplash.webp\",\"datePublished\":\"2026-04-23T15:54:27+00:00\",\"description\":\"La Cour d\u2019appel de Paris, dans un arr\u00eat du 25 septembre 2025, a examin\u00e9 les demandes d\u2019un client visant \u00e0 engager la responsabilit\u00e9 de son \u00e9tablissement banc...\",\"breadcrumb\":{\"@id\":\"https:\\\/\\\/kohenavocats.com\\\/zh-hans\\\/cour-dappel-de-paris-le-25-septembre-2025-n23-11085\\\/#breadcrumb\"},\"inLanguage\":\"zh-Hans\",\"potentialAction\":[{\"@type\":\"ReadAction\",\"target\":[\"https:\\\/\\\/kohenavocats.com\\\/zh-hans\\\/cour-dappel-de-paris-le-25-septembre-2025-n23-11085\\\/\"]}]},{\"@type\":\"ImageObject\",\"inLanguage\":\"zh-Hans\",\"@id\":\"https:\\\/\\\/kohenavocats.com\\\/zh-hans\\\/cour-dappel-de-paris-le-25-septembre-2025-n23-11085\\\/#primaryimage\",\"url\":\"https:\\\/\\\/kohenavocats.com\\\/wp-content\\\/uploads\\\/2024\\\/08\\\/luca-trassini-OhaRmr5mJYA-unsplash.webp\",\"contentUrl\":\"https:\\\/\\\/kohenavocats.com\\\/wp-content\\\/uploads\\\/2024\\\/08\\\/luca-trassini-OhaRmr5mJYA-unsplash.webp\",\"width\":6000,\"height\":4000},{\"@type\":\"BreadcrumbList\",\"@id\":\"https:\\\/\\\/kohenavocats.com\\\/zh-hans\\\/cour-dappel-de-paris-le-25-septembre-2025-n23-11085\\\/#breadcrumb\",\"itemListElement\":[{\"@type\":\"ListItem\",\"position\":1,\"name\":\"Home\",\"item\":\"https:\\\/\\\/kohenavocats.com\\\/zh-hans\\\/\"},{\"@type\":\"ListItem\",\"position\":2,\"name\":\"Cour d&rsquo;appel de Paris, le 25 septembre 2025, n\u00b023\\\/11085\"}]},{\"@type\":\"WebSite\",\"@id\":\"https:\\\/\\\/kohenavocats.com\\\/zh-hans\\\/#website\",\"url\":\"https:\\\/\\\/kohenavocats.com\\\/zh-hans\\\/\",\"name\":\"Kohen Avocats\",\"description\":\"Ma\u00eetre Hassan Kohen, avocat p\u00e9naliste \u00e0 Paris, intervient exclusivement en droit p\u00e9nal pour la d\u00e9fense des particuliers, notamment en mati\u00e8re d\u2019accusations de viol. Il assure un accompagnement rigoureux d\u00e8s la garde \u00e0 vue jusqu\u2019\u00e0 la Cour d\u2019assises, veillant au strict respect des garanties proc\u00e9durales.\",\"publisher\":{\"@id\":\"https:\\\/\\\/kohenavocats.com\\\/zh-hans\\\/#organization\"},\"potentialAction\":[{\"@type\":\"SearchAction\",\"target\":{\"@type\":\"EntryPoint\",\"urlTemplate\":\"https:\\\/\\\/kohenavocats.com\\\/zh-hans\\\/?s={search_term_string}\"},\"query-input\":{\"@type\":\"PropertyValueSpecification\",\"valueRequired\":true,\"valueName\":\"search_term_string\"}}],\"inLanguage\":\"zh-Hans\"},{\"@type\":\"Organization\",\"@id\":\"https:\\\/\\\/kohenavocats.com\\\/zh-hans\\\/#organization\",\"name\":\"Kohen Avocats\",\"url\":\"https:\\\/\\\/kohenavocats.com\\\/zh-hans\\\/\",\"logo\":{\"@type\":\"ImageObject\",\"inLanguage\":\"zh-Hans\",\"@id\":\"https:\\\/\\\/kohenavocats.com\\\/zh-hans\\\/#\\\/schema\\\/logo\\\/image\\\/\",\"url\":\"https:\\\/\\\/kohenavocats.com\\\/wp-content\\\/uploads\\\/2026\\\/01\\\/Logo-2-1.webp\",\"contentUrl\":\"https:\\\/\\\/kohenavocats.com\\\/wp-content\\\/uploads\\\/2026\\\/01\\\/Logo-2-1.webp\",\"width\":2114,\"height\":1253,\"caption\":\"Kohen Avocats\"},\"image\":{\"@id\":\"https:\\\/\\\/kohenavocats.com\\\/zh-hans\\\/#\\\/schema\\\/logo\\\/image\\\/\"}},{\"@type\":\"Person\",\"@id\":\"https:\\\/\\\/kohenavocats.com\\\/zh-hans\\\/#\\\/schema\\\/person\\\/761c9ba54fa1ca84d405cef0831ff751\",\"name\":\"Kohen\",\"image\":{\"@type\":\"ImageObject\",\"inLanguage\":\"zh-Hans\",\"@id\":\"https:\\\/\\\/secure.gravatar.com\\\/avatar\\\/1c5e76ef76bbbfdd2b4da984e2bf2fa4056fd51a27d25ce2c332047f1dfd6e00?s=96&d=identicon&r=g\",\"url\":\"https:\\\/\\\/secure.gravatar.com\\\/avatar\\\/1c5e76ef76bbbfdd2b4da984e2bf2fa4056fd51a27d25ce2c332047f1dfd6e00?s=96&d=identicon&r=g\",\"contentUrl\":\"https:\\\/\\\/secure.gravatar.com\\\/avatar\\\/1c5e76ef76bbbfdd2b4da984e2bf2fa4056fd51a27d25ce2c332047f1dfd6e00?s=96&d=identicon&r=g\",\"caption\":\"Kohen\"},\"sameAs\":[\"https:\\\/\\\/www.linkedin.com\\\/in\\\/hassan-kohen-448548192\\\/\",\"https:\\\/\\\/www.youtube.com\\\/@Kohen-Avocats\"],\"url\":\"https:\\\/\\\/kohenavocats.com\\\/zh-hans\\\/author\\\/kohenmlk\\\/\"}]}<\/script>\n<!-- \/ Yoast SEO Premium plugin. -->","yoast_head_json":{"title":"Cour d'appel de Paris, le 25 septembre 2025, n\u00b023\/11085 - Ma\u00eetre Hassan Kohen, avocat en droit p\u00e9nal \u00e0 Paris","description":"La Cour d\u2019appel de Paris, dans un arr\u00eat du 25 septembre 2025, a examin\u00e9 les demandes d\u2019un client visant \u00e0 engager la responsabilit\u00e9 de son \u00e9tablissement banc...","robots":{"index":"index","follow":"follow","max-snippet":"max-snippet:-1","max-image-preview":"max-image-preview:large","max-video-preview":"max-video-preview:-1"},"canonical":"https:\/\/kohenavocats.com\/zh-hans\/cour-dappel-de-paris-le-25-septembre-2025-n23-11085\/","og_locale":"zh_CN","og_type":"article","og_title":"Cour d'appel de Paris, le 25 septembre 2025, n\u00b023\/11085","og_description":"La Cour d\u2019appel de Paris, dans un arr\u00eat du 25 septembre 2025, a examin\u00e9 les demandes d\u2019un client visant \u00e0 engager la responsabilit\u00e9 de son \u00e9tablissement banc...","og_url":"https:\/\/kohenavocats.com\/zh-hans\/cour-dappel-de-paris-le-25-septembre-2025-n23-11085\/","og_site_name":"Ma\u00eetre Hassan Kohen, avocat en droit p\u00e9nal \u00e0 Paris","article_published_time":"2026-04-23T15:54:27+00:00","og_image":[{"width":6000,"height":4000,"url":"https:\/\/kohenavocats.com\/wp-content\/uploads\/2024\/08\/luca-trassini-OhaRmr5mJYA-unsplash.webp","type":"image\/webp"}],"author":"Kohen","twitter_card":"summary_large_image","twitter_misc":{"\u4f5c\u8005":"Kohen","\u9884\u8ba1\u9605\u8bfb\u65f6\u95f4":"4 \u5206"},"schema":{"@context":"https:\/\/schema.org","@graph":[{"@type":"Article","@id":"https:\/\/kohenavocats.com\/zh-hans\/cour-dappel-de-paris-le-25-septembre-2025-n23-11085\/#article","isPartOf":{"@id":"https:\/\/kohenavocats.com\/zh-hans\/cour-dappel-de-paris-le-25-septembre-2025-n23-11085\/"},"author":{"name":"Kohen","@id":"https:\/\/kohenavocats.com\/zh-hans\/#\/schema\/person\/761c9ba54fa1ca84d405cef0831ff751"},"headline":"Cour d&#8217;appel de Paris, le 25 septembre 2025, n\u00b023\/11085","datePublished":"2026-04-23T15:54:27+00:00","mainEntityOfPage":{"@id":"https:\/\/kohenavocats.com\/zh-hans\/cour-dappel-de-paris-le-25-septembre-2025-n23-11085\/"},"wordCount":774,"commentCount":0,"publisher":{"@id":"https:\/\/kohenavocats.com\/zh-hans\/#organization"},"image":{"@id":"https:\/\/kohenavocats.com\/zh-hans\/cour-dappel-de-paris-le-25-septembre-2025-n23-11085\/#primaryimage"},"thumbnailUrl":"https:\/\/kohenavocats.com\/wp-content\/uploads\/2024\/08\/luca-trassini-OhaRmr5mJYA-unsplash.webp","articleSection":["Jurisprudence"],"inLanguage":"zh-Hans","potentialAction":[{"@type":"CommentAction","name":"Comment","target":["https:\/\/kohenavocats.com\/zh-hans\/cour-dappel-de-paris-le-25-septembre-2025-n23-11085\/#respond"]}],"citation":"Cour d&#8217;appel de Paris, le 25 septembre 2025, n\u00b023\/11085","about":[{"@type":"Thing","name":"Jurisprudence"}],"dateModified":"2026-04-23T15:54:27+00:00","speakable":{"@type":"SpeakableSpecification","cssSelector":[".article-content > p:first-of-type"]}},{"@type":"WebPage","@id":"https:\/\/kohenavocats.com\/zh-hans\/cour-dappel-de-paris-le-25-septembre-2025-n23-11085\/","url":"https:\/\/kohenavocats.com\/zh-hans\/cour-dappel-de-paris-le-25-septembre-2025-n23-11085\/","name":"Cour d'appel de Paris, le 25 septembre 2025, n\u00b023\/11085 - Ma\u00eetre Hassan Kohen, avocat en droit p\u00e9nal \u00e0 Paris","isPartOf":{"@id":"https:\/\/kohenavocats.com\/zh-hans\/#website"},"primaryImageOfPage":{"@id":"https:\/\/kohenavocats.com\/zh-hans\/cour-dappel-de-paris-le-25-septembre-2025-n23-11085\/#primaryimage"},"image":{"@id":"https:\/\/kohenavocats.com\/zh-hans\/cour-dappel-de-paris-le-25-septembre-2025-n23-11085\/#primaryimage"},"thumbnailUrl":"https:\/\/kohenavocats.com\/wp-content\/uploads\/2024\/08\/luca-trassini-OhaRmr5mJYA-unsplash.webp","datePublished":"2026-04-23T15:54:27+00:00","description":"La Cour d\u2019appel de Paris, dans un arr\u00eat du 25 septembre 2025, a examin\u00e9 les demandes d\u2019un client visant \u00e0 engager la responsabilit\u00e9 de son \u00e9tablissement banc...","breadcrumb":{"@id":"https:\/\/kohenavocats.com\/zh-hans\/cour-dappel-de-paris-le-25-septembre-2025-n23-11085\/#breadcrumb"},"inLanguage":"zh-Hans","potentialAction":[{"@type":"ReadAction","target":["https:\/\/kohenavocats.com\/zh-hans\/cour-dappel-de-paris-le-25-septembre-2025-n23-11085\/"]}]},{"@type":"ImageObject","inLanguage":"zh-Hans","@id":"https:\/\/kohenavocats.com\/zh-hans\/cour-dappel-de-paris-le-25-septembre-2025-n23-11085\/#primaryimage","url":"https:\/\/kohenavocats.com\/wp-content\/uploads\/2024\/08\/luca-trassini-OhaRmr5mJYA-unsplash.webp","contentUrl":"https:\/\/kohenavocats.com\/wp-content\/uploads\/2024\/08\/luca-trassini-OhaRmr5mJYA-unsplash.webp","width":6000,"height":4000},{"@type":"BreadcrumbList","@id":"https:\/\/kohenavocats.com\/zh-hans\/cour-dappel-de-paris-le-25-septembre-2025-n23-11085\/#breadcrumb","itemListElement":[{"@type":"ListItem","position":1,"name":"Home","item":"https:\/\/kohenavocats.com\/zh-hans\/"},{"@type":"ListItem","position":2,"name":"Cour d&rsquo;appel de Paris, le 25 septembre 2025, n\u00b023\/11085"}]},{"@type":"WebSite","@id":"https:\/\/kohenavocats.com\/zh-hans\/#website","url":"https:\/\/kohenavocats.com\/zh-hans\/","name":"Kohen Avocats","description":"Ma\u00eetre Hassan Kohen, avocat p\u00e9naliste \u00e0 Paris, intervient exclusivement en droit p\u00e9nal pour la d\u00e9fense des particuliers, notamment en mati\u00e8re d\u2019accusations de viol. Il assure un accompagnement rigoureux d\u00e8s la garde \u00e0 vue jusqu\u2019\u00e0 la Cour d\u2019assises, veillant au strict respect des garanties proc\u00e9durales.","publisher":{"@id":"https:\/\/kohenavocats.com\/zh-hans\/#organization"},"potentialAction":[{"@type":"SearchAction","target":{"@type":"EntryPoint","urlTemplate":"https:\/\/kohenavocats.com\/zh-hans\/?s={search_term_string}"},"query-input":{"@type":"PropertyValueSpecification","valueRequired":true,"valueName":"search_term_string"}}],"inLanguage":"zh-Hans"},{"@type":"Organization","@id":"https:\/\/kohenavocats.com\/zh-hans\/#organization","name":"Kohen Avocats","url":"https:\/\/kohenavocats.com\/zh-hans\/","logo":{"@type":"ImageObject","inLanguage":"zh-Hans","@id":"https:\/\/kohenavocats.com\/zh-hans\/#\/schema\/logo\/image\/","url":"https:\/\/kohenavocats.com\/wp-content\/uploads\/2026\/01\/Logo-2-1.webp","contentUrl":"https:\/\/kohenavocats.com\/wp-content\/uploads\/2026\/01\/Logo-2-1.webp","width":2114,"height":1253,"caption":"Kohen Avocats"},"image":{"@id":"https:\/\/kohenavocats.com\/zh-hans\/#\/schema\/logo\/image\/"}},{"@type":"Person","@id":"https:\/\/kohenavocats.com\/zh-hans\/#\/schema\/person\/761c9ba54fa1ca84d405cef0831ff751","name":"Kohen","image":{"@type":"ImageObject","inLanguage":"zh-Hans","@id":"https:\/\/secure.gravatar.com\/avatar\/1c5e76ef76bbbfdd2b4da984e2bf2fa4056fd51a27d25ce2c332047f1dfd6e00?s=96&d=identicon&r=g","url":"https:\/\/secure.gravatar.com\/avatar\/1c5e76ef76bbbfdd2b4da984e2bf2fa4056fd51a27d25ce2c332047f1dfd6e00?s=96&d=identicon&r=g","contentUrl":"https:\/\/secure.gravatar.com\/avatar\/1c5e76ef76bbbfdd2b4da984e2bf2fa4056fd51a27d25ce2c332047f1dfd6e00?s=96&d=identicon&r=g","caption":"Kohen"},"sameAs":["https:\/\/www.linkedin.com\/in\/hassan-kohen-448548192\/","https:\/\/www.youtube.com\/@Kohen-Avocats"],"url":"https:\/\/kohenavocats.com\/zh-hans\/author\/kohenmlk\/"}]}},"jetpack_featured_media_url":"https:\/\/kohenavocats.com\/wp-content\/uploads\/2024\/08\/luca-trassini-OhaRmr5mJYA-unsplash.webp","jetpack_likes_enabled":false,"jetpack_shortlink":"https:\/\/wp.me\/peCrII-2M8e","jetpack-related-posts":[{"id":372397,"url":"https:\/\/kohenavocats.com\/zh-hans\/cour-dappel-de-paris-le-3-decembre-2025-n24-08543\/","url_meta":{"origin":661678,"position":0},"title":"Cour d&#8217;appel de Paris, le 3 d\u00e9cembre 2025, n\u00b024\/08543","author":"Kohen","date":"2026\u5e742\u670815\u65e5","format":false,"excerpt":"La Cour d\u2019appel de Paris, dans un arr\u00eat du 3 d\u00e9cem\u2026","rel":"","context":"\u5728\u201cCour d'appel\u201d\u4e2d","block_context":{"text":"Cour d'appel","link":"https:\/\/kohenavocats.com\/category\/cour-dappel\/"},"img":{"alt_text":"","src":"https:\/\/i0.wp.com\/kohenavocats.com\/wp-content\/uploads\/2024\/07\/chris-lawton-zvKx6ixUhWQ-unsplash.webp?resize=350%2C200&ssl=1","width":350,"height":200,"srcset":"https:\/\/i0.wp.com\/kohenavocats.com\/wp-content\/uploads\/2024\/07\/chris-lawton-zvKx6ixUhWQ-unsplash.webp?resize=350%2C200&ssl=1 1x, https:\/\/i0.wp.com\/kohenavocats.com\/wp-content\/uploads\/2024\/07\/chris-lawton-zvKx6ixUhWQ-unsplash.webp?resize=525%2C300&ssl=1 1.5x, https:\/\/i0.wp.com\/kohenavocats.com\/wp-content\/uploads\/2024\/07\/chris-lawton-zvKx6ixUhWQ-unsplash.webp?resize=700%2C400&ssl=1 2x, https:\/\/i0.wp.com\/kohenavocats.com\/wp-content\/uploads\/2024\/07\/chris-lawton-zvKx6ixUhWQ-unsplash.webp?resize=1050%2C600&ssl=1 3x, https:\/\/i0.wp.com\/kohenavocats.com\/wp-content\/uploads\/2024\/07\/chris-lawton-zvKx6ixUhWQ-unsplash.webp?resize=1400%2C800&ssl=1 4x"},"classes":[]},{"id":723294,"url":"https:\/\/kohenavocats.com\/zh-hans\/tribunal-judiciaire-de-paris-le-5-fevrier-2026-n22-14688\/","url_meta":{"origin":661678,"position":1},"title":"Tribunal judiciaire de Paris, le 5 f\u00e9vrier 2026, n\u00b022\/14688","author":"Kohen","date":"2026\u5e744\u670828\u65e5","format":false,"excerpt":"Le tribunal judiciaire de Paris, dans un jugement \u2026","rel":"","context":"\u5728\u201cJurisprudence\u201d\u4e2d","block_context":{"text":"Jurisprudence","link":"https:\/\/kohenavocats.com\/category\/jurisprudence\/"},"img":{"alt_text":"","src":"https:\/\/i0.wp.com\/kohenavocats.com\/wp-content\/uploads\/2024\/07\/andreas-MKGu9ihH46k-unsplash-1.webp?resize=350%2C200&ssl=1","width":350,"height":200,"srcset":"https:\/\/i0.wp.com\/kohenavocats.com\/wp-content\/uploads\/2024\/07\/andreas-MKGu9ihH46k-unsplash-1.webp?resize=350%2C200&ssl=1 1x, https:\/\/i0.wp.com\/kohenavocats.com\/wp-content\/uploads\/2024\/07\/andreas-MKGu9ihH46k-unsplash-1.webp?resize=525%2C300&ssl=1 1.5x, https:\/\/i0.wp.com\/kohenavocats.com\/wp-content\/uploads\/2024\/07\/andreas-MKGu9ihH46k-unsplash-1.webp?resize=700%2C400&ssl=1 2x, https:\/\/i0.wp.com\/kohenavocats.com\/wp-content\/uploads\/2024\/07\/andreas-MKGu9ihH46k-unsplash-1.webp?resize=1050%2C600&ssl=1 3x, https:\/\/i0.wp.com\/kohenavocats.com\/wp-content\/uploads\/2024\/07\/andreas-MKGu9ihH46k-unsplash-1.webp?resize=1400%2C800&ssl=1 4x"},"classes":[]},{"id":724196,"url":"https:\/\/kohenavocats.com\/zh-hans\/tribunal-judiciaire-de-paris-le-5-fevrier-2026-n23-06798\/","url_meta":{"origin":661678,"position":2},"title":"Tribunal judiciaire de Paris, le 5 f\u00e9vrier 2026, n\u00b023\/06798","author":"Kohen","date":"2026\u5e744\u670828\u65e5","format":false,"excerpt":"Le tribunal judiciaire de Paris, dans sa neuvi\u00e8me \u2026","rel":"","context":"\u5728\u201cD\u00e9cisions juridiques\u201d\u4e2d","block_context":{"text":"D\u00e9cisions juridiques","link":"https:\/\/kohenavocats.com\/category\/decisions-juridiques\/"},"img":{"alt_text":"","src":"https:\/\/i0.wp.com\/kohenavocats.com\/wp-content\/uploads\/2024\/08\/daniel-bustos-KfhRfj6ZQPY-unsplash.webp?resize=350%2C200&ssl=1","width":350,"height":200,"srcset":"https:\/\/i0.wp.com\/kohenavocats.com\/wp-content\/uploads\/2024\/08\/daniel-bustos-KfhRfj6ZQPY-unsplash.webp?resize=350%2C200&ssl=1 1x, https:\/\/i0.wp.com\/kohenavocats.com\/wp-content\/uploads\/2024\/08\/daniel-bustos-KfhRfj6ZQPY-unsplash.webp?resize=525%2C300&ssl=1 1.5x, https:\/\/i0.wp.com\/kohenavocats.com\/wp-content\/uploads\/2024\/08\/daniel-bustos-KfhRfj6ZQPY-unsplash.webp?resize=700%2C400&ssl=1 2x, https:\/\/i0.wp.com\/kohenavocats.com\/wp-content\/uploads\/2024\/08\/daniel-bustos-KfhRfj6ZQPY-unsplash.webp?resize=1050%2C600&ssl=1 3x, https:\/\/i0.wp.com\/kohenavocats.com\/wp-content\/uploads\/2024\/08\/daniel-bustos-KfhRfj6ZQPY-unsplash.webp?resize=1400%2C800&ssl=1 4x"},"classes":[]},{"id":375830,"url":"https:\/\/kohenavocats.com\/zh-hans\/cour-dappel-de-paris-le-10-decembre-2025-n24-13211\/","url_meta":{"origin":661678,"position":3},"title":"Cour d&#8217;appel de Paris, le 10 d\u00e9cembre 2025, n\u00b024\/13211","author":"Kohen","date":"2026\u5e742\u670819\u65e5","format":false,"excerpt":"La Cour d\u2019appel de Paris, dans un arr\u00eat du 10 d\u00e9ce\u2026","rel":"","context":"\u5728\u201c6917\u201d\u4e2d","block_context":{"text":"6917","link":"https:\/\/kohenavocats.com\/category\/6917\/"},"img":{"alt_text":"","src":"https:\/\/i0.wp.com\/kohenavocats.com\/wp-content\/uploads\/2024\/11\/ave-calvar-GQ7ejmoWJUY-unsplash.webp?resize=350%2C200&ssl=1","width":350,"height":200,"srcset":"https:\/\/i0.wp.com\/kohenavocats.com\/wp-content\/uploads\/2024\/11\/ave-calvar-GQ7ejmoWJUY-unsplash.webp?resize=350%2C200&ssl=1 1x, https:\/\/i0.wp.com\/kohenavocats.com\/wp-content\/uploads\/2024\/11\/ave-calvar-GQ7ejmoWJUY-unsplash.webp?resize=525%2C300&ssl=1 1.5x, https:\/\/i0.wp.com\/kohenavocats.com\/wp-content\/uploads\/2024\/11\/ave-calvar-GQ7ejmoWJUY-unsplash.webp?resize=700%2C400&ssl=1 2x, https:\/\/i0.wp.com\/kohenavocats.com\/wp-content\/uploads\/2024\/11\/ave-calvar-GQ7ejmoWJUY-unsplash.webp?resize=1050%2C600&ssl=1 3x, https:\/\/i0.wp.com\/kohenavocats.com\/wp-content\/uploads\/2024\/11\/ave-calvar-GQ7ejmoWJUY-unsplash.webp?resize=1400%2C800&ssl=1 4x"},"classes":[]},{"id":375454,"url":"https:\/\/kohenavocats.com\/zh-hans\/cour-dappel-de-paris-le-10-decembre-2025-n24-09018\/","url_meta":{"origin":661678,"position":4},"title":"Cour d&#8217;appel de Paris, le 10 d\u00e9cembre 2025, n\u00b024\/09018","author":"Kohen","date":"2026\u5e742\u670819\u65e5","format":false,"excerpt":"La Cour d\u2019appel de Paris, dans un arr\u00eat du 10 d\u00e9ce\u2026","rel":"","context":"\u5728\u201c6917\u201d\u4e2d","block_context":{"text":"6917","link":"https:\/\/kohenavocats.com\/category\/6917\/"},"img":{"alt_text":"","src":"https:\/\/i0.wp.com\/kohenavocats.com\/wp-content\/uploads\/2024\/11\/mohamed-nohassi-G58ozVlYgF8-unsplash.webp?resize=350%2C200&ssl=1","width":350,"height":200,"srcset":"https:\/\/i0.wp.com\/kohenavocats.com\/wp-content\/uploads\/2024\/11\/mohamed-nohassi-G58ozVlYgF8-unsplash.webp?resize=350%2C200&ssl=1 1x, https:\/\/i0.wp.com\/kohenavocats.com\/wp-content\/uploads\/2024\/11\/mohamed-nohassi-G58ozVlYgF8-unsplash.webp?resize=525%2C300&ssl=1 1.5x, https:\/\/i0.wp.com\/kohenavocats.com\/wp-content\/uploads\/2024\/11\/mohamed-nohassi-G58ozVlYgF8-unsplash.webp?resize=700%2C400&ssl=1 2x, https:\/\/i0.wp.com\/kohenavocats.com\/wp-content\/uploads\/2024\/11\/mohamed-nohassi-G58ozVlYgF8-unsplash.webp?resize=1050%2C600&ssl=1 3x, https:\/\/i0.wp.com\/kohenavocats.com\/wp-content\/uploads\/2024\/11\/mohamed-nohassi-G58ozVlYgF8-unsplash.webp?resize=1400%2C800&ssl=1 4x"},"classes":[]}],"jetpack_sharing_enabled":true,"_links":{"self":[{"href":"https:\/\/kohenavocats.com\/zh-hans\/wp-json\/wp\/v2\/posts\/661678","targetHints":{"allow":["GET"]}}],"collection":[{"href":"https:\/\/kohenavocats.com\/zh-hans\/wp-json\/wp\/v2\/posts"}],"about":[{"href":"https:\/\/kohenavocats.com\/zh-hans\/wp-json\/wp\/v2\/types\/post"}],"author":[{"embeddable":true,"href":"https:\/\/kohenavocats.com\/zh-hans\/wp-json\/wp\/v2\/users\/232070755"}],"replies":[{"embeddable":true,"href":"https:\/\/kohenavocats.com\/zh-hans\/wp-json\/wp\/v2\/comments?post=661678"}],"version-history":[{"count":0,"href":"https:\/\/kohenavocats.com\/zh-hans\/wp-json\/wp\/v2\/posts\/661678\/revisions"}],"wp:featuredmedia":[{"embeddable":true,"href":"https:\/\/kohenavocats.com\/zh-hans\/wp-json\/wp\/v2\/media\/4877"}],"wp:attachment":[{"href":"https:\/\/kohenavocats.com\/zh-hans\/wp-json\/wp\/v2\/media?parent=661678"}],"wp:term":[{"taxonomy":"category","embeddable":true,"href":"https:\/\/kohenavocats.com\/zh-hans\/wp-json\/wp\/v2\/categories?post=661678"},{"taxonomy":"post_tag","embeddable":true,"href":"https:\/\/kohenavocats.com\/zh-hans\/wp-json\/wp\/v2\/tags?post=661678"}],"curies":[{"name":"wp","href":"https:\/\/api.w.org\/{rel}","templated":true}]}}