{"id":661702,"date":"2026-04-23T17:55:38","date_gmt":"2026-04-23T15:55:38","guid":{"rendered":"https:\/\/kohenavocats.com\/tribunal-judiciaire-de-mans-le-25-septembre-2025-n23-01195\/"},"modified":"2026-04-23T17:55:38","modified_gmt":"2026-04-23T15:55:38","slug":"tribunal-judiciaire-de-mans-le-25-septembre-2025-n23-01195","status":"publish","type":"post","link":"https:\/\/kohenavocats.com\/zh-hans\/tribunal-judiciaire-de-mans-le-25-septembre-2025-n23-01195\/","title":{"rendered":"Tribunal judiciaire de Mans, le 25 septembre 2025, n\u00b023\/01195"},"content":{"rendered":"<div class=\"article-content\">\n<p>Le Tribunal judiciaire du Mans, juge de la mise en \u00e9tat, rend une ordonnance le vingt-cinq septembre deux mille vingt-cinq. L&#8217;affaire concerne une opposition \u00e0 une injonction de payer relative \u00e0 des factures de travaux. Les parties sollicitent conjointement une m\u00e9diation judiciaire. Le juge doit d\u00e9cider de l&#8217;opportunit\u00e9 d&#8217;ordonner cette mesure. Il fait droit \u00e0 cette demande commune et sursoit \u00e0 statuer en attendant l&#8217;issue de la m\u00e9diation.<\/p>\n<p>Le cadre l\u00e9gal de la m\u00e9diation judiciaire civile<\/p>\n<p>Le fondement l\u00e9gal de la d\u00e9cision est clairement \u00e9nonc\u00e9. Le juge applique les dispositions du code de proc\u00e9dure civile relatives \u00e0 la m\u00e9diation conventionnelle judiciaire. Il se r\u00e9f\u00e8re pr\u00e9cis\u00e9ment \u00e0 l&#8217;article qui en d\u00e9finit le principe et la mission. &#8220;le juge saisi d\u2019un litige peut, apr\u00e8s avoir recueilli l\u2019accord des parties, ordonner une m\u00e9diation.Le m\u00e9diateur d\u00e9sign\u00e9 par le juge a pour mission d\u2019entendre les parties et de confronter leurs points de vue pour leur permettre de trouver une solution au conflit qui les oppose. &#8221; (Motifs). La juridiction rappelle ainsi la condition essentielle du consentement des parties pour cette mesure. La port\u00e9e de ce fondement est confirm\u00e9e par une jurisprudence r\u00e9cente. &#8220;L&#8217;article 22-1 de la loi n\u00b095-125 du 8 f\u00e9vrier 1995 relative \u00e0 l&#8217;organisation des juridictions et \u00e0 la proc\u00e9dure civile, p\u00e9nale et administrative, tel que modifi\u00e9 par la loi n\u00b02019-222 du 23 mars 2019, dispose qu&#8217;en tout \u00e9tat de la proc\u00e9dure, y compris en r\u00e9f\u00e9r\u00e9, lorsqu&#8217;il estime qu&#8217;une r\u00e9solution amiable du litige est possible, le juge peut, s&#8217;il n&#8217;a pas recueilli l&#8217;accord des parties, leur enjoindre de rencontrer un m\u00e9diateur qu&#8217;il d\u00e9signe et qui r\u00e9pond aux conditions pr\u00e9vues par d\u00e9cret en Conseil d&#8217;Etat.&#8221; (Tribunal judiciaire de Paris, le 29 janvier 2025, n\u00b023\/10833). La pr\u00e9sente ordonnance illustre l&#8217;application du premier cas de figure, fond\u00e9 sur l&#8217;accord commun.<\/p>\n<p>La mise en \u0153uvre pratique de la mesure ordonn\u00e9e<\/p>\n<p>La d\u00e9cision d\u00e9taille avec pr\u00e9cision les modalit\u00e9s concr\u00e8tes de la m\u00e9diation. Le juge d\u00e9signe l&#8217;organisme de m\u00e9diation et fixe la dur\u00e9e initiale de la mission \u00e0 trois mois. Il pr\u00e9cise que la m\u00e9diation portera sur l&#8217;int\u00e9gralit\u00e9 du litige n\u00e9 de l&#8217;opposition. Une condition suspensive est impos\u00e9e aux parties sous forme d&#8217;une consignation. Le dispositif organise \u00e9galement le suivi de la mesure par le juge. Le m\u00e9diateur doit l&#8217;informer de toute difficult\u00e9 ou interruption. La valeur de cette ordonnance r\u00e9side dans son caract\u00e8re incitatif et cadrant. Elle cr\u00e9e un cadre proc\u00e9dural s\u00e9curis\u00e9 pour la recherche d&#8217;un accord. La consignation vise \u00e0 garantir le s\u00e9rieux de l&#8217;engagement des parties. Le sursis \u00e0 statuer est la cons\u00e9quence logique de la mise en place de cette mesure. Il suspend la proc\u00e9dure judiciaire pour laisser sa chance au dialogue. &#8220;Dans l\u2019attente, il sera sursis \u00e0 statuer sur l\u2019ensemble des demandes.&#8221; (Motifs). Cette approche est coh\u00e9rente avec la gestion des instances. &#8220;En l\u2019esp\u00e8ce, la mesure de m\u00e9diation judiciaire civile ordonn\u00e9e par le Juge de la Mise en \u00e9tat le 2 d\u00e9cembre 2024 est toujours en cours. Il convient donc de surseoir \u00e0 statuer dans l\u2019attente de l\u2019issue de la m\u00e9diation en cours.&#8221; (Tribunal judiciaire de Thionville, le 15 d\u00e9cembre 2025, n\u00b024\/01546). La port\u00e9e est donc de favoriser l&#8217;apaisement du litige en dehors du pr\u00e9toire.<\/p>\n<\/div>\n","protected":false},"excerpt":{"rendered":"<p>Le Tribunal judiciaire du Mans, juge de la mise en \u00e9tat, rend une ordonnance le vingt-cinq septembre deux mille vingt-cinq. L&#8217;affaire concerne une opposition&#8230;<\/p>\n","protected":false},"author":232070755,"featured_media":4715,"comment_status":"open","ping_status":"open","sticky":false,"template":"","format":"standard","meta":{"_crdt_document":"","_jetpack_newsletter_access":"","_jetpack_dont_email_post_to_subs":false,"_jetpack_newsletter_tier_id":0,"_jetpack_memberships_contains_paywalled_content":false,"_jetpack_memberships_contains_paid_content":false,"footnotes":"","jetpack_post_was_ever_published":false},"categories":[7597],"tags":[],"class_list":["post-661702","post","type-post","status-publish","format-standard","has-post-thumbnail","hentry","category-jurisprudence"],"yoast_head":"<!-- This site is optimized with the Yoast SEO Premium plugin v27.4 (Yoast SEO v27.4) - https:\/\/yoast.com\/product\/yoast-seo-premium-wordpress\/ -->\n<title>Tribunal judiciaire de Mans, le 25 septembre 2025, n\u00b023\/01195 - Ma\u00eetre Hassan Kohen, avocat en droit p\u00e9nal \u00e0 Paris<\/title>\n<meta name=\"description\" content=\"Le Tribunal judiciaire du Mans, juge de la mise en \u00e9tat, rend une ordonnance le vingt-cinq septembre deux mille vingt-cinq. L&#039;affaire concerne une opposition...\" \/>\n<meta name=\"robots\" content=\"index, follow, max-snippet:-1, max-image-preview:large, max-video-preview:-1\" \/>\n<link rel=\"canonical\" href=\"https:\/\/kohenavocats.com\/zh-hans\/tribunal-judiciaire-de-mans-le-25-septembre-2025-n23-01195\/\" \/>\n<meta property=\"og:locale\" content=\"zh_CN\" \/>\n<meta property=\"og:type\" content=\"article\" \/>\n<meta property=\"og:title\" content=\"Tribunal judiciaire de Mans, le 25 septembre 2025, n\u00b023\/01195\" \/>\n<meta property=\"og:description\" content=\"Le Tribunal judiciaire du Mans, juge de la mise en \u00e9tat, rend une ordonnance le vingt-cinq septembre deux mille vingt-cinq. L&#039;affaire concerne une opposition...\" \/>\n<meta property=\"og:url\" content=\"https:\/\/kohenavocats.com\/zh-hans\/tribunal-judiciaire-de-mans-le-25-septembre-2025-n23-01195\/\" \/>\n<meta property=\"og:site_name\" content=\"Ma\u00eetre Hassan Kohen, avocat en droit p\u00e9nal \u00e0 Paris\" \/>\n<meta property=\"article:published_time\" content=\"2026-04-23T15:55:38+00:00\" \/>\n<meta property=\"og:image\" content=\"https:\/\/kohenavocats.com\/wp-content\/uploads\/2024\/08\/anthony-delanoix-fVm02RclkKc-unsplash.webp\" \/>\n\t<meta property=\"og:image:width\" content=\"5151\" \/>\n\t<meta property=\"og:image:height\" content=\"3434\" \/>\n\t<meta property=\"og:image:type\" content=\"image\/webp\" \/>\n<meta name=\"author\" content=\"Kohen\" \/>\n<meta name=\"twitter:card\" content=\"summary_large_image\" \/>\n<meta name=\"twitter:label1\" content=\"\u4f5c\u8005\" \/>\n\t<meta name=\"twitter:data1\" content=\"Kohen\" \/>\n\t<meta name=\"twitter:label2\" content=\"\u9884\u8ba1\u9605\u8bfb\u65f6\u95f4\" \/>\n\t<meta name=\"twitter:data2\" content=\"3 \u5206\" \/>\n<script type=\"application\/ld+json\" class=\"yoast-schema-graph\">{\"@context\":\"https:\\\/\\\/schema.org\",\"@graph\":[{\"@type\":\"Article\",\"@id\":\"https:\\\/\\\/kohenavocats.com\\\/zh-hans\\\/tribunal-judiciaire-de-mans-le-25-septembre-2025-n23-01195\\\/#article\",\"isPartOf\":{\"@id\":\"https:\\\/\\\/kohenavocats.com\\\/zh-hans\\\/tribunal-judiciaire-de-mans-le-25-septembre-2025-n23-01195\\\/\"},\"author\":{\"name\":\"Kohen\",\"@id\":\"https:\\\/\\\/kohenavocats.com\\\/zh-hans\\\/#\\\/schema\\\/person\\\/761c9ba54fa1ca84d405cef0831ff751\"},\"headline\":\"Tribunal judiciaire de Mans, le 25 septembre 2025, n\u00b023\\\/01195\",\"datePublished\":\"2026-04-23T15:55:38+00:00\",\"mainEntityOfPage\":{\"@id\":\"https:\\\/\\\/kohenavocats.com\\\/zh-hans\\\/tribunal-judiciaire-de-mans-le-25-septembre-2025-n23-01195\\\/\"},\"wordCount\":605,\"commentCount\":0,\"publisher\":{\"@id\":\"https:\\\/\\\/kohenavocats.com\\\/zh-hans\\\/#organization\"},\"image\":{\"@id\":\"https:\\\/\\\/kohenavocats.com\\\/zh-hans\\\/tribunal-judiciaire-de-mans-le-25-septembre-2025-n23-01195\\\/#primaryimage\"},\"thumbnailUrl\":\"https:\\\/\\\/kohenavocats.com\\\/wp-content\\\/uploads\\\/2024\\\/08\\\/anthony-delanoix-fVm02RclkKc-unsplash.webp\",\"articleSection\":[\"Jurisprudence\"],\"inLanguage\":\"zh-Hans\",\"potentialAction\":[{\"@type\":\"CommentAction\",\"name\":\"Comment\",\"target\":[\"https:\\\/\\\/kohenavocats.com\\\/zh-hans\\\/tribunal-judiciaire-de-mans-le-25-septembre-2025-n23-01195\\\/#respond\"]}],\"citation\":\"Tribunal judiciaire de Mans, le 25 septembre 2025, n\u00b023\\\/01195\",\"about\":[{\"@type\":\"Thing\",\"name\":\"Jurisprudence\"}],\"dateModified\":\"2026-04-23T15:55:38+00:00\",\"speakable\":{\"@type\":\"SpeakableSpecification\",\"cssSelector\":[\".article-content > p:first-of-type\"]}},{\"@type\":\"WebPage\",\"@id\":\"https:\\\/\\\/kohenavocats.com\\\/zh-hans\\\/tribunal-judiciaire-de-mans-le-25-septembre-2025-n23-01195\\\/\",\"url\":\"https:\\\/\\\/kohenavocats.com\\\/zh-hans\\\/tribunal-judiciaire-de-mans-le-25-septembre-2025-n23-01195\\\/\",\"name\":\"Tribunal judiciaire de Mans, le 25 septembre 2025, n\u00b023\\\/01195 - Ma\u00eetre Hassan Kohen, avocat en droit p\u00e9nal \u00e0 Paris\",\"isPartOf\":{\"@id\":\"https:\\\/\\\/kohenavocats.com\\\/zh-hans\\\/#website\"},\"primaryImageOfPage\":{\"@id\":\"https:\\\/\\\/kohenavocats.com\\\/zh-hans\\\/tribunal-judiciaire-de-mans-le-25-septembre-2025-n23-01195\\\/#primaryimage\"},\"image\":{\"@id\":\"https:\\\/\\\/kohenavocats.com\\\/zh-hans\\\/tribunal-judiciaire-de-mans-le-25-septembre-2025-n23-01195\\\/#primaryimage\"},\"thumbnailUrl\":\"https:\\\/\\\/kohenavocats.com\\\/wp-content\\\/uploads\\\/2024\\\/08\\\/anthony-delanoix-fVm02RclkKc-unsplash.webp\",\"datePublished\":\"2026-04-23T15:55:38+00:00\",\"description\":\"Le Tribunal judiciaire du Mans, juge de la mise en \u00e9tat, rend une ordonnance le vingt-cinq septembre deux mille vingt-cinq. L'affaire concerne une opposition...\",\"breadcrumb\":{\"@id\":\"https:\\\/\\\/kohenavocats.com\\\/zh-hans\\\/tribunal-judiciaire-de-mans-le-25-septembre-2025-n23-01195\\\/#breadcrumb\"},\"inLanguage\":\"zh-Hans\",\"potentialAction\":[{\"@type\":\"ReadAction\",\"target\":[\"https:\\\/\\\/kohenavocats.com\\\/zh-hans\\\/tribunal-judiciaire-de-mans-le-25-septembre-2025-n23-01195\\\/\"]}]},{\"@type\":\"ImageObject\",\"inLanguage\":\"zh-Hans\",\"@id\":\"https:\\\/\\\/kohenavocats.com\\\/zh-hans\\\/tribunal-judiciaire-de-mans-le-25-septembre-2025-n23-01195\\\/#primaryimage\",\"url\":\"https:\\\/\\\/kohenavocats.com\\\/wp-content\\\/uploads\\\/2024\\\/08\\\/anthony-delanoix-fVm02RclkKc-unsplash.webp\",\"contentUrl\":\"https:\\\/\\\/kohenavocats.com\\\/wp-content\\\/uploads\\\/2024\\\/08\\\/anthony-delanoix-fVm02RclkKc-unsplash.webp\",\"width\":5151,\"height\":3434},{\"@type\":\"BreadcrumbList\",\"@id\":\"https:\\\/\\\/kohenavocats.com\\\/zh-hans\\\/tribunal-judiciaire-de-mans-le-25-septembre-2025-n23-01195\\\/#breadcrumb\",\"itemListElement\":[{\"@type\":\"ListItem\",\"position\":1,\"name\":\"Home\",\"item\":\"https:\\\/\\\/kohenavocats.com\\\/zh-hans\\\/\"},{\"@type\":\"ListItem\",\"position\":2,\"name\":\"Tribunal judiciaire de Mans, le 25 septembre 2025, n\u00b023\\\/01195\"}]},{\"@type\":\"WebSite\",\"@id\":\"https:\\\/\\\/kohenavocats.com\\\/zh-hans\\\/#website\",\"url\":\"https:\\\/\\\/kohenavocats.com\\\/zh-hans\\\/\",\"name\":\"Kohen Avocats\",\"description\":\"Ma\u00eetre Hassan Kohen, avocat p\u00e9naliste \u00e0 Paris, intervient exclusivement en droit p\u00e9nal pour la d\u00e9fense des particuliers, notamment en mati\u00e8re d\u2019accusations de viol. Il assure un accompagnement rigoureux d\u00e8s la garde \u00e0 vue jusqu\u2019\u00e0 la Cour d\u2019assises, veillant au strict respect des garanties proc\u00e9durales.\",\"publisher\":{\"@id\":\"https:\\\/\\\/kohenavocats.com\\\/zh-hans\\\/#organization\"},\"potentialAction\":[{\"@type\":\"SearchAction\",\"target\":{\"@type\":\"EntryPoint\",\"urlTemplate\":\"https:\\\/\\\/kohenavocats.com\\\/zh-hans\\\/?s={search_term_string}\"},\"query-input\":{\"@type\":\"PropertyValueSpecification\",\"valueRequired\":true,\"valueName\":\"search_term_string\"}}],\"inLanguage\":\"zh-Hans\"},{\"@type\":\"Organization\",\"@id\":\"https:\\\/\\\/kohenavocats.com\\\/zh-hans\\\/#organization\",\"name\":\"Kohen Avocats\",\"url\":\"https:\\\/\\\/kohenavocats.com\\\/zh-hans\\\/\",\"logo\":{\"@type\":\"ImageObject\",\"inLanguage\":\"zh-Hans\",\"@id\":\"https:\\\/\\\/kohenavocats.com\\\/zh-hans\\\/#\\\/schema\\\/logo\\\/image\\\/\",\"url\":\"https:\\\/\\\/kohenavocats.com\\\/wp-content\\\/uploads\\\/2026\\\/01\\\/Logo-2-1.webp\",\"contentUrl\":\"https:\\\/\\\/kohenavocats.com\\\/wp-content\\\/uploads\\\/2026\\\/01\\\/Logo-2-1.webp\",\"width\":2114,\"height\":1253,\"caption\":\"Kohen Avocats\"},\"image\":{\"@id\":\"https:\\\/\\\/kohenavocats.com\\\/zh-hans\\\/#\\\/schema\\\/logo\\\/image\\\/\"}},{\"@type\":\"Person\",\"@id\":\"https:\\\/\\\/kohenavocats.com\\\/zh-hans\\\/#\\\/schema\\\/person\\\/761c9ba54fa1ca84d405cef0831ff751\",\"name\":\"Kohen\",\"image\":{\"@type\":\"ImageObject\",\"inLanguage\":\"zh-Hans\",\"@id\":\"https:\\\/\\\/secure.gravatar.com\\\/avatar\\\/1c5e76ef76bbbfdd2b4da984e2bf2fa4056fd51a27d25ce2c332047f1dfd6e00?s=96&d=identicon&r=g\",\"url\":\"https:\\\/\\\/secure.gravatar.com\\\/avatar\\\/1c5e76ef76bbbfdd2b4da984e2bf2fa4056fd51a27d25ce2c332047f1dfd6e00?s=96&d=identicon&r=g\",\"contentUrl\":\"https:\\\/\\\/secure.gravatar.com\\\/avatar\\\/1c5e76ef76bbbfdd2b4da984e2bf2fa4056fd51a27d25ce2c332047f1dfd6e00?s=96&d=identicon&r=g\",\"caption\":\"Kohen\"},\"sameAs\":[\"https:\\\/\\\/www.linkedin.com\\\/in\\\/hassan-kohen-448548192\\\/\",\"https:\\\/\\\/www.youtube.com\\\/@Kohen-Avocats\"],\"url\":\"https:\\\/\\\/kohenavocats.com\\\/zh-hans\\\/author\\\/kohenmlk\\\/\"}]}<\/script>\n<!-- \/ Yoast SEO Premium plugin. -->","yoast_head_json":{"title":"Tribunal judiciaire de Mans, le 25 septembre 2025, n\u00b023\/01195 - Ma\u00eetre Hassan Kohen, avocat en droit p\u00e9nal \u00e0 Paris","description":"Le Tribunal judiciaire du Mans, juge de la mise en \u00e9tat, rend une ordonnance le vingt-cinq septembre deux mille vingt-cinq. L'affaire concerne une opposition...","robots":{"index":"index","follow":"follow","max-snippet":"max-snippet:-1","max-image-preview":"max-image-preview:large","max-video-preview":"max-video-preview:-1"},"canonical":"https:\/\/kohenavocats.com\/zh-hans\/tribunal-judiciaire-de-mans-le-25-septembre-2025-n23-01195\/","og_locale":"zh_CN","og_type":"article","og_title":"Tribunal judiciaire de Mans, le 25 septembre 2025, n\u00b023\/01195","og_description":"Le Tribunal judiciaire du Mans, juge de la mise en \u00e9tat, rend une ordonnance le vingt-cinq septembre deux mille vingt-cinq. L'affaire concerne une opposition...","og_url":"https:\/\/kohenavocats.com\/zh-hans\/tribunal-judiciaire-de-mans-le-25-septembre-2025-n23-01195\/","og_site_name":"Ma\u00eetre Hassan Kohen, avocat en droit p\u00e9nal \u00e0 Paris","article_published_time":"2026-04-23T15:55:38+00:00","og_image":[{"width":5151,"height":3434,"url":"https:\/\/kohenavocats.com\/wp-content\/uploads\/2024\/08\/anthony-delanoix-fVm02RclkKc-unsplash.webp","type":"image\/webp"}],"author":"Kohen","twitter_card":"summary_large_image","twitter_misc":{"\u4f5c\u8005":"Kohen","\u9884\u8ba1\u9605\u8bfb\u65f6\u95f4":"3 \u5206"},"schema":{"@context":"https:\/\/schema.org","@graph":[{"@type":"Article","@id":"https:\/\/kohenavocats.com\/zh-hans\/tribunal-judiciaire-de-mans-le-25-septembre-2025-n23-01195\/#article","isPartOf":{"@id":"https:\/\/kohenavocats.com\/zh-hans\/tribunal-judiciaire-de-mans-le-25-septembre-2025-n23-01195\/"},"author":{"name":"Kohen","@id":"https:\/\/kohenavocats.com\/zh-hans\/#\/schema\/person\/761c9ba54fa1ca84d405cef0831ff751"},"headline":"Tribunal judiciaire de Mans, le 25 septembre 2025, n\u00b023\/01195","datePublished":"2026-04-23T15:55:38+00:00","mainEntityOfPage":{"@id":"https:\/\/kohenavocats.com\/zh-hans\/tribunal-judiciaire-de-mans-le-25-septembre-2025-n23-01195\/"},"wordCount":605,"commentCount":0,"publisher":{"@id":"https:\/\/kohenavocats.com\/zh-hans\/#organization"},"image":{"@id":"https:\/\/kohenavocats.com\/zh-hans\/tribunal-judiciaire-de-mans-le-25-septembre-2025-n23-01195\/#primaryimage"},"thumbnailUrl":"https:\/\/kohenavocats.com\/wp-content\/uploads\/2024\/08\/anthony-delanoix-fVm02RclkKc-unsplash.webp","articleSection":["Jurisprudence"],"inLanguage":"zh-Hans","potentialAction":[{"@type":"CommentAction","name":"Comment","target":["https:\/\/kohenavocats.com\/zh-hans\/tribunal-judiciaire-de-mans-le-25-septembre-2025-n23-01195\/#respond"]}],"citation":"Tribunal judiciaire de Mans, le 25 septembre 2025, n\u00b023\/01195","about":[{"@type":"Thing","name":"Jurisprudence"}],"dateModified":"2026-04-23T15:55:38+00:00","speakable":{"@type":"SpeakableSpecification","cssSelector":[".article-content > p:first-of-type"]}},{"@type":"WebPage","@id":"https:\/\/kohenavocats.com\/zh-hans\/tribunal-judiciaire-de-mans-le-25-septembre-2025-n23-01195\/","url":"https:\/\/kohenavocats.com\/zh-hans\/tribunal-judiciaire-de-mans-le-25-septembre-2025-n23-01195\/","name":"Tribunal judiciaire de Mans, le 25 septembre 2025, n\u00b023\/01195 - Ma\u00eetre Hassan Kohen, avocat en droit p\u00e9nal \u00e0 Paris","isPartOf":{"@id":"https:\/\/kohenavocats.com\/zh-hans\/#website"},"primaryImageOfPage":{"@id":"https:\/\/kohenavocats.com\/zh-hans\/tribunal-judiciaire-de-mans-le-25-septembre-2025-n23-01195\/#primaryimage"},"image":{"@id":"https:\/\/kohenavocats.com\/zh-hans\/tribunal-judiciaire-de-mans-le-25-septembre-2025-n23-01195\/#primaryimage"},"thumbnailUrl":"https:\/\/kohenavocats.com\/wp-content\/uploads\/2024\/08\/anthony-delanoix-fVm02RclkKc-unsplash.webp","datePublished":"2026-04-23T15:55:38+00:00","description":"Le Tribunal judiciaire du Mans, juge de la mise en \u00e9tat, rend une ordonnance le vingt-cinq septembre deux mille vingt-cinq. L'affaire concerne une opposition...","breadcrumb":{"@id":"https:\/\/kohenavocats.com\/zh-hans\/tribunal-judiciaire-de-mans-le-25-septembre-2025-n23-01195\/#breadcrumb"},"inLanguage":"zh-Hans","potentialAction":[{"@type":"ReadAction","target":["https:\/\/kohenavocats.com\/zh-hans\/tribunal-judiciaire-de-mans-le-25-septembre-2025-n23-01195\/"]}]},{"@type":"ImageObject","inLanguage":"zh-Hans","@id":"https:\/\/kohenavocats.com\/zh-hans\/tribunal-judiciaire-de-mans-le-25-septembre-2025-n23-01195\/#primaryimage","url":"https:\/\/kohenavocats.com\/wp-content\/uploads\/2024\/08\/anthony-delanoix-fVm02RclkKc-unsplash.webp","contentUrl":"https:\/\/kohenavocats.com\/wp-content\/uploads\/2024\/08\/anthony-delanoix-fVm02RclkKc-unsplash.webp","width":5151,"height":3434},{"@type":"BreadcrumbList","@id":"https:\/\/kohenavocats.com\/zh-hans\/tribunal-judiciaire-de-mans-le-25-septembre-2025-n23-01195\/#breadcrumb","itemListElement":[{"@type":"ListItem","position":1,"name":"Home","item":"https:\/\/kohenavocats.com\/zh-hans\/"},{"@type":"ListItem","position":2,"name":"Tribunal judiciaire de Mans, le 25 septembre 2025, n\u00b023\/01195"}]},{"@type":"WebSite","@id":"https:\/\/kohenavocats.com\/zh-hans\/#website","url":"https:\/\/kohenavocats.com\/zh-hans\/","name":"Kohen Avocats","description":"Ma\u00eetre Hassan Kohen, avocat p\u00e9naliste \u00e0 Paris, intervient exclusivement en droit p\u00e9nal pour la d\u00e9fense des particuliers, notamment en mati\u00e8re d\u2019accusations de viol. Il assure un accompagnement rigoureux d\u00e8s la garde \u00e0 vue jusqu\u2019\u00e0 la Cour d\u2019assises, veillant au strict respect des garanties proc\u00e9durales.","publisher":{"@id":"https:\/\/kohenavocats.com\/zh-hans\/#organization"},"potentialAction":[{"@type":"SearchAction","target":{"@type":"EntryPoint","urlTemplate":"https:\/\/kohenavocats.com\/zh-hans\/?s={search_term_string}"},"query-input":{"@type":"PropertyValueSpecification","valueRequired":true,"valueName":"search_term_string"}}],"inLanguage":"zh-Hans"},{"@type":"Organization","@id":"https:\/\/kohenavocats.com\/zh-hans\/#organization","name":"Kohen Avocats","url":"https:\/\/kohenavocats.com\/zh-hans\/","logo":{"@type":"ImageObject","inLanguage":"zh-Hans","@id":"https:\/\/kohenavocats.com\/zh-hans\/#\/schema\/logo\/image\/","url":"https:\/\/kohenavocats.com\/wp-content\/uploads\/2026\/01\/Logo-2-1.webp","contentUrl":"https:\/\/kohenavocats.com\/wp-content\/uploads\/2026\/01\/Logo-2-1.webp","width":2114,"height":1253,"caption":"Kohen Avocats"},"image":{"@id":"https:\/\/kohenavocats.com\/zh-hans\/#\/schema\/logo\/image\/"}},{"@type":"Person","@id":"https:\/\/kohenavocats.com\/zh-hans\/#\/schema\/person\/761c9ba54fa1ca84d405cef0831ff751","name":"Kohen","image":{"@type":"ImageObject","inLanguage":"zh-Hans","@id":"https:\/\/secure.gravatar.com\/avatar\/1c5e76ef76bbbfdd2b4da984e2bf2fa4056fd51a27d25ce2c332047f1dfd6e00?s=96&d=identicon&r=g","url":"https:\/\/secure.gravatar.com\/avatar\/1c5e76ef76bbbfdd2b4da984e2bf2fa4056fd51a27d25ce2c332047f1dfd6e00?s=96&d=identicon&r=g","contentUrl":"https:\/\/secure.gravatar.com\/avatar\/1c5e76ef76bbbfdd2b4da984e2bf2fa4056fd51a27d25ce2c332047f1dfd6e00?s=96&d=identicon&r=g","caption":"Kohen"},"sameAs":["https:\/\/www.linkedin.com\/in\/hassan-kohen-448548192\/","https:\/\/www.youtube.com\/@Kohen-Avocats"],"url":"https:\/\/kohenavocats.com\/zh-hans\/author\/kohenmlk\/"}]}},"jetpack_featured_media_url":"https:\/\/kohenavocats.com\/wp-content\/uploads\/2024\/08\/anthony-delanoix-fVm02RclkKc-unsplash.webp","jetpack_likes_enabled":false,"jetpack_shortlink":"https:\/\/wp.me\/peCrII-2M8C","jetpack-related-posts":[{"id":682260,"url":"https:\/\/kohenavocats.com\/zh-hans\/tribunal-judiciaire-de-bordeaux-le-18-septembre-2025-n25-02733\/","url_meta":{"origin":661702,"position":0},"title":"Tribunal judiciaire de Bordeaux, le 18 septembre 2025, n\u00b025\/02733","author":"Kohen","date":"2026\u5e744\u670825\u65e5","format":false,"excerpt":"Le tribunal judiciaire de Bordeaux, septi\u00e8me chamb\u2026","rel":"","context":"\u5728\u201cJurisprudence\u201d\u4e2d","block_context":{"text":"Jurisprudence","link":"https:\/\/kohenavocats.com\/category\/jurisprudence\/"},"img":{"alt_text":"","src":"https:\/\/i0.wp.com\/kohenavocats.com\/wp-content\/uploads\/2024\/11\/laura-adai-QMJsqsUvCmA-unsplash.webp?resize=350%2C200&ssl=1","width":350,"height":200,"srcset":"https:\/\/i0.wp.com\/kohenavocats.com\/wp-content\/uploads\/2024\/11\/laura-adai-QMJsqsUvCmA-unsplash.webp?resize=350%2C200&ssl=1 1x, https:\/\/i0.wp.com\/kohenavocats.com\/wp-content\/uploads\/2024\/11\/laura-adai-QMJsqsUvCmA-unsplash.webp?resize=525%2C300&ssl=1 1.5x, https:\/\/i0.wp.com\/kohenavocats.com\/wp-content\/uploads\/2024\/11\/laura-adai-QMJsqsUvCmA-unsplash.webp?resize=700%2C400&ssl=1 2x, https:\/\/i0.wp.com\/kohenavocats.com\/wp-content\/uploads\/2024\/11\/laura-adai-QMJsqsUvCmA-unsplash.webp?resize=1050%2C600&ssl=1 3x, https:\/\/i0.wp.com\/kohenavocats.com\/wp-content\/uploads\/2024\/11\/laura-adai-QMJsqsUvCmA-unsplash.webp?resize=1400%2C800&ssl=1 4x"},"classes":[]},{"id":652356,"url":"https:\/\/kohenavocats.com\/zh-hans\/tribunal-judiciaire-de-bordeaux-le-2-octobre-2025-n25-03558\/","url_meta":{"origin":661702,"position":1},"title":"Tribunal judiciaire de Bordeaux, le 2 octobre 2025, n\u00b025\/03558","author":"Kohen","date":"2026\u5e744\u670822\u65e5","format":false,"excerpt":"Le Tribunal judiciaire de Bordeaux, septi\u00e8me chamb\u2026","rel":"","context":"\u5728\u201cJurisprudence\u201d\u4e2d","block_context":{"text":"Jurisprudence","link":"https:\/\/kohenavocats.com\/category\/jurisprudence\/"},"img":{"alt_text":"","src":"https:\/\/i0.wp.com\/kohenavocats.com\/wp-content\/uploads\/2024\/11\/getty-images-xD4-IJN1DF8-unsplash.webp?resize=350%2C200&ssl=1","width":350,"height":200,"srcset":"https:\/\/i0.wp.com\/kohenavocats.com\/wp-content\/uploads\/2024\/11\/getty-images-xD4-IJN1DF8-unsplash.webp?resize=350%2C200&ssl=1 1x, https:\/\/i0.wp.com\/kohenavocats.com\/wp-content\/uploads\/2024\/11\/getty-images-xD4-IJN1DF8-unsplash.webp?resize=525%2C300&ssl=1 1.5x, https:\/\/i0.wp.com\/kohenavocats.com\/wp-content\/uploads\/2024\/11\/getty-images-xD4-IJN1DF8-unsplash.webp?resize=700%2C400&ssl=1 2x, https:\/\/i0.wp.com\/kohenavocats.com\/wp-content\/uploads\/2024\/11\/getty-images-xD4-IJN1DF8-unsplash.webp?resize=1050%2C600&ssl=1 3x, https:\/\/i0.wp.com\/kohenavocats.com\/wp-content\/uploads\/2024\/11\/getty-images-xD4-IJN1DF8-unsplash.webp?resize=1400%2C800&ssl=1 4x"},"classes":[]},{"id":670152,"url":"https:\/\/kohenavocats.com\/zh-hans\/tribunal-judiciaire-de-bordeaux-le-18-septembre-2025-n25-02931\/","url_meta":{"origin":661702,"position":2},"title":"Tribunal judiciaire de Bordeaux, le 18 septembre 2025, n\u00b025\/02931","author":"Kohen","date":"2026\u5e744\u670824\u65e5","format":false,"excerpt":"Le tribunal judiciaire de Bordeaux, septi\u00e8me chamb\u2026","rel":"","context":"\u5728\u201cJurisprudence\u201d\u4e2d","block_context":{"text":"Jurisprudence","link":"https:\/\/kohenavocats.com\/category\/jurisprudence\/"},"img":{"alt_text":"","src":"https:\/\/i0.wp.com\/kohenavocats.com\/wp-content\/uploads\/2024\/08\/pierre-chatel-innocenti-5ASZ_qxS9dQ-unsplash.webp?resize=350%2C200&ssl=1","width":350,"height":200,"srcset":"https:\/\/i0.wp.com\/kohenavocats.com\/wp-content\/uploads\/2024\/08\/pierre-chatel-innocenti-5ASZ_qxS9dQ-unsplash.webp?resize=350%2C200&ssl=1 1x, https:\/\/i0.wp.com\/kohenavocats.com\/wp-content\/uploads\/2024\/08\/pierre-chatel-innocenti-5ASZ_qxS9dQ-unsplash.webp?resize=525%2C300&ssl=1 1.5x, https:\/\/i0.wp.com\/kohenavocats.com\/wp-content\/uploads\/2024\/08\/pierre-chatel-innocenti-5ASZ_qxS9dQ-unsplash.webp?resize=700%2C400&ssl=1 2x, https:\/\/i0.wp.com\/kohenavocats.com\/wp-content\/uploads\/2024\/08\/pierre-chatel-innocenti-5ASZ_qxS9dQ-unsplash.webp?resize=1050%2C600&ssl=1 3x, https:\/\/i0.wp.com\/kohenavocats.com\/wp-content\/uploads\/2024\/08\/pierre-chatel-innocenti-5ASZ_qxS9dQ-unsplash.webp?resize=1400%2C800&ssl=1 4x"},"classes":[]},{"id":670072,"url":"https:\/\/kohenavocats.com\/zh-hans\/tribunal-judiciaire-de-bordeaux-le-18-septembre-2025-n25-02036\/","url_meta":{"origin":661702,"position":3},"title":"Tribunal judiciaire de Bordeaux, le 18 septembre 2025, n\u00b025\/02036","author":"Kohen","date":"2026\u5e744\u670824\u65e5","format":false,"excerpt":"Le Tribunal judiciaire de Bordeaux, septi\u00e8me chamb\u2026","rel":"","context":"\u5728\u201cJurisprudence\u201d\u4e2d","block_context":{"text":"Jurisprudence","link":"https:\/\/kohenavocats.com\/category\/jurisprudence\/"},"img":{"alt_text":"","src":"https:\/\/i0.wp.com\/kohenavocats.com\/wp-content\/uploads\/2024\/08\/ionut-dobre-nnlVXi1lp3k-unsplash.webp?resize=350%2C200&ssl=1","width":350,"height":200,"srcset":"https:\/\/i0.wp.com\/kohenavocats.com\/wp-content\/uploads\/2024\/08\/ionut-dobre-nnlVXi1lp3k-unsplash.webp?resize=350%2C200&ssl=1 1x, https:\/\/i0.wp.com\/kohenavocats.com\/wp-content\/uploads\/2024\/08\/ionut-dobre-nnlVXi1lp3k-unsplash.webp?resize=525%2C300&ssl=1 1.5x, https:\/\/i0.wp.com\/kohenavocats.com\/wp-content\/uploads\/2024\/08\/ionut-dobre-nnlVXi1lp3k-unsplash.webp?resize=700%2C400&ssl=1 2x, https:\/\/i0.wp.com\/kohenavocats.com\/wp-content\/uploads\/2024\/08\/ionut-dobre-nnlVXi1lp3k-unsplash.webp?resize=1050%2C600&ssl=1 3x, https:\/\/i0.wp.com\/kohenavocats.com\/wp-content\/uploads\/2024\/08\/ionut-dobre-nnlVXi1lp3k-unsplash.webp?resize=1400%2C800&ssl=1 4x"},"classes":[]},{"id":662895,"url":"https:\/\/kohenavocats.com\/zh-hans\/tribunal-judiciaire-de-paris-le-25-septembre-2025-n25-04292\/","url_meta":{"origin":661702,"position":4},"title":"Tribunal judiciaire de Paris, le 25 septembre 2025, n\u00b025\/04292","author":"Kohen","date":"2026\u5e744\u670823\u65e5","format":false,"excerpt":"Le Tribunal judiciaire de Paris, statuant en tant \u2026","rel":"","context":"\u5728\u201cJurisprudence\u201d\u4e2d","block_context":{"text":"Jurisprudence","link":"https:\/\/kohenavocats.com\/category\/jurisprudence\/"},"img":{"alt_text":"","src":"https:\/\/i0.wp.com\/kohenavocats.com\/wp-content\/uploads\/2024\/11\/pawel-czerwinski-5bDy-13w_Nc-unsplash.webp?resize=350%2C200&ssl=1","width":350,"height":200,"srcset":"https:\/\/i0.wp.com\/kohenavocats.com\/wp-content\/uploads\/2024\/11\/pawel-czerwinski-5bDy-13w_Nc-unsplash.webp?resize=350%2C200&ssl=1 1x, https:\/\/i0.wp.com\/kohenavocats.com\/wp-content\/uploads\/2024\/11\/pawel-czerwinski-5bDy-13w_Nc-unsplash.webp?resize=525%2C300&ssl=1 1.5x, https:\/\/i0.wp.com\/kohenavocats.com\/wp-content\/uploads\/2024\/11\/pawel-czerwinski-5bDy-13w_Nc-unsplash.webp?resize=700%2C400&ssl=1 2x, https:\/\/i0.wp.com\/kohenavocats.com\/wp-content\/uploads\/2024\/11\/pawel-czerwinski-5bDy-13w_Nc-unsplash.webp?resize=1050%2C600&ssl=1 3x, https:\/\/i0.wp.com\/kohenavocats.com\/wp-content\/uploads\/2024\/11\/pawel-czerwinski-5bDy-13w_Nc-unsplash.webp?resize=1400%2C800&ssl=1 4x"},"classes":[]},{"id":667360,"url":"https:\/\/kohenavocats.com\/zh-hans\/tribunal-judiciaire-de-meaux-le-23-septembre-2025-n24-04749\/","url_meta":{"origin":661702,"position":5},"title":"Tribunal judiciaire de Meaux, le 23 septembre 2025, n\u00b024\/04749","author":"Kohen","date":"2026\u5e744\u670824\u65e5","format":false,"excerpt":"La premi\u00e8re chambre du tribunal judiciaire de Meau\u2026","rel":"","context":"\u5728\u201cJurisprudence\u201d\u4e2d","block_context":{"text":"Jurisprudence","link":"https:\/\/kohenavocats.com\/category\/jurisprudence\/"},"img":{"alt_text":"","src":"https:\/\/i0.wp.com\/kohenavocats.com\/wp-content\/uploads\/2024\/11\/aakash-dhage-mpt624SvwS4-unsplash.webp?resize=350%2C200&ssl=1","width":350,"height":200,"srcset":"https:\/\/i0.wp.com\/kohenavocats.com\/wp-content\/uploads\/2024\/11\/aakash-dhage-mpt624SvwS4-unsplash.webp?resize=350%2C200&ssl=1 1x, https:\/\/i0.wp.com\/kohenavocats.com\/wp-content\/uploads\/2024\/11\/aakash-dhage-mpt624SvwS4-unsplash.webp?resize=525%2C300&ssl=1 1.5x, https:\/\/i0.wp.com\/kohenavocats.com\/wp-content\/uploads\/2024\/11\/aakash-dhage-mpt624SvwS4-unsplash.webp?resize=700%2C400&ssl=1 2x, https:\/\/i0.wp.com\/kohenavocats.com\/wp-content\/uploads\/2024\/11\/aakash-dhage-mpt624SvwS4-unsplash.webp?resize=1050%2C600&ssl=1 3x, https:\/\/i0.wp.com\/kohenavocats.com\/wp-content\/uploads\/2024\/11\/aakash-dhage-mpt624SvwS4-unsplash.webp?resize=1400%2C800&ssl=1 4x"},"classes":[]}],"jetpack_sharing_enabled":true,"_links":{"self":[{"href":"https:\/\/kohenavocats.com\/zh-hans\/wp-json\/wp\/v2\/posts\/661702","targetHints":{"allow":["GET"]}}],"collection":[{"href":"https:\/\/kohenavocats.com\/zh-hans\/wp-json\/wp\/v2\/posts"}],"about":[{"href":"https:\/\/kohenavocats.com\/zh-hans\/wp-json\/wp\/v2\/types\/post"}],"author":[{"embeddable":true,"href":"https:\/\/kohenavocats.com\/zh-hans\/wp-json\/wp\/v2\/users\/232070755"}],"replies":[{"embeddable":true,"href":"https:\/\/kohenavocats.com\/zh-hans\/wp-json\/wp\/v2\/comments?post=661702"}],"version-history":[{"count":0,"href":"https:\/\/kohenavocats.com\/zh-hans\/wp-json\/wp\/v2\/posts\/661702\/revisions"}],"wp:featuredmedia":[{"embeddable":true,"href":"https:\/\/kohenavocats.com\/zh-hans\/wp-json\/wp\/v2\/media\/4715"}],"wp:attachment":[{"href":"https:\/\/kohenavocats.com\/zh-hans\/wp-json\/wp\/v2\/media?parent=661702"}],"wp:term":[{"taxonomy":"category","embeddable":true,"href":"https:\/\/kohenavocats.com\/zh-hans\/wp-json\/wp\/v2\/categories?post=661702"},{"taxonomy":"post_tag","embeddable":true,"href":"https:\/\/kohenavocats.com\/zh-hans\/wp-json\/wp\/v2\/tags?post=661702"}],"curies":[{"name":"wp","href":"https:\/\/api.w.org\/{rel}","templated":true}]}}