{"id":661824,"date":"2026-04-23T18:09:26","date_gmt":"2026-04-23T16:09:26","guid":{"rendered":"https:\/\/kohenavocats.com\/tribunal-judiciaire-de-rodez-le-6-juillet-1989-n25-00897\/"},"modified":"2026-04-23T18:09:26","modified_gmt":"2026-04-23T16:09:26","slug":"tribunal-judiciaire-de-rodez-le-6-juillet-1989-n25-00897","status":"publish","type":"post","link":"https:\/\/kohenavocats.com\/zh-hans\/tribunal-judiciaire-de-rodez-le-6-juillet-1989-n25-00897\/","title":{"rendered":"Tribunal judiciaire de Rodez, le 6 juillet 1989, n\u00b025\/00897"},"content":{"rendered":"<div class=\"article-content\">\n<p>Le juge des contentieux de la protection, statuant par jugement r\u00e9put\u00e9 contradictoire, constate la r\u00e9siliation d\u2019un bail pour impay\u00e9s et ordonne l\u2019expulsion du locataire. Il statue sur la recevabilit\u00e9 de la demande du bailleur et sur le fond, en application de la loi du 6 juillet 1989.<\/p>\n<p>La r\u00e9gularit\u00e9 proc\u00e9durale de la demande en r\u00e9siliation<\/p>\n<p>Le juge v\u00e9rifie d\u2019office le respect des conditions de recevabilit\u00e9 \u00e9dict\u00e9es par la loi. L\u2019article 24 II de la loi n\u00b0 89-462 du 6 juillet 1989 impose un d\u00e9lai de saisine pr\u00e9alable de la commission. &#8220;Les bailleurs personnes morales autres qu&#8217;une soci\u00e9t\u00e9 civile constitu\u00e9e exclusivement entre parents et alli\u00e9s jusqu&#8217;au 4\u00e8me degr\u00e9 inclus ne peuvent faire d\u00e9livrer, sous peine d&#8217;irrecevabilit\u00e9 de la demande, une assignation aux fins de constat de r\u00e9siliation du bail avant l&#8217;expiration d&#8217;un d\u00e9lai de deux mois suivant la saisine de la commission&#8221; (article 24 II). La transmission du commandement \u00e0 la commission plus de deux mois avant l\u2019assignation satisfait cette exigence.<\/p>\n<p>La notification de l\u2019assignation au pr\u00e9fet dans les d\u00e9lais est \u00e9galement contr\u00f4l\u00e9e. L\u2019article 24 III dispose que &#8220;A peine d&#8217;irrecevabilit\u00e9 de la demande, l&#8217;assignation aux fins de constat de la r\u00e9siliation est notifi\u00e9e (\u2026) au repr\u00e9sentant de l&#8217;Etat dans le d\u00e9partement (\u2026) au moins deux mois avant l&#8217;audience&#8221; (article 24 III). La notification r\u00e9guli\u00e8re six semaines avant l\u2019audience, conforme au texte modifi\u00e9, assure la recevabilit\u00e9. Cette analyse rigoureuse prot\u00e8ge les droits de la partie d\u00e9fenderesse absente.<\/p>\n<p>L\u2019application du r\u00e9gime de la clause r\u00e9solutoire<\/p>\n<p>Le juge op\u00e8re une conciliation entre la clause contractuelle et la loi nouvelle modifiant les d\u00e9lais. Le contrat pr\u00e9voyait un d\u00e9lai de deux mois apr\u00e8s commandement infructueux. &#8220;En l&#8217;absence de dispositions transitoires, il convient d&#8217;appliquer le d\u00e9lai de deux mois contractuel&#8221; (point 4\u00b0). Le juge retient donc la date d\u2019effet contractuelle, pr\u00e9servant la force obligatoire du contrat initial.<\/p>\n<p>La gravit\u00e9 des manquements justifie l\u2019acquisition de la clause. L\u2019inex\u00e9cution est caract\u00e9ris\u00e9e par l\u2019importance du solde locatif impay\u00e9. &#8220;Le fait que le locataire n&#8217;ait pas r\u00e9gl\u00e9 les sommes dues dans le d\u00e9lai de deux mois du commandement de payer, soit le 24 avril 2025, entra\u00eene la r\u00e9siliation du bail par acquisition de la clause r\u00e9solutoire&#8221; (point 4\u00b0). Cette solution est conforme \u00e0 la jurisprudence ant\u00e9rieure. &#8220;Ce commandement est demeur\u00e9 infructueux pendant plus de six semaines (\u2026) de sorte qu&#8217;il y a lieu de constater que les conditions d&#8217;acquisition de la clause r\u00e9solutoire (\u2026) \u00e9taient r\u00e9unies&#8221; (Tribunal judiciaire de N\u00eemes, le 31 mars 2025, n\u00b024\/01286).<\/p>\n<p>La d\u00e9cision affirme la primaut\u00e9 de l\u2019obligation de payer le loyer. Elle rappelle que des difficult\u00e9s personnelles ne font pas obstacle \u00e0 la r\u00e9solution pour manquement grave. Le juge use de son pouvoir d\u2019appr\u00e9ciation pour constater la r\u00e9siliation \u00e0 la date contractuelle. Il en d\u00e9duit l\u2019obligation de lib\u00e9rer les lieux et le versement d\u2019une indemnit\u00e9 d\u2019occupation. Cette rigueur assure la s\u00e9curit\u00e9 juridique des bailleurs face aux impay\u00e9s r\u00e9p\u00e9t\u00e9s.<\/p>\n<\/div>\n","protected":false},"excerpt":{"rendered":"<p>Le juge des contentieux de la protection, statuant par jugement r\u00e9put\u00e9 contradictoire, constate la r\u00e9siliation d\u2019un bail pour impay\u00e9s et ordonne l\u2019expulsion &#8230;<\/p>\n","protected":false},"author":232070755,"featured_media":9457,"comment_status":"open","ping_status":"open","sticky":false,"template":"","format":"standard","meta":{"_crdt_document":"","_jetpack_newsletter_access":"","_jetpack_dont_email_post_to_subs":false,"_jetpack_newsletter_tier_id":0,"_jetpack_memberships_contains_paywalled_content":false,"_jetpack_memberships_contains_paid_content":false,"footnotes":"","jetpack_post_was_ever_published":false},"categories":[7597],"tags":[],"class_list":["post-661824","post","type-post","status-publish","format-standard","has-post-thumbnail","hentry","category-jurisprudence"],"yoast_head":"<!-- This site is optimized with the Yoast SEO Premium plugin v27.4 (Yoast SEO v27.4) - https:\/\/yoast.com\/product\/yoast-seo-premium-wordpress\/ -->\n<title>Tribunal judiciaire de Rodez, le 6 juillet 1989, n\u00b025\/00897 - Ma\u00eetre Hassan Kohen, avocat en droit p\u00e9nal \u00e0 Paris<\/title>\n<meta name=\"description\" content=\"Le juge des contentieux de la protection, statuant par jugement r\u00e9put\u00e9 contradictoire, constate la r\u00e9siliation d\u2019un bail pour impay\u00e9s et ordonne l\u2019expulsion ...\" \/>\n<meta name=\"robots\" content=\"index, follow, max-snippet:-1, max-image-preview:large, max-video-preview:-1\" \/>\n<link rel=\"canonical\" href=\"https:\/\/kohenavocats.com\/zh-hans\/tribunal-judiciaire-de-rodez-le-6-juillet-1989-n25-00897\/\" \/>\n<meta property=\"og:locale\" content=\"zh_CN\" \/>\n<meta property=\"og:type\" content=\"article\" \/>\n<meta property=\"og:title\" content=\"Tribunal judiciaire de Rodez, le 6 juillet 1989, n\u00b025\/00897\" \/>\n<meta property=\"og:description\" content=\"Le juge des contentieux de la protection, statuant par jugement r\u00e9put\u00e9 contradictoire, constate la r\u00e9siliation d\u2019un bail pour impay\u00e9s et ordonne l\u2019expulsion ...\" \/>\n<meta property=\"og:url\" content=\"https:\/\/kohenavocats.com\/zh-hans\/tribunal-judiciaire-de-rodez-le-6-juillet-1989-n25-00897\/\" \/>\n<meta property=\"og:site_name\" content=\"Ma\u00eetre Hassan Kohen, avocat en droit p\u00e9nal \u00e0 Paris\" \/>\n<meta property=\"article:published_time\" content=\"2026-04-23T16:09:26+00:00\" \/>\n<meta property=\"og:image\" content=\"https:\/\/kohenavocats.com\/wp-content\/uploads\/2024\/11\/getty-images-FZXDalHMmRM-unsplash.webp\" \/>\n\t<meta property=\"og:image:width\" content=\"2800\" \/>\n\t<meta property=\"og:image:height\" content=\"2100\" \/>\n\t<meta property=\"og:image:type\" content=\"image\/webp\" \/>\n<meta name=\"author\" content=\"Kohen\" \/>\n<meta name=\"twitter:card\" content=\"summary_large_image\" \/>\n<meta name=\"twitter:label1\" content=\"\u4f5c\u8005\" \/>\n\t<meta name=\"twitter:data1\" content=\"Kohen\" \/>\n\t<meta name=\"twitter:label2\" content=\"\u9884\u8ba1\u9605\u8bfb\u65f6\u95f4\" \/>\n\t<meta name=\"twitter:data2\" content=\"3 \u5206\" \/>\n<script type=\"application\/ld+json\" class=\"yoast-schema-graph\">{\"@context\":\"https:\\\/\\\/schema.org\",\"@graph\":[{\"@type\":\"Article\",\"@id\":\"https:\\\/\\\/kohenavocats.com\\\/zh-hans\\\/tribunal-judiciaire-de-rodez-le-6-juillet-1989-n25-00897\\\/#article\",\"isPartOf\":{\"@id\":\"https:\\\/\\\/kohenavocats.com\\\/zh-hans\\\/tribunal-judiciaire-de-rodez-le-6-juillet-1989-n25-00897\\\/\"},\"author\":{\"name\":\"Kohen\",\"@id\":\"https:\\\/\\\/kohenavocats.com\\\/zh-hans\\\/#\\\/schema\\\/person\\\/761c9ba54fa1ca84d405cef0831ff751\"},\"headline\":\"Tribunal judiciaire de Rodez, le 6 juillet 1989, n\u00b025\\\/00897\",\"datePublished\":\"2026-04-23T16:09:26+00:00\",\"mainEntityOfPage\":{\"@id\":\"https:\\\/\\\/kohenavocats.com\\\/zh-hans\\\/tribunal-judiciaire-de-rodez-le-6-juillet-1989-n25-00897\\\/\"},\"wordCount\":551,\"commentCount\":0,\"publisher\":{\"@id\":\"https:\\\/\\\/kohenavocats.com\\\/zh-hans\\\/#organization\"},\"image\":{\"@id\":\"https:\\\/\\\/kohenavocats.com\\\/zh-hans\\\/tribunal-judiciaire-de-rodez-le-6-juillet-1989-n25-00897\\\/#primaryimage\"},\"thumbnailUrl\":\"https:\\\/\\\/kohenavocats.com\\\/wp-content\\\/uploads\\\/2024\\\/11\\\/getty-images-FZXDalHMmRM-unsplash.webp\",\"articleSection\":[\"Jurisprudence\"],\"inLanguage\":\"zh-Hans\",\"potentialAction\":[{\"@type\":\"CommentAction\",\"name\":\"Comment\",\"target\":[\"https:\\\/\\\/kohenavocats.com\\\/zh-hans\\\/tribunal-judiciaire-de-rodez-le-6-juillet-1989-n25-00897\\\/#respond\"]}],\"citation\":\"Tribunal judiciaire de Rodez, le 6 juillet 1989, n\u00b025\\\/00897\",\"about\":[{\"@type\":\"Thing\",\"name\":\"Jurisprudence\"}],\"dateModified\":\"2026-04-23T16:09:26+00:00\",\"speakable\":{\"@type\":\"SpeakableSpecification\",\"cssSelector\":[\".article-content > p:first-of-type\"]}},{\"@type\":\"WebPage\",\"@id\":\"https:\\\/\\\/kohenavocats.com\\\/zh-hans\\\/tribunal-judiciaire-de-rodez-le-6-juillet-1989-n25-00897\\\/\",\"url\":\"https:\\\/\\\/kohenavocats.com\\\/zh-hans\\\/tribunal-judiciaire-de-rodez-le-6-juillet-1989-n25-00897\\\/\",\"name\":\"Tribunal judiciaire de Rodez, le 6 juillet 1989, n\u00b025\\\/00897 - Ma\u00eetre Hassan Kohen, avocat en droit p\u00e9nal \u00e0 Paris\",\"isPartOf\":{\"@id\":\"https:\\\/\\\/kohenavocats.com\\\/zh-hans\\\/#website\"},\"primaryImageOfPage\":{\"@id\":\"https:\\\/\\\/kohenavocats.com\\\/zh-hans\\\/tribunal-judiciaire-de-rodez-le-6-juillet-1989-n25-00897\\\/#primaryimage\"},\"image\":{\"@id\":\"https:\\\/\\\/kohenavocats.com\\\/zh-hans\\\/tribunal-judiciaire-de-rodez-le-6-juillet-1989-n25-00897\\\/#primaryimage\"},\"thumbnailUrl\":\"https:\\\/\\\/kohenavocats.com\\\/wp-content\\\/uploads\\\/2024\\\/11\\\/getty-images-FZXDalHMmRM-unsplash.webp\",\"datePublished\":\"2026-04-23T16:09:26+00:00\",\"description\":\"Le juge des contentieux de la protection, statuant par jugement r\u00e9put\u00e9 contradictoire, constate la r\u00e9siliation d\u2019un bail pour impay\u00e9s et ordonne l\u2019expulsion ...\",\"breadcrumb\":{\"@id\":\"https:\\\/\\\/kohenavocats.com\\\/zh-hans\\\/tribunal-judiciaire-de-rodez-le-6-juillet-1989-n25-00897\\\/#breadcrumb\"},\"inLanguage\":\"zh-Hans\",\"potentialAction\":[{\"@type\":\"ReadAction\",\"target\":[\"https:\\\/\\\/kohenavocats.com\\\/zh-hans\\\/tribunal-judiciaire-de-rodez-le-6-juillet-1989-n25-00897\\\/\"]}]},{\"@type\":\"ImageObject\",\"inLanguage\":\"zh-Hans\",\"@id\":\"https:\\\/\\\/kohenavocats.com\\\/zh-hans\\\/tribunal-judiciaire-de-rodez-le-6-juillet-1989-n25-00897\\\/#primaryimage\",\"url\":\"https:\\\/\\\/kohenavocats.com\\\/wp-content\\\/uploads\\\/2024\\\/11\\\/getty-images-FZXDalHMmRM-unsplash.webp\",\"contentUrl\":\"https:\\\/\\\/kohenavocats.com\\\/wp-content\\\/uploads\\\/2024\\\/11\\\/getty-images-FZXDalHMmRM-unsplash.webp\",\"width\":2800,\"height\":2100},{\"@type\":\"BreadcrumbList\",\"@id\":\"https:\\\/\\\/kohenavocats.com\\\/zh-hans\\\/tribunal-judiciaire-de-rodez-le-6-juillet-1989-n25-00897\\\/#breadcrumb\",\"itemListElement\":[{\"@type\":\"ListItem\",\"position\":1,\"name\":\"Home\",\"item\":\"https:\\\/\\\/kohenavocats.com\\\/zh-hans\\\/\"},{\"@type\":\"ListItem\",\"position\":2,\"name\":\"Tribunal judiciaire de Rodez, le 6 juillet 1989, n\u00b025\\\/00897\"}]},{\"@type\":\"WebSite\",\"@id\":\"https:\\\/\\\/kohenavocats.com\\\/zh-hans\\\/#website\",\"url\":\"https:\\\/\\\/kohenavocats.com\\\/zh-hans\\\/\",\"name\":\"Kohen Avocats\",\"description\":\"Ma\u00eetre Hassan Kohen, avocat p\u00e9naliste \u00e0 Paris, intervient exclusivement en droit p\u00e9nal pour la d\u00e9fense des particuliers, notamment en mati\u00e8re d\u2019accusations de viol. Il assure un accompagnement rigoureux d\u00e8s la garde \u00e0 vue jusqu\u2019\u00e0 la Cour d\u2019assises, veillant au strict respect des garanties proc\u00e9durales.\",\"publisher\":{\"@id\":\"https:\\\/\\\/kohenavocats.com\\\/zh-hans\\\/#organization\"},\"potentialAction\":[{\"@type\":\"SearchAction\",\"target\":{\"@type\":\"EntryPoint\",\"urlTemplate\":\"https:\\\/\\\/kohenavocats.com\\\/zh-hans\\\/?s={search_term_string}\"},\"query-input\":{\"@type\":\"PropertyValueSpecification\",\"valueRequired\":true,\"valueName\":\"search_term_string\"}}],\"inLanguage\":\"zh-Hans\"},{\"@type\":\"Organization\",\"@id\":\"https:\\\/\\\/kohenavocats.com\\\/zh-hans\\\/#organization\",\"name\":\"Kohen Avocats\",\"url\":\"https:\\\/\\\/kohenavocats.com\\\/zh-hans\\\/\",\"logo\":{\"@type\":\"ImageObject\",\"inLanguage\":\"zh-Hans\",\"@id\":\"https:\\\/\\\/kohenavocats.com\\\/zh-hans\\\/#\\\/schema\\\/logo\\\/image\\\/\",\"url\":\"https:\\\/\\\/kohenavocats.com\\\/wp-content\\\/uploads\\\/2026\\\/01\\\/Logo-2-1.webp\",\"contentUrl\":\"https:\\\/\\\/kohenavocats.com\\\/wp-content\\\/uploads\\\/2026\\\/01\\\/Logo-2-1.webp\",\"width\":2114,\"height\":1253,\"caption\":\"Kohen Avocats\"},\"image\":{\"@id\":\"https:\\\/\\\/kohenavocats.com\\\/zh-hans\\\/#\\\/schema\\\/logo\\\/image\\\/\"}},{\"@type\":\"Person\",\"@id\":\"https:\\\/\\\/kohenavocats.com\\\/zh-hans\\\/#\\\/schema\\\/person\\\/761c9ba54fa1ca84d405cef0831ff751\",\"name\":\"Kohen\",\"image\":{\"@type\":\"ImageObject\",\"inLanguage\":\"zh-Hans\",\"@id\":\"https:\\\/\\\/secure.gravatar.com\\\/avatar\\\/1c5e76ef76bbbfdd2b4da984e2bf2fa4056fd51a27d25ce2c332047f1dfd6e00?s=96&d=identicon&r=g\",\"url\":\"https:\\\/\\\/secure.gravatar.com\\\/avatar\\\/1c5e76ef76bbbfdd2b4da984e2bf2fa4056fd51a27d25ce2c332047f1dfd6e00?s=96&d=identicon&r=g\",\"contentUrl\":\"https:\\\/\\\/secure.gravatar.com\\\/avatar\\\/1c5e76ef76bbbfdd2b4da984e2bf2fa4056fd51a27d25ce2c332047f1dfd6e00?s=96&d=identicon&r=g\",\"caption\":\"Kohen\"},\"sameAs\":[\"https:\\\/\\\/www.linkedin.com\\\/in\\\/hassan-kohen-448548192\\\/\",\"https:\\\/\\\/www.youtube.com\\\/@Kohen-Avocats\"],\"url\":\"https:\\\/\\\/kohenavocats.com\\\/zh-hans\\\/author\\\/kohenmlk\\\/\"}]}<\/script>\n<!-- \/ Yoast SEO Premium plugin. -->","yoast_head_json":{"title":"Tribunal judiciaire de Rodez, le 6 juillet 1989, n\u00b025\/00897 - Ma\u00eetre Hassan Kohen, avocat en droit p\u00e9nal \u00e0 Paris","description":"Le juge des contentieux de la protection, statuant par jugement r\u00e9put\u00e9 contradictoire, constate la r\u00e9siliation d\u2019un bail pour impay\u00e9s et ordonne l\u2019expulsion ...","robots":{"index":"index","follow":"follow","max-snippet":"max-snippet:-1","max-image-preview":"max-image-preview:large","max-video-preview":"max-video-preview:-1"},"canonical":"https:\/\/kohenavocats.com\/zh-hans\/tribunal-judiciaire-de-rodez-le-6-juillet-1989-n25-00897\/","og_locale":"zh_CN","og_type":"article","og_title":"Tribunal judiciaire de Rodez, le 6 juillet 1989, n\u00b025\/00897","og_description":"Le juge des contentieux de la protection, statuant par jugement r\u00e9put\u00e9 contradictoire, constate la r\u00e9siliation d\u2019un bail pour impay\u00e9s et ordonne l\u2019expulsion ...","og_url":"https:\/\/kohenavocats.com\/zh-hans\/tribunal-judiciaire-de-rodez-le-6-juillet-1989-n25-00897\/","og_site_name":"Ma\u00eetre Hassan Kohen, avocat en droit p\u00e9nal \u00e0 Paris","article_published_time":"2026-04-23T16:09:26+00:00","og_image":[{"width":2800,"height":2100,"url":"https:\/\/kohenavocats.com\/wp-content\/uploads\/2024\/11\/getty-images-FZXDalHMmRM-unsplash.webp","type":"image\/webp"}],"author":"Kohen","twitter_card":"summary_large_image","twitter_misc":{"\u4f5c\u8005":"Kohen","\u9884\u8ba1\u9605\u8bfb\u65f6\u95f4":"3 \u5206"},"schema":{"@context":"https:\/\/schema.org","@graph":[{"@type":"Article","@id":"https:\/\/kohenavocats.com\/zh-hans\/tribunal-judiciaire-de-rodez-le-6-juillet-1989-n25-00897\/#article","isPartOf":{"@id":"https:\/\/kohenavocats.com\/zh-hans\/tribunal-judiciaire-de-rodez-le-6-juillet-1989-n25-00897\/"},"author":{"name":"Kohen","@id":"https:\/\/kohenavocats.com\/zh-hans\/#\/schema\/person\/761c9ba54fa1ca84d405cef0831ff751"},"headline":"Tribunal judiciaire de Rodez, le 6 juillet 1989, n\u00b025\/00897","datePublished":"2026-04-23T16:09:26+00:00","mainEntityOfPage":{"@id":"https:\/\/kohenavocats.com\/zh-hans\/tribunal-judiciaire-de-rodez-le-6-juillet-1989-n25-00897\/"},"wordCount":551,"commentCount":0,"publisher":{"@id":"https:\/\/kohenavocats.com\/zh-hans\/#organization"},"image":{"@id":"https:\/\/kohenavocats.com\/zh-hans\/tribunal-judiciaire-de-rodez-le-6-juillet-1989-n25-00897\/#primaryimage"},"thumbnailUrl":"https:\/\/kohenavocats.com\/wp-content\/uploads\/2024\/11\/getty-images-FZXDalHMmRM-unsplash.webp","articleSection":["Jurisprudence"],"inLanguage":"zh-Hans","potentialAction":[{"@type":"CommentAction","name":"Comment","target":["https:\/\/kohenavocats.com\/zh-hans\/tribunal-judiciaire-de-rodez-le-6-juillet-1989-n25-00897\/#respond"]}],"citation":"Tribunal judiciaire de Rodez, le 6 juillet 1989, n\u00b025\/00897","about":[{"@type":"Thing","name":"Jurisprudence"}],"dateModified":"2026-04-23T16:09:26+00:00","speakable":{"@type":"SpeakableSpecification","cssSelector":[".article-content > p:first-of-type"]}},{"@type":"WebPage","@id":"https:\/\/kohenavocats.com\/zh-hans\/tribunal-judiciaire-de-rodez-le-6-juillet-1989-n25-00897\/","url":"https:\/\/kohenavocats.com\/zh-hans\/tribunal-judiciaire-de-rodez-le-6-juillet-1989-n25-00897\/","name":"Tribunal judiciaire de Rodez, le 6 juillet 1989, n\u00b025\/00897 - Ma\u00eetre Hassan Kohen, avocat en droit p\u00e9nal \u00e0 Paris","isPartOf":{"@id":"https:\/\/kohenavocats.com\/zh-hans\/#website"},"primaryImageOfPage":{"@id":"https:\/\/kohenavocats.com\/zh-hans\/tribunal-judiciaire-de-rodez-le-6-juillet-1989-n25-00897\/#primaryimage"},"image":{"@id":"https:\/\/kohenavocats.com\/zh-hans\/tribunal-judiciaire-de-rodez-le-6-juillet-1989-n25-00897\/#primaryimage"},"thumbnailUrl":"https:\/\/kohenavocats.com\/wp-content\/uploads\/2024\/11\/getty-images-FZXDalHMmRM-unsplash.webp","datePublished":"2026-04-23T16:09:26+00:00","description":"Le juge des contentieux de la protection, statuant par jugement r\u00e9put\u00e9 contradictoire, constate la r\u00e9siliation d\u2019un bail pour impay\u00e9s et ordonne l\u2019expulsion ...","breadcrumb":{"@id":"https:\/\/kohenavocats.com\/zh-hans\/tribunal-judiciaire-de-rodez-le-6-juillet-1989-n25-00897\/#breadcrumb"},"inLanguage":"zh-Hans","potentialAction":[{"@type":"ReadAction","target":["https:\/\/kohenavocats.com\/zh-hans\/tribunal-judiciaire-de-rodez-le-6-juillet-1989-n25-00897\/"]}]},{"@type":"ImageObject","inLanguage":"zh-Hans","@id":"https:\/\/kohenavocats.com\/zh-hans\/tribunal-judiciaire-de-rodez-le-6-juillet-1989-n25-00897\/#primaryimage","url":"https:\/\/kohenavocats.com\/wp-content\/uploads\/2024\/11\/getty-images-FZXDalHMmRM-unsplash.webp","contentUrl":"https:\/\/kohenavocats.com\/wp-content\/uploads\/2024\/11\/getty-images-FZXDalHMmRM-unsplash.webp","width":2800,"height":2100},{"@type":"BreadcrumbList","@id":"https:\/\/kohenavocats.com\/zh-hans\/tribunal-judiciaire-de-rodez-le-6-juillet-1989-n25-00897\/#breadcrumb","itemListElement":[{"@type":"ListItem","position":1,"name":"Home","item":"https:\/\/kohenavocats.com\/zh-hans\/"},{"@type":"ListItem","position":2,"name":"Tribunal judiciaire de Rodez, le 6 juillet 1989, n\u00b025\/00897"}]},{"@type":"WebSite","@id":"https:\/\/kohenavocats.com\/zh-hans\/#website","url":"https:\/\/kohenavocats.com\/zh-hans\/","name":"Kohen Avocats","description":"Ma\u00eetre Hassan Kohen, avocat p\u00e9naliste \u00e0 Paris, intervient exclusivement en droit p\u00e9nal pour la d\u00e9fense des particuliers, notamment en mati\u00e8re d\u2019accusations de viol. Il assure un accompagnement rigoureux d\u00e8s la garde \u00e0 vue jusqu\u2019\u00e0 la Cour d\u2019assises, veillant au strict respect des garanties proc\u00e9durales.","publisher":{"@id":"https:\/\/kohenavocats.com\/zh-hans\/#organization"},"potentialAction":[{"@type":"SearchAction","target":{"@type":"EntryPoint","urlTemplate":"https:\/\/kohenavocats.com\/zh-hans\/?s={search_term_string}"},"query-input":{"@type":"PropertyValueSpecification","valueRequired":true,"valueName":"search_term_string"}}],"inLanguage":"zh-Hans"},{"@type":"Organization","@id":"https:\/\/kohenavocats.com\/zh-hans\/#organization","name":"Kohen Avocats","url":"https:\/\/kohenavocats.com\/zh-hans\/","logo":{"@type":"ImageObject","inLanguage":"zh-Hans","@id":"https:\/\/kohenavocats.com\/zh-hans\/#\/schema\/logo\/image\/","url":"https:\/\/kohenavocats.com\/wp-content\/uploads\/2026\/01\/Logo-2-1.webp","contentUrl":"https:\/\/kohenavocats.com\/wp-content\/uploads\/2026\/01\/Logo-2-1.webp","width":2114,"height":1253,"caption":"Kohen Avocats"},"image":{"@id":"https:\/\/kohenavocats.com\/zh-hans\/#\/schema\/logo\/image\/"}},{"@type":"Person","@id":"https:\/\/kohenavocats.com\/zh-hans\/#\/schema\/person\/761c9ba54fa1ca84d405cef0831ff751","name":"Kohen","image":{"@type":"ImageObject","inLanguage":"zh-Hans","@id":"https:\/\/secure.gravatar.com\/avatar\/1c5e76ef76bbbfdd2b4da984e2bf2fa4056fd51a27d25ce2c332047f1dfd6e00?s=96&d=identicon&r=g","url":"https:\/\/secure.gravatar.com\/avatar\/1c5e76ef76bbbfdd2b4da984e2bf2fa4056fd51a27d25ce2c332047f1dfd6e00?s=96&d=identicon&r=g","contentUrl":"https:\/\/secure.gravatar.com\/avatar\/1c5e76ef76bbbfdd2b4da984e2bf2fa4056fd51a27d25ce2c332047f1dfd6e00?s=96&d=identicon&r=g","caption":"Kohen"},"sameAs":["https:\/\/www.linkedin.com\/in\/hassan-kohen-448548192\/","https:\/\/www.youtube.com\/@Kohen-Avocats"],"url":"https:\/\/kohenavocats.com\/zh-hans\/author\/kohenmlk\/"}]}},"jetpack_featured_media_url":"https:\/\/kohenavocats.com\/wp-content\/uploads\/2024\/11\/getty-images-FZXDalHMmRM-unsplash.webp","jetpack_likes_enabled":false,"jetpack_shortlink":"https:\/\/wp.me\/peCrII-2MaA","jetpack-related-posts":[{"id":266241,"url":"https:\/\/kohenavocats.com\/zh-hans\/tribunal-judiciaire-de-chartres-le-1-juillet-2025-n25-00102\/","url_meta":{"origin":661824,"position":0},"title":"Tribunal judiciaire de Chartres, le 1 juillet 2025, n\u00b025\/00102","author":"Kohen","date":"2026\u5e741\u670810\u65e5","format":false,"excerpt":"Par un jugement du juge des contentieux de la prot\u2026","rel":"","context":"\u5728\u201cD\u00e9cisions juridiques\u201d\u4e2d","block_context":{"text":"D\u00e9cisions juridiques","link":"https:\/\/kohenavocats.com\/category\/decisions-juridiques\/"},"img":{"alt_text":"","src":"https:\/\/i0.wp.com\/kohenavocats.com\/wp-content\/uploads\/2024\/06\/alex-block-PdDBTrkGYLo-unsplash.jpg?resize=350%2C200&ssl=1","width":350,"height":200,"srcset":"https:\/\/i0.wp.com\/kohenavocats.com\/wp-content\/uploads\/2024\/06\/alex-block-PdDBTrkGYLo-unsplash.jpg?resize=350%2C200&ssl=1 1x, https:\/\/i0.wp.com\/kohenavocats.com\/wp-content\/uploads\/2024\/06\/alex-block-PdDBTrkGYLo-unsplash.jpg?resize=525%2C300&ssl=1 1.5x, https:\/\/i0.wp.com\/kohenavocats.com\/wp-content\/uploads\/2024\/06\/alex-block-PdDBTrkGYLo-unsplash.jpg?resize=700%2C400&ssl=1 2x, https:\/\/i0.wp.com\/kohenavocats.com\/wp-content\/uploads\/2024\/06\/alex-block-PdDBTrkGYLo-unsplash.jpg?resize=1050%2C600&ssl=1 3x, https:\/\/i0.wp.com\/kohenavocats.com\/wp-content\/uploads\/2024\/06\/alex-block-PdDBTrkGYLo-unsplash.jpg?resize=1400%2C800&ssl=1 4x"},"classes":[]},{"id":267238,"url":"https:\/\/kohenavocats.com\/zh-hans\/tribunal-judiciaire-de-dax-le-1-juillet-2025-n25-00141\/","url_meta":{"origin":661824,"position":1},"title":"Tribunal judiciaire de Dax, le 1 juillet 2025, n\u00b025\/00141","author":"Kohen","date":"2026\u5e741\u670810\u65e5","format":false,"excerpt":"Rendu par le Tribunal judiciaire de Dax le 1er jui\u2026","rel":"","context":"\u5728\u201cD\u00e9cisions juridiques\u201d\u4e2d","block_context":{"text":"D\u00e9cisions juridiques","link":"https:\/\/kohenavocats.com\/category\/decisions-juridiques\/"},"img":{"alt_text":"","src":"https:\/\/i0.wp.com\/kohenavocats.com\/wp-content\/uploads\/2024\/08\/katie-moum-o0kbc907i20-unsplash.webp?resize=350%2C200&ssl=1","width":350,"height":200,"srcset":"https:\/\/i0.wp.com\/kohenavocats.com\/wp-content\/uploads\/2024\/08\/katie-moum-o0kbc907i20-unsplash.webp?resize=350%2C200&ssl=1 1x, https:\/\/i0.wp.com\/kohenavocats.com\/wp-content\/uploads\/2024\/08\/katie-moum-o0kbc907i20-unsplash.webp?resize=525%2C300&ssl=1 1.5x, https:\/\/i0.wp.com\/kohenavocats.com\/wp-content\/uploads\/2024\/08\/katie-moum-o0kbc907i20-unsplash.webp?resize=700%2C400&ssl=1 2x, https:\/\/i0.wp.com\/kohenavocats.com\/wp-content\/uploads\/2024\/08\/katie-moum-o0kbc907i20-unsplash.webp?resize=1050%2C600&ssl=1 3x, https:\/\/i0.wp.com\/kohenavocats.com\/wp-content\/uploads\/2024\/08\/katie-moum-o0kbc907i20-unsplash.webp?resize=1400%2C800&ssl=1 4x"},"classes":[]},{"id":263901,"url":"https:\/\/kohenavocats.com\/zh-hans\/tribunal-judiciaire-de-nimes-le-23-juin-2025-n25-00137\/","url_meta":{"origin":661824,"position":2},"title":"Tribunal judiciaire de N\u00eemes, le 23 juin 2025, n\u00b025\/00137","author":"Kohen","date":"2026\u5e741\u670810\u65e5","format":false,"excerpt":"Rendue par le tribunal judiciaire de N\u00eemes, ordonn\u2026","rel":"","context":"\u5728\u201cD\u00e9cisions juridiques\u201d\u4e2d","block_context":{"text":"D\u00e9cisions juridiques","link":"https:\/\/kohenavocats.com\/category\/decisions-juridiques\/"},"img":{"alt_text":"","src":"https:\/\/i0.wp.com\/kohenavocats.com\/wp-content\/uploads\/2024\/11\/ave-calvar-GQ7ejmoWJUY-unsplash.webp?resize=350%2C200&ssl=1","width":350,"height":200,"srcset":"https:\/\/i0.wp.com\/kohenavocats.com\/wp-content\/uploads\/2024\/11\/ave-calvar-GQ7ejmoWJUY-unsplash.webp?resize=350%2C200&ssl=1 1x, https:\/\/i0.wp.com\/kohenavocats.com\/wp-content\/uploads\/2024\/11\/ave-calvar-GQ7ejmoWJUY-unsplash.webp?resize=525%2C300&ssl=1 1.5x, https:\/\/i0.wp.com\/kohenavocats.com\/wp-content\/uploads\/2024\/11\/ave-calvar-GQ7ejmoWJUY-unsplash.webp?resize=700%2C400&ssl=1 2x, https:\/\/i0.wp.com\/kohenavocats.com\/wp-content\/uploads\/2024\/11\/ave-calvar-GQ7ejmoWJUY-unsplash.webp?resize=1050%2C600&ssl=1 3x, https:\/\/i0.wp.com\/kohenavocats.com\/wp-content\/uploads\/2024\/11\/ave-calvar-GQ7ejmoWJUY-unsplash.webp?resize=1400%2C800&ssl=1 4x"},"classes":[]},{"id":263855,"url":"https:\/\/kohenavocats.com\/zh-hans\/tribunal-judiciaire-de-brive-la-gaillarde-le-1-juillet-2025-n25-00016\/","url_meta":{"origin":661824,"position":3},"title":"Tribunal judiciaire de Brive-la-Gaillarde, le 1 juillet 2025, n\u00b025\/00016","author":"Kohen","date":"2026\u5e741\u670810\u65e5","format":false,"excerpt":"Le Tribunal judiciaire de Brive-la-Gaillarde, par \u2026","rel":"","context":"\u5728\u201cD\u00e9cisions juridiques\u201d\u4e2d","block_context":{"text":"D\u00e9cisions juridiques","link":"https:\/\/kohenavocats.com\/category\/decisions-juridiques\/"},"img":{"alt_text":"","src":"https:\/\/i0.wp.com\/kohenavocats.com\/wp-content\/uploads\/2024\/08\/milica-spasojevic-m3AU71mq7tc-unsplash.webp?resize=350%2C200&ssl=1","width":350,"height":200,"srcset":"https:\/\/i0.wp.com\/kohenavocats.com\/wp-content\/uploads\/2024\/08\/milica-spasojevic-m3AU71mq7tc-unsplash.webp?resize=350%2C200&ssl=1 1x, https:\/\/i0.wp.com\/kohenavocats.com\/wp-content\/uploads\/2024\/08\/milica-spasojevic-m3AU71mq7tc-unsplash.webp?resize=525%2C300&ssl=1 1.5x, https:\/\/i0.wp.com\/kohenavocats.com\/wp-content\/uploads\/2024\/08\/milica-spasojevic-m3AU71mq7tc-unsplash.webp?resize=700%2C400&ssl=1 2x, https:\/\/i0.wp.com\/kohenavocats.com\/wp-content\/uploads\/2024\/08\/milica-spasojevic-m3AU71mq7tc-unsplash.webp?resize=1050%2C600&ssl=1 3x, https:\/\/i0.wp.com\/kohenavocats.com\/wp-content\/uploads\/2024\/08\/milica-spasojevic-m3AU71mq7tc-unsplash.webp?resize=1400%2C800&ssl=1 4x"},"classes":[]},{"id":266056,"url":"https:\/\/kohenavocats.com\/zh-hans\/tribunal-judiciaire-de-bobigny-le-27-juin-2025-n25-03097\/","url_meta":{"origin":661824,"position":4},"title":"Tribunal judiciaire de Bobigny, le 27 juin 2025, n\u00b025\/03097","author":"Kohen","date":"2026\u5e741\u670810\u65e5","format":false,"excerpt":"Le tribunal de proximit\u00e9 de Montreuil-sous-Bois, p\u2026","rel":"","context":"\u5728\u201cD\u00e9cisions juridiques\u201d\u4e2d","block_context":{"text":"D\u00e9cisions juridiques","link":"https:\/\/kohenavocats.com\/category\/decisions-juridiques\/"},"img":{"alt_text":"","src":"https:\/\/i0.wp.com\/kohenavocats.com\/wp-content\/uploads\/2024\/07\/wesley-tingey-kjXbfNTPMHY-unsplash.webp?resize=350%2C200&ssl=1","width":350,"height":200,"srcset":"https:\/\/i0.wp.com\/kohenavocats.com\/wp-content\/uploads\/2024\/07\/wesley-tingey-kjXbfNTPMHY-unsplash.webp?resize=350%2C200&ssl=1 1x, https:\/\/i0.wp.com\/kohenavocats.com\/wp-content\/uploads\/2024\/07\/wesley-tingey-kjXbfNTPMHY-unsplash.webp?resize=525%2C300&ssl=1 1.5x, https:\/\/i0.wp.com\/kohenavocats.com\/wp-content\/uploads\/2024\/07\/wesley-tingey-kjXbfNTPMHY-unsplash.webp?resize=700%2C400&ssl=1 2x, https:\/\/i0.wp.com\/kohenavocats.com\/wp-content\/uploads\/2024\/07\/wesley-tingey-kjXbfNTPMHY-unsplash.webp?resize=1050%2C600&ssl=1 3x, https:\/\/i0.wp.com\/kohenavocats.com\/wp-content\/uploads\/2024\/07\/wesley-tingey-kjXbfNTPMHY-unsplash.webp?resize=1400%2C800&ssl=1 4x"},"classes":[]},{"id":264987,"url":"https:\/\/kohenavocats.com\/zh-hans\/tribunal-judiciaire-de-saint-malo-le-24-juin-2025-n25-00097\/","url_meta":{"origin":661824,"position":5},"title":"Tribunal judiciaire de Saint-Malo, le 24 juin 2025, n\u00b025\/00097","author":"Kohen","date":"2026\u5e741\u670810\u65e5","format":false,"excerpt":"La d\u00e9cision comment\u00e9e \u00e9mane du juge des contentieu\u2026","rel":"","context":"\u5728\u201cD\u00e9cisions juridiques\u201d\u4e2d","block_context":{"text":"D\u00e9cisions juridiques","link":"https:\/\/kohenavocats.com\/category\/decisions-juridiques\/"},"img":{"alt_text":"","src":"https:\/\/i0.wp.com\/kohenavocats.com\/wp-content\/uploads\/2024\/11\/steve-johnson-3HpZG4u5zyM-unsplash.webp?resize=350%2C200&ssl=1","width":350,"height":200,"srcset":"https:\/\/i0.wp.com\/kohenavocats.com\/wp-content\/uploads\/2024\/11\/steve-johnson-3HpZG4u5zyM-unsplash.webp?resize=350%2C200&ssl=1 1x, https:\/\/i0.wp.com\/kohenavocats.com\/wp-content\/uploads\/2024\/11\/steve-johnson-3HpZG4u5zyM-unsplash.webp?resize=525%2C300&ssl=1 1.5x, https:\/\/i0.wp.com\/kohenavocats.com\/wp-content\/uploads\/2024\/11\/steve-johnson-3HpZG4u5zyM-unsplash.webp?resize=700%2C400&ssl=1 2x, https:\/\/i0.wp.com\/kohenavocats.com\/wp-content\/uploads\/2024\/11\/steve-johnson-3HpZG4u5zyM-unsplash.webp?resize=1050%2C600&ssl=1 3x, https:\/\/i0.wp.com\/kohenavocats.com\/wp-content\/uploads\/2024\/11\/steve-johnson-3HpZG4u5zyM-unsplash.webp?resize=1400%2C800&ssl=1 4x"},"classes":[]}],"jetpack_sharing_enabled":true,"_links":{"self":[{"href":"https:\/\/kohenavocats.com\/zh-hans\/wp-json\/wp\/v2\/posts\/661824","targetHints":{"allow":["GET"]}}],"collection":[{"href":"https:\/\/kohenavocats.com\/zh-hans\/wp-json\/wp\/v2\/posts"}],"about":[{"href":"https:\/\/kohenavocats.com\/zh-hans\/wp-json\/wp\/v2\/types\/post"}],"author":[{"embeddable":true,"href":"https:\/\/kohenavocats.com\/zh-hans\/wp-json\/wp\/v2\/users\/232070755"}],"replies":[{"embeddable":true,"href":"https:\/\/kohenavocats.com\/zh-hans\/wp-json\/wp\/v2\/comments?post=661824"}],"version-history":[{"count":0,"href":"https:\/\/kohenavocats.com\/zh-hans\/wp-json\/wp\/v2\/posts\/661824\/revisions"}],"wp:featuredmedia":[{"embeddable":true,"href":"https:\/\/kohenavocats.com\/zh-hans\/wp-json\/wp\/v2\/media\/9457"}],"wp:attachment":[{"href":"https:\/\/kohenavocats.com\/zh-hans\/wp-json\/wp\/v2\/media?parent=661824"}],"wp:term":[{"taxonomy":"category","embeddable":true,"href":"https:\/\/kohenavocats.com\/zh-hans\/wp-json\/wp\/v2\/categories?post=661824"},{"taxonomy":"post_tag","embeddable":true,"href":"https:\/\/kohenavocats.com\/zh-hans\/wp-json\/wp\/v2\/tags?post=661824"}],"curies":[{"name":"wp","href":"https:\/\/api.w.org\/{rel}","templated":true}]}}