{"id":662018,"date":"2026-04-23T18:39:29","date_gmt":"2026-04-23T16:39:29","guid":{"rendered":"https:\/\/kohenavocats.com\/tribunal-judiciaire-de-grenoble-le-25-septembre-2025-n24-06442\/"},"modified":"2026-04-23T18:39:29","modified_gmt":"2026-04-23T16:39:29","slug":"tribunal-judiciaire-de-grenoble-le-25-septembre-2025-n24-06442","status":"publish","type":"post","link":"https:\/\/kohenavocats.com\/zh-hans\/tribunal-judiciaire-de-grenoble-le-25-septembre-2025-n24-06442\/","title":{"rendered":"Tribunal judiciaire de Grenoble, le 25 septembre 2025, n\u00b024\/06442"},"content":{"rendered":"<div class=\"article-content\">\n<p>Le Tribunal judiciaire de Grenoble, le 25 septembre 2025, statue sur une action en garantie des vices cach\u00e9s. L\u2019acqu\u00e9reur d\u2019une maison avec piscine reproche aux vendeurs diverses d\u00e9fectuosit\u00e9s. Il est d\u00e9bout\u00e9 de ses demandes au motif que les d\u00e9sordres rel\u00e8vent de l\u2019entretien courant et qu\u2019une clause contractuelle l\u2019emporte. La d\u00e9cision pr\u00e9cise les conditions d\u2019application de la garantie et les effets d\u2019une clause d\u2019exclusion.<\/p>\n<p>La caract\u00e9risation restrictive du vice cach\u00e9<br \/>\nLa d\u00e9cision rappelle les exigences l\u00e9gales de la garantie. Le vice cach\u00e9 doit rendre le bien impropre \u00e0 sa destination ou en diminuer substantiellement la valeur. Les juges estiment que les d\u00e9sordres invoqu\u00e9s ne satisfont pas \u00e0 ce crit\u00e8re exigeant. Ils consid\u00e8rent que les r\u00e9parations concernent des \u00e9l\u00e9ments soumis \u00e0 une usure normale. La port\u00e9e de l\u2019arr\u00eat est de distinguer nettement vice cach\u00e9 et usure courante. Cette approche restrictive prot\u00e8ge le vendeur contre des r\u00e9clamations abusives.<\/p>\n<p>L\u2019efficacit\u00e9 de la clause d\u2019exon\u00e9ration de garantie<br \/>\nLe tribunal donne un effet pleinement exon\u00e9ratoire \u00e0 la clause contractuelle. Celle-ci stipule que l\u2019acqu\u00e9reur prend le bien en l\u2019\u00e9tat sans recours pour vices. &#8220;prend le bien dans l\u2019\u00e9tat o\u00f9 il se trouve au jour de l&#8217;entr\u00e9e en jouissance, sans recours contre le vendeur pour quelque cause que ce soit, notamment en raison des vices apparents ou des vices cach\u00e9s&#8221; (Motifs, 1\u00b0). Cette clause est jug\u00e9e valable en l\u2019absence de vice caract\u00e9ris\u00e9. La solution confirme la libert\u00e9 contractuelle pour am\u00e9nager les obligations du vendeur. Elle rejoint une jurisprudence admettant de tels am\u00e9nagements sous conditions.<\/p>\n<p>L\u2019information de l\u2019acqu\u00e9reur sur l\u2019\u00e9tat du bien<br \/>\nL\u2019arr\u00eat souligne l\u2019importance des informations d\u00e9livr\u00e9es lors de la vente. Les juges rel\u00e8vent que l\u2019acqu\u00e9reur a re\u00e7u des documents sur la piscine. &#8220;l&#8217;acqu\u00e9reur ayant \u00e9t\u00e9 inform\u00e9 de l&#8217;attestation de garantie d\u00e9cennale&#8221; (Motifs, 1\u00b0). Cette transparence \u00e9carte toute dissimulation de la part des vendeurs. La valeur de ce point est de conditionner l\u2019opposabilit\u00e9 de la clause \u00e0 une information loyale. L\u2019acqu\u00e9reur ne peut se plaindre de d\u00e9sordres qu\u2019il \u00e9tait en mesure d\u2019anticiper.<\/p>\n<p>La charge de l\u2019entretien et de la preuve<br \/>\nLa d\u00e9cision op\u00e8re un transfert net des obligations vers l\u2019acqu\u00e9reur. L\u2019entr\u00e9e en jouissance marque le point de d\u00e9part de sa charge d\u2019entretien. &#8220;date depuis laquelle il appartient \u00e0 l&#8217;acqu\u00e9reur d&#8217;entretenir et r\u00e9parer les \u00e9l\u00e9ments de la maison compte tenu de leur usure&#8221; (Motifs, 1\u00b0). Les factures pr\u00e9sent\u00e9es sont ainsi qualifi\u00e9es de d\u00e9penses normales. La port\u00e9e est de clarifier la r\u00e9partition des risques apr\u00e8s la vente. Le demandeur supporte la charge de prouver un vice anormal, ce qu\u2019il n\u2019a pas fait.<\/p>\n<\/div>\n","protected":false},"excerpt":{"rendered":"<p>Le Tribunal judiciaire de Grenoble, le 25 septembre 2025, statue sur une action en garantie des vices cach\u00e9s. L\u2019acqu\u00e9reur d\u2019une maison avec piscine reproche &#8230;<\/p>\n","protected":false},"author":232070755,"featured_media":4924,"comment_status":"open","ping_status":"open","sticky":false,"template":"","format":"standard","meta":{"_crdt_document":"","_jetpack_newsletter_access":"","_jetpack_dont_email_post_to_subs":false,"_jetpack_newsletter_tier_id":0,"_jetpack_memberships_contains_paywalled_content":false,"_kj_source_type":"judilibre","_kj_official_id":"68e976b73ea43407b912ae44","_kj_official_url":"https:\/\/www.courdecassation.fr\/decision\/68e976b73ea43407b912ae44","_kj_judilibre_id":"68e976b73ea43407b912ae44","_kj_jur":"Tribunal judiciaire","_kj_lieu":"Tribunal judiciaire de Grenoble","_kj_chambre":"Ch4.2 Inf\u00e9rieur \u00e0 10000 \u20ac","_kj_rg":"24\/06442","_kj_date":"2025-09-25","_jetpack_memberships_contains_paid_content":false,"footnotes":"","jetpack_post_was_ever_published":false},"categories":[7597],"tags":[],"class_list":["post-662018","post","type-post","status-publish","format-standard","has-post-thumbnail","hentry","category-jurisprudence"],"yoast_head":"<!-- This site is optimized with the Yoast SEO Premium plugin v27.5 (Yoast SEO v27.5) - https:\/\/yoast.com\/product\/yoast-seo-premium-wordpress\/ -->\n<title>Tribunal judiciaire de Grenoble, le 25 septembre 2025, n\u00b024\/06442 - Ma\u00eetre Hassan Kohen, avocat en droit p\u00e9nal \u00e0 Paris<\/title>\n<meta name=\"description\" content=\"Le Tribunal judiciaire de Grenoble, le 25 septembre 2025, statue sur une action en garantie des vices cach\u00e9s. L\u2019acqu\u00e9reur d\u2019une maison avec piscine reproche ...\" \/>\n<meta name=\"robots\" content=\"index, follow, max-snippet:-1, max-image-preview:large, max-video-preview:-1\" \/>\n<link rel=\"canonical\" href=\"https:\/\/kohenavocats.com\/zh-hans\/tribunal-judiciaire-de-grenoble-le-25-septembre-2025-n24-06442\/\" \/>\n<meta property=\"og:locale\" content=\"zh_CN\" \/>\n<meta property=\"og:type\" content=\"article\" \/>\n<meta property=\"og:title\" content=\"Tribunal judiciaire de Grenoble, le 25 septembre 2025, n\u00b024\/06442\" \/>\n<meta property=\"og:description\" content=\"Le Tribunal judiciaire de Grenoble, le 25 septembre 2025, statue sur une action en garantie des vices cach\u00e9s. L\u2019acqu\u00e9reur d\u2019une maison avec piscine reproche ...\" \/>\n<meta property=\"og:url\" content=\"https:\/\/kohenavocats.com\/zh-hans\/tribunal-judiciaire-de-grenoble-le-25-septembre-2025-n24-06442\/\" \/>\n<meta property=\"og:site_name\" content=\"Ma\u00eetre Hassan Kohen, avocat en droit p\u00e9nal \u00e0 Paris\" \/>\n<meta property=\"article:published_time\" content=\"2026-04-23T16:39:29+00:00\" \/>\n<meta property=\"og:image\" content=\"https:\/\/kohenavocats.com\/wp-content\/uploads\/2024\/08\/mathias-reding-bn5q5sn-MQg-unsplash.webp\" \/>\n\t<meta property=\"og:image:width\" content=\"6239\" \/>\n\t<meta property=\"og:image:height\" content=\"3510\" \/>\n\t<meta property=\"og:image:type\" content=\"image\/webp\" \/>\n<meta name=\"author\" content=\"Kohen\" \/>\n<meta name=\"twitter:card\" content=\"summary_large_image\" \/>\n<meta name=\"twitter:label1\" content=\"\u4f5c\u8005\" \/>\n\t<meta name=\"twitter:data1\" content=\"Kohen\" \/>\n\t<meta name=\"twitter:label2\" content=\"\u9884\u8ba1\u9605\u8bfb\u65f6\u95f4\" \/>\n\t<meta name=\"twitter:data2\" content=\"2 \u5206\" \/>\n<script type=\"application\/ld+json\" class=\"yoast-schema-graph\">{\"@context\":\"https:\\\/\\\/schema.org\",\"@graph\":[{\"@type\":\"Article\",\"@id\":\"https:\\\/\\\/kohenavocats.com\\\/zh-hans\\\/tribunal-judiciaire-de-grenoble-le-25-septembre-2025-n24-06442\\\/#article\",\"isPartOf\":{\"@id\":\"https:\\\/\\\/kohenavocats.com\\\/zh-hans\\\/tribunal-judiciaire-de-grenoble-le-25-septembre-2025-n24-06442\\\/\"},\"author\":{\"name\":\"Kohen\",\"@id\":\"https:\\\/\\\/kohenavocats.com\\\/zh-hans\\\/#\\\/schema\\\/person\\\/761c9ba54fa1ca84d405cef0831ff751\"},\"headline\":\"Tribunal judiciaire de Grenoble, le 25 septembre 2025, n\u00b024\\\/06442\",\"datePublished\":\"2026-04-23T16:39:29+00:00\",\"mainEntityOfPage\":{\"@id\":\"https:\\\/\\\/kohenavocats.com\\\/zh-hans\\\/tribunal-judiciaire-de-grenoble-le-25-septembre-2025-n24-06442\\\/\"},\"wordCount\":501,\"commentCount\":0,\"publisher\":{\"@id\":\"https:\\\/\\\/kohenavocats.com\\\/zh-hans\\\/#organization\"},\"image\":{\"@id\":\"https:\\\/\\\/kohenavocats.com\\\/zh-hans\\\/tribunal-judiciaire-de-grenoble-le-25-septembre-2025-n24-06442\\\/#primaryimage\"},\"thumbnailUrl\":\"https:\\\/\\\/kohenavocats.com\\\/wp-content\\\/uploads\\\/2024\\\/08\\\/mathias-reding-bn5q5sn-MQg-unsplash.webp\",\"articleSection\":[\"Jurisprudence\"],\"inLanguage\":\"zh-Hans\",\"potentialAction\":[{\"@type\":\"CommentAction\",\"name\":\"Comment\",\"target\":[\"https:\\\/\\\/kohenavocats.com\\\/zh-hans\\\/tribunal-judiciaire-de-grenoble-le-25-septembre-2025-n24-06442\\\/#respond\"]}],\"citation\":\"Tribunal judiciaire de Grenoble, le 25 septembre 2025, n\u00b024\\\/06442\",\"about\":[{\"@type\":\"Thing\",\"name\":\"Jurisprudence\"}],\"dateModified\":\"2026-04-23T16:39:29+00:00\",\"speakable\":{\"@type\":\"SpeakableSpecification\",\"cssSelector\":[\".article-content > p:first-of-type\"]}},{\"@type\":\"WebPage\",\"@id\":\"https:\\\/\\\/kohenavocats.com\\\/zh-hans\\\/tribunal-judiciaire-de-grenoble-le-25-septembre-2025-n24-06442\\\/\",\"url\":\"https:\\\/\\\/kohenavocats.com\\\/zh-hans\\\/tribunal-judiciaire-de-grenoble-le-25-septembre-2025-n24-06442\\\/\",\"name\":\"Tribunal judiciaire de Grenoble, le 25 septembre 2025, n\u00b024\\\/06442 - Ma\u00eetre Hassan Kohen, avocat en droit p\u00e9nal \u00e0 Paris\",\"isPartOf\":{\"@id\":\"https:\\\/\\\/kohenavocats.com\\\/zh-hans\\\/#website\"},\"primaryImageOfPage\":{\"@id\":\"https:\\\/\\\/kohenavocats.com\\\/zh-hans\\\/tribunal-judiciaire-de-grenoble-le-25-septembre-2025-n24-06442\\\/#primaryimage\"},\"image\":{\"@id\":\"https:\\\/\\\/kohenavocats.com\\\/zh-hans\\\/tribunal-judiciaire-de-grenoble-le-25-septembre-2025-n24-06442\\\/#primaryimage\"},\"thumbnailUrl\":\"https:\\\/\\\/kohenavocats.com\\\/wp-content\\\/uploads\\\/2024\\\/08\\\/mathias-reding-bn5q5sn-MQg-unsplash.webp\",\"datePublished\":\"2026-04-23T16:39:29+00:00\",\"description\":\"Le Tribunal judiciaire de Grenoble, le 25 septembre 2025, statue sur une action en garantie des vices cach\u00e9s. L\u2019acqu\u00e9reur d\u2019une maison avec piscine reproche ...\",\"breadcrumb\":{\"@id\":\"https:\\\/\\\/kohenavocats.com\\\/zh-hans\\\/tribunal-judiciaire-de-grenoble-le-25-septembre-2025-n24-06442\\\/#breadcrumb\"},\"inLanguage\":\"zh-Hans\",\"potentialAction\":[{\"@type\":\"ReadAction\",\"target\":[\"https:\\\/\\\/kohenavocats.com\\\/zh-hans\\\/tribunal-judiciaire-de-grenoble-le-25-septembre-2025-n24-06442\\\/\"]}]},{\"@type\":\"ImageObject\",\"inLanguage\":\"zh-Hans\",\"@id\":\"https:\\\/\\\/kohenavocats.com\\\/zh-hans\\\/tribunal-judiciaire-de-grenoble-le-25-septembre-2025-n24-06442\\\/#primaryimage\",\"url\":\"https:\\\/\\\/kohenavocats.com\\\/wp-content\\\/uploads\\\/2024\\\/08\\\/mathias-reding-bn5q5sn-MQg-unsplash.webp\",\"contentUrl\":\"https:\\\/\\\/kohenavocats.com\\\/wp-content\\\/uploads\\\/2024\\\/08\\\/mathias-reding-bn5q5sn-MQg-unsplash.webp\",\"width\":6239,\"height\":3510},{\"@type\":\"BreadcrumbList\",\"@id\":\"https:\\\/\\\/kohenavocats.com\\\/zh-hans\\\/tribunal-judiciaire-de-grenoble-le-25-septembre-2025-n24-06442\\\/#breadcrumb\",\"itemListElement\":[{\"@type\":\"ListItem\",\"position\":1,\"name\":\"Home\",\"item\":\"https:\\\/\\\/kohenavocats.com\\\/zh-hans\\\/\"},{\"@type\":\"ListItem\",\"position\":2,\"name\":\"Tribunal judiciaire de Grenoble, le 25 septembre 2025, n\u00b024\\\/06442\"}]},{\"@type\":\"WebSite\",\"@id\":\"https:\\\/\\\/kohenavocats.com\\\/zh-hans\\\/#website\",\"url\":\"https:\\\/\\\/kohenavocats.com\\\/zh-hans\\\/\",\"name\":\"Kohen Avocats\",\"description\":\"Ma\u00eetre Hassan Kohen, avocat p\u00e9naliste \u00e0 Paris, intervient exclusivement en droit p\u00e9nal pour la d\u00e9fense des particuliers, notamment en mati\u00e8re d\u2019accusations de viol. Il assure un accompagnement rigoureux d\u00e8s la garde \u00e0 vue jusqu\u2019\u00e0 la Cour d\u2019assises, veillant au strict respect des garanties proc\u00e9durales.\",\"publisher\":{\"@id\":\"https:\\\/\\\/kohenavocats.com\\\/zh-hans\\\/#organization\"},\"potentialAction\":[{\"@type\":\"SearchAction\",\"target\":{\"@type\":\"EntryPoint\",\"urlTemplate\":\"https:\\\/\\\/kohenavocats.com\\\/zh-hans\\\/?s={search_term_string}\"},\"query-input\":{\"@type\":\"PropertyValueSpecification\",\"valueRequired\":true,\"valueName\":\"search_term_string\"}}],\"inLanguage\":\"zh-Hans\"},{\"@type\":\"Organization\",\"@id\":\"https:\\\/\\\/kohenavocats.com\\\/zh-hans\\\/#organization\",\"name\":\"Kohen Avocats\",\"url\":\"https:\\\/\\\/kohenavocats.com\\\/zh-hans\\\/\",\"logo\":{\"@type\":\"ImageObject\",\"inLanguage\":\"zh-Hans\",\"@id\":\"https:\\\/\\\/kohenavocats.com\\\/zh-hans\\\/#\\\/schema\\\/logo\\\/image\\\/\",\"url\":\"https:\\\/\\\/kohenavocats.com\\\/wp-content\\\/uploads\\\/2026\\\/01\\\/Logo-2-1.webp\",\"contentUrl\":\"https:\\\/\\\/kohenavocats.com\\\/wp-content\\\/uploads\\\/2026\\\/01\\\/Logo-2-1.webp\",\"width\":2114,\"height\":1253,\"caption\":\"Kohen Avocats\"},\"image\":{\"@id\":\"https:\\\/\\\/kohenavocats.com\\\/zh-hans\\\/#\\\/schema\\\/logo\\\/image\\\/\"}},{\"@type\":\"Person\",\"@id\":\"https:\\\/\\\/kohenavocats.com\\\/zh-hans\\\/#\\\/schema\\\/person\\\/761c9ba54fa1ca84d405cef0831ff751\",\"name\":\"Kohen\",\"image\":{\"@type\":\"ImageObject\",\"inLanguage\":\"zh-Hans\",\"@id\":\"https:\\\/\\\/secure.gravatar.com\\\/avatar\\\/1c5e76ef76bbbfdd2b4da984e2bf2fa4056fd51a27d25ce2c332047f1dfd6e00?s=96&d=identicon&r=g\",\"url\":\"https:\\\/\\\/secure.gravatar.com\\\/avatar\\\/1c5e76ef76bbbfdd2b4da984e2bf2fa4056fd51a27d25ce2c332047f1dfd6e00?s=96&d=identicon&r=g\",\"contentUrl\":\"https:\\\/\\\/secure.gravatar.com\\\/avatar\\\/1c5e76ef76bbbfdd2b4da984e2bf2fa4056fd51a27d25ce2c332047f1dfd6e00?s=96&d=identicon&r=g\",\"caption\":\"Kohen\"},\"sameAs\":[\"https:\\\/\\\/www.linkedin.com\\\/in\\\/hassan-kohen-448548192\\\/\",\"https:\\\/\\\/www.youtube.com\\\/@Kohen-Avocats\"],\"url\":\"https:\\\/\\\/kohenavocats.com\\\/zh-hans\\\/author\\\/kohenmlk\\\/\"}]}<\/script>\n<!-- \/ Yoast SEO Premium plugin. -->","yoast_head_json":{"title":"Tribunal judiciaire de Grenoble, le 25 septembre 2025, n\u00b024\/06442 - Ma\u00eetre Hassan Kohen, avocat en droit p\u00e9nal \u00e0 Paris","description":"Le Tribunal judiciaire de Grenoble, le 25 septembre 2025, statue sur une action en garantie des vices cach\u00e9s. L\u2019acqu\u00e9reur d\u2019une maison avec piscine reproche ...","robots":{"index":"index","follow":"follow","max-snippet":"max-snippet:-1","max-image-preview":"max-image-preview:large","max-video-preview":"max-video-preview:-1"},"canonical":"https:\/\/kohenavocats.com\/zh-hans\/tribunal-judiciaire-de-grenoble-le-25-septembre-2025-n24-06442\/","og_locale":"zh_CN","og_type":"article","og_title":"Tribunal judiciaire de Grenoble, le 25 septembre 2025, n\u00b024\/06442","og_description":"Le Tribunal judiciaire de Grenoble, le 25 septembre 2025, statue sur une action en garantie des vices cach\u00e9s. L\u2019acqu\u00e9reur d\u2019une maison avec piscine reproche ...","og_url":"https:\/\/kohenavocats.com\/zh-hans\/tribunal-judiciaire-de-grenoble-le-25-septembre-2025-n24-06442\/","og_site_name":"Ma\u00eetre Hassan Kohen, avocat en droit p\u00e9nal \u00e0 Paris","article_published_time":"2026-04-23T16:39:29+00:00","og_image":[{"width":6239,"height":3510,"url":"https:\/\/kohenavocats.com\/wp-content\/uploads\/2024\/08\/mathias-reding-bn5q5sn-MQg-unsplash.webp","type":"image\/webp"}],"author":"Kohen","twitter_card":"summary_large_image","twitter_misc":{"\u4f5c\u8005":"Kohen","\u9884\u8ba1\u9605\u8bfb\u65f6\u95f4":"2 \u5206"},"schema":{"@context":"https:\/\/schema.org","@graph":[{"@type":"Article","@id":"https:\/\/kohenavocats.com\/zh-hans\/tribunal-judiciaire-de-grenoble-le-25-septembre-2025-n24-06442\/#article","isPartOf":{"@id":"https:\/\/kohenavocats.com\/zh-hans\/tribunal-judiciaire-de-grenoble-le-25-septembre-2025-n24-06442\/"},"author":{"name":"Kohen","@id":"https:\/\/kohenavocats.com\/zh-hans\/#\/schema\/person\/761c9ba54fa1ca84d405cef0831ff751"},"headline":"Tribunal judiciaire de Grenoble, le 25 septembre 2025, n\u00b024\/06442","datePublished":"2026-04-23T16:39:29+00:00","mainEntityOfPage":{"@id":"https:\/\/kohenavocats.com\/zh-hans\/tribunal-judiciaire-de-grenoble-le-25-septembre-2025-n24-06442\/"},"wordCount":501,"commentCount":0,"publisher":{"@id":"https:\/\/kohenavocats.com\/zh-hans\/#organization"},"image":{"@id":"https:\/\/kohenavocats.com\/zh-hans\/tribunal-judiciaire-de-grenoble-le-25-septembre-2025-n24-06442\/#primaryimage"},"thumbnailUrl":"https:\/\/kohenavocats.com\/wp-content\/uploads\/2024\/08\/mathias-reding-bn5q5sn-MQg-unsplash.webp","articleSection":["Jurisprudence"],"inLanguage":"zh-Hans","potentialAction":[{"@type":"CommentAction","name":"Comment","target":["https:\/\/kohenavocats.com\/zh-hans\/tribunal-judiciaire-de-grenoble-le-25-septembre-2025-n24-06442\/#respond"]}],"citation":"Tribunal judiciaire de Grenoble, le 25 septembre 2025, n\u00b024\/06442","about":[{"@type":"Thing","name":"Jurisprudence"}],"dateModified":"2026-04-23T16:39:29+00:00","speakable":{"@type":"SpeakableSpecification","cssSelector":[".article-content > p:first-of-type"]}},{"@type":"WebPage","@id":"https:\/\/kohenavocats.com\/zh-hans\/tribunal-judiciaire-de-grenoble-le-25-septembre-2025-n24-06442\/","url":"https:\/\/kohenavocats.com\/zh-hans\/tribunal-judiciaire-de-grenoble-le-25-septembre-2025-n24-06442\/","name":"Tribunal judiciaire de Grenoble, le 25 septembre 2025, n\u00b024\/06442 - Ma\u00eetre Hassan Kohen, avocat en droit p\u00e9nal \u00e0 Paris","isPartOf":{"@id":"https:\/\/kohenavocats.com\/zh-hans\/#website"},"primaryImageOfPage":{"@id":"https:\/\/kohenavocats.com\/zh-hans\/tribunal-judiciaire-de-grenoble-le-25-septembre-2025-n24-06442\/#primaryimage"},"image":{"@id":"https:\/\/kohenavocats.com\/zh-hans\/tribunal-judiciaire-de-grenoble-le-25-septembre-2025-n24-06442\/#primaryimage"},"thumbnailUrl":"https:\/\/kohenavocats.com\/wp-content\/uploads\/2024\/08\/mathias-reding-bn5q5sn-MQg-unsplash.webp","datePublished":"2026-04-23T16:39:29+00:00","description":"Le Tribunal judiciaire de Grenoble, le 25 septembre 2025, statue sur une action en garantie des vices cach\u00e9s. L\u2019acqu\u00e9reur d\u2019une maison avec piscine reproche ...","breadcrumb":{"@id":"https:\/\/kohenavocats.com\/zh-hans\/tribunal-judiciaire-de-grenoble-le-25-septembre-2025-n24-06442\/#breadcrumb"},"inLanguage":"zh-Hans","potentialAction":[{"@type":"ReadAction","target":["https:\/\/kohenavocats.com\/zh-hans\/tribunal-judiciaire-de-grenoble-le-25-septembre-2025-n24-06442\/"]}]},{"@type":"ImageObject","inLanguage":"zh-Hans","@id":"https:\/\/kohenavocats.com\/zh-hans\/tribunal-judiciaire-de-grenoble-le-25-septembre-2025-n24-06442\/#primaryimage","url":"https:\/\/kohenavocats.com\/wp-content\/uploads\/2024\/08\/mathias-reding-bn5q5sn-MQg-unsplash.webp","contentUrl":"https:\/\/kohenavocats.com\/wp-content\/uploads\/2024\/08\/mathias-reding-bn5q5sn-MQg-unsplash.webp","width":6239,"height":3510},{"@type":"BreadcrumbList","@id":"https:\/\/kohenavocats.com\/zh-hans\/tribunal-judiciaire-de-grenoble-le-25-septembre-2025-n24-06442\/#breadcrumb","itemListElement":[{"@type":"ListItem","position":1,"name":"Home","item":"https:\/\/kohenavocats.com\/zh-hans\/"},{"@type":"ListItem","position":2,"name":"Tribunal judiciaire de Grenoble, le 25 septembre 2025, n\u00b024\/06442"}]},{"@type":"WebSite","@id":"https:\/\/kohenavocats.com\/zh-hans\/#website","url":"https:\/\/kohenavocats.com\/zh-hans\/","name":"Kohen Avocats","description":"Ma\u00eetre Hassan Kohen, avocat p\u00e9naliste \u00e0 Paris, intervient exclusivement en droit p\u00e9nal pour la d\u00e9fense des particuliers, notamment en mati\u00e8re d\u2019accusations de viol. Il assure un accompagnement rigoureux d\u00e8s la garde \u00e0 vue jusqu\u2019\u00e0 la Cour d\u2019assises, veillant au strict respect des garanties proc\u00e9durales.","publisher":{"@id":"https:\/\/kohenavocats.com\/zh-hans\/#organization"},"potentialAction":[{"@type":"SearchAction","target":{"@type":"EntryPoint","urlTemplate":"https:\/\/kohenavocats.com\/zh-hans\/?s={search_term_string}"},"query-input":{"@type":"PropertyValueSpecification","valueRequired":true,"valueName":"search_term_string"}}],"inLanguage":"zh-Hans"},{"@type":"Organization","@id":"https:\/\/kohenavocats.com\/zh-hans\/#organization","name":"Kohen Avocats","url":"https:\/\/kohenavocats.com\/zh-hans\/","logo":{"@type":"ImageObject","inLanguage":"zh-Hans","@id":"https:\/\/kohenavocats.com\/zh-hans\/#\/schema\/logo\/image\/","url":"https:\/\/kohenavocats.com\/wp-content\/uploads\/2026\/01\/Logo-2-1.webp","contentUrl":"https:\/\/kohenavocats.com\/wp-content\/uploads\/2026\/01\/Logo-2-1.webp","width":2114,"height":1253,"caption":"Kohen Avocats"},"image":{"@id":"https:\/\/kohenavocats.com\/zh-hans\/#\/schema\/logo\/image\/"}},{"@type":"Person","@id":"https:\/\/kohenavocats.com\/zh-hans\/#\/schema\/person\/761c9ba54fa1ca84d405cef0831ff751","name":"Kohen","image":{"@type":"ImageObject","inLanguage":"zh-Hans","@id":"https:\/\/secure.gravatar.com\/avatar\/1c5e76ef76bbbfdd2b4da984e2bf2fa4056fd51a27d25ce2c332047f1dfd6e00?s=96&d=identicon&r=g","url":"https:\/\/secure.gravatar.com\/avatar\/1c5e76ef76bbbfdd2b4da984e2bf2fa4056fd51a27d25ce2c332047f1dfd6e00?s=96&d=identicon&r=g","contentUrl":"https:\/\/secure.gravatar.com\/avatar\/1c5e76ef76bbbfdd2b4da984e2bf2fa4056fd51a27d25ce2c332047f1dfd6e00?s=96&d=identicon&r=g","caption":"Kohen"},"sameAs":["https:\/\/www.linkedin.com\/in\/hassan-kohen-448548192\/","https:\/\/www.youtube.com\/@Kohen-Avocats"],"url":"https:\/\/kohenavocats.com\/zh-hans\/author\/kohenmlk\/"}]}},"jetpack_featured_media_url":"https:\/\/kohenavocats.com\/wp-content\/uploads\/2024\/08\/mathias-reding-bn5q5sn-MQg-unsplash.webp","jetpack_likes_enabled":false,"jetpack_shortlink":"https:\/\/wp.me\/peCrII-2MdI","jetpack-related-posts":[{"id":604465,"url":"https:\/\/kohenavocats.com\/zh-hans\/cour-dappel-de-grenoble-le-21-octobre-2025-n24-04138\/","url_meta":{"origin":662018,"position":0},"title":"Cour d&#8217;appel de Grenoble, le 21 octobre 2025, n\u00b024\/04138","author":"Kohen","date":"2026\u5e744\u670819\u65e5","format":false,"excerpt":"La cour d'appel de Grenoble, dans un arr\u00eat du 21 o\u2026","rel":"","context":"\u5728\u201cJurisprudence\u201d\u4e2d","block_context":{"text":"Jurisprudence","link":"https:\/\/kohenavocats.com\/category\/jurisprudence\/"},"img":{"alt_text":"","src":"https:\/\/i0.wp.com\/kohenavocats.com\/wp-content\/uploads\/2024\/11\/getty-images-IQwGidv9mK0-unsplash.webp?resize=350%2C200&ssl=1","width":350,"height":200,"srcset":"https:\/\/i0.wp.com\/kohenavocats.com\/wp-content\/uploads\/2024\/11\/getty-images-IQwGidv9mK0-unsplash.webp?resize=350%2C200&ssl=1 1x, https:\/\/i0.wp.com\/kohenavocats.com\/wp-content\/uploads\/2024\/11\/getty-images-IQwGidv9mK0-unsplash.webp?resize=525%2C300&ssl=1 1.5x, https:\/\/i0.wp.com\/kohenavocats.com\/wp-content\/uploads\/2024\/11\/getty-images-IQwGidv9mK0-unsplash.webp?resize=700%2C400&ssl=1 2x, https:\/\/i0.wp.com\/kohenavocats.com\/wp-content\/uploads\/2024\/11\/getty-images-IQwGidv9mK0-unsplash.webp?resize=1050%2C600&ssl=1 3x, https:\/\/i0.wp.com\/kohenavocats.com\/wp-content\/uploads\/2024\/11\/getty-images-IQwGidv9mK0-unsplash.webp?resize=1400%2C800&ssl=1 4x"},"classes":[]},{"id":223813,"url":"https:\/\/kohenavocats.com\/zh-hans\/tribunal-judiciaire-de-grenoble-le-19-juin-2025-n23-01699\/","url_meta":{"origin":662018,"position":1},"title":"Tribunal judiciaire de Grenoble, le 19 juin 2025, n\u00b023\/01699","author":"Kohen","date":"2025\u5e7412\u670826\u65e5","format":false,"excerpt":"La d\u00e9cision fournie par l\u2019utilisateur est in\u2026","rel":"","context":"\u5728\u201cD\u00e9cisions juridiques\u201d\u4e2d","block_context":{"text":"D\u00e9cisions juridiques","link":"https:\/\/kohenavocats.com\/category\/decisions-juridiques\/"},"img":{"alt_text":"","src":"https:\/\/i0.wp.com\/kohenavocats.com\/wp-content\/uploads\/2024\/11\/george-dagerotip-8CdA2foBDnk-unsplash.webp?resize=350%2C200&ssl=1","width":350,"height":200,"srcset":"https:\/\/i0.wp.com\/kohenavocats.com\/wp-content\/uploads\/2024\/11\/george-dagerotip-8CdA2foBDnk-unsplash.webp?resize=350%2C200&ssl=1 1x, https:\/\/i0.wp.com\/kohenavocats.com\/wp-content\/uploads\/2024\/11\/george-dagerotip-8CdA2foBDnk-unsplash.webp?resize=525%2C300&ssl=1 1.5x, https:\/\/i0.wp.com\/kohenavocats.com\/wp-content\/uploads\/2024\/11\/george-dagerotip-8CdA2foBDnk-unsplash.webp?resize=700%2C400&ssl=1 2x, https:\/\/i0.wp.com\/kohenavocats.com\/wp-content\/uploads\/2024\/11\/george-dagerotip-8CdA2foBDnk-unsplash.webp?resize=1050%2C600&ssl=1 3x, https:\/\/i0.wp.com\/kohenavocats.com\/wp-content\/uploads\/2024\/11\/george-dagerotip-8CdA2foBDnk-unsplash.webp?resize=1400%2C800&ssl=1 4x"},"classes":[]},{"id":684022,"url":"https:\/\/kohenavocats.com\/zh-hans\/tribunal-judiciaire-de-grenoble-le-19-juin-2025-n23-03307\/","url_meta":{"origin":662018,"position":2},"title":"Tribunal judiciaire de Grenoble, le 19 juin 2025, n\u00b023\/03307","author":"Kohen","date":"2026\u5e744\u670825\u65e5","format":false,"excerpt":"Le tribunal judiciaire de Grenoble, 6e chambre civ\u2026","rel":"","context":"\u5728\u201cJurisprudence\u201d\u4e2d","block_context":{"text":"Jurisprudence","link":"https:\/\/kohenavocats.com\/category\/jurisprudence\/"},"img":{"alt_text":"","src":"https:\/\/i0.wp.com\/kohenavocats.com\/wp-content\/uploads\/2024\/11\/getty-images-YCdjFYsEk9Q-unsplash.webp?resize=350%2C200&ssl=1","width":350,"height":200,"srcset":"https:\/\/i0.wp.com\/kohenavocats.com\/wp-content\/uploads\/2024\/11\/getty-images-YCdjFYsEk9Q-unsplash.webp?resize=350%2C200&ssl=1 1x, https:\/\/i0.wp.com\/kohenavocats.com\/wp-content\/uploads\/2024\/11\/getty-images-YCdjFYsEk9Q-unsplash.webp?resize=525%2C300&ssl=1 1.5x, https:\/\/i0.wp.com\/kohenavocats.com\/wp-content\/uploads\/2024\/11\/getty-images-YCdjFYsEk9Q-unsplash.webp?resize=700%2C400&ssl=1 2x, https:\/\/i0.wp.com\/kohenavocats.com\/wp-content\/uploads\/2024\/11\/getty-images-YCdjFYsEk9Q-unsplash.webp?resize=1050%2C600&ssl=1 3x, https:\/\/i0.wp.com\/kohenavocats.com\/wp-content\/uploads\/2024\/11\/getty-images-YCdjFYsEk9Q-unsplash.webp?resize=1400%2C800&ssl=1 4x"},"classes":[]},{"id":514122,"url":"https:\/\/kohenavocats.com\/zh-hans\/tribunal-judiciaire-de-grenoble-le-16-janvier-2025-n24-00308\/","url_meta":{"origin":662018,"position":3},"title":"Tribunal judiciaire de Grenoble, le 16 janvier 2025, n\u00b024\/00308","author":"Kohen","date":"2026\u5e744\u67088\u65e5","format":false,"excerpt":"Le tribunal judiciaire de Grenoble, dans un jugeme\u2026","rel":"","context":"\u5728\u201cJurisprudence\u201d\u4e2d","block_context":{"text":"Jurisprudence","link":"https:\/\/kohenavocats.com\/category\/jurisprudence\/"},"img":{"alt_text":"","src":"https:\/\/i0.wp.com\/kohenavocats.com\/wp-content\/uploads\/2024\/11\/85gb-photo-DKP0bwBFP9I-unsplash.webp?resize=350%2C200&ssl=1","width":350,"height":200,"srcset":"https:\/\/i0.wp.com\/kohenavocats.com\/wp-content\/uploads\/2024\/11\/85gb-photo-DKP0bwBFP9I-unsplash.webp?resize=350%2C200&ssl=1 1x, https:\/\/i0.wp.com\/kohenavocats.com\/wp-content\/uploads\/2024\/11\/85gb-photo-DKP0bwBFP9I-unsplash.webp?resize=525%2C300&ssl=1 1.5x, https:\/\/i0.wp.com\/kohenavocats.com\/wp-content\/uploads\/2024\/11\/85gb-photo-DKP0bwBFP9I-unsplash.webp?resize=700%2C400&ssl=1 2x, https:\/\/i0.wp.com\/kohenavocats.com\/wp-content\/uploads\/2024\/11\/85gb-photo-DKP0bwBFP9I-unsplash.webp?resize=1050%2C600&ssl=1 3x, https:\/\/i0.wp.com\/kohenavocats.com\/wp-content\/uploads\/2024\/11\/85gb-photo-DKP0bwBFP9I-unsplash.webp?resize=1400%2C800&ssl=1 4x"},"classes":[]},{"id":708748,"url":"https:\/\/kohenavocats.com\/zh-hans\/cour-dappel-de-grenoble-le-16-decembre-2025-n24-04211\/","url_meta":{"origin":662018,"position":4},"title":"Cour d&#8217;appel de Grenoble, le 16 d\u00e9cembre 2025, n\u00b024\/04211","author":"Kohen","date":"2026\u5e744\u670827\u65e5","format":false,"excerpt":"La cour d'appel de Grenoble, dans un arr\u00eat du 16 d\u2026","rel":"","context":"\u5728\u201cCour d'appel\u201d\u4e2d","block_context":{"text":"Cour d'appel","link":"https:\/\/kohenavocats.com\/category\/cour-dappel\/"},"img":{"alt_text":"","src":"https:\/\/i0.wp.com\/kohenavocats.com\/wp-content\/uploads\/2024\/11\/getty-images-U0gb3evEU8I-unsplash.webp?resize=350%2C200&ssl=1","width":350,"height":200,"srcset":"https:\/\/i0.wp.com\/kohenavocats.com\/wp-content\/uploads\/2024\/11\/getty-images-U0gb3evEU8I-unsplash.webp?resize=350%2C200&ssl=1 1x, https:\/\/i0.wp.com\/kohenavocats.com\/wp-content\/uploads\/2024\/11\/getty-images-U0gb3evEU8I-unsplash.webp?resize=525%2C300&ssl=1 1.5x, https:\/\/i0.wp.com\/kohenavocats.com\/wp-content\/uploads\/2024\/11\/getty-images-U0gb3evEU8I-unsplash.webp?resize=700%2C400&ssl=1 2x, https:\/\/i0.wp.com\/kohenavocats.com\/wp-content\/uploads\/2024\/11\/getty-images-U0gb3evEU8I-unsplash.webp?resize=1050%2C600&ssl=1 3x, https:\/\/i0.wp.com\/kohenavocats.com\/wp-content\/uploads\/2024\/11\/getty-images-U0gb3evEU8I-unsplash.webp?resize=1400%2C800&ssl=1 4x"},"classes":[]},{"id":740320,"url":"https:\/\/kohenavocats.com\/zh-hans\/cour-dappel-de-grenoble-le-27-janvier-2026-n24-03607\/","url_meta":{"origin":662018,"position":5},"title":"Cour d&#8217;appel de Grenoble, le 27 janvier 2026, n\u00b024\/03607","author":"Kohen","date":"2026\u5e744\u670828\u65e5","format":false,"excerpt":"La cour d'appel de Grenoble, dans un arr\u00eat du 27 j\u2026","rel":"","context":"\u5728\u201cCour d'appel\u201d\u4e2d","block_context":{"text":"Cour d'appel","link":"https:\/\/kohenavocats.com\/category\/cour-dappel\/"},"img":{"alt_text":"","src":"https:\/\/i0.wp.com\/kohenavocats.com\/wp-content\/uploads\/2024\/08\/brandy-willetts-8gXjWj-9OD0-unsplash.webp?resize=350%2C200&ssl=1","width":350,"height":200,"srcset":"https:\/\/i0.wp.com\/kohenavocats.com\/wp-content\/uploads\/2024\/08\/brandy-willetts-8gXjWj-9OD0-unsplash.webp?resize=350%2C200&ssl=1 1x, https:\/\/i0.wp.com\/kohenavocats.com\/wp-content\/uploads\/2024\/08\/brandy-willetts-8gXjWj-9OD0-unsplash.webp?resize=525%2C300&ssl=1 1.5x, https:\/\/i0.wp.com\/kohenavocats.com\/wp-content\/uploads\/2024\/08\/brandy-willetts-8gXjWj-9OD0-unsplash.webp?resize=700%2C400&ssl=1 2x, https:\/\/i0.wp.com\/kohenavocats.com\/wp-content\/uploads\/2024\/08\/brandy-willetts-8gXjWj-9OD0-unsplash.webp?resize=1050%2C600&ssl=1 3x, https:\/\/i0.wp.com\/kohenavocats.com\/wp-content\/uploads\/2024\/08\/brandy-willetts-8gXjWj-9OD0-unsplash.webp?resize=1400%2C800&ssl=1 4x"},"classes":[]}],"jetpack_sharing_enabled":true,"_links":{"self":[{"href":"https:\/\/kohenavocats.com\/zh-hans\/wp-json\/wp\/v2\/posts\/662018","targetHints":{"allow":["GET"]}}],"collection":[{"href":"https:\/\/kohenavocats.com\/zh-hans\/wp-json\/wp\/v2\/posts"}],"about":[{"href":"https:\/\/kohenavocats.com\/zh-hans\/wp-json\/wp\/v2\/types\/post"}],"author":[{"embeddable":true,"href":"https:\/\/kohenavocats.com\/zh-hans\/wp-json\/wp\/v2\/users\/232070755"}],"replies":[{"embeddable":true,"href":"https:\/\/kohenavocats.com\/zh-hans\/wp-json\/wp\/v2\/comments?post=662018"}],"version-history":[{"count":0,"href":"https:\/\/kohenavocats.com\/zh-hans\/wp-json\/wp\/v2\/posts\/662018\/revisions"}],"wp:featuredmedia":[{"embeddable":true,"href":"https:\/\/kohenavocats.com\/zh-hans\/wp-json\/wp\/v2\/media\/4924"}],"wp:attachment":[{"href":"https:\/\/kohenavocats.com\/zh-hans\/wp-json\/wp\/v2\/media?parent=662018"}],"wp:term":[{"taxonomy":"category","embeddable":true,"href":"https:\/\/kohenavocats.com\/zh-hans\/wp-json\/wp\/v2\/categories?post=662018"},{"taxonomy":"post_tag","embeddable":true,"href":"https:\/\/kohenavocats.com\/zh-hans\/wp-json\/wp\/v2\/tags?post=662018"}],"curies":[{"name":"wp","href":"https:\/\/api.w.org\/{rel}","templated":true}]}}