{"id":662023,"date":"2026-04-23T18:40:31","date_gmt":"2026-04-23T16:40:31","guid":{"rendered":"https:\/\/kohenavocats.com\/tribunal-judiciaire-de-nantes-le-25-septembre-2025-n25-00264\/"},"modified":"2026-04-23T18:40:31","modified_gmt":"2026-04-23T16:40:31","slug":"tribunal-judiciaire-de-nantes-le-25-septembre-2025-n25-00264","status":"publish","type":"post","link":"https:\/\/kohenavocats.com\/zh-hans\/tribunal-judiciaire-de-nantes-le-25-septembre-2025-n25-00264\/","title":{"rendered":"Tribunal judiciaire de Nantes, le 25 septembre 2025, n\u00b025\/00264"},"content":{"rendered":"<div class=\"article-content\">\n<p>Le juge des contentieux de la protection, statuant le 25 septembre 2025, examine une demande de r\u00e9siliation de bail pour impay\u00e9s formul\u00e9e par un bailleur social. Apr\u00e8s avoir v\u00e9rifi\u00e9 la recevabilit\u00e9 de l&#8217;action, le juge constate la r\u00e9solution du bail mais accorde aux locataires des d\u00e9lais de paiement \u00e9tendus, conditionnant le maintien dans les lieux au respect de ces \u00e9ch\u00e9ances.<\/p>\n<p>La r\u00e9gularisation proc\u00e9durale des actions en r\u00e9siliation<\/p>\n<p>Le contr\u00f4le strict des conditions de recevabilit\u00e9. Le juge v\u00e9rifie scrupuleusement le respect des formalit\u00e9s pr\u00e9alables impos\u00e9es aux bailleurs personnes morales par la loi. L&#8217;assignation ne peut intervenir qu&#8217;apr\u00e8s un d\u00e9lai de deux mois suivant la saisine de la commission comp\u00e9tente. &#8220;Les bailleurs personnes morales ne peuvent faire d\u00e9livrer, sous peine d\u2019irrecevabilit\u00e9 de la demande, une assignation aux fins de constat de r\u00e9siliation du bail avant l\u2019expiration d\u2019un d\u00e9lai de deux mois suivant la saisine de la commission&#8221; (Motifs de la d\u00e9cision). Cette saisine est r\u00e9put\u00e9e constitu\u00e9e par la notification des impay\u00e9s aux organismes payeurs d&#8217;aides, r\u00e9gularit\u00e9 dont le bailleur apporte la preuve.<\/p>\n<p>L&#8217;encadrement renforc\u00e9 de la proc\u00e9dure d&#8217;expulsion. La d\u00e9cision rappelle \u00e9galement l&#8217;obligation de notification \u00e0 l&#8217;autorit\u00e9 pr\u00e9fectorale. Cette formalit\u00e9 doit intervenir au moins six semaines avant l&#8217;audience, sous la m\u00eame sanction d&#8217;irrecevabilit\u00e9. En l&#8217;esp\u00e8ce, le bailleur a satisfait \u00e0 cette exigence, rendant son action recevable. Cette double v\u00e9rification illustre la volont\u00e9 du l\u00e9gislateur d&#8217;instaurer des filtres proc\u00e9duraux stricts. Ces \u00e9tapes obligatoires visent \u00e0 pr\u00e9venir les expulsions en permettant une intervention sociale en amont de toute action judiciaire.<\/p>\n<p>La sanction des impay\u00e9s et l&#8217;am\u00e9nagement des cons\u00e9quences<\/p>\n<p>La mise en \u0153uvre effective de la clause r\u00e9solutoire. Le juge constate la r\u00e9gularit\u00e9 du commandement de payer et son caract\u00e8re infructueux. &#8220;Ce commandement est demeur\u00e9 infructueux pendant plus de deux mois, de sorte qu\u2019il y a lieu de constater que les conditions d\u2019acquisition de la clause r\u00e9solutoire contenue dans le bail \u00e9taient r\u00e9unies&#8221; (Motifs de la d\u00e9cision). La r\u00e9siliation est donc juridiquement acquise, conform\u00e9ment \u00e0 la clause contractuelle et au cadre l\u00e9gal. Cette application rappelle que la clause r\u00e9solutoire de plein droit ne produit effet qu&#8217;apr\u00e8s un commandement demeur\u00e9 sans suite, comme le pr\u00e9cise une jurisprudence constante. &#8220;Aux termes de l&#8217;article L145-1 du code de commerce toute clause ins\u00e9r\u00e9e dans le bail pr\u00e9voyant la r\u00e9siliation de plein droit ne produit effets qu&#8217;un mois apr\u00e8s un commandement demeur\u00e9 infructueux&#8221; (Cour d&#8217;appel de Montpellier, le 27 f\u00e9vrier 2025, n\u00b024\/02618).<\/p>\n<p>L&#8217;octroi conditionnel de d\u00e9lais de paiement pr\u00e9servant le logement. Le juge use de son pouvoir d&#8217;am\u00e9nager les cons\u00e9quences de la r\u00e9siliation. Il accorde vingt-sept mois pour apurer la dette, conditionn\u00e9 au paiement du loyer courant et de mensualit\u00e9s. &#8220;Si les modalit\u00e9s de paiement pr\u00e9cit\u00e9es sont int\u00e9gralement respect\u00e9es par les locataires, la clause r\u00e9solutoire sera r\u00e9put\u00e9e ne pas avoir jou\u00e9&#8221; (Motifs de la d\u00e9cision). Cette mesure de cl\u00e9mence, permise par la reprise des paiements et l&#8217;accord du bailleur, suspend les effets de la r\u00e9siliation. Elle op\u00e8re une conciliation entre le droit du cr\u00e9ancier au recouvrement et la protection du logement des d\u00e9biteurs de bonne foi, transformant la sanction en plan de redressement.<\/p>\n<\/div>\n","protected":false},"excerpt":{"rendered":"<p>Le juge des contentieux de la protection, statuant le 25 septembre 2025, examine une demande de r\u00e9siliation de bail pour impay\u00e9s formul\u00e9e par un bailleur soc&#8230;<\/p>\n","protected":false},"author":232070755,"featured_media":4697,"comment_status":"open","ping_status":"open","sticky":false,"template":"","format":"standard","meta":{"_crdt_document":"","_jetpack_newsletter_access":"","_jetpack_dont_email_post_to_subs":false,"_jetpack_newsletter_tier_id":0,"_jetpack_memberships_contains_paywalled_content":false,"_kj_source_type":"judilibre","_kj_official_id":"68ed534e0da7cb996dca15a2","_kj_official_url":"https:\/\/www.courdecassation.fr\/decision\/68ed534e0da7cb996dca15a2","_kj_judilibre_id":"68ed534e0da7cb996dca15a2","_kj_jur":"Tribunal judiciaire","_kj_lieu":"Tribunal judiciaire de Nantes","_kj_chambre":"JCP LOGEMENT","_kj_rg":"25\/00264","_kj_date":"2025-09-25","_jetpack_memberships_contains_paid_content":false,"footnotes":"","jetpack_post_was_ever_published":false},"categories":[7597],"tags":[],"class_list":["post-662023","post","type-post","status-publish","format-standard","has-post-thumbnail","hentry","category-jurisprudence"],"yoast_head":"<!-- This site is optimized with the Yoast SEO Premium plugin v27.5 (Yoast SEO v27.5) - https:\/\/yoast.com\/product\/yoast-seo-premium-wordpress\/ -->\n<title>Tribunal judiciaire de Nantes, le 25 septembre 2025, n\u00b025\/00264 - Ma\u00eetre Hassan Kohen, avocat en droit p\u00e9nal \u00e0 Paris<\/title>\n<meta name=\"description\" content=\"Le juge des contentieux de la protection, statuant le 25 septembre 2025, examine une demande de r\u00e9siliation de bail pour impay\u00e9s formul\u00e9e par un bailleur soc...\" \/>\n<meta name=\"robots\" content=\"index, follow, max-snippet:-1, max-image-preview:large, max-video-preview:-1\" \/>\n<link rel=\"canonical\" href=\"https:\/\/kohenavocats.com\/zh-hans\/tribunal-judiciaire-de-nantes-le-25-septembre-2025-n25-00264\/\" \/>\n<meta property=\"og:locale\" content=\"zh_CN\" \/>\n<meta property=\"og:type\" content=\"article\" \/>\n<meta property=\"og:title\" content=\"Tribunal judiciaire de Nantes, le 25 septembre 2025, n\u00b025\/00264\" \/>\n<meta property=\"og:description\" content=\"Le juge des contentieux de la protection, statuant le 25 septembre 2025, examine une demande de r\u00e9siliation de bail pour impay\u00e9s formul\u00e9e par un bailleur soc...\" \/>\n<meta property=\"og:url\" content=\"https:\/\/kohenavocats.com\/zh-hans\/tribunal-judiciaire-de-nantes-le-25-septembre-2025-n25-00264\/\" \/>\n<meta property=\"og:site_name\" content=\"Ma\u00eetre Hassan Kohen, avocat en droit p\u00e9nal \u00e0 Paris\" \/>\n<meta property=\"article:published_time\" content=\"2026-04-23T16:40:31+00:00\" \/>\n<meta property=\"og:image\" content=\"https:\/\/kohenavocats.com\/wp-content\/uploads\/2024\/08\/henrique-ferreira-ZyYsY0ez2D4-unsplash.webp\" \/>\n\t<meta property=\"og:image:width\" content=\"5184\" \/>\n\t<meta property=\"og:image:height\" content=\"3456\" \/>\n\t<meta property=\"og:image:type\" content=\"image\/webp\" \/>\n<meta name=\"author\" content=\"Kohen\" \/>\n<meta name=\"twitter:card\" content=\"summary_large_image\" \/>\n<meta name=\"twitter:label1\" content=\"\u4f5c\u8005\" \/>\n\t<meta name=\"twitter:data1\" content=\"Kohen\" \/>\n\t<meta name=\"twitter:label2\" content=\"\u9884\u8ba1\u9605\u8bfb\u65f6\u95f4\" \/>\n\t<meta name=\"twitter:data2\" content=\"3 \u5206\" \/>\n<script type=\"application\/ld+json\" class=\"yoast-schema-graph\">{\"@context\":\"https:\\\/\\\/schema.org\",\"@graph\":[{\"@type\":\"Article\",\"@id\":\"https:\\\/\\\/kohenavocats.com\\\/zh-hans\\\/tribunal-judiciaire-de-nantes-le-25-septembre-2025-n25-00264\\\/#article\",\"isPartOf\":{\"@id\":\"https:\\\/\\\/kohenavocats.com\\\/zh-hans\\\/tribunal-judiciaire-de-nantes-le-25-septembre-2025-n25-00264\\\/\"},\"author\":{\"name\":\"Kohen\",\"@id\":\"https:\\\/\\\/kohenavocats.com\\\/zh-hans\\\/#\\\/schema\\\/person\\\/761c9ba54fa1ca84d405cef0831ff751\"},\"headline\":\"Tribunal judiciaire de Nantes, le 25 septembre 2025, n\u00b025\\\/00264\",\"datePublished\":\"2026-04-23T16:40:31+00:00\",\"mainEntityOfPage\":{\"@id\":\"https:\\\/\\\/kohenavocats.com\\\/zh-hans\\\/tribunal-judiciaire-de-nantes-le-25-septembre-2025-n25-00264\\\/\"},\"wordCount\":606,\"commentCount\":0,\"publisher\":{\"@id\":\"https:\\\/\\\/kohenavocats.com\\\/zh-hans\\\/#organization\"},\"image\":{\"@id\":\"https:\\\/\\\/kohenavocats.com\\\/zh-hans\\\/tribunal-judiciaire-de-nantes-le-25-septembre-2025-n25-00264\\\/#primaryimage\"},\"thumbnailUrl\":\"https:\\\/\\\/kohenavocats.com\\\/wp-content\\\/uploads\\\/2024\\\/08\\\/henrique-ferreira-ZyYsY0ez2D4-unsplash.webp\",\"articleSection\":[\"Jurisprudence\"],\"inLanguage\":\"zh-Hans\",\"potentialAction\":[{\"@type\":\"CommentAction\",\"name\":\"Comment\",\"target\":[\"https:\\\/\\\/kohenavocats.com\\\/zh-hans\\\/tribunal-judiciaire-de-nantes-le-25-septembre-2025-n25-00264\\\/#respond\"]}],\"citation\":\"Tribunal judiciaire de Nantes, le 25 septembre 2025, n\u00b025\\\/00264\",\"about\":[{\"@type\":\"Thing\",\"name\":\"Jurisprudence\"}],\"dateModified\":\"2026-04-23T16:40:31+00:00\",\"speakable\":{\"@type\":\"SpeakableSpecification\",\"cssSelector\":[\".article-content > p:first-of-type\"]}},{\"@type\":\"WebPage\",\"@id\":\"https:\\\/\\\/kohenavocats.com\\\/zh-hans\\\/tribunal-judiciaire-de-nantes-le-25-septembre-2025-n25-00264\\\/\",\"url\":\"https:\\\/\\\/kohenavocats.com\\\/zh-hans\\\/tribunal-judiciaire-de-nantes-le-25-septembre-2025-n25-00264\\\/\",\"name\":\"Tribunal judiciaire de Nantes, le 25 septembre 2025, n\u00b025\\\/00264 - Ma\u00eetre Hassan Kohen, avocat en droit p\u00e9nal \u00e0 Paris\",\"isPartOf\":{\"@id\":\"https:\\\/\\\/kohenavocats.com\\\/zh-hans\\\/#website\"},\"primaryImageOfPage\":{\"@id\":\"https:\\\/\\\/kohenavocats.com\\\/zh-hans\\\/tribunal-judiciaire-de-nantes-le-25-septembre-2025-n25-00264\\\/#primaryimage\"},\"image\":{\"@id\":\"https:\\\/\\\/kohenavocats.com\\\/zh-hans\\\/tribunal-judiciaire-de-nantes-le-25-septembre-2025-n25-00264\\\/#primaryimage\"},\"thumbnailUrl\":\"https:\\\/\\\/kohenavocats.com\\\/wp-content\\\/uploads\\\/2024\\\/08\\\/henrique-ferreira-ZyYsY0ez2D4-unsplash.webp\",\"datePublished\":\"2026-04-23T16:40:31+00:00\",\"description\":\"Le juge des contentieux de la protection, statuant le 25 septembre 2025, examine une demande de r\u00e9siliation de bail pour impay\u00e9s formul\u00e9e par un bailleur soc...\",\"breadcrumb\":{\"@id\":\"https:\\\/\\\/kohenavocats.com\\\/zh-hans\\\/tribunal-judiciaire-de-nantes-le-25-septembre-2025-n25-00264\\\/#breadcrumb\"},\"inLanguage\":\"zh-Hans\",\"potentialAction\":[{\"@type\":\"ReadAction\",\"target\":[\"https:\\\/\\\/kohenavocats.com\\\/zh-hans\\\/tribunal-judiciaire-de-nantes-le-25-septembre-2025-n25-00264\\\/\"]}]},{\"@type\":\"ImageObject\",\"inLanguage\":\"zh-Hans\",\"@id\":\"https:\\\/\\\/kohenavocats.com\\\/zh-hans\\\/tribunal-judiciaire-de-nantes-le-25-septembre-2025-n25-00264\\\/#primaryimage\",\"url\":\"https:\\\/\\\/kohenavocats.com\\\/wp-content\\\/uploads\\\/2024\\\/08\\\/henrique-ferreira-ZyYsY0ez2D4-unsplash.webp\",\"contentUrl\":\"https:\\\/\\\/kohenavocats.com\\\/wp-content\\\/uploads\\\/2024\\\/08\\\/henrique-ferreira-ZyYsY0ez2D4-unsplash.webp\",\"width\":5184,\"height\":3456},{\"@type\":\"BreadcrumbList\",\"@id\":\"https:\\\/\\\/kohenavocats.com\\\/zh-hans\\\/tribunal-judiciaire-de-nantes-le-25-septembre-2025-n25-00264\\\/#breadcrumb\",\"itemListElement\":[{\"@type\":\"ListItem\",\"position\":1,\"name\":\"Home\",\"item\":\"https:\\\/\\\/kohenavocats.com\\\/zh-hans\\\/\"},{\"@type\":\"ListItem\",\"position\":2,\"name\":\"Tribunal judiciaire de Nantes, le 25 septembre 2025, n\u00b025\\\/00264\"}]},{\"@type\":\"WebSite\",\"@id\":\"https:\\\/\\\/kohenavocats.com\\\/zh-hans\\\/#website\",\"url\":\"https:\\\/\\\/kohenavocats.com\\\/zh-hans\\\/\",\"name\":\"Kohen Avocats\",\"description\":\"Ma\u00eetre Hassan Kohen, avocat p\u00e9naliste \u00e0 Paris, intervient exclusivement en droit p\u00e9nal pour la d\u00e9fense des particuliers, notamment en mati\u00e8re d\u2019accusations de viol. Il assure un accompagnement rigoureux d\u00e8s la garde \u00e0 vue jusqu\u2019\u00e0 la Cour d\u2019assises, veillant au strict respect des garanties proc\u00e9durales.\",\"publisher\":{\"@id\":\"https:\\\/\\\/kohenavocats.com\\\/zh-hans\\\/#organization\"},\"potentialAction\":[{\"@type\":\"SearchAction\",\"target\":{\"@type\":\"EntryPoint\",\"urlTemplate\":\"https:\\\/\\\/kohenavocats.com\\\/zh-hans\\\/?s={search_term_string}\"},\"query-input\":{\"@type\":\"PropertyValueSpecification\",\"valueRequired\":true,\"valueName\":\"search_term_string\"}}],\"inLanguage\":\"zh-Hans\"},{\"@type\":\"Organization\",\"@id\":\"https:\\\/\\\/kohenavocats.com\\\/zh-hans\\\/#organization\",\"name\":\"Kohen Avocats\",\"url\":\"https:\\\/\\\/kohenavocats.com\\\/zh-hans\\\/\",\"logo\":{\"@type\":\"ImageObject\",\"inLanguage\":\"zh-Hans\",\"@id\":\"https:\\\/\\\/kohenavocats.com\\\/zh-hans\\\/#\\\/schema\\\/logo\\\/image\\\/\",\"url\":\"https:\\\/\\\/kohenavocats.com\\\/wp-content\\\/uploads\\\/2026\\\/01\\\/Logo-2-1.webp\",\"contentUrl\":\"https:\\\/\\\/kohenavocats.com\\\/wp-content\\\/uploads\\\/2026\\\/01\\\/Logo-2-1.webp\",\"width\":2114,\"height\":1253,\"caption\":\"Kohen Avocats\"},\"image\":{\"@id\":\"https:\\\/\\\/kohenavocats.com\\\/zh-hans\\\/#\\\/schema\\\/logo\\\/image\\\/\"}},{\"@type\":\"Person\",\"@id\":\"https:\\\/\\\/kohenavocats.com\\\/zh-hans\\\/#\\\/schema\\\/person\\\/761c9ba54fa1ca84d405cef0831ff751\",\"name\":\"Kohen\",\"image\":{\"@type\":\"ImageObject\",\"inLanguage\":\"zh-Hans\",\"@id\":\"https:\\\/\\\/secure.gravatar.com\\\/avatar\\\/1c5e76ef76bbbfdd2b4da984e2bf2fa4056fd51a27d25ce2c332047f1dfd6e00?s=96&d=identicon&r=g\",\"url\":\"https:\\\/\\\/secure.gravatar.com\\\/avatar\\\/1c5e76ef76bbbfdd2b4da984e2bf2fa4056fd51a27d25ce2c332047f1dfd6e00?s=96&d=identicon&r=g\",\"contentUrl\":\"https:\\\/\\\/secure.gravatar.com\\\/avatar\\\/1c5e76ef76bbbfdd2b4da984e2bf2fa4056fd51a27d25ce2c332047f1dfd6e00?s=96&d=identicon&r=g\",\"caption\":\"Kohen\"},\"sameAs\":[\"https:\\\/\\\/www.linkedin.com\\\/in\\\/hassan-kohen-448548192\\\/\",\"https:\\\/\\\/www.youtube.com\\\/@Kohen-Avocats\"],\"url\":\"https:\\\/\\\/kohenavocats.com\\\/zh-hans\\\/author\\\/kohenmlk\\\/\"}]}<\/script>\n<!-- \/ Yoast SEO Premium plugin. -->","yoast_head_json":{"title":"Tribunal judiciaire de Nantes, le 25 septembre 2025, n\u00b025\/00264 - Ma\u00eetre Hassan Kohen, avocat en droit p\u00e9nal \u00e0 Paris","description":"Le juge des contentieux de la protection, statuant le 25 septembre 2025, examine une demande de r\u00e9siliation de bail pour impay\u00e9s formul\u00e9e par un bailleur soc...","robots":{"index":"index","follow":"follow","max-snippet":"max-snippet:-1","max-image-preview":"max-image-preview:large","max-video-preview":"max-video-preview:-1"},"canonical":"https:\/\/kohenavocats.com\/zh-hans\/tribunal-judiciaire-de-nantes-le-25-septembre-2025-n25-00264\/","og_locale":"zh_CN","og_type":"article","og_title":"Tribunal judiciaire de Nantes, le 25 septembre 2025, n\u00b025\/00264","og_description":"Le juge des contentieux de la protection, statuant le 25 septembre 2025, examine une demande de r\u00e9siliation de bail pour impay\u00e9s formul\u00e9e par un bailleur soc...","og_url":"https:\/\/kohenavocats.com\/zh-hans\/tribunal-judiciaire-de-nantes-le-25-septembre-2025-n25-00264\/","og_site_name":"Ma\u00eetre Hassan Kohen, avocat en droit p\u00e9nal \u00e0 Paris","article_published_time":"2026-04-23T16:40:31+00:00","og_image":[{"width":5184,"height":3456,"url":"https:\/\/kohenavocats.com\/wp-content\/uploads\/2024\/08\/henrique-ferreira-ZyYsY0ez2D4-unsplash.webp","type":"image\/webp"}],"author":"Kohen","twitter_card":"summary_large_image","twitter_misc":{"\u4f5c\u8005":"Kohen","\u9884\u8ba1\u9605\u8bfb\u65f6\u95f4":"3 \u5206"},"schema":{"@context":"https:\/\/schema.org","@graph":[{"@type":"Article","@id":"https:\/\/kohenavocats.com\/zh-hans\/tribunal-judiciaire-de-nantes-le-25-septembre-2025-n25-00264\/#article","isPartOf":{"@id":"https:\/\/kohenavocats.com\/zh-hans\/tribunal-judiciaire-de-nantes-le-25-septembre-2025-n25-00264\/"},"author":{"name":"Kohen","@id":"https:\/\/kohenavocats.com\/zh-hans\/#\/schema\/person\/761c9ba54fa1ca84d405cef0831ff751"},"headline":"Tribunal judiciaire de Nantes, le 25 septembre 2025, n\u00b025\/00264","datePublished":"2026-04-23T16:40:31+00:00","mainEntityOfPage":{"@id":"https:\/\/kohenavocats.com\/zh-hans\/tribunal-judiciaire-de-nantes-le-25-septembre-2025-n25-00264\/"},"wordCount":606,"commentCount":0,"publisher":{"@id":"https:\/\/kohenavocats.com\/zh-hans\/#organization"},"image":{"@id":"https:\/\/kohenavocats.com\/zh-hans\/tribunal-judiciaire-de-nantes-le-25-septembre-2025-n25-00264\/#primaryimage"},"thumbnailUrl":"https:\/\/kohenavocats.com\/wp-content\/uploads\/2024\/08\/henrique-ferreira-ZyYsY0ez2D4-unsplash.webp","articleSection":["Jurisprudence"],"inLanguage":"zh-Hans","potentialAction":[{"@type":"CommentAction","name":"Comment","target":["https:\/\/kohenavocats.com\/zh-hans\/tribunal-judiciaire-de-nantes-le-25-septembre-2025-n25-00264\/#respond"]}],"citation":"Tribunal judiciaire de Nantes, le 25 septembre 2025, n\u00b025\/00264","about":[{"@type":"Thing","name":"Jurisprudence"}],"dateModified":"2026-04-23T16:40:31+00:00","speakable":{"@type":"SpeakableSpecification","cssSelector":[".article-content > p:first-of-type"]}},{"@type":"WebPage","@id":"https:\/\/kohenavocats.com\/zh-hans\/tribunal-judiciaire-de-nantes-le-25-septembre-2025-n25-00264\/","url":"https:\/\/kohenavocats.com\/zh-hans\/tribunal-judiciaire-de-nantes-le-25-septembre-2025-n25-00264\/","name":"Tribunal judiciaire de Nantes, le 25 septembre 2025, n\u00b025\/00264 - Ma\u00eetre Hassan Kohen, avocat en droit p\u00e9nal \u00e0 Paris","isPartOf":{"@id":"https:\/\/kohenavocats.com\/zh-hans\/#website"},"primaryImageOfPage":{"@id":"https:\/\/kohenavocats.com\/zh-hans\/tribunal-judiciaire-de-nantes-le-25-septembre-2025-n25-00264\/#primaryimage"},"image":{"@id":"https:\/\/kohenavocats.com\/zh-hans\/tribunal-judiciaire-de-nantes-le-25-septembre-2025-n25-00264\/#primaryimage"},"thumbnailUrl":"https:\/\/kohenavocats.com\/wp-content\/uploads\/2024\/08\/henrique-ferreira-ZyYsY0ez2D4-unsplash.webp","datePublished":"2026-04-23T16:40:31+00:00","description":"Le juge des contentieux de la protection, statuant le 25 septembre 2025, examine une demande de r\u00e9siliation de bail pour impay\u00e9s formul\u00e9e par un bailleur soc...","breadcrumb":{"@id":"https:\/\/kohenavocats.com\/zh-hans\/tribunal-judiciaire-de-nantes-le-25-septembre-2025-n25-00264\/#breadcrumb"},"inLanguage":"zh-Hans","potentialAction":[{"@type":"ReadAction","target":["https:\/\/kohenavocats.com\/zh-hans\/tribunal-judiciaire-de-nantes-le-25-septembre-2025-n25-00264\/"]}]},{"@type":"ImageObject","inLanguage":"zh-Hans","@id":"https:\/\/kohenavocats.com\/zh-hans\/tribunal-judiciaire-de-nantes-le-25-septembre-2025-n25-00264\/#primaryimage","url":"https:\/\/kohenavocats.com\/wp-content\/uploads\/2024\/08\/henrique-ferreira-ZyYsY0ez2D4-unsplash.webp","contentUrl":"https:\/\/kohenavocats.com\/wp-content\/uploads\/2024\/08\/henrique-ferreira-ZyYsY0ez2D4-unsplash.webp","width":5184,"height":3456},{"@type":"BreadcrumbList","@id":"https:\/\/kohenavocats.com\/zh-hans\/tribunal-judiciaire-de-nantes-le-25-septembre-2025-n25-00264\/#breadcrumb","itemListElement":[{"@type":"ListItem","position":1,"name":"Home","item":"https:\/\/kohenavocats.com\/zh-hans\/"},{"@type":"ListItem","position":2,"name":"Tribunal judiciaire de Nantes, le 25 septembre 2025, n\u00b025\/00264"}]},{"@type":"WebSite","@id":"https:\/\/kohenavocats.com\/zh-hans\/#website","url":"https:\/\/kohenavocats.com\/zh-hans\/","name":"Kohen Avocats","description":"Ma\u00eetre Hassan Kohen, avocat p\u00e9naliste \u00e0 Paris, intervient exclusivement en droit p\u00e9nal pour la d\u00e9fense des particuliers, notamment en mati\u00e8re d\u2019accusations de viol. Il assure un accompagnement rigoureux d\u00e8s la garde \u00e0 vue jusqu\u2019\u00e0 la Cour d\u2019assises, veillant au strict respect des garanties proc\u00e9durales.","publisher":{"@id":"https:\/\/kohenavocats.com\/zh-hans\/#organization"},"potentialAction":[{"@type":"SearchAction","target":{"@type":"EntryPoint","urlTemplate":"https:\/\/kohenavocats.com\/zh-hans\/?s={search_term_string}"},"query-input":{"@type":"PropertyValueSpecification","valueRequired":true,"valueName":"search_term_string"}}],"inLanguage":"zh-Hans"},{"@type":"Organization","@id":"https:\/\/kohenavocats.com\/zh-hans\/#organization","name":"Kohen Avocats","url":"https:\/\/kohenavocats.com\/zh-hans\/","logo":{"@type":"ImageObject","inLanguage":"zh-Hans","@id":"https:\/\/kohenavocats.com\/zh-hans\/#\/schema\/logo\/image\/","url":"https:\/\/kohenavocats.com\/wp-content\/uploads\/2026\/01\/Logo-2-1.webp","contentUrl":"https:\/\/kohenavocats.com\/wp-content\/uploads\/2026\/01\/Logo-2-1.webp","width":2114,"height":1253,"caption":"Kohen Avocats"},"image":{"@id":"https:\/\/kohenavocats.com\/zh-hans\/#\/schema\/logo\/image\/"}},{"@type":"Person","@id":"https:\/\/kohenavocats.com\/zh-hans\/#\/schema\/person\/761c9ba54fa1ca84d405cef0831ff751","name":"Kohen","image":{"@type":"ImageObject","inLanguage":"zh-Hans","@id":"https:\/\/secure.gravatar.com\/avatar\/1c5e76ef76bbbfdd2b4da984e2bf2fa4056fd51a27d25ce2c332047f1dfd6e00?s=96&d=identicon&r=g","url":"https:\/\/secure.gravatar.com\/avatar\/1c5e76ef76bbbfdd2b4da984e2bf2fa4056fd51a27d25ce2c332047f1dfd6e00?s=96&d=identicon&r=g","contentUrl":"https:\/\/secure.gravatar.com\/avatar\/1c5e76ef76bbbfdd2b4da984e2bf2fa4056fd51a27d25ce2c332047f1dfd6e00?s=96&d=identicon&r=g","caption":"Kohen"},"sameAs":["https:\/\/www.linkedin.com\/in\/hassan-kohen-448548192\/","https:\/\/www.youtube.com\/@Kohen-Avocats"],"url":"https:\/\/kohenavocats.com\/zh-hans\/author\/kohenmlk\/"}]}},"jetpack_featured_media_url":"https:\/\/kohenavocats.com\/wp-content\/uploads\/2024\/08\/henrique-ferreira-ZyYsY0ez2D4-unsplash.webp","jetpack_likes_enabled":false,"jetpack_shortlink":"https:\/\/wp.me\/peCrII-2MdN","jetpack-related-posts":[{"id":669570,"url":"https:\/\/kohenavocats.com\/zh-hans\/tribunal-judiciaire-de-meaux-le-19-septembre-2025-n25-01855\/","url_meta":{"origin":662023,"position":0},"title":"Tribunal judiciaire de Meaux, le 19 septembre 2025, n\u00b025\/01855","author":"Kohen","date":"2026\u5e744\u670824\u65e5","format":false,"excerpt":"Le juge des contentieux de la protection, statuant\u2026","rel":"","context":"\u5728\u201cImmobilier\u201d\u4e2d","block_context":{"text":"Immobilier","link":"https:\/\/kohenavocats.com\/category\/immobilier\/"},"img":{"alt_text":"","src":"https:\/\/i0.wp.com\/kohenavocats.com\/wp-content\/uploads\/2024\/08\/mathias-reding-Fv_rvhKNXN0-unsplash.webp?resize=350%2C200&ssl=1","width":350,"height":200,"srcset":"https:\/\/i0.wp.com\/kohenavocats.com\/wp-content\/uploads\/2024\/08\/mathias-reding-Fv_rvhKNXN0-unsplash.webp?resize=350%2C200&ssl=1 1x, https:\/\/i0.wp.com\/kohenavocats.com\/wp-content\/uploads\/2024\/08\/mathias-reding-Fv_rvhKNXN0-unsplash.webp?resize=525%2C300&ssl=1 1.5x, https:\/\/i0.wp.com\/kohenavocats.com\/wp-content\/uploads\/2024\/08\/mathias-reding-Fv_rvhKNXN0-unsplash.webp?resize=700%2C400&ssl=1 2x, https:\/\/i0.wp.com\/kohenavocats.com\/wp-content\/uploads\/2024\/08\/mathias-reding-Fv_rvhKNXN0-unsplash.webp?resize=1050%2C600&ssl=1 3x, https:\/\/i0.wp.com\/kohenavocats.com\/wp-content\/uploads\/2024\/08\/mathias-reding-Fv_rvhKNXN0-unsplash.webp?resize=1400%2C800&ssl=1 4x"},"classes":[]},{"id":611563,"url":"https:\/\/kohenavocats.com\/zh-hans\/tribunal-judiciaire-de-marseille-le-18-septembre-2025-n25-03308\/","url_meta":{"origin":662023,"position":1},"title":"Tribunal judiciaire de Marseille, le 18 septembre 2025, n\u00b025\/03308","author":"Kohen","date":"2026\u5e744\u670819\u65e5","format":false,"excerpt":"Le juge des contentieux de la protection, statuant\u2026","rel":"","context":"\u5728\u201cJurisprudence\u201d\u4e2d","block_context":{"text":"Jurisprudence","link":"https:\/\/kohenavocats.com\/category\/jurisprudence\/"},"img":{"alt_text":"","src":"https:\/\/i0.wp.com\/kohenavocats.com\/wp-content\/uploads\/2024\/11\/margaret-jaszowska-iJ4qhyNQEjE-unsplash.webp?resize=350%2C200&ssl=1","width":350,"height":200,"srcset":"https:\/\/i0.wp.com\/kohenavocats.com\/wp-content\/uploads\/2024\/11\/margaret-jaszowska-iJ4qhyNQEjE-unsplash.webp?resize=350%2C200&ssl=1 1x, https:\/\/i0.wp.com\/kohenavocats.com\/wp-content\/uploads\/2024\/11\/margaret-jaszowska-iJ4qhyNQEjE-unsplash.webp?resize=525%2C300&ssl=1 1.5x, https:\/\/i0.wp.com\/kohenavocats.com\/wp-content\/uploads\/2024\/11\/margaret-jaszowska-iJ4qhyNQEjE-unsplash.webp?resize=700%2C400&ssl=1 2x, https:\/\/i0.wp.com\/kohenavocats.com\/wp-content\/uploads\/2024\/11\/margaret-jaszowska-iJ4qhyNQEjE-unsplash.webp?resize=1050%2C600&ssl=1 3x, https:\/\/i0.wp.com\/kohenavocats.com\/wp-content\/uploads\/2024\/11\/margaret-jaszowska-iJ4qhyNQEjE-unsplash.webp?resize=1400%2C800&ssl=1 4x"},"classes":[]},{"id":652260,"url":"https:\/\/kohenavocats.com\/zh-hans\/tribunal-judiciaire-de-grenoble-le-2-octobre-2025-n25-00635\/","url_meta":{"origin":662023,"position":2},"title":"Tribunal judiciaire de Grenoble, le 2 octobre 2025, n\u00b025\/00635","author":"Kohen","date":"2026\u5e744\u670822\u65e5","format":false,"excerpt":"Le tribunal judiciaire, statuant le 2 octobre 2025\u2026","rel":"","context":"\u5728\u201cJurisprudence\u201d\u4e2d","block_context":{"text":"Jurisprudence","link":"https:\/\/kohenavocats.com\/category\/jurisprudence\/"},"img":{"alt_text":"","src":"https:\/\/i0.wp.com\/kohenavocats.com\/wp-content\/uploads\/2024\/11\/lala-azizli-Gkmc0g3IyZg-unsplash.webp?resize=350%2C200&ssl=1","width":350,"height":200,"srcset":"https:\/\/i0.wp.com\/kohenavocats.com\/wp-content\/uploads\/2024\/11\/lala-azizli-Gkmc0g3IyZg-unsplash.webp?resize=350%2C200&ssl=1 1x, https:\/\/i0.wp.com\/kohenavocats.com\/wp-content\/uploads\/2024\/11\/lala-azizli-Gkmc0g3IyZg-unsplash.webp?resize=525%2C300&ssl=1 1.5x, https:\/\/i0.wp.com\/kohenavocats.com\/wp-content\/uploads\/2024\/11\/lala-azizli-Gkmc0g3IyZg-unsplash.webp?resize=700%2C400&ssl=1 2x, https:\/\/i0.wp.com\/kohenavocats.com\/wp-content\/uploads\/2024\/11\/lala-azizli-Gkmc0g3IyZg-unsplash.webp?resize=1050%2C600&ssl=1 3x, https:\/\/i0.wp.com\/kohenavocats.com\/wp-content\/uploads\/2024\/11\/lala-azizli-Gkmc0g3IyZg-unsplash.webp?resize=1400%2C800&ssl=1 4x"},"classes":[]},{"id":627672,"url":"https:\/\/kohenavocats.com\/zh-hans\/tribunal-judiciaire-de-alencon-le-15-septembre-2025-n25-00285\/","url_meta":{"origin":662023,"position":3},"title":"Tribunal judiciaire de Alen\u00e7on, le 15 septembre 2025, n\u00b025\/00285","author":"Kohen","date":"2026\u5e744\u670820\u65e5","format":false,"excerpt":"Le juge des contentieux de la protection, statuant\u2026","rel":"","context":"\u5728\u201cJurisprudence\u201d\u4e2d","block_context":{"text":"Jurisprudence","link":"https:\/\/kohenavocats.com\/category\/jurisprudence\/"},"img":{"alt_text":"","src":"https:\/\/i0.wp.com\/kohenavocats.com\/wp-content\/uploads\/2024\/11\/mohamed-nohassi-hj1WiuQsWzY-unsplash.webp?resize=350%2C200&ssl=1","width":350,"height":200,"srcset":"https:\/\/i0.wp.com\/kohenavocats.com\/wp-content\/uploads\/2024\/11\/mohamed-nohassi-hj1WiuQsWzY-unsplash.webp?resize=350%2C200&ssl=1 1x, https:\/\/i0.wp.com\/kohenavocats.com\/wp-content\/uploads\/2024\/11\/mohamed-nohassi-hj1WiuQsWzY-unsplash.webp?resize=525%2C300&ssl=1 1.5x, https:\/\/i0.wp.com\/kohenavocats.com\/wp-content\/uploads\/2024\/11\/mohamed-nohassi-hj1WiuQsWzY-unsplash.webp?resize=700%2C400&ssl=1 2x, https:\/\/i0.wp.com\/kohenavocats.com\/wp-content\/uploads\/2024\/11\/mohamed-nohassi-hj1WiuQsWzY-unsplash.webp?resize=1050%2C600&ssl=1 3x, https:\/\/i0.wp.com\/kohenavocats.com\/wp-content\/uploads\/2024\/11\/mohamed-nohassi-hj1WiuQsWzY-unsplash.webp?resize=1400%2C800&ssl=1 4x"},"classes":[]},{"id":493106,"url":"https:\/\/kohenavocats.com\/zh-hans\/tribunal-judiciaire-de-bobigny-le-15-septembre-2025-n25-06257\/","url_meta":{"origin":662023,"position":4},"title":"Tribunal judiciaire de Bobigny, le 15 septembre 2025, n\u00b025\/06257","author":"Kohen","date":"2026\u5e744\u67088\u65e5","format":false,"excerpt":"Le tribunal judiciaire de Bobigny, statuant en mat\u2026","rel":"","context":"\u5728\u201cJurisprudence\u201d\u4e2d","block_context":{"text":"Jurisprudence","link":"https:\/\/kohenavocats.com\/category\/jurisprudence\/"},"img":{"alt_text":"","src":"https:\/\/i0.wp.com\/kohenavocats.com\/wp-content\/uploads\/2024\/08\/peter-ivey-hansen-K3qrgjT7N2M-unsplash.webp?resize=350%2C200&ssl=1","width":350,"height":200,"srcset":"https:\/\/i0.wp.com\/kohenavocats.com\/wp-content\/uploads\/2024\/08\/peter-ivey-hansen-K3qrgjT7N2M-unsplash.webp?resize=350%2C200&ssl=1 1x, https:\/\/i0.wp.com\/kohenavocats.com\/wp-content\/uploads\/2024\/08\/peter-ivey-hansen-K3qrgjT7N2M-unsplash.webp?resize=525%2C300&ssl=1 1.5x, https:\/\/i0.wp.com\/kohenavocats.com\/wp-content\/uploads\/2024\/08\/peter-ivey-hansen-K3qrgjT7N2M-unsplash.webp?resize=700%2C400&ssl=1 2x, https:\/\/i0.wp.com\/kohenavocats.com\/wp-content\/uploads\/2024\/08\/peter-ivey-hansen-K3qrgjT7N2M-unsplash.webp?resize=1050%2C600&ssl=1 3x, https:\/\/i0.wp.com\/kohenavocats.com\/wp-content\/uploads\/2024\/08\/peter-ivey-hansen-K3qrgjT7N2M-unsplash.webp?resize=1400%2C800&ssl=1 4x"},"classes":[]},{"id":624490,"url":"https:\/\/kohenavocats.com\/zh-hans\/tribunal-judiciaire-de-mulhouse-le-4-septembre-2025-n25-01702\/","url_meta":{"origin":662023,"position":5},"title":"Tribunal judiciaire de Mulhouse, le 4 septembre 2025, n\u00b025\/01702","author":"Kohen","date":"2026\u5e744\u670820\u65e5","format":false,"excerpt":"Le juge des contentieux de la protection, statuant\u2026","rel":"","context":"\u5728\u201cJurisprudence\u201d\u4e2d","block_context":{"text":"Jurisprudence","link":"https:\/\/kohenavocats.com\/category\/jurisprudence\/"},"img":{"alt_text":"","src":"https:\/\/i0.wp.com\/kohenavocats.com\/wp-content\/uploads\/2024\/08\/clark-van-der-beken-Azns3dVZEBQ-unsplash.webp?resize=350%2C200&ssl=1","width":350,"height":200,"srcset":"https:\/\/i0.wp.com\/kohenavocats.com\/wp-content\/uploads\/2024\/08\/clark-van-der-beken-Azns3dVZEBQ-unsplash.webp?resize=350%2C200&ssl=1 1x, https:\/\/i0.wp.com\/kohenavocats.com\/wp-content\/uploads\/2024\/08\/clark-van-der-beken-Azns3dVZEBQ-unsplash.webp?resize=525%2C300&ssl=1 1.5x, https:\/\/i0.wp.com\/kohenavocats.com\/wp-content\/uploads\/2024\/08\/clark-van-der-beken-Azns3dVZEBQ-unsplash.webp?resize=700%2C400&ssl=1 2x, https:\/\/i0.wp.com\/kohenavocats.com\/wp-content\/uploads\/2024\/08\/clark-van-der-beken-Azns3dVZEBQ-unsplash.webp?resize=1050%2C600&ssl=1 3x, https:\/\/i0.wp.com\/kohenavocats.com\/wp-content\/uploads\/2024\/08\/clark-van-der-beken-Azns3dVZEBQ-unsplash.webp?resize=1400%2C800&ssl=1 4x"},"classes":[]}],"jetpack_sharing_enabled":true,"_links":{"self":[{"href":"https:\/\/kohenavocats.com\/zh-hans\/wp-json\/wp\/v2\/posts\/662023","targetHints":{"allow":["GET"]}}],"collection":[{"href":"https:\/\/kohenavocats.com\/zh-hans\/wp-json\/wp\/v2\/posts"}],"about":[{"href":"https:\/\/kohenavocats.com\/zh-hans\/wp-json\/wp\/v2\/types\/post"}],"author":[{"embeddable":true,"href":"https:\/\/kohenavocats.com\/zh-hans\/wp-json\/wp\/v2\/users\/232070755"}],"replies":[{"embeddable":true,"href":"https:\/\/kohenavocats.com\/zh-hans\/wp-json\/wp\/v2\/comments?post=662023"}],"version-history":[{"count":0,"href":"https:\/\/kohenavocats.com\/zh-hans\/wp-json\/wp\/v2\/posts\/662023\/revisions"}],"wp:featuredmedia":[{"embeddable":true,"href":"https:\/\/kohenavocats.com\/zh-hans\/wp-json\/wp\/v2\/media\/4697"}],"wp:attachment":[{"href":"https:\/\/kohenavocats.com\/zh-hans\/wp-json\/wp\/v2\/media?parent=662023"}],"wp:term":[{"taxonomy":"category","embeddable":true,"href":"https:\/\/kohenavocats.com\/zh-hans\/wp-json\/wp\/v2\/categories?post=662023"},{"taxonomy":"post_tag","embeddable":true,"href":"https:\/\/kohenavocats.com\/zh-hans\/wp-json\/wp\/v2\/tags?post=662023"}],"curies":[{"name":"wp","href":"https:\/\/api.w.org\/{rel}","templated":true}]}}