{"id":662148,"date":"2026-04-23T18:48:43","date_gmt":"2026-04-23T16:48:43","guid":{"rendered":"https:\/\/kohenavocats.com\/tribunal-judiciaire-de-lille-le-25-septembre-2025-n25-05693\/"},"modified":"2026-04-23T18:48:43","modified_gmt":"2026-04-23T16:48:43","slug":"tribunal-judiciaire-de-lille-le-25-septembre-2025-n25-05693","status":"publish","type":"post","link":"https:\/\/kohenavocats.com\/zh-hans\/tribunal-judiciaire-de-lille-le-25-septembre-2025-n25-05693\/","title":{"rendered":"Tribunal judiciaire de Lille, le 25 septembre 2025, n\u00b025\/05693"},"content":{"rendered":"<div class=\"article-content\">\n<p>Le juge des contentieux de la protection, statuant le 25 septembre 2025, a examin\u00e9 une demande en r\u00e9siliation de bail et expulsion pour d\u00e9faut de paiement. Apr\u00e8s avoir constat\u00e9 la recevabilit\u00e9 de l&#8217;action, le juge a prononc\u00e9 la r\u00e9solution du bail et ordonn\u00e9 l&#8217;expulsion. Il a \u00e9galement condamn\u00e9 la locataire au paiement d&#8217;un arri\u00e9r\u00e9 locatif et d&#8217;une indemnit\u00e9 d&#8217;occupation mensuelle, tout en rejetant la demande au titre de l&#8217;article 700 du code de proc\u00e9dure civile.<\/p>\n<p>La mise en \u0153uvre rigoureuse de la clause r\u00e9solutoire<\/p>\n<p>La d\u00e9cision rappelle les conditions strictes d&#8217;acquisition de la r\u00e9solution pour d\u00e9faut de paiement. Le bail comporte effectivement une clause r\u00e9solutoire pour d\u00e9faut de paiement du loyer et des charges. La dette n&#8217;a pas \u00e9t\u00e9 r\u00e9gl\u00e9e dans les deux mois de la signification du commandement. Les conditions d&#8217;acquisition de la clause r\u00e9solutoire contenue dans le contrat de bail du logement \u00e9taient r\u00e9unies \u00e0 la date du 4 juin 2024. Cette application m\u00e9canique confirme une jurisprudence constante sur l&#8217;exigence d&#8217;un commandement infructueux. &#8220;Le commandement est enfin demeur\u00e9 infructueux pendant plus de deux mois, de sorte qu&#8217;il y a lieu de constater que les conditions d&#8217;acquisition de la clause r\u00e9solutoire contenues dans le bail \u00e9taient r\u00e9unies&#8221; (Cour d&#8217;appel de Paris, le 27 mai 2025, n\u00b022\/20833). Le juge v\u00e9rifie ainsi scrupuleusement le respect des formalit\u00e9s l\u00e9gales pr\u00e9vues par la loi du 6 juillet 1989 avant de prononcer la r\u00e9siliation.<\/p>\n<p>Les cons\u00e9quences p\u00e9cuniaires de la r\u00e9siliation du bail<\/p>\n<p>La d\u00e9cision d\u00e9taille les cons\u00e9quences financi\u00e8res de la r\u00e9solution, distinguant l&#8217;arri\u00e9r\u00e9 et l&#8217;occupation post-r\u00e9siliation. L&#8217;occupation prolong\u00e9e du logement apr\u00e8s la r\u00e9siliation du bail cause au propri\u00e9taire un pr\u00e9judice qui justifie le paiement d&#8217;une indemnit\u00e9 d&#8217;occupation \u00e9gale au montant du loyer courant et des charges. Le montant des charges pourra \u00eatre r\u00e9ajust\u00e9 au cas o\u00f9 les charges r\u00e9elles de l&#8217;ann\u00e9e d\u00e9passeraient la provision. Cette indemnit\u00e9, distincte des loyers \u00e9chus, est fix\u00e9e au montant du dernier loyer et court jusqu&#8217;\u00e0 la lib\u00e9ration des lieux. Par ailleurs, le juge statue sur l&#8217;arri\u00e9r\u00e9 locatif existant \u00e0 une date certaine, arr\u00eatant un montant pr\u00e9cis de cr\u00e9ance. Le rejet de la demande sur le fondement de l&#8217;article 700 du code de proc\u00e9dure civile illustre le contr\u00f4le des demandes accessoires. La d\u00e9cision rappelle enfin le principe de l&#8217;ex\u00e9cution provisoire, assurant l&#8217;efficacit\u00e9 de la d\u00e9cision malgr\u00e9 un \u00e9ventuel appel.<\/p>\n<\/div>\n","protected":false},"excerpt":{"rendered":"<p>Le juge des contentieux de la protection, statuant le 25 septembre 2025, a examin\u00e9 une demande en r\u00e9siliation de bail et expulsion pour d\u00e9faut de paiement. A&#8230;<\/p>\n","protected":false},"author":232070755,"featured_media":4689,"comment_status":"open","ping_status":"open","sticky":false,"template":"","format":"standard","meta":{"_crdt_document":"","_jetpack_newsletter_access":"","_jetpack_dont_email_post_to_subs":false,"_jetpack_newsletter_tier_id":0,"_jetpack_memberships_contains_paywalled_content":false,"_kj_source_type":"judilibre","_kj_official_id":"695c0e0175782d5f06e3bb85","_kj_official_url":"https:\/\/www.courdecassation.fr\/decision\/695c0e0175782d5f06e3bb85","_kj_judilibre_id":"695c0e0175782d5f06e3bb85","_kj_jur":"Tribunal judiciaire","_kj_lieu":"Tribunal judiciaire de Lille","_kj_chambre":"JCP","_kj_rg":"25\/05693","_kj_date":"2025-09-25","_jetpack_memberships_contains_paid_content":false,"footnotes":"","jetpack_post_was_ever_published":false},"categories":[7597],"tags":[],"class_list":["post-662148","post","type-post","status-publish","format-standard","has-post-thumbnail","hentry","category-jurisprudence"],"yoast_head":"<!-- This site is optimized with the Yoast SEO Premium plugin v27.5 (Yoast SEO v27.5) - https:\/\/yoast.com\/product\/yoast-seo-premium-wordpress\/ -->\n<title>Tribunal judiciaire de Lille, le 25 septembre 2025, n\u00b025\/05693 - Ma\u00eetre Hassan Kohen, avocat en droit p\u00e9nal \u00e0 Paris<\/title>\n<meta name=\"description\" content=\"Le juge des contentieux de la protection, statuant le 25 septembre 2025, a examin\u00e9 une demande en r\u00e9siliation de bail et expulsion pour d\u00e9faut de paiement. A...\" \/>\n<meta name=\"robots\" content=\"index, follow, max-snippet:-1, max-image-preview:large, max-video-preview:-1\" \/>\n<link rel=\"canonical\" href=\"https:\/\/kohenavocats.com\/zh-hans\/tribunal-judiciaire-de-lille-le-25-septembre-2025-n25-05693\/\" \/>\n<meta property=\"og:locale\" content=\"zh_CN\" \/>\n<meta property=\"og:type\" content=\"article\" \/>\n<meta property=\"og:title\" content=\"Tribunal judiciaire de Lille, le 25 septembre 2025, n\u00b025\/05693\" \/>\n<meta property=\"og:description\" content=\"Le juge des contentieux de la protection, statuant le 25 septembre 2025, a examin\u00e9 une demande en r\u00e9siliation de bail et expulsion pour d\u00e9faut de paiement. A...\" \/>\n<meta property=\"og:url\" content=\"https:\/\/kohenavocats.com\/zh-hans\/tribunal-judiciaire-de-lille-le-25-septembre-2025-n25-05693\/\" \/>\n<meta property=\"og:site_name\" content=\"Ma\u00eetre Hassan Kohen, avocat en droit p\u00e9nal \u00e0 Paris\" \/>\n<meta property=\"article:published_time\" content=\"2026-04-23T16:48:43+00:00\" \/>\n<meta property=\"og:image\" content=\"https:\/\/kohenavocats.com\/wp-content\/uploads\/2024\/08\/daniele-d-andreti-ud9u7beav2s-unsplash.webp\" \/>\n\t<meta property=\"og:image:width\" content=\"4368\" \/>\n\t<meta property=\"og:image:height\" content=\"2912\" \/>\n\t<meta property=\"og:image:type\" content=\"image\/webp\" \/>\n<meta name=\"author\" content=\"Kohen\" \/>\n<meta name=\"twitter:card\" content=\"summary_large_image\" \/>\n<meta name=\"twitter:label1\" content=\"\u4f5c\u8005\" \/>\n\t<meta name=\"twitter:data1\" content=\"Kohen\" \/>\n\t<meta name=\"twitter:label2\" content=\"\u9884\u8ba1\u9605\u8bfb\u65f6\u95f4\" \/>\n\t<meta name=\"twitter:data2\" content=\"2 \u5206\" \/>\n<script type=\"application\/ld+json\" class=\"yoast-schema-graph\">{\"@context\":\"https:\\\/\\\/schema.org\",\"@graph\":[{\"@type\":\"Article\",\"@id\":\"https:\\\/\\\/kohenavocats.com\\\/zh-hans\\\/tribunal-judiciaire-de-lille-le-25-septembre-2025-n25-05693\\\/#article\",\"isPartOf\":{\"@id\":\"https:\\\/\\\/kohenavocats.com\\\/zh-hans\\\/tribunal-judiciaire-de-lille-le-25-septembre-2025-n25-05693\\\/\"},\"author\":{\"name\":\"Kohen\",\"@id\":\"https:\\\/\\\/kohenavocats.com\\\/zh-hans\\\/#\\\/schema\\\/person\\\/761c9ba54fa1ca84d405cef0831ff751\"},\"headline\":\"Tribunal judiciaire de Lille, le 25 septembre 2025, n\u00b025\\\/05693\",\"datePublished\":\"2026-04-23T16:48:43+00:00\",\"mainEntityOfPage\":{\"@id\":\"https:\\\/\\\/kohenavocats.com\\\/zh-hans\\\/tribunal-judiciaire-de-lille-le-25-septembre-2025-n25-05693\\\/\"},\"wordCount\":452,\"commentCount\":0,\"publisher\":{\"@id\":\"https:\\\/\\\/kohenavocats.com\\\/zh-hans\\\/#organization\"},\"image\":{\"@id\":\"https:\\\/\\\/kohenavocats.com\\\/zh-hans\\\/tribunal-judiciaire-de-lille-le-25-septembre-2025-n25-05693\\\/#primaryimage\"},\"thumbnailUrl\":\"https:\\\/\\\/kohenavocats.com\\\/wp-content\\\/uploads\\\/2024\\\/08\\\/daniele-d-andreti-ud9u7beav2s-unsplash.webp\",\"articleSection\":[\"Jurisprudence\"],\"inLanguage\":\"zh-Hans\",\"potentialAction\":[{\"@type\":\"CommentAction\",\"name\":\"Comment\",\"target\":[\"https:\\\/\\\/kohenavocats.com\\\/zh-hans\\\/tribunal-judiciaire-de-lille-le-25-septembre-2025-n25-05693\\\/#respond\"]}],\"citation\":\"Tribunal judiciaire de Lille, le 25 septembre 2025, n\u00b025\\\/05693\",\"about\":[{\"@type\":\"Thing\",\"name\":\"Jurisprudence\"}],\"dateModified\":\"2026-04-23T16:48:43+00:00\",\"speakable\":{\"@type\":\"SpeakableSpecification\",\"cssSelector\":[\".article-content > p:first-of-type\"]}},{\"@type\":\"WebPage\",\"@id\":\"https:\\\/\\\/kohenavocats.com\\\/zh-hans\\\/tribunal-judiciaire-de-lille-le-25-septembre-2025-n25-05693\\\/\",\"url\":\"https:\\\/\\\/kohenavocats.com\\\/zh-hans\\\/tribunal-judiciaire-de-lille-le-25-septembre-2025-n25-05693\\\/\",\"name\":\"Tribunal judiciaire de Lille, le 25 septembre 2025, n\u00b025\\\/05693 - Ma\u00eetre Hassan Kohen, avocat en droit p\u00e9nal \u00e0 Paris\",\"isPartOf\":{\"@id\":\"https:\\\/\\\/kohenavocats.com\\\/zh-hans\\\/#website\"},\"primaryImageOfPage\":{\"@id\":\"https:\\\/\\\/kohenavocats.com\\\/zh-hans\\\/tribunal-judiciaire-de-lille-le-25-septembre-2025-n25-05693\\\/#primaryimage\"},\"image\":{\"@id\":\"https:\\\/\\\/kohenavocats.com\\\/zh-hans\\\/tribunal-judiciaire-de-lille-le-25-septembre-2025-n25-05693\\\/#primaryimage\"},\"thumbnailUrl\":\"https:\\\/\\\/kohenavocats.com\\\/wp-content\\\/uploads\\\/2024\\\/08\\\/daniele-d-andreti-ud9u7beav2s-unsplash.webp\",\"datePublished\":\"2026-04-23T16:48:43+00:00\",\"description\":\"Le juge des contentieux de la protection, statuant le 25 septembre 2025, a examin\u00e9 une demande en r\u00e9siliation de bail et expulsion pour d\u00e9faut de paiement. A...\",\"breadcrumb\":{\"@id\":\"https:\\\/\\\/kohenavocats.com\\\/zh-hans\\\/tribunal-judiciaire-de-lille-le-25-septembre-2025-n25-05693\\\/#breadcrumb\"},\"inLanguage\":\"zh-Hans\",\"potentialAction\":[{\"@type\":\"ReadAction\",\"target\":[\"https:\\\/\\\/kohenavocats.com\\\/zh-hans\\\/tribunal-judiciaire-de-lille-le-25-septembre-2025-n25-05693\\\/\"]}]},{\"@type\":\"ImageObject\",\"inLanguage\":\"zh-Hans\",\"@id\":\"https:\\\/\\\/kohenavocats.com\\\/zh-hans\\\/tribunal-judiciaire-de-lille-le-25-septembre-2025-n25-05693\\\/#primaryimage\",\"url\":\"https:\\\/\\\/kohenavocats.com\\\/wp-content\\\/uploads\\\/2024\\\/08\\\/daniele-d-andreti-ud9u7beav2s-unsplash.webp\",\"contentUrl\":\"https:\\\/\\\/kohenavocats.com\\\/wp-content\\\/uploads\\\/2024\\\/08\\\/daniele-d-andreti-ud9u7beav2s-unsplash.webp\",\"width\":4368,\"height\":2912},{\"@type\":\"BreadcrumbList\",\"@id\":\"https:\\\/\\\/kohenavocats.com\\\/zh-hans\\\/tribunal-judiciaire-de-lille-le-25-septembre-2025-n25-05693\\\/#breadcrumb\",\"itemListElement\":[{\"@type\":\"ListItem\",\"position\":1,\"name\":\"Home\",\"item\":\"https:\\\/\\\/kohenavocats.com\\\/zh-hans\\\/\"},{\"@type\":\"ListItem\",\"position\":2,\"name\":\"Tribunal judiciaire de Lille, le 25 septembre 2025, n\u00b025\\\/05693\"}]},{\"@type\":\"WebSite\",\"@id\":\"https:\\\/\\\/kohenavocats.com\\\/zh-hans\\\/#website\",\"url\":\"https:\\\/\\\/kohenavocats.com\\\/zh-hans\\\/\",\"name\":\"Kohen Avocats\",\"description\":\"Ma\u00eetre Hassan Kohen, avocat p\u00e9naliste \u00e0 Paris, intervient exclusivement en droit p\u00e9nal pour la d\u00e9fense des particuliers, notamment en mati\u00e8re d\u2019accusations de viol. Il assure un accompagnement rigoureux d\u00e8s la garde \u00e0 vue jusqu\u2019\u00e0 la Cour d\u2019assises, veillant au strict respect des garanties proc\u00e9durales.\",\"publisher\":{\"@id\":\"https:\\\/\\\/kohenavocats.com\\\/zh-hans\\\/#organization\"},\"potentialAction\":[{\"@type\":\"SearchAction\",\"target\":{\"@type\":\"EntryPoint\",\"urlTemplate\":\"https:\\\/\\\/kohenavocats.com\\\/zh-hans\\\/?s={search_term_string}\"},\"query-input\":{\"@type\":\"PropertyValueSpecification\",\"valueRequired\":true,\"valueName\":\"search_term_string\"}}],\"inLanguage\":\"zh-Hans\"},{\"@type\":\"Organization\",\"@id\":\"https:\\\/\\\/kohenavocats.com\\\/zh-hans\\\/#organization\",\"name\":\"Kohen Avocats\",\"url\":\"https:\\\/\\\/kohenavocats.com\\\/zh-hans\\\/\",\"logo\":{\"@type\":\"ImageObject\",\"inLanguage\":\"zh-Hans\",\"@id\":\"https:\\\/\\\/kohenavocats.com\\\/zh-hans\\\/#\\\/schema\\\/logo\\\/image\\\/\",\"url\":\"https:\\\/\\\/kohenavocats.com\\\/wp-content\\\/uploads\\\/2026\\\/01\\\/Logo-2-1.webp\",\"contentUrl\":\"https:\\\/\\\/kohenavocats.com\\\/wp-content\\\/uploads\\\/2026\\\/01\\\/Logo-2-1.webp\",\"width\":2114,\"height\":1253,\"caption\":\"Kohen Avocats\"},\"image\":{\"@id\":\"https:\\\/\\\/kohenavocats.com\\\/zh-hans\\\/#\\\/schema\\\/logo\\\/image\\\/\"}},{\"@type\":\"Person\",\"@id\":\"https:\\\/\\\/kohenavocats.com\\\/zh-hans\\\/#\\\/schema\\\/person\\\/761c9ba54fa1ca84d405cef0831ff751\",\"name\":\"Kohen\",\"image\":{\"@type\":\"ImageObject\",\"inLanguage\":\"zh-Hans\",\"@id\":\"https:\\\/\\\/secure.gravatar.com\\\/avatar\\\/1c5e76ef76bbbfdd2b4da984e2bf2fa4056fd51a27d25ce2c332047f1dfd6e00?s=96&d=identicon&r=g\",\"url\":\"https:\\\/\\\/secure.gravatar.com\\\/avatar\\\/1c5e76ef76bbbfdd2b4da984e2bf2fa4056fd51a27d25ce2c332047f1dfd6e00?s=96&d=identicon&r=g\",\"contentUrl\":\"https:\\\/\\\/secure.gravatar.com\\\/avatar\\\/1c5e76ef76bbbfdd2b4da984e2bf2fa4056fd51a27d25ce2c332047f1dfd6e00?s=96&d=identicon&r=g\",\"caption\":\"Kohen\"},\"sameAs\":[\"https:\\\/\\\/www.linkedin.com\\\/in\\\/hassan-kohen-448548192\\\/\",\"https:\\\/\\\/www.youtube.com\\\/@Kohen-Avocats\"],\"url\":\"https:\\\/\\\/kohenavocats.com\\\/zh-hans\\\/author\\\/kohenmlk\\\/\"}]}<\/script>\n<!-- \/ Yoast SEO Premium plugin. -->","yoast_head_json":{"title":"Tribunal judiciaire de Lille, le 25 septembre 2025, n\u00b025\/05693 - Ma\u00eetre Hassan Kohen, avocat en droit p\u00e9nal \u00e0 Paris","description":"Le juge des contentieux de la protection, statuant le 25 septembre 2025, a examin\u00e9 une demande en r\u00e9siliation de bail et expulsion pour d\u00e9faut de paiement. A...","robots":{"index":"index","follow":"follow","max-snippet":"max-snippet:-1","max-image-preview":"max-image-preview:large","max-video-preview":"max-video-preview:-1"},"canonical":"https:\/\/kohenavocats.com\/zh-hans\/tribunal-judiciaire-de-lille-le-25-septembre-2025-n25-05693\/","og_locale":"zh_CN","og_type":"article","og_title":"Tribunal judiciaire de Lille, le 25 septembre 2025, n\u00b025\/05693","og_description":"Le juge des contentieux de la protection, statuant le 25 septembre 2025, a examin\u00e9 une demande en r\u00e9siliation de bail et expulsion pour d\u00e9faut de paiement. A...","og_url":"https:\/\/kohenavocats.com\/zh-hans\/tribunal-judiciaire-de-lille-le-25-septembre-2025-n25-05693\/","og_site_name":"Ma\u00eetre Hassan Kohen, avocat en droit p\u00e9nal \u00e0 Paris","article_published_time":"2026-04-23T16:48:43+00:00","og_image":[{"width":4368,"height":2912,"url":"https:\/\/kohenavocats.com\/wp-content\/uploads\/2024\/08\/daniele-d-andreti-ud9u7beav2s-unsplash.webp","type":"image\/webp"}],"author":"Kohen","twitter_card":"summary_large_image","twitter_misc":{"\u4f5c\u8005":"Kohen","\u9884\u8ba1\u9605\u8bfb\u65f6\u95f4":"2 \u5206"},"schema":{"@context":"https:\/\/schema.org","@graph":[{"@type":"Article","@id":"https:\/\/kohenavocats.com\/zh-hans\/tribunal-judiciaire-de-lille-le-25-septembre-2025-n25-05693\/#article","isPartOf":{"@id":"https:\/\/kohenavocats.com\/zh-hans\/tribunal-judiciaire-de-lille-le-25-septembre-2025-n25-05693\/"},"author":{"name":"Kohen","@id":"https:\/\/kohenavocats.com\/zh-hans\/#\/schema\/person\/761c9ba54fa1ca84d405cef0831ff751"},"headline":"Tribunal judiciaire de Lille, le 25 septembre 2025, n\u00b025\/05693","datePublished":"2026-04-23T16:48:43+00:00","mainEntityOfPage":{"@id":"https:\/\/kohenavocats.com\/zh-hans\/tribunal-judiciaire-de-lille-le-25-septembre-2025-n25-05693\/"},"wordCount":452,"commentCount":0,"publisher":{"@id":"https:\/\/kohenavocats.com\/zh-hans\/#organization"},"image":{"@id":"https:\/\/kohenavocats.com\/zh-hans\/tribunal-judiciaire-de-lille-le-25-septembre-2025-n25-05693\/#primaryimage"},"thumbnailUrl":"https:\/\/kohenavocats.com\/wp-content\/uploads\/2024\/08\/daniele-d-andreti-ud9u7beav2s-unsplash.webp","articleSection":["Jurisprudence"],"inLanguage":"zh-Hans","potentialAction":[{"@type":"CommentAction","name":"Comment","target":["https:\/\/kohenavocats.com\/zh-hans\/tribunal-judiciaire-de-lille-le-25-septembre-2025-n25-05693\/#respond"]}],"citation":"Tribunal judiciaire de Lille, le 25 septembre 2025, n\u00b025\/05693","about":[{"@type":"Thing","name":"Jurisprudence"}],"dateModified":"2026-04-23T16:48:43+00:00","speakable":{"@type":"SpeakableSpecification","cssSelector":[".article-content > p:first-of-type"]}},{"@type":"WebPage","@id":"https:\/\/kohenavocats.com\/zh-hans\/tribunal-judiciaire-de-lille-le-25-septembre-2025-n25-05693\/","url":"https:\/\/kohenavocats.com\/zh-hans\/tribunal-judiciaire-de-lille-le-25-septembre-2025-n25-05693\/","name":"Tribunal judiciaire de Lille, le 25 septembre 2025, n\u00b025\/05693 - Ma\u00eetre Hassan Kohen, avocat en droit p\u00e9nal \u00e0 Paris","isPartOf":{"@id":"https:\/\/kohenavocats.com\/zh-hans\/#website"},"primaryImageOfPage":{"@id":"https:\/\/kohenavocats.com\/zh-hans\/tribunal-judiciaire-de-lille-le-25-septembre-2025-n25-05693\/#primaryimage"},"image":{"@id":"https:\/\/kohenavocats.com\/zh-hans\/tribunal-judiciaire-de-lille-le-25-septembre-2025-n25-05693\/#primaryimage"},"thumbnailUrl":"https:\/\/kohenavocats.com\/wp-content\/uploads\/2024\/08\/daniele-d-andreti-ud9u7beav2s-unsplash.webp","datePublished":"2026-04-23T16:48:43+00:00","description":"Le juge des contentieux de la protection, statuant le 25 septembre 2025, a examin\u00e9 une demande en r\u00e9siliation de bail et expulsion pour d\u00e9faut de paiement. A...","breadcrumb":{"@id":"https:\/\/kohenavocats.com\/zh-hans\/tribunal-judiciaire-de-lille-le-25-septembre-2025-n25-05693\/#breadcrumb"},"inLanguage":"zh-Hans","potentialAction":[{"@type":"ReadAction","target":["https:\/\/kohenavocats.com\/zh-hans\/tribunal-judiciaire-de-lille-le-25-septembre-2025-n25-05693\/"]}]},{"@type":"ImageObject","inLanguage":"zh-Hans","@id":"https:\/\/kohenavocats.com\/zh-hans\/tribunal-judiciaire-de-lille-le-25-septembre-2025-n25-05693\/#primaryimage","url":"https:\/\/kohenavocats.com\/wp-content\/uploads\/2024\/08\/daniele-d-andreti-ud9u7beav2s-unsplash.webp","contentUrl":"https:\/\/kohenavocats.com\/wp-content\/uploads\/2024\/08\/daniele-d-andreti-ud9u7beav2s-unsplash.webp","width":4368,"height":2912},{"@type":"BreadcrumbList","@id":"https:\/\/kohenavocats.com\/zh-hans\/tribunal-judiciaire-de-lille-le-25-septembre-2025-n25-05693\/#breadcrumb","itemListElement":[{"@type":"ListItem","position":1,"name":"Home","item":"https:\/\/kohenavocats.com\/zh-hans\/"},{"@type":"ListItem","position":2,"name":"Tribunal judiciaire de Lille, le 25 septembre 2025, n\u00b025\/05693"}]},{"@type":"WebSite","@id":"https:\/\/kohenavocats.com\/zh-hans\/#website","url":"https:\/\/kohenavocats.com\/zh-hans\/","name":"Kohen Avocats","description":"Ma\u00eetre Hassan Kohen, avocat p\u00e9naliste \u00e0 Paris, intervient exclusivement en droit p\u00e9nal pour la d\u00e9fense des particuliers, notamment en mati\u00e8re d\u2019accusations de viol. Il assure un accompagnement rigoureux d\u00e8s la garde \u00e0 vue jusqu\u2019\u00e0 la Cour d\u2019assises, veillant au strict respect des garanties proc\u00e9durales.","publisher":{"@id":"https:\/\/kohenavocats.com\/zh-hans\/#organization"},"potentialAction":[{"@type":"SearchAction","target":{"@type":"EntryPoint","urlTemplate":"https:\/\/kohenavocats.com\/zh-hans\/?s={search_term_string}"},"query-input":{"@type":"PropertyValueSpecification","valueRequired":true,"valueName":"search_term_string"}}],"inLanguage":"zh-Hans"},{"@type":"Organization","@id":"https:\/\/kohenavocats.com\/zh-hans\/#organization","name":"Kohen Avocats","url":"https:\/\/kohenavocats.com\/zh-hans\/","logo":{"@type":"ImageObject","inLanguage":"zh-Hans","@id":"https:\/\/kohenavocats.com\/zh-hans\/#\/schema\/logo\/image\/","url":"https:\/\/kohenavocats.com\/wp-content\/uploads\/2026\/01\/Logo-2-1.webp","contentUrl":"https:\/\/kohenavocats.com\/wp-content\/uploads\/2026\/01\/Logo-2-1.webp","width":2114,"height":1253,"caption":"Kohen Avocats"},"image":{"@id":"https:\/\/kohenavocats.com\/zh-hans\/#\/schema\/logo\/image\/"}},{"@type":"Person","@id":"https:\/\/kohenavocats.com\/zh-hans\/#\/schema\/person\/761c9ba54fa1ca84d405cef0831ff751","name":"Kohen","image":{"@type":"ImageObject","inLanguage":"zh-Hans","@id":"https:\/\/secure.gravatar.com\/avatar\/1c5e76ef76bbbfdd2b4da984e2bf2fa4056fd51a27d25ce2c332047f1dfd6e00?s=96&d=identicon&r=g","url":"https:\/\/secure.gravatar.com\/avatar\/1c5e76ef76bbbfdd2b4da984e2bf2fa4056fd51a27d25ce2c332047f1dfd6e00?s=96&d=identicon&r=g","contentUrl":"https:\/\/secure.gravatar.com\/avatar\/1c5e76ef76bbbfdd2b4da984e2bf2fa4056fd51a27d25ce2c332047f1dfd6e00?s=96&d=identicon&r=g","caption":"Kohen"},"sameAs":["https:\/\/www.linkedin.com\/in\/hassan-kohen-448548192\/","https:\/\/www.youtube.com\/@Kohen-Avocats"],"url":"https:\/\/kohenavocats.com\/zh-hans\/author\/kohenmlk\/"}]}},"jetpack_featured_media_url":"https:\/\/kohenavocats.com\/wp-content\/uploads\/2024\/08\/daniele-d-andreti-ud9u7beav2s-unsplash.webp","jetpack_likes_enabled":false,"jetpack_shortlink":"https:\/\/wp.me\/peCrII-2MfO","jetpack-related-posts":[{"id":637634,"url":"https:\/\/kohenavocats.com\/zh-hans\/tribunal-judiciaire-de-lorient-le-4-septembre-2025-n25-00511\/","url_meta":{"origin":662148,"position":0},"title":"Tribunal judiciaire de Lorient, le 4 septembre 2025, n\u00b025\/00511","author":"Kohen","date":"2026\u5e744\u670821\u65e5","format":false,"excerpt":"Le juge des contentieux de la protection, statuant\u2026","rel":"","context":"\u5728\u201cJurisprudence\u201d\u4e2d","block_context":{"text":"Jurisprudence","link":"https:\/\/kohenavocats.com\/category\/jurisprudence\/"},"img":{"alt_text":"","src":"https:\/\/i0.wp.com\/kohenavocats.com\/wp-content\/uploads\/2024\/08\/luca-trassini-OhaRmr5mJYA-unsplash.webp?resize=350%2C200&ssl=1","width":350,"height":200,"srcset":"https:\/\/i0.wp.com\/kohenavocats.com\/wp-content\/uploads\/2024\/08\/luca-trassini-OhaRmr5mJYA-unsplash.webp?resize=350%2C200&ssl=1 1x, https:\/\/i0.wp.com\/kohenavocats.com\/wp-content\/uploads\/2024\/08\/luca-trassini-OhaRmr5mJYA-unsplash.webp?resize=525%2C300&ssl=1 1.5x, https:\/\/i0.wp.com\/kohenavocats.com\/wp-content\/uploads\/2024\/08\/luca-trassini-OhaRmr5mJYA-unsplash.webp?resize=700%2C400&ssl=1 2x, https:\/\/i0.wp.com\/kohenavocats.com\/wp-content\/uploads\/2024\/08\/luca-trassini-OhaRmr5mJYA-unsplash.webp?resize=1050%2C600&ssl=1 3x, https:\/\/i0.wp.com\/kohenavocats.com\/wp-content\/uploads\/2024\/08\/luca-trassini-OhaRmr5mJYA-unsplash.webp?resize=1400%2C800&ssl=1 4x"},"classes":[]},{"id":661191,"url":"https:\/\/kohenavocats.com\/zh-hans\/tribunal-judiciaire-de-lille-le-25-septembre-2025-n25-05692\/","url_meta":{"origin":662148,"position":1},"title":"Tribunal judiciaire de Lille, le 25 septembre 2025, n\u00b025\/05692","author":"Kohen","date":"2026\u5e744\u670823\u65e5","format":false,"excerpt":"Le juge des contentieux de la protection, statuant\u2026","rel":"","context":"\u5728\u201cJurisprudence\u201d\u4e2d","block_context":{"text":"Jurisprudence","link":"https:\/\/kohenavocats.com\/category\/jurisprudence\/"},"img":{"alt_text":"","src":"https:\/\/i0.wp.com\/kohenavocats.com\/wp-content\/uploads\/2024\/11\/planet-volumes-qCodK5vqaNs-unsplash.webp?resize=350%2C200&ssl=1","width":350,"height":200,"srcset":"https:\/\/i0.wp.com\/kohenavocats.com\/wp-content\/uploads\/2024\/11\/planet-volumes-qCodK5vqaNs-unsplash.webp?resize=350%2C200&ssl=1 1x, https:\/\/i0.wp.com\/kohenavocats.com\/wp-content\/uploads\/2024\/11\/planet-volumes-qCodK5vqaNs-unsplash.webp?resize=525%2C300&ssl=1 1.5x, https:\/\/i0.wp.com\/kohenavocats.com\/wp-content\/uploads\/2024\/11\/planet-volumes-qCodK5vqaNs-unsplash.webp?resize=700%2C400&ssl=1 2x, https:\/\/i0.wp.com\/kohenavocats.com\/wp-content\/uploads\/2024\/11\/planet-volumes-qCodK5vqaNs-unsplash.webp?resize=1050%2C600&ssl=1 3x, https:\/\/i0.wp.com\/kohenavocats.com\/wp-content\/uploads\/2024\/11\/planet-volumes-qCodK5vqaNs-unsplash.webp?resize=1400%2C800&ssl=1 4x"},"classes":[]},{"id":655540,"url":"https:\/\/kohenavocats.com\/zh-hans\/tribunal-judiciaire-de-bourg-en-bresse-le-30-septembre-2025-n25-00349\/","url_meta":{"origin":662148,"position":2},"title":"Tribunal judiciaire de Bourg-en-Bresse, le 30 septembre 2025, n\u00b025\/00349","author":"Kohen","date":"2026\u5e744\u670823\u65e5","format":false,"excerpt":"Le juge des r\u00e9f\u00e9r\u00e9s, statuant par ordonnance r\u00e9put\u2026","rel":"","context":"\u5728\u201cJurisprudence\u201d\u4e2d","block_context":{"text":"Jurisprudence","link":"https:\/\/kohenavocats.com\/category\/jurisprudence\/"},"img":{"alt_text":"","src":"https:\/\/i0.wp.com\/kohenavocats.com\/wp-content\/uploads\/2024\/08\/j-venerosy-EitiaUwmD-8-unsplash.webp?resize=350%2C200&ssl=1","width":350,"height":200,"srcset":"https:\/\/i0.wp.com\/kohenavocats.com\/wp-content\/uploads\/2024\/08\/j-venerosy-EitiaUwmD-8-unsplash.webp?resize=350%2C200&ssl=1 1x, https:\/\/i0.wp.com\/kohenavocats.com\/wp-content\/uploads\/2024\/08\/j-venerosy-EitiaUwmD-8-unsplash.webp?resize=525%2C300&ssl=1 1.5x, https:\/\/i0.wp.com\/kohenavocats.com\/wp-content\/uploads\/2024\/08\/j-venerosy-EitiaUwmD-8-unsplash.webp?resize=700%2C400&ssl=1 2x, https:\/\/i0.wp.com\/kohenavocats.com\/wp-content\/uploads\/2024\/08\/j-venerosy-EitiaUwmD-8-unsplash.webp?resize=1050%2C600&ssl=1 3x, https:\/\/i0.wp.com\/kohenavocats.com\/wp-content\/uploads\/2024\/08\/j-venerosy-EitiaUwmD-8-unsplash.webp?resize=1400%2C800&ssl=1 4x"},"classes":[]},{"id":670892,"url":"https:\/\/kohenavocats.com\/zh-hans\/tribunal-judiciaire-de-lille-le-18-septembre-2025-n24-11229\/","url_meta":{"origin":662148,"position":3},"title":"Tribunal judiciaire de Lille, le 18 septembre 2025, n\u00b024\/11229","author":"Kohen","date":"2026\u5e744\u670824\u65e5","format":false,"excerpt":"Le juge des contentieux de la protection, statuant\u2026","rel":"","context":"\u5728\u201cCode des assurances\u201d\u4e2d","block_context":{"text":"Code des assurances","link":"https:\/\/kohenavocats.com\/category\/code-des-assurances\/"},"img":{"alt_text":"","src":"https:\/\/i0.wp.com\/kohenavocats.com\/wp-content\/uploads\/2024\/11\/ave-calvar-JCzi4IDosxM-unsplash.webp?resize=350%2C200&ssl=1","width":350,"height":200,"srcset":"https:\/\/i0.wp.com\/kohenavocats.com\/wp-content\/uploads\/2024\/11\/ave-calvar-JCzi4IDosxM-unsplash.webp?resize=350%2C200&ssl=1 1x, https:\/\/i0.wp.com\/kohenavocats.com\/wp-content\/uploads\/2024\/11\/ave-calvar-JCzi4IDosxM-unsplash.webp?resize=525%2C300&ssl=1 1.5x, https:\/\/i0.wp.com\/kohenavocats.com\/wp-content\/uploads\/2024\/11\/ave-calvar-JCzi4IDosxM-unsplash.webp?resize=700%2C400&ssl=1 2x, https:\/\/i0.wp.com\/kohenavocats.com\/wp-content\/uploads\/2024\/11\/ave-calvar-JCzi4IDosxM-unsplash.webp?resize=1050%2C600&ssl=1 3x, https:\/\/i0.wp.com\/kohenavocats.com\/wp-content\/uploads\/2024\/11\/ave-calvar-JCzi4IDosxM-unsplash.webp?resize=1400%2C800&ssl=1 4x"},"classes":[]},{"id":662122,"url":"https:\/\/kohenavocats.com\/zh-hans\/tribunal-judiciaire-de-lille-le-25-septembre-2025-n25-05674\/","url_meta":{"origin":662148,"position":4},"title":"Tribunal judiciaire de Lille, le 25 septembre 2025, n\u00b025\/05674","author":"Kohen","date":"2026\u5e744\u670823\u65e5","format":false,"excerpt":"Le juge des contentieux de la protection, statuant\u2026","rel":"","context":"\u5728\u201cJurisprudence\u201d\u4e2d","block_context":{"text":"Jurisprudence","link":"https:\/\/kohenavocats.com\/category\/jurisprudence\/"},"img":{"alt_text":"","src":"https:\/\/i0.wp.com\/kohenavocats.com\/wp-content\/uploads\/2024\/11\/getty-images-tv21aoxFzwY-unsplash.webp?resize=350%2C200&ssl=1","width":350,"height":200,"srcset":"https:\/\/i0.wp.com\/kohenavocats.com\/wp-content\/uploads\/2024\/11\/getty-images-tv21aoxFzwY-unsplash.webp?resize=350%2C200&ssl=1 1x, https:\/\/i0.wp.com\/kohenavocats.com\/wp-content\/uploads\/2024\/11\/getty-images-tv21aoxFzwY-unsplash.webp?resize=525%2C300&ssl=1 1.5x, https:\/\/i0.wp.com\/kohenavocats.com\/wp-content\/uploads\/2024\/11\/getty-images-tv21aoxFzwY-unsplash.webp?resize=700%2C400&ssl=1 2x, https:\/\/i0.wp.com\/kohenavocats.com\/wp-content\/uploads\/2024\/11\/getty-images-tv21aoxFzwY-unsplash.webp?resize=1050%2C600&ssl=1 3x, https:\/\/i0.wp.com\/kohenavocats.com\/wp-content\/uploads\/2024\/11\/getty-images-tv21aoxFzwY-unsplash.webp?resize=1400%2C800&ssl=1 4x"},"classes":[]},{"id":666567,"url":"https:\/\/kohenavocats.com\/zh-hans\/tribunal-judiciaire-de-paris-le-23-septembre-2025-n25-00450\/","url_meta":{"origin":662148,"position":5},"title":"Tribunal judiciaire de Paris, le 23 septembre 2025, n\u00b025\/00450","author":"Kohen","date":"2026\u5e744\u670824\u65e5","format":false,"excerpt":"Le juge des contentieux de la protection, statuant\u2026","rel":"","context":"\u5728\u201cCode des assurances\u201d\u4e2d","block_context":{"text":"Code des assurances","link":"https:\/\/kohenavocats.com\/category\/code-des-assurances\/"},"img":{"alt_text":"","src":"https:\/\/i0.wp.com\/kohenavocats.com\/wp-content\/uploads\/2024\/11\/getty-images-7NmYG4-AE24-unsplash.webp?resize=350%2C200&ssl=1","width":350,"height":200,"srcset":"https:\/\/i0.wp.com\/kohenavocats.com\/wp-content\/uploads\/2024\/11\/getty-images-7NmYG4-AE24-unsplash.webp?resize=350%2C200&ssl=1 1x, https:\/\/i0.wp.com\/kohenavocats.com\/wp-content\/uploads\/2024\/11\/getty-images-7NmYG4-AE24-unsplash.webp?resize=525%2C300&ssl=1 1.5x, https:\/\/i0.wp.com\/kohenavocats.com\/wp-content\/uploads\/2024\/11\/getty-images-7NmYG4-AE24-unsplash.webp?resize=700%2C400&ssl=1 2x, https:\/\/i0.wp.com\/kohenavocats.com\/wp-content\/uploads\/2024\/11\/getty-images-7NmYG4-AE24-unsplash.webp?resize=1050%2C600&ssl=1 3x, https:\/\/i0.wp.com\/kohenavocats.com\/wp-content\/uploads\/2024\/11\/getty-images-7NmYG4-AE24-unsplash.webp?resize=1400%2C800&ssl=1 4x"},"classes":[]}],"jetpack_sharing_enabled":true,"_links":{"self":[{"href":"https:\/\/kohenavocats.com\/zh-hans\/wp-json\/wp\/v2\/posts\/662148","targetHints":{"allow":["GET"]}}],"collection":[{"href":"https:\/\/kohenavocats.com\/zh-hans\/wp-json\/wp\/v2\/posts"}],"about":[{"href":"https:\/\/kohenavocats.com\/zh-hans\/wp-json\/wp\/v2\/types\/post"}],"author":[{"embeddable":true,"href":"https:\/\/kohenavocats.com\/zh-hans\/wp-json\/wp\/v2\/users\/232070755"}],"replies":[{"embeddable":true,"href":"https:\/\/kohenavocats.com\/zh-hans\/wp-json\/wp\/v2\/comments?post=662148"}],"version-history":[{"count":0,"href":"https:\/\/kohenavocats.com\/zh-hans\/wp-json\/wp\/v2\/posts\/662148\/revisions"}],"wp:featuredmedia":[{"embeddable":true,"href":"https:\/\/kohenavocats.com\/zh-hans\/wp-json\/wp\/v2\/media\/4689"}],"wp:attachment":[{"href":"https:\/\/kohenavocats.com\/zh-hans\/wp-json\/wp\/v2\/media?parent=662148"}],"wp:term":[{"taxonomy":"category","embeddable":true,"href":"https:\/\/kohenavocats.com\/zh-hans\/wp-json\/wp\/v2\/categories?post=662148"},{"taxonomy":"post_tag","embeddable":true,"href":"https:\/\/kohenavocats.com\/zh-hans\/wp-json\/wp\/v2\/tags?post=662148"}],"curies":[{"name":"wp","href":"https:\/\/api.w.org\/{rel}","templated":true}]}}