{"id":662302,"date":"2026-04-23T19:05:41","date_gmt":"2026-04-23T17:05:41","guid":{"rendered":"https:\/\/kohenavocats.com\/tribunal-judiciaire-de-strasbourg-le-2-octobre-2025-n25-00566\/"},"modified":"2026-04-23T19:05:41","modified_gmt":"2026-04-23T17:05:41","slug":"tribunal-judiciaire-de-strasbourg-le-2-octobre-2025-n25-00566","status":"publish","type":"post","link":"https:\/\/kohenavocats.com\/zh-hans\/tribunal-judiciaire-de-strasbourg-le-2-octobre-2025-n25-00566\/","title":{"rendered":"Tribunal judiciaire de Strasbourg, le 2 octobre 2025, n\u00b025\/00566"},"content":{"rendered":"<div class=\"article-content\">\n<p>Le tribunal judiciaire, statuant en r\u00e9f\u00e9r\u00e9, a rendu une ordonnance le 2 octobre 2025. Une soci\u00e9t\u00e9 gestionnaire de r\u00e9seau demandait l&#8217;autorisation d&#8217;enlever un compteur de gaz apr\u00e8s la r\u00e9siliation du contrat de fourniture. Le consommateur refusait l&#8217;acc\u00e8s \u00e0 son logement pour cette op\u00e9ration. Le juge a d\u00fb qualifier ce refus et statuer sur les demandes de la soci\u00e9t\u00e9 requ\u00e9rante. Il a constat\u00e9 l&#8217;existence d&#8217;un trouble manifestement illicite et a condamn\u00e9 l&#8217;occupant.<\/p>\n<p>La caract\u00e9risation d&#8217;un trouble manifestement illicite par le refus d&#8217;acc\u00e8s<\/p>\n<p>Le juge retient que le refus persistant de l&#8217;occupant constitue une entrave illicite. La soci\u00e9t\u00e9 gestionnaire justifie de la r\u00e9gularit\u00e9 de la proc\u00e9dure de coupure. Elle produit une demande de d\u00e9tachement du fournisseur et plusieurs constats d&#8217;inaccessibilit\u00e9. &#8220;L\u2019absence de r\u00e9action de M. [V] [J] pendant de nombreux mois a g\u00e9n\u00e9r\u00e9 un trouble manifestement illicite&#8221; (Motifs). Ce trouble d\u00e9coule de la consommation irr\u00e9guli\u00e8re de gaz apr\u00e8s la fin du contrat. La solution est conforme \u00e0 la jurisprudence des r\u00e9f\u00e9r\u00e9s en cas d&#8217;obstruction injustifi\u00e9e. Elle rappelle que l&#8217;illic\u00e9it\u00e9 du trouble s&#8217;appr\u00e9cie ind\u00e9pendamment du litige contractuel sous-jacent.<\/p>\n<p>Le fondement juridique du trouble r\u00e9side dans l&#8217;articulation des contrats et la loi. Le contrat unique int\u00e8gre les conditions de distribution du gestionnaire de r\u00e9seau. &#8220;Le fournisseur est tenu d&#8217;offrir au client la possibilit\u00e9 de conclure avec lui un contrat unique portant sur la fourniture et la distribution&#8221; (Article L. 224-8 du code de la consommation). La r\u00e9siliation par le fournisseur entra\u00eene le droit au d\u00e9tachement du point de livraison. &#8220;L\u2019interruption de la livraison peut intervenir lorsque le point de livraison n\u2019est plus rattach\u00e9 au contrat distributeur de gaz fournisseur d\u2019aucun fournisseur&#8221; (Article 11 des conditions de distribution). Le juge applique strictement le cadre contractuel et l\u00e9gal sans examiner le bien-fond\u00e9 de la r\u00e9siliation. Cette analyse rejoint une jurisprudence r\u00e9cente sur le sujet. &#8220;Le fait que l\u2019enl\u00e8vement du compteur de gaz (&#8230;) n\u2019a pu \u00eatre r\u00e9alis\u00e9 alors qu\u2019il n\u2019est pas justifi\u00e9 par la partie requise de la souscription d\u2019un nouveau contrat (&#8230;) caract\u00e9rise un trouble manifestement illicite&#8221; (Tribunal judiciaire de Strasbourg, le 2 octobre 2025, n\u00b025\/00567).<\/p>\n<p>Les cons\u00e9quences proc\u00e9durales du d\u00e9sistement et la condamnation aux frais<\/p>\n<p>Le juge tire les cons\u00e9quences du d\u00e9sistement de la demande principale en autorisation. La soci\u00e9t\u00e9 gestionnaire s&#8217;est d\u00e9sist\u00e9e apr\u00e8s l&#8217;assignation, un nouveau contrat ayant \u00e9t\u00e9 sign\u00e9. Le juge constate ce d\u00e9sistement et renvoie les parties \u00e0 se pourvoir sur le fond. Il statue n\u00e9anmoins sur les demandes accessoires pr\u00e9sent\u00e9es dans l&#8217;instance. La condamnation aux d\u00e9pens et \u00e0 une indemnit\u00e9 au titre de l&#8217;article 700 du code de proc\u00e9dure civile est prononc\u00e9e. Cette d\u00e9cision est rendue malgr\u00e9 la fin du litige principal concernant l&#8217;acc\u00e8s au compteur. Elle sanctionne le comportement proc\u00e9dural de la partie d\u00e9fenderesse.<\/p>\n<p>La condamnation p\u00e9cuniaire sanctionne un comportement abusif dans l&#8217;ex\u00e9cution contractuelle. L&#8217;\u00e9quit\u00e9 commande d&#8217;allouer une somme \u00e0 la soci\u00e9t\u00e9 gestionnaire pour les frais expos\u00e9s. Ces frais sont li\u00e9s aux multiples interventions rendues vaines par le refus d&#8217;acc\u00e8s. Le trouble illicite a persist\u00e9 jusqu&#8217;\u00e0 l&#8217;engagement de la proc\u00e9dure judiciaire. La d\u00e9cision rappelle ainsi que l&#8217;inaction face \u00e0 des mises en demeure peut engager la responsabilit\u00e9. L&#8217;ex\u00e9cution provisoire de droit est attach\u00e9e \u00e0 cette ordonnance de r\u00e9f\u00e9r\u00e9. Cette solution incite \u00e0 la r\u00e9activit\u00e9 et au respect des obligations contractuelles l\u00e9gales. Elle \u00e9vite que la r\u00e9solution tardive du conflit n&#8217;efface les cons\u00e9quences des agissements ant\u00e9rieurs.<\/p>\n<\/div>\n","protected":false},"excerpt":{"rendered":"<p>Le tribunal judiciaire, statuant en r\u00e9f\u00e9r\u00e9, a rendu une ordonnance le 2 octobre 2025. Une soci\u00e9t\u00e9 gestionnaire de r\u00e9seau demandait l&#8217;autorisation d&#8217;enlever u&#8230;<\/p>\n","protected":false},"author":232070755,"featured_media":4672,"comment_status":"open","ping_status":"open","sticky":false,"template":"","format":"standard","meta":{"_crdt_document":"","_jetpack_newsletter_access":"","_jetpack_dont_email_post_to_subs":false,"_jetpack_newsletter_tier_id":0,"_jetpack_memberships_contains_paywalled_content":false,"_kj_source_type":"judilibre","_kj_official_id":"68d5b498876d446c8f4b3210","_kj_official_url":"https:\/\/www.courdecassation.fr\/decision\/68d5b498876d446c8f4b3210","_kj_judilibre_id":"68d5b498876d446c8f4b3210","_kj_jur":"Tribunal judiciaire","_kj_lieu":"Tribunal judiciaire de Strasbourg","_kj_chambre":"R\u00e9f\u00e9r\u00e9s Civils Cab. 1","_kj_rg":"25\/00566","_kj_date":"2025-09-25","_jetpack_memberships_contains_paid_content":false,"footnotes":"","jetpack_post_was_ever_published":false},"categories":[7597],"tags":[],"class_list":["post-662302","post","type-post","status-publish","format-standard","has-post-thumbnail","hentry","category-jurisprudence"],"yoast_head":"<!-- This site is optimized with the Yoast SEO Premium plugin v27.5 (Yoast SEO v27.5) - https:\/\/yoast.com\/product\/yoast-seo-premium-wordpress\/ -->\n<title>Tribunal judiciaire de Strasbourg, le 2 octobre 2025, n\u00b025\/00566 - Ma\u00eetre Hassan Kohen, avocat en droit p\u00e9nal \u00e0 Paris<\/title>\n<meta name=\"description\" content=\"Le tribunal judiciaire, statuant en r\u00e9f\u00e9r\u00e9, a rendu une ordonnance le 2 octobre 2025. Une soci\u00e9t\u00e9 gestionnaire de r\u00e9seau demandait l&#039;autorisation d&#039;enlever u...\" \/>\n<meta name=\"robots\" content=\"index, follow, max-snippet:-1, max-image-preview:large, max-video-preview:-1\" \/>\n<link rel=\"canonical\" href=\"https:\/\/kohenavocats.com\/zh-hans\/tribunal-judiciaire-de-strasbourg-le-2-octobre-2025-n25-00566\/\" \/>\n<meta property=\"og:locale\" content=\"zh_CN\" \/>\n<meta property=\"og:type\" content=\"article\" \/>\n<meta property=\"og:title\" content=\"Tribunal judiciaire de Strasbourg, le 2 octobre 2025, n\u00b025\/00566\" \/>\n<meta property=\"og:description\" content=\"Le tribunal judiciaire, statuant en r\u00e9f\u00e9r\u00e9, a rendu une ordonnance le 2 octobre 2025. Une soci\u00e9t\u00e9 gestionnaire de r\u00e9seau demandait l&#039;autorisation d&#039;enlever u...\" \/>\n<meta property=\"og:url\" content=\"https:\/\/kohenavocats.com\/zh-hans\/tribunal-judiciaire-de-strasbourg-le-2-octobre-2025-n25-00566\/\" \/>\n<meta property=\"og:site_name\" content=\"Ma\u00eetre Hassan Kohen, avocat en droit p\u00e9nal \u00e0 Paris\" \/>\n<meta property=\"article:published_time\" content=\"2026-04-23T17:05:41+00:00\" \/>\n<meta property=\"og:image\" content=\"https:\/\/kohenavocats.com\/wp-content\/uploads\/2024\/08\/allan-francis-ymVi7QhCiTI-unsplash.webp\" \/>\n\t<meta property=\"og:image:width\" content=\"8041\" \/>\n\t<meta property=\"og:image:height\" content=\"4523\" \/>\n\t<meta property=\"og:image:type\" content=\"image\/webp\" \/>\n<meta name=\"author\" content=\"Kohen\" \/>\n<meta name=\"twitter:card\" content=\"summary_large_image\" \/>\n<meta name=\"twitter:label1\" content=\"\u4f5c\u8005\" \/>\n\t<meta name=\"twitter:data1\" content=\"Kohen\" \/>\n\t<meta name=\"twitter:label2\" content=\"\u9884\u8ba1\u9605\u8bfb\u65f6\u95f4\" \/>\n\t<meta name=\"twitter:data2\" content=\"3 \u5206\" \/>\n<script type=\"application\/ld+json\" class=\"yoast-schema-graph\">{\"@context\":\"https:\\\/\\\/schema.org\",\"@graph\":[{\"@type\":\"Article\",\"@id\":\"https:\\\/\\\/kohenavocats.com\\\/zh-hans\\\/tribunal-judiciaire-de-strasbourg-le-2-octobre-2025-n25-00566\\\/#article\",\"isPartOf\":{\"@id\":\"https:\\\/\\\/kohenavocats.com\\\/zh-hans\\\/tribunal-judiciaire-de-strasbourg-le-2-octobre-2025-n25-00566\\\/\"},\"author\":{\"name\":\"Kohen\",\"@id\":\"https:\\\/\\\/kohenavocats.com\\\/zh-hans\\\/#\\\/schema\\\/person\\\/761c9ba54fa1ca84d405cef0831ff751\"},\"headline\":\"Tribunal judiciaire de Strasbourg, le 2 octobre 2025, n\u00b025\\\/00566\",\"datePublished\":\"2026-04-23T17:05:41+00:00\",\"mainEntityOfPage\":{\"@id\":\"https:\\\/\\\/kohenavocats.com\\\/zh-hans\\\/tribunal-judiciaire-de-strasbourg-le-2-octobre-2025-n25-00566\\\/\"},\"wordCount\":653,\"commentCount\":0,\"publisher\":{\"@id\":\"https:\\\/\\\/kohenavocats.com\\\/zh-hans\\\/#organization\"},\"image\":{\"@id\":\"https:\\\/\\\/kohenavocats.com\\\/zh-hans\\\/tribunal-judiciaire-de-strasbourg-le-2-octobre-2025-n25-00566\\\/#primaryimage\"},\"thumbnailUrl\":\"https:\\\/\\\/kohenavocats.com\\\/wp-content\\\/uploads\\\/2024\\\/08\\\/allan-francis-ymVi7QhCiTI-unsplash.webp\",\"articleSection\":[\"Jurisprudence\"],\"inLanguage\":\"zh-Hans\",\"potentialAction\":[{\"@type\":\"CommentAction\",\"name\":\"Comment\",\"target\":[\"https:\\\/\\\/kohenavocats.com\\\/zh-hans\\\/tribunal-judiciaire-de-strasbourg-le-2-octobre-2025-n25-00566\\\/#respond\"]}],\"citation\":\"Tribunal judiciaire de Strasbourg, le 2 octobre 2025, n\u00b025\\\/00566\",\"about\":[{\"@type\":\"Thing\",\"name\":\"Jurisprudence\"}],\"dateModified\":\"2026-04-23T17:05:41+00:00\",\"speakable\":{\"@type\":\"SpeakableSpecification\",\"cssSelector\":[\".article-content > p:first-of-type\"]}},{\"@type\":\"WebPage\",\"@id\":\"https:\\\/\\\/kohenavocats.com\\\/zh-hans\\\/tribunal-judiciaire-de-strasbourg-le-2-octobre-2025-n25-00566\\\/\",\"url\":\"https:\\\/\\\/kohenavocats.com\\\/zh-hans\\\/tribunal-judiciaire-de-strasbourg-le-2-octobre-2025-n25-00566\\\/\",\"name\":\"Tribunal judiciaire de Strasbourg, le 2 octobre 2025, n\u00b025\\\/00566 - Ma\u00eetre Hassan Kohen, avocat en droit p\u00e9nal \u00e0 Paris\",\"isPartOf\":{\"@id\":\"https:\\\/\\\/kohenavocats.com\\\/zh-hans\\\/#website\"},\"primaryImageOfPage\":{\"@id\":\"https:\\\/\\\/kohenavocats.com\\\/zh-hans\\\/tribunal-judiciaire-de-strasbourg-le-2-octobre-2025-n25-00566\\\/#primaryimage\"},\"image\":{\"@id\":\"https:\\\/\\\/kohenavocats.com\\\/zh-hans\\\/tribunal-judiciaire-de-strasbourg-le-2-octobre-2025-n25-00566\\\/#primaryimage\"},\"thumbnailUrl\":\"https:\\\/\\\/kohenavocats.com\\\/wp-content\\\/uploads\\\/2024\\\/08\\\/allan-francis-ymVi7QhCiTI-unsplash.webp\",\"datePublished\":\"2026-04-23T17:05:41+00:00\",\"description\":\"Le tribunal judiciaire, statuant en r\u00e9f\u00e9r\u00e9, a rendu une ordonnance le 2 octobre 2025. Une soci\u00e9t\u00e9 gestionnaire de r\u00e9seau demandait l'autorisation d'enlever u...\",\"breadcrumb\":{\"@id\":\"https:\\\/\\\/kohenavocats.com\\\/zh-hans\\\/tribunal-judiciaire-de-strasbourg-le-2-octobre-2025-n25-00566\\\/#breadcrumb\"},\"inLanguage\":\"zh-Hans\",\"potentialAction\":[{\"@type\":\"ReadAction\",\"target\":[\"https:\\\/\\\/kohenavocats.com\\\/zh-hans\\\/tribunal-judiciaire-de-strasbourg-le-2-octobre-2025-n25-00566\\\/\"]}]},{\"@type\":\"ImageObject\",\"inLanguage\":\"zh-Hans\",\"@id\":\"https:\\\/\\\/kohenavocats.com\\\/zh-hans\\\/tribunal-judiciaire-de-strasbourg-le-2-octobre-2025-n25-00566\\\/#primaryimage\",\"url\":\"https:\\\/\\\/kohenavocats.com\\\/wp-content\\\/uploads\\\/2024\\\/08\\\/allan-francis-ymVi7QhCiTI-unsplash.webp\",\"contentUrl\":\"https:\\\/\\\/kohenavocats.com\\\/wp-content\\\/uploads\\\/2024\\\/08\\\/allan-francis-ymVi7QhCiTI-unsplash.webp\",\"width\":8041,\"height\":4523},{\"@type\":\"BreadcrumbList\",\"@id\":\"https:\\\/\\\/kohenavocats.com\\\/zh-hans\\\/tribunal-judiciaire-de-strasbourg-le-2-octobre-2025-n25-00566\\\/#breadcrumb\",\"itemListElement\":[{\"@type\":\"ListItem\",\"position\":1,\"name\":\"Home\",\"item\":\"https:\\\/\\\/kohenavocats.com\\\/zh-hans\\\/\"},{\"@type\":\"ListItem\",\"position\":2,\"name\":\"Tribunal judiciaire de Strasbourg, le 2 octobre 2025, n\u00b025\\\/00566\"}]},{\"@type\":\"WebSite\",\"@id\":\"https:\\\/\\\/kohenavocats.com\\\/zh-hans\\\/#website\",\"url\":\"https:\\\/\\\/kohenavocats.com\\\/zh-hans\\\/\",\"name\":\"Kohen Avocats\",\"description\":\"Ma\u00eetre Hassan Kohen, avocat p\u00e9naliste \u00e0 Paris, intervient exclusivement en droit p\u00e9nal pour la d\u00e9fense des particuliers, notamment en mati\u00e8re d\u2019accusations de viol. Il assure un accompagnement rigoureux d\u00e8s la garde \u00e0 vue jusqu\u2019\u00e0 la Cour d\u2019assises, veillant au strict respect des garanties proc\u00e9durales.\",\"publisher\":{\"@id\":\"https:\\\/\\\/kohenavocats.com\\\/zh-hans\\\/#organization\"},\"potentialAction\":[{\"@type\":\"SearchAction\",\"target\":{\"@type\":\"EntryPoint\",\"urlTemplate\":\"https:\\\/\\\/kohenavocats.com\\\/zh-hans\\\/?s={search_term_string}\"},\"query-input\":{\"@type\":\"PropertyValueSpecification\",\"valueRequired\":true,\"valueName\":\"search_term_string\"}}],\"inLanguage\":\"zh-Hans\"},{\"@type\":\"Organization\",\"@id\":\"https:\\\/\\\/kohenavocats.com\\\/zh-hans\\\/#organization\",\"name\":\"Kohen Avocats\",\"url\":\"https:\\\/\\\/kohenavocats.com\\\/zh-hans\\\/\",\"logo\":{\"@type\":\"ImageObject\",\"inLanguage\":\"zh-Hans\",\"@id\":\"https:\\\/\\\/kohenavocats.com\\\/zh-hans\\\/#\\\/schema\\\/logo\\\/image\\\/\",\"url\":\"https:\\\/\\\/kohenavocats.com\\\/wp-content\\\/uploads\\\/2026\\\/01\\\/Logo-2-1.webp\",\"contentUrl\":\"https:\\\/\\\/kohenavocats.com\\\/wp-content\\\/uploads\\\/2026\\\/01\\\/Logo-2-1.webp\",\"width\":2114,\"height\":1253,\"caption\":\"Kohen Avocats\"},\"image\":{\"@id\":\"https:\\\/\\\/kohenavocats.com\\\/zh-hans\\\/#\\\/schema\\\/logo\\\/image\\\/\"}},{\"@type\":\"Person\",\"@id\":\"https:\\\/\\\/kohenavocats.com\\\/zh-hans\\\/#\\\/schema\\\/person\\\/761c9ba54fa1ca84d405cef0831ff751\",\"name\":\"Kohen\",\"image\":{\"@type\":\"ImageObject\",\"inLanguage\":\"zh-Hans\",\"@id\":\"https:\\\/\\\/secure.gravatar.com\\\/avatar\\\/1c5e76ef76bbbfdd2b4da984e2bf2fa4056fd51a27d25ce2c332047f1dfd6e00?s=96&d=identicon&r=g\",\"url\":\"https:\\\/\\\/secure.gravatar.com\\\/avatar\\\/1c5e76ef76bbbfdd2b4da984e2bf2fa4056fd51a27d25ce2c332047f1dfd6e00?s=96&d=identicon&r=g\",\"contentUrl\":\"https:\\\/\\\/secure.gravatar.com\\\/avatar\\\/1c5e76ef76bbbfdd2b4da984e2bf2fa4056fd51a27d25ce2c332047f1dfd6e00?s=96&d=identicon&r=g\",\"caption\":\"Kohen\"},\"sameAs\":[\"https:\\\/\\\/www.linkedin.com\\\/in\\\/hassan-kohen-448548192\\\/\",\"https:\\\/\\\/www.youtube.com\\\/@Kohen-Avocats\"],\"url\":\"https:\\\/\\\/kohenavocats.com\\\/zh-hans\\\/author\\\/kohenmlk\\\/\"}]}<\/script>\n<!-- \/ Yoast SEO Premium plugin. -->","yoast_head_json":{"title":"Tribunal judiciaire de Strasbourg, le 2 octobre 2025, n\u00b025\/00566 - Ma\u00eetre Hassan Kohen, avocat en droit p\u00e9nal \u00e0 Paris","description":"Le tribunal judiciaire, statuant en r\u00e9f\u00e9r\u00e9, a rendu une ordonnance le 2 octobre 2025. Une soci\u00e9t\u00e9 gestionnaire de r\u00e9seau demandait l'autorisation d'enlever u...","robots":{"index":"index","follow":"follow","max-snippet":"max-snippet:-1","max-image-preview":"max-image-preview:large","max-video-preview":"max-video-preview:-1"},"canonical":"https:\/\/kohenavocats.com\/zh-hans\/tribunal-judiciaire-de-strasbourg-le-2-octobre-2025-n25-00566\/","og_locale":"zh_CN","og_type":"article","og_title":"Tribunal judiciaire de Strasbourg, le 2 octobre 2025, n\u00b025\/00566","og_description":"Le tribunal judiciaire, statuant en r\u00e9f\u00e9r\u00e9, a rendu une ordonnance le 2 octobre 2025. Une soci\u00e9t\u00e9 gestionnaire de r\u00e9seau demandait l'autorisation d'enlever u...","og_url":"https:\/\/kohenavocats.com\/zh-hans\/tribunal-judiciaire-de-strasbourg-le-2-octobre-2025-n25-00566\/","og_site_name":"Ma\u00eetre Hassan Kohen, avocat en droit p\u00e9nal \u00e0 Paris","article_published_time":"2026-04-23T17:05:41+00:00","og_image":[{"width":8041,"height":4523,"url":"https:\/\/kohenavocats.com\/wp-content\/uploads\/2024\/08\/allan-francis-ymVi7QhCiTI-unsplash.webp","type":"image\/webp"}],"author":"Kohen","twitter_card":"summary_large_image","twitter_misc":{"\u4f5c\u8005":"Kohen","\u9884\u8ba1\u9605\u8bfb\u65f6\u95f4":"3 \u5206"},"schema":{"@context":"https:\/\/schema.org","@graph":[{"@type":"Article","@id":"https:\/\/kohenavocats.com\/zh-hans\/tribunal-judiciaire-de-strasbourg-le-2-octobre-2025-n25-00566\/#article","isPartOf":{"@id":"https:\/\/kohenavocats.com\/zh-hans\/tribunal-judiciaire-de-strasbourg-le-2-octobre-2025-n25-00566\/"},"author":{"name":"Kohen","@id":"https:\/\/kohenavocats.com\/zh-hans\/#\/schema\/person\/761c9ba54fa1ca84d405cef0831ff751"},"headline":"Tribunal judiciaire de Strasbourg, le 2 octobre 2025, n\u00b025\/00566","datePublished":"2026-04-23T17:05:41+00:00","mainEntityOfPage":{"@id":"https:\/\/kohenavocats.com\/zh-hans\/tribunal-judiciaire-de-strasbourg-le-2-octobre-2025-n25-00566\/"},"wordCount":653,"commentCount":0,"publisher":{"@id":"https:\/\/kohenavocats.com\/zh-hans\/#organization"},"image":{"@id":"https:\/\/kohenavocats.com\/zh-hans\/tribunal-judiciaire-de-strasbourg-le-2-octobre-2025-n25-00566\/#primaryimage"},"thumbnailUrl":"https:\/\/kohenavocats.com\/wp-content\/uploads\/2024\/08\/allan-francis-ymVi7QhCiTI-unsplash.webp","articleSection":["Jurisprudence"],"inLanguage":"zh-Hans","potentialAction":[{"@type":"CommentAction","name":"Comment","target":["https:\/\/kohenavocats.com\/zh-hans\/tribunal-judiciaire-de-strasbourg-le-2-octobre-2025-n25-00566\/#respond"]}],"citation":"Tribunal judiciaire de Strasbourg, le 2 octobre 2025, n\u00b025\/00566","about":[{"@type":"Thing","name":"Jurisprudence"}],"dateModified":"2026-04-23T17:05:41+00:00","speakable":{"@type":"SpeakableSpecification","cssSelector":[".article-content > p:first-of-type"]}},{"@type":"WebPage","@id":"https:\/\/kohenavocats.com\/zh-hans\/tribunal-judiciaire-de-strasbourg-le-2-octobre-2025-n25-00566\/","url":"https:\/\/kohenavocats.com\/zh-hans\/tribunal-judiciaire-de-strasbourg-le-2-octobre-2025-n25-00566\/","name":"Tribunal judiciaire de Strasbourg, le 2 octobre 2025, n\u00b025\/00566 - Ma\u00eetre Hassan Kohen, avocat en droit p\u00e9nal \u00e0 Paris","isPartOf":{"@id":"https:\/\/kohenavocats.com\/zh-hans\/#website"},"primaryImageOfPage":{"@id":"https:\/\/kohenavocats.com\/zh-hans\/tribunal-judiciaire-de-strasbourg-le-2-octobre-2025-n25-00566\/#primaryimage"},"image":{"@id":"https:\/\/kohenavocats.com\/zh-hans\/tribunal-judiciaire-de-strasbourg-le-2-octobre-2025-n25-00566\/#primaryimage"},"thumbnailUrl":"https:\/\/kohenavocats.com\/wp-content\/uploads\/2024\/08\/allan-francis-ymVi7QhCiTI-unsplash.webp","datePublished":"2026-04-23T17:05:41+00:00","description":"Le tribunal judiciaire, statuant en r\u00e9f\u00e9r\u00e9, a rendu une ordonnance le 2 octobre 2025. Une soci\u00e9t\u00e9 gestionnaire de r\u00e9seau demandait l'autorisation d'enlever u...","breadcrumb":{"@id":"https:\/\/kohenavocats.com\/zh-hans\/tribunal-judiciaire-de-strasbourg-le-2-octobre-2025-n25-00566\/#breadcrumb"},"inLanguage":"zh-Hans","potentialAction":[{"@type":"ReadAction","target":["https:\/\/kohenavocats.com\/zh-hans\/tribunal-judiciaire-de-strasbourg-le-2-octobre-2025-n25-00566\/"]}]},{"@type":"ImageObject","inLanguage":"zh-Hans","@id":"https:\/\/kohenavocats.com\/zh-hans\/tribunal-judiciaire-de-strasbourg-le-2-octobre-2025-n25-00566\/#primaryimage","url":"https:\/\/kohenavocats.com\/wp-content\/uploads\/2024\/08\/allan-francis-ymVi7QhCiTI-unsplash.webp","contentUrl":"https:\/\/kohenavocats.com\/wp-content\/uploads\/2024\/08\/allan-francis-ymVi7QhCiTI-unsplash.webp","width":8041,"height":4523},{"@type":"BreadcrumbList","@id":"https:\/\/kohenavocats.com\/zh-hans\/tribunal-judiciaire-de-strasbourg-le-2-octobre-2025-n25-00566\/#breadcrumb","itemListElement":[{"@type":"ListItem","position":1,"name":"Home","item":"https:\/\/kohenavocats.com\/zh-hans\/"},{"@type":"ListItem","position":2,"name":"Tribunal judiciaire de Strasbourg, le 2 octobre 2025, n\u00b025\/00566"}]},{"@type":"WebSite","@id":"https:\/\/kohenavocats.com\/zh-hans\/#website","url":"https:\/\/kohenavocats.com\/zh-hans\/","name":"Kohen Avocats","description":"Ma\u00eetre Hassan Kohen, avocat p\u00e9naliste \u00e0 Paris, intervient exclusivement en droit p\u00e9nal pour la d\u00e9fense des particuliers, notamment en mati\u00e8re d\u2019accusations de viol. Il assure un accompagnement rigoureux d\u00e8s la garde \u00e0 vue jusqu\u2019\u00e0 la Cour d\u2019assises, veillant au strict respect des garanties proc\u00e9durales.","publisher":{"@id":"https:\/\/kohenavocats.com\/zh-hans\/#organization"},"potentialAction":[{"@type":"SearchAction","target":{"@type":"EntryPoint","urlTemplate":"https:\/\/kohenavocats.com\/zh-hans\/?s={search_term_string}"},"query-input":{"@type":"PropertyValueSpecification","valueRequired":true,"valueName":"search_term_string"}}],"inLanguage":"zh-Hans"},{"@type":"Organization","@id":"https:\/\/kohenavocats.com\/zh-hans\/#organization","name":"Kohen Avocats","url":"https:\/\/kohenavocats.com\/zh-hans\/","logo":{"@type":"ImageObject","inLanguage":"zh-Hans","@id":"https:\/\/kohenavocats.com\/zh-hans\/#\/schema\/logo\/image\/","url":"https:\/\/kohenavocats.com\/wp-content\/uploads\/2026\/01\/Logo-2-1.webp","contentUrl":"https:\/\/kohenavocats.com\/wp-content\/uploads\/2026\/01\/Logo-2-1.webp","width":2114,"height":1253,"caption":"Kohen Avocats"},"image":{"@id":"https:\/\/kohenavocats.com\/zh-hans\/#\/schema\/logo\/image\/"}},{"@type":"Person","@id":"https:\/\/kohenavocats.com\/zh-hans\/#\/schema\/person\/761c9ba54fa1ca84d405cef0831ff751","name":"Kohen","image":{"@type":"ImageObject","inLanguage":"zh-Hans","@id":"https:\/\/secure.gravatar.com\/avatar\/1c5e76ef76bbbfdd2b4da984e2bf2fa4056fd51a27d25ce2c332047f1dfd6e00?s=96&d=identicon&r=g","url":"https:\/\/secure.gravatar.com\/avatar\/1c5e76ef76bbbfdd2b4da984e2bf2fa4056fd51a27d25ce2c332047f1dfd6e00?s=96&d=identicon&r=g","contentUrl":"https:\/\/secure.gravatar.com\/avatar\/1c5e76ef76bbbfdd2b4da984e2bf2fa4056fd51a27d25ce2c332047f1dfd6e00?s=96&d=identicon&r=g","caption":"Kohen"},"sameAs":["https:\/\/www.linkedin.com\/in\/hassan-kohen-448548192\/","https:\/\/www.youtube.com\/@Kohen-Avocats"],"url":"https:\/\/kohenavocats.com\/zh-hans\/author\/kohenmlk\/"}]}},"jetpack_featured_media_url":"https:\/\/kohenavocats.com\/wp-content\/uploads\/2024\/08\/allan-francis-ymVi7QhCiTI-unsplash.webp","jetpack_likes_enabled":false,"jetpack_shortlink":"https:\/\/wp.me\/peCrII-2Mii","jetpack-related-posts":[{"id":626039,"url":"https:\/\/kohenavocats.com\/zh-hans\/tribunal-judiciaire-de-strasbourg-le-12-mars-2026-n25-00654\/","url_meta":{"origin":662302,"position":0},"title":"Tribunal judiciaire de Strasbourg, le 12 mars 2026, n\u00b025\/00654","author":"Kohen","date":"2026\u5e744\u670820\u65e5","format":false,"excerpt":"Le tribunal judiciaire, statuant en la forme des r\u2026","rel":"","context":"\u5728\u201cJurisprudence\u201d\u4e2d","block_context":{"text":"Jurisprudence","link":"https:\/\/kohenavocats.com\/category\/jurisprudence\/"},"img":{"alt_text":"","src":"https:\/\/i0.wp.com\/kohenavocats.com\/wp-content\/uploads\/2024\/11\/mohamed-nohassi-CRktpOMkRIs-unsplash.webp?resize=350%2C200&ssl=1","width":350,"height":200,"srcset":"https:\/\/i0.wp.com\/kohenavocats.com\/wp-content\/uploads\/2024\/11\/mohamed-nohassi-CRktpOMkRIs-unsplash.webp?resize=350%2C200&ssl=1 1x, https:\/\/i0.wp.com\/kohenavocats.com\/wp-content\/uploads\/2024\/11\/mohamed-nohassi-CRktpOMkRIs-unsplash.webp?resize=525%2C300&ssl=1 1.5x, https:\/\/i0.wp.com\/kohenavocats.com\/wp-content\/uploads\/2024\/11\/mohamed-nohassi-CRktpOMkRIs-unsplash.webp?resize=700%2C400&ssl=1 2x, https:\/\/i0.wp.com\/kohenavocats.com\/wp-content\/uploads\/2024\/11\/mohamed-nohassi-CRktpOMkRIs-unsplash.webp?resize=1050%2C600&ssl=1 3x, https:\/\/i0.wp.com\/kohenavocats.com\/wp-content\/uploads\/2024\/11\/mohamed-nohassi-CRktpOMkRIs-unsplash.webp?resize=1400%2C800&ssl=1 4x"},"classes":[]},{"id":651324,"url":"https:\/\/kohenavocats.com\/zh-hans\/tribunal-judiciaire-de-strasbourg-le-12-mars-2026-n25-00568\/","url_meta":{"origin":662302,"position":1},"title":"Tribunal judiciaire de Strasbourg, le 12 mars 2026, n\u00b025\/00568","author":"Kohen","date":"2026\u5e744\u670822\u65e5","format":false,"excerpt":"Le tribunal judiciaire, statuant en r\u00e9f\u00e9r\u00e9 le 12 m\u2026","rel":"","context":"\u5728\u201cJurisprudence\u201d\u4e2d","block_context":{"text":"Jurisprudence","link":"https:\/\/kohenavocats.com\/category\/jurisprudence\/"},"img":{"alt_text":"","src":"https:\/\/i0.wp.com\/kohenavocats.com\/wp-content\/uploads\/2024\/11\/isidore-decamon-3M58ebH7qxc-unsplash.webp?resize=350%2C200&ssl=1","width":350,"height":200,"srcset":"https:\/\/i0.wp.com\/kohenavocats.com\/wp-content\/uploads\/2024\/11\/isidore-decamon-3M58ebH7qxc-unsplash.webp?resize=350%2C200&ssl=1 1x, https:\/\/i0.wp.com\/kohenavocats.com\/wp-content\/uploads\/2024\/11\/isidore-decamon-3M58ebH7qxc-unsplash.webp?resize=525%2C300&ssl=1 1.5x, https:\/\/i0.wp.com\/kohenavocats.com\/wp-content\/uploads\/2024\/11\/isidore-decamon-3M58ebH7qxc-unsplash.webp?resize=700%2C400&ssl=1 2x, https:\/\/i0.wp.com\/kohenavocats.com\/wp-content\/uploads\/2024\/11\/isidore-decamon-3M58ebH7qxc-unsplash.webp?resize=1050%2C600&ssl=1 3x, https:\/\/i0.wp.com\/kohenavocats.com\/wp-content\/uploads\/2024\/11\/isidore-decamon-3M58ebH7qxc-unsplash.webp?resize=1400%2C800&ssl=1 4x"},"classes":[]},{"id":625887,"url":"https:\/\/kohenavocats.com\/zh-hans\/tribunal-judiciaire-de-paris-le-9-mai-2025-n25-00655\/","url_meta":{"origin":662302,"position":2},"title":"Tribunal judiciaire de Paris, le 9 mai 2025, n\u00b025\/00655","author":"Kohen","date":"2026\u5e744\u670820\u65e5","format":false,"excerpt":"Le tribunal judiciaire de Paris, statuant en r\u00e9f\u00e9r\u2026","rel":"","context":"\u5728\u201cJurisprudence\u201d\u4e2d","block_context":{"text":"Jurisprudence","link":"https:\/\/kohenavocats.com\/category\/jurisprudence\/"},"img":{"alt_text":"","src":"https:\/\/i0.wp.com\/kohenavocats.com\/wp-content\/uploads\/2024\/08\/vinh-PzXQ-ycHboI-unsplash.webp?resize=350%2C200&ssl=1","width":350,"height":200,"srcset":"https:\/\/i0.wp.com\/kohenavocats.com\/wp-content\/uploads\/2024\/08\/vinh-PzXQ-ycHboI-unsplash.webp?resize=350%2C200&ssl=1 1x, https:\/\/i0.wp.com\/kohenavocats.com\/wp-content\/uploads\/2024\/08\/vinh-PzXQ-ycHboI-unsplash.webp?resize=525%2C300&ssl=1 1.5x, https:\/\/i0.wp.com\/kohenavocats.com\/wp-content\/uploads\/2024\/08\/vinh-PzXQ-ycHboI-unsplash.webp?resize=700%2C400&ssl=1 2x, https:\/\/i0.wp.com\/kohenavocats.com\/wp-content\/uploads\/2024\/08\/vinh-PzXQ-ycHboI-unsplash.webp?resize=1050%2C600&ssl=1 3x, https:\/\/i0.wp.com\/kohenavocats.com\/wp-content\/uploads\/2024\/08\/vinh-PzXQ-ycHboI-unsplash.webp?resize=1400%2C800&ssl=1 4x"},"classes":[]},{"id":633211,"url":"https:\/\/kohenavocats.com\/zh-hans\/tribunal-judiciaire-de-mulhouse-le-8-avril-2025-n25-00350\/","url_meta":{"origin":662302,"position":3},"title":"Tribunal judiciaire de Mulhouse, le 8 avril 2025, n\u00b025\/00350","author":"Kohen","date":"2026\u5e744\u670821\u65e5","format":false,"excerpt":"Le tribunal judiciaire de Mulhouse, statuant en r\u00e9\u2026","rel":"","context":"\u5728\u201cJurisprudence\u201d\u4e2d","block_context":{"text":"Jurisprudence","link":"https:\/\/kohenavocats.com\/category\/jurisprudence\/"},"img":{"alt_text":"","src":"https:\/\/i0.wp.com\/kohenavocats.com\/wp-content\/uploads\/2024\/08\/jungxon-uuHZylr_9GY-unsplash.webp?resize=350%2C200&ssl=1","width":350,"height":200,"srcset":"https:\/\/i0.wp.com\/kohenavocats.com\/wp-content\/uploads\/2024\/08\/jungxon-uuHZylr_9GY-unsplash.webp?resize=350%2C200&ssl=1 1x, https:\/\/i0.wp.com\/kohenavocats.com\/wp-content\/uploads\/2024\/08\/jungxon-uuHZylr_9GY-unsplash.webp?resize=525%2C300&ssl=1 1.5x, https:\/\/i0.wp.com\/kohenavocats.com\/wp-content\/uploads\/2024\/08\/jungxon-uuHZylr_9GY-unsplash.webp?resize=700%2C400&ssl=1 2x, https:\/\/i0.wp.com\/kohenavocats.com\/wp-content\/uploads\/2024\/08\/jungxon-uuHZylr_9GY-unsplash.webp?resize=1050%2C600&ssl=1 3x, https:\/\/i0.wp.com\/kohenavocats.com\/wp-content\/uploads\/2024\/08\/jungxon-uuHZylr_9GY-unsplash.webp?resize=1400%2C800&ssl=1 4x"},"classes":[]},{"id":482471,"url":"https:\/\/kohenavocats.com\/zh-hans\/tribunal-judiciaire-de-paris-le-16-mai-2025-n25-00727\/","url_meta":{"origin":662302,"position":4},"title":"Tribunal judiciaire de Paris, le 16 mai 2025, n\u00b025\/00727","author":"Kohen","date":"2026\u5e744\u67088\u65e5","format":false,"excerpt":"Le tribunal judiciaire de Paris, statuant en r\u00e9f\u00e9r\u2026","rel":"","context":"\u5728\u201cJurisprudence\u201d\u4e2d","block_context":{"text":"Jurisprudence","link":"https:\/\/kohenavocats.com\/category\/jurisprudence\/"},"img":{"alt_text":"","src":"https:\/\/i0.wp.com\/kohenavocats.com\/wp-content\/uploads\/2024\/06\/the-free-birds-9nGaQJjAAng-unsplash.webp?resize=350%2C200&ssl=1","width":350,"height":200,"srcset":"https:\/\/i0.wp.com\/kohenavocats.com\/wp-content\/uploads\/2024\/06\/the-free-birds-9nGaQJjAAng-unsplash.webp?resize=350%2C200&ssl=1 1x, https:\/\/i0.wp.com\/kohenavocats.com\/wp-content\/uploads\/2024\/06\/the-free-birds-9nGaQJjAAng-unsplash.webp?resize=525%2C300&ssl=1 1.5x, https:\/\/i0.wp.com\/kohenavocats.com\/wp-content\/uploads\/2024\/06\/the-free-birds-9nGaQJjAAng-unsplash.webp?resize=700%2C400&ssl=1 2x, https:\/\/i0.wp.com\/kohenavocats.com\/wp-content\/uploads\/2024\/06\/the-free-birds-9nGaQJjAAng-unsplash.webp?resize=1050%2C600&ssl=1 3x, https:\/\/i0.wp.com\/kohenavocats.com\/wp-content\/uploads\/2024\/06\/the-free-birds-9nGaQJjAAng-unsplash.webp?resize=1400%2C800&ssl=1 4x"},"classes":[]},{"id":625908,"url":"https:\/\/kohenavocats.com\/zh-hans\/tribunal-judiciaire-de-strasbourg-le-26-mars-2026-n25-00632\/","url_meta":{"origin":662302,"position":5},"title":"Tribunal judiciaire de Strasbourg, le 26 mars 2026, n\u00b025\/00632","author":"Kohen","date":"2026\u5e744\u670820\u65e5","format":false,"excerpt":"Le tribunal judiciaire de Strasbourg, statuant le \u2026","rel":"","context":"\u5728\u201cJurisprudence\u201d\u4e2d","block_context":{"text":"Jurisprudence","link":"https:\/\/kohenavocats.com\/category\/jurisprudence\/"},"img":{"alt_text":"","src":"https:\/\/i0.wp.com\/kohenavocats.com\/wp-content\/uploads\/2024\/11\/frank-van-hulst-0ICcSSgR3Fw-unsplash.webp?resize=350%2C200&ssl=1","width":350,"height":200,"srcset":"https:\/\/i0.wp.com\/kohenavocats.com\/wp-content\/uploads\/2024\/11\/frank-van-hulst-0ICcSSgR3Fw-unsplash.webp?resize=350%2C200&ssl=1 1x, https:\/\/i0.wp.com\/kohenavocats.com\/wp-content\/uploads\/2024\/11\/frank-van-hulst-0ICcSSgR3Fw-unsplash.webp?resize=525%2C300&ssl=1 1.5x, https:\/\/i0.wp.com\/kohenavocats.com\/wp-content\/uploads\/2024\/11\/frank-van-hulst-0ICcSSgR3Fw-unsplash.webp?resize=700%2C400&ssl=1 2x, https:\/\/i0.wp.com\/kohenavocats.com\/wp-content\/uploads\/2024\/11\/frank-van-hulst-0ICcSSgR3Fw-unsplash.webp?resize=1050%2C600&ssl=1 3x, https:\/\/i0.wp.com\/kohenavocats.com\/wp-content\/uploads\/2024\/11\/frank-van-hulst-0ICcSSgR3Fw-unsplash.webp?resize=1400%2C800&ssl=1 4x"},"classes":[]}],"jetpack_sharing_enabled":true,"_links":{"self":[{"href":"https:\/\/kohenavocats.com\/zh-hans\/wp-json\/wp\/v2\/posts\/662302","targetHints":{"allow":["GET"]}}],"collection":[{"href":"https:\/\/kohenavocats.com\/zh-hans\/wp-json\/wp\/v2\/posts"}],"about":[{"href":"https:\/\/kohenavocats.com\/zh-hans\/wp-json\/wp\/v2\/types\/post"}],"author":[{"embeddable":true,"href":"https:\/\/kohenavocats.com\/zh-hans\/wp-json\/wp\/v2\/users\/232070755"}],"replies":[{"embeddable":true,"href":"https:\/\/kohenavocats.com\/zh-hans\/wp-json\/wp\/v2\/comments?post=662302"}],"version-history":[{"count":0,"href":"https:\/\/kohenavocats.com\/zh-hans\/wp-json\/wp\/v2\/posts\/662302\/revisions"}],"wp:featuredmedia":[{"embeddable":true,"href":"https:\/\/kohenavocats.com\/zh-hans\/wp-json\/wp\/v2\/media\/4672"}],"wp:attachment":[{"href":"https:\/\/kohenavocats.com\/zh-hans\/wp-json\/wp\/v2\/media?parent=662302"}],"wp:term":[{"taxonomy":"category","embeddable":true,"href":"https:\/\/kohenavocats.com\/zh-hans\/wp-json\/wp\/v2\/categories?post=662302"},{"taxonomy":"post_tag","embeddable":true,"href":"https:\/\/kohenavocats.com\/zh-hans\/wp-json\/wp\/v2\/tags?post=662302"}],"curies":[{"name":"wp","href":"https:\/\/api.w.org\/{rel}","templated":true}]}}